{"id":353009,"date":"2026-08-15T07:00:00","date_gmt":"2026-08-15T05:00:00","guid":{"rendered":"https:\/\/legrandcontinent.eu\/fr\/?p=353009"},"modified":"2026-08-14T21:50:56","modified_gmt":"2026-08-14T19:50:56","slug":"combien-de-temps-leconomie-iranienne-pourra-t-elle-tenir","status":"publish","type":"post","link":"https:\/\/legrandcontinent.eu\/fr\/2026\/08\/15\/combien-de-temps-leconomie-iranienne-pourra-t-elle-tenir\/","title":{"rendered":"Combien de temps l&rsquo;\u00e9conomie iranienne pourra-t-elle tenir&#160;?"},"content":{"rendered":"\n<p>L\u2019\u00ab&#160;\u00e9conomie de r\u00e9sistance&#160;\u00bb est une doctrine qui date de 2014 en Iran. Ce n\u2019est toutefois qu\u2019en 2020, apr\u00e8s le retrait des \u00c9tats-Unis de l\u2019accord de Vienne sur le nucl\u00e9aire iranien (JCPOA) sous l&rsquo;administration Trump, que les dirigeants iraniens ont commenc\u00e9 \u00e0 mettre en \u0153uvre un programme de r\u00e9duction massive de la d\u00e9pendance du pays vis-\u00e0-vis de l\u2019\u00e9tranger, afin de renforcer sa r\u00e9silience face aux sanctions.<\/p>\n\n\n\n<p>La guerre et le blocus maritime am\u00e9ricain mettent actuellement cette strat\u00e9gie \u00e0 l&rsquo;\u00e9preuve.<\/p>\n\n\n\n<ul class=\"wp-block-list\">\n<li>Selon un rapport de la Foundation for Defense of Democracies, le blocus am\u00e9ricain sur les ports du pays co\u00fbterait 435 millions de dollars (soit environ 380 millions d\u2019euros) par jour \u00e0 l\u2019Iran en pertes d\u2019activit\u00e9 \u00e9conomique&nbsp;<span class='whitespace-nowrap'><span id='easy-footnote-1-353009' class='easy-footnote-margin-adjust'><\/span><span class='easy-footnote note-digits-1'><a href='https:\/\/legrandcontinent.eu\/fr\/2026\/08\/15\/combien-de-temps-leconomie-iranienne-pourra-t-elle-tenir\/#easy-footnote-bottom-1-353009' title='&lt;a href=&quot;https:\/\/www.fdd.org\/analysis\/2026\/04\/13\/u-s-blockading-ships-entering-or-exiting-iranian-ports-along-strait-of-hormuz\/&quot;&gt;U.S. Blockading Ships Entering or Exiting Iranian Ports Along Strait of Hormuz&lt;\/a&gt;, Foundation for Defense of Democracies, 13 avril 2026.'><sup>1<\/sup><\/a><\/span><\/span>.<\/li>\n\n\n\n<li>Les exportations de p\u00e9trole sont \u00e0 l\u2019arr\u00eat depuis le d\u00e9but du mois d\u2019ao\u00fbt, alors que les terminaux d\u2019exportation semblent \u00eatre largement inactifs. C\u2019est notamment le cas de l\u2019\u00eele de Kharg, le premier terminal du pays, o\u00f9 aucun super p\u00e9trolier n\u2019a \u00e9t\u00e9 visible sur les images satellites prises entre le 1er et le 9 ao\u00fbt&nbsp;<span class='whitespace-nowrap'><span id='easy-footnote-2-353009' class='easy-footnote-margin-adjust'><\/span><span class='easy-footnote note-digits-1'><a href='https:\/\/legrandcontinent.eu\/fr\/2026\/08\/15\/combien-de-temps-leconomie-iranienne-pourra-t-elle-tenir\/#easy-footnote-bottom-2-353009' title='Grant Smith et Julian Lee, \u00ab&amp;#160;&lt;a href=&quot;https:\/\/www.bloomberg.com\/news\/articles\/2026-08-12\/trump-reverts-to-economic-squeeze-of-entrenched-iranian-regime&quot;&gt;Iran\u2019s Oil Terminals Look Idle as US Keeps Up Naval Blockade&lt;\/a&gt;&amp;#160;\u00bb, &lt;em&gt;Bloomberg&lt;\/em&gt;, 10 ao\u00fbt 2026.'><sup>2<\/sup><\/a><\/span><\/span>.<\/li>\n\n\n\n<li>Les r\u00e9serves de p\u00e9trole iraniennes en mer sont tomb\u00e9es \u00e0 60 millions de barils, soit trois fois moins qu\u2019en avril.<\/li>\n<\/ul>\n\n\n\n<div class=\"iframe-container wp-block-image wp-block-image-medium  iframe-dw\">\n\t<div>\n\t\t<iframe class=\"absolute w-full h-full pin-t pin-l\" title=\"titolo\" aria-label=\"Interactive line chart\" src=\"\/\/datawrapper.dwcdn.net\/mbZaw\/\" scrolling=\"no\" frameborder=\"0\"><\/iframe>\n\t<\/div>\n<\/div>\n\n\n\n<p>Les d\u00e9cennies de sanctions subies par le r\u00e9gime iranien lui conf\u00e8rent une certaine r\u00e9silience.<\/p>\n\n\n\n<ul class=\"wp-block-list\">\n<li>Du c\u00f4t\u00e9 am\u00e9ricain, l\u2019administration r\u00e9publicaine semble ne disposer d&rsquo;aucune option viable en mati\u00e8re d&rsquo;escalade militaire, tant les stocks de munitions et d&rsquo;intercepteurs sont r\u00e9duits, et les troupes \u00e9prouvent d\u00e9j\u00e0 la fatigue apr\u00e8s plus de six mois de d\u00e9ploiement. Dans une lettre adress\u00e9e au Pentagone, le s\u00e9nateur d\u00e9mocrate Blumenthal demande par exemple des explications sur la mani\u00e8re dont la prise en charge des marins et des membres d\u2019\u00e9quipage \u00e0 bord de l\u2019USS Lincoln, d\u00e9ploy\u00e9 dans le d\u00e9troit depuis environ sept mois sans interruption, est assur\u00e9e. Ceci t\u00e9moigne de la pression qui pourrait s\u2019accentuer sur l\u2019administration.&nbsp;<\/li>\n\n\n\n<li>C&rsquo;est dans ce contexte que les d\u00e9clarations de Trump, ax\u00e9es d\u00e9sormais sur la pression \u00e9conomique peuvent \u00eatre comprises. Le 9 ao\u00fbt, le pr\u00e9sident am\u00e9ricain a d\u00e9clar\u00e9&#160;: \u00ab&#160;Nous ne menons que des n\u00e9gociations partielles avec eux. Nous nous contentons d\u2019observer l\u2019Iran avec son \u00e9norme inflation et le fait qu\u2019il n\u2019ait pas d\u2019argent.&#160;\u00bb<\/li>\n\n\n\n<li>Scott Bessent, le secr\u00e9taire au Tr\u00e9sor, a lui aussi menac\u00e9 l\u2019Iran d\u2019un \u00ab&#160;isolement \u00e9conomique comme le monde n\u2019en a jamais vu&#160;\u00bb.<\/li>\n\n\n\n<li>Du c\u00f4t\u00e9 iranien, le r\u00e9gime semble ne pas avoir encore tranch\u00e9 sa strat\u00e9gie&#160;: certaines voix sont favorables \u00e0 la conclusion d&rsquo;un accord avec les \u00c9tats-Unis, tandis que d\u2019autres comptent sur un affaiblissement de l\u2019administration lors des \u00e9lections de mi-mandat de novembre. C&rsquo;est dans ce contexte que Majid Shakeri, conseiller du pr\u00e9sident du Parlement iranien Mohammad Ghalibaf, a <a href=\"https:\/\/legrandcontinent.eu\/fr\/2026\/08\/10\/liran-affirme-quil-ne-negociera-pas-avec-les-etats-unis-tant-que-donald-trump-sera-president\/\">d\u00e9clar\u00e9<\/a>&#160;: \u00ab&#160;La voie vers la victoire n&rsquo;est ni le combat, ni un accord, mais la gestion d&rsquo;un processus qui n&rsquo;est ni la guerre, ni la paix, jusqu&rsquo;\u00e0 la victoire.&#160;\u00bb Confirmer publiquement des n\u00e9gociations avec les \u00c9tats-Unis rel\u00e8verait de la pure folie.&#160;\u00bb \u00ab&#160;L\u2019approche gagnante repose sur le d\u00e9ni, l\u2019ambigu\u00eft\u00e9 et la patience strat\u00e9gique.&#160;\u00bb<\/li>\n<\/ul>\n\n\n\n<p>Cette strat\u00e9gie pourrait toutefois \u00eatre mise \u00e0 l&rsquo;\u00e9preuve par un durcissement des sanctions \u00e9conomiques de la part des \u00c9tats-Unis. Dans ce cas, T\u00e9h\u00e9ran pourrait chercher \u00e0 sortir de l&rsquo;impasse actuelle par une escalade, soit directement, soit via les Houthis, ce qui restreindrait encore davantage les flux \u00e9nerg\u00e9tiques r\u00e9gionaux. Le 13 ao\u00fbt au soir, deux navires ont \u00e9t\u00e9 vis\u00e9s dans le d\u00e9troit, une op\u00e9ration que les \u00c9mirats arabes unis ont d\u00e9nonc\u00e9e comme une attaque de l\u2019Iran.&nbsp;&nbsp;<\/p>\n\n\n\n<ul class=\"wp-block-list\">\n<li>Le ralentissement des exportations de p\u00e9trole et de produits p\u00e9troliers prive T\u00e9h\u00e9ran de l&rsquo;un de ses principaux leviers de stimulation de la croissance. Pour s&rsquo;adapter, le r\u00e9gime iranien a limit\u00e9 l&rsquo;acc\u00e8s aux devises \u00e9trang\u00e8res, r\u00e9duit les investissements et rationn\u00e9 l&rsquo;acc\u00e8s \u00e0 certains biens&nbsp;<span class='whitespace-nowrap'><span id='easy-footnote-3-353009' class='easy-footnote-margin-adjust'><\/span><span class='easy-footnote note-digits-1'><a href='https:\/\/legrandcontinent.eu\/fr\/2026\/08\/15\/combien-de-temps-leconomie-iranienne-pourra-t-elle-tenir\/#easy-footnote-bottom-3-353009' title='Georgi Kantchev, Henna Moussavi et Summer Said, \u00ab&amp;#160;&lt;a href=&quot;https:\/\/www.wsj.com\/world\/middle-east\/iran-is-defying-u-s-pressure-by-becoming-a-survival-economy-5e8edf9f&quot;&gt;Iran Is Defying U.S. Pressure by Becoming a \u2018Survival Economy\u2019&lt;\/a&gt;&amp;#160;\u00bb, &lt;em&gt;The Wall Street Journal&lt;\/em&gt;, 11 ao\u00fbt 2026.'><sup>3<\/sup><\/a><\/span><\/span>.<\/li>\n\n\n\n<li>L\u2019inflation annuelle est sup\u00e9rieure \u00e0 80&#160;% depuis trois mois \u2013 avec des pics \u00e0 260&#160;% pour les huiles et les graisses, 147&#160;% pour le lait et le fromage et 117&#160;% pour le pain et les c\u00e9r\u00e9ales \u2013, et le rial iranien continue de perdre de la valeur par rapport au dollar.<\/li>\n<\/ul>\n\n\n\n<div class=\"iframe-container wp-block-image wp-block-image-medium  iframe-dw\">\n\t<div>\n\t\t<iframe class=\"absolute w-full h-full pin-t pin-l\" title=\"titolo\" aria-label=\"Interactive line chart\" src=\"\/\/datawrapper.dwcdn.net\/17odR\/\" scrolling=\"no\" frameborder=\"0\"><\/iframe>\n\t<\/div>\n<\/div>\n\n\n\n<ul class=\"wp-block-list\">\n<li>Si les statistiques officielles du ch\u00f4mage restent stables, autour de 7&#160;%, certains des emplois toujours occup\u00e9s pourraient avoir perdu une part importante de leur valeur ajout\u00e9e depuis le d\u00e9but de la guerre&nbsp;<span class='whitespace-nowrap'><span id='easy-footnote-4-353009' class='easy-footnote-margin-adjust'><\/span><span class='easy-footnote note-digits-1'><a href='https:\/\/legrandcontinent.eu\/fr\/2026\/08\/15\/combien-de-temps-leconomie-iranienne-pourra-t-elle-tenir\/#easy-footnote-bottom-4-353009' title='\u00ab&amp;#160;&lt;a href=&quot;https:\/\/www.iranintl.com\/en\/202608084871&quot;&gt;Iran\u2019s 7&amp;#160;% unemployment rate masks deeper jobs crisis, experts say&lt;\/a&gt;&amp;#160;\u00bb, &lt;em&gt;Iran International&lt;\/em&gt;, 8 ao\u00fbt 2026.'><sup>4<\/sup><\/a><\/span><\/span>.<\/li>\n<\/ul>\n","protected":false},"excerpt":{"rendered":"<p>Le blocus maritime impos\u00e9 par Washington co\u00fbterait pr\u00e8s de 380 millions d\u2019euros par jour \u00e0 T\u00e9h\u00e9ran.<\/p>\n","protected":false},"author":40,"featured_media":353013,"comment_status":"closed","ping_status":"closed","sticky":false,"template":"templates\/post-briefings.php","format":"standard","meta":{"_acf_changed":true,"_trash_the_other_posts":false,"_yoast_wpseo_estimated-reading-time-minutes":5,"_lgc_tts_voice":"","_lgc_tts_publish":false,"_lgc_tts_history_item_id":"","_lgc_tts_generated_at":"","_lgc_tts_status":"","_lgc_tts_error":"","footnotes":""},"categories":[1732],"tags":[],"staff":[],"editorial_format":[4942],"serie":[],"audience":[],"geo":[530],"class_list":["post-353009","post","type-post","status-publish","format-standard","hentry","category-guerre","editorial_format-actu-breves","geo-asie-intermediaire"],"acf":{"open_in_webview":false,"accent":"default","_thumbnail_id":353013,"excerpt":"Le blocus maritime impos\u00e9 par Washington co\u00fbterait pr\u00e8s de 380 millions d\u2019euros par jour \u00e0 T\u00e9h\u00e9ran.","display_date":"","new_abstract":true},"yoast_head":"<!-- This site is optimized with the Yoast SEO plugin v26.1.1 - https:\/\/yoast.com\/wordpress\/plugins\/seo\/ -->\n<title>Combien de temps l&#039;\u00e9conomie iranienne peut-elle tenir ?<\/title>\n<meta name=\"robots\" content=\"index, follow, max-snippet:-1, max-image-preview:large, max-video-preview:-1\" \/>\n<link rel=\"canonical\" href=\"https:\/\/legrandcontinent.eu\/fr\/2026\/08\/15\/combien-de-temps-leconomie-iranienne-pourra-t-elle-tenir\/\" \/>\n<meta property=\"og:locale\" content=\"fr_FR\" \/>\n<meta property=\"og:type\" content=\"article\" \/>\n<meta property=\"og:title\" content=\"Combien de temps l&#039;\u00e9conomie iranienne peut-elle tenir ?\" \/>\n<meta property=\"og:description\" content=\"Le blocus maritime impos\u00e9 par Washington co\u00fbterait pr\u00e8s de 380 millions d\u2019euros par jour \u00e0 T\u00e9h\u00e9ran.\" \/>\n<meta property=\"og:url\" content=\"https:\/\/legrandcontinent.eu\/fr\/2026\/08\/15\/combien-de-temps-leconomie-iranienne-pourra-t-elle-tenir\/\" \/>\n<meta property=\"og:site_name\" content=\"Le Grand Continent\" \/>\n<meta property=\"article:published_time\" content=\"2026-08-15T05:00:00+00:00\" \/>\n<meta property=\"og:image\" content=\"https:\/\/legrandcontinent.eu\/fr\/wp-content\/uploads\/sites\/2\/2026\/08\/Sans-titre-35.jpg\" \/>\n\t<meta property=\"og:image:width\" content=\"1970\" \/>\n\t<meta property=\"og:image:height\" content=\"1110\" \/>\n\t<meta property=\"og:image:type\" content=\"image\/jpeg\" \/>\n<meta name=\"author\" content=\"Ramona Bloj\" \/>\n<meta name=\"twitter:card\" content=\"summary_large_image\" \/>\n<meta name=\"twitter:image\" content=\"https:\/\/legrandcontinent.eu\/fr\/wp-content\/uploads\/sites\/2\/2026\/08\/Sans-titre-35.jpg\" \/>\n<meta name=\"twitter:label1\" content=\"\u00c9crit par\" \/>\n\t<meta name=\"twitter:data1\" content=\"Ramona Bloj\" \/>\n\t<meta name=\"twitter:label2\" content=\"Dur\u00e9e de lecture estim\u00e9e\" \/>\n\t<meta name=\"twitter:data2\" content=\"5 minutes\" \/>\n<script type=\"application\/ld+json\" class=\"yoast-schema-graph\">{\"@context\":\"https:\/\/schema.org\",\"@graph\":[{\"@type\":\"WebPage\",\"@id\":\"https:\/\/legrandcontinent.eu\/fr\/2026\/08\/15\/combien-de-temps-leconomie-iranienne-pourra-t-elle-tenir\/\",\"url\":\"https:\/\/legrandcontinent.eu\/fr\/2026\/08\/15\/combien-de-temps-leconomie-iranienne-pourra-t-elle-tenir\/\",\"name\":\"Combien de temps l'\u00e9conomie iranienne peut-elle tenir ?\",\"isPartOf\":{\"@id\":\"https:\/\/legrandcontinent.eu\/fr\/#website\"},\"primaryImageOfPage\":{\"@id\":\"https:\/\/legrandcontinent.eu\/fr\/2026\/08\/15\/combien-de-temps-leconomie-iranienne-pourra-t-elle-tenir\/#primaryimage\"},\"image\":{\"@id\":\"https:\/\/legrandcontinent.eu\/fr\/2026\/08\/15\/combien-de-temps-leconomie-iranienne-pourra-t-elle-tenir\/#primaryimage\"},\"thumbnailUrl\":\"https:\/\/legrandcontinent.eu\/fr\/wp-content\/uploads\/sites\/2\/2026\/08\/Sans-titre-36.jpg\",\"datePublished\":\"2026-08-15T05:00:00+00:00\",\"author\":{\"@id\":\"https:\/\/legrandcontinent.eu\/fr\/#\/schema\/person\/bee86896b403754f76b6b1515ff0b697\"},\"breadcrumb\":{\"@id\":\"https:\/\/legrandcontinent.eu\/fr\/2026\/08\/15\/combien-de-temps-leconomie-iranienne-pourra-t-elle-tenir\/#breadcrumb\"},\"inLanguage\":\"fr-FR\",\"potentialAction\":[{\"@type\":\"ReadAction\",\"target\":[\"https:\/\/legrandcontinent.eu\/fr\/2026\/08\/15\/combien-de-temps-leconomie-iranienne-pourra-t-elle-tenir\/\"]}]},{\"@type\":\"ImageObject\",\"inLanguage\":\"fr-FR\",\"@id\":\"https:\/\/legrandcontinent.eu\/fr\/2026\/08\/15\/combien-de-temps-leconomie-iranienne-pourra-t-elle-tenir\/#primaryimage\",\"url\":\"https:\/\/legrandcontinent.eu\/fr\/wp-content\/uploads\/sites\/2\/2026\/08\/Sans-titre-36.jpg\",\"contentUrl\":\"https:\/\/legrandcontinent.eu\/fr\/wp-content\/uploads\/sites\/2\/2026\/08\/Sans-titre-36.jpg\",\"width\":1964,\"height\":1102},{\"@type\":\"BreadcrumbList\",\"@id\":\"https:\/\/legrandcontinent.eu\/fr\/2026\/08\/15\/combien-de-temps-leconomie-iranienne-pourra-t-elle-tenir\/#breadcrumb\",\"itemListElement\":[{\"@type\":\"ListItem\",\"position\":1,\"name\":\"Accueil\",\"item\":\"https:\/\/legrandcontinent.eu\/fr\/\"},{\"@type\":\"ListItem\",\"position\":2,\"name\":\"Combien de temps l&rsquo;\u00e9conomie iranienne pourra-t-elle tenir&#160;?\"}]},{\"@type\":\"WebSite\",\"@id\":\"https:\/\/legrandcontinent.eu\/fr\/#website\",\"url\":\"https:\/\/legrandcontinent.eu\/fr\/\",\"name\":\"Le Grand Continent\",\"description\":\"L&#039;\u00e9chelle pertinente\",\"potentialAction\":[{\"@type\":\"SearchAction\",\"target\":{\"@type\":\"EntryPoint\",\"urlTemplate\":\"https:\/\/legrandcontinent.eu\/fr\/?s={search_term_string}\"},\"query-input\":{\"@type\":\"PropertyValueSpecification\",\"valueRequired\":true,\"valueName\":\"search_term_string\"}}],\"inLanguage\":\"fr-FR\"},{\"@type\":\"Person\",\"@id\":\"https:\/\/legrandcontinent.eu\/fr\/#\/schema\/person\/bee86896b403754f76b6b1515ff0b697\",\"name\":\"Ramona Bloj\",\"image\":{\"@type\":\"ImageObject\",\"inLanguage\":\"fr-FR\",\"@id\":\"https:\/\/legrandcontinent.eu\/fr\/#\/schema\/person\/image\/\",\"url\":\"https:\/\/secure.gravatar.com\/avatar\/c1d91adb7c4c1eed266b81c0f9915707?s=96&d=mm&r=g\",\"contentUrl\":\"https:\/\/secure.gravatar.com\/avatar\/c1d91adb7c4c1eed266b81c0f9915707?s=96&d=mm&r=g\",\"caption\":\"Ramona Bloj\"}}]}<\/script>\n<!-- \/ Yoast SEO plugin. -->","yoast_head_json":{"title":"Combien de temps l'\u00e9conomie iranienne peut-elle tenir ?","robots":{"index":"index","follow":"follow","max-snippet":"max-snippet:-1","max-image-preview":"max-image-preview:large","max-video-preview":"max-video-preview:-1"},"canonical":"https:\/\/legrandcontinent.eu\/fr\/2026\/08\/15\/combien-de-temps-leconomie-iranienne-pourra-t-elle-tenir\/","og_locale":"fr_FR","og_type":"article","og_title":"Combien de temps l'\u00e9conomie iranienne peut-elle tenir ?","og_description":"Le blocus maritime impos\u00e9 par Washington co\u00fbterait pr\u00e8s de 380 millions d\u2019euros par jour \u00e0 T\u00e9h\u00e9ran.","og_url":"https:\/\/legrandcontinent.eu\/fr\/2026\/08\/15\/combien-de-temps-leconomie-iranienne-pourra-t-elle-tenir\/","og_site_name":"Le Grand Continent","article_published_time":"2026-08-15T05:00:00+00:00","og_image":[{"width":1970,"height":1110,"url":"https:\/\/legrandcontinent.eu\/fr\/wp-content\/uploads\/sites\/2\/2026\/08\/Sans-titre-35.jpg","type":"image\/jpeg"}],"author":"Ramona Bloj","twitter_card":"summary_large_image","twitter_image":"https:\/\/legrandcontinent.eu\/fr\/wp-content\/uploads\/sites\/2\/2026\/08\/Sans-titre-35.jpg","twitter_misc":{"\u00c9crit par":"Ramona Bloj","Dur\u00e9e de lecture estim\u00e9e":"5 minutes"},"schema":{"@context":"https:\/\/schema.org","@graph":[{"@type":"WebPage","@id":"https:\/\/legrandcontinent.eu\/fr\/2026\/08\/15\/combien-de-temps-leconomie-iranienne-pourra-t-elle-tenir\/","url":"https:\/\/legrandcontinent.eu\/fr\/2026\/08\/15\/combien-de-temps-leconomie-iranienne-pourra-t-elle-tenir\/","name":"Combien de temps l'\u00e9conomie iranienne peut-elle tenir ?","isPartOf":{"@id":"https:\/\/legrandcontinent.eu\/fr\/#website"},"primaryImageOfPage":{"@id":"https:\/\/legrandcontinent.eu\/fr\/2026\/08\/15\/combien-de-temps-leconomie-iranienne-pourra-t-elle-tenir\/#primaryimage"},"image":{"@id":"https:\/\/legrandcontinent.eu\/fr\/2026\/08\/15\/combien-de-temps-leconomie-iranienne-pourra-t-elle-tenir\/#primaryimage"},"thumbnailUrl":"https:\/\/legrandcontinent.eu\/fr\/wp-content\/uploads\/sites\/2\/2026\/08\/Sans-titre-36.jpg","datePublished":"2026-08-15T05:00:00+00:00","author":{"@id":"https:\/\/legrandcontinent.eu\/fr\/#\/schema\/person\/bee86896b403754f76b6b1515ff0b697"},"breadcrumb":{"@id":"https:\/\/legrandcontinent.eu\/fr\/2026\/08\/15\/combien-de-temps-leconomie-iranienne-pourra-t-elle-tenir\/#breadcrumb"},"inLanguage":"fr-FR","potentialAction":[{"@type":"ReadAction","target":["https:\/\/legrandcontinent.eu\/fr\/2026\/08\/15\/combien-de-temps-leconomie-iranienne-pourra-t-elle-tenir\/"]}]},{"@type":"ImageObject","inLanguage":"fr-FR","@id":"https:\/\/legrandcontinent.eu\/fr\/2026\/08\/15\/combien-de-temps-leconomie-iranienne-pourra-t-elle-tenir\/#primaryimage","url":"https:\/\/legrandcontinent.eu\/fr\/wp-content\/uploads\/sites\/2\/2026\/08\/Sans-titre-36.jpg","contentUrl":"https:\/\/legrandcontinent.eu\/fr\/wp-content\/uploads\/sites\/2\/2026\/08\/Sans-titre-36.jpg","width":1964,"height":1102},{"@type":"BreadcrumbList","@id":"https:\/\/legrandcontinent.eu\/fr\/2026\/08\/15\/combien-de-temps-leconomie-iranienne-pourra-t-elle-tenir\/#breadcrumb","itemListElement":[{"@type":"ListItem","position":1,"name":"Accueil","item":"https:\/\/legrandcontinent.eu\/fr\/"},{"@type":"ListItem","position":2,"name":"Combien de temps l&rsquo;\u00e9conomie iranienne pourra-t-elle tenir&#160;?"}]},{"@type":"WebSite","@id":"https:\/\/legrandcontinent.eu\/fr\/#website","url":"https:\/\/legrandcontinent.eu\/fr\/","name":"Le Grand Continent","description":"L&#039;\u00e9chelle pertinente","potentialAction":[{"@type":"SearchAction","target":{"@type":"EntryPoint","urlTemplate":"https:\/\/legrandcontinent.eu\/fr\/?s={search_term_string}"},"query-input":{"@type":"PropertyValueSpecification","valueRequired":true,"valueName":"search_term_string"}}],"inLanguage":"fr-FR"},{"@type":"Person","@id":"https:\/\/legrandcontinent.eu\/fr\/#\/schema\/person\/bee86896b403754f76b6b1515ff0b697","name":"Ramona Bloj","image":{"@type":"ImageObject","inLanguage":"fr-FR","@id":"https:\/\/legrandcontinent.eu\/fr\/#\/schema\/person\/image\/","url":"https:\/\/secure.gravatar.com\/avatar\/c1d91adb7c4c1eed266b81c0f9915707?s=96&d=mm&r=g","contentUrl":"https:\/\/secure.gravatar.com\/avatar\/c1d91adb7c4c1eed266b81c0f9915707?s=96&d=mm&r=g","caption":"Ramona Bloj"}}]}},"lgc_categories":[{"id":1732,"name":"Guerre","slug":"guerre"}],"lgc_author":null,"feature_image_summary":{"url":"https:\/\/legrandcontinent.eu\/fr\/wp-content\/uploads\/sites\/2\/2026\/08\/Sans-titre-36.jpg","width":1964,"height":1102,"alt":""},"feature_image_cover":null,"term_position_data":null,"_links":{"self":[{"href":"https:\/\/legrandcontinent.eu\/fr\/wp-json\/wp\/v2\/posts\/353009","targetHints":{"allow":["GET"]}}],"collection":[{"href":"https:\/\/legrandcontinent.eu\/fr\/wp-json\/wp\/v2\/posts"}],"about":[{"href":"https:\/\/legrandcontinent.eu\/fr\/wp-json\/wp\/v2\/types\/post"}],"author":[{"embeddable":true,"href":"https:\/\/legrandcontinent.eu\/fr\/wp-json\/wp\/v2\/users\/40"}],"replies":[{"embeddable":true,"href":"https:\/\/legrandcontinent.eu\/fr\/wp-json\/wp\/v2\/comments?post=353009"}],"version-history":[{"count":30,"href":"https:\/\/legrandcontinent.eu\/fr\/wp-json\/wp\/v2\/posts\/353009\/revisions"}],"predecessor-version":[{"id":353130,"href":"https:\/\/legrandcontinent.eu\/fr\/wp-json\/wp\/v2\/posts\/353009\/revisions\/353130"}],"wp:featuredmedia":[{"embeddable":true,"href":"https:\/\/legrandcontinent.eu\/fr\/wp-json\/wp\/v2\/media\/353013"}],"wp:attachment":[{"href":"https:\/\/legrandcontinent.eu\/fr\/wp-json\/wp\/v2\/media?parent=353009"}],"wp:term":[{"taxonomy":"category","embeddable":true,"href":"https:\/\/legrandcontinent.eu\/fr\/wp-json\/wp\/v2\/categories?post=353009"},{"taxonomy":"post_tag","embeddable":true,"href":"https:\/\/legrandcontinent.eu\/fr\/wp-json\/wp\/v2\/tags?post=353009"},{"taxonomy":"staff","embeddable":true,"href":"https:\/\/legrandcontinent.eu\/fr\/wp-json\/wp\/v2\/staff?post=353009"},{"taxonomy":"editorial_format","embeddable":true,"href":"https:\/\/legrandcontinent.eu\/fr\/wp-json\/wp\/v2\/editorial_format?post=353009"},{"taxonomy":"serie","embeddable":true,"href":"https:\/\/legrandcontinent.eu\/fr\/wp-json\/wp\/v2\/serie?post=353009"},{"taxonomy":"audience","embeddable":true,"href":"https:\/\/legrandcontinent.eu\/fr\/wp-json\/wp\/v2\/audience?post=353009"},{"taxonomy":"geo","embeddable":true,"href":"https:\/\/legrandcontinent.eu\/fr\/wp-json\/wp\/v2\/geo?post=353009"}],"curies":[{"name":"wp","href":"https:\/\/api.w.org\/{rel}","templated":true}]}}