{"id":352576,"date":"2026-08-13T09:27:08","date_gmt":"2026-08-13T07:27:08","guid":{"rendered":"https:\/\/legrandcontinent.eu\/fr\/?p=352576"},"modified":"2026-08-13T14:27:05","modified_gmt":"2026-08-13T12:27:05","slug":"pourquoi-nous-navons-pas-encore-bien-compris-lai-act","status":"publish","type":"post","link":"https:\/\/legrandcontinent.eu\/fr\/2026\/08\/13\/pourquoi-nous-navons-pas-encore-bien-compris-lai-act\/","title":{"rendered":"Pourquoi nous n\u2019avons pas encore bien compris l\u2019AI Act"},"content":{"rendered":"\n<p class=\"non-subscribers-only\"><em>Tout l\u2019\u00e9t\u00e9,&nbsp;<\/em>le Grand Continent<em>&nbsp;restera en mouvement. Chaque jour, nous vous apporterons o\u00f9 que vous soyez des id\u00e9es que vous ne trouverez nulle part ailleurs (mais qui seront partout \u00e0 la rentr\u00e9e), des textes introuvables ou rafra\u00eechissants avec nos&nbsp;<a href=\"https:\/\/legrandcontinent.eu\/fr\/dimanches\/\" target=\"_blank\" rel=\"noreferrer noopener\">Dimanches<\/a>. Pour les recevoir directement dans votre bo\u00eete mail et soutenir cet \u00e9lan,&nbsp;<a href=\"https:\/\/legrandcontinent.eu\/fr\/offre-abonnement\/\" target=\"_blank\" rel=\"noreferrer noopener\">pensez \u00e0 vous abonner \u00e0 la revue<\/a><\/em><\/p>\n\n\n\n<p class=\"has-drop-cap\">L\u2019IA Act n\u2019est ni une folie bruxelloise ni une intuition heureuse&nbsp;<span class='whitespace-nowrap'><span id='easy-footnote-1-352576' class='easy-footnote-margin-adjust'><\/span><span class='easy-footnote note-digits-1'><a href='https:\/\/legrandcontinent.eu\/fr\/2026\/08\/13\/pourquoi-nous-navons-pas-encore-bien-compris-lai-act\/#easy-footnote-bottom-1-352576' title='Conform\u00e9ment \u00e0 l\u2019article 50 de l\u2019AI Act, entr\u00e9 en vigueur le 2 ao\u00fbt 2026, cet article est sign\u00e9 par son auteur et publi\u00e9 sous la supervision \u00e9ditoriale du directeur de la revue, qui en assument ensemble la pleine responsabilit\u00e9 intellectuelle, quels que soient les outils ayant contribu\u00e9 \u00e0 sa pr\u00e9paration.'><sup>1<\/sup><\/a><\/span><\/span>. Il s&rsquo;inscrit dans le long r\u00e9cit de la r\u00e9volution de l\u2019information, qui court depuis 1945. L\u2019intelligence artificielle n&rsquo;est pas une rupture, mais le quatri\u00e8me pilier attendu, pr\u00e9par\u00e9 et anticip\u00e9 de cette transformation radicale.&nbsp;<\/p>\n\n\n\n<h2 class=\"wp-block-heading\">Une \u00e9volution, pas une r\u00e9volution&nbsp;<\/h2>\n\n\n\n<p>Le premier pilier, c\u2019est l\u2019ordinateur&#160;: l\u2019ENIAC, achev\u00e9 en 1945 pour calculer les tables de tir d\u2019artillerie de l\u2019arm\u00e9e am\u00e9ricaine et dont le premier grand travail fut pr\u00e9cis\u00e9ment l\u2019\u00e9tude de faisabilit\u00e9 de l\u2019arme thermonucl\u00e9aire, puis les grands calculateurs qui l\u2019ont suivi. Le deuxi\u00e8me, autour de 1970, c\u2019est le mini-ordinateur qui sort l\u2019informatique du centre de calcul pour la diffuser dans l\u2019entreprise, le laboratoire et l\u2019universit\u00e9. Le troisi\u00e8me, autour de 1995, c\u2019est le PC connect\u00e9, Internet, le Web et surtout, en cons\u00e9quence, l\u2019accumulation, pendant vingt-cinq ans, du premier patrimoine informationnel mondial de l\u2019humanit\u00e9&#160;: nos donn\u00e9es personnelles, celles de nos entreprises, de nos administrations et de la connaissance scientifique. Le quatri\u00e8me pilier, dont l\u2019IA g\u00e9n\u00e9rative marque, depuis 2022, l\u2019entr\u00e9e op\u00e9rationnelle, c\u2019est l\u2019exploitation \u00e0 grande \u00e9chelle de ce patrimoine&#160;: aller chercher dans ces donn\u00e9es accumul\u00e9es les motifs, le savoir, les r\u00e9gularit\u00e9s qui permettent d\u2019anticiper les solutions aux probl\u00e8mes pr\u00e9sents et futurs.<\/p>\n\n\n\n\n<div class=\"double-picture my-12 lg:my-20\" \n    data-images-sizes=\"half\"\n    data-same-height=\"true\"\n    data-reference-image=\"left\"\n>    <!-- Images -->\n    <div class=\"lg:flex\">\n        <div class=\"relative lg:pr-2 mb-7 lg:mb-0 lg:w-1\/2\">\n                            <a \n                    href=\"#\"\n                    data-pswp-src=\"https:\/\/legrandcontinent.eu\/fr\/wp-content\/uploads\/sites\/2\/2026\/08\/RenaissanceDreams__00005-copy-1601x2400-1.jpg\" \n                    class=\"gallery-item no-underline  \" \n                    data-pswp-width=\"1601\" \n                    data-pswp-height=\"2400\"\n                >\n                    <figure class=\"wp-block-image h-full -mx-2 lg:mx-0 !my-0\">\n                        <picture class=\"block h-full\">\n                            <img decoding=\"async\" src=\"https:\/\/legrandcontinent.eu\/fr\/wp-content\/uploads\/sites\/2\/2026\/08\/RenaissanceDreams__00005-copy-1601x2400-1.jpg\" alt=\"Dans cette \u0153uvre de Refik Anadol, une IA entra\u00een\u00e9e sur le patrimoine visuel de la Renaissance en fait \u00e9merger des formes in\u00e9dites dans l\u2019un des chef-d'\u0153uvres de l'architecture civile florentine. Photo : Renaissance Dreams \u2014 Palazzo Strozzi, Refik Anadol Studio\" >\n                        <\/picture>\n                        <figcaption class=\"lg:hidden pswp-caption-content\">Dans cette \u0153uvre de Refik Anadol, une IA entra\u00een\u00e9e sur le patrimoine visuel de la Renaissance en fait \u00e9merger des formes in\u00e9dites dans l\u2019un des chef-d&rsquo;\u0153uvres de l&rsquo;architecture civile florentine. Photo&#160;: Renaissance Dreams \u2014 Palazzo Strozzi, Refik Anadol Studio<\/figcaption>                    <\/figure>\n                <\/a>\n                    \n        <\/div>\n        <div class=\"relative lg:pl-2 lg:w-1\/2\">\n                            <a\n                    href=\"#\"\n                    data-pswp-src=\"https:\/\/legrandcontinent.eu\/fr\/wp-content\/uploads\/sites\/2\/2026\/08\/RenaissanceDreams__00004-copy-1601x2400-1.jpg\" \n                    class=\"gallery-item no-underline  lg:!absolute lg:h-full lg:right-0 lg:left-2 overflow-hidden\" \n                    data-pswp-width=\"1601\" \n                    data-pswp-height=\"2400\"\n                >\n                    <figure class=\"wp-block-image h-full -mx-2 lg:mx-0 !my-0\">\n                        <picture class=\"block h-full\">\n                            <img decoding=\"async\" src=\"https:\/\/legrandcontinent.eu\/fr\/wp-content\/uploads\/sites\/2\/2026\/08\/RenaissanceDreams__00004-copy-1601x2400-1.jpg\" alt=\"\u00abCette cr\u00e9ation, qui consiste \u00e0 trouver de nouvelles formes dans les donn\u00e9es accumul\u00e9es, est ce que l'IA Act veut voir \u00e9clore, et surtout pas emp\u00eacher, car il s'agit d'encadrer la machine pour lib\u00e9rer l'humain.\u00bb Photo : Renaissance Dreams \u2014 Palazzo Strozzi, Refik Anadol Studio\" class=\"lg:!h-full object-cover\">\n                        <\/picture>\n                        <figcaption class=\"lg:hidden pswp-caption-content\">\u00ab&#160;Cette cr\u00e9ation, qui consiste \u00e0 trouver de nouvelles formes dans les donn\u00e9es accumul\u00e9es, est ce que l&rsquo;IA Act veut voir \u00e9clore, et surtout pas emp\u00eacher, car il s&rsquo;agit d&rsquo;encadrer la machine pour lib\u00e9rer l&rsquo;humain.&#160;\u00bb Photo&#160;: Renaissance Dreams \u2014 Palazzo Strozzi, Refik Anadol Studio<\/figcaption>                    <\/figure>\n                <\/a>\n                    <\/div>\n    <\/div>\n    <!-- Captions -->\n    <div class=\"hidden lg:flex\">\n        <div class=\"relative lg:pr-2 mb-7 lg:mb-0 lg:w-1\/2\">\n                            <figure class=\"wp-block-image -mx-2 lg:mx-0 !my-0\">\n                    <figcaption>Dans cette \u0153uvre de Refik Anadol, une IA entra\u00een\u00e9e sur le patrimoine visuel de la Renaissance en fait \u00e9merger des formes in\u00e9dites dans l\u2019un des chef-d&rsquo;\u0153uvres de l&rsquo;architecture civile florentine. Photo&#160;: Renaissance Dreams \u2014 Palazzo Strozzi, Refik Anadol Studio<\/figcaption>                <\/figure>\n                    \n        <\/div>\n        <div class=\"relative lg:pl-2 lg:w-1\/2\">\n                            <figure class=\"wp-block-image -mx-2 lg:mx-0 !my-0\">   \n                    <figcaption>\u00ab&#160;Cette cr\u00e9ation, qui consiste \u00e0 trouver de nouvelles formes dans les donn\u00e9es accumul\u00e9es, est ce que l&rsquo;IA Act veut voir \u00e9clore, et surtout pas emp\u00eacher, car il s&rsquo;agit d&rsquo;encadrer la machine pour lib\u00e9rer l&rsquo;humain.&#160;\u00bb Photo&#160;: Renaissance Dreams \u2014 Palazzo Strozzi, Refik Anadol Studio<\/figcaption>                <\/figure>\n                    <\/div>\n    <\/div>\n<\/div>\n\n\n\n<p>Ce quatri\u00e8me pilier pourrait bien \u00eatre le dernier de la r\u00e9volution de l\u2019information. Il n\u2019est en aucun cas une surprise, il s\u2019agit de la cons\u00e9quence m\u00e9canique des trois pr\u00e9c\u00e9dents. C\u2019est dans cet esprit, celui d\u2019une \u00e9volution attendue et non d\u2019une r\u00e9volution impr\u00e9visible, que l\u2019AI Act a \u00e9t\u00e9 con\u00e7u. Il repose sur une architecture pyramidale claire&#160;: on interdit ce qui est manifestement contraire \u00e0 la dignit\u00e9 humaine (notation sociale, manipulation subliminale, reconnaissance des \u00e9motions \u00e0 l\u2019\u00e9cole ou au travail)&#160;; on encadre \u00e9troitement ce qui touche aux libert\u00e9s fondamentales (biom\u00e9trie, \u00e9ducation, emploi, justice, services essentiels)&#160;; on impose la transparence l\u00e0 o\u00f9 l\u2019illusion menace la v\u00e9rit\u00e9 publique (chatbots, deepfakes, contenus synth\u00e9tiques)&#160;; et on laisse libre le reste, c\u2019est-\u00e0-dire l\u2019immense majorit\u00e9 des usages.<\/p>\n\n\n\n<h2 class=\"wp-block-heading\">Quatre ans de gestation<\/h2>\n\n\n\n<p>Le travail pr\u00e9paratoire a dur\u00e9 quatre ans, de 2020 \u00e0 2024. Le trilogue final s&rsquo;est achev\u00e9 en trente-six heures \u00e0 Bruxelles, dans la nuit du 8 au 9 d\u00e9cembre 2023. Ces trente-six heures ont couronn\u00e9 un travail d\u2019anticipation d\u2019une densit\u00e9 rare&#160;: centaines d\u2019auditions, des dizaines de chercheurs mobilis\u00e9s, des dialogues techniques avec les fournisseurs de mod\u00e8les, des \u00e9changes avec les gouvernements int\u00e9ress\u00e9s, les autorit\u00e9s sectorielles, les industriels, le monde acad\u00e9mique, les cr\u00e9ateurs, les syndicats et les ONG.<\/p>\n\n\n\n<p>Adopt\u00e9 par le Parlement europ\u00e9en le 13 mars 2024 par 523 voix pour, 46 contre et 49 abstentions, soit pr\u00e8s de 85&#160;% des suffrages exprim\u00e9s, toutes familles politiques confondues, de la droite \u00e0 la gauche en passant par les lib\u00e9raux, les Verts, et jusqu\u2019aux dix-sept d\u00e9put\u00e9s du Rassemblement national, seuls les d\u00e9put\u00e9s de La France insoumise ayant vot\u00e9 contre. Il fait l\u2019unanimit\u00e9 des vingt-sept \u00c9tats membres au Conseil le 21 mai 2024. Aucun texte de r\u00e9gulation technologique n\u2019a jamais r\u00e9uni, dans aucune d\u00e9mocratie au monde, un consensus si large de ses co-legislateurs.<\/p>\n\n\n\n\n\n<figure class=\"wp-block-image wp-block-image-large\"\n    data-shadow=\"false\"\n    data-use-original-file=\"false\">\n    <a\n        data-pswp-src=\"https:\/\/legrandcontinent.eu\/fr\/wp-content\/uploads\/sites\/2\/2026\/08\/RenaissanceDreams__00003-copy-1601x2400-1.jpg\"\n        class=\"inline-block gallery-item no-underline \"\n        data-pswp-width=\"1601\"\n        data-pswp-height=\"2400\">\n                                        <picture>\r\n                    <source\r\n                srcset=\"https:\/\/legrandcontinent.eu\/fr\/wp-content\/uploads\/sites\/2\/2026\/08\/RenaissanceDreams__00003-copy-1601x2400-1-330x495.jpg\"\r\n                media=\"(max-width: 374px)\" \/>\r\n                    <source\r\n                srcset=\"https:\/\/legrandcontinent.eu\/fr\/wp-content\/uploads\/sites\/2\/2026\/08\/RenaissanceDreams__00003-copy-1601x2400-1-690x1034.jpg\"\r\n                media=\"(max-width: 989px)\" \/>\r\n                    <source\r\n                srcset=\"https:\/\/legrandcontinent.eu\/fr\/wp-content\/uploads\/sites\/2\/2026\/08\/RenaissanceDreams__00003-copy-1601x2400-1-1340x2009.jpg\"\r\n                media=\"(min-width: 990px)\" \/>\r\n                <img decoding=\"async\" src=\"https:\/\/legrandcontinent.eu\/fr\/wp-content\/uploads\/sites\/2\/2026\/08\/RenaissanceDreams__00003-copy-1601x2400-1-125x187.jpg\" \/>\r\n        <\/picture>\r\n                            \n                    <figcaption class=\"pswp-caption-content \">\u00ab&#160;Aucun texte de r\u00e9gulation technologique n&rsquo;a jamais r\u00e9uni, dans aucune d\u00e9mocratie au monde, un consensus si large&#160;\u00bb Photo&#160;: Renaissance Dreams \u2014 Palazzo Strozzi, Refik Anadol Studio<\/figcaption>\n            <\/a>\n<\/figure>\n\n\n<p>Selon le calendrier initial, le 2 ao\u00fbt 2026 devait marquer l&rsquo;entr\u00e9e en vigueur des obligations relatives aux syst\u00e8mes \u00e0 haut risque. La bataille men\u00e9e depuis dix-huit mois en a d\u00e9cid\u00e9 autrement. Un attelage de lobbys am\u00e9ricains, de quelques patrons europ\u00e9ens et de plusieurs capitales, dont Paris, ont directement pes\u00e9 pour tenter d&rsquo;affaiblir les obligations applicables aux mod\u00e8les de fondation. Le 29 juin 2026, le Conseil a d\u00e9finitivement adopt\u00e9 un ensemble d&rsquo;amendements rectificatifs&#160;: le nouvel \u00ab&#160;Digital Omnibus on AI&#160;\u00bb. Les obligations de l&rsquo;annexe III sont ainsi report\u00e9es au 2 d\u00e9cembre 2027 et celles de l&rsquo;annexe I au 2 ao\u00fbt 2028. On se demande encore pourquoi de telles concessions ont \u00e9t\u00e9 faites aux g\u00e9ants am\u00e9ricains, deux ans apr\u00e8s avoir vot\u00e9 ces r\u00e8gles \u00e0 l\u2019unanimit\u00e9.<\/p>\n\n\n\n<p>Ce report est une reculade. Mais ce qui entre bel et bien en vigueur ce 2 ao\u00fbt 2026 est tout de m\u00eame significatif, dans un autre champ. Il faut le mesurer pr\u00e9cis\u00e9ment avant de savoir ce que nous avons globalement \u00e0 d\u00e9fendre.<\/p>\n\n\n\n<h2 class=\"wp-block-heading\">L\u2019article 50 n\u2019est pas le c\u0153ur de l\u2019AI Act<\/h2>\n\n\n\n<p>Apr\u00e8s avoir port\u00e9 ce r\u00e8glement pendant quatre ans, je crois utile d&rsquo;apporter les pr\u00e9cisions suivantes.<\/p>\n\n\n\n<div class=\"iframe-container wp-block-image wp-block-image-medium  iframe-dw\">\n\t<div>\n\t\t<iframe class=\"absolute w-full h-full pin-t pin-l\" title=\"titolo\" aria-label=\"Interactive line chart\" src=\"\/\/datawrapper.dwcdn.net\/Ku8pA\" scrolling=\"no\" frameborder=\"0\"><\/iframe>\n\t<\/div>\n<\/div>\n\n\n\n<p>L\u2019article 50, qui est entr\u00e9 en vigueur, concentre d\u00e9sormais toute l\u2019attention. Il est utile, voire essentiel&#160;: il prot\u00e8ge l\u2019espace informationnel de la d\u00e9sinformation, il emp\u00eache les chatbots opaques, les deepfakes et les textes synth\u00e9tiques de se faire passer pour des paroles humaines.&nbsp;<\/p>\n\n\n\n<p>Mais le c\u0153ur de l&rsquo;IA Act r\u00e9side plut\u00f4t dans les interdictions absolues pr\u00e9vues \u00e0 l\u2019article 5 et dans l\u2019encadrement des syst\u00e8mes \u00e0 haut risque. L&rsquo;objectif est de prot\u00e9ger les personnes contre les applications les plus dangereuses de l&rsquo;IA, telles que les d\u00e9cisions d&rsquo;admission, de cr\u00e9dit, d&#8217;embauche, de soins, de police ou de justice. Il vise \u00e9galement \u00e0 prot\u00e9ger les ayants droit, les cr\u00e9ateurs, les artistes, les \u00e9crivains, les compositeurs et les scientifiques dont le patrimoine intellectuel constitue la mati\u00e8re premi\u00e8re des grands mod\u00e8les. C&rsquo;est la raison pour laquelle ce r\u00e8glement a \u00e9t\u00e9 con\u00e7u, vot\u00e9 et adopt\u00e9, et aussi la raison pour laquelle il s&rsquo;appelle AI Act et non r\u00e8glement sur la transparence des contenus g\u00e9n\u00e9r\u00e9s par des LLM.<\/p>\n\n\n\n<p>Contrairement \u00e0 ce que l&rsquo;on pourrait croire \u00e0 la lecture du r\u00e8glement g\u00e9n\u00e9ral, l\u2019IA Act n\u2019a pas \u00e9t\u00e9 con\u00e7u pour r\u00e9gler les probl\u00e8mes de plagiat, qui rel\u00e8vent d&rsquo;autres corpus (droit d&rsquo;auteur, propri\u00e9t\u00e9 intellectuelle, d\u00e9ontologie universitaire et \u00e9ditoriale). Le confondre avec un outil anti-plagiat serait donc une double erreur&#160;: de texte et de finalit\u00e9.<\/p>\n\n\n\n<p>Le report de deux ans obtenu avec le Digital Omnibus est un d\u00e9voiement. Il ne s&rsquo;agit pas seulement d&rsquo;un d\u00e9lai administratif, mais d&rsquo;un d\u00e9placement du centre de gravit\u00e9 du texte. En laissant l&rsquo;article 50 comme seul visage public de l&rsquo;IA Act, tandis que les dispositions relatives \u00e0 la protection contre les risques et \u00e0 la protection des ayants droit ne seront pas appliqu\u00e9es avant 2027-2028, la Commission \u2014 par faiblesse, par concession \u00e0 la pression am\u00e9ricaine \u2014 donne \u00e0 voir l&rsquo;accessoire et enterre l&rsquo;essentiel, en r\u00e9duisant un r\u00e8glement de civilisation \u00e0 un r\u00e8glement de marquage.<\/p>\n\n\n\n\n\n<figure class=\"wp-block-image wp-block-image-full\"\n    data-shadow=\"false\"\n    data-use-original-file=\"false\">\n    <a\n        data-pswp-src=\"https:\/\/legrandcontinent.eu\/fr\/wp-content\/uploads\/sites\/2\/2026\/08\/RD-Wide-2400x1349-1.jpg\"\n        class=\"inline-block gallery-item no-underline \"\n        data-pswp-width=\"2400\"\n        data-pswp-height=\"1349\">\n                                        <picture>\r\n                    <source\r\n                srcset=\"https:\/\/legrandcontinent.eu\/fr\/wp-content\/uploads\/sites\/2\/2026\/08\/RD-Wide-2400x1349-1-330x185.jpg\"\r\n                media=\"(max-width:  330px)\" \/>\r\n                    <source\r\n                srcset=\"https:\/\/legrandcontinent.eu\/fr\/wp-content\/uploads\/sites\/2\/2026\/08\/RD-Wide-2400x1349-1-690x388.jpg\"\r\n                media=\"(max-width:  690px)\" \/>\r\n                    <source\r\n                srcset=\"https:\/\/legrandcontinent.eu\/fr\/wp-content\/uploads\/sites\/2\/2026\/08\/RD-Wide-2400x1349-1-990x556.jpg\"\r\n                media=\"(max-width:  990px)\" \/>\r\n                    <source\r\n                srcset=\"https:\/\/legrandcontinent.eu\/fr\/wp-content\/uploads\/sites\/2\/2026\/08\/RD-Wide-2400x1349-1-1340x753.jpg\"\r\n                media=\"(max-width: 1340px)\" \/>\r\n                    <source\r\n                srcset=\"https:\/\/legrandcontinent.eu\/fr\/wp-content\/uploads\/sites\/2\/2026\/08\/RD-Wide-2400x1349-1-1600x899.jpg\"\r\n                media=\"(max-width: 1600px)\" \/>\r\n                    <source\r\n                srcset=\"https:\/\/legrandcontinent.eu\/fr\/wp-content\/uploads\/sites\/2\/2026\/08\/RD-Wide-2400x1349-1-1920x1079.jpg\"\r\n                media=\"(min-width: 1601px)\" \/>\r\n                <img decoding=\"async\" src=\"https:\/\/legrandcontinent.eu\/fr\/wp-content\/uploads\/sites\/2\/2026\/08\/RD-Wide-2400x1349-1-125x70.jpg\" \/>\r\n        <\/picture>\r\n                            \n                    <figcaption class=\"pswp-caption-content \">\u00ab&#160;Ce n&rsquo;est pas la machine qui garantira la v\u00e9rit\u00e9 de l&rsquo;espace informationnel, mais la responsabilit\u00e9 humaine identifiable&#160;\u00bb Photo&#160;: Renaissance Dreams \u2014 Palazzo Strozzi, Refik Anadol Studio<\/figcaption>\n            <\/a>\n<\/figure>\n\n\n<p>L\u2019article 50 y a \u00e9galement une limite technologique. Le marquage automatique des textes (filigranes statistiques, empreintes cryptographiques, signatures) est techniquement contournable. D\u00e8s demain, des outils gratuits permettant d&rsquo;effacer les marques et des services de r\u00e9\u00e9criture du texte pour \u00e9chapper \u00e0 toute d\u00e9tection fleuriront. Ce combat, la technique seule le perdra. Ce n\u2019est pas la machine qui garantira la v\u00e9rit\u00e9 de l\u2019espace informationnel, mais la responsabilit\u00e9 humaine identifiable. C\u2019est pr\u00e9cis\u00e9ment pour cette raison que l\u2019exception \u00e9ditoriale de l\u2019article 50, paragraphe 4, a \u00e9t\u00e9 inscrite, non pas comme une \u00e9chappatoire, mais comme la reconnaissance l\u00e9gale de ce qui, seul, tient dans la dur\u00e9e&#160;: la d\u00e9ontologie professionnelle qui doit primer.&nbsp;<\/p>\n\n\n\n<p>L\u2019avocat, l\u2019architecte, le banquier d\u2019affaires, le m\u00e9decin, le notaire, le professeur, le r\u00e9dacteur en chef, le directeur de la publication et le journaliste rel\u00e8vent d&rsquo;abord de leur ordre, de leur charte, de leur code, de leur loi propre&#160;: d\u00e9ontologie m\u00e9dicale, serment d\u2019Hippocrate, loi Vent\u00f4se pour les notaires, ordre des architectes et responsabilit\u00e9 d\u00e9cennale, obligation de conseil, autorit\u00e9 p\u00e9dagogique et libert\u00e9 acad\u00e9mique, loi de 1881, responsabilit\u00e9 \u00e9ditoriale. Dans toutes ces professions \u00e0 tr\u00e8s haute valeur ajout\u00e9e intellectuelle, o\u00f9 la d\u00e9ontologie est un garant indispensable, la machine est un outil&#160;; la responsabilit\u00e9, elle, reste humaine, pleine, enti\u00e8re et personnelle.<\/p>\n\n\n\n<p>Ce point est d&rsquo;autant plus important qu&rsquo;il faut inciter ces professions \u00e0 utiliser l&rsquo;IA, car celle-ci les rendra plus performantes, leur lib\u00e9rera du temps, am\u00e9liorera leurs services, leur r\u00e9flexion et leur cr\u00e9ativit\u00e9, et leur ouvrira des capacit\u00e9s d&rsquo;analyse in\u00e9dites. L&rsquo;IA Act n&rsquo;a jamais \u00e9t\u00e9 con\u00e7u pour emp\u00eacher cet usage. Il a \u00e9t\u00e9 con\u00e7u pour qu&rsquo;il se d\u00e9ploie selon les r\u00e8gles d\u00e9ontologiques que chaque profession fixera elle-m\u00eame. Laisser l&rsquo;article 50 occuper toute la sc\u00e8ne pendant deux ans, alors que le c\u0153ur du r\u00e8glement est rel\u00e9gu\u00e9 au second plan, c&rsquo;est prendre le risque de voir l&rsquo;IA d\u00e9voy\u00e9e aux yeux de nos concitoyens avant m\u00eame qu&rsquo;elle n&rsquo;ait produit ses effets r\u00e9els.&nbsp;<\/p>\n\n\n\n<h2 class=\"wp-block-heading\">Les fausses informations du lobby anti-AI Act<\/h2>\n\n\n\n<p>Ce d\u00e9tournement de perspective ne peut \u00eatre compris sans \u00eatre inscrit dans un r\u00e9cit plus large, celui qu\u2019un lobby entretient m\u00e9thodiquement depuis dix-huit mois pour affaiblir l\u2019IA Act dans son ensemble. Selon ce r\u00e9cit, l\u2019AI Act serait devenu un carcan bureaucratique, une machine \u00e0 tuer l\u2019innovation europ\u00e9enne et un cadeau fait aux g\u00e9ants am\u00e9ricains, car nous serions les seuls \u00e0 nous imposer une r\u00e9gulation. Ce r\u00e9cit repose sur quatre affirmations qu\u2019il faut d\u00e9monter&#160;:<\/p>\n\n\n\n<ul class=\"wp-block-list\">\n<li>Premi\u00e8rement, \u00ab&#160;l\u2019AI Act a brid\u00e9 l\u2019innovation europ\u00e9enne&#160;\u00bb. Cette accusation est absurde car l\u2019AI Act n\u2019est entr\u00e9 en vigueur qu\u2019il y a dix jours. Il n\u2019a donc mat\u00e9riellement rien pu brider. Les grands mod\u00e8les fondamentaux (GPT d\u2019OpenAI, Claude d\u2019Anthropic, Gemini de Google, DeepSeek, ainsi que Mistral en Europe) se sont tous d\u00e9velopp\u00e9s entre 2020 et 2025, p\u00e9riode durant laquelle aucune obligation contraignante de l\u2019AI Act n\u2019\u00e9tait applicable. Si Mistral n\u2019a pas la taille d\u2019OpenAI, ce n\u2019est pas la faute de la Commission, mais celle d&rsquo;un march\u00e9 europ\u00e9en des capitaux fragment\u00e9, d&rsquo;une aversion au risque et de l&rsquo;absence de financements profonds pour entra\u00eener des mod\u00e8les au meilleur niveau. Confondre ces deux \u00e9l\u00e9ments, la r\u00e9gulation et le manque de capital, rel\u00e8ve soit de la mauvaise foi, soit de l\u2019incomp\u00e9tence, soit du lobbying \u00e9ventuellement r\u00e9mun\u00e9r\u00e9.<\/li>\n\n\n\n<li>Puis, \u00ab&#160;L\u2019Europe r\u00e9gule seule, elle se p\u00e9nalise seule.&#160;\u00bb L\u2019Europe est en effet la seule \u00e0 disposer d\u2019un cadre horizontal contraignant adopt\u00e9 d\u00e9mocratiquement. C&rsquo;est pr\u00e9cis\u00e9ment son avantage. Aux \u00c9tats-Unis, le d\u00e9cret de Joe Biden du 30 octobre 2023 a \u00e9t\u00e9 abrog\u00e9 par Donald Trump d\u00e8s le 20 janvier 2025. Il n\u2019existe aucun cadre f\u00e9d\u00e9ral am\u00e9ricain \u00e9quivalent. La Chine dispose de r\u00e8glements sectoriels \u00e9pars, orient\u00e9s vers le contr\u00f4le politique de la population et la surveillance de masse, et non vers la protection des droits individuels. Aucune grande d\u00e9mocratie n\u2019accorde aujourd\u2019hui \u00e0 ses citoyens le droit d\u2019obtenir une explication d\u2019une d\u00e9cision automatis\u00e9e (article 86) ou le droit de d\u00e9poser une plainte g\u00e9n\u00e9ralis\u00e9e (article 85), comme nous le faisons.<\/li>\n\n\n\n<li>Ensuite, \u00ab&#160;le <a href=\"https:\/\/legrandcontinent.eu\/fr\/2024\/09\/09\/le-rapport-draghi\/\">rapport Draghi<\/a> demande l\u2019abandon de l\u2019AI Act&#160;\u00bb. Le rapport de septembre 2024 appelle \u00e0 un investissement suppl\u00e9mentaire de 300 milliards d\u2019euros par an et \u00e0 une meilleure coordination r\u00e9glementaire. Il ne pr\u00e9conise \u00e0 aucun moment le d\u00e9mant\u00e8lement des garanties fondamentales. L\u2019instrumentalisation qui en a \u00e9t\u00e9 faite est un contresens.<\/li>\n\n\n\n<li>Finalement, \u00ab&#160;l&rsquo;AI Act est un nouveau RGPD qui va tuer les entreprises europ\u00e9ennes, comme le RGPD les a tu\u00e9es.&#160;\u00bb Contrairement \u00e0 la l\u00e9gende propag\u00e9e depuis Palo Alto, le RGPD n\u2019a tu\u00e9 aucune entreprise europ\u00e9enne. Il a en r\u00e9alit\u00e9 impos\u00e9 la norme europ\u00e9enne de protection des donn\u00e9es au monde entier&#160;: les GAFAM, les entreprises chinoises, br\u00e9siliennes, japonaises et cor\u00e9ennes s\u2019y sont pli\u00e9es, et l\u2019ont souvent adopt\u00e9e pour leurs propres march\u00e9s. Il a cr\u00e9\u00e9 un march\u00e9 europ\u00e9en de la conformit\u00e9, form\u00e9 des dizaines de milliers de d\u00e9l\u00e9gu\u00e9s \u00e0 la protection des donn\u00e9es et redonn\u00e9 aux concitoyens europ\u00e9ens le contr\u00f4le et la ma\u00eetrise, s&rsquo;ils le souhaitent, de leurs donn\u00e9es et de leur patrimoine informationnel, avec un pouvoir de recours in\u00e9dit. Ceux qui r\u00e9p\u00e8tent aujourd&rsquo;hui presque mot pour mot que le RGPD serait un handicap pour l&rsquo;Europe reprennent un narratif construit outre-Atlantique pr\u00e9cis\u00e9ment parce qu&rsquo;il g\u00eane. L\u2019IA Act est appel\u00e9 \u00e0 conna\u00eetre le m\u00eame destin de standard mondial. C&rsquo;est pour cette raison qu&rsquo;il d\u00e9range, pour les m\u00eames consid\u00e9rations, les m\u00eames acteurs.<\/li>\n<\/ul>\n\n\n\n\n\n<figure class=\"wp-block-image wp-block-image-large\"\n    data-shadow=\"false\"\n    data-use-original-file=\"false\">\n    <a\n        data-pswp-src=\"https:\/\/legrandcontinent.eu\/fr\/wp-content\/uploads\/sites\/2\/2026\/08\/RenaissanceDreams__00002-copy-1601x2400-1.jpg\"\n        class=\"inline-block gallery-item no-underline \"\n        data-pswp-width=\"1601\"\n        data-pswp-height=\"2400\">\n                                        <picture>\r\n                    <source\r\n                srcset=\"https:\/\/legrandcontinent.eu\/fr\/wp-content\/uploads\/sites\/2\/2026\/08\/RenaissanceDreams__00002-copy-1601x2400-1-330x495.jpg\"\r\n                media=\"(max-width: 374px)\" \/>\r\n                    <source\r\n                srcset=\"https:\/\/legrandcontinent.eu\/fr\/wp-content\/uploads\/sites\/2\/2026\/08\/RenaissanceDreams__00002-copy-1601x2400-1-690x1034.jpg\"\r\n                media=\"(max-width: 989px)\" \/>\r\n                    <source\r\n                srcset=\"https:\/\/legrandcontinent.eu\/fr\/wp-content\/uploads\/sites\/2\/2026\/08\/RenaissanceDreams__00002-copy-1601x2400-1-1340x2009.jpg\"\r\n                media=\"(min-width: 990px)\" \/>\r\n                <img decoding=\"async\" src=\"https:\/\/legrandcontinent.eu\/fr\/wp-content\/uploads\/sites\/2\/2026\/08\/RenaissanceDreams__00002-copy-1601x2400-1-125x187.jpg\" \/>\r\n        <\/picture>\r\n                            \n                    <figcaption class=\"pswp-caption-content \">\u00ab&#160;Cette souverainet\u00e9 ne se n\u00e9gocie pas, elle s&rsquo;exerce&#160;\u00bb Photo&#160;: Renaissance Dreams \u2014 Palazzo Strozzi, Refik Anadol Studio<\/figcaption>\n            <\/a>\n<\/figure>\n\n\n<p>\u00c0 ces quatre fausses informations qui circulent dans nos d\u00e9bats publics, il faut ajouter deux arguments qui m\u00e9ritent d&rsquo;\u00eatre r\u00e9fut\u00e9s.&nbsp;<\/p>\n\n\n\n<p>Un premier tient en une phrase&#160;: \u00ab&#160;Il est absurde de r\u00e9guler une technologie qui vient de na\u00eetre et dont on ne conna\u00eet pas encore les usages.&#160;\u00bb Cette phrase, si souvent \u00e9nonc\u00e9e, r\u00e9v\u00e8le une profonde incompr\u00e9hension de la r\u00e9volution de l&rsquo;information. En effet, l\u2019IA g\u00e9n\u00e9rative n\u2019est pas une technologie sortie de nulle part. Elle exploite un patrimoine informationnel constitu\u00e9 de donn\u00e9es ayant une origine, un contexte, un propri\u00e9taire et une intention initiale. Le droit d&rsquo;auteur des artistes et des \u00e9crivains, les donn\u00e9es de sant\u00e9 des patients, les archives des m\u00e9dias, les publications scientifiques, les images de nos visages&#160;: tout cela avait un statut. R\u00e9guler l&rsquo;IA, c&rsquo;est d&rsquo;abord poser les r\u00e8gles de r\u00e9utilisation de ce patrimoine collectif. Ce n&rsquo;est pas r\u00e9guler l&rsquo;inconnu, c&rsquo;est prot\u00e9ger le connu.<\/p>\n\n\n\n<p>Le deuxi\u00e8me argument tient lui aussi en une phrase, r\u00e9p\u00e9t\u00e9e avec une constance qui force l&rsquo;admiration. \u00ab&#160;L&rsquo;habitude europ\u00e9enne, c&rsquo;est de r\u00e9guler avant d&rsquo;innover. Il faut innover avant de r\u00e9guler.&#160;\u00bb Lors de VivaTech, en juin 2025, le pr\u00e9sident de la R\u00e9publique fran\u00e7aise l&rsquo;a d&rsquo;ailleurs reprise \u00e0 son compte&#160;: \u00ab&#160;Le risque, c&rsquo;est de r\u00e9guler des choses qu&rsquo;on ne fera plus, qu&rsquo;on n&rsquo;arrivera pas \u00e0 faire.&#160;\u00bb Ces d\u00e9clarations reposent toutefois sur le m\u00eame malentendu.<\/p>\n\n\n\n<p>Attendre les usages pour r\u00e9guler une technologie exponentielle, c\u2019est r\u00e9guler quand il est d\u00e9j\u00e0 trop tard. C\u2019est l\u2019erreur qui a \u00e9t\u00e9 commise avec les r\u00e9seaux sociaux, faute d\u2019un DSA dix ans plus t\u00f4t \u2014 et nous en payons aujourd\u2019hui le prix, tant sur <a href=\"https:\/\/legrandcontinent.eu\/fr\/2026\/08\/04\/apres-la-crise-de-ceuta-leurope-doit-apprendre-a-securiser-ses-frontieres-numeriques\/\">nos d\u00e9mocraties<\/a> que sur <a href=\"https:\/\/legrandcontinent.eu\/fr\/2026\/06\/01\/generation-ia\/\">la sant\u00e9 mentale des enfants<\/a>. L\u2019IA Act, c\u2019est pr\u00e9cis\u00e9ment l\u2019inverse. C\u2019est une r\u00e9gulation anticipatrice d\u2019un tsunami annonc\u00e9. Cette anticipation politique d&rsquo;un d\u00e9ferlement quasi instantan\u00e9 est in\u00e9dite dans l&rsquo;histoire l\u00e9gislative europ\u00e9enne et m\u00e9riterait d&rsquo;\u00eatre salu\u00e9e comme telle.<\/p>\n\n\n\n<p>C\u2019est pr\u00e9cis\u00e9ment cette capacit\u00e9 d&rsquo;anticipation que l&rsquo;Europe aurait d\u00fb mettre en avant lors de l&rsquo;ouverture de la Conf\u00e9rence mondiale sur l&rsquo;IA, le 17 juillet 2026 \u00e0 Shanghai. <a href=\"https:\/\/legrandcontinent.eu\/fr\/2026\/07\/17\/la-doctrine-ai-le-plan-de-xi-jinping-pour-ruiner-la-silicon-valley\/\">Xi Jinping y a prononc\u00e9 un discours autour d\u2019une proposition explicite<\/a>, en pr\u00e9sence notamment du secr\u00e9taire g\u00e9n\u00e9ral des Nations unies&#160;: \u00ab&#160;b\u00e2tir un syst\u00e8me juste et \u00e9quitable pour la gouvernance mondiale de l\u2019IA&#160;\u00bb. La Chine, qui n\u2019a aucun cadre horizontal, aucun droit \u00e0 l\u2019explication ni de plainte individuelle, se pose d\u00e9sormais en architecte de la gouvernance mondiale de l\u2019IA. Or, l\u2019Europe, qui dispose du seul cadre au monde r\u00e9pondant \u00e0 cette ambition, y \u00e9tait sous-repr\u00e9sent\u00e9e, muette et sans contre-proposition articul\u00e9e.<\/p>\n\n\n\n<p>Ce silence est incompr\u00e9hensible. Nous devrions porter l&rsquo;IA Act \u00e0 Shanghai, \u00e0 New Delhi, aux Nations unies, dans les enceintes du G7 et du G20, comme la France a nagu\u00e8re port\u00e9 l&rsquo;Accord de Paris sur le climat. Au lieu de cela, lors du sommet de Berlin du 18 novembre, la France a officiellement demand\u00e9 un report de la r\u00e9glementation, et \u00e0 VivaTech, le pr\u00e9sident de la R\u00e9publique a laiss\u00e9 Jensen Huang, le patron de Nvidia, critiquer la r\u00e9gulation europ\u00e9enne sans y r\u00e9pondre. La Commission von der Leyen est apparue incapable de d\u00e9fendre son propre acquis face \u00e0 la pression conjointe de Washington et des grands fournisseurs am\u00e9ricains.<\/p>\n\n\n\n<h2 class=\"wp-block-heading\">Pourquoi les \u00c9tats-Unis veulent d\u00e9faire le AI Act<\/h2>\n\n\n\n<p>Derri\u00e8re ces fausses informations, il y a une r\u00e9alit\u00e9. Les Am\u00e9ricains sont embarrass\u00e9s \u2014 et \u00ab&#160;jaloux&#160;\u00bb \u2014 de cette r\u00e9gulation d\u00e9mocratique. L\u2019IA Act est en passe de devenir ce que le RGPD \u00e9tait hier, et dans une moindre mesure le DSA aujourd\u2019hui&#160;: un instrument de soft power mondial. Un standard export\u00e9, imit\u00e9 et transpos\u00e9. Il traduit en droit positif ce que n&rsquo;a su formuler avec autant de clart\u00e9 aucun autre syst\u00e8me d\u00e9mocratique&#160;: la possibilit\u00e9 de r\u00e9guler intelligemment l&rsquo;espace informationnel sans porter atteinte \u00e0 la libert\u00e9 d&rsquo;entreprendre, tout en y appliquant nos valeurs r\u00e9publicaines, d\u00e9mocratiques, de soci\u00e9t\u00e9 et de vivre-ensemble, ainsi que les principes de l&rsquo;\u00c9tat de droit.<\/p>\n\n\n\n<p>Les \u00c9tats-Unis n\u2019y arrivent plus. La fragmentation et la polarisation de leur classe politique, la puissance d\u00e9terminante des grands acteurs priv\u00e9s dans le d\u00e9bat public, ainsi que la faiblesse ou l&rsquo;int\u00e9r\u00eat d&rsquo;un pouvoir ex\u00e9cutif qui a tout interm\u00e9di\u00e9 \u00e0 quelques groupes d\u00e9fendant uniquement leurs profits, leur emp\u00eachent d\u00e9sormais de produire une r\u00e9gulation d&rsquo;int\u00e9r\u00eat g\u00e9n\u00e9ral de l&rsquo;espace informationnel.<\/p>\n\n\n\n<p>C&rsquo;est pr\u00e9cis\u00e9ment ce que J. D. Vance est venu attaquer \u00e0 Paris, le 11 f\u00e9vrier 2025, en pleine tenue du Sommet pour l&rsquo;action sur l&rsquo;IA, lorsqu&rsquo;il a d\u00e9clar\u00e9 que les \u00c9tats-Unis \u00ab&#160;dominent&#160;\u00bb l&rsquo;IA et \u00ab&#160;entendent le continuer&#160;\u00bb en exigeant, en creux, que l&rsquo;Europe abandonne son cadre de r\u00e9gulation. Il faut mesurer ce que cela signifie. Que le num\u00e9ro deux d\u2019un gouvernement \u00e9tranger vienne exiger publiquement le d\u00e9tricotage d&rsquo;un tel texte constitue une ing\u00e9rence caract\u00e9ris\u00e9e dans le processus d\u00e9mocratique europ\u00e9en, simplement inacceptable. Nous n&rsquo;aurions pas tol\u00e9r\u00e9 cela de la part d&rsquo;aucune autre puissance. Nous n&rsquo;avons aucune raison de le tol\u00e9rer de la part de celle-ci non plus.<\/p>\n\n\n\n<p>C&rsquo;est pr\u00e9cis\u00e9ment ce que Meta a cherch\u00e9 \u00e0 affaiblir en refusant publiquement de signer le Code de bonnes pratiques GPAI.<\/p>\n\n\n\n<p>C&rsquo;est aussi ce qui explique les attaques personnelles dont j&rsquo;ai \u00e9t\u00e9 l&rsquo;objet pendant tout mon mandat, jusqu&rsquo;\u00e0 mon d\u00e9part de la Commission en septembre 2024, et m\u00eame apr\u00e8s (avec l&rsquo;interdiction de p\u00e9n\u00e9trer sur le territoire am\u00e9ricain), car d\u00e9fendre l&rsquo;IA Act et l&rsquo;espace informationnel europ\u00e9en, c&rsquo;\u00e9tait d\u00e9fendre une doctrine que Washington ne pouvait plus tol\u00e9rer.<\/p>\n\n\n\n\n<div class=\"double-picture my-12 lg:my-20\" \n    data-images-sizes=\"half\"\n    data-same-height=\"true\"\n    data-reference-image=\"left\"\n>    <!-- Images -->\n    <div class=\"lg:flex\">\n        <div class=\"relative lg:pr-2 mb-7 lg:mb-0 lg:w-1\/2\">\n                            <a \n                    href=\"#\"\n                    data-pswp-src=\"https:\/\/legrandcontinent.eu\/fr\/wp-content\/uploads\/sites\/2\/2026\/08\/RenaissanceDreams__00001-copy-1601x2400-1.jpg\" \n                    class=\"gallery-item no-underline  \" \n                    data-pswp-width=\"1601\" \n                    data-pswp-height=\"2400\"\n                >\n                    <figure class=\"wp-block-image h-full -mx-2 lg:mx-0 !my-0\">\n                        <picture class=\"block h-full\">\n                            <img decoding=\"async\" src=\"https:\/\/legrandcontinent.eu\/fr\/wp-content\/uploads\/sites\/2\/2026\/08\/RenaissanceDreams__00001-copy-1601x2400-1.jpg\" alt=\"\u00ab L'IA Act est en passe de devenir un instrument de soft power mondial \u00bb. Photo : Renaissance Dreams \u2014 Palazzo Strozzi, Refik Anadol Studio\" >\n                        <\/picture>\n                        <figcaption class=\"lg:hidden pswp-caption-content\">\u00ab&#160;L&rsquo;IA Act est en passe de devenir un instrument de soft power mondial&#160;\u00bb. Photo&#160;: Renaissance Dreams \u2014 Palazzo Strozzi, Refik Anadol Studio<\/figcaption>                    <\/figure>\n                <\/a>\n                    \n        <\/div>\n        <div class=\"relative lg:pl-2 lg:w-1\/2\">\n                            <a\n                    href=\"#\"\n                    data-pswp-src=\"https:\/\/legrandcontinent.eu\/fr\/wp-content\/uploads\/sites\/2\/2026\/08\/RenaissanceDreams__00000-copy-1601x2400-1.jpg\" \n                    class=\"gallery-item no-underline  lg:!absolute lg:h-full lg:right-0 lg:left-2 overflow-hidden\" \n                    data-pswp-width=\"1601\" \n                    data-pswp-height=\"2400\"\n                >\n                    <figure class=\"wp-block-image h-full -mx-2 lg:mx-0 !my-0\">\n                        <picture class=\"block h-full\">\n                            <img decoding=\"async\" src=\"https:\/\/legrandcontinent.eu\/fr\/wp-content\/uploads\/sites\/2\/2026\/08\/RenaissanceDreams__00000-copy-1601x2400-1.jpg\" alt=\"\u00ab Ce n'est pas r\u00e9guler l'inconnu. C'est prot\u00e9ger le connu. \u00bb Photo : Renaissance Dreams \u2014 Palazzo Strozzi, Refik Anadol Studio\" class=\"lg:!h-full object-cover\">\n                        <\/picture>\n                        <figcaption class=\"lg:hidden pswp-caption-content\">\u00ab&#160;Ce n&rsquo;est pas r\u00e9guler l&rsquo;inconnu. C&rsquo;est prot\u00e9ger le connu.&#160;\u00bb Photo&#160;: Renaissance Dreams \u2014 Palazzo Strozzi, Refik Anadol Studio<\/figcaption>                    <\/figure>\n                <\/a>\n                    <\/div>\n    <\/div>\n    <!-- Captions -->\n    <div class=\"hidden lg:flex\">\n        <div class=\"relative lg:pr-2 mb-7 lg:mb-0 lg:w-1\/2\">\n                            <figure class=\"wp-block-image -mx-2 lg:mx-0 !my-0\">\n                    <figcaption>\u00ab&#160;L&rsquo;IA Act est en passe de devenir un instrument de soft power mondial&#160;\u00bb. Photo&#160;: Renaissance Dreams \u2014 Palazzo Strozzi, Refik Anadol Studio<\/figcaption>                <\/figure>\n                    \n        <\/div>\n        <div class=\"relative lg:pl-2 lg:w-1\/2\">\n                            <figure class=\"wp-block-image -mx-2 lg:mx-0 !my-0\">   \n                    <figcaption>\u00ab&#160;Ce n&rsquo;est pas r\u00e9guler l&rsquo;inconnu. C&rsquo;est prot\u00e9ger le connu.&#160;\u00bb Photo&#160;: Renaissance Dreams \u2014 Palazzo Strozzi, Refik Anadol Studio<\/figcaption>                <\/figure>\n                    <\/div>\n    <\/div>\n<\/div>\n\n\n\n<p>Il faut pourtant aller encore plus loin. Nous entrons dans la phase de mon\u00e9tisation de l\u2019intelligence artificielle. Apr\u00e8s l&rsquo;euphorie de la d\u00e9monstration technologique, vient le temps du mod\u00e8le \u00e9conomique. Les acteurs am\u00e9ricains dominants ont investi des centaines de milliards de dollars pour entra\u00eener leurs mod\u00e8les, construire leurs centres de calcul, stocker et exploiter les donn\u00e9es&#160;; ils doivent maintenant trouver la rentabilit\u00e9. Face \u00e0 eux, les acteurs chinois, largement adoss\u00e9s \u00e0 l\u2019administration de P\u00e9kin, proposent des mod\u00e8les ouverts, peu co\u00fbteux, voire gratuits, pr\u00e9cis\u00e9ment pour capter les usages mondiaux. Le march\u00e9 europ\u00e9en est l\u2019un des plus lucratifs au monde&#160;: il est solvable, urbain, \u00e9duqu\u00e9, digitalis\u00e9 et r\u00e9gi par le droit. On comprend d\u00e8s lors ce qui se joue vraiment. Ce n&rsquo;est pas la simplification qui est en cause. Il s&rsquo;agit de notre capacit\u00e9 \u00e0 d\u00e9fendre notre march\u00e9, nos donn\u00e9es et nos citoyens contre une d\u00e9ferlante qui viendrait se financer sur le compte des Europ\u00e9ens. C&rsquo;est pr\u00e9cis\u00e9ment pour cette raison que l&rsquo;Europe doit maintenir sa r\u00e9gulation d\u00e9mocratique.<\/p>\n\n\n\n<h2 class=\"wp-block-heading\">Un progr\u00e8s universaliste, align\u00e9 avec le magist\u00e8re du pape L\u00e9on XIV<\/h2>\n\n\n\n<p>Face \u00e0 ces abdications, il est important de rappeler les principes d\u00e9fendus par l&rsquo;AI Act. Il ne s&rsquo;agit pas d&rsquo;un texte technique. Il s&rsquo;agit d&rsquo;une architecture de valeurs traduite en droit positif&#160;: la dignit\u00e9 de la personne humaine, les libert\u00e9s fondamentales, l\u2019int\u00e9grit\u00e9 d\u00e9mocratique et la v\u00e9rit\u00e9 de l\u2019espace informationnel priment sur l\u2019optimisation \u00e9conomique. La responsabilit\u00e9 doit rester humaine, tra\u00e7able et identifiable.<\/p>\n\n\n\n<p>Cette architecture converge de fa\u00e7on frappante avec l&rsquo;encyclique du pape L\u00e9on XIV, <a href=\"https:\/\/legrandcontinent.eu\/fr\/2026\/05\/25\/magnifica-humanitas-texte-integral-de-lencyclique-de-leon-xiv\/\">Magnifica Humanitas<\/a>, qui est enti\u00e8rement consacr\u00e9e \u00e0 l\u2019intelligence artificielle et \u00e0 la dignit\u00e9 humaine. Le pape n&rsquo;y condamne pas l&rsquo;IA, mais exige de mesurer ses effets environnementaux, d\u00e9nonce le travail invisible des annotateurs et mod\u00e9rateurs, refuse l&rsquo;id\u00e9e qu&rsquo;un algorithme puisse rendre la guerre moralement acceptable et rappelle, dans le prolongement d&rsquo;Antiqua et Nova, que \u00ab&#160;seul l&rsquo;\u00eatre humain est v\u00e9ritablement un agent moral&#160;\u00bb.<\/p>\n\n\n\n<p>Cette convergence n&rsquo;est pas le fruit du hasard. Elle exprime une v\u00e9rit\u00e9 simple&#160;: la protection de la personne humaine face \u00e0 la machine ne rel\u00e8ve pas d&rsquo;une pr\u00e9f\u00e9rence culturelle europ\u00e9enne. C&rsquo;est une exigence morale universelle.<\/p>\n\n\n\n<h2 class=\"wp-block-heading\">Prochaines \u00e9tapes. Ce qu\u2019aucun omnibus ne devra retirer&nbsp;<\/h2>\n\n\n\n<p>Le calendrier des prochaines \u00e9ch\u00e9ances s\u2019\u00e9tale sur deux ans.<\/p>\n\n\n\n<p>Ainsi, l&rsquo;interdiction absolue des deepfakes sexuels non consentis entrera en vigueur le 2 d\u00e9cembre 2026, avant que le 2 d\u00e9cembre 2027 ne marque la nouvelle \u00e9ch\u00e9ance applicable aux syst\u00e8mes \u00e0 haut risque autonomes vis\u00e9s \u00e0 l&rsquo;Annexe III. Il faudra ensuite attendre le 2 ao\u00fbt 2028 pour que les syst\u00e8mes \u00e0 haut risque int\u00e9gr\u00e9s \u00e0 des produits d\u00e9j\u00e0 r\u00e9gul\u00e9s au titre de l\u2019annexe I, ainsi que les mod\u00e8les d\u2019IA \u00e0 usage g\u00e9n\u00e9ral mis sur le march\u00e9 avant ao\u00fbt 2025, soient concern\u00e9s. Parall\u00e8lement, et de mani\u00e8re continue, les travaux de normalisation du CEN-CENELEC JTC 21 se poursuivront, de m\u00eame que la r\u00e9vision annuelle de l\u2019annexe III pr\u00e9vue \u00e0 l\u2019article 112.<\/p>\n\n\n\n<p>\u00c0 ces d\u00e9lais, il faudra ajouter \u2014 et non retirer \u2014 plusieurs chantiers&#160;: une protection sp\u00e9cifique des mineurs&#160;; un cadre pour les agents autonomes que le r\u00e8glement n\u2019avait pas pris en compte&#160;; des obligations pour les travailleurs du clic et les annotateurs, dont L\u00e9on XIV a parl\u00e9 mieux que n\u2019importe quel r\u00e9gulateur&#160;; un reporting environnemental quantifi\u00e9 des infrastructures d\u2019entra\u00eenement&#160;; un r\u00e9gime clair pour les deepfakes politiques.<\/p>\n\n\n\n<p>Ce qui est en jeu n&rsquo;est pas seulement une \u00e9ch\u00e9ance r\u00e9glementaire. C\u2019est la preuve que l\u2019Europe est la seule au monde \u00e0 savoir \u00e0 la fois prot\u00e9ger et innover, encadrer et lib\u00e9rer, r\u00e9guler sans \u00e9touffer. Trahir cet acquis sous couvert de comp\u00e9titivit\u00e9 reviendrait \u00e0 renoncer \u00e0 notre capacit\u00e9 europ\u00e9enne \u00e0 d\u00e9finir seuls, pour nous et pour ceux qui souhaiteraient s&rsquo;en inspirer, ce que nous acceptons et ce que nous refusons dans notre rapport au num\u00e9rique et dans notre propre espace informationnel.&nbsp;<\/p>\n\n\n\n<p>Cette souverainet\u00e9 ne se n\u00e9gocie pas, elle s&rsquo;exerce.<\/p>\n","protected":false},"excerpt":{"rendered":"<p>Et pourquoi l\u2019obligation de marquage n\u2019est vraiment pas le sujet.<\/p>\n","protected":false},"author":40,"featured_media":352584,"comment_status":"closed","ping_status":"closed","sticky":false,"template":"templates\/post-angles.php","format":"standard","meta":{"_acf_changed":true,"_trash_the_other_posts":false,"_yoast_wpseo_estimated-reading-time-minutes":18,"_lgc_tts_voice":"","_lgc_tts_publish":false,"_lgc_tts_history_item_id":"","_lgc_tts_generated_at":"","_lgc_tts_status":"","_lgc_tts_error":"","footnotes":""},"categories":[3412],"tags":[],"staff":[4314],"editorial_format":[4944],"serie":[],"audience":[],"geo":[1917],"class_list":["post-352576","post","type-post","status-publish","format-standard","hentry","category-puissances-de-lia","staff-thierry-breton","editorial_format-actu-longues","geo-europe"],"acf":{"open_in_webview":false,"accent":"default","_thumbnail_id":352584,"excerpt":"Et pourquoi l\u2019obligation de marquage n\u2019est vraiment pas le sujet.","display_date":"","new_abstract":true},"yoast_head":"<!-- This site is optimized with the Yoast SEO plugin v26.1.1 - https:\/\/yoast.com\/wordpress\/plugins\/seo\/ -->\n<title>Pourquoi nous n\u2019avons pas encore bien compris l\u2019AI Act<\/title>\n<meta name=\"robots\" content=\"index, follow, max-snippet:-1, max-image-preview:large, max-video-preview:-1\" \/>\n<link rel=\"canonical\" href=\"https:\/\/legrandcontinent.eu\/fr\/2026\/08\/13\/pourquoi-nous-navons-pas-encore-bien-compris-lai-act\/\" \/>\n<meta property=\"og:locale\" content=\"fr_FR\" \/>\n<meta property=\"og:type\" content=\"article\" \/>\n<meta property=\"og:title\" content=\"Pourquoi nous n\u2019avons pas encore bien compris l\u2019AI Act\" \/>\n<meta property=\"og:description\" content=\"Et pourquoi l\u2019obligation de marquage n\u2019est vraiment pas le sujet.\" \/>\n<meta property=\"og:url\" content=\"https:\/\/legrandcontinent.eu\/fr\/2026\/08\/13\/pourquoi-nous-navons-pas-encore-bien-compris-lai-act\/\" \/>\n<meta property=\"og:site_name\" content=\"Le Grand Continent\" \/>\n<meta property=\"article:published_time\" content=\"2026-08-13T07:27:08+00:00\" \/>\n<meta property=\"article:modified_time\" content=\"2026-08-13T12:27:05+00:00\" \/>\n<meta property=\"og:image\" content=\"https:\/\/legrandcontinent.eu\/fr\/wp-content\/uploads\/sites\/2\/2026\/08\/Sans-titre-30.jpg\" \/>\n\t<meta property=\"og:image:width\" content=\"2062\" \/>\n\t<meta property=\"og:image:height\" content=\"1190\" \/>\n\t<meta property=\"og:image:type\" content=\"image\/jpeg\" \/>\n<meta name=\"author\" content=\"Ramona Bloj\" \/>\n<meta name=\"twitter:card\" content=\"summary_large_image\" \/>\n<meta name=\"twitter:image\" content=\"https:\/\/legrandcontinent.eu\/fr\/wp-content\/uploads\/sites\/2\/2026\/08\/Sans-titre-30.jpg\" \/>\n<meta name=\"twitter:label1\" content=\"\u00c9crit par\" \/>\n\t<meta name=\"twitter:data1\" content=\"Ramona Bloj\" \/>\n\t<meta name=\"twitter:label2\" content=\"Dur\u00e9e de lecture estim\u00e9e\" \/>\n\t<meta name=\"twitter:data2\" content=\"18 minutes\" \/>\n<script type=\"application\/ld+json\" class=\"yoast-schema-graph\">{\"@context\":\"https:\/\/schema.org\",\"@graph\":[{\"@type\":\"WebPage\",\"@id\":\"https:\/\/legrandcontinent.eu\/fr\/2026\/08\/13\/pourquoi-nous-navons-pas-encore-bien-compris-lai-act\/\",\"url\":\"https:\/\/legrandcontinent.eu\/fr\/2026\/08\/13\/pourquoi-nous-navons-pas-encore-bien-compris-lai-act\/\",\"name\":\"Pourquoi nous n\u2019avons pas encore bien compris l\u2019AI Act\",\"isPartOf\":{\"@id\":\"https:\/\/legrandcontinent.eu\/fr\/#website\"},\"primaryImageOfPage\":{\"@id\":\"https:\/\/legrandcontinent.eu\/fr\/2026\/08\/13\/pourquoi-nous-navons-pas-encore-bien-compris-lai-act\/#primaryimage\"},\"image\":{\"@id\":\"https:\/\/legrandcontinent.eu\/fr\/2026\/08\/13\/pourquoi-nous-navons-pas-encore-bien-compris-lai-act\/#primaryimage\"},\"thumbnailUrl\":\"https:\/\/legrandcontinent.eu\/fr\/wp-content\/uploads\/sites\/2\/2026\/08\/RenaissanceDreams_00000-copy-2880x1769-1-scaled.jpg\",\"datePublished\":\"2026-08-13T07:27:08+00:00\",\"dateModified\":\"2026-08-13T12:27:05+00:00\",\"author\":{\"@id\":\"https:\/\/legrandcontinent.eu\/fr\/#\/schema\/person\/bee86896b403754f76b6b1515ff0b697\"},\"breadcrumb\":{\"@id\":\"https:\/\/legrandcontinent.eu\/fr\/2026\/08\/13\/pourquoi-nous-navons-pas-encore-bien-compris-lai-act\/#breadcrumb\"},\"inLanguage\":\"fr-FR\",\"potentialAction\":[{\"@type\":\"ReadAction\",\"target\":[\"https:\/\/legrandcontinent.eu\/fr\/2026\/08\/13\/pourquoi-nous-navons-pas-encore-bien-compris-lai-act\/\"]}]},{\"@type\":\"ImageObject\",\"inLanguage\":\"fr-FR\",\"@id\":\"https:\/\/legrandcontinent.eu\/fr\/2026\/08\/13\/pourquoi-nous-navons-pas-encore-bien-compris-lai-act\/#primaryimage\",\"url\":\"https:\/\/legrandcontinent.eu\/fr\/wp-content\/uploads\/sites\/2\/2026\/08\/RenaissanceDreams_00000-copy-2880x1769-1-scaled.jpg\",\"contentUrl\":\"https:\/\/legrandcontinent.eu\/fr\/wp-content\/uploads\/sites\/2\/2026\/08\/RenaissanceDreams_00000-copy-2880x1769-1-scaled.jpg\",\"width\":2560,\"height\":1572,\"caption\":\"\u00abCette cr\u00e9ation, qui consiste \u00e0 trouver de nouvelles formes dans les donn\u00e9es accumul\u00e9es, est ce que l'IA Act veut voir \u00e9clore, et surtout pas emp\u00eacher, car il s'agit d'encadrer la machine pour lib\u00e9rer l'humain. Et pas l\u2019inverse\u00bb. Photo : Renaissance Dreams \u2014 Palazzo Strozzi, Refik Anadol Studio\"},{\"@type\":\"BreadcrumbList\",\"@id\":\"https:\/\/legrandcontinent.eu\/fr\/2026\/08\/13\/pourquoi-nous-navons-pas-encore-bien-compris-lai-act\/#breadcrumb\",\"itemListElement\":[{\"@type\":\"ListItem\",\"position\":1,\"name\":\"Accueil\",\"item\":\"https:\/\/legrandcontinent.eu\/fr\/\"},{\"@type\":\"ListItem\",\"position\":2,\"name\":\"Pourquoi nous n\u2019avons pas encore bien compris l\u2019AI Act\"}]},{\"@type\":\"WebSite\",\"@id\":\"https:\/\/legrandcontinent.eu\/fr\/#website\",\"url\":\"https:\/\/legrandcontinent.eu\/fr\/\",\"name\":\"Le Grand Continent\",\"description\":\"L&#039;\u00e9chelle pertinente\",\"potentialAction\":[{\"@type\":\"SearchAction\",\"target\":{\"@type\":\"EntryPoint\",\"urlTemplate\":\"https:\/\/legrandcontinent.eu\/fr\/?s={search_term_string}\"},\"query-input\":{\"@type\":\"PropertyValueSpecification\",\"valueRequired\":true,\"valueName\":\"search_term_string\"}}],\"inLanguage\":\"fr-FR\"},{\"@type\":\"Person\",\"@id\":\"https:\/\/legrandcontinent.eu\/fr\/#\/schema\/person\/bee86896b403754f76b6b1515ff0b697\",\"name\":\"Ramona Bloj\",\"image\":{\"@type\":\"ImageObject\",\"inLanguage\":\"fr-FR\",\"@id\":\"https:\/\/legrandcontinent.eu\/fr\/#\/schema\/person\/image\/\",\"url\":\"https:\/\/secure.gravatar.com\/avatar\/c1d91adb7c4c1eed266b81c0f9915707?s=96&d=mm&r=g\",\"contentUrl\":\"https:\/\/secure.gravatar.com\/avatar\/c1d91adb7c4c1eed266b81c0f9915707?s=96&d=mm&r=g\",\"caption\":\"Ramona Bloj\"}}]}<\/script>\n<!-- \/ Yoast SEO plugin. -->","yoast_head_json":{"title":"Pourquoi nous n\u2019avons pas encore bien compris l\u2019AI Act","robots":{"index":"index","follow":"follow","max-snippet":"max-snippet:-1","max-image-preview":"max-image-preview:large","max-video-preview":"max-video-preview:-1"},"canonical":"https:\/\/legrandcontinent.eu\/fr\/2026\/08\/13\/pourquoi-nous-navons-pas-encore-bien-compris-lai-act\/","og_locale":"fr_FR","og_type":"article","og_title":"Pourquoi nous n\u2019avons pas encore bien compris l\u2019AI Act","og_description":"Et pourquoi l\u2019obligation de marquage n\u2019est vraiment pas le sujet.","og_url":"https:\/\/legrandcontinent.eu\/fr\/2026\/08\/13\/pourquoi-nous-navons-pas-encore-bien-compris-lai-act\/","og_site_name":"Le Grand Continent","article_published_time":"2026-08-13T07:27:08+00:00","article_modified_time":"2026-08-13T12:27:05+00:00","og_image":[{"width":2062,"height":1190,"url":"https:\/\/legrandcontinent.eu\/fr\/wp-content\/uploads\/sites\/2\/2026\/08\/Sans-titre-30.jpg","type":"image\/jpeg"}],"author":"Ramona Bloj","twitter_card":"summary_large_image","twitter_image":"https:\/\/legrandcontinent.eu\/fr\/wp-content\/uploads\/sites\/2\/2026\/08\/Sans-titre-30.jpg","twitter_misc":{"\u00c9crit par":"Ramona Bloj","Dur\u00e9e de lecture estim\u00e9e":"18 minutes"},"schema":{"@context":"https:\/\/schema.org","@graph":[{"@type":"WebPage","@id":"https:\/\/legrandcontinent.eu\/fr\/2026\/08\/13\/pourquoi-nous-navons-pas-encore-bien-compris-lai-act\/","url":"https:\/\/legrandcontinent.eu\/fr\/2026\/08\/13\/pourquoi-nous-navons-pas-encore-bien-compris-lai-act\/","name":"Pourquoi nous n\u2019avons pas encore bien compris l\u2019AI Act","isPartOf":{"@id":"https:\/\/legrandcontinent.eu\/fr\/#website"},"primaryImageOfPage":{"@id":"https:\/\/legrandcontinent.eu\/fr\/2026\/08\/13\/pourquoi-nous-navons-pas-encore-bien-compris-lai-act\/#primaryimage"},"image":{"@id":"https:\/\/legrandcontinent.eu\/fr\/2026\/08\/13\/pourquoi-nous-navons-pas-encore-bien-compris-lai-act\/#primaryimage"},"thumbnailUrl":"https:\/\/legrandcontinent.eu\/fr\/wp-content\/uploads\/sites\/2\/2026\/08\/RenaissanceDreams_00000-copy-2880x1769-1-scaled.jpg","datePublished":"2026-08-13T07:27:08+00:00","dateModified":"2026-08-13T12:27:05+00:00","author":{"@id":"https:\/\/legrandcontinent.eu\/fr\/#\/schema\/person\/bee86896b403754f76b6b1515ff0b697"},"breadcrumb":{"@id":"https:\/\/legrandcontinent.eu\/fr\/2026\/08\/13\/pourquoi-nous-navons-pas-encore-bien-compris-lai-act\/#breadcrumb"},"inLanguage":"fr-FR","potentialAction":[{"@type":"ReadAction","target":["https:\/\/legrandcontinent.eu\/fr\/2026\/08\/13\/pourquoi-nous-navons-pas-encore-bien-compris-lai-act\/"]}]},{"@type":"ImageObject","inLanguage":"fr-FR","@id":"https:\/\/legrandcontinent.eu\/fr\/2026\/08\/13\/pourquoi-nous-navons-pas-encore-bien-compris-lai-act\/#primaryimage","url":"https:\/\/legrandcontinent.eu\/fr\/wp-content\/uploads\/sites\/2\/2026\/08\/RenaissanceDreams_00000-copy-2880x1769-1-scaled.jpg","contentUrl":"https:\/\/legrandcontinent.eu\/fr\/wp-content\/uploads\/sites\/2\/2026\/08\/RenaissanceDreams_00000-copy-2880x1769-1-scaled.jpg","width":2560,"height":1572,"caption":"\u00abCette cr\u00e9ation, qui consiste \u00e0 trouver de nouvelles formes dans les donn\u00e9es accumul\u00e9es, est ce que l'IA Act veut voir \u00e9clore, et surtout pas emp\u00eacher, car il s'agit d'encadrer la machine pour lib\u00e9rer l'humain. Et pas l\u2019inverse\u00bb. Photo : Renaissance Dreams \u2014 Palazzo Strozzi, Refik Anadol Studio"},{"@type":"BreadcrumbList","@id":"https:\/\/legrandcontinent.eu\/fr\/2026\/08\/13\/pourquoi-nous-navons-pas-encore-bien-compris-lai-act\/#breadcrumb","itemListElement":[{"@type":"ListItem","position":1,"name":"Accueil","item":"https:\/\/legrandcontinent.eu\/fr\/"},{"@type":"ListItem","position":2,"name":"Pourquoi nous n\u2019avons pas encore bien compris l\u2019AI Act"}]},{"@type":"WebSite","@id":"https:\/\/legrandcontinent.eu\/fr\/#website","url":"https:\/\/legrandcontinent.eu\/fr\/","name":"Le Grand Continent","description":"L&#039;\u00e9chelle pertinente","potentialAction":[{"@type":"SearchAction","target":{"@type":"EntryPoint","urlTemplate":"https:\/\/legrandcontinent.eu\/fr\/?s={search_term_string}"},"query-input":{"@type":"PropertyValueSpecification","valueRequired":true,"valueName":"search_term_string"}}],"inLanguage":"fr-FR"},{"@type":"Person","@id":"https:\/\/legrandcontinent.eu\/fr\/#\/schema\/person\/bee86896b403754f76b6b1515ff0b697","name":"Ramona Bloj","image":{"@type":"ImageObject","inLanguage":"fr-FR","@id":"https:\/\/legrandcontinent.eu\/fr\/#\/schema\/person\/image\/","url":"https:\/\/secure.gravatar.com\/avatar\/c1d91adb7c4c1eed266b81c0f9915707?s=96&d=mm&r=g","contentUrl":"https:\/\/secure.gravatar.com\/avatar\/c1d91adb7c4c1eed266b81c0f9915707?s=96&d=mm&r=g","caption":"Ramona Bloj"}}]}},"lgc_categories":[{"id":3412,"name":"Puissances de l'IA","slug":"puissances-de-lia"}],"lgc_author":{"id":4314,"name":"Thierry Breton","slug":"thierry-breton","description":"Thierry Breton a \u00e9t\u00e9 commissaire europ\u00e9en charg\u00e9 du march\u00e9 int\u00e9rieur, de la politique industrielle, du tourisme, du num\u00e9rique, de l'audiovisuel, de la d\u00e9fense et de l'espace de 2019 \u00e0 2024.","first_name":"Thierry","last_name":"Breton","picture":{"url":"https:\/\/legrandcontinent.eu\/fr\/wp-content\/uploads\/sites\/2\/2025\/03\/thierry-breton.png","width":1780,"height":1780,"alt":""}},"feature_image_summary":{"url":"https:\/\/legrandcontinent.eu\/fr\/wp-content\/uploads\/sites\/2\/2026\/08\/RenaissanceDreams_00000-copy-2880x1769-1-scaled.jpg","width":2560,"height":1572,"alt":""},"feature_image_cover":{"url":"https:\/\/legrandcontinent.eu\/fr\/wp-content\/uploads\/sites\/2\/2026\/08\/RenaissanceDreams_00000-copy-2880x1769-1-scaled.jpg","width":2560,"height":1572,"alt":""},"term_position_data":null,"_links":{"self":[{"href":"https:\/\/legrandcontinent.eu\/fr\/wp-json\/wp\/v2\/posts\/352576","targetHints":{"allow":["GET"]}}],"collection":[{"href":"https:\/\/legrandcontinent.eu\/fr\/wp-json\/wp\/v2\/posts"}],"about":[{"href":"https:\/\/legrandcontinent.eu\/fr\/wp-json\/wp\/v2\/types\/post"}],"author":[{"embeddable":true,"href":"https:\/\/legrandcontinent.eu\/fr\/wp-json\/wp\/v2\/users\/40"}],"replies":[{"embeddable":true,"href":"https:\/\/legrandcontinent.eu\/fr\/wp-json\/wp\/v2\/comments?post=352576"}],"version-history":[{"count":80,"href":"https:\/\/legrandcontinent.eu\/fr\/wp-json\/wp\/v2\/posts\/352576\/revisions"}],"predecessor-version":[{"id":352822,"href":"https:\/\/legrandcontinent.eu\/fr\/wp-json\/wp\/v2\/posts\/352576\/revisions\/352822"}],"wp:featuredmedia":[{"embeddable":true,"href":"https:\/\/legrandcontinent.eu\/fr\/wp-json\/wp\/v2\/media\/352584"}],"wp:attachment":[{"href":"https:\/\/legrandcontinent.eu\/fr\/wp-json\/wp\/v2\/media?parent=352576"}],"wp:term":[{"taxonomy":"category","embeddable":true,"href":"https:\/\/legrandcontinent.eu\/fr\/wp-json\/wp\/v2\/categories?post=352576"},{"taxonomy":"post_tag","embeddable":true,"href":"https:\/\/legrandcontinent.eu\/fr\/wp-json\/wp\/v2\/tags?post=352576"},{"taxonomy":"staff","embeddable":true,"href":"https:\/\/legrandcontinent.eu\/fr\/wp-json\/wp\/v2\/staff?post=352576"},{"taxonomy":"editorial_format","embeddable":true,"href":"https:\/\/legrandcontinent.eu\/fr\/wp-json\/wp\/v2\/editorial_format?post=352576"},{"taxonomy":"serie","embeddable":true,"href":"https:\/\/legrandcontinent.eu\/fr\/wp-json\/wp\/v2\/serie?post=352576"},{"taxonomy":"audience","embeddable":true,"href":"https:\/\/legrandcontinent.eu\/fr\/wp-json\/wp\/v2\/audience?post=352576"},{"taxonomy":"geo","embeddable":true,"href":"https:\/\/legrandcontinent.eu\/fr\/wp-json\/wp\/v2\/geo?post=352576"}],"curies":[{"name":"wp","href":"https:\/\/api.w.org\/{rel}","templated":true}]}}