{"id":352424,"date":"2026-08-11T18:23:50","date_gmt":"2026-08-11T16:23:50","guid":{"rendered":"https:\/\/legrandcontinent.eu\/fr\/?p=352424"},"modified":"2026-08-11T21:29:04","modified_gmt":"2026-08-11T19:29:04","slug":"en-un-an-et-demi-trump-a-cree-17-fois-moins-demplois-que-joe-biden","status":"publish","type":"post","link":"https:\/\/legrandcontinent.eu\/fr\/2026\/08\/11\/en-un-an-et-demi-trump-a-cree-17-fois-moins-demplois-que-joe-biden\/","title":{"rendered":"En un an et demi, Trump a cr\u00e9\u00e9 17 fois moins d\u2019emplois que Joe Biden"},"content":{"rendered":"\n<p>Les derni\u00e8res donn\u00e9es publi\u00e9es par le d\u00e9partement du Travail am\u00e9ricain montrent que le march\u00e9 de l\u2019emploi aux \u00c9tats-Unis continue de se d\u00e9grader. En juillet, le pays a perdu 23 000 emplois, tandis que les chiffres pour les mois pr\u00e9c\u00e9dents ont \u00e9t\u00e9 nettement revus \u00e0 la baisse&#160;: -103 000 emplois sur mai-juin par rapport aux premi\u00e8res estimations.<\/p>\n\n\n\n<ul class=\"wp-block-list\">\n<li>Sur un an, entre juillet 2025 et juillet 2026, l\u2019emploi n\u2019a progress\u00e9 que de 0,2&#160;%, soit 316 000 postes cr\u00e9\u00e9s.<\/li>\n\n\n\n<li>C\u2019est deux fois moins que la population du pays, qui augmente d\u2019environ 0,5&#160;% par an (1,8 million de personnes).<\/li>\n<\/ul>\n\n\n\n<div class=\"iframe-container wp-block-image wp-block-image-medium  iframe-dw\">\n\t<div>\n\t\t<iframe class=\"absolute w-full h-full pin-t pin-l\" title=\"titolo\" aria-label=\"Interactive line chart\" src=\"\/\/datawrapper.dwcdn.net\/yhrnx\" scrolling=\"no\" frameborder=\"0\"><\/iframe>\n\t<\/div>\n<\/div>\n\n\n\n<p>Entre janvier 2025 et juillet 2026, seulement 590 000 nouveaux postes ont \u00e9t\u00e9 cr\u00e9\u00e9s, soit 17 fois moins que Joe Biden sur la m\u00eame p\u00e9riode (10 209 000 emplois), lorsque le march\u00e9 du travail avait connu un rebond apr\u00e8s la pand\u00e9mie de Covid-19.<\/p>\n\n\n\n<p>Trump lui-m\u00eame avait connu de meilleurs chiffres lors des 19 premiers mois de son premier mandat (2017-2021), avec 3 392 000 emplois cr\u00e9\u00e9s.<\/p>\n\n\n\n<ul class=\"wp-block-list\">\n<li>Malgr\u00e9 la faiblesse du march\u00e9 du travail, le taux de ch\u00f4mage a atteint 4,1&#160;% le mois dernier (-0,1 point), soit son niveau le moins \u00e9lev\u00e9 depuis plus d\u2019un an.<\/li>\n\n\n\n<li>Cette baisse s\u2019explique notamment par un recul de la population active, d\u00fb \u00e0 une vague de d\u00e9parts \u00e0 la retraite et \u00e0 une mise en retrait de demandeurs d&#8217;emploi qui attendent de meilleures opportunit\u00e9s.<\/li>\n\n\n\n<li>En cons\u00e9quence, la proportion d&rsquo;Am\u00e9ricains qui travaillent ou qui sont en recherche active d\u2019emploi se trouve \u00e0 son plus bas niveau depuis f\u00e9vrier 2021.<\/li>\n<\/ul>\n\n\n\n<div class=\"iframe-container wp-block-image wp-block-image-medium  iframe-dw\">\n\t<div>\n\t\t<iframe class=\"absolute w-full h-full pin-t pin-l\" title=\"titolo\" aria-label=\"Interactive line chart\" src=\"\/\/datawrapper.dwcdn.net\/cEFl6\" scrolling=\"no\" frameborder=\"0\"><\/iframe>\n\t<\/div>\n<\/div>\n\n\n\n<p>\u00c0 moins de trois mois des \u00e9lections de mi-mandat, les chiffres du d\u00e9partement du Travail montrent \u00e9galement que la croissance des salaires moyens a atteint son rythme le plus faible depuis le d\u00e9but de la pand\u00e9mie.<\/p>\n\n\n\n<ul class=\"wp-block-list\">\n<li>En avril et en mai, l\u2019inflation a augment\u00e9 plus vite que les salaires pour la premi\u00e8re fois depuis mai 2023.<\/li>\n<\/ul>\n","protected":false},"excerpt":{"rendered":"<p>En avril et en mai, l\u2019inflation a augment\u00e9 plus vite que les salaires pour la premi\u00e8re fois depuis mai 2023.<\/p>\n","protected":false},"author":2622,"featured_media":352445,"comment_status":"closed","ping_status":"closed","sticky":false,"template":"templates\/post-briefings.php","format":"standard","meta":{"_acf_changed":false,"_trash_the_other_posts":false,"_yoast_wpseo_estimated-reading-time-minutes":2,"_lgc_tts_voice":"","_lgc_tts_publish":false,"_lgc_tts_history_item_id":"","_lgc_tts_generated_at":"","_lgc_tts_status":"","_lgc_tts_error":"","footnotes":""},"categories":[1727],"tags":[],"staff":[4180],"editorial_format":[4942],"serie":[],"audience":[],"geo":[525],"class_list":["post-352424","post","type-post","status-publish","format-standard","hentry","category-economie","staff-guillaume-duval","editorial_format-actu-breves","geo-ameriques"],"acf":{"open_in_webview":false,"accent":"default","_thumbnail_id":352445,"excerpt":"En avril et en mai, l\u2019inflation a augment\u00e9 plus vite que les salaires pour la premi\u00e8re fois depuis mai 2023.","display_date":"","new_abstract":true},"yoast_head":"<!-- This site is optimized with the Yoast SEO plugin v26.1.1 - https:\/\/yoast.com\/wordpress\/plugins\/seo\/ -->\n<title>En un an et demi, Trump a cr\u00e9\u00e9 17 fois moins d\u2019emplois que Biden<\/title>\n<meta name=\"robots\" content=\"index, follow, max-snippet:-1, max-image-preview:large, max-video-preview:-1\" \/>\n<link rel=\"canonical\" href=\"https:\/\/legrandcontinent.eu\/fr\/2026\/08\/11\/en-un-an-et-demi-trump-a-cree-17-fois-moins-demplois-que-joe-biden\/\" \/>\n<meta property=\"og:locale\" content=\"fr_FR\" \/>\n<meta property=\"og:type\" content=\"article\" \/>\n<meta property=\"og:title\" content=\"En un an et demi, Trump a cr\u00e9\u00e9 17 fois moins d\u2019emplois que Biden\" \/>\n<meta property=\"og:description\" content=\"En avril et en mai, l\u2019inflation a augment\u00e9 plus vite que les salaires pour la premi\u00e8re fois depuis mai 2023.\" \/>\n<meta property=\"og:url\" content=\"https:\/\/legrandcontinent.eu\/fr\/2026\/08\/11\/en-un-an-et-demi-trump-a-cree-17-fois-moins-demplois-que-joe-biden\/\" \/>\n<meta property=\"og:site_name\" content=\"Le Grand Continent\" \/>\n<meta property=\"article:published_time\" content=\"2026-08-11T16:23:50+00:00\" \/>\n<meta property=\"article:modified_time\" content=\"2026-08-11T19:29:04+00:00\" \/>\n<meta property=\"og:image\" content=\"https:\/\/legrandcontinent.eu\/fr\/wp-content\/uploads\/sites\/2\/2026\/08\/share-Evolution-de-lemploi-non-agricole-aux-Etats-Unis.png\" \/>\n\t<meta property=\"og:image:width\" content=\"1894\" \/>\n\t<meta property=\"og:image:height\" content=\"1056\" \/>\n\t<meta property=\"og:image:type\" content=\"image\/png\" \/>\n<meta name=\"author\" content=\"Marin Saillofest\" \/>\n<meta name=\"twitter:card\" content=\"summary_large_image\" \/>\n<meta name=\"twitter:image\" content=\"https:\/\/legrandcontinent.eu\/fr\/wp-content\/uploads\/sites\/2\/2026\/08\/share-Evolution-de-lemploi-non-agricole-aux-Etats-Unis.png\" \/>\n<meta name=\"twitter:label1\" content=\"\u00c9crit par\" \/>\n\t<meta name=\"twitter:data1\" content=\"Marin Saillofest\" \/>\n\t<meta name=\"twitter:label2\" content=\"Dur\u00e9e de lecture estim\u00e9e\" \/>\n\t<meta name=\"twitter:data2\" content=\"2 minutes\" \/>\n<script type=\"application\/ld+json\" class=\"yoast-schema-graph\">{\"@context\":\"https:\/\/schema.org\",\"@graph\":[{\"@type\":\"WebPage\",\"@id\":\"https:\/\/legrandcontinent.eu\/fr\/2026\/08\/11\/en-un-an-et-demi-trump-a-cree-17-fois-moins-demplois-que-joe-biden\/\",\"url\":\"https:\/\/legrandcontinent.eu\/fr\/2026\/08\/11\/en-un-an-et-demi-trump-a-cree-17-fois-moins-demplois-que-joe-biden\/\",\"name\":\"En un an et demi, Trump a cr\u00e9\u00e9 17 fois moins d\u2019emplois que Biden\",\"isPartOf\":{\"@id\":\"https:\/\/legrandcontinent.eu\/fr\/#website\"},\"primaryImageOfPage\":{\"@id\":\"https:\/\/legrandcontinent.eu\/fr\/2026\/08\/11\/en-un-an-et-demi-trump-a-cree-17-fois-moins-demplois-que-joe-biden\/#primaryimage\"},\"image\":{\"@id\":\"https:\/\/legrandcontinent.eu\/fr\/2026\/08\/11\/en-un-an-et-demi-trump-a-cree-17-fois-moins-demplois-que-joe-biden\/#primaryimage\"},\"thumbnailUrl\":\"https:\/\/legrandcontinent.eu\/fr\/wp-content\/uploads\/sites\/2\/2026\/08\/Evolution-de-lemploi-non-agricole-aux-Etats-Unis.png\",\"datePublished\":\"2026-08-11T16:23:50+00:00\",\"dateModified\":\"2026-08-11T19:29:04+00:00\",\"author\":{\"@id\":\"https:\/\/legrandcontinent.eu\/fr\/#\/schema\/person\/e4f85f52220fc7b4cc3cfdb86d88e833\"},\"breadcrumb\":{\"@id\":\"https:\/\/legrandcontinent.eu\/fr\/2026\/08\/11\/en-un-an-et-demi-trump-a-cree-17-fois-moins-demplois-que-joe-biden\/#breadcrumb\"},\"inLanguage\":\"fr-FR\",\"potentialAction\":[{\"@type\":\"ReadAction\",\"target\":[\"https:\/\/legrandcontinent.eu\/fr\/2026\/08\/11\/en-un-an-et-demi-trump-a-cree-17-fois-moins-demplois-que-joe-biden\/\"]}]},{\"@type\":\"ImageObject\",\"inLanguage\":\"fr-FR\",\"@id\":\"https:\/\/legrandcontinent.eu\/fr\/2026\/08\/11\/en-un-an-et-demi-trump-a-cree-17-fois-moins-demplois-que-joe-biden\/#primaryimage\",\"url\":\"https:\/\/legrandcontinent.eu\/fr\/wp-content\/uploads\/sites\/2\/2026\/08\/Evolution-de-lemploi-non-agricole-aux-Etats-Unis.png\",\"contentUrl\":\"https:\/\/legrandcontinent.eu\/fr\/wp-content\/uploads\/sites\/2\/2026\/08\/Evolution-de-lemploi-non-agricole-aux-Etats-Unis.png\",\"width\":1884,\"height\":1044},{\"@type\":\"BreadcrumbList\",\"@id\":\"https:\/\/legrandcontinent.eu\/fr\/2026\/08\/11\/en-un-an-et-demi-trump-a-cree-17-fois-moins-demplois-que-joe-biden\/#breadcrumb\",\"itemListElement\":[{\"@type\":\"ListItem\",\"position\":1,\"name\":\"Accueil\",\"item\":\"https:\/\/legrandcontinent.eu\/fr\/\"},{\"@type\":\"ListItem\",\"position\":2,\"name\":\"En un an et demi, Trump a cr\u00e9\u00e9 17 fois moins d\u2019emplois que Joe Biden\"}]},{\"@type\":\"WebSite\",\"@id\":\"https:\/\/legrandcontinent.eu\/fr\/#website\",\"url\":\"https:\/\/legrandcontinent.eu\/fr\/\",\"name\":\"Le Grand Continent\",\"description\":\"L&#039;\u00e9chelle pertinente\",\"potentialAction\":[{\"@type\":\"SearchAction\",\"target\":{\"@type\":\"EntryPoint\",\"urlTemplate\":\"https:\/\/legrandcontinent.eu\/fr\/?s={search_term_string}\"},\"query-input\":{\"@type\":\"PropertyValueSpecification\",\"valueRequired\":true,\"valueName\":\"search_term_string\"}}],\"inLanguage\":\"fr-FR\"},{\"@type\":\"Person\",\"@id\":\"https:\/\/legrandcontinent.eu\/fr\/#\/schema\/person\/e4f85f52220fc7b4cc3cfdb86d88e833\",\"name\":\"Marin Saillofest\",\"image\":{\"@type\":\"ImageObject\",\"inLanguage\":\"fr-FR\",\"@id\":\"https:\/\/legrandcontinent.eu\/fr\/#\/schema\/person\/image\/\",\"url\":\"https:\/\/secure.gravatar.com\/avatar\/87088698b4d967390c49ae6d4f1aa459?s=96&d=mm&r=g\",\"contentUrl\":\"https:\/\/secure.gravatar.com\/avatar\/87088698b4d967390c49ae6d4f1aa459?s=96&d=mm&r=g\",\"caption\":\"Marin Saillofest\"}}]}<\/script>\n<!-- \/ Yoast SEO plugin. -->","yoast_head_json":{"title":"En un an et demi, Trump a cr\u00e9\u00e9 17 fois moins d\u2019emplois que Biden","robots":{"index":"index","follow":"follow","max-snippet":"max-snippet:-1","max-image-preview":"max-image-preview:large","max-video-preview":"max-video-preview:-1"},"canonical":"https:\/\/legrandcontinent.eu\/fr\/2026\/08\/11\/en-un-an-et-demi-trump-a-cree-17-fois-moins-demplois-que-joe-biden\/","og_locale":"fr_FR","og_type":"article","og_title":"En un an et demi, Trump a cr\u00e9\u00e9 17 fois moins d\u2019emplois que Biden","og_description":"En avril et en mai, l\u2019inflation a augment\u00e9 plus vite que les salaires pour la premi\u00e8re fois depuis mai 2023.","og_url":"https:\/\/legrandcontinent.eu\/fr\/2026\/08\/11\/en-un-an-et-demi-trump-a-cree-17-fois-moins-demplois-que-joe-biden\/","og_site_name":"Le Grand Continent","article_published_time":"2026-08-11T16:23:50+00:00","article_modified_time":"2026-08-11T19:29:04+00:00","og_image":[{"width":1894,"height":1056,"url":"https:\/\/legrandcontinent.eu\/fr\/wp-content\/uploads\/sites\/2\/2026\/08\/share-Evolution-de-lemploi-non-agricole-aux-Etats-Unis.png","type":"image\/png"}],"author":"Marin Saillofest","twitter_card":"summary_large_image","twitter_image":"https:\/\/legrandcontinent.eu\/fr\/wp-content\/uploads\/sites\/2\/2026\/08\/share-Evolution-de-lemploi-non-agricole-aux-Etats-Unis.png","twitter_misc":{"\u00c9crit par":"Marin Saillofest","Dur\u00e9e de lecture estim\u00e9e":"2 minutes"},"schema":{"@context":"https:\/\/schema.org","@graph":[{"@type":"WebPage","@id":"https:\/\/legrandcontinent.eu\/fr\/2026\/08\/11\/en-un-an-et-demi-trump-a-cree-17-fois-moins-demplois-que-joe-biden\/","url":"https:\/\/legrandcontinent.eu\/fr\/2026\/08\/11\/en-un-an-et-demi-trump-a-cree-17-fois-moins-demplois-que-joe-biden\/","name":"En un an et demi, Trump a cr\u00e9\u00e9 17 fois moins d\u2019emplois que Biden","isPartOf":{"@id":"https:\/\/legrandcontinent.eu\/fr\/#website"},"primaryImageOfPage":{"@id":"https:\/\/legrandcontinent.eu\/fr\/2026\/08\/11\/en-un-an-et-demi-trump-a-cree-17-fois-moins-demplois-que-joe-biden\/#primaryimage"},"image":{"@id":"https:\/\/legrandcontinent.eu\/fr\/2026\/08\/11\/en-un-an-et-demi-trump-a-cree-17-fois-moins-demplois-que-joe-biden\/#primaryimage"},"thumbnailUrl":"https:\/\/legrandcontinent.eu\/fr\/wp-content\/uploads\/sites\/2\/2026\/08\/Evolution-de-lemploi-non-agricole-aux-Etats-Unis.png","datePublished":"2026-08-11T16:23:50+00:00","dateModified":"2026-08-11T19:29:04+00:00","author":{"@id":"https:\/\/legrandcontinent.eu\/fr\/#\/schema\/person\/e4f85f52220fc7b4cc3cfdb86d88e833"},"breadcrumb":{"@id":"https:\/\/legrandcontinent.eu\/fr\/2026\/08\/11\/en-un-an-et-demi-trump-a-cree-17-fois-moins-demplois-que-joe-biden\/#breadcrumb"},"inLanguage":"fr-FR","potentialAction":[{"@type":"ReadAction","target":["https:\/\/legrandcontinent.eu\/fr\/2026\/08\/11\/en-un-an-et-demi-trump-a-cree-17-fois-moins-demplois-que-joe-biden\/"]}]},{"@type":"ImageObject","inLanguage":"fr-FR","@id":"https:\/\/legrandcontinent.eu\/fr\/2026\/08\/11\/en-un-an-et-demi-trump-a-cree-17-fois-moins-demplois-que-joe-biden\/#primaryimage","url":"https:\/\/legrandcontinent.eu\/fr\/wp-content\/uploads\/sites\/2\/2026\/08\/Evolution-de-lemploi-non-agricole-aux-Etats-Unis.png","contentUrl":"https:\/\/legrandcontinent.eu\/fr\/wp-content\/uploads\/sites\/2\/2026\/08\/Evolution-de-lemploi-non-agricole-aux-Etats-Unis.png","width":1884,"height":1044},{"@type":"BreadcrumbList","@id":"https:\/\/legrandcontinent.eu\/fr\/2026\/08\/11\/en-un-an-et-demi-trump-a-cree-17-fois-moins-demplois-que-joe-biden\/#breadcrumb","itemListElement":[{"@type":"ListItem","position":1,"name":"Accueil","item":"https:\/\/legrandcontinent.eu\/fr\/"},{"@type":"ListItem","position":2,"name":"En un an et demi, Trump a cr\u00e9\u00e9 17 fois moins d\u2019emplois que Joe Biden"}]},{"@type":"WebSite","@id":"https:\/\/legrandcontinent.eu\/fr\/#website","url":"https:\/\/legrandcontinent.eu\/fr\/","name":"Le Grand Continent","description":"L&#039;\u00e9chelle pertinente","potentialAction":[{"@type":"SearchAction","target":{"@type":"EntryPoint","urlTemplate":"https:\/\/legrandcontinent.eu\/fr\/?s={search_term_string}"},"query-input":{"@type":"PropertyValueSpecification","valueRequired":true,"valueName":"search_term_string"}}],"inLanguage":"fr-FR"},{"@type":"Person","@id":"https:\/\/legrandcontinent.eu\/fr\/#\/schema\/person\/e4f85f52220fc7b4cc3cfdb86d88e833","name":"Marin Saillofest","image":{"@type":"ImageObject","inLanguage":"fr-FR","@id":"https:\/\/legrandcontinent.eu\/fr\/#\/schema\/person\/image\/","url":"https:\/\/secure.gravatar.com\/avatar\/87088698b4d967390c49ae6d4f1aa459?s=96&d=mm&r=g","contentUrl":"https:\/\/secure.gravatar.com\/avatar\/87088698b4d967390c49ae6d4f1aa459?s=96&d=mm&r=g","caption":"Marin Saillofest"}}]}},"lgc_categories":[{"id":1727,"name":"\u00c9conomie","slug":"economie"}],"lgc_author":{"id":4180,"name":"Guillaume Duval","slug":"guillaume-duval","description":"Guillaume Duval est ancien speechwriter du HR\/VP Josep Borrell, ancien r\u00e9dacteur en chef d'Alternatives \u00c9conomiques et conseiller aupr\u00e8s de l'Institut Jacques Delors. Il est l'auteur de \"Made in Germany, le mod\u00e8le allemand au del\u00e0 des mythes\" aux \u00e9ditions du Seuil.","first_name":"Guillaume","last_name":"Duval","picture":{"url":"https:\/\/legrandcontinent.eu\/fr\/wp-content\/uploads\/sites\/2\/2024\/12\/gc-GuillaumeDuval-1.png","width":222,"height":222,"alt":""}},"feature_image_summary":{"url":"https:\/\/legrandcontinent.eu\/fr\/wp-content\/uploads\/sites\/2\/2026\/08\/Evolution-de-lemploi-non-agricole-aux-Etats-Unis.png","width":1884,"height":1044,"alt":""},"feature_image_cover":null,"term_position_data":null,"_links":{"self":[{"href":"https:\/\/legrandcontinent.eu\/fr\/wp-json\/wp\/v2\/posts\/352424","targetHints":{"allow":["GET"]}}],"collection":[{"href":"https:\/\/legrandcontinent.eu\/fr\/wp-json\/wp\/v2\/posts"}],"about":[{"href":"https:\/\/legrandcontinent.eu\/fr\/wp-json\/wp\/v2\/types\/post"}],"author":[{"embeddable":true,"href":"https:\/\/legrandcontinent.eu\/fr\/wp-json\/wp\/v2\/users\/2622"}],"replies":[{"embeddable":true,"href":"https:\/\/legrandcontinent.eu\/fr\/wp-json\/wp\/v2\/comments?post=352424"}],"version-history":[{"count":5,"href":"https:\/\/legrandcontinent.eu\/fr\/wp-json\/wp\/v2\/posts\/352424\/revisions"}],"predecessor-version":[{"id":352448,"href":"https:\/\/legrandcontinent.eu\/fr\/wp-json\/wp\/v2\/posts\/352424\/revisions\/352448"}],"wp:featuredmedia":[{"embeddable":true,"href":"https:\/\/legrandcontinent.eu\/fr\/wp-json\/wp\/v2\/media\/352445"}],"wp:attachment":[{"href":"https:\/\/legrandcontinent.eu\/fr\/wp-json\/wp\/v2\/media?parent=352424"}],"wp:term":[{"taxonomy":"category","embeddable":true,"href":"https:\/\/legrandcontinent.eu\/fr\/wp-json\/wp\/v2\/categories?post=352424"},{"taxonomy":"post_tag","embeddable":true,"href":"https:\/\/legrandcontinent.eu\/fr\/wp-json\/wp\/v2\/tags?post=352424"},{"taxonomy":"staff","embeddable":true,"href":"https:\/\/legrandcontinent.eu\/fr\/wp-json\/wp\/v2\/staff?post=352424"},{"taxonomy":"editorial_format","embeddable":true,"href":"https:\/\/legrandcontinent.eu\/fr\/wp-json\/wp\/v2\/editorial_format?post=352424"},{"taxonomy":"serie","embeddable":true,"href":"https:\/\/legrandcontinent.eu\/fr\/wp-json\/wp\/v2\/serie?post=352424"},{"taxonomy":"audience","embeddable":true,"href":"https:\/\/legrandcontinent.eu\/fr\/wp-json\/wp\/v2\/audience?post=352424"},{"taxonomy":"geo","embeddable":true,"href":"https:\/\/legrandcontinent.eu\/fr\/wp-json\/wp\/v2\/geo?post=352424"}],"curies":[{"name":"wp","href":"https:\/\/api.w.org\/{rel}","templated":true}]}}