{"id":352407,"date":"2026-08-11T18:00:00","date_gmt":"2026-08-11T16:00:00","guid":{"rendered":"https:\/\/legrandcontinent.eu\/fr\/?p=352407"},"modified":"2026-08-12T10:25:00","modified_gmt":"2026-08-12T08:25:00","slug":"globalisme","status":"publish","type":"post","link":"https:\/\/legrandcontinent.eu\/fr\/2026\/08\/11\/globalisme\/","title":{"rendered":"Globalisme"},"content":{"rendered":"\n<p class=\"non-subscribers-only\"><em>Tout au long du mois d\u2019ao\u00fbt, <\/em>le Grand Continent<em> publiera en acc\u00e8s libre <\/em><a href=\"https:\/\/legrandcontinent.eu\/fr\/2026\/07\/23\/le-premier-pas-de-lextreme-droite-cest-de-normaliser-des-mots-extremes\/\">Le Vocabulaire de l\u2019extr\u00eame droite<\/a><em>, fruit du travail collectif d\u2019un ensemble de chercheuses et de chercheurs \u2014 sociologues, historiens, politistes, socio-linguistes \u2014 venus de toute l\u2019Europe sous <\/em><a href=\"https:\/\/legrandcontinent.eu\/fr\/2026\/07\/23\/le-premier-pas-de-lextreme-droite-cest-de-normaliser-des-mots-extremes\/\" target=\"_blank\" rel=\"noreferrer noopener\"><em>la direction de Steven Forti<\/em><\/a><em>. Pour recevoir chaque lemme dans votre bo\u00eete mail et soutenir le travail d\u2019une r\u00e9daction ind\u00e9pendante, <\/em><a href=\"https:\/\/legrandcontinent.eu\/fr\/offre-abonnement\/\" target=\"_blank\" rel=\"noreferrer noopener\"><em>abonnez-vous<\/em><\/a><\/p>\n\n\n\n<p class=\"has-drop-cap\">Pendant la campagne pr\u00e9sidentielle am\u00e9ricaine de 2016, Donald Trump a multipli\u00e9 les recours aux termes \u00ab&#160;globalisme&#160;\u00bb et \u00ab&#160;globalistes&#160;\u00bb. Dans un tweet de juin 2016 visant la candidate d\u00e9mocrate Hillary Clinton, il \u00e9crivait que le vote de novembre serait \u00ab&#160;un choix entre l\u2019am\u00e9ricanisme et son globalisme corrompu&#160;\u00bb&nbsp;<span class='whitespace-nowrap'><span id='easy-footnote-1-352407' class='easy-footnote-margin-adjust'><\/span><span class='easy-footnote note-digits-1'><a href='https:\/\/legrandcontinent.eu\/fr\/2026\/08\/11\/globalisme\/#easy-footnote-bottom-1-352407' title='Liam Stack, \u00ab&amp;#160;Globalism&amp;#160;: A Far-Right Conspiracy Theory Buoyed by Trump&amp;#160;\u00bb, &lt;em&gt;The New York Times&lt;\/em&gt;, 14 novembre 2016.'><sup>1<\/sup><\/a><\/span><\/span>. Devenu pr\u00e9sident, il rejetait explicitement, \u00e0 la tribune de l\u2019Assembl\u00e9e g\u00e9n\u00e9rale des Nations unies en septembre 2018, l\u2019\u00ab&#160;id\u00e9ologie du globalisme&#160;\u00bb, \u00e0 laquelle il opposait la \u00ab&#160;doctrine du patriotisme&#160;\u00bb r\u00e9sum\u00e9e par son slogan \u00ab&#160;America First&#160;\u00bb&nbsp;<span class='whitespace-nowrap'><span id='easy-footnote-2-352407' class='easy-footnote-margin-adjust'><\/span><span class='easy-footnote note-digits-1'><a href='https:\/\/legrandcontinent.eu\/fr\/2026\/08\/11\/globalisme\/#easy-footnote-bottom-2-352407' title='\u00ab&amp;#160;US President Trump Rejects Globalism in Speech to UN General Assembly&amp;#160;\u00bb, ONU Info, 25 septembre 2018.'><sup>2<\/sup><\/a><\/span><\/span>. Ce r\u00e9cit que Trump n\u2019a cess\u00e9 de r\u00e9p\u00e9ter depuis, comme en t\u00e9moigne encore <a href=\"https:\/\/legrandcontinent.eu\/fr\/2025\/09\/23\/trump-aux-nations-unies-un-moment-unipolaire\/\">son discours \u00e0 la m\u00eame tribune en 2025<\/a>, semble structurer un mouvement paradoxalement global&nbsp;<span class='whitespace-nowrap'><span id='easy-footnote-3-352407' class='easy-footnote-margin-adjust'><\/span><span class='easy-footnote note-digits-1'><a href='https:\/\/legrandcontinent.eu\/fr\/2026\/08\/11\/globalisme\/#easy-footnote-bottom-3-352407' title='\u00ab&amp;#160;At UN, President Trump Champions Sovereignty, Rejects Globalism&amp;#160;\u00bb, Maison-Blanche, 23 septembre 2025.'><sup>3<\/sup><\/a><\/span><\/span>.<\/p>\n\n\n\n<h2 class=\"wp-block-heading\">G\u00e9n\u00e9alogie d&rsquo;une insulte<\/h2>\n\n\n\n<p>Le chef de file du mouvement MAGA (<em>Make America Great Again<\/em>) n\u2019a pourtant rien invent\u00e9. L\u2019usage p\u00e9joratif du terme circulait depuis longtemps des deux c\u00f4t\u00e9s de l\u2019Atlantique. Aux \u00c9tats-Unis, pendant la Seconde Guerre mondiale, les secteurs les plus conservateurs et isolationnistes du Parti r\u00e9publicain l\u2019employaient pour critiquer la politique de Franklin D. Roosevelt, opposant \u00e0 une approche tax\u00e9e de \u00ab&#160;globaliste&#160;\u00bb une vision nativiste, le refus de l\u2019immigration europ\u00e9enne et la neutralit\u00e9 dans le conflit. D\u00e8s f\u00e9vrier 1943, la repr\u00e9sentante r\u00e9publicaine Clare Boothe Luce moquait ainsi \u00e0 la Chambre le \u00ab&#160;<em>globaloney<\/em>&#160;\u00bb, le globalisme \u00e0 la noix du vice-pr\u00e9sident Henry Wallace&nbsp;<span class='whitespace-nowrap'><span id='easy-footnote-4-352407' class='easy-footnote-margin-adjust'><\/span><span class='easy-footnote note-digits-1'><a href='https:\/\/legrandcontinent.eu\/fr\/2026\/08\/11\/globalisme\/#easy-footnote-bottom-4-352407' title='Ben Zimmer, \u00ab&amp;#160;The Origins of the \u2018Globalist\u2019 Slur&amp;#160;\u00bb, &lt;em&gt;The Atlantic&lt;\/em&gt;, 14 mars 2018.'><sup>4<\/sup><\/a><\/span><\/span>. Ce n\u00e9ologisme capturait une tendance g\u00e9n\u00e9rale. Tandis que le supr\u00e9macisme blanc trouvait son expression la plus massive dans le Ku Klux Klan, fort de 2,5 \u00e0 5 millions d\u2019adh\u00e9rents au milieu des ann\u00e9es 1920, l\u2019isolationnisme \u00e9tait la vraie boussole des \u00e9lites de Washington jusqu\u2019\u00e0 l\u2019attaque japonaise sur Pearl Harbor&nbsp;<span class='whitespace-nowrap'><span id='easy-footnote-5-352407' class='easy-footnote-margin-adjust'><\/span><span class='easy-footnote note-digits-1'><a href='https:\/\/legrandcontinent.eu\/fr\/2026\/08\/11\/globalisme\/#easy-footnote-bottom-5-352407' title='Rory McVeigh, &lt;em&gt;The Rise of the Ku Klux Klan&amp;#160;: Right-Wing Movements and National Politics&lt;\/em&gt;, Minneapolis, University of Minnesota Press, 2009.'><sup>5<\/sup><\/a><\/span><\/span>.<\/p>\n\n\n\n<p>Au XXIe si\u00e8cle, ce sont d\u2019abord des activistes et des propagandistes d\u2019extr\u00eame droite qui ont replac\u00e9 le concept au centre du d\u00e9bat politique, outil commode pour construire une opposition manich\u00e9enne entre un \u00ab&#160;nous&#160;\u00bb et un \u00ab&#160;eux&#160;\u00bb sur fond de r\u00e9cession \u00e9conomique et de bouleversements culturels profonds. Directeur de <em>Breitbart News<\/em> avant de devenir strat\u00e8ge en chef de la campagne Trump de 2016, puis conseiller du pr\u00e9sident jusqu\u2019en ao\u00fbt 2017, Steve Bannon a d\u00e9velopp\u00e9 un discours nationaliste radical, nourri du ressentiment contre le \u00ab&#160;syst\u00e8me&#160;\u00bb et du traditionalisme culturel&nbsp;<span class='whitespace-nowrap'><span id='easy-footnote-6-352407' class='easy-footnote-margin-adjust'><\/span><span class='easy-footnote note-digits-1'><a href='https:\/\/legrandcontinent.eu\/fr\/2026\/08\/11\/globalisme\/#easy-footnote-bottom-6-352407' title='Ronald Beiner, \u00ab&amp;#160;The Plague of Bannonism&amp;#160;\u00bb, &lt;em&gt;Critical Review&lt;\/em&gt;, vol. 31, n\u00b03-4, 2019, pp. 300-314.'><sup>6<\/sup><\/a><\/span><\/span>. Reprenant des id\u00e9es formul\u00e9es dans les ann\u00e9es 1930 par Henry Ford et Charles Coughlin, puis par Samuel Francis, Bannon opposait le capitalisme productif au capitalisme sp\u00e9culatif attribu\u00e9 aux \u00ab&#160;\u00e9lites globalistes&#160;\u00bb et \u00e0 des minorit\u00e9s jug\u00e9es parasitaires&nbsp;<span class='whitespace-nowrap'><span id='easy-footnote-7-352407' class='easy-footnote-margin-adjust'><\/span><span class='easy-footnote note-digits-1'><a href='https:\/\/legrandcontinent.eu\/fr\/2026\/08\/11\/globalisme\/#easy-footnote-bottom-7-352407' title='Jens Steffek et Yannick Lasshof, \u00ab&amp;#160;Steve Bannon on \u2018Productive Capitalism\u2019&amp;#160;: Investigating the Economic Ideology of the American Populist Right&amp;#160;\u00bb, &lt;em&gt;Journal of Political Ideologies&lt;\/em&gt;, vol. 30, n\u00b01, 2025, pp. 243-265.'><sup>7<\/sup><\/a><\/span><\/span>.\u00a0<\/p>\n\n\n\n<p>En 2014, un autre repr\u00e9sentant des secteurs les plus radicaux de la droite dite alternative (<em>alt-right<\/em>), le complotiste Alex Jones, fondateur du site InfoWars, dont les comptes sur les principales plateformes ont \u00e9t\u00e9 suspendus \u00e0 de nombreuses reprises, allait jusqu\u2019\u00e0 d\u00e9finir le globalisme comme \u00ab&#160;un syst\u00e8me de contr\u00f4le panoptique num\u00e9rique mondial&#160;\u00bb et \u00ab&#160;la forme totale de l\u2019esclavage&#160;\u00bb&nbsp;<span class='whitespace-nowrap'><span id='easy-footnote-8-352407' class='easy-footnote-margin-adjust'><\/span><span class='easy-footnote note-digits-1'><a href='https:\/\/legrandcontinent.eu\/fr\/2026\/08\/11\/globalisme\/#easy-footnote-bottom-8-352407' title='Liam Stack, \u00ab&amp;#160;Globalism&amp;#160;: A Far-Right Conspiracy Theory Buoyed by Trump&amp;#160;\u00bb, art. cit.'><sup>8<\/sup><\/a><\/span><\/span>. Comme l\u2019ont montr\u00e9 plusieurs travaux, cette rh\u00e9torique a gagn\u00e9 le centre du d\u00e9bat public par sa viralisation sur les r\u00e9seaux sociaux, port\u00e9e par des secteurs marginaux, l\u2019<em>alt-right<\/em> au premier chef, qui rattachaient le globalisme \u00e0 des griefs politiques et culturels, plus qu\u2019\u00e9conomiques, pr\u00e9existants&nbsp;<span class='whitespace-nowrap'><span id='easy-footnote-9-352407' class='easy-footnote-margin-adjust'><\/span><span class='easy-footnote note-digits-1'><a href='https:\/\/legrandcontinent.eu\/fr\/2026\/08\/11\/globalisme\/#easy-footnote-bottom-9-352407' title='Andrew Lugg et Zachary Scott, \u00ab&amp;#160;Globaloney&amp;#160;: Extended Party Networks and the Dissemination of Anti-Globalization Insults&amp;#160;\u00bb, &lt;em&gt;Political Research Quarterly&lt;\/em&gt;, vol. 78, n\u00b01, 2025, pp. 213-229.'><sup>9<\/sup><\/a><\/span><\/span>.<\/p>\n\n\n\n<p>Avant les r\u00e9seaux trumpistes, le terme fit pourtant peu carri\u00e8re pendant la Guerre froide, au-del\u00e0 des cercles isolationnistes r\u00e9publicains. C\u2019est dans les ann\u00e9es 1990, alors que s\u2019acc\u00e9l\u00e9rait la mondialisation n\u00e9olib\u00e9rale, qu\u2019on commen\u00e7a \u00e0 l\u2019employer et surtout \u00e0 le d\u00e9finir. Comme le feraient peu \u00e0 peu la plupart des dictionnaires, d\u2019Oxford \u00e0 Cambridge, le sociologue Ulrich Beck distinguait \u00ab&#160;la mondialisation&#160;\u00bb du \u00ab&#160;globalisme&#160;\u00bb, entendu comme l\u2019id\u00e9e que le march\u00e9 mondial \u00e9vince ou remplace l\u2019action politique, autrement dit comme \u00ab&#160;l\u2019id\u00e9ologie du r\u00e8gne du march\u00e9 mondial&#160;\u00bb, celle du n\u00e9olib\u00e9ralisme&nbsp;<span class='whitespace-nowrap'><span id='easy-footnote-10-352407' class='easy-footnote-margin-adjust'><\/span><span class='easy-footnote note-digits-2'><a href='https:\/\/legrandcontinent.eu\/fr\/2026\/08\/11\/globalisme\/#easy-footnote-bottom-10-352407' title='Ulrich Beck, &lt;em&gt;Qu\u2019est-ce que la mondialisation&amp;#160;?&lt;\/em&gt;, Paris, Aubier, 2003 (\u00e9d. or. &lt;em&gt;Was ist Globalisierung&amp;#160;?&lt;\/em&gt;, Francfort, Suhrkamp, 1997).'><sup>10<\/sup><\/a><\/span><\/span>. Un autre sociologue, Manfred B. Steger, opposait de m\u00eame le \u00ab&#160;globalisme&#160;\u00bb, \u00ab&#160;id\u00e9ologie politique qui dote la mondialisation de normes, de valeurs et de significations d\u00e9termin\u00e9es&#160;\u00bb, \u00e0 la \u00ab&#160;mondialisation&#160;\u00bb comme \u00ab&#160;ensemble multidimensionnel de processus sociaux qui \u00e9tendent et intensifient les interconnexions sociales \u00e0 l\u2019\u00e9chelle du monde&#160;\u00bb&nbsp;<span class='whitespace-nowrap'><span id='easy-footnote-11-352407' class='easy-footnote-margin-adjust'><\/span><span class='easy-footnote note-digits-2'><a href='https:\/\/legrandcontinent.eu\/fr\/2026\/08\/11\/globalisme\/#easy-footnote-bottom-11-352407' title='Manfred B. Steger, \u00ab&amp;#160;Globalism&amp;#160;\u00bb, in Michael T. Gibbons (dir.), &lt;em&gt;The Encyclopedia of Political Thought&lt;\/em&gt;, Hoboken, Wiley, 2014.'><sup>11<\/sup><\/a><\/span><\/span>.<\/p>\n\n\n\n<p>Le mouvement antimondialisation lui-m\u00eame, cristallis\u00e9 au Forum social mondial de Porto Alegre en 2001 en contrepoint progressiste du Forum \u00e9conomique mondial de Davos, n\u2019employait gu\u00e8re \u00ab&#160;globalisme&#160;\u00bb&#160;; il parlait de mondialisation ou de capitalisme global, d\u2019o\u00f9 le mot d\u2019ordre \u00ab&#160;Un autre monde est possible&#160;\u00bb et le concept d\u2019altermondialisme&nbsp;<span class='whitespace-nowrap'><span id='easy-footnote-12-352407' class='easy-footnote-margin-adjust'><\/span><span class='easy-footnote note-digits-2'><a href='https:\/\/legrandcontinent.eu\/fr\/2026\/08\/11\/globalisme\/#easy-footnote-bottom-12-352407' title='Geoffrey Pleyers, &lt;em&gt;Alter-Globalization&amp;#160;: Becoming Actors in the Global Age&lt;\/em&gt;, Cambridge, Polity, 2010.'><sup>12<\/sup><\/a><\/span><\/span>. C\u2019est surtout apr\u00e8s l\u2019\u00e9clatement de la crise financi\u00e8re de 2008, sur fond de crise de la mondialisation elle-m\u00eame, jusque-l\u00e0 tenue pour un processus non seulement positif mais in\u00e9luctable et quasi \u00ab&#160;naturel&#160;\u00bb, que les droites radicales et extr\u00eames se sont appropri\u00e9 le concept pour canaliser le ressentiment de larges secteurs de la population&nbsp;<span class='whitespace-nowrap'><span id='easy-footnote-13-352407' class='easy-footnote-margin-adjust'><\/span><span class='easy-footnote note-digits-2'><a href='https:\/\/legrandcontinent.eu\/fr\/2026\/08\/11\/globalisme\/#easy-footnote-bottom-13-352407' title='Jos\u00e9 Antonio Sanahuja, \u00ab&amp;#160;Crisis de la globalizaci\u00f3n, el regionalismo y el orden liberal&amp;#160;: el ascenso mundial del nacionalismo y la extrema derecha&amp;#160;\u00bb, &lt;em&gt;Revista Uruguaya de Ciencia Pol\u00edtica&lt;\/em&gt;, vol. 28, n\u00b01, 2019, pp. 59-94.'><sup>13<\/sup><\/a><\/span><\/span>.<\/p>\n\n\n\n<h2 class=\"wp-block-heading\">L&rsquo;Internationale des antimondialistes<\/h2>\n\n\n\n<p>Le recours au globalisme n\u2019est pas une sp\u00e9cificit\u00e9 am\u00e9ricaine. Figure de proue des droites illib\u00e9rales europ\u00e9ennes, Viktor Orb\u00e1n s\u2019est abondamment servi du concept depuis son retour au pouvoir en 2010. Dans un discours prononc\u00e9 pour le 62e anniversaire de la r\u00e9volution hongroise de 1956, il reprenait presque mot pour mot les paroles de Trump aux Nations unies un mois plus t\u00f4t&#160;: \u00ab&#160;Rejetons l\u2019id\u00e9ologie du globalisme et soutenons \u00e0 sa place la culture du patriotisme&#160;\u00bb&nbsp;<span class='whitespace-nowrap'><span id='easy-footnote-14-352407' class='easy-footnote-margin-adjust'><\/span><span class='easy-footnote note-digits-2'><a href='https:\/\/legrandcontinent.eu\/fr\/2026\/08\/11\/globalisme\/#easy-footnote-bottom-14-352407' title='Discours de Viktor Orb\u00e1n pour le 62e anniversaire de la r\u00e9volution de 1956, site du gouvernement hongrois, 24 octobre 2018.'><sup>14<\/sup><\/a><\/span><\/span>. \u00c0 la Conservative Political Action Conference (CPAC) r\u00e9unie au Texas en 2022, il enflammait la salle d\u2019un \u00ab&#160;les globalistes peuvent aller au diable&#160;!&#160;\u00bb&nbsp;<span class='whitespace-nowrap'><span id='easy-footnote-15-352407' class='easy-footnote-margin-adjust'><\/span><span class='easy-footnote note-digits-2'><a href='https:\/\/legrandcontinent.eu\/fr\/2026\/08\/11\/globalisme\/#easy-footnote-bottom-15-352407' title='Discours de Viktor Orb\u00e1n \u00e0 la Conservative Political Action Conference (CPAC), Dallas, 4 ao\u00fbt 2022.'><sup>15<\/sup><\/a><\/span><\/span>. D\u00e8s 2016, sur un mode plus complotiste, le dirigeant du Fidesz avertissait que \u00ab&#160;des puissances mondiales occultes et sans visage \u00e9limineront tout ce qui est singulier, autonome, ancestral et national&#160;\u00bb&nbsp;<span class='whitespace-nowrap'><span id='easy-footnote-16-352407' class='easy-footnote-margin-adjust'><\/span><span class='easy-footnote note-digits-2'><a href='https:\/\/legrandcontinent.eu\/fr\/2026\/08\/11\/globalisme\/#easy-footnote-bottom-16-352407' title='Discours de Viktor Orb\u00e1n du 15 mars, site du gouvernement hongrois, 15 mars 2016.'><sup>16<\/sup><\/a><\/span><\/span>. Ces puissances occultes, pr\u00e9cisera-t-il, sont d\u2019abord l\u2019Union europ\u00e9enne et le philanthrope juif am\u00e9ricain d\u2019origine hongroise George Soros, accus\u00e9s d\u2019ourdir un plan d\u2019affaiblissement de la nation magyare. Les r\u00e9f\u00e9rences obs\u00e9dantes \u00e0 Soros rel\u00e8vent du <em>dog whistle<\/em>, le sifflet \u00e0 chien de la politique, ces clins d\u2019\u0153il cod\u00e9s aux r\u00e9cits antis\u00e9mites du type \u00ab&#160;conspiration juive mondiale&#160;\u00bb&nbsp;<span class='whitespace-nowrap'><span id='easy-footnote-17-352407' class='easy-footnote-margin-adjust'><\/span><span class='easy-footnote note-digits-2'><a href='https:\/\/legrandcontinent.eu\/fr\/2026\/08\/11\/globalisme\/#easy-footnote-bottom-17-352407' title='John E. Richardson et Ruth Wodak, \u00ab&amp;#160;Anti-Sorosism&amp;#160;: Reviving the \u2018Jewish World Conspiracy\u2019&amp;#160;\u00bb, in Massimiliano Demata, Virginia Zorzi et Angela Zottola (dir.), &lt;em&gt;Conspiracy Theory Discourses&lt;\/em&gt;, Amsterdam, John Benjamins, 2022, pp. 395-420.'><sup>17<\/sup><\/a><\/span><\/span>.<\/p>\n\n\n\n<p>L\u2019extr\u00eame droite italienne n\u2019est pas en reste. Le principal document programmatique de Fratelli d\u2019Italia, les \u00ab&#160;Th\u00e8ses de Trieste&#160;\u00bb (2017), explique que le parti de Giorgia Meloni s\u2019oppose au \u00ab&#160;globalisme sans r\u00e8gles soutenu par les multinationales et la grande finance avec la complicit\u00e9 de l\u2019Union europ\u00e9enne&#160;\u00bb et fustige une \u00ab&#160;mondialisation sauvage&#160;\u00bb o\u00f9 \u00ab&#160;se rejoignent l\u2019utopie internationaliste du vieux communisme, le tiers-mondisme paup\u00e9riste et la pratique commerciale mondialiste des grandes multinationales&#160;\u00bb. Face au \u00ab&#160;mondialisme&#160;\u00bb, la r\u00e9ponse serait le patriotisme, le retour \u00e0 la tradition et la red\u00e9couverte d\u2019une identit\u00e9 ancr\u00e9e dans les valeurs chr\u00e9tiennes&nbsp;<span class='whitespace-nowrap'><span id='easy-footnote-18-352407' class='easy-footnote-margin-adjust'><\/span><span class='easy-footnote note-digits-2'><a href='https:\/\/legrandcontinent.eu\/fr\/2026\/08\/11\/globalisme\/#easy-footnote-bottom-18-352407' title='Fratelli d\u2019Italia, &lt;em&gt;Le tesi di Trieste&lt;\/em&gt;, 2017. Sur ce texte, voir, dans cette m\u00eame s\u00e9rie, \u00ab&amp;#160;Anti-nation&amp;#160;\u00bb.'><sup>18<\/sup><\/a><\/span><\/span>. En France, Marine Le Pen oppose de m\u00eame les \u00ab&#160;patriotes&#160;\u00bb au \u00ab&#160;mondialisme&#160;\u00bb qui, selon la dirigeante du Rassemblement national, pr\u00e9sente deux visages d\u2019un m\u00eame projet totalitaire, l\u2019un financier et affairiste, qui viserait \u00e0 d\u00e9truire la nation, la souverainet\u00e9 et les valeurs fran\u00e7aises, l\u2019autre djihadiste, qui pousserait \u00e0 l\u2019immigration incontr\u00f4l\u00e9e et attaquerait l\u2019identit\u00e9 culturelle&nbsp;<span class='whitespace-nowrap'><span id='easy-footnote-19-352407' class='easy-footnote-margin-adjust'><\/span><span class='easy-footnote note-digits-2'><a href='https:\/\/legrandcontinent.eu\/fr\/2026\/08\/11\/globalisme\/#easy-footnote-bottom-19-352407' title='&lt;a href=&quot;https:\/\/rassemblementnational.fr\/discours\/assises-presidentielles-de-lyon-discours-de-marine-le-pen&quot;&gt;Discours de Marine Le Pen aux Assises pr\u00e9sidentielles de Lyon&lt;\/a&gt;, 5 f\u00e9vrier 2017.'><sup>19<\/sup><\/a><\/span><\/span>&#160;: \u00ab&#160;Le mondialisme \u00e9conomique qui refuse toute limitation, toute r\u00e9gularisation de la mondialisation et qui, pour cela, a affaibli les d\u00e9fenses immunitaires de la Nation, la d\u00e9poss\u00e9dant de ses \u00e9l\u00e9ments constitutifs&#160;: fronti\u00e8re, monnaie nationale, autorit\u00e9 de ses lois conduite de l\u2019\u00e9conomie, permettant ainsi \u00e0 un autre mondialisme de na\u00eetre et cro\u00eetre&#160;: le fondamentalisme islamiste&#160;\u00bb.<br><\/p>\n\n\n\n<p>Chez Vox, le globalisme est le fil rouge du principal document programmatique, l\u2019<em>Agenda Espa\u00f1a<\/em> (2021), \u00e9crit tout entier contre l\u2019Agenda 2030 des Nations unies. Santiago Abascal le pr\u00e9sente en introduction comme \u00ab&#160;une r\u00e9ponse aux agendas globalistes qui visent la destruction des classes moyennes, la liquidation de la souverainet\u00e9 des nations et l\u2019attaque contre la famille, la vie et les racines communes de l\u2019Occident&#160;\u00bb&nbsp;<span class='whitespace-nowrap'><span id='easy-footnote-20-352407' class='easy-footnote-margin-adjust'><\/span><span class='easy-footnote note-digits-2'><a href='https:\/\/legrandcontinent.eu\/fr\/2026\/08\/11\/globalisme\/#easy-footnote-bottom-20-352407' title='Vox, &lt;em&gt;Agenda Espa\u00f1a&lt;\/em&gt;, 2021&amp;#160;; voir aussi Jos\u00e9 Mario Minutti Sierra et Eduardo Crivelli Minutti, \u00ab&amp;#160;Vox y su Agenda Espa\u00f1a en la crisis del globalismo&amp;#160;\u00bb, &lt;em&gt;Relaciones Internacionales&lt;\/em&gt;, n\u00b060, 2025, pp. 184-202.'><sup>20<\/sup><\/a><\/span><\/span>. Le globalisme devient ainsi synonyme de progressisme, mais aussi de lib\u00e9ralisme, d\u2019\u00e9cologisme ou de f\u00e9minisme. Ernesto Ara\u00fajo, ministre des Affaires \u00e9trang\u00e8res de Jair Bolsonaro, l\u2019exprimait plastiquement lors de sa prise de fonction en d\u00e9finissant le globalisme comme \u00ab&#160;une configuration actuelle du marxisme&#160;\u00bb qui \u00ab&#160;se constitue dans la haine \u00e0 travers ses diverses ramifications id\u00e9ologiques et ses instruments contraires \u00e0 la nation, \u00e0 la nature humaine et \u00e0 la naissance humaine elle-m\u00eame&#160;\u00bb&nbsp;<span class='whitespace-nowrap'><span id='easy-footnote-21-352407' class='easy-footnote-margin-adjust'><\/span><span class='easy-footnote note-digits-2'><a href='https:\/\/legrandcontinent.eu\/fr\/2026\/08\/11\/globalisme\/#easy-footnote-bottom-21-352407' title='Juliana Gragnani, \u00ab&amp;#160;Qu\u00e9 es el \u2018globalismo\u2019, la ideolog\u00eda que seg\u00fan Trump y otros l\u00edderes mundiales se opone al \u2018amor a la patria\u2019&amp;#160;\u00bb, BBC News Mundo, 13 f\u00e9vrier 2019.'><sup>21<\/sup><\/a><\/span><\/span>.<\/p>\n\n\n\n<p>Au versant \u00e9conomique et au versant identitaire s\u2019ajoute une troisi\u00e8me d\u00e9clinaison, incarn\u00e9e par le pr\u00e9sident argentin Javier Milei, celle du rejet du multilat\u00e9ralisme et de la contestation de l\u2019ordre international lib\u00e9ral. Devant l\u2019Assembl\u00e9e g\u00e9n\u00e9rale des Nations unies, en septembre 2024, le dirigeant pal\u00e9olibertarien d\u00e9crivait l\u2019ONU comme \u00ab&#160;un mod\u00e8le de gouvernement supranational de bureaucrates internationaux qui pr\u00e9tendent imposer aux citoyens du monde un mode de vie d\u00e9termin\u00e9&#160;\u00bb, attaquant \u00e0 ses yeux la libert\u00e9 individuelle, la propri\u00e9t\u00e9 priv\u00e9e et le libre march\u00e9 au profit de \u00ab&#160;politiques collectivistes&#160;\u00bb&nbsp;<span class='whitespace-nowrap'><span id='easy-footnote-22-352407' class='easy-footnote-margin-adjust'><\/span><span class='easy-footnote note-digits-2'><a href='https:\/\/legrandcontinent.eu\/fr\/2026\/08\/11\/globalisme\/#easy-footnote-bottom-22-352407' title='Discours de Javier Milei au d\u00e9bat g\u00e9n\u00e9ral de la 79e session de l\u2019Assembl\u00e9e g\u00e9n\u00e9rale des Nations unies, New York, 24 septembre 2024 (Casa Rosada, Presidencia de la Naci\u00f3n).'><sup>22<\/sup><\/a><\/span><\/span>. Embo\u00eetant le pas aux \u00c9tats-Unis de Trump, Milei a officialis\u00e9 quelques mois plus tard la sortie de l\u2019Argentine de l\u2019Organisation mondiale de la sant\u00e9 et son retrait des n\u00e9gociations climatiques, tout en prenant ses distances avec le Conseil des droits de l\u2019homme des Nations unies&nbsp;<span class='whitespace-nowrap'><span id='easy-footnote-23-352407' class='easy-footnote-margin-adjust'><\/span><span class='easy-footnote note-digits-2'><a href='https:\/\/legrandcontinent.eu\/fr\/2026\/08\/11\/globalisme\/#easy-footnote-bottom-23-352407' title='Jack Nicas, \u00ab&amp;#160;Milei retira a Argentina de la OMS, imitando la medida de Trump&amp;#160;\u00bb, &lt;em&gt;The New York Times&lt;\/em&gt;, 5 f\u00e9vrier 2025.'><sup>23<\/sup><\/a><\/span><\/span>.<\/p>\n\n\n\n<p>Les intellectuels de r\u00e9f\u00e9rence de cette internationale anti-globaliste tiennent des discours analogues. La d\u00e9claration de principes du mouvement national-conservateur, lanc\u00e9e par l\u2019essayiste isra\u00e9lo-am\u00e9ricain Yoram Hazony, pr\u00e9sident de la Fondation Edmund Burke, inscrit en son deuxi\u00e8me point le \u00ab&#160;rejet de l\u2019imp\u00e9rialisme et du globalisme&#160;\u00bb et s\u2019en prend durement aux organismes supranationaux qui d\u00e9truiraient la souverainet\u00e9 des nations&nbsp;<span class='whitespace-nowrap'><span id='easy-footnote-24-352407' class='easy-footnote-margin-adjust'><\/span><span class='easy-footnote note-digits-2'><a href='https:\/\/legrandcontinent.eu\/fr\/2026\/08\/11\/globalisme\/#easy-footnote-bottom-24-352407' title='Edmund Burke Foundation, \u00ab&amp;#160;National Conservatism&amp;#160;: A Statement of Principles&amp;#160;\u00bb, &lt;em&gt;The American Conservative&lt;\/em&gt;, 15 juin 2022.'><sup>24<\/sup><\/a><\/span><\/span>. Le principal ouvrage de Hazony, <em>Les vertus du nationalisme<\/em>, fait du globalisme un projet imp\u00e9rial qui, apr\u00e8s la victoire alli\u00e9e de 1945, aurait impos\u00e9 un r\u00e9gime mondial d\u2019institutions internationales fond\u00e9 sur des principes pr\u00e9tendument universels comme les droits de l\u2019homme&nbsp;<span class='whitespace-nowrap'><span id='easy-footnote-25-352407' class='easy-footnote-margin-adjust'><\/span><span class='easy-footnote note-digits-2'><a href='https:\/\/legrandcontinent.eu\/fr\/2026\/08\/11\/globalisme\/#easy-footnote-bottom-25-352407' title='Yoram Hazony, &lt;em&gt;Les vertus du nationalisme&lt;\/em&gt;, Paris, Jean-Cyrille Godefroy, 2020 (\u00e9d. or. &lt;em&gt;The Virtue of Nationalism&lt;\/em&gt;, New York, Basic Books, 2018).'><sup>25<\/sup><\/a><\/span><\/span>. Une interpr\u00e9tation curieusement tr\u00e8s proche de celle que l\u2019essayiste russe <a href=\"https:\/\/legrandcontinent.eu\/fr\/2026\/08\/02\/le-declin-de-loccident\/\">Alexandre Douguine<\/a> d\u00e9veloppe dans <em>Fondements de la g\u00e9opolitique<\/em> (1997) et <em>La Quatri\u00e8me Th\u00e9orie politique<\/em> (2009). Dans un article publi\u00e9 en 2024 par une revue proche du pouvoir hongrois, l\u2019\u00e9crivain chr\u00e9tien conservateur, pourfendeur du \u00ab&#160;wokisme&#160;\u00bb et cor\u00e9dacteur du manifeste national-conservateur, Rod Dreher, expliquait que \u00ab&#160;le globalisme, qui a conceptuellement impliqu\u00e9 aussi bien la d\u00e9mocratie lib\u00e9rale que l\u2019hypercapitalisme, d\u00e9pend de la d\u00e9construction des fronti\u00e8res, de la dissolution des peuples et de l\u2019abandon des traditions qui font obstacle \u00e0 un \u00e9change \u00e9conomique sans frictions&#160;\u00bb&nbsp;<span class='whitespace-nowrap'><span id='easy-footnote-26-352407' class='easy-footnote-margin-adjust'><\/span><span class='easy-footnote note-digits-2'><a href='https:\/\/legrandcontinent.eu\/fr\/2026\/08\/11\/globalisme\/#easy-footnote-bottom-26-352407' title='Rod Dreher, \u00ab&amp;#160;The Age of Sovereignty vs Crusading American Utopianism \u2014 Will Ideological Wars End&amp;#160;?&amp;#160;\u00bb, &lt;em&gt;Hungarian Conservative&lt;\/em&gt;, 18 septembre 2024.'><sup>26<\/sup><\/a><\/span><\/span>.<\/p>\n\n\n\n<p>Le pas vers la vision ouvertement conspirationniste est vite franchi. Lors d\u2019une conf\u00e9rence au Parlement italien en mai 2026, le pr\u00e9sident de la Heritage Foundation, Kevin Roberts, d\u00e9finissait le globalisme comme \u00ab&#160;une conspiration&#160;\u00bb et \u00ab&#160;une oligarchie \u00e9go\u00efste et honnie&#160;\u00bb qui se servirait du libre-\u00e9change, des fronti\u00e8res ouvertes et de la lutte contre le changement climatique pour ch\u00e2tier des citoyens occidentaux \u00ab&#160;travailleurs, patriotes et craignant Dieu&#160;\u00bb&nbsp;<span class='whitespace-nowrap'><span id='easy-footnote-27-352407' class='easy-footnote-margin-adjust'><\/span><span class='easy-footnote note-digits-2'><a href='https:\/\/legrandcontinent.eu\/fr\/2026\/08\/11\/globalisme\/#easy-footnote-bottom-27-352407' title='Intervention de Kevin Roberts au Parlement italien, Rome, mai 2026.'><sup>27<\/sup><\/a><\/span><\/span>.\u00a0<\/p>\n\n\n\n<p>La Heritage Foundation est l\u2019auteure du Project 2025, quasi-programme de gouvernement de la seconde administration Trump, appliqu\u00e9 \u00e0 plus de 50&#160;% selon les propres calculs de la fondation&nbsp;<span class='whitespace-nowrap'><span id='easy-footnote-28-352407' class='easy-footnote-margin-adjust'><\/span><span class='easy-footnote note-digits-2'><a href='https:\/\/legrandcontinent.eu\/fr\/2026\/08\/11\/globalisme\/#easy-footnote-bottom-28-352407' title='Ian Kullgren, \u00ab&amp;#160;Over Half of Project 2025 Now in Place, Heritage Foundation Says&amp;#160;\u00bb, Bloomberg Law, 23 juin 2026.'><sup>28<\/sup><\/a><\/span><\/span>. Le principal intellectuel du mil\u00e9isme, Agust\u00edn Laje, pr\u00e9sident de la Fundaci\u00f3n Faro, a consacr\u00e9 un livre entier au globalisme, \u00e0 ses yeux le plus dangereux projet \u00ab&#160;d\u2019ing\u00e9nierie sociale et de contr\u00f4le total en cours&#160;\u00bb, o\u00f9 il vise express\u00e9ment les Nations unies et l\u2019Agenda 2030, le Forum \u00e9conomique mondial, la Fondation Gates, la Fondation Rockefeller ou l\u2019Open Society de George Soros&nbsp;<span class='whitespace-nowrap'><span id='easy-footnote-29-352407' class='easy-footnote-margin-adjust'><\/span><span class='easy-footnote note-digits-2'><a href='https:\/\/legrandcontinent.eu\/fr\/2026\/08\/11\/globalisme\/#easy-footnote-bottom-29-352407' title='Agust\u00edn Laje, &lt;em&gt;Globalismo&amp;#160;: ingenier\u00eda y control social en el Siglo XXI&lt;\/em&gt;, Nashville, HarperEnfoque, 2024.'><sup>29<\/sup><\/a><\/span><\/span>. Chef de file de la droite radicale britannique, Nigel Farage, invit\u00e9 \u00e0 six reprises entre 2009 et 2018 par l\u2019InfoWars d\u2019Alex Jones, y a accus\u00e9 le globalisme, incarn\u00e9 selon lui par le club Bilderberg, de pousser \u00e0 une guerre mondiale pour instaurer un gouvernement global, voire un \u00ab&#160;Nouvel ordre mondial&#160;\u00bb dont l\u2019Union europ\u00e9enne serait l\u2019exemple le plus abouti&nbsp;<span class='whitespace-nowrap'><span id='easy-footnote-30-352407' class='easy-footnote-margin-adjust'><\/span><span class='easy-footnote note-digits-2'><a href='https:\/\/legrandcontinent.eu\/fr\/2026\/08\/11\/globalisme\/#easy-footnote-bottom-30-352407' title='Peter Walker, \u00ab&amp;#160;Nigel Farage Under Fire over \u2018Antisemitic Tropes\u2019 on Far-Right US Talkshow&amp;#160;\u00bb, &lt;em&gt;The Guardian&lt;\/em&gt;, 6 mai 2019.'><sup>30<\/sup><\/a><\/span><\/span>.<\/p>\n\n\n\n<h2 class=\"wp-block-heading\">Du globalisme au \u00ab&#160;Nouvel ordre mondial&#160;\u00bb<\/h2>\n\n\n\n<p>Le \u00ab&#160;Nouvel ordre mondial&#160;\u00bb est l\u2019une des th\u00e9ories du complot les plus r\u00e9sistantes de l\u2019\u00e9poque contemporaine. Elle a \u00e9t\u00e9 associ\u00e9e aussi bien aux Illuminati qu\u2019\u00e0 une pr\u00e9tendue conspiration juive internationale. Comme le montrent les r\u00e9f\u00e9rences actuelles \u00e0 Soros, l\u2019antis\u00e9mitisme affleure ais\u00e9ment, quoique de fa\u00e7on plus voil\u00e9e qu\u2019autrefois, d\u00e8s qu\u2019il est question de conspiration globaliste. Ses origines remontent au faux de la propagande tsariste, les <em>Protocoles des Sages de Sion<\/em> (1903), et resurgissent apr\u00e8s la Seconde Guerre mondiale avec la th\u00e9orie du \u00ab&#160;gouvernement d\u2019occupation sioniste&#160;\u00bb (ZOG) et les fantasmagories de la John Birch Society&nbsp;<span class='whitespace-nowrap'><span id='easy-footnote-31-352407' class='easy-footnote-margin-adjust'><\/span><span class='easy-footnote note-digits-2'><a href='https:\/\/legrandcontinent.eu\/fr\/2026\/08\/11\/globalisme\/#easy-footnote-bottom-31-352407' title='Myles Flores, \u00ab&amp;#160;The New World Order&amp;#160;: The Historical Origins of a Dangerous Modern Conspiracy Theory&amp;#160;\u00bb, Center on Terrorism, Extremism, and Counterterrorism, Middlebury Institute of International Studies, 30 mai 2022&amp;#160;; plus largement, Michael Barkun, &lt;em&gt;A Culture of Conspiracy&amp;#160;: Apocalyptic Visions in Contemporary America&lt;\/em&gt;, 2e \u00e9d., Berkeley, University of California Press, 2013.'><sup>31<\/sup><\/a><\/span><\/span>. La cr\u00e9ation m\u00eame des Nations unies avait d\u2019ailleurs conduit les secteurs isolationnistes du Parti r\u00e9publicain \u00e0 d\u00e9noncer, d\u00e8s le milieu des ann\u00e9es 1940, la menace d\u2019un \u00ab&#160;nouveau gouvernement mondial&#160;\u00bb&nbsp;<span class='whitespace-nowrap'><span id='easy-footnote-32-352407' class='easy-footnote-margin-adjust'><\/span><span class='easy-footnote note-digits-2'><a href='https:\/\/legrandcontinent.eu\/fr\/2026\/08\/11\/globalisme\/#easy-footnote-bottom-32-352407' title='Helen Murphey, \u00ab&amp;#160;The United Nations as a New World Government&amp;#160;: Conspiracy Theories, American Isolationism, and Exceptionalism&amp;#160;\u00bb, &lt;em&gt;Genealogy&lt;\/em&gt;, vol. 9, n\u00b03, 2025.'><sup>32<\/sup><\/a><\/span><\/span>. \u00c0 la fin de la Guerre froide, en septembre 1990, le discours dans lequel le pr\u00e9sident George H. W. Bush \u00e9voquait un \u00ab&#160;nouvel ordre mondial&#160;\u00bb permit \u00e0 la th\u00e9orie de se renouveler. On l\u2019a rattach\u00e9e au r\u00f4le des organisations internationales (ONU, OMC, FMI), \u00e0 de pr\u00e9tendus pouvoirs occultes comme le club Bilderberg ou la Commission trilat\u00e9rale, mais aussi \u00e0 d\u2019imaginaires projets de substitution ethnique, du \u00ab&#160;plan Kalergi&#160;\u00bb au \u00ab&#160;Grand Remplacement&#160;\u00bb, voire \u00e0 des fantasmagories \u00e9sot\u00e9riques comme la th\u00e9orie des reptiliens popularis\u00e9e par David Icke et relay\u00e9e jusque par le dirigeant d\u2019extr\u00eame droite n\u00e9erlandais Thierry Baudet&nbsp;<span class='whitespace-nowrap'><span id='easy-footnote-33-352407' class='easy-footnote-margin-adjust'><\/span><span class='easy-footnote note-digits-2'><a href='https:\/\/legrandcontinent.eu\/fr\/2026\/08\/11\/globalisme\/#easy-footnote-bottom-33-352407' title='Jean-Pierre Stroobants, \u00ab&amp;#160;Dutch Far-Right Leader Claims World Is Governed by \u2018Evil Reptiles\u2019&amp;#160;\u00bb, &lt;em&gt;Le Monde&lt;\/em&gt; (\u00e9dition anglaise), 21 octobre 2022.'><sup>33<\/sup><\/a><\/span><\/span>.<\/p>\n\n\n\n<p>Pendant la pand\u00e9mie, ces th\u00e9ories qui imputent aux \u00e9lites globalistes le projet d\u2019un Nouvel ordre mondial ont connu une diffusion accrue, greff\u00e9es sur le coronavirus, les restrictions sanitaires ou la vaccination. Parall\u00e8lement \u00e0 la th\u00e9orie de la \u00ab&#160;pland\u00e9mie&#160;\u00bb, qui sera prochainement trait\u00e9e dans ce<em> <\/em><a href=\"https:\/\/legrandcontinent.eu\/fr\/2026\/07\/23\/le-premier-pas-de-lextreme-droite-cest-de-normaliser-des-mots-extremes\/\"><em>Vocabulaire<\/em><\/a>, s\u2019est r\u00e9pandue \u00e0 l\u2019\u00e9t\u00e9 2020 celle de la \u00ab&#160;Grande R\u00e9initialisation&#160;\u00bb (<em>Great Reset<\/em>), selon laquelle le Forum \u00e9conomique mondial utiliserait le Covid-19 pour r\u00e9organiser la soci\u00e9t\u00e9 et l\u2019\u00e9conomie contre les gens ordinaires et instaurer un r\u00e9gime global totalitaire. En octobre 2020, <a href=\"https:\/\/legrandcontinent.eu\/fr\/2020\/06\/13\/complotisme-et-catholicisme\/\">l\u2019archev\u00eaque Carlo Maria Vigan\u00f2<\/a>, ancien nonce apostolique aux \u00c9tats-Unis (2011-2016), excommuni\u00e9 en 2024, \u00e9crivait \u00e0 Trump pour accr\u00e9diter ce pr\u00e9tendu \u00ab&#160;projet infernal&#160;\u00bb&nbsp;<span class='whitespace-nowrap'><span id='easy-footnote-34-352407' class='easy-footnote-margin-adjust'><\/span><span class='easy-footnote note-digits-2'><a href='https:\/\/legrandcontinent.eu\/fr\/2026\/08\/11\/globalisme\/#easy-footnote-bottom-34-352407' title='\u00ab&amp;#160;\u2018The Great Reset\u2019 Conspiracy Flourishes Amid Continued Pandemic&amp;#160;\u00bb, Anti-Defamation League, 29 d\u00e9cembre 2020.'><sup>34<\/sup><\/a><\/span><\/span> qui semble affleurer comme sous-texte des \u00e9crits de Peter Thiel <a href=\"https:\/\/legrandcontinent.eu\/fr\/2025\/10\/24\/peter-thiel-pensees-de-lantechrist\/\">sur l\u2019Antechrist<\/a>.\u00a0<\/p>\n\n\n\n<p>Pour les droites extr\u00eames, le globalisme a fini par devenir un macro-contenant, commode pour nommer et d\u00e9signer un ennemi suppos\u00e9 de la souverainet\u00e9 des nations, du nationalisme, de l\u2019ordre naturel des choses et des valeurs traditionnelles. Id\u00e9ologie extr\u00eamement l\u00e2che (le globalisme) incarn\u00e9e par des groupes de pouvoir transnationaux tout-puissants (les \u00e9lites globalistes), le concept se d\u00e9cline au gr\u00e9 des contextes et peut signifier des choses tr\u00e8s diff\u00e9rentes. Dans les r\u00e9cits d\u2019extr\u00eame droite, il serait ainsi responsable de la perte d\u2019identit\u00e9 culturelle et de repr\u00e9sentation politique, des d\u00e9localisations industrielles, du choc des civilisations, des immigrations massives ou de l\u2019\u00ab&#160;imposition&#160;\u00bb des politiques environnementales et de diversit\u00e9. En somme, comme d\u2019autres concepts de ce vocabulaire (marxisme culturel, id\u00e9ologie du genre), le globalisme est un mot-valise (<em>catch-all term<\/em>) au fort potentiel complotiste, avec de fr\u00e9quentes d\u00e9clinaisons antis\u00e9mites. Un mot qui ne d\u00e9crit pas le monde, mais d\u00e9signe ceux qu\u2019il faudrait en chasser.<\/p>\n","protected":false},"excerpt":{"rendered":"<p>De l\u2019Am\u00e9rique isolationniste \u00e0 Donald Trump, itin\u00e9raire du mot-valise devenu la clef de vo\u00fbte des r\u00e9cits antimondialistes des extr\u00eames droites.<\/p>\n","protected":false},"author":61105,"featured_media":352408,"comment_status":"closed","ping_status":"closed","sticky":false,"template":"templates\/post-studies.php","format":"standard","meta":{"_acf_changed":false,"_trash_the_other_posts":false,"_yoast_wpseo_estimated-reading-time-minutes":16,"_lgc_tts_voice":"","_lgc_tts_publish":false,"_lgc_tts_history_item_id":"","_lgc_tts_generated_at":"","_lgc_tts_status":"","_lgc_tts_error":"","footnotes":""},"categories":[5072],"tags":[],"staff":[3175],"editorial_format":[4849],"serie":[],"audience":[],"geo":[2163],"class_list":["post-352407","post","type-post","status-publish","format-standard","hentry","category-vocabulaire-de-lextreme-droite-pour-une-philologie-critique-de-nos-annees-vingt","staff-steven-forti","editorial_format-etudes","geo-monde"],"acf":{"open_in_webview":false,"accent":"default","_thumbnail_id":352408,"excerpt":"De l\u2019Am\u00e9rique isolationniste \u00e0 Donald Trump, itin\u00e9raire du mot-valise devenu la clef de vo\u00fbte des r\u00e9cits antimondialistes des extr\u00eames droites.","display_date":"","new_abstract":true},"yoast_head":"<!-- This site is optimized with the Yoast SEO plugin v26.1.1 - https:\/\/yoast.com\/wordpress\/plugins\/seo\/ -->\n<title>Globalisme<\/title>\n<meta name=\"robots\" content=\"index, follow, max-snippet:-1, max-image-preview:large, max-video-preview:-1\" \/>\n<link rel=\"canonical\" href=\"https:\/\/legrandcontinent.eu\/fr\/2026\/08\/11\/globalisme\/\" \/>\n<meta property=\"og:locale\" content=\"fr_FR\" \/>\n<meta property=\"og:type\" content=\"article\" \/>\n<meta property=\"og:title\" content=\"Globalisme\" \/>\n<meta property=\"og:description\" content=\"De l\u2019Am\u00e9rique isolationniste \u00e0 Donald Trump, itin\u00e9raire du mot-valise devenu la clef de vo\u00fbte des r\u00e9cits antimondialistes des extr\u00eames droites.\" \/>\n<meta property=\"og:url\" content=\"https:\/\/legrandcontinent.eu\/fr\/2026\/08\/11\/globalisme\/\" \/>\n<meta property=\"og:site_name\" content=\"Le Grand Continent\" \/>\n<meta property=\"article:published_time\" content=\"2026-08-11T16:00:00+00:00\" \/>\n<meta property=\"article:modified_time\" content=\"2026-08-12T08:25:00+00:00\" \/>\n<meta property=\"og:image\" content=\"https:\/\/legrandcontinent.eu\/fr\/wp-content\/uploads\/sites\/2\/2026\/08\/globalisme-GC-990x743.png\" \/>\n\t<meta property=\"og:image:width\" content=\"990\" \/>\n\t<meta property=\"og:image:height\" content=\"743\" \/>\n\t<meta property=\"og:image:type\" content=\"image\/png\" \/>\n<meta name=\"author\" content=\"camillenedellec\" \/>\n<meta name=\"twitter:card\" content=\"summary_large_image\" \/>\n<meta name=\"twitter:image\" content=\"https:\/\/legrandcontinent.eu\/fr\/wp-content\/uploads\/sites\/2\/2026\/08\/globalisme-GC.png\" \/>\n<meta name=\"twitter:label1\" content=\"\u00c9crit par\" \/>\n\t<meta name=\"twitter:data1\" content=\"camillenedellec\" \/>\n\t<meta name=\"twitter:label2\" content=\"Dur\u00e9e de lecture estim\u00e9e\" \/>\n\t<meta name=\"twitter:data2\" content=\"16 minutes\" \/>\n<script type=\"application\/ld+json\" class=\"yoast-schema-graph\">{\"@context\":\"https:\/\/schema.org\",\"@graph\":[{\"@type\":\"WebPage\",\"@id\":\"https:\/\/legrandcontinent.eu\/fr\/2026\/08\/11\/globalisme\/\",\"url\":\"https:\/\/legrandcontinent.eu\/fr\/2026\/08\/11\/globalisme\/\",\"name\":\"Globalisme\",\"isPartOf\":{\"@id\":\"https:\/\/legrandcontinent.eu\/fr\/#website\"},\"primaryImageOfPage\":{\"@id\":\"https:\/\/legrandcontinent.eu\/fr\/2026\/08\/11\/globalisme\/#primaryimage\"},\"image\":{\"@id\":\"https:\/\/legrandcontinent.eu\/fr\/2026\/08\/11\/globalisme\/#primaryimage\"},\"thumbnailUrl\":\"https:\/\/legrandcontinent.eu\/fr\/wp-content\/uploads\/sites\/2\/2026\/08\/globalisme-GC.png\",\"datePublished\":\"2026-08-11T16:00:00+00:00\",\"dateModified\":\"2026-08-12T08:25:00+00:00\",\"author\":{\"@id\":\"https:\/\/legrandcontinent.eu\/fr\/#\/schema\/person\/4c6db0d566b52dd83b58a087e0227e69\"},\"breadcrumb\":{\"@id\":\"https:\/\/legrandcontinent.eu\/fr\/2026\/08\/11\/globalisme\/#breadcrumb\"},\"inLanguage\":\"fr-FR\",\"potentialAction\":[{\"@type\":\"ReadAction\",\"target\":[\"https:\/\/legrandcontinent.eu\/fr\/2026\/08\/11\/globalisme\/\"]}]},{\"@type\":\"ImageObject\",\"inLanguage\":\"fr-FR\",\"@id\":\"https:\/\/legrandcontinent.eu\/fr\/2026\/08\/11\/globalisme\/#primaryimage\",\"url\":\"https:\/\/legrandcontinent.eu\/fr\/wp-content\/uploads\/sites\/2\/2026\/08\/globalisme-GC.png\",\"contentUrl\":\"https:\/\/legrandcontinent.eu\/fr\/wp-content\/uploads\/sites\/2\/2026\/08\/globalisme-GC.png\",\"width\":1920,\"height\":1440},{\"@type\":\"BreadcrumbList\",\"@id\":\"https:\/\/legrandcontinent.eu\/fr\/2026\/08\/11\/globalisme\/#breadcrumb\",\"itemListElement\":[{\"@type\":\"ListItem\",\"position\":1,\"name\":\"Accueil\",\"item\":\"https:\/\/legrandcontinent.eu\/fr\/\"},{\"@type\":\"ListItem\",\"position\":2,\"name\":\"Globalisme\"}]},{\"@type\":\"WebSite\",\"@id\":\"https:\/\/legrandcontinent.eu\/fr\/#website\",\"url\":\"https:\/\/legrandcontinent.eu\/fr\/\",\"name\":\"Le Grand Continent\",\"description\":\"L&#039;\u00e9chelle pertinente\",\"potentialAction\":[{\"@type\":\"SearchAction\",\"target\":{\"@type\":\"EntryPoint\",\"urlTemplate\":\"https:\/\/legrandcontinent.eu\/fr\/?s={search_term_string}\"},\"query-input\":{\"@type\":\"PropertyValueSpecification\",\"valueRequired\":true,\"valueName\":\"search_term_string\"}}],\"inLanguage\":\"fr-FR\"},{\"@type\":\"Person\",\"@id\":\"https:\/\/legrandcontinent.eu\/fr\/#\/schema\/person\/4c6db0d566b52dd83b58a087e0227e69\",\"name\":\"camillenedellec\",\"image\":{\"@type\":\"ImageObject\",\"inLanguage\":\"fr-FR\",\"@id\":\"https:\/\/legrandcontinent.eu\/fr\/#\/schema\/person\/image\/\",\"url\":\"https:\/\/secure.gravatar.com\/avatar\/f4468509f4eaeb025330b324aadd9028?s=96&d=mm&r=g\",\"contentUrl\":\"https:\/\/secure.gravatar.com\/avatar\/f4468509f4eaeb025330b324aadd9028?s=96&d=mm&r=g\",\"caption\":\"camillenedellec\"}}]}<\/script>\n<!-- \/ Yoast SEO plugin. -->","yoast_head_json":{"title":"Globalisme","robots":{"index":"index","follow":"follow","max-snippet":"max-snippet:-1","max-image-preview":"max-image-preview:large","max-video-preview":"max-video-preview:-1"},"canonical":"https:\/\/legrandcontinent.eu\/fr\/2026\/08\/11\/globalisme\/","og_locale":"fr_FR","og_type":"article","og_title":"Globalisme","og_description":"De l\u2019Am\u00e9rique isolationniste \u00e0 Donald Trump, itin\u00e9raire du mot-valise devenu la clef de vo\u00fbte des r\u00e9cits antimondialistes des extr\u00eames droites.","og_url":"https:\/\/legrandcontinent.eu\/fr\/2026\/08\/11\/globalisme\/","og_site_name":"Le Grand Continent","article_published_time":"2026-08-11T16:00:00+00:00","article_modified_time":"2026-08-12T08:25:00+00:00","og_image":[{"width":990,"height":743,"url":"https:\/\/legrandcontinent.eu\/fr\/wp-content\/uploads\/sites\/2\/2026\/08\/globalisme-GC-990x743.png","type":"image\/png"}],"author":"camillenedellec","twitter_card":"summary_large_image","twitter_image":"https:\/\/legrandcontinent.eu\/fr\/wp-content\/uploads\/sites\/2\/2026\/08\/globalisme-GC.png","twitter_misc":{"\u00c9crit par":"camillenedellec","Dur\u00e9e de lecture estim\u00e9e":"16 minutes"},"schema":{"@context":"https:\/\/schema.org","@graph":[{"@type":"WebPage","@id":"https:\/\/legrandcontinent.eu\/fr\/2026\/08\/11\/globalisme\/","url":"https:\/\/legrandcontinent.eu\/fr\/2026\/08\/11\/globalisme\/","name":"Globalisme","isPartOf":{"@id":"https:\/\/legrandcontinent.eu\/fr\/#website"},"primaryImageOfPage":{"@id":"https:\/\/legrandcontinent.eu\/fr\/2026\/08\/11\/globalisme\/#primaryimage"},"image":{"@id":"https:\/\/legrandcontinent.eu\/fr\/2026\/08\/11\/globalisme\/#primaryimage"},"thumbnailUrl":"https:\/\/legrandcontinent.eu\/fr\/wp-content\/uploads\/sites\/2\/2026\/08\/globalisme-GC.png","datePublished":"2026-08-11T16:00:00+00:00","dateModified":"2026-08-12T08:25:00+00:00","author":{"@id":"https:\/\/legrandcontinent.eu\/fr\/#\/schema\/person\/4c6db0d566b52dd83b58a087e0227e69"},"breadcrumb":{"@id":"https:\/\/legrandcontinent.eu\/fr\/2026\/08\/11\/globalisme\/#breadcrumb"},"inLanguage":"fr-FR","potentialAction":[{"@type":"ReadAction","target":["https:\/\/legrandcontinent.eu\/fr\/2026\/08\/11\/globalisme\/"]}]},{"@type":"ImageObject","inLanguage":"fr-FR","@id":"https:\/\/legrandcontinent.eu\/fr\/2026\/08\/11\/globalisme\/#primaryimage","url":"https:\/\/legrandcontinent.eu\/fr\/wp-content\/uploads\/sites\/2\/2026\/08\/globalisme-GC.png","contentUrl":"https:\/\/legrandcontinent.eu\/fr\/wp-content\/uploads\/sites\/2\/2026\/08\/globalisme-GC.png","width":1920,"height":1440},{"@type":"BreadcrumbList","@id":"https:\/\/legrandcontinent.eu\/fr\/2026\/08\/11\/globalisme\/#breadcrumb","itemListElement":[{"@type":"ListItem","position":1,"name":"Accueil","item":"https:\/\/legrandcontinent.eu\/fr\/"},{"@type":"ListItem","position":2,"name":"Globalisme"}]},{"@type":"WebSite","@id":"https:\/\/legrandcontinent.eu\/fr\/#website","url":"https:\/\/legrandcontinent.eu\/fr\/","name":"Le Grand Continent","description":"L&#039;\u00e9chelle pertinente","potentialAction":[{"@type":"SearchAction","target":{"@type":"EntryPoint","urlTemplate":"https:\/\/legrandcontinent.eu\/fr\/?s={search_term_string}"},"query-input":{"@type":"PropertyValueSpecification","valueRequired":true,"valueName":"search_term_string"}}],"inLanguage":"fr-FR"},{"@type":"Person","@id":"https:\/\/legrandcontinent.eu\/fr\/#\/schema\/person\/4c6db0d566b52dd83b58a087e0227e69","name":"camillenedellec","image":{"@type":"ImageObject","inLanguage":"fr-FR","@id":"https:\/\/legrandcontinent.eu\/fr\/#\/schema\/person\/image\/","url":"https:\/\/secure.gravatar.com\/avatar\/f4468509f4eaeb025330b324aadd9028?s=96&d=mm&r=g","contentUrl":"https:\/\/secure.gravatar.com\/avatar\/f4468509f4eaeb025330b324aadd9028?s=96&d=mm&r=g","caption":"camillenedellec"}}]}},"lgc_categories":[{"id":5072,"name":"Vocabulaire de l'extr\u00eame droite&#160;: pour une philologie critique de nos ann\u00e9es Vingt","slug":"vocabulaire-de-lextreme-droite-pour-une-philologie-critique-de-nos-annees-vingt"}],"lgc_author":{"id":3175,"name":"Steven Forti","slug":"steven-forti","description":"Steven Forti (Trente, Italie, 1981) est professeur associ\u00e9 \u00e0 l'Universitat Aut\u00f2noma de Barcelona.","first_name":"Steven","last_name":"Forti","picture":{"url":"https:\/\/legrandcontinent.eu\/fr\/wp-content\/uploads\/sites\/2\/2024\/05\/imageedit_18_9541731994-modified.png","width":940,"height":940,"alt":""}},"feature_image_summary":{"url":"https:\/\/legrandcontinent.eu\/fr\/wp-content\/uploads\/sites\/2\/2026\/08\/globalisme-GC.png","width":1920,"height":1440,"alt":""},"feature_image_cover":{"url":"https:\/\/legrandcontinent.eu\/fr\/wp-content\/uploads\/sites\/2\/2026\/08\/globalisme-GC.png","width":1920,"height":1440,"alt":""},"term_position_data":null,"_links":{"self":[{"href":"https:\/\/legrandcontinent.eu\/fr\/wp-json\/wp\/v2\/posts\/352407","targetHints":{"allow":["GET"]}}],"collection":[{"href":"https:\/\/legrandcontinent.eu\/fr\/wp-json\/wp\/v2\/posts"}],"about":[{"href":"https:\/\/legrandcontinent.eu\/fr\/wp-json\/wp\/v2\/types\/post"}],"author":[{"embeddable":true,"href":"https:\/\/legrandcontinent.eu\/fr\/wp-json\/wp\/v2\/users\/61105"}],"replies":[{"embeddable":true,"href":"https:\/\/legrandcontinent.eu\/fr\/wp-json\/wp\/v2\/comments?post=352407"}],"version-history":[{"count":4,"href":"https:\/\/legrandcontinent.eu\/fr\/wp-json\/wp\/v2\/posts\/352407\/revisions"}],"predecessor-version":[{"id":352412,"href":"https:\/\/legrandcontinent.eu\/fr\/wp-json\/wp\/v2\/posts\/352407\/revisions\/352412"}],"wp:featuredmedia":[{"embeddable":true,"href":"https:\/\/legrandcontinent.eu\/fr\/wp-json\/wp\/v2\/media\/352408"}],"wp:attachment":[{"href":"https:\/\/legrandcontinent.eu\/fr\/wp-json\/wp\/v2\/media?parent=352407"}],"wp:term":[{"taxonomy":"category","embeddable":true,"href":"https:\/\/legrandcontinent.eu\/fr\/wp-json\/wp\/v2\/categories?post=352407"},{"taxonomy":"post_tag","embeddable":true,"href":"https:\/\/legrandcontinent.eu\/fr\/wp-json\/wp\/v2\/tags?post=352407"},{"taxonomy":"staff","embeddable":true,"href":"https:\/\/legrandcontinent.eu\/fr\/wp-json\/wp\/v2\/staff?post=352407"},{"taxonomy":"editorial_format","embeddable":true,"href":"https:\/\/legrandcontinent.eu\/fr\/wp-json\/wp\/v2\/editorial_format?post=352407"},{"taxonomy":"serie","embeddable":true,"href":"https:\/\/legrandcontinent.eu\/fr\/wp-json\/wp\/v2\/serie?post=352407"},{"taxonomy":"audience","embeddable":true,"href":"https:\/\/legrandcontinent.eu\/fr\/wp-json\/wp\/v2\/audience?post=352407"},{"taxonomy":"geo","embeddable":true,"href":"https:\/\/legrandcontinent.eu\/fr\/wp-json\/wp\/v2\/geo?post=352407"}],"curies":[{"name":"wp","href":"https:\/\/api.w.org\/{rel}","templated":true}]}}