{"id":352244,"date":"2026-08-10T20:27:24","date_gmt":"2026-08-10T18:27:24","guid":{"rendered":"https:\/\/legrandcontinent.eu\/fr\/?p=352244"},"modified":"2026-08-10T22:07:04","modified_gmt":"2026-08-10T20:07:04","slug":"liran-affirme-quil-ne-negociera-pas-avec-les-etats-unis-tant-que-donald-trump-sera-president","status":"publish","type":"post","link":"https:\/\/legrandcontinent.eu\/fr\/2026\/08\/10\/liran-affirme-quil-ne-negociera-pas-avec-les-etats-unis-tant-que-donald-trump-sera-president\/","title":{"rendered":"L\u2019Iran affirme qu&rsquo;il ne n\u00e9gociera pas avec les \u00c9tats-Unis tant que Donald Trump sera pr\u00e9sident"},"content":{"rendered":"\n<p><br>Selon des m\u00e9dias iraniens et un message publi\u00e9 sur X par Majid Shakeri, conseiller du pr\u00e9sident du Parlement iranien Mohammad Ghalibaf, l&rsquo;Iran exclurait toute n\u00e9gociation avec l&rsquo;administration Trump, affirmant qu&rsquo;il attendrait la fin du mandat de Donald Trump, le 20 janvier 2029.<\/p>\n\n\n\n<figure class=\"wp-block-embed is-type-rich is-provider-x wp-block-embed-x\"><div class=\"wp-block-embed__wrapper\">\n<blockquote class=\"twitter-tweet\" data-width=\"550\" data-dnt=\"true\"><p lang=\"fa\" dir=\"rtl\">\u0631\u0627\u0647 \u067e\u064a\u0631\u0648\u0632\u0649 \u062f\u0631 \u0627\u064a\u0646 \u062c\u0646\u06af\u060c \u0641\u0642\u0637 \u062c\u0646\u06af\u064a\u062f\u0646 \u064a\u0627 \u0641\u0642\u0637 \u062a\u0641\u0627\u0647\u0645 \u0643\u0631\u062f\u0646 \u0646\u064a\u0633\u062a. \u0631\u0627\u0647 \u067e\u064a\u0631\u0648\u0632\u0649 &quot; \u0645\u062f\u064a\u0631\u064a\u062a \u0641\u0631\u0627\u064a\u0646\u062f \u0646\u0647 \u062c\u0646\u06af \u0646\u0647 \u0635\u0644\u062d\u060c \u062a\u0627 \u0646\u0642\u0637\u0647 \u067e\u064a\u0631\u0648\u0632\u0649&quot; \u0627\u0633\u062a. \u0627\u064a\u0646 \u0645\u0648\u0636\u0648\u0639 \u0686\u0646\u062f \u067e\u0644\u0647 \u0627\u0632 \u0633\u0637\u062d \u062f\u0631\u0643 \u0645\u062c\u0627\u062f\u0644\u0627\u062a \u0645\u0639\u0645\u0648\u0644 \u0633\u064a\u0627\u0633\u062a \u062f\u0627\u062e\u0644\u0649 \u0627\u064a\u0631\u0627\u0646 \u0628\u0627\u0644\u0627\u062a\u0631 \u0627\u0633\u062a\u060c \u0686\u0648\u0646 \u062f\u0631  \u0633\u064a\u0627\u0633\u062a \u062f\u0627\u062e\u0644\u0649 \u0627\u064a\u0631\u0627\u0646 \u062c\u0646\u06af\u064a\u062f\u0646 \u0648 \u0635\u0644\u062d \u0643\u0631\u062f\u0646 \u064a\u0643 \u0645\u0648\u0636\u0648\u0639 \u0647\u0648\u064a\u062a\u0649 \u0627\u0633\u062a.<\/p>&mdash; Majid Shakeri (@Majidshakeri8) <a href=\"https:\/\/x.com\/Majidshakeri8\/status\/2086718327871676477?ref_src=twsrc%5Etfw\">August 10, 2026<\/a><\/blockquote><script async src=\"https:\/\/platform.x.com\/widgets.js\" charset=\"utf-8\"><\/script>\n<\/div><\/figure>\n\n\n\n<ul class=\"wp-block-list\">\n<li>Majid Shakeri a ainsi d\u00e9clar\u00e9&#160;: \u00ab&#160;Trump ne parviendra pas \u00e0 conclure un accord avec nous. Nous l&rsquo;accompagnerons jusqu&rsquo;\u00e0 la fin de son mandat.&#160;\u00bb Il ajoute&#160;: \u00ab&#160;La voie vers la victoire n\u2019est ni le combat, ni un accord, mais la gestion d\u2019un processus qui n\u2019est ni la guerre, ni la paix, jusqu\u2019\u00e0 la victoire. Confirmer publiquement des n\u00e9gociations avec les \u00c9tats-Unis rel\u00e8verait de la pure folie. L&rsquo;approche gagnante repose sur le d\u00e9ni, l&rsquo;ambigu\u00eft\u00e9 et la patience strat\u00e9gique.&#160;\u00bb<\/li>\n<\/ul>\n\n\n\n<p>Ces d\u00e9clarations font suite \u00e0 plusieurs jours de n\u00e9gociations entre l\u2019Iran et l\u2019Oman concernant la r\u00e9ouverture du d\u00e9troit d\u2019Ormuz. Si Washington a continu\u00e9 \u00e0 d\u00e9clarer que les pourparlers avec T\u00e9h\u00e9ran se poursuivaient, le r\u00e9gime iranien nie toute discussion avec l\u2019administration am\u00e9ricaine.&nbsp;<\/p>\n\n\n\n<ul class=\"wp-block-list\">\n<li>T\u00e9h\u00e9ran avait d\u00e9j\u00e0 d\u00e9clar\u00e9 qu\u2019un accord avec l\u2019Oman ne garantirait pas la reprise du transit, et plusieurs demandes ont \u00e9t\u00e9 formul\u00e9es&#160;: dont des r\u00e9parations de guerre, la lev\u00e9e des sanctions et du blocus am\u00e9ricain sur les ports iraniens.\u00a0<\/li>\n\n\n\n<li>Des m\u00e9dias iraniens ont \u00e9galement indiqu\u00e9 que l&rsquo;Iran entendait restreindre l\u2019acc\u00e8s des navires am\u00e9ricains et isra\u00e9liens, et qu&rsquo;il exigerait une compensation de la part des pays qu\u2019il consid\u00e8re comme hostiles.<\/li>\n\n\n\n<li>Des officiels iraniens ont confirm\u00e9 poursuivre les n\u00e9gociations avec l\u2019Oman.\u00a0<\/li>\n\n\n\n<li>Ainsi, \u00e0 la suite d&rsquo;un appel avec son homologue pakistanais Ishaq Dar, le ministre des Affaires \u00e9trang\u00e8res, Abbas Araqchi, a ainsi d\u00e9clar\u00e9 que la R\u00e9publique islamique \u00e9tait d\u00e9termin\u00e9e \u00e0 poursuivre le processus de n\u00e9gociation avec Oman \u00e0 propos du d\u00e9troit d&rsquo;Ormuz&nbsp;<span class='whitespace-nowrap'><span id='easy-footnote-1-352244' class='easy-footnote-margin-adjust'><\/span><span class='easy-footnote note-digits-1'><a href='https:\/\/legrandcontinent.eu\/fr\/2026\/08\/10\/liran-affirme-quil-ne-negociera-pas-avec-les-etats-unis-tant-que-donald-trump-sera-president\/#easy-footnote-bottom-1-352244' title='\u00ab&amp;#160;&lt;a href=&quot;https:\/\/www.tasnimnews.ir\/fa\/news\/1405\/05\/19\/3668224\/%D8%B9%D8%B1%D8%A7%D9%82%DA%86%DB%8C-%DA%AF%D9%81%D8%AA%DA%AF%D9%88%D9%87%D8%A7%DB%8C-%D8%AF%D9%88%D8%AC%D8%A7%D9%86%D8%A8%D9%87-%D8%A8%D8%A7-%D8%B9%D9%85%D8%A7%D9%86-%D8%AF%D8%B1%D8%A8%D8%A7%D8%B1%D9%87-%D8%AA%D9%86%DA%AF%D9%87-%D9%87%D8%B1%D9%85%D8%B2-%D8%A7%D8%AF%D8%A7%D9%85%D9%87-%D8%AF%D8%A7%D8%B1%D8%AF&quot;&gt;\u0639\u0631\u0627\u0642\u0686\u06cc&amp;#160;: \u06af\u0641\u062a\u06af\u0648\u0647\u0627\u06cc \u062f\u0648\u062c\u0627\u0646\u0628\u0647 \u0628\u0627 \u0639\u0645\u0627\u0646 \u062f\u0631\u0628\u0627\u0631\u0647 \u062a\u0646\u06af\u0647 \u0647\u0631\u0645\u0632 \u0627\u062f\u0627\u0645\u0647 \u062f\u0627\u0631\u062f&lt;\/a&gt;&amp;#160;\u00bb, &lt;em&gt;Tasmim News&lt;\/em&gt;, 10 ao\u00fbt 2026.'><sup>1<\/sup><\/a><\/span><\/span>. Araqchi avait toutefois d\u00e9clar\u00e9 pr\u00e9c\u00e9demment que T\u00e9h\u00e9ran excluait pour l\u2019instant toute n\u00e9gociation directe avec les \u00c9tats-Unis, mais a indiqu\u00e9 que les deux parties \u00e9changeaient des messages par l\u2019interm\u00e9diaire de m\u00e9diateurs.<\/li>\n<\/ul>\n\n\n\n<p>Durant le week-end, la position de l\u2019Iran concernant le d\u00e9troit d\u2019Ormuz et ses demandes maximalistes \u00e0 l\u2019\u00e9gard des \u00c9tats-Unis ont \u00e9galement \u00e9t\u00e9 confirm\u00e9es, avec la nomination de Mohsen Rezaee, ancien commandant de la Garde r\u00e9volutionnaire islamique connu pour ses positions radicales et sa d\u00e9fense du contr\u00f4le iranien sur le d\u00e9troit d&rsquo;Ormuz, au poste de secr\u00e9taire du Conseil de s\u00e9curit\u00e9&nbsp;<span class='whitespace-nowrap'><span id='easy-footnote-2-352244' class='easy-footnote-margin-adjust'><\/span><span class='easy-footnote note-digits-1'><a href='https:\/\/legrandcontinent.eu\/fr\/2026\/08\/10\/liran-affirme-quil-ne-negociera-pas-avec-les-etats-unis-tant-que-donald-trump-sera-president\/#easy-footnote-bottom-2-352244' title='\u00ab&amp;#160;&lt;a href=&quot;https:\/\/www.irna.ir\/news\/86232434\/%D9%85%D8%B1%D8%AF%D9%85-%DA%86%D8%B4%D9%85-%D8%A7%D9%86%D8%AA%D8%B8%D8%A7%D8%B1-%D8%AA%D8%B5%D9%85%DB%8C%D9%85%D8%A7%D8%AA%DB%8C-%D8%B3%D9%86%D8%AC%DB%8C%D8%AF%D9%87-%D8%A7%D8%B2-%D8%B4%D9%88%D8%B1%D8%A7%DB%8C-%D8%B9%D8%A7%D9%84%DB%8C-%D8%A7%D9%85%D9%86%DB%8C%D8%AA-%D9%85%D9%84%DB%8C-%D9%87%D8%B3%D8%AA%D9%86%D8%AF&quot;&gt;\u0645\u0631\u062f\u0645 \u0686\u0634\u0645 \u0627\u0646\u062a\u0638\u0627\u0631 \u062a\u0635\u0645\u06cc\u0645\u0627\u062a\u06cc \u0633\u0646\u062c\u06cc\u062f\u0647 \u0627\u0632 \u0634\u0648\u0631\u0627\u06cc \u0639\u0627\u0644\u06cc \u0627\u0645\u0646\u06cc\u062a \u0645\u0644\u06cc \u0647\u0633\u062a\u0646\u062f&lt;\/a&gt;&amp;#160;\u00bb, IRNA, 10 ao\u00fbt 2026.'><sup>2<\/sup><\/a><\/span><\/span>. Dans son nouveau r\u00f4le, il devra notamment coordonner les d\u00e9cisions relatives \u00e0 la guerre et aux n\u00e9gociations.\u00a0<\/p>\n\n\n\n<p>Hier, 9 ao\u00fbt, Donald Trump avait d\u00e9clar\u00e9 dans un entretien avec <em>Axios<\/em> qu&rsquo;il \u00e9tait pr\u00eat \u00e0 laisser la pression \u00e9conomique s&rsquo;accro\u00eetre sur l&rsquo;Iran plut\u00f4t que de lancer une nouvelle offensive militaire&#160;: \u00ab&#160;Nous ne menons que des n\u00e9gociations partielles avec eux. Nous nous contentons d&rsquo;observer l&rsquo;Iran avec son \u00e9norme inflation et le fait qu&rsquo;il n&rsquo;ait pas d&rsquo;argent.&#160;\u00bb&nbsp;<span class='whitespace-nowrap'><span id='easy-footnote-3-352244' class='easy-footnote-margin-adjust'><\/span><span class='easy-footnote note-digits-1'><a href='https:\/\/legrandcontinent.eu\/fr\/2026\/08\/10\/liran-affirme-quil-ne-negociera-pas-avec-les-etats-unis-tant-que-donald-trump-sera-president\/#easy-footnote-bottom-3-352244' title='Barak Ravid, \u00ab&amp;#160;&lt;a href=&quot;https:\/\/www.axios.com\/2026\/08\/09\/trump-iran-interview&quot;&gt;Trump to Axios&amp;#160;: \u00ab&amp;#160;We are low-keying it&amp;#160;\u00bb with Iran&lt;\/a&gt;&amp;#160;\u00bb, &lt;em&gt;Axios&lt;\/em&gt;, 9 aout 2026.'><sup>3<\/sup><\/a><\/span><\/span>\u00a0<\/p>\n\n\n\n<figure class=\"wp-block-embed is-type-rich is-provider-x wp-block-embed-x\"><div class=\"wp-block-embed__wrapper\">\n<blockquote class=\"twitter-tweet\" data-width=\"550\" data-dnt=\"true\"><p lang=\"en\" dir=\"ltr\">Trump says he is now asking for reparations from Iran as part of any peace deal \ud83d\ude35\u200d\ud83d\udcab <a href=\"https:\/\/t.co\/K493mFxMna\">pic.twitter.com\/K493mFxMna<\/a><\/p>&mdash; Aaron Rupar (@atrupar) <a href=\"https:\/\/x.com\/atrupar\/status\/2086853661016170751?ref_src=twsrc%5Etfw\">August 10, 2026<\/a><\/blockquote><script async src=\"https:\/\/platform.x.com\/widgets.js\" charset=\"utf-8\"><\/script>\n<\/div><\/figure>\n\n\n\n<ul class=\"wp-block-list\">\n<li>Dans une publication sur Truth Social, il a d\u00e9clar\u00e9 aujourd&rsquo;hui que les \u00c9tats-Unis allaient demander \u00e0 leur tour des compensations \u00e0 l&rsquo;Iran pour \u00ab&#160;toutes les personnes qu&rsquo;ils ont tu\u00e9es et gravement bless\u00e9es avec leurs bombes plac\u00e9es en bord de route et lors des nombreux conflits qui ont fait leur r\u00e9putation, sous la direction initiale du g\u00e9n\u00e9ral Soleimani, y compris les familles des victimes de l&rsquo;USS Cole et les milliers d&rsquo;autres personnes tu\u00e9es au combat&#160;\u00bb. Il a \u00e9galement indiqu\u00e9 qu&rsquo;une indemnisation devrait \u00eatre vers\u00e9e aux \u00ab&#160;familles des centaines de milliers de manifestants innocents tu\u00e9s par l&rsquo;Iran au cours des 50 derni\u00e8res ann\u00e9es, sans parler des 52 000 personnes tu\u00e9es au cours des cinq derniers mois&#160;\u00bb.<\/li>\n<\/ul>\n","protected":false},"excerpt":{"rendered":"<p>La strat\u00e9gie iranienne devient explicite&#160;: \u00ab&#160;La victoire n\u2019est ni le combat, ni un accord, mais la gestion d\u2019un processus qui n\u2019est ni la guerre, ni la paix.&#160;\u00bb<\/p>\n","protected":false},"author":40,"featured_media":352245,"comment_status":"closed","ping_status":"closed","sticky":false,"template":"templates\/post-briefings.php","format":"standard","meta":{"_acf_changed":true,"_trash_the_other_posts":false,"_yoast_wpseo_estimated-reading-time-minutes":4,"_lgc_tts_voice":"","_lgc_tts_publish":false,"_lgc_tts_history_item_id":"","_lgc_tts_generated_at":"","_lgc_tts_status":"","_lgc_tts_error":"","footnotes":""},"categories":[4217],"tags":[],"staff":[],"editorial_format":[4942],"serie":[],"audience":[],"geo":[530],"class_list":["post-352244","post","type-post","status-publish","format-standard","hentry","category-geopolitique-de-donald-trump","editorial_format-actu-breves","geo-asie-intermediaire"],"acf":{"open_in_webview":false,"accent":"default","_thumbnail_id":352245,"excerpt":"La strat\u00e9gie iranienne devient explicite : \u00abLa victoire n\u2019est ni le combat, ni un accord, mais la gestion d\u2019un processus qui n\u2019est ni la guerre, ni la paix.\u00bb","display_date":"","new_abstract":true},"yoast_head":"<!-- This site is optimized with the Yoast SEO plugin v26.1.1 - https:\/\/yoast.com\/wordpress\/plugins\/seo\/ -->\n<title>L\u2019Iran affirme qu&#039;il ne n\u00e9gociera pas avec les \u00c9tats-Unis tant que Donald Trump sera pr\u00e9sident<\/title>\n<meta name=\"robots\" content=\"index, follow, max-snippet:-1, max-image-preview:large, max-video-preview:-1\" \/>\n<link rel=\"canonical\" href=\"https:\/\/legrandcontinent.eu\/fr\/2026\/08\/10\/liran-affirme-quil-ne-negociera-pas-avec-les-etats-unis-tant-que-donald-trump-sera-president\/\" \/>\n<meta property=\"og:locale\" content=\"fr_FR\" \/>\n<meta property=\"og:type\" content=\"article\" \/>\n<meta property=\"og:title\" content=\"L\u2019Iran affirme qu&#039;il ne n\u00e9gociera pas avec les \u00c9tats-Unis tant que Donald Trump sera pr\u00e9sident\" \/>\n<meta property=\"og:description\" content=\"La strat\u00e9gie iranienne devient explicite&#160;: \u00ab&#160;La victoire n\u2019est ni le combat, ni un accord, mais la gestion d\u2019un processus qui n\u2019est ni la guerre, ni la paix.&#160;\u00bb\" \/>\n<meta property=\"og:url\" content=\"https:\/\/legrandcontinent.eu\/fr\/2026\/08\/10\/liran-affirme-quil-ne-negociera-pas-avec-les-etats-unis-tant-que-donald-trump-sera-president\/\" \/>\n<meta property=\"og:site_name\" content=\"Le Grand Continent\" \/>\n<meta property=\"article:published_time\" content=\"2026-08-10T18:27:24+00:00\" \/>\n<meta property=\"article:modified_time\" content=\"2026-08-10T20:07:04+00:00\" \/>\n<meta property=\"og:image\" content=\"https:\/\/legrandcontinent.eu\/fr\/wp-content\/uploads\/sites\/2\/2026\/08\/detroit-dOrmuz.jpg\" \/>\n\t<meta property=\"og:image:width\" content=\"2066\" \/>\n\t<meta property=\"og:image:height\" content=\"1190\" \/>\n\t<meta property=\"og:image:type\" content=\"image\/jpeg\" \/>\n<meta name=\"author\" content=\"Ramona Bloj\" \/>\n<meta name=\"twitter:card\" content=\"summary_large_image\" \/>\n<meta name=\"twitter:image\" content=\"https:\/\/legrandcontinent.eu\/fr\/wp-content\/uploads\/sites\/2\/2026\/08\/detroit-dOrmuz.jpg\" \/>\n<meta name=\"twitter:label1\" content=\"\u00c9crit par\" \/>\n\t<meta name=\"twitter:data1\" content=\"Ramona Bloj\" \/>\n\t<meta name=\"twitter:label2\" content=\"Dur\u00e9e de lecture estim\u00e9e\" \/>\n\t<meta name=\"twitter:data2\" content=\"4 minutes\" \/>\n<script type=\"application\/ld+json\" class=\"yoast-schema-graph\">{\"@context\":\"https:\/\/schema.org\",\"@graph\":[{\"@type\":\"WebPage\",\"@id\":\"https:\/\/legrandcontinent.eu\/fr\/2026\/08\/10\/liran-affirme-quil-ne-negociera-pas-avec-les-etats-unis-tant-que-donald-trump-sera-president\/\",\"url\":\"https:\/\/legrandcontinent.eu\/fr\/2026\/08\/10\/liran-affirme-quil-ne-negociera-pas-avec-les-etats-unis-tant-que-donald-trump-sera-president\/\",\"name\":\"L\u2019Iran affirme qu'il ne n\u00e9gociera pas avec les \u00c9tats-Unis tant que Donald Trump sera pr\u00e9sident\",\"isPartOf\":{\"@id\":\"https:\/\/legrandcontinent.eu\/fr\/#website\"},\"primaryImageOfPage\":{\"@id\":\"https:\/\/legrandcontinent.eu\/fr\/2026\/08\/10\/liran-affirme-quil-ne-negociera-pas-avec-les-etats-unis-tant-que-donald-trump-sera-president\/#primaryimage\"},\"image\":{\"@id\":\"https:\/\/legrandcontinent.eu\/fr\/2026\/08\/10\/liran-affirme-quil-ne-negociera-pas-avec-les-etats-unis-tant-que-donald-trump-sera-president\/#primaryimage\"},\"thumbnailUrl\":\"https:\/\/legrandcontinent.eu\/fr\/wp-content\/uploads\/sites\/2\/2026\/08\/SIPA_ap23052538_000004-scaled.jpg\",\"datePublished\":\"2026-08-10T18:27:24+00:00\",\"dateModified\":\"2026-08-10T20:07:04+00:00\",\"author\":{\"@id\":\"https:\/\/legrandcontinent.eu\/fr\/#\/schema\/person\/bee86896b403754f76b6b1515ff0b697\"},\"breadcrumb\":{\"@id\":\"https:\/\/legrandcontinent.eu\/fr\/2026\/08\/10\/liran-affirme-quil-ne-negociera-pas-avec-les-etats-unis-tant-que-donald-trump-sera-president\/#breadcrumb\"},\"inLanguage\":\"fr-FR\",\"potentialAction\":[{\"@type\":\"ReadAction\",\"target\":[\"https:\/\/legrandcontinent.eu\/fr\/2026\/08\/10\/liran-affirme-quil-ne-negociera-pas-avec-les-etats-unis-tant-que-donald-trump-sera-president\/\"]}]},{\"@type\":\"ImageObject\",\"inLanguage\":\"fr-FR\",\"@id\":\"https:\/\/legrandcontinent.eu\/fr\/2026\/08\/10\/liran-affirme-quil-ne-negociera-pas-avec-les-etats-unis-tant-que-donald-trump-sera-president\/#primaryimage\",\"url\":\"https:\/\/legrandcontinent.eu\/fr\/wp-content\/uploads\/sites\/2\/2026\/08\/SIPA_ap23052538_000004-scaled.jpg\",\"contentUrl\":\"https:\/\/legrandcontinent.eu\/fr\/wp-content\/uploads\/sites\/2\/2026\/08\/SIPA_ap23052538_000004-scaled.jpg\",\"width\":2560,\"height\":1707,\"caption\":\"Un petit bateau passe devant des cargos et d'autres navires commerciaux ancr\u00e9s dans le d\u00e9troit d'Ormuz, au large de Bandar Abbas, en Iran, mercredi 5 ao\u00fbt 2026. (Amirhosein Khorgooi\/ISNA via AP)\"},{\"@type\":\"BreadcrumbList\",\"@id\":\"https:\/\/legrandcontinent.eu\/fr\/2026\/08\/10\/liran-affirme-quil-ne-negociera-pas-avec-les-etats-unis-tant-que-donald-trump-sera-president\/#breadcrumb\",\"itemListElement\":[{\"@type\":\"ListItem\",\"position\":1,\"name\":\"Accueil\",\"item\":\"https:\/\/legrandcontinent.eu\/fr\/\"},{\"@type\":\"ListItem\",\"position\":2,\"name\":\"L\u2019Iran affirme qu&rsquo;il ne n\u00e9gociera pas avec les \u00c9tats-Unis tant que Donald Trump sera pr\u00e9sident\"}]},{\"@type\":\"WebSite\",\"@id\":\"https:\/\/legrandcontinent.eu\/fr\/#website\",\"url\":\"https:\/\/legrandcontinent.eu\/fr\/\",\"name\":\"Le Grand Continent\",\"description\":\"L&#039;\u00e9chelle pertinente\",\"potentialAction\":[{\"@type\":\"SearchAction\",\"target\":{\"@type\":\"EntryPoint\",\"urlTemplate\":\"https:\/\/legrandcontinent.eu\/fr\/?s={search_term_string}\"},\"query-input\":{\"@type\":\"PropertyValueSpecification\",\"valueRequired\":true,\"valueName\":\"search_term_string\"}}],\"inLanguage\":\"fr-FR\"},{\"@type\":\"Person\",\"@id\":\"https:\/\/legrandcontinent.eu\/fr\/#\/schema\/person\/bee86896b403754f76b6b1515ff0b697\",\"name\":\"Ramona Bloj\",\"image\":{\"@type\":\"ImageObject\",\"inLanguage\":\"fr-FR\",\"@id\":\"https:\/\/legrandcontinent.eu\/fr\/#\/schema\/person\/image\/\",\"url\":\"https:\/\/secure.gravatar.com\/avatar\/c1d91adb7c4c1eed266b81c0f9915707?s=96&d=mm&r=g\",\"contentUrl\":\"https:\/\/secure.gravatar.com\/avatar\/c1d91adb7c4c1eed266b81c0f9915707?s=96&d=mm&r=g\",\"caption\":\"Ramona Bloj\"}}]}<\/script>\n<!-- \/ Yoast SEO plugin. -->","yoast_head_json":{"title":"L\u2019Iran affirme qu'il ne n\u00e9gociera pas avec les \u00c9tats-Unis tant que Donald Trump sera pr\u00e9sident","robots":{"index":"index","follow":"follow","max-snippet":"max-snippet:-1","max-image-preview":"max-image-preview:large","max-video-preview":"max-video-preview:-1"},"canonical":"https:\/\/legrandcontinent.eu\/fr\/2026\/08\/10\/liran-affirme-quil-ne-negociera-pas-avec-les-etats-unis-tant-que-donald-trump-sera-president\/","og_locale":"fr_FR","og_type":"article","og_title":"L\u2019Iran affirme qu'il ne n\u00e9gociera pas avec les \u00c9tats-Unis tant que Donald Trump sera pr\u00e9sident","og_description":"La strat\u00e9gie iranienne devient explicite&#160;: \u00ab&#160;La victoire n\u2019est ni le combat, ni un accord, mais la gestion d\u2019un processus qui n\u2019est ni la guerre, ni la paix.&#160;\u00bb","og_url":"https:\/\/legrandcontinent.eu\/fr\/2026\/08\/10\/liran-affirme-quil-ne-negociera-pas-avec-les-etats-unis-tant-que-donald-trump-sera-president\/","og_site_name":"Le Grand Continent","article_published_time":"2026-08-10T18:27:24+00:00","article_modified_time":"2026-08-10T20:07:04+00:00","og_image":[{"width":2066,"height":1190,"url":"https:\/\/legrandcontinent.eu\/fr\/wp-content\/uploads\/sites\/2\/2026\/08\/detroit-dOrmuz.jpg","type":"image\/jpeg"}],"author":"Ramona Bloj","twitter_card":"summary_large_image","twitter_image":"https:\/\/legrandcontinent.eu\/fr\/wp-content\/uploads\/sites\/2\/2026\/08\/detroit-dOrmuz.jpg","twitter_misc":{"\u00c9crit par":"Ramona Bloj","Dur\u00e9e de lecture estim\u00e9e":"4 minutes"},"schema":{"@context":"https:\/\/schema.org","@graph":[{"@type":"WebPage","@id":"https:\/\/legrandcontinent.eu\/fr\/2026\/08\/10\/liran-affirme-quil-ne-negociera-pas-avec-les-etats-unis-tant-que-donald-trump-sera-president\/","url":"https:\/\/legrandcontinent.eu\/fr\/2026\/08\/10\/liran-affirme-quil-ne-negociera-pas-avec-les-etats-unis-tant-que-donald-trump-sera-president\/","name":"L\u2019Iran affirme qu'il ne n\u00e9gociera pas avec les \u00c9tats-Unis tant que Donald Trump sera pr\u00e9sident","isPartOf":{"@id":"https:\/\/legrandcontinent.eu\/fr\/#website"},"primaryImageOfPage":{"@id":"https:\/\/legrandcontinent.eu\/fr\/2026\/08\/10\/liran-affirme-quil-ne-negociera-pas-avec-les-etats-unis-tant-que-donald-trump-sera-president\/#primaryimage"},"image":{"@id":"https:\/\/legrandcontinent.eu\/fr\/2026\/08\/10\/liran-affirme-quil-ne-negociera-pas-avec-les-etats-unis-tant-que-donald-trump-sera-president\/#primaryimage"},"thumbnailUrl":"https:\/\/legrandcontinent.eu\/fr\/wp-content\/uploads\/sites\/2\/2026\/08\/SIPA_ap23052538_000004-scaled.jpg","datePublished":"2026-08-10T18:27:24+00:00","dateModified":"2026-08-10T20:07:04+00:00","author":{"@id":"https:\/\/legrandcontinent.eu\/fr\/#\/schema\/person\/bee86896b403754f76b6b1515ff0b697"},"breadcrumb":{"@id":"https:\/\/legrandcontinent.eu\/fr\/2026\/08\/10\/liran-affirme-quil-ne-negociera-pas-avec-les-etats-unis-tant-que-donald-trump-sera-president\/#breadcrumb"},"inLanguage":"fr-FR","potentialAction":[{"@type":"ReadAction","target":["https:\/\/legrandcontinent.eu\/fr\/2026\/08\/10\/liran-affirme-quil-ne-negociera-pas-avec-les-etats-unis-tant-que-donald-trump-sera-president\/"]}]},{"@type":"ImageObject","inLanguage":"fr-FR","@id":"https:\/\/legrandcontinent.eu\/fr\/2026\/08\/10\/liran-affirme-quil-ne-negociera-pas-avec-les-etats-unis-tant-que-donald-trump-sera-president\/#primaryimage","url":"https:\/\/legrandcontinent.eu\/fr\/wp-content\/uploads\/sites\/2\/2026\/08\/SIPA_ap23052538_000004-scaled.jpg","contentUrl":"https:\/\/legrandcontinent.eu\/fr\/wp-content\/uploads\/sites\/2\/2026\/08\/SIPA_ap23052538_000004-scaled.jpg","width":2560,"height":1707,"caption":"Un petit bateau passe devant des cargos et d'autres navires commerciaux ancr\u00e9s dans le d\u00e9troit d'Ormuz, au large de Bandar Abbas, en Iran, mercredi 5 ao\u00fbt 2026. (Amirhosein Khorgooi\/ISNA via AP)"},{"@type":"BreadcrumbList","@id":"https:\/\/legrandcontinent.eu\/fr\/2026\/08\/10\/liran-affirme-quil-ne-negociera-pas-avec-les-etats-unis-tant-que-donald-trump-sera-president\/#breadcrumb","itemListElement":[{"@type":"ListItem","position":1,"name":"Accueil","item":"https:\/\/legrandcontinent.eu\/fr\/"},{"@type":"ListItem","position":2,"name":"L\u2019Iran affirme qu&rsquo;il ne n\u00e9gociera pas avec les \u00c9tats-Unis tant que Donald Trump sera pr\u00e9sident"}]},{"@type":"WebSite","@id":"https:\/\/legrandcontinent.eu\/fr\/#website","url":"https:\/\/legrandcontinent.eu\/fr\/","name":"Le Grand Continent","description":"L&#039;\u00e9chelle pertinente","potentialAction":[{"@type":"SearchAction","target":{"@type":"EntryPoint","urlTemplate":"https:\/\/legrandcontinent.eu\/fr\/?s={search_term_string}"},"query-input":{"@type":"PropertyValueSpecification","valueRequired":true,"valueName":"search_term_string"}}],"inLanguage":"fr-FR"},{"@type":"Person","@id":"https:\/\/legrandcontinent.eu\/fr\/#\/schema\/person\/bee86896b403754f76b6b1515ff0b697","name":"Ramona Bloj","image":{"@type":"ImageObject","inLanguage":"fr-FR","@id":"https:\/\/legrandcontinent.eu\/fr\/#\/schema\/person\/image\/","url":"https:\/\/secure.gravatar.com\/avatar\/c1d91adb7c4c1eed266b81c0f9915707?s=96&d=mm&r=g","contentUrl":"https:\/\/secure.gravatar.com\/avatar\/c1d91adb7c4c1eed266b81c0f9915707?s=96&d=mm&r=g","caption":"Ramona Bloj"}}]}},"lgc_categories":[{"id":4217,"name":"G\u00e9opolitique de Donald Trump","slug":"geopolitique-de-donald-trump"}],"lgc_author":null,"feature_image_summary":{"url":"https:\/\/legrandcontinent.eu\/fr\/wp-content\/uploads\/sites\/2\/2026\/08\/SIPA_ap23052538_000004-scaled.jpg","width":2560,"height":1707,"alt":""},"feature_image_cover":null,"term_position_data":null,"_links":{"self":[{"href":"https:\/\/legrandcontinent.eu\/fr\/wp-json\/wp\/v2\/posts\/352244","targetHints":{"allow":["GET"]}}],"collection":[{"href":"https:\/\/legrandcontinent.eu\/fr\/wp-json\/wp\/v2\/posts"}],"about":[{"href":"https:\/\/legrandcontinent.eu\/fr\/wp-json\/wp\/v2\/types\/post"}],"author":[{"embeddable":true,"href":"https:\/\/legrandcontinent.eu\/fr\/wp-json\/wp\/v2\/users\/40"}],"replies":[{"embeddable":true,"href":"https:\/\/legrandcontinent.eu\/fr\/wp-json\/wp\/v2\/comments?post=352244"}],"version-history":[{"count":24,"href":"https:\/\/legrandcontinent.eu\/fr\/wp-json\/wp\/v2\/posts\/352244\/revisions"}],"predecessor-version":[{"id":352283,"href":"https:\/\/legrandcontinent.eu\/fr\/wp-json\/wp\/v2\/posts\/352244\/revisions\/352283"}],"wp:featuredmedia":[{"embeddable":true,"href":"https:\/\/legrandcontinent.eu\/fr\/wp-json\/wp\/v2\/media\/352245"}],"wp:attachment":[{"href":"https:\/\/legrandcontinent.eu\/fr\/wp-json\/wp\/v2\/media?parent=352244"}],"wp:term":[{"taxonomy":"category","embeddable":true,"href":"https:\/\/legrandcontinent.eu\/fr\/wp-json\/wp\/v2\/categories?post=352244"},{"taxonomy":"post_tag","embeddable":true,"href":"https:\/\/legrandcontinent.eu\/fr\/wp-json\/wp\/v2\/tags?post=352244"},{"taxonomy":"staff","embeddable":true,"href":"https:\/\/legrandcontinent.eu\/fr\/wp-json\/wp\/v2\/staff?post=352244"},{"taxonomy":"editorial_format","embeddable":true,"href":"https:\/\/legrandcontinent.eu\/fr\/wp-json\/wp\/v2\/editorial_format?post=352244"},{"taxonomy":"serie","embeddable":true,"href":"https:\/\/legrandcontinent.eu\/fr\/wp-json\/wp\/v2\/serie?post=352244"},{"taxonomy":"audience","embeddable":true,"href":"https:\/\/legrandcontinent.eu\/fr\/wp-json\/wp\/v2\/audience?post=352244"},{"taxonomy":"geo","embeddable":true,"href":"https:\/\/legrandcontinent.eu\/fr\/wp-json\/wp\/v2\/geo?post=352244"}],"curies":[{"name":"wp","href":"https:\/\/api.w.org\/{rel}","templated":true}]}}