{"id":352227,"date":"2026-08-10T17:30:56","date_gmt":"2026-08-10T15:30:56","guid":{"rendered":"https:\/\/legrandcontinent.eu\/fr\/?p=352227"},"modified":"2026-08-11T14:33:25","modified_gmt":"2026-08-11T12:33:25","slug":"ecofascisme","status":"publish","type":"post","link":"https:\/\/legrandcontinent.eu\/fr\/2026\/08\/10\/ecofascisme\/","title":{"rendered":"\u00c9cofascisme"},"content":{"rendered":"\n<p class=\"non-subscribers-only\"><em>Tout au long du mois d\u2019ao\u00fbt, <\/em>le Grand Continent<em> publiera en acc\u00e8s libre <\/em><a href=\"https:\/\/legrandcontinent.eu\/fr\/2026\/07\/23\/le-premier-pas-de-lextreme-droite-cest-de-normaliser-des-mots-extremes\/\">Le Vocabulaire de l\u2019extr\u00eame droite<\/a><em>, fruit du travail collectif d\u2019un ensemble de chercheuses et de chercheurs \u2014 sociologues, historiens, politistes, socio-linguistes \u2014 venus de toute l\u2019Europe sous <\/em><a href=\"https:\/\/legrandcontinent.eu\/fr\/2026\/07\/23\/le-premier-pas-de-lextreme-droite-cest-de-normaliser-des-mots-extremes\/\" target=\"_blank\" rel=\"noreferrer noopener\"><em>la direction de Steven Forti<\/em><\/a><em>. Pour recevoir chaque lemme dans votre bo\u00eete mail et soutenir le travail d\u2019une r\u00e9daction ind\u00e9pendante, <\/em><a href=\"https:\/\/legrandcontinent.eu\/fr\/offre-abonnement\/\" target=\"_blank\" rel=\"noreferrer noopener\"><em>abonnez-vous<\/em><\/a><\/p>\n\n\n\n<p class=\"has-drop-cap\">Le 15 mars 2019, avant d&rsquo;assassiner cinquante et une personnes dans deux mosqu\u00e9es de Christchurch, en Nouvelle-Z\u00e9lande, le terroriste australien Brenton Tarrant a mis en ligne un manifeste dans lequel il se d\u00e9finissait comme \u00ab&#160;\u00e9cofasciste&#160;\u00bb. L\u2019histoire de cette notion est pourtant beaucoup plus complexe que cet usage meurtrier ne le laisse penser. Avant de devenir l\u2019auto-d\u00e9signation de tueurs n\u00e9onazis et un signifiant flottant du d\u00e9bat public, \u00ab&#160;\u00e9cofascisme&#160;\u00bb a d\u2019abord \u00e9t\u00e9 utilis\u00e9 par un philosophe de la gauche \u00e9cologiste comme une mise en garde.<\/p>\n\n\n\n<h2 class=\"wp-block-heading\">Le pi\u00e8ge d&rsquo;un mot<\/h2>\n\n\n\n<p>Un concept ne recouvre pas toujours la r\u00e9alit\u00e9 qu\u2019il pr\u00e9tend d\u00e9crire. Qu\u2019il s\u2019agisse d\u2019une \u00e9tiquette que les acteurs se donnent eux-m\u00eames ou d\u2019une d\u00e9signation venue de l\u2019ext\u00e9rieur \u2014 les deux cas coexistent ici \u2014, son sens peut \u00eatre obscurci par sa propre formule. Tel est, du moins, l\u2019argument du philosophe Fabrice Flipo dans son analyse de la notion d\u2019\u00e9cofascisme&nbsp;<span class='whitespace-nowrap'><span id='easy-footnote-1-352227' class='easy-footnote-margin-adjust'><\/span><span class='easy-footnote note-digits-1'><a href='https:\/\/legrandcontinent.eu\/fr\/2026\/08\/10\/ecofascisme\/#easy-footnote-bottom-1-352227' title='Fabrice Flipo (entretien avec Quentin Hardy), \u00ab&amp;#160;&lt;a href=&quot;https:\/\/www.terrestres.org\/2023\/05\/16\/ecofascisme-notion-eclairante-ou-piege-ideologique\/&quot;&gt;\u00c9cofascisme&amp;#160;: notion \u00e9clairante ou pi\u00e8ge id\u00e9ologique&amp;#160;?&lt;\/a&gt;&amp;#160;\u00bb, &lt;em&gt;Terrestres&lt;\/em&gt;, 16 mai 2023.'><sup>1<\/sup><\/a><\/span><\/span>.<\/p>\n\n\n\n<p>Discutant de la validit\u00e9 \u00e9pist\u00e9mologique du terme, Flipo renvoie \u00e0 son usage pr\u00e9coce chez le philosophe franco-autrichien Andr\u00e9 Gorz, pionnier de l\u2019\u00e9cologie politique. Dans \u00ab&#160;Socialisme ou \u00e9cofascisme&#160;\u00bb, paru dans la revue<em> Le Sauvage<\/em> en 1973, Gorz d\u00e9signait par ce mot la gestion autoritaire de la crise \u00e9cologique que les acteurs capitalistes pourraient mettre en \u0153uvre en r\u00e9ponse aux contraintes environnementales&nbsp;<span class='whitespace-nowrap'><span id='easy-footnote-2-352227' class='easy-footnote-margin-adjust'><\/span><span class='easy-footnote note-digits-1'><a href='https:\/\/legrandcontinent.eu\/fr\/2026\/08\/10\/ecofascisme\/#easy-footnote-bottom-2-352227' title='Andr\u00e9 Gorz, \u00ab&amp;#160;Socialisme ou \u00e9cofascisme&amp;#160;\u00bb (&lt;em&gt;Le Sauvage&lt;\/em&gt;, 1973), repris dans &lt;em&gt;\u00c9cologie et politique&lt;\/em&gt;, Paris, Seuil, 1978, pp. 87-101. La premi\u00e8re \u00e9dition du recueil est parue chez Galil\u00e9e en 1975.'><sup>2<\/sup><\/a><\/span><\/span>. Pour Flipo, cette logique fait \u00e9cho \u00e0 la th\u00e9orie du penseur marxiste Nicos Poulantzas sur le r\u00f4le de l\u2019\u00c9tat en p\u00e9riode de crise&#160;: lorsque le capitalisme traverse une phase de surproduction, il s\u2019empare de l\u2019\u00c9tat afin d\u2019imposer un contr\u00f4le plus \u00e9troit sur l\u2019\u00e9conomie. L\u2019inspiration n\u2019a toutefois pu \u00eatre que partielle&#160;: chez Poulantzas, la transformation autoritaire de l\u2019\u00c9tat en contexte de crise capitaliste prenait des formes bien distinctes du fascisme&nbsp;<span class='whitespace-nowrap'><span id='easy-footnote-3-352227' class='easy-footnote-margin-adjust'><\/span><span class='easy-footnote note-digits-1'><a href='https:\/\/legrandcontinent.eu\/fr\/2026\/08\/10\/ecofascisme\/#easy-footnote-bottom-3-352227' title='Nicos Poulantzas, &lt;em&gt;Fascisme et dictature. La IIIe Internationale face au fascisme&lt;\/em&gt;, Paris, Maspero, 1970.'><sup>3<\/sup><\/a><\/span><\/span>.<\/p>\n\n\n\n<p>Flipo soumet au m\u00eame examen critique l\u2019\u00ab&#160;\u00e9lectrofascisme&#160;\u00bb, autre concept forg\u00e9 par Gorz pour d\u00e9signer les contraintes autoritaires que l\u2019\u00e9nergie nucl\u00e9aire imposerait \u00e0 la soci\u00e9t\u00e9 en raison des risques qui lui sont intrins\u00e8quement associ\u00e9s&nbsp;<span class='whitespace-nowrap'><span id='easy-footnote-4-352227' class='easy-footnote-margin-adjust'><\/span><span class='easy-footnote note-digits-1'><a href='https:\/\/legrandcontinent.eu\/fr\/2026\/08\/10\/ecofascisme\/#easy-footnote-bottom-4-352227' title='Andr\u00e9 Gorz, \u00ab&amp;#160;De l\u2019\u00e9lectronucl\u00e9aire \u00e0 l\u2019\u00e9lectrofascisme&amp;#160;\u00bb (&lt;em&gt;Le Sauvage&lt;\/em&gt;, 1975), repris dans &lt;em&gt;\u00c9cologie et politique&lt;\/em&gt;, op. cit., pp. 114-128.'><sup>4<\/sup><\/a><\/span><\/span>. Un jugement similaire pourrait s\u2019appliquer aujourd\u2019hui au \u00ab&#160;fascisme fossile&#160;\u00bb th\u00e9oris\u00e9 par le g\u00e9ographe marxiste Andreas Malm et le collectif Zetkin&nbsp;<span class='whitespace-nowrap'><span id='easy-footnote-5-352227' class='easy-footnote-margin-adjust'><\/span><span class='easy-footnote note-digits-1'><a href='https:\/\/legrandcontinent.eu\/fr\/2026\/08\/10\/ecofascisme\/#easy-footnote-bottom-5-352227' title='Zetkin Collective, avec Andreas Malm, &lt;em&gt;Fascisme fossile. L\u2019extr\u00eame droite, l\u2019\u00e9nergie, le climat&lt;\/em&gt;, trad. Lise Benoist, Paris, La Fabrique, 2020&amp;#160;; \u00e9dition anglaise&amp;#160;: &lt;em&gt;White Skin, Black Fuel&amp;#160;: On the Danger of Fossil Fascism&lt;\/em&gt;, Londres, Verso, 2021.'><sup>5<\/sup><\/a><\/span><\/span>. Sortis de leur contexte d\u2019origine, de tels usages tendent \u00e0 r\u00e9duire le fascisme \u00e0 une simple forme d\u2019autoritarisme, un trait qui n\u2019est ni exclusif au fascisme ni propre \u00e0 l\u2019extr\u00eame droite.<\/p>\n\n\n\n<p>L\u2019historien Daniele Conversi met en cause jusqu\u2019\u00e0 l\u2019usage du terme. Examinant son emploi dans le contexte de la r\u00e9surgence des extr\u00eames droites, il d\u00e9crit le ph\u00e9nom\u00e8ne comme \u00ab&#160;un environnementalisme affect\u00e9 et enr\u00e9giment\u00e9, dilu\u00e9 et vid\u00e9 de son sens, r\u00e9duit \u00e0 une dimension strictement locale-nationale et territoriale [\u2026] dans une perspective limit\u00e9e et territorialis\u00e9e qui peut difficilement \u00eatre qualifi\u00e9e d\u2019\u2019\u00e9cologiste\u2019&#160;\u00bb&nbsp;<span class='whitespace-nowrap'><span id='easy-footnote-6-352227' class='easy-footnote-margin-adjust'><\/span><span class='easy-footnote note-digits-1'><a href='https:\/\/legrandcontinent.eu\/fr\/2026\/08\/10\/ecofascisme\/#easy-footnote-bottom-6-352227' title='Daniele Conversi, \u00ab&amp;#160;Eco-fascism&amp;#160;: An Oxymoron&amp;#160;? Far-Right Nationalism, History, and the Climate Emergency&amp;#160;\u00bb, &lt;em&gt;Frontiers in Human Dynamics&lt;\/em&gt;, vol. 6, 2024.'><sup>6<\/sup><\/a><\/span><\/span>. Le verdict de Flipo est proche. L&rsquo;\u00e9cologisme d\u00e9signe selon lui \u00ab&#160;des formes politiques bien identifi\u00e9es, et relativement stables&#160;\u00bb, c&rsquo;est-\u00e0-dire \u00ab&#160;un mouvement social port\u00e9 par un activisme cosmopolite qui cherche \u00e0 r\u00e9\u00e9quilibrer le m\u00e9tabolisme social avec la nature [\u2026] en mettant l\u2019accent sur la d\u00e9mocratie, la d\u00e9sob\u00e9issance civile et la non-violence&#160;\u00bb. Parler d&rsquo;\u00ab&#160;\u00e9cologisme d&rsquo;extr\u00eame droite&#160;\u00bb rel\u00e8ve d\u00e8s lors, \u00e0 ses yeux, du \u00ab&#160;confusionnisme&#160;\u00bb&nbsp;<span class='whitespace-nowrap'><span id='easy-footnote-7-352227' class='easy-footnote-margin-adjust'><\/span><span class='easy-footnote note-digits-1'><a href='https:\/\/legrandcontinent.eu\/fr\/2026\/08\/10\/ecofascisme\/#easy-footnote-bottom-7-352227' title='Fabrice Flipo, \u00ab&amp;#160;\u00c9cofascisme&amp;#160;: notion \u00e9clairante ou pi\u00e8ge id\u00e9ologique&amp;#160;?&amp;#160;\u00bb, art. cit.'><sup>7<\/sup><\/a><\/span><\/span>.\u00a0<\/p>\n\n\n\n<p>D&rsquo;autres chercheurs assument au contraire la cat\u00e9gorie. Bal\u0161a Lubarda a fait de l&rsquo;\u00ab&#160;\u00e9cologisme d&rsquo;extr\u00eame droite&#160;\u00bb (<em>far-right ecologism<\/em>) un concept d&rsquo;analyse \u00e0 part enti\u00e8re&nbsp;<span class='whitespace-nowrap'><span id='easy-footnote-8-352227' class='easy-footnote-margin-adjust'><\/span><span class='easy-footnote note-digits-1'><a href='https:\/\/legrandcontinent.eu\/fr\/2026\/08\/10\/ecofascisme\/#easy-footnote-bottom-8-352227' title='Bal\u0161a Lubarda, &lt;em&gt;Far-Right Ecologism&amp;#160;: Environmental Politics and the Far Right in Hungary and Poland&lt;\/em&gt;, Routledge, 2023.'><sup>8<\/sup><\/a><\/span><\/span>, et les travaux r\u00e9unis par Bernhard Forchtner documentent un rapport \u00e0 l&rsquo;environnement propre \u00e0 ces mouvements&nbsp;<span class='whitespace-nowrap'><span id='easy-footnote-9-352227' class='easy-footnote-margin-adjust'><\/span><span class='easy-footnote note-digits-1'><a href='https:\/\/legrandcontinent.eu\/fr\/2026\/08\/10\/ecofascisme\/#easy-footnote-bottom-9-352227' title='Salomi Boukala &amp;amp; Eirini Tountasaki, \u201cFrom Black to Green&amp;#160;: Analysing Le Front National\u2019s \u2018Patriotic Ecology\u2019\u201d, in Bernhard Forchtner (dir.), &lt;em&gt;The Far Right and the Environment&amp;#160;: Politics, Discourse and Communication&lt;\/em&gt;, Londres, Routledge, 2020, pp. 67-78.'><sup>9<\/sup><\/a><\/span><\/span>. La querelle reste donc ouverte, et elle porte moins sur les faits que sur ce que le mot \u00ab&#160;\u00e9cologisme&#160;\u00bb peut l\u00e9gitimement couvrir.<\/p>\n\n\n\n<p>Concept adjacent, le \u00ab&#160;patriotisme vert ou \u00e9cologique&#160;\u00bb n&rsquo;est gu\u00e8re moins ambigu. L\u00e0 o\u00f9 l&rsquo;\u00e9cofascisme semble englober un vaste \u00e9ventail de ph\u00e9nom\u00e8nes, des groupuscules n\u00e9onazis aux acteurs de la droite de gouvernement, le \u00ab&#160;patriotisme vert&#160;\u00bb, occurrence bien moins fr\u00e9quente, est mobilis\u00e9 surtout par des acteurs politiques institutionnels. Il porte sa tension en lui-m\u00eame, puisqu&rsquo;il pr\u00f4ne la pr\u00e9servation de l&rsquo;environnement tout en la cantonnant \u00e0 l&rsquo;\u00e9chelle nationale ou r\u00e9gionale, sans n\u00e9cessairement soutenir d&rsquo;action climatique substantielle&nbsp;<span class='whitespace-nowrap'><span id='easy-footnote-10-352227' class='easy-footnote-margin-adjust'><\/span><span class='easy-footnote note-digits-2'><a href='https:\/\/legrandcontinent.eu\/fr\/2026\/08\/10\/ecofascisme\/#easy-footnote-bottom-10-352227' title='Stella Schaller et Alexander Carius, &lt;em&gt;Convenient Truths&amp;#160;: Mapping Climate Agendas of Right-Wing Populist Parties in Europe&lt;\/em&gt;, Berlin, Adelphi, 2019.'><sup>10<\/sup><\/a><\/span><\/span>. Reprise jusque par certaines forces de gauche&nbsp;<span class='whitespace-nowrap'><span id='easy-footnote-11-352227' class='easy-footnote-margin-adjust'><\/span><span class='easy-footnote note-digits-2'><a href='https:\/\/legrandcontinent.eu\/fr\/2026\/08\/10\/ecofascisme\/#easy-footnote-bottom-11-352227' title='Helena Horton, \u00ab&amp;#160;\u2018It\u2019s an existential moment\u2019&amp;#160;: Greens take on Reform in fight for fed-up voters&amp;#160;\u00bb, &lt;em&gt;The Guardian&lt;\/em&gt;, 29 avril 2025 et \u00ab&amp;#160;&lt;a href=&quot;https:\/\/www.franceinfo.fr\/environnement\/crise-climatique\/crise-energetique-le-gouvernement-n-a-pas-anticipe-pour-yannick-jadot-qui-propose-un-pacte-de-patriotisme-ecologique_5335129.html&quot;&gt;Crise \u00e9nerg\u00e9tique&amp;#160;: \u2026 Yannick Jadot propose &amp;lsquo;un pacte de patriotisme \u00e9cologique&lt;\/a&gt;&amp;lsquo;&amp;#160;\u00bb, franceinfo, 31 ao\u00fbt 2022.'><sup>11<\/sup><\/a><\/span><\/span>, l&rsquo;\u00e9tiquette fonctionne moins comme un oxymore que comme un signifiant disponible, chacun infl\u00e9chissant \u00e0 sa mani\u00e8re le vieux slogan \u00e9cologiste \u00ab&#160;penser globalement, agir localement&#160;\u00bb.<\/p>\n\n\n\n<p>Au sein du premier groupe, Dubiau identifie une s\u00e9rie de th\u00e8mes port\u00e9s par des acteurs se revendiquant progressistes mais qui convergent avec des id\u00e9ologies conservatrices plus traditionnelles&#160;: l\u2019id\u00e9e que les \u00eatres humains seraient intrins\u00e8quement parasitaires, incapables d\u2019entretenir avec la nature une relation autre que pr\u00e9datrice&#160;; des conceptions n\u00e9omalthusiennes faisant de la d\u00e9mographie le principal moteur de la crise environnementale&#160;; des visions d\u00e9terministes et catastrophistes d\u2019un effondrement in\u00e9vitable de la civilisation industrielle&#160;; des r\u00e9ponses technocratiques et autoritaires \u00e0 la d\u00e9gradation \u00e9cologique&#160;; des lectures asc\u00e9tiques de la d\u00e9croissance, fond\u00e9es sur la restriction morale de la consommation. La liste est assez vaste pour alimenter les r\u00e9cits de pol\u00e9mistes d\u2019extr\u00eame droite, prompts \u00e0 d\u00e9busquer un \u00ab&#160;anti-humanisme&#160;\u00bb jusque dans des organisations environnementales mod\u00e9r\u00e9es&nbsp;<span class='whitespace-nowrap'><span id='easy-footnote-12-352227' class='easy-footnote-margin-adjust'><\/span><span class='easy-footnote note-digits-2'><a href='https:\/\/legrandcontinent.eu\/fr\/2026\/08\/10\/ecofascisme\/#easy-footnote-bottom-12-352227' title='Arsenio Cuenca et Jaime Caro, \u00ab&amp;#160;Dark Shadows under the Ivory Tower&amp;#160;: An Approach to Elon Musk\u2019s Ideology&amp;#160;\u00bb, &lt;em&gt;Journal of Illiberalism Studies&lt;\/em&gt;, vol. 4, n\u00b03, 2024, pp. 161-180.'><sup>12<\/sup><\/a><\/span><\/span>.<\/p>\n\n\n\n<h2 class=\"wp-block-heading\">Une g\u00e9n\u00e9alogie verte-brune<\/h2>\n\n\n\n<p>Les acteurs de droite et d\u2019extr\u00eame droite qui investissent le discours \u00e9cologique mobilisent des \u00e9l\u00e9ments familiers de l\u2019id\u00e9ologie conservatrice et traditionaliste&#160;: rejet de l\u2019id\u00e9e de progr\u00e8s, conception holiste de la soci\u00e9t\u00e9, croyance selon laquelle les individus h\u00e9ritent de valeurs transmises par les g\u00e9n\u00e9rations pr\u00e9c\u00e9dentes auxquelles le respect serait d\u00fb. Les conservateurs les plus canoniques id\u00e9alisent une \u00ab&#160;puret\u00e9 perdue&#160;\u00bb&nbsp;<span class='whitespace-nowrap'><span id='easy-footnote-13-352227' class='easy-footnote-margin-adjust'><\/span><span class='easy-footnote note-digits-2'><a href='https:\/\/legrandcontinent.eu\/fr\/2026\/08\/10\/ecofascisme\/#easy-footnote-bottom-13-352227' title='St\u00e9phane Fran\u00e7ois, &lt;em&gt;L\u2019\u00e9cologie politique. Une vision du monde r\u00e9actionnaire&amp;#160;?&lt;\/em&gt;, Paris, Cerf, 2012, p. 73.'><sup>13<\/sup><\/a><\/span><\/span>, souvent incarn\u00e9e par la figure du paysan. Dans ce cadre, les discours d\u2019ordre pr\u00e9sentent l\u2019\u00e9quilibre des campagnes comme une extension de la loi naturelle, tandis que le cosmopolitisme est rejet\u00e9 au profit d\u2019une nostalgie localiste de la vie rurale. La ville symbolise les \u00e9checs suppos\u00e9s du multiculturalisme, de la technique et de la modernit\u00e9&#160;; la campagne, adoss\u00e9e \u00e0 la famille, \u00e0 la religion et \u00e0 la nation, offre le cadre o\u00f9 \u00ab&#160;pr\u00e9server un mode de vie r\u00e9gul\u00e9 et maintenir un ordre familier et moral&#160;\u00bb&nbsp;<span class='whitespace-nowrap'><span id='easy-footnote-14-352227' class='easy-footnote-margin-adjust'><\/span><span class='easy-footnote note-digits-2'><a href='https:\/\/legrandcontinent.eu\/fr\/2026\/08\/10\/ecofascisme\/#easy-footnote-bottom-14-352227' title='Ibid., p. 74.'><sup>14<\/sup><\/a><\/span><\/span>. Ces repr\u00e9sentations arcadiennes opposent des communaut\u00e9s enracin\u00e9es et coh\u00e9sives \u00e0 l\u2019individualisme urbain \u2014 en \u00e9cho, souvent, aux tropes antis\u00e9mites d\u00e9crivant les Juifs comme nomades et d\u00e9racin\u00e9s.<\/p>\n\n\n\n<p>Jean Jacob a rep\u00e9r\u00e9 cette int\u00e9gration de la nature \u00e0 un cadre conservateur dans l\u2019\u0153uvre d\u2019Edward Goldsmith. Fondateur de la revue<em> The Ecologist<\/em> et co-auteur, en 1972, du retentissant<em> Blueprint for Survival<\/em>, cet \u00e9cologiste anglo-fran\u00e7ais adh\u00e9rait \u00e0 une vision r\u00e9gressive de la f\u00e9minit\u00e9, de l\u2019immigration, de la famille et de la communaut\u00e9, et plus largement \u00e0 une conception autoritaire de l\u2019ordre social&nbsp;<span class='whitespace-nowrap'><span id='easy-footnote-15-352227' class='easy-footnote-margin-adjust'><\/span><span class='easy-footnote note-digits-2'><a href='https:\/\/legrandcontinent.eu\/fr\/2026\/08\/10\/ecofascisme\/#easy-footnote-bottom-15-352227' title='Jean Jacob, &lt;em&gt;L\u2019Antimondialisation. Aspects m\u00e9connus d\u2019une n\u00e9buleuse&lt;\/em&gt;, Paris, Berg International, 2006.'><sup>15<\/sup><\/a><\/span><\/span>&#160;; il participa d\u2019ailleurs \u00e0 des colloques du GRECE, matrice de la Nouvelle Droite. St\u00e9phane Fran\u00e7ois caract\u00e9rise de m\u00eame sa position environnementale comme anti-individualiste, antimoderne, technophobe et anticapitaliste&nbsp;<span class='whitespace-nowrap'><span id='easy-footnote-16-352227' class='easy-footnote-margin-adjust'><\/span><span class='easy-footnote note-digits-2'><a href='https:\/\/legrandcontinent.eu\/fr\/2026\/08\/10\/ecofascisme\/#easy-footnote-bottom-16-352227' title='St\u00e9phane Fran\u00e7ois, &lt;em&gt;L\u2019\u00e9cologie politique&lt;\/em&gt;, op. cit.'><sup>16<\/sup><\/a><\/span><\/span>. Il faut toutefois mesurer la port\u00e9e de cet anticapitalisme proclam\u00e9. Les mod\u00e8les \u00e9conomiques alternatifs que d\u00e9fendait Goldsmith restaient fond\u00e9s sur la propri\u00e9t\u00e9 priv\u00e9e de la terre et sur des modes de production localis\u00e9s, soit la restauration d&rsquo;un ordre agraire traditionnel bien plus qu&rsquo;un d\u00e9passement du capitalisme.<\/p>\n\n\n\n<p>Des attitudes similaires s\u2019observent au sein des id\u00e9ologies explicitement nazies, fascistes et n\u00e9ofascistes \u2014 ces derni\u00e8res puisant le plus directement dans les traditions intellectuelles conservatrices. Si le Troisi\u00e8me Reich a promu une id\u00e9ologie profond\u00e9ment marqu\u00e9e par un productivisme \u00e9cocidaire&nbsp;<span class='whitespace-nowrap'><span id='easy-footnote-17-352227' class='easy-footnote-margin-adjust'><\/span><span class='easy-footnote note-digits-2'><a href='https:\/\/legrandcontinent.eu\/fr\/2026\/08\/10\/ecofascisme\/#easy-footnote-bottom-17-352227' title='Johann Chapoutot, \u00ab&amp;#160;Nazisme, environnement, \u00e9cologie&amp;#160;\u00bb, &lt;em&gt;La Pens\u00e9e \u00e9cologique&lt;\/em&gt;, vol. 4, n\u00b02, 2019, pp. 26-30.'><sup>17<\/sup><\/a><\/span><\/span>, certains courants du nazisme \u2014 autour notamment de Richard Walther Darr\u00e9, ministre de l\u2019Agriculture du Reich et chantre du \u00ab&#160;sang et du sol&#160;\u00bb (<em>Blut und Boden<\/em>) \u2014 encourag\u00e8rent simultan\u00e9ment l\u2019agriculture biologique, le v\u00e9g\u00e9tarisme et diverses formes de culte de la nature, comme l\u2019ont montr\u00e9, dans un essai qui a fait date, Janet Biehl et Peter Staudenmaier&nbsp;<span class='whitespace-nowrap'><span id='easy-footnote-18-352227' class='easy-footnote-margin-adjust'><\/span><span class='easy-footnote note-digits-2'><a href='https:\/\/legrandcontinent.eu\/fr\/2026\/08\/10\/ecofascisme\/#easy-footnote-bottom-18-352227' title='Janet Biehl et Peter Staudenmaier, &lt;em&gt;Ecofascism&amp;#160;: Lessons from the German Experience&lt;\/em&gt;, \u00c9dimbourg, AK Press, 1995.'><sup>18<\/sup><\/a><\/span><\/span>. Le strass\u00e9risme \u2014 le courant organis\u00e9 autour d\u2019Otto Strasser, qui voulait donner au nazisme un profil plus social \u2014 projetait quant \u00e0 lui de r\u00e9organiser la soci\u00e9t\u00e9 allemande autour d\u2019une nouvelle anthropologie rurale&#160;: \u00ab&#160;\u00c0 l\u2019instar de J\u00fcnger, \u00e9crit Patrick Moreau, Strasser r\u00eavait d\u2019un nouveau \u2018Travailleur\u2019, mais d\u2019un type particulier&#160;: un Paysan, qu\u2019il s\u2019agisse d\u2019un paysan-ouvrier, d\u2019un paysan-intellectuel ou d\u2019un paysan-soldat&#160;\u00bb&nbsp;<span class='whitespace-nowrap'><span id='easy-footnote-19-352227' class='easy-footnote-margin-adjust'><\/span><span class='easy-footnote note-digits-2'><a href='https:\/\/legrandcontinent.eu\/fr\/2026\/08\/10\/ecofascisme\/#easy-footnote-bottom-19-352227' title='Patrick Moreau, \u00ab&amp;#160;\u201cSocialisme\u201d national contre hitl\u00e9risme&amp;#160;: le cas Otto Strasser&amp;#160;\u00bb, &lt;em&gt;Revue d\u2019Allemagne et des pays de langue allemande&lt;\/em&gt;, vol. 16, n\u00b03, 1984, pp. 485-498.'><sup>19<\/sup><\/a><\/span><\/span>. En France, d&rsquo;anciens membres fran\u00e7ais de la Waffen-SS, la branche militaire de la SS qui enr\u00f4la des volontaires venus de toute l&rsquo;Europe, ont contribu\u00e9 apr\u00e8s-guerre \u00e0 fa\u00e7onner les premi\u00e8res conceptions identitaires et supr\u00e9macistes de la nature. Au premier rang d&rsquo;entre eux figure l&rsquo;\u00e9crivain Saint-Loup, de son vrai nom Marc Augier, chef de file de ces \u00ab&#160;verts-bruns&#160;\u00bb \u00e9tudi\u00e9s par St\u00e9phane Fran\u00e7ois&nbsp;<span class='whitespace-nowrap'><span id='easy-footnote-20-352227' class='easy-footnote-margin-adjust'><\/span><span class='easy-footnote note-digits-2'><a href='https:\/\/legrandcontinent.eu\/fr\/2026\/08\/10\/ecofascisme\/#easy-footnote-bottom-20-352227' title='St\u00e9phane Fran\u00e7ois, &lt;em&gt;Les Verts-bruns. L\u2019\u00e9cologie de l\u2019extr\u00eame droite fran\u00e7aise&lt;\/em&gt;, Lormont, Le Bord de l\u2019eau, 2022.'><sup>20<\/sup><\/a><\/span><\/span>. Explicitement racialistes, ces auteurs pr\u00f4naient une organisation de la soci\u00e9t\u00e9 fond\u00e9e sur la stricte s\u00e9paration des peuples.<\/p>\n\n\n\n<p>C\u2019est toutefois au sein de la Nouvelle Droite fran\u00e7aise que s\u2019\u00e9labore la synth\u00e8se la plus aboutie entre \u00e9cologie et pens\u00e9e d\u2019extr\u00eame droite. N\u00e9 en 1968 autour du GRECE et anim\u00e9 par Alain de Benoist \u2014 pour qui tout conservatisme v\u00e9ritable est r\u00e9volutionnaire&nbsp;<span class='whitespace-nowrap'><span id='easy-footnote-21-352227' class='easy-footnote-margin-adjust'><\/span><span class='easy-footnote note-digits-2'><a href='https:\/\/legrandcontinent.eu\/fr\/2026\/08\/10\/ecofascisme\/#easy-footnote-bottom-21-352227' title='Alain de Benoist, &lt;em&gt;Les id\u00e9es \u00e0 l\u2019endroit&lt;\/em&gt;, Paris, Libres-Hallier, 1979.'><sup>21<\/sup><\/a><\/span><\/span> \u2014, ce courant intellectuel entendait revitaliser les traditions de la droite radicale, notamment par la th\u00e8se selon laquelle l\u2019h\u00e9ritage jud\u00e9o-chr\u00e9tien serait \u00e0 l\u2019origine de l\u2019\u00e9galitarisme lib\u00e9ral contemporain, auquel seul un retour \u00e0 des spiritualit\u00e9s pa\u00efennes et hi\u00e9rarchiques pourrait mettre fin&nbsp;<span class='whitespace-nowrap'><span id='easy-footnote-22-352227' class='easy-footnote-margin-adjust'><\/span><span class='easy-footnote note-digits-2'><a href='https:\/\/legrandcontinent.eu\/fr\/2026\/08\/10\/ecofascisme\/#easy-footnote-bottom-22-352227' title='Pierre-Andr\u00e9 Taguieff, &lt;em&gt;Sur la Nouvelle Droite. Jalons d\u2019une analyse critique&lt;\/em&gt;, Paris, Descartes &amp;amp; Cie, 1994.'><sup>22<\/sup><\/a><\/span><\/span>. Transpos\u00e9e sur le terrain \u00e9cologique, la Nouvelle Droite s\u2019inspire du romantisme politique allemand, des courants<em> v\u00f6lkisch<\/em> et de la \u00ab&#160;r\u00e9volution conservatrice&#160;\u00bb de la galaxie Spengler, Schmitt, J\u00fcnger. \u00c0 l\u2019instar de ces mouvements, elle id\u00e9alise le retour \u00e0 la terre comme antidote \u00e0 la corruption suppos\u00e9e de la vie urbaine industrielle&#160;; imputant au christianisme, en rupture avec les paganismes antiques, l\u2019instauration d\u2019un dualisme entre l\u2019homme et la nature \u2014 et la l\u00e9gitimation de l\u2019exploitation de celle-ci \u2014, les disciples de de Benoist y ont adjoint une d\u00e9fense n\u00e9opa\u00efenne de la d\u00e9croissance et une critique du productivisme&nbsp;<span class='whitespace-nowrap'><span id='easy-footnote-23-352227' class='easy-footnote-margin-adjust'><\/span><span class='easy-footnote note-digits-2'><a href='https:\/\/legrandcontinent.eu\/fr\/2026\/08\/10\/ecofascisme\/#easy-footnote-bottom-23-352227' title='St\u00e9phane Fran\u00e7ois, \u00ab&amp;#160;La Nouvelle Droite et l\u2019\u00e9cologie&amp;#160;: une \u00e9cologie n\u00e9opa\u00efenne&amp;#160;?&amp;#160;\u00bb, &lt;em&gt;Parlement[s]. Revue d\u2019histoire politique&lt;\/em&gt;, n\u00b012, 2009, pp. 132-143. Sur la \u00ab&amp;#160;r\u00e9volution conservatrice&amp;#160;\u00bb, voir, dans cette m\u00eame s\u00e9rie, \u00ab&amp;#160;Le d\u00e9clin de l\u2019Occident&amp;#160;\u00bb.'><sup>23<\/sup><\/a><\/span><\/span>.<\/p>\n\n\n\n<h2 class=\"wp-block-heading\">Des marges au centre<\/h2>\n\n\n\n<p>Des figures du mouvement identitaire ont prolong\u00e9 ces arguments, au premier chef l&rsquo;\u00e9crivain Renaud Camus, principal chantre de la th\u00e9orie complotiste du \u00ab&#160;Grand Remplacement&#160;\u00bb, pour qui \u00ab&#160;les \u00e9cologistes d\u00e9fendent la biodiversit\u00e9 partout, sauf la biodiversit\u00e9 humaine&#160;\u00bb&nbsp;<span class='whitespace-nowrap'><span id='easy-footnote-24-352227' class='easy-footnote-margin-adjust'><\/span><span class='easy-footnote note-digits-2'><a href='https:\/\/legrandcontinent.eu\/fr\/2026\/08\/10\/ecofascisme\/#easy-footnote-bottom-24-352227' title='Jean-Michel D\u00e9cugis, Pauline Gu\u00e9na et Marc Leplongeon, &lt;em&gt;La Poudri\u00e8re&lt;\/em&gt;, Paris, Grasset, 2020.'><sup>24<\/sup><\/a><\/span><\/span>. Bien que l\u2019\u00e9crivain de Chamali\u00e8res revendique la non-violence, c\u2019est dans ce terreau que s\u2019inscrivent les attentats d\u2019El Paso (2019) et de Buffalo (2022), dont les auteurs \u2014 comme Tarrant \u00e0 Christchurch \u2014 ont pr\u00e9sent\u00e9 leur violence comme relevant d\u2019un \u00ab&#160;nationalisme vert&#160;\u00bb&nbsp;<span class='whitespace-nowrap'><span id='easy-footnote-25-352227' class='easy-footnote-margin-adjust'><\/span><span class='easy-footnote note-digits-2'><a href='https:\/\/legrandcontinent.eu\/fr\/2026\/08\/10\/ecofascisme\/#easy-footnote-bottom-25-352227' title='Imogen Richards, \u00ab&amp;#160;Far-right politics, environmental crisis and the question of \u2018eco-fascism\u2019&amp;#160;\u00bb, in Denis Suljic et Emma Allen (dir.), &lt;em&gt;Exploring Trends and Research in Countering and Preventing Extremism and Violent Extremism&lt;\/em&gt;, Hedayah, 2023, pp. 69-78.'><sup>25<\/sup><\/a><\/span><\/span>. Un groupe acc\u00e9l\u00e9rationniste comme la Green Brigade, affili\u00e9e \u00e0 l\u2019organisation n\u00e9onazie internationale <em>The Base<\/em>, se pr\u00e9sente quant \u00e0 lui comme un rassemblement d\u2019\u00ab&#160;\u00e9co-extr\u00e9mistes [\u2026] d\u00e9termin\u00e9s \u00e0 d\u00e9manteler le syst\u00e8me qui exploite notre terre, nos animaux et notre peuple&#160;\u00bb&nbsp;<span class='whitespace-nowrap'><span id='easy-footnote-26-352227' class='easy-footnote-margin-adjust'><\/span><span class='easy-footnote note-digits-2'><a href='https:\/\/legrandcontinent.eu\/fr\/2026\/08\/10\/ecofascisme\/#easy-footnote-bottom-26-352227' title='Graham Macklin, \u00ab&amp;#160;The Extreme Right, Climate Change and Terrorism&amp;#160;\u00bb, &lt;em&gt;Terrorism and Political Violence&lt;\/em&gt;, vol. 34, n\u00b05, 2022, pp. 979-996.'><sup>26<\/sup><\/a><\/span><\/span>.<\/p>\n\n\n\n<p>Dans des cadres plus institutionnels, les formations d\u2019extr\u00eame droite structurent leur critique de l\u2019\u00e9cologisme par des r\u00e9cits populistes. En Espagne, Vox promeut une \u00e9cologie du \u00ab&#160;bon sens&#160;\u00bb, oppos\u00e9e \u00e0 l\u2019\u00ab&#160;\u00e9cologisme radical&#160;\u00bb qu\u2019imposeraient les \u00ab&#160;bureaucrates europ\u00e9ens&#160;\u00bb&nbsp;<span class='whitespace-nowrap'><span id='easy-footnote-27-352227' class='easy-footnote-margin-adjust'><\/span><span class='easy-footnote note-digits-2'><a href='https:\/\/legrandcontinent.eu\/fr\/2026\/08\/10\/ecofascisme\/#easy-footnote-bottom-27-352227' title='\u00ab&amp;#160;Vox quiere derogar el Pacto Verde y desmontar la Agenda 2030&amp;#160;\u00bb, voxespana.es, 4 juin 2024.'><sup>27<\/sup><\/a><\/span><\/span>&#160;; mais d\u00e8s qu\u2019il faut choisir entre politiques \u00e9cologistes et int\u00e9r\u00eats \u00e9conomiques, le parti de Santiago Abascal opte syst\u00e9matiquement pour les seconds, comme l\u2019ont montr\u00e9 Camil Ungureanu et Lucia Alexandra Popartan&nbsp;<span class='whitespace-nowrap'><span id='easy-footnote-28-352227' class='easy-footnote-margin-adjust'><\/span><span class='easy-footnote note-digits-2'><a href='https:\/\/legrandcontinent.eu\/fr\/2026\/08\/10\/ecofascisme\/#easy-footnote-bottom-28-352227' title='Camil Ungureanu et Lucia Alexandra Popartan, \u00ab&amp;#160;The Green, Green Grass of the Nation&amp;#160;: A New Far-Right Ecology in Spain&amp;#160;\u00bb, &lt;em&gt;Political Geography&lt;\/em&gt;, vol. 108, 2024.'><sup>28<\/sup><\/a><\/span><\/span>. Bal\u0161a Lubarda a document\u00e9 une rh\u00e9torique similaire chez les partis phares de l\u2019illib\u00e9ralisme polonais et hongrois&#160;: en Pologne, Droit et justice (PiS) parle d\u2019\u00ab&#160;\u00e9cologie rationnelle&#160;\u00bb ou se revendique d\u2019une \u00ab&#160;\u00e9cologie r\u00e9aliste&#160;\u00bb pour aligner son discours environnemental sur la d\u00e9fense du <em>statu quo<\/em>&#160;; en Hongrie, le Fidesz de Viktor Orb\u00e1n habille ses politiques de reboisement et de d\u00e9veloppement solaire d\u2019un imaginaire religieux \u2014 celui d\u2019une \u00ab&#160;politique verte chr\u00e9tienne-conservatrice&#160;\u00bb&nbsp;<span class='whitespace-nowrap'><span id='easy-footnote-29-352227' class='easy-footnote-margin-adjust'><\/span><span class='easy-footnote note-digits-2'><a href='https:\/\/legrandcontinent.eu\/fr\/2026\/08\/10\/ecofascisme\/#easy-footnote-bottom-29-352227' title='Bal\u0161a Lubarda, &lt;em&gt;op. cit&lt;\/em&gt;.'><sup>29<\/sup><\/a><\/span><\/span>.<\/p>\n\n\n\n<p>En France, le Rassemblement national s\u2019est dot\u00e9 ces derni\u00e8res ann\u00e9es, en partie sous l\u2019influence de la Nouvelle Droite, d\u2019un agenda d\u2019\u00ab&#160;\u00e9cologie patriote&#160;\u00bb&nbsp;<span class='whitespace-nowrap'><span id='easy-footnote-30-352227' class='easy-footnote-margin-adjust'><\/span><span class='easy-footnote note-digits-2'><a href='https:\/\/legrandcontinent.eu\/fr\/2026\/08\/10\/ecofascisme\/#easy-footnote-bottom-30-352227' title='Salomi Boukala et Eirini Tountasaki, op. cit.'><sup>30<\/sup><\/a><\/span><\/span>. Herv\u00e9 Juvin, essayiste promoteur d\u2019une \u00e9cologie organiciste et civilisationnelle, \u00e9lu d\u00e9put\u00e9 europ\u00e9en sur la liste du parti en 2019, en a \u00e9t\u00e9 <a href=\"https:\/\/legrandcontinent.eu\/fr\/2020\/06\/26\/herve-juvin-lartisan-de-la-nouvelle-doctrine-du-rassemblement-national\/\">l\u2019artisan principal<\/a>. D\u00e8s juin 2018, lors d\u2019un d\u00e9bat sur la politique environnementale, la d\u00e9put\u00e9e non inscrite Emmanuelle M\u00e9nard, proche du Rassemblement national, le citait \u00e0 la tribune de l\u2019Assembl\u00e9e&#160;: \u00ab&#160;\u201cPlus que toute raison morale, sociale ou politique, c\u2019est l\u2019\u00e9puisement des ressources naturelles qui condamne \u00e0 court terme le mod\u00e8le de l\u2019individualisme lib\u00e9ral\u201d, \u00e9crit l\u2019essayiste Herv\u00e9 Juvin&#160;\u00bb&nbsp;<span class='whitespace-nowrap'><span id='easy-footnote-31-352227' class='easy-footnote-margin-adjust'><\/span><span class='easy-footnote note-digits-2'><a href='https:\/\/legrandcontinent.eu\/fr\/2026\/08\/10\/ecofascisme\/#easy-footnote-bottom-31-352227' title='Assembl\u00e9e nationale, XVe l\u00e9gislature, session ordinaire de 2017-2018, deuxi\u00e8me s\u00e9ance du mardi 19 juin 2018, compte rendu int\u00e9gral.'><sup>31<\/sup><\/a><\/span><\/span>.\u00a0<\/p>\n\n\n\n<p>En Italie, Giorgia Meloni conjugue le m\u00eame conservatisme avec les th\u00e9matiques environnementales. En 2021, devant la conf\u00e9rence \u00ab&#160;Rural World&#160;: Fragile and Hidden Biodiversity&#160;\u00bb du groupe des Conservateurs et r\u00e9formistes europ\u00e9ens au Parlement europ\u00e9en, la dirigeante de Fratelli d\u2019Italia d\u00e9clarait&#160;: \u00ab&#160;La conservation du patrimoine naturel est un \u00e9l\u00e9ment fondamental de notre identit\u00e9 politique en tant que conservateurs [\u2026]. La droite aime l\u2019environnement parce qu\u2019elle aime la terre, son identit\u00e9, sa patrie&#160;\u00bb&nbsp;<span class='whitespace-nowrap'><span id='easy-footnote-32-352227' class='easy-footnote-margin-adjust'><\/span><span class='easy-footnote note-digits-2'><a href='https:\/\/legrandcontinent.eu\/fr\/2026\/08\/10\/ecofascisme\/#easy-footnote-bottom-32-352227' title='Giorgia Meloni, \u00ab&amp;#160;L\u2019ecologia \u00e8 un elemento fondamentale dell\u2019identit\u00e0 politica dei conservatori&amp;#160;\u00bb, fratelli-italia.it, 4 juin 2021.'><sup>32<\/sup><\/a><\/span><\/span>.<\/p>\n\n\n\n<p>Le verdissement n\u2019est pourtant que l\u2019une des deux voies possibles. Depuis son retour \u00e0 la Maison-Blanche, Donald Trump a choisi de revendiquer une position hyper-fossile. Reprenant dans son <a href=\"https:\/\/legrandcontinent.eu\/fr\/2025\/01\/20\/donald-trump-lage-dor-de-lamerique-commence-aujourdhui-le-discours-dinvestiture-en-integralite\/\">discours d\u2019investiture du 20 janvier 2025<\/a> le slogan \u00ab&#160;<em>drill, baby, drill<\/em>&#160;\u00bb (\u00ab&#160;fore, b\u00e9b\u00e9, fore&#160;\u00bb), il a proclam\u00e9 le m\u00eame jour une \u00ab&#160;urgence \u00e9nerg\u00e9tique nationale&#160;\u00bb, engag\u00e9 un nouveau retrait de l\u2019Accord de Paris et suspendu les concessions \u00e9oliennes f\u00e9d\u00e9rales. Ce productivisme extractiviste assum\u00e9, o\u00f9 s\u2019incarne le \u00ab&#160;fascisme fossile&#160;\u00bb d\u00e9crit par le collectif Zetkin, p\u00e8se directement sur le contexte europ\u00e9en. Il offre aux droites radicales du continent un mod\u00e8le et une couverture rh\u00e9torique, l\u00e9gitime au plus haut niveau la bataille contre le Pacte vert, que Vox veut abroger et que le Rassemblement national d\u00e9nonce, et fait chuter le co\u00fbt politique du n\u00e9gationnisme climatique.&nbsp;<\/p>\n\n\n\n<p>La mont\u00e9e en visibilit\u00e9 de l&rsquo;\u00ab&#160;\u00e9cofascisme&#160;\u00bb et, dans une moindre mesure, du \u00ab&#160;patriotisme vert&#160;\u00bb, peut donc se lire de deux mani\u00e8res. D&rsquo;une part, leur prolif\u00e9ration refl\u00e8te l&rsquo;effort croissant d&rsquo;une partie de l&rsquo;extr\u00eame droite pour \u00e9laborer des arguments \u2014 aussi fragiles soient-ils \u2014 permettant d&rsquo;aborder la crise \u00e9cologique au-del\u00e0 du simple n\u00e9gationnisme climatique, en r\u00e9pondant ainsi \u00e0 une demande de plus en plus majoritaire. Pour la litt\u00e9rature critique, ces discours visent le plus souvent \u00e0 donner un vernis \u00e9cologique \u00e0 des agendas identitaires et in\u00e9galitaires. M\u00eame lorsque la pr\u00e9occupation environnementale est sinc\u00e8re, les solutions propos\u00e9es, strictement nationales, hi\u00e9rarchiques et identitaires, paraissent incompatibles avec des strat\u00e9gies r\u00e9alistes de pr\u00e9vention de l&rsquo;effondrement environnemental, ainsi qu&rsquo;avec les principes constitutifs de l&rsquo;\u00e9cologisme historique.&nbsp;<\/p>\n\n\n\n<p>Les chercheurs qui emploient le terme, malgr\u00e9 ses ambigu\u00eft\u00e9s, en font le plus souvent un outil critique destin\u00e9 \u00e0 mettre en lumi\u00e8re le verdissement de fa\u00e7ade (<em>greenwashing<\/em>) de l\u2019extr\u00eame droite, d\u00e9construire ses r\u00e9cits et r\u00e9v\u00e9ler ses objectifs sous-jacents. Cependant, l&rsquo;utilisation de ce concept a un co\u00fbt&#160;: elle accr\u00e9dite l&rsquo;id\u00e9e que l&rsquo;\u00ab&#160;\u00e9cologisme&#160;\u00bb se d\u00e9clinerait en variantes id\u00e9ologiques multiples, y compris d&rsquo;extr\u00eame droite, voire fascistes. Si les mots sont des \u00ab&#160;pistolets charg\u00e9s&#160;\u00bb, pour reprendre la formule de Brice Parain que Sartre avait faite sienne, il faut veiller \u00e0 ce qu\u2019ils ne se retournent pas contre ceux qui les emploient.<\/p>\n","protected":false},"excerpt":{"rendered":"<p>Utilis\u00e9e par un pionnier de l\u2019\u00e9cologie politique, cette notion est devenue une cat\u00e9gorie clef et ambigu\u00eb du tournant vert des extr\u00eames droites.<\/p>\n","protected":false},"author":61105,"featured_media":352231,"comment_status":"closed","ping_status":"closed","sticky":false,"template":"templates\/post-studies.php","format":"standard","meta":{"_acf_changed":false,"_trash_the_other_posts":false,"_yoast_wpseo_estimated-reading-time-minutes":15,"_lgc_tts_voice":"","_lgc_tts_publish":false,"_lgc_tts_history_item_id":"","_lgc_tts_generated_at":"","_lgc_tts_status":"","_lgc_tts_error":"","footnotes":""},"categories":[5072],"tags":[],"staff":[5065],"editorial_format":[4849],"serie":[],"audience":[],"geo":[2163],"class_list":["post-352227","post","type-post","status-publish","format-standard","hentry","category-vocabulaire-de-lextreme-droite-pour-une-philologie-critique-de-nos-annees-vingt","staff-arsenio-cuenca","editorial_format-etudes","geo-monde"],"acf":{"open_in_webview":false,"accent":"default","_thumbnail_id":352231,"excerpt":"Utilis\u00e9e par un pionnier de l\u2019\u00e9cologie politique, cette notion est devenue une cat\u00e9gorie clef et ambigu\u00eb du tournant vert des extr\u00eames droites.","display_date":"","new_abstract":true},"yoast_head":"<!-- This site is optimized with the Yoast SEO plugin v26.1.1 - https:\/\/yoast.com\/wordpress\/plugins\/seo\/ -->\n<title>\u00c9cofascisme<\/title>\n<meta name=\"robots\" content=\"index, follow, max-snippet:-1, max-image-preview:large, max-video-preview:-1\" \/>\n<link rel=\"canonical\" href=\"https:\/\/legrandcontinent.eu\/fr\/2026\/08\/10\/ecofascisme\/\" \/>\n<meta property=\"og:locale\" content=\"fr_FR\" \/>\n<meta property=\"og:type\" content=\"article\" \/>\n<meta property=\"og:title\" content=\"\u00c9cofascisme\" \/>\n<meta property=\"og:description\" content=\"Utilis\u00e9e par un pionnier de l\u2019\u00e9cologie politique, cette notion est devenue une cat\u00e9gorie clef et ambigu\u00eb du tournant vert des extr\u00eames droites.\" \/>\n<meta property=\"og:url\" content=\"https:\/\/legrandcontinent.eu\/fr\/2026\/08\/10\/ecofascisme\/\" \/>\n<meta property=\"og:site_name\" content=\"Le Grand Continent\" \/>\n<meta property=\"article:published_time\" content=\"2026-08-10T15:30:56+00:00\" \/>\n<meta property=\"article:modified_time\" content=\"2026-08-11T12:33:25+00:00\" \/>\n<meta property=\"og:image\" content=\"https:\/\/legrandcontinent.eu\/fr\/wp-content\/uploads\/sites\/2\/2026\/08\/ecofascisme-GC-2-990x743.png\" \/>\n\t<meta property=\"og:image:width\" content=\"990\" \/>\n\t<meta property=\"og:image:height\" content=\"743\" \/>\n\t<meta property=\"og:image:type\" content=\"image\/png\" \/>\n<meta name=\"author\" content=\"camillenedellec\" \/>\n<meta name=\"twitter:card\" content=\"summary_large_image\" \/>\n<meta name=\"twitter:image\" content=\"https:\/\/legrandcontinent.eu\/fr\/wp-content\/uploads\/sites\/2\/2026\/08\/ecofascisme-GC-2.png\" \/>\n<meta name=\"twitter:label1\" content=\"\u00c9crit par\" \/>\n\t<meta name=\"twitter:data1\" content=\"camillenedellec\" \/>\n\t<meta name=\"twitter:label2\" content=\"Dur\u00e9e de lecture estim\u00e9e\" \/>\n\t<meta name=\"twitter:data2\" content=\"15 minutes\" \/>\n<script type=\"application\/ld+json\" class=\"yoast-schema-graph\">{\"@context\":\"https:\/\/schema.org\",\"@graph\":[{\"@type\":\"WebPage\",\"@id\":\"https:\/\/legrandcontinent.eu\/fr\/2026\/08\/10\/ecofascisme\/\",\"url\":\"https:\/\/legrandcontinent.eu\/fr\/2026\/08\/10\/ecofascisme\/\",\"name\":\"\u00c9cofascisme\",\"isPartOf\":{\"@id\":\"https:\/\/legrandcontinent.eu\/fr\/#website\"},\"primaryImageOfPage\":{\"@id\":\"https:\/\/legrandcontinent.eu\/fr\/2026\/08\/10\/ecofascisme\/#primaryimage\"},\"image\":{\"@id\":\"https:\/\/legrandcontinent.eu\/fr\/2026\/08\/10\/ecofascisme\/#primaryimage\"},\"thumbnailUrl\":\"https:\/\/legrandcontinent.eu\/fr\/wp-content\/uploads\/sites\/2\/2026\/08\/ecofascisme-GC-2.png\",\"datePublished\":\"2026-08-10T15:30:56+00:00\",\"dateModified\":\"2026-08-11T12:33:25+00:00\",\"author\":{\"@id\":\"https:\/\/legrandcontinent.eu\/fr\/#\/schema\/person\/4c6db0d566b52dd83b58a087e0227e69\"},\"breadcrumb\":{\"@id\":\"https:\/\/legrandcontinent.eu\/fr\/2026\/08\/10\/ecofascisme\/#breadcrumb\"},\"inLanguage\":\"fr-FR\",\"potentialAction\":[{\"@type\":\"ReadAction\",\"target\":[\"https:\/\/legrandcontinent.eu\/fr\/2026\/08\/10\/ecofascisme\/\"]}]},{\"@type\":\"ImageObject\",\"inLanguage\":\"fr-FR\",\"@id\":\"https:\/\/legrandcontinent.eu\/fr\/2026\/08\/10\/ecofascisme\/#primaryimage\",\"url\":\"https:\/\/legrandcontinent.eu\/fr\/wp-content\/uploads\/sites\/2\/2026\/08\/ecofascisme-GC-2.png\",\"contentUrl\":\"https:\/\/legrandcontinent.eu\/fr\/wp-content\/uploads\/sites\/2\/2026\/08\/ecofascisme-GC-2.png\",\"width\":1920,\"height\":1440},{\"@type\":\"BreadcrumbList\",\"@id\":\"https:\/\/legrandcontinent.eu\/fr\/2026\/08\/10\/ecofascisme\/#breadcrumb\",\"itemListElement\":[{\"@type\":\"ListItem\",\"position\":1,\"name\":\"Accueil\",\"item\":\"https:\/\/legrandcontinent.eu\/fr\/\"},{\"@type\":\"ListItem\",\"position\":2,\"name\":\"\u00c9cofascisme\"}]},{\"@type\":\"WebSite\",\"@id\":\"https:\/\/legrandcontinent.eu\/fr\/#website\",\"url\":\"https:\/\/legrandcontinent.eu\/fr\/\",\"name\":\"Le Grand Continent\",\"description\":\"L&#039;\u00e9chelle pertinente\",\"potentialAction\":[{\"@type\":\"SearchAction\",\"target\":{\"@type\":\"EntryPoint\",\"urlTemplate\":\"https:\/\/legrandcontinent.eu\/fr\/?s={search_term_string}\"},\"query-input\":{\"@type\":\"PropertyValueSpecification\",\"valueRequired\":true,\"valueName\":\"search_term_string\"}}],\"inLanguage\":\"fr-FR\"},{\"@type\":\"Person\",\"@id\":\"https:\/\/legrandcontinent.eu\/fr\/#\/schema\/person\/4c6db0d566b52dd83b58a087e0227e69\",\"name\":\"camillenedellec\",\"image\":{\"@type\":\"ImageObject\",\"inLanguage\":\"fr-FR\",\"@id\":\"https:\/\/legrandcontinent.eu\/fr\/#\/schema\/person\/image\/\",\"url\":\"https:\/\/secure.gravatar.com\/avatar\/f4468509f4eaeb025330b324aadd9028?s=96&d=mm&r=g\",\"contentUrl\":\"https:\/\/secure.gravatar.com\/avatar\/f4468509f4eaeb025330b324aadd9028?s=96&d=mm&r=g\",\"caption\":\"camillenedellec\"}}]}<\/script>\n<!-- \/ Yoast SEO plugin. -->","yoast_head_json":{"title":"\u00c9cofascisme","robots":{"index":"index","follow":"follow","max-snippet":"max-snippet:-1","max-image-preview":"max-image-preview:large","max-video-preview":"max-video-preview:-1"},"canonical":"https:\/\/legrandcontinent.eu\/fr\/2026\/08\/10\/ecofascisme\/","og_locale":"fr_FR","og_type":"article","og_title":"\u00c9cofascisme","og_description":"Utilis\u00e9e par un pionnier de l\u2019\u00e9cologie politique, cette notion est devenue une cat\u00e9gorie clef et ambigu\u00eb du tournant vert des extr\u00eames droites.","og_url":"https:\/\/legrandcontinent.eu\/fr\/2026\/08\/10\/ecofascisme\/","og_site_name":"Le Grand Continent","article_published_time":"2026-08-10T15:30:56+00:00","article_modified_time":"2026-08-11T12:33:25+00:00","og_image":[{"width":990,"height":743,"url":"https:\/\/legrandcontinent.eu\/fr\/wp-content\/uploads\/sites\/2\/2026\/08\/ecofascisme-GC-2-990x743.png","type":"image\/png"}],"author":"camillenedellec","twitter_card":"summary_large_image","twitter_image":"https:\/\/legrandcontinent.eu\/fr\/wp-content\/uploads\/sites\/2\/2026\/08\/ecofascisme-GC-2.png","twitter_misc":{"\u00c9crit par":"camillenedellec","Dur\u00e9e de lecture estim\u00e9e":"15 minutes"},"schema":{"@context":"https:\/\/schema.org","@graph":[{"@type":"WebPage","@id":"https:\/\/legrandcontinent.eu\/fr\/2026\/08\/10\/ecofascisme\/","url":"https:\/\/legrandcontinent.eu\/fr\/2026\/08\/10\/ecofascisme\/","name":"\u00c9cofascisme","isPartOf":{"@id":"https:\/\/legrandcontinent.eu\/fr\/#website"},"primaryImageOfPage":{"@id":"https:\/\/legrandcontinent.eu\/fr\/2026\/08\/10\/ecofascisme\/#primaryimage"},"image":{"@id":"https:\/\/legrandcontinent.eu\/fr\/2026\/08\/10\/ecofascisme\/#primaryimage"},"thumbnailUrl":"https:\/\/legrandcontinent.eu\/fr\/wp-content\/uploads\/sites\/2\/2026\/08\/ecofascisme-GC-2.png","datePublished":"2026-08-10T15:30:56+00:00","dateModified":"2026-08-11T12:33:25+00:00","author":{"@id":"https:\/\/legrandcontinent.eu\/fr\/#\/schema\/person\/4c6db0d566b52dd83b58a087e0227e69"},"breadcrumb":{"@id":"https:\/\/legrandcontinent.eu\/fr\/2026\/08\/10\/ecofascisme\/#breadcrumb"},"inLanguage":"fr-FR","potentialAction":[{"@type":"ReadAction","target":["https:\/\/legrandcontinent.eu\/fr\/2026\/08\/10\/ecofascisme\/"]}]},{"@type":"ImageObject","inLanguage":"fr-FR","@id":"https:\/\/legrandcontinent.eu\/fr\/2026\/08\/10\/ecofascisme\/#primaryimage","url":"https:\/\/legrandcontinent.eu\/fr\/wp-content\/uploads\/sites\/2\/2026\/08\/ecofascisme-GC-2.png","contentUrl":"https:\/\/legrandcontinent.eu\/fr\/wp-content\/uploads\/sites\/2\/2026\/08\/ecofascisme-GC-2.png","width":1920,"height":1440},{"@type":"BreadcrumbList","@id":"https:\/\/legrandcontinent.eu\/fr\/2026\/08\/10\/ecofascisme\/#breadcrumb","itemListElement":[{"@type":"ListItem","position":1,"name":"Accueil","item":"https:\/\/legrandcontinent.eu\/fr\/"},{"@type":"ListItem","position":2,"name":"\u00c9cofascisme"}]},{"@type":"WebSite","@id":"https:\/\/legrandcontinent.eu\/fr\/#website","url":"https:\/\/legrandcontinent.eu\/fr\/","name":"Le Grand Continent","description":"L&#039;\u00e9chelle pertinente","potentialAction":[{"@type":"SearchAction","target":{"@type":"EntryPoint","urlTemplate":"https:\/\/legrandcontinent.eu\/fr\/?s={search_term_string}"},"query-input":{"@type":"PropertyValueSpecification","valueRequired":true,"valueName":"search_term_string"}}],"inLanguage":"fr-FR"},{"@type":"Person","@id":"https:\/\/legrandcontinent.eu\/fr\/#\/schema\/person\/4c6db0d566b52dd83b58a087e0227e69","name":"camillenedellec","image":{"@type":"ImageObject","inLanguage":"fr-FR","@id":"https:\/\/legrandcontinent.eu\/fr\/#\/schema\/person\/image\/","url":"https:\/\/secure.gravatar.com\/avatar\/f4468509f4eaeb025330b324aadd9028?s=96&d=mm&r=g","contentUrl":"https:\/\/secure.gravatar.com\/avatar\/f4468509f4eaeb025330b324aadd9028?s=96&d=mm&r=g","caption":"camillenedellec"}}]}},"lgc_categories":[{"id":5072,"name":"Vocabulaire de l'extr\u00eame droite&#160;: pour une philologie critique de nos ann\u00e9es Vingt","slug":"vocabulaire-de-lextreme-droite-pour-une-philologie-critique-de-nos-annees-vingt"}],"lgc_author":{"id":5065,"name":"Arsenio Cuenca","slug":"arsenio-cuenca","description":"Arsenio Cuenca est doctorant au GSRL (EPHE\/PSL\/CNRS), o\u00f9 il pr\u00e9pare une th\u00e8se sur la repr\u00e9sentation g\u00e9opolitique de l\u2019\u00ab hispanit\u00e9 \u00bb dans les discours d\u2019extr\u00eame droite. Il est analyste g\u00e9opolitique pour le m\u00e9dia El Orden Mundial.","first_name":"Arsenio","last_name":"Cuenca","picture":{"url":"https:\/\/legrandcontinent.eu\/fr\/wp-content\/uploads\/sites\/2\/2026\/07\/CUENCA.png","width":1272,"height":1278,"alt":""}},"feature_image_summary":{"url":"https:\/\/legrandcontinent.eu\/fr\/wp-content\/uploads\/sites\/2\/2026\/08\/ecofascisme-GC-2.png","width":1920,"height":1440,"alt":""},"feature_image_cover":{"url":"https:\/\/legrandcontinent.eu\/fr\/wp-content\/uploads\/sites\/2\/2026\/08\/ecofascisme-GC-2.png","width":1920,"height":1440,"alt":""},"term_position_data":null,"_links":{"self":[{"href":"https:\/\/legrandcontinent.eu\/fr\/wp-json\/wp\/v2\/posts\/352227","targetHints":{"allow":["GET"]}}],"collection":[{"href":"https:\/\/legrandcontinent.eu\/fr\/wp-json\/wp\/v2\/posts"}],"about":[{"href":"https:\/\/legrandcontinent.eu\/fr\/wp-json\/wp\/v2\/types\/post"}],"author":[{"embeddable":true,"href":"https:\/\/legrandcontinent.eu\/fr\/wp-json\/wp\/v2\/users\/61105"}],"replies":[{"embeddable":true,"href":"https:\/\/legrandcontinent.eu\/fr\/wp-json\/wp\/v2\/comments?post=352227"}],"version-history":[{"count":10,"href":"https:\/\/legrandcontinent.eu\/fr\/wp-json\/wp\/v2\/posts\/352227\/revisions"}],"predecessor-version":[{"id":352240,"href":"https:\/\/legrandcontinent.eu\/fr\/wp-json\/wp\/v2\/posts\/352227\/revisions\/352240"}],"wp:featuredmedia":[{"embeddable":true,"href":"https:\/\/legrandcontinent.eu\/fr\/wp-json\/wp\/v2\/media\/352231"}],"wp:attachment":[{"href":"https:\/\/legrandcontinent.eu\/fr\/wp-json\/wp\/v2\/media?parent=352227"}],"wp:term":[{"taxonomy":"category","embeddable":true,"href":"https:\/\/legrandcontinent.eu\/fr\/wp-json\/wp\/v2\/categories?post=352227"},{"taxonomy":"post_tag","embeddable":true,"href":"https:\/\/legrandcontinent.eu\/fr\/wp-json\/wp\/v2\/tags?post=352227"},{"taxonomy":"staff","embeddable":true,"href":"https:\/\/legrandcontinent.eu\/fr\/wp-json\/wp\/v2\/staff?post=352227"},{"taxonomy":"editorial_format","embeddable":true,"href":"https:\/\/legrandcontinent.eu\/fr\/wp-json\/wp\/v2\/editorial_format?post=352227"},{"taxonomy":"serie","embeddable":true,"href":"https:\/\/legrandcontinent.eu\/fr\/wp-json\/wp\/v2\/serie?post=352227"},{"taxonomy":"audience","embeddable":true,"href":"https:\/\/legrandcontinent.eu\/fr\/wp-json\/wp\/v2\/audience?post=352227"},{"taxonomy":"geo","embeddable":true,"href":"https:\/\/legrandcontinent.eu\/fr\/wp-json\/wp\/v2\/geo?post=352227"}],"curies":[{"name":"wp","href":"https:\/\/api.w.org\/{rel}","templated":true}]}}