{"id":33959,"date":"2019-05-06T12:53:29","date_gmt":"2019-05-06T10:53:29","guid":{"rendered":"https:\/\/legrandcontinent.eu\/fr\/?p=33959"},"modified":"2019-05-06T12:53:32","modified_gmt":"2019-05-06T10:53:32","slug":"la-participation-europeenne-au-deuxieme-belt-and-road-forum","status":"publish","type":"post","link":"https:\/\/legrandcontinent.eu\/fr\/2019\/05\/06\/la-participation-europeenne-au-deuxieme-belt-and-road-forum\/","title":{"rendered":"La participation europ\u00e9enne au deuxi\u00e8me Belt and Road Forum"},"content":{"rendered":"\n<p><em>Ce texte a \u00e9t\u00e9 publi\u00e9 originellement dans l&rsquo;\u00e9dition 55 de La Lettre du Lundi d&rsquo;aujourd&rsquo;hui, 6 mai. La Lettre du Lundi est la newsletter operationnelle hebdomadaire du Grand Continent. Vous pouvez retrouver l&rsquo;\u00e9dition <br>compl\u00e8te &#8211; d\u00e9di\u00e9e, entre autres choses, \u00e0 la guerre commerciale, au sommet de Sibiu et au V\u00e9n\u00e9zuela &#8211; <\/em><a href=\"http:\/\/eepurl.com\/gp9zQ9\"><em>ici.<\/em><\/a><em> Abbonez-vous <a href=\"https:\/\/gegeurope.us14.list-manage.com\/subscribe\/post?u=10762824cc6c812ec1f389f08&amp;id=54c71b157b\">ici.<\/a><\/em><\/p>\n\n\n\n<p><em>Beijing. <\/em>Le deuxi\u00e8me Belt and Road Forum for International Cooperation, s\u2019est tenu du 25 au 27 avril 2019 \u00e0 Beijing. Sebastian Kurz&nbsp;<span class='whitespace-nowrap'><span id='easy-footnote-1-33959' class='easy-footnote-margin-adjust'><\/span><span class='easy-footnote'><a href='https:\/\/legrandcontinent.eu\/fr\/2019\/05\/06\/la-participation-europeenne-au-deuxieme-belt-and-road-forum\/#easy-footnote-bottom-1-33959' title='KURZ Sebastian, &lt;a href=&quot;https:\/\/twitter.com\/sebastiankurz\/status\/1122028332428791808&quot;&gt;Tweet du 27 avril&lt;\/a&gt;'><sup>1<\/sup><\/a><\/span><\/span>, Viktor Orban, Alexis Tsipras, Giuseppe Conte \u00e9taient pr\u00e9sents, la France (Affaires \u00e9trang\u00e8res), l\u2019Allemagne (\u00c9conomie) et l\u2019Espagne (Affaires \u00e9trang\u00e8res), ont envoy\u00e9 leurs ministres de ressort. <\/p>\n\n\n\n<p><strong>Face aux critiques,<\/strong> Xi Jinping a mis en avant de nouveaux \u00e9l\u00e9ments&#160;: le d\u00e9veloppement durable, la transparence et la lutte contre la corruption, comme <em>Le Grand Continent <\/em>avait \u00e9crit il y a quelque jour&nbsp;<span class='whitespace-nowrap'><span id='easy-footnote-2-33959' class='easy-footnote-margin-adjust'><\/span><span class='easy-footnote'><a href='https:\/\/legrandcontinent.eu\/fr\/2019\/05\/06\/la-participation-europeenne-au-deuxieme-belt-and-road-forum\/#easy-footnote-bottom-2-33959' title='P\u00c9RI\u00c9 Jessy,  &lt;a href=&quot;https:\/\/legrandcontinent.eu\/fr\/2019\/05\/04\/second-forum-des-routes-de-la-soie-les-mots-de-xi\/&quot;&gt;Second Forum des Routes de la Soie&amp;#160;: les mots de Xi,&lt;\/a&gt; Le Grand Continent, 4 mai 2019'><sup>2<\/sup><\/a><\/span><\/span>. <\/p>\n\n\n\n<p><strong>Quelle r\u00e9ponse europ\u00e9enne&#160;?<\/strong> Alors que les \u00c9tats-Unis tentent de s\u2019opposer frontalement au projet chinois, l\u2019Union a choisi de d\u00e9velopper un plan de connectivit\u00e9 qui pourrait \u00eatre compl\u00e9mentaire \u00e0 l&rsquo;Initiative&nbsp;<span class='whitespace-nowrap'><span id='easy-footnote-3-33959' class='easy-footnote-margin-adjust'><\/span><span class='easy-footnote'><a href='https:\/\/legrandcontinent.eu\/fr\/2019\/05\/06\/la-participation-europeenne-au-deuxieme-belt-and-road-forum\/#easy-footnote-bottom-3-33959' title='GOULARD S\u00e9bastien, &lt;a href=&quot;https:\/\/legrandcontinent.eu\/fr\/2019\/04\/26\/leurope-face-a-la-bri-entre-cooperation-et-resistance\/?utm_source=LLDL+-+Fran%C3%A7ais&amp;amp;utm_campaign=f4af2483b0-EMAIL_CAMPAIGN_2019_04_21_05_05_COPY_01&amp;amp;utm_medium=email&amp;amp;utm_term=0_8dff9a737a-f4af2483b0-123122815&amp;amp;mc_cid=f4af2483b0&amp;amp;mc_eid=9d9d57a1aa&quot;&gt;Face aux nouvelles routes de la soie&lt;\/a&gt;, Le Grand Continent, 26 avril 2019'><sup>3<\/sup><\/a><\/span><\/span>.\u00a0 <\/p>\n\n\n\n<p><strong>Quelles sont les v\u00e9ritables ambitions de l\u2019Arm\u00e9e populaire de lib\u00e9ration&#160;?\u00a0<\/strong>Une d\u00e9claration t\u00e9l\u00e9vis\u00e9e d\u2019un responsable militaire de la base chinoise \u00e0 Djibouti, semble confirmer la strat\u00e9gie du \u00ab&#160;collier de perles&#160;\u00bb \u2013 la construction par P\u00e9kin de bases navales et a\u00e9riennes depuis la mer de Chine m\u00e9ridionale jusqu\u2019au Golfe d\u2019Aden et aux rivages de l\u2019Afrique de l\u2019Est&nbsp;<span class='whitespace-nowrap'><span id='easy-footnote-4-33959' class='easy-footnote-margin-adjust'><\/span><span class='easy-footnote'><a href='https:\/\/legrandcontinent.eu\/fr\/2019\/05\/06\/la-participation-europeenne-au-deuxieme-belt-and-road-forum\/#easy-footnote-bottom-4-33959' title='JULIENNE Marc, &lt;a href=&quot;https:\/\/legrandcontinent.eu\/fr\/2019\/04\/29\/la-strategie-du-collier-de-perles-vers-de-futures-bases-militaires-chinoises-a-letranger\/&quot;&gt;Vers de futures bases militaires chinoises \u00e0 l\u2019\u00e9tranger&amp;#160;?&lt;\/a&gt;, Le Grand Continent, 29 avril 2019'><sup>4<\/sup><\/a><\/span><\/span> .<\/p>\n\n\n\n<p>Notre carte exclusive donne un aper\u00e7u des pays qui ont particip\u00e9 au sommet \u00e0 P\u00e9kin, indiquant aussi le niveau de leur participation &#8211; chef d&rsquo;\u00e9tat ou de gouvernement, vice-pr\u00e9sident ou niveau ministeriel &#8211; dans le contexte des infrastructures des nouvelles routes de la soie. <\/p>\n\n\n\n\n\n<figure class=\"wp-block-image wp-block-image-large\"\n    data-shadow=\"false\"\n    data-use-original-file=\"false\">\n    <a\n        data-pswp-src=\"https:\/\/legrandcontinent.eu\/fr\/wp-content\/uploads\/sites\/2\/2019\/05\/Forum-BRI1.png\"\n        class=\"inline-block gallery-item no-underline \"\n        data-pswp-width=\"3447\"\n        data-pswp-height=\"2105\">\n                                        <picture>\r\n                    <source\r\n                srcset=\"https:\/\/legrandcontinent.eu\/fr\/wp-content\/uploads\/sites\/2\/2019\/05\/Forum-BRI1-330x202.png\"\r\n                media=\"(max-width: 374px)\" \/>\r\n                    <source\r\n                srcset=\"https:\/\/legrandcontinent.eu\/fr\/wp-content\/uploads\/sites\/2\/2019\/05\/Forum-BRI1-690x421.png\"\r\n                media=\"(max-width: 989px)\" \/>\r\n                    <source\r\n                srcset=\"https:\/\/legrandcontinent.eu\/fr\/wp-content\/uploads\/sites\/2\/2019\/05\/Forum-BRI1-1340x818.png\"\r\n                media=\"(min-width: 990px)\" \/>\r\n                <img decoding=\"async\" src=\"https:\/\/legrandcontinent.eu\/fr\/wp-content\/uploads\/sites\/2\/2019\/05\/Forum-BRI1-125x76.png\" \/>\r\n        <\/picture>\r\n                            \n                    <figcaption class=\"pswp-caption-content \">GEG &#8211; Cartographie pour Le Grand Continent <\/figcaption>\n            <\/a>\n<\/figure>","protected":false},"excerpt":{"rendered":"<p>Le deuxi\u00e8me Belt and Road Forum for International Cooperation, s\u2019est tenu du 25 au 27 avril 2019 \u00e0 Beijing. Sebastian Kurz, Viktor Orban, Alexis Tsipras, Giuseppe Conte \u00e9taient pr\u00e9sents, la France (Affaires \u00e9trang\u00e8res), l\u2019Allemagne (\u00c9conomie) et l\u2019Espagne (Affaires \u00e9trang\u00e8res), ont envoy\u00e9 leurs ministres de ressort. Notre carte de la semaine donne un aper\u00e7u des pays qui ont particip\u00e9 au sommet. <\/p>\n","protected":false},"author":175,"featured_media":0,"comment_status":"closed","ping_status":"closed","sticky":false,"template":"templates\/post-briefings.php","format":"standard","meta":{"_acf_changed":false,"_trash_the_other_posts":false,"_yoast_wpseo_estimated-reading-time-minutes":0,"footnotes":""},"categories":[1731],"tags":[],"staff":[],"editorial_format":[],"serie":[],"audience":[],"geo":[531],"class_list":["post-33959","post","type-post","status-publish","format-standard","hentry","category-politique","geo-chine"],"acf":{"open_in_webview":false,"accent":false},"yoast_head":"<!-- This site is optimized with the Yoast SEO plugin v26.1.1 - https:\/\/yoast.com\/wordpress\/plugins\/seo\/ -->\n<title>La participation europ\u00e9enne au deuxi\u00e8me Belt and Road Forum | Le Grand Continent<\/title>\n<meta name=\"robots\" content=\"index, follow, max-snippet:-1, max-image-preview:large, max-video-preview:-1\" \/>\n<link rel=\"canonical\" href=\"https:\/\/legrandcontinent.eu\/fr\/2019\/05\/06\/la-participation-europeenne-au-deuxieme-belt-and-road-forum\/\" \/>\n<meta property=\"og:locale\" content=\"fr_FR\" \/>\n<meta property=\"og:type\" content=\"article\" \/>\n<meta property=\"og:title\" content=\"La participation europ\u00e9enne au deuxi\u00e8me Belt and Road Forum | Le Grand Continent\" \/>\n<meta property=\"og:description\" content=\"Le deuxi\u00e8me Belt and Road Forum for International Cooperation, s\u2019est tenu du 25 au 27 avril 2019 \u00e0 Beijing. Sebastian Kurz, Viktor Orban, Alexis Tsipras, Giuseppe Conte \u00e9taient pr\u00e9sents, la France (Affaires \u00e9trang\u00e8res), l\u2019Allemagne (\u00c9conomie) et l\u2019Espagne (Affaires \u00e9trang\u00e8res), ont envoy\u00e9 leurs ministres de ressort. Notre carte de la semaine donne un aper\u00e7u des pays qui ont particip\u00e9 au sommet.\" \/>\n<meta property=\"og:url\" content=\"https:\/\/legrandcontinent.eu\/fr\/2019\/05\/06\/la-participation-europeenne-au-deuxieme-belt-and-road-forum\/\" \/>\n<meta property=\"og:site_name\" content=\"Le Grand Continent\" \/>\n<meta property=\"article:published_time\" content=\"2019-05-06T10:53:29+00:00\" \/>\n<meta property=\"article:modified_time\" content=\"2019-05-06T10:53:32+00:00\" \/>\n<meta property=\"og:image\" content=\"https:\/\/legrandcontinent.eu\/fr\/wp-content\/uploads\/sites\/2\/2019\/05\/Forum-BRI1.png\" \/>\n\t<meta property=\"og:image:width\" content=\"3447\" \/>\n\t<meta property=\"og:image:height\" content=\"2105\" \/>\n\t<meta property=\"og:image:type\" content=\"image\/png\" \/>\n<meta name=\"author\" content=\"Giovanni Collot\" \/>\n<meta name=\"twitter:card\" content=\"summary_large_image\" \/>\n<meta name=\"twitter:image\" content=\"https:\/\/legrandcontinent.eu\/fr\/wp-content\/uploads\/sites\/2\/2019\/05\/Forum-BRI1.png\" \/>\n<meta name=\"twitter:label1\" content=\"\u00c9crit par\" \/>\n\t<meta name=\"twitter:data1\" content=\"Giovanni Collot\" \/>\n\t<meta name=\"twitter:label2\" content=\"Dur\u00e9e de lecture estim\u00e9e\" \/>\n\t<meta name=\"twitter:data2\" content=\"2 minutes\" \/>\n<script type=\"application\/ld+json\" class=\"yoast-schema-graph\">{\"@context\":\"https:\/\/schema.org\",\"@graph\":[{\"@type\":\"WebPage\",\"@id\":\"https:\/\/legrandcontinent.eu\/fr\/2019\/05\/06\/la-participation-europeenne-au-deuxieme-belt-and-road-forum\/\",\"url\":\"https:\/\/legrandcontinent.eu\/fr\/2019\/05\/06\/la-participation-europeenne-au-deuxieme-belt-and-road-forum\/\",\"name\":\"La participation europ\u00e9enne au deuxi\u00e8me Belt and Road Forum | Le Grand Continent\",\"isPartOf\":{\"@id\":\"https:\/\/legrandcontinent.eu\/fr\/#website\"},\"datePublished\":\"2019-05-06T10:53:29+00:00\",\"dateModified\":\"2019-05-06T10:53:32+00:00\",\"author\":{\"@id\":\"https:\/\/legrandcontinent.eu\/fr\/#\/schema\/person\/953192c3de3c2331be3997745a2f12ef\"},\"breadcrumb\":{\"@id\":\"https:\/\/legrandcontinent.eu\/fr\/2019\/05\/06\/la-participation-europeenne-au-deuxieme-belt-and-road-forum\/#breadcrumb\"},\"inLanguage\":\"fr-FR\",\"potentialAction\":[{\"@type\":\"ReadAction\",\"target\":[\"https:\/\/legrandcontinent.eu\/fr\/2019\/05\/06\/la-participation-europeenne-au-deuxieme-belt-and-road-forum\/\"]}]},{\"@type\":\"BreadcrumbList\",\"@id\":\"https:\/\/legrandcontinent.eu\/fr\/2019\/05\/06\/la-participation-europeenne-au-deuxieme-belt-and-road-forum\/#breadcrumb\",\"itemListElement\":[{\"@type\":\"ListItem\",\"position\":1,\"name\":\"Accueil\",\"item\":\"https:\/\/legrandcontinent.eu\/fr\/\"},{\"@type\":\"ListItem\",\"position\":2,\"name\":\"La participation europ\u00e9enne au deuxi\u00e8me Belt and Road Forum\"}]},{\"@type\":\"WebSite\",\"@id\":\"https:\/\/legrandcontinent.eu\/fr\/#website\",\"url\":\"https:\/\/legrandcontinent.eu\/fr\/\",\"name\":\"Le Grand Continent\",\"description\":\"L&#039;\u00e9chelle pertinente\",\"potentialAction\":[{\"@type\":\"SearchAction\",\"target\":{\"@type\":\"EntryPoint\",\"urlTemplate\":\"https:\/\/legrandcontinent.eu\/fr\/?s={search_term_string}\"},\"query-input\":{\"@type\":\"PropertyValueSpecification\",\"valueRequired\":true,\"valueName\":\"search_term_string\"}}],\"inLanguage\":\"fr-FR\"},{\"@type\":\"Person\",\"@id\":\"https:\/\/legrandcontinent.eu\/fr\/#\/schema\/person\/953192c3de3c2331be3997745a2f12ef\",\"name\":\"Giovanni Collot\",\"image\":{\"@type\":\"ImageObject\",\"inLanguage\":\"fr-FR\",\"@id\":\"https:\/\/legrandcontinent.eu\/fr\/#\/schema\/person\/image\/\",\"url\":\"https:\/\/secure.gravatar.com\/avatar\/d93cac37237065a8de4498df3db60dde?s=96&d=mm&r=g\",\"contentUrl\":\"https:\/\/secure.gravatar.com\/avatar\/d93cac37237065a8de4498df3db60dde?s=96&d=mm&r=g\",\"caption\":\"Giovanni Collot\"}}]}<\/script>\n<!-- \/ Yoast SEO plugin. -->","yoast_head_json":{"title":"La participation europ\u00e9enne au deuxi\u00e8me Belt and Road Forum | Le Grand Continent","robots":{"index":"index","follow":"follow","max-snippet":"max-snippet:-1","max-image-preview":"max-image-preview:large","max-video-preview":"max-video-preview:-1"},"canonical":"https:\/\/legrandcontinent.eu\/fr\/2019\/05\/06\/la-participation-europeenne-au-deuxieme-belt-and-road-forum\/","og_locale":"fr_FR","og_type":"article","og_title":"La participation europ\u00e9enne au deuxi\u00e8me Belt and Road Forum | Le Grand Continent","og_description":"Le deuxi\u00e8me Belt and Road Forum for International Cooperation, s\u2019est tenu du 25 au 27 avril 2019 \u00e0 Beijing. Sebastian Kurz, Viktor Orban, Alexis Tsipras, Giuseppe Conte \u00e9taient pr\u00e9sents, la France (Affaires \u00e9trang\u00e8res), l\u2019Allemagne (\u00c9conomie) et l\u2019Espagne (Affaires \u00e9trang\u00e8res), ont envoy\u00e9 leurs ministres de ressort. Notre carte de la semaine donne un aper\u00e7u des pays qui ont particip\u00e9 au sommet.","og_url":"https:\/\/legrandcontinent.eu\/fr\/2019\/05\/06\/la-participation-europeenne-au-deuxieme-belt-and-road-forum\/","og_site_name":"Le Grand Continent","article_published_time":"2019-05-06T10:53:29+00:00","article_modified_time":"2019-05-06T10:53:32+00:00","og_image":[{"width":3447,"height":2105,"url":"https:\/\/legrandcontinent.eu\/fr\/wp-content\/uploads\/sites\/2\/2019\/05\/Forum-BRI1.png","type":"image\/png"}],"author":"Giovanni Collot","twitter_card":"summary_large_image","twitter_image":"https:\/\/legrandcontinent.eu\/fr\/wp-content\/uploads\/sites\/2\/2019\/05\/Forum-BRI1.png","twitter_misc":{"\u00c9crit par":"Giovanni Collot","Dur\u00e9e de lecture estim\u00e9e":"2 minutes"},"schema":{"@context":"https:\/\/schema.org","@graph":[{"@type":"WebPage","@id":"https:\/\/legrandcontinent.eu\/fr\/2019\/05\/06\/la-participation-europeenne-au-deuxieme-belt-and-road-forum\/","url":"https:\/\/legrandcontinent.eu\/fr\/2019\/05\/06\/la-participation-europeenne-au-deuxieme-belt-and-road-forum\/","name":"La participation europ\u00e9enne au deuxi\u00e8me Belt and Road Forum | Le Grand Continent","isPartOf":{"@id":"https:\/\/legrandcontinent.eu\/fr\/#website"},"datePublished":"2019-05-06T10:53:29+00:00","dateModified":"2019-05-06T10:53:32+00:00","author":{"@id":"https:\/\/legrandcontinent.eu\/fr\/#\/schema\/person\/953192c3de3c2331be3997745a2f12ef"},"breadcrumb":{"@id":"https:\/\/legrandcontinent.eu\/fr\/2019\/05\/06\/la-participation-europeenne-au-deuxieme-belt-and-road-forum\/#breadcrumb"},"inLanguage":"fr-FR","potentialAction":[{"@type":"ReadAction","target":["https:\/\/legrandcontinent.eu\/fr\/2019\/05\/06\/la-participation-europeenne-au-deuxieme-belt-and-road-forum\/"]}]},{"@type":"BreadcrumbList","@id":"https:\/\/legrandcontinent.eu\/fr\/2019\/05\/06\/la-participation-europeenne-au-deuxieme-belt-and-road-forum\/#breadcrumb","itemListElement":[{"@type":"ListItem","position":1,"name":"Accueil","item":"https:\/\/legrandcontinent.eu\/fr\/"},{"@type":"ListItem","position":2,"name":"La participation europ\u00e9enne au deuxi\u00e8me Belt and Road Forum"}]},{"@type":"WebSite","@id":"https:\/\/legrandcontinent.eu\/fr\/#website","url":"https:\/\/legrandcontinent.eu\/fr\/","name":"Le Grand Continent","description":"L&#039;\u00e9chelle pertinente","potentialAction":[{"@type":"SearchAction","target":{"@type":"EntryPoint","urlTemplate":"https:\/\/legrandcontinent.eu\/fr\/?s={search_term_string}"},"query-input":{"@type":"PropertyValueSpecification","valueRequired":true,"valueName":"search_term_string"}}],"inLanguage":"fr-FR"},{"@type":"Person","@id":"https:\/\/legrandcontinent.eu\/fr\/#\/schema\/person\/953192c3de3c2331be3997745a2f12ef","name":"Giovanni Collot","image":{"@type":"ImageObject","inLanguage":"fr-FR","@id":"https:\/\/legrandcontinent.eu\/fr\/#\/schema\/person\/image\/","url":"https:\/\/secure.gravatar.com\/avatar\/d93cac37237065a8de4498df3db60dde?s=96&d=mm&r=g","contentUrl":"https:\/\/secure.gravatar.com\/avatar\/d93cac37237065a8de4498df3db60dde?s=96&d=mm&r=g","caption":"Giovanni Collot"}}]}},"lgc_categories":[{"id":1731,"name":"Politique","slug":"politique"}],"lgc_author":null,"feature_image_summary":null,"feature_image_cover":null,"term_position_data":null,"_links":{"self":[{"href":"https:\/\/legrandcontinent.eu\/fr\/wp-json\/wp\/v2\/posts\/33959","targetHints":{"allow":["GET"]}}],"collection":[{"href":"https:\/\/legrandcontinent.eu\/fr\/wp-json\/wp\/v2\/posts"}],"about":[{"href":"https:\/\/legrandcontinent.eu\/fr\/wp-json\/wp\/v2\/types\/post"}],"author":[{"embeddable":true,"href":"https:\/\/legrandcontinent.eu\/fr\/wp-json\/wp\/v2\/users\/175"}],"replies":[{"embeddable":true,"href":"https:\/\/legrandcontinent.eu\/fr\/wp-json\/wp\/v2\/comments?post=33959"}],"version-history":[{"count":0,"href":"https:\/\/legrandcontinent.eu\/fr\/wp-json\/wp\/v2\/posts\/33959\/revisions"}],"wp:attachment":[{"href":"https:\/\/legrandcontinent.eu\/fr\/wp-json\/wp\/v2\/media?parent=33959"}],"wp:term":[{"taxonomy":"category","embeddable":true,"href":"https:\/\/legrandcontinent.eu\/fr\/wp-json\/wp\/v2\/categories?post=33959"},{"taxonomy":"post_tag","embeddable":true,"href":"https:\/\/legrandcontinent.eu\/fr\/wp-json\/wp\/v2\/tags?post=33959"},{"taxonomy":"staff","embeddable":true,"href":"https:\/\/legrandcontinent.eu\/fr\/wp-json\/wp\/v2\/staff?post=33959"},{"taxonomy":"editorial_format","embeddable":true,"href":"https:\/\/legrandcontinent.eu\/fr\/wp-json\/wp\/v2\/editorial_format?post=33959"},{"taxonomy":"serie","embeddable":true,"href":"https:\/\/legrandcontinent.eu\/fr\/wp-json\/wp\/v2\/serie?post=33959"},{"taxonomy":"audience","embeddable":true,"href":"https:\/\/legrandcontinent.eu\/fr\/wp-json\/wp\/v2\/audience?post=33959"},{"taxonomy":"geo","embeddable":true,"href":"https:\/\/legrandcontinent.eu\/fr\/wp-json\/wp\/v2\/geo?post=33959"}],"curies":[{"name":"wp","href":"https:\/\/api.w.org\/{rel}","templated":true}]}}