{"id":329959,"date":"2026-04-27T08:19:17","date_gmt":"2026-04-27T06:19:17","guid":{"rendered":"https:\/\/legrandcontinent.eu\/fr\/?p=329959"},"modified":"2026-04-27T10:35:26","modified_gmt":"2026-04-27T08:35:26","slug":"guerre-en-iran-teheran-propose-accord-pour-rouvrir-le-detroit-dormuz","status":"publish","type":"post","link":"https:\/\/legrandcontinent.eu\/fr\/2026\/04\/27\/guerre-en-iran-teheran-propose-accord-pour-rouvrir-le-detroit-dormuz\/","title":{"rendered":"Guerre en Iran&#160;: T\u00e9h\u00e9ran propose un accord pour rouvrir le d\u00e9troit d\u2019Ormuz"},"content":{"rendered":"\n<p>Le ministre iranien des Affaires \u00e9trang\u00e8res, Abbas Araghtchi, est aujourd\u2019hui \u00e0 Saint-P\u00e9tersbourg o\u00f9 il devrait rencontrer Vladimir Poutine.<\/p>\n\n\n\n<ul class=\"wp-block-list\">\n<li>La visite ach\u00e8ve un week-end diplomatique particuli\u00e8rement actif, qui l&rsquo;a men\u00e9 du Pakistan \u00e0 Oman.<\/li>\n\n\n\n<li>Aucune avanc\u00e9e n\u2019a toutefois \u00e9t\u00e9 r\u00e9alis\u00e9e dans les pourparlers avec Washington, apr\u00e8s l&rsquo;annulation, vendredi, du voyage des \u00e9missaires am\u00e9ricains, Witkoff et Kushner, qui devaient se rendre \u00e0 Islamabad pour poursuivre les n\u00e9gociations. Donald Trump a d\u00e9clar\u00e9&#160;: \u00ab&#160;Je ne vois pas l&rsquo;int\u00e9r\u00eat de les envoyer faire un vol de 18 heures dans la situation actuelle. C&rsquo;est trop long. On peut tout aussi bien s&rsquo;en sortir par t\u00e9l\u00e9phone.&#160;\u00bb Les Iraniens peuvent nous appeler s&rsquo;ils le souhaitent.&#160;\u00bb On ne va pas faire le d\u00e9placement juste pour rester assis l\u00e0.&#160;\u00bb<\/li>\n\n\n\n<li>Le pr\u00e9sident iranien, Pezeshkian, a d\u00e9clar\u00e9 que son pays ne s\u2019engagerait pas dans des \u00ab&#160;n\u00e9gociations forc\u00e9es sous la pression, les menaces et le blocus&#160;\u00bb.<\/li>\n\n\n\n<li>Selon des sources cit\u00e9es par Axios, Araghchi aurait indiqu\u00e9 aux m\u00e9diateurs pakistanais et omanais qu&rsquo;il n&rsquo;y avait pas de consensus parmi les dirigeants iraniens quant \u00e0 la mani\u00e8re de r\u00e9pondre aux demandes am\u00e9ricaines. La proposition envoy\u00e9e \u00e0 Washington viserait en premier lieu \u00e0 r\u00e9soudre la crise du d\u00e9troit d&rsquo;Ormuz et \u00e0 lever le blocus am\u00e9ricain. Un long cessez-le-feu, voire la fin de la guerre, pourrait suivre, puis des <a href=\"https:\/\/legrandcontinent.eu\/fr\/2026\/04\/11\/negociations-a-islamabad-que-veulent-les-etats-unis-et-liran\/\">n\u00e9gociations sur le nucl\u00e9aire<\/a>, une fois le d\u00e9troit rouvert et le blocus lev\u00e9&nbsp;<span class='whitespace-nowrap'><span id='easy-footnote-1-329959' class='easy-footnote-margin-adjust'><\/span><span class='easy-footnote'><a href='https:\/\/legrandcontinent.eu\/fr\/2026\/04\/27\/guerre-en-iran-teheran-propose-accord-pour-rouvrir-le-detroit-dormuz\/#easy-footnote-bottom-1-329959' title='Barak Ravid, &lt;a href=&quot;https:\/\/www.axios.com\/2026\/04\/27\/iran-us-hormuz-strait-nuclear-talks-proposal-pakistan&quot;&gt;Iran offers U.S. deal to reopen strait but postpone nuclear talks&lt;\/a&gt;, &lt;em&gt;Axios&lt;\/em&gt;, 27 avril 2026.'><sup>1<\/sup><\/a><\/span><\/span>.<\/li>\n<\/ul>\n\n\n\n<p>Les \u00c9tats-Unis consid\u00e8rent l&rsquo;actuel blocus comme un levier clef pour obtenir des concessions de la part de l&rsquo;Iran. Hier, Donald Trump a indiqu\u00e9 que T\u00e9h\u00e9ran avait transmis une nouvelle proposition qu&rsquo;il a jug\u00e9e substantielle, mais \u00ab&#160;pas suffisante&#160;\u00bb, ajoutant toutefois que la guerre pourrait se terminer \u00ab&#160;tr\u00e8s prochainement&#160;\u00bb.&nbsp;<\/p>\n\n\n\n<ul class=\"wp-block-list\">\n<li>Un cessez-le-feu est officiellement en vigueur depuis le 17 avril. Il a \u00e9t\u00e9 prolong\u00e9 mercredi 22 avril pour une dur\u00e9e ind\u00e9termin\u00e9e.&nbsp;<\/li>\n\n\n\n<li>Aujourd&rsquo;hui, 27 avril, le pr\u00e9sident am\u00e9ricain devrait retrouver ses conseillers en mati\u00e8re de s\u00e9curit\u00e9 nationale et de politique \u00e9trang\u00e8re lors d&rsquo;une r\u00e9union consacr\u00e9e \u00e0 l&rsquo;Iran dans la salle de crise.&nbsp;<\/li>\n\n\n\n<li>Dans un entretien avec Fox News ce week-end, il a d\u00e9clar\u00e9 par rapport au blocus am\u00e9ricain et l\u2019impact sur T\u00e9h\u00e9ran&#160;: \u00ab&#160;Quand d\u2019\u00e9normes quantit\u00e9s de p\u00e9trole circulent dans votre r\u00e9seau, et si, pour une raison quelconque, cette conduite est ferm\u00e9e parce qu\u2019il est impossible d&rsquo;acheminer le p\u00e9trole dans des conteneurs ou des navires, alors la conduite finit par exploser de l\u2019int\u00e9rieur. Ils disent qu\u2019il ne reste qu\u2019environ trois jours avant que cela ne se produise.&#160;\u00bb\u00a0<\/li>\n<\/ul>\n\n\n\n<p>Une reprise des frappes reste \u00e0 ce stade possible, alors que l\u2019administration garde \u00e0 l&rsquo;esprit une autre \u00e9ch\u00e9ance&#160;: le 1er mai, le d\u00e9lai de 60 jours suivant l&rsquo;information officielle du Congr\u00e8s par le pr\u00e9sident concernant l&rsquo;op\u00e9ration contre l&rsquo;Iran arrivera \u00e0 expiration.&nbsp;<\/p>\n\n\n\n<ul class=\"wp-block-list\">\n<li>Une fois ce d\u00e9lai \u00e9coul\u00e9, les options pour poursuivre une campagne militaire sans l\u2019accord du Congr\u00e8s seront limit\u00e9es&#160;: solliciter une autorisation formelle, r\u00e9duire progressivement l\u2019engagement ou invoquer une prolongation unique de 30 jours.\u00a0<\/li>\n\n\n\n<li>Dans ce contexte, Trump pourrait \u00eatre tent\u00e9 de lancer de nouvelles frappes avant cette \u00e9ch\u00e9ance, au risque de provoquer des repr\u00e9sailles iraniennes et, potentiellement, de renforcer son argument en faveur d&rsquo;un feu vert du Congr\u00e8s pour poursuivre le conflit.<\/li>\n<\/ul>\n","protected":false},"excerpt":{"rendered":"<p>Selon des sources cit\u00e9es par Axios, l&rsquo;Iran a envoy\u00e9 une nouvelle proposition \u00e0 Washington pour rouvrir le d\u00e9troit d&rsquo;Ormuz, tout en diff\u00e9rant les n\u00e9gociations nucl\u00e9aires.<\/p>\n","protected":false},"author":40,"featured_media":329960,"comment_status":"closed","ping_status":"closed","sticky":false,"template":"templates\/post-briefings.php","format":"standard","meta":{"_acf_changed":true,"_trash_the_other_posts":false,"_yoast_wpseo_estimated-reading-time-minutes":3,"footnotes":""},"categories":[4813],"tags":[],"staff":[],"editorial_format":[4850],"serie":[],"audience":[],"geo":[530],"class_list":["post-329959","post","type-post","status-publish","format-standard","hentry","category-iran-la-guerre-du-changement-de-regime","editorial_format-briefings","geo-asie-intermediaire"],"acf":{"open_in_webview":false,"accent":"default"},"yoast_head":"<!-- This site is optimized with the Yoast SEO plugin v26.1.1 - https:\/\/yoast.com\/wordpress\/plugins\/seo\/ -->\n<title>Guerre en Iran : T\u00e9h\u00e9ran propose un accord pour rouvrir le d\u00e9troit d\u2019Ormuz<\/title>\n<meta name=\"robots\" content=\"index, follow, max-snippet:-1, max-image-preview:large, max-video-preview:-1\" \/>\n<link rel=\"canonical\" href=\"https:\/\/legrandcontinent.eu\/fr\/2026\/04\/27\/guerre-en-iran-teheran-propose-accord-pour-rouvrir-le-detroit-dormuz\/\" \/>\n<meta property=\"og:locale\" content=\"fr_FR\" \/>\n<meta property=\"og:type\" content=\"article\" \/>\n<meta property=\"og:title\" content=\"Guerre en Iran : T\u00e9h\u00e9ran propose un accord pour rouvrir le d\u00e9troit d\u2019Ormuz\" \/>\n<meta property=\"og:description\" content=\"Selon des sources cit\u00e9es par Axios, l&#039;Iran a envoy\u00e9 une nouvelle proposition \u00e0 Washington pour rouvrir le d\u00e9troit d&#039;Ormuz, tout en diff\u00e9rant les n\u00e9gociations nucl\u00e9aires.\" \/>\n<meta property=\"og:url\" content=\"https:\/\/legrandcontinent.eu\/fr\/2026\/04\/27\/guerre-en-iran-teheran-propose-accord-pour-rouvrir-le-detroit-dormuz\/\" \/>\n<meta property=\"og:site_name\" content=\"Le Grand Continent\" \/>\n<meta property=\"article:published_time\" content=\"2026-04-27T06:19:17+00:00\" \/>\n<meta property=\"article:modified_time\" content=\"2026-04-27T08:35:26+00:00\" \/>\n<meta property=\"og:image\" content=\"https:\/\/legrandcontinent.eu\/fr\/wp-content\/uploads\/sites\/2\/2026\/04\/Capture-decran-2026-04-27-a-08.17.33.png\" \/>\n\t<meta property=\"og:image:width\" content=\"1492\" \/>\n\t<meta property=\"og:image:height\" content=\"838\" \/>\n\t<meta property=\"og:image:type\" content=\"image\/png\" \/>\n<meta name=\"author\" content=\"Ramona Bloj\" \/>\n<meta name=\"twitter:card\" content=\"summary_large_image\" \/>\n<meta name=\"twitter:image\" content=\"https:\/\/legrandcontinent.eu\/fr\/wp-content\/uploads\/sites\/2\/2026\/04\/Capture-decran-2026-04-27-a-9.39.02\u202fAM.png\" \/>\n<meta name=\"twitter:label1\" content=\"\u00c9crit par\" \/>\n\t<meta name=\"twitter:data1\" content=\"Ramona Bloj\" \/>\n\t<meta name=\"twitter:label2\" content=\"Dur\u00e9e de lecture estim\u00e9e\" \/>\n\t<meta name=\"twitter:data2\" content=\"3 minutes\" \/>\n<script type=\"application\/ld+json\" class=\"yoast-schema-graph\">{\"@context\":\"https:\/\/schema.org\",\"@graph\":[{\"@type\":\"WebPage\",\"@id\":\"https:\/\/legrandcontinent.eu\/fr\/2026\/04\/27\/guerre-en-iran-teheran-propose-accord-pour-rouvrir-le-detroit-dormuz\/\",\"url\":\"https:\/\/legrandcontinent.eu\/fr\/2026\/04\/27\/guerre-en-iran-teheran-propose-accord-pour-rouvrir-le-detroit-dormuz\/\",\"name\":\"Guerre en Iran : T\u00e9h\u00e9ran propose un accord pour rouvrir le d\u00e9troit d\u2019Ormuz\",\"isPartOf\":{\"@id\":\"https:\/\/legrandcontinent.eu\/fr\/#website\"},\"primaryImageOfPage\":{\"@id\":\"https:\/\/legrandcontinent.eu\/fr\/2026\/04\/27\/guerre-en-iran-teheran-propose-accord-pour-rouvrir-le-detroit-dormuz\/#primaryimage\"},\"image\":{\"@id\":\"https:\/\/legrandcontinent.eu\/fr\/2026\/04\/27\/guerre-en-iran-teheran-propose-accord-pour-rouvrir-le-detroit-dormuz\/#primaryimage\"},\"thumbnailUrl\":\"https:\/\/legrandcontinent.eu\/fr\/wp-content\/uploads\/sites\/2\/2026\/04\/SIPA_ap23031002_000015.jpg\",\"datePublished\":\"2026-04-27T06:19:17+00:00\",\"dateModified\":\"2026-04-27T08:35:26+00:00\",\"author\":{\"@id\":\"https:\/\/legrandcontinent.eu\/fr\/#\/schema\/person\/bee86896b403754f76b6b1515ff0b697\"},\"breadcrumb\":{\"@id\":\"https:\/\/legrandcontinent.eu\/fr\/2026\/04\/27\/guerre-en-iran-teheran-propose-accord-pour-rouvrir-le-detroit-dormuz\/#breadcrumb\"},\"inLanguage\":\"fr-FR\",\"potentialAction\":[{\"@type\":\"ReadAction\",\"target\":[\"https:\/\/legrandcontinent.eu\/fr\/2026\/04\/27\/guerre-en-iran-teheran-propose-accord-pour-rouvrir-le-detroit-dormuz\/\"]}]},{\"@type\":\"ImageObject\",\"inLanguage\":\"fr-FR\",\"@id\":\"https:\/\/legrandcontinent.eu\/fr\/2026\/04\/27\/guerre-en-iran-teheran-propose-accord-pour-rouvrir-le-detroit-dormuz\/#primaryimage\",\"url\":\"https:\/\/legrandcontinent.eu\/fr\/wp-content\/uploads\/sites\/2\/2026\/04\/SIPA_ap23031002_000015.jpg\",\"contentUrl\":\"https:\/\/legrandcontinent.eu\/fr\/wp-content\/uploads\/sites\/2\/2026\/04\/SIPA_ap23031002_000015.jpg\",\"width\":2277,\"height\":1518,\"caption\":\"Sur cette photo diffus\u00e9e par le bureau du Premier ministre pakistanais, le ministre iranien des Affaires \u00e9trang\u00e8res Abbas Araghchi rencontre le Premier ministre Shehbaz Sharif \u00e0 Islamabad, au Pakistan, le samedi 25 avril 2026. (Bureau du Premier ministre pakistanais via AP)\/ISL106\/26115512502589\/AP DONNE ACC\u00c8S \u00c0 CETTE PHOTO DE PRESSE DISTRIBU\u00c9E AU PUBLIC ET FOURNIE PAR LE BUREAU DU PREMIER MINISTRE PAKISTANAIS ; MENTION OBLIGATOIRE. MEILLEURE QUALIT\u00c9 DISPONIBLE\/2604251636\"},{\"@type\":\"BreadcrumbList\",\"@id\":\"https:\/\/legrandcontinent.eu\/fr\/2026\/04\/27\/guerre-en-iran-teheran-propose-accord-pour-rouvrir-le-detroit-dormuz\/#breadcrumb\",\"itemListElement\":[{\"@type\":\"ListItem\",\"position\":1,\"name\":\"Accueil\",\"item\":\"https:\/\/legrandcontinent.eu\/fr\/\"},{\"@type\":\"ListItem\",\"position\":2,\"name\":\"Guerre en Iran&#160;: T\u00e9h\u00e9ran propose un accord pour rouvrir le d\u00e9troit d\u2019Ormuz\"}]},{\"@type\":\"WebSite\",\"@id\":\"https:\/\/legrandcontinent.eu\/fr\/#website\",\"url\":\"https:\/\/legrandcontinent.eu\/fr\/\",\"name\":\"Le Grand Continent\",\"description\":\"L&#039;\u00e9chelle pertinente\",\"potentialAction\":[{\"@type\":\"SearchAction\",\"target\":{\"@type\":\"EntryPoint\",\"urlTemplate\":\"https:\/\/legrandcontinent.eu\/fr\/?s={search_term_string}\"},\"query-input\":{\"@type\":\"PropertyValueSpecification\",\"valueRequired\":true,\"valueName\":\"search_term_string\"}}],\"inLanguage\":\"fr-FR\"},{\"@type\":\"Person\",\"@id\":\"https:\/\/legrandcontinent.eu\/fr\/#\/schema\/person\/bee86896b403754f76b6b1515ff0b697\",\"name\":\"Ramona Bloj\",\"image\":{\"@type\":\"ImageObject\",\"inLanguage\":\"fr-FR\",\"@id\":\"https:\/\/legrandcontinent.eu\/fr\/#\/schema\/person\/image\/\",\"url\":\"https:\/\/secure.gravatar.com\/avatar\/c1d91adb7c4c1eed266b81c0f9915707?s=96&d=mm&r=g\",\"contentUrl\":\"https:\/\/secure.gravatar.com\/avatar\/c1d91adb7c4c1eed266b81c0f9915707?s=96&d=mm&r=g\",\"caption\":\"Ramona Bloj\"}}]}<\/script>\n<!-- \/ Yoast SEO plugin. -->","yoast_head_json":{"title":"Guerre en Iran : T\u00e9h\u00e9ran propose un accord pour rouvrir le d\u00e9troit d\u2019Ormuz","robots":{"index":"index","follow":"follow","max-snippet":"max-snippet:-1","max-image-preview":"max-image-preview:large","max-video-preview":"max-video-preview:-1"},"canonical":"https:\/\/legrandcontinent.eu\/fr\/2026\/04\/27\/guerre-en-iran-teheran-propose-accord-pour-rouvrir-le-detroit-dormuz\/","og_locale":"fr_FR","og_type":"article","og_title":"Guerre en Iran : T\u00e9h\u00e9ran propose un accord pour rouvrir le d\u00e9troit d\u2019Ormuz","og_description":"Selon des sources cit\u00e9es par Axios, l'Iran a envoy\u00e9 une nouvelle proposition \u00e0 Washington pour rouvrir le d\u00e9troit d'Ormuz, tout en diff\u00e9rant les n\u00e9gociations nucl\u00e9aires.","og_url":"https:\/\/legrandcontinent.eu\/fr\/2026\/04\/27\/guerre-en-iran-teheran-propose-accord-pour-rouvrir-le-detroit-dormuz\/","og_site_name":"Le Grand Continent","article_published_time":"2026-04-27T06:19:17+00:00","article_modified_time":"2026-04-27T08:35:26+00:00","og_image":[{"width":1492,"height":838,"url":"https:\/\/legrandcontinent.eu\/fr\/wp-content\/uploads\/sites\/2\/2026\/04\/Capture-decran-2026-04-27-a-08.17.33.png","type":"image\/png"}],"author":"Ramona Bloj","twitter_card":"summary_large_image","twitter_image":"https:\/\/legrandcontinent.eu\/fr\/wp-content\/uploads\/sites\/2\/2026\/04\/Capture-decran-2026-04-27-a-9.39.02\u202fAM.png","twitter_misc":{"\u00c9crit par":"Ramona Bloj","Dur\u00e9e de lecture estim\u00e9e":"3 minutes"},"schema":{"@context":"https:\/\/schema.org","@graph":[{"@type":"WebPage","@id":"https:\/\/legrandcontinent.eu\/fr\/2026\/04\/27\/guerre-en-iran-teheran-propose-accord-pour-rouvrir-le-detroit-dormuz\/","url":"https:\/\/legrandcontinent.eu\/fr\/2026\/04\/27\/guerre-en-iran-teheran-propose-accord-pour-rouvrir-le-detroit-dormuz\/","name":"Guerre en Iran : T\u00e9h\u00e9ran propose un accord pour rouvrir le d\u00e9troit d\u2019Ormuz","isPartOf":{"@id":"https:\/\/legrandcontinent.eu\/fr\/#website"},"primaryImageOfPage":{"@id":"https:\/\/legrandcontinent.eu\/fr\/2026\/04\/27\/guerre-en-iran-teheran-propose-accord-pour-rouvrir-le-detroit-dormuz\/#primaryimage"},"image":{"@id":"https:\/\/legrandcontinent.eu\/fr\/2026\/04\/27\/guerre-en-iran-teheran-propose-accord-pour-rouvrir-le-detroit-dormuz\/#primaryimage"},"thumbnailUrl":"https:\/\/legrandcontinent.eu\/fr\/wp-content\/uploads\/sites\/2\/2026\/04\/SIPA_ap23031002_000015.jpg","datePublished":"2026-04-27T06:19:17+00:00","dateModified":"2026-04-27T08:35:26+00:00","author":{"@id":"https:\/\/legrandcontinent.eu\/fr\/#\/schema\/person\/bee86896b403754f76b6b1515ff0b697"},"breadcrumb":{"@id":"https:\/\/legrandcontinent.eu\/fr\/2026\/04\/27\/guerre-en-iran-teheran-propose-accord-pour-rouvrir-le-detroit-dormuz\/#breadcrumb"},"inLanguage":"fr-FR","potentialAction":[{"@type":"ReadAction","target":["https:\/\/legrandcontinent.eu\/fr\/2026\/04\/27\/guerre-en-iran-teheran-propose-accord-pour-rouvrir-le-detroit-dormuz\/"]}]},{"@type":"ImageObject","inLanguage":"fr-FR","@id":"https:\/\/legrandcontinent.eu\/fr\/2026\/04\/27\/guerre-en-iran-teheran-propose-accord-pour-rouvrir-le-detroit-dormuz\/#primaryimage","url":"https:\/\/legrandcontinent.eu\/fr\/wp-content\/uploads\/sites\/2\/2026\/04\/SIPA_ap23031002_000015.jpg","contentUrl":"https:\/\/legrandcontinent.eu\/fr\/wp-content\/uploads\/sites\/2\/2026\/04\/SIPA_ap23031002_000015.jpg","width":2277,"height":1518,"caption":"Sur cette photo diffus\u00e9e par le bureau du Premier ministre pakistanais, le ministre iranien des Affaires \u00e9trang\u00e8res Abbas Araghchi rencontre le Premier ministre Shehbaz Sharif \u00e0 Islamabad, au Pakistan, le samedi 25 avril 2026. (Bureau du Premier ministre pakistanais via AP)\/ISL106\/26115512502589\/AP DONNE ACC\u00c8S \u00c0 CETTE PHOTO DE PRESSE DISTRIBU\u00c9E AU PUBLIC ET FOURNIE PAR LE BUREAU DU PREMIER MINISTRE PAKISTANAIS ; MENTION OBLIGATOIRE. MEILLEURE QUALIT\u00c9 DISPONIBLE\/2604251636"},{"@type":"BreadcrumbList","@id":"https:\/\/legrandcontinent.eu\/fr\/2026\/04\/27\/guerre-en-iran-teheran-propose-accord-pour-rouvrir-le-detroit-dormuz\/#breadcrumb","itemListElement":[{"@type":"ListItem","position":1,"name":"Accueil","item":"https:\/\/legrandcontinent.eu\/fr\/"},{"@type":"ListItem","position":2,"name":"Guerre en Iran&#160;: T\u00e9h\u00e9ran propose un accord pour rouvrir le d\u00e9troit d\u2019Ormuz"}]},{"@type":"WebSite","@id":"https:\/\/legrandcontinent.eu\/fr\/#website","url":"https:\/\/legrandcontinent.eu\/fr\/","name":"Le Grand Continent","description":"L&#039;\u00e9chelle pertinente","potentialAction":[{"@type":"SearchAction","target":{"@type":"EntryPoint","urlTemplate":"https:\/\/legrandcontinent.eu\/fr\/?s={search_term_string}"},"query-input":{"@type":"PropertyValueSpecification","valueRequired":true,"valueName":"search_term_string"}}],"inLanguage":"fr-FR"},{"@type":"Person","@id":"https:\/\/legrandcontinent.eu\/fr\/#\/schema\/person\/bee86896b403754f76b6b1515ff0b697","name":"Ramona Bloj","image":{"@type":"ImageObject","inLanguage":"fr-FR","@id":"https:\/\/legrandcontinent.eu\/fr\/#\/schema\/person\/image\/","url":"https:\/\/secure.gravatar.com\/avatar\/c1d91adb7c4c1eed266b81c0f9915707?s=96&d=mm&r=g","contentUrl":"https:\/\/secure.gravatar.com\/avatar\/c1d91adb7c4c1eed266b81c0f9915707?s=96&d=mm&r=g","caption":"Ramona Bloj"}}]}},"lgc_categories":[{"id":4813,"name":"Iran&#160;: la guerre du changement de r\u00e9gime","slug":"iran-la-guerre-du-changement-de-regime"}],"lgc_author":null,"feature_image_summary":{"url":"https:\/\/legrandcontinent.eu\/fr\/wp-content\/uploads\/sites\/2\/2026\/04\/SIPA_ap23031002_000015.jpg","width":2277,"height":1518,"alt":""},"feature_image_cover":null,"term_position_data":null,"_links":{"self":[{"href":"https:\/\/legrandcontinent.eu\/fr\/wp-json\/wp\/v2\/posts\/329959","targetHints":{"allow":["GET"]}}],"collection":[{"href":"https:\/\/legrandcontinent.eu\/fr\/wp-json\/wp\/v2\/posts"}],"about":[{"href":"https:\/\/legrandcontinent.eu\/fr\/wp-json\/wp\/v2\/types\/post"}],"author":[{"embeddable":true,"href":"https:\/\/legrandcontinent.eu\/fr\/wp-json\/wp\/v2\/users\/40"}],"replies":[{"embeddable":true,"href":"https:\/\/legrandcontinent.eu\/fr\/wp-json\/wp\/v2\/comments?post=329959"}],"version-history":[{"count":21,"href":"https:\/\/legrandcontinent.eu\/fr\/wp-json\/wp\/v2\/posts\/329959\/revisions"}],"predecessor-version":[{"id":329996,"href":"https:\/\/legrandcontinent.eu\/fr\/wp-json\/wp\/v2\/posts\/329959\/revisions\/329996"}],"wp:featuredmedia":[{"embeddable":true,"href":"https:\/\/legrandcontinent.eu\/fr\/wp-json\/wp\/v2\/media\/329960"}],"wp:attachment":[{"href":"https:\/\/legrandcontinent.eu\/fr\/wp-json\/wp\/v2\/media?parent=329959"}],"wp:term":[{"taxonomy":"category","embeddable":true,"href":"https:\/\/legrandcontinent.eu\/fr\/wp-json\/wp\/v2\/categories?post=329959"},{"taxonomy":"post_tag","embeddable":true,"href":"https:\/\/legrandcontinent.eu\/fr\/wp-json\/wp\/v2\/tags?post=329959"},{"taxonomy":"staff","embeddable":true,"href":"https:\/\/legrandcontinent.eu\/fr\/wp-json\/wp\/v2\/staff?post=329959"},{"taxonomy":"editorial_format","embeddable":true,"href":"https:\/\/legrandcontinent.eu\/fr\/wp-json\/wp\/v2\/editorial_format?post=329959"},{"taxonomy":"serie","embeddable":true,"href":"https:\/\/legrandcontinent.eu\/fr\/wp-json\/wp\/v2\/serie?post=329959"},{"taxonomy":"audience","embeddable":true,"href":"https:\/\/legrandcontinent.eu\/fr\/wp-json\/wp\/v2\/audience?post=329959"},{"taxonomy":"geo","embeddable":true,"href":"https:\/\/legrandcontinent.eu\/fr\/wp-json\/wp\/v2\/geo?post=329959"}],"curies":[{"name":"wp","href":"https:\/\/api.w.org\/{rel}","templated":true}]}}