{"id":327052,"date":"2026-04-13T07:12:04","date_gmt":"2026-04-13T05:12:04","guid":{"rendered":"https:\/\/legrandcontinent.eu\/fr\/?p=327052"},"modified":"2026-04-13T08:03:35","modified_gmt":"2026-04-13T06:03:35","slug":"comprendre-la-victoire-de-peter-magyar-contre-viktor-orban-5-points-sur-la-geographie-politique-dune-defaite-historique","status":"publish","type":"post","link":"https:\/\/legrandcontinent.eu\/fr\/2026\/04\/13\/comprendre-la-victoire-de-peter-magyar-contre-viktor-orban-5-points-sur-la-geographie-politique-dune-defaite-historique\/","title":{"rendered":"Comprendre la victoire de P\u00e9ter Magyar contre Viktor Orb\u00e1n&#160;: 5 points sur la g\u00e9ographie politique d\u2019une d\u00e9faite historique"},"content":{"rendered":"\n<h3 class=\"wp-block-heading\">1 \u2014 La victoire annonc\u00e9e de l\u2019opposant P\u00e9ter Magyar<\/h3>\n\n\n\n<p class=\"has-drop-cap\">Donn\u00e9 en t\u00eate dans les enqu\u00eates d\u2019opinion depuis l\u2019automne 2025, le Parti Respect et Libert\u00e9 (TISZA, PPE), men\u00e9 par le conservateur P\u00e9ter Magyar, a remport\u00e9 la victoire.&nbsp;<\/p>\n\n\n\n<p>Les r\u00e9sultats pr\u00e9liminaires portant sur 99&#160;% des bureaux de vote lui accordent 54&#160;% des suffrages exprim\u00e9s et 138 si\u00e8ges, contre respectivement 38&#160;% et 55 si\u00e8ges pour le FIDESZ-KDNP (PFUE) de Viktor Orb\u00e1n.&nbsp;<\/p>\n\n\n\n<p>Les deux principales formations politiques du pays se partagent ainsi l\u2019essentiel des si\u00e8ges au Parlement, le petit parti ultranationaliste Mi Haz\u00e1nk (MH, ENS) \u00e9tant la seule autre formation \u00e0 d\u00e9passer la barre des 5&#160;%, avec 6&#160;% des suffrages et 6 si\u00e8ges. Sans doute victime du vote utile, la seule formation de centre gauche encore en lice, la Coalition d\u00e9mocratique (DK, S&amp;D), n&rsquo;obtient que 1&#160;% des voix et aucun si\u00e8ge. Cette concentration des voix permet \u00e0 TISZA d&rsquo;obtenir la part des si\u00e8ges la plus importante jamais recueillie par un seul parti depuis le retour de la d\u00e9mocratie en Hongrie.<\/p>\n\n\n\n<div class=\"iframe-container wp-block-image wp-block-image-medium  iframe-dw\">\n\t<div>\n\t\t<iframe class=\"absolute w-full h-full pin-t pin-l\" title=\"titolo\" aria-label=\"Interactive line chart\" src=\"\/\/datawrapper.dwcdn.net\/4J7Uv\/\" scrolling=\"no\" frameborder=\"0\"><\/iframe>\n\t<\/div>\n<\/div>\n\n\n\n<p>Avec ces r\u00e9sultats, P\u00e9ter Magyar parvient pour la premi\u00e8re fois \u00e0 faire tomber la majorit\u00e9 nationaliste au pouvoir depuis 2010. Cette victoire est d&rsquo;autant plus notable qu&rsquo;elle intervient \u00e0 l&rsquo;issue d&rsquo;une d\u00e9cennie au cours de laquelle le clan Orb\u00e1n a captur\u00e9 les ressources de l&rsquo;\u00c9tat hongrois, un r\u00e9gime officiellement d\u00e9sign\u00e9 comme \u00ab&#160;autocratie \u00e9lectorale&#160;\u00bb par le Parlement europ\u00e9en en 2022. Dans un syst\u00e8me \u00e0 forte composante majoritaire, cette victoire est \u00e9galement due au retrait de l&rsquo;opposition de centre gauche.&nbsp;<\/p>\n\n\n\n<p>Le Parti socialiste hongrois (MSZP, S&amp;D), les partis verts Dialogue et LMP (Verts\/ALE) ainsi que les centristes de Momentum (~RE) ont en effet renonc\u00e9 \u00e0 pr\u00e9senter des candidats afin de faciliter la victoire du parti d\u2019opposition le mieux plac\u00e9. En ce sens, la victoire de P\u00e9ter Magyar est celle d&rsquo;un \u00ab&#160;cordon sanitaire&#160;\u00bb justifi\u00e9 par les lourdes menaces pesant sur la d\u00e9mocratie hongroise. Ce retrait, effectu\u00e9 sans coalition formelle avec TISZA, signifie \u00e9galement que l\u2019opposition de centre gauche sera totalement absente du prochain Parlement, alors qu\u2019elle disposait de 35 si\u00e8ges lors de la pr\u00e9c\u00e9dente l\u00e9gislature.&nbsp;<\/p>\n\n\n\n<p>La politique hongroise reste ainsi solidement ancr\u00e9e dans le camp conservateur&#160;: si Magyar s&rsquo;est engag\u00e9 \u00e0 rompre avec le syst\u00e8me Orb\u00e1n et \u00e0 renouer avec l&rsquo;Union, sa politique se rapproche de celle de la majorit\u00e9 pr\u00e9c\u00e9dente sur plusieurs points, notamment l&rsquo;opposition \u00e0 l&rsquo;immigration et un certain conservatisme social.<\/p>\n\n\n\n<h3 class=\"wp-block-heading\">2 \u2014 Une participation historique<\/h3>\n\n\n\n<p>Tout au long de la journ\u00e9e \u00e9lectorale, le taux de participation a atteint des niveaux record, d\u00e9passant&nbsp; d\u00e8s 16 heures le taux de 2021 (70,2&#160;%) pour finalement s&rsquo;\u00e9tablir \u00e0 79,5&#160;% en fin de journ\u00e9e. La participation a \u00e9t\u00e9 particuli\u00e8rement \u00e9lev\u00e9e dans les villes et sensiblement plus faible dans les comitats plus ruraux, o\u00f9 le Fidesz a ses bastions historiques.&nbsp;<\/p>\n\n\n\n<p>\u00c0 Budapest, elle \u00e9tait de 82,8&#160;%, tandis qu&rsquo;elle n&rsquo;\u00e9tait que de 74,4&#160;% dans le comitat de Szabolcs-Szatm\u00e1r-Bereg, o\u00f9 le FIDESZ avait obtenu ses meilleurs r\u00e9sultats en 2022.<\/p>\n\n\n\n<div class=\"iframe-container wp-block-image wp-block-image-medium  iframe-dw\">\n\t<div>\n\t\t<iframe class=\"absolute w-full h-full pin-t pin-l\" title=\"titolo\" aria-label=\"Interactive line chart\" src=\"\/\/datawrapper.dwcdn.net\/XIC1s\/\" scrolling=\"no\" frameborder=\"0\"><\/iframe>\n\t<\/div>\n<\/div>\n\n\n\n<p>Contrairement \u00e0 ce qui se passe dans d&rsquo;autres \u00c9tats de l&rsquo;Union, la participation plus forte des zones urbaines n&rsquo;est pas un ph\u00e9nom\u00e8ne nouveau en Hongrie. En revanche, la hausse de la participation dans les zones urbaines d\u00e9j\u00e0 mobilis\u00e9es signale un engagement redoubl\u00e9 de l\u2019\u00e9lectorat face \u00e0 un scrutin per\u00e7u comme particuli\u00e8rement d\u00e9terminant.<\/p>\n\n\n\n<h3 class=\"wp-block-heading\">3 \u2014 Un syst\u00e8me \u00e9lectoral peu proportionnel, favorable aux grands partis<\/h3>\n\n\n\n<p>Le syst\u00e8me \u00e9lectoral hongrois comprend une composante majoritaire et une composante proportionnelle. Chaque \u00e9lecteur dispose de deux voix lors d&rsquo;un tour de scrutin unique. La premi\u00e8re permet d&rsquo;\u00e9lire un candidat qui est \u00e9lu \u00e0 la majorit\u00e9 simple dans l&rsquo;une des 106 circonscriptions uninominales. La seconde voix sert \u00e0 distribuer 93 si\u00e8ges au scrutin proportionnel au niveau national, avec un seuil de 5&#160;% des suffrages exprim\u00e9s n\u00e9cessaire pour obtenir des si\u00e8ges.&nbsp;<\/p>\n\n\n\n<p>Un syst\u00e8me de report des premi\u00e8res voix vers les secondes compense partiellement le caract\u00e8re majoritaire du scrutin uninominal&nbsp;<span class='whitespace-nowrap'><span id='easy-footnote-1-327052' class='easy-footnote-margin-adjust'><\/span><span class='easy-footnote'><a href='https:\/\/legrandcontinent.eu\/fr\/2026\/04\/13\/comprendre-la-victoire-de-peter-magyar-contre-viktor-orban-5-points-sur-la-geographie-politique-dune-defaite-historique\/#easy-footnote-bottom-1-327052' title='Connu en Italie sous le nom de &lt;em&gt;scorporo&lt;\/em&gt;, ce syst\u00e8me peu fr\u00e9quent est connu pour favoriser le vote tactique et est g\u00e9n\u00e9ralement consid\u00e9r\u00e9 comme peu transparent.'><sup>1<\/sup><\/a><\/span><\/span>. Dans l&rsquo;ensemble, le syst\u00e8me \u00e9lectoral est peu proportionnel et favorable au parti en t\u00eate&#160;: en 2022, le Fidesz a obtenu 68&#160;% des si\u00e8ges avec seulement 54&#160;% des suffrages de liste.\u00a0<\/p>\n\n\n\n<p>Une supermajorit\u00e9 des deux tiers des si\u00e8ges est n\u00e9cessaire pour proc\u00e9der \u00e0 des amendements constitutionnels. Des soup\u00e7ons de d\u00e9coupage de circonscriptions favorables au parti au pouvoir (<em>gerrymandering<\/em>) existent depuis longtemps sous les mandats d&rsquo;Orb\u00e1n&nbsp;<span class='whitespace-nowrap'><span id='easy-footnote-2-327052' class='easy-footnote-margin-adjust'><\/span><span class='easy-footnote'><a href='https:\/\/legrandcontinent.eu\/fr\/2026\/04\/13\/comprendre-la-victoire-de-peter-magyar-contre-viktor-orban-5-points-sur-la-geographie-politique-dune-defaite-historique\/#easy-footnote-bottom-2-327052' title='Pour une occurrence r\u00e9cente, voir &lt;a href=&quot;https:\/\/telex.hu\/valasztasi-foldrajz\/2024\/11\/19\/uj-orszaggyulesi-valasztokerulet-terkep&quot;&gt;Mixing of constituencies benefits Fidesz, not Tisza \u2013 changes on the map&lt;\/a&gt;, Telex.hu, 2025, cit\u00e9 dans une &lt;a href=&quot;https:\/\/telex.hu\/valasztasi-foldrajz\/2024\/11\/19\/uj-orszaggyulesi-valasztokerulet-terkep&quot;&gt;note&lt;\/a&gt; du Comit\u00e9 d\u2019Helsinki hongrois.'><sup>2<\/sup><\/a><\/span><\/span>.<\/p>\n\n\n\n<div class=\"iframe-container wp-block-image wp-block-image-medium  iframe-dw\">\n\t<div>\n\t\t<iframe class=\"absolute w-full h-full pin-t pin-l\" title=\"titolo\" aria-label=\"Interactive line chart\" src=\"\/\/datawrapper.dwcdn.net\/Gvf9Y\/\" scrolling=\"no\" frameborder=\"0\"><\/iframe>\n\t<\/div>\n<\/div>\n\n\n\n<p>Ce dimanche, ce red\u00e9coupage \u00e9lectoral a profit\u00e9 \u00e0 TISZA, qui a obtenu une super-majorit\u00e9 de 138 si\u00e8ges (soit 69&#160;% du total) avec seulement 54&#160;% des secondes voix. Arriv\u00e9 en deuxi\u00e8me position, le FIDESZ ne conserve que 55 si\u00e8ges.&nbsp;<\/p>\n\n\n\n<p>Il s&rsquo;agit d&rsquo;un retournement quasiment si\u00e8ge pour si\u00e8ge entre le Fidesz et l&rsquo;opposition, le parti ultranationaliste Mi Haz\u00e1nk conservant ses six mandats.<\/p>\n\n\n\n<h3 class=\"wp-block-heading\">4 \u2014 La persistance des clivages territoriaux<\/h3>\n\n\n\n<p>Malgr\u00e9 le caract\u00e8re historique du scrutin, les anciens clivages territoriaux sont toujours bien visibles.&nbsp;<\/p>\n\n\n\n<p>L\u2019opposition l\u2019emporte largement dans les grandes villes, notamment \u00e0 Budapest (63&#160;%), tandis que le FIDESZ fait pratiquement jeu \u00e9gal dans ses bastions, comme dans le comitat de Szabolcs-Szatm\u00e1r-Bereg, dans l\u2019est du pays (49&#160;% pour le TISZA contre 45&#160;% pour le FIDESZ).&nbsp;<\/p>\n\n\n\n<p>Contrairement \u00e0 l&rsquo;\u00e9lection de 2022, o\u00f9 le FIDESZ-KDNP avait remport\u00e9 tous les comitats du pays, hormis la capitale, l&rsquo;opposition s&rsquo;impose cette fois dans l&rsquo;ensemble des 19 comitats, avec une avance variant de 2 \u00e0 34 points.&nbsp;<\/p>\n\n\n\n<p>Ancien membre du FIDESZ, Magyar a su mobiliser bien au-del\u00e0 de l\u2019\u00e9lectorat progressiste des villes et domine d\u00e9sormais le jeu \u00e9lectoral dans l\u2019ensemble du pays.<\/p>\n\n\n\n<div class=\"iframe-container wp-block-image wp-block-image-medium  iframe-dw\">\n\t<div>\n\t\t<iframe class=\"absolute w-full h-full pin-t pin-l\" title=\"titolo\" aria-label=\"Interactive line chart\" src=\"\/\/datawrapper.dwcdn.net\/MZ2MF\/\" scrolling=\"no\" frameborder=\"0\"><\/iframe>\n\t<\/div>\n<\/div>\n\n\n\n<p>On peut mettre cette \u00e9volution en parall\u00e8le avec celle qui a conduit, en 2023, \u00e0 la chute du gouvernement polonais de Droit et Justice (PiS).&nbsp;<\/p>\n\n\n\n<p>Si la coalition de centre droit de Donald Tusk a remport\u00e9 les \u00e9lections, l&rsquo;alternance n&rsquo;a pas pour autant effac\u00e9 les clivages g\u00e9ographiques qui continuent de diviser le pays en deux moiti\u00e9s relativement \u00e9gales.<\/p>\n\n\n\n<h3 class=\"wp-block-heading\">5 \u2014 Battu, Viktor Orb\u00e1n a admis sa d\u00e9faite<\/h3>\n\n\n\n<p>Au soir du vote, Viktor Orb\u00e1n a reconnu la nette victoire de son adversaire.&nbsp;<\/p>\n\n\n\n<p>Il a d\u00e9clar\u00e9&#160;: \u00ab&#160;La t\u00e2che qui nous attend est claire, la charge du gouvernement n\u2019est plus sur nos \u00e9paules&#160;\u00bb&nbsp;<span class='whitespace-nowrap'><span id='easy-footnote-3-327052' class='easy-footnote-margin-adjust'><\/span><span class='easy-footnote'><a href='https:\/\/legrandcontinent.eu\/fr\/2026\/04\/13\/comprendre-la-victoire-de-peter-magyar-contre-viktor-orban-5-points-sur-la-geographie-politique-dune-defaite-historique\/#easy-footnote-bottom-3-327052' title='&lt;a href=&quot;https:\/\/168.hu\/itthon\/valasztas-2026-szavazokorok-bezaras-eredmenyek-percrol-percre-magyar-peter-orban-viktor-296304&quot;&gt;V\u00e1laszt\u00e1s 2026&amp;#160;: A Tisza k\u00e9tharmados gy\u0151zelme is biztoss\u00e1 v\u00e1lt&lt;\/a&gt;, &lt;a href=&quot;http:\/\/168.hu\/&quot;&gt;168.hu&lt;\/a&gt;, 12 avril 2026.'><sup>3<\/sup><\/a><\/span><\/span>. Pendant toute la journ\u00e9e, son camp avait pourtant tent\u00e9 de signaler\u00a0 un nombre important de cas de fraude pr\u00e9sum\u00e9e, faisant craindre une volont\u00e9 de contester les r\u00e9sultats du vote devant la justice.\u00a0<\/p>\n\n\n\n<p>Pour sa part, P\u00e9ter Magyar a insist\u00e9 sur l\u2019importance d\u2019un r\u00e9el \u00ab&#160;changement de r\u00e9gime&#160;\u00bb, appelant au d\u00e9part de toutes les personnalit\u00e9s issues de l\u2019ancienne majorit\u00e9 de droite radicale. Sur X, Friedrich Merz, Emmanuel Macron, Ursula von der Leyen ou encore Volodymyr Zelensky ont f\u00e9licit\u00e9 le vainqueur.&nbsp;<\/p>\n\n\n\n<figure class=\"wp-block-embed is-type-rich is-provider-twitter wp-block-embed-twitter\"><div class=\"wp-block-embed__wrapper\">\n<blockquote class=\"twitter-tweet\" data-width=\"550\" data-dnt=\"true\"><p lang=\"de\" dir=\"ltr\">Ungarn hat entschieden. Herzlichen Gl\u00fcckwunsch zur gewonnenen Wahl, lieber <a href=\"https:\/\/twitter.com\/magyarpeterMP?ref_src=twsrc%5Etfw\">@magyarpeterMP<\/a>. Ich freue mich auf die Zusammenarbeit f\u00fcr ein starkes, sicheres und vor allem geeintes Europa.<\/p>&mdash; Bundeskanzler Friedrich Merz (@bundeskanzler) <a href=\"https:\/\/twitter.com\/bundeskanzler\/status\/2043415287987327064?ref_src=twsrc%5Etfw\">April 12, 2026<\/a><\/blockquote><script async src=\"https:\/\/platform.twitter.com\/widgets.js\" charset=\"utf-8\"><\/script>\n<\/div><\/figure>\n\n\n\n<figure class=\"wp-block-embed is-type-rich is-provider-twitter wp-block-embed-twitter\"><div class=\"wp-block-embed__wrapper\">\n<blockquote class=\"twitter-tweet\" data-width=\"550\" data-dnt=\"true\"><p lang=\"fr\" dir=\"ltr\">Je viens de m\u2019entretenir avec Peter Magyar pour le f\u00e9liciter de sa victoire en Hongrie&#160;!<br><br>La France salue une victoire de la participation d\u00e9mocratique, de l\u2019attachement du peuple hongrois aux valeurs de l\u2019Union europ\u00e9enne et pour la Hongrie en Europe.\u2026 <a href=\"https:\/\/t.co\/VMrgPQwYTa\">pic.twitter.com\/VMrgPQwYTa<\/a><\/p>&mdash; Emmanuel Macron (@EmmanuelMacron) <a href=\"https:\/\/twitter.com\/EmmanuelMacron\/status\/2043412318789185853?ref_src=twsrc%5Etfw\">April 12, 2026<\/a><\/blockquote><script async src=\"https:\/\/platform.twitter.com\/widgets.js\" charset=\"utf-8\"><\/script>\n<\/div><\/figure>\n\n\n\n<figure class=\"wp-block-embed is-type-rich is-provider-twitter wp-block-embed-twitter\"><div class=\"wp-block-embed__wrapper\">\n<blockquote class=\"twitter-tweet\" data-width=\"550\" data-dnt=\"true\"><p lang=\"hu\" dir=\"ltr\">Hungary has chosen Europe.<br><br>Europe has always chosen Hungary.<br><br>A country reclaims its European path.<br><br>The Union grows stronger.<br><br>Magyarorsz\u00e1g Eur\u00f3p\u00e1t v\u00e1lasztotta. <br><br>Eur\u00f3pa mindig Magyarorsz\u00e1got v\u00e1lasztotta. <br><br>Egy orsz\u00e1g visszat\u00e9r az eur\u00f3pai \u00fatj\u00e1ra. <br><br>Az Uni\u00f3 er\u0151sebb\u00e9 v\u00e1lik.<\/p>&mdash; Ursula von der Leyen (@vonderleyen) <a href=\"https:\/\/twitter.com\/vonderleyen\/status\/2043416848666906954?ref_src=twsrc%5Etfw\">April 12, 2026<\/a><\/blockquote><script async src=\"https:\/\/platform.twitter.com\/widgets.js\" charset=\"utf-8\"><\/script>\n<\/div><\/figure>\n\n\n\n<figure class=\"wp-block-embed is-type-rich is-provider-twitter wp-block-embed-twitter\"><div class=\"wp-block-embed__wrapper\">\n<blockquote class=\"twitter-tweet\" data-width=\"550\" data-dnt=\"true\"><p lang=\"en\" dir=\"ltr\">Congratulations to <a href=\"https:\/\/twitter.com\/magyarpeterMP?ref_src=twsrc%5Etfw\">@magyarpeterMP<\/a> and the TISZA party on their resounding victory. It is important when  constructive approach prevails. <br><br>Ukraine has always sought good-neighbourly relations with everyone in Europe and we are ready to advance our cooperation with Hungary.\u2026<\/p>&mdash; Volodymyr Zelenskyy \/ \u0412\u043e\u043b\u043e\u0434\u0438\u043c\u0438\u0440 \u0417\u0435\u043b\u0435\u043d\u0441\u044c\u043a\u0438\u0439 (@ZelenskyyUa) <a href=\"https:\/\/twitter.com\/ZelenskyyUa\/status\/2043431223884931235?ref_src=twsrc%5Etfw\">April 12, 2026<\/a><\/blockquote><script async src=\"https:\/\/platform.twitter.com\/widgets.js\" charset=\"utf-8\"><\/script>\n<\/div><\/figure>\n\n\n\n<p>La loi hongroise pr\u00e9voit que l\u2019ancienne Assembl\u00e9e nationale continue de si\u00e9ger pendant 30 jours apr\u00e8s l\u2019\u00e9lection, avant de c\u00e9der la place \u00e0 la nouvelle l\u00e9gislature.&nbsp;<\/p>\n\n\n\n<p>Le Premier ministre sortant dispose d&rsquo;un contr\u00f4le consid\u00e9rable sur la justice, l&rsquo;appareil d&rsquo;\u00c9tat et les m\u00e9dias hongrois, ce qui pourrait perturber un transfert ordonn\u00e9 du pouvoir.<\/p>\n","protected":false},"excerpt":{"rendered":"<p>Apr\u00e8s seize ans au pouvoir, le parti de Viktor Orb\u00e1n a essuy\u00e9 une d\u00e9faite historique en perdant la majorit\u00e9 absolue au profit de la coalition de P\u00e9ter Magyar.<\/p>\n<p>Sur quelle base&#160;&#160;? Avec quelle g\u00e9ographie&#160;&#160;?<\/p>\n<p>Nous publions une premi\u00e8re analyse des cartes et des donn\u00e9es de l&rsquo;une des \u00e9lections les plus importantes de l&rsquo;ann\u00e9e.<\/p>\n","protected":false},"author":40,"featured_media":327053,"comment_status":"closed","ping_status":"closed","sticky":false,"template":"templates\/post-studies.php","format":"standard","meta":{"_acf_changed":true,"_trash_the_other_posts":false,"_yoast_wpseo_estimated-reading-time-minutes":7,"footnotes":""},"categories":[2980],"tags":[],"staff":[1637],"editorial_format":[4849],"serie":[],"audience":[],"geo":[1917],"class_list":["post-327052","post","type-post","status-publish","format-standard","hentry","category-elections","staff-francois-hublet","editorial_format-studies","geo-europe"],"acf":{"open_in_webview":false,"accent":"default","_thumbnail_id":327053,"excerpt":"Apr\u00e8s seize ans au pouvoir, le parti de Viktor Orb\u00e1n a essuy\u00e9 une d\u00e9faite historique en perdant la majorit\u00e9 absolue au profit de la coalition de P\u00e9ter Magyar.\r\n\r\nSur quelle base ? Avec quelle g\u00e9ographie ?\r\n\r\nNous publions une premi\u00e8re analyse des cartes et des donn\u00e9es de l'une des \u00e9lections les plus importantes de l'ann\u00e9e.","display_date":"","new_abstract":true},"yoast_head":"<!-- This site is optimized with the Yoast SEO plugin v26.1.1 - https:\/\/yoast.com\/wordpress\/plugins\/seo\/ -->\n<title>Comprendre la victoire de Peter Magyar contre Viktor Orb\u00e1n : 5 points sur la g\u00e9ographie politique d\u2019une d\u00e9faite historique<\/title>\n<meta name=\"robots\" content=\"index, follow, max-snippet:-1, max-image-preview:large, max-video-preview:-1\" \/>\n<link rel=\"canonical\" href=\"https:\/\/legrandcontinent.eu\/fr\/2026\/04\/13\/comprendre-la-victoire-de-peter-magyar-contre-viktor-orban-5-points-sur-la-geographie-politique-dune-defaite-historique\/\" \/>\n<meta property=\"og:locale\" content=\"fr_FR\" \/>\n<meta property=\"og:type\" content=\"article\" \/>\n<meta property=\"og:title\" content=\"Comprendre la victoire de Peter Magyar contre Viktor Orb\u00e1n : 5 points sur la g\u00e9ographie politique d\u2019une d\u00e9faite historique\" \/>\n<meta property=\"og:description\" content=\"Apr\u00e8s seize ans au pouvoir, le parti de Viktor Orb\u00e1n a essuy\u00e9 une d\u00e9faite historique en perdant la majorit\u00e9 absolue au profit de la coalition de P\u00e9ter Magyar.  Sur quelle base&#160;? Avec quelle g\u00e9ographie&#160;?  Nous publions une premi\u00e8re analyse des cartes et des donn\u00e9es de l&#039;une des \u00e9lections les plus importantes de l&#039;ann\u00e9e.\" \/>\n<meta property=\"og:url\" content=\"https:\/\/legrandcontinent.eu\/fr\/2026\/04\/13\/comprendre-la-victoire-de-peter-magyar-contre-viktor-orban-5-points-sur-la-geographie-politique-dune-defaite-historique\/\" \/>\n<meta property=\"og:site_name\" content=\"Le Grand Continent\" \/>\n<meta property=\"article:published_time\" content=\"2026-04-13T05:12:04+00:00\" \/>\n<meta property=\"article:modified_time\" content=\"2026-04-13T06:03:35+00:00\" \/>\n<meta property=\"og:image\" content=\"https:\/\/legrandcontinent.eu\/fr\/wp-content\/uploads\/sites\/2\/2026\/04\/gc-magyar-scaled.jpg\" \/>\n\t<meta property=\"og:image:width\" content=\"2560\" \/>\n\t<meta property=\"og:image:height\" content=\"1477\" \/>\n\t<meta property=\"og:image:type\" content=\"image\/jpeg\" \/>\n<meta name=\"author\" content=\"Ramona Bloj\" \/>\n<meta name=\"twitter:card\" content=\"summary_large_image\" \/>\n<meta name=\"twitter:image\" content=\"https:\/\/legrandcontinent.eu\/fr\/wp-content\/uploads\/sites\/2\/2026\/04\/gc-magyar-scaled.jpg\" \/>\n<meta name=\"twitter:label1\" content=\"\u00c9crit par\" \/>\n\t<meta name=\"twitter:data1\" content=\"Ramona Bloj\" \/>\n\t<meta name=\"twitter:label2\" content=\"Dur\u00e9e de lecture estim\u00e9e\" \/>\n\t<meta name=\"twitter:data2\" content=\"7 minutes\" \/>\n<script type=\"application\/ld+json\" class=\"yoast-schema-graph\">{\"@context\":\"https:\/\/schema.org\",\"@graph\":[{\"@type\":\"WebPage\",\"@id\":\"https:\/\/legrandcontinent.eu\/fr\/2026\/04\/13\/comprendre-la-victoire-de-peter-magyar-contre-viktor-orban-5-points-sur-la-geographie-politique-dune-defaite-historique\/\",\"url\":\"https:\/\/legrandcontinent.eu\/fr\/2026\/04\/13\/comprendre-la-victoire-de-peter-magyar-contre-viktor-orban-5-points-sur-la-geographie-politique-dune-defaite-historique\/\",\"name\":\"Comprendre la victoire de Peter Magyar contre Viktor Orb\u00e1n : 5 points sur la g\u00e9ographie politique d\u2019une d\u00e9faite historique\",\"isPartOf\":{\"@id\":\"https:\/\/legrandcontinent.eu\/fr\/#website\"},\"primaryImageOfPage\":{\"@id\":\"https:\/\/legrandcontinent.eu\/fr\/2026\/04\/13\/comprendre-la-victoire-de-peter-magyar-contre-viktor-orban-5-points-sur-la-geographie-politique-dune-defaite-historique\/#primaryimage\"},\"image\":{\"@id\":\"https:\/\/legrandcontinent.eu\/fr\/2026\/04\/13\/comprendre-la-victoire-de-peter-magyar-contre-viktor-orban-5-points-sur-la-geographie-politique-dune-defaite-historique\/#primaryimage\"},\"thumbnailUrl\":\"https:\/\/legrandcontinent.eu\/fr\/wp-content\/uploads\/sites\/2\/2026\/04\/SIPA_ap23027891_000143-1-scaled.jpg\",\"datePublished\":\"2026-04-13T05:12:04+00:00\",\"dateModified\":\"2026-04-13T06:03:35+00:00\",\"author\":{\"@id\":\"https:\/\/legrandcontinent.eu\/fr\/#\/schema\/person\/bee86896b403754f76b6b1515ff0b697\"},\"breadcrumb\":{\"@id\":\"https:\/\/legrandcontinent.eu\/fr\/2026\/04\/13\/comprendre-la-victoire-de-peter-magyar-contre-viktor-orban-5-points-sur-la-geographie-politique-dune-defaite-historique\/#breadcrumb\"},\"inLanguage\":\"fr-FR\",\"potentialAction\":[{\"@type\":\"ReadAction\",\"target\":[\"https:\/\/legrandcontinent.eu\/fr\/2026\/04\/13\/comprendre-la-victoire-de-peter-magyar-contre-viktor-orban-5-points-sur-la-geographie-politique-dune-defaite-historique\/\"]}]},{\"@type\":\"ImageObject\",\"inLanguage\":\"fr-FR\",\"@id\":\"https:\/\/legrandcontinent.eu\/fr\/2026\/04\/13\/comprendre-la-victoire-de-peter-magyar-contre-viktor-orban-5-points-sur-la-geographie-politique-dune-defaite-historique\/#primaryimage\",\"url\":\"https:\/\/legrandcontinent.eu\/fr\/wp-content\/uploads\/sites\/2\/2026\/04\/SIPA_ap23027891_000143-1-scaled.jpg\",\"contentUrl\":\"https:\/\/legrandcontinent.eu\/fr\/wp-content\/uploads\/sites\/2\/2026\/04\/SIPA_ap23027891_000143-1-scaled.jpg\",\"width\":2560,\"height\":1707,\"caption\":\"Peter Magyar, le chef du parti d'opposition Tisza, brandit un drapeau national apr\u00e8s les \u00e9lections l\u00e9gislatives \u00e0 Budapest, en Hongrie, le dimanche 12 avril 2026. \u00a9 AP Photo\/Darko Bandic\"},{\"@type\":\"BreadcrumbList\",\"@id\":\"https:\/\/legrandcontinent.eu\/fr\/2026\/04\/13\/comprendre-la-victoire-de-peter-magyar-contre-viktor-orban-5-points-sur-la-geographie-politique-dune-defaite-historique\/#breadcrumb\",\"itemListElement\":[{\"@type\":\"ListItem\",\"position\":1,\"name\":\"Accueil\",\"item\":\"https:\/\/legrandcontinent.eu\/fr\/\"},{\"@type\":\"ListItem\",\"position\":2,\"name\":\"Comprendre la victoire de P\u00e9ter Magyar contre Viktor Orb\u00e1n&#160;: 5 points sur la g\u00e9ographie politique d\u2019une d\u00e9faite historique\"}]},{\"@type\":\"WebSite\",\"@id\":\"https:\/\/legrandcontinent.eu\/fr\/#website\",\"url\":\"https:\/\/legrandcontinent.eu\/fr\/\",\"name\":\"Le Grand Continent\",\"description\":\"L&#039;\u00e9chelle pertinente\",\"potentialAction\":[{\"@type\":\"SearchAction\",\"target\":{\"@type\":\"EntryPoint\",\"urlTemplate\":\"https:\/\/legrandcontinent.eu\/fr\/?s={search_term_string}\"},\"query-input\":{\"@type\":\"PropertyValueSpecification\",\"valueRequired\":true,\"valueName\":\"search_term_string\"}}],\"inLanguage\":\"fr-FR\"},{\"@type\":\"Person\",\"@id\":\"https:\/\/legrandcontinent.eu\/fr\/#\/schema\/person\/bee86896b403754f76b6b1515ff0b697\",\"name\":\"Ramona Bloj\",\"image\":{\"@type\":\"ImageObject\",\"inLanguage\":\"fr-FR\",\"@id\":\"https:\/\/legrandcontinent.eu\/fr\/#\/schema\/person\/image\/\",\"url\":\"https:\/\/secure.gravatar.com\/avatar\/c1d91adb7c4c1eed266b81c0f9915707?s=96&d=mm&r=g\",\"contentUrl\":\"https:\/\/secure.gravatar.com\/avatar\/c1d91adb7c4c1eed266b81c0f9915707?s=96&d=mm&r=g\",\"caption\":\"Ramona Bloj\"}}]}<\/script>\n<!-- \/ Yoast SEO plugin. -->","yoast_head_json":{"title":"Comprendre la victoire de Peter Magyar contre Viktor Orb\u00e1n : 5 points sur la g\u00e9ographie politique d\u2019une d\u00e9faite historique","robots":{"index":"index","follow":"follow","max-snippet":"max-snippet:-1","max-image-preview":"max-image-preview:large","max-video-preview":"max-video-preview:-1"},"canonical":"https:\/\/legrandcontinent.eu\/fr\/2026\/04\/13\/comprendre-la-victoire-de-peter-magyar-contre-viktor-orban-5-points-sur-la-geographie-politique-dune-defaite-historique\/","og_locale":"fr_FR","og_type":"article","og_title":"Comprendre la victoire de Peter Magyar contre Viktor Orb\u00e1n : 5 points sur la g\u00e9ographie politique d\u2019une d\u00e9faite historique","og_description":"Apr\u00e8s seize ans au pouvoir, le parti de Viktor Orb\u00e1n a essuy\u00e9 une d\u00e9faite historique en perdant la majorit\u00e9 absolue au profit de la coalition de P\u00e9ter Magyar.  Sur quelle base&#160;? Avec quelle g\u00e9ographie&#160;?  Nous publions une premi\u00e8re analyse des cartes et des donn\u00e9es de l'une des \u00e9lections les plus importantes de l'ann\u00e9e.","og_url":"https:\/\/legrandcontinent.eu\/fr\/2026\/04\/13\/comprendre-la-victoire-de-peter-magyar-contre-viktor-orban-5-points-sur-la-geographie-politique-dune-defaite-historique\/","og_site_name":"Le Grand Continent","article_published_time":"2026-04-13T05:12:04+00:00","article_modified_time":"2026-04-13T06:03:35+00:00","og_image":[{"width":2560,"height":1477,"url":"https:\/\/legrandcontinent.eu\/fr\/wp-content\/uploads\/sites\/2\/2026\/04\/gc-magyar-scaled.jpg","type":"image\/jpeg"}],"author":"Ramona Bloj","twitter_card":"summary_large_image","twitter_image":"https:\/\/legrandcontinent.eu\/fr\/wp-content\/uploads\/sites\/2\/2026\/04\/gc-magyar-scaled.jpg","twitter_misc":{"\u00c9crit par":"Ramona Bloj","Dur\u00e9e de lecture estim\u00e9e":"7 minutes"},"schema":{"@context":"https:\/\/schema.org","@graph":[{"@type":"WebPage","@id":"https:\/\/legrandcontinent.eu\/fr\/2026\/04\/13\/comprendre-la-victoire-de-peter-magyar-contre-viktor-orban-5-points-sur-la-geographie-politique-dune-defaite-historique\/","url":"https:\/\/legrandcontinent.eu\/fr\/2026\/04\/13\/comprendre-la-victoire-de-peter-magyar-contre-viktor-orban-5-points-sur-la-geographie-politique-dune-defaite-historique\/","name":"Comprendre la victoire de Peter Magyar contre Viktor Orb\u00e1n : 5 points sur la g\u00e9ographie politique d\u2019une d\u00e9faite historique","isPartOf":{"@id":"https:\/\/legrandcontinent.eu\/fr\/#website"},"primaryImageOfPage":{"@id":"https:\/\/legrandcontinent.eu\/fr\/2026\/04\/13\/comprendre-la-victoire-de-peter-magyar-contre-viktor-orban-5-points-sur-la-geographie-politique-dune-defaite-historique\/#primaryimage"},"image":{"@id":"https:\/\/legrandcontinent.eu\/fr\/2026\/04\/13\/comprendre-la-victoire-de-peter-magyar-contre-viktor-orban-5-points-sur-la-geographie-politique-dune-defaite-historique\/#primaryimage"},"thumbnailUrl":"https:\/\/legrandcontinent.eu\/fr\/wp-content\/uploads\/sites\/2\/2026\/04\/SIPA_ap23027891_000143-1-scaled.jpg","datePublished":"2026-04-13T05:12:04+00:00","dateModified":"2026-04-13T06:03:35+00:00","author":{"@id":"https:\/\/legrandcontinent.eu\/fr\/#\/schema\/person\/bee86896b403754f76b6b1515ff0b697"},"breadcrumb":{"@id":"https:\/\/legrandcontinent.eu\/fr\/2026\/04\/13\/comprendre-la-victoire-de-peter-magyar-contre-viktor-orban-5-points-sur-la-geographie-politique-dune-defaite-historique\/#breadcrumb"},"inLanguage":"fr-FR","potentialAction":[{"@type":"ReadAction","target":["https:\/\/legrandcontinent.eu\/fr\/2026\/04\/13\/comprendre-la-victoire-de-peter-magyar-contre-viktor-orban-5-points-sur-la-geographie-politique-dune-defaite-historique\/"]}]},{"@type":"ImageObject","inLanguage":"fr-FR","@id":"https:\/\/legrandcontinent.eu\/fr\/2026\/04\/13\/comprendre-la-victoire-de-peter-magyar-contre-viktor-orban-5-points-sur-la-geographie-politique-dune-defaite-historique\/#primaryimage","url":"https:\/\/legrandcontinent.eu\/fr\/wp-content\/uploads\/sites\/2\/2026\/04\/SIPA_ap23027891_000143-1-scaled.jpg","contentUrl":"https:\/\/legrandcontinent.eu\/fr\/wp-content\/uploads\/sites\/2\/2026\/04\/SIPA_ap23027891_000143-1-scaled.jpg","width":2560,"height":1707,"caption":"Peter Magyar, le chef du parti d'opposition Tisza, brandit un drapeau national apr\u00e8s les \u00e9lections l\u00e9gislatives \u00e0 Budapest, en Hongrie, le dimanche 12 avril 2026. \u00a9 AP Photo\/Darko Bandic"},{"@type":"BreadcrumbList","@id":"https:\/\/legrandcontinent.eu\/fr\/2026\/04\/13\/comprendre-la-victoire-de-peter-magyar-contre-viktor-orban-5-points-sur-la-geographie-politique-dune-defaite-historique\/#breadcrumb","itemListElement":[{"@type":"ListItem","position":1,"name":"Accueil","item":"https:\/\/legrandcontinent.eu\/fr\/"},{"@type":"ListItem","position":2,"name":"Comprendre la victoire de P\u00e9ter Magyar contre Viktor Orb\u00e1n&#160;: 5 points sur la g\u00e9ographie politique d\u2019une d\u00e9faite historique"}]},{"@type":"WebSite","@id":"https:\/\/legrandcontinent.eu\/fr\/#website","url":"https:\/\/legrandcontinent.eu\/fr\/","name":"Le Grand Continent","description":"L&#039;\u00e9chelle pertinente","potentialAction":[{"@type":"SearchAction","target":{"@type":"EntryPoint","urlTemplate":"https:\/\/legrandcontinent.eu\/fr\/?s={search_term_string}"},"query-input":{"@type":"PropertyValueSpecification","valueRequired":true,"valueName":"search_term_string"}}],"inLanguage":"fr-FR"},{"@type":"Person","@id":"https:\/\/legrandcontinent.eu\/fr\/#\/schema\/person\/bee86896b403754f76b6b1515ff0b697","name":"Ramona Bloj","image":{"@type":"ImageObject","inLanguage":"fr-FR","@id":"https:\/\/legrandcontinent.eu\/fr\/#\/schema\/person\/image\/","url":"https:\/\/secure.gravatar.com\/avatar\/c1d91adb7c4c1eed266b81c0f9915707?s=96&d=mm&r=g","contentUrl":"https:\/\/secure.gravatar.com\/avatar\/c1d91adb7c4c1eed266b81c0f9915707?s=96&d=mm&r=g","caption":"Ramona Bloj"}}]}},"lgc_categories":[{"id":2980,"name":"\u00c9lections","slug":"elections"}],"lgc_author":{"id":1637,"name":"Fran\u00e7ois Hublet","slug":"francois-hublet","description":"Fran\u00e7ois Hublet est r\u00e9dacteur-en-chef des <em>Bulletins des \u00e9lections de l'Union Europ\u00e9enne<\/em> (BLUE), publication du Groupe d'\u00e9tudes g\u00e9opolitiques. Il est dipl\u00f4m\u00e9 de l'\u00c9cole polytechnique (Palaiseau) et de l'\u00c9cole polytechnique f\u00e9d\u00e9rale de Zurich.","first_name":"Fran\u00e7ois","last_name":"Hublet","picture":{"url":"https:\/\/legrandcontinent.eu\/fr\/wp-content\/uploads\/sites\/2\/2023\/10\/GC_Hublet.png","width":333,"height":331,"alt":""}},"feature_image_summary":{"url":"https:\/\/legrandcontinent.eu\/fr\/wp-content\/uploads\/sites\/2\/2026\/04\/SIPA_ap23027891_000143-1-scaled.jpg","width":2560,"height":1707,"alt":""},"feature_image_cover":{"url":"https:\/\/legrandcontinent.eu\/fr\/wp-content\/uploads\/sites\/2\/2026\/04\/SIPA_ap23027891_000143-1-scaled.jpg","width":2560,"height":1707,"alt":""},"term_position_data":null,"_links":{"self":[{"href":"https:\/\/legrandcontinent.eu\/fr\/wp-json\/wp\/v2\/posts\/327052","targetHints":{"allow":["GET"]}}],"collection":[{"href":"https:\/\/legrandcontinent.eu\/fr\/wp-json\/wp\/v2\/posts"}],"about":[{"href":"https:\/\/legrandcontinent.eu\/fr\/wp-json\/wp\/v2\/types\/post"}],"author":[{"embeddable":true,"href":"https:\/\/legrandcontinent.eu\/fr\/wp-json\/wp\/v2\/users\/40"}],"replies":[{"embeddable":true,"href":"https:\/\/legrandcontinent.eu\/fr\/wp-json\/wp\/v2\/comments?post=327052"}],"version-history":[{"count":33,"href":"https:\/\/legrandcontinent.eu\/fr\/wp-json\/wp\/v2\/posts\/327052\/revisions"}],"predecessor-version":[{"id":327098,"href":"https:\/\/legrandcontinent.eu\/fr\/wp-json\/wp\/v2\/posts\/327052\/revisions\/327098"}],"wp:featuredmedia":[{"embeddable":true,"href":"https:\/\/legrandcontinent.eu\/fr\/wp-json\/wp\/v2\/media\/327053"}],"wp:attachment":[{"href":"https:\/\/legrandcontinent.eu\/fr\/wp-json\/wp\/v2\/media?parent=327052"}],"wp:term":[{"taxonomy":"category","embeddable":true,"href":"https:\/\/legrandcontinent.eu\/fr\/wp-json\/wp\/v2\/categories?post=327052"},{"taxonomy":"post_tag","embeddable":true,"href":"https:\/\/legrandcontinent.eu\/fr\/wp-json\/wp\/v2\/tags?post=327052"},{"taxonomy":"staff","embeddable":true,"href":"https:\/\/legrandcontinent.eu\/fr\/wp-json\/wp\/v2\/staff?post=327052"},{"taxonomy":"editorial_format","embeddable":true,"href":"https:\/\/legrandcontinent.eu\/fr\/wp-json\/wp\/v2\/editorial_format?post=327052"},{"taxonomy":"serie","embeddable":true,"href":"https:\/\/legrandcontinent.eu\/fr\/wp-json\/wp\/v2\/serie?post=327052"},{"taxonomy":"audience","embeddable":true,"href":"https:\/\/legrandcontinent.eu\/fr\/wp-json\/wp\/v2\/audience?post=327052"},{"taxonomy":"geo","embeddable":true,"href":"https:\/\/legrandcontinent.eu\/fr\/wp-json\/wp\/v2\/geo?post=327052"}],"curies":[{"name":"wp","href":"https:\/\/api.w.org\/{rel}","templated":true}]}}