{"id":326804,"date":"2026-04-11T19:08:08","date_gmt":"2026-04-11T17:08:08","guid":{"rendered":"https:\/\/legrandcontinent.eu\/fr\/?p=326804"},"modified":"2026-04-11T19:08:12","modified_gmt":"2026-04-11T17:08:12","slug":"emmanuel-macron-au-vatican-un-nouveau-pape-rencontre-un-futur-ex-president","status":"publish","type":"post","link":"https:\/\/legrandcontinent.eu\/fr\/2026\/04\/11\/emmanuel-macron-au-vatican-un-nouveau-pape-rencontre-un-futur-ex-president\/","title":{"rendered":"Emmanuel Macron au Vatican&#160;: un nouveau pape rencontre un futur ex-pr\u00e9sident\u00a0"},"content":{"rendered":"\n<p>Vendredi 10 avril, en d\u00e9but de matin\u00e9e, Emmanuel Macron a rencontr\u00e9 pour la premi\u00e8re fois le pape L\u00e9on XIV, \u00e9lu il y a pr\u00e8s d&rsquo;un an. Il s&rsquo;agit de son quatri\u00e8me entretien officiel avec un pape et de sa cinqui\u00e8me visite pr\u00e9sidentielle au Vatican, la pr\u00e9c\u00e9dente ayant eu lieu lors des obs\u00e8ques du pape Fran\u00e7ois en avril 2025.<\/p>\n\n\n\n<ul class=\"wp-block-list\">\n<li>Cette audience en t\u00eate \u00e0 t\u00eate, pr\u00e9vue de longue date mais plusieurs fois report\u00e9e en raison d&rsquo;incompatibilit\u00e9s d&rsquo;agenda, a dur\u00e9 plus d&rsquo;une heure, ce qui est inhabituellement long pour un entretien de ce type.<\/li>\n\n\n\n<li>Lors de cette discussion, Emmanuel Macron a renouvel\u00e9 l&rsquo;invitation \u00e0 se rendre en France, d\u00e9j\u00e0 adress\u00e9e au pape par la Conf\u00e9rence des \u00e9v\u00eaques de France (CEF).<\/li>\n\n\n\n<li>Si rien n\u2019est encore certain, il semblerait qu\u2019une visite en septembre prochain soit envisag\u00e9e, avec notamment des \u00e9tapes \u00e0 Paris et \u00e0 Lourdes.<\/li>\n\n\n\n<li>Ces deux lieux, la capitale politique et la capitale mariale de la France, si\u00e8ge des assembl\u00e9es pl\u00e9ni\u00e8res semestrielles de la CEF, ont d\u00e9j\u00e0 tous deux fait l\u2019objet de la derni\u00e8re visite papale officielle en France, celle de Beno\u00eet XVI en 2008.<\/li>\n\n\n\n<li>De mani\u00e8re plus inattendue, la ville de Scy-Chazelles, en Moselle, o\u00f9 se trouve la tombe de l&rsquo;un des \u00ab&#160;P\u00e8res de l&rsquo;Europe&#160;\u00bb, Robert Schuman, fervent catholique r\u00e9cemment d\u00e9clar\u00e9 \u00ab&#160;v\u00e9n\u00e9rable&#160;\u00bb par l&rsquo;\u00c9glise catholique, est \u00e9galement \u00e9voqu\u00e9e.<\/li>\n<\/ul>\n\n\n\n<p>Cette invitation est \u00e9galement l\u2019occasion de r\u00e9parer l\u2019effet n\u00e9gatif caus\u00e9 par le refus du pape Fran\u00e7ois de pr\u00e9sider la c\u00e9r\u00e9monie de r\u00e9ouverture de la cath\u00e9drale Notre-Dame, en d\u00e9cembre 2024, un geste qui avait beaucoup froiss\u00e9 la diplomatie fran\u00e7aise.&nbsp;<\/p>\n\n\n\n<p>Le principal sujet de leur entretien a port\u00e9 sur la paix au Proche et au Moyen-Orient, plus fragile que jamais malgr\u00e9 le cessez-le-feu conclu le 8 avril.<\/p>\n\n\n\n<ul class=\"wp-block-list\">\n<li>Sur ce dossier, on constate une convergence notoire entre la diplomatie \u00e9lys\u00e9enne et vaticane, toutes deux plut\u00f4t circonspectes face \u00e0 l&rsquo;aventurisme guerrier de Donald Trump et de Benjamin Netanyahou, m\u00eame si elles n&rsquo;ont pas exprim\u00e9 cette m\u00e9fiance dans les m\u00eames termes, L\u00e9on XIV allant jusqu&rsquo;\u00e0 une franche condamnation.<\/li>\n\n\n\n<li>La France et le Saint-Si\u00e8ge partagent aussi une pr\u00e9occupation particuli\u00e8re pour le Liban, un \u00c9tat n\u00e9 de la volont\u00e9 des puissances occidentales, dont la France, ancienne puissance mandataire, d&rsquo;assurer un foyer national aux chr\u00e9tiens d&rsquo;Orient. D&rsquo;o\u00f9 la \u00ab&#160;sensibilit\u00e9 particuli\u00e8re&#160;\u00bb du pape et du pr\u00e9sident \u00e0 ce sujet, revendiqu\u00e9e par l&rsquo;\u00c9lys\u00e9e.<\/li>\n\n\n\n<li>Tant L\u00e9on XIV \u2014 qui y a consacr\u00e9 en novembre dernier sa premi\u00e8re visite pastorale avec la Turquie \u2014, qu\u2019Emmanuel Macron se sont personnellement impliqu\u00e9s pour r\u00e9soudre la crise de l\u2019\u00c9tat libanais, alors que le pays vient d\u2019\u00eatre touch\u00e9 par des bombardements isra\u00e9liens particuli\u00e8rement meurtriers et que la droite isra\u00e9lienne ne dissimule plus ses vell\u00e9it\u00e9s annexionnistes sur le sud du Liban, en de\u00e7\u00e0 du fleuve Litani.<\/li>\n<\/ul>\n\n\n\n<p>En ce qui concerne les sujets de politique int\u00e9rieure, les motifs de d\u00e9saccord ne manquent cependant pas&#160;: le Saint-Si\u00e8ge a notamment exprim\u00e9 sa pr\u00e9occupation concernant la loi sur la fin de vie vot\u00e9e par l\u2019Assembl\u00e9e nationale, contre laquelle l\u2019\u00c9glise catholique est mobilis\u00e9e&#160;; il s&rsquo;inqui\u00e8te \u00e9galement de la remise en cause du statut de l&rsquo;\u00e9cole priv\u00e9e confessionnelle, que le Vatican consid\u00e8re comme une libert\u00e9 fondamentale. La concurrence entre les \u00e9coles publiques et priv\u00e9es est, depuis quelque temps, aviv\u00e9e par la baisse des effectifs scolaires.<\/p>\n\n\n\n<ul class=\"wp-block-list\">\n<li>La composition de la d\u00e9l\u00e9gation fran\u00e7aise, comptant une vingtaine de personnes, permet de se faire une id\u00e9e des sujets qui ont \u00e9t\u00e9 abord\u00e9s&#160;: outre les ministres Jean-No\u00ebl Barrot (Affaires \u00e9trang\u00e8res) et Catherine P\u00e9gard (Culture), ainsi que l&rsquo;\u00e9v\u00eaque aux Arm\u00e9es Antoine de Romanet et le recteur de la basilique de Lourdes, elle compte le secr\u00e9taire g\u00e9n\u00e9ral de l&rsquo;Enseignement catholique, Guillaume Pr\u00e9vost, Fran\u00e7ois Morini\u00e8re, pr\u00e9sident du directoire du groupe Bayard, et Jean-Marc Sauv\u00e9, ancien vice-pr\u00e9sident du Conseil d&rsquo;\u00c9tat et ma\u00eetre d&rsquo;\u0153uvre du rapport de la Ciase sur les abus sexuels dans l&rsquo;\u00c9glise.\u00a0<\/li>\n\n\n\n<li>Pour ce dernier, la visite \u00e0 L\u00e9on XIV fait figure de rattrapage, alors que son audience avec Fran\u00e7ois, pr\u00e9vue apr\u00e8s la publication du rapport, avait \u00e9t\u00e9 ajourn\u00e9e sine die en 2021.\u00a0<\/li>\n\n\n\n<li>On compte aussi Didier Duriez, pr\u00e9sident du Secours catholique&#160;; Charles Personnaz, directeur de l\u2019Institut national du patrimoine&#160;; Laurent Landete, directeur du Coll\u00e8ge des Bernardins o\u00f9 Emmanuel Macron a prononc\u00e9 un discours remarqu\u00e9 \u00e0 destination de l\u2019\u00c9glise en 2018&#160;; Mgr Hugues de Woillemont, directeur g\u00e9n\u00e9ral de l\u2019\u0152uvre d\u2019Orient, qui vient en aide aux chr\u00e9tiens d\u2019Orient&#160;; s\u0153ur Miriam An-Nour, directrice du Carmel Saint-Joseph au Liban.\u00a0<\/li>\n<\/ul>\n\n\n\n<p>Emmanuel Macron a \u00e9galement eu un entretien, lors d&rsquo;un d\u00e9jeuner \u00e0 la Villa Bonaparte, si\u00e8ge de l&rsquo;ambassade de France pr\u00e8s le Vatican, avec le num\u00e9ro 2 du Saint-Si\u00e8ge, le cardinal secr\u00e9taire d&rsquo;\u00c9tat Pietro Parolin. En poste depuis plus de 12 ans, il s&rsquo;agit sans doute du diplomate le plus exp\u00e9riment\u00e9 du Saint-Si\u00e8ge. Il constitue un \u00e9l\u00e9ment \u00e9vident de continuit\u00e9 avec le pontificat de Fran\u00e7ois.<\/p>\n\n\n\n<ul class=\"wp-block-list\">\n<li>Il a \u00e9galement rencontr\u00e9 le pr\u00e9lat britannique Mgr. Paul Gallagher, secr\u00e9taire pour les relations avec les \u00c9tats (ministre des Affaires \u00e9trang\u00e8res) du Saint-Si\u00e8ge.\u00a0<\/li>\n\n\n\n<li>Il s&rsquo;est ensuite rendu \u00e0 la Villa M\u00e9dicis, si\u00e8ge de l&rsquo;Acad\u00e9mie de France \u00e0 Rome, un instrument important du soft power fran\u00e7ais, puis \u00e0 la basilique Saint-Jean-de-Latran, cath\u00e9drale du dioc\u00e8se de Rome, \u00ab&#160;m\u00e8re de toutes les \u00e9glises de la Ville et du monde&#160;\u00bb, dont le chef de l&rsquo;\u00c9tat fran\u00e7ais est le premier chanoine d&rsquo;honneur depuis une tradition qui remonte au roi Henri IV (1589-1610). Emmanuel Macron, \u00e0 l&rsquo;instar de Nicolas Sarkozy et contrairement \u00e0 son pr\u00e9d\u00e9cesseur Fran\u00e7ois Hollande, a accept\u00e9 de venir prendre possession de ce titre honorifique.<\/li>\n\n\n\n<li>La veille, Emmanuel Macron avait rencontr\u00e9 Andrea Riccardi, un la\u00efc influent et fondateur de la communaut\u00e9 catholique Sant\u2019Egidio, qui \u0153uvre dans le domaine de la diplomatie informelle sur les th\u00e9\u00e2tres de guerre du monde. Val\u00e9rie R\u00e9gnier, pr\u00e9sidente de Sant\u2019Egidio pour la France, fait d&rsquo;ailleurs partie de la d\u00e9l\u00e9gation.<\/li>\n<\/ul>\n\n\n\n<p>Le pr\u00e9sident fran\u00e7ais \u00e9tait accompagn\u00e9 de son \u00e9pouse, Brigitte, habill\u00e9e de noir, comme le veut un usage protocolaire qui r\u00e9serve le \u00ab&#160;privil\u00e8ge du blanc&#160;\u00bb aux reines et princesses catholiques (comme la princesse Charl\u00e8ne de Monaco r\u00e9cemment). Elle a en revanche d\u00e9laiss\u00e9 la mantille que l&rsquo;on voit encore parfois sur les t\u00eates des premi\u00e8res dames am\u00e9ricaines lors des audiences papales.<\/p>\n\n\n\n<ul class=\"wp-block-list\">\n<li>En coulisses, l\u2019\u00e9pouse du chef de l\u2019\u00c9tat aurait jou\u00e9 un r\u00f4le non n\u00e9gligeable de relais entre Emmanuel Macron et les milieux catholiques fran\u00e7ais.<\/li>\n\n\n\n<li>Si Emmanuel Macron avait tutoy\u00e9 le pape Fran\u00e7ois, qui n&rsquo;en avait pas sembl\u00e9 offusqu\u00e9, les \u00e9changes avec le pape L\u00e9on XIV ont \u00e9t\u00e9 empreints de davantage de retenue et de sobri\u00e9t\u00e9 classique.<\/li>\n\n\n\n<li>Alors que la visite de L\u00e9on XIV \u00e0 Monaco avait confirm\u00e9 qu&rsquo;il \u00e9tait bien meilleur francophone que son pr\u00e9d\u00e9cesseur, l&rsquo;entretien s&rsquo;est d\u00e9roul\u00e9 en anglais.<\/li>\n\n\n\n<li>L\u2019audience a \u00e9galement \u00e9t\u00e9 marqu\u00e9e par un \u00e9change de pr\u00e9sents diplomatiques&#160;: clin d\u2019\u0153il au grand supporter des <em>Chicago Bulls<\/em> que le pape est, un maillot d\u00e9dicac\u00e9 de l\u2019\u00e9quipe de France de basket-ball lui a \u00e9t\u00e9 offert, ainsi qu&rsquo;un fac-simil\u00e9 de la carte de l\u2019Am\u00e9rique du Nord dessin\u00e9e par le j\u00e9suite fran\u00e7ais Jacques Marquette (1637-1675), \u00e9vang\u00e9lisateur du Canada et de la r\u00e9gion des Grands Lacs, un recueil des textes \u00e9crits par Georges Bernanos lors de la Seconde Guerre mondiale dans lesquels le grand \u00e9crivain catholique appelait l\u2019\u00c9glise et la France \u00e0 remplir leur mission proph\u00e9tique contre le totalitarisme, et enfin l\u2019ouvrage <em>Reb\u00e2tir Notre-Dame de Paris<\/em>, dirig\u00e9 par Matthieu Lours, consacr\u00e9 \u00e0 la reconstruction de la cath\u00e9drale.\u00a0<\/li>\n<\/ul>\n","protected":false},"excerpt":{"rendered":"<p>Le pr\u00e9sident fran\u00e7ais s&rsquo;est rendu vendredi 10 avril au Vatican pour sa cinqui\u00e8me visite officielle au Saint-Si\u00e8ge. <\/p>\n<p>Jean-Beno\u00eet Poulle revient sur les principaux moments de cette audience, qui pourrait annoncer une prochaine visite du pape L\u00e9on XIV en France. <\/p>\n","protected":false},"author":40,"featured_media":326805,"comment_status":"closed","ping_status":"closed","sticky":false,"template":"templates\/post-briefings.php","format":"standard","meta":{"_acf_changed":true,"_trash_the_other_posts":false,"_yoast_wpseo_estimated-reading-time-minutes":7,"footnotes":""},"categories":[2157],"tags":[],"staff":[2156],"editorial_format":[4850],"serie":[],"audience":[],"geo":[1917],"class_list":["post-326804","post","type-post","status-publish","format-standard","hentry","category-religion","staff-jean-benoit-poulle","editorial_format-briefings","geo-europe"],"acf":{"open_in_webview":false,"accent":"default","_thumbnail_id":326805,"excerpt":"Le pr\u00e9sident fran\u00e7ais s'est rendu vendredi 10 avril au Vatican pour sa cinqui\u00e8me visite officielle au Saint-Si\u00e8ge. \r\n\r\nJean-Beno\u00eet Poulle revient sur les principaux moments de cette audience, qui pourrait annoncer une prochaine visite du pape L\u00e9on XIV en France. ","display_date":"","new_abstract":true},"yoast_head":"<!-- This site is optimized with the Yoast SEO plugin v26.1.1 - https:\/\/yoast.com\/wordpress\/plugins\/seo\/ -->\n<title>Emmanuel Macron au Vatican : un nouveau pape rencontre un futur ex-pr\u00e9sident<\/title>\n<meta name=\"robots\" content=\"index, follow, max-snippet:-1, max-image-preview:large, max-video-preview:-1\" \/>\n<link rel=\"canonical\" href=\"https:\/\/legrandcontinent.eu\/fr\/2026\/04\/11\/emmanuel-macron-au-vatican-un-nouveau-pape-rencontre-un-futur-ex-president\/\" \/>\n<meta property=\"og:locale\" content=\"fr_FR\" \/>\n<meta property=\"og:type\" content=\"article\" \/>\n<meta property=\"og:title\" content=\"Emmanuel Macron au Vatican : un nouveau pape rencontre un futur ex-pr\u00e9sident\" \/>\n<meta property=\"og:description\" content=\"Le pr\u00e9sident fran\u00e7ais s&#039;est rendu vendredi 10 avril au Vatican pour sa cinqui\u00e8me visite officielle au Saint-Si\u00e8ge.   Jean-Beno\u00eet Poulle revient sur les principaux moments de cette audience, qui pourrait annoncer une prochaine visite du pape L\u00e9on XIV en France.\" \/>\n<meta property=\"og:url\" content=\"https:\/\/legrandcontinent.eu\/fr\/2026\/04\/11\/emmanuel-macron-au-vatican-un-nouveau-pape-rencontre-un-futur-ex-president\/\" \/>\n<meta property=\"og:site_name\" content=\"Le Grand Continent\" \/>\n<meta property=\"article:published_time\" content=\"2026-04-11T17:08:08+00:00\" \/>\n<meta property=\"article:modified_time\" content=\"2026-04-11T17:08:12+00:00\" \/>\n<meta property=\"og:image\" content=\"https:\/\/legrandcontinent.eu\/fr\/wp-content\/uploads\/sites\/2\/2026\/04\/Sans-titre-19-990x570.png\" \/>\n\t<meta property=\"og:image:width\" content=\"990\" \/>\n\t<meta property=\"og:image:height\" content=\"570\" \/>\n\t<meta property=\"og:image:type\" content=\"image\/png\" \/>\n<meta name=\"author\" content=\"Ramona Bloj\" \/>\n<meta name=\"twitter:card\" content=\"summary_large_image\" \/>\n<meta name=\"twitter:image\" content=\"https:\/\/legrandcontinent.eu\/fr\/wp-content\/uploads\/sites\/2\/2026\/04\/Sans-titre-19.png\" \/>\n<meta name=\"twitter:label1\" content=\"\u00c9crit par\" \/>\n\t<meta name=\"twitter:data1\" content=\"Ramona Bloj\" \/>\n\t<meta name=\"twitter:label2\" content=\"Dur\u00e9e de lecture estim\u00e9e\" \/>\n\t<meta name=\"twitter:data2\" content=\"7 minutes\" \/>\n<script type=\"application\/ld+json\" class=\"yoast-schema-graph\">{\"@context\":\"https:\/\/schema.org\",\"@graph\":[{\"@type\":\"WebPage\",\"@id\":\"https:\/\/legrandcontinent.eu\/fr\/2026\/04\/11\/emmanuel-macron-au-vatican-un-nouveau-pape-rencontre-un-futur-ex-president\/\",\"url\":\"https:\/\/legrandcontinent.eu\/fr\/2026\/04\/11\/emmanuel-macron-au-vatican-un-nouveau-pape-rencontre-un-futur-ex-president\/\",\"name\":\"Emmanuel Macron au Vatican : un nouveau pape rencontre un futur ex-pr\u00e9sident\",\"isPartOf\":{\"@id\":\"https:\/\/legrandcontinent.eu\/fr\/#website\"},\"primaryImageOfPage\":{\"@id\":\"https:\/\/legrandcontinent.eu\/fr\/2026\/04\/11\/emmanuel-macron-au-vatican-un-nouveau-pape-rencontre-un-futur-ex-president\/#primaryimage\"},\"image\":{\"@id\":\"https:\/\/legrandcontinent.eu\/fr\/2026\/04\/11\/emmanuel-macron-au-vatican-un-nouveau-pape-rencontre-un-futur-ex-president\/#primaryimage\"},\"thumbnailUrl\":\"https:\/\/legrandcontinent.eu\/fr\/wp-content\/uploads\/sites\/2\/2026\/04\/SIPA_01262848_000006-scaled.jpg\",\"datePublished\":\"2026-04-11T17:08:08+00:00\",\"dateModified\":\"2026-04-11T17:08:12+00:00\",\"author\":{\"@id\":\"https:\/\/legrandcontinent.eu\/fr\/#\/schema\/person\/bee86896b403754f76b6b1515ff0b697\"},\"breadcrumb\":{\"@id\":\"https:\/\/legrandcontinent.eu\/fr\/2026\/04\/11\/emmanuel-macron-au-vatican-un-nouveau-pape-rencontre-un-futur-ex-president\/#breadcrumb\"},\"inLanguage\":\"fr-FR\",\"potentialAction\":[{\"@type\":\"ReadAction\",\"target\":[\"https:\/\/legrandcontinent.eu\/fr\/2026\/04\/11\/emmanuel-macron-au-vatican-un-nouveau-pape-rencontre-un-futur-ex-president\/\"]}]},{\"@type\":\"ImageObject\",\"inLanguage\":\"fr-FR\",\"@id\":\"https:\/\/legrandcontinent.eu\/fr\/2026\/04\/11\/emmanuel-macron-au-vatican-un-nouveau-pape-rencontre-un-futur-ex-president\/#primaryimage\",\"url\":\"https:\/\/legrandcontinent.eu\/fr\/wp-content\/uploads\/sites\/2\/2026\/04\/SIPA_01262848_000006-scaled.jpg\",\"contentUrl\":\"https:\/\/legrandcontinent.eu\/fr\/wp-content\/uploads\/sites\/2\/2026\/04\/SIPA_01262848_000006-scaled.jpg\",\"width\":2560,\"height\":1707,\"caption\":\"Italie, Rome, Vatican, 10 avril 2026. Le pape L\u00e9on XIV re\u00e7oit le pr\u00e9sident fran\u00e7ais Emmanuel Macron et son \u00e9pouse Brigitte Macron lors d'une audience priv\u00e9e. Photo : VATICAN MEDIA\/ Catholic Press Photo R\u00c9SERV\u00c9 \u00c0 UN USAGE\u00c9DITORIAL - PAS DE MARKETING - PAS DE CAMPAGNES PUBLICITAIRES.\/\/IPAPRESSITALY_ipa1761\/Cr\u00e9dit : VATICAN MEDIA \/ \/ ipa-age\/SIPA\/2604101356\"},{\"@type\":\"BreadcrumbList\",\"@id\":\"https:\/\/legrandcontinent.eu\/fr\/2026\/04\/11\/emmanuel-macron-au-vatican-un-nouveau-pape-rencontre-un-futur-ex-president\/#breadcrumb\",\"itemListElement\":[{\"@type\":\"ListItem\",\"position\":1,\"name\":\"Accueil\",\"item\":\"https:\/\/legrandcontinent.eu\/fr\/\"},{\"@type\":\"ListItem\",\"position\":2,\"name\":\"Emmanuel Macron au Vatican&#160;: un nouveau pape rencontre un futur ex-pr\u00e9sident\u00a0\"}]},{\"@type\":\"WebSite\",\"@id\":\"https:\/\/legrandcontinent.eu\/fr\/#website\",\"url\":\"https:\/\/legrandcontinent.eu\/fr\/\",\"name\":\"Le Grand Continent\",\"description\":\"L&#039;\u00e9chelle pertinente\",\"potentialAction\":[{\"@type\":\"SearchAction\",\"target\":{\"@type\":\"EntryPoint\",\"urlTemplate\":\"https:\/\/legrandcontinent.eu\/fr\/?s={search_term_string}\"},\"query-input\":{\"@type\":\"PropertyValueSpecification\",\"valueRequired\":true,\"valueName\":\"search_term_string\"}}],\"inLanguage\":\"fr-FR\"},{\"@type\":\"Person\",\"@id\":\"https:\/\/legrandcontinent.eu\/fr\/#\/schema\/person\/bee86896b403754f76b6b1515ff0b697\",\"name\":\"Ramona Bloj\",\"image\":{\"@type\":\"ImageObject\",\"inLanguage\":\"fr-FR\",\"@id\":\"https:\/\/legrandcontinent.eu\/fr\/#\/schema\/person\/image\/\",\"url\":\"https:\/\/secure.gravatar.com\/avatar\/c1d91adb7c4c1eed266b81c0f9915707?s=96&d=mm&r=g\",\"contentUrl\":\"https:\/\/secure.gravatar.com\/avatar\/c1d91adb7c4c1eed266b81c0f9915707?s=96&d=mm&r=g\",\"caption\":\"Ramona Bloj\"}}]}<\/script>\n<!-- \/ Yoast SEO plugin. -->","yoast_head_json":{"title":"Emmanuel Macron au Vatican : un nouveau pape rencontre un futur ex-pr\u00e9sident","robots":{"index":"index","follow":"follow","max-snippet":"max-snippet:-1","max-image-preview":"max-image-preview:large","max-video-preview":"max-video-preview:-1"},"canonical":"https:\/\/legrandcontinent.eu\/fr\/2026\/04\/11\/emmanuel-macron-au-vatican-un-nouveau-pape-rencontre-un-futur-ex-president\/","og_locale":"fr_FR","og_type":"article","og_title":"Emmanuel Macron au Vatican : un nouveau pape rencontre un futur ex-pr\u00e9sident","og_description":"Le pr\u00e9sident fran\u00e7ais s'est rendu vendredi 10 avril au Vatican pour sa cinqui\u00e8me visite officielle au Saint-Si\u00e8ge.   Jean-Beno\u00eet Poulle revient sur les principaux moments de cette audience, qui pourrait annoncer une prochaine visite du pape L\u00e9on XIV en France.","og_url":"https:\/\/legrandcontinent.eu\/fr\/2026\/04\/11\/emmanuel-macron-au-vatican-un-nouveau-pape-rencontre-un-futur-ex-president\/","og_site_name":"Le Grand Continent","article_published_time":"2026-04-11T17:08:08+00:00","article_modified_time":"2026-04-11T17:08:12+00:00","og_image":[{"width":990,"height":570,"url":"https:\/\/legrandcontinent.eu\/fr\/wp-content\/uploads\/sites\/2\/2026\/04\/Sans-titre-19-990x570.png","type":"image\/png"}],"author":"Ramona Bloj","twitter_card":"summary_large_image","twitter_image":"https:\/\/legrandcontinent.eu\/fr\/wp-content\/uploads\/sites\/2\/2026\/04\/Sans-titre-19.png","twitter_misc":{"\u00c9crit par":"Ramona Bloj","Dur\u00e9e de lecture estim\u00e9e":"7 minutes"},"schema":{"@context":"https:\/\/schema.org","@graph":[{"@type":"WebPage","@id":"https:\/\/legrandcontinent.eu\/fr\/2026\/04\/11\/emmanuel-macron-au-vatican-un-nouveau-pape-rencontre-un-futur-ex-president\/","url":"https:\/\/legrandcontinent.eu\/fr\/2026\/04\/11\/emmanuel-macron-au-vatican-un-nouveau-pape-rencontre-un-futur-ex-president\/","name":"Emmanuel Macron au Vatican : un nouveau pape rencontre un futur ex-pr\u00e9sident","isPartOf":{"@id":"https:\/\/legrandcontinent.eu\/fr\/#website"},"primaryImageOfPage":{"@id":"https:\/\/legrandcontinent.eu\/fr\/2026\/04\/11\/emmanuel-macron-au-vatican-un-nouveau-pape-rencontre-un-futur-ex-president\/#primaryimage"},"image":{"@id":"https:\/\/legrandcontinent.eu\/fr\/2026\/04\/11\/emmanuel-macron-au-vatican-un-nouveau-pape-rencontre-un-futur-ex-president\/#primaryimage"},"thumbnailUrl":"https:\/\/legrandcontinent.eu\/fr\/wp-content\/uploads\/sites\/2\/2026\/04\/SIPA_01262848_000006-scaled.jpg","datePublished":"2026-04-11T17:08:08+00:00","dateModified":"2026-04-11T17:08:12+00:00","author":{"@id":"https:\/\/legrandcontinent.eu\/fr\/#\/schema\/person\/bee86896b403754f76b6b1515ff0b697"},"breadcrumb":{"@id":"https:\/\/legrandcontinent.eu\/fr\/2026\/04\/11\/emmanuel-macron-au-vatican-un-nouveau-pape-rencontre-un-futur-ex-president\/#breadcrumb"},"inLanguage":"fr-FR","potentialAction":[{"@type":"ReadAction","target":["https:\/\/legrandcontinent.eu\/fr\/2026\/04\/11\/emmanuel-macron-au-vatican-un-nouveau-pape-rencontre-un-futur-ex-president\/"]}]},{"@type":"ImageObject","inLanguage":"fr-FR","@id":"https:\/\/legrandcontinent.eu\/fr\/2026\/04\/11\/emmanuel-macron-au-vatican-un-nouveau-pape-rencontre-un-futur-ex-president\/#primaryimage","url":"https:\/\/legrandcontinent.eu\/fr\/wp-content\/uploads\/sites\/2\/2026\/04\/SIPA_01262848_000006-scaled.jpg","contentUrl":"https:\/\/legrandcontinent.eu\/fr\/wp-content\/uploads\/sites\/2\/2026\/04\/SIPA_01262848_000006-scaled.jpg","width":2560,"height":1707,"caption":"Italie, Rome, Vatican, 10 avril 2026. Le pape L\u00e9on XIV re\u00e7oit le pr\u00e9sident fran\u00e7ais Emmanuel Macron et son \u00e9pouse Brigitte Macron lors d'une audience priv\u00e9e. Photo : VATICAN MEDIA\/ Catholic Press Photo R\u00c9SERV\u00c9 \u00c0 UN USAGE\u00c9DITORIAL - PAS DE MARKETING - PAS DE CAMPAGNES PUBLICITAIRES.\/\/IPAPRESSITALY_ipa1761\/Cr\u00e9dit : VATICAN MEDIA \/ \/ ipa-age\/SIPA\/2604101356"},{"@type":"BreadcrumbList","@id":"https:\/\/legrandcontinent.eu\/fr\/2026\/04\/11\/emmanuel-macron-au-vatican-un-nouveau-pape-rencontre-un-futur-ex-president\/#breadcrumb","itemListElement":[{"@type":"ListItem","position":1,"name":"Accueil","item":"https:\/\/legrandcontinent.eu\/fr\/"},{"@type":"ListItem","position":2,"name":"Emmanuel Macron au Vatican&#160;: un nouveau pape rencontre un futur ex-pr\u00e9sident\u00a0"}]},{"@type":"WebSite","@id":"https:\/\/legrandcontinent.eu\/fr\/#website","url":"https:\/\/legrandcontinent.eu\/fr\/","name":"Le Grand Continent","description":"L&#039;\u00e9chelle pertinente","potentialAction":[{"@type":"SearchAction","target":{"@type":"EntryPoint","urlTemplate":"https:\/\/legrandcontinent.eu\/fr\/?s={search_term_string}"},"query-input":{"@type":"PropertyValueSpecification","valueRequired":true,"valueName":"search_term_string"}}],"inLanguage":"fr-FR"},{"@type":"Person","@id":"https:\/\/legrandcontinent.eu\/fr\/#\/schema\/person\/bee86896b403754f76b6b1515ff0b697","name":"Ramona Bloj","image":{"@type":"ImageObject","inLanguage":"fr-FR","@id":"https:\/\/legrandcontinent.eu\/fr\/#\/schema\/person\/image\/","url":"https:\/\/secure.gravatar.com\/avatar\/c1d91adb7c4c1eed266b81c0f9915707?s=96&d=mm&r=g","contentUrl":"https:\/\/secure.gravatar.com\/avatar\/c1d91adb7c4c1eed266b81c0f9915707?s=96&d=mm&r=g","caption":"Ramona Bloj"}}]}},"lgc_categories":[{"id":2157,"name":"Religion","slug":"religion"}],"lgc_author":{"id":2156,"name":"Jean-Beno\u00eet Poulle","slug":"jean-benoit-poulle","description":null,"first_name":"Jean-Beno\u00eet","last_name":"Poulle","picture":{"url":"https:\/\/legrandcontinent.eu\/fr\/wp-content\/uploads\/sites\/2\/2023\/09\/1600007532804.png","width":576,"height":592,"alt":""}},"feature_image_summary":{"url":"https:\/\/legrandcontinent.eu\/fr\/wp-content\/uploads\/sites\/2\/2026\/04\/SIPA_01262848_000006-scaled.jpg","width":2560,"height":1707,"alt":""},"feature_image_cover":null,"term_position_data":null,"_links":{"self":[{"href":"https:\/\/legrandcontinent.eu\/fr\/wp-json\/wp\/v2\/posts\/326804","targetHints":{"allow":["GET"]}}],"collection":[{"href":"https:\/\/legrandcontinent.eu\/fr\/wp-json\/wp\/v2\/posts"}],"about":[{"href":"https:\/\/legrandcontinent.eu\/fr\/wp-json\/wp\/v2\/types\/post"}],"author":[{"embeddable":true,"href":"https:\/\/legrandcontinent.eu\/fr\/wp-json\/wp\/v2\/users\/40"}],"replies":[{"embeddable":true,"href":"https:\/\/legrandcontinent.eu\/fr\/wp-json\/wp\/v2\/comments?post=326804"}],"version-history":[{"count":6,"href":"https:\/\/legrandcontinent.eu\/fr\/wp-json\/wp\/v2\/posts\/326804\/revisions"}],"predecessor-version":[{"id":326830,"href":"https:\/\/legrandcontinent.eu\/fr\/wp-json\/wp\/v2\/posts\/326804\/revisions\/326830"}],"wp:featuredmedia":[{"embeddable":true,"href":"https:\/\/legrandcontinent.eu\/fr\/wp-json\/wp\/v2\/media\/326805"}],"wp:attachment":[{"href":"https:\/\/legrandcontinent.eu\/fr\/wp-json\/wp\/v2\/media?parent=326804"}],"wp:term":[{"taxonomy":"category","embeddable":true,"href":"https:\/\/legrandcontinent.eu\/fr\/wp-json\/wp\/v2\/categories?post=326804"},{"taxonomy":"post_tag","embeddable":true,"href":"https:\/\/legrandcontinent.eu\/fr\/wp-json\/wp\/v2\/tags?post=326804"},{"taxonomy":"staff","embeddable":true,"href":"https:\/\/legrandcontinent.eu\/fr\/wp-json\/wp\/v2\/staff?post=326804"},{"taxonomy":"editorial_format","embeddable":true,"href":"https:\/\/legrandcontinent.eu\/fr\/wp-json\/wp\/v2\/editorial_format?post=326804"},{"taxonomy":"serie","embeddable":true,"href":"https:\/\/legrandcontinent.eu\/fr\/wp-json\/wp\/v2\/serie?post=326804"},{"taxonomy":"audience","embeddable":true,"href":"https:\/\/legrandcontinent.eu\/fr\/wp-json\/wp\/v2\/audience?post=326804"},{"taxonomy":"geo","embeddable":true,"href":"https:\/\/legrandcontinent.eu\/fr\/wp-json\/wp\/v2\/geo?post=326804"}],"curies":[{"name":"wp","href":"https:\/\/api.w.org\/{rel}","templated":true}]}}