{"id":326694,"date":"2026-04-11T13:30:00","date_gmt":"2026-04-11T11:30:00","guid":{"rendered":"https:\/\/legrandcontinent.eu\/fr\/?p=326694"},"modified":"2026-04-10T20:52:12","modified_gmt":"2026-04-10T18:52:12","slug":"apres-le-cessez-le-feu-de-paques-en-ukraine-un-accord-de-paix-est-il-desormais-envisageable","status":"publish","type":"post","link":"https:\/\/legrandcontinent.eu\/fr\/2026\/04\/11\/apres-le-cessez-le-feu-de-paques-en-ukraine-un-accord-de-paix-est-il-desormais-envisageable\/","title":{"rendered":"Apr\u00e8s le cessez-le-feu de P\u00e2ques en Ukraine, un accord de paix est-il d\u00e9sormais envisageable&#160;?"},"content":{"rendered":"\n<p>Jeudi 9 avril, Vladimir Poutine a d\u00e9cr\u00e9t\u00e9 une tr\u00eave pour le week-end de la P\u00e2ques orthodoxe en Ukraine. Celui-ci devrait d\u00e9buter aujourd\u2019hui \u00e0 15h (Paris), et expirer demain soir, dimanche 12 avril, \u00e0 23h&nbsp;<span class='whitespace-nowrap'><span id='easy-footnote-1-326694' class='easy-footnote-margin-adjust'><\/span><span class='easy-footnote'><a href='https:\/\/legrandcontinent.eu\/fr\/2026\/04\/11\/apres-le-cessez-le-feu-de-paques-en-ukraine-un-accord-de-paix-est-il-desormais-envisageable\/#easy-footnote-bottom-1-326694' title='\u00a0&lt;a href=&quot;http:\/\/kremlin.ru\/events\/president\/news\/79517&quot;&gt;\u0420\u0435\u0448\u0435\u043d\u0438\u0435\u043c \u041f\u0440\u0435\u0437\u0438\u0434\u0435\u043d\u0442\u0430 \u0420\u043e\u0441\u0441\u0438\u0438 \u0432 \u0441\u0432\u044f\u0437\u0438 \u0441 \u043f\u0440\u0438\u0431\u043b\u0438\u0436\u0430\u044e\u0449\u0438\u043c\u0441\u044f \u043f\u0440\u0430\u0432\u043e\u0441\u043b\u0430\u0432\u043d\u044b\u043c \u043f\u0440\u0430\u0437\u0434\u043d\u0438\u043a\u043e\u043c \u041f\u0430\u0441\u0445\u0438 (\u0421\u0432\u0435\u0442\u043b\u043e\u0433\u043e \u0425\u0440\u0438\u0441\u0442\u043e\u0432\u0430 \u0412\u043e\u0441\u043a\u0440\u0435\u0441\u0435\u043d\u0438\u044f) \u043e\u0431\u044a\u044f\u0432\u043b\u044f\u0435\u0442\u0441\u044f \u043f\u0435\u0440\u0435\u043c\u0438\u0440\u0438\u0435&lt;\/a&gt;, Kremlin, 9 avril 2026.'><sup>1<\/sup><\/a><\/span><\/span>. Lors d\u2019<a href=\"https:\/\/legrandcontinent.eu\/fr\/2025\/04\/20\/donald-trump-nest-pas-parvenu-a-obtenir-un-cessez-le-feu-en-ukraine-pour-paques\/\">un cessez-le-feu temporaire similaire l\u2019an dernier<\/a>, Zelensky avait accus\u00e9 l\u2019arm\u00e9e russe de l\u2019avoir viol\u00e9 \u00e0 3 000 reprises.<\/p>\n\n\n\n<ul class=\"wp-block-list\">\n<li>Le pr\u00e9sident ukrainien a propos\u00e9 \u00e0 plusieurs reprises de cesser les combats durant le week-end de P\u00e2ques.<\/li>\n\n\n\n<li>Le 30 mars, il avait d\u00e9clar\u00e9 que Kiev \u00e9tait dispos\u00e9 \u00e0 respecter un cessez-le-feu sur le terrain ainsi qu\u2019une tr\u00eave \u00e9nerg\u00e9tique.<\/li>\n\n\n\n<li>Jeudi 9 mars, peu de temps apr\u00e8s l\u2019annonce de Poutine, il a d\u00e9clar\u00e9 que l\u2019arm\u00e9e ukrainienne \u00ab&#160;agira en cons\u00e9quences&#160;\u00bb. Il ajoutait&#160;: \u00ab&#160;la Russie a \u00e9galement la possibilit\u00e9 de ne pas reprendre les frappes apr\u00e8s P\u00e2ques&#160;\u00bb.<\/li>\n<\/ul>\n\n\n\n<figure class=\"wp-block-embed is-type-rich is-provider-twitter wp-block-embed-twitter\"><div class=\"wp-block-embed__wrapper\">\n<blockquote class=\"twitter-tweet\" data-width=\"550\" data-dnt=\"true\"><p lang=\"en\" dir=\"ltr\">Ukraine has repeatedly stated that we are ready for symmetrical steps. We proposed a ceasefire during the Easter holidays this year and will act accordingly. People need an Easter free from threats and real movement toward peace, and Russia has a chance not to return to strikes\u2026<\/p>&mdash; Volodymyr Zelenskyy \/ \u0412\u043e\u043b\u043e\u0434\u0438\u043c\u0438\u0440 \u0417\u0435\u043b\u0435\u043d\u0441\u044c\u043a\u0438\u0439 (@ZelenskyyUa) <a href=\"https:\/\/twitter.com\/ZelenskyyUa\/status\/2042349718186180839?ref_src=twsrc%5Etfw\">April 9, 2026<\/a><\/blockquote><script async src=\"https:\/\/platform.twitter.com\/widgets.js\" charset=\"utf-8\"><\/script>\n<\/div><\/figure>\n\n\n\n<p>Hier, vendredi 10, le directeur de cabinet de Zelensky, Kyrylo Boudanov, a d\u00e9clar\u00e9 que les n\u00e9gociateurs am\u00e9ricains se \u00ab&#160;rapprochaient peu \u00e0 peu&#160;\u00bb d\u2019un accord de paix avec la Russie.<\/p>\n\n\n\n<p>Il ajoutait, \u00e0 propos de la Russie&#160;: \u00ab&#160;Ils comprennent tous que la guerre doit prendre fin. C&rsquo;est pourquoi ils n\u00e9gocient [&#8230;] Je ne pense pas que cela prendra beaucoup de temps&#160;\u00bb&nbsp;<span class='whitespace-nowrap'><span id='easy-footnote-2-326694' class='easy-footnote-margin-adjust'><\/span><span class='easy-footnote'><a href='https:\/\/legrandcontinent.eu\/fr\/2026\/04\/11\/apres-le-cessez-le-feu-de-paques-en-ukraine-un-accord-de-paix-est-il-desormais-envisageable\/#easy-footnote-bottom-2-326694' title='Volodymyr Verbianyi et Olesia Safronova, \u00ab&amp;#160;&lt;a href=&quot;https:\/\/www.bloomberg.com\/news\/articles\/2026-04-10\/zelenskiy-s-top-aide-sees-ukraine-nearing-a-deal-with-putin&quot;&gt;Zelenskiy\u2019s Top Aide Sees Ukraine Nearing a Deal With Putin&lt;\/a&gt;&amp;#160;\u00bb, &lt;em&gt;Bloomberg&lt;\/em&gt;, 10 avril 2026.'><sup>2<\/sup><\/a><\/span><\/span>.<\/p>\n\n\n\n<ul class=\"wp-block-list\">\n<li>Selon Boudanov, les \u00e9missaires de Trump, Steve Witkoff et Jared Kushner, devraient se rendre \u00e0 Kiev pour un nouveau cycle de discussions au cours du mois d\u2019avril. Cette visite pourrait intervenir \u00ab&#160;peu de temps apr\u00e8s P\u00e2ques&#160;\u00bb, et inclure le s\u00e9nateur r\u00e9publicain et proche de Trump, Lindsey Graham.<\/li>\n\n\n\n<li>Zelensky semble toutefois plus dubitatif quant \u00e0 une reprise des pourparlers trilat\u00e9raux, qui ont largement pris fin depuis le lancement de la guerre contre l\u2019Iran, il y a plus d\u2019un mois&nbsp;<span class='whitespace-nowrap'><span id='easy-footnote-3-326694' class='easy-footnote-margin-adjust'><\/span><span class='easy-footnote'><a href='https:\/\/legrandcontinent.eu\/fr\/2026\/04\/11\/apres-le-cessez-le-feu-de-paques-en-ukraine-un-accord-de-paix-est-il-desormais-envisageable\/#easy-footnote-bottom-3-326694' title='Kateryna Denisova, \u00ab&amp;#160;&lt;a href=&quot;https:\/\/kyivindependent.com\/witkoff-kushner-visit-to-ukraine-in-question-as-trilateral-peace-talks\/&quot;&gt;Witkoff-Kushner visit to Ukraine in doubt as trilateral peace talks could resume, Zelensky says&lt;\/a&gt;&amp;#160;\u00bb, &lt;em&gt;The Kyiv Independent&lt;\/em&gt;, 10 avril 2026.'><sup>3<\/sup><\/a><\/span><\/span>.<\/li>\n\n\n\n<li>Witkoff et Kushner se trouveront aujourd\u2019hui, samedi 11, aux c\u00f4t\u00e9s de J.D. Vance \u00e0 Islamabad pour des n\u00e9gociations avec des repr\u00e9sentants iraniens. S\u2019il s\u2019est rendu \u00e0 plusieurs reprises \u00e0 Moscou, Witkoff ne s\u2019est jamais rendu \u00e0 Kiev depuis sa nomination comme \u00ab&#160;envoy\u00e9 sp\u00e9cial&#160;\u00bb de Trump, en 2025.<\/li>\n<\/ul>\n\n\n\n<div class=\"iframe-container wp-block-image wp-block-image-medium  iframe-dw\">\n\t<div>\n\t\t<iframe class=\"absolute w-full h-full pin-t pin-l\" title=\"titolo\" aria-label=\"Interactive line chart\" src=\"\/\/datawrapper.dwcdn.net\/oq8BK\/\" scrolling=\"no\" frameborder=\"0\"><\/iframe>\n\t<\/div>\n<\/div>\n\n\n\n<p><a href=\"https:\/\/legrandcontinent.eu\/fr\/2025\/05\/09\/pourquoi-la-russie-viole-t-elle-ses-propres-cessez-le-feu\/\">Le Kremlin a viol\u00e9 toutes les pr\u00e9c\u00e9dentes tr\u00eaves<\/a>&#160;: pour la P\u00e2ques orthodoxe l\u2019an dernier, mais aussi sur les frappes visant les infrastructures \u00e9nerg\u00e9tiques en mars, puis en mai, \u00e0 l\u2019occasion des c\u00e9l\u00e9brations organis\u00e9es \u00e0 Moscou pour comm\u00e9morer les 80 ans de la fin de la Seconde Guerre mondiale.<\/p>\n\n\n\n<ul class=\"wp-block-list\">\n<li>Selon The European Correspondent, depuis 2014, Moscou a viol\u00e9 plus de 25 cessez-le-feu officiels&nbsp;<span class='whitespace-nowrap'><span id='easy-footnote-4-326694' class='easy-footnote-margin-adjust'><\/span><span class='easy-footnote'><a href='https:\/\/legrandcontinent.eu\/fr\/2026\/04\/11\/apres-le-cessez-le-feu-de-paques-en-ukraine-un-accord-de-paix-est-il-desormais-envisageable\/#easy-footnote-bottom-4-326694' title='Annas Sas, \u00ab&amp;#160;&lt;a href=&quot;https:\/\/europeancorrespondent.com\/en\/r\/every-time-russia-has-broken-its-ceasefire-promises&quot;&gt;Every time Russia has broken its ceasefire promises&lt;\/a&gt;&amp;#160;\u00bb, &lt;em&gt;The European Correspondent&lt;\/em&gt;, 26 mars 2025.'><sup>4<\/sup><\/a><\/span><\/span>.<\/li>\n\n\n\n<li>Les donn\u00e9es compil\u00e9es par l\u2019Uppsala Conflict Data Program (UCDP) montrent que moins de la moiti\u00e9 (46&#160;%) des 63 conflits pris en compte ayant eu lieu au cours de la p\u00e9riode 1946-2005 <a href=\"https:\/\/legrandcontinent.eu\/fr\/2024\/09\/25\/comment-finissent-les-guerres\/\">se sont sold\u00e9s par un cessez-le-feu<\/a> ou un accord de paix.<\/li>\n\n\n\n<li>Seulement un conflit sur cinq (21&#160;%) d\u00e9bouche sur un sc\u00e9nario de gagnant\/perdant, tandis qu\u2019un tiers (33&#160;%) se solde par une situation floue dans laquelle aucun accord de paix ou victoire claire n\u2019\u00e9merge.<\/li>\n<\/ul>\n","protected":false},"excerpt":{"rendered":"<p>Volodymyr Zelensky et Vladimir Poutine ont tous deux accept\u00e9  la mise en place d\u2019une tr\u00eave dans les combats \u00e0 l\u2019occasion du week-end de la P\u00e2ques orthodoxe.<\/p>\n<p>Celle-ci devrait prendre fin demain soir, dimanche, \u00e0 23h, selon une d\u00e9claration du Kremlin.<\/p>\n","protected":false},"author":40,"featured_media":326695,"comment_status":"closed","ping_status":"closed","sticky":false,"template":"templates\/post-briefings.php","format":"standard","meta":{"_acf_changed":true,"_trash_the_other_posts":false,"_yoast_wpseo_estimated-reading-time-minutes":3,"footnotes":""},"categories":[3116],"tags":[],"staff":[],"editorial_format":[4850],"serie":[],"audience":[],"geo":[1917],"class_list":["post-326694","post","type-post","status-publish","format-standard","hentry","category-la-guerre-en-ukraine-au-jour-le-jour","editorial_format-briefings","geo-europe"],"acf":{"open_in_webview":false,"accent":"default","_thumbnail_id":326695,"excerpt":"Volodymyr Zelensky et Vladimir Poutine ont tous deux accept\u00e9  la mise en place d\u2019une tr\u00eave dans les combats \u00e0 l\u2019occasion du week-end de la P\u00e2ques orthodoxe.\r\n\r\nCelle-ci devrait prendre fin demain soir, dimanche, \u00e0 23h, selon une d\u00e9claration du Kremlin.","display_date":"","new_abstract":true},"yoast_head":"<!-- This site is optimized with the Yoast SEO plugin v26.1.1 - https:\/\/yoast.com\/wordpress\/plugins\/seo\/ -->\n<title>Apr\u00e8s le cessez-le-feu de P\u00e2ques en Ukraine, un accord de paix est-il d\u00e9sormais envisageable ?<\/title>\n<meta name=\"robots\" content=\"index, follow, max-snippet:-1, max-image-preview:large, max-video-preview:-1\" \/>\n<link rel=\"canonical\" href=\"https:\/\/legrandcontinent.eu\/fr\/2026\/04\/11\/apres-le-cessez-le-feu-de-paques-en-ukraine-un-accord-de-paix-est-il-desormais-envisageable\/\" \/>\n<meta property=\"og:locale\" content=\"fr_FR\" \/>\n<meta property=\"og:type\" content=\"article\" \/>\n<meta property=\"og:title\" content=\"Apr\u00e8s le cessez-le-feu de P\u00e2ques en Ukraine, un accord de paix est-il d\u00e9sormais envisageable ?\" \/>\n<meta property=\"og:description\" content=\"Volodymyr Zelensky et Vladimir Poutine ont tous deux accept\u00e9 la mise en place d\u2019une tr\u00eave dans les combats \u00e0 l\u2019occasion du week-end de la P\u00e2ques orthodoxe.  Celle-ci devrait prendre fin demain soir, dimanche, \u00e0 23h, selon une d\u00e9claration du Kremlin.\" \/>\n<meta property=\"og:url\" content=\"https:\/\/legrandcontinent.eu\/fr\/2026\/04\/11\/apres-le-cessez-le-feu-de-paques-en-ukraine-un-accord-de-paix-est-il-desormais-envisageable\/\" \/>\n<meta property=\"og:site_name\" content=\"Le Grand Continent\" \/>\n<meta property=\"article:published_time\" content=\"2026-04-11T11:30:00+00:00\" \/>\n<meta property=\"og:image\" content=\"https:\/\/legrandcontinent.eu\/fr\/wp-content\/uploads\/sites\/2\/2026\/04\/Sans-titre-16-990x571.png\" \/>\n\t<meta property=\"og:image:width\" content=\"990\" \/>\n\t<meta property=\"og:image:height\" content=\"571\" \/>\n\t<meta property=\"og:image:type\" content=\"image\/png\" \/>\n<meta name=\"author\" content=\"Ramona Bloj\" \/>\n<meta name=\"twitter:card\" content=\"summary_large_image\" \/>\n<meta name=\"twitter:image\" content=\"https:\/\/legrandcontinent.eu\/fr\/wp-content\/uploads\/sites\/2\/2026\/04\/Sans-titre-16.png\" \/>\n<meta name=\"twitter:label1\" content=\"\u00c9crit par\" \/>\n\t<meta name=\"twitter:data1\" content=\"Ramona Bloj\" \/>\n\t<meta name=\"twitter:label2\" content=\"Dur\u00e9e de lecture estim\u00e9e\" \/>\n\t<meta name=\"twitter:data2\" content=\"3 minutes\" \/>\n<script type=\"application\/ld+json\" class=\"yoast-schema-graph\">{\"@context\":\"https:\/\/schema.org\",\"@graph\":[{\"@type\":\"WebPage\",\"@id\":\"https:\/\/legrandcontinent.eu\/fr\/2026\/04\/11\/apres-le-cessez-le-feu-de-paques-en-ukraine-un-accord-de-paix-est-il-desormais-envisageable\/\",\"url\":\"https:\/\/legrandcontinent.eu\/fr\/2026\/04\/11\/apres-le-cessez-le-feu-de-paques-en-ukraine-un-accord-de-paix-est-il-desormais-envisageable\/\",\"name\":\"Apr\u00e8s le cessez-le-feu de P\u00e2ques en Ukraine, un accord de paix est-il d\u00e9sormais envisageable ?\",\"isPartOf\":{\"@id\":\"https:\/\/legrandcontinent.eu\/fr\/#website\"},\"primaryImageOfPage\":{\"@id\":\"https:\/\/legrandcontinent.eu\/fr\/2026\/04\/11\/apres-le-cessez-le-feu-de-paques-en-ukraine-un-accord-de-paix-est-il-desormais-envisageable\/#primaryimage\"},\"image\":{\"@id\":\"https:\/\/legrandcontinent.eu\/fr\/2026\/04\/11\/apres-le-cessez-le-feu-de-paques-en-ukraine-un-accord-de-paix-est-il-desormais-envisageable\/#primaryimage\"},\"thumbnailUrl\":\"https:\/\/legrandcontinent.eu\/fr\/wp-content\/uploads\/sites\/2\/2026\/04\/SIPA_01263011_000035-scaled.jpg\",\"datePublished\":\"2026-04-11T11:30:00+00:00\",\"author\":{\"@id\":\"https:\/\/legrandcontinent.eu\/fr\/#\/schema\/person\/bee86896b403754f76b6b1515ff0b697\"},\"breadcrumb\":{\"@id\":\"https:\/\/legrandcontinent.eu\/fr\/2026\/04\/11\/apres-le-cessez-le-feu-de-paques-en-ukraine-un-accord-de-paix-est-il-desormais-envisageable\/#breadcrumb\"},\"inLanguage\":\"fr-FR\",\"potentialAction\":[{\"@type\":\"ReadAction\",\"target\":[\"https:\/\/legrandcontinent.eu\/fr\/2026\/04\/11\/apres-le-cessez-le-feu-de-paques-en-ukraine-un-accord-de-paix-est-il-desormais-envisageable\/\"]}]},{\"@type\":\"ImageObject\",\"inLanguage\":\"fr-FR\",\"@id\":\"https:\/\/legrandcontinent.eu\/fr\/2026\/04\/11\/apres-le-cessez-le-feu-de-paques-en-ukraine-un-accord-de-paix-est-il-desormais-envisageable\/#primaryimage\",\"url\":\"https:\/\/legrandcontinent.eu\/fr\/wp-content\/uploads\/sites\/2\/2026\/04\/SIPA_01263011_000035-scaled.jpg\",\"contentUrl\":\"https:\/\/legrandcontinent.eu\/fr\/wp-content\/uploads\/sites\/2\/2026\/04\/SIPA_01263011_000035-scaled.jpg\",\"width\":2560,\"height\":1707,\"caption\":\"Le p\u00e8re Stepan, aum\u00f4nier militaire, b\u00e9nit un soldat avant une mission de combat dans la r\u00e9gion de Zaporijia, en Ukraine, le 8 avril 2026. (Photo de Dmytro Smolienko\/Ukrinform)\/\/UKRINFORMAGENCY_ukr1799\/Cr\u00e9dit : Dmytro Smolienko\/UKRINFOR\/SIPA\/2604101733\"},{\"@type\":\"BreadcrumbList\",\"@id\":\"https:\/\/legrandcontinent.eu\/fr\/2026\/04\/11\/apres-le-cessez-le-feu-de-paques-en-ukraine-un-accord-de-paix-est-il-desormais-envisageable\/#breadcrumb\",\"itemListElement\":[{\"@type\":\"ListItem\",\"position\":1,\"name\":\"Accueil\",\"item\":\"https:\/\/legrandcontinent.eu\/fr\/\"},{\"@type\":\"ListItem\",\"position\":2,\"name\":\"Apr\u00e8s le cessez-le-feu de P\u00e2ques en Ukraine, un accord de paix est-il d\u00e9sormais envisageable&#160;?\"}]},{\"@type\":\"WebSite\",\"@id\":\"https:\/\/legrandcontinent.eu\/fr\/#website\",\"url\":\"https:\/\/legrandcontinent.eu\/fr\/\",\"name\":\"Le Grand Continent\",\"description\":\"L&#039;\u00e9chelle pertinente\",\"potentialAction\":[{\"@type\":\"SearchAction\",\"target\":{\"@type\":\"EntryPoint\",\"urlTemplate\":\"https:\/\/legrandcontinent.eu\/fr\/?s={search_term_string}\"},\"query-input\":{\"@type\":\"PropertyValueSpecification\",\"valueRequired\":true,\"valueName\":\"search_term_string\"}}],\"inLanguage\":\"fr-FR\"},{\"@type\":\"Person\",\"@id\":\"https:\/\/legrandcontinent.eu\/fr\/#\/schema\/person\/bee86896b403754f76b6b1515ff0b697\",\"name\":\"Ramona Bloj\",\"image\":{\"@type\":\"ImageObject\",\"inLanguage\":\"fr-FR\",\"@id\":\"https:\/\/legrandcontinent.eu\/fr\/#\/schema\/person\/image\/\",\"url\":\"https:\/\/secure.gravatar.com\/avatar\/c1d91adb7c4c1eed266b81c0f9915707?s=96&d=mm&r=g\",\"contentUrl\":\"https:\/\/secure.gravatar.com\/avatar\/c1d91adb7c4c1eed266b81c0f9915707?s=96&d=mm&r=g\",\"caption\":\"Ramona Bloj\"}}]}<\/script>\n<!-- \/ Yoast SEO plugin. -->","yoast_head_json":{"title":"Apr\u00e8s le cessez-le-feu de P\u00e2ques en Ukraine, un accord de paix est-il d\u00e9sormais envisageable ?","robots":{"index":"index","follow":"follow","max-snippet":"max-snippet:-1","max-image-preview":"max-image-preview:large","max-video-preview":"max-video-preview:-1"},"canonical":"https:\/\/legrandcontinent.eu\/fr\/2026\/04\/11\/apres-le-cessez-le-feu-de-paques-en-ukraine-un-accord-de-paix-est-il-desormais-envisageable\/","og_locale":"fr_FR","og_type":"article","og_title":"Apr\u00e8s le cessez-le-feu de P\u00e2ques en Ukraine, un accord de paix est-il d\u00e9sormais envisageable ?","og_description":"Volodymyr Zelensky et Vladimir Poutine ont tous deux accept\u00e9 la mise en place d\u2019une tr\u00eave dans les combats \u00e0 l\u2019occasion du week-end de la P\u00e2ques orthodoxe.  Celle-ci devrait prendre fin demain soir, dimanche, \u00e0 23h, selon une d\u00e9claration du Kremlin.","og_url":"https:\/\/legrandcontinent.eu\/fr\/2026\/04\/11\/apres-le-cessez-le-feu-de-paques-en-ukraine-un-accord-de-paix-est-il-desormais-envisageable\/","og_site_name":"Le Grand Continent","article_published_time":"2026-04-11T11:30:00+00:00","og_image":[{"width":990,"height":571,"url":"https:\/\/legrandcontinent.eu\/fr\/wp-content\/uploads\/sites\/2\/2026\/04\/Sans-titre-16-990x571.png","type":"image\/png"}],"author":"Ramona Bloj","twitter_card":"summary_large_image","twitter_image":"https:\/\/legrandcontinent.eu\/fr\/wp-content\/uploads\/sites\/2\/2026\/04\/Sans-titre-16.png","twitter_misc":{"\u00c9crit par":"Ramona Bloj","Dur\u00e9e de lecture estim\u00e9e":"3 minutes"},"schema":{"@context":"https:\/\/schema.org","@graph":[{"@type":"WebPage","@id":"https:\/\/legrandcontinent.eu\/fr\/2026\/04\/11\/apres-le-cessez-le-feu-de-paques-en-ukraine-un-accord-de-paix-est-il-desormais-envisageable\/","url":"https:\/\/legrandcontinent.eu\/fr\/2026\/04\/11\/apres-le-cessez-le-feu-de-paques-en-ukraine-un-accord-de-paix-est-il-desormais-envisageable\/","name":"Apr\u00e8s le cessez-le-feu de P\u00e2ques en Ukraine, un accord de paix est-il d\u00e9sormais envisageable ?","isPartOf":{"@id":"https:\/\/legrandcontinent.eu\/fr\/#website"},"primaryImageOfPage":{"@id":"https:\/\/legrandcontinent.eu\/fr\/2026\/04\/11\/apres-le-cessez-le-feu-de-paques-en-ukraine-un-accord-de-paix-est-il-desormais-envisageable\/#primaryimage"},"image":{"@id":"https:\/\/legrandcontinent.eu\/fr\/2026\/04\/11\/apres-le-cessez-le-feu-de-paques-en-ukraine-un-accord-de-paix-est-il-desormais-envisageable\/#primaryimage"},"thumbnailUrl":"https:\/\/legrandcontinent.eu\/fr\/wp-content\/uploads\/sites\/2\/2026\/04\/SIPA_01263011_000035-scaled.jpg","datePublished":"2026-04-11T11:30:00+00:00","author":{"@id":"https:\/\/legrandcontinent.eu\/fr\/#\/schema\/person\/bee86896b403754f76b6b1515ff0b697"},"breadcrumb":{"@id":"https:\/\/legrandcontinent.eu\/fr\/2026\/04\/11\/apres-le-cessez-le-feu-de-paques-en-ukraine-un-accord-de-paix-est-il-desormais-envisageable\/#breadcrumb"},"inLanguage":"fr-FR","potentialAction":[{"@type":"ReadAction","target":["https:\/\/legrandcontinent.eu\/fr\/2026\/04\/11\/apres-le-cessez-le-feu-de-paques-en-ukraine-un-accord-de-paix-est-il-desormais-envisageable\/"]}]},{"@type":"ImageObject","inLanguage":"fr-FR","@id":"https:\/\/legrandcontinent.eu\/fr\/2026\/04\/11\/apres-le-cessez-le-feu-de-paques-en-ukraine-un-accord-de-paix-est-il-desormais-envisageable\/#primaryimage","url":"https:\/\/legrandcontinent.eu\/fr\/wp-content\/uploads\/sites\/2\/2026\/04\/SIPA_01263011_000035-scaled.jpg","contentUrl":"https:\/\/legrandcontinent.eu\/fr\/wp-content\/uploads\/sites\/2\/2026\/04\/SIPA_01263011_000035-scaled.jpg","width":2560,"height":1707,"caption":"Le p\u00e8re Stepan, aum\u00f4nier militaire, b\u00e9nit un soldat avant une mission de combat dans la r\u00e9gion de Zaporijia, en Ukraine, le 8 avril 2026. (Photo de Dmytro Smolienko\/Ukrinform)\/\/UKRINFORMAGENCY_ukr1799\/Cr\u00e9dit : Dmytro Smolienko\/UKRINFOR\/SIPA\/2604101733"},{"@type":"BreadcrumbList","@id":"https:\/\/legrandcontinent.eu\/fr\/2026\/04\/11\/apres-le-cessez-le-feu-de-paques-en-ukraine-un-accord-de-paix-est-il-desormais-envisageable\/#breadcrumb","itemListElement":[{"@type":"ListItem","position":1,"name":"Accueil","item":"https:\/\/legrandcontinent.eu\/fr\/"},{"@type":"ListItem","position":2,"name":"Apr\u00e8s le cessez-le-feu de P\u00e2ques en Ukraine, un accord de paix est-il d\u00e9sormais envisageable&#160;?"}]},{"@type":"WebSite","@id":"https:\/\/legrandcontinent.eu\/fr\/#website","url":"https:\/\/legrandcontinent.eu\/fr\/","name":"Le Grand Continent","description":"L&#039;\u00e9chelle pertinente","potentialAction":[{"@type":"SearchAction","target":{"@type":"EntryPoint","urlTemplate":"https:\/\/legrandcontinent.eu\/fr\/?s={search_term_string}"},"query-input":{"@type":"PropertyValueSpecification","valueRequired":true,"valueName":"search_term_string"}}],"inLanguage":"fr-FR"},{"@type":"Person","@id":"https:\/\/legrandcontinent.eu\/fr\/#\/schema\/person\/bee86896b403754f76b6b1515ff0b697","name":"Ramona Bloj","image":{"@type":"ImageObject","inLanguage":"fr-FR","@id":"https:\/\/legrandcontinent.eu\/fr\/#\/schema\/person\/image\/","url":"https:\/\/secure.gravatar.com\/avatar\/c1d91adb7c4c1eed266b81c0f9915707?s=96&d=mm&r=g","contentUrl":"https:\/\/secure.gravatar.com\/avatar\/c1d91adb7c4c1eed266b81c0f9915707?s=96&d=mm&r=g","caption":"Ramona Bloj"}}]}},"lgc_categories":[{"id":3116,"name":"La guerre en Ukraine au jour le jour","slug":"la-guerre-en-ukraine-au-jour-le-jour"}],"lgc_author":null,"feature_image_summary":{"url":"https:\/\/legrandcontinent.eu\/fr\/wp-content\/uploads\/sites\/2\/2026\/04\/SIPA_01263011_000035-scaled.jpg","width":2560,"height":1707,"alt":""},"feature_image_cover":null,"term_position_data":null,"_links":{"self":[{"href":"https:\/\/legrandcontinent.eu\/fr\/wp-json\/wp\/v2\/posts\/326694","targetHints":{"allow":["GET"]}}],"collection":[{"href":"https:\/\/legrandcontinent.eu\/fr\/wp-json\/wp\/v2\/posts"}],"about":[{"href":"https:\/\/legrandcontinent.eu\/fr\/wp-json\/wp\/v2\/types\/post"}],"author":[{"embeddable":true,"href":"https:\/\/legrandcontinent.eu\/fr\/wp-json\/wp\/v2\/users\/40"}],"replies":[{"embeddable":true,"href":"https:\/\/legrandcontinent.eu\/fr\/wp-json\/wp\/v2\/comments?post=326694"}],"version-history":[{"count":7,"href":"https:\/\/legrandcontinent.eu\/fr\/wp-json\/wp\/v2\/posts\/326694\/revisions"}],"predecessor-version":[{"id":326752,"href":"https:\/\/legrandcontinent.eu\/fr\/wp-json\/wp\/v2\/posts\/326694\/revisions\/326752"}],"wp:featuredmedia":[{"embeddable":true,"href":"https:\/\/legrandcontinent.eu\/fr\/wp-json\/wp\/v2\/media\/326695"}],"wp:attachment":[{"href":"https:\/\/legrandcontinent.eu\/fr\/wp-json\/wp\/v2\/media?parent=326694"}],"wp:term":[{"taxonomy":"category","embeddable":true,"href":"https:\/\/legrandcontinent.eu\/fr\/wp-json\/wp\/v2\/categories?post=326694"},{"taxonomy":"post_tag","embeddable":true,"href":"https:\/\/legrandcontinent.eu\/fr\/wp-json\/wp\/v2\/tags?post=326694"},{"taxonomy":"staff","embeddable":true,"href":"https:\/\/legrandcontinent.eu\/fr\/wp-json\/wp\/v2\/staff?post=326694"},{"taxonomy":"editorial_format","embeddable":true,"href":"https:\/\/legrandcontinent.eu\/fr\/wp-json\/wp\/v2\/editorial_format?post=326694"},{"taxonomy":"serie","embeddable":true,"href":"https:\/\/legrandcontinent.eu\/fr\/wp-json\/wp\/v2\/serie?post=326694"},{"taxonomy":"audience","embeddable":true,"href":"https:\/\/legrandcontinent.eu\/fr\/wp-json\/wp\/v2\/audience?post=326694"},{"taxonomy":"geo","embeddable":true,"href":"https:\/\/legrandcontinent.eu\/fr\/wp-json\/wp\/v2\/geo?post=326694"}],"curies":[{"name":"wp","href":"https:\/\/api.w.org\/{rel}","templated":true}]}}