{"id":326566,"date":"2026-04-10T14:16:28","date_gmt":"2026-04-10T12:16:28","guid":{"rendered":"https:\/\/legrandcontinent.eu\/fr\/?p=326566"},"modified":"2026-04-10T14:16:31","modified_gmt":"2026-04-10T12:16:31","slug":"lors-dune-rencontre-avec-la-dirigeante-du-kuomintang-xi-decrit-la-reunification-avec-taiwan-comme-une-inevitabilite-historique","status":"publish","type":"post","link":"https:\/\/legrandcontinent.eu\/fr\/2026\/04\/10\/lors-dune-rencontre-avec-la-dirigeante-du-kuomintang-xi-decrit-la-reunification-avec-taiwan-comme-une-inevitabilite-historique\/","title":{"rendered":"Lors d\u2019une rencontre avec la dirigeante du Kuomintang, Xi d\u00e9crit la \u00ab&#160;r\u00e9unification&#160;\u00bb avec Ta\u00efwan comme une \u00ab&#160;in\u00e9vitabilit\u00e9 historique&#160;\u00bb"},"content":{"rendered":"\n<p>Pour la premi\u00e8re fois depuis 10 ans, le pr\u00e9sident chinois Xi Jinping a rencontr\u00e9 la dirigeante du Kuomintang ta\u00efwanais, Hung Hsiu-chu, lors d\u2019une r\u00e9union au Palais de l&rsquo;Assembl\u00e9e du Peuple qui s\u2019est tenue aujourd\u2019hui, vendredi 10 avril.&nbsp;<\/p>\n\n\n\n<p>Durant la rencontre, Xi a d\u00e9crit la \u00ab&#160;r\u00e9unification&#160;\u00bb avec Ta\u00efwan comme une \u00ab&#160;in\u00e9vitabilit\u00e9 historique&#160;\u00bb et r\u00e9it\u00e9r\u00e9 son opposition \u00e0 l\u2019ind\u00e9pendance de Ta\u00efwan.<\/p>\n\n\n\n<ul class=\"wp-block-list\">\n<li>Selon le compte-rendu publi\u00e9 par l\u2019agence de presse chinoise Xinhua, le dirigeant chinois a d\u00e9clar\u00e9 \u00eatre dispos\u00e9, sur la base politique commune consistant \u00e0 d\u00e9fendre le \u00ab&#160;Consensus de 1992&#160;\u00bb, \u00e0 continuer de travailler avec le KMT afin d&rsquo;\u0153uvrer \u00e0 la \u00ab&#160;r\u00e9g\u00e9n\u00e9ration nationale&#160;\u00bb&nbsp;<span class='whitespace-nowrap'><span id='easy-footnote-1-326566' class='easy-footnote-margin-adjust'><\/span><span class='easy-footnote'><a href='https:\/\/legrandcontinent.eu\/fr\/2026\/04\/10\/lors-dune-rencontre-avec-la-dirigeante-du-kuomintang-xi-decrit-la-reunification-avec-taiwan-comme-une-inevitabilite-historique\/#easy-footnote-bottom-1-326566' title='\u00ab&amp;#160;&lt;a href=&quot;https:\/\/www.news.cn\/politics\/leaders\/20260410\/2993d2023b9c4048a8bbfbabe965348e\/c.html&quot;&gt;\u4e60\u8fd1\u5e73\u603b\u4e66\u8bb0\u4f1a\u89c1\u4e2d\u56fd\u56fd\u6c11\u515a\u4e3b\u5e2d\u90d1\u4e3d\u6587&lt;\/a&gt;&amp;#160;\u00bb, &lt;em&gt;Xinhua&lt;\/em&gt;, 10 avril 2026.'><sup>1<\/sup><\/a><\/span><\/span>.<\/li>\n\n\n\n<li>Le \u00ab&#160;Consensus de 1992&#160;\u00bb, aussi appel\u00e9 le \u00ab&#160;principe d\u2019une seule Chine&#160;\u00bb, fait r\u00e9f\u00e9rence \u00e0 un accord conclu entre des \u00e9missaires de P\u00e9kin et de Ta\u00efwan, selon lequel les deux rives du d\u00e9troit de Ta\u00efwan appartiennent \u00e0 la \u00ab&#160;Chine unique&#160;\u00bb \u2014 soit la R\u00e9publique Populaire de Chine (RPC).<\/li>\n<\/ul>\n\n\n\n<div class=\"iframe-container wp-block-image wp-block-image-medium  iframe-dw\">\n\t<div>\n\t\t<iframe class=\"absolute w-full h-full pin-t pin-l\" title=\"titolo\" aria-label=\"Interactive line chart\" src=\"\/\/datawrapper.dwcdn.net\/s8WkL\" scrolling=\"no\" frameborder=\"0\"><\/iframe>\n\t<\/div>\n<\/div>\n\n\n\n<p>Durant la rencontre, Xi a rel\u00e9gu\u00e9 au second plan la question des \u00ab&#160;diff\u00e9rences de syst\u00e8mes sociaux&#160;\u00bb entre P\u00e9kin et Taipei \u2014 soit l\u2019opposition entre d\u00e9mocratie et autoritarisme mise en avant par le gouvernement ta\u00efwanais \u2014, affirmant que celle-ci \u00ab&#160;ne saurait justifier la division&#160;\u00bb. Le dirigeant chinois fait ainsi implicitement de l\u2019identit\u00e9 chinoise l\u2019argument central pour justifier la \u00ab&#160;r\u00e9unification&#160;\u00bb, qui se traduirait par une annexion de l\u2019\u00eele par la RPC&nbsp;<span class='whitespace-nowrap'><span id='easy-footnote-2-326566' class='easy-footnote-margin-adjust'><\/span><span class='easy-footnote'><a href='https:\/\/legrandcontinent.eu\/fr\/2026\/04\/10\/lors-dune-rencontre-avec-la-dirigeante-du-kuomintang-xi-decrit-la-reunification-avec-taiwan-comme-une-inevitabilite-historique\/#easy-footnote-bottom-2-326566' title='Fred Gao, \u00ab&amp;#160;&lt;a href=&quot;https:\/\/www.fredgao.com\/p\/xi-meets-kmt-leader-cheng-li-wun&quot;&gt;Xi meets KMT leader Cheng Li-wun in Beijing&lt;\/a&gt;&amp;#160;\u00bb, Inside China, 10 avril 2026.'><sup>2<\/sup><\/a><\/span><\/span>.<\/p>\n\n\n\n<ul class=\"wp-block-list\">\n<li>Avant de rencontrer Xi \u00e0 P\u00e9kin, Hung Hsiu-chu s\u2019est rendue \u00e0 Shanghai puis \u00e0 Nankin, dans la province du Jiangsu, o\u00f9 elle a plaid\u00e9 en faveur du respect du \u00ab&#160;Consensus de 1992&#160;\u00bb par tous les partis politiques ta\u00efwanais&nbsp;<span class='whitespace-nowrap'><span id='easy-footnote-3-326566' class='easy-footnote-margin-adjust'><\/span><span class='easy-footnote'><a href='https:\/\/legrandcontinent.eu\/fr\/2026\/04\/10\/lors-dune-rencontre-avec-la-dirigeante-du-kuomintang-xi-decrit-la-reunification-avec-taiwan-comme-une-inevitabilite-historique\/#easy-footnote-bottom-3-326566' title='\u00a0Joe Leahy et Edward White, \u00ab&amp;#160;&lt;a href=&quot;https:\/\/www.ft.com\/content\/e4aecf2e-9975-4b44-b01c-d6f2b8435386?syn-25a6b1a6=1&quot;&gt;China\u2019s Xi tells Taiwan opposition leader unification an \u2018inevitability\u2019&lt;\/a&gt;&amp;#160;\u00bb, &lt;em&gt;Financial Times&lt;\/em&gt;, 10 avril 2026.'><sup>3<\/sup><\/a><\/span><\/span>.<\/li>\n\n\n\n<li>Le Kuomintang cherche activement \u00e0 bloquer la hausse des d\u00e9penses de d\u00e9fense de 40 milliards de dollars sur les 8 prochaines ann\u00e9es, propos\u00e9e par le pr\u00e9sident ta\u00efwanais Lai Ching-te (Parti d\u00e9mocrate progressiste), qui vise \u00e0 dissuader voire, \u00e9ventuellement, repousser une tentative d\u2019invasion chinoise.<\/li>\n\n\n\n<li>Pour P\u00e9kin, la visite de Hung Hsiu-chu permet d&rsquo;envoyer un signal de d\u00e9sunion \u2014 notamment \u00e0 destination des \u00c9tats-Unis et de l&rsquo;Europe \u2014 concernant la d\u00e9fense de l&rsquo;\u00eele au sein de la classe politique ta\u00efwanaise&nbsp;<span class='whitespace-nowrap'><span id='easy-footnote-4-326566' class='easy-footnote-margin-adjust'><\/span><span class='easy-footnote'><a href='https:\/\/legrandcontinent.eu\/fr\/2026\/04\/10\/lors-dune-rencontre-avec-la-dirigeante-du-kuomintang-xi-decrit-la-reunification-avec-taiwan-comme-une-inevitabilite-historique\/#easy-footnote-bottom-4-326566' title='Thompson Chau, \u00ab&amp;#160;&lt;a href=&quot;https:\/\/asia.nikkei.com\/politics\/international-relations\/taiwan-tensions\/xi-jinping-meets-new-face-of-taiwan-s-opposition-as-us-and-japan-watch&quot;&gt;Xi Jinping meets new face of Taiwan&amp;rsquo;s opposition as US and Japan watch&lt;\/a&gt;&amp;#160;\u00bb, &lt;em&gt;Nikkei Asia&lt;\/em&gt;, 10 avril 2026.'><sup>4<\/sup><\/a><\/span><\/span>.<\/li>\n<\/ul>\n\n\n\n<div class=\"iframe-container wp-block-image wp-block-image-medium  iframe-dw\">\n\t<div>\n\t\t<iframe class=\"absolute w-full h-full pin-t pin-l\" title=\"titolo\" aria-label=\"Interactive line chart\" src=\"\/\/datawrapper.dwcdn.net\/fJUTm\/\" scrolling=\"no\" frameborder=\"0\"><\/iframe>\n\t<\/div>\n<\/div>\n\n\n\n<p>La visite \u00e0 P\u00e9kin de la pr\u00e9sidente du Kuomintang intervient seulement quelques semaines avant la visite de Trump en Chine, pr\u00e9vue les 14-15 mai. L\u2019an dernier, le minist\u00e8re ta\u00efwanais de la D\u00e9fense <a href=\"https:\/\/legrandcontinent.eu\/fr\/2025\/03\/20\/taiwan-se-prepare-a-une-invasion-chinoise-en-2027\/\">avait identifi\u00e9 2027 comme ann\u00e9e possible pour une invasion<\/a> de l\u2019\u00eele par P\u00e9kin.<\/p>\n","protected":false},"excerpt":{"rendered":"<p>La pr\u00e9sidente du Kuomintang, Cheng Li-wun, a rencontr\u00e9 Xi Jinping aujourd\u2019hui, vendredi 10. <\/p>\n<p>Le dirigeant chinois a r\u00e9it\u00e9r\u00e9 son opposition \u00e0 l\u2019ind\u00e9pendance de Ta\u00efwan et a appel\u00e9 \u00e0 poursuivre la collaboration avec le KMT pour \u0153uvrer \u00e0 la \u00ab&#160;&#160;r\u00e9g\u00e9n\u00e9ration nationale&#160;&#160;\u00bb.<\/p>\n","protected":false},"author":2622,"featured_media":326565,"comment_status":"closed","ping_status":"closed","sticky":false,"template":"templates\/post-briefings.php","format":"standard","meta":{"_acf_changed":false,"_trash_the_other_posts":false,"_yoast_wpseo_estimated-reading-time-minutes":3,"footnotes":""},"categories":[1731],"tags":[],"staff":[],"editorial_format":[4850],"serie":[],"audience":[],"geo":[531],"class_list":["post-326566","post","type-post","status-publish","format-standard","hentry","category-politique","editorial_format-briefings","geo-chine"],"acf":{"open_in_webview":false,"accent":"default","_thumbnail_id":326565,"excerpt":"La pr\u00e9sidente du Kuomintang, Cheng Li-wun, a rencontr\u00e9 Xi Jinping aujourd\u2019hui, vendredi 10. \r\n\r\nLe dirigeant chinois a r\u00e9it\u00e9r\u00e9 son opposition \u00e0 l\u2019ind\u00e9pendance de Ta\u00efwan et a appel\u00e9 \u00e0 poursuivre la collaboration avec le KMT pour \u0153uvrer \u00e0 la \u00ab r\u00e9g\u00e9n\u00e9ration nationale \u00bb.","display_date":"","new_abstract":true},"yoast_head":"<!-- This site is optimized with the Yoast SEO plugin v26.1.1 - https:\/\/yoast.com\/wordpress\/plugins\/seo\/ -->\n<title>Xi d\u00e9crit la \u00abr\u00e9unification\u00bb avec Ta\u00efwan comme une \u00abin\u00e9vitabilit\u00e9 historique\u00bb<\/title>\n<meta name=\"robots\" content=\"index, follow, max-snippet:-1, max-image-preview:large, max-video-preview:-1\" \/>\n<link rel=\"canonical\" href=\"https:\/\/legrandcontinent.eu\/fr\/2026\/04\/10\/lors-dune-rencontre-avec-la-dirigeante-du-kuomintang-xi-decrit-la-reunification-avec-taiwan-comme-une-inevitabilite-historique\/\" \/>\n<meta property=\"og:locale\" content=\"fr_FR\" \/>\n<meta property=\"og:type\" content=\"article\" \/>\n<meta property=\"og:title\" content=\"Xi d\u00e9crit la \u00abr\u00e9unification\u00bb avec Ta\u00efwan comme une \u00abin\u00e9vitabilit\u00e9 historique\u00bb\" \/>\n<meta property=\"og:description\" content=\"La pr\u00e9sidente du Kuomintang, Cheng Li-wun, a rencontr\u00e9 Xi Jinping aujourd\u2019hui, vendredi 10.   Le dirigeant chinois a r\u00e9it\u00e9r\u00e9 son opposition \u00e0 l\u2019ind\u00e9pendance de Ta\u00efwan et a appel\u00e9 \u00e0 poursuivre la collaboration avec le KMT pour \u0153uvrer \u00e0 la \u00ab&#160;r\u00e9g\u00e9n\u00e9ration nationale&#160;\u00bb.\" \/>\n<meta property=\"og:url\" content=\"https:\/\/legrandcontinent.eu\/fr\/2026\/04\/10\/lors-dune-rencontre-avec-la-dirigeante-du-kuomintang-xi-decrit-la-reunification-avec-taiwan-comme-une-inevitabilite-historique\/\" \/>\n<meta property=\"og:site_name\" content=\"Le Grand Continent\" \/>\n<meta property=\"article:published_time\" content=\"2026-04-10T12:16:28+00:00\" \/>\n<meta property=\"article:modified_time\" content=\"2026-04-10T12:16:31+00:00\" \/>\n<meta property=\"og:image\" content=\"https:\/\/legrandcontinent.eu\/fr\/wp-content\/uploads\/sites\/2\/2026\/04\/gc-share-KMT-Xi-Pekin.png\" \/>\n\t<meta property=\"og:image:width\" content=\"1884\" \/>\n\t<meta property=\"og:image:height\" content=\"1048\" \/>\n\t<meta property=\"og:image:type\" content=\"image\/png\" \/>\n<meta name=\"author\" content=\"Marin Saillofest\" \/>\n<meta name=\"twitter:card\" content=\"summary_large_image\" \/>\n<meta name=\"twitter:image\" content=\"https:\/\/legrandcontinent.eu\/fr\/wp-content\/uploads\/sites\/2\/2026\/04\/gc-share-KMT-Xi-Pekin.png\" \/>\n<meta name=\"twitter:label1\" content=\"\u00c9crit par\" \/>\n\t<meta name=\"twitter:data1\" content=\"Marin Saillofest\" \/>\n\t<meta name=\"twitter:label2\" content=\"Dur\u00e9e de lecture estim\u00e9e\" \/>\n\t<meta name=\"twitter:data2\" content=\"3 minutes\" \/>\n<script type=\"application\/ld+json\" class=\"yoast-schema-graph\">{\"@context\":\"https:\/\/schema.org\",\"@graph\":[{\"@type\":\"WebPage\",\"@id\":\"https:\/\/legrandcontinent.eu\/fr\/2026\/04\/10\/lors-dune-rencontre-avec-la-dirigeante-du-kuomintang-xi-decrit-la-reunification-avec-taiwan-comme-une-inevitabilite-historique\/\",\"url\":\"https:\/\/legrandcontinent.eu\/fr\/2026\/04\/10\/lors-dune-rencontre-avec-la-dirigeante-du-kuomintang-xi-decrit-la-reunification-avec-taiwan-comme-une-inevitabilite-historique\/\",\"name\":\"Xi d\u00e9crit la \u00abr\u00e9unification\u00bb avec Ta\u00efwan comme une \u00abin\u00e9vitabilit\u00e9 historique\u00bb\",\"isPartOf\":{\"@id\":\"https:\/\/legrandcontinent.eu\/fr\/#website\"},\"primaryImageOfPage\":{\"@id\":\"https:\/\/legrandcontinent.eu\/fr\/2026\/04\/10\/lors-dune-rencontre-avec-la-dirigeante-du-kuomintang-xi-decrit-la-reunification-avec-taiwan-comme-une-inevitabilite-historique\/#primaryimage\"},\"image\":{\"@id\":\"https:\/\/legrandcontinent.eu\/fr\/2026\/04\/10\/lors-dune-rencontre-avec-la-dirigeante-du-kuomintang-xi-decrit-la-reunification-avec-taiwan-comme-une-inevitabilite-historique\/#primaryimage\"},\"thumbnailUrl\":\"https:\/\/legrandcontinent.eu\/fr\/wp-content\/uploads\/sites\/2\/2026\/04\/gc-KMT-Xi-Pekin.png\",\"datePublished\":\"2026-04-10T12:16:28+00:00\",\"dateModified\":\"2026-04-10T12:16:31+00:00\",\"author\":{\"@id\":\"https:\/\/legrandcontinent.eu\/fr\/#\/schema\/person\/e4f85f52220fc7b4cc3cfdb86d88e833\"},\"breadcrumb\":{\"@id\":\"https:\/\/legrandcontinent.eu\/fr\/2026\/04\/10\/lors-dune-rencontre-avec-la-dirigeante-du-kuomintang-xi-decrit-la-reunification-avec-taiwan-comme-une-inevitabilite-historique\/#breadcrumb\"},\"inLanguage\":\"fr-FR\",\"potentialAction\":[{\"@type\":\"ReadAction\",\"target\":[\"https:\/\/legrandcontinent.eu\/fr\/2026\/04\/10\/lors-dune-rencontre-avec-la-dirigeante-du-kuomintang-xi-decrit-la-reunification-avec-taiwan-comme-une-inevitabilite-historique\/\"]}]},{\"@type\":\"ImageObject\",\"inLanguage\":\"fr-FR\",\"@id\":\"https:\/\/legrandcontinent.eu\/fr\/2026\/04\/10\/lors-dune-rencontre-avec-la-dirigeante-du-kuomintang-xi-decrit-la-reunification-avec-taiwan-comme-une-inevitabilite-historique\/#primaryimage\",\"url\":\"https:\/\/legrandcontinent.eu\/fr\/wp-content\/uploads\/sites\/2\/2026\/04\/gc-KMT-Xi-Pekin.png\",\"contentUrl\":\"https:\/\/legrandcontinent.eu\/fr\/wp-content\/uploads\/sites\/2\/2026\/04\/gc-KMT-Xi-Pekin.png\",\"width\":1870,\"height\":1040},{\"@type\":\"BreadcrumbList\",\"@id\":\"https:\/\/legrandcontinent.eu\/fr\/2026\/04\/10\/lors-dune-rencontre-avec-la-dirigeante-du-kuomintang-xi-decrit-la-reunification-avec-taiwan-comme-une-inevitabilite-historique\/#breadcrumb\",\"itemListElement\":[{\"@type\":\"ListItem\",\"position\":1,\"name\":\"Accueil\",\"item\":\"https:\/\/legrandcontinent.eu\/fr\/\"},{\"@type\":\"ListItem\",\"position\":2,\"name\":\"Lors d\u2019une rencontre avec la dirigeante du Kuomintang, Xi d\u00e9crit la \u00ab&#160;r\u00e9unification&#160;\u00bb avec Ta\u00efwan comme une \u00ab&#160;in\u00e9vitabilit\u00e9 historique&#160;\u00bb\"}]},{\"@type\":\"WebSite\",\"@id\":\"https:\/\/legrandcontinent.eu\/fr\/#website\",\"url\":\"https:\/\/legrandcontinent.eu\/fr\/\",\"name\":\"Le Grand Continent\",\"description\":\"L&#039;\u00e9chelle pertinente\",\"potentialAction\":[{\"@type\":\"SearchAction\",\"target\":{\"@type\":\"EntryPoint\",\"urlTemplate\":\"https:\/\/legrandcontinent.eu\/fr\/?s={search_term_string}\"},\"query-input\":{\"@type\":\"PropertyValueSpecification\",\"valueRequired\":true,\"valueName\":\"search_term_string\"}}],\"inLanguage\":\"fr-FR\"},{\"@type\":\"Person\",\"@id\":\"https:\/\/legrandcontinent.eu\/fr\/#\/schema\/person\/e4f85f52220fc7b4cc3cfdb86d88e833\",\"name\":\"Marin Saillofest\",\"image\":{\"@type\":\"ImageObject\",\"inLanguage\":\"fr-FR\",\"@id\":\"https:\/\/legrandcontinent.eu\/fr\/#\/schema\/person\/image\/\",\"url\":\"https:\/\/secure.gravatar.com\/avatar\/87088698b4d967390c49ae6d4f1aa459?s=96&d=mm&r=g\",\"contentUrl\":\"https:\/\/secure.gravatar.com\/avatar\/87088698b4d967390c49ae6d4f1aa459?s=96&d=mm&r=g\",\"caption\":\"Marin Saillofest\"}}]}<\/script>\n<!-- \/ Yoast SEO plugin. -->","yoast_head_json":{"title":"Xi d\u00e9crit la \u00abr\u00e9unification\u00bb avec Ta\u00efwan comme une \u00abin\u00e9vitabilit\u00e9 historique\u00bb","robots":{"index":"index","follow":"follow","max-snippet":"max-snippet:-1","max-image-preview":"max-image-preview:large","max-video-preview":"max-video-preview:-1"},"canonical":"https:\/\/legrandcontinent.eu\/fr\/2026\/04\/10\/lors-dune-rencontre-avec-la-dirigeante-du-kuomintang-xi-decrit-la-reunification-avec-taiwan-comme-une-inevitabilite-historique\/","og_locale":"fr_FR","og_type":"article","og_title":"Xi d\u00e9crit la \u00abr\u00e9unification\u00bb avec Ta\u00efwan comme une \u00abin\u00e9vitabilit\u00e9 historique\u00bb","og_description":"La pr\u00e9sidente du Kuomintang, Cheng Li-wun, a rencontr\u00e9 Xi Jinping aujourd\u2019hui, vendredi 10.   Le dirigeant chinois a r\u00e9it\u00e9r\u00e9 son opposition \u00e0 l\u2019ind\u00e9pendance de Ta\u00efwan et a appel\u00e9 \u00e0 poursuivre la collaboration avec le KMT pour \u0153uvrer \u00e0 la \u00ab&#160;r\u00e9g\u00e9n\u00e9ration nationale&#160;\u00bb.","og_url":"https:\/\/legrandcontinent.eu\/fr\/2026\/04\/10\/lors-dune-rencontre-avec-la-dirigeante-du-kuomintang-xi-decrit-la-reunification-avec-taiwan-comme-une-inevitabilite-historique\/","og_site_name":"Le Grand Continent","article_published_time":"2026-04-10T12:16:28+00:00","article_modified_time":"2026-04-10T12:16:31+00:00","og_image":[{"width":1884,"height":1048,"url":"https:\/\/legrandcontinent.eu\/fr\/wp-content\/uploads\/sites\/2\/2026\/04\/gc-share-KMT-Xi-Pekin.png","type":"image\/png"}],"author":"Marin Saillofest","twitter_card":"summary_large_image","twitter_image":"https:\/\/legrandcontinent.eu\/fr\/wp-content\/uploads\/sites\/2\/2026\/04\/gc-share-KMT-Xi-Pekin.png","twitter_misc":{"\u00c9crit par":"Marin Saillofest","Dur\u00e9e de lecture estim\u00e9e":"3 minutes"},"schema":{"@context":"https:\/\/schema.org","@graph":[{"@type":"WebPage","@id":"https:\/\/legrandcontinent.eu\/fr\/2026\/04\/10\/lors-dune-rencontre-avec-la-dirigeante-du-kuomintang-xi-decrit-la-reunification-avec-taiwan-comme-une-inevitabilite-historique\/","url":"https:\/\/legrandcontinent.eu\/fr\/2026\/04\/10\/lors-dune-rencontre-avec-la-dirigeante-du-kuomintang-xi-decrit-la-reunification-avec-taiwan-comme-une-inevitabilite-historique\/","name":"Xi d\u00e9crit la \u00abr\u00e9unification\u00bb avec Ta\u00efwan comme une \u00abin\u00e9vitabilit\u00e9 historique\u00bb","isPartOf":{"@id":"https:\/\/legrandcontinent.eu\/fr\/#website"},"primaryImageOfPage":{"@id":"https:\/\/legrandcontinent.eu\/fr\/2026\/04\/10\/lors-dune-rencontre-avec-la-dirigeante-du-kuomintang-xi-decrit-la-reunification-avec-taiwan-comme-une-inevitabilite-historique\/#primaryimage"},"image":{"@id":"https:\/\/legrandcontinent.eu\/fr\/2026\/04\/10\/lors-dune-rencontre-avec-la-dirigeante-du-kuomintang-xi-decrit-la-reunification-avec-taiwan-comme-une-inevitabilite-historique\/#primaryimage"},"thumbnailUrl":"https:\/\/legrandcontinent.eu\/fr\/wp-content\/uploads\/sites\/2\/2026\/04\/gc-KMT-Xi-Pekin.png","datePublished":"2026-04-10T12:16:28+00:00","dateModified":"2026-04-10T12:16:31+00:00","author":{"@id":"https:\/\/legrandcontinent.eu\/fr\/#\/schema\/person\/e4f85f52220fc7b4cc3cfdb86d88e833"},"breadcrumb":{"@id":"https:\/\/legrandcontinent.eu\/fr\/2026\/04\/10\/lors-dune-rencontre-avec-la-dirigeante-du-kuomintang-xi-decrit-la-reunification-avec-taiwan-comme-une-inevitabilite-historique\/#breadcrumb"},"inLanguage":"fr-FR","potentialAction":[{"@type":"ReadAction","target":["https:\/\/legrandcontinent.eu\/fr\/2026\/04\/10\/lors-dune-rencontre-avec-la-dirigeante-du-kuomintang-xi-decrit-la-reunification-avec-taiwan-comme-une-inevitabilite-historique\/"]}]},{"@type":"ImageObject","inLanguage":"fr-FR","@id":"https:\/\/legrandcontinent.eu\/fr\/2026\/04\/10\/lors-dune-rencontre-avec-la-dirigeante-du-kuomintang-xi-decrit-la-reunification-avec-taiwan-comme-une-inevitabilite-historique\/#primaryimage","url":"https:\/\/legrandcontinent.eu\/fr\/wp-content\/uploads\/sites\/2\/2026\/04\/gc-KMT-Xi-Pekin.png","contentUrl":"https:\/\/legrandcontinent.eu\/fr\/wp-content\/uploads\/sites\/2\/2026\/04\/gc-KMT-Xi-Pekin.png","width":1870,"height":1040},{"@type":"BreadcrumbList","@id":"https:\/\/legrandcontinent.eu\/fr\/2026\/04\/10\/lors-dune-rencontre-avec-la-dirigeante-du-kuomintang-xi-decrit-la-reunification-avec-taiwan-comme-une-inevitabilite-historique\/#breadcrumb","itemListElement":[{"@type":"ListItem","position":1,"name":"Accueil","item":"https:\/\/legrandcontinent.eu\/fr\/"},{"@type":"ListItem","position":2,"name":"Lors d\u2019une rencontre avec la dirigeante du Kuomintang, Xi d\u00e9crit la \u00ab&#160;r\u00e9unification&#160;\u00bb avec Ta\u00efwan comme une \u00ab&#160;in\u00e9vitabilit\u00e9 historique&#160;\u00bb"}]},{"@type":"WebSite","@id":"https:\/\/legrandcontinent.eu\/fr\/#website","url":"https:\/\/legrandcontinent.eu\/fr\/","name":"Le Grand Continent","description":"L&#039;\u00e9chelle pertinente","potentialAction":[{"@type":"SearchAction","target":{"@type":"EntryPoint","urlTemplate":"https:\/\/legrandcontinent.eu\/fr\/?s={search_term_string}"},"query-input":{"@type":"PropertyValueSpecification","valueRequired":true,"valueName":"search_term_string"}}],"inLanguage":"fr-FR"},{"@type":"Person","@id":"https:\/\/legrandcontinent.eu\/fr\/#\/schema\/person\/e4f85f52220fc7b4cc3cfdb86d88e833","name":"Marin Saillofest","image":{"@type":"ImageObject","inLanguage":"fr-FR","@id":"https:\/\/legrandcontinent.eu\/fr\/#\/schema\/person\/image\/","url":"https:\/\/secure.gravatar.com\/avatar\/87088698b4d967390c49ae6d4f1aa459?s=96&d=mm&r=g","contentUrl":"https:\/\/secure.gravatar.com\/avatar\/87088698b4d967390c49ae6d4f1aa459?s=96&d=mm&r=g","caption":"Marin Saillofest"}}]}},"lgc_categories":[{"id":1731,"name":"Politique","slug":"politique"}],"lgc_author":null,"feature_image_summary":{"url":"https:\/\/legrandcontinent.eu\/fr\/wp-content\/uploads\/sites\/2\/2026\/04\/gc-KMT-Xi-Pekin.png","width":1870,"height":1040,"alt":""},"feature_image_cover":null,"term_position_data":null,"_links":{"self":[{"href":"https:\/\/legrandcontinent.eu\/fr\/wp-json\/wp\/v2\/posts\/326566","targetHints":{"allow":["GET"]}}],"collection":[{"href":"https:\/\/legrandcontinent.eu\/fr\/wp-json\/wp\/v2\/posts"}],"about":[{"href":"https:\/\/legrandcontinent.eu\/fr\/wp-json\/wp\/v2\/types\/post"}],"author":[{"embeddable":true,"href":"https:\/\/legrandcontinent.eu\/fr\/wp-json\/wp\/v2\/users\/2622"}],"replies":[{"embeddable":true,"href":"https:\/\/legrandcontinent.eu\/fr\/wp-json\/wp\/v2\/comments?post=326566"}],"version-history":[{"count":3,"href":"https:\/\/legrandcontinent.eu\/fr\/wp-json\/wp\/v2\/posts\/326566\/revisions"}],"predecessor-version":[{"id":326569,"href":"https:\/\/legrandcontinent.eu\/fr\/wp-json\/wp\/v2\/posts\/326566\/revisions\/326569"}],"wp:featuredmedia":[{"embeddable":true,"href":"https:\/\/legrandcontinent.eu\/fr\/wp-json\/wp\/v2\/media\/326565"}],"wp:attachment":[{"href":"https:\/\/legrandcontinent.eu\/fr\/wp-json\/wp\/v2\/media?parent=326566"}],"wp:term":[{"taxonomy":"category","embeddable":true,"href":"https:\/\/legrandcontinent.eu\/fr\/wp-json\/wp\/v2\/categories?post=326566"},{"taxonomy":"post_tag","embeddable":true,"href":"https:\/\/legrandcontinent.eu\/fr\/wp-json\/wp\/v2\/tags?post=326566"},{"taxonomy":"staff","embeddable":true,"href":"https:\/\/legrandcontinent.eu\/fr\/wp-json\/wp\/v2\/staff?post=326566"},{"taxonomy":"editorial_format","embeddable":true,"href":"https:\/\/legrandcontinent.eu\/fr\/wp-json\/wp\/v2\/editorial_format?post=326566"},{"taxonomy":"serie","embeddable":true,"href":"https:\/\/legrandcontinent.eu\/fr\/wp-json\/wp\/v2\/serie?post=326566"},{"taxonomy":"audience","embeddable":true,"href":"https:\/\/legrandcontinent.eu\/fr\/wp-json\/wp\/v2\/audience?post=326566"},{"taxonomy":"geo","embeddable":true,"href":"https:\/\/legrandcontinent.eu\/fr\/wp-json\/wp\/v2\/geo?post=326566"}],"curies":[{"name":"wp","href":"https:\/\/api.w.org\/{rel}","templated":true}]}}