{"id":326071,"date":"2026-04-09T06:00:00","date_gmt":"2026-04-09T04:00:00","guid":{"rendered":"https:\/\/legrandcontinent.eu\/fr\/?p=326071"},"modified":"2026-04-09T18:00:50","modified_gmt":"2026-04-09T16:00:50","slug":"algan-gouvernement-emotions","status":"publish","type":"post","link":"https:\/\/legrandcontinent.eu\/fr\/2026\/04\/09\/algan-gouvernement-emotions\/","title":{"rendered":"Le gouvernement des \u00e9motions au temps de l\u2019IA"},"content":{"rendered":"\n<h2 class=\"wp-block-heading\">Un changement de r\u00e9gime&nbsp;&#160;: la col\u00e8re comme nouvelle norme<\/h2>\n\n\n\n<p class=\"has-drop-cap\">Les d\u00e9mocraties ne traversent pas seulement une crise institutionnelle, mais aussi une crise \u00e9motionnelle&nbsp;<span class='whitespace-nowrap'><span id='easy-footnote-1-326071' class='easy-footnote-margin-adjust'><\/span><span class='easy-footnote'><a href='https:\/\/legrandcontinent.eu\/fr\/2026\/04\/09\/algan-gouvernement-emotions\/#easy-footnote-bottom-1-326071' title='Cette pi\u00e8ce de doctrine s\u2019inspire d\u2019une note plus d\u00e9taill\u00e9e&amp;#160;: Yann Algan, \u00ab&amp;#160;&lt;a href=&quot;https:\/\/www.cepremap.fr\/2026\/04\/la-democratie-emotionnelle-est-elle-gouvernable\/&quot; target=&quot;_blank&quot; rel=&quot;noreferrer noopener&quot;&gt;La d\u00e9mocratie \u00e9motionnelle est-elle gouvernable&amp;nbsp;&amp;#160;?&lt;\/a&gt;&amp;#160;\u00bb, Policy note CEPREMAP-HEC, avril 2026.'><sup>1<\/sup><\/a><\/span><\/span>. En France, environ 35&nbsp;&#160;% des messages politiques en ligne expriment de la col\u00e8re \u2014 en hausse de plus de 66&nbsp;&#160;% depuis les Gilets jaunes. Aux \u00c9tats-Unis, une rupture nette s\u2019observe \u00e0 partir de 2016, persistant au-del\u00e0 des alternances. \u00c0 l\u2019\u00e9chelle mondiale, les \u00e9motions n\u00e9gatives ont progress\u00e9 d\u2019environ 43&nbsp;&#160;% entre 2016 et 2022 et pr\u00e9disent de fa\u00e7on robuste la mont\u00e9e des attitudes populistes&nbsp;<span class='whitespace-nowrap'><span id='easy-footnote-2-326071' class='easy-footnote-margin-adjust'><\/span><span class='easy-footnote'><a href='https:\/\/legrandcontinent.eu\/fr\/2026\/04\/09\/algan-gouvernement-emotions\/#easy-footnote-bottom-2-326071' title='George Ward &lt;em&gt;et al.&lt;\/em&gt;, \u00ab&amp;#160;The Role of Negative Affect in Shaping Populist Support&amp;#160;\u00bb, &lt;em&gt;American Psychologist&lt;\/em&gt;, 80 (3), 2025.'><sup>2<\/sup><\/a><\/span><\/span>.<\/p>\n\n\n\n<h3 class=\"wp-block-heading\">En France&nbsp;&#160;: une rupture qui s\u2019installe<\/h3>\n\n\n\n<p>L\u2019analyse de plusieurs centaines de milliers de messages politiques sur X entre 2011 et 2024 r\u00e9v\u00e8le que la col\u00e8re domine tr\u00e8s largement les autres \u00e9motions dans l\u2019espace public fran\u00e7ais. 35&nbsp;&#160;% des tweets politiques expriment de la col\u00e8re, dont 60&nbsp;&#160;% chez les sympathisants LFI et RN, avec 66&nbsp;&#160;% de hausse depuis la crise des Gilets jaunes en 2018.<\/p>\n\n\n\n<div class=\"iframe-container wp-block-image wp-block-image-medium  iframe-dw\">\n\t<div>\n\t\t<iframe class=\"absolute w-full h-full pin-t pin-l\" title=\"titolo\" aria-label=\"Interactive line chart\" src=\"\/\/datawrapper.dwcdn.net\/XBkey\" scrolling=\"no\" frameborder=\"0\"><\/iframe>\n\t<\/div>\n<\/div>\n\n\n\n<p>Cette rupture ne se r\u00e9sorbe pas&nbsp;&#160;: elle s\u2019installe comme une nouvelle norme expressive.&nbsp;<\/p>\n\n\n\n<p>L\u2019intensit\u00e9 \u00e9motionnelle est plus forte chez les sympathisants de la gauche radicale (LFI) et de la droite radicale (RN), mais les registres dominants aux extr\u00eames sont diff\u00e9rents&nbsp;&#160;: sur les in\u00e9galit\u00e9s chez les premiers, sur la s\u00e9curit\u00e9, la d\u00e9linquance et les imp\u00f4ts chez les seconds. Et cette rh\u00e9torique se diffuse progressivement vers le centre, contribuant \u00e0 une normalisation de la col\u00e8re comme langage politique ordinaire. Dans le m\u00eame temps, la rh\u00e9torique de l\u2019enthousiasme et de l\u2019espoir a quasiment disparu des discussions politiques.<\/p>\n\n\n\n<figure class=\"wp-block-pullquote\"><blockquote><p>La col\u00e8re n\u2019est pas un bruit affectif&nbsp;&#160;: c\u2019est un langage politique de substitution qui rend dicible une exp\u00e9rience fragment\u00e9e.<\/p><cite>Yann Algan<\/cite><\/blockquote><\/figure>\n\n\n\n<h3 class=\"wp-block-heading\">Aux \u00c9tats-Unis&nbsp;&#160;: une rupture nette \u00e0 partir de 2016<\/h3>\n\n\n\n<p>L\u2019analyse de plusieurs millions de messages sur Twitter puis X entre 2013 et 2025 r\u00e9v\u00e8le une rupture nette \u00e0 partir de 2016, caract\u00e9ris\u00e9e par une hausse durable de la col\u00e8re aussi bien chez les sympathisants des D\u00e9mocrates que des R\u00e9publicains \u2014 m\u00eame si l\u2019intensit\u00e9 est plus prononc\u00e9e chez les <em>anywhere<\/em> peu \u00e9duqu\u00e9s et dans les territoires d\u00e9laiss\u00e9s. Cette hausse provient principalement des m\u00eames individus, qui s\u2019expriment avec beaucoup plus de col\u00e8re sur les m\u00eames sujets au cours du temps, et non pas de l\u2019entr\u00e9e de personnes plus extr\u00eames et de la sortie de personnes plus mod\u00e9r\u00e9es sur la plateforme X. Cette mont\u00e9e ne s\u2019accompagne pas d\u2019une hausse comparable de la peur.<\/p>\n\n\n\n<div class=\"iframe-container wp-block-image wp-block-image-medium  iframe-dw\">\n\t<div>\n\t\t<iframe class=\"absolute w-full h-full pin-t pin-l\" title=\"titolo\" aria-label=\"Interactive line chart\" src=\"\/\/datawrapper.dwcdn.net\/9zPEG\" scrolling=\"no\" frameborder=\"0\"><\/iframe>\n\t<\/div>\n<\/div>\n\n\n\n<p>Ce point est d\u00e9cisif&nbsp;&#160;: la pr\u00e9dominance de la col\u00e8re sur la peur indique non pas une augmentation de l\u2019ins\u00e9curit\u00e9 objective, mais une transformation du mode de politisation des exp\u00e9riences sociales. \u00c0 l\u2019\u00e9chelle mondiale, Ward et ses co-auteurs&nbsp;<span class='whitespace-nowrap'><span id='easy-footnote-3-326071' class='easy-footnote-margin-adjust'><\/span><span class='easy-footnote'><a href='https:\/\/legrandcontinent.eu\/fr\/2026\/04\/09\/algan-gouvernement-emotions\/#easy-footnote-bottom-3-326071' title='&lt;em&gt;Ibid.&lt;\/em&gt;'><sup>3<\/sup><\/a><\/span><\/span>, mobilisant l\u2019enqu\u00eate Gallup World Poll sur plus de 150 pays, documentent une hausse d\u2019environ 43&nbsp;&#160;% des \u00e9motions n\u00e9gatives entre 2016 et 2022, pr\u00e9disant de mani\u00e8re robuste les attitudes populistes et des r\u00e9sultats \u00e9lectoraux majeurs \u2014 du Brexit \u00e0 l\u2019\u00e9lection de Trump.<\/p>\n\n\n\n<h2 class=\"wp-block-heading\">Quand les \u00e9lus embrasent l\u2019ar\u00e8ne<\/h2>\n\n\n\n<p>La mont\u00e9e de la col\u00e8re dans l\u2019espace public n\u2019est pas uniquement le fait des citoyens. L\u2019offre politique a profond\u00e9ment transform\u00e9 son registre d\u2019expression, sous l\u2019effet conjoint de la concurrence attentionnelle et d\u2019un apprentissage strat\u00e9gique d\u00e9lib\u00e9r\u00e9.<\/p>\n\n\n\n<h3 class=\"wp-block-heading\">L\u2019Assembl\u00e9e nationale comme ar\u00e8ne de visibilit\u00e9 \u00e9motionnelle<\/h3>\n\n\n\n<p>L\u2019analyse de pr\u00e8s de deux millions d\u2019interventions \u00e0 l\u2019Assembl\u00e9e nationale entre 2007 et 2024 r\u00e9v\u00e8le une transformation profonde. La part des interventions domin\u00e9es par un registre \u00e9motionnel \u2014 en particulier celui de la col\u00e8re \u2014 est pass\u00e9e d\u2019environ 22&nbsp;&#160;% au d\u00e9but des ann\u00e9es 2010 \u00e0 pr\u00e8s de 40&nbsp;&#160;% apr\u00e8s 2022, avec une acc\u00e9l\u00e9ration nette \u00e0 partir de 2017. Notre indice de polarisation \u2014 qui mesure simultan\u00e9ment les clivages id\u00e9ologiques et \u00e9motionnels \u2014 a \u00e9t\u00e9 multipli\u00e9 par six en quinze ans.<\/p>\n\n\n\n<div class=\"iframe-container wp-block-image wp-block-image-medium  iframe-dw\">\n\t<div>\n\t\t<iframe class=\"absolute w-full h-full pin-t pin-l\" title=\"titolo\" aria-label=\"Interactive line chart\" src=\"\/\/datawrapper.dwcdn.net\/jLGAW\" scrolling=\"no\" frameborder=\"0\"><\/iframe>\n\t<\/div>\n<\/div>\n\n\n\n<p>Cette \u00e9volution s\u2019accompagne d\u2019un raccourcissement de la dur\u00e9e des interventions, d\u2019une hausse des interruptions conflictuelles et de s\u00e9quences con\u00e7ues pour la diffusion virale. Autrement dit, le Parlement fonctionne de plus en plus comme une ar\u00e8ne de visibilit\u00e9 \u00e9motionnelle&#160;: l\u2019objectif n\u2019est plus la d\u00e9lib\u00e9ration interne mais la captation d\u2019un public externe de <em>followers<\/em> sur X et TikTok, <em>via<\/em> des vid\u00e9os d\u2019interventions sp\u00e9cialement con\u00e7ues pour ces plateformes.<\/p>\n\n\n\n<div class=\"iframe-container wp-block-image wp-block-image-medium  iframe-dw\">\n\t<div>\n\t\t<iframe class=\"absolute w-full h-full pin-t pin-l\" title=\"titolo\" aria-label=\"Interactive line chart\" src=\"\/\/datawrapper.dwcdn.net\/FoKFo\" scrolling=\"no\" frameborder=\"0\"><\/iframe>\n\t<\/div>\n<\/div>\n\n\n\n<p>Aux \u00c9tats-Unis, la m\u00eame rupture s\u2019observe \u00e0 partir de 2016 \u2014 avec un fait r\u00e9v\u00e9lateur&nbsp;&#160;: les messages des \u00e9lus sur les r\u00e9seaux sociaux sont significativement plus \u00ab&#160;\u00e9motionnels&#160;\u00bb que leurs discours institutionnels au Congr\u00e8s, sugg\u00e9rant un usage strat\u00e9gique diff\u00e9renci\u00e9 selon les ar\u00e8nes.<\/p>\n\n\n\n<div class=\"iframe-container wp-block-image wp-block-image-medium  iframe-dw\">\n\t<div>\n\t\t<iframe class=\"absolute w-full h-full pin-t pin-l\" title=\"titolo\" aria-label=\"Interactive line chart\" src=\"\/\/datawrapper.dwcdn.net\/8JHj5\" scrolling=\"no\" frameborder=\"0\"><\/iframe>\n\t<\/div>\n<\/div>\n\n\n\n<h3 class=\"wp-block-heading\">La strat\u00e9gie du RN&nbsp;&#160;: de la col\u00e8re \u00e0 la normalisation instrumentale<\/h3>\n\n\n\n<p>La polarisation affective r\u00e9cente est principalement port\u00e9e par la gauche radicale. \u00c0 l\u2019inverse, depuis 2022, le Rassemblement national s\u2019inscrit dans une strat\u00e9gie de normalisation caract\u00e9ris\u00e9e par une diminution marqu\u00e9e de l\u2019expression de la col\u00e8re.<\/p>\n\n\n\n<p>Ce repositionnement n\u2019est pas id\u00e9ologique&nbsp;&#160;: il est \u00e9lectoralement rationnel. La conqu\u00eate de l\u2019\u00e9lectorat des retrait\u00e9s \u2014 27,5&nbsp;&#160;% des inscrits, tr\u00e8s m\u00e9fiants envers la rh\u00e9torique de la col\u00e8re associ\u00e9e au d\u00e9sordre \u2014 est indispensable pour atteindre 50&nbsp;&#160;% en 2027. Le passage d\u2019un registre domin\u00e9 par la peur (immigration, ins\u00e9curit\u00e9) \u00e0 un registre int\u00e9grant protection et espoir (\u00ab&#160;vivre mieux&#160;\u00bb, France \u00ab&#160;apais\u00e9e&#160;\u00bb) illustre ce que l\u2019on pourrait appeler l\u2019espoir instrumental&nbsp;&#160;: l\u2019espoir comme forme, la col\u00e8re comme carburant.<\/p>\n\n\n\n<p>Aux \u00c9tats-Unis, la dynamique est diff\u00e9rente&nbsp;&#160;: une hausse sans pr\u00e9c\u00e9dent de la rh\u00e9torique de la col\u00e8re parmi les \u00e9lus r\u00e9publicains depuis la pr\u00e9sidence Biden, rejointe par celle des d\u00e9mocrates depuis l\u2019\u00e9lection de Trump en 2024. Les deux camps se retrouvent d\u00e9sormais sur un m\u00eame plateau d\u2019intensit\u00e9 \u00e9motionnelle.<\/p>\n\n\n\n<figure class=\"wp-block-pullquote\"><blockquote><p>La polarisation affective progresse plus vite que la polarisation id\u00e9ologique&#160;: la d\u00e9mocratie se transforme en espace de confrontation \u00e9motionnelle permanente.<\/p><cite>Yann Algan<\/cite><\/blockquote><\/figure>\n\n\n\n<h2 class=\"wp-block-heading\">La col\u00e8re modifie les pr\u00e9f\u00e9rences&nbsp;&#160;: une preuve causale<\/h2>\n\n\n\n<p>Dans notre note \u00ab&#160;<a href=\"https:\/\/www.cepremap.fr\/2026\/04\/la-democratie-emotionnelle-est-elle-gouvernable\/\">La d\u00e9mocratie \u00e9motionnelle est-elle gouvernable<\/a>&#160;\u00bb&nbsp;<span class='whitespace-nowrap'><span id='easy-footnote-4-326071' class='easy-footnote-margin-adjust'><\/span><span class='easy-footnote'><a href='https:\/\/legrandcontinent.eu\/fr\/2026\/04\/09\/algan-gouvernement-emotions\/#easy-footnote-bottom-4-326071' title='Yann Algan, \u00ab&amp;#160;&lt;a href=&quot;https:\/\/www.cepremap.fr\/2026\/04\/la-democratie-emotionnelle-est-elle-gouvernable\/&quot; target=&quot;_blank&quot; rel=&quot;noreferrer noopener&quot;&gt;La d\u00e9mocratie \u00e9motionnelle est-elle gouvernable&amp;nbsp;&amp;#160;?&lt;\/a&gt;&amp;#160;\u00bb, &lt;em&gt;op. cit.&lt;\/em&gt;'><sup>4<\/sup><\/a><\/span><\/span>, nous d\u00e9crivons en d\u00e9tail les raisons de l\u2019av\u00e8nement d\u2019une d\u00e9mocratie \u00e9motionnelle, en particulier domin\u00e9e par la col\u00e8re. En r\u00e9sum\u00e9, la tradition sociologique insiste sur le passage d&rsquo;une soci\u00e9t\u00e9 encastr\u00e9e dans des institutions stables \u2014 syndicats, partis, \u00c9glises \u2014 \u00e0 une soci\u00e9t\u00e9 post-industrielle o\u00f9 l&rsquo;affaissement de ces cadres a laiss\u00e9 une place grandissante \u00e0 l&rsquo;affect. Fran\u00e7ois Dubet, Pierre Rosanvallon&nbsp;<span class='whitespace-nowrap'><span id='easy-footnote-5-326071' class='easy-footnote-margin-adjust'><\/span><span class='easy-footnote'><a href='https:\/\/legrandcontinent.eu\/fr\/2026\/04\/09\/algan-gouvernement-emotions\/#easy-footnote-bottom-5-326071' title='Pierre Rosanvallon, &lt;em&gt;Les \u00e9preuves de la vie&lt;\/em&gt;, Paris, Seuil, 2021.'><sup>5<\/sup><\/a><\/span><\/span> et Eva Illouz&nbsp;<span class='whitespace-nowrap'><span id='easy-footnote-6-326071' class='easy-footnote-margin-adjust'><\/span><span class='easy-footnote'><a href='https:\/\/legrandcontinent.eu\/fr\/2026\/04\/09\/algan-gouvernement-emotions\/#easy-footnote-bottom-6-326071' title='Eva Illouz, &lt;em&gt;Explosive modernit\u00e9&lt;\/em&gt;, trad. Fr\u00e9d\u00e9ric Joly, Paris, Gallimard, 2025.'><sup>6<\/sup><\/a><\/span><\/span> convergent vers un m\u00eame diagnostic&#160;: l&rsquo;injustice contemporaine est de moins en moins per\u00e7ue comme le produit de rapports sociaux objectivables, et de plus en plus v\u00e9cue comme une blessure individuelle, comparative, \u00e9motionnelle. La col\u00e8re politique actuelle n&rsquo;est pas seulement plus fr\u00e9quente&#160;: elle est institutionnellement d\u00e9sencadr\u00e9e.&nbsp;<\/p>\n\n\n\n<p>Nous pr\u00e9sentons ici davantage les cons\u00e9quences de cet av\u00e8nement de l\u2019empire de la col\u00e8re et la fa\u00e7on dont les acteurs politiques la manipulent strat\u00e9giquement.&nbsp;<\/p>\n\n\n\n<h3 class=\"wp-block-heading\">L&rsquo;\u00e9conomie de l&rsquo;attention&nbsp;&#160;: la rentabilit\u00e9 strat\u00e9gique de la col\u00e8re<\/h3>\n\n\n\n<p>La th\u00e9orie de l&rsquo;<em>affective intelligence<\/em>&nbsp;<span class='whitespace-nowrap'><span id='easy-footnote-7-326071' class='easy-footnote-margin-adjust'><\/span><span class='easy-footnote'><a href='https:\/\/legrandcontinent.eu\/fr\/2026\/04\/09\/algan-gouvernement-emotions\/#easy-footnote-bottom-7-326071' title='George E. Marcus, W. Russell Neuman et Michael B. MacKuen, &lt;em&gt;Affective Intelligence and Political Judgment&lt;\/em&gt;, Chicago, University of Chicago Press, 2000.'><sup>7<\/sup><\/a><\/span><\/span> distingue deux r\u00e9gimes \u00e9motionnels aux effets radicalement oppos\u00e9s.<\/p>\n\n\n\n<p>Alors que la peur mobilise cognitivement \u2014 elle incite \u00e0 chercher de l&rsquo;information, \u00e0 faire confiance aux experts, \u00e0 accepter le compromis \u2014, la col\u00e8re, au contraire, est une \u00e9motion de la certitude morale&nbsp;<span class='whitespace-nowrap'><span id='easy-footnote-8-326071' class='easy-footnote-margin-adjust'><\/span><span class='easy-footnote'><a href='https:\/\/legrandcontinent.eu\/fr\/2026\/04\/09\/algan-gouvernement-emotions\/#easy-footnote-bottom-8-326071' title='Jennifer S. Lerner et Dacher Keltner, \u00ab&amp;#160;Fear, anger, and risk&amp;#160;\u00bb, &lt;em&gt;Journal of Personality and Social Psychology&lt;\/em&gt;, 81 (1), 2001.'><sup>8<\/sup><\/a><\/span><\/span>&#160;: elle identifie un coupable, appelle une sanction, et ferme la r\u00e9ceptivit\u00e9 aux informations contradictoires \u2014 rendant toute r\u00e9ponse institutionnelle structurellement insuffisante.<\/p>\n\n\n\n<p>Or cette disposition cognitive implique que la col\u00e8re est beaucoup plus rentable \u00e0 mobiliser par les acteurs politiques pour engager leurs audiences.&nbsp;<\/p>\n\n\n\n<p>Dans une note r\u00e9cente&nbsp;<span class='whitespace-nowrap'><span id='easy-footnote-9-326071' class='easy-footnote-margin-adjust'><\/span><span class='easy-footnote'><a href='https:\/\/legrandcontinent.eu\/fr\/2026\/04\/09\/algan-gouvernement-emotions\/#easy-footnote-bottom-9-326071' title='Yann Algan, Eva Davoine, Thomas Renault et Stefanie Stantcheva, \u00ab&amp;#160;Emotions and Policy Views&amp;#160;\u00bb, &lt;em&gt;op. cit.&lt;\/em&gt;'><sup>9<\/sup><\/a><\/span><\/span> qui analyse l\u2019ensemble des discours politiques sur X aux \u00c9tats-Unis, on constate +40&nbsp;&#160;% \u00e0 +50&nbsp;&#160;% de retweets pour un message \u00ab&#160;col\u00e9rique&#160;\u00bb chez les \u00e9lus am\u00e9ricains et +80&nbsp;&#160;% \u00e0 +90&nbsp;&#160;% d&rsquo;engagement suppl\u00e9mentaire chez les citoyens.<\/p>\n\n\n\n<p>Ces chiffres confirment la rentabilit\u00e9 strat\u00e9gique de la col\u00e8re dans l&rsquo;espace m\u00e9diatique contemporain. La col\u00e8re est nettement plus efficace que la peur pour modifier les attitudes et mobiliser politiquement. Ce diff\u00e9rentiel d&rsquo;engagement alimente un apprentissage strat\u00e9gique&nbsp;&#160;: les acteurs politiques ajustent leur communication, normalisant la col\u00e8re comme registre ordinaire du d\u00e9bat.<\/p>\n\n\n\n<p>Une pr\u00e9cision s&rsquo;impose toutefois&#160;: si les acteurs politiques alimentent la col\u00e8re, il ne s\u2019agit pas pour autant de disqualifier cette \u00e9motion. Une tradition philosophique solide, de Srinivasan \u00e0 Cherry, en d\u00e9fend la l\u00e9gitimit\u00e9 face \u00e0 l&rsquo;injustice et nous proposerons par la suite une boussole de l\u2019action publique pour y r\u00e9pondre.&nbsp;<\/p>\n\n\n\n<h3 class=\"wp-block-heading\">Des pr\u00e9f\u00e9rences politiques transform\u00e9es<\/h3>\n\n\n\n<p>Pour \u00e9valuer les cons\u00e9quences de la col\u00e8re sur les pr\u00e9f\u00e9rences politiques dans des exp\u00e9riences contr\u00f4l\u00e9es&nbsp;<span class='whitespace-nowrap'><span id='easy-footnote-10-326071' class='easy-footnote-margin-adjust'><\/span><span class='easy-footnote'><a href='https:\/\/legrandcontinent.eu\/fr\/2026\/04\/09\/algan-gouvernement-emotions\/#easy-footnote-bottom-10-326071' title='&lt;em&gt;Ibid.&lt;\/em&gt;'><sup>10<\/sup><\/a><\/span><\/span>, nous exposons des r\u00e9pondants al\u00e9atoirement \u00e0 un stimulus \u00e9motionnel \u2014 sans aucun contenu politique explicite \u2014 et observons comment leurs pr\u00e9f\u00e9rences de politiques publiques s\u2019en trouvent significativement modifi\u00e9es.<\/p>\n\n\n\n<p>L\u2019effet causal de la col\u00e8re touche un large spectre de pr\u00e9f\u00e9rences. Les individus expos\u00e9s \u00e0 un \u00e9tat \u00e9motionnel de col\u00e8re soutiennent davantage les politiques protectionnistes et les restrictions commerciales, expriment un soutien accru aux politiques migratoires restrictives et se montrent plus favorables \u00e0 la redistribution des revenus \u2014 ce dernier point \u00e9tant contre-intuitif. Sur l\u2019immigration, les r\u00e9sultats sont particuli\u00e8rement r\u00e9v\u00e9lateurs&nbsp;&#160;: la perception g\u00e9n\u00e9rale de l\u2019immigration reste inchang\u00e9e, mais le soutien aux mesures restrictives augmente significativement. C\u2019est l\u2019\u00e9tat \u00e9motionnel, non l\u2019information, qui modifie la pr\u00e9f\u00e9rence de politique publique.<\/p>\n\n\n\n<figure class=\"wp-block-pullquote\"><blockquote><p>La col\u00e8re ne correspond pas \u00e0 un retrait de l\u2019action publique&nbsp;&#160;: c\u2019est une demande accrue d\u2019intervention.<\/p><cite>Yann Algan<\/cite><\/blockquote><\/figure>\n\n\n\n<p>Ce paradoxe s\u2019auto-renforce.<\/p>\n\n\n\n<p>La d\u00e9ception engendr\u00e9e par l\u2019incapacit\u00e9 des institutions \u00e0 r\u00e9pondre aux attentes \u00e9motionnelles des citoyens alimente en retour une col\u00e8re de second ordre \u2014 une col\u00e8re contre l\u2019insuffisance de la r\u00e9ponse \u00e0 la col\u00e8re \u2014 qui nourrit la d\u00e9fiance institutionnelle, le rejet des compromis et, en dernier ressort, l\u2019attractivit\u00e9 des propositions les plus radicales.<\/p>\n\n\n\n<h2 class=\"wp-block-heading\">Une boussole \u00e9motionnelle pour l\u2019action publique<\/h2>\n\n\n\n<p>Si la col\u00e8re est devenue un langage politique central, c\u2019est parce qu\u2019elle signale des besoins \u00e9motionnels non satisfaits. L\u2019approche propos\u00e9e ici ne nie ni les contraintes budg\u00e9taires ni les \u00e9quilibres institutionnels&nbsp;&#160;: elle explique plut\u00f4t pourquoi des politiques objectivement efficaces peuvent \u00eatre massivement rejet\u00e9es tandis que d\u2019autres, aux effets mat\u00e9riels limit\u00e9s, suscitent une adh\u00e9sion forte. Nos exp\u00e9rimentations montrent que la col\u00e8re active sp\u00e9cifiquement les besoins d\u00e9fensifs \u2014 elle augmente le soutien aux politiques protectionnistes et restrictives \u2014 tandis que les \u00e9motions positives activent pr\u00e9f\u00e9rentiellement les besoins projectifs.<\/p>\n\n\n\n<h3 class=\"wp-block-heading\">Une cartographie des besoins<\/h3>\n\n\n\n<p>Nous identifions six besoins \u00e9motionnels \u00e0 partir de trois grandes traditions. La psychologie sociale identifie les besoins de reconnaissance, d\u2019appartenance et d\u2019\u00e9quit\u00e9 comme des besoins relationnels fondamentaux&nbsp;<span class='whitespace-nowrap'><span id='easy-footnote-11-326071' class='easy-footnote-margin-adjust'><\/span><span class='easy-footnote'><a href='https:\/\/legrandcontinent.eu\/fr\/2026\/04\/09\/algan-gouvernement-emotions\/#easy-footnote-bottom-11-326071' title='Roy F. Baumeister et Mark R. Leary, \u00ab&amp;#160;The need to belong&amp;#160;: Desire for interpersonal attachments as a fundamental human motivation&amp;#160;\u00bb, &lt;em&gt;Psychological Bulletin, 117 &lt;\/em&gt;(3), 497-529., 1995&amp;#160;; Tom R. Tyler, &lt;em&gt;Why People Obey the Law&lt;\/em&gt;, Princeton, Princeton University Press, 2006.'><sup>11<\/sup><\/a><\/span><\/span>. La philosophie politique \u2014 de Rawls \u00e0 Nussbaum en passant par Fukuyama \u2014 ancre la demande de protection et de projection dans une th\u00e9orie normative du sujet politique. La sociologie contemporaine de Fran\u00e7ois Dubet, Pierre Rosanvallon&nbsp;<span class='whitespace-nowrap'><span id='easy-footnote-12-326071' class='easy-footnote-margin-adjust'><\/span><span class='easy-footnote'><a href='https:\/\/legrandcontinent.eu\/fr\/2026\/04\/09\/algan-gouvernement-emotions\/#easy-footnote-bottom-12-326071' title='Pierre Rosanvallon, &lt;em&gt;Les \u00e9preuves de la vie&lt;\/em&gt;, &lt;em&gt;op. cit.&lt;\/em&gt;'><sup>12<\/sup><\/a><\/span><\/span> et Eva Illouz&nbsp;<span class='whitespace-nowrap'><span id='easy-footnote-13-326071' class='easy-footnote-margin-adjust'><\/span><span class='easy-footnote'><a href='https:\/\/legrandcontinent.eu\/fr\/2026\/04\/09\/algan-gouvernement-emotions\/#easy-footnote-bottom-13-326071' title='Eva Illouz, &lt;em&gt;Explosive modernit\u00e9&lt;\/em&gt;, &lt;em&gt;op. cit.&lt;\/em&gt;'><sup>13<\/sup><\/a><\/span><\/span> documente empiriquement la demande d\u2019ordre et de stabilit\u00e9 comme r\u00e9ponse \u00e0 la d\u00e9sinstitutionnalisation. Ces six besoins s\u2019organisent en deux familles fonctionnellement distinctes&nbsp;&#160;: les besoins projectifs \u2014 reconnaissance, appartenance, projection \u2014 r\u00e9pondent \u00e0 des aspirations&nbsp;&#160;: ils construisent un \u00ab&#160;nous&#160;\u00bb et ouvrent un horizon temporel&#160;; les besoins d\u00e9fensifs \u2014 ordre, protection, \u00e9quit\u00e9 \u2014 r\u00e9pondent \u00e0 des menaces per\u00e7ues&nbsp;&#160;: ils deviennent saillants en situation de crise ou d\u2019injustice v\u00e9cue.<\/p>\n\n\n\n<div class=\"iframe-container wp-block-image wp-block-image-medium  iframe-dw\">\n\t<div>\n\t\t<iframe class=\"absolute w-full h-full pin-t pin-l\" title=\"titolo\" aria-label=\"Interactive line chart\" src=\"\/\/datawrapper.dwcdn.net\/Q4wro\" scrolling=\"no\" frameborder=\"0\"><\/iframe>\n\t<\/div>\n<\/div>\n\n\n\n<h4 class=\"wp-block-heading\">Le besoin de reconnaissance&nbsp;<span class='whitespace-nowrap'><span id='easy-footnote-14-326071' class='easy-footnote-margin-adjust'><\/span><span class='easy-footnote'><a href='https:\/\/legrandcontinent.eu\/fr\/2026\/04\/09\/algan-gouvernement-emotions\/#easy-footnote-bottom-14-326071' title='Francis Fukuyama, &lt;em&gt;Identity. The Demand for Dignity and the Politics of Resentment&lt;\/em&gt;, New York, Farrar, Sraus and Firoux, 2018&amp;#160;; Noam Gidron et Peter A. Hall, \u00ab&amp;#160;The politics of social status&amp;#160;\u00bb, &lt;em&gt;British Journal of Sociology&lt;\/em&gt;, 68(S1), 2017.'><sup>14<\/sup><\/a><\/span><\/span><\/h4>\n\n\n\n<p>Les injustices sont v\u00e9cues comme invisibilisation et m\u00e9pris. Fukuyama fait ainsi de la demande de reconnaissance (<em>thymos<\/em>) le \u00ab&#160;<em>master concept<\/em>&#160;\u00bb de la politique contemporaine&nbsp;&#160;: un groupe humili\u00e9 en qu\u00eate de restitution de sa dignit\u00e9 porte une charge \u00e9motionnelle bien sup\u00e9rieure \u00e0 la simple poursuite d\u2019avantages \u00e9conomiques. Gidron et Hall montrent que la perte de statut social subjectif pr\u00e9dit le vote populiste mieux que le revenu ou le ch\u00f4mage. Y r\u00e9pondre passe par la valorisation de l\u2019expertise d\u2019usage et des dispositifs participatifs con\u00e7us comme instruments de visibilit\u00e9 politique \u2014 sans n\u00e9cessairement exiger une augmentation massive des ressources.<\/p>\n\n\n\n<h4 class=\"wp-block-heading\">Le besoin d\u2019ordre et de stabilit\u00e9&nbsp;<span class='whitespace-nowrap'><span id='easy-footnote-15-326071' class='easy-footnote-margin-adjust'><\/span><span class='easy-footnote'><a href='https:\/\/legrandcontinent.eu\/fr\/2026\/04\/09\/algan-gouvernement-emotions\/#easy-footnote-bottom-15-326071' title='John T. Jost, Jack Glaser,Arie W. Kruglanski et Frank J. Sulloway, \u00ab&amp;#160;Political conservatism as motivated social cognition&amp;#160;\u00bb, &lt;em&gt;op. cit.&lt;\/em&gt;&amp;nbsp;&amp;#160;; Karen Stenner, &lt;em&gt;The Authoritarian Dynamic&lt;\/em&gt;, &lt;em&gt;op. cit.&lt;\/em&gt;'><sup>15<\/sup><\/a><\/span><\/span><\/h4>\n\n\n\n<p>Ce deuxi\u00e8me besoin n\u2019est pas un appel \u00e0 l\u2019autoritarisme mais une demande de lisibilit\u00e9 et de pr\u00e9visibilit\u00e9 dans des environnements per\u00e7us comme instables et opaques. Les m\u00eames individus peuvent \u00eatre tol\u00e9rants en p\u00e9riode calme et radicaux en p\u00e9riode de d\u00e9sordre per\u00e7u. L\u2019ordre est \u00e9motionnellement accept\u00e9 lorsqu\u2019il est \u00e9quitable et effectivement appliqu\u00e9&nbsp;&#160;; lorsqu\u2019il appara\u00eet arbitraire ou asym\u00e9trique, il devient lui-m\u00eame un moteur de col\u00e8re.<\/p>\n\n\n\n<h4 class=\"wp-block-heading\">Le besoin de protection&nbsp;<span class='whitespace-nowrap'><span id='easy-footnote-16-326071' class='easy-footnote-margin-adjust'><\/span><span class='easy-footnote'><a href='https:\/\/legrandcontinent.eu\/fr\/2026\/04\/09\/algan-gouvernement-emotions\/#easy-footnote-bottom-16-326071' title='Anne Johnston et Ted Brader, \u00ab&amp;#160;Campaigning for Hearts and Minds&amp;#160;: How Emotional Appeals in Political Ads Work&lt;em&gt;&amp;#160;\u00bb&lt;\/em&gt;, &lt;em&gt;The Public Opinion Quarterly&lt;\/em&gt; 70, no. 4, 2006&amp;#160;; Bethany Albertson et Shana Kushner, &lt;em&gt;Anxious Politics&amp;#160;: Democratic Citizenship in a Threatening World&lt;\/em&gt;, Cambridge, Cambridge University Press, 2015.'><sup>16<\/sup><\/a><\/span><\/span><\/h4>\n\n\n\n<p>L\u2019anxi\u00e9t\u00e9 pousse les citoyens vers les experts et les autorit\u00e9s, mais les entrepreneurs politiques d\u00e9tournent cette demande vers des r\u00e9ponses punitives. La p\u00e9riode Covid-19 en offre l\u2019illustration inverse&nbsp;&#160;: en d\u00e9ployant massivement le ch\u00f4mage partiel et les subventions aux activit\u00e9s ferm\u00e9es, le gouvernement Macron a maintenu un niveau de popularit\u00e9 sur son volet \u00e9conomique \u2014 preuve que r\u00e9pondre directement et rapidement au besoin de protection mat\u00e9rielle peut temporairement suspendre la d\u00e9fiance, m\u00eame dans un contexte de forte charge \u00e9motionnelle.<\/p>\n\n\n\n<h4 class=\"wp-block-heading\">Le besoin de projection et d\u2019espoir&nbsp;<span class='whitespace-nowrap'><span id='easy-footnote-17-326071' class='easy-footnote-margin-adjust'><\/span><span class='easy-footnote'><a href='https:\/\/legrandcontinent.eu\/fr\/2026\/04\/09\/algan-gouvernement-emotions\/#easy-footnote-bottom-17-326071' title='Jonathan Lear, &lt;em&gt;Radical Hope&lt;\/em&gt;, Cambridge (Massachusetts), &lt;em&gt;op. cit.&lt;\/em&gt;&amp;#160;; Eva Illouz, &lt;em&gt;Explosive Modernit\u00e9&lt;\/em&gt;, &lt;em&gt;op. cit.&lt;\/em&gt;'><sup>17<\/sup><\/a><\/span><\/span><\/h4>\n\n\n\n<p>Il s\u2019agit de la capacit\u00e9 \u00e0 se repr\u00e9senter un avenir personnel et collectif cr\u00e9dible. Jonathan Lear analyse l\u2019espoir comme capacit\u00e9 de se projeter dans un avenir qui n\u2019existe pas encore \u2014 un \u00ab&#160;espoir radical&#160;\u00bb qui fonde la possibilit\u00e9 de l\u2019action politique en situation de d\u00e9sorientation collective. Algan et al. (2026) montrent que c\u2019est moins la pr\u00e9carit\u00e9 \u00e9conomique imm\u00e9diate que le sentiment d\u2019\u00eatre bloqu\u00e9 \u2014 l\u2019absence de perspective, la mobilit\u00e9 sociale per\u00e7ue comme d\u00e9finitivement ferm\u00e9e \u2014 qui est associ\u00e9 au vote RN.&nbsp;<\/p>\n\n\n\n<h4 class=\"wp-block-heading\">Le besoin d\u2019appartenance&nbsp;<span class='whitespace-nowrap'><span id='easy-footnote-18-326071' class='easy-footnote-margin-adjust'><\/span><span class='easy-footnote'><a href='https:\/\/legrandcontinent.eu\/fr\/2026\/04\/09\/algan-gouvernement-emotions\/#easy-footnote-bottom-18-326071' title='Roy F. Baumeister et Mark R. Leary, \u00ab&amp;#160;The need to belong&amp;#160;: Desire for interpersonal attachments as a fundamental human motivation&amp;#160;\u00bb&lt;em&gt;, op. cit.&lt;\/em&gt;&amp;#160;; Arlie Russell Hochschild, &lt;em&gt;Strangers in Their Own Land&lt;\/em&gt;, &lt;em&gt;op. cit.&lt;\/em&gt;'><sup>18<\/sup><\/a><\/span><\/span><\/h4>\n\n\n\n<p>Ce besoin renvoie \u00e0 l\u2019aspiration \u00e0 faire partie d\u2019un \u00ab&#160;nous&#160;\u00bb qui donne sens \u00e0 l\u2019exp\u00e9rience individuelle. Hochschild, dans sa \u00ab&#160;deep story&#160;\u00bb de la droite am\u00e9ricaine, montre que des citoyens se sentent \u00ab&#160;\u00e9trangers dans leur propre pays&#160;\u00bb \u2014 une rupture d\u2019appartenance qui pr\u00e9c\u00e8de et alimente la col\u00e8re politique. Le MAGA de Trump, le \u00ab&#160;chez nous&#160;\u00bb de Le Pen, la \u00ab&#160;France des oubli\u00e9s&#160;\u00bb r\u00e9pondent d\u2019abord \u00e0 ce besoin avant d\u2019\u00eatre des programmes. L\u2019abstention massive des jeunes peut \u00e9galement se lire comme un d\u00e9ficit d\u2019appartenance politique&nbsp;&#160;: on ne vote pas quand on ne se sent membre de rien.<\/p>\n\n\n\n<h4 class=\"wp-block-heading\">Le besoin d\u2019\u00e9quit\u00e9&nbsp;<span class='whitespace-nowrap'><span id='easy-footnote-19-326071' class='easy-footnote-margin-adjust'><\/span><span class='easy-footnote'><a href='https:\/\/legrandcontinent.eu\/fr\/2026\/04\/09\/algan-gouvernement-emotions\/#easy-footnote-bottom-19-326071' title='Tom R. Tyler, &lt;em&gt;Why People Obey the Law&lt;\/em&gt;, &lt;em&gt;op. cit.&lt;\/em&gt;&amp;#160;; Sung In Kim et Peter A. Hall, \u00ab&amp;#160;Fairness and support for populist parties&amp;#160;\u00bb, &lt;em&gt;Comparative Political Studies&lt;\/em&gt;, 57(3), 2024.'><sup>19<\/sup><\/a><\/span><\/span><\/h4>\n\n\n\n<p>Il s\u2019agit ici de v\u00e9hiculer le sentiment que les r\u00e8gles du jeu sont les m\u00eames pour tous. Kim et Hall montrent que le sentiment d\u2019injustice personnelle pousse vers le populisme de droite, tandis que le sentiment d\u2019injustice sociale pousse vers la gauche radicale. Tyler a \u00e9tabli que les citoyens acceptent des r\u00e9sultats d\u00e9favorables si la proc\u00e9dure est per\u00e7ue comme juste \u2014 et inversement, que des r\u00e9sultats favorables dans un cadre per\u00e7u comme injuste nourrissent la col\u00e8re.C\u2019est le ressort des Gilets jaunes&nbsp;&#160;: moins une demande de simple redistribution qu\u2019un cri de justice proc\u00e9durale.<\/p>\n\n\n\n\n\n<figure class=\"wp-block-image wp-block-image-full\"\n    data-shadow=\"false\"\n    data-use-original-file=\"false\">\n    <a\n        data-pswp-src=\"https:\/\/legrandcontinent.eu\/fr\/wp-content\/uploads\/sites\/2\/2026\/04\/socrates_agora_asm-1.png\"\n        class=\"inline-block gallery-item no-underline \"\n        data-pswp-width=\"2500\"\n        data-pswp-height=\"1341\">\n                                        <picture>\r\n                    <source\r\n                srcset=\"https:\/\/legrandcontinent.eu\/fr\/wp-content\/uploads\/sites\/2\/2026\/04\/socrates_agora_asm-1-330x177.png\"\r\n                media=\"(max-width:  330px)\" \/>\r\n                    <source\r\n                srcset=\"https:\/\/legrandcontinent.eu\/fr\/wp-content\/uploads\/sites\/2\/2026\/04\/socrates_agora_asm-1-690x370.png\"\r\n                media=\"(max-width:  690px)\" \/>\r\n                    <source\r\n                srcset=\"https:\/\/legrandcontinent.eu\/fr\/wp-content\/uploads\/sites\/2\/2026\/04\/socrates_agora_asm-1-990x531.png\"\r\n                media=\"(max-width:  990px)\" \/>\r\n                    <source\r\n                srcset=\"https:\/\/legrandcontinent.eu\/fr\/wp-content\/uploads\/sites\/2\/2026\/04\/socrates_agora_asm-1-1340x719.png\"\r\n                media=\"(max-width: 1340px)\" \/>\r\n                    <source\r\n                srcset=\"https:\/\/legrandcontinent.eu\/fr\/wp-content\/uploads\/sites\/2\/2026\/04\/socrates_agora_asm-1-1600x858.png\"\r\n                media=\"(max-width: 1600px)\" \/>\r\n                    <source\r\n                srcset=\"https:\/\/legrandcontinent.eu\/fr\/wp-content\/uploads\/sites\/2\/2026\/04\/socrates_agora_asm-1-1920x1030.png\"\r\n                media=\"(min-width: 1601px)\" \/>\r\n                <img decoding=\"async\" src=\"https:\/\/legrandcontinent.eu\/fr\/wp-content\/uploads\/sites\/2\/2026\/04\/socrates_agora_asm-1-125x67.png\" \/>\r\n        <\/picture>\r\n                            \n                    <figcaption class=\"pswp-caption-content \">\u00a9 Tundra Studio (d&rsquo;apr\u00e8s \u00ab&#160;&#160;Le discours de Socrate&#160;&#160;\u00bb par Louis-Joseph Lebrun, 1867)<\/figcaption>\n            <\/a>\n<\/figure>\n\n\n<h3 class=\"wp-block-heading\">Tensions entre besoins et cons\u00e9quences politiques<\/h3>\n\n\n\n<p>Les six besoins entrent parfois en tension, et c\u2019est dans ces zones de friction que se joue une grande partie de la politique \u00e9motionnelle contemporaine. Trois tensions sont particuli\u00e8rement structurantes.<\/p>\n\n\n\n<ul class=\"wp-block-list\">\n<li>Ordre vs. \u00e9quit\u00e9&nbsp;&#160;: la demande d\u2019ordre satisfaite par des mesures asym\u00e9triques transforme la demande de s\u00e9curit\u00e9 en combustible de la col\u00e8re \u2014 c\u2019est le paradoxe de beaucoup de politiques s\u00e9curitaires.&nbsp;<\/li>\n\n\n\n<li>Appartenance vs. reconnaissance&nbsp;&#160;: le \u00ab&#160;nous&#160;\u00bb, qui satisfait le besoin d\u2019appartenance, est souvent construit par exclusion, niant la reconnaissance des groupes d\u00e9sign\u00e9s comme \u00ab&#160;eux&#160;\u00bb.&nbsp;<\/li>\n\n\n\n<li>Projection vs. protection&nbsp;&#160;: l\u2019espoir dans un avenir meilleur peut \u00eatre per\u00e7u comme na\u00eff lorsque la demande de s\u00e9curit\u00e9 imm\u00e9diate n\u2019est pas satisfaite. C\u2019est l\u2019\u00e9chec d\u2019Obama apr\u00e8s 2008&#160;: un discours de projection sans r\u00e9ponse aux besoins de protection mat\u00e9rielle et le blocage de l\u2019Obama Care g\u00e9n\u00e8rent une d\u00e9ception d\u2019autant plus forte que l\u2019espoir initial \u00e9tait intense.<\/li>\n<\/ul>\n\n\n\n<p>La grande trag\u00e9die de nos d\u00e9mocraties contemporaines \u2014 et en particulier de la social-d\u00e9mocratie \u2014 est qu\u2019il est devenu beaucoup plus difficile de r\u00e9soudre ces tensions entre les diff\u00e9rents besoins \u00e9motionnels dans une p\u00e9riode de tr\u00e8s faible croissance \u00e9conomique. Durant les Trente Glorieuses, la social-d\u00e9mocratie articulait croissance, mobilit\u00e9 sociale et protection&nbsp;&#160;: l\u2019espoir et la protection \u00e9taient garantis par la forte croissance. Ce lien s\u2019est d\u00e9fait \u2014 ce qui explique en grande partie la mont\u00e9e des votes antisyst\u00e8mes. Le bilan contrast\u00e9 d\u2019Obama et de Macron illustre la fragilit\u00e9 de l\u2019espoir sans r\u00e9sultats visibles&nbsp;&#160;: plus l\u2019espoir est intense, plus la d\u00e9ception est grande, plus la col\u00e8re qui en r\u00e9sulte est radicale \u2014 ce qu\u2019Illouz appelle la \u00ab&#160;spirale de d\u00e9ception&#160;\u00bb&nbsp;<span class='whitespace-nowrap'><span id='easy-footnote-20-326071' class='easy-footnote-margin-adjust'><\/span><span class='easy-footnote'><a href='https:\/\/legrandcontinent.eu\/fr\/2026\/04\/09\/algan-gouvernement-emotions\/#easy-footnote-bottom-20-326071' title='Nous renvoyons \u00e0 notre note \u00ab&amp;#160;&lt;a href=&quot;https:\/\/www.cepremap.fr\/2026\/04\/la-democratie-emotionnelle-est-elle-gouvernable\/&quot; target=&quot;_blank&quot; rel=&quot;noreferrer noopener&quot;&gt;La d\u00e9mocratie \u00e9motionnelle est-elle gouvernable&amp;#160;?&lt;\/a&gt;&amp;#160;\u00bb pour une analyse d\u00e9taill\u00e9e des programmes de Donald Trump, de Marine Le Pen et de Sarah Knafo ou encore de l\u2019\u00e9lection de Zohran Mamdani \u00e0 la mairie de New York au prisme de cette boussole \u00e9motionnelle.'><sup>20<\/sup><\/a><\/span><\/span>.<\/p>\n\n\n\n<figure class=\"wp-block-pullquote\"><blockquote><p>Toute politique qui satisfait un besoin en en sacrifiant un autre g\u00e9n\u00e8re un exc\u00e9dent de col\u00e8re.<\/p><cite>Yann Algan<\/cite><\/blockquote><\/figure>\n\n\n\n<h2 class=\"wp-block-heading\">L\u2019IA&nbsp;&#160;: amplificateur ou contre-pouvoir&nbsp;&#160;?<\/h2>\n\n\n\n<p>Nos d\u00e9mocraties sont entr\u00e9es dans un r\u00e9gime de forte intensit\u00e9 \u00e9motionnelle structur\u00e9 par l\u2019\u00e9conomie de l\u2019attention. L\u2019essor de l\u2019IA n\u2019a pas cr\u00e9\u00e9 cette dynamique mais la renforce, l\u2019acc\u00e9l\u00e8re et la reconfigure.<\/p>\n\n\n\n<h3 class=\"wp-block-heading\">Le terreau algorithmique<\/h3>\n\n\n\n<p>Avant l\u2019IA g\u00e9n\u00e9rative, les algorithmes de recommandation constituaient d\u00e9j\u00e0 le premier multiplicateur \u00e9motionnel \u00e0 grande \u00e9chelle. Facebook pond\u00e9rait explicitement les r\u00e9actions \u00ab&#160;<em>angry<\/em>&#160;\u00bb cinq fois plus que les simples \u00ab&#160;<em>likes<\/em>&#160;\u00bb d\u00e8s 2017. Une exp\u00e9rience randomis\u00e9e sur X en apporte la preuve causale&nbsp;<span class='whitespace-nowrap'><span id='easy-footnote-21-326071' class='easy-footnote-margin-adjust'><\/span><span class='easy-footnote'><a href='https:\/\/legrandcontinent.eu\/fr\/2026\/04\/09\/algan-gouvernement-emotions\/#easy-footnote-bottom-21-326071' title='Smitha Milli &lt;em&gt;et al.&lt;\/em&gt;, \u00ab&amp;#160;Engagement, user satisfaction, and the amplification of divisive content&amp;#160;\u00bb, &lt;em&gt;PNAS Nexus&lt;\/em&gt;, 4 (3), 2025.'><sup>21<\/sup><\/a><\/span><\/span>&nbsp;&#160;: l\u2019algorithme d\u2019engagement amplifie la col\u00e8re de +0,75 \u00e9cart-type dans les tweets politiques, tout en augmentant l\u2019animosit\u00e9 envers l\u2019autre camp \u2014 alors que les utilisateurs d\u00e9clarent pr\u00e9f\u00e9rer un fil chronologique neutre. L\u2019amplification \u00e9motionnelle n\u2019est pas une pr\u00e9f\u00e9rence r\u00e9v\u00e9l\u00e9e&nbsp;&#160;: c\u2019est un artefact de la maximisation de l\u2019engagement. L\u2019IA g\u00e9n\u00e9rative l\u2019industrialise \u00e0 co\u00fbt marginal quasi nul.<\/p>\n\n\n\n<p>Les cadres r\u00e9glementaires existants \u2014 l\u2019AI Act europ\u00e9en (2024), le Digital Services Act (2022) \u2014 se concentrent sur les biais discriminatoires et la d\u00e9sinformation factuelle. Ils laissent dans l\u2019angle mort l\u2019essentiel de l\u2019influence politique de l\u2019IA&nbsp;&#160;: le registre \u00e9motionnel dans lequel l\u2019information est pr\u00e9sent\u00e9e. Un m\u00eame fait peut \u00eatre cadr\u00e9 sur un ton neutre, anxiog\u00e8ne, indign\u00e9 ou mobilisateur. R\u00e9guler la d\u00e9sinformation sans r\u00e9guler la tonalit\u00e9 \u00e9motionnelle, c\u2019est fermer la porte tout en laissant les fen\u00eatres grandes ouvertes.<\/p>\n\n\n\n<h3 class=\"wp-block-heading\">Le paradoxe des LLM&nbsp;&#160;: vers une force de convergence&nbsp;&#160;?<\/h3>\n\n\n\n<p>L\u00e0 o\u00f9 les r\u00e9seaux sociaux ont constitu\u00e9 une force de divergence \u00e9pist\u00e9mique, les grands mod\u00e8les de langage pourraient op\u00e9rer comme une force de convergence. La raison est structurelle&nbsp;&#160;: entra\u00een\u00e9 sur des corpus issus de l\u2019ensemble du spectre politique, un LLM r\u00e9pond \u00e0 chaque utilisateur \u00e0 partir d\u2019une synth\u00e8se de ce que pense la majorit\u00e9 silencieuse \u2014 non d\u2019une chambre d\u2019\u00e9cho partisane. Thomas Renault, David Rand et leurs co-auteurs&nbsp;<span class='whitespace-nowrap'><span id='easy-footnote-22-326071' class='easy-footnote-margin-adjust'><\/span><span class='easy-footnote'><a href='https:\/\/legrandcontinent.eu\/fr\/2026\/04\/09\/algan-gouvernement-emotions\/#easy-footnote-bottom-22-326071' title='Thomas Renault, David G. Rand &lt;em&gt;et al.&lt;\/em&gt;, \u00ab&amp;#160;LLM Fact-Checking at Scale on X&amp;#160;\u00bb [&lt;em&gt;working paper &lt;\/em&gt;in\u00e9dit], 2026.'><sup>22<\/sup><\/a><\/span><\/span>, dans une \u00e9tude portant sur 1,67 million de demandes de <em>fact-checking<\/em> adress\u00e9es \u00e0 Grok et Perplexity sur X, montrent que les participants modifient significativement leurs croyances, avec des tailles d\u2019effet comparables \u00e0 celles des <em>fact-checkers <\/em>professionnels humains.<\/p>\n\n\n\n<p>Trois leviers r\u00e9glementaires compl\u00e9mentaires peuvent \u00eatre envisag\u00e9s&nbsp;&#160;: rendre auditable le registre \u00e9motionnel des mod\u00e8les d\u2019IA (un \u00ab&#160;profil \u00e9motionnel&#160;\u00bb ajout\u00e9 aux <em>model cards<\/em>, sur le mod\u00e8le des biais de genre d\u00e9j\u00e0 document\u00e9s)&nbsp;&#160;; signaler la tonalit\u00e9 \u00e9motionnelle des contenus politiques amplifi\u00e9s (un \u00ab&#160;label nutritionnel \u00e9motionnel&#160;\u00bb, non censurant, rendant visible un m\u00e9canisme aujourd\u2019hui invisible)&nbsp;&#160;; et concevoir les interfaces conversationnelles comme des espaces de r\u00e9gulation, sur le mod\u00e8le des travaux de Costello, Pennycook et Rand&nbsp;<span class='whitespace-nowrap'><span id='easy-footnote-23-326071' class='easy-footnote-margin-adjust'><\/span><span class='easy-footnote'><a href='https:\/\/legrandcontinent.eu\/fr\/2026\/04\/09\/algan-gouvernement-emotions\/#easy-footnote-bottom-23-326071' title='Thomas H. Costello, Gordon Pennycook et David G. Rand, \u00ab&amp;#160;Durably Reducing Conspiracy Beliefs Through Dialogues with AI&amp;#160;\u00bb, &lt;em&gt;Science&lt;\/em&gt;, 385 (6714), 2024.'><sup>23<\/sup><\/a><\/span><\/span> qui montrent que des agents d\u2019IA con\u00e7us sur un mode d\u2019\u00e9coute empathique r\u00e9duisent durablement l\u2019adh\u00e9sion aux croyances conspirationnistes.<\/p>\n\n\n\n<figure class=\"wp-block-pullquote\"><blockquote><p>L\u2019IA conversationnelle pourrait devenir un outil de \u00ab&#160;d\u00e9c\u00e9l\u00e9ration \u00e9motionnelle&#160;\u00bb.<\/p><cite>Yann Algan<\/cite><\/blockquote><\/figure>\n\n\n\n<h2 class=\"wp-block-heading\">Pour une d\u00e9mocratie \u00e9motionnellement soutenable<\/h2>\n\n\n\n<p>Les d\u00e9mocraties contemporaines connaissent moins une explosion des divergences programmatiques qu&rsquo;une mont\u00e9e rapide de la polarisation affective&#160;: le d\u00e9saccord ne porte plus sur les solutions \u00e0 apporter \u00e0 des probl\u00e8mes collectifs, mais sur la l\u00e9gitimit\u00e9 morale de l&rsquo;adversaire.&nbsp;<\/p>\n\n\n\n<p>La col\u00e8re op\u00e8re pr\u00e9cis\u00e9ment ce basculement, transformant, selon Chantal Mouffe&nbsp;<span class='whitespace-nowrap'><span id='easy-footnote-24-326071' class='easy-footnote-margin-adjust'><\/span><span class='easy-footnote'><a href='https:\/\/legrandcontinent.eu\/fr\/2026\/04\/09\/algan-gouvernement-emotions\/#easy-footnote-bottom-24-326071' title='Chantal Mouffe, &lt;em&gt;On the Political&lt;\/em&gt;, New York, Routledge, 2005.'><sup>24<\/sup><\/a><\/span><\/span>, l&rsquo;agonisme d\u00e9mocratique en antagonisme existentiel, o\u00f9 le compromis n&rsquo;est plus per\u00e7u comme un m\u00e9canisme n\u00e9cessaire mais comme une capitulation. C&rsquo;est le paradoxe central&#160;: la col\u00e8re accro\u00eet simultan\u00e9ment l&rsquo;intensit\u00e9 de la demande politique et l&rsquo;impossibilit\u00e9 de sa satisfaction par les voies ordinaires. Les citoyens en col\u00e8re veulent davantage d&rsquo;action publique \u2014 protection, justice, r\u00e9paration \u2014 mais tol\u00e8rent de moins en moins les arbitrages et les temporalit\u00e9s longues que toute action publique implique n\u00e9cessairement. Peter Mair en d\u00e9crit les cons\u00e9quences institutionnelles&nbsp;<span class='whitespace-nowrap'><span id='easy-footnote-25-326071' class='easy-footnote-margin-adjust'><\/span><span class='easy-footnote'><a href='https:\/\/legrandcontinent.eu\/fr\/2026\/04\/09\/algan-gouvernement-emotions\/#easy-footnote-bottom-25-326071' title='Peter Mair, &lt;em&gt;Ruling the Void&amp;#160;: The Hollowing of Western Democracy&lt;\/em&gt;, Londres, Verso, 2013.'><sup>25<\/sup><\/a><\/span><\/span>&#160;: la d\u00e9mocratie contemporaine est \u00e9cartel\u00e9e entre sa dimension expressive \u2014 relayer les \u00e9motions \u2014 et sa dimension gouvernante&nbsp;&#160;: produire des d\u00e9cisions stables. Les partis deviennent des relais \u00e9motionnels efficaces, mais des instruments de gouvernement de plus en plus fragiles. Eva Illouz en formule la cons\u00e9quence ultime&#160;: la d\u00e9mocratie gouvernante est structurellement condamn\u00e9e \u00e0 produire des r\u00e9ponses \u00ab&#160;ti\u00e8des&#160;\u00bb face \u00e0 des demandes \u00ab&#160;br\u00fblantes&#160;\u00bb, g\u00e9n\u00e9rant une col\u00e8re de second ordre qui nourrit la d\u00e9fiance et l&rsquo;attractivit\u00e9 des propositions les plus radicales.<\/p>\n\n\n\n<p>Dans ce contexte, la question qui s&rsquo;impose aux forces progressistes est celle-ci&#160;: quel registre \u00e9motionnel leur reste-t-il&#160;?&nbsp;<\/p>\n\n\n\n<p>La col\u00e8re est structurellement le registre de la d\u00e9nonciation \u2014 des coupables d\u00e9sign\u00e9s, des ennemis nomm\u00e9s, d&rsquo;un ordre moral \u00e0 restaurer par la punition. C&rsquo;est le terrain naturel des populismes, qui l&rsquo;ont investi avec une redoutable efficacit\u00e9. Pour la social-d\u00e9mocratie, tenter de les y rejoindre serait une erreur strat\u00e9gique autant qu&rsquo;une faute intellectuelle&#160;: la col\u00e8re simplificatrice contredit la complexit\u00e9 des diagnostics qu&rsquo;elle porte.<\/p>\n\n\n\n<p>La seule voie disponible est <a href=\"https:\/\/legrandcontinent.eu\/fr\/2026\/01\/19\/la-fierte-francaise\/\">celle de l&rsquo;espoir<\/a>, non pas tant l&rsquo;espoir na\u00eff qui ignore la col\u00e8re et g\u00e9n\u00e8re la spirale de d\u00e9ception qu\u2019Eva Illouz a si bien d\u00e9crite qu\u2019un espoir exigeant, fond\u00e9 sur des r\u00e9sultats interm\u00e9diaires visibles. Un espoir qui reconna\u00eet les souffrances sans en faire le carburant principal. Un espoir qui convainc que la politique peut \u00eatre un jeu \u00e0 somme positive \u2014 favoriser l&rsquo;innovation, prot\u00e9ger les uns sans sacrifier les autres, ouvrir la mobilit\u00e9 sociale l\u00e0 o\u00f9 elle s&rsquo;est referm\u00e9e. Cet espoir-l\u00e0 ne peut pas \u00eatre un discours&#160;: il doit \u00eatre une r\u00e9alit\u00e9 tangible. Il suppose de la croissance, de l&rsquo;innovation, de la mobilit\u00e9 sociale, une \u00e9galit\u00e9 des opportunit\u00e9s, les conditions mat\u00e9rielles sans lesquelles l&rsquo;horizon reste vide et la promesse inaudible.&nbsp;<\/p>\n\n\n\n<p>C&rsquo;est le grand d\u00e9fi des social-d\u00e9mocraties dans un contexte de croissance structurellement faible&#160;: recr\u00e9er les conditions de l&rsquo;espoir cr\u00e9dible, l\u00e0 o\u00f9 les Trente Glorieuses les offraient spontan\u00e9ment.<\/p>\n\n\n\n<p>Dans ce contexte, une d\u00e9mocratie \u00e9motionnellement soutenable est une d\u00e9mocratie qui satisfait trois conditions simultan\u00e9ment.&nbsp;<\/p>\n\n\n\n<p>Elle reconna\u00eet les \u00e9motions des citoyens comme des signaux l\u00e9gitimes plut\u00f4t que comme des pathologies \u00e0 r\u00e9primer ou \u00e0 instrumentaliser.&nbsp;<\/p>\n\n\n\n<p>Elle traduit ces signaux en politiques qui r\u00e9pondent effectivement aux besoins \u00e9motionnels sous-jacents, plut\u00f4t qu&rsquo;\u00e0 leurs expressions imm\u00e9diates.&nbsp;<\/p>\n\n\n\n<p>Elle pr\u00e9serve, enfin, les conditions de la d\u00e9lib\u00e9ration \u2014 bonne foi, factualit\u00e9, reconnaissance de l&rsquo;adversaire comme l\u00e9gitime \u2014 sans lesquelles la col\u00e8re n&rsquo;est plus un signal mais un bruit qui sature le syst\u00e8me.<\/p>\n\n\n\n<p>La d\u00e9mocratie \u00e9motionnellement soutenable n&rsquo;est pas celle qui \u00e9limine les \u00e9motions du politique \u2014 projet vain et ind\u00e9sirable \u2014 mais celle qui transforme la conflictualit\u00e9 affective en d\u00e9lib\u00e9ration productive. L&rsquo;IA rend cette ambition \u00e0 la fois plus urgente et, peut-\u00eatre, plus accessible&#160;: ce ne serait pas la moindre des r\u00e9volutions d\u00e9mocratiques de notre temps.<\/p>\n","protected":false},"excerpt":{"rendered":"<p>Dans nos analyses de la crise politique contemporaine, il manque souvent une pi\u00e8ce centrale.<\/p>\n<p>Pour refonder la d\u00e9mocratie, il faut commencer par apprendre \u00e0 gouverner les \u00e9motions.<\/p>\n<p>Une pi\u00e8ce de doctrine sign\u00e9e Yann Algan.<\/p>\n","protected":false},"author":10,"featured_media":326213,"comment_status":"closed","ping_status":"closed","sticky":false,"template":"templates\/post-editorials.php","format":"standard","meta":{"_acf_changed":true,"_trash_the_other_posts":false,"_yoast_wpseo_estimated-reading-time-minutes":20,"footnotes":""},"categories":[3412],"tags":[],"staff":[4880],"editorial_format":[4857],"serie":[],"audience":[],"geo":[1917],"class_list":["post-326071","post","type-post","status-publish","format-standard","hentry","category-puissances-de-lia","staff-yann-algan","editorial_format-pieces-de-doctrines","geo-europe"],"acf":{"open_in_webview":false,"accent":"default"},"yoast_head":"<!-- This site is optimized with the Yoast SEO plugin v26.1.1 - https:\/\/yoast.com\/wordpress\/plugins\/seo\/ -->\n<title>Le gouvernement des \u00e9motions au temps de l\u2019IA | Le Grand Continent<\/title>\n<meta name=\"robots\" content=\"index, follow, max-snippet:-1, max-image-preview:large, max-video-preview:-1\" \/>\n<link rel=\"canonical\" href=\"https:\/\/legrandcontinent.eu\/fr\/2026\/04\/09\/algan-gouvernement-emotions\/\" \/>\n<meta property=\"og:locale\" content=\"fr_FR\" \/>\n<meta property=\"og:type\" content=\"article\" \/>\n<meta property=\"og:title\" content=\"Le gouvernement des \u00e9motions au temps de l\u2019IA | Le Grand Continent\" \/>\n<meta property=\"og:description\" content=\"Dans nos analyses de la crise politique contemporaine, il manque souvent une pi\u00e8ce centrale.  Pour refonder la d\u00e9mocratie, il faut commencer par apprendre \u00e0 gouverner les \u00e9motions.  Une pi\u00e8ce de doctrine sign\u00e9e Yann Algan.\" \/>\n<meta property=\"og:url\" content=\"https:\/\/legrandcontinent.eu\/fr\/2026\/04\/09\/algan-gouvernement-emotions\/\" \/>\n<meta property=\"og:site_name\" content=\"Le Grand Continent\" \/>\n<meta property=\"article:published_time\" content=\"2026-04-09T04:00:00+00:00\" \/>\n<meta property=\"article:modified_time\" content=\"2026-04-09T16:00:50+00:00\" \/>\n<meta property=\"og:image\" content=\"https:\/\/legrandcontinent.eu\/fr\/wp-content\/uploads\/sites\/2\/2026\/04\/gc-instademocratie-scaled.jpg\" \/>\n\t<meta property=\"og:image:width\" content=\"2560\" \/>\n\t<meta property=\"og:image:height\" content=\"1481\" \/>\n\t<meta property=\"og:image:type\" content=\"image\/jpeg\" \/>\n<meta name=\"author\" content=\"Matheo Malik\" \/>\n<meta name=\"twitter:card\" content=\"summary_large_image\" \/>\n<meta name=\"twitter:image\" content=\"https:\/\/legrandcontinent.eu\/fr\/wp-content\/uploads\/sites\/2\/2026\/04\/gc-instademocratie-scaled.jpg\" \/>\n<meta name=\"twitter:label1\" content=\"\u00c9crit par\" \/>\n\t<meta name=\"twitter:data1\" content=\"Matheo Malik\" \/>\n\t<meta name=\"twitter:label2\" content=\"Dur\u00e9e de lecture estim\u00e9e\" \/>\n\t<meta name=\"twitter:data2\" content=\"20 minutes\" \/>\n<script type=\"application\/ld+json\" class=\"yoast-schema-graph\">{\"@context\":\"https:\/\/schema.org\",\"@graph\":[{\"@type\":\"WebPage\",\"@id\":\"https:\/\/legrandcontinent.eu\/fr\/2026\/04\/09\/algan-gouvernement-emotions\/\",\"url\":\"https:\/\/legrandcontinent.eu\/fr\/2026\/04\/09\/algan-gouvernement-emotions\/\",\"name\":\"Le gouvernement des \u00e9motions au temps de l\u2019IA | Le Grand Continent\",\"isPartOf\":{\"@id\":\"https:\/\/legrandcontinent.eu\/fr\/#website\"},\"primaryImageOfPage\":{\"@id\":\"https:\/\/legrandcontinent.eu\/fr\/2026\/04\/09\/algan-gouvernement-emotions\/#primaryimage\"},\"image\":{\"@id\":\"https:\/\/legrandcontinent.eu\/fr\/2026\/04\/09\/algan-gouvernement-emotions\/#primaryimage\"},\"thumbnailUrl\":\"https:\/\/legrandcontinent.eu\/fr\/wp-content\/uploads\/sites\/2\/2026\/04\/socrates_agora_asm_vert-copia.png\",\"datePublished\":\"2026-04-09T04:00:00+00:00\",\"dateModified\":\"2026-04-09T16:00:50+00:00\",\"author\":{\"@id\":\"https:\/\/legrandcontinent.eu\/fr\/#\/schema\/person\/a1c2123a1ef5abd663fcde8f63063d45\"},\"breadcrumb\":{\"@id\":\"https:\/\/legrandcontinent.eu\/fr\/2026\/04\/09\/algan-gouvernement-emotions\/#breadcrumb\"},\"inLanguage\":\"fr-FR\",\"potentialAction\":[{\"@type\":\"ReadAction\",\"target\":[\"https:\/\/legrandcontinent.eu\/fr\/2026\/04\/09\/algan-gouvernement-emotions\/\"]}]},{\"@type\":\"ImageObject\",\"inLanguage\":\"fr-FR\",\"@id\":\"https:\/\/legrandcontinent.eu\/fr\/2026\/04\/09\/algan-gouvernement-emotions\/#primaryimage\",\"url\":\"https:\/\/legrandcontinent.eu\/fr\/wp-content\/uploads\/sites\/2\/2026\/04\/socrates_agora_asm_vert-copia.png\",\"contentUrl\":\"https:\/\/legrandcontinent.eu\/fr\/wp-content\/uploads\/sites\/2\/2026\/04\/socrates_agora_asm_vert-copia.png\",\"width\":948,\"height\":1452,\"caption\":\"\u00a9 Tundra Studio (d'apr\u00e8s \u00abLe discours de Socrate\u00bb par Louis-Joseph Lebrun, 1867)\"},{\"@type\":\"BreadcrumbList\",\"@id\":\"https:\/\/legrandcontinent.eu\/fr\/2026\/04\/09\/algan-gouvernement-emotions\/#breadcrumb\",\"itemListElement\":[{\"@type\":\"ListItem\",\"position\":1,\"name\":\"Accueil\",\"item\":\"https:\/\/legrandcontinent.eu\/fr\/\"},{\"@type\":\"ListItem\",\"position\":2,\"name\":\"Le gouvernement des \u00e9motions au temps de l\u2019IA\"}]},{\"@type\":\"WebSite\",\"@id\":\"https:\/\/legrandcontinent.eu\/fr\/#website\",\"url\":\"https:\/\/legrandcontinent.eu\/fr\/\",\"name\":\"Le Grand Continent\",\"description\":\"L&#039;\u00e9chelle pertinente\",\"potentialAction\":[{\"@type\":\"SearchAction\",\"target\":{\"@type\":\"EntryPoint\",\"urlTemplate\":\"https:\/\/legrandcontinent.eu\/fr\/?s={search_term_string}\"},\"query-input\":{\"@type\":\"PropertyValueSpecification\",\"valueRequired\":true,\"valueName\":\"search_term_string\"}}],\"inLanguage\":\"fr-FR\"},{\"@type\":\"Person\",\"@id\":\"https:\/\/legrandcontinent.eu\/fr\/#\/schema\/person\/a1c2123a1ef5abd663fcde8f63063d45\",\"name\":\"Matheo Malik\",\"image\":{\"@type\":\"ImageObject\",\"inLanguage\":\"fr-FR\",\"@id\":\"https:\/\/legrandcontinent.eu\/fr\/#\/schema\/person\/image\/\",\"url\":\"https:\/\/secure.gravatar.com\/avatar\/62cbadb9f7f0804282928747d8d2051d?s=96&d=mm&r=g\",\"contentUrl\":\"https:\/\/secure.gravatar.com\/avatar\/62cbadb9f7f0804282928747d8d2051d?s=96&d=mm&r=g\",\"caption\":\"Matheo Malik\"}}]}<\/script>\n<!-- \/ Yoast SEO plugin. -->","yoast_head_json":{"title":"Le gouvernement des \u00e9motions au temps de l\u2019IA | Le Grand Continent","robots":{"index":"index","follow":"follow","max-snippet":"max-snippet:-1","max-image-preview":"max-image-preview:large","max-video-preview":"max-video-preview:-1"},"canonical":"https:\/\/legrandcontinent.eu\/fr\/2026\/04\/09\/algan-gouvernement-emotions\/","og_locale":"fr_FR","og_type":"article","og_title":"Le gouvernement des \u00e9motions au temps de l\u2019IA | Le Grand Continent","og_description":"Dans nos analyses de la crise politique contemporaine, il manque souvent une pi\u00e8ce centrale.  Pour refonder la d\u00e9mocratie, il faut commencer par apprendre \u00e0 gouverner les \u00e9motions.  Une pi\u00e8ce de doctrine sign\u00e9e Yann Algan.","og_url":"https:\/\/legrandcontinent.eu\/fr\/2026\/04\/09\/algan-gouvernement-emotions\/","og_site_name":"Le Grand Continent","article_published_time":"2026-04-09T04:00:00+00:00","article_modified_time":"2026-04-09T16:00:50+00:00","og_image":[{"width":2560,"height":1481,"url":"https:\/\/legrandcontinent.eu\/fr\/wp-content\/uploads\/sites\/2\/2026\/04\/gc-instademocratie-scaled.jpg","type":"image\/jpeg"}],"author":"Matheo Malik","twitter_card":"summary_large_image","twitter_image":"https:\/\/legrandcontinent.eu\/fr\/wp-content\/uploads\/sites\/2\/2026\/04\/gc-instademocratie-scaled.jpg","twitter_misc":{"\u00c9crit par":"Matheo Malik","Dur\u00e9e de lecture estim\u00e9e":"20 minutes"},"schema":{"@context":"https:\/\/schema.org","@graph":[{"@type":"WebPage","@id":"https:\/\/legrandcontinent.eu\/fr\/2026\/04\/09\/algan-gouvernement-emotions\/","url":"https:\/\/legrandcontinent.eu\/fr\/2026\/04\/09\/algan-gouvernement-emotions\/","name":"Le gouvernement des \u00e9motions au temps de l\u2019IA | Le Grand Continent","isPartOf":{"@id":"https:\/\/legrandcontinent.eu\/fr\/#website"},"primaryImageOfPage":{"@id":"https:\/\/legrandcontinent.eu\/fr\/2026\/04\/09\/algan-gouvernement-emotions\/#primaryimage"},"image":{"@id":"https:\/\/legrandcontinent.eu\/fr\/2026\/04\/09\/algan-gouvernement-emotions\/#primaryimage"},"thumbnailUrl":"https:\/\/legrandcontinent.eu\/fr\/wp-content\/uploads\/sites\/2\/2026\/04\/socrates_agora_asm_vert-copia.png","datePublished":"2026-04-09T04:00:00+00:00","dateModified":"2026-04-09T16:00:50+00:00","author":{"@id":"https:\/\/legrandcontinent.eu\/fr\/#\/schema\/person\/a1c2123a1ef5abd663fcde8f63063d45"},"breadcrumb":{"@id":"https:\/\/legrandcontinent.eu\/fr\/2026\/04\/09\/algan-gouvernement-emotions\/#breadcrumb"},"inLanguage":"fr-FR","potentialAction":[{"@type":"ReadAction","target":["https:\/\/legrandcontinent.eu\/fr\/2026\/04\/09\/algan-gouvernement-emotions\/"]}]},{"@type":"ImageObject","inLanguage":"fr-FR","@id":"https:\/\/legrandcontinent.eu\/fr\/2026\/04\/09\/algan-gouvernement-emotions\/#primaryimage","url":"https:\/\/legrandcontinent.eu\/fr\/wp-content\/uploads\/sites\/2\/2026\/04\/socrates_agora_asm_vert-copia.png","contentUrl":"https:\/\/legrandcontinent.eu\/fr\/wp-content\/uploads\/sites\/2\/2026\/04\/socrates_agora_asm_vert-copia.png","width":948,"height":1452,"caption":"\u00a9 Tundra Studio (d'apr\u00e8s \u00abLe discours de Socrate\u00bb par Louis-Joseph Lebrun, 1867)"},{"@type":"BreadcrumbList","@id":"https:\/\/legrandcontinent.eu\/fr\/2026\/04\/09\/algan-gouvernement-emotions\/#breadcrumb","itemListElement":[{"@type":"ListItem","position":1,"name":"Accueil","item":"https:\/\/legrandcontinent.eu\/fr\/"},{"@type":"ListItem","position":2,"name":"Le gouvernement des \u00e9motions au temps de l\u2019IA"}]},{"@type":"WebSite","@id":"https:\/\/legrandcontinent.eu\/fr\/#website","url":"https:\/\/legrandcontinent.eu\/fr\/","name":"Le Grand Continent","description":"L&#039;\u00e9chelle pertinente","potentialAction":[{"@type":"SearchAction","target":{"@type":"EntryPoint","urlTemplate":"https:\/\/legrandcontinent.eu\/fr\/?s={search_term_string}"},"query-input":{"@type":"PropertyValueSpecification","valueRequired":true,"valueName":"search_term_string"}}],"inLanguage":"fr-FR"},{"@type":"Person","@id":"https:\/\/legrandcontinent.eu\/fr\/#\/schema\/person\/a1c2123a1ef5abd663fcde8f63063d45","name":"Matheo Malik","image":{"@type":"ImageObject","inLanguage":"fr-FR","@id":"https:\/\/legrandcontinent.eu\/fr\/#\/schema\/person\/image\/","url":"https:\/\/secure.gravatar.com\/avatar\/62cbadb9f7f0804282928747d8d2051d?s=96&d=mm&r=g","contentUrl":"https:\/\/secure.gravatar.com\/avatar\/62cbadb9f7f0804282928747d8d2051d?s=96&d=mm&r=g","caption":"Matheo Malik"}}]}},"lgc_categories":[{"id":3412,"name":"Puissances de l'IA","slug":"puissances-de-lia"}],"lgc_author":{"id":4880,"name":"Yann Algan","slug":"yann-algan"},"feature_image_summary":{"url":"https:\/\/legrandcontinent.eu\/fr\/wp-content\/uploads\/sites\/2\/2026\/04\/socrates_agora_asm_vert-copia.png","width":948,"height":1452,"alt":""},"feature_image_cover":{"url":"https:\/\/legrandcontinent.eu\/fr\/wp-content\/uploads\/sites\/2\/2026\/04\/socrates_agora_asm_vert-copia.png","width":948,"height":1452,"alt":""},"term_position_data":null,"_links":{"self":[{"href":"https:\/\/legrandcontinent.eu\/fr\/wp-json\/wp\/v2\/posts\/326071","targetHints":{"allow":["GET"]}}],"collection":[{"href":"https:\/\/legrandcontinent.eu\/fr\/wp-json\/wp\/v2\/posts"}],"about":[{"href":"https:\/\/legrandcontinent.eu\/fr\/wp-json\/wp\/v2\/types\/post"}],"author":[{"embeddable":true,"href":"https:\/\/legrandcontinent.eu\/fr\/wp-json\/wp\/v2\/users\/10"}],"replies":[{"embeddable":true,"href":"https:\/\/legrandcontinent.eu\/fr\/wp-json\/wp\/v2\/comments?post=326071"}],"version-history":[{"count":70,"href":"https:\/\/legrandcontinent.eu\/fr\/wp-json\/wp\/v2\/posts\/326071\/revisions"}],"predecessor-version":[{"id":326348,"href":"https:\/\/legrandcontinent.eu\/fr\/wp-json\/wp\/v2\/posts\/326071\/revisions\/326348"}],"wp:featuredmedia":[{"embeddable":true,"href":"https:\/\/legrandcontinent.eu\/fr\/wp-json\/wp\/v2\/media\/326213"}],"wp:attachment":[{"href":"https:\/\/legrandcontinent.eu\/fr\/wp-json\/wp\/v2\/media?parent=326071"}],"wp:term":[{"taxonomy":"category","embeddable":true,"href":"https:\/\/legrandcontinent.eu\/fr\/wp-json\/wp\/v2\/categories?post=326071"},{"taxonomy":"post_tag","embeddable":true,"href":"https:\/\/legrandcontinent.eu\/fr\/wp-json\/wp\/v2\/tags?post=326071"},{"taxonomy":"staff","embeddable":true,"href":"https:\/\/legrandcontinent.eu\/fr\/wp-json\/wp\/v2\/staff?post=326071"},{"taxonomy":"editorial_format","embeddable":true,"href":"https:\/\/legrandcontinent.eu\/fr\/wp-json\/wp\/v2\/editorial_format?post=326071"},{"taxonomy":"serie","embeddable":true,"href":"https:\/\/legrandcontinent.eu\/fr\/wp-json\/wp\/v2\/serie?post=326071"},{"taxonomy":"audience","embeddable":true,"href":"https:\/\/legrandcontinent.eu\/fr\/wp-json\/wp\/v2\/audience?post=326071"},{"taxonomy":"geo","embeddable":true,"href":"https:\/\/legrandcontinent.eu\/fr\/wp-json\/wp\/v2\/geo?post=326071"}],"curies":[{"name":"wp","href":"https:\/\/api.w.org\/{rel}","templated":true}]}}