{"id":325923,"date":"2026-04-08T06:30:00","date_gmt":"2026-04-08T04:30:00","guid":{"rendered":"https:\/\/legrandcontinent.eu\/fr\/?p=325923"},"modified":"2026-04-07T18:28:40","modified_gmt":"2026-04-07T16:28:40","slug":"que-revele-le-budget-demande-par-trump-au-congres-pour-2027","status":"publish","type":"post","link":"https:\/\/legrandcontinent.eu\/fr\/2026\/04\/08\/que-revele-le-budget-demande-par-trump-au-congres-pour-2027\/","title":{"rendered":"Que r\u00e9v\u00e8le le budget demand\u00e9 par Trump au Congr\u00e8s pour 2027&#160;?"},"content":{"rendered":"\n<p>La semaine derni\u00e8re, la Maison-Blanche a pr\u00e9sent\u00e9, avec deux mois de retard, la partie d\u00e9penses du budget f\u00e9d\u00e9ral (hors d\u00e9penses sociales) soumise au Congr\u00e8s pour l\u2019ann\u00e9e fiscale 2027, qui commence le 1er octobre \u2014 raison pour laquelle le processus budg\u00e9taire y commence plus t\u00f4t qu\u2019en Europe. Donald Trump \u00e9tait d\u2019ailleurs cens\u00e9 pr\u00e9senter ce document avant le premier dimanche de f\u00e9vrier.<\/p>\n\n\n\n<p>Le budget propos\u00e9 pr\u00e9voit une hausse de 42&#160;% des d\u00e9penses de d\u00e9fense&nbsp;<span class='whitespace-nowrap'><span id='easy-footnote-1-325923' class='easy-footnote-margin-adjust'><\/span><span class='easy-footnote'><a href='https:\/\/legrandcontinent.eu\/fr\/2026\/04\/08\/que-revele-le-budget-demande-par-trump-au-congres-pour-2027\/#easy-footnote-bottom-1-325923' title='&lt;a href=&quot;https:\/\/www.whitehouse.gov\/wp-content\/uploads\/2026\/04\/budget_fy2027.pdf&quot;&gt;Budget of the U.S. Government. Office of Management and Budget Fiscal Year 2027&lt;\/a&gt;, Maison-Blanche, 3 avril 2026.'><sup>1<\/sup><\/a><\/span><\/span>.<\/p>\n\n\n\n<ul class=\"wp-block-list\">\n<li>\u00c0 1 504 milliards de dollars, elles atteindraient ainsi 4,4&#160;% du PIB contre 3,2&#160;% cette ann\u00e9e.<\/li>\n\n\n\n<li>Il s&rsquo;agirait de la plus forte augmentation des d\u00e9penses de d\u00e9fense d&rsquo;une ann\u00e9e sur l&rsquo;autre depuis la Seconde Guerre mondiale.<\/li>\n<\/ul>\n\n\n\n<p>En contrepartie, les d\u00e9penses civiles du gouvernement f\u00e9d\u00e9ral baisseraient quant \u00e0 elles de 157 milliards de dollars, soit 19&#160;%.<\/p>\n\n\n\n<ul class=\"wp-block-list\">\n<li>Malgr\u00e9 cela, le total des d\u00e9penses civiles et militaires du gouvernement f\u00e9d\u00e9ral augmenterait de 290 milliards de dollars (environ 15&#160;%).<\/li>\n\n\n\n<li>Cette hausse ne va pas dans le sens des promesses de Trump ni d\u2019une r\u00e9duction du d\u00e9ficit public, dans la mesure o\u00f9 il semble improbable que les imp\u00f4ts augmenteront d\u2019autant pour couvrir ces d\u00e9penses suppl\u00e9mentaires.<\/li>\n<\/ul>\n\n\n\n<div class=\"iframe-container wp-block-image wp-block-image-medium  iframe-dw\">\n\t<div>\n\t\t<iframe class=\"absolute w-full h-full pin-t pin-l\" title=\"titolo\" aria-label=\"Interactive line chart\" src=\"\/\/datawrapper.dwcdn.net\/oN736\" scrolling=\"no\" frameborder=\"0\"><\/iframe>\n\t<\/div>\n<\/div>\n\n\n\n<p>La liste des r\u00e9ductions de d\u00e9penses envisag\u00e9es par l\u2019administration Trump est instructive.&nbsp;<\/p>\n\n\n\n<p>Ces coupes budg\u00e9taires impacteraient, au premier chef, le d\u00e9ploiement des \u00e9nergies renouvelables, les mesures en faveur des v\u00e9hicules \u00e9lectriques et les efforts en mati\u00e8re d\u2019efficacit\u00e9 \u00e9nerg\u00e9tique. L\u2019Agence de protection de l\u2019Environnement verrait notamment son budget purement et simplement divis\u00e9 par deux.<\/p>\n\n\n\n<ul class=\"wp-block-list\">\n<li>Mais au-del\u00e0 de cette dimension \u00e9nerg\u00e9tique, ce budget marque plus largement une attaque frontale contre le soutien public \u00e0 la science.<\/li>\n\n\n\n<li>La recherche m\u00e9dicale se verrait priv\u00e9e de 5 milliards de dollars, tandis que la NASA perdrait 5,6 milliards de dollars, la Fondation nationale pour la science 4,8 milliards, et les services m\u00e9t\u00e9orologiques de la NOAA 1,6 milliard.<\/li>\n<\/ul>\n\n\n\n<div class=\"iframe-container wp-block-image wp-block-image-medium  iframe-dw\">\n\t<div>\n\t\t<iframe class=\"absolute w-full h-full pin-t pin-l\" title=\"titolo\" aria-label=\"Interactive line chart\" src=\"\/\/datawrapper.dwcdn.net\/koHvp\" scrolling=\"no\" frameborder=\"0\"><\/iframe>\n\t<\/div>\n<\/div>\n\n\n\n<ul class=\"wp-block-list\">\n<li>Les d\u00e9penses sociales ne sont pas oubli\u00e9es, avec la suppression de la quasi-totalit\u00e9 des fonds destin\u00e9s aux quartiers d\u00e9favoris\u00e9s ou au logement social, r\u00e9partis au sein de plusieurs d\u00e9partements, ainsi que de diff\u00e9rentes formes d\u2019aides aux migrants.\u00a0<\/li>\n\n\n\n<li>La s\u00e9curit\u00e9 au travail serait elle aussi fortement impact\u00e9e.<\/li>\n\n\n\n<li>L\u2019action ext\u00e9rieure des \u00c9tats-Unis verrait quant \u00e0 elle 11 157 milliards de coupes budg\u00e9taires.<\/li>\n\n\n\n<li>Son budget baisserait de plus de 30&#160;% par rapport \u00e0 celui de cette ann\u00e9e.\u00a0<\/li>\n<\/ul>\n\n\n\n<p>Aux \u00c9tats-Unis, le budget pr\u00e9sent\u00e9 par le Pr\u00e9sident au Congr\u00e8s n\u2019a en g\u00e9n\u00e9ral qu\u2019un rapport assez lointain avec celui qui ressort, avec le plus souvent beaucoup de retard, des d\u00e9bats budg\u00e9taires qui se d\u00e9roulent \u00e0 la Chambre des Repr\u00e9sentants et au S\u00e9nat. Et cela d\u2019autant plus que la majorit\u00e9 r\u00e9publicaine dans les deux chambres est fragile.<\/p>\n\n\n\n<ul class=\"wp-block-list\">\n<li>Avec ce projet de budget, Trump cherche surtout \u00e0 ouvrir la fen\u00eatre d\u2019Overton pour obtenir au bout du compte une hausse limit\u00e9e du budget de d\u00e9fense et une baisse \u2014 elle aussi limit\u00e9e \u2014 des budgets civils.<\/li>\n<\/ul>\n","protected":false},"excerpt":{"rendered":"<p>Le budget pour l\u2019ann\u00e9e fiscale 2027 soumis par la Maison-Blanche au Congr\u00e8s, s\u2019il venait \u00e0 \u00eatre adopt\u00e9 en l\u2019\u00e9tat, conduirait \u00e0 une hausse consid\u00e9rable des d\u00e9penses de d\u00e9fense de 42&#160;&#160;% \u2014 la plus forte augmentation depuis la Seconde Guerre mondiale.<\/p>\n<p>Les coupes budg\u00e9taires viseraient quant \u00e0 elles surtout le soutien \u00e0 la science, \u00e0 la transition \u00e9nerg\u00e9tique et les d\u00e9penses sociales.<\/p>\n","protected":false},"author":2622,"featured_media":325926,"comment_status":"closed","ping_status":"closed","sticky":false,"template":"templates\/post-briefings.php","format":"standard","meta":{"_acf_changed":false,"_trash_the_other_posts":false,"_yoast_wpseo_estimated-reading-time-minutes":3,"footnotes":""},"categories":[1727],"tags":[],"staff":[4180],"editorial_format":[4850],"serie":[],"audience":[],"geo":[525],"class_list":["post-325923","post","type-post","status-publish","format-standard","hentry","category-economie","staff-guillaume-duval","editorial_format-briefings","geo-ameriques"],"acf":{"open_in_webview":false,"accent":"default"},"yoast_head":"<!-- This site is optimized with the Yoast SEO plugin v26.1.1 - https:\/\/yoast.com\/wordpress\/plugins\/seo\/ -->\n<title>Que r\u00e9v\u00e8le le budget demand\u00e9 par Trump au Congr\u00e8s pour 2027 ?<\/title>\n<meta name=\"robots\" content=\"index, follow, max-snippet:-1, max-image-preview:large, max-video-preview:-1\" \/>\n<link rel=\"canonical\" href=\"https:\/\/legrandcontinent.eu\/fr\/2026\/04\/08\/que-revele-le-budget-demande-par-trump-au-congres-pour-2027\/\" \/>\n<meta property=\"og:locale\" content=\"fr_FR\" \/>\n<meta property=\"og:type\" content=\"article\" \/>\n<meta property=\"og:title\" content=\"Que r\u00e9v\u00e8le le budget demand\u00e9 par Trump au Congr\u00e8s pour 2027 ?\" \/>\n<meta property=\"og:description\" content=\"Le budget pour l\u2019ann\u00e9e fiscale 2027 soumis par la Maison-Blanche au Congr\u00e8s, s\u2019il venait \u00e0 \u00eatre adopt\u00e9 en l\u2019\u00e9tat, conduirait \u00e0 une hausse consid\u00e9rable des d\u00e9penses de d\u00e9fense de 42&#160;% \u2014 la plus forte augmentation depuis la Seconde Guerre mondiale.  Les coupes budg\u00e9taires viseraient quant \u00e0 elles surtout le soutien \u00e0 la science, \u00e0 la transition \u00e9nerg\u00e9tique et les d\u00e9penses sociales.\" \/>\n<meta property=\"og:url\" content=\"https:\/\/legrandcontinent.eu\/fr\/2026\/04\/08\/que-revele-le-budget-demande-par-trump-au-congres-pour-2027\/\" \/>\n<meta property=\"og:site_name\" content=\"Le Grand Continent\" \/>\n<meta property=\"article:published_time\" content=\"2026-04-08T04:30:00+00:00\" \/>\n<meta property=\"og:image\" content=\"https:\/\/legrandcontinent.eu\/fr\/wp-content\/uploads\/sites\/2\/2026\/04\/gc-share-budget-US-FY27.png\" \/>\n\t<meta property=\"og:image:width\" content=\"1892\" \/>\n\t<meta property=\"og:image:height\" content=\"1048\" \/>\n\t<meta property=\"og:image:type\" content=\"image\/png\" \/>\n<meta name=\"author\" content=\"Marin Saillofest\" \/>\n<meta name=\"twitter:card\" content=\"summary_large_image\" \/>\n<meta name=\"twitter:image\" content=\"https:\/\/legrandcontinent.eu\/fr\/wp-content\/uploads\/sites\/2\/2026\/04\/gc-share-budget-US-FY27.png\" \/>\n<meta name=\"twitter:label1\" content=\"\u00c9crit par\" \/>\n\t<meta name=\"twitter:data1\" content=\"Marin Saillofest\" \/>\n\t<meta name=\"twitter:label2\" content=\"Dur\u00e9e de lecture estim\u00e9e\" \/>\n\t<meta name=\"twitter:data2\" content=\"3 minutes\" \/>\n<script type=\"application\/ld+json\" class=\"yoast-schema-graph\">{\"@context\":\"https:\/\/schema.org\",\"@graph\":[{\"@type\":\"WebPage\",\"@id\":\"https:\/\/legrandcontinent.eu\/fr\/2026\/04\/08\/que-revele-le-budget-demande-par-trump-au-congres-pour-2027\/\",\"url\":\"https:\/\/legrandcontinent.eu\/fr\/2026\/04\/08\/que-revele-le-budget-demande-par-trump-au-congres-pour-2027\/\",\"name\":\"Que r\u00e9v\u00e8le le budget demand\u00e9 par Trump au Congr\u00e8s pour 2027 ?\",\"isPartOf\":{\"@id\":\"https:\/\/legrandcontinent.eu\/fr\/#website\"},\"primaryImageOfPage\":{\"@id\":\"https:\/\/legrandcontinent.eu\/fr\/2026\/04\/08\/que-revele-le-budget-demande-par-trump-au-congres-pour-2027\/#primaryimage\"},\"image\":{\"@id\":\"https:\/\/legrandcontinent.eu\/fr\/2026\/04\/08\/que-revele-le-budget-demande-par-trump-au-congres-pour-2027\/#primaryimage\"},\"thumbnailUrl\":\"https:\/\/legrandcontinent.eu\/fr\/wp-content\/uploads\/sites\/2\/2026\/04\/gc-budget-US-FY27.png\",\"datePublished\":\"2026-04-08T04:30:00+00:00\",\"author\":{\"@id\":\"https:\/\/legrandcontinent.eu\/fr\/#\/schema\/person\/e4f85f52220fc7b4cc3cfdb86d88e833\"},\"breadcrumb\":{\"@id\":\"https:\/\/legrandcontinent.eu\/fr\/2026\/04\/08\/que-revele-le-budget-demande-par-trump-au-congres-pour-2027\/#breadcrumb\"},\"inLanguage\":\"fr-FR\",\"potentialAction\":[{\"@type\":\"ReadAction\",\"target\":[\"https:\/\/legrandcontinent.eu\/fr\/2026\/04\/08\/que-revele-le-budget-demande-par-trump-au-congres-pour-2027\/\"]}]},{\"@type\":\"ImageObject\",\"inLanguage\":\"fr-FR\",\"@id\":\"https:\/\/legrandcontinent.eu\/fr\/2026\/04\/08\/que-revele-le-budget-demande-par-trump-au-congres-pour-2027\/#primaryimage\",\"url\":\"https:\/\/legrandcontinent.eu\/fr\/wp-content\/uploads\/sites\/2\/2026\/04\/gc-budget-US-FY27.png\",\"contentUrl\":\"https:\/\/legrandcontinent.eu\/fr\/wp-content\/uploads\/sites\/2\/2026\/04\/gc-budget-US-FY27.png\",\"width\":1884,\"height\":1046},{\"@type\":\"BreadcrumbList\",\"@id\":\"https:\/\/legrandcontinent.eu\/fr\/2026\/04\/08\/que-revele-le-budget-demande-par-trump-au-congres-pour-2027\/#breadcrumb\",\"itemListElement\":[{\"@type\":\"ListItem\",\"position\":1,\"name\":\"Accueil\",\"item\":\"https:\/\/legrandcontinent.eu\/fr\/\"},{\"@type\":\"ListItem\",\"position\":2,\"name\":\"Que r\u00e9v\u00e8le le budget demand\u00e9 par Trump au Congr\u00e8s pour 2027&#160;?\"}]},{\"@type\":\"WebSite\",\"@id\":\"https:\/\/legrandcontinent.eu\/fr\/#website\",\"url\":\"https:\/\/legrandcontinent.eu\/fr\/\",\"name\":\"Le Grand Continent\",\"description\":\"L&#039;\u00e9chelle pertinente\",\"potentialAction\":[{\"@type\":\"SearchAction\",\"target\":{\"@type\":\"EntryPoint\",\"urlTemplate\":\"https:\/\/legrandcontinent.eu\/fr\/?s={search_term_string}\"},\"query-input\":{\"@type\":\"PropertyValueSpecification\",\"valueRequired\":true,\"valueName\":\"search_term_string\"}}],\"inLanguage\":\"fr-FR\"},{\"@type\":\"Person\",\"@id\":\"https:\/\/legrandcontinent.eu\/fr\/#\/schema\/person\/e4f85f52220fc7b4cc3cfdb86d88e833\",\"name\":\"Marin Saillofest\",\"image\":{\"@type\":\"ImageObject\",\"inLanguage\":\"fr-FR\",\"@id\":\"https:\/\/legrandcontinent.eu\/fr\/#\/schema\/person\/image\/\",\"url\":\"https:\/\/secure.gravatar.com\/avatar\/87088698b4d967390c49ae6d4f1aa459?s=96&d=mm&r=g\",\"contentUrl\":\"https:\/\/secure.gravatar.com\/avatar\/87088698b4d967390c49ae6d4f1aa459?s=96&d=mm&r=g\",\"caption\":\"Marin Saillofest\"}}]}<\/script>\n<!-- \/ Yoast SEO plugin. -->","yoast_head_json":{"title":"Que r\u00e9v\u00e8le le budget demand\u00e9 par Trump au Congr\u00e8s pour 2027 ?","robots":{"index":"index","follow":"follow","max-snippet":"max-snippet:-1","max-image-preview":"max-image-preview:large","max-video-preview":"max-video-preview:-1"},"canonical":"https:\/\/legrandcontinent.eu\/fr\/2026\/04\/08\/que-revele-le-budget-demande-par-trump-au-congres-pour-2027\/","og_locale":"fr_FR","og_type":"article","og_title":"Que r\u00e9v\u00e8le le budget demand\u00e9 par Trump au Congr\u00e8s pour 2027 ?","og_description":"Le budget pour l\u2019ann\u00e9e fiscale 2027 soumis par la Maison-Blanche au Congr\u00e8s, s\u2019il venait \u00e0 \u00eatre adopt\u00e9 en l\u2019\u00e9tat, conduirait \u00e0 une hausse consid\u00e9rable des d\u00e9penses de d\u00e9fense de 42&#160;% \u2014 la plus forte augmentation depuis la Seconde Guerre mondiale.  Les coupes budg\u00e9taires viseraient quant \u00e0 elles surtout le soutien \u00e0 la science, \u00e0 la transition \u00e9nerg\u00e9tique et les d\u00e9penses sociales.","og_url":"https:\/\/legrandcontinent.eu\/fr\/2026\/04\/08\/que-revele-le-budget-demande-par-trump-au-congres-pour-2027\/","og_site_name":"Le Grand Continent","article_published_time":"2026-04-08T04:30:00+00:00","og_image":[{"width":1892,"height":1048,"url":"https:\/\/legrandcontinent.eu\/fr\/wp-content\/uploads\/sites\/2\/2026\/04\/gc-share-budget-US-FY27.png","type":"image\/png"}],"author":"Marin Saillofest","twitter_card":"summary_large_image","twitter_image":"https:\/\/legrandcontinent.eu\/fr\/wp-content\/uploads\/sites\/2\/2026\/04\/gc-share-budget-US-FY27.png","twitter_misc":{"\u00c9crit par":"Marin Saillofest","Dur\u00e9e de lecture estim\u00e9e":"3 minutes"},"schema":{"@context":"https:\/\/schema.org","@graph":[{"@type":"WebPage","@id":"https:\/\/legrandcontinent.eu\/fr\/2026\/04\/08\/que-revele-le-budget-demande-par-trump-au-congres-pour-2027\/","url":"https:\/\/legrandcontinent.eu\/fr\/2026\/04\/08\/que-revele-le-budget-demande-par-trump-au-congres-pour-2027\/","name":"Que r\u00e9v\u00e8le le budget demand\u00e9 par Trump au Congr\u00e8s pour 2027 ?","isPartOf":{"@id":"https:\/\/legrandcontinent.eu\/fr\/#website"},"primaryImageOfPage":{"@id":"https:\/\/legrandcontinent.eu\/fr\/2026\/04\/08\/que-revele-le-budget-demande-par-trump-au-congres-pour-2027\/#primaryimage"},"image":{"@id":"https:\/\/legrandcontinent.eu\/fr\/2026\/04\/08\/que-revele-le-budget-demande-par-trump-au-congres-pour-2027\/#primaryimage"},"thumbnailUrl":"https:\/\/legrandcontinent.eu\/fr\/wp-content\/uploads\/sites\/2\/2026\/04\/gc-budget-US-FY27.png","datePublished":"2026-04-08T04:30:00+00:00","author":{"@id":"https:\/\/legrandcontinent.eu\/fr\/#\/schema\/person\/e4f85f52220fc7b4cc3cfdb86d88e833"},"breadcrumb":{"@id":"https:\/\/legrandcontinent.eu\/fr\/2026\/04\/08\/que-revele-le-budget-demande-par-trump-au-congres-pour-2027\/#breadcrumb"},"inLanguage":"fr-FR","potentialAction":[{"@type":"ReadAction","target":["https:\/\/legrandcontinent.eu\/fr\/2026\/04\/08\/que-revele-le-budget-demande-par-trump-au-congres-pour-2027\/"]}]},{"@type":"ImageObject","inLanguage":"fr-FR","@id":"https:\/\/legrandcontinent.eu\/fr\/2026\/04\/08\/que-revele-le-budget-demande-par-trump-au-congres-pour-2027\/#primaryimage","url":"https:\/\/legrandcontinent.eu\/fr\/wp-content\/uploads\/sites\/2\/2026\/04\/gc-budget-US-FY27.png","contentUrl":"https:\/\/legrandcontinent.eu\/fr\/wp-content\/uploads\/sites\/2\/2026\/04\/gc-budget-US-FY27.png","width":1884,"height":1046},{"@type":"BreadcrumbList","@id":"https:\/\/legrandcontinent.eu\/fr\/2026\/04\/08\/que-revele-le-budget-demande-par-trump-au-congres-pour-2027\/#breadcrumb","itemListElement":[{"@type":"ListItem","position":1,"name":"Accueil","item":"https:\/\/legrandcontinent.eu\/fr\/"},{"@type":"ListItem","position":2,"name":"Que r\u00e9v\u00e8le le budget demand\u00e9 par Trump au Congr\u00e8s pour 2027&#160;?"}]},{"@type":"WebSite","@id":"https:\/\/legrandcontinent.eu\/fr\/#website","url":"https:\/\/legrandcontinent.eu\/fr\/","name":"Le Grand Continent","description":"L&#039;\u00e9chelle pertinente","potentialAction":[{"@type":"SearchAction","target":{"@type":"EntryPoint","urlTemplate":"https:\/\/legrandcontinent.eu\/fr\/?s={search_term_string}"},"query-input":{"@type":"PropertyValueSpecification","valueRequired":true,"valueName":"search_term_string"}}],"inLanguage":"fr-FR"},{"@type":"Person","@id":"https:\/\/legrandcontinent.eu\/fr\/#\/schema\/person\/e4f85f52220fc7b4cc3cfdb86d88e833","name":"Marin Saillofest","image":{"@type":"ImageObject","inLanguage":"fr-FR","@id":"https:\/\/legrandcontinent.eu\/fr\/#\/schema\/person\/image\/","url":"https:\/\/secure.gravatar.com\/avatar\/87088698b4d967390c49ae6d4f1aa459?s=96&d=mm&r=g","contentUrl":"https:\/\/secure.gravatar.com\/avatar\/87088698b4d967390c49ae6d4f1aa459?s=96&d=mm&r=g","caption":"Marin Saillofest"}}]}},"lgc_categories":[{"id":1727,"name":"\u00c9conomie","slug":"economie"}],"lgc_author":{"id":4180,"name":"Guillaume Duval","slug":"guillaume-duval"},"feature_image_summary":{"url":"https:\/\/legrandcontinent.eu\/fr\/wp-content\/uploads\/sites\/2\/2026\/04\/gc-budget-US-FY27.png","width":1884,"height":1046,"alt":""},"feature_image_cover":null,"term_position_data":null,"_links":{"self":[{"href":"https:\/\/legrandcontinent.eu\/fr\/wp-json\/wp\/v2\/posts\/325923","targetHints":{"allow":["GET"]}}],"collection":[{"href":"https:\/\/legrandcontinent.eu\/fr\/wp-json\/wp\/v2\/posts"}],"about":[{"href":"https:\/\/legrandcontinent.eu\/fr\/wp-json\/wp\/v2\/types\/post"}],"author":[{"embeddable":true,"href":"https:\/\/legrandcontinent.eu\/fr\/wp-json\/wp\/v2\/users\/2622"}],"replies":[{"embeddable":true,"href":"https:\/\/legrandcontinent.eu\/fr\/wp-json\/wp\/v2\/comments?post=325923"}],"version-history":[{"count":3,"href":"https:\/\/legrandcontinent.eu\/fr\/wp-json\/wp\/v2\/posts\/325923\/revisions"}],"predecessor-version":[{"id":325928,"href":"https:\/\/legrandcontinent.eu\/fr\/wp-json\/wp\/v2\/posts\/325923\/revisions\/325928"}],"wp:featuredmedia":[{"embeddable":true,"href":"https:\/\/legrandcontinent.eu\/fr\/wp-json\/wp\/v2\/media\/325926"}],"wp:attachment":[{"href":"https:\/\/legrandcontinent.eu\/fr\/wp-json\/wp\/v2\/media?parent=325923"}],"wp:term":[{"taxonomy":"category","embeddable":true,"href":"https:\/\/legrandcontinent.eu\/fr\/wp-json\/wp\/v2\/categories?post=325923"},{"taxonomy":"post_tag","embeddable":true,"href":"https:\/\/legrandcontinent.eu\/fr\/wp-json\/wp\/v2\/tags?post=325923"},{"taxonomy":"staff","embeddable":true,"href":"https:\/\/legrandcontinent.eu\/fr\/wp-json\/wp\/v2\/staff?post=325923"},{"taxonomy":"editorial_format","embeddable":true,"href":"https:\/\/legrandcontinent.eu\/fr\/wp-json\/wp\/v2\/editorial_format?post=325923"},{"taxonomy":"serie","embeddable":true,"href":"https:\/\/legrandcontinent.eu\/fr\/wp-json\/wp\/v2\/serie?post=325923"},{"taxonomy":"audience","embeddable":true,"href":"https:\/\/legrandcontinent.eu\/fr\/wp-json\/wp\/v2\/audience?post=325923"},{"taxonomy":"geo","embeddable":true,"href":"https:\/\/legrandcontinent.eu\/fr\/wp-json\/wp\/v2\/geo?post=325923"}],"curies":[{"name":"wp","href":"https:\/\/api.w.org\/{rel}","templated":true}]}}