{"id":323865,"date":"2026-03-24T07:28:28","date_gmt":"2026-03-24T06:28:28","guid":{"rendered":"https:\/\/legrandcontinent.eu\/fr\/?p=323865"},"modified":"2026-03-25T16:45:57","modified_gmt":"2026-03-25T15:45:57","slug":"ecologie-de-guerre-totale-charbonnier","status":"publish","type":"post","link":"https:\/\/legrandcontinent.eu\/fr\/2026\/03\/24\/ecologie-de-guerre-totale-charbonnier\/","title":{"rendered":"L&rsquo;\u00e9cologie de guerre totale"},"content":{"rendered":"\n<h2 class=\"wp-block-heading\">De la paix de carbone \u00e0 l\u2019\u00e9nergie du chaos<\/h2>\n\n\n\n<p class=\"has-drop-cap\">On dit volontiers de l\u2019histoire qu\u2019elle ne se r\u00e9p\u00e8te pas. Pourtant, la guerre en Iran suit une dynamique g\u00e9opolitique et \u00e9conomique qui <a href=\"https:\/\/legrandcontinent.eu\/fr\/2022\/03\/18\/la-naissance-de-lecologie-de-guerre\/\">rappelle \u00e9trangement<\/a> celle d\u00e9clench\u00e9e par l&rsquo;invasion de l&rsquo;Ukraine en 2022. De la fermeture de Nord Stream \u00e0 celle du <a href=\"https:\/\/legrandcontinent.eu\/fr\/observatoire-de-la-bataille-dormuz\/\">d\u00e9troit d\u2019Ormuz<\/a>, des sanctions impos\u00e9es \u00e0 la Russie \u00e0 la destruction des infrastructures \u00e9nerg\u00e9tiques en Iran et dans le Golfe persique&nbsp;<span class='whitespace-nowrap'><span id='easy-footnote-1-323865' class='easy-footnote-margin-adjust'><\/span><span class='easy-footnote'><a href='https:\/\/legrandcontinent.eu\/fr\/2026\/03\/24\/ecologie-de-guerre-totale-charbonnier\/#easy-footnote-bottom-1-323865' title='Sarah Shamim, \u00ab&amp;#160;&lt;a href=&quot;https:\/\/www.aljazeera.com\/economy\/2026\/3\/19\/why-are-irans-south-pars-gasfield-qatars-ras-laffan-so-significant&quot;&gt;Why are Iran\u2019s South Pars gasfield, Qatar\u2019s Ras Laffan, so significant&amp;#160;?&lt;\/a&gt;&amp;#160;\u00bb, &lt;em&gt;Al Jazeera&lt;\/em&gt;, 19 mars 2026.'><sup>1<\/sup><\/a><\/span><\/span>, on observe un mouvement de translation et d\u2019amplification d\u2019une m\u00eame dynamique.&nbsp;<\/p>\n\n\n\n<p>Les \u00e9nergies fossiles, le p\u00e9trole et le gaz, constituent l\u2019enjeu strat\u00e9gique central d\u2019une vaste ligne de front o\u00f9 se jouent \u00e0 la fois l\u2019h\u00e9g\u00e9monie r\u00e9gionale \u00e0 l\u2019Est de l\u2019Europe et au Moyen-Orient, la stabilit\u00e9 \u00e9conomique \u00e0 court terme, les choix industriels \u00e0 moyen terme, et l\u2019avenir du climat.<\/p>\n\n\n\n<p>C&rsquo;est ainsi que surgit une question paradoxale. Dans le maelstr\u00f6m de la guerre, se pourrait-il que la <a href=\"https:\/\/legrandcontinent.eu\/fr\/2026\/01\/23\/realiser-lutopie-electrique-europeenne\/\">r\u00e9volution \u00e9lectrotechnique<\/a> des \u00e9nergies vertes sorte gagnante&#160;? Se pourrait-il que, comme le sugg\u00e8re Jigar Shah&nbsp;<span class='whitespace-nowrap'><span id='easy-footnote-2-323865' class='easy-footnote-margin-adjust'><\/span><span class='easy-footnote'><a href='https:\/\/legrandcontinent.eu\/fr\/2026\/03\/24\/ecologie-de-guerre-totale-charbonnier\/#easy-footnote-bottom-2-323865' title='Voir sur &lt;a href=&quot;http:\/\/youtube.com\/watch?v=BHV2deotpYE&quot; target=&quot;_blank&quot; rel=&quot;noreferrer noopener&quot;&gt;Youtube&lt;\/a&gt;.'><sup>2<\/sup><\/a><\/span><\/span>, Donald Trump devienne le premier pr\u00e9sident am\u00e9ricain \u00e0 d\u00e9montrer l&rsquo;efficacit\u00e9 des \u00e9nergies renouvelables&#160;?<\/p>\n\n\n\n<p>La destruction mutuelle des infrastructures fossiles par les arm\u00e9es am\u00e9ricaines et iraniennes dans la r\u00e9gion du Golfe est sans doute le plus grand \u00e9v\u00e9nement d\u2019annihilation de capital fossile de l\u2019histoire. Et il n\u2019est pas le fait d\u2019\u00e9coterroristes qui auraient lu les \u00e9crits d\u2019Andreas Malm et son livre sulfureux&#160;: comment saboter un pipeline&nbsp;<span class='whitespace-nowrap'><span id='easy-footnote-3-323865' class='easy-footnote-margin-adjust'><\/span><span class='easy-footnote'><a href='https:\/\/legrandcontinent.eu\/fr\/2026\/03\/24\/ecologie-de-guerre-totale-charbonnier\/#easy-footnote-bottom-3-323865' title='Andreas Malm, &lt;em&gt;How to Blow Up a Pipeline&amp;#160;: Learning to Fight in a World on Fire&lt;\/em&gt;, Verso, janvier 2021.'><sup>3<\/sup><\/a><\/span><\/span>. Ce sont bien les int\u00e9r\u00eats \u00e9nerg\u00e9tiques de deux puissances fossiles qui donnent un nouvel \u00e9lan \u00e0 l\u2019histoire de l\u2019arme \u00e9nerg\u00e9tique dans un processus d\u2019escalade in\u00e9dit dans sa dimension, o\u00f9 chaque camp teste les limites de son rival.&nbsp;<\/p>\n\n\n\n<p>Depuis la crise de Suez, la cr\u00e9ation de l\u2019OPEP, les chocs de 1973 et 1979, nous sommes devenus familiers de l\u2019id\u00e9e que le p\u00e9trole n\u2019est pas seulement une force de production mais aussi un avantage strat\u00e9gique qui avait historiquement \u00e9t\u00e9 exploit\u00e9 par les faibles contre les forts, et qui devient aujourd\u2019hui un instrument de coercition g\u00e9n\u00e9ralis\u00e9&nbsp;<span class='whitespace-nowrap'><span id='easy-footnote-4-323865' class='easy-footnote-margin-adjust'><\/span><span class='easy-footnote'><a href='https:\/\/legrandcontinent.eu\/fr\/2026\/03\/24\/ecologie-de-guerre-totale-charbonnier\/#easy-footnote-bottom-4-323865' title='Giuliano Garavini, &lt;em&gt;The Rise and Fall of OPEC in the Twentieth Century&lt;\/em&gt;, Oxford University Press, 25 juillet 2019.'><sup>4<\/sup><\/a><\/span><\/span>.<\/p>\n\n\n\n<p>Nous savons aussi que les gigantesques rentes p\u00e9troli\u00e8res alimentent des formes de pouvoir monstrueuses, de la Russie \u00e0 la Libye, du Venezuela \u00e0 l\u2019Iran, que ces r\u00e9gimes \u00e9taient historiquement la cible des \u00c9tats-Unis, et que ces derniers font d\u00e9sormais partie du m\u00eame club&nbsp;<span class='whitespace-nowrap'><span id='easy-footnote-5-323865' class='easy-footnote-margin-adjust'><\/span><span class='easy-footnote'><a href='https:\/\/legrandcontinent.eu\/fr\/2026\/03\/24\/ecologie-de-guerre-totale-charbonnier\/#easy-footnote-bottom-5-323865' title='Jeff D. Colgan, \u00ab&amp;#160;&lt;a href=&quot;https:\/\/goodauthority.org\/news\/is-oil-behind-the-u-s-attack-on-iran\/&quot; target=&quot;_blank&quot; rel=&quot;noreferrer noopener&quot;&gt;Is oil behind the U.S. attack on Iran&amp;#160;?&lt;\/a&gt;&amp;#160;\u00bb, &lt;em&gt;Good Authority&lt;\/em&gt;, 2 mars 2026.'><sup>5<\/sup><\/a><\/span><\/span>.&nbsp;<\/p>\n\n\n\n<p>La promesse d&rsquo;une stabilit\u00e9 mondiale adoss\u00e9e \u00e0 la productivit\u00e9 et \u00e0 l&rsquo;interd\u00e9pendance \u00e9nerg\u00e9tique, la \u00ab&#160;paix de carbone&#160;\u00bb&nbsp;<span class='whitespace-nowrap'><span id='easy-footnote-6-323865' class='easy-footnote-margin-adjust'><\/span><span class='easy-footnote'><a href='https:\/\/legrandcontinent.eu\/fr\/2026\/03\/24\/ecologie-de-guerre-totale-charbonnier\/#easy-footnote-bottom-6-323865' title='Celle-ci mesure, sans doute plus lucidement que jamais, le risque existentiel d\u2019une alternative depuis que la Chine, la principale puissance g\u00e9opolitique \u00e9mergente, a fait de sa dimension \u00e9lectrique l\u2019horizon de son d\u00e9veloppement mat\u00e9riel. Pierre Charbonnier, &lt;a href=&quot;https:\/\/www.editionsladecouverte.fr\/vers_l_ecologie_de_guerre-9782348072215&quot; target=&quot;_blank&quot; rel=&quot;noreferrer noopener&quot;&gt;&lt;em&gt;Vers l&amp;rsquo;\u00e9cologie de guerre&amp;#160;: Une histoire environnementale de la paix&lt;\/em&gt;&lt;\/a&gt;, \u00e9ditions La D\u00e9couverte, 28 ao\u00fbt 2024.'><sup>6<\/sup><\/a><\/span><\/span>, s&rsquo;effondre dans un processus de capture du pouvoir, de l&rsquo;avenir et de la s\u00e9curit\u00e9 par l&rsquo;oligarchie p\u00e9troli\u00e8re&nbsp;<span class='whitespace-nowrap'><span id='easy-footnote-7-323865' class='easy-footnote-margin-adjust'><\/span><span class='easy-footnote'><a href='https:\/\/legrandcontinent.eu\/fr\/2026\/03\/24\/ecologie-de-guerre-totale-charbonnier\/#easy-footnote-bottom-7-323865' title='Celle-ci mesure, sans doute plus lucidement que jamais, le risque existentiel d\u2019une alternative depuis que la Chine, la principale puissance g\u00e9opolitique \u00e9mergente, a fait de sa dimension \u00e9lectrique l\u2019horizon id\u00e9ologique de son d\u00e9veloppement mat\u00e9riel.'><sup>7<\/sup><\/a><\/span><\/span>. L\u2019enlisement de l\u2019intervention militaire am\u00e9ricaine en Iran r\u00e9v\u00e8le une fois de plus l\u2019incroyable puissance du p\u00e9trole et du gaz dans un contexte de guerre asym\u00e9trique.<\/p>\n\n\n\n<p>Alors que ces ressources avaient \u00e9t\u00e9 construites comme des symboles d\u2019abondance garants de la croissance partag\u00e9e, elles deviennent de fa\u00e7on de plus en plus manifeste les \u00e9nergies du chaos, des vecteurs d\u2019ins\u00e9curit\u00e9, d\u2019intermittence, de raret\u00e9 institutionnalis\u00e9e. Ce n\u2019est pas que ces ressources viennent subitement \u00e0 manquer. Mais leur dimension strat\u00e9gique, ajout\u00e9e au hasard de la g\u00e9ographie qui dessine ce d\u00e9troit en goulot d\u2019\u00e9tranglement, en fait paradoxalement des cibles privil\u00e9gi\u00e9es pour des op\u00e9rations de mise \u00e0 l\u2019\u00e9preuve \u00e9conomique de l\u2019ennemi, dans une logique d\u2019escalade qui se traduit pour le reste du monde dans une crise \u00e9conomique d\u00e9sormais structurelle&nbsp;<span class='whitespace-nowrap'><span id='easy-footnote-8-323865' class='easy-footnote-margin-adjust'><\/span><span class='easy-footnote'><a href='https:\/\/legrandcontinent.eu\/fr\/2026\/03\/24\/ecologie-de-guerre-totale-charbonnier\/#easy-footnote-bottom-8-323865' title='Laleh Khalili, &lt;a href=&quot;https:\/\/www.versobooks.com\/products\/606-sinews-of-war-and-trade?srsltid=AfmBOooodupdZSFslrwXxG_iq5MjGNNsyXjRCm0ImynfcY2DhsMK6XQH&quot; target=&quot;_blank&quot; rel=&quot;noreferrer noopener&quot;&gt;&lt;em&gt;Sinews of War and Trade&amp;#160;: Shipping and Capitalism in the Arabian Peninsula&lt;\/em&gt;&lt;\/a&gt;, Verso, 10 ao\u00fbt 2021.'><sup>8<\/sup><\/a><\/span><\/span>. Le processus de destruction mutuelle des atouts fossiles par l\u2019Iran et les \u00c9tats-Unis r\u00e9v\u00e8le une fois de plus le ph\u00e9nom\u00e8ne g\u00e9opolitique, \u00e9conomique et \u00e9cologique absolument central qu\u2019est la d\u00e9pendance fossile.<\/p>\n\n\n\n<p><\/p>\n\n\n\n<p><\/p>\n\n\n\n    <div class='mux-player-wrapper' style=\"aspect-ratio:16\/9;\" data-gif-at=\"\">\n        <div\n            class='mux-player-placeholder' \n            style=\"background-image:url('https:\/\/image.mux.com\/FLIcuOfzEumFO00vNTYtAqrsQVZg8mpU7pxRkq1LOqhY\/thumbnail.png?width=800&#038;height=600&#038;time=');\"\n\n        >\n        <\/div>\n        <mux-player\n            playback-id=\"FLIcuOfzEumFO00vNTYtAqrsQVZg8mpU7pxRkq1LOqhY\"\n            accent-color=\"#dd203c\"\n            metadata-video-title=\"\"\n            metadata-viewer-user-id=\"user-wp\"\n            style=\"--controls: none;\" \n            autoplay='true' muted='true' \n                    >\n        <\/mux-player>\n    <\/div>\n\n\n\n<p><\/p>\n\n\n\n<p><\/p>\n\n\n\n<p><\/p>\n\n\n\n<h2 class=\"wp-block-heading\">D\u00e9bloquer les d\u00e9troits imaginaires&#160;: une th\u00e9orie d\u00e9mocratique du moment<\/h2>\n\n\n\n<p>La totalisation et l\u2019intensification de la crise militaire, \u00e9nerg\u00e9tique et \u00e9conomique provoqu\u00e9e par la guerre en Iran est d\u00e9j\u00e0 transformatrice. Pourtant l\u2019imagination politique d\u00e9mocratique est, elle aussi, bloqu\u00e9e dans le d\u00e9troit d\u2019Ormuz. Cette guerre peut soulever des passions populaires qui n\u2019attendaient que cela pour s\u2019attaquer \u00e0 la l\u00e9gitimit\u00e9 politique, elle peut conduire au pouvoir des agendas politiques align\u00e9s sur la Russie de Poutine et sur les \u00c9tats-Unis de Donald Trump dans le but de soulager l\u2019inflation par le retour au r\u00e9alisme fossile, mais elle peut aussi \u00eatre canalis\u00e9e par une compr\u00e9hension r\u00e9aliste de l\u2019\u00e9cologie inform\u00e9e par des circonstances extr\u00eames pour b\u00e2tir une coalition climat large, populaire se servant de l\u2019arme \u00e9nerg\u00e9tique contre les p\u00e9tro-\u00c9tats, leurs entreprises, leurs affid\u00e9s, et leurs guerres. La destruction des infrastructures fossiles dans le Golfe ne doit pas \u00eatre vue comme un accident, mais comme un signal envoy\u00e9 par l\u2019histoire pour donner une suite au projet d\u00e9mocratique et social qui, sans cette impulsion, conna\u00eetra tr\u00e8s simplement sa fin.<\/p>\n\n\n\n<p>La s\u00e9rie d\u2019enqu\u00eates d\u2019opinions barom\u00e9triques <a href=\"https:\/\/legrandcontinent.eu\/fr\/themes\/politique\/eurobazooka-mesurer-lopinion-publique-europeenne\/\">Eurobazooka<\/a> montre clairement qu\u2019une vaste majorit\u00e9 de la soci\u00e9t\u00e9 europ\u00e9enne refuse le mod\u00e8le gouvernemental trumpiste&nbsp;<span class='whitespace-nowrap'><span id='easy-footnote-9-323865' class='easy-footnote-margin-adjust'><\/span><span class='easy-footnote'><a href='https:\/\/legrandcontinent.eu\/fr\/2026\/03\/24\/ecologie-de-guerre-totale-charbonnier\/#easy-footnote-bottom-9-323865' title='Jean-Yves Dormagen, \u00ab&amp;#160;&lt;a href=&quot;https:\/\/legrandcontinent.eu\/fr\/2026\/01\/28\/eurobazooka-trump-clivage-geopolitique\/&quot; target=&quot;_blank&quot; rel=&quot;noreferrer noopener&quot;&gt;Le nouveau clivage g\u00e9opolitique&lt;\/a&gt;&amp;#160;\u00bb, &lt;em&gt;Le Grand Continent,&lt;\/em&gt; 28 janvier 2026.'><sup>9<\/sup><\/a><\/span><\/span>. Cet anti-autoritarisme, cet attachement \u00e0 la d\u00e9mocratie n\u2019a pourtant qu\u2019une port\u00e9e essentiellement n\u00e9gative et abstraite puisque l\u2019adh\u00e9sion au paradigme de stabilit\u00e9 \u00e9nerg\u00e9tique, \u00e9cologique et fiscale qui devrait concr\u00e9tiser ce salut d\u00e9mocratique n\u2019est pas au rendez-vous. Quel sens y a-t-il, en 2026, \u00e0 se dire anti-fasciste sans adopter parall\u00e8lement un plan de transition maximaliste visant en m\u00eame temps la fin de la vassalisation, l\u2019abolition des privil\u00e8ges oligarchiques, et la mise en s\u00e9curit\u00e9 \u00e9conomique et \u00e9cologique de la population&nbsp;&#160;? Quel sens y a-t-il \u00e0 se dire anti-fasciste sans engager la transformation de l\u2019\u00c9tat et des institutions europ\u00e9ennes susceptible de mettre ses moyens au service de ces fins&nbsp;&#160;?&nbsp;<\/p>\n\n\n\n<p>Le probl\u00e8me se situe aux deux niveaux d\u2019analyse traditionnels de la vie politique&nbsp;&#160;: il n\u2019existe pas encore de demande politique majoritaire, et surtout, il n\u2019existe pas d\u2019offre, pas d\u2019agenda suffisamment structur\u00e9, unifi\u00e9, mobilisateur. Le confort symbolique et moral fourni par une position r\u00e9actionnelle vis-\u00e0-vis d\u2019une vie politique d\u00e9sormais domin\u00e9e par la vague identitaire, autoritaire et fossile, est une limite cruciale dans le processus de reconstruction d\u00e9mocratique.<\/p>\n\n\n\n<figure class=\"wp-block-pullquote\"><blockquote><p>L\u2019imagination politique d\u00e9mocratique est, elle aussi, bloqu\u00e9e dans le d\u00e9troit d\u2019Ormuz.&nbsp;<\/p><cite>Pierre Charbonnier<\/cite><\/blockquote><\/figure>\n\n\n\n<p>Le double principe de r\u00e9alit\u00e9 climatique et strat\u00e9gique n\u2019est pas encore entr\u00e9 dans la politisation de l\u2019Europe en d\u00e9pit des multiples alertes \u2014 le moment est venu de s\u2019y atteler. Nous pouvons encore choisir entre le temps du silence, des abris de fortune contre les catastrophes politiques et climatiques, ou le temps de la r\u00e9invention.<\/p>\n\n\n\n<h2 class=\"wp-block-heading\">L\u2019\u00e9cologie de guerre rena\u00eet dans le Golfe<\/h2>\n\n\n\n<p>Dans ce contexte, l\u2019hypoth\u00e8se que nous faisions en 2022 \u00e0 travers le concept d\u2019\u00e9cologie de guerre est non seulement confirm\u00e9e, mais elle en ressort consolid\u00e9e&nbsp;<span class='whitespace-nowrap'><span id='easy-footnote-10-323865' class='easy-footnote-margin-adjust'><\/span><span class='easy-footnote'><a href='https:\/\/legrandcontinent.eu\/fr\/2026\/03\/24\/ecologie-de-guerre-totale-charbonnier\/#easy-footnote-bottom-10-323865' title='Pierre Charbonnier, \u00ab&amp;#160;&lt;a href=&quot;https:\/\/legrandcontinent.eu\/fr\/2022\/03\/18\/la-naissance-de-lecologie-de-guerre\/&quot; target=&quot;_blank&quot; rel=&quot;noreferrer noopener&quot;&gt;La naissance de l\u2019\u00e9cologie de guerre&lt;\/a&gt;&amp;#160;\u00bb, &lt;em&gt;Le Grand Continent&lt;\/em&gt;, 18 mars 2022.'><sup>10<\/sup><\/a><\/span><\/span>. L\u2019<a href=\"https:\/\/legrandcontinent.eu\/fr\/2022\/03\/18\/la-naissance-de-lecologie-de-guerre\/\">\u00e9cologie de guerre<\/a> d\u00e9signe le processus de sortie de la d\u00e9pendance fossile sous la pression des conflits et de l\u2019augmentation des prix, la d\u00e9carbonation strat\u00e9gique des pays importateurs et son pouvoir moteur dans une dynamique plus g\u00e9n\u00e9rale d\u2019investissement dans la transition et de transformation des usages. Aux avertissements scientifiques, aux mobilisations sociales et aux politiques industrielles s\u2019ajoute une dimension proprement g\u00e9opolitique au probl\u00e8me climatique, qui permet de le reconstruire comme un enjeu de s\u00e9curit\u00e9 et de souverainet\u00e9 \u2014 et donc de paix. L\u2019\u00e9cologie de guerre permet de penser et de comprendre l\u2019effondrement brutal de l\u2019effet stabilisateur de la croissance fossile propre aux ann\u00e9es d\u2019apr\u00e8s-guerre, et d\u2019envisager les formes \u00e9mergentes du rapport entre infrastructures \u00e9nerg\u00e9tiques, coop\u00e9ration internationale et soutenabilit\u00e9 \u00e9cologique. Cette <a href=\"https:\/\/legrandcontinent.eu\/fr\/2020\/09\/30\/le-tournant-realiste-de-lecologie-politique\/\">position r\u00e9aliste<\/a> face \u00e0 la crise climatique, inaugur\u00e9e par la Chine d\u00e8s les ann\u00e9es 2010, puis reprise par l\u2019Union europ\u00e9enne du Green Deal, et bri\u00e8vement par l\u2019administration Biden aux \u00c9tats-Unis, revient aujourd\u2019hui dans le jeu sous une forme amplifi\u00e9e, dramatis\u00e9e&nbsp;<span class='whitespace-nowrap'><span id='easy-footnote-11-323865' class='easy-footnote-margin-adjust'><\/span><span class='easy-footnote'><a href='https:\/\/legrandcontinent.eu\/fr\/2026\/03\/24\/ecologie-de-guerre-totale-charbonnier\/#easy-footnote-bottom-11-323865' title='Pierre Charbonnier, \u00ab&amp;#160;&lt;a href=&quot;https:\/\/legrandcontinent.eu\/fr\/2020\/09\/30\/le-tournant-realiste-de-lecologie-politique\/#:~:text=En%20somme%2C%20il%20s%27agit,inclusion%20sociale%20%C3%A0%20l%27arr%C3%AAt&quot; target=&quot;_blank&quot; rel=&quot;noreferrer noopener&quot;&gt;Le tournant r\u00e9aliste de l&amp;rsquo;\u00e9cologie politique&lt;\/a&gt;&amp;#160;\u00bb, &lt;em&gt;Le Grand Continent&lt;\/em&gt;, 30 septembre 2020.'><sup>11<\/sup><\/a><\/span><\/span>.<\/p>\n\n\n\n<p>Depuis le d\u00e9but de la guerre en Iran, comme dans les premiers mois qui ont suivi l\u2019invasion de l&rsquo;Ukraine, un m\u00eame narratif se reconstitue. Les technologies bas carbone apparaissent comme une garantie de s\u00e9curit\u00e9 contre l\u2019arsenalisation des \u00e9nergies fossiles, comme un bouclier anti-inflation en contexte de choc \u00e9nerg\u00e9tique, ce qui permet d\u2019ancrer la lutte contre le r\u00e9chauffement climatique dans une r\u00e9alit\u00e9 \u00e9conomique, strat\u00e9gique et sociale plus large&nbsp;<span class='whitespace-nowrap'><span id='easy-footnote-12-323865' class='easy-footnote-margin-adjust'><\/span><span class='easy-footnote'><a href='https:\/\/legrandcontinent.eu\/fr\/2026\/03\/24\/ecologie-de-guerre-totale-charbonnier\/#easy-footnote-bottom-12-323865' title='Simone Tagliapietra, \u00ab&amp;#160;&lt;a href=&quot;https:\/\/www.bruegel.org\/first-glance\/how-will-iran-conflict-hit-european-energy-markets&quot; target=&quot;_blank&quot; rel=&quot;noreferrer noopener&quot;&gt;How will the Iran conflict hit European energy markets&amp;#160;?&lt;\/a&gt;&amp;#160;\u00bb, &lt;em&gt;Bruegel&lt;\/em&gt;, 2 mars 2026.'><sup>12<\/sup><\/a><\/span><\/span>. Ces rappels ont \u00e9t\u00e9 faits par l\u2019essentiel de la classe politique progressiste et sociale-d\u00e9mocrate&nbsp;<span class='whitespace-nowrap'><span id='easy-footnote-13-323865' class='easy-footnote-margin-adjust'><\/span><span class='easy-footnote'><a href='https:\/\/legrandcontinent.eu\/fr\/2026\/03\/24\/ecologie-de-guerre-totale-charbonnier\/#easy-footnote-bottom-13-323865' title='Jason Horowitz, \u00ab&amp;#160;&lt;a href=&quot;https:\/\/www.nytimes.com\/2026\/03\/20\/world\/europe\/spain-iran-energy-renewables-gas-sun.html&quot; target=&quot;_blank&quot; rel=&quot;noreferrer noopener&quot;&gt;Spain Says the Sun Shields It From Rising Gas Costs. Is That True&amp;#160;?&lt;\/a&gt;&amp;#160;\u00bb, &lt;em&gt;The New York Times&lt;\/em&gt;, 20 mars 2026.'><sup>13<\/sup><\/a><\/span><\/span>, par les experts de l\u2019\u00e9nergie&nbsp;<span class='whitespace-nowrap'><span id='easy-footnote-14-323865' class='easy-footnote-margin-adjust'><\/span><span class='easy-footnote'><a href='https:\/\/legrandcontinent.eu\/fr\/2026\/03\/24\/ecologie-de-guerre-totale-charbonnier\/#easy-footnote-bottom-14-323865' title='J.Christopher Proctor et Romain Svartzman, \u00ab&amp;#160;&lt;a href=&quot;https:\/\/iep.unibocconi.eu\/publications\/commentaries\/it-once-again-time-think-long-term-about-eu-energy-security&quot; target=&quot;_blank&quot; rel=&quot;noreferrer noopener&quot;&gt;It is (Once Again) Time to Think Long Term About EU Energy Security&lt;\/a&gt;&amp;#160;\u00bb, &lt;em&gt;Bucconi&lt;\/em&gt;, 11 mars 2026.'><sup>14<\/sup><\/a><\/span><\/span>, l\u2019Agence Internationale de l\u2019\u00e9nergie&nbsp;<span class='whitespace-nowrap'><span id='easy-footnote-15-323865' class='easy-footnote-margin-adjust'><\/span><span class='easy-footnote'><a href='https:\/\/legrandcontinent.eu\/fr\/2026\/03\/24\/ecologie-de-guerre-totale-charbonnier\/#easy-footnote-bottom-15-323865' title='\u00ab&amp;#160;&lt;a href=&quot;https:\/\/www.iea.org\/news\/new-iea-report-highlights-options-to-ease-oil-price-pressures-on-consumers-in-response-to-middle-east-supply-disruptions?utm_content=buffer5239b&amp;amp;utm_medium=social&amp;amp;utm_source=twitter-ieabirol&amp;amp;utm_campaign=buffer&quot; target=&quot;_blank&quot; rel=&quot;noreferrer noopener&quot;&gt;New IEA report highlights options to ease oil price pressures on consumers in response to Middle East supply disruptions&lt;\/a&gt;&amp;#160;\u00bb, &lt;em&gt;IEA&lt;\/em&gt;, 20 mars 2026.'><sup>15<\/sup><\/a><\/span><\/span>, par l\u2019ensemble de la coalition climat. Parall\u00e8lement, l\u2019industrie \u00e9lectrotechnique chinoise semble d\u00e9j\u00e0 b\u00e9n\u00e9ficier des retomb\u00e9es de cette guerre, alors que l\u2019Asie fait le pari de long terme des \u00e9nergies bas carbone&nbsp;<span class='whitespace-nowrap'><span id='easy-footnote-16-323865' class='easy-footnote-margin-adjust'><\/span><span class='easy-footnote'><a href='https:\/\/legrandcontinent.eu\/fr\/2026\/03\/24\/ecologie-de-guerre-totale-charbonnier\/#easy-footnote-bottom-16-323865' title='\u00ab&amp;#160;&lt;a href=&quot;https:\/\/www.ft.com\/content\/b122ca1f-fc99-4749-9764-f1998b84dd07?syn-25a6b1a6=1&quot; target=&quot;_blank&quot; rel=&quot;noreferrer noopener&quot;&gt;China battery trio gain $70bn as Iran war sparks \u2018paradigm shift\u2019&lt;\/a&gt;&amp;#160;\u00bb, &lt;em&gt;Financial Times.&lt;\/em&gt;'><sup>16<\/sup><\/a><\/span><\/span>.&nbsp; Cette convergence entre climat, comp\u00e9titivit\u00e9 et s\u00e9curit\u00e9 se confronte toujours au r\u00e9alisme fossile, qui n\u2019attend que la r\u00e9ouverture du d\u00e9troit pour revenir \u00e0 l\u2019ordre des choses, mais l\u2019ampleur et la durabilit\u00e9 de la crise engendr\u00e9e par la guerre en Iran donne des armes \u00e0 cette coalition climat&nbsp;<span class='whitespace-nowrap'><span id='easy-footnote-17-323865' class='easy-footnote-margin-adjust'><\/span><span class='easy-footnote'><a href='https:\/\/legrandcontinent.eu\/fr\/2026\/03\/24\/ecologie-de-guerre-totale-charbonnier\/#easy-footnote-bottom-17-323865' title='&lt;a href=&quot;https:\/\/x.com\/laurimyllyvirta\/status\/2032071116731166973?s=20&quot; target=&quot;_blank&quot; rel=&quot;noreferrer noopener&quot;&gt;Post X de Lauri Myllyvirta&lt;\/a&gt;.'><sup>17<\/sup><\/a><\/span><\/span>.<\/p>\n\n\n\n<p>La renaissance de l\u2019\u00e9cologie de guerre n&rsquo;est pas une mauvaise nouvelle parce que l\u2019argumentaire climatique pourrait se trouver renforc\u00e9 et rel\u00e9gitim\u00e9, mais le fait qu\u2019il s\u2019agisse pr\u00e9cis\u00e9ment d\u2019une renaissance \u2014 pendant une p\u00e9riode de <em>backlash<\/em> extr\u00eamement vive en Europe et dans le monde \u2014 doit cependant nous interroger. L\u2019\u00e9cologie peut-elle vraiment se r\u00e9duire au paradigme monnetiste&#160;: se faire dans les crises et n&rsquo;en \u00eatre que la somme des solutions apport\u00e9es&#160;? Combien de crises seront-elles n\u00e9cessaires pour que l\u2019Union se r\u00e9invente v\u00e9ritablement comme l&rsquo;avant-garde de la transition, en lien avec la Chine et d\u2019autres partenaires&nbsp;<span class='whitespace-nowrap'><span id='easy-footnote-18-323865' class='easy-footnote-margin-adjust'><\/span><span class='easy-footnote'><a href='https:\/\/legrandcontinent.eu\/fr\/2026\/03\/24\/ecologie-de-guerre-totale-charbonnier\/#easy-footnote-bottom-18-323865' title='Geoeconomic, \u00ab&amp;#160;&lt;a href=&quot;https:\/\/geoeconomic.substack.com\/p\/energy-resilience-with-chinese-characteristics?utm_campaign=post-expanded-share&amp;amp;utm_medium=post%2Bviewer&amp;amp;triedRedirect=true&quot; target=&quot;_blank&quot; rel=&quot;noreferrer noopener&quot;&gt;Oil Shock Resilience with Chinese Characteristics&lt;\/a&gt;&amp;#160;\u00bb, 14 mars 2026.'><sup>18<\/sup><\/a><\/span><\/span>&#160;? Combien de crises seront-elles n\u00e9cessaires pour que la l\u00e9gitimit\u00e9 et la puissance des p\u00e9tro-\u00c9tats soient d\u00e9finitivement ruin\u00e9es&#160;? Combien de fois l\u2019histoire devra-t-elle se r\u00e9p\u00e9ter pour que se constitue une alliance \u00e9conomique, technologique et politique entre repr\u00e9sentants de l\u2019int\u00e9r\u00eat g\u00e9n\u00e9ral de l\u2019humanit\u00e9 face \u00e0 l\u2019ins\u00e9curit\u00e9 fossile et climatique&#160;?<\/p>\n\n\n\n<p>Dans un monde encore plus fractur\u00e9 et dangereux qu\u2019il ne l\u2019\u00e9tait en 2022, dans un contexte \u00e9videmment marqu\u00e9 par le mode de gouvernement <a href=\"https:\/\/legrandcontinent.eu\/fr\/2026\/02\/02\/neo-royalisme-le-nouvel-ordre-mondial-de-donald-j-trump\/\">n\u00e9o-royaliste<\/a> de Donald Trump, et avec lui de l\u2019oligarchie p\u00e9troli\u00e8re et militaire am\u00e9ricaine, l\u2019\u00e9cologie de guerre conna\u00eet certes une renaissance. Mais plus pr\u00e9cis\u00e9ment, elle fait l\u2019objet d\u2019un ensemble de mutations et d\u2019amplifications qui en portent les implications \u00e0 un point paroxystique. Une \u00e9cologie de guerre totale, donc.<\/p>\n\n\n\n\n\n<figure class=\"wp-block-image wp-block-image-full\"\n    data-shadow=\"false\"\n    data-use-original-file=\"false\">\n    <a\n        data-pswp-src=\"https:\/\/legrandcontinent.eu\/fr\/wp-content\/uploads\/sites\/2\/2026\/03\/2017_WesternFlag_Gerrard_004-2.jpg\"\n        class=\"inline-block gallery-item no-underline \"\n        data-pswp-width=\"2400\"\n        data-pswp-height=\"1746\">\n                                        <picture>\r\n                    <source\r\n                srcset=\"https:\/\/legrandcontinent.eu\/fr\/wp-content\/uploads\/sites\/2\/2026\/03\/2017_WesternFlag_Gerrard_004-2-330x240.jpg\"\r\n                media=\"(max-width:  330px)\" \/>\r\n                    <source\r\n                srcset=\"https:\/\/legrandcontinent.eu\/fr\/wp-content\/uploads\/sites\/2\/2026\/03\/2017_WesternFlag_Gerrard_004-2-690x502.jpg\"\r\n                media=\"(max-width:  690px)\" \/>\r\n                    <source\r\n                srcset=\"https:\/\/legrandcontinent.eu\/fr\/wp-content\/uploads\/sites\/2\/2026\/03\/2017_WesternFlag_Gerrard_004-2-990x720.jpg\"\r\n                media=\"(max-width:  990px)\" \/>\r\n                    <source\r\n                srcset=\"https:\/\/legrandcontinent.eu\/fr\/wp-content\/uploads\/sites\/2\/2026\/03\/2017_WesternFlag_Gerrard_004-2-1340x975.jpg\"\r\n                media=\"(max-width: 1340px)\" \/>\r\n                    <source\r\n                srcset=\"https:\/\/legrandcontinent.eu\/fr\/wp-content\/uploads\/sites\/2\/2026\/03\/2017_WesternFlag_Gerrard_004-2-1600x1164.jpg\"\r\n                media=\"(max-width: 1600px)\" \/>\r\n                    <source\r\n                srcset=\"https:\/\/legrandcontinent.eu\/fr\/wp-content\/uploads\/sites\/2\/2026\/03\/2017_WesternFlag_Gerrard_004-2-1920x1397.jpg\"\r\n                media=\"(min-width: 1601px)\" \/>\r\n                <img decoding=\"async\" src=\"https:\/\/legrandcontinent.eu\/fr\/wp-content\/uploads\/sites\/2\/2026\/03\/2017_WesternFlag_Gerrard_004-2-125x91.jpg\" \/>\r\n        <\/picture>\r\n                            \n                    <figcaption class=\"pswp-caption-content \">John Gerrard \u00a9 ADAGP Paris 2026<\/figcaption>\n            <\/a>\n<\/figure>\n\n\n<h2 class=\"wp-block-heading\">La mont\u00e9e aux extr\u00eames de l\u2019\u00e9cologie de guerre<\/h2>\n\n\n\n<p>Lorsqu\u2019un vase de cristal re\u00e7oit un choc, il se fracture toujours selon des lignes de fragilit\u00e9 auparavant invisibles, mais que ce choc r\u00e9v\u00e8le. Les vuln\u00e9rabilit\u00e9s sont l\u00e0, attendant d\u2019\u00eatre rendues visibles par l&rsquo;\u00e9v\u00e9nement. Il en va de m\u00eame avec les crises g\u00e9opolitiques, et il est d\u00e9sormais possible de comprendre comment la guerre en Iran red\u00e9finit et relance le n\u0153ud entre \u00e9nergie \u2014 puissance \u2014 climat.<\/p>\n\n\n\n<p>J\u2019identifie quatre transformations principales de la conjoncture mondiale qui donnent au probl\u00e8me de la d\u00e9pendance fossile une nouvelle dimension comparativement \u00e0 2022, et \u00e0 l\u2019\u00e9cologie de guerre une nouvelle signification d&rsquo;ascension aux extr\u00eames.<\/p>\n\n\n\n<h3 class=\"wp-block-heading\">L\u2019escalade fossile<\/h3>\n\n\n\n<p>Le premier aspect, le plus \u00e9vident, est la multiplication des fronts du conflit et leur interconnexion. La Russie et l\u2019Iran se trouvent dans des positions strat\u00e9giquement oppos\u00e9es, la premi\u00e8re a initi\u00e9 une attaque en territoire \u00e9tranger, le second voit son territoire attaqu\u00e9, mais les deux pays forment n\u00e9anmoins une alliance g\u00e9opolitique qui entend d\u00e9fier l\u2019h\u00e9g\u00e9monie am\u00e9ricaine et dont les expressions principales sont les technologies nucl\u00e9aires et l\u2019\u00e9conomie des drones.&nbsp;<\/p>\n\n\n\n<p>Du point de vue qui nous occupe, il s\u2019agit surtout de deux grands pays p\u00e9tro-gaziers, qui tirent une bonne partie de leur puissance de la contrainte qu\u2019ils exercent sur l\u2019\u00e9conomie mondiale de l\u2019\u00e9nergie, en particulier sur les pays importateurs. Et de ce point de vue \u00e9galement on observe une inversion&#160;: si c\u2019est bien l\u2019Union europ\u00e9enne qui a d\u00e9cid\u00e9 de limiter ses importations d\u2019\u00e9nergie de Russie en fermant Nord Stream et en abandonnant le projet Nord Stream 2, consentant \u00e0 un choc \u00e9nerg\u00e9tique auto-inflig\u00e9 pour des raisons de s\u00e9curit\u00e9 et \u00e0 une d\u00e9pendance accrue \u00e0 l\u2019\u00e9gard des \u00c9tats-Unis, c\u2019est cette fois l\u2019Iran qui exploite le pouvoir des goulots d\u2019\u00e9tranglement en bloquant le d\u00e9troit d\u2019Ormuz. Pour l\u2019Europe, cela signifie que le choc \u00e9nerg\u00e9tique est d\u00e9sormais v\u00e9cu de fa\u00e7on plus passive qu\u2019en 2022, sous une forme qui ressemble plus \u00e0 celle exp\u00e9riment\u00e9e par exemple en Asie, au Japon ou en Cor\u00e9e \u2014 deux pays largement d\u00e9pendants des exportations iraniennes et qui doivent devenir des partenaires essentiels dans la coalition internationale pour le climat.<\/p>\n\n\n\n<p>Les chocs de 2022 et de 2026 ne s\u2019additionnent donc pas simplement, ils t\u00e9moignent d\u2019une dynamique de dramatisation plus g\u00e9n\u00e9rale, que l\u2019intervention de janvier au Venezuela et les menaces sur le Groenland confirment \u00e9galement. En t\u00e9moigne aussi la pression exerc\u00e9e par l\u2019Iran non seulement sur les prix de l\u2019\u00e9nergie, mais aussi des fertilisants, et donc de la production alimentaire future&nbsp;<span class='whitespace-nowrap'><span id='easy-footnote-19-323865' class='easy-footnote-margin-adjust'><\/span><span class='easy-footnote'><a href='https:\/\/legrandcontinent.eu\/fr\/2026\/03\/24\/ecologie-de-guerre-totale-charbonnier\/#easy-footnote-bottom-19-323865' title='Libby George et Karin Strohecker, \u00ab&amp;#160;&lt;a href=&quot;https:\/\/www.reuters.com\/world\/middle-east\/war-iran-threatens-fresh-food-price-shock-across-developing-world-2026-03-20\/&quot; target=&quot;_blank&quot; rel=&quot;noreferrer noopener&quot;&gt;War in Iran threatens fresh food-price shock across developing world&lt;\/a&gt;&amp;#160;\u00bb, &lt;em&gt;Reuters&lt;\/em&gt;, 20 mars 2026.'><sup>19<\/sup><\/a><\/span><\/span>. La s\u00e9curit\u00e9 alimentaire n\u2019est plus un spectre \u00e9loign\u00e9 pour les pays riches d\u2019Europe, et il s\u2019agit d\u2019une menace directe pour d\u2019autres, soit en raison de leur d\u00e9pendance commerciale \u00e0 l\u2019\u00e9gard des producteurs situ\u00e9s dans la r\u00e9gion du Golfe, soit en raison de leur incapacit\u00e9 \u00e0 faire face \u00e0 l\u2019inflation des prix des biens de consommation \u00e9l\u00e9mentaires. La destruction d\u2019usines de d\u00e9salinisation d\u2019eau, et plus g\u00e9n\u00e9ralement la situation de crise de l\u2019eau dans l\u2019ensemble de la r\u00e9gion moyen-orientale, participent de cette intensification&nbsp;<span class='whitespace-nowrap'><span id='easy-footnote-20-323865' class='easy-footnote-margin-adjust'><\/span><span class='easy-footnote'><a href='https:\/\/legrandcontinent.eu\/fr\/2026\/03\/24\/ecologie-de-guerre-totale-charbonnier\/#easy-footnote-bottom-20-323865' title='Ginger Matchett, \u00ab&amp;#160;&lt;a href=&quot;https:\/\/www.atlanticcouncil.org\/dispatches\/attacks-on-desalination-plants-in-the-iran-war-forecast-a-dark-future\/&quot; target=&quot;_blank&quot; rel=&quot;noreferrer noopener&quot;&gt;Attacks on desalination plants in the Iran war forecast a dark future&lt;\/a&gt;&amp;#160;\u00bb, &lt;em&gt;Atlantic Council&lt;\/em&gt;, 18 mars 2026.'><sup>20<\/sup><\/a><\/span><\/span>. Le niveau de risque humain et social est donc consid\u00e9rablement accru, ce qui implique que la r\u00e9ponse industrielle et \u00e9nerg\u00e9tique doit l\u2019\u00eatre en cons\u00e9quence&#160;: la d\u00e9carbonation du syst\u00e8me agro-alimentaire est un nouvel axe fondamental de l\u2019\u00e9cologie de guerre, pour \u00e9viter un <em>hunger games <\/em>globalis\u00e9.<\/p>\n\n\n\n<figure class=\"wp-block-pullquote\"><blockquote><p>La renaissance de l\u2019\u00e9cologie de guerre n&rsquo;est pas une mauvaise nouvelle.<\/p><cite>Pierre Charbonnier<\/cite><\/blockquote><\/figure>\n\n\n\n<h3 class=\"wp-block-heading\">Trump et l\u2019acc\u00e9l\u00e9ration am\u00e9ricaine&nbsp;<\/h3>\n\n\n\n<p>La totalisation et la globalisation du conflit et de ses r\u00e9percussions sont elles-m\u00eames profond\u00e9ment li\u00e9es au revirement politique des \u00c9tats-Unis \u00e0 la suite de la r\u00e9\u00e9lection de Donald Trump en 2024. D\u00e8s son retour \u00e0 la Maison Blanche, la \u00ab&#160;domination \u00e9nerg\u00e9tique&#160;\u00bb est devenue l\u2019un des piliers de sa strat\u00e9gie \u00e9conomique et sociale, consistant \u00e0 abolir tous les freins \u00e0 l\u2019extraction fossile domestique, \u00e0 satisfaire les int\u00e9r\u00eats de la coalition fossile contre la Chine, et donc \u00e0 nier en pratique les alertes scientifiques&nbsp;<span class='whitespace-nowrap'><span id='easy-footnote-21-323865' class='easy-footnote-margin-adjust'><\/span><span class='easy-footnote'><a href='https:\/\/legrandcontinent.eu\/fr\/2026\/03\/24\/ecologie-de-guerre-totale-charbonnier\/#easy-footnote-bottom-21-323865' title='\u00ab&amp;#160;&lt;a href=&quot;https:\/\/www.whitehouse.gov\/articles\/2026\/02\/american-energy-dominance-is-back-under-president-trump\/&quot; target=&quot;_blank&quot; rel=&quot;noreferrer noopener&quot;&gt;American Energy Dominance Is Back Under President Trump&lt;\/a&gt;&amp;#160;\u00bb, &lt;em&gt;La Maison Blanche&lt;\/em&gt;, 24 f\u00e9vrier 2026.'><sup>21<\/sup><\/a><\/span><\/span>. Cette strat\u00e9gie se traduit pour l\u2019Europe dans une volont\u00e9 de vassalisation sur plusieurs fronts conjoints&nbsp;<span class='whitespace-nowrap'><span id='easy-footnote-22-323865' class='easy-footnote-margin-adjust'><\/span><span class='easy-footnote'><a href='https:\/\/legrandcontinent.eu\/fr\/2026\/03\/24\/ecologie-de-guerre-totale-charbonnier\/#easy-footnote-bottom-22-323865' title='Gilles Gressani, \u00ab&amp;#160;Europe\u2019s \u2018happy vassal\u2019 complex&amp;#160;\u00bb, &lt;em&gt;Financial Times&lt;\/em&gt;, 11 ao\u00fbt 2025.'><sup>22<\/sup><\/a><\/span><\/span>&#160;: l\u2019acc\u00e8s aux technologies num\u00e9riques et au parapluie militaire est conditionn\u00e9 \u00e0 une acc\u00e9l\u00e9ration des commandes de GNL, et donc \u00e0 un abandon du processus de d\u00e9carbonation. L\u2019entr\u00e9e en guerre des \u00c9tats-Unis contre l\u2019Iran ne peut pas \u00eatre interpr\u00e9t\u00e9e comme une volont\u00e9 de capturer des ressources \u00e9nerg\u00e9tiques. Mais la g\u00e9opolitique de l\u2019\u00e9nergie et du climat reste centrale \u00e0 deux \u00e9gards.&nbsp;<\/p>\n\n\n\n<p>D\u2019abord, parce que la dominance \u00e9nerg\u00e9tique am\u00e9ricaine \u00e9tait con\u00e7ue comme une garantie d\u2019immunit\u00e9 contre les cons\u00e9quences \u00e9conomiques d\u2019une guerre contre l\u2019Iran. Un pays ind\u00e9pendant des importations \u00e9trang\u00e8res de p\u00e9trole devait selon la Maison-Blanche \u00eatre prot\u00e9g\u00e9 contre la hausse des prix, mais c\u2019\u00e9tait sans compter la logique des march\u00e9s et le prix d\u2019une peur g\u00e9n\u00e9ralis\u00e9e des acteurs \u00e9conomiques. Ensuite parce que le soutien demand\u00e9 \u00e0 l\u2019Europe dans cette op\u00e9ration d\u2019\u00e9limination des capacit\u00e9s militaires iraniennes devait lui aussi d\u00e9couler de notre d\u00e9pendance \u00e0 leur \u00e9gard. Le refus pourtant oppos\u00e9 par la plupart des \u00c9tats membres \u00e0 ce soutien est un signe encourageant d\u2019autonomie, mais l\u2019ancrage mat\u00e9riel de cette autonomie fait encore d\u00e9faut. Et une fois de plus, c\u2019est dans le domaine de l\u2019\u00e9nergie et des politiques climatiques que la r\u00e9sistance \u00e0 la vassalisation doit se poursuivre, sans quoi l\u2019Europe se trouvera expos\u00e9e \u00e0 des sanctions \u00e0 son tour pour son manque de coop\u00e9ration avec son suzerain.<\/p>\n\n\n\n<p>La r\u00e9volution des rapports entre l\u2019Europe et les \u00c9tats-Unis a \u00e9galement une signification politique plus profonde. Sous l\u2019influence de Trump, Washington est en effet en train de sortir du cadre de la d\u00e9mocratie lib\u00e9rale et d\u00e9veloppe des structures de gouvernance quasi-monarchiques, fond\u00e9es sur l\u2019appartenance clanique et familiale&nbsp;<span class='whitespace-nowrap'><span id='easy-footnote-23-323865' class='easy-footnote-margin-adjust'><\/span><span class='easy-footnote'><a href='https:\/\/legrandcontinent.eu\/fr\/2026\/03\/24\/ecologie-de-guerre-totale-charbonnier\/#easy-footnote-bottom-23-323865' title='Stacie E. Goddard et Abraham Newman, \u00ab&amp;#160;&lt;a href=&quot;https:\/\/www.cambridge.org\/core\/journals\/international-organization\/article\/further-back-to-the-future-neoroyalism-the-trump-administration-and-the-emerging-international-system\/ABB12906CA345BBCA5049B544363D391?utm_source=chatgpt.com&quot; target=&quot;_blank&quot; rel=&quot;noreferrer noopener&quot;&gt;Further Back to the Future&amp;#160;: Neo-Royalism, the Trump Administration, and the Emerging International&lt;\/a&gt;&amp;#160;\u00bb, &lt;em&gt;International Organization, &lt;\/em&gt;vol. 79, no. S1, pp. S12\u2013S25, 2025.'><sup>23<\/sup><\/a><\/span><\/span>. On ne peut que voir un lien entre l\u2019\u00e9volution de la forme de l\u2019\u00c9tat, le client\u00e9lisme oligarchique, et le r\u00f4le jou\u00e9 par la rente fossile dans la vie politique. Si nous sommes familiers de ces processus lorsque l\u2019on parle de la Russie, du Venezuela ou de la Libye, la chute des \u00c9tats-Unis dans ce processus de capture de l\u2019\u00c9tat doit \u00eatre comprise comme un signal d\u2019alerte, comme un \u00e9l\u00e9ment de continuit\u00e9 n\u00e9cessaire entre d\u00e9mocratie et transition.<\/p>\n\n\n\n<p><\/p>\n\n\n\n<p><\/p>\n\n\n\n<p><\/p>\n\n\n\n    <div class='mux-player-wrapper' style=\"aspect-ratio:16\/9;\" data-gif-at=\"\">\n        <div\n            class='mux-player-placeholder' \n            style=\"background-image:url('https:\/\/image.mux.com\/EdHU7LsGD8UACgK94Gp0200GwNqbBJcEf8BO7oPeiUexQ\/thumbnail.png?width=800&#038;height=600&#038;time=');\"\n\n        >\n        <\/div>\n        <mux-player\n            playback-id=\"EdHU7LsGD8UACgK94Gp0200GwNqbBJcEf8BO7oPeiUexQ\"\n            accent-color=\"#dd203c\"\n            metadata-video-title=\"\"\n            metadata-viewer-user-id=\"user-wp\"\n            style=\"--controls: none;\" \n            autoplay='true' muted='true' \n                    >\n        <\/mux-player>\n    <\/div>\n\n\n\n<p><\/p>\n\n\n\n<p><\/p>\n\n\n\n<p><\/p>\n\n\n\n<h3 class=\"wp-block-heading\">Fractures dans l\u2019infrastructure verte europ\u00e9enne<\/h3>\n\n\n\n<p>Le troisi\u00e8me axe de transformation concerne l\u2019\u00e9quilibre interne de l\u2019Union face au choc \u00e9nerg\u00e9tique. En 2022, la strat\u00e9gie de sobri\u00e9t\u00e9 et de d\u00e9carbonation r\u00e9silientes avait \u00e9t\u00e9 con\u00e7ue comme une r\u00e9ponse concert\u00e9e \u00e0 une menace g\u00e9opolitique. M\u00eame si elle soulevait et soul\u00e8ve toujours des divisions internes \u00e0 l\u2019Union en fonction de l\u2019in\u00e9gale exposition des \u00c9tats membres \u00e0 la d\u00e9pendance russe, la n\u00e9cessit\u00e9 de se pr\u00e9munir contre l\u2019extension de l\u2019agression russe a plut\u00f4t fait reculer certaines r\u00e9ticences \u00e0 la d\u00e9carbonation, dans les pays baltes et en Pologne. En 2026, les fissures internes de l&rsquo;Union sont plus marqu\u00e9es, et elles mettent en sc\u00e8ne des \u00c9tats plus puissants. L\u2019Allemagne semble ainsi reconsid\u00e9rer son choix d\u2019abandonner le nucl\u00e9aire, choix lui-m\u00eame li\u00e9 \u00e0 sa d\u00e9pendance accrue \u00e0 l\u2019\u00e9gard de la Russie, tout en cultivant un lien privil\u00e9gi\u00e9 avec les \u00c9tats-Unis. L\u2019Italie de Giorgia Meloni a en parall\u00e8le tent\u00e9 d\u2019affaiblir le dispositif du march\u00e9 carbone ETS en le pr\u00e9sentant comme un instrument p\u00e9nalisant l\u2019\u00e9conomie des pays d\u00e9pendants du gaz. Le contraste avec l\u2019Espagne, qui assume par la voix de son Premier ministre Pedro S\u00e1nchez une position tr\u00e8s claire concernant la transition, le r\u00f4le que l\u2019\u00c9tat y joue, et son rapport aux \u00c9tats-Unis, est frappant. Autrement dit, l\u2019Union laisse coexister des strat\u00e9gies \u00e9nerg\u00e9tiques, g\u00e9opolitiques et macro\u00e9conomiques tr\u00e8s contrast\u00e9es \u2014 ce qui pose la question de son processus d\u2019int\u00e9gration.<\/p>\n\n\n\n<p>On comprend mieux alors le lien entre les fractures internes de l\u2019Europe et les missions d\u00e9sormais affaiblies du Green Deal. Apr\u00e8s des ann\u00e9es de discours mobilisateurs sur le caract\u00e8re strat\u00e9gique de la transition, apr\u00e8s le constat de l\u2019insuffisance de ces discours face aux arguments de l\u2019industrie fossile, apr\u00e8s l\u2019exploitation de mauvaise foi de l\u2019imp\u00e9ratif de transition juste (comme un argument pour rendre cette transition impossible), le r\u00e9alisme \u00e9cologique de l\u2019Europe doit se trouver un agenda solide et p\u00e9renne&#160;: l\u2019Union europ\u00e9enne n\u2019a pas d\u2019avenir, en tant que bloc d\u00e9mocratique soutenable, sans r\u00e9forme infrastructurelle massive construite pour couvrir les besoins et les risques sociaux majoritaires.<\/p>\n\n\n\n<figure class=\"wp-block-pullquote\"><blockquote><p>L\u2019\u00c9tat aura-t-il le courage de discipliner les profiteurs de guerre pour r\u00e9aliser un transfert de richesse strat\u00e9gique&#160;?<\/p><cite>Pierre Charbonnier<\/cite><\/blockquote><\/figure>\n\n\n\n<h3 class=\"wp-block-heading\">Fractures dans l\u2019infrastructure d\u00e9mocratique&nbsp;<\/h3>\n\n\n\n<p>Le quatri\u00e8me et dernier aspect des mutations de l\u2019\u00e9cologie de guerre concerne la gestion politique de l\u2019inflation que pourraient causer ces nouveaux chocs \u00e9nerg\u00e9tiques et alimentaires, s\u2019ils venaient \u00e0 durer.&nbsp;<\/p>\n\n\n\n<p>Dans un contexte de lutte contre le d\u00e9ficit public, pr\u00e9\u00e9minent en France mais pr\u00e9sent aussi dans la plupart des \u00e9conomies europ\u00e9ennes, le choix du bouclier tarifaire sur l\u2019\u00e9nergie ne fait plus consensus. Bien que ces mesures soient demand\u00e9es par la FI et le RN, le bilan de ces aides publiques dress\u00e9 par la cour des comptes est n\u00e9gatif&nbsp;&#160;: estim\u00e9 en France \u00e0 36 milliards d\u2019euros pour la p\u00e9riode 2021-2024, ce soutien indirect \u00e0 l\u2019industrie p\u00e9troli\u00e8re p\u00e8se sur le budget de l\u2019\u00c9tat tout en consolidant la d\u00e9pendance fossile&nbsp;<span class='whitespace-nowrap'><span id='easy-footnote-24-323865' class='easy-footnote-margin-adjust'><\/span><span class='easy-footnote'><a href='https:\/\/legrandcontinent.eu\/fr\/2026\/03\/24\/ecologie-de-guerre-totale-charbonnier\/#easy-footnote-bottom-24-323865' title='Elsa Conesa, \u00ab&amp;#160;&lt;a href=&quot;https:\/\/www.lemonde.fr\/politique\/article\/2024\/03\/15\/crise-de-l-energie-la-cour-des-comptes-fustige-le-cout-budgetaire-et-environnemental-des-mesures-de-soutien_6222170_823448.html&quot; target=&quot;_blank&quot; rel=&quot;noreferrer noopener&quot;&gt;Crise de l\u2019\u00e9nergie&amp;#160;: la Cour des comptes fustige le co\u00fbt budg\u00e9taire et environnemental des mesures de soutien&lt;\/a&gt;&amp;#160;\u00bb, &lt;em&gt;Le Monde&lt;\/em&gt;, 15 mars 2024.'><sup>24<\/sup><\/a><\/span><\/span>. Dans ces circonstances, les choix de politiques publiques se r\u00e9duisent. Un sc\u00e9nario possible est de laisser monter les prix jusqu\u2019au point o\u00f9 la demande se r\u00e9tracte d\u2019elle-m\u00eame, peut-\u00eatre avec l\u2019assistance d\u2019une hausse des taux d\u2019int\u00e9r\u00eat par les banques centrales, avec tout le spectre des contestations populaires que cela peut engendrer&nbsp;<span class='whitespace-nowrap'><span id='easy-footnote-25-323865' class='easy-footnote-margin-adjust'><\/span><span class='easy-footnote'><a href='https:\/\/legrandcontinent.eu\/fr\/2026\/03\/24\/ecologie-de-guerre-totale-charbonnier\/#easy-footnote-bottom-25-323865' title='Kate Mackenzie, Patrick Bigger et Kevin Cashman, \u00ab&amp;#160;&lt;a href=&quot;https:\/\/www.break-down.org\/oil-war-ii\/&quot; target=&quot;_blank&quot; rel=&quot;noreferrer noopener&quot;&gt;Oil War II&lt;\/a&gt;&amp;#160;\u00bb, &lt;em&gt;The Break-Down&lt;\/em&gt;, 19 mars 2026.'><sup>25<\/sup><\/a><\/span><\/span>. Le second consiste \u00e0 taxer les profits de ces industries pour financer la transition, <a href=\"https:\/\/legrandcontinent.eu\/fr\/2026\/03\/15\/a-qui-profite-la-guerre-diran\/\">comme le sugg\u00e8rent Isabella Weber et Gregor Semeniuk<\/a>. Enfin, sc\u00e9nario moins plausible mais \u00e0 envisager, il s\u2019agirait de saisir l\u2019occasion pour remettre en question l\u2019obsession sur la dette publique et d\u2019engager un grand emprunt anti-inflation et anti-d\u00e9pendance \u00e9nerg\u00e9tique. Ces deux derniers sc\u00e9narios, qui combinent \u00e0 leur fa\u00e7on rationalit\u00e9 budg\u00e9taire, financi\u00e8re et climatique, ne re\u00e7oivent pour l\u2019instant que peu de soutien politique, et \u00e0 l\u2019approche des \u00e9lections pr\u00e9sidentielles de 2027 on ne peut qu\u2019\u00eatre surpris par l\u2019absence quasi totale de mobilisation sur cet enjeu pourtant fondamental.&nbsp;<\/p>\n\n\n\n<p>Cette absence est d\u2019autant plus frappante que les effets distributifs de l\u2019inflation des prix de l\u2019\u00e9nergie sont bien connus. Accumulation gigantesque du c\u00f4t\u00e9 des investisseurs et entreprises fossiles, r\u00e9duction du pouvoir d\u2019achat du c\u00f4t\u00e9 des consommateurs (l\u2019immense majorit\u00e9 de la population). Et ce ph\u00e9nom\u00e8ne, s\u2019il est important en Europe, l\u2019est plus encore dans les pays \u00e0 plus bas revenus o\u00f9 l\u2019\u00e9cart entre le niveau de vie moyen et l\u2019accumulation oligarchique prend des proportions monumentales. De ce point de vue, l\u2019exposition au co\u00fbt r\u00e9el de la d\u00e9pendance fossile, avant m\u00eame que n\u2019\u00e9clate le co\u00fbt r\u00e9el de l\u2019exposition au changement climatique lui-m\u00eame, doit devenir le moteur d\u2019un changement de paradigme \u00e9nerg\u00e9tique et politique.&nbsp;<\/p>\n\n\n\n<p>L\u2019\u00e9cologie de guerre se trouve au c\u0153ur de l\u2019\u00e9conomie politique d\u00e9mocratique, et l\u2019intensit\u00e9 accrue du choc de 2026, additionn\u00e9e \u00e0 l\u2019aggravation de la situation g\u00e9opolitique, ne laisse au fond \u00e0 l\u2019Europe et \u00e0 ses pays aucun autre choix pour se pr\u00e9server.&nbsp;<\/p>\n\n\n\n<p>Cela pose la question du public r\u00e9ellement vis\u00e9 par les politiques \u00e9conomiques&#160;: sont-elles faites pour la minorit\u00e9 b\u00e9n\u00e9ficiaire, ou pour la majorit\u00e9 affect\u00e9e&nbsp;&#160;? L\u2019\u00c9tat aura-t-il le courage de discipliner les profiteurs de guerre pour r\u00e9aliser un transfert de richesse strat\u00e9gique, d\u00e9mocratique, et soutenable&nbsp;&#160;? Nous allons le savoir bient\u00f4t. Et encore une fois, c\u2019est l\u2019infrastructure d\u00e9mocratique de l\u2019Europe et de la France qui sont en jeu, et au-del\u00e0, la capacit\u00e9 de la transformation climatique \u00e0 d\u00e9finir l\u2019horizon des \u00e9conomies \u00e9mergentes.<\/p>\n","protected":false},"excerpt":{"rendered":"<p>En acc\u00e9l\u00e9rant la trajectoire imp\u00e9riale des \u00c9tats-Unis, Donald Trump vient-il de saboter les infrastructures fossiles globales&#160;&#160;?<\/p>\n<p>Si Trump est une ruse de la raison \u00e9co-terroriste \u2014 quelle histoire pouvons-nous raconter&#160;&#160;?<\/p>\n<p>Une pi\u00e8ce de doctrine sign\u00e9e Pierre Charbonnier.<\/p>\n","protected":false},"author":10,"featured_media":323902,"comment_status":"closed","ping_status":"closed","sticky":false,"template":"templates\/post-editorials.php","format":"standard","meta":{"_acf_changed":false,"_trash_the_other_posts":false,"_yoast_wpseo_estimated-reading-time-minutes":20,"footnotes":""},"categories":[4259],"tags":[],"staff":[2197],"editorial_format":[4848],"serie":[],"audience":[],"geo":[1917],"class_list":["post-323865","post","type-post","status-publish","format-standard","hentry","category-leurope-face-a-trump-que-faire","staff-pierre-charbonnier","editorial_format-editorials","geo-europe"],"acf":{"open_in_webview":false,"accent":"default","_thumbnail_id":323902,"excerpt":"En acc\u00e9l\u00e9rant la trajectoire imp\u00e9riale des \u00c9tats-Unis, Donald Trump vient-il de saboter les infrastructures fossiles globales ?\r\n\r\nSi Trump est une ruse de la raison \u00e9co-terroriste \u2014 quelle histoire pouvons-nous raconter?\r\n\r\nUne pi\u00e8ce de doctrine sign\u00e9e Pierre Charbonnier.","display_date":"","new_abstract":true},"yoast_head":"<!-- This site is optimized with the Yoast SEO plugin v26.1.1 - https:\/\/yoast.com\/wordpress\/plugins\/seo\/ -->\n<title>L&#039;\u00e9cologie de guerre totale | Le Grand Continent<\/title>\n<meta name=\"robots\" content=\"index, follow, max-snippet:-1, max-image-preview:large, max-video-preview:-1\" \/>\n<link rel=\"canonical\" href=\"https:\/\/legrandcontinent.eu\/fr\/2026\/03\/24\/ecologie-de-guerre-totale-charbonnier\/\" \/>\n<meta property=\"og:locale\" content=\"fr_FR\" \/>\n<meta property=\"og:type\" content=\"article\" \/>\n<meta property=\"og:title\" content=\"L&#039;\u00e9cologie de guerre totale | Le Grand Continent\" \/>\n<meta property=\"og:description\" content=\"En acc\u00e9l\u00e9rant la trajectoire imp\u00e9riale des \u00c9tats-Unis, Donald Trump vient-il de saboter les infrastructures fossiles globales&#160;?  Si Trump est une ruse de la raison \u00e9co-terroriste \u2014 quelle histoire pouvons-nous raconter&#160;?  Une pi\u00e8ce de doctrine sign\u00e9e Pierre Charbonnier.\" \/>\n<meta property=\"og:url\" content=\"https:\/\/legrandcontinent.eu\/fr\/2026\/03\/24\/ecologie-de-guerre-totale-charbonnier\/\" \/>\n<meta property=\"og:site_name\" content=\"Le Grand Continent\" \/>\n<meta property=\"article:published_time\" content=\"2026-03-24T06:28:28+00:00\" \/>\n<meta property=\"article:modified_time\" content=\"2026-03-25T15:45:57+00:00\" \/>\n<meta property=\"og:image\" content=\"https:\/\/legrandcontinent.eu\/fr\/wp-content\/uploads\/sites\/2\/2026\/03\/gc-fireoil-scaled.jpg\" \/>\n\t<meta property=\"og:image:width\" content=\"2560\" \/>\n\t<meta property=\"og:image:height\" content=\"1440\" \/>\n\t<meta property=\"og:image:type\" content=\"image\/jpeg\" \/>\n<meta name=\"author\" content=\"Matheo Malik\" \/>\n<meta name=\"twitter:card\" content=\"summary_large_image\" \/>\n<meta name=\"twitter:image\" content=\"https:\/\/legrandcontinent.eu\/fr\/wp-content\/uploads\/sites\/2\/2026\/03\/gc-fireoil-scaled.jpg\" \/>\n<meta name=\"twitter:label1\" content=\"\u00c9crit par\" \/>\n\t<meta name=\"twitter:data1\" content=\"Matheo Malik\" \/>\n\t<meta name=\"twitter:label2\" content=\"Dur\u00e9e de lecture estim\u00e9e\" \/>\n\t<meta name=\"twitter:data2\" content=\"20 minutes\" \/>\n<script type=\"application\/ld+json\" class=\"yoast-schema-graph\">{\"@context\":\"https:\/\/schema.org\",\"@graph\":[{\"@type\":\"WebPage\",\"@id\":\"https:\/\/legrandcontinent.eu\/fr\/2026\/03\/24\/ecologie-de-guerre-totale-charbonnier\/\",\"url\":\"https:\/\/legrandcontinent.eu\/fr\/2026\/03\/24\/ecologie-de-guerre-totale-charbonnier\/\",\"name\":\"L'\u00e9cologie de guerre totale | Le Grand Continent\",\"isPartOf\":{\"@id\":\"https:\/\/legrandcontinent.eu\/fr\/#website\"},\"primaryImageOfPage\":{\"@id\":\"https:\/\/legrandcontinent.eu\/fr\/2026\/03\/24\/ecologie-de-guerre-totale-charbonnier\/#primaryimage\"},\"image\":{\"@id\":\"https:\/\/legrandcontinent.eu\/fr\/2026\/03\/24\/ecologie-de-guerre-totale-charbonnier\/#primaryimage\"},\"thumbnailUrl\":\"https:\/\/legrandcontinent.eu\/fr\/wp-content\/uploads\/sites\/2\/2026\/03\/Gerrard_Flare_341.jpg\",\"datePublished\":\"2026-03-24T06:28:28+00:00\",\"dateModified\":\"2026-03-25T15:45:57+00:00\",\"author\":{\"@id\":\"https:\/\/legrandcontinent.eu\/fr\/#\/schema\/person\/a1c2123a1ef5abd663fcde8f63063d45\"},\"breadcrumb\":{\"@id\":\"https:\/\/legrandcontinent.eu\/fr\/2026\/03\/24\/ecologie-de-guerre-totale-charbonnier\/#breadcrumb\"},\"inLanguage\":\"fr-FR\",\"potentialAction\":[{\"@type\":\"ReadAction\",\"target\":[\"https:\/\/legrandcontinent.eu\/fr\/2026\/03\/24\/ecologie-de-guerre-totale-charbonnier\/\"]}]},{\"@type\":\"ImageObject\",\"inLanguage\":\"fr-FR\",\"@id\":\"https:\/\/legrandcontinent.eu\/fr\/2026\/03\/24\/ecologie-de-guerre-totale-charbonnier\/#primaryimage\",\"url\":\"https:\/\/legrandcontinent.eu\/fr\/wp-content\/uploads\/sites\/2\/2026\/03\/Gerrard_Flare_341.jpg\",\"contentUrl\":\"https:\/\/legrandcontinent.eu\/fr\/wp-content\/uploads\/sites\/2\/2026\/03\/Gerrard_Flare_341.jpg\",\"width\":2000,\"height\":2000},{\"@type\":\"BreadcrumbList\",\"@id\":\"https:\/\/legrandcontinent.eu\/fr\/2026\/03\/24\/ecologie-de-guerre-totale-charbonnier\/#breadcrumb\",\"itemListElement\":[{\"@type\":\"ListItem\",\"position\":1,\"name\":\"Accueil\",\"item\":\"https:\/\/legrandcontinent.eu\/fr\/\"},{\"@type\":\"ListItem\",\"position\":2,\"name\":\"L&rsquo;\u00e9cologie de guerre totale\"}]},{\"@type\":\"WebSite\",\"@id\":\"https:\/\/legrandcontinent.eu\/fr\/#website\",\"url\":\"https:\/\/legrandcontinent.eu\/fr\/\",\"name\":\"Le Grand Continent\",\"description\":\"L&#039;\u00e9chelle pertinente\",\"potentialAction\":[{\"@type\":\"SearchAction\",\"target\":{\"@type\":\"EntryPoint\",\"urlTemplate\":\"https:\/\/legrandcontinent.eu\/fr\/?s={search_term_string}\"},\"query-input\":{\"@type\":\"PropertyValueSpecification\",\"valueRequired\":true,\"valueName\":\"search_term_string\"}}],\"inLanguage\":\"fr-FR\"},{\"@type\":\"Person\",\"@id\":\"https:\/\/legrandcontinent.eu\/fr\/#\/schema\/person\/a1c2123a1ef5abd663fcde8f63063d45\",\"name\":\"Matheo Malik\",\"image\":{\"@type\":\"ImageObject\",\"inLanguage\":\"fr-FR\",\"@id\":\"https:\/\/legrandcontinent.eu\/fr\/#\/schema\/person\/image\/\",\"url\":\"https:\/\/secure.gravatar.com\/avatar\/62cbadb9f7f0804282928747d8d2051d?s=96&d=mm&r=g\",\"contentUrl\":\"https:\/\/secure.gravatar.com\/avatar\/62cbadb9f7f0804282928747d8d2051d?s=96&d=mm&r=g\",\"caption\":\"Matheo Malik\"}}]}<\/script>\n<!-- \/ Yoast SEO plugin. -->","yoast_head_json":{"title":"L'\u00e9cologie de guerre totale | Le Grand Continent","robots":{"index":"index","follow":"follow","max-snippet":"max-snippet:-1","max-image-preview":"max-image-preview:large","max-video-preview":"max-video-preview:-1"},"canonical":"https:\/\/legrandcontinent.eu\/fr\/2026\/03\/24\/ecologie-de-guerre-totale-charbonnier\/","og_locale":"fr_FR","og_type":"article","og_title":"L'\u00e9cologie de guerre totale | Le Grand Continent","og_description":"En acc\u00e9l\u00e9rant la trajectoire imp\u00e9riale des \u00c9tats-Unis, Donald Trump vient-il de saboter les infrastructures fossiles globales&#160;?  Si Trump est une ruse de la raison \u00e9co-terroriste \u2014 quelle histoire pouvons-nous raconter&#160;?  Une pi\u00e8ce de doctrine sign\u00e9e Pierre Charbonnier.","og_url":"https:\/\/legrandcontinent.eu\/fr\/2026\/03\/24\/ecologie-de-guerre-totale-charbonnier\/","og_site_name":"Le Grand Continent","article_published_time":"2026-03-24T06:28:28+00:00","article_modified_time":"2026-03-25T15:45:57+00:00","og_image":[{"width":2560,"height":1440,"url":"https:\/\/legrandcontinent.eu\/fr\/wp-content\/uploads\/sites\/2\/2026\/03\/gc-fireoil-scaled.jpg","type":"image\/jpeg"}],"author":"Matheo Malik","twitter_card":"summary_large_image","twitter_image":"https:\/\/legrandcontinent.eu\/fr\/wp-content\/uploads\/sites\/2\/2026\/03\/gc-fireoil-scaled.jpg","twitter_misc":{"\u00c9crit par":"Matheo Malik","Dur\u00e9e de lecture estim\u00e9e":"20 minutes"},"schema":{"@context":"https:\/\/schema.org","@graph":[{"@type":"WebPage","@id":"https:\/\/legrandcontinent.eu\/fr\/2026\/03\/24\/ecologie-de-guerre-totale-charbonnier\/","url":"https:\/\/legrandcontinent.eu\/fr\/2026\/03\/24\/ecologie-de-guerre-totale-charbonnier\/","name":"L'\u00e9cologie de guerre totale | Le Grand Continent","isPartOf":{"@id":"https:\/\/legrandcontinent.eu\/fr\/#website"},"primaryImageOfPage":{"@id":"https:\/\/legrandcontinent.eu\/fr\/2026\/03\/24\/ecologie-de-guerre-totale-charbonnier\/#primaryimage"},"image":{"@id":"https:\/\/legrandcontinent.eu\/fr\/2026\/03\/24\/ecologie-de-guerre-totale-charbonnier\/#primaryimage"},"thumbnailUrl":"https:\/\/legrandcontinent.eu\/fr\/wp-content\/uploads\/sites\/2\/2026\/03\/Gerrard_Flare_341.jpg","datePublished":"2026-03-24T06:28:28+00:00","dateModified":"2026-03-25T15:45:57+00:00","author":{"@id":"https:\/\/legrandcontinent.eu\/fr\/#\/schema\/person\/a1c2123a1ef5abd663fcde8f63063d45"},"breadcrumb":{"@id":"https:\/\/legrandcontinent.eu\/fr\/2026\/03\/24\/ecologie-de-guerre-totale-charbonnier\/#breadcrumb"},"inLanguage":"fr-FR","potentialAction":[{"@type":"ReadAction","target":["https:\/\/legrandcontinent.eu\/fr\/2026\/03\/24\/ecologie-de-guerre-totale-charbonnier\/"]}]},{"@type":"ImageObject","inLanguage":"fr-FR","@id":"https:\/\/legrandcontinent.eu\/fr\/2026\/03\/24\/ecologie-de-guerre-totale-charbonnier\/#primaryimage","url":"https:\/\/legrandcontinent.eu\/fr\/wp-content\/uploads\/sites\/2\/2026\/03\/Gerrard_Flare_341.jpg","contentUrl":"https:\/\/legrandcontinent.eu\/fr\/wp-content\/uploads\/sites\/2\/2026\/03\/Gerrard_Flare_341.jpg","width":2000,"height":2000},{"@type":"BreadcrumbList","@id":"https:\/\/legrandcontinent.eu\/fr\/2026\/03\/24\/ecologie-de-guerre-totale-charbonnier\/#breadcrumb","itemListElement":[{"@type":"ListItem","position":1,"name":"Accueil","item":"https:\/\/legrandcontinent.eu\/fr\/"},{"@type":"ListItem","position":2,"name":"L&rsquo;\u00e9cologie de guerre totale"}]},{"@type":"WebSite","@id":"https:\/\/legrandcontinent.eu\/fr\/#website","url":"https:\/\/legrandcontinent.eu\/fr\/","name":"Le Grand Continent","description":"L&#039;\u00e9chelle pertinente","potentialAction":[{"@type":"SearchAction","target":{"@type":"EntryPoint","urlTemplate":"https:\/\/legrandcontinent.eu\/fr\/?s={search_term_string}"},"query-input":{"@type":"PropertyValueSpecification","valueRequired":true,"valueName":"search_term_string"}}],"inLanguage":"fr-FR"},{"@type":"Person","@id":"https:\/\/legrandcontinent.eu\/fr\/#\/schema\/person\/a1c2123a1ef5abd663fcde8f63063d45","name":"Matheo Malik","image":{"@type":"ImageObject","inLanguage":"fr-FR","@id":"https:\/\/legrandcontinent.eu\/fr\/#\/schema\/person\/image\/","url":"https:\/\/secure.gravatar.com\/avatar\/62cbadb9f7f0804282928747d8d2051d?s=96&d=mm&r=g","contentUrl":"https:\/\/secure.gravatar.com\/avatar\/62cbadb9f7f0804282928747d8d2051d?s=96&d=mm&r=g","caption":"Matheo Malik"}}]}},"lgc_categories":[{"id":4259,"name":"L'Europe face \u00e0 Trump&#160;: que faire&#160;?","slug":"leurope-face-a-trump-que-faire"}],"lgc_author":{"id":2197,"name":"Pierre Charbonnier","slug":"pierre-charbonnier","description":"Pierre Charbonnier est philosophe, charg\u00e9 de recherche CNRS \u00e0 Sciences Po (Centre d'\u00e9tudes europ\u00e9ennes et de politique compar\u00e9e). Il est ancien \u00e9l\u00e8ve de l'ENS Lyon, agr\u00e9g\u00e9 et docteur en philosophie. Il a dirig\u00e9 le <a href=\"https:\/\/geopolitique.eu\/numeros\/ecologie-de-guerre-un-nouveau-paradigme\/\">deuxi\u00e8me num\u00e9ro de la revue<\/a> <em>G\u00e9opolitique, R\u00e9seau, \u00c9nergie, Environnement, Nature (GREEN).<\/em>","first_name":"Pierre ","last_name":"Charbonnier","picture":{"url":"https:\/\/legrandcontinent.eu\/fr\/wp-content\/uploads\/sites\/2\/2025\/09\/PierreCharbonnier2025_0272_Seuil_20x30.png","width":1380,"height":1392,"alt":""}},"feature_image_summary":{"url":"https:\/\/legrandcontinent.eu\/fr\/wp-content\/uploads\/sites\/2\/2026\/03\/Gerrard_Flare_341.jpg","width":2000,"height":2000,"alt":""},"feature_image_cover":null,"term_position_data":null,"_links":{"self":[{"href":"https:\/\/legrandcontinent.eu\/fr\/wp-json\/wp\/v2\/posts\/323865","targetHints":{"allow":["GET"]}}],"collection":[{"href":"https:\/\/legrandcontinent.eu\/fr\/wp-json\/wp\/v2\/posts"}],"about":[{"href":"https:\/\/legrandcontinent.eu\/fr\/wp-json\/wp\/v2\/types\/post"}],"author":[{"embeddable":true,"href":"https:\/\/legrandcontinent.eu\/fr\/wp-json\/wp\/v2\/users\/10"}],"replies":[{"embeddable":true,"href":"https:\/\/legrandcontinent.eu\/fr\/wp-json\/wp\/v2\/comments?post=323865"}],"version-history":[{"count":64,"href":"https:\/\/legrandcontinent.eu\/fr\/wp-json\/wp\/v2\/posts\/323865\/revisions"}],"predecessor-version":[{"id":330221,"href":"https:\/\/legrandcontinent.eu\/fr\/wp-json\/wp\/v2\/posts\/323865\/revisions\/330221"}],"wp:featuredmedia":[{"embeddable":true,"href":"https:\/\/legrandcontinent.eu\/fr\/wp-json\/wp\/v2\/media\/323902"}],"wp:attachment":[{"href":"https:\/\/legrandcontinent.eu\/fr\/wp-json\/wp\/v2\/media?parent=323865"}],"wp:term":[{"taxonomy":"category","embeddable":true,"href":"https:\/\/legrandcontinent.eu\/fr\/wp-json\/wp\/v2\/categories?post=323865"},{"taxonomy":"post_tag","embeddable":true,"href":"https:\/\/legrandcontinent.eu\/fr\/wp-json\/wp\/v2\/tags?post=323865"},{"taxonomy":"staff","embeddable":true,"href":"https:\/\/legrandcontinent.eu\/fr\/wp-json\/wp\/v2\/staff?post=323865"},{"taxonomy":"editorial_format","embeddable":true,"href":"https:\/\/legrandcontinent.eu\/fr\/wp-json\/wp\/v2\/editorial_format?post=323865"},{"taxonomy":"serie","embeddable":true,"href":"https:\/\/legrandcontinent.eu\/fr\/wp-json\/wp\/v2\/serie?post=323865"},{"taxonomy":"audience","embeddable":true,"href":"https:\/\/legrandcontinent.eu\/fr\/wp-json\/wp\/v2\/audience?post=323865"},{"taxonomy":"geo","embeddable":true,"href":"https:\/\/legrandcontinent.eu\/fr\/wp-json\/wp\/v2\/geo?post=323865"}],"curies":[{"name":"wp","href":"https:\/\/api.w.org\/{rel}","templated":true}]}}