{"id":311203,"date":"2026-01-02T14:00:00","date_gmt":"2026-01-02T13:00:00","guid":{"rendered":"https:\/\/legrandcontinent.eu\/fr\/?p=311203"},"modified":"2026-01-02T15:30:47","modified_gmt":"2026-01-02T14:30:47","slug":"chine-etats-unis-domination-mondiale","status":"publish","type":"post","link":"https:\/\/legrandcontinent.eu\/fr\/2026\/01\/02\/chine-etats-unis-domination-mondiale\/","title":{"rendered":"Pourquoi ni la Chine, ni les \u00c9tats-Unis ne domineront le monde"},"content":{"rendered":"\n<p class=\"non-subscribers-only\"><em>Une bonne r\u00e9solution pour 2026&#160;? Participez au d\u00e9veloppement de la premi\u00e8re revue intellectuelle europ\u00e9enne ind\u00e9pendante&#160;: <a href=\"https:\/\/legrandcontinent.eu\/fr\/offre-abonnement\/\" target=\"_blank\" rel=\"noreferrer noopener\">abonnez-vous ou offrez le Grand Continent<\/a> \u2014 et si vous \u00eates pr\u00eats \u00e0 faire un geste en plus pour nous soutenir, <a href=\"https:\/\/legrandcontinent.eu\/fr\/exemplaire-kafka-soutien\/\" target=\"_blank\" rel=\"noreferrer noopener\">nous avons une surprise pour vous<\/a><\/em><\/p>\n\n\n\n<p class=\"has-drop-cap\">Qui des \u00c9tats-Unis ou de la Chine dominera le monde&#160;? Vont-ils se faire la guerre ou bien s\u2019entendre pour se partager la plan\u00e8te&#160;? Quel sera le sort de l\u2019Europe, prise entre ces deux g\u00e9ants&#160;?&nbsp;<\/p>\n\n\n\n<p>La plupart des sc\u00e9narios esquissant les d\u00e9cennies \u00e0 venir tournent invariablement autour de ces m\u00eames questions.<\/p>\n\n\n\n<p>Il n\u2019y a rien de surprenant \u00e0 cela.&nbsp;<\/p>\n\n\n\n<p>Depuis la Seconde Guerre mondiale, et plus encore depuis la chute du mur de Berlin, les \u00c9tats-Unis ont \u00e9t\u00e9 la puissance dominante. Bien qu\u2019ils soient affaiblis, ils restent une puissance militaire et \u00e9conomique et ont su conqu\u00e9rir une place dominante dans les technologies num\u00e9riques qui devraient jouer un r\u00f4le d\u00e9terminant dans les prochaines d\u00e9cennies.<\/p>\n\n\n\n<p>La Chine, quant \u00e0 elle, a connu depuis un demi-si\u00e8cle <a href=\"https:\/\/legrandcontinent.eu\/fr\/2025\/10\/17\/chine-chiffres-dune-nouvelle-hegemonie-x-y\/\">un parcours \u00e9conomique et technologique \u00e9poustouflant<\/a>, qui l\u2019a men\u00e9e au tout premier rang des \u00e9conomies mondiales. Aujourd\u2019hui, elle&nbsp; constitue <a href=\"https:\/\/legrandcontinent.eu\/fr\/2025\/11\/27\/dan-wang-chinois-ingenieurs\/\">un concurrent s\u00e9rieux pour les \u00c9tats-Unis<\/a>, capable de revendiquer l\u2019h\u00e9g\u00e9monie globale tant sur le plan politique et militaire que sur celui des technologies d\u2019avenir.&nbsp;<\/p>\n\n\n\n<p>Il est courant de consid\u00e9rer le futur comme le prolongement des tendances observ\u00e9es dans le pass\u00e9 r\u00e9cent.&nbsp;<\/p>\n\n\n\n<p>Dans ce contexte, il est logique de l\u2019envisager comme un combat entre les \u00c9tats-Unis et la Chine pour la domination du monde.<\/p>\n\n\n\n<p>Mais une telle fa\u00e7on d\u2019aborder l\u2019avenir se r\u00e9v\u00e8le cependant presque toujours trompeuse&#160;; on en trouve de nombreux exemples dans le pass\u00e9.<\/p>\n\n\n\n<p>\u00c0 la fin du XVe si\u00e8cle, la d\u00e9couverte de l\u2019Am\u00e9rique, loin de signifier la victoire d\u00e9finitive de l\u2019Espagne sur les autres puissances imp\u00e9riales comme on pouvait le penser \u00e0 l\u2019\u00e9poque, a marqu\u00e9 au contraire le d\u00e9but de son d\u00e9clin.<\/p>\n\n\n\n<p>Lors des ann\u00e9es 1930 en Europe, la crise \u00e9conomique avait remis la guerre \u00e0 l\u2019ordre du jour, bien que la plupart des contemporains aient pens\u00e9 que la Grande Guerre serait le dernier des conflits.&nbsp;<\/p>\n\n\n\n<p>Plus pr\u00e8s de nous encore, la chute inattendue du mur de Berlin a boulevers\u00e9 un ordre du monde qui semblait, pour la plupart de ses observateurs, devoir ne jamais dispara\u00eetre.<\/p>\n\n\n\n<p>On peut se demander aujourd\u2019hui si les fragilit\u00e9s de la Chine et des \u00c9tats-Unis ne sont pas trop sous-estim\u00e9es&#160;: si finalement le monde qui vient pourrait n\u2019\u00eatre domin\u00e9 ni par l\u2019un ni par l\u2019autre malgr\u00e9 leur puissance \u00e0 ce jour incontest\u00e9e.<\/p>\n\n\n\n<h2 class=\"wp-block-heading\">Les signes du d\u00e9clin am\u00e9ricain<\/h2>\n\n\n\n<p>Commen\u00e7ons par examiner le cas am\u00e9ricain.<\/p>\n\n\n\n<p>Aujourd\u2019hui, la puissance des \u00c9tats-Unis repose en grande partie sur <a href=\"https:\/\/legrandcontinent.eu\/fr\/2022\/04\/21\/etat-puissance-et-technologie-le-techno-nationalisme-a-washington\/\">la domination qu\u2019ils exercent sur la tech<\/a>&#160;; celle-ci ne provient pas vraiment de la qualit\u00e9 particuli\u00e8re du syst\u00e8me scolaire am\u00e9ricain mais surtout de l\u2019excellence des grandes universit\u00e9s am\u00e9ricaines et de leur capacit\u00e9 \u00e0 attirer les meilleurs \u00e9l\u00e8ves du monde entier&#160;: \u00e0 eux seuls, selon l\u2019OCDE, les \u00c9tats-Unis accueillaient en 2022 18,6&#160;% des \u00e9tudiants \u00e9trangers dans le monde&nbsp;<span class='whitespace-nowrap'><span id='easy-footnote-1-311203' class='easy-footnote-margin-adjust'><\/span><span class='easy-footnote'><a href='https:\/\/legrandcontinent.eu\/fr\/2026\/01\/02\/chine-etats-unis-domination-mondiale\/#easy-footnote-bottom-1-311203' title='&lt;a href=&quot;https:\/\/www.oecd.org\/en\/data\/indicators\/international-student-mobility.html&quot; target=&quot;_blank&quot; rel=&quot;noreferrer noopener&quot;&gt;International student mobility&lt;\/a&gt;, OCDE.'><sup>1<\/sup><\/a><\/span><\/span>.<\/p>\n\n\n\n<div class=\"iframe-container wp-block-image wp-block-image-medium  iframe-dw\">\n\t<div>\n\t\t<iframe class=\"absolute w-full h-full pin-t pin-l\" title=\"titolo\" aria-label=\"Interactive line chart\" src=\"\/\/datawrapper.dwcdn.net\/pHhE5\" scrolling=\"no\" frameborder=\"0\"><\/iframe>\n\t<\/div>\n<\/div>\n\n\n\n<p>Cette attractivit\u00e9 est aussi celle des g\u00e9ants de la tech comme des start-ups, qui attirent les meilleurs ing\u00e9nieurs du monde entier.<\/p>\n\n\n\n<p>En 2023, 41&#160;% des habitants de la Silicon Valley \u00e9taient n\u00e9s hors des \u00c9tats-Unis&nbsp;<span class='whitespace-nowrap'><span id='easy-footnote-2-311203' class='easy-footnote-margin-adjust'><\/span><span class='easy-footnote'><a href='https:\/\/legrandcontinent.eu\/fr\/2026\/01\/02\/chine-etats-unis-domination-mondiale\/#easy-footnote-bottom-2-311203' title='Selon le Silicon Valley Index de 2025.'><sup>2<\/sup><\/a><\/span><\/span>.<\/p>\n\n\n\n<h3 class=\"wp-block-heading\">Comment Trump sape l\u2019industrie technologique am\u00e9ricaine<\/h3>\n\n\n\n<p>Avec <a href=\"https:\/\/legrandcontinent.eu\/fr\/2025\/03\/18\/trump-et-le-durcissement-sur-limmigration-quelles-nationalites-seraient-interdites-dentree-aux-etats-unis\/\">sa politique anti-migrants<\/a> et <a href=\"https:\/\/legrandcontinent.eu\/fr\/2025\/03\/29\/aux-etats-unis-lexode-des-universitaires-provoque-par-trump-a-deja-commence\/\">ses attaques contre les universit\u00e9s<\/a>, Trump est en train de casser ce ressort fondamental du dynamisme technologique am\u00e9ricain.<\/p>\n\n\n\n<p>Non seulement ses politiques devraient dissuader les futurs talents de venir \u00e9tudier et travailler aux \u00c9tats-Unis, mais elles pourraient bien \u00e9galement pousser les \u00e9trangers qui y sont pr\u00e9sents aujourd\u2019hui \u00e0 vouloir partir vers des cieux plus cl\u00e9ments. Certains Europ\u00e9ens pourraient ainsi d\u00e9sirer retourner dans leur pays d\u2019origine pour y fonder de nouveaux concurrents aux firmes am\u00e9ricaines.<\/p>\n\n\n\n<figure class=\"wp-block-pullquote\"><blockquote><p>En 2023, 41&#160;% des habitants de la Silicon Valley \u00e9taient n\u00e9s hors des \u00c9tats-Unis.<\/p><cite>Guillaume Duval<\/cite><\/blockquote><\/figure>\n\n\n\n<p>On peut raisonnablement penser aujourd\u2019hui que les d\u00e9g\u00e2ts caus\u00e9s seront durables&#160;: quel que soit l\u2019avenir politique des \u00c9tats-Unis, il y aura selon toute vraisemblance un avant et un apr\u00e8s Trump en mati\u00e8re d\u2019attractivit\u00e9 du pays pour les talents \u00e9trangers.<\/p>\n\n\n\n<p>L\u2019usage agressif et imp\u00e9rial que le pr\u00e9sident am\u00e9ricain et les magnats du secteur font de la domination technologique am\u00e9ricaine peut sans doute leur apporter des avantages \u00e0 court terme, \u00e0 cause de <a href=\"https:\/\/legrandcontinent.eu\/fr\/2025\/11\/01\/bulle-ia-meredith-whittaker\/\">la d\u00e9pendance extr\u00eame<\/a> o\u00f9 se trouvent les partenaires des \u00c9tats-Unis.&nbsp;<\/p>\n\n\n\n<p>Une telle mani\u00e8re de faire ne peut cependant qu\u2019inciter ces partenaires \u00e0 chercher \u00e0 se passer au plus vite des services de la tech am\u00e9ricaine.<\/p>\n\n\n\n<p>Il n\u2019y a gu\u00e8re de raison de penser qu\u2019ils ne pourront y parvenir \u00e0 terme.<\/p>\n\n\n\n<div class=\"iframe-container wp-block-image wp-block-image-medium  iframe-dw\">\n\t<div>\n\t\t<iframe class=\"absolute w-full h-full pin-t pin-l\" title=\"titolo\" aria-label=\"Interactive line chart\" src=\"\/\/datawrapper.dwcdn.net\/zHibg\" scrolling=\"no\" frameborder=\"0\"><\/iframe>\n\t<\/div>\n<\/div>\n\n\n\n<p>L\u2019autre ressort de la domination technologique des \u00c9tats-Unis est le colossal budget de la d\u00e9fense et la fa\u00e7on dont il irrigue les universit\u00e9s et la recherche outre-Atlantique depuis des d\u00e9cennies&nbsp;<span class='whitespace-nowrap'><span id='easy-footnote-3-311203' class='easy-footnote-margin-adjust'><\/span><span class='easy-footnote'><a href='https:\/\/legrandcontinent.eu\/fr\/2026\/01\/02\/chine-etats-unis-domination-mondiale\/#easy-footnote-bottom-3-311203' title='Tant les semi-conducteurs qu\u2019Internet lui-m\u00eame ont \u00e9t\u00e9 \u00e0 l\u2019origine des projets soutenus \u00e0 bout de bras par les \u00c9tats-Unis pour leur d\u00e9fense.'><sup>3<\/sup><\/a><\/span><\/span>.<\/p>\n\n\n\n<p>Or l\u2019un des objectifs de la droite MAGA am\u00e9ricaine est bien de faire baisser significativement ce budget, que gr\u00e8veraient de trop nombreuses interventions \u00e9trang\u00e8res&#160;; c\u2019est \u00e0 la lumi\u00e8re de cet objectif qu\u2019il faut comprendre le retrait annonc\u00e9 d\u2019Europe et la demande faite aux membres de l\u2019OTAN <a href=\"https:\/\/legrandcontinent.eu\/fr\/2024\/12\/20\/trump-veut-que-les-europeens-consacrent-5-de-leur-pib-a-la-defense-cela-representerait-un-effort-supplementaire-de-544-milliards-deuros\/\">d&rsquo;accro\u00eetre fortement leurs propres d\u00e9penses de d\u00e9fense<\/a>.<\/p>\n\n\n\n<div class=\"iframe-container wp-block-image wp-block-image-medium  iframe-dw\">\n\t<div>\n\t\t<iframe class=\"absolute w-full h-full pin-t pin-l\" title=\"titolo\" aria-label=\"Interactive line chart\" src=\"\/\/datawrapper.dwcdn.net\/OvvYU\" scrolling=\"no\" frameborder=\"0\"><\/iframe>\n\t<\/div>\n<\/div>\n\n\n\n<p>Malgr\u00e9 cette ambition de r\u00e9duire le budget militaire, Donald Trump essaie bien s\u00fbr de sauver le complexe militaro-industriel am\u00e9ricain en cherchant \u00e0 extorquer des achats d\u2019armes am\u00e9ricaines suppl\u00e9mentaires aux Europ\u00e9ens.<\/p>\n\n\n\n<p>Comme pour le num\u00e9rique, le pr\u00e9sident am\u00e9ricain obtiendra sans doute quelques r\u00e9sultats \u00e0 court terme.<\/p>\n\n\n\n<p>Mais \u00e0 moyen terme, les perspectives sont plus sombres&#160;: les partenaires actuels des \u00c9tats-Unis chercheront \u2014 et parviendront \u2014 \u00e0 se d\u00e9faire de leurs d\u00e9pendances. Le moteur de la domination technologique am\u00e9ricaine qu\u2019est la d\u00e9fense risque fort de se retrouver lui aussi \u00e0 l\u2019arr\u00eat.<\/p>\n\n\n\n<p>Le dernier ressort de la puissance technologique am\u00e9ricaine touche \u00e0 sa capacit\u00e9 \u00e0 attirer l\u2019\u00e9pargne mondiale pour \u00e0 la fois financer son \u00e9norme d\u00e9ficit public et investir sur les march\u00e9s financiers \u2014 en particulier, sur le Nasdaq qui offre un d\u00e9bouch\u00e9 aux start-ups et \u00e0 leurs investisseurs en capital-risque.<\/p>\n\n\n\n<figure class=\"wp-block-pullquote\"><blockquote><p>Aux \u00c9tats-Unis, le niveau de d\u00e9testation r\u00e9ciproque des diff\u00e9rents camps politiques n\u2019a sans doute jamais \u00e9t\u00e9 aussi important depuis la fin de la guerre de S\u00e9cession en 1865.<\/p><cite>Guillaume Duval<\/cite><\/blockquote><\/figure>\n\n\n\n<p>Sur ce point aussi, l\u2019avenir semble sombre pour les \u00c9tats-Unis.<\/p>\n\n\n\n<p>L\u2019endettement public am\u00e9ricain suit une trajectoire tr\u00e8s inqui\u00e9tante, encore aggrav\u00e9e par la politique irresponsable de Trump, offrant de colossaux cadeaux fiscaux aux plus riches. Il remet de plus en cause l\u2019ind\u00e9pendance de la R\u00e9serve f\u00e9d\u00e9rale et affaiblit l\u2019\u00c9tat de droit en politisant la justice am\u00e9ricaine.<\/p>\n\n\n\n<h3 class=\"wp-block-heading\">La d\u00e9dollarisation du monde a d\u00e9j\u00e0 commenc\u00e9<\/h3>\n\n\n\n<p>De telles politiques nourriront <a href=\"https:\/\/legrandcontinent.eu\/fr\/2025\/04\/23\/trump-est-il-en-train-de-casser-le-dollar-une-conversation-avec-barry-eichengreen\/\">une d\u00e9fiance croissante<\/a> \u00e0 l\u2019\u00e9gard du dollar et des actifs am\u00e9ricains, renforc\u00e9e par l\u2019usage massif et g\u00e9n\u00e9ralis\u00e9 que font les \u00c9tats-Unis des sanctions extraterritoriales.<\/p>\n\n\n\n<p>Pour r\u00e9sister \u00e0 celles-ci, les partenaires des \u00c9tats-Unis chercheront \u00e0 d\u00e9dollariser l\u2019\u00e9conomie mondiale \u2014 mais aussi \u00e0 se passer des moyens de paiement et de l\u2019interm\u00e9diation financi\u00e8re d\u2019origine am\u00e9ricaine.<\/p>\n\n\n\n<div class=\"iframe-container wp-block-image wp-block-image-medium  iframe-dw\">\n\t<div>\n\t\t<iframe class=\"absolute w-full h-full pin-t pin-l\" title=\"titolo\" aria-label=\"Interactive line chart\" src=\"\/\/datawrapper.dwcdn.net\/2inJy\" scrolling=\"no\" frameborder=\"0\"><\/iframe>\n\t<\/div>\n<\/div>\n\n\n\n<p>Certes, il est question de d\u00e9dollarisation depuis plusieurs ann\u00e9es d\u00e9j\u00e0 mais le mouvement est rest\u00e9 lent jusqu\u2019ici&#160;; pourtant, un point de bascule a probablement \u00e9t\u00e9 atteint en r\u00e9action aux mesures de Donald Trump.<\/p>\n\n\n\n<p>Au-del\u00e0 des raisons qui penchent en faveur d\u2019un d\u00e9clin de la domination am\u00e9ricaine sur la <em>tech<\/em> et l\u2019innovation technologique, la politique de Trump pour <a href=\"https:\/\/legrandcontinent.eu\/fr\/2025\/11\/10\/hegseth-guerre-1939\/\">r\u00e9industrialiser les \u00c9tats-Unis<\/a> n\u2019a gu\u00e8re de chances de fonctionner non plus.<\/p>\n\n\n\n<p>Malgr\u00e9 les droits de douane mis en place par le pr\u00e9sident am\u00e9ricain, l\u2019app\u00e9tit des investisseurs \u00e9trangers pour investir aux \u00c9tats-Unis devrait rester limit\u00e9. Les raisons en sont nombreuses&#160;: les tensions internes et l\u2019instabilit\u00e9 politique du pays, l\u2019incertitude juridique croissante sur les investissements qui r\u00e9sulte de la mise au pas politique du syst\u00e8me judiciaire, mais aussi la d\u00e9fiance grandissante d\u00e9j\u00e0 mentionn\u00e9e \u00e0 l\u2019\u00e9gard du dollar.<\/p>\n\n\n\n<div class=\"iframe-container wp-block-image wp-block-image-medium  iframe-dw\">\n\t<div>\n\t\t<iframe class=\"absolute w-full h-full pin-t pin-l\" title=\"titolo\" aria-label=\"Interactive line chart\" src=\"\/\/datawrapper.dwcdn.net\/BmFKa\" scrolling=\"no\" frameborder=\"0\"><\/iframe>\n\t<\/div>\n<\/div>\n\n\n\n<h3 class=\"wp-block-heading\">La ruine des infrastructures publiques<\/h3>\n\n\n\n<p>Aux \u00c9tats-Unis, de nombreuses infrastructures publiques sont \u00e9galement dans un \u00e9tat d\u00e9plorable \u2014 r\u00e9seaux \u00e9lectriques, routes, ponts ou encore r\u00e9seaux ferroviaires.&nbsp;<\/p>\n\n\n\n<p>Depuis la crise de 2008, les d\u00e9penses publiques dans ce domaine ont \u00e9t\u00e9 en net recul.<\/p>\n\n\n\n<p>Apr\u00e8s des d\u00e9cennies de n\u00e9gligence, Joe Biden avait commenc\u00e9 \u00e0 s\u2019attaquer s\u00e9rieusement \u00e0 ce probl\u00e8me avec des programmes f\u00e9d\u00e9raux ambitieux, mais la priorit\u00e9 absolue donn\u00e9e par Donald Trump aux baisses d\u2019imp\u00f4ts pour les plus ais\u00e9s va donner un coup d\u2019arr\u00eat \u00e0 cet effort de rattrapage.<\/p>\n\n\n\n<div class=\"iframe-container wp-block-image wp-block-image-medium  iframe-dw\">\n\t<div>\n\t\t<iframe class=\"absolute w-full h-full pin-t pin-l\" title=\"titolo\" aria-label=\"Interactive line chart\" src=\"\/\/datawrapper.dwcdn.net\/mDzVC\" scrolling=\"no\" frameborder=\"0\"><\/iframe>\n\t<\/div>\n<\/div>\n\n\n\n<p>Les faiblesses majeures du r\u00e9seau et de la production \u00e9lectriques risquent en particulier d\u2019\u00eatre un handicap important pour le d\u00e9veloppement de l\u2019intelligence artificielle aux \u00c9tats-Unis, d\u2019autant plus que les politiques f\u00e9d\u00e9rales en faveur du d\u00e9veloppement des \u00e9nergies renouvelables ont \u00e9t\u00e9 mises \u00e0 l\u2019arr\u00eat.<\/p>\n\n\n\n<p>Les perspectives des \u00e9nergies fossiles sont elles aussi en r\u00e9alit\u00e9 tr\u00e8s limit\u00e9es&#160;: l\u2019exploitation des gaz et p\u00e9troles de schistes consiste d\u00e9j\u00e0 \u00e0 \u00ab&#160;&nbsp;racler les fonds de tiroir&nbsp;&#160;\u00bb. Il s\u2019agit d\u2019exploiter, d\u2019une fa\u00e7on co\u00fbteuse, les derni\u00e8res sources disponibles. Or <a href=\"https:\/\/legrandcontinent.eu\/fr\/2025\/12\/09\/les-puits-de-petrole-et-de-gaz-en-activite-aux-etats-unis-sont-a-leur-niveau-le-plus-faible-depuis-2021\/\">ces ressources sont d\u00e9j\u00e0<\/a> en voie d\u2019\u00e9puisement.&nbsp;<\/p>\n\n\n\n<figure class=\"wp-block-pullquote\"><blockquote><p>Les attaques de Trump contre toutes sortes d\u2019ennemis ressemblent davantage au chant du cygne d\u2019un pays au bord de l\u2019implosion qu\u2019\u00e0 l\u2019amorce d\u2019une renaissance de la puissance am\u00e9ricaine.<\/p><cite>Guillaume Duval<\/cite><\/blockquote><\/figure>\n\n\n\n<p>Le changement climatique rendra enfin d\u2019importantes parties des \u00c9tats-Unis impropres \u00e0 l\u2019agriculture et difficilement habitables, notamment en Californie ou encore aux alentours de Las Vegas, du fait du manque d\u2019eau. La <em>Corn Belt<\/em>, c\u0153ur de la puissance agro-alimentaire am\u00e9ricaine, devrait aussi \u00eatre lourdement touch\u00e9e.<\/p>\n\n\n\n<p>Les c\u00f4tes ne seront pas \u00e9pargn\u00e9es non plus.&nbsp;<\/p>\n\n\n\n<p>Alors que la Floride, o\u00f9 les logements sont d\u00e9j\u00e0 le plus souvent non assurables, devrait cesser d\u2019\u00eatre habitable, bien d\u2019autres villes c\u00f4ti\u00e8res sont directement menac\u00e9es par la mont\u00e9e des eaux \u2014 \u00e0 commencer par New York.<\/p>\n\n\n\n<div class=\"iframe-container wp-block-image wp-block-image-medium  iframe-dw\">\n\t<div>\n\t\t<iframe class=\"absolute w-full h-full pin-t pin-l\" title=\"titolo\" aria-label=\"Interactive line chart\" src=\"\/\/datawrapper.dwcdn.net\/DRgmE\" scrolling=\"no\" frameborder=\"0\"><\/iframe>\n\t<\/div>\n<\/div>\n\n\n\n<h3 class=\"wp-block-heading\">Une population en mauvaise sant\u00e9<\/h3>\n\n\n\n<p>L\u2019\u00e9tat de sant\u00e9 des Am\u00e9ricains est aussi dans un \u00e9tat d\u00e9plorable en raison notamment de leur mode de vie et d\u2019alimentation.<\/p>\n\n\n\n<div class=\"iframe-container wp-block-image wp-block-image-medium  iframe-dw\">\n\t<div>\n\t\t<iframe class=\"absolute w-full h-full pin-t pin-l\" title=\"titolo\" aria-label=\"Interactive line chart\" src=\"\/\/datawrapper.dwcdn.net\/4IwXB\" scrolling=\"no\" frameborder=\"0\"><\/iframe>\n\t<\/div>\n<\/div>\n\n\n\n<p>En 2022, <a href=\"https:\/\/legrandcontinent.eu\/fr\/2025\/12\/23\/ozempic-comment-les-nouveaux-medicaments-contre-lobesite-sont-en-train-de-bouleverser-les-repas-de-noel\/\">43&#160;% des Am\u00e9ricains \u00e9taient comptabilis\u00e9s dans la cat\u00e9gorie \u00ab&#160;ob\u00e8ses&#160;\u00bb<\/a>, contre 24&#160;% en Allemagne et 11&#160;% en France.&nbsp;<\/p>\n\n\n\n<p>Combin\u00e9 \u00e0 une mortalit\u00e9 \u00e9lev\u00e9e du fait de l\u2019usage r\u00e9pandu d\u2019armes \u00e0 feu et de la surconsommation de drogues, notamment d\u2019opio\u00efdes, cela se traduit par une esp\u00e9rance de vie \u00e0 la naissance de 78 ans seulement \u2014 contre 84 en Italie, 83 en France et 81 en Allemagne.<\/p>\n\n\n\n<div class=\"iframe-container wp-block-image wp-block-image-medium  iframe-dw\">\n\t<div>\n\t\t<iframe class=\"absolute w-full h-full pin-t pin-l\" title=\"titolo\" aria-label=\"Interactive line chart\" src=\"\/\/datawrapper.dwcdn.net\/dYskG\" scrolling=\"no\" frameborder=\"0\"><\/iframe>\n\t<\/div>\n<\/div>\n\n\n\n<div class=\"iframe-container wp-block-image wp-block-image-medium  iframe-dw\">\n\t<div>\n\t\t<iframe class=\"absolute w-full h-full pin-t pin-l\" title=\"titolo\" aria-label=\"Interactive line chart\" src=\"\/\/datawrapper.dwcdn.net\/tknIJ\" scrolling=\"no\" frameborder=\"0\"><\/iframe>\n\t<\/div>\n<\/div>\n\n\n\n<p>Bien qu\u2019il soit particuli\u00e8rement co\u00fbteux, le syst\u00e8me de sant\u00e9 am\u00e9ricain ne parvient pas \u00e0 redresser la situation. En 2022, 16,5&#160;% du PIB am\u00e9ricain \u00e9tait consacr\u00e9 \u00e0 son fonctionnement \u2014 contre 10,4&#160;% en moyenne dans l\u2019Union.<\/p>\n\n\n\n<div class=\"iframe-container wp-block-image wp-block-image-medium  iframe-dw\">\n\t<div>\n\t\t<iframe class=\"absolute w-full h-full pin-t pin-l\" title=\"titolo\" aria-label=\"Interactive line chart\" src=\"\/\/datawrapper.dwcdn.net\/aR7oU\" scrolling=\"no\" frameborder=\"0\"><\/iframe>\n\t<\/div>\n<\/div>\n\n\n\n<p>Alors que les Am\u00e9ricains des classes populaires, en trop mauvaise sant\u00e9, ne peuvent gu\u00e8re prendre en charge un certain nombre de travaux p\u00e9nibles, les \u00c9tats-Unis ne survivaient jusqu\u2019ici que gr\u00e2ce \u00e0 un afflux constant de main-d&rsquo;\u0153uvre immigr\u00e9e pour assurer ces t\u00e2ches difficiles.&nbsp;<\/p>\n\n\n\n<p>Or Trump y a mis un coup d\u2019arr\u00eat qui risque d\u2019\u00eatre durable. Non seulement du fait du durcissement de la politique d\u2019immigration am\u00e9ricaine mais aussi du fait de la moindre attractivit\u00e9 d\u2019une soci\u00e9t\u00e9 qui s\u2019est r\u00e9v\u00e9l\u00e9e \u00e0 cette occasion profond\u00e9ment x\u00e9nophobe et dont l\u2019avenir semble compromis.<\/p>\n\n\n\n<div class=\"iframe-container wp-block-image wp-block-image-medium  iframe-dw\">\n\t<div>\n\t\t<iframe class=\"absolute w-full h-full pin-t pin-l\" title=\"titolo\" aria-label=\"Interactive line chart\" src=\"\/\/datawrapper.dwcdn.net\/2iqgW\" scrolling=\"no\" frameborder=\"0\"><\/iframe>\n\t<\/div>\n<\/div>\n\n\n\n<h3 class=\"wp-block-heading\">Un pays au bord de la guerre civile&#160;?<\/h3>\n\n\n\n<p>Les \u00c9tats-Unis sont d\u00e9sormais au bord du d\u00e9chirement.&nbsp;<\/p>\n\n\n\n<p>Le niveau de d\u00e9testation r\u00e9ciproque des diff\u00e9rents camps politiques n\u2019a sans doute jamais \u00e9t\u00e9 aussi important depuis la fin de la guerre de S\u00e9cession en 1865.<\/p>\n\n\n\n<p>Deux populations vivent l\u2019une \u00e0 c\u00f4t\u00e9 de l\u2019autre sans se croiser, dans des espaces informationnels distincts, tout en se vouant une haine tenace. Celle-ci semble d\u00e9sormais telle qu\u2019il para\u00eet imprudent de miser sur le maintien durable de la paix civile aux \u00c9tats-Unis voire, \u00e0 plus long terme, sur l\u2019unit\u00e9 politique de la f\u00e9d\u00e9ration.<\/p>\n\n\n\n<div class=\"iframe-container wp-block-image wp-block-image-medium  iframe-dw\">\n\t<div>\n\t\t<iframe class=\"absolute w-full h-full pin-t pin-l\" title=\"titolo\" aria-label=\"Interactive line chart\" src=\"\/\/datawrapper.dwcdn.net\/eg9GO\" scrolling=\"no\" frameborder=\"0\"><\/iframe>\n\t<\/div>\n<\/div>\n\n\n\n<p>Lors de son second mandat, Donald Trump a d\u00e9montr\u00e9 en moins d\u2019un an combien le syst\u00e8me institutionnel am\u00e9ricain \u00e9tait devenu dysfonctionnel.<\/p>\n\n\n\n<p>Les tant vant\u00e9s <em>checks and balances<\/em> cens\u00e9s prot\u00e9ger les \u00c9tats-Unis contre les aventures et les extr\u00e9mismes, <a href=\"https:\/\/legrandcontinent.eu\/fr\/2025\/11\/19\/pour-trump-laccumulation-du-pouvoir-est-lobjectif-ultime-une-conversation-avec-john-ganz\/\">se sont r\u00e9v\u00e9l\u00e9s des tigres de papier inefficaces<\/a>. Dans le m\u00eame temps, <a href=\"https:\/\/legrandcontinent.eu\/fr\/2025\/02\/13\/trump-vient-il-de-mettre-fin-a-la-compliance\/\">une corruption<\/a> rappelant les r\u00e9publiques banani\u00e8res, encourag\u00e9e par les r\u00e8gles de financement des campagnes \u00e9lectorales, gangr\u00e8ne toute la classe politique.<\/p>\n\n\n\n<p>Les attaques de Trump contre toutes sortes d\u2019ennemis, de m\u00eame que ses m\u00e9thodes sur la sc\u00e8ne internationale, ressemblent donc davantage au chant du cygne d\u2019un pays au bord de l\u2019implosion qu\u2019\u00e0 l\u2019amorce d\u2019une renaissance de la puissance am\u00e9ricaine.<\/p>\n\n\n\n<p>Les raisons ne manquent pas pour consid\u00e9rer que les \u00c9tats-Unis sont <a href=\"https:\/\/legrandcontinent.eu\/fr\/2025\/02\/21\/lempire-aux-pieds-dargile-la-faille-economique-du-projet-de-donald-trump\/\">un colosse aux pieds d\u2019argile<\/a> et que la domination qu\u2019ils exercent encore sur le monde \u2014 en particulier gr\u00e2ce aux oligarques de la <em>tech<\/em> \u2014 n\u2019a gu\u00e8re de raisons de perdurer. Leurs nombreuses faiblesses sont assez bien connues et document\u00e9es. \u00c0 rebours, si l\u2019essor de la Chine semble pour l\u2019instant inarr\u00eatable et son avenir prometteur, ses fragilit\u00e9s sont elles bien r\u00e9elles.<\/p>\n\n\n\n<p>L\u2019avenir qui attend P\u00e9kin pourrait \u00eatre plus sombre qu\u2019on ne l\u2019imagine souvent.<\/p>\n\n\n\n<h2 class=\"wp-block-heading\">En Chine&#160;: la faiblesse derri\u00e8re la force<\/h2>\n\n\n\n<p>Comme aux \u00c9tats-Unis, la premi\u00e8re menace qui p\u00e8se sur la R\u00e9publique populaire est de nature politique.<\/p>\n\n\n\n<p>On oublie souvent que la Chine est un pays structurellement instable. Depuis la r\u00e9volte sanglante des Taiping lors de la seconde moiti\u00e9 du XIXe si\u00e8cle, le pays n\u2019a jamais connu durablement la paix civile.<\/p>\n\n\n\n<p>Elle fut suivie au tournant du XXe si\u00e8cle par celle non moins sanglante des Boxers \u2014 avant qu\u2019une r\u00e9volution ne mette fin \u00e0 l\u2019Empire chinois en 1912, plongeant le pays dans le chaos.<\/p>\n\n\n\n<figure class=\"wp-block-pullquote\"><blockquote><p>Une Chine dont la population d\u2019\u00e2ge actif aura \u00e9t\u00e9 divis\u00e9e par plus de trois a peu de chances de rester pour longtemps l\u2019usine du monde.<\/p><cite>Guillaume Duval<\/cite><\/blockquote><\/figure>\n\n\n\n<p>\u00c0 cet effondrement succ\u00e9da des ann\u00e9es 1920 \u00e0 1949 une terrible guerre civile dont Andr\u00e9 Malraux retra\u00e7a toute l\u2019horreur dans <em>La Condition humaine<\/em>. Ce conflit quasi ininterrompu s\u2019est doubl\u00e9, entre 1937 et 1945, d\u2019une guerre tout aussi meurtri\u00e8re avec l\u2019envahisseur japonais.<\/p>\n\n\n\n<div class=\"iframe-container wp-block-image wp-block-image-medium  iframe-dw\">\n\t<div>\n\t\t<iframe class=\"absolute w-full h-full pin-t pin-l\" title=\"titolo\" aria-label=\"Interactive line chart\" src=\"\/\/datawrapper.dwcdn.net\/DVWOF\" scrolling=\"no\" frameborder=\"0\"><\/iframe>\n\t<\/div>\n<\/div>\n\n\n\n<p>Au terme de cette guerre civile, la victoire d\u00e9finitive des communistes chinois n\u2019a pas r\u00e9ellement ramen\u00e9 la stabilit\u00e9 politique en Chine.<\/p>\n\n\n\n<p>Les luttes internes au r\u00e9gime ont conduit en effet \u00e0 plusieurs soubresauts violents et meurtriers. Pour asseoir son pouvoir face \u00e0 ses rivaux, Mao Zedong lan\u00e7a \u00e0 la fin des ann\u00e9es 1950 la politique du Grand Bond en avant \u2014 provoquant par une famine la mort d\u2019une trentaine de millions de Chinois. Puis <a href=\"https:\/\/legrandcontinent.eu\/fr\/2025\/09\/03\/mao-trump-revolution-culturelle\/\">la R\u00e9volution culturelle<\/a> entretint de 1966 \u00e0 1976 une quasi-guerre civile, tout en d\u00e9sorganisant l\u2019ensemble du pays.<\/p>\n\n\n\n<p>Bien que la situation politique semble s\u2019\u00eatre stabilis\u00e9e en Chine depuis la mort de Mao il y a un demi-si\u00e8cle, il ne faut pas oublier que le pays a failli basculer de nouveau lors des \u00e9v\u00e9nements de la place Tian\u2019anmen en 1989.<\/p>\n\n\n\n<p>La domination du Parti communiste chinois peut sembler incontest\u00e9e et destin\u00e9e \u00e0 durer toujours, comme on le pensait du pouvoir en Union sovi\u00e9tique au d\u00e9but des ann\u00e9es 1980. Pourtant, sous la surface lisse garantie par la propagande et la police du r\u00e9gime, l\u2019instabilit\u00e9 et la violence politiques ne sont jamais tr\u00e8s loin en Chine.<\/p>\n\n\n\n<h3 class=\"wp-block-heading\">La dictature communiste, amie du capital<\/h3>\n\n\n\n<p>Apr\u00e8s la mort de Mao en 1976, les cadres \u00e9cart\u00e9s par la R\u00e9volution culturelle, rassembl\u00e9s autour de Deng Xiaoping, sont parvenus \u00e0 canaliser cette violence.<\/p>\n\n\n\n<p>Ils remirent non seulement le r\u00e9gime et le pays sur les rails, mais r\u00e9ussirent surtout \u00e0 susciter une dynamique \u00e9conomique spectaculaire.<\/p>\n\n\n\n<p><a href=\"https:\/\/legrandcontinent.eu\/fr\/2025\/10\/18\/xi-jinping-la-chine-et-la-force-du-marche-unique\/\">Cette ascension<\/a> permet aujourd\u2019hui \u00e0 la Chine de <a href=\"https:\/\/legrandcontinent.eu\/fr\/2024\/05\/07\/la-nouvelle-infrastructure-du-monde-au-coeur-du-projet-contre-hegemonique-chinois\/\">rivaliser avec les \u00c9tats-Unis pour l\u2019h\u00e9g\u00e9monie mondiale<\/a>, une situation difficilement imaginable il y a cinquante ans.<\/p>\n\n\n\n<p>Ce rattrapage fut conduit tout en maintenant le pays sous la dictature du Parti communiste&#160;; beaucoup estimaient qu\u2019un tel miracle \u00e9conomique ne pouvait \u00eatre men\u00e9 que par des d\u00e9mocraties.<\/p>\n\n\n\n<p>Rien n\u2019est pourtant plus faux.<\/p>\n\n\n\n<p>\u00ab&#160;L\u2019accumulation primitive du capital&#160;\u00bb, pour reprendre les termes de Karl Marx, n\u00e9cessite toujours un pouvoir fort capable de contenir le peuple. Pour qu\u2019elle se produise, il faut en effet maintenir sur une longue p\u00e9riode un taux d\u2019\u00e9pargne tr\u00e8s \u00e9lev\u00e9 pour donner la priorit\u00e9 absolue \u00e0 l\u2019investissement, mat\u00e9riel et immat\u00e9riel, aux d\u00e9pens de la consommation. Et cela bien que l\u2019\u00e9conomie connaisse une forte croissance qui permettrait <em>a priori<\/em> de distribuer du pouvoir d\u2019achat.&nbsp;<\/p>\n\n\n\n<figure class=\"wp-block-pullquote\"><blockquote><p>Compte tenu des d\u00e9s\u00e9quilibres massifs accumul\u00e9s, il semble tr\u00e8s probable que la Chine conna\u00eetra des crises \u00e9conomiques et financi\u00e8res majeures.<\/p><cite>Guillaume Duval<\/cite><\/blockquote><\/figure>\n\n\n\n<p>Il est en r\u00e9alit\u00e9 impossible de r\u00e9ussir une telle \u00ab&#160;accumulation primitive&#160;\u00bb dans un contexte d\u00e9mocratique avec suffrage universel, droit syndical et libert\u00e9 de la presse&#160;: dans une telle situation, les dirigeants seraient oblig\u00e9s de renoncer \u00e0 investir pour distribuer du pouvoir d\u2019achat lors de gr\u00e8ves ou \u00e0 l\u2019approche des \u00e9lections.<\/p>\n\n\n\n<p>Au cours des derni\u00e8res d\u00e9cennies, les autres pays \u2014 comme la Cor\u00e9e du Sud \u2014 qui ont aussi r\u00e9ussi un rattrapage \u00e9conomique rapide, y sont \u00e9galement parvenus dans le cadre d\u2019un r\u00e9gime autoritaire.&nbsp;<\/p>\n\n\n\n<h3 class=\"wp-block-heading\">La r\u00e9ussite chinoise comme fruit d\u2019un \u00e9quilibre politique<\/h3>\n\n\n\n<p>Si l\u2019autoritarisme est sans doute n\u00e9cessaire pour r\u00e9ussir un rattrapage \u00e9conomique aussi rapide que la Chine, l\u2019inverse n\u2019est pas vrai&nbsp;&#160;: beaucoup de r\u00e9gimes autoritaires \u00e9chouent dans cet exercice.<\/p>\n\n\n\n<p>Ils ne parviennent pas \u00e0 enclencher une dynamique \u00e9conomique \u00e0 cause de la corruption excessive que permet le r\u00e9gime, des erreurs li\u00e9es aux lubies du chef et \u00e0 l\u2019esprit de cour qui l\u2019entoure.<\/p>\n\n\n\n<p>Ce qui a fait le succ\u00e8s \u00e9conomique de la Chine communiste au cours de la p\u00e9riode Deng Xiaoping \u2014 une \u00e8re que l\u2019on peut \u00e9tendre en pratique jusqu\u2019\u00e0 l\u2019arriv\u00e9e au pouvoir de Xi Jinping \u2014 c\u2019est pr\u00e9cis\u00e9ment une capacit\u00e9 \u00e0 contourner ces \u00e9cueils en \u00e9vitant la concentration des pouvoirs par un syst\u00e8me de <em>checks and balances<\/em> au sein m\u00eame de l\u2019appareil communiste.&nbsp;<\/p>\n\n\n\n<p>Ce contr\u00f4le a pris plusieurs formes&#160;; il pr\u00e9voyait la cohabitation institutionnalis\u00e9e d\u2019un secr\u00e9taire g\u00e9n\u00e9ral du Parti et d\u2019un premier ministre appartenant \u00e0 deux factions diff\u00e9rentes, de m\u00eame que l\u2019interdiction d\u2019effectuer plus de deux mandats \u00e0 la t\u00eate de l\u2019\u00c9tat.<\/p>\n\n\n\n<p>Un tel jeu a permis de faire avancer de fa\u00e7on remarquable la Chine pendant quarante ans en corrigeant les d\u00e9rives dans un sens ou dans l\u2019autre \u00e0 l\u2019occasion des alternances au pouvoir \u2014 m\u00eame si la situation a bien failli \u00e9chapper au contr\u00f4le du PCC en 1989, au moment de la chute du mur et de Tian\u2019anmen.&nbsp;<\/p>\n\n\n\n<p>Mais depuis 2012, Xi Jinping a cass\u00e9 cette m\u00e9canique d\u00e9licate.<\/p>\n\n\n\n<p>Xi a r\u00e9ussi \u00e0 concentrer tous les pouvoirs entre ses mains pour se maintenir \u00e0 la t\u00eate du pays au-del\u00e0 des dix ann\u00e9es r\u00e9glementaires.&nbsp;<\/p>\n\n\n\n<p>Ce faisant, il a \u2014 malgr\u00e9 les apparences \u2014 fragilis\u00e9 le r\u00e9gime en \u00e9liminant le syst\u00e8me de contre-pouvoirs existant au sein de la <em>nomenklatura<\/em> du Parti.<\/p>\n\n\n\n<p>Plusieurs signes trahissent les dysfonctionnements que cela engendre et notamment le grand retard pour mettre fin \u00e0 <a href=\"https:\/\/legrandcontinent.eu\/fr\/2022\/11\/28\/pourquoi-la-chine-persiste-elle-dans-sa-politique-zero-covid\/\">la politique z\u00e9ro-Covid<\/a> en 2022, malgr\u00e9 les d\u00e9g\u00e2ts sociaux, politiques et \u00e9conomiques consid\u00e9rables qu\u2019elle engendrait.<\/p>\n\n\n\n<p>Personne n\u2019a os\u00e9 se plaindre aupr\u00e8s de Xi de la situation, de peur de tomber en disgr\u00e2ce.<\/p>\n\n\n\n<p>Les purges constantes impos\u00e9es par celui-ci aux plus hauts niveaux du Parti, de l\u2019\u00c9tat et de l\u2019arm\u00e9e ont montr\u00e9 \u00e0 chacun que cette menace \u00e9tait \u00e0 prendre au s\u00e9rieux&#160;: depuis 2012, selon les statistiques officielles, plus de <a href=\"https:\/\/legrandcontinent.eu\/fr\/2025\/10\/19\/pourquoi-xi-jinping-purge-t-il-larmee-populaire-de-liberation\/\">six millions d\u2019enqu\u00eates disciplinaires<\/a> ont \u00e9t\u00e9 conduites au sein du PCC&nbsp;<span class='whitespace-nowrap'><span id='easy-footnote-4-311203' class='easy-footnote-margin-adjust'><\/span><span class='easy-footnote'><a href='https:\/\/legrandcontinent.eu\/fr\/2026\/01\/02\/chine-etats-unis-domination-mondiale\/#easy-footnote-bottom-4-311203' title='&lt;a href=&quot;http:\/\/www.news.cn\/politics\/20241225\/342db1959a5846bfbf98d6f577d437ac\/c.html&quot; target=&quot;_blank&quot; rel=&quot;noreferrer noopener&quot;&gt;\u65b0\u534e\u89c6\u70b9\u00b72024\u5e74\u5ea6\u76d8\u70b9\u4e282024\u5e74\u4e2d\u56fd\u6b63\u98ce\u53cd\u8150\u201c\u6210\u7ee9\u5355\u201d&lt;\/a&gt;'><sup>4<\/sup><\/a><\/span><\/span>.<\/p>\n\n\n\n<figure class=\"wp-block-pullquote\"><blockquote><p>On vante souvent la clairvoyance et le long-termisme des dirigeants chinois&#160;: en r\u00e9alit\u00e9, la politique \u00e9conomique chinoise des derni\u00e8res ann\u00e9es ressemble plut\u00f4t \u00e0 une fuite en avant.<\/p><cite>Guillaume Duval<\/cite><\/blockquote><\/figure>\n\n\n\n<p>Dans ce contexte, alors que les anciens m\u00e9canismes de r\u00e9gulation internes au Parti communiste chinois n\u2019existent plus, la succession prochaine de Xi risque de faire entrer de nouveau le pays dans une phase violente compte tenu de tous les ressentiments et d\u00e9sirs de vengeance accumul\u00e9s sous son r\u00e8gne.&nbsp;<\/p>\n\n\n\n<p>Cinq d\u00e9cennies plus tard, la Chine pourrait se retrouver dans une situation aussi instable que celle qui pr\u00e9valait \u00e0 la mort de Mao.<\/p>\n\n\n\n<p>Au-del\u00e0 de ces incertitudes politiques, il existe d\u00e9sormais en Chine une profonde contradiction entre la r\u00e9alit\u00e9 d\u2019un pays devenu tr\u00e8s in\u00e9galitaire \u2014 m\u00eame s\u2019il l\u2019est moins, selon les donn\u00e9es officielles, que les \u00c9tats-Unis ou le Br\u00e9sil \u2014 et l\u2019id\u00e9ologie officielle d\u2019un r\u00e9gime qui se r\u00e9clame toujours du marxisme et chante l\u2019Internationale \u00e0 chaque grande occasion. Une telle contradiction semble difficilement tenable \u00e0 moyen terme dans un pays devenu aussi riche et \u00e9duqu\u00e9, malgr\u00e9 les puissants moyens de contr\u00f4le et de r\u00e9pression dont dispose le r\u00e9gime.<\/p>\n\n\n\n<p>Le mouvement de Tian\u2019anmen en 1989 ou <a href=\"https:\/\/legrandcontinent.eu\/fr\/2021\/07\/31\/a-hong-kong-une-generation-en-voie-de-disparition\/\">les manifestations de Hong Kong<\/a> montrent que les Chinois aspirent eux aussi \u00e0 la d\u00e9mocratie d\u00e8s que la mainmise du r\u00e9gime se desserre ou que les contradictions internes au PCC s\u2019aiguisent. Ils revendiquent la libert\u00e9 de parole, de cr\u00e9ation, de la presse, d\u2019association, syndicale et le pluralisme politique \u2014 comme des Europ\u00e9ens pourraient le faire.&nbsp;<\/p>\n\n\n\n<h3 class=\"wp-block-heading\">Une \u00e9conomie \u00e0 bout de souffle<\/h3>\n\n\n\n<p>Le mod\u00e8le \u00e9conomique qui a fait le succ\u00e8s de la Chine s\u2019essouffle aujourd\u2019hui.<\/p>\n\n\n\n<p>Certes, la dictature du Parti Communiste a probablement \u00e9t\u00e9 utile pour r\u00e9ussir la phase \u00ab&#160;d\u2019accumulation primitive du capital&#160;\u00bb lors des ann\u00e9es 1980 et 1990 mais celle-ci, renforc\u00e9e sous Xi Jinping, risque maintenant de devenir un frein pour la poursuite du d\u00e9veloppement \u00e9conomique.&nbsp;<\/p>\n\n\n\n<p>Pass\u00e9 la phase d\u2019intense accumulation du capital qui a b\u00e9n\u00e9fici\u00e9 du fait d\u2019avoir un r\u00e9gime autoritaire, une v\u00e9ritable d\u00e9mocratie accompagn\u00e9e de libert\u00e9s politiques et syndicales devient indispensable pour stabiliser l\u2019\u00e9conomie et poursuivre sa croissance. En Europe, la p\u00e9riode des Trente Glorieuses t\u00e9moigne de ce ph\u00e9nom\u00e8ne, apr\u00e8s les d\u00e9g\u00e2ts consid\u00e9rables caus\u00e9s par la crise de 1929 et la Seconde Guerre mondiale, qui avaient clos aux \u00c9tats-Unis et en Europe cette phase d\u2019accumulation primitive.&nbsp;<\/p>\n\n\n\n<p>La Chine de Xi Jinping n\u2019est pourtant pas pr\u00eate cependant \u00e0 mettre en \u0153uvre un tel tournant \u2014 loin de l\u00e0.<\/p>\n\n\n\n<p>La dictature du PCC para\u00eet en effet structurellement incapable de r\u00e9orienter l\u2019\u00e9conomie chinoise vers la consommation int\u00e9rieure et les services.<\/p>\n\n\n\n<p>Elle continue au contraire d\u2019entretenir un surinvestissement mortif\u00e8re.<\/p>\n\n\n\n<p>Celui-ci a tout d\u2019abord nourri une bulle immobili\u00e8re g\u00e9ante qui a fini par exploser en 2020.<\/p>\n\n\n\n<p>Cette crise de l\u2019immobilier est loin d\u2019\u00eatre r\u00e9gl\u00e9e et p\u00e8se toujours lourdement sur l\u2019\u00e9conomie chinoise. Pour maintenir malgr\u00e9 tout la croissance, le pouvoir a encourag\u00e9 ensuite un nouveau surinvestissement, tout aussi massif, dans le secteur industriel \u2014 aboutissant d\u00e9sormais \u00e0 de gigantesques surcapacit\u00e9s qui ne peuvent se d\u00e9verser qu\u2019\u00e0 l\u2019ext\u00e9rieur de la Chine.<\/p>\n\n\n\n<div class=\"iframe-container wp-block-image wp-block-image-medium  iframe-dw\">\n\t<div>\n\t\t<iframe class=\"absolute w-full h-full pin-t pin-l\" title=\"titolo\" aria-label=\"Interactive line chart\" src=\"\/\/datawrapper.dwcdn.net\/02GZv\" scrolling=\"no\" frameborder=\"0\"><\/iframe>\n\t<\/div>\n<\/div>\n\n\n\n<h3 class=\"wp-block-heading\">Un endettement colossal<\/h3>\n\n\n\n<p>Cette politique \u00e9conomique a \u00e9t\u00e9 conduite au prix de <a href=\"https:\/\/legrandcontinent.eu\/fr\/2023\/05\/17\/le-surendettement-des-provinces-chinoises-menace-le-modele-de-croissance-du-pays\/\">l\u2019accumulation d\u2019immenses dettes<\/a>.<\/p>\n\n\n\n<p>Selon le FMI, la dette publique chinoise se situerait en r\u00e9alit\u00e9 d\u00e9j\u00e0 \u00e0 124&#160;% du PIB du pays, une fois int\u00e9gr\u00e9es les dettes hors-bilan des collectivit\u00e9s locales chinoises. L\u2019endettement total interne atteint les 300&#160;% du PIB.<\/p>\n\n\n\n<p>On vante souvent la clairvoyance et le long-termisme des dirigeants chinois&#160;: en r\u00e9alit\u00e9, la politique \u00e9conomique chinoise des derni\u00e8res ann\u00e9es ressemble plut\u00f4t \u00e0 une fuite en avant pour entretenir co\u00fbte que co\u00fbte une croissance de plus en plus artificielle.<\/p>\n\n\n\n<div class=\"iframe-container wp-block-image wp-block-image-medium  iframe-dw\">\n\t<div>\n\t\t<iframe class=\"absolute w-full h-full pin-t pin-l\" title=\"titolo\" aria-label=\"Interactive line chart\" src=\"\/\/datawrapper.dwcdn.net\/yY4bi\" scrolling=\"no\" frameborder=\"0\"><\/iframe>\n\t<\/div>\n<\/div>\n\n\n\n<p>Compte tenu des d\u00e9s\u00e9quilibres massifs accumul\u00e9s, il semble tr\u00e8s probable que la Chine conna\u00eetra dans les ann\u00e9es qui viennent <a href=\"https:\/\/legrandcontinent.eu\/fr\/2024\/09\/19\/la-chine-est-elle-bloquee-10-points-et-18-graphiques-sur-la-politique-economique-de-xi-jinping-apres-le-troisieme-plenum\/\">des crises \u00e9conomiques et financi\u00e8res majeures<\/a>.&nbsp;<\/p>\n\n\n\n<p>Celles-ci surviendront notamment \u00e0 cause des surcapacit\u00e9s industrielles gigantesques qui devraient cesser de trouver des d\u00e9bouch\u00e9s ext\u00e9rieurs suffisants, non seulement aux \u00c9tats-Unis mais \u00e9galement en Europe.<\/p>\n\n\n\n<div class=\"iframe-container wp-block-image wp-block-image-medium  iframe-dw\">\n\t<div>\n\t\t<iframe class=\"absolute w-full h-full pin-t pin-l\" title=\"titolo\" aria-label=\"Interactive line chart\" src=\"\/\/datawrapper.dwcdn.net\/XvmU3\" scrolling=\"no\" frameborder=\"0\"><\/iframe>\n\t<\/div>\n<\/div>\n\n\n\n<p>Plut\u00f4t que de poursuivre la trajectoire triomphale sur laquelle elle \u00e9tait engag\u00e9e depuis cinquante ans, il ne para\u00eet pas improbable que l\u2019avenir \u00e9conomique de la Chine ressemble davantage \u00e0 la stagnation qu\u2019a connue l\u2019\u00e9conomie japonaise depuis 1990.<\/p>\n\n\n\n<p>En interne, les cons\u00e9quences d\u2019une telle crise \u00e9conomique seraient impr\u00e9visibles, notamment si elle devait se conjuguer avec celle \u2014 politique \u2014 qui ne manquera pas de se produire lors de la succession de Xi Jinping.<\/p>\n\n\n\n<p>Au-del\u00e0 de la question des d\u00e9s\u00e9quilibres \u00e9conomiques et financiers massifs accumul\u00e9s, deux autres dimensions, plus structurelles, font douter d\u2019un avenir radieux pour la Chine et son \u00e9conomie.<\/p>\n\n\n\n<p>La premi\u00e8re touche \u00e0 la d\u00e9mographie&#160;: du fait de la politique de l\u2019enfant unique mise en place \u00e0 la fin des ann\u00e9es 1970, le vieillissement et la diminution de la population chinoise <a href=\"https:\/\/legrandcontinent.eu\/fr\/2024\/01\/17\/la-baisse-de-la-population-chinoise-sest-acceleree-en-2023\/\">sont d\u00e9sormais tr\u00e8s rapides<\/a> \u2014 plus encore qu\u2019en Europe. Bien que cette politique ait \u00e9t\u00e9 r\u00e9voqu\u00e9e il y a presque dix ans maintenant, le taux de natalit\u00e9 ne s\u2019est pas redress\u00e9 du fait notamment du co\u00fbt tr\u00e8s \u00e9lev\u00e9 du logement et de l\u2019\u00e9ducation.&nbsp;<\/p>\n\n\n\n<figure class=\"wp-block-pullquote\"><blockquote><p>Xi a \u2014 malgr\u00e9 les apparences \u2014 fragilis\u00e9 le r\u00e9gime en \u00e9liminant le syst\u00e8me de contre-pouvoirs existant au sein de la <em>nomenklatura<\/em> du Parti.<\/p><cite>Guillaume Duval<\/cite><\/blockquote><\/figure>\n\n\n\n<p>Selon les projections d\u00e9mographiques des Nations unies en 2024, la Chine devrait voir sa population diminuer de plus de moiti\u00e9 d\u2019ici 2100, avec 639 millions d\u2019habitants \u00e0 cette \u00e9ch\u00e9ance contre 1,41 milliard en 2025.<\/p>\n\n\n\n<p>En 2100, 46&#160;% de la population chinoise devrait ainsi avoir plus de 65 ans \u2014 un chiffre plus \u00e9lev\u00e9 encore qu\u2019au Japon, o\u00f9 ce taux devrait \u00eatre de 37&#160;%&nbsp;<span class='whitespace-nowrap'><span id='easy-footnote-5-311203' class='easy-footnote-margin-adjust'><\/span><span class='easy-footnote'><a href='https:\/\/legrandcontinent.eu\/fr\/2026\/01\/02\/chine-etats-unis-domination-mondiale\/#easy-footnote-bottom-5-311203' title='Cette m\u00eame proportion devrait \u00eatre de 31&amp;#160;% en France.'><sup>5<\/sup><\/a><\/span><\/span>. Quant \u00e0 la population d\u2019\u00e2ge actif \u2014 de 20 \u00e0 64 ans \u2014 sa part baisse en Chine depuis maintenant dix ans et elle devrait passer de 911 millions en 2015 \u00e0 275 millions en 2100, soit une division par plus de trois.<\/p>\n\n\n\n<div class=\"iframe-container wp-block-image wp-block-image-medium  iframe-dw\">\n\t<div>\n\t\t<iframe class=\"absolute w-full h-full pin-t pin-l\" title=\"titolo\" aria-label=\"Interactive line chart\" src=\"\/\/datawrapper.dwcdn.net\/E4Wms\" scrolling=\"no\" frameborder=\"0\"><\/iframe>\n\t<\/div>\n<\/div>\n\n\n\n<h3 class=\"wp-block-heading\">P\u00e9kin conna\u00eetra la vieillesse avant la richesse<\/h3>\n\n\n\n<p><a href=\"https:\/\/legrandcontinent.eu\/fr\/2025\/10\/18\/en-chine-des-cette-annee-les-ventes-de-couches-pour-adultes-devraient-depasser-celles-des-couches-pour-bebes\/#:~:text=D%C3%A8s%20l'ann%C3%A9e%20prochaine%2C%20il,de%20380%20millions%20de%20personnes.\">Ce s\u00e9isme d\u00e9mographique<\/a> mettra la soci\u00e9t\u00e9 chinoise \u00e0 rude \u00e9preuve.<\/p>\n\n\n\n<p>Si l\u2019Europe conna\u00eetra une dynamique analogue, elle sera toutefois moins rapide.&nbsp;<\/p>\n\n\n\n<p>De plus, le continent dispose d\u00e9j\u00e0 de syst\u00e8mes sociaux \u00e9prouv\u00e9s et de modes de prise en charge des personnes d\u00e9pendantes \u2014 m\u00eame s\u2019ils sont souvent insuffisants.<\/p>\n\n\n\n<p>Le probl\u00e8me de la Chine est plus aigu&#160;: elle sera vieille avant d\u2019\u00eatre vraiment riche. Et elle aura probablement beaucoup de mal \u00e0 se doter \u00e0 temps de syst\u00e8mes sociaux et de prise en charge adapt\u00e9s.<\/p>\n\n\n\n<p>En Chine, la tradition est en effet que ce soient les enfants qui prennent en charge leurs parents d\u00e9pendants \u00e0 leur domicile. Le probl\u00e8me est qu\u2019il ne se trouvera alors que tr\u00e8s peu de couples d\u2019enfants uniques pour accepter de s\u2019occuper de leurs quatre parents \u00e2g\u00e9s.<\/p>\n\n\n\n<p>De plus, et quels que soient les progr\u00e8s de l\u2019automatisation, une Chine dont la population d\u2019\u00e2ge actif aura \u00e9t\u00e9 divis\u00e9e par plus de trois aura peu de chances de rester longtemps l\u2019usine du monde.&nbsp;<\/p>\n\n\n\n<p>D\u2019autant qu\u2019il faudra bien qu\u2019une part significative de cette main-d\u2019\u0153uvre s\u2019occupe de ces personnes \u00e2g\u00e9es qui repr\u00e9senteront pr\u00e8s de la moiti\u00e9 de la population du pays.<\/p>\n\n\n\n<p>Pour combler ce gouffre d\u00e9mographique, la Chine pourrait bien s\u00fbr avoir recours \u00e0 l\u2019immigration, ce qu\u2019elle fera sans doute&#160;; mais cette politique risque de soulever de graves difficult\u00e9s sociales et politiques dans un pays qui n\u2019a aucune tradition dans ce domaine.&nbsp;<\/p>\n\n\n\n<p>La dynamique d\u00e9mographique tr\u00e8s particuli\u00e8re de la Chine est ainsi l\u2019un des principaux \u00e9l\u00e9ments susceptibles, au cours des prochaines d\u00e9cennies, de saper sa capacit\u00e9 \u00e0 dominer le monde.<\/p>\n\n\n\n<h3 class=\"wp-block-heading\">La menace du changement climatique<\/h3>\n\n\n\n<p>Les questions environnementales risquent elles aussi d\u2019handicaper lourdement l\u2019avenir du pays.<\/p>\n\n\n\n<p>En Chine, le d\u00e9veloppement agricole et industriel tr\u00e9pidant des derni\u00e8res d\u00e9cennies, sous l\u2019\u00e9gide d\u2019un pouvoir politique en partie corrompu et peu regardant, a eu des cons\u00e9quences dramatiques en termes de pollution de l\u2019air, de l\u2019eau et des sols.<\/p>\n\n\n\n<p>Si ces d\u00e9g\u00e2ts commencent \u00e0 \u00eatre mieux pris en compte, ils auront n\u00e9anmoins des effets n\u00e9gatifs persistants.<\/p>\n\n\n\n<p>Le changement climatique devrait aussi grandement impacter le mod\u00e8le chinois.&nbsp;<\/p>\n\n\n\n<p>Si le pays pr\u00e9sente actuellement 18&#160;% de la population mondiale, il ne poss\u00e8de que 8,5&#160;% de la surface agricole et 6,5&#160;% des ressources en eau douce de la plan\u00e8te.<\/p>\n\n\n\n<p>Nourrir la Chine a toujours \u00e9t\u00e9 un probl\u00e8me difficile&#160;: au cours des derni\u00e8res d\u00e9cennies, l\u2019urbanisation rapide a consomm\u00e9 une part non n\u00e9gligeable de cette faible surface agricole, notamment dans les plaines c\u00f4ti\u00e8res de l\u2019Est du pays. Si la rapide d\u00e9crue d\u00e9mographique pourrait aider \u00e0 amortir le choc sur la production agricole qui devrait r\u00e9sulter du changement climatique, les difficult\u00e9s seront cependant consid\u00e9rables.<\/p>\n\n\n\n<p>L\u2019agriculture chinoise est de plus tr\u00e8s d\u00e9pendante des grands fleuves qui descendent de l\u2019Himalaya, <a href=\"https:\/\/legrandcontinent.eu\/fr\/2023\/11\/12\/plusieurs-mondes-sur-une-seule-planete\/\">eux-m\u00eames aliment\u00e9s par des glaciers en recul rapide<\/a>.<\/p>\n\n\n\n<p>Alors que les barrages \u00e9tablis sur ces fleuves sont essentiels pour la production \u00e9lectrique, leur d\u00e9bit devrait se r\u00e9duire sensiblement lors des ann\u00e9es \u00e0 venir.&nbsp;<\/p>\n\n\n\n<p>Par ailleurs, alors que 650 millions de Chinois habitent les r\u00e9gions c\u00f4ti\u00e8res et 150 millions des zones qui se situent au niveau de la mer \u2014 notamment \u00e0 Shanghai, \u00e0 Shenzhen, \u00e0 Canton, \u00e0 Hong Kong et dans leurs environs \u2014 la mont\u00e9e des eaux engendrera de graves perturbations ainsi que la multiplication d\u2019\u00e9v\u00e9nements climatiques extr\u00eames.<\/p>\n\n\n\n<p>Les fragilit\u00e9s politiques, sociales, \u00e9conomiques, d\u00e9mographiques et \u00e9cologiques de la Chine sont donc nombreuses et il n\u2019y a de ce fait gu\u00e8re de chance qu\u2019elle parvienne \u00e0 poursuivre l\u2019ascension triomphale qu\u2019elle a entreprise lors des cinq derni\u00e8res d\u00e9cennies.<\/p>\n\n\n\n<figure class=\"wp-block-pullquote\"><blockquote><p>La Chine sera vraiment vieille avant d\u2019\u00eatre vraiment riche.<\/p><cite>Guillaume Duval<\/cite><\/blockquote><\/figure>\n\n\n\n<h2 class=\"wp-block-heading\">Ce que pourrait faire l\u2019Europe<\/h2>\n\n\n\n<p>Accepter que les \u00c9tats-Unis comme la Chine soient bien plus faibles qu\u2019ils le semblent au premier abord a de nombreuses cons\u00e9quences pour le reste du monde.<\/p>\n\n\n\n<p>Tout d\u2019abord, ces faiblesses sont relatives&#160;: si les \u00c9tats-Unis et la Chine risquent en effet de subir de profondes crises au cours des d\u00e9cennies qui viennent, le reste du monde ne sera pas \u00e9pargn\u00e9 non plus.&nbsp;<\/p>\n\n\n\n<p>Le monde entier sera ainsi aux prises avec le changement climatique ou le vieillissement d\u00e9mographique.&nbsp;<\/p>\n\n\n\n<p>Les \u00c9tats-Unis comme la Chine pourraient \u00eatre mis \u00e0 mal sans pour autant que d\u2019autres r\u00e9gions du monde ne prennent r\u00e9ellement l\u2019avantage.<\/p>\n\n\n\n<p>La fragilit\u00e9 de Washington et de P\u00e9kin, r\u00e9sultant de leurs contradictions internes, ne constitue pas non plus forc\u00e9ment une bonne nouvelle pour le reste du monde&#160;: pour des leaders confront\u00e9s \u00e0 une contestation domestique, essayer de rassembler le peuple face \u00e0 un ennemi ext\u00e9rieur est une strat\u00e9gie \u00e9prouv\u00e9e pour conserver le pouvoir.<\/p>\n\n\n\n<p>Les difficult\u00e9s chinoise et am\u00e9ricaine internes risquent de se traduire non pas par un effacement de ces pays sur la sc\u00e8ne internationale, mais au contraire par une agressivit\u00e9 accrue.&nbsp;<\/p>\n\n\n\n<p>Les premiers signes d\u2019un tel retournement se voient aujourd\u2019hui&#160;: tandis que Trump attaque le <a href=\"https:\/\/legrandcontinent.eu\/fr\/2025\/12\/30\/trump-confirme-que-les-etats-unis-ont-bombarde-une-cible-au-venezuela\/\">Venezuela<\/a>, le <a href=\"https:\/\/legrandcontinent.eu\/fr\/2025\/01\/04\/face-a-trump-le-groenland-sinterroge-sur-son-independance-lappel-de-mute-egede\/\">Canada<\/a> et le <a href=\"https:\/\/legrandcontinent.eu\/fr\/2025\/12\/23\/donald-trump-et-la-prise-du-groenland-nous-devons-lavoir-video\/\">Groenland<\/a>, Xi Jinping menace le Japon, <a href=\"https:\/\/legrandcontinent.eu\/fr\/2025\/12\/29\/mission-justice-2025-les-exercices-militaires-chinois-autour-de-taiwan-un-avertissement-adresse-a-washington-et-a-tokyo\/\">Ta\u00efwan<\/a> et tous les pays voisins en mer de Chine m\u00e9ridionale.<\/p>\n\n\n\n<p>Mais une telle agressivit\u00e9 ext\u00e9rieure ne traduit pas toujours une position de force.<\/p>\n\n\n\n<p>Les dirigeants qui y ont recours trahissent souvent leur faiblesse \u00e0 l\u2019int\u00e9rieur de leurs fronti\u00e8res.<\/p>\n\n\n\n<p>Ces r\u00e9serves faites, l\u2019affaiblissement des deux grandes puissances pourrait ouvrir des marges de man\u0153uvre nettement plus grandes \u00e0 l\u2019Union \u00e0 l\u2019avenir que ce que la plupart des Europ\u00e9ens envisagent aujourd\u2019hui.<\/p>\n\n\n\n<p>Si l\u2019Europe est capable de s\u2019associer d\u2019une part avec les autres pays d\u00e9velopp\u00e9s \u2014 menac\u00e9s eux aussi par les initiatives de Trump \u2014 et d\u2019autre part avec les nombreux pays du Sud qui ne souhaitent s\u2019aligner ni sur la Chine ni sur les \u00c9tats-Unis, elle peut esp\u00e9rer sortir de ses d\u00e9pendances \u00e9conomiques et technologiques excessives \u00e0 l\u2019\u00e9gard de ces deux puissances.<\/p>\n\n\n\n<p>Une telle politique permettrait aussi de r\u00e9nover un multilat\u00e9ralisme capable de contenir les initiatives intempestives de ces g\u00e9ants fragiles et dangereux.<\/p>\n\n\n\n<p>Pour avoir une chance d\u2019y parvenir, l\u2019Union doit commencer par r\u00e9gler les probl\u00e8mes de gouvernance interne qui la freinent et la privent des moyens d\u2019agir \u2014&nbsp;et sur ce plan, beaucoup reste \u00e0 faire.<\/p>\n","protected":false},"excerpt":{"rendered":"<p>Entre les \u00c9tats-Unis de Trump et la Chine de Xi, le futur semble d\u00e9j\u00e0 \u00e9crit&#160;&#160;: une lutte pour l\u2019h\u00e9g\u00e9monie mondiale \u00e0 coup de tarifs, d\u2019IA et de guerres.<\/p>\n<p>Pourtant, au-del\u00e0 du r\u00e9cit et de la propagande, une r\u00e9alit\u00e9 s\u2019impose&#160;&#160;: personne ne peut dominer le monde.<\/p>\n<p>P\u00e9kin et Washington sont deux g\u00e9ants dangereux et fragiles \u2014 et dans un jeu \u00e0 somme nulle, attendre son tour n\u2019est jamais la bonne strat\u00e9gie.<\/p>\n","protected":false},"author":10,"featured_media":311206,"comment_status":"closed","ping_status":"closed","sticky":false,"template":"templates\/post-angles.php","format":"standard","meta":{"_acf_changed":false,"_trash_the_other_posts":false,"_yoast_wpseo_estimated-reading-time-minutes":25,"footnotes":""},"categories":[3331],"tags":[],"staff":[4180],"editorial_format":[],"serie":[],"audience":[],"geo":[1917],"class_list":["post-311203","post","type-post","status-publish","format-standard","hentry","category-capitalismes-politiques-en-guerre","staff-guillaume-duval","geo-europe"],"acf":{"open_in_webview":false,"accent":false,"_thumbnail_id":311206,"excerpt":"Entre les \u00c9tats-Unis de Trump et la Chine de Xi, le futur semble d\u00e9j\u00e0 \u00e9crit : une lutte pour l\u2019h\u00e9g\u00e9monie mondiale \u00e0 coup de tarifs, d\u2019IA et de guerres.\r\n\r\nPourtant, au-del\u00e0 du r\u00e9cit et de la propagande, une r\u00e9alit\u00e9 s\u2019impose : personne ne peut dominer le monde.\r\n\r\nP\u00e9kin et Washington sont deux g\u00e9ants dangereux et fragiles \u2014 et dans un jeu \u00e0 somme nulle, attendre son tour n\u2019est jamais la bonne strat\u00e9gie.","display_date":"","new_abstract":true},"yoast_head":"<!-- This site is optimized with the Yoast SEO plugin v26.1.1 - https:\/\/yoast.com\/wordpress\/plugins\/seo\/ -->\n<title>Pourquoi ni la Chine, ni les \u00c9tats-Unis ne domineront le monde<\/title>\n<meta name=\"robots\" content=\"index, follow, max-snippet:-1, max-image-preview:large, max-video-preview:-1\" \/>\n<link rel=\"canonical\" href=\"https:\/\/legrandcontinent.eu\/fr\/2026\/01\/02\/chine-etats-unis-domination-mondiale\/\" \/>\n<meta property=\"og:locale\" content=\"fr_FR\" \/>\n<meta property=\"og:type\" content=\"article\" \/>\n<meta property=\"og:title\" content=\"Pourquoi ni la Chine, ni les \u00c9tats-Unis ne domineront le monde\" \/>\n<meta property=\"og:description\" content=\"Entre les \u00c9tats-Unis de Trump et la Chine de Xi, le futur semble d\u00e9j\u00e0 \u00e9crit&#160;: une lutte pour l\u2019h\u00e9g\u00e9monie mondiale \u00e0 coup de tarifs, d\u2019IA et de guerres.  Pourtant, au-del\u00e0 du r\u00e9cit et de la propagande, une r\u00e9alit\u00e9 s\u2019impose&#160;: personne ne peut dominer le monde.  P\u00e9kin et Washington sont deux g\u00e9ants dangereux et fragiles \u2014 et dans un jeu \u00e0 somme nulle, attendre son tour n\u2019est jamais la bonne strat\u00e9gie.\" \/>\n<meta property=\"og:url\" content=\"https:\/\/legrandcontinent.eu\/fr\/2026\/01\/02\/chine-etats-unis-domination-mondiale\/\" \/>\n<meta property=\"og:site_name\" content=\"Le Grand Continent\" \/>\n<meta property=\"article:published_time\" content=\"2026-01-02T13:00:00+00:00\" \/>\n<meta property=\"article:modified_time\" content=\"2026-01-02T14:30:47+00:00\" \/>\n<meta property=\"og:image\" content=\"https:\/\/legrandcontinent.eu\/fr\/wp-content\/uploads\/sites\/2\/2026\/01\/gc-chinaduval-scaled.jpg\" \/>\n\t<meta property=\"og:image:width\" content=\"2560\" \/>\n\t<meta property=\"og:image:height\" content=\"1480\" \/>\n\t<meta property=\"og:image:type\" content=\"image\/jpeg\" \/>\n<meta name=\"author\" content=\"Matheo Malik\" \/>\n<meta name=\"twitter:card\" content=\"summary_large_image\" \/>\n<meta name=\"twitter:image\" content=\"https:\/\/legrandcontinent.eu\/fr\/wp-content\/uploads\/sites\/2\/2026\/01\/gc-chinaduval-scaled.jpg\" \/>\n<meta name=\"twitter:label1\" content=\"\u00c9crit par\" \/>\n\t<meta name=\"twitter:data1\" content=\"Matheo Malik\" \/>\n\t<meta name=\"twitter:label2\" content=\"Dur\u00e9e de lecture estim\u00e9e\" \/>\n\t<meta name=\"twitter:data2\" content=\"25 minutes\" \/>\n<script type=\"application\/ld+json\" class=\"yoast-schema-graph\">{\"@context\":\"https:\/\/schema.org\",\"@graph\":[{\"@type\":\"WebPage\",\"@id\":\"https:\/\/legrandcontinent.eu\/fr\/2026\/01\/02\/chine-etats-unis-domination-mondiale\/\",\"url\":\"https:\/\/legrandcontinent.eu\/fr\/2026\/01\/02\/chine-etats-unis-domination-mondiale\/\",\"name\":\"Pourquoi ni la Chine, ni les \u00c9tats-Unis ne domineront le monde\",\"isPartOf\":{\"@id\":\"https:\/\/legrandcontinent.eu\/fr\/#website\"},\"primaryImageOfPage\":{\"@id\":\"https:\/\/legrandcontinent.eu\/fr\/2026\/01\/02\/chine-etats-unis-domination-mondiale\/#primaryimage\"},\"image\":{\"@id\":\"https:\/\/legrandcontinent.eu\/fr\/2026\/01\/02\/chine-etats-unis-domination-mondiale\/#primaryimage\"},\"thumbnailUrl\":\"https:\/\/legrandcontinent.eu\/fr\/wp-content\/uploads\/sites\/2\/2026\/01\/SIPA_ap22996253_000024.jpg\",\"datePublished\":\"2026-01-02T13:00:00+00:00\",\"dateModified\":\"2026-01-02T14:30:47+00:00\",\"author\":{\"@id\":\"https:\/\/legrandcontinent.eu\/fr\/#\/schema\/person\/a1c2123a1ef5abd663fcde8f63063d45\"},\"breadcrumb\":{\"@id\":\"https:\/\/legrandcontinent.eu\/fr\/2026\/01\/02\/chine-etats-unis-domination-mondiale\/#breadcrumb\"},\"inLanguage\":\"fr-FR\",\"potentialAction\":[{\"@type\":\"ReadAction\",\"target\":[\"https:\/\/legrandcontinent.eu\/fr\/2026\/01\/02\/chine-etats-unis-domination-mondiale\/\"]}]},{\"@type\":\"ImageObject\",\"inLanguage\":\"fr-FR\",\"@id\":\"https:\/\/legrandcontinent.eu\/fr\/2026\/01\/02\/chine-etats-unis-domination-mondiale\/#primaryimage\",\"url\":\"https:\/\/legrandcontinent.eu\/fr\/wp-content\/uploads\/sites\/2\/2026\/01\/SIPA_ap22996253_000024.jpg\",\"contentUrl\":\"https:\/\/legrandcontinent.eu\/fr\/wp-content\/uploads\/sites\/2\/2026\/01\/SIPA_ap22996253_000024.jpg\",\"width\":2516,\"height\":1811,\"caption\":\"Un membre de la garde d'honneur de l'Arm\u00e9e populaire de lib\u00e9ration chinoise (APL) tient un drapeau lors d'une c\u00e9r\u00e9monie de bienvenue au Grand Hall du Peuple \u00e0 P\u00e9kin, le mercredi 12 novembre 2025. \u00a9 Maxim Shemetov\/AP\"},{\"@type\":\"BreadcrumbList\",\"@id\":\"https:\/\/legrandcontinent.eu\/fr\/2026\/01\/02\/chine-etats-unis-domination-mondiale\/#breadcrumb\",\"itemListElement\":[{\"@type\":\"ListItem\",\"position\":1,\"name\":\"Accueil\",\"item\":\"https:\/\/legrandcontinent.eu\/fr\/\"},{\"@type\":\"ListItem\",\"position\":2,\"name\":\"Pourquoi ni la Chine, ni les \u00c9tats-Unis ne domineront le monde\"}]},{\"@type\":\"WebSite\",\"@id\":\"https:\/\/legrandcontinent.eu\/fr\/#website\",\"url\":\"https:\/\/legrandcontinent.eu\/fr\/\",\"name\":\"Le Grand Continent\",\"description\":\"L&#039;\u00e9chelle pertinente\",\"potentialAction\":[{\"@type\":\"SearchAction\",\"target\":{\"@type\":\"EntryPoint\",\"urlTemplate\":\"https:\/\/legrandcontinent.eu\/fr\/?s={search_term_string}\"},\"query-input\":{\"@type\":\"PropertyValueSpecification\",\"valueRequired\":true,\"valueName\":\"search_term_string\"}}],\"inLanguage\":\"fr-FR\"},{\"@type\":\"Person\",\"@id\":\"https:\/\/legrandcontinent.eu\/fr\/#\/schema\/person\/a1c2123a1ef5abd663fcde8f63063d45\",\"name\":\"Matheo Malik\",\"image\":{\"@type\":\"ImageObject\",\"inLanguage\":\"fr-FR\",\"@id\":\"https:\/\/legrandcontinent.eu\/fr\/#\/schema\/person\/image\/\",\"url\":\"https:\/\/secure.gravatar.com\/avatar\/62cbadb9f7f0804282928747d8d2051d?s=96&d=mm&r=g\",\"contentUrl\":\"https:\/\/secure.gravatar.com\/avatar\/62cbadb9f7f0804282928747d8d2051d?s=96&d=mm&r=g\",\"caption\":\"Matheo Malik\"}}]}<\/script>\n<!-- \/ Yoast SEO plugin. -->","yoast_head_json":{"title":"Pourquoi ni la Chine, ni les \u00c9tats-Unis ne domineront le monde","robots":{"index":"index","follow":"follow","max-snippet":"max-snippet:-1","max-image-preview":"max-image-preview:large","max-video-preview":"max-video-preview:-1"},"canonical":"https:\/\/legrandcontinent.eu\/fr\/2026\/01\/02\/chine-etats-unis-domination-mondiale\/","og_locale":"fr_FR","og_type":"article","og_title":"Pourquoi ni la Chine, ni les \u00c9tats-Unis ne domineront le monde","og_description":"Entre les \u00c9tats-Unis de Trump et la Chine de Xi, le futur semble d\u00e9j\u00e0 \u00e9crit&#160;: une lutte pour l\u2019h\u00e9g\u00e9monie mondiale \u00e0 coup de tarifs, d\u2019IA et de guerres.  Pourtant, au-del\u00e0 du r\u00e9cit et de la propagande, une r\u00e9alit\u00e9 s\u2019impose&#160;: personne ne peut dominer le monde.  P\u00e9kin et Washington sont deux g\u00e9ants dangereux et fragiles \u2014 et dans un jeu \u00e0 somme nulle, attendre son tour n\u2019est jamais la bonne strat\u00e9gie.","og_url":"https:\/\/legrandcontinent.eu\/fr\/2026\/01\/02\/chine-etats-unis-domination-mondiale\/","og_site_name":"Le Grand Continent","article_published_time":"2026-01-02T13:00:00+00:00","article_modified_time":"2026-01-02T14:30:47+00:00","og_image":[{"width":2560,"height":1480,"url":"https:\/\/legrandcontinent.eu\/fr\/wp-content\/uploads\/sites\/2\/2026\/01\/gc-chinaduval-scaled.jpg","type":"image\/jpeg"}],"author":"Matheo Malik","twitter_card":"summary_large_image","twitter_image":"https:\/\/legrandcontinent.eu\/fr\/wp-content\/uploads\/sites\/2\/2026\/01\/gc-chinaduval-scaled.jpg","twitter_misc":{"\u00c9crit par":"Matheo Malik","Dur\u00e9e de lecture estim\u00e9e":"25 minutes"},"schema":{"@context":"https:\/\/schema.org","@graph":[{"@type":"WebPage","@id":"https:\/\/legrandcontinent.eu\/fr\/2026\/01\/02\/chine-etats-unis-domination-mondiale\/","url":"https:\/\/legrandcontinent.eu\/fr\/2026\/01\/02\/chine-etats-unis-domination-mondiale\/","name":"Pourquoi ni la Chine, ni les \u00c9tats-Unis ne domineront le monde","isPartOf":{"@id":"https:\/\/legrandcontinent.eu\/fr\/#website"},"primaryImageOfPage":{"@id":"https:\/\/legrandcontinent.eu\/fr\/2026\/01\/02\/chine-etats-unis-domination-mondiale\/#primaryimage"},"image":{"@id":"https:\/\/legrandcontinent.eu\/fr\/2026\/01\/02\/chine-etats-unis-domination-mondiale\/#primaryimage"},"thumbnailUrl":"https:\/\/legrandcontinent.eu\/fr\/wp-content\/uploads\/sites\/2\/2026\/01\/SIPA_ap22996253_000024.jpg","datePublished":"2026-01-02T13:00:00+00:00","dateModified":"2026-01-02T14:30:47+00:00","author":{"@id":"https:\/\/legrandcontinent.eu\/fr\/#\/schema\/person\/a1c2123a1ef5abd663fcde8f63063d45"},"breadcrumb":{"@id":"https:\/\/legrandcontinent.eu\/fr\/2026\/01\/02\/chine-etats-unis-domination-mondiale\/#breadcrumb"},"inLanguage":"fr-FR","potentialAction":[{"@type":"ReadAction","target":["https:\/\/legrandcontinent.eu\/fr\/2026\/01\/02\/chine-etats-unis-domination-mondiale\/"]}]},{"@type":"ImageObject","inLanguage":"fr-FR","@id":"https:\/\/legrandcontinent.eu\/fr\/2026\/01\/02\/chine-etats-unis-domination-mondiale\/#primaryimage","url":"https:\/\/legrandcontinent.eu\/fr\/wp-content\/uploads\/sites\/2\/2026\/01\/SIPA_ap22996253_000024.jpg","contentUrl":"https:\/\/legrandcontinent.eu\/fr\/wp-content\/uploads\/sites\/2\/2026\/01\/SIPA_ap22996253_000024.jpg","width":2516,"height":1811,"caption":"Un membre de la garde d'honneur de l'Arm\u00e9e populaire de lib\u00e9ration chinoise (APL) tient un drapeau lors d'une c\u00e9r\u00e9monie de bienvenue au Grand Hall du Peuple \u00e0 P\u00e9kin, le mercredi 12 novembre 2025. \u00a9 Maxim Shemetov\/AP"},{"@type":"BreadcrumbList","@id":"https:\/\/legrandcontinent.eu\/fr\/2026\/01\/02\/chine-etats-unis-domination-mondiale\/#breadcrumb","itemListElement":[{"@type":"ListItem","position":1,"name":"Accueil","item":"https:\/\/legrandcontinent.eu\/fr\/"},{"@type":"ListItem","position":2,"name":"Pourquoi ni la Chine, ni les \u00c9tats-Unis ne domineront le monde"}]},{"@type":"WebSite","@id":"https:\/\/legrandcontinent.eu\/fr\/#website","url":"https:\/\/legrandcontinent.eu\/fr\/","name":"Le Grand Continent","description":"L&#039;\u00e9chelle pertinente","potentialAction":[{"@type":"SearchAction","target":{"@type":"EntryPoint","urlTemplate":"https:\/\/legrandcontinent.eu\/fr\/?s={search_term_string}"},"query-input":{"@type":"PropertyValueSpecification","valueRequired":true,"valueName":"search_term_string"}}],"inLanguage":"fr-FR"},{"@type":"Person","@id":"https:\/\/legrandcontinent.eu\/fr\/#\/schema\/person\/a1c2123a1ef5abd663fcde8f63063d45","name":"Matheo Malik","image":{"@type":"ImageObject","inLanguage":"fr-FR","@id":"https:\/\/legrandcontinent.eu\/fr\/#\/schema\/person\/image\/","url":"https:\/\/secure.gravatar.com\/avatar\/62cbadb9f7f0804282928747d8d2051d?s=96&d=mm&r=g","contentUrl":"https:\/\/secure.gravatar.com\/avatar\/62cbadb9f7f0804282928747d8d2051d?s=96&d=mm&r=g","caption":"Matheo Malik"}}]}},"lgc_categories":[{"id":3331,"name":"Capitalismes politiques en guerre","slug":"capitalismes-politiques-en-guerre"}],"lgc_author":{"id":4180,"name":"Guillaume Duval","slug":"guillaume-duval","description":"Guillaume Duval est ancien speechwriter du HR\/VP Josep Borrell, ancien r\u00e9dacteur en chef d'Alternatives \u00c9conomiques et conseiller aupr\u00e8s de l'Institut Jacques Delors. Il est l'auteur de \"Made in Germany, le mod\u00e8le allemand au del\u00e0 des mythes\" aux \u00e9ditions du Seuil.","first_name":"Guillaume","last_name":"Duval","picture":{"url":"https:\/\/legrandcontinent.eu\/fr\/wp-content\/uploads\/sites\/2\/2024\/12\/gc-GuillaumeDuval-1.png","width":222,"height":222,"alt":""}},"feature_image_summary":{"url":"https:\/\/legrandcontinent.eu\/fr\/wp-content\/uploads\/sites\/2\/2026\/01\/SIPA_ap22996253_000024.jpg","width":2516,"height":1811,"alt":""},"feature_image_cover":{"url":"https:\/\/legrandcontinent.eu\/fr\/wp-content\/uploads\/sites\/2\/2026\/01\/SIPA_ap22996253_000024.jpg","width":2516,"height":1811,"alt":""},"term_position_data":null,"_links":{"self":[{"href":"https:\/\/legrandcontinent.eu\/fr\/wp-json\/wp\/v2\/posts\/311203","targetHints":{"allow":["GET"]}}],"collection":[{"href":"https:\/\/legrandcontinent.eu\/fr\/wp-json\/wp\/v2\/posts"}],"about":[{"href":"https:\/\/legrandcontinent.eu\/fr\/wp-json\/wp\/v2\/types\/post"}],"author":[{"embeddable":true,"href":"https:\/\/legrandcontinent.eu\/fr\/wp-json\/wp\/v2\/users\/10"}],"replies":[{"embeddable":true,"href":"https:\/\/legrandcontinent.eu\/fr\/wp-json\/wp\/v2\/comments?post=311203"}],"version-history":[{"count":10,"href":"https:\/\/legrandcontinent.eu\/fr\/wp-json\/wp\/v2\/posts\/311203\/revisions"}],"predecessor-version":[{"id":313044,"href":"https:\/\/legrandcontinent.eu\/fr\/wp-json\/wp\/v2\/posts\/311203\/revisions\/313044"}],"wp:featuredmedia":[{"embeddable":true,"href":"https:\/\/legrandcontinent.eu\/fr\/wp-json\/wp\/v2\/media\/311206"}],"wp:attachment":[{"href":"https:\/\/legrandcontinent.eu\/fr\/wp-json\/wp\/v2\/media?parent=311203"}],"wp:term":[{"taxonomy":"category","embeddable":true,"href":"https:\/\/legrandcontinent.eu\/fr\/wp-json\/wp\/v2\/categories?post=311203"},{"taxonomy":"post_tag","embeddable":true,"href":"https:\/\/legrandcontinent.eu\/fr\/wp-json\/wp\/v2\/tags?post=311203"},{"taxonomy":"staff","embeddable":true,"href":"https:\/\/legrandcontinent.eu\/fr\/wp-json\/wp\/v2\/staff?post=311203"},{"taxonomy":"editorial_format","embeddable":true,"href":"https:\/\/legrandcontinent.eu\/fr\/wp-json\/wp\/v2\/editorial_format?post=311203"},{"taxonomy":"serie","embeddable":true,"href":"https:\/\/legrandcontinent.eu\/fr\/wp-json\/wp\/v2\/serie?post=311203"},{"taxonomy":"audience","embeddable":true,"href":"https:\/\/legrandcontinent.eu\/fr\/wp-json\/wp\/v2\/audience?post=311203"},{"taxonomy":"geo","embeddable":true,"href":"https:\/\/legrandcontinent.eu\/fr\/wp-json\/wp\/v2\/geo?post=311203"}],"curies":[{"name":"wp","href":"https:\/\/api.w.org\/{rel}","templated":true}]}}