{"id":310805,"date":"2025-12-30T16:00:00","date_gmt":"2025-12-30T15:00:00","guid":{"rendered":"https:\/\/legrandcontinent.eu\/fr\/?p=310805"},"modified":"2025-12-30T18:44:30","modified_gmt":"2025-12-30T17:44:30","slug":"le-plan-de-lula-pour-casser-la-vague-trump-une-conversation-avec-le-ministre-bresilien-wellington-dias","status":"publish","type":"post","link":"https:\/\/legrandcontinent.eu\/fr\/2025\/12\/30\/le-plan-de-lula-pour-casser-la-vague-trump-une-conversation-avec-le-ministre-bresilien-wellington-dias\/","title":{"rendered":"Le plan de Lula pour casser la vague Trump, une conversation avec le ministre br\u00e9silien Wellington Dias"},"content":{"rendered":"\n<p class=\"non-subscribers-only\"><em><a href=\"https:\/\/legrandcontinent.eu\/fr\/offre-abonnement\/\" target=\"_blank\" rel=\"noreferrer noopener\">Profitez de la fin de l&rsquo;ann\u00e9e pour sauter le pas&#160;:&nbsp;d\u00e9couvrez toutes nos offres ou offrez le Grand Continent<\/a><\/em><\/p>\n\n\n\n<h3 class=\"wp-block-heading\">Le moment o\u00f9 Lula est revenu au pouvoir correspond \u00e0 l\u2019apr\u00e8s-Covid&nbsp;\u2014 une p\u00e9riode qui a touch\u00e9 particuli\u00e8rement durement l\u2019Am\u00e9rique latine et le Br\u00e9sil. Comment d\u00e9cririez-vous le pays au moment o\u00f9 vous \u00eates revenu au pouvoir&#160;?<\/h3>\n\n\n\n<p>Le Pr\u00e9sident Lula est aujourd\u2019hui \u00e0 son troisi\u00e8me mandat.<\/p>\n\n\n\n<p>Nous avons \u00e9galement \u00e9t\u00e9 gouvern\u00e9s pendant un mandat et demi par la pr\u00e9sidente Dilma Rousseff, \u00e9galement du Parti des Travailleurs. Elle a \u00e9t\u00e9 \u00e9cart\u00e9e du pouvoir \u00e0 la suite d\u2019un coup d\u2019\u00c9tat qui a interrompu son mandat en 2016.<\/p>\n\n\n\n<p>J\u2019emploie ce terme car aujourd\u2019hui, le Tribunal supr\u00eame f\u00e9d\u00e9ral, la plus haute juridiction du pays, a officiellement reconnu qu\u2019il s\u2019agissait bien d\u2019un coup d\u2019\u00c9tat.<\/p>\n\n\n\n<p>Quand Lula a pris ses fonctions pour la premi\u00e8re fois en 2003, le Br\u00e9sil comptait un tr\u00e8s grand nombre de personnes souffrant de la faim et qui vivaient dans la mis\u00e8re et dans la pauvret\u00e9. Il a alors lanc\u00e9 son premier programme contre la faim \u2014 le \u00ab&#160;Plan Faim Z\u00e9ro&#160;\u00bb.<\/p>\n\n\n\n<p>\u00c0 cette \u00e9poque, j\u2019\u00e9tais gouverneur du Piau\u00ed, l\u2019\u00c9tat le plus pauvre du pays, situ\u00e9 dans la r\u00e9gion Nord-Est, \u00e0 proximit\u00e9 de l\u2019Amazonie.<\/p>\n\n\n\n<p>Gr\u00e2ce aux politiques mises en place par Lula, en 2014, soit 11 ans apr\u00e8s le d\u00e9but de son mandat, le Br\u00e9sil est sorti de la carte de la faim avec un niveau inf\u00e9rieur \u00e0 2,5&#160;% de la population en situation de sous-alimentation, selon les crit\u00e8res de l\u2019Organisation des Nations unies pour l\u2019alimentation et l\u2019agriculture (FAO). Et nous ne pensions pas que le pays reviendrait un jour sur la carte de la faim.<\/p>\n\n\n\n<p>Outre la r\u00e9duction de la faim, la mis\u00e8re, l\u2019extr\u00eame pauvret\u00e9 et la pauvret\u00e9 avaient \u00e9galement diminu\u00e9.<\/p>\n\n\n\n<p>Le Br\u00e9sil avait atteint un seuil de 5,2&#160;% de la population vivant dans la mis\u00e8re et 30&#160;% en situation de pauvret\u00e9, les niveaux les plus bas historiques jamais atteints \u00e0 l\u2019\u00e9poque. La classe moyenne s\u2019\u00e9tait \u00e9largie, atteignant 52&#160;% des m\u00e9nages. \u00c0 ce moment-l\u00e0, il y avait un fort espoir de ne jamais revenir en arri\u00e8re.<\/p>\n\n\n\n<figure class=\"wp-block-pullquote\"><blockquote><p>Nous sommes une puissance \u00e9conomique \u2014 mais o\u00f9 les plus riches sont extr\u00eamement riches et les plus pauvres, extr\u00eamement pauvres.<\/p><cite>Wellington Dias<\/cite><\/blockquote><\/figure>\n\n\n\n<p>Lorsque la pr\u00e9sidente Dilma a \u00e9t\u00e9 remplac\u00e9e en 2016 par le pr\u00e9sident Michel Temer (2016-2018), puis avec l\u2019arriv\u00e9e de Jair Bolsonaro en 2019, la classe moyenne a diminu\u00e9 tandis que la pauvret\u00e9 et la mis\u00e8re ont augment\u00e9 \u2014 entra\u00eenant une augmentation de la faim.&nbsp;<\/p>\n\n\n\n<p>La responsabilit\u00e9 de cette situation ne peut donc pas \u00eatre attribu\u00e9e uniquement \u00e0 la pand\u00e9mie \u2014 qui n\u2019a commenc\u00e9 qu\u2019en 2020.<\/p>\n\n\n\n<p>Lorsque Lula a repris ses fonctions pour son troisi\u00e8me mandat en janvier 2023, le Br\u00e9sil comptait plus de 33 millions de personnes en situation d\u2019ins\u00e9curit\u00e9 alimentaire.<\/p>\n\n\n\n<p>Le monde et le Br\u00e9sil ont \u00e9t\u00e9 profond\u00e9ment choqu\u00e9s par les images des Yanomamis en Amazonie, d\u00e9nutris et mourant de faim.&nbsp;<\/p>\n\n\n\n<p>Mais ils n\u2019\u00e9taient pas les seuls&#160;: en r\u00e9alit\u00e9, 33 100 000 Br\u00e9siliens vivaient dans un pays qui \u00e9tait pourtant d\u00e9j\u00e0 le quatri\u00e8me plus grand producteur alimentaire du monde.<\/p>\n\n\n\n<p>L\u2019\u00e9conomie avait recul\u00e9, mais le pays restait la douzi\u00e8me plus grande \u00e9conomie mondiale en 2022.<\/p>\n\n\n\n\n<div class=\"double-picture my-12 lg:my-20\" \n    data-images-sizes=\"half\"\n    data-same-height=\"true\"\n    data-reference-image=\"left\"\n>    <!-- Images -->\n    <div class=\"lg:flex\">\n        <div class=\"relative lg:pr-2 mb-7 lg:mb-0 lg:w-1\/2\">\n                            <a \n                    href=\"#\"\n                    data-pswp-src=\"https:\/\/legrandcontinent.eu\/fr\/wp-content\/uploads\/sites\/2\/2025\/12\/SIPA_sipausa30407824_000007-scaled.jpg\" \n                    class=\"gallery-item no-underline  \" \n                    data-pswp-width=\"2560\" \n                    data-pswp-height=\"1707\"\n                >\n                    <figure class=\"wp-block-image h-full -mx-2 lg:mx-0 !my-0\">\n                        <picture class=\"block h-full\">\n                            <img decoding=\"async\" src=\"https:\/\/legrandcontinent.eu\/fr\/wp-content\/uploads\/sites\/2\/2025\/12\/SIPA_sipausa30407824_000007-scaled.jpg\" alt=\"Le pr\u00e9sident de la R\u00e9publique du Br\u00e9sil, Luiz Inacio Lula da Silva, accompagn\u00e9 du ministre du D\u00e9veloppement social, Jose Wellington Barroso de Araujo Dias, lors de la c\u00e9r\u00e9monie d'ouverture de la premi\u00e8re r\u00e9union pl\u00e9ni\u00e8re ordinaire du Conseil national de la s\u00e9curit\u00e9 alimentaire le mardi 5 mars 2025. \u00a9 Mateus Bonomi\" >\n                        <\/picture>\n                        <figcaption class=\"lg:hidden pswp-caption-content\">Le pr\u00e9sident de la R\u00e9publique du Br\u00e9sil, Luiz Inacio Lula da Silva, accompagn\u00e9 du ministre du D\u00e9veloppement social, Jose Wellington Barroso de Araujo Dias, lors de la c\u00e9r\u00e9monie d&rsquo;ouverture de la premi\u00e8re r\u00e9union pl\u00e9ni\u00e8re ordinaire du Conseil national de la s\u00e9curit\u00e9 alimentaire le mardi 5 mars 2025. \u00a9 Mateus Bonomi<\/figcaption>                    <\/figure>\n                <\/a>\n                    \n        <\/div>\n        <div class=\"relative lg:pl-2 lg:w-1\/2\">\n                            <a\n                    href=\"#\"\n                    data-pswp-src=\"https:\/\/legrandcontinent.eu\/fr\/wp-content\/uploads\/sites\/2\/2025\/12\/SIPA_ap22769723_000005-scaled.jpg\" \n                    class=\"gallery-item no-underline  lg:!absolute lg:h-full lg:right-0 lg:left-2 overflow-hidden\" \n                    data-pswp-width=\"2560\" \n                    data-pswp-height=\"1707\"\n                >\n                    <figure class=\"wp-block-image h-full -mx-2 lg:mx-0 !my-0\">\n                        <picture class=\"block h-full\">\n                            <img decoding=\"async\" src=\"https:\/\/legrandcontinent.eu\/fr\/wp-content\/uploads\/sites\/2\/2025\/12\/SIPA_ap22769723_000005-scaled.jpg\" alt=\"Lula et Wellington Dias lors d'une c\u00e9r\u00e9monie de relance du programme Bolsa Familiaau palais Planalto, \u00e0 Brasilia, au Br\u00e9sil, le jeudi 2 mars 2023. La Bolsa Familia est un programme de transfert mon\u00e9taire qui vise \u00e0 aider les familles vivant dans la pauvret\u00e9. \u00a9 Eraldo Peres\" class=\"lg:!h-full object-cover\">\n                        <\/picture>\n                        <figcaption class=\"lg:hidden pswp-caption-content\">Lula et Wellington Dias lors d&rsquo;une c\u00e9r\u00e9monie de relance du programme Bolsa Familiaau palais Planalto, \u00e0 Brasilia, au Br\u00e9sil, le jeudi 2 mars 2023. La Bolsa Familia est un programme de transfert mon\u00e9taire qui vise \u00e0 aider les familles vivant dans la pauvret\u00e9. \u00a9 Eraldo Peres<\/figcaption>                    <\/figure>\n                <\/a>\n                    <\/div>\n    <\/div>\n    <!-- Captions -->\n    <div class=\"hidden lg:flex\">\n        <div class=\"relative lg:pr-2 mb-7 lg:mb-0 lg:w-1\/2\">\n                            <figure class=\"wp-block-image -mx-2 lg:mx-0 !my-0\">\n                    <figcaption>Le pr\u00e9sident de la R\u00e9publique du Br\u00e9sil, Luiz Inacio Lula da Silva, accompagn\u00e9 du ministre du D\u00e9veloppement social, Jose Wellington Barroso de Araujo Dias, lors de la c\u00e9r\u00e9monie d&rsquo;ouverture de la premi\u00e8re r\u00e9union pl\u00e9ni\u00e8re ordinaire du Conseil national de la s\u00e9curit\u00e9 alimentaire le mardi 5 mars 2025. \u00a9 Mateus Bonomi<\/figcaption>                <\/figure>\n                    \n        <\/div>\n        <div class=\"relative lg:pl-2 lg:w-1\/2\">\n                            <figure class=\"wp-block-image -mx-2 lg:mx-0 !my-0\">   \n                    <figcaption>Lula et Wellington Dias lors d&rsquo;une c\u00e9r\u00e9monie de relance du programme Bolsa Familiaau palais Planalto, \u00e0 Brasilia, au Br\u00e9sil, le jeudi 2 mars 2023. La Bolsa Familia est un programme de transfert mon\u00e9taire qui vise \u00e0 aider les familles vivant dans la pauvret\u00e9. \u00a9 Eraldo Peres<\/figcaption>                <\/figure>\n                    <\/div>\n    <\/div>\n<\/div>\n\n\n\n<h3 class=\"wp-block-heading\">Qu\u2019avez-vous fait pour combattre cette situation&#160;?<\/h3>\n\n\n\n<p>Le Pr\u00e9sident Lula, qui a lui-m\u00eame connu la faim et la pauvret\u00e9, embrasse ces causes presque comme une obsession.<\/p>\n\n\n\n<p>Lorsqu\u2019il m\u2019a invit\u00e9 \u00e0 prendre la t\u00eate du minist\u00e8re du D\u00e9veloppement social et de la Lutte contre la faim, il m\u2019a donn\u00e9 trois missions.<\/p>\n\n\n\n<p>D\u2019une part, sortir le Br\u00e9sil de la carte de la faim.<\/p>\n\n\n\n<p>D\u2019autre part, r\u00e9duire la mis\u00e8re et la pauvret\u00e9.<\/p>\n\n\n\n<p>Enfin, diminuer les in\u00e9galit\u00e9s.<\/p>\n\n\n\n<p>Nous sommes un pays \u00e9conomiquement puissant, mais profond\u00e9ment in\u00e9galitaire. Nous sommes une puissance \u00e9conomique \u2014 mais o\u00f9 les plus riches sont extr\u00eamement riches et les plus pauvres, extr\u00eamement pauvres.<\/p>\n\n\n\n<p>Nous avons travaill\u00e9 sur un nouveau mod\u00e8le d\u2019allocation sociale \u2014 la Bolsa Fam\u00edlia \u2014 que nous avons r\u00e9form\u00e9 et appel\u00e9 la \u00ab&#160;nouvelle Bolsa Fam\u00edlia&#160;\u00bb.<\/p>\n\n\n\n<p>Toute notre action visait \u00e0 r\u00e9pondre \u00e0 cette question que le Pr\u00e9sident Lula nous posait avec obstination&#160;: comment faire pour que le pays ne retourne jamais sur la carte de la faim&#160;?<\/p>\n\n\n\n<p>La nouvelle Bolsa Fam\u00edlia s\u2019appuie sur un Registre social unique&nbsp;<span class='whitespace-nowrap'><span id='easy-footnote-1-310805' class='easy-footnote-margin-adjust'><\/span><span class='easy-footnote'><a href='https:\/\/legrandcontinent.eu\/fr\/2025\/12\/30\/le-plan-de-lula-pour-casser-la-vague-trump-une-conversation-avec-le-ministre-bresilien-wellington-dias\/#easy-footnote-bottom-1-310805' title='Le Cadastro \u00danico, qui identifie et caract\u00e9rise les familles \u00e0 faible revenu sur l\u2019ensemble du territoire national.'><sup>1<\/sup><\/a><\/span><\/span>, comprenant 94 millions de personnes.&nbsp;<\/p>\n\n\n\n<h3 class=\"wp-block-heading\">Pourtant, le nombre de personnes inscrites sur ce registre devrait diminuer moins rapidement qu\u2019autrefois. Pourquoi&#160;?<\/h3>\n\n\n\n<p>Parce que d\u00e9sormais, lorsqu\u2019une personne entre dans le registre \u2014 m\u00eame lorsqu\u2019elle acc\u00e8de \u00e0 la classe moyenne \u2014 elle y reste.<\/p>\n\n\n\n<p>Une personne b\u00e9n\u00e9ficie du programme Bolsa Fam\u00edlia si elle gagne moins de 40 dollars \u2014 un seuil aujourd\u2019hui adopt\u00e9 par l\u2019Alliance mondiale contre la faim et la pauvret\u00e9. Or nous voulons lui assurer une protection sociale continue jusqu\u2019\u00e0 ce que son revenu d\u00e9passe 120 dollars.&nbsp;<\/p>\n\n\n\n<p>Auparavant, lorsqu\u2019une personne int\u00e9grait le registre et obtenait un emploi ou cr\u00e9ait sa petite entreprise, elle perdait tout droit \u00e0 l&rsquo;allocation.&nbsp;<\/p>\n\n\n\n<p>Ce n\u2019est plus le cas\u202f aujourd\u2019hui&#160;: m\u00eame si elle commence \u00e0 cotiser \u00e0 la s\u00e9curit\u00e9 sociale en tant que salari\u00e9e ou entrepreneure, elle reste dans le syst\u00e8me.&nbsp;<\/p>\n\n\n\n<p>Nous suivons l\u2019\u00e9volution de son revenu&#160;: m\u00eame au moment o\u00f9 celui-ci d\u00e9passe le seuil de la mis\u00e8re, la personne continuera \u00e0 recevoir l&rsquo;allocation Bolsa Fam\u00edlia. Lorsqu&rsquo;elle atteint un revenu plus \u00e9lev\u00e9, elle re\u00e7oit pendant 12 mois 50&#160;% de l\u2019allocation \u2014 et ce n\u2019est que lorsqu\u2019elle d\u00e9passe le seuil de pauvret\u00e9 qu\u2019elle perd l\u2019allocation. Mais elle ne sort jamais du registre, m\u00eame si elle passe dans les derni\u00e8res cat\u00e9gories&#160;: nous maintenons cette personne dans le syst\u00e8me.<\/p>\n\n\n\n<p>Ainsi, si \u00e0 un moment elle perd son emploi, elle ne replonge pas dans la mis\u00e8re ni dans la faim&#160;: elle b\u00e9n\u00e9ficie \u00e0 nouveau de l&rsquo;allocation Bolsa Fam\u00edlia.&nbsp;<\/p>\n\n\n\n<figure class=\"wp-block-pullquote\"><blockquote><p>Toute notre action visait \u00e0 r\u00e9pondre \u00e0 cette question que le Pr\u00e9sident Lula nous posait avec obstination&#160;: comment faire pour que le pays ne retourne jamais sur la carte de la faim&#160;?<\/p><cite>Wellington Dias<\/cite><\/blockquote><\/figure>\n\n\n\n<p>En d\u2019autres termes, une fois int\u00e9gr\u00e9e dans le Registre social unique, nous garantissons que les personnes ne sortent du syst\u00e8me que pour progresser \u2014 et jamais pour revenir \u00e0 la faim ni \u00e0 la mis\u00e8re. C\u2019est \u00e0 cela que nous mesurons le succ\u00e8s de notre action.<\/p>\n\n\n\n<p>En deux ans, nous avons sorti 30 millions de personnes de l\u2019ins\u00e9curit\u00e9 alimentaire. Comme l\u2019a soulign\u00e9 le Pr\u00e9sident Lula, ces personnes ont pu recommencer \u00e0 prendre un petit-d\u00e9jeuner, un d\u00e9jeuner et un d\u00eener chaque jour. Et nous avons r\u00e9ussi \u00e0 r\u00e9duire la mis\u00e8re et la pauvret\u00e9.<\/p>\n\n\n\n<p>La mis\u00e8re, qui \u00e9tait revenue \u00e0 9&#160;% de la population, est tomb\u00e9e \u00e0 4&#160;%.&nbsp;<\/p>\n\n\n\n<p>La pauvret\u00e9, qui avait atteint 37&#160;%, a recul\u00e9 \u00e0 20&#160;%.&nbsp;<\/p>\n\n\n\n<p>Les in\u00e9galit\u00e9s, elles aussi, ont diminu\u00e9. L\u2019indice de Gini \u2014 plus il est proche de 1, plus les in\u00e9galit\u00e9s sont fortes, et plus il est proche de 0, plus elles sont faibles \u2014 s\u2019\u00e9levait \u00e0 0,544.&nbsp;<\/p>\n\n\n\n<p>En 2024, il est d\u00e9j\u00e0 descendu \u00e0 0,506.<\/p>\n\n\n\n<p>Nous esp\u00e9rons ainsi terminer cette ann\u00e9e, pour la premi\u00e8re fois au Br\u00e9sil, avec un indice de Gini inf\u00e9rieur \u00e0 0,5.<\/p>\n\n\n\n<p>Je suis optimiste, car nos politiques parviennent \u00e0 atteindre un nombre croissant de personnes. Le revenu des Br\u00e9siliens dans leur ensemble \u2014 ceux qui travaillent et produisent \u2014 a augment\u00e9 de 11,6&#160;%, tandis que celui des plus pauvres a progress\u00e9 de 38&#160;%.<\/p>\n\n\n\n<p>Cela contribue de mani\u00e8re significative \u00e0 la r\u00e9duction des in\u00e9galit\u00e9s.<\/p>\n\n\n\n<h3 class=\"wp-block-heading\">Le 19 novembre 2024, lors du sommet du G20 \u00e0 Rio, Lula a annonc\u00e9 lancer l\u2019Alliance mondiale contre la faim et la pauvret\u00e9. Pourquoi avoir cr\u00e9\u00e9 cette initiative&#160;?<\/h3>\n\n\n\n<p>Lorsqu\u2019un pays figure sur la carte de la faim, avec une grande mis\u00e8re et une profonde pauvret\u00e9, ce n\u2019est pas un probl\u00e8me <em>seulement<\/em> pour ce pays.<\/p>\n\n\n\n<p>C\u2019est certes un d\u00e9fi pour lui, mais aussi et surtout pour toute l\u2019humanit\u00e9.<\/p>\n\n\n\n<p>C\u2019est ainsi que pense le Pr\u00e9sident Lula, parce que la pauvret\u00e9 affecte l\u2019ensemble du monde.&nbsp;<\/p>\n\n\n\n<p>Regardez la d\u00e9sorganisation des flux migratoires dans le monde&#160;: il n\u2019y aura pas de solution en \u00e9rigeant des murs, en brandissant des armes ou en modifiant des lois. Si l\u2019on souhaite un processus migratoire \u00e9quilibr\u00e9, les pays les plus d\u00e9velopp\u00e9s doivent assumer leur responsabilit\u00e9 d\u2019aider les pays en d\u00e9veloppement.<\/p>\n\n\n\n<p>Le Br\u00e9sil accueille de nombreux immigr\u00e9s.<\/p>\n\n\n\n<p>Mon minist\u00e8re s\u2019occupe, par exemple, des populations venant du Venezuela, de Cuba, d\u2019Ha\u00efti et de plusieurs pays d\u2019Afrique. Nous agissons avec humanit\u00e9 et solidarit\u00e9, tout en veillant \u00e0 ne pas d\u00e9s\u00e9quilibrer nos syst\u00e8mes internes \u2014 \u00e9ducation, sant\u00e9, protection de l\u2019emploi, et autres.<\/p>\n\n\n<section class=\"dive print-block my-16\" style=\"background-color:#eee2ca;\">\n\t<div class=\"wrapper\">\n\t\t<div class=\"container mx-auto \">\n\t\t\t<div class=\"row flex flex-wrap relative pt-6 pb-16 lg:py-8\">\n\t\t\t\t<div class=\"col w-full xl:ml-1\/10\n\t\t\t\t\t md:w-2\/5 xl:w-2\/5 \t\t\t\t\t\">\n\t\t\t\t\t<a href=\"https:\/\/legrandcontinent.eu\/fr\/exemplaire-kafka-soutien\/\" style=\"color:#232323;\" class=\"font-display font-normal text-4xl leading-9 mb-5 text-white no-underline\">\n\t\t\t\t\t\tUn exemplaire unique pour nos soutiens\t\t\t\t\t<\/a>\n\t\t\t\t\t\t\t\t\t\t\t<div style=\"color:#232323;\" class=\"text-base leading-none font-sans\">\n\t\t\t\t\t\t\t<p>Pour marquer le centenaire du Proc\u00e8s de Kafka, nous offrons \u00e0 nos abonn\u00e9s soutiens une nouvelle \u00e9dition hors commerce de son chapitre \u00ab&#160;&#160;Dans la cath\u00e9drale&#160;&#160;\u00bb, num\u00e9rot\u00e9e \u00e0 la main.<\/p>\n\t\t\t\t\t\t<\/div>\n\t\t\t\t\t\n\t\t\t\t\t\t\t\t\t\t\t<div class=\"mt-12 dive-list\">\n\t\t\t\t\t\t\t\t\t\t\t\t\t\t\t<a  style=\"color:#d37a38;\" class=\"no-underline block border-t border-grey-darker py-2 flex\"\n\t\t\t\t\t\t\t\t   href=\"https:\/\/legrandcontinent.eu\/fr\/offre-abonnement\/\"><span class=\"font-sans font-semibold pr-4\">\u2192<\/span> D\u00e9couvrir toutes nos offres<\/a>\n\t\t\t\t\t\t\t\t\t\t\t\t\t\t\t<a  style=\"color:#d37a38;\" class=\"no-underline block border-t border-grey-darker py-2 flex\"\n\t\t\t\t\t\t\t\t   href=\"https:\/\/legrandcontinent.eu\/fr\/checkout\/?productName=integral_fr&amp;paymentPlans=support_fr_yearly&amp;giftOption=false&amp;language=1\"><span class=\"font-sans font-semibold pr-4\">\u2192<\/span> Soutenir la revue (250 euros\/an)<\/a>\n\t\t\t\t\t\t\t\t\t\t\t\t\t<\/div>\n\t\t\t\t\t\n\t\t\t\t\t\t\t\t\t\t\t<div style=\"color:#232323;\" class=\"dive-footer font-sans text-xs border-t border-grey-darker py-2 leading-4\">\n\t\t\t\t\t\t\t<p>\u00ab&#160;&#160;<em>Le vrai roman d\u2019anticipation sur l\u2019IA est\u00a0<\/em>Le Proc\u00e8s<em>\u00a0de Kafka, dans lequel personne ne comprend ce qui se passe, ni l\u2019accus\u00e9, ni m\u00eame les juges qui le mettent en examen, et pourtant les \u00e9v\u00e9nements suivent leur cours inexorable<\/em>.&#160;&#160;\u00bb \u2014 Giuliano da Empoli<\/p>\n\t\t\t\t\t\t<\/div>\n\t\t\t\t\t\n\t\t\t\t<\/div>\n\t\t\t\t\t\t\t\t\t\t\t\n\t\t\t\t\t\t\t<div class=\"col w-full md:w-3\/5 xl:w-2\/5  md:px-0 relative overflow-hidden mt-8 md:mt-0 macron-img\">\n\t\t\t\t\t\t\t\t<a class=\"!absolute !bg-none w-full h-full pin-t pin-l\" href=\"https:\/\/legrandcontinent.eu\/fr\/exemplaire-kafka-soutien\/\" class=\"no-underline\">\n\t\t\t\t\t\t\t\t\t<img decoding=\"async\" style=\"object-fit: contain; width: 100%; height: 100%;\" src=\"https:\/\/legrandcontinent.eu\/fr\/wp-content\/uploads\/sites\/2\/2025\/12\/IScpHNIQ-1-1.jpg\" \/>\n\t\t\t\t\t\t\t\t<\/a> \n\t\t\t\t\t\t\t<\/div>\n\n\t\t\t\t\t\t\t\t\t\t\t\t\t\t\n\t\t\t<\/div>\n\t\t<\/div>\n\t<\/div>\n<\/section>\n\n\n\n<p>C\u2019est pourquoi l\u2019initiative de l\u2019Alliance mondiale contre la faim et la pauvret\u00e9, pr\u00e9sent\u00e9e par le Pr\u00e9sident Lula aux pays les plus riches du G20, rev\u00eat une importance capitale.<\/p>\n\n\n\n<p>Historiquement centr\u00e9 sur les taux de change, les exportations et les importations, le G20 s\u2019int\u00e9resse d\u00e9sormais \u00e0 des probl\u00e8mes humains cruciaux&#160;: la faim et la pauvret\u00e9.&nbsp;<\/p>\n\n\n\n<p>Ce qui est remarquable, c\u2019est que cette proposition a \u00e9t\u00e9 adopt\u00e9e \u00e0 l\u2019unanimit\u00e9 lors de la r\u00e9union de Rio de Janeiro l\u2019an dernier.&nbsp;<\/p>\n\n\n\n<p>Rappelons que, d\u00e8s 2015, le monde avait adopt\u00e9 les Objectifs de d\u00e9veloppement durable 2030, porteurs d\u2019un immense espoir \u00e0 la fin du XXe si\u00e8cle et au d\u00e9but du XXIe. Parmi ces objectifs, le premier visait l\u2019\u00e9radication de la pauvret\u00e9, le second, \u00e0 l\u2019\u00e9radication.<\/p>\n\n\n\n<p>Pourtant, le monde a \u00e9chou\u00e9&#160;: depuis lors, la faim a augment\u00e9. En 2022, selon la FAO, 750 millions de personnes vivaient en situation d\u2019ins\u00e9curit\u00e9 alimentaire \u2014 un chiffre qui n\u2019a cess\u00e9 de cro\u00eetre chaque ann\u00e9e depuis 2015.<\/p>\n\n\n\n<p>Gr\u00e2ce \u00e0 l\u2019Alliance, de nombreuses initiatives ont d\u00e9j\u00e0 commenc\u00e9 \u00e0 porter leurs fruits.<\/p>\n\n\n\n<p>En 2023, selon la FAO, 733 millions de personnes \u00e9taient en situation d\u2019ins\u00e9curit\u00e9 alimentaire. Un an plus tard, en 2024, ce chiffre est tomb\u00e9 \u00e0 673 millions, soit 60 millions de personnes de moins dans le monde, qui ont d\u00e9sormais acc\u00e8s \u00e0 une alimentation suffisante, \u00e9chappant ainsi \u00e0 la malnutrition et \u00e0 la sous-alimentation.<\/p>\n\n\n\n<p>Je reste optimiste sur la progression de l\u2019Alliance car celle-ci compte d\u00e9j\u00e0 plus de 200 membres. Le Pakistan a rejoint l\u2019initiative, et chaque jour, de plus en plus de pays, d\u2019organisations internationales et de fonds s\u2019y associent. Nous collaborons \u00e9galement avec le monde universitaire, des organisations sociales du monde entier, ainsi qu\u2019avec des entrepreneurs internationaux.&nbsp;<\/p>\n\n\n\n<p>Car ce d\u00e9fi ne concerne pas uniquement les gouvernements&#160;: il s\u2019agit d\u2019une responsabilit\u00e9 collective, partag\u00e9e par tous.<\/p>\n\n\n\n<figure class=\"wp-block-pullquote\"><blockquote><p>Au Br\u00e9sil, nous consid\u00e9rons le social comme un \u00e9l\u00e9ment strat\u00e9gique du d\u00e9veloppement \u00e9conomique.<\/p><cite>Wellington Dias<\/cite><\/blockquote><\/figure>\n\n\n\n<p>Je suis convaincu qu\u2019en 2030, nous enregistrerons une baisse significative de l\u2019ins\u00e9curit\u00e9 alimentaire, accompagn\u00e9e d\u2019une r\u00e9duction de la mis\u00e8re et de la pauvret\u00e9, gr\u00e2ce aux plans de travail d\u00e9j\u00e0 pr\u00e9sent\u00e9s.<\/p>\n\n\n\n<p>Nous venons de c\u00e9l\u00e9brer les 80 ans de la FAO, en pr\u00e9sence du Pr\u00e9sident Lula, du directeur g\u00e9n\u00e9ral de l\u2019organisation, de dirigeants de plusieurs pays et du Forum mondial de l\u2019alimentation.<\/p>\n\n\n\n<p>\u00c0 cette occasion, plusieurs pays, partenaires et sponsors ont pris des engagements visant \u00e0 sortir 600 millions de personnes de la faim et de l\u2019ins\u00e9curit\u00e9 alimentaire. Ces engagements permettront \u00e9galement d\u2019\u00e9tendre la couverture des programmes d\u2019alimentation scolaire \u00e0 150 millions d\u2019enfants et d\u2019adolescents, et d\u2019assurer un meilleur acc\u00e8s \u00e0 l\u2019eau, aux soins de sant\u00e9, aux vaccins et aux m\u00e9dicaments pour 200 \u00e0 250 millions de femmes et d\u2019enfants, avec une attention particuli\u00e8re port\u00e9e \u00e0 la protection de la petite enfance.<\/p>\n\n\n\n<p>De plus, au moins 100 millions devraient, au-del\u00e0 de surmonter la faim et la mis\u00e8re, v\u00e9ritablement surmonter la pauvret\u00e9.&nbsp;<\/p>\n\n\n\n<p>Je reste donc tr\u00e8s enthousiaste, aux c\u00f4t\u00e9s du Br\u00e9sil et de l\u2019Espagne, qui assurent la coordination du Conseil des Champions et du Conseil de l\u2019Alliance mondiale contre la faim et la pauvret\u00e9.<\/p>\n\n\n\n<h3 class=\"wp-block-heading\">Le Congr\u00e8s est toutefois domin\u00e9 par l\u2019opposition, qui impose \u00e9galement au gouvernement une politique d\u2019aust\u00e9rit\u00e9 budg\u00e9taire plus stricte que celle des pr\u00e9c\u00e9dents gouvernements du Parti des Travailleurs. Cette contrainte a-t-elle limit\u00e9 d\u2019une mani\u00e8re ou d\u2019une autre l\u2019ambition de vos objectifs sociaux&#160;?<\/h3>\n\n\n\n<p>C\u2019est une bonne question.&nbsp;<\/p>\n\n\n\n<p>Le gouvernement br\u00e9silien a pris deux d\u00e9cisions claires&#160;: sortir les gens de la faim et les sortir de la pauvret\u00e9.&nbsp;<\/p>\n\n\n\n<p>Comme le r\u00e9p\u00e8te sans cesse le Pr\u00e9sident Lula, ces d\u00e9cisions ne sont pas seulement \u00e9conomiques, ce sont de v\u00e9ritables choix politiques&#160;: il s\u2019agit d\u2019inclure les plus pauvres dans le budget et de faire contribuer davantage les plus riches \u00e0 l\u2019imp\u00f4t.<\/p>\n\n\n\n<p>Au Br\u00e9sil, par exemple, nous avons exon\u00e9r\u00e9 de l\u2019imp\u00f4t sur le revenu ceux qui gagnent jusqu\u2019\u00e0 5 000 reais (808 euros), et ceux dont le revenu atteint environ 7 000 reais (1131 euros) b\u00e9n\u00e9ficient d\u2019une r\u00e9duction. 50 millions de personnes ont b\u00e9n\u00e9fici\u00e9 de ces mesures. Qui paie la note&#160;? 123 000 personnes qui gagnent plus d\u2019un million de reais (160 000 euros) par an et qui, auparavant, payaient moins d\u2019imp\u00f4ts qu\u2019un professeur ou qu\u2019un employ\u00e9 dans le secteur commercial.<\/p>\n\n\n\n<p>Aujourd\u2019hui, elles paient 10&#160;% d\u2019imp\u00f4t, alors qu\u2019auparavant ce taux \u00e9tait inf\u00e9rieur.<\/p>\n\n\n\n<p>Cette justice sociale contribue \u00e0 r\u00e9duire les in\u00e9galit\u00e9s.&nbsp;<\/p>\n\n\n\n<p>Au Br\u00e9sil, nous consid\u00e9rons le social comme un \u00e9l\u00e9ment strat\u00e9gique du d\u00e9veloppement \u00e9conomique.<\/p>\n\n\n\n<p>Il ne s\u2019agit pas seulement de transf\u00e9rer des revenus&#160;: il y a des contreparties. Par exemple, sur le plan de la sant\u00e9, une femme qui re\u00e7oit une aide s\u2019engage \u00e0 \u00eatre suivie pendant une \u00e9ventuelle grossesse, puis \u00e0 assurer le suivi de son b\u00e9b\u00e9, puis de son enfant, et enfin de son adolescent.<\/p>\n\n\n\n<p>Nous nous assurons \u00e9galement que les enfants soient inscrits \u00e0 l\u2019\u00e9cole, qu\u2019ils la fr\u00e9quentent et qu\u2019ils r\u00e9ussissent.&nbsp;<\/p>\n\n\n\n<p>Notre objectif est que les personnes soient en bonne sant\u00e9, puissent s\u2019\u00e9duquer et \u00eatre capables d\u2019exercer un m\u00e9tier.<\/p>\n\n\n\n<p>Et les r\u00e9sultats sont l\u00e0.<\/p>\n\n\n\n<p>Depuis le lancement des programmes, 14 millions de personnes sont d\u00e9j\u00e0 sorties de la mis\u00e8re et de la pauvret\u00e9.&nbsp;<\/p>\n\n\n\n<p>Mais ce n\u2019est pas tout&#160;: nous encourageons \u00e9galement l\u2019emploi, l\u2019entrepreneuriat et les petites entreprises. Depuis 2023, 17,5 millions de b\u00e9n\u00e9ficiaires du programme Bolsa Fam\u00edlia, inscrits dans le Registre social unique, ont sign\u00e9 un contrat de travail au Br\u00e9sil. Certaines de ces personnes occupent encore un emploi saisonnier ou temporaire, mais beaucoup ont d\u00e9sormais un emploi stable.<\/p>\n\n\n\n<p>En 2024, le Br\u00e9sil a connu une croissance \u00e9conomique qui a g\u00e9n\u00e9r\u00e9 1,7 million de nouveaux emplois, dont 98&#160;% ont \u00e9t\u00e9 occup\u00e9s par des b\u00e9n\u00e9ficiaires du programme Bolsa Fam\u00edlia.<\/p>\n\n\n\n<p>Nous avons \u00e9galement cr\u00e9\u00e9 le programme Acredita, ax\u00e9 sur la qualification des personnes inscrites dans le Registre social unique pour l\u2019entrepreneuriat, \u00e0 travers un fonds de garantie sociale.<\/p>\n\n\n\n<p>Ceux qui souhaitent cr\u00e9er une petite entreprise b\u00e9n\u00e9ficient d\u2019un accompagnement complet&#160;: assistance technique, diagnostic, \u00e9laboration du projet et acc\u00e8s \u00e0 un cr\u00e9dit \u00e0 tr\u00e8s faible co\u00fbt.<\/p>\n\n\n\n<p>Dans un contexte o\u00f9 les taux d\u2019int\u00e9r\u00eat sont \u00e9lev\u00e9s, les cr\u00e9dits destin\u00e9s aux personnes en zone rurale sont accord\u00e9s \u00e0 0,5&#160;% par an. Si l\u2019entreprise prosp\u00e8re et que les remboursements sont effectu\u00e9s \u00e0 temps, le b\u00e9n\u00e9ficiaire peut obtenir une remise allant jusqu\u2019\u00e0 40&#160;%. Les cr\u00e9dits pour des personnes en zone urbaine, quant \u00e0 eux, sont \u00e0 8,75&#160;% par an, dans un pays o\u00f9 le taux d\u2019int\u00e9r\u00eat directeur est de 15&#160;%.<\/p>\n\n\n\n<p>L\u00e0 encore, les r\u00e9sultats parlent d\u2019eux-m\u00eames.<\/p>\n\n\n\n<figure class=\"wp-block-pullquote\"><blockquote><p>En deux ans, nous avons sorti 30 millions de personnes de l\u2019ins\u00e9curit\u00e9 alimentaire.<\/p><cite>Wellington Dias<\/cite><\/blockquote><\/figure>\n\n\n\n<p>Depuis 2023&#160;: 10 millions de petites entreprises, tels que des petits commerces, un atelier de m\u00e9canique, une entreprise dans le domaine de la technologie, ou encore un salon de beaut\u00e9, ont \u00e9t\u00e9 cr\u00e9\u00e9es. Cela repr\u00e9sente 4 300 000 nouveaux emplois.<\/p>\n\n\n\n<p>Parmi ces entreprises, 6 millions appartiennent \u00e0 des b\u00e9n\u00e9ficiaires du programme Bolsa Fam\u00edlia \u2014 des personnes qui, auparavant, recevaient une aide financi\u00e8re et qui emploient aujourd\u2019hui d\u2019autres travailleurs. Les petites entreprises repr\u00e9sentent 70&#160;% des nouveaux emplois dans le pays.<\/p>\n\n\n\n<p>Nous voyons cette politique sociale comme un moteur strat\u00e9gique de l\u2019\u00e9conomie et de la croissance du PIB&#160;: le Br\u00e9sil a connu une croissance de 2,9&#160;% en 2023 et de 3,4&#160;% l\u2019ann\u00e9e pr\u00e9c\u00e9dente. Pour cette ann\u00e9e, nous pr\u00e9voyons une croissance comprise entre 2,5&#160;% et 3&#160;%. Et les plus pauvres participent \u00e0 cette croissance \u2014 par la production de v\u00eatements, de produits alimentaires, de lait et d\u2019autres biens et services. Autrement dit, la roue de l\u2019\u00e9conomie tourne positivement gr\u00e2ce \u00e0 la participation des plus modestes.<\/p>\n\n\n\n<p>Ces personnes, qui d\u00e9pendaient autrefois enti\u00e8rement des aides, ont d\u00e9sormais des revenus issus de l\u2019emploi et de leurs petites entreprises. Cela se traduit par une plus grande consommation et par un effet b\u00e9n\u00e9fique sur la production, le commerce, l\u2019industrie et les services. C\u2019est cette voie \u2014 combiner justice sociale et d\u00e9veloppement \u00e9conomique \u2014 qui fonctionne. Et c\u2019est celle que nous souhaitons voir adopt\u00e9e dans le monde entier.<\/p>\n\n\n\n<h3 class=\"wp-block-heading\">La contrainte impos\u00e9e par le cadre budg\u00e9taire \u2014 une loi approuv\u00e9e en ao\u00fbt 2023 par le Congr\u00e8s qui limite la croissance r\u00e9elle des d\u00e9penses du gouvernement \u00e0 2,5&#160;% par an \u2014 n\u2019a donc pas affect\u00e9 vos politiques sociales&#160;?<\/h3>\n\n\n\n<p>C\u2019est avant tout une d\u00e9cision politique.<\/p>\n\n\n\n<p>Le pr\u00e9sident du Br\u00e9sil a choisi de maintenir les plus d\u00e9munis dans le budget de l\u2019\u00c9tat. Au moment de faire des coupes, il a \u00e9t\u00e9 d\u00e9cid\u00e9 de ne pas toucher aux programmes qui b\u00e9n\u00e9ficient aux plus pauvres.&nbsp;<\/p>\n\n\n\n<p>C\u2019est ce choix, pr\u00e9cis\u00e9ment, qui permet au pays d\u2019obtenir de meilleurs r\u00e9sultats budg\u00e9taires.<\/p>\n\n\n\n<p>Il est important de rappeler que le Pr\u00e9sident Lula, lors de ses mandats pr\u00e9c\u00e9dents, a permis au Br\u00e9sil d\u2019atteindre un exc\u00e9dent budg\u00e9taire, de r\u00e9duire au minimum la dette ext\u00e9rieure et int\u00e9rieure, et d\u2019assurer ainsi la responsabilit\u00e9 budg\u00e9taire. Il sait que, tout comme dans une famille o\u00f9 les revenus doivent d\u00e9passer les d\u00e9penses, il en va de m\u00eame pour le pays. Cette d\u00e9cision n\u2019est donc pas prise de mani\u00e8re irresponsable.<\/p>\n\n\n\n<p>Nous souhaitons arriver en 2026 avec un budget \u00e9quilibr\u00e9. Nous avons rencontr\u00e9 un obstacle&#160;: l\u2019une des lois visant \u00e0 instaurer une justice fiscale, une mesure provisoire concernant la r\u00e9gulation de l\u2019imp\u00f4t sur les op\u00e9rations financi\u00e8res, qui aurait permis d\u2019augmenter les recettes publiques, a \u00e9t\u00e9 rejet\u00e9e par le Congr\u00e8s. Il s\u2019agissait davantage d\u2019une d\u00e9cision politique que technique.<\/p>\n\n\n\n<p>Quoi qu\u2019il en soit, nous sommes en train de chercher une solution pour augmenter les recettes pour qu\u2019en 2026, les comptes du budget soient \u00e9quilibr\u00e9s, avec des recettes correspondant aux d\u00e9penses. Rappelons que nous avons h\u00e9rit\u00e9 d\u2019une situation difficile marqu\u00e9e par un d\u00e9ficit de 4,5&#160;%.<\/p>\n\n\n\n<h3 class=\"wp-block-heading\">Une autre politique caract\u00e9ristique des gouvernements du Parti des Travailleurs, comme vous l\u2019avez mentionn\u00e9, a \u00e9t\u00e9 de faciliter l\u2019acc\u00e8s au cr\u00e9dit pour la classe moyenne et les travailleurs, afin de stimuler la consommation et dynamiser l\u2019\u00e9conomie. Mais comment s\u2019assurer que ces politiques d\u2019acc\u00e8s au cr\u00e9dit soient durables et ne provoquent pas un surendettement des m\u00e9nages&#160;? Selon la Conf\u00e9d\u00e9ration nationale du commerce, la proportion de familles d\u00e9clarant des retards de paiement est pass\u00e9e de 29,6&#160;% \u00e0 30,5&#160;% entre juillet 2023 et septembre 2025, un niveau record depuis 2010. Pour tenter d\u2019all\u00e9ger la dette des m\u00e9nages, le gouvernement a lanc\u00e9, entre juillet 2023 et mai 2024, le programme \u00ab&#160;Desenrola&#160;\u00bb&nbsp;(\u00ab&#160;d\u00e9nouer&#160;\u00bb), visant \u00e0 ren\u00e9gocier les dettes des particuliers. Comment s\u2019assurer que des politiques qui r\u00e9solvent certains probl\u00e8mes n\u2019en cr\u00e9ent pas de nouveaux&#160;?<\/h3>\n\n\n\n<p>Prenons l\u2019exemple du programme Acredita.<\/p>\n\n\n\n<p>En seulement quelques mois, il a d\u00e9j\u00e0 d\u00e9bloqu\u00e9 11 milliards de reais (1,78 milliard d\u2019euros) pour des micro-entrepreneurs et entrepreneurs urbains dans tout le pays, et 14 milliards de reais (2,26 milliards d\u2019euros) pour ceux des zones rurales.<\/p>\n\n\n\n<p>Le taux de d\u00e9faut de ce programme est de seulement 0,53&#160;%.<\/p>\n\n\n\n<p>Auparavant, lorsqu\u2019un financement n\u2019\u00e9tait pas rembours\u00e9 dans les 90 jours, les banques devaient le comptabiliser comme une cr\u00e9ance difficile \u00e0 recouvrer. C\u2019est pourquoi elles appliquaient des taux d\u2019int\u00e9r\u00eat \u00e9lev\u00e9s pour ce type de pr\u00eat \u2014 refl\u00e9tant le risque.<\/p>\n\n\n\n<p>Aujourd\u2019hui, gr\u00e2ce \u00e0 un fonds de garantie aliment\u00e9 conjointement par la Banque nationale de d\u00e9veloppement \u00e9conomique et social et le Service br\u00e9silien de soutien aux micro et petites entreprises, les banques peuvent se pr\u00e9munir contre les impay\u00e9s.<\/p>\n\n\n\n<p>L\u2019\u00c9tat et les banques travaillent donc ensemble pour s\u00e9curiser le cr\u00e9dit.<\/p>\n\n\n\n<figure class=\"wp-block-pullquote\"><blockquote><p>La mission de notre mandat a \u00e9t\u00e9 de retirer le Br\u00e9sil de la carte de la faim. D\u00e9sormais, nous devons \u00f4ter la faim de la carte du Br\u00e9sil.&nbsp;<\/p><cite>Wellington Dias<\/cite><\/blockquote><\/figure>\n\n\n\n<p>Les effets sont l\u00e0&#160;: lorsqu\u2019un financement est bien structur\u00e9 \u2014 un bon diagnostic, un bon projet, une v\u00e9ritable assistance technique, un taux d\u2019int\u00e9r\u00eat adapt\u00e9 et un \u00e9ch\u00e9ancier appropri\u00e9 \u2014 le taux de d\u00e9faut diminue. Et les int\u00e9r\u00eats baissent \u00e9galement puisque le risque diminue.<\/p>\n\n\n\n<p>Aujourd\u2019hui, pratiquement toutes les banques publiques participent au programme, et nous avons entam\u00e9 des discussions pour int\u00e9grer davantage les banques priv\u00e9es. Les agences de d\u00e9veloppement des \u00c9tats, ainsi que de nombreux programmes municipaux et \u00e9tatiques, y participent \u00e9galement.<\/p>\n\n\n\n<p>Les entreprises priv\u00e9es du secteur de l\u2019\u00e9nergie, du tourisme, de l\u2019h\u00f4tellerie et de divers autres secteurs soutiennent aussi Acredita. L\u2019entreprise fran\u00e7aise Carrefour, par exemple, fait un travail extraordinaire. C\u2019est la premi\u00e8re entreprise \u00e0 avoir adh\u00e9r\u00e9 au programme Acredita. Elle a recrut\u00e9 plus de 100 000 personnes b\u00e9n\u00e9ficiant de <em>Bolsa Fam\u00edlia<\/em> et faisant partie du Registre unique<em>,<\/em> tout en soutenant un ensemble de petites entreprises op\u00e9rant dans son r\u00e9seau.&nbsp;<\/p>\n\n\n\n<p>Ce partenariat entre le secteur public et le secteur priv\u00e9 est notre grand moteur pour obtenir des r\u00e9sultats significatifs. Cette approche est solide et durable. Pourquoi&#160;? Parce que l\u2019\u00c9tat f\u00e9d\u00e9ral met en place un fonds de garantie. Avec 3 milliards de reais allou\u00e9s, ce fonds permet de mobiliser des ressources huit \u00e0 douze fois sup\u00e9rieures.<\/p>\n\n\n\n\n<div class=\"double-picture my-12 lg:my-20\" \n    data-images-sizes=\"half\"\n    data-same-height=\"true\"\n    data-reference-image=\"left\"\n>    <!-- Images -->\n    <div class=\"lg:flex\">\n        <div class=\"relative lg:pr-2 mb-7 lg:mb-0 lg:w-1\/2\">\n                            <a \n                    href=\"#\"\n                    data-pswp-src=\"https:\/\/legrandcontinent.eu\/fr\/wp-content\/uploads\/sites\/2\/2025\/12\/SIPA_sipausa30330961_000019-scaled.jpg\" \n                    class=\"gallery-item no-underline  \" \n                    data-pswp-width=\"2560\" \n                    data-pswp-height=\"1709\"\n                >\n                    <figure class=\"wp-block-image h-full -mx-2 lg:mx-0 !my-0\">\n                        <picture class=\"block h-full\">\n                            <img decoding=\"async\" src=\"https:\/\/legrandcontinent.eu\/fr\/wp-content\/uploads\/sites\/2\/2025\/12\/SIPA_sipausa30330961_000019-scaled.jpg\" alt=\"Wellington Dias, alors s\u00e9nateur, le mercredi 16 novembre alors que le vice-pr\u00e9sident \u00e9lu Geraldo Alckmin remet au S\u00e9nat un texte de loi. \u00a9 Ton Molina\" >\n                        <\/picture>\n                        <figcaption class=\"lg:hidden pswp-caption-content\">Wellington Dias, alors s\u00e9nateur, le mercredi 16 novembre alors que le vice-pr\u00e9sident \u00e9lu Geraldo Alckmin remet au S\u00e9nat un texte de loi. \u00a9 Ton Molina<\/figcaption>                    <\/figure>\n                <\/a>\n                    \n        <\/div>\n        <div class=\"relative lg:pl-2 lg:w-1\/2\">\n                            <a\n                    href=\"#\"\n                    data-pswp-src=\"https:\/\/legrandcontinent.eu\/fr\/wp-content\/uploads\/sites\/2\/2025\/12\/SIPA_sipausa30330961_000002-scaled.jpg\" \n                    class=\"gallery-item no-underline  lg:!absolute lg:h-full lg:right-0 lg:left-2 overflow-hidden\" \n                    data-pswp-width=\"2560\" \n                    data-pswp-height=\"1709\"\n                >\n                    <figure class=\"wp-block-image h-full -mx-2 lg:mx-0 !my-0\">\n                        <picture class=\"block h-full\">\n                            <img decoding=\"async\" src=\"https:\/\/legrandcontinent.eu\/fr\/wp-content\/uploads\/sites\/2\/2025\/12\/SIPA_sipausa30330961_000002-scaled.jpg\" alt=\"\" class=\"lg:!h-full object-cover\">\n                        <\/picture>\n                                            <\/figure>\n                <\/a>\n                    <\/div>\n    <\/div>\n    <!-- Captions -->\n    <div class=\"hidden lg:flex\">\n        <div class=\"relative lg:pr-2 mb-7 lg:mb-0 lg:w-1\/2\">\n                            <figure class=\"wp-block-image -mx-2 lg:mx-0 !my-0\">\n                    <figcaption>Wellington Dias, alors s\u00e9nateur, le mercredi 16 novembre alors que le vice-pr\u00e9sident \u00e9lu Geraldo Alckmin remet au S\u00e9nat un texte de loi. \u00a9 Ton Molina<\/figcaption>                <\/figure>\n                    \n        <\/div>\n        <div class=\"relative lg:pl-2 lg:w-1\/2\">\n                            <figure class=\"wp-block-image -mx-2 lg:mx-0 !my-0\">   \n                                    <\/figure>\n                    <\/div>\n    <\/div>\n<\/div>\n\n\n\n<h3 class=\"wp-block-heading\">Les derniers sondages pour l&rsquo;\u00e9lection pr\u00e9sidentielle de 2026 sont pour l\u2019instant favorables \u00e0 Lula. Mais imaginons qu\u2019il ne gagne pas et que l\u2019opposition l\u2019emporte. Pensez-vous que les acquis de ce troisi\u00e8me mandat resteront prot\u00e9g\u00e9s gr\u00e2ce \u00e0 toutes les nouvelles mesures mises en place notamment dans les programmes sociaux&#160;?<\/h3>\n\n\n\n<p>Au Br\u00e9sil, nous avons transform\u00e9 ces programmes sociaux en v\u00e9ritables politiques d\u2019\u00c9tat.&nbsp;<\/p>\n\n\n\n<p>Certes, comme ailleurs dans le Monde, au Br\u00e9sil, les politiques sociales, de s\u00e9curit\u00e9 sociale, de sant\u00e9 et d\u2019\u00e9ducation peuvent \u00e9voluer. Mais le mode de fonctionnement que nous avons instaur\u00e9 permet de garantir leur continuit\u00e9 quelles que soient les alternances politiques.<\/p>\n\n\n\n<p>Consid\u00e9rer le social comme partie int\u00e9grante du projet \u00e9conomique suscite une adh\u00e9sion large. Peu importe qu\u2019on soit lib\u00e9ral, travailliste, socialiste, communiste ou n\u00e9olib\u00e9ral&#160;: le bien du pays est notre int\u00e9r\u00eat commun.&nbsp;<\/p>\n\n\n\n<p>La faim, la mis\u00e8re et la pauvret\u00e9 touchent toute la soci\u00e9t\u00e9. Il existe une majorit\u00e9 dans la population qui aspire \u00e0 de meilleures conditions de vie, au Br\u00e9sil, en France ou ailleurs.<\/p>\n\n\n\n<p>La popularit\u00e9 du Pr\u00e9sident Lula cro\u00eet gr\u00e2ce \u00e0 la coh\u00e9rence et aux r\u00e9sultats de son plan de gouvernement.&nbsp;<\/p>\n\n\n\n<p>Son projet pour la soci\u00e9t\u00e9 est clair et ambitieux.&nbsp;<\/p>\n\n\n\n<p>Qui d\u2019autre a <a href=\"https:\/\/legrandcontinent.eu\/fr\/2025\/09\/23\/la-doctrine-lula-contre-les-forces-antidemocratiques-aux-nations-unies-discours-integral\/\">le courage de d\u00e9fendre la souverainet\u00e9 nationale, m\u00eame face aux \u00c9tats-Unis<\/a>, de promouvoir la paix \u2014 qu\u2019il s\u2019agisse de l\u2019Ukraine et de la Russie, ou d\u2019Isra\u00ebl et de la Palestine \u2014 et de faire de la lutte contre les changements climatiques une priorit\u00e9, en organisant la COP 30 au c\u0153ur de l\u2019Amazonie&#160;?&nbsp;<\/p>\n\n\n\n<p>Qui d\u2019autre a r\u00e9ussi en si peu de temps \u00e0 faire passer le Br\u00e9sil de la 12e \u00e0 la 10e place des plus grandes \u00e9conomies mondiales&#160;?<\/p>\n\n\n\n<p>Notre d\u00e9veloppement \u00e9conomique s\u2019accompagne d\u2019une croissance durable. Cette durabilit\u00e9 repose aussi sur notre ouverture sur le monde, notre refus de nous aligner seulement avec les \u00c9tats-Unis ou avec la Chine. Le Br\u00e9sil entretient des relations respectueuses et souveraines avec tous les pays, tout en d\u00e9fendant la d\u00e9mocratie et en promouvant l\u2019humanisme.<\/p>\n\n\n\n<figure class=\"wp-block-pullquote\"><blockquote><p>Consid\u00e9rer le social comme partie int\u00e9grante du projet \u00e9conomique suscite une adh\u00e9sion large. Peu importe qu\u2019on soit lib\u00e9ral, travailliste, socialiste, communiste ou n\u00e9olib\u00e9ral&#160;: le bien du pays est notre int\u00e9r\u00eat commun.&nbsp;<\/p><cite>Wellington Dias<\/cite><\/blockquote><\/figure>\n\n\n\n<p>Le Pr\u00e9sident Lula, fort de son exp\u00e9rience, s\u2019appuie sur une \u00e9quipe solide&#160;: Geraldo Alckmin, son vice-pr\u00e9sident est l\u2019ancien gouverneur de S\u00e3o Paulo, et issu de la social-d\u00e9mocratie.&nbsp;<\/p>\n\n\n\n<p>Cela nous permet d\u2019envisager 2026 avec confiance. Je pense non seulement que le pr\u00e9sident sera r\u00e9\u00e9lu, mais aussi que nous parviendrons \u00e0 renforcer le soutien de Chambre des d\u00e9put\u00e9s et du S\u00e9nat ainsi que celui de la soci\u00e9t\u00e9 envers notre projet d\u2019\u00c9tat.<\/p>\n\n\n\n<p>Je pense aussi que de plus en plus de personnes diront&#160;: \u00ab&#160;je veux vivre dans un pays d\u00e9velopp\u00e9, mais je comprends aussi que le Br\u00e9sil ne sera un pays d\u00e9velopp\u00e9 que s\u2019il surmonte la faim et la pauvret\u00e9, s\u2019il n\u2019assure pas la durabilit\u00e9 environnementale, s\u2019il ne d\u00e9fend pas la paix, la d\u00e9mocratie et la souverainet\u00e9&#160;\u00bb.<\/p>\n\n\n\n<p>La mission de notre mandat a \u00e9t\u00e9 de retirer le Br\u00e9sil de la carte de la faim.<\/p>\n\n\n\n<p>D\u00e9sormais, nous devons \u00f4ter la faim de la carte du Br\u00e9sil.<\/p>\n\n\n\n<p>Et pour cela, il faut surmonter la pauvret\u00e9 et \u00e9largir la classe moyenne.&nbsp;<\/p>\n","protected":false},"excerpt":{"rendered":"<p>Apr\u00e8s l\u2019Argentine et le Chili, l\u2019effet domino trumpiste en Am\u00e9rique latine se heurte \u00e0 un obstacle de taille lors des \u00e9lections qui se tiendront l\u2019an prochain&#160;&#160;: un ancien syndicaliste br\u00e9silien de 80 ans. <\/p>\n<p>Port\u00e9 par un agenda r\u00e9solument progressiste \u2014 jusqu\u2019\u00e0 d\u00e9fendre la semaine de 36 heures \u2014 et un programme ouvertement internationaliste, Lula croit en sa r\u00e9\u00e9lection. <\/p>\n<p>Entretien de fond avec Wellington Dias, son puissant ministre du D\u00e9veloppement, au c\u0153ur de la riposte br\u00e9silienne.<\/p>\n","protected":false},"author":10,"featured_media":310814,"comment_status":"closed","ping_status":"closed","sticky":false,"template":"templates\/post-interviews.php","format":"standard","meta":{"_acf_changed":true,"_trash_the_other_posts":false,"_yoast_wpseo_estimated-reading-time-minutes":20,"footnotes":""},"categories":[3585],"tags":[],"staff":[1590],"editorial_format":[],"serie":[],"audience":[],"geo":[525],"class_list":["post-310805","post","type-post","status-publish","format-standard","hentry","category-suds","staff-anne-dominique-correa","geo-ameriques"],"acf":{"open_in_webview":false,"accent":false,"_thumbnail_id":310814,"excerpt":"Apr\u00e8s l\u2019Argentine et le Chili, l\u2019effet domino trumpiste en Am\u00e9rique latine se heurte \u00e0 un obstacle de taille lors des \u00e9lections qui se tiendront l\u2019an prochain : un ancien syndicaliste br\u00e9silien de 80 ans. \r\n\r\nPort\u00e9 par un agenda r\u00e9solument progressiste \u2014 jusqu\u2019\u00e0 d\u00e9fendre la semaine de 36 heures \u2014 et un programme ouvertement internationaliste, Lula croit en sa r\u00e9\u00e9lection. \r\n\r\nEntretien de fond avec Wellington Dias, son puissant ministre du D\u00e9veloppement, au c\u0153ur de la riposte br\u00e9silienne.","display_date":"","new_abstract":true},"yoast_head":"<!-- This site is optimized with the Yoast SEO plugin v26.1.1 - https:\/\/yoast.com\/wordpress\/plugins\/seo\/ -->\n<title>Le plan de Lula pour battre Trump<\/title>\n<meta name=\"robots\" content=\"index, follow, max-snippet:-1, max-image-preview:large, max-video-preview:-1\" \/>\n<link rel=\"canonical\" href=\"https:\/\/legrandcontinent.eu\/fr\/2025\/12\/30\/le-plan-de-lula-pour-casser-la-vague-trump-une-conversation-avec-le-ministre-bresilien-wellington-dias\/\" \/>\n<meta property=\"og:locale\" content=\"fr_FR\" \/>\n<meta property=\"og:type\" content=\"article\" \/>\n<meta property=\"og:title\" content=\"Le plan de Lula pour battre Trump\" \/>\n<meta property=\"og:description\" content=\"Apr\u00e8s l\u2019Argentine et le Chili, l\u2019effet domino trumpiste en Am\u00e9rique latine se heurte \u00e0 un obstacle de taille lors des \u00e9lections qui se tiendront l\u2019an prochain&#160;: un ancien syndicaliste br\u00e9silien de 80 ans.   Port\u00e9 par un agenda r\u00e9solument progressiste \u2014 jusqu\u2019\u00e0 d\u00e9fendre la semaine de 36 heures \u2014 et un programme ouvertement internationaliste, Lula croit en sa r\u00e9\u00e9lection.   Entretien de fond avec Wellington Dias, son puissant ministre du D\u00e9veloppement, au c\u0153ur de la riposte br\u00e9silienne.\" \/>\n<meta property=\"og:url\" content=\"https:\/\/legrandcontinent.eu\/fr\/2025\/12\/30\/le-plan-de-lula-pour-casser-la-vague-trump-une-conversation-avec-le-ministre-bresilien-wellington-dias\/\" \/>\n<meta property=\"og:site_name\" content=\"Le Grand Continent\" \/>\n<meta property=\"article:published_time\" content=\"2025-12-30T15:00:00+00:00\" \/>\n<meta property=\"article:modified_time\" content=\"2025-12-30T17:44:30+00:00\" \/>\n<meta property=\"og:image\" content=\"https:\/\/legrandcontinent.eu\/fr\/wp-content\/uploads\/sites\/2\/2025\/12\/gc-lula-scaled.jpg\" \/>\n\t<meta property=\"og:image:width\" content=\"2560\" \/>\n\t<meta property=\"og:image:height\" content=\"1440\" \/>\n\t<meta property=\"og:image:type\" content=\"image\/jpeg\" \/>\n<meta name=\"author\" content=\"Matheo Malik\" \/>\n<meta name=\"twitter:card\" content=\"summary_large_image\" \/>\n<meta name=\"twitter:image\" content=\"https:\/\/legrandcontinent.eu\/fr\/wp-content\/uploads\/sites\/2\/2025\/12\/gc-lula-scaled.jpg\" \/>\n<meta name=\"twitter:label1\" content=\"\u00c9crit par\" \/>\n\t<meta name=\"twitter:data1\" content=\"Matheo Malik\" \/>\n\t<meta name=\"twitter:label2\" content=\"Dur\u00e9e de lecture estim\u00e9e\" \/>\n\t<meta name=\"twitter:data2\" content=\"20 minutes\" \/>\n<script type=\"application\/ld+json\" class=\"yoast-schema-graph\">{\"@context\":\"https:\/\/schema.org\",\"@graph\":[{\"@type\":\"WebPage\",\"@id\":\"https:\/\/legrandcontinent.eu\/fr\/2025\/12\/30\/le-plan-de-lula-pour-casser-la-vague-trump-une-conversation-avec-le-ministre-bresilien-wellington-dias\/\",\"url\":\"https:\/\/legrandcontinent.eu\/fr\/2025\/12\/30\/le-plan-de-lula-pour-casser-la-vague-trump-une-conversation-avec-le-ministre-bresilien-wellington-dias\/\",\"name\":\"Le plan de Lula pour battre Trump\",\"isPartOf\":{\"@id\":\"https:\/\/legrandcontinent.eu\/fr\/#website\"},\"primaryImageOfPage\":{\"@id\":\"https:\/\/legrandcontinent.eu\/fr\/2025\/12\/30\/le-plan-de-lula-pour-casser-la-vague-trump-une-conversation-avec-le-ministre-bresilien-wellington-dias\/#primaryimage\"},\"image\":{\"@id\":\"https:\/\/legrandcontinent.eu\/fr\/2025\/12\/30\/le-plan-de-lula-pour-casser-la-vague-trump-une-conversation-avec-le-ministre-bresilien-wellington-dias\/#primaryimage\"},\"thumbnailUrl\":\"https:\/\/legrandcontinent.eu\/fr\/wp-content\/uploads\/sites\/2\/2025\/12\/SIPA_sipausa30511612_000001-scaled.jpg\",\"datePublished\":\"2025-12-30T15:00:00+00:00\",\"dateModified\":\"2025-12-30T17:44:30+00:00\",\"author\":{\"@id\":\"https:\/\/legrandcontinent.eu\/fr\/#\/schema\/person\/a1c2123a1ef5abd663fcde8f63063d45\"},\"breadcrumb\":{\"@id\":\"https:\/\/legrandcontinent.eu\/fr\/2025\/12\/30\/le-plan-de-lula-pour-casser-la-vague-trump-une-conversation-avec-le-ministre-bresilien-wellington-dias\/#breadcrumb\"},\"inLanguage\":\"fr-FR\",\"potentialAction\":[{\"@type\":\"ReadAction\",\"target\":[\"https:\/\/legrandcontinent.eu\/fr\/2025\/12\/30\/le-plan-de-lula-pour-casser-la-vague-trump-une-conversation-avec-le-ministre-bresilien-wellington-dias\/\"]}]},{\"@type\":\"ImageObject\",\"inLanguage\":\"fr-FR\",\"@id\":\"https:\/\/legrandcontinent.eu\/fr\/2025\/12\/30\/le-plan-de-lula-pour-casser-la-vague-trump-une-conversation-avec-le-ministre-bresilien-wellington-dias\/#primaryimage\",\"url\":\"https:\/\/legrandcontinent.eu\/fr\/wp-content\/uploads\/sites\/2\/2025\/12\/SIPA_sipausa30511612_000001-scaled.jpg\",\"contentUrl\":\"https:\/\/legrandcontinent.eu\/fr\/wp-content\/uploads\/sites\/2\/2025\/12\/SIPA_sipausa30511612_000001-scaled.jpg\",\"width\":1707,\"height\":2560,\"caption\":\"Le pr\u00e9sident de la R\u00e9publique, Luiz Inacio Lula da Silva, lors de la c\u00e9r\u00e9monie sur la participation sociale et la sant\u00e9 le vendredi 26 septembre 2025. \u00a9 Mateus Bonomi\/AGIF\"},{\"@type\":\"BreadcrumbList\",\"@id\":\"https:\/\/legrandcontinent.eu\/fr\/2025\/12\/30\/le-plan-de-lula-pour-casser-la-vague-trump-une-conversation-avec-le-ministre-bresilien-wellington-dias\/#breadcrumb\",\"itemListElement\":[{\"@type\":\"ListItem\",\"position\":1,\"name\":\"Accueil\",\"item\":\"https:\/\/legrandcontinent.eu\/fr\/\"},{\"@type\":\"ListItem\",\"position\":2,\"name\":\"Le plan de Lula pour casser la vague Trump, une conversation avec le ministre br\u00e9silien Wellington Dias\"}]},{\"@type\":\"WebSite\",\"@id\":\"https:\/\/legrandcontinent.eu\/fr\/#website\",\"url\":\"https:\/\/legrandcontinent.eu\/fr\/\",\"name\":\"Le Grand Continent\",\"description\":\"L&#039;\u00e9chelle pertinente\",\"potentialAction\":[{\"@type\":\"SearchAction\",\"target\":{\"@type\":\"EntryPoint\",\"urlTemplate\":\"https:\/\/legrandcontinent.eu\/fr\/?s={search_term_string}\"},\"query-input\":{\"@type\":\"PropertyValueSpecification\",\"valueRequired\":true,\"valueName\":\"search_term_string\"}}],\"inLanguage\":\"fr-FR\"},{\"@type\":\"Person\",\"@id\":\"https:\/\/legrandcontinent.eu\/fr\/#\/schema\/person\/a1c2123a1ef5abd663fcde8f63063d45\",\"name\":\"Matheo Malik\",\"image\":{\"@type\":\"ImageObject\",\"inLanguage\":\"fr-FR\",\"@id\":\"https:\/\/legrandcontinent.eu\/fr\/#\/schema\/person\/image\/\",\"url\":\"https:\/\/secure.gravatar.com\/avatar\/62cbadb9f7f0804282928747d8d2051d?s=96&d=mm&r=g\",\"contentUrl\":\"https:\/\/secure.gravatar.com\/avatar\/62cbadb9f7f0804282928747d8d2051d?s=96&d=mm&r=g\",\"caption\":\"Matheo Malik\"}}]}<\/script>\n<!-- \/ Yoast SEO plugin. -->","yoast_head_json":{"title":"Le plan de Lula pour battre Trump","robots":{"index":"index","follow":"follow","max-snippet":"max-snippet:-1","max-image-preview":"max-image-preview:large","max-video-preview":"max-video-preview:-1"},"canonical":"https:\/\/legrandcontinent.eu\/fr\/2025\/12\/30\/le-plan-de-lula-pour-casser-la-vague-trump-une-conversation-avec-le-ministre-bresilien-wellington-dias\/","og_locale":"fr_FR","og_type":"article","og_title":"Le plan de Lula pour battre Trump","og_description":"Apr\u00e8s l\u2019Argentine et le Chili, l\u2019effet domino trumpiste en Am\u00e9rique latine se heurte \u00e0 un obstacle de taille lors des \u00e9lections qui se tiendront l\u2019an prochain&#160;: un ancien syndicaliste br\u00e9silien de 80 ans.   Port\u00e9 par un agenda r\u00e9solument progressiste \u2014 jusqu\u2019\u00e0 d\u00e9fendre la semaine de 36 heures \u2014 et un programme ouvertement internationaliste, Lula croit en sa r\u00e9\u00e9lection.   Entretien de fond avec Wellington Dias, son puissant ministre du D\u00e9veloppement, au c\u0153ur de la riposte br\u00e9silienne.","og_url":"https:\/\/legrandcontinent.eu\/fr\/2025\/12\/30\/le-plan-de-lula-pour-casser-la-vague-trump-une-conversation-avec-le-ministre-bresilien-wellington-dias\/","og_site_name":"Le Grand Continent","article_published_time":"2025-12-30T15:00:00+00:00","article_modified_time":"2025-12-30T17:44:30+00:00","og_image":[{"width":2560,"height":1440,"url":"https:\/\/legrandcontinent.eu\/fr\/wp-content\/uploads\/sites\/2\/2025\/12\/gc-lula-scaled.jpg","type":"image\/jpeg"}],"author":"Matheo Malik","twitter_card":"summary_large_image","twitter_image":"https:\/\/legrandcontinent.eu\/fr\/wp-content\/uploads\/sites\/2\/2025\/12\/gc-lula-scaled.jpg","twitter_misc":{"\u00c9crit par":"Matheo Malik","Dur\u00e9e de lecture estim\u00e9e":"20 minutes"},"schema":{"@context":"https:\/\/schema.org","@graph":[{"@type":"WebPage","@id":"https:\/\/legrandcontinent.eu\/fr\/2025\/12\/30\/le-plan-de-lula-pour-casser-la-vague-trump-une-conversation-avec-le-ministre-bresilien-wellington-dias\/","url":"https:\/\/legrandcontinent.eu\/fr\/2025\/12\/30\/le-plan-de-lula-pour-casser-la-vague-trump-une-conversation-avec-le-ministre-bresilien-wellington-dias\/","name":"Le plan de Lula pour battre Trump","isPartOf":{"@id":"https:\/\/legrandcontinent.eu\/fr\/#website"},"primaryImageOfPage":{"@id":"https:\/\/legrandcontinent.eu\/fr\/2025\/12\/30\/le-plan-de-lula-pour-casser-la-vague-trump-une-conversation-avec-le-ministre-bresilien-wellington-dias\/#primaryimage"},"image":{"@id":"https:\/\/legrandcontinent.eu\/fr\/2025\/12\/30\/le-plan-de-lula-pour-casser-la-vague-trump-une-conversation-avec-le-ministre-bresilien-wellington-dias\/#primaryimage"},"thumbnailUrl":"https:\/\/legrandcontinent.eu\/fr\/wp-content\/uploads\/sites\/2\/2025\/12\/SIPA_sipausa30511612_000001-scaled.jpg","datePublished":"2025-12-30T15:00:00+00:00","dateModified":"2025-12-30T17:44:30+00:00","author":{"@id":"https:\/\/legrandcontinent.eu\/fr\/#\/schema\/person\/a1c2123a1ef5abd663fcde8f63063d45"},"breadcrumb":{"@id":"https:\/\/legrandcontinent.eu\/fr\/2025\/12\/30\/le-plan-de-lula-pour-casser-la-vague-trump-une-conversation-avec-le-ministre-bresilien-wellington-dias\/#breadcrumb"},"inLanguage":"fr-FR","potentialAction":[{"@type":"ReadAction","target":["https:\/\/legrandcontinent.eu\/fr\/2025\/12\/30\/le-plan-de-lula-pour-casser-la-vague-trump-une-conversation-avec-le-ministre-bresilien-wellington-dias\/"]}]},{"@type":"ImageObject","inLanguage":"fr-FR","@id":"https:\/\/legrandcontinent.eu\/fr\/2025\/12\/30\/le-plan-de-lula-pour-casser-la-vague-trump-une-conversation-avec-le-ministre-bresilien-wellington-dias\/#primaryimage","url":"https:\/\/legrandcontinent.eu\/fr\/wp-content\/uploads\/sites\/2\/2025\/12\/SIPA_sipausa30511612_000001-scaled.jpg","contentUrl":"https:\/\/legrandcontinent.eu\/fr\/wp-content\/uploads\/sites\/2\/2025\/12\/SIPA_sipausa30511612_000001-scaled.jpg","width":1707,"height":2560,"caption":"Le pr\u00e9sident de la R\u00e9publique, Luiz Inacio Lula da Silva, lors de la c\u00e9r\u00e9monie sur la participation sociale et la sant\u00e9 le vendredi 26 septembre 2025. \u00a9 Mateus Bonomi\/AGIF"},{"@type":"BreadcrumbList","@id":"https:\/\/legrandcontinent.eu\/fr\/2025\/12\/30\/le-plan-de-lula-pour-casser-la-vague-trump-une-conversation-avec-le-ministre-bresilien-wellington-dias\/#breadcrumb","itemListElement":[{"@type":"ListItem","position":1,"name":"Accueil","item":"https:\/\/legrandcontinent.eu\/fr\/"},{"@type":"ListItem","position":2,"name":"Le plan de Lula pour casser la vague Trump, une conversation avec le ministre br\u00e9silien Wellington Dias"}]},{"@type":"WebSite","@id":"https:\/\/legrandcontinent.eu\/fr\/#website","url":"https:\/\/legrandcontinent.eu\/fr\/","name":"Le Grand Continent","description":"L&#039;\u00e9chelle pertinente","potentialAction":[{"@type":"SearchAction","target":{"@type":"EntryPoint","urlTemplate":"https:\/\/legrandcontinent.eu\/fr\/?s={search_term_string}"},"query-input":{"@type":"PropertyValueSpecification","valueRequired":true,"valueName":"search_term_string"}}],"inLanguage":"fr-FR"},{"@type":"Person","@id":"https:\/\/legrandcontinent.eu\/fr\/#\/schema\/person\/a1c2123a1ef5abd663fcde8f63063d45","name":"Matheo Malik","image":{"@type":"ImageObject","inLanguage":"fr-FR","@id":"https:\/\/legrandcontinent.eu\/fr\/#\/schema\/person\/image\/","url":"https:\/\/secure.gravatar.com\/avatar\/62cbadb9f7f0804282928747d8d2051d?s=96&d=mm&r=g","contentUrl":"https:\/\/secure.gravatar.com\/avatar\/62cbadb9f7f0804282928747d8d2051d?s=96&d=mm&r=g","caption":"Matheo Malik"}}]}},"lgc_categories":[{"id":3585,"name":"Suds","slug":"suds"}],"lgc_author":{"id":1590,"name":"Anne-Dominique Correa","slug":"anne-dominique-correa","description":null,"first_name":null,"last_name":null,"picture":{"url":"https:\/\/legrandcontinent.eu\/fr\/wp-content\/uploads\/sites\/2\/2025\/12\/djAEqw27.png","width":353,"height":366,"alt":""}},"feature_image_summary":{"url":"https:\/\/legrandcontinent.eu\/fr\/wp-content\/uploads\/sites\/2\/2025\/12\/SIPA_sipausa30511612_000001-scaled.jpg","width":1707,"height":2560,"alt":""},"feature_image_cover":{"url":"https:\/\/legrandcontinent.eu\/fr\/wp-content\/uploads\/sites\/2\/2025\/12\/SIPA_sipausa30511612_000001-scaled.jpg","width":1707,"height":2560,"alt":""},"term_position_data":null,"_links":{"self":[{"href":"https:\/\/legrandcontinent.eu\/fr\/wp-json\/wp\/v2\/posts\/310805","targetHints":{"allow":["GET"]}}],"collection":[{"href":"https:\/\/legrandcontinent.eu\/fr\/wp-json\/wp\/v2\/posts"}],"about":[{"href":"https:\/\/legrandcontinent.eu\/fr\/wp-json\/wp\/v2\/types\/post"}],"author":[{"embeddable":true,"href":"https:\/\/legrandcontinent.eu\/fr\/wp-json\/wp\/v2\/users\/10"}],"replies":[{"embeddable":true,"href":"https:\/\/legrandcontinent.eu\/fr\/wp-json\/wp\/v2\/comments?post=310805"}],"version-history":[{"count":22,"href":"https:\/\/legrandcontinent.eu\/fr\/wp-json\/wp\/v2\/posts\/310805\/revisions"}],"predecessor-version":[{"id":311087,"href":"https:\/\/legrandcontinent.eu\/fr\/wp-json\/wp\/v2\/posts\/310805\/revisions\/311087"}],"wp:featuredmedia":[{"embeddable":true,"href":"https:\/\/legrandcontinent.eu\/fr\/wp-json\/wp\/v2\/media\/310814"}],"wp:attachment":[{"href":"https:\/\/legrandcontinent.eu\/fr\/wp-json\/wp\/v2\/media?parent=310805"}],"wp:term":[{"taxonomy":"category","embeddable":true,"href":"https:\/\/legrandcontinent.eu\/fr\/wp-json\/wp\/v2\/categories?post=310805"},{"taxonomy":"post_tag","embeddable":true,"href":"https:\/\/legrandcontinent.eu\/fr\/wp-json\/wp\/v2\/tags?post=310805"},{"taxonomy":"staff","embeddable":true,"href":"https:\/\/legrandcontinent.eu\/fr\/wp-json\/wp\/v2\/staff?post=310805"},{"taxonomy":"editorial_format","embeddable":true,"href":"https:\/\/legrandcontinent.eu\/fr\/wp-json\/wp\/v2\/editorial_format?post=310805"},{"taxonomy":"serie","embeddable":true,"href":"https:\/\/legrandcontinent.eu\/fr\/wp-json\/wp\/v2\/serie?post=310805"},{"taxonomy":"audience","embeddable":true,"href":"https:\/\/legrandcontinent.eu\/fr\/wp-json\/wp\/v2\/audience?post=310805"},{"taxonomy":"geo","embeddable":true,"href":"https:\/\/legrandcontinent.eu\/fr\/wp-json\/wp\/v2\/geo?post=310805"}],"curies":[{"name":"wp","href":"https:\/\/api.w.org\/{rel}","templated":true}]}}