{"id":306103,"date":"2025-11-24T18:37:28","date_gmt":"2025-11-24T17:37:28","guid":{"rendered":"https:\/\/legrandcontinent.eu\/fr\/?p=306103"},"modified":"2025-11-27T17:16:49","modified_gmt":"2025-11-27T16:16:49","slug":"lallemagne-est-le-premier-pays-a-re-autoriser-les-exportations-darmes-vers-israel-apres-leur-suspension-en-aout","status":"publish","type":"post","link":"https:\/\/legrandcontinent.eu\/fr\/2025\/11\/24\/lallemagne-est-le-premier-pays-a-re-autoriser-les-exportations-darmes-vers-israel-apres-leur-suspension-en-aout\/","title":{"rendered":"L\u2019Allemagne est le premier pays \u00e0 r\u00e9-autoriser les exportations d\u2019armes vers Isra\u00ebl, apr\u00e8s leur suspension en ao\u00fbt"},"content":{"rendered":"\n<p>\u00c0 partir d\u2019aujourd\u2019hui, lundi 24 novembre, les industriels allemands sont autoris\u00e9s \u00e0 reprendre leurs exportations d\u2019armes vers Isra\u00ebl. Apr\u00e8s trois mois et demi d\u2019interdiction, suite \u00e0 une d\u00e9cision prise durant l\u2019\u00e9t\u00e9 par le chancelier Friedrich Merz, Berlin a annonc\u00e9 la semaine derni\u00e8re que le cessez-le-feu \u00e9tait suffisamment \u00ab&#160;stabilis\u00e9&#160;\u00bb pour permettre la reprise des exportations&nbsp;<span class='whitespace-nowrap'><span id='easy-footnote-1-306103' class='easy-footnote-margin-adjust'><\/span><span class='easy-footnote'><a href='https:\/\/legrandcontinent.eu\/fr\/2025\/11\/24\/lallemagne-est-le-premier-pays-a-re-autoriser-les-exportations-darmes-vers-israel-apres-leur-suspension-en-aout\/#easy-footnote-bottom-1-306103' title='\u00ab&amp;#160;&lt;a href=&quot;https:\/\/www.zdfheute.de\/politik\/ausland\/ruestungsgueter-exporte-deutschland-israel-nahost-100.html&quot;&gt;Deutschland hebt R\u00fcstungsexport-Beschr\u00e4nkungen an Israel auf&lt;\/a&gt;&amp;#160;\u00bb, &lt;em&gt;ZDF heute&lt;\/em&gt;, 17 novembre 2025.'><sup>1<\/sup><\/a><\/span><\/span>.<\/p>\n\n\n\n<ul class=\"wp-block-list\">\n<li>L\u2019Allemagne est, selon les donn\u00e9es du SIPRI (l&rsquo;Institut international de recherche sur la paix de Stockholm), le deuxi\u00e8me fournisseur d\u2019armes lourdes \u00e0 Isra\u00ebl.<\/li>\n\n\n\n<li>Sur la p\u00e9riode 2020-2024, les industriels allemands ont repr\u00e9sent\u00e9 33&#160;% des exportations, contre 66&#160;% pour les \u00c9tats-Unis et 1&#160;% pour l\u2019Italie&nbsp;<span class='whitespace-nowrap'><span id='easy-footnote-2-306103' class='easy-footnote-margin-adjust'><\/span><span class='easy-footnote'><a href='https:\/\/legrandcontinent.eu\/fr\/2025\/11\/24\/lallemagne-est-le-premier-pays-a-re-autoriser-les-exportations-darmes-vers-israel-apres-leur-suspension-en-aout\/#easy-footnote-bottom-2-306103' title='Cate Brown, \u00ab&amp;#160;&lt;a href=&quot;https:\/\/www.washingtonpost.com\/world\/2025\/10\/16\/israel-weapons-ban-gaza-arms\/&quot;&gt;These countries no longer arm Israel. It\u2019s not making much difference.&lt;\/a&gt;&amp;#160;\u00bb, &lt;em&gt;The Washington Post&lt;\/em&gt;, 16 octobre 2025.'><sup>2<\/sup><\/a><\/span><\/span>.<\/li>\n\n\n\n<li>Plusieurs cat\u00e9gories d\u2019armes \u00ab&#160;l\u00e9g\u00e8res&#160;\u00bb, comme les drones, les fusils ou les mitrailleuses, ne sont pas prises en compte dans ce recensement. Il en va de m\u00eame pour les composants utilis\u00e9s pour l\u2019assemblage et la fabrication d\u2019armement.<\/li>\n<\/ul>\n\n\n\n<div class=\"iframe-container wp-block-image wp-block-image-medium  iframe-dw\">\n\t<div>\n\t\t<iframe class=\"absolute w-full h-full pin-t pin-l\" title=\"titolo\" aria-label=\"Interactive line chart\" src=\"\/\/datawrapper.dwcdn.net\/RCOwX\" scrolling=\"no\" frameborder=\"0\"><\/iframe>\n\t<\/div>\n<\/div>\n\n\n\n<p>L\u2019Allemagne est ainsi le premier pays \u00e0 avoir lev\u00e9 ses restrictions suite \u00e0 <a href=\"https:\/\/legrandcontinent.eu\/fr\/2025\/10\/09\/accord-israel-hamas-que-sait-on-de-limplementation-du-cessez-le-feu-a-gaza\/\">l\u2019entr\u00e9e en vigueur d\u2019un cessez-le-feu entre Isra\u00ebl et le Hamas, le 10 octobre<\/a>. Si celui-ci a largement mis fin aux op\u00e9rations terrestres dans l\u2019enclave, les bombardements isra\u00e9liens continuent. Ces derniers ont provoqu\u00e9 plus de 300 victimes depuis le 10 octobre, selon le Bureau des m\u00e9dias du gouvernement de Gaza, une organisation affili\u00e9e au Hamas&nbsp;<span class='whitespace-nowrap'><span id='easy-footnote-3-306103' class='easy-footnote-margin-adjust'><\/span><span class='easy-footnote'><a href='https:\/\/legrandcontinent.eu\/fr\/2025\/11\/24\/lallemagne-est-le-premier-pays-a-re-autoriser-les-exportations-darmes-vers-israel-apres-leur-suspension-en-aout\/#easy-footnote-bottom-3-306103' title='\u00ab&amp;#160;&lt;a href=&quot;https:\/\/www.aljazeera.com\/news\/2025\/11\/23\/israel-has-violated-gaza-truce-nearly-500-times-in-44-days-killed-hundreds&quot;&gt;Israel has violated Gaza truce nearly 500 times in 44 days, killed hundreds&lt;\/a&gt;&amp;#160;\u00bb, Al Jazeera, 23 novembre 2025.'><sup>3<\/sup><\/a><\/span><\/span>.<\/p>\n\n\n\n<ul class=\"wp-block-list\">\n<li>Berlin chercherait \u00e0 relancer ses relations avec Isra\u00ebl, dont <a href=\"https:\/\/legrandcontinent.eu\/fr\/2025\/10\/07\/israel-a-lechelle-du-monde-geopolitique-dun-isolement-en-10-dates-et-10-cartes\/\">l\u2019isolement diplomatique<\/a> s\u2019est acc\u00e9l\u00e9r\u00e9 depuis le d\u00e9but de l\u2019ann\u00e9e.<\/li>\n\n\n\n<li>En septembre, le Premier ministre isra\u00e9lien, Benyamin Netanyahou, avertissait que le pays pourrait \u00eatre contraint de devenir une \u00e9conomie autonome avec des \u00ab&#160;caract\u00e9ristiques autarciques&#160;\u00bb \u2014 <a href=\"https:\/\/legrandcontinent.eu\/fr\/2025\/10\/05\/comprendre-la-strategie-de-netanyahou-vis-a-vis-du-parti-republicain\/\">une sorte de \u00ab&#160;super-Sparte&#160;\u00bb, selon ses mots<\/a>.<\/li>\n\n\n\n<li>Malgr\u00e9 cet isolement, <a href=\"https:\/\/legrandcontinent.eu\/fr\/2025\/10\/15\/pourquoi-les-investissements-ont-ils-accelere-en-israel-depuis-lattaque-du-7-octobre-2023\/\">les investissements n\u2019ont cess\u00e9 de cro\u00eetre<\/a> depuis octobre 2023, notamment dans le secteur de la d\u00e9fense.\u00a0<\/li>\n\n\n\n<li>Au 24 novembre, l\u2019indice de la bourse de Tel Aviv affichait une hausse de pr\u00e8s de 40&#160;% depuis le 1er janvier.<\/li>\n<\/ul>\n\n\n\n<div class=\"iframe-container wp-block-image wp-block-image-medium  iframe-dw\">\n\t<div>\n\t\t<iframe class=\"absolute w-full h-full pin-t pin-l\" title=\"titolo\" aria-label=\"Interactive line chart\" src=\"\/\/datawrapper.dwcdn.net\/HfSb3\/\" scrolling=\"no\" frameborder=\"0\"><\/iframe>\n\t<\/div>\n<\/div>\n\n\n\n<p>Friedrich Merz devrait, selon des informations obtenues par des sources diplomatiques cit\u00e9es par le <em>Times of Israel<\/em>, se rendre en Isra\u00ebl en d\u00e9cembre pour sa premi\u00e8re visite depuis son entr\u00e9e en fonction, en mai&nbsp;<span class='whitespace-nowrap'><span id='easy-footnote-4-306103' class='easy-footnote-margin-adjust'><\/span><span class='easy-footnote'><a href='https:\/\/legrandcontinent.eu\/fr\/2025\/11\/24\/lallemagne-est-le-premier-pays-a-re-autoriser-les-exportations-darmes-vers-israel-apres-leur-suspension-en-aout\/#easy-footnote-bottom-4-306103' title='Lazar Berman, \u00ab&amp;#160;&lt;a href=&quot;https:\/\/www.timesofisrael.com\/liveblog_entry\/merz-to-visit-israel-for-first-time-as-german-chancellor-next-month\/&quot;&gt;Merz to visit Israel for first time as German chancellor next month&lt;\/a&gt;&amp;#160;\u00bb, &lt;em&gt;The Times of Israel&lt;\/em&gt;, 24 novembre 2025.'><sup>4<\/sup><\/a><\/span><\/span>. En 2022, son pr\u00e9d\u00e9cesseur Olaf Scholz s\u2019\u00e9tait rendu dans le pays pour la premi\u00e8re fois trois mois apr\u00e8s son investiture.<\/p>\n","protected":false},"excerpt":{"rendered":"<p>Malgr\u00e9 un \u00ab&#160;&#160;cessez-le-feu&#160;&#160;\u00bb fragile en vigueur entre Isra\u00ebl et le Hamas, Tsahal continue de bombarder r\u00e9guli\u00e8rement la bande de Gaza et aurait provoqu\u00e9 la mort de plus de 300 civils depuis le 10 octobre.<\/p>\n<p>La semaine derni\u00e8re, le porte-parole du gouvernement allemand, Stefan Kornelius, a annonc\u00e9 que la situation dans l\u2019enclave \u00e9tait suffisamment \u00ab&#160;&#160;stabilis\u00e9e&#160;&#160;\u00bb pour autoriser au cas par cas la reprise des exportations d\u2019armes \u00e0 partir d\u2019aujourd\u2019hui, lundi 24 novembre.<\/p>\n","protected":false},"author":2622,"featured_media":306107,"comment_status":"closed","ping_status":"closed","sticky":false,"template":"templates\/post-briefings.php","format":"standard","meta":{"_acf_changed":true,"_trash_the_other_posts":false,"_yoast_wpseo_estimated-reading-time-minutes":3,"footnotes":""},"categories":[3611],"tags":[],"staff":[],"editorial_format":[],"serie":[],"audience":[],"geo":[1917],"class_list":["post-306103","post","type-post","status-publish","format-standard","hentry","category-la-guerre-de-soukkot","geo-europe"],"acf":{"open_in_webview":false,"accent":false,"_thumbnail_id":306107,"excerpt":"Malgr\u00e9 un \u00abcessez-le-feu\u00bb fragile en vigueur entre Isra\u00ebl et le Hamas, Tsahal continue de bombarder r\u00e9guli\u00e8rement la bande de Gaza et aurait provoqu\u00e9 la mort de plus de 300 civils depuis le 10 octobre.\r\n\r\nLa semaine derni\u00e8re, le porte-parole du gouvernement allemand, Stefan Kornelius, a annonc\u00e9 que la situation dans l\u2019enclave \u00e9tait suffisamment \u00abstabilis\u00e9e\u00bb pour autoriser au cas par cas la reprise des exportations d\u2019armes \u00e0 partir d\u2019aujourd\u2019hui, lundi 24 novembre.","display_date":"","new_abstract":true},"yoast_head":"<!-- This site is optimized with the Yoast SEO plugin v26.1.1 - https:\/\/yoast.com\/wordpress\/plugins\/seo\/ -->\n<title>L\u2019Allemagne r\u00e9-autorise les exportations d\u2019armes vers Isra\u00ebl<\/title>\n<meta name=\"robots\" content=\"index, follow, max-snippet:-1, max-image-preview:large, max-video-preview:-1\" \/>\n<link rel=\"canonical\" href=\"https:\/\/legrandcontinent.eu\/fr\/2025\/11\/24\/lallemagne-est-le-premier-pays-a-re-autoriser-les-exportations-darmes-vers-israel-apres-leur-suspension-en-aout\/\" \/>\n<meta property=\"og:locale\" content=\"fr_FR\" \/>\n<meta property=\"og:type\" content=\"article\" \/>\n<meta property=\"og:title\" content=\"L\u2019Allemagne r\u00e9-autorise les exportations d\u2019armes vers Isra\u00ebl\" \/>\n<meta property=\"og:description\" content=\"Malgr\u00e9 un \u00ab&#160;cessez-le-feu&#160;\u00bb fragile en vigueur entre Isra\u00ebl et le Hamas, Tsahal continue de bombarder r\u00e9guli\u00e8rement la bande de Gaza et aurait provoqu\u00e9 la mort de plus de 300 civils depuis le 10 octobre.  La semaine derni\u00e8re, le porte-parole du gouvernement allemand, Stefan Kornelius, a annonc\u00e9 que la situation dans l\u2019enclave \u00e9tait suffisamment \u00ab&#160;stabilis\u00e9e&#160;\u00bb pour autoriser au cas par cas la reprise des exportations d\u2019armes \u00e0 partir d\u2019aujourd\u2019hui, lundi 24 novembre.\" \/>\n<meta property=\"og:url\" content=\"https:\/\/legrandcontinent.eu\/fr\/2025\/11\/24\/lallemagne-est-le-premier-pays-a-re-autoriser-les-exportations-darmes-vers-israel-apres-leur-suspension-en-aout\/\" \/>\n<meta property=\"og:site_name\" content=\"Le Grand Continent\" \/>\n<meta property=\"article:published_time\" content=\"2025-11-24T17:37:28+00:00\" \/>\n<meta property=\"article:modified_time\" content=\"2025-11-27T16:16:49+00:00\" \/>\n<meta property=\"og:image\" content=\"https:\/\/legrandcontinent.eu\/fr\/wp-content\/uploads\/sites\/2\/2025\/11\/gc-share-allemagne-reprend-armes-israel.png\" \/>\n\t<meta property=\"og:image:width\" content=\"1890\" \/>\n\t<meta property=\"og:image:height\" content=\"1060\" \/>\n\t<meta property=\"og:image:type\" content=\"image\/png\" \/>\n<meta name=\"author\" content=\"Marin Saillofest\" \/>\n<meta name=\"twitter:card\" content=\"summary_large_image\" \/>\n<meta name=\"twitter:image\" content=\"https:\/\/legrandcontinent.eu\/fr\/wp-content\/uploads\/sites\/2\/2025\/11\/gc-share-allemagne-reprend-armes-israel.png\" \/>\n<meta name=\"twitter:label1\" content=\"\u00c9crit par\" \/>\n\t<meta name=\"twitter:data1\" content=\"Marin Saillofest\" \/>\n\t<meta name=\"twitter:label2\" content=\"Dur\u00e9e de lecture estim\u00e9e\" \/>\n\t<meta name=\"twitter:data2\" content=\"3 minutes\" \/>\n<script type=\"application\/ld+json\" class=\"yoast-schema-graph\">{\"@context\":\"https:\/\/schema.org\",\"@graph\":[{\"@type\":\"WebPage\",\"@id\":\"https:\/\/legrandcontinent.eu\/fr\/2025\/11\/24\/lallemagne-est-le-premier-pays-a-re-autoriser-les-exportations-darmes-vers-israel-apres-leur-suspension-en-aout\/\",\"url\":\"https:\/\/legrandcontinent.eu\/fr\/2025\/11\/24\/lallemagne-est-le-premier-pays-a-re-autoriser-les-exportations-darmes-vers-israel-apres-leur-suspension-en-aout\/\",\"name\":\"L\u2019Allemagne r\u00e9-autorise les exportations d\u2019armes vers Isra\u00ebl\",\"isPartOf\":{\"@id\":\"https:\/\/legrandcontinent.eu\/fr\/#website\"},\"primaryImageOfPage\":{\"@id\":\"https:\/\/legrandcontinent.eu\/fr\/2025\/11\/24\/lallemagne-est-le-premier-pays-a-re-autoriser-les-exportations-darmes-vers-israel-apres-leur-suspension-en-aout\/#primaryimage\"},\"image\":{\"@id\":\"https:\/\/legrandcontinent.eu\/fr\/2025\/11\/24\/lallemagne-est-le-premier-pays-a-re-autoriser-les-exportations-darmes-vers-israel-apres-leur-suspension-en-aout\/#primaryimage\"},\"thumbnailUrl\":\"https:\/\/legrandcontinent.eu\/fr\/wp-content\/uploads\/sites\/2\/2025\/11\/gc-allemagne-reprend-armes-israel.png\",\"datePublished\":\"2025-11-24T17:37:28+00:00\",\"dateModified\":\"2025-11-27T16:16:49+00:00\",\"author\":{\"@id\":\"https:\/\/legrandcontinent.eu\/fr\/#\/schema\/person\/e4f85f52220fc7b4cc3cfdb86d88e833\"},\"breadcrumb\":{\"@id\":\"https:\/\/legrandcontinent.eu\/fr\/2025\/11\/24\/lallemagne-est-le-premier-pays-a-re-autoriser-les-exportations-darmes-vers-israel-apres-leur-suspension-en-aout\/#breadcrumb\"},\"inLanguage\":\"fr-FR\",\"potentialAction\":[{\"@type\":\"ReadAction\",\"target\":[\"https:\/\/legrandcontinent.eu\/fr\/2025\/11\/24\/lallemagne-est-le-premier-pays-a-re-autoriser-les-exportations-darmes-vers-israel-apres-leur-suspension-en-aout\/\"]}]},{\"@type\":\"ImageObject\",\"inLanguage\":\"fr-FR\",\"@id\":\"https:\/\/legrandcontinent.eu\/fr\/2025\/11\/24\/lallemagne-est-le-premier-pays-a-re-autoriser-les-exportations-darmes-vers-israel-apres-leur-suspension-en-aout\/#primaryimage\",\"url\":\"https:\/\/legrandcontinent.eu\/fr\/wp-content\/uploads\/sites\/2\/2025\/11\/gc-allemagne-reprend-armes-israel.png\",\"contentUrl\":\"https:\/\/legrandcontinent.eu\/fr\/wp-content\/uploads\/sites\/2\/2025\/11\/gc-allemagne-reprend-armes-israel.png\",\"width\":1876,\"height\":1056},{\"@type\":\"BreadcrumbList\",\"@id\":\"https:\/\/legrandcontinent.eu\/fr\/2025\/11\/24\/lallemagne-est-le-premier-pays-a-re-autoriser-les-exportations-darmes-vers-israel-apres-leur-suspension-en-aout\/#breadcrumb\",\"itemListElement\":[{\"@type\":\"ListItem\",\"position\":1,\"name\":\"Accueil\",\"item\":\"https:\/\/legrandcontinent.eu\/fr\/\"},{\"@type\":\"ListItem\",\"position\":2,\"name\":\"L\u2019Allemagne est le premier pays \u00e0 r\u00e9-autoriser les exportations d\u2019armes vers Isra\u00ebl, apr\u00e8s leur suspension en ao\u00fbt\"}]},{\"@type\":\"WebSite\",\"@id\":\"https:\/\/legrandcontinent.eu\/fr\/#website\",\"url\":\"https:\/\/legrandcontinent.eu\/fr\/\",\"name\":\"Le Grand Continent\",\"description\":\"L&#039;\u00e9chelle pertinente\",\"potentialAction\":[{\"@type\":\"SearchAction\",\"target\":{\"@type\":\"EntryPoint\",\"urlTemplate\":\"https:\/\/legrandcontinent.eu\/fr\/?s={search_term_string}\"},\"query-input\":{\"@type\":\"PropertyValueSpecification\",\"valueRequired\":true,\"valueName\":\"search_term_string\"}}],\"inLanguage\":\"fr-FR\"},{\"@type\":\"Person\",\"@id\":\"https:\/\/legrandcontinent.eu\/fr\/#\/schema\/person\/e4f85f52220fc7b4cc3cfdb86d88e833\",\"name\":\"Marin Saillofest\",\"image\":{\"@type\":\"ImageObject\",\"inLanguage\":\"fr-FR\",\"@id\":\"https:\/\/legrandcontinent.eu\/fr\/#\/schema\/person\/image\/\",\"url\":\"https:\/\/secure.gravatar.com\/avatar\/87088698b4d967390c49ae6d4f1aa459?s=96&d=mm&r=g\",\"contentUrl\":\"https:\/\/secure.gravatar.com\/avatar\/87088698b4d967390c49ae6d4f1aa459?s=96&d=mm&r=g\",\"caption\":\"Marin Saillofest\"}}]}<\/script>\n<!-- \/ Yoast SEO plugin. -->","yoast_head_json":{"title":"L\u2019Allemagne r\u00e9-autorise les exportations d\u2019armes vers Isra\u00ebl","robots":{"index":"index","follow":"follow","max-snippet":"max-snippet:-1","max-image-preview":"max-image-preview:large","max-video-preview":"max-video-preview:-1"},"canonical":"https:\/\/legrandcontinent.eu\/fr\/2025\/11\/24\/lallemagne-est-le-premier-pays-a-re-autoriser-les-exportations-darmes-vers-israel-apres-leur-suspension-en-aout\/","og_locale":"fr_FR","og_type":"article","og_title":"L\u2019Allemagne r\u00e9-autorise les exportations d\u2019armes vers Isra\u00ebl","og_description":"Malgr\u00e9 un \u00ab&#160;cessez-le-feu&#160;\u00bb fragile en vigueur entre Isra\u00ebl et le Hamas, Tsahal continue de bombarder r\u00e9guli\u00e8rement la bande de Gaza et aurait provoqu\u00e9 la mort de plus de 300 civils depuis le 10 octobre.  La semaine derni\u00e8re, le porte-parole du gouvernement allemand, Stefan Kornelius, a annonc\u00e9 que la situation dans l\u2019enclave \u00e9tait suffisamment \u00ab&#160;stabilis\u00e9e&#160;\u00bb pour autoriser au cas par cas la reprise des exportations d\u2019armes \u00e0 partir d\u2019aujourd\u2019hui, lundi 24 novembre.","og_url":"https:\/\/legrandcontinent.eu\/fr\/2025\/11\/24\/lallemagne-est-le-premier-pays-a-re-autoriser-les-exportations-darmes-vers-israel-apres-leur-suspension-en-aout\/","og_site_name":"Le Grand Continent","article_published_time":"2025-11-24T17:37:28+00:00","article_modified_time":"2025-11-27T16:16:49+00:00","og_image":[{"width":1890,"height":1060,"url":"https:\/\/legrandcontinent.eu\/fr\/wp-content\/uploads\/sites\/2\/2025\/11\/gc-share-allemagne-reprend-armes-israel.png","type":"image\/png"}],"author":"Marin Saillofest","twitter_card":"summary_large_image","twitter_image":"https:\/\/legrandcontinent.eu\/fr\/wp-content\/uploads\/sites\/2\/2025\/11\/gc-share-allemagne-reprend-armes-israel.png","twitter_misc":{"\u00c9crit par":"Marin Saillofest","Dur\u00e9e de lecture estim\u00e9e":"3 minutes"},"schema":{"@context":"https:\/\/schema.org","@graph":[{"@type":"WebPage","@id":"https:\/\/legrandcontinent.eu\/fr\/2025\/11\/24\/lallemagne-est-le-premier-pays-a-re-autoriser-les-exportations-darmes-vers-israel-apres-leur-suspension-en-aout\/","url":"https:\/\/legrandcontinent.eu\/fr\/2025\/11\/24\/lallemagne-est-le-premier-pays-a-re-autoriser-les-exportations-darmes-vers-israel-apres-leur-suspension-en-aout\/","name":"L\u2019Allemagne r\u00e9-autorise les exportations d\u2019armes vers Isra\u00ebl","isPartOf":{"@id":"https:\/\/legrandcontinent.eu\/fr\/#website"},"primaryImageOfPage":{"@id":"https:\/\/legrandcontinent.eu\/fr\/2025\/11\/24\/lallemagne-est-le-premier-pays-a-re-autoriser-les-exportations-darmes-vers-israel-apres-leur-suspension-en-aout\/#primaryimage"},"image":{"@id":"https:\/\/legrandcontinent.eu\/fr\/2025\/11\/24\/lallemagne-est-le-premier-pays-a-re-autoriser-les-exportations-darmes-vers-israel-apres-leur-suspension-en-aout\/#primaryimage"},"thumbnailUrl":"https:\/\/legrandcontinent.eu\/fr\/wp-content\/uploads\/sites\/2\/2025\/11\/gc-allemagne-reprend-armes-israel.png","datePublished":"2025-11-24T17:37:28+00:00","dateModified":"2025-11-27T16:16:49+00:00","author":{"@id":"https:\/\/legrandcontinent.eu\/fr\/#\/schema\/person\/e4f85f52220fc7b4cc3cfdb86d88e833"},"breadcrumb":{"@id":"https:\/\/legrandcontinent.eu\/fr\/2025\/11\/24\/lallemagne-est-le-premier-pays-a-re-autoriser-les-exportations-darmes-vers-israel-apres-leur-suspension-en-aout\/#breadcrumb"},"inLanguage":"fr-FR","potentialAction":[{"@type":"ReadAction","target":["https:\/\/legrandcontinent.eu\/fr\/2025\/11\/24\/lallemagne-est-le-premier-pays-a-re-autoriser-les-exportations-darmes-vers-israel-apres-leur-suspension-en-aout\/"]}]},{"@type":"ImageObject","inLanguage":"fr-FR","@id":"https:\/\/legrandcontinent.eu\/fr\/2025\/11\/24\/lallemagne-est-le-premier-pays-a-re-autoriser-les-exportations-darmes-vers-israel-apres-leur-suspension-en-aout\/#primaryimage","url":"https:\/\/legrandcontinent.eu\/fr\/wp-content\/uploads\/sites\/2\/2025\/11\/gc-allemagne-reprend-armes-israel.png","contentUrl":"https:\/\/legrandcontinent.eu\/fr\/wp-content\/uploads\/sites\/2\/2025\/11\/gc-allemagne-reprend-armes-israel.png","width":1876,"height":1056},{"@type":"BreadcrumbList","@id":"https:\/\/legrandcontinent.eu\/fr\/2025\/11\/24\/lallemagne-est-le-premier-pays-a-re-autoriser-les-exportations-darmes-vers-israel-apres-leur-suspension-en-aout\/#breadcrumb","itemListElement":[{"@type":"ListItem","position":1,"name":"Accueil","item":"https:\/\/legrandcontinent.eu\/fr\/"},{"@type":"ListItem","position":2,"name":"L\u2019Allemagne est le premier pays \u00e0 r\u00e9-autoriser les exportations d\u2019armes vers Isra\u00ebl, apr\u00e8s leur suspension en ao\u00fbt"}]},{"@type":"WebSite","@id":"https:\/\/legrandcontinent.eu\/fr\/#website","url":"https:\/\/legrandcontinent.eu\/fr\/","name":"Le Grand Continent","description":"L&#039;\u00e9chelle pertinente","potentialAction":[{"@type":"SearchAction","target":{"@type":"EntryPoint","urlTemplate":"https:\/\/legrandcontinent.eu\/fr\/?s={search_term_string}"},"query-input":{"@type":"PropertyValueSpecification","valueRequired":true,"valueName":"search_term_string"}}],"inLanguage":"fr-FR"},{"@type":"Person","@id":"https:\/\/legrandcontinent.eu\/fr\/#\/schema\/person\/e4f85f52220fc7b4cc3cfdb86d88e833","name":"Marin Saillofest","image":{"@type":"ImageObject","inLanguage":"fr-FR","@id":"https:\/\/legrandcontinent.eu\/fr\/#\/schema\/person\/image\/","url":"https:\/\/secure.gravatar.com\/avatar\/87088698b4d967390c49ae6d4f1aa459?s=96&d=mm&r=g","contentUrl":"https:\/\/secure.gravatar.com\/avatar\/87088698b4d967390c49ae6d4f1aa459?s=96&d=mm&r=g","caption":"Marin Saillofest"}}]}},"lgc_categories":[{"id":3611,"name":"Isra\u00ebl, Hamas&#160;: le 7-Octobre deux ans apr\u00e8s","slug":"la-guerre-de-soukkot"}],"lgc_author":null,"feature_image_summary":{"url":"https:\/\/legrandcontinent.eu\/fr\/wp-content\/uploads\/sites\/2\/2025\/11\/gc-allemagne-reprend-armes-israel.png","width":1876,"height":1056,"alt":""},"feature_image_cover":null,"term_position_data":null,"_links":{"self":[{"href":"https:\/\/legrandcontinent.eu\/fr\/wp-json\/wp\/v2\/posts\/306103","targetHints":{"allow":["GET"]}}],"collection":[{"href":"https:\/\/legrandcontinent.eu\/fr\/wp-json\/wp\/v2\/posts"}],"about":[{"href":"https:\/\/legrandcontinent.eu\/fr\/wp-json\/wp\/v2\/types\/post"}],"author":[{"embeddable":true,"href":"https:\/\/legrandcontinent.eu\/fr\/wp-json\/wp\/v2\/users\/2622"}],"replies":[{"embeddable":true,"href":"https:\/\/legrandcontinent.eu\/fr\/wp-json\/wp\/v2\/comments?post=306103"}],"version-history":[{"count":7,"href":"https:\/\/legrandcontinent.eu\/fr\/wp-json\/wp\/v2\/posts\/306103\/revisions"}],"predecessor-version":[{"id":306547,"href":"https:\/\/legrandcontinent.eu\/fr\/wp-json\/wp\/v2\/posts\/306103\/revisions\/306547"}],"wp:featuredmedia":[{"embeddable":true,"href":"https:\/\/legrandcontinent.eu\/fr\/wp-json\/wp\/v2\/media\/306107"}],"wp:attachment":[{"href":"https:\/\/legrandcontinent.eu\/fr\/wp-json\/wp\/v2\/media?parent=306103"}],"wp:term":[{"taxonomy":"category","embeddable":true,"href":"https:\/\/legrandcontinent.eu\/fr\/wp-json\/wp\/v2\/categories?post=306103"},{"taxonomy":"post_tag","embeddable":true,"href":"https:\/\/legrandcontinent.eu\/fr\/wp-json\/wp\/v2\/tags?post=306103"},{"taxonomy":"staff","embeddable":true,"href":"https:\/\/legrandcontinent.eu\/fr\/wp-json\/wp\/v2\/staff?post=306103"},{"taxonomy":"editorial_format","embeddable":true,"href":"https:\/\/legrandcontinent.eu\/fr\/wp-json\/wp\/v2\/editorial_format?post=306103"},{"taxonomy":"serie","embeddable":true,"href":"https:\/\/legrandcontinent.eu\/fr\/wp-json\/wp\/v2\/serie?post=306103"},{"taxonomy":"audience","embeddable":true,"href":"https:\/\/legrandcontinent.eu\/fr\/wp-json\/wp\/v2\/audience?post=306103"},{"taxonomy":"geo","embeddable":true,"href":"https:\/\/legrandcontinent.eu\/fr\/wp-json\/wp\/v2\/geo?post=306103"}],"curies":[{"name":"wp","href":"https:\/\/api.w.org\/{rel}","templated":true}]}}