{"id":299633,"date":"2025-09-30T07:00:00","date_gmt":"2025-09-30T05:00:00","guid":{"rendered":"https:\/\/legrandcontinent.eu\/fr\/?p=299633"},"modified":"2025-09-30T01:11:02","modified_gmt":"2025-09-29T23:11:02","slug":"quattendre-de-la-reunion-de-hegseth-avec-les-generaux-americains","status":"publish","type":"post","link":"https:\/\/legrandcontinent.eu\/fr\/2025\/09\/30\/quattendre-de-la-reunion-de-hegseth-avec-les-generaux-americains\/","title":{"rendered":"Qu\u2019attendre de la r\u00e9union de Hegseth avec les g\u00e9n\u00e9raux am\u00e9ricains&#160;?"},"content":{"rendered":"\n<p>Jeudi 25 septembre, le porte-parole du Pentagone Sean Parnell a annonc\u00e9 que <a href=\"https:\/\/legrandcontinent.eu\/fr\/2025\/01\/13\/pete-hegseth-le-fidele-pret-a-partir-en-croisade-pour-trump\/\">le secr\u00e9taire \u00e0 la D\u00e9fense Pete Hegseth<\/a> avait convoqu\u00e9 les plus de 800 g\u00e9n\u00e9raux et amiraux de l\u2019arm\u00e9e am\u00e9ricaine pour une r\u00e9union qui aura lieu aujourd\u2019hui, mardi 30 septembre, sur la base des Marines de Quantico, en Virginie. La convocation du commandement de l\u2019arm\u00e9e am\u00e9ricaine dans sa totalit\u00e9 est tr\u00e8s inhabituelle en temps de paix.<\/p>\n\n\n\n<p>Le Pentagone n\u2019a pas donn\u00e9 de d\u00e9tails quant aux sujets qui seront abord\u00e9s lors de la r\u00e9union, \u00e0 laquelle Donald Trump prendra part.<\/p>\n\n\n\n<ul class=\"wp-block-list\">\n<li>Le pr\u00e9sident am\u00e9ricain a parl\u00e9 dimanche 28 d\u2019une \u00ab&#160;tr\u00e8s belle r\u00e9union o\u00f9 l&rsquo;on discutera de nos excellents r\u00e9sultats sur le plan militaire, de notre excellente forme, de beaucoup de choses positives&#160;\u00bb&nbsp;<span class='whitespace-nowrap'><span id='easy-footnote-1-299633' class='easy-footnote-margin-adjust'><\/span><span class='easy-footnote'><a href='https:\/\/legrandcontinent.eu\/fr\/2025\/09\/30\/quattendre-de-la-reunion-de-hegseth-avec-les-generaux-americains\/#easy-footnote-bottom-1-299633' title='Yamiche Alcindor et Alexandra Marquez, \u00ab&amp;#160;&lt;a href=&quot;https:\/\/www.nbcnews.com\/politics\/donald-trump\/trump-pete-hegseth-generals-military-meeting-rcna234216&quot;&gt;Trump says he&amp;rsquo;ll attend Pete Hegseth&amp;rsquo;s gathering of generals to tell them &amp;lsquo;how well we&amp;rsquo;re doing militarily&amp;rsquo;&lt;\/a&gt;&amp;#160;\u00bb, &lt;em&gt;NBC News&lt;\/em&gt;, 28 septembre 2025.'><sup>1<\/sup><\/a><\/span><\/span>.<\/li>\n\n\n\n<li>Selon des responsables am\u00e9ricains, Hegseth se concentrera lors de son discours sur le r\u00e9tablissement d\u2019une \u00ab&#160;\u00e9thique guerri\u00e8re&#160;\u00bb au sein de l\u2019arm\u00e9e am\u00e9ricaine, et pr\u00e9sentera des nouvelles mesures pour atteindre cet objectif&nbsp;<span class='whitespace-nowrap'><span id='easy-footnote-2-299633' class='easy-footnote-margin-adjust'><\/span><span class='easy-footnote'><a href='https:\/\/legrandcontinent.eu\/fr\/2025\/09\/30\/quattendre-de-la-reunion-de-hegseth-avec-les-generaux-americains\/#easy-footnote-bottom-2-299633' title='Luis Martinez, \u00ab&amp;#160;&lt;a href=&quot;https:\/\/abcnews.go.com\/Politics\/defense-secretary-pete-hegseth-hundreds-generals-warrior-ethos\/story?id=125978838&quot;&gt;Defense Secretary Pete Hegseth to tell hundreds of generals about the &amp;lsquo;warrior ethos&amp;rsquo; in rare gathering&amp;#160;: Sources&lt;\/a&gt;&amp;#160;\u00bb, &lt;em&gt;ABC News&lt;\/em&gt;, 28 septembre 2025.'><sup>2<\/sup><\/a><\/span><\/span>.<\/li>\n\n\n\n<li>D\u2019autres sources ont dit s\u2019attendre \u00e0 une vague de licenciements ou \u00e0 ce que Hegseth exige de ses g\u00e9n\u00e9raux qu\u2019ils fassent preuve de \u00ab&#160;loyaut\u00e9&#160;\u00bb dans la mise en \u0153uvre de l\u2019agenda de Trump&nbsp;<span class='whitespace-nowrap'><span id='easy-footnote-3-299633' class='easy-footnote-margin-adjust'><\/span><span class='easy-footnote'><a href='https:\/\/legrandcontinent.eu\/fr\/2025\/09\/30\/quattendre-de-la-reunion-de-hegseth-avec-les-generaux-americains\/#easy-footnote-bottom-3-299633' title='Steff Ch\u00e1vez, \u00ab&amp;#160;&lt;a href=&quot;https:\/\/www.ft.com\/content\/6bd6df0c-2057-486e-927e-9beba16d1816&quot;&gt;Pete Hegseth\u2019s sudden military summit stirs concern and speculation&lt;\/a&gt;&amp;#160;\u00bb, &lt;em&gt;Financial Times&lt;\/em&gt;, 26 septembre 2025.'><sup>3<\/sup><\/a><\/span><\/span>.<\/li>\n<\/ul>\n\n\n\n<div class=\"iframe-container wp-block-image wp-block-image-  iframe-dw\">\n\t<div>\n\t\t<iframe class=\"absolute w-full h-full pin-t pin-l\" title=\"titolo\" aria-label=\"Interactive line chart\" src=\"\/\/datawrapper.dwcdn.net\/0TWoV\/\" scrolling=\"no\" frameborder=\"0\"><\/iframe>\n\t<\/div>\n<\/div>\n\n\n\n<p>La pr\u00e9sence au m\u00eame endroit de plusieurs centaines de g\u00e9n\u00e9raux de l\u2019arm\u00e9e semble pr\u00e9senter des risques en mati\u00e8re de s\u00e9curit\u00e9. D\u2019ordinaire, le d\u00e9partement de la D\u00e9fense a recours \u00e0 des logiciels de vid\u00e9oconf\u00e9rence internes hautement s\u00e9curis\u00e9s qui permettent d\u2019\u00e9viter des d\u00e9placements n\u00e9cessitant des man\u0153uvres logistiques cons\u00e9quentes. La r\u00e9union est d\u2019autant plus surprenante que celle-ci n\u2019a pas \u00e9t\u00e9 tenue secr\u00e8te.<\/p>\n\n\n\n<ul class=\"wp-block-list\">\n<li>Donald Trump s\u2019est extensivement repos\u00e9 sur l\u2019arm\u00e9e depuis le 20 janvier pour porter son agenda <a href=\"https:\/\/legrandcontinent.eu\/fr\/2025\/06\/09\/a-los-angeles-apres-la-garde-nationale-donald-trump-menace-denvoyer-larmee-contre-les-manifestants\/\">en d\u00e9ployant la Garde Nationale \u00e0 Los Angeles<\/a> et \u00e0 Washington D.C., la capitale f\u00e9d\u00e9rale.<\/li>\n\n\n\n<li>Le pr\u00e9sident r\u00e9publicain a d\u00e9clar\u00e9 son intention d\u2019envoyer des troupes \u00e0 Portland, dans l\u2019Oregon, \u00e0 Chicago ainsi qu\u2019\u00e0 Memphis, et \u00e9voqu\u00e9 les villes de Baltimore et Nouvelle-Orl\u00e9ans pour de potentiels d\u00e9ploiements \u2014 toutes des villes d\u00e9mocrates.<\/li>\n<\/ul>\n\n\n\n<div class=\"iframe-container wp-block-image wp-block-image-medium  iframe-dw\">\n\t<div>\n\t\t<iframe class=\"absolute w-full h-full pin-t pin-l\" title=\"titolo\" aria-label=\"Interactive line chart\" src=\"\/\/datawrapper.dwcdn.net\/gGkxB\" scrolling=\"no\" frameborder=\"0\"><\/iframe>\n\t<\/div>\n<\/div>\n\n\n\n<p>Depuis sa nomination \u00e0 la t\u00eate du Pentagone, Pete Hegseth, un ancien militaire qui a rejoint la cha\u00eene Fox News en 2014, a supprim\u00e9 des programmes et commissions visant \u00e0 encourager les femmes \u00e0 rejoindre l\u2019arm\u00e9e, demand\u00e9 \u00e0 ce que toutes les mentions de formules de promotion de la diversit\u00e9, de l\u2019\u00e9quit\u00e9 et de l\u2019inclusion (DEI) soient retir\u00e9es des supports de communication de l\u2019arm\u00e9e et exig\u00e9 des journalistes qu\u2019ils s\u2019engagent \u00e0 ne rien publier avant qu\u2019ils n\u2019aient \u00e9t\u00e9 autoris\u00e9s par le d\u00e9partement de la D\u00e9fense.<\/p>\n\n\n\n<ul class=\"wp-block-list\">\n<li>Dans <a href=\"https:\/\/legrandcontinent.eu\/fr\/2024\/11\/16\/trump-et-lelite-trumpiste-en-11-livres\/\">un livre publi\u00e9 en juin 2024<\/a>, Hegseth d\u00e9non\u00e7ait \u00ab&#160;l\u2019id\u00e9ologie woke&#160;\u00bb qui gangr\u00e9nerait l\u2019arm\u00e9e am\u00e9ricaine. Au moment de la sortie du livre, celui-ci affirmait sur Fox News que \u00ab&#160;la diversit\u00e9 ne fait pas la force de l\u2019arm\u00e9e, l\u2019unit\u00e9 fait la force&#160;\u00bb.<\/li>\n\n\n\n<li>Celui-ci avait \u00e9galement d\u00e9clar\u00e9 par le pass\u00e9 \u00eatre contre l\u2019envoi de femmes au combat, avant de se r\u00e9tracter peu de temps avant sa nomination par Trump.<\/li>\n\n\n\n<li>Au d\u00e9but du mois de septembre, Trump a sign\u00e9 un d\u00e9cret pour renommer le d\u00e9partement de la D\u00e9fense en \u00ab&#160;d\u00e9partement de la Guerre&#160;\u00bb afin de \u00ab&#160;projeter une image de force et de d\u00e9termination&#160;\u00bb.<\/li>\n<\/ul>\n","protected":false},"excerpt":{"rendered":"<p>Aujourd\u2019hui, mardi 30 septembre, le secr\u00e9taire \u00e0 la D\u00e9fense am\u00e9ricain Pete Hegseth r\u00e9unit plus de 800 g\u00e9n\u00e9raux et amiraux de l\u2019arm\u00e9e am\u00e9ricaine pour une r\u00e9union sur la base des Marines de Quantico, en Virginie.<\/p>\n<p>La convocation du commandement de l\u2019arm\u00e9e am\u00e9ricaine dans sa totalit\u00e9 est tr\u00e8s inhabituelle en temps de paix.<\/p>\n","protected":false},"author":2622,"featured_media":299636,"comment_status":"closed","ping_status":"closed","sticky":false,"template":"templates\/post-briefings.php","format":"standard","meta":{"_acf_changed":true,"_trash_the_other_posts":false,"_yoast_wpseo_estimated-reading-time-minutes":4,"footnotes":""},"categories":[1731],"tags":[],"staff":[],"editorial_format":[],"serie":[],"audience":[],"geo":[525],"class_list":["post-299633","post","type-post","status-publish","format-standard","hentry","category-politique","geo-ameriques"],"acf":{"open_in_webview":false,"accent":false},"yoast_head":"<!-- This site is optimized with the Yoast SEO plugin v26.1.1 - https:\/\/yoast.com\/wordpress\/plugins\/seo\/ -->\n<title>Qu\u2019attendre de la r\u00e9union de Pete Hegseth avec les g\u00e9n\u00e9raux ?<\/title>\n<meta name=\"robots\" content=\"index, follow, max-snippet:-1, max-image-preview:large, max-video-preview:-1\" \/>\n<link rel=\"canonical\" href=\"https:\/\/legrandcontinent.eu\/fr\/2025\/09\/30\/quattendre-de-la-reunion-de-hegseth-avec-les-generaux-americains\/\" \/>\n<meta property=\"og:locale\" content=\"fr_FR\" \/>\n<meta property=\"og:type\" content=\"article\" \/>\n<meta property=\"og:title\" content=\"Qu\u2019attendre de la r\u00e9union de Pete Hegseth avec les g\u00e9n\u00e9raux ?\" \/>\n<meta property=\"og:description\" content=\"Aujourd\u2019hui, mardi 30 septembre, le secr\u00e9taire \u00e0 la D\u00e9fense am\u00e9ricain Pete Hegseth r\u00e9unit plus de 800 g\u00e9n\u00e9raux et amiraux de l\u2019arm\u00e9e am\u00e9ricaine pour une r\u00e9union sur la base des Marines de Quantico, en Virginie.  La convocation du commandement de l\u2019arm\u00e9e am\u00e9ricaine dans sa totalit\u00e9 est tr\u00e8s inhabituelle en temps de paix.\" \/>\n<meta property=\"og:url\" content=\"https:\/\/legrandcontinent.eu\/fr\/2025\/09\/30\/quattendre-de-la-reunion-de-hegseth-avec-les-generaux-americains\/\" \/>\n<meta property=\"og:site_name\" content=\"Le Grand Continent\" \/>\n<meta property=\"article:published_time\" content=\"2025-09-30T05:00:00+00:00\" \/>\n<meta property=\"og:image\" content=\"https:\/\/legrandcontinent.eu\/fr\/wp-content\/uploads\/sites\/2\/2025\/09\/gc-share-hegseth-quantico.png\" \/>\n\t<meta property=\"og:image:width\" content=\"1902\" \/>\n\t<meta property=\"og:image:height\" content=\"1062\" \/>\n\t<meta property=\"og:image:type\" content=\"image\/png\" \/>\n<meta name=\"author\" content=\"Marin Saillofest\" \/>\n<meta name=\"twitter:card\" content=\"summary_large_image\" \/>\n<meta name=\"twitter:image\" content=\"https:\/\/legrandcontinent.eu\/fr\/wp-content\/uploads\/sites\/2\/2025\/09\/gc-share-hegseth-quantico.png\" \/>\n<meta name=\"twitter:label1\" content=\"\u00c9crit par\" \/>\n\t<meta name=\"twitter:data1\" content=\"Marin Saillofest\" \/>\n\t<meta name=\"twitter:label2\" content=\"Dur\u00e9e de lecture estim\u00e9e\" \/>\n\t<meta name=\"twitter:data2\" content=\"4 minutes\" \/>\n<script type=\"application\/ld+json\" class=\"yoast-schema-graph\">{\"@context\":\"https:\/\/schema.org\",\"@graph\":[{\"@type\":\"WebPage\",\"@id\":\"https:\/\/legrandcontinent.eu\/fr\/2025\/09\/30\/quattendre-de-la-reunion-de-hegseth-avec-les-generaux-americains\/\",\"url\":\"https:\/\/legrandcontinent.eu\/fr\/2025\/09\/30\/quattendre-de-la-reunion-de-hegseth-avec-les-generaux-americains\/\",\"name\":\"Qu\u2019attendre de la r\u00e9union de Pete Hegseth avec les g\u00e9n\u00e9raux ?\",\"isPartOf\":{\"@id\":\"https:\/\/legrandcontinent.eu\/fr\/#website\"},\"primaryImageOfPage\":{\"@id\":\"https:\/\/legrandcontinent.eu\/fr\/2025\/09\/30\/quattendre-de-la-reunion-de-hegseth-avec-les-generaux-americains\/#primaryimage\"},\"image\":{\"@id\":\"https:\/\/legrandcontinent.eu\/fr\/2025\/09\/30\/quattendre-de-la-reunion-de-hegseth-avec-les-generaux-americains\/#primaryimage\"},\"thumbnailUrl\":\"https:\/\/legrandcontinent.eu\/fr\/wp-content\/uploads\/sites\/2\/2025\/09\/SIPA_shutterstock41312364_000001-scaled.jpg\",\"datePublished\":\"2025-09-30T05:00:00+00:00\",\"author\":{\"@id\":\"https:\/\/legrandcontinent.eu\/fr\/#\/schema\/person\/e4f85f52220fc7b4cc3cfdb86d88e833\"},\"breadcrumb\":{\"@id\":\"https:\/\/legrandcontinent.eu\/fr\/2025\/09\/30\/quattendre-de-la-reunion-de-hegseth-avec-les-generaux-americains\/#breadcrumb\"},\"inLanguage\":\"fr-FR\",\"potentialAction\":[{\"@type\":\"ReadAction\",\"target\":[\"https:\/\/legrandcontinent.eu\/fr\/2025\/09\/30\/quattendre-de-la-reunion-de-hegseth-avec-les-generaux-americains\/\"]}]},{\"@type\":\"ImageObject\",\"inLanguage\":\"fr-FR\",\"@id\":\"https:\/\/legrandcontinent.eu\/fr\/2025\/09\/30\/quattendre-de-la-reunion-de-hegseth-avec-les-generaux-americains\/#primaryimage\",\"url\":\"https:\/\/legrandcontinent.eu\/fr\/wp-content\/uploads\/sites\/2\/2025\/09\/SIPA_shutterstock41312364_000001-scaled.jpg\",\"contentUrl\":\"https:\/\/legrandcontinent.eu\/fr\/wp-content\/uploads\/sites\/2\/2025\/09\/SIPA_shutterstock41312364_000001-scaled.jpg\",\"width\":2560,\"height\":1706,\"caption\":\"Mandatory Credit: Photo by Al Drago\/UPI\/Shutterstock (15468569p) Pete Hegseth, US secretary of defense, attends an announcement in the Oval Office of the White House in Washington, DC on Tuesday, Sept. 2, 2025. Trump is set to announce that he's basing US Space Command in Huntsville, Alabama, undoing former President Joe Biden's decision to put the headquarters in Colorado. US President Donald Trump in the Oval Office of the White House, Washington, District of Columbia, United States - 02 Sep 2025\/shutterstock_editorial_US_President_Donald_Trump_in_t_15468569p\/\/2509030015\"},{\"@type\":\"BreadcrumbList\",\"@id\":\"https:\/\/legrandcontinent.eu\/fr\/2025\/09\/30\/quattendre-de-la-reunion-de-hegseth-avec-les-generaux-americains\/#breadcrumb\",\"itemListElement\":[{\"@type\":\"ListItem\",\"position\":1,\"name\":\"Accueil\",\"item\":\"https:\/\/legrandcontinent.eu\/fr\/\"},{\"@type\":\"ListItem\",\"position\":2,\"name\":\"Qu\u2019attendre de la r\u00e9union de Hegseth avec les g\u00e9n\u00e9raux am\u00e9ricains&#160;?\"}]},{\"@type\":\"WebSite\",\"@id\":\"https:\/\/legrandcontinent.eu\/fr\/#website\",\"url\":\"https:\/\/legrandcontinent.eu\/fr\/\",\"name\":\"Le Grand Continent\",\"description\":\"L&#039;\u00e9chelle pertinente\",\"potentialAction\":[{\"@type\":\"SearchAction\",\"target\":{\"@type\":\"EntryPoint\",\"urlTemplate\":\"https:\/\/legrandcontinent.eu\/fr\/?s={search_term_string}\"},\"query-input\":{\"@type\":\"PropertyValueSpecification\",\"valueRequired\":true,\"valueName\":\"search_term_string\"}}],\"inLanguage\":\"fr-FR\"},{\"@type\":\"Person\",\"@id\":\"https:\/\/legrandcontinent.eu\/fr\/#\/schema\/person\/e4f85f52220fc7b4cc3cfdb86d88e833\",\"name\":\"Marin Saillofest\",\"image\":{\"@type\":\"ImageObject\",\"inLanguage\":\"fr-FR\",\"@id\":\"https:\/\/legrandcontinent.eu\/fr\/#\/schema\/person\/image\/\",\"url\":\"https:\/\/secure.gravatar.com\/avatar\/87088698b4d967390c49ae6d4f1aa459?s=96&d=mm&r=g\",\"contentUrl\":\"https:\/\/secure.gravatar.com\/avatar\/87088698b4d967390c49ae6d4f1aa459?s=96&d=mm&r=g\",\"caption\":\"Marin Saillofest\"}}]}<\/script>\n<!-- \/ Yoast SEO plugin. -->","yoast_head_json":{"title":"Qu\u2019attendre de la r\u00e9union de Pete Hegseth avec les g\u00e9n\u00e9raux ?","robots":{"index":"index","follow":"follow","max-snippet":"max-snippet:-1","max-image-preview":"max-image-preview:large","max-video-preview":"max-video-preview:-1"},"canonical":"https:\/\/legrandcontinent.eu\/fr\/2025\/09\/30\/quattendre-de-la-reunion-de-hegseth-avec-les-generaux-americains\/","og_locale":"fr_FR","og_type":"article","og_title":"Qu\u2019attendre de la r\u00e9union de Pete Hegseth avec les g\u00e9n\u00e9raux ?","og_description":"Aujourd\u2019hui, mardi 30 septembre, le secr\u00e9taire \u00e0 la D\u00e9fense am\u00e9ricain Pete Hegseth r\u00e9unit plus de 800 g\u00e9n\u00e9raux et amiraux de l\u2019arm\u00e9e am\u00e9ricaine pour une r\u00e9union sur la base des Marines de Quantico, en Virginie.  La convocation du commandement de l\u2019arm\u00e9e am\u00e9ricaine dans sa totalit\u00e9 est tr\u00e8s inhabituelle en temps de paix.","og_url":"https:\/\/legrandcontinent.eu\/fr\/2025\/09\/30\/quattendre-de-la-reunion-de-hegseth-avec-les-generaux-americains\/","og_site_name":"Le Grand Continent","article_published_time":"2025-09-30T05:00:00+00:00","og_image":[{"width":1902,"height":1062,"url":"https:\/\/legrandcontinent.eu\/fr\/wp-content\/uploads\/sites\/2\/2025\/09\/gc-share-hegseth-quantico.png","type":"image\/png"}],"author":"Marin Saillofest","twitter_card":"summary_large_image","twitter_image":"https:\/\/legrandcontinent.eu\/fr\/wp-content\/uploads\/sites\/2\/2025\/09\/gc-share-hegseth-quantico.png","twitter_misc":{"\u00c9crit par":"Marin Saillofest","Dur\u00e9e de lecture estim\u00e9e":"4 minutes"},"schema":{"@context":"https:\/\/schema.org","@graph":[{"@type":"WebPage","@id":"https:\/\/legrandcontinent.eu\/fr\/2025\/09\/30\/quattendre-de-la-reunion-de-hegseth-avec-les-generaux-americains\/","url":"https:\/\/legrandcontinent.eu\/fr\/2025\/09\/30\/quattendre-de-la-reunion-de-hegseth-avec-les-generaux-americains\/","name":"Qu\u2019attendre de la r\u00e9union de Pete Hegseth avec les g\u00e9n\u00e9raux ?","isPartOf":{"@id":"https:\/\/legrandcontinent.eu\/fr\/#website"},"primaryImageOfPage":{"@id":"https:\/\/legrandcontinent.eu\/fr\/2025\/09\/30\/quattendre-de-la-reunion-de-hegseth-avec-les-generaux-americains\/#primaryimage"},"image":{"@id":"https:\/\/legrandcontinent.eu\/fr\/2025\/09\/30\/quattendre-de-la-reunion-de-hegseth-avec-les-generaux-americains\/#primaryimage"},"thumbnailUrl":"https:\/\/legrandcontinent.eu\/fr\/wp-content\/uploads\/sites\/2\/2025\/09\/SIPA_shutterstock41312364_000001-scaled.jpg","datePublished":"2025-09-30T05:00:00+00:00","author":{"@id":"https:\/\/legrandcontinent.eu\/fr\/#\/schema\/person\/e4f85f52220fc7b4cc3cfdb86d88e833"},"breadcrumb":{"@id":"https:\/\/legrandcontinent.eu\/fr\/2025\/09\/30\/quattendre-de-la-reunion-de-hegseth-avec-les-generaux-americains\/#breadcrumb"},"inLanguage":"fr-FR","potentialAction":[{"@type":"ReadAction","target":["https:\/\/legrandcontinent.eu\/fr\/2025\/09\/30\/quattendre-de-la-reunion-de-hegseth-avec-les-generaux-americains\/"]}]},{"@type":"ImageObject","inLanguage":"fr-FR","@id":"https:\/\/legrandcontinent.eu\/fr\/2025\/09\/30\/quattendre-de-la-reunion-de-hegseth-avec-les-generaux-americains\/#primaryimage","url":"https:\/\/legrandcontinent.eu\/fr\/wp-content\/uploads\/sites\/2\/2025\/09\/SIPA_shutterstock41312364_000001-scaled.jpg","contentUrl":"https:\/\/legrandcontinent.eu\/fr\/wp-content\/uploads\/sites\/2\/2025\/09\/SIPA_shutterstock41312364_000001-scaled.jpg","width":2560,"height":1706,"caption":"Mandatory Credit: Photo by Al Drago\/UPI\/Shutterstock (15468569p) Pete Hegseth, US secretary of defense, attends an announcement in the Oval Office of the White House in Washington, DC on Tuesday, Sept. 2, 2025. Trump is set to announce that he's basing US Space Command in Huntsville, Alabama, undoing former President Joe Biden's decision to put the headquarters in Colorado. US President Donald Trump in the Oval Office of the White House, Washington, District of Columbia, United States - 02 Sep 2025\/shutterstock_editorial_US_President_Donald_Trump_in_t_15468569p\/\/2509030015"},{"@type":"BreadcrumbList","@id":"https:\/\/legrandcontinent.eu\/fr\/2025\/09\/30\/quattendre-de-la-reunion-de-hegseth-avec-les-generaux-americains\/#breadcrumb","itemListElement":[{"@type":"ListItem","position":1,"name":"Accueil","item":"https:\/\/legrandcontinent.eu\/fr\/"},{"@type":"ListItem","position":2,"name":"Qu\u2019attendre de la r\u00e9union de Hegseth avec les g\u00e9n\u00e9raux am\u00e9ricains&#160;?"}]},{"@type":"WebSite","@id":"https:\/\/legrandcontinent.eu\/fr\/#website","url":"https:\/\/legrandcontinent.eu\/fr\/","name":"Le Grand Continent","description":"L&#039;\u00e9chelle pertinente","potentialAction":[{"@type":"SearchAction","target":{"@type":"EntryPoint","urlTemplate":"https:\/\/legrandcontinent.eu\/fr\/?s={search_term_string}"},"query-input":{"@type":"PropertyValueSpecification","valueRequired":true,"valueName":"search_term_string"}}],"inLanguage":"fr-FR"},{"@type":"Person","@id":"https:\/\/legrandcontinent.eu\/fr\/#\/schema\/person\/e4f85f52220fc7b4cc3cfdb86d88e833","name":"Marin Saillofest","image":{"@type":"ImageObject","inLanguage":"fr-FR","@id":"https:\/\/legrandcontinent.eu\/fr\/#\/schema\/person\/image\/","url":"https:\/\/secure.gravatar.com\/avatar\/87088698b4d967390c49ae6d4f1aa459?s=96&d=mm&r=g","contentUrl":"https:\/\/secure.gravatar.com\/avatar\/87088698b4d967390c49ae6d4f1aa459?s=96&d=mm&r=g","caption":"Marin Saillofest"}}]}},"lgc_categories":[{"id":1731,"name":"Politique","slug":"politique"}],"lgc_author":null,"feature_image_summary":{"url":"https:\/\/legrandcontinent.eu\/fr\/wp-content\/uploads\/sites\/2\/2025\/09\/SIPA_shutterstock41312364_000001-scaled.jpg","width":2560,"height":1706,"alt":""},"feature_image_cover":null,"term_position_data":null,"_links":{"self":[{"href":"https:\/\/legrandcontinent.eu\/fr\/wp-json\/wp\/v2\/posts\/299633","targetHints":{"allow":["GET"]}}],"collection":[{"href":"https:\/\/legrandcontinent.eu\/fr\/wp-json\/wp\/v2\/posts"}],"about":[{"href":"https:\/\/legrandcontinent.eu\/fr\/wp-json\/wp\/v2\/types\/post"}],"author":[{"embeddable":true,"href":"https:\/\/legrandcontinent.eu\/fr\/wp-json\/wp\/v2\/users\/2622"}],"replies":[{"embeddable":true,"href":"https:\/\/legrandcontinent.eu\/fr\/wp-json\/wp\/v2\/comments?post=299633"}],"version-history":[{"count":0,"href":"https:\/\/legrandcontinent.eu\/fr\/wp-json\/wp\/v2\/posts\/299633\/revisions"}],"wp:featuredmedia":[{"embeddable":true,"href":"https:\/\/legrandcontinent.eu\/fr\/wp-json\/wp\/v2\/media\/299636"}],"wp:attachment":[{"href":"https:\/\/legrandcontinent.eu\/fr\/wp-json\/wp\/v2\/media?parent=299633"}],"wp:term":[{"taxonomy":"category","embeddable":true,"href":"https:\/\/legrandcontinent.eu\/fr\/wp-json\/wp\/v2\/categories?post=299633"},{"taxonomy":"post_tag","embeddable":true,"href":"https:\/\/legrandcontinent.eu\/fr\/wp-json\/wp\/v2\/tags?post=299633"},{"taxonomy":"staff","embeddable":true,"href":"https:\/\/legrandcontinent.eu\/fr\/wp-json\/wp\/v2\/staff?post=299633"},{"taxonomy":"editorial_format","embeddable":true,"href":"https:\/\/legrandcontinent.eu\/fr\/wp-json\/wp\/v2\/editorial_format?post=299633"},{"taxonomy":"serie","embeddable":true,"href":"https:\/\/legrandcontinent.eu\/fr\/wp-json\/wp\/v2\/serie?post=299633"},{"taxonomy":"audience","embeddable":true,"href":"https:\/\/legrandcontinent.eu\/fr\/wp-json\/wp\/v2\/audience?post=299633"},{"taxonomy":"geo","embeddable":true,"href":"https:\/\/legrandcontinent.eu\/fr\/wp-json\/wp\/v2\/geo?post=299633"}],"curies":[{"name":"wp","href":"https:\/\/api.w.org\/{rel}","templated":true}]}}