{"id":297935,"date":"2025-09-16T13:56:12","date_gmt":"2025-09-16T11:56:12","guid":{"rendered":"https:\/\/legrandcontinent.eu\/fr\/?p=297935"},"modified":"2025-09-16T14:30:32","modified_gmt":"2025-09-16T12:30:32","slug":"de-quelles-fins-du-monde-a-t-on-peur","status":"publish","type":"post","link":"https:\/\/legrandcontinent.eu\/fr\/2025\/09\/16\/de-quelles-fins-du-monde-a-t-on-peur\/","title":{"rendered":"De quelles fins du monde a-t-on peur&#160;?"},"content":{"rendered":"\n<p>Selon une enqu\u00eate YouGov conduite en avril aux \u00c9tats-Unis et dans cinq pays europ\u00e9ens, dont le Royaume-Uni, pr\u00e8s de 50&#160;% des Europ\u00e9ens consid\u00e8rent qu\u2019il est \u00ab&#160;probable&#160;\u00bb qu&rsquo;une nouvelle guerre mondiale \u00e9clate au cours des 5 \u00e0 10 prochaines ann\u00e9es&nbsp;<span class='whitespace-nowrap'><span id='easy-footnote-1-297935' class='easy-footnote-margin-adjust'><\/span><span class='easy-footnote'><a href='https:\/\/legrandcontinent.eu\/fr\/2025\/09\/16\/de-quelles-fins-du-monde-a-t-on-peur\/#easy-footnote-bottom-1-297935' title='&lt;a href=&quot;https:\/\/ygo-assets-websites-editorial-emea.yougov.net\/documents\/VE_Day_toplines_compiled.pdf&quot;&gt;VE Day toplines compiled&lt;\/a&gt;, YouGov, 6 mai 2025.'><sup>1<\/sup><\/a><\/span><\/span>.<\/p>\n\n\n\n<ul class=\"wp-block-list\">\n<li>Cette part est la plus \u00e9lev\u00e9e en France (55&#160;% des sond\u00e9s), en Espagne (50&#160;%) et en Italie (46&#160;%), tandis qu\u2019elle est minoritaire au Royaume-Uni (o\u00f9 42&#160;% consid\u00e8rent cette hypoth\u00e8se comme \u00ab&#160;peu probable&#160;\u00bb) et en Allemagne (43&#160;%).<\/li>\n\n\n\n<li>Si les tensions avec la Russie sont identifi\u00e9es par les trois-quarts des personnes interrog\u00e9es comme constituant \u00ab&#160;une menace&#160;\u00bb pour la paix du continent, une majorit\u00e9 de Fran\u00e7ais, d\u2019Allemands et d\u2019Espagnols citent \u00e9galement les tensions avec les \u00c9tats-Unis.<\/li>\n<\/ul>\n\n\n\n<div class=\"iframe-container wp-block-image wp-block-image-medium  iframe-dw\">\n\t<div>\n\t\t<iframe class=\"absolute w-full h-full pin-t pin-l\" title=\"titolo\" aria-label=\"Interactive line chart\" src=\"\/\/datawrapper.dwcdn.net\/LEbzQ\" scrolling=\"no\" frameborder=\"0\"><\/iframe>\n\t<\/div>\n<\/div>\n\n\n\n<p>Entre 68 et 76&#160;% des personnes interrog\u00e9es par YouGov, dont 71&#160;% aux \u00c9tats-Unis, estiment qu&rsquo;un conflit mondial pourrait conduire \u00e0 l&rsquo;utilisation d&rsquo;armes nucl\u00e9aires. Il s\u2019agit d\u2019une \u00e9volution notable&#160;: dans une enqu\u00eate r\u00e9alis\u00e9e en 2020, seuls 17&#160;% des Am\u00e9ricains d\u00e9claraient qu\u2019une guerre nucl\u00e9aire pourrait provoquer l&rsquo;apocalypse, soit moins que le changement climatique et une pand\u00e9mie mondiale (19&#160;% chacun)&nbsp;<span class='whitespace-nowrap'><span id='easy-footnote-2-297935' class='easy-footnote-margin-adjust'><\/span><span class='easy-footnote'><a href='https:\/\/legrandcontinent.eu\/fr\/2025\/09\/16\/de-quelles-fins-du-monde-a-t-on-peur\/#easy-footnote-bottom-2-297935' title='&lt;a href=&quot;https:\/\/ygo-assets-websites-editorial-emea.yougov.net\/documents\/Results_for_YouGov_Realtime_End_of_the_World_53_3.2.2020.pdf&quot;&gt;End of the World&lt;\/a&gt;, YouGov, 18 mars 2020.'><sup>2<\/sup><\/a><\/span><\/span>.<\/p>\n\n\n\n<p>Depuis l&rsquo;invasion russe \u00e0 grande \u00e9chelle de l&rsquo;Ukraine en f\u00e9vrier 2022 et les menaces du Kremlin d&rsquo;utiliser des armes atomiques en Ukraine et contre les capitales europ\u00e9ennes, le risque nucl\u00e9aire est identifi\u00e9 comme le principal vecteur d&rsquo;une potentielle fin du monde dans la plupart des enqu\u00eates.<\/p>\n\n\n\n<ul class=\"wp-block-list\">\n<li>En novembre dernier, en r\u00e9action \u00e0 l\u2019utilisation par Kiev de missiles am\u00e9ricains ATACMS et de fus\u00e9es britanniques Storm Shadow sur le sol russe, <a href=\"https:\/\/legrandcontinent.eu\/fr\/2024\/11\/22\/le-message-du-missile-oreshnik-comprendre-la-rhetorique-nucleaire-de-poutine-traduction-inedite\/\">Poutine avait frapp\u00e9 la ville ukrainienne de Dnipro avec un missile Oreshnik<\/a>, capable de transporter une ogive nucl\u00e9aire.<\/li>\n\n\n\n<li>Les m\u00e9dias d\u2019\u00c9tat russe diffusaient alors \u00e0 la t\u00e9l\u00e9vision des estimations du temps de trajet requis pour qu\u2019un tel missile atteigne les capitales europ\u00e9ennes&#160;: 12 minutes pour Varsovie, 15 pour Berlin, 20 pour Londres et Paris.<\/li>\n\n\n\n<li>Quelques jours plus t\u00f4t, le pr\u00e9sident russe <a href=\"https:\/\/legrandcontinent.eu\/fr\/2024\/11\/19\/nucleaire-russe-que-change-la-nouvelle-doctrine-poutine\/\">faisait \u00e9voluer la doctrine russe en mati\u00e8re d\u2019utilisation de son arsenal atomique<\/a>.<\/li>\n\n\n\n<li>Dans la mise \u00e0 jour de son \u00ab&#160;horloge de la fin du monde&#160;\u00bb en janvier, le Bulletin of the Atomic Scientists \u2014 une revue scientifique am\u00e9ricaine qui donne chaque ann\u00e9e le \u00ab&#160;pouls&#160;\u00bb des menaces nucl\u00e9aires, technologiques et environnementales qui p\u00e8sent sur le monde \u2014 indiquait que <a href=\"https:\/\/legrandcontinent.eu\/fr\/2025\/01\/28\/nucleaire-climat-ia-le-monde-na-jamais-ete-aussi-proche-dune-catastrophe-globale\/\">le monde ne se trouvait plus qu\u2019\u00e0 89 secondes de minuit<\/a>, soit le plus proche depuis sa premi\u00e8re publication en 1947.<\/li>\n<\/ul>\n\n\n\n<div class=\"iframe-container wp-block-image wp-block-image-medium  iframe-dw\">\n\t<div>\n\t\t<iframe class=\"absolute w-full h-full pin-t pin-l\" title=\"titolo\" aria-label=\"Interactive line chart\" src=\"\/\/datawrapper.dwcdn.net\/oeebg\" scrolling=\"no\" frameborder=\"0\"><\/iframe>\n\t<\/div>\n<\/div>\n\n\n\n<p>Dans la derni\u00e8re mise \u00e0 jour de sa grande enqu\u00eate sur les menaces mondiales, r\u00e9alis\u00e9e dans 25 pays, les r\u00e9pondants interrog\u00e9s par le Pew Research Center d\u00e9signent la d\u00e9sinformation en ligne (72&#160;%), les conditions de l\u2019\u00e9conomie mondiale (70&#160;%) ainsi que le terrorisme (69&#160;%) comme des \u00ab&#160;menaces majeures&#160;\u00bb pesant sur le monde&nbsp;<span class='whitespace-nowrap'><span id='easy-footnote-3-297935' class='easy-footnote-margin-adjust'><\/span><span class='easy-footnote'><a href='https:\/\/legrandcontinent.eu\/fr\/2025\/09\/16\/de-quelles-fins-du-monde-a-t-on-peur\/#easy-footnote-bottom-3-297935' title='Jacob Poushter, Moira Fagan, Maria Smerkovich et Andrew Prozorovsky, &lt;a href=&quot;https:\/\/www.pewresearch.org\/wp-content\/uploads\/sites\/20\/2025\/08\/pg_2025.08.19_global-threats_reporta.pdf&quot;&gt;International Opinion on Global Threats&lt;\/a&gt;, Pew Research Center, 19 ao\u00fbt 2025.'><sup>3<\/sup><\/a><\/span><\/span>.<\/p>\n\n\n\n<ul class=\"wp-block-list\">\n<li>Dans le m\u00eame temps, les inqui\u00e9tudes concernant les effets du changement climatique ainsi que la propagation de maladies infectieuses reculent.<\/li>\n\n\n\n<li>Dans les pays du Sud, les risques climatiques suscitent toutefois davantage d&rsquo;inqui\u00e9tude qu&rsquo;en 2018&#160;: + 17 points en Turquie, + 13 au Nigeria, + 9 en Indon\u00e9sie et + 8 en Inde.<\/li>\n<\/ul>\n\n\n\n<div class=\"iframe-container wp-block-image wp-block-image-medium  iframe-dw\">\n\t<div>\n\t\t<iframe class=\"absolute w-full h-full pin-t pin-l\" title=\"titolo\" aria-label=\"Interactive line chart\" src=\"\/\/datawrapper.dwcdn.net\/Zmh9R\" scrolling=\"no\" frameborder=\"0\"><\/iframe>\n\t<\/div>\n<\/div>\n\n\n\n<p>\u00c0 l\u2019\u00e9chelle de l\u2019Union, une \u00e9tude de l\u2019ECFR publi\u00e9e en janvier 2024 met en lumi\u00e8re les diff\u00e9rences dans les pr\u00e9occupations des citoyens des diff\u00e9rents pays europ\u00e9ens&nbsp;<span class='whitespace-nowrap'><span id='easy-footnote-4-297935' class='easy-footnote-margin-adjust'><\/span><span class='easy-footnote'><a href='https:\/\/legrandcontinent.eu\/fr\/2025\/09\/16\/de-quelles-fins-du-monde-a-t-on-peur\/#easy-footnote-bottom-4-297935' title='Ivan Krastev et Mark Leonard, &lt;a href=&quot;https:\/\/ecfr.eu\/wp-content\/uploads\/2024\/01\/A-crisis-of-ones-own_The-politics-of-trauma-in-Europes-election-year-v2.pdf&quot;&gt;A Crisis Of One\u2019s Own&amp;#160;: The Politics Of Trauma In Europe\u2019s Election Year&lt;\/a&gt;, European Council on Foreign Relations, 17 janvier 2024.'><sup>4<\/sup><\/a><\/span><\/span>.<\/p>\n\n\n\n<ul class=\"wp-block-list\">\n<li>Tandis que l\u2019immigration est le probl\u00e8me le plus important pour les \u00e9lecteurs allemands, un tiers des Italiens et des Portugais indique que ce sont les \u00ab&#160;bouleversements \u00e9conomiques mondiaux&#160;\u00bb qui ont le plus chang\u00e9 la fa\u00e7on dont ils envisagent leur avenir.<\/li>\n\n\n\n<li>Dans le nord et l\u2019est du continent, en Estonie, en Pologne et au Danemark, la guerre en Ukraine est vue comme la crise la plus importante, tandis qu\u2019elle est rel\u00e9gu\u00e9e au second plan en France, en Espagne et en Grande-Bretagne.<\/li>\n<\/ul>\n","protected":false},"excerpt":{"rendered":"<p>Risque climatique, effondrement \u00e9conomique, guerre nucl\u00e9aire&#160;&#160;: les sc\u00e9narios d&rsquo;apocalypse ne manquent pas. <\/p>\n<p>Selon les derni\u00e8res enqu\u00eates d&rsquo;opinion, pr\u00e8s de 50&#160;&#160;% des Europ\u00e9ens consid\u00e8rent qu&rsquo;il est \u00ab&#160;&#160;probable&#160;&#160;\u00bb qu&rsquo;une nouvelle guerre mondiale \u00e9clate au cours des 5 \u00e0 10 prochaines ann\u00e9es, et 68 \u00e0 76&#160;&#160;% des personnes interrog\u00e9es estiment qu&rsquo;un tel conflit pourrait conduire \u00e0 l&rsquo;utilisation d&rsquo;armes nucl\u00e9aires.<\/p>\n","protected":false},"author":2622,"featured_media":297939,"comment_status":"closed","ping_status":"closed","sticky":false,"template":"templates\/post-briefings.php","format":"standard","meta":{"_acf_changed":true,"_trash_the_other_posts":false,"_yoast_wpseo_estimated-reading-time-minutes":4,"footnotes":""},"categories":[1731],"tags":[],"staff":[],"editorial_format":[],"serie":[],"audience":[],"geo":[2163],"class_list":["post-297935","post","type-post","status-publish","format-standard","hentry","category-politique","geo-monde"],"acf":{"open_in_webview":false,"accent":false,"_thumbnail_id":297939,"excerpt":"Risque climatique, effondrement \u00e9conomique, guerre nucl\u00e9aire : les sc\u00e9narios d'apocalypse ne manquent pas. \r\n\r\nSelon les derni\u00e8res enqu\u00eates d'opinion, pr\u00e8s de 50 % des Europ\u00e9ens consid\u00e8rent qu'il est \u00abprobable\u00bb qu'une nouvelle guerre mondiale \u00e9clate au cours des 5 \u00e0 10 prochaines ann\u00e9es, et 68 \u00e0 76 % des personnes interrog\u00e9es estiment qu'un tel conflit pourrait conduire \u00e0 l'utilisation d'armes nucl\u00e9aires.","display_date":"","new_abstract":true},"yoast_head":"<!-- This site is optimized with the Yoast SEO plugin v26.1.1 - https:\/\/yoast.com\/wordpress\/plugins\/seo\/ -->\n<title>De quelles fins du monde a-t-on peur ?<\/title>\n<meta name=\"robots\" content=\"index, follow, max-snippet:-1, max-image-preview:large, max-video-preview:-1\" \/>\n<link rel=\"canonical\" href=\"https:\/\/legrandcontinent.eu\/fr\/2025\/09\/16\/de-quelles-fins-du-monde-a-t-on-peur\/\" \/>\n<meta property=\"og:locale\" content=\"fr_FR\" \/>\n<meta property=\"og:type\" content=\"article\" \/>\n<meta property=\"og:title\" content=\"De quelles fins du monde a-t-on peur ?\" \/>\n<meta property=\"og:description\" content=\"Risque climatique, effondrement \u00e9conomique, guerre nucl\u00e9aire&#160;: les sc\u00e9narios d&#039;apocalypse ne manquent pas.   Selon les derni\u00e8res enqu\u00eates d&#039;opinion, pr\u00e8s de 50&#160;% des Europ\u00e9ens consid\u00e8rent qu&#039;il est \u00ab&#160;probable&#160;\u00bb qu&#039;une nouvelle guerre mondiale \u00e9clate au cours des 5 \u00e0 10 prochaines ann\u00e9es, et 68 \u00e0 76&#160;% des personnes interrog\u00e9es estiment qu&#039;un tel conflit pourrait conduire \u00e0 l&#039;utilisation d&#039;armes nucl\u00e9aires.\" \/>\n<meta property=\"og:url\" content=\"https:\/\/legrandcontinent.eu\/fr\/2025\/09\/16\/de-quelles-fins-du-monde-a-t-on-peur\/\" \/>\n<meta property=\"og:site_name\" content=\"Le Grand Continent\" \/>\n<meta property=\"article:published_time\" content=\"2025-09-16T11:56:12+00:00\" \/>\n<meta property=\"article:modified_time\" content=\"2025-09-16T12:30:32+00:00\" \/>\n<meta property=\"og:image\" content=\"https:\/\/legrandcontinent.eu\/fr\/wp-content\/uploads\/sites\/2\/2025\/09\/gc-share-poll-fin-du-monde.jpg\" \/>\n\t<meta property=\"og:image:width\" content=\"1892\" \/>\n\t<meta property=\"og:image:height\" content=\"1054\" \/>\n\t<meta property=\"og:image:type\" content=\"image\/jpeg\" \/>\n<meta name=\"author\" content=\"Marin Saillofest\" \/>\n<meta name=\"twitter:card\" content=\"summary_large_image\" \/>\n<meta name=\"twitter:image\" content=\"https:\/\/legrandcontinent.eu\/fr\/wp-content\/uploads\/sites\/2\/2025\/09\/gc-share-poll-fin-du-monde.jpg\" \/>\n<meta name=\"twitter:label1\" content=\"\u00c9crit par\" \/>\n\t<meta name=\"twitter:data1\" content=\"Marin Saillofest\" \/>\n\t<meta name=\"twitter:label2\" content=\"Dur\u00e9e de lecture estim\u00e9e\" \/>\n\t<meta name=\"twitter:data2\" content=\"4 minutes\" \/>\n<script type=\"application\/ld+json\" class=\"yoast-schema-graph\">{\"@context\":\"https:\/\/schema.org\",\"@graph\":[{\"@type\":\"WebPage\",\"@id\":\"https:\/\/legrandcontinent.eu\/fr\/2025\/09\/16\/de-quelles-fins-du-monde-a-t-on-peur\/\",\"url\":\"https:\/\/legrandcontinent.eu\/fr\/2025\/09\/16\/de-quelles-fins-du-monde-a-t-on-peur\/\",\"name\":\"De quelles fins du monde a-t-on peur ?\",\"isPartOf\":{\"@id\":\"https:\/\/legrandcontinent.eu\/fr\/#website\"},\"primaryImageOfPage\":{\"@id\":\"https:\/\/legrandcontinent.eu\/fr\/2025\/09\/16\/de-quelles-fins-du-monde-a-t-on-peur\/#primaryimage\"},\"image\":{\"@id\":\"https:\/\/legrandcontinent.eu\/fr\/2025\/09\/16\/de-quelles-fins-du-monde-a-t-on-peur\/#primaryimage\"},\"thumbnailUrl\":\"https:\/\/legrandcontinent.eu\/fr\/wp-content\/uploads\/sites\/2\/2025\/09\/gc-poll-fin-du-monde.jpg\",\"datePublished\":\"2025-09-16T11:56:12+00:00\",\"dateModified\":\"2025-09-16T12:30:32+00:00\",\"author\":{\"@id\":\"https:\/\/legrandcontinent.eu\/fr\/#\/schema\/person\/e4f85f52220fc7b4cc3cfdb86d88e833\"},\"breadcrumb\":{\"@id\":\"https:\/\/legrandcontinent.eu\/fr\/2025\/09\/16\/de-quelles-fins-du-monde-a-t-on-peur\/#breadcrumb\"},\"inLanguage\":\"fr-FR\",\"potentialAction\":[{\"@type\":\"ReadAction\",\"target\":[\"https:\/\/legrandcontinent.eu\/fr\/2025\/09\/16\/de-quelles-fins-du-monde-a-t-on-peur\/\"]}]},{\"@type\":\"ImageObject\",\"inLanguage\":\"fr-FR\",\"@id\":\"https:\/\/legrandcontinent.eu\/fr\/2025\/09\/16\/de-quelles-fins-du-monde-a-t-on-peur\/#primaryimage\",\"url\":\"https:\/\/legrandcontinent.eu\/fr\/wp-content\/uploads\/sites\/2\/2025\/09\/gc-poll-fin-du-monde.jpg\",\"contentUrl\":\"https:\/\/legrandcontinent.eu\/fr\/wp-content\/uploads\/sites\/2\/2025\/09\/gc-poll-fin-du-monde.jpg\",\"width\":1886,\"height\":1048,\"caption\":\"Screenshot\"},{\"@type\":\"BreadcrumbList\",\"@id\":\"https:\/\/legrandcontinent.eu\/fr\/2025\/09\/16\/de-quelles-fins-du-monde-a-t-on-peur\/#breadcrumb\",\"itemListElement\":[{\"@type\":\"ListItem\",\"position\":1,\"name\":\"Accueil\",\"item\":\"https:\/\/legrandcontinent.eu\/fr\/\"},{\"@type\":\"ListItem\",\"position\":2,\"name\":\"De quelles fins du monde a-t-on peur&#160;?\"}]},{\"@type\":\"WebSite\",\"@id\":\"https:\/\/legrandcontinent.eu\/fr\/#website\",\"url\":\"https:\/\/legrandcontinent.eu\/fr\/\",\"name\":\"Le Grand Continent\",\"description\":\"L&#039;\u00e9chelle pertinente\",\"potentialAction\":[{\"@type\":\"SearchAction\",\"target\":{\"@type\":\"EntryPoint\",\"urlTemplate\":\"https:\/\/legrandcontinent.eu\/fr\/?s={search_term_string}\"},\"query-input\":{\"@type\":\"PropertyValueSpecification\",\"valueRequired\":true,\"valueName\":\"search_term_string\"}}],\"inLanguage\":\"fr-FR\"},{\"@type\":\"Person\",\"@id\":\"https:\/\/legrandcontinent.eu\/fr\/#\/schema\/person\/e4f85f52220fc7b4cc3cfdb86d88e833\",\"name\":\"Marin Saillofest\",\"image\":{\"@type\":\"ImageObject\",\"inLanguage\":\"fr-FR\",\"@id\":\"https:\/\/legrandcontinent.eu\/fr\/#\/schema\/person\/image\/\",\"url\":\"https:\/\/secure.gravatar.com\/avatar\/87088698b4d967390c49ae6d4f1aa459?s=96&d=mm&r=g\",\"contentUrl\":\"https:\/\/secure.gravatar.com\/avatar\/87088698b4d967390c49ae6d4f1aa459?s=96&d=mm&r=g\",\"caption\":\"Marin Saillofest\"}}]}<\/script>\n<!-- \/ Yoast SEO plugin. -->","yoast_head_json":{"title":"De quelles fins du monde a-t-on peur ?","robots":{"index":"index","follow":"follow","max-snippet":"max-snippet:-1","max-image-preview":"max-image-preview:large","max-video-preview":"max-video-preview:-1"},"canonical":"https:\/\/legrandcontinent.eu\/fr\/2025\/09\/16\/de-quelles-fins-du-monde-a-t-on-peur\/","og_locale":"fr_FR","og_type":"article","og_title":"De quelles fins du monde a-t-on peur ?","og_description":"Risque climatique, effondrement \u00e9conomique, guerre nucl\u00e9aire&#160;: les sc\u00e9narios d'apocalypse ne manquent pas.   Selon les derni\u00e8res enqu\u00eates d'opinion, pr\u00e8s de 50&#160;% des Europ\u00e9ens consid\u00e8rent qu'il est \u00ab&#160;probable&#160;\u00bb qu'une nouvelle guerre mondiale \u00e9clate au cours des 5 \u00e0 10 prochaines ann\u00e9es, et 68 \u00e0 76&#160;% des personnes interrog\u00e9es estiment qu'un tel conflit pourrait conduire \u00e0 l'utilisation d'armes nucl\u00e9aires.","og_url":"https:\/\/legrandcontinent.eu\/fr\/2025\/09\/16\/de-quelles-fins-du-monde-a-t-on-peur\/","og_site_name":"Le Grand Continent","article_published_time":"2025-09-16T11:56:12+00:00","article_modified_time":"2025-09-16T12:30:32+00:00","og_image":[{"width":1892,"height":1054,"url":"https:\/\/legrandcontinent.eu\/fr\/wp-content\/uploads\/sites\/2\/2025\/09\/gc-share-poll-fin-du-monde.jpg","type":"image\/jpeg"}],"author":"Marin Saillofest","twitter_card":"summary_large_image","twitter_image":"https:\/\/legrandcontinent.eu\/fr\/wp-content\/uploads\/sites\/2\/2025\/09\/gc-share-poll-fin-du-monde.jpg","twitter_misc":{"\u00c9crit par":"Marin Saillofest","Dur\u00e9e de lecture estim\u00e9e":"4 minutes"},"schema":{"@context":"https:\/\/schema.org","@graph":[{"@type":"WebPage","@id":"https:\/\/legrandcontinent.eu\/fr\/2025\/09\/16\/de-quelles-fins-du-monde-a-t-on-peur\/","url":"https:\/\/legrandcontinent.eu\/fr\/2025\/09\/16\/de-quelles-fins-du-monde-a-t-on-peur\/","name":"De quelles fins du monde a-t-on peur ?","isPartOf":{"@id":"https:\/\/legrandcontinent.eu\/fr\/#website"},"primaryImageOfPage":{"@id":"https:\/\/legrandcontinent.eu\/fr\/2025\/09\/16\/de-quelles-fins-du-monde-a-t-on-peur\/#primaryimage"},"image":{"@id":"https:\/\/legrandcontinent.eu\/fr\/2025\/09\/16\/de-quelles-fins-du-monde-a-t-on-peur\/#primaryimage"},"thumbnailUrl":"https:\/\/legrandcontinent.eu\/fr\/wp-content\/uploads\/sites\/2\/2025\/09\/gc-poll-fin-du-monde.jpg","datePublished":"2025-09-16T11:56:12+00:00","dateModified":"2025-09-16T12:30:32+00:00","author":{"@id":"https:\/\/legrandcontinent.eu\/fr\/#\/schema\/person\/e4f85f52220fc7b4cc3cfdb86d88e833"},"breadcrumb":{"@id":"https:\/\/legrandcontinent.eu\/fr\/2025\/09\/16\/de-quelles-fins-du-monde-a-t-on-peur\/#breadcrumb"},"inLanguage":"fr-FR","potentialAction":[{"@type":"ReadAction","target":["https:\/\/legrandcontinent.eu\/fr\/2025\/09\/16\/de-quelles-fins-du-monde-a-t-on-peur\/"]}]},{"@type":"ImageObject","inLanguage":"fr-FR","@id":"https:\/\/legrandcontinent.eu\/fr\/2025\/09\/16\/de-quelles-fins-du-monde-a-t-on-peur\/#primaryimage","url":"https:\/\/legrandcontinent.eu\/fr\/wp-content\/uploads\/sites\/2\/2025\/09\/gc-poll-fin-du-monde.jpg","contentUrl":"https:\/\/legrandcontinent.eu\/fr\/wp-content\/uploads\/sites\/2\/2025\/09\/gc-poll-fin-du-monde.jpg","width":1886,"height":1048,"caption":"Screenshot"},{"@type":"BreadcrumbList","@id":"https:\/\/legrandcontinent.eu\/fr\/2025\/09\/16\/de-quelles-fins-du-monde-a-t-on-peur\/#breadcrumb","itemListElement":[{"@type":"ListItem","position":1,"name":"Accueil","item":"https:\/\/legrandcontinent.eu\/fr\/"},{"@type":"ListItem","position":2,"name":"De quelles fins du monde a-t-on peur&#160;?"}]},{"@type":"WebSite","@id":"https:\/\/legrandcontinent.eu\/fr\/#website","url":"https:\/\/legrandcontinent.eu\/fr\/","name":"Le Grand Continent","description":"L&#039;\u00e9chelle pertinente","potentialAction":[{"@type":"SearchAction","target":{"@type":"EntryPoint","urlTemplate":"https:\/\/legrandcontinent.eu\/fr\/?s={search_term_string}"},"query-input":{"@type":"PropertyValueSpecification","valueRequired":true,"valueName":"search_term_string"}}],"inLanguage":"fr-FR"},{"@type":"Person","@id":"https:\/\/legrandcontinent.eu\/fr\/#\/schema\/person\/e4f85f52220fc7b4cc3cfdb86d88e833","name":"Marin Saillofest","image":{"@type":"ImageObject","inLanguage":"fr-FR","@id":"https:\/\/legrandcontinent.eu\/fr\/#\/schema\/person\/image\/","url":"https:\/\/secure.gravatar.com\/avatar\/87088698b4d967390c49ae6d4f1aa459?s=96&d=mm&r=g","contentUrl":"https:\/\/secure.gravatar.com\/avatar\/87088698b4d967390c49ae6d4f1aa459?s=96&d=mm&r=g","caption":"Marin Saillofest"}}]}},"lgc_categories":[{"id":1731,"name":"Politique","slug":"politique"}],"lgc_author":null,"feature_image_summary":{"url":"https:\/\/legrandcontinent.eu\/fr\/wp-content\/uploads\/sites\/2\/2025\/09\/gc-poll-fin-du-monde.jpg","width":1886,"height":1048,"alt":""},"feature_image_cover":null,"term_position_data":null,"_links":{"self":[{"href":"https:\/\/legrandcontinent.eu\/fr\/wp-json\/wp\/v2\/posts\/297935","targetHints":{"allow":["GET"]}}],"collection":[{"href":"https:\/\/legrandcontinent.eu\/fr\/wp-json\/wp\/v2\/posts"}],"about":[{"href":"https:\/\/legrandcontinent.eu\/fr\/wp-json\/wp\/v2\/types\/post"}],"author":[{"embeddable":true,"href":"https:\/\/legrandcontinent.eu\/fr\/wp-json\/wp\/v2\/users\/2622"}],"replies":[{"embeddable":true,"href":"https:\/\/legrandcontinent.eu\/fr\/wp-json\/wp\/v2\/comments?post=297935"}],"version-history":[{"count":0,"href":"https:\/\/legrandcontinent.eu\/fr\/wp-json\/wp\/v2\/posts\/297935\/revisions"}],"wp:featuredmedia":[{"embeddable":true,"href":"https:\/\/legrandcontinent.eu\/fr\/wp-json\/wp\/v2\/media\/297939"}],"wp:attachment":[{"href":"https:\/\/legrandcontinent.eu\/fr\/wp-json\/wp\/v2\/media?parent=297935"}],"wp:term":[{"taxonomy":"category","embeddable":true,"href":"https:\/\/legrandcontinent.eu\/fr\/wp-json\/wp\/v2\/categories?post=297935"},{"taxonomy":"post_tag","embeddable":true,"href":"https:\/\/legrandcontinent.eu\/fr\/wp-json\/wp\/v2\/tags?post=297935"},{"taxonomy":"staff","embeddable":true,"href":"https:\/\/legrandcontinent.eu\/fr\/wp-json\/wp\/v2\/staff?post=297935"},{"taxonomy":"editorial_format","embeddable":true,"href":"https:\/\/legrandcontinent.eu\/fr\/wp-json\/wp\/v2\/editorial_format?post=297935"},{"taxonomy":"serie","embeddable":true,"href":"https:\/\/legrandcontinent.eu\/fr\/wp-json\/wp\/v2\/serie?post=297935"},{"taxonomy":"audience","embeddable":true,"href":"https:\/\/legrandcontinent.eu\/fr\/wp-json\/wp\/v2\/audience?post=297935"},{"taxonomy":"geo","embeddable":true,"href":"https:\/\/legrandcontinent.eu\/fr\/wp-json\/wp\/v2\/geo?post=297935"}],"curies":[{"name":"wp","href":"https:\/\/api.w.org\/{rel}","templated":true}]}}