{"id":297080,"date":"2025-09-09T06:30:00","date_gmt":"2025-09-09T04:30:00","guid":{"rendered":"https:\/\/legrandcontinent.eu\/fr\/?p=297080"},"modified":"2025-09-09T09:22:11","modified_gmt":"2025-09-09T07:22:11","slug":"la-russie-a-frappe-lukraine-avec-plus-de-drones-shahed-au-cours-de-lete-2025-que-durant-toute-lannee-derniere","status":"publish","type":"post","link":"https:\/\/legrandcontinent.eu\/fr\/2025\/09\/09\/la-russie-a-frappe-lukraine-avec-plus-de-drones-shahed-au-cours-de-lete-2025-que-durant-toute-lannee-derniere\/","title":{"rendered":"La Russie a frapp\u00e9 l\u2019Ukraine avec plus de drones Shahed au cours de l\u2019\u00e9t\u00e9 2025 que durant toute l\u2019ann\u00e9e derni\u00e8re"},"content":{"rendered":"\n<p>Aujourd\u2019hui, mardi 9 septembre, le groupe de contact sur la d\u00e9fense de l\u2019Ukraine, aussi appel\u00e9 le format \u00ab&#160;Ramstein&#160;\u00bb, se r\u00e9unit \u00e0 Londres pour la 30e fois depuis 2022. L\u2019ordre du jour devrait \u00eatre domin\u00e9 par la question des besoins de l\u2019Ukraine en mati\u00e8re de d\u00e9fense anti-a\u00e9rienne.<\/p>\n\n\n\n<ul class=\"wp-block-list\">\n<li>Le week-end dernier, dans la nuit du 6 au 7 septembre, la Russie a lanc\u00e9 810 drones Shahed et 13 missiles de croisi\u00e8re et balistiques sur des infrastructures civiles et des immeubles r\u00e9sidentiels, soit l\u2019attaque la plus importante depuis f\u00e9vrier 2022.<\/li>\n\n\n\n<li>Pour la premi\u00e8re fois depuis le d\u00e9but du conflit, l\u2019arm\u00e9e russe a d\u00e9lib\u00e9r\u00e9ment pris pour cible le si\u00e8ge du cabinet des ministres du gouvernement ukrainien, dans le quartier de Petchersk, \u00e0 Kiev, selon des sources cit\u00e9es par <em>Ukrainska Pravda<\/em>.<\/li>\n\n\n\n<li>La Premi\u00e8re ministre ukrainienne, Ioulia Svyrydenko, avait d\u00e9clar\u00e9 suite aux frappes&#160;: \u00ab&#160;Il est \u00e9vident que la Russie ne veut pas la paix&#160;\u00bb.<\/li>\n<\/ul>\n\n\n\n<div class=\"iframe-container wp-block-image wp-block-image-medium  iframe-dw\">\n\t<div>\n\t\t<iframe class=\"absolute w-full h-full pin-t pin-l\" title=\"titolo\" aria-label=\"Interactive line chart\" src=\"\/\/datawrapper.dwcdn.net\/hvEed\" scrolling=\"no\" frameborder=\"0\"><\/iframe>\n\t<\/div>\n<\/div>\n\n\n\n<p>En seulement deux mois, cet \u00e9t\u00e9, l\u2019arm\u00e9e russe a lanc\u00e9 10 429 drones Shahed contre l\u2019Ukraine, soit plus qu\u2019au cours de l\u2019ann\u00e9e 2024 enti\u00e8re (10 167). Cette intensification de la campagne a\u00e9rienne russe t\u00e9moigne de l\u2019augmentation massive de sa capacit\u00e9 de production de drones, qui aurait atteint 170 Shahed par jour en juin, selon les renseignements militaires ukrainiens.<\/p>\n\n\n\n<ul class=\"wp-block-list\">\n<li>Moscou aurait pour objectif d\u2019atteindre 190 unit\u00e9s par jour d\u2019ici la fin de l\u2019ann\u00e9e&nbsp;<span class='whitespace-nowrap'><span id='easy-footnote-1-297080' class='easy-footnote-margin-adjust'><\/span><span class='easy-footnote'><a href='https:\/\/legrandcontinent.eu\/fr\/2025\/09\/09\/la-russie-a-frappe-lukraine-avec-plus-de-drones-shahed-au-cours-de-lete-2025-que-durant-toute-lannee-derniere\/#easy-footnote-bottom-1-297080' title='\u0404\u0432\u0433\u0435\u043d\u0456\u044f \u0413\u0443\u0431\u0456\u043d\u0430, \u00ab&amp;#160;&lt;a href=&quot;https:\/\/mezha.media\/oboronka\/rosiya-viroblyaye-170-shahediv-shchodnya-302445\/&quot;&gt;\u0413\u0423\u0420&amp;#160;: \u0440\u043e\u0441\u0456\u044f \u0432\u0438\u0440\u043e\u0431\u043b\u044f\u0454 \u0431\u043b\u0438\u0437\u044c\u043a\u043e 170 \u00ab&amp;#160;\u0428\u0430\u0445\u0435\u0434\u0456\u0432&amp;#160;\u00bb \u043d\u0430 \u0434\u0435\u043d\u044c \u0442\u0430 \u0445\u043e\u0447\u0435 \u0437\u0431\u0456\u043b\u044c\u0448\u0443\u0432\u0430\u0442\u0438 \u0442\u0435\u043c\u043f\u0438&lt;\/a&gt;&amp;#160;\u00bb, &lt;em&gt;Mezha.Media&lt;\/em&gt;, 4 juin 2025.'><sup>1<\/sup><\/a><\/span><\/span>. Ce chiffre correspond \u00e0 la moyenne des drones lanc\u00e9s quotidiennement au cours de la p\u00e9riode juillet-ao\u00fbt.<\/li>\n\n\n\n<li>Tandis que les \u00c9tats-Unis ont cess\u00e9 d\u2019allouer des aides militaires suppl\u00e9mentaires depuis le mois de janvier, les pays europ\u00e9ens ont quant \u00e0 eux maintenu un niveau \u00e9lev\u00e9 de soutien \u00e0 l&rsquo;Ukraine.<\/li>\n\n\n\n<li>L\u2019assistance militaire europ\u00e9enne s\u2019\u00e9l\u00e8ve d\u00e9sormais \u00e0 pr\u00e8s de 80 milliards d\u2019euros, contre 65 pour Washington depuis f\u00e9vrier 2022, selon le Kiel Institute.<\/li>\n<\/ul>\n\n\n\n<div class=\"iframe-container wp-block-image wp-block-image-medium  iframe-dw\">\n\t<div>\n\t\t<iframe class=\"absolute w-full h-full pin-t pin-l\" title=\"titolo\" aria-label=\"Interactive line chart\" src=\"\/\/datawrapper.dwcdn.net\/aVTjk\" scrolling=\"no\" frameborder=\"0\"><\/iframe>\n\t<\/div>\n<\/div>\n\n\n\n<p>Kiev d\u00e9pend n\u00e9anmoins de l\u2019industrie de d\u00e9fense am\u00e9ricaine pour plusieurs types de munitions, dont l\u2019achat est d\u00e9sormais en partie financ\u00e9 via un nouveau programme de l\u2019OTAN, baptis\u00e9 PURL (Liste des besoins prioris\u00e9s de l\u2019Ukraine). L\u2019un des objectifs de la r\u00e9union d\u2019aujourd\u2019hui sera d\u2019accro\u00eetre les contributions financi\u00e8res des soutiens europ\u00e9ens au programme.<\/p>\n","protected":false},"excerpt":{"rendered":"<p>Au total, 10 429 drones Shahed ont \u00e9t\u00e9 tir\u00e9s sur l\u2019Ukraine par l\u2019arm\u00e9e russe au cours des mois de juillet-ao\u00fbt 2025, soit plus qu\u2019en 2024 (10 167).<\/p>\n<p>Les questions des d\u00e9fenses anti-a\u00e9riennes ukrainiennes ainsi que du soutien occidental \u00e0 Kiev devraient dominer les discussions lors de la r\u00e9union en format Ramstein pr\u00e9vue aujourd\u2019hui, mardi 9 septembre, \u00e0 Londres.<\/p>\n","protected":false},"author":2622,"featured_media":297084,"comment_status":"closed","ping_status":"closed","sticky":false,"template":"templates\/post-briefings.php","format":"standard","meta":{"_acf_changed":true,"_trash_the_other_posts":false,"_yoast_wpseo_estimated-reading-time-minutes":3,"footnotes":""},"categories":[3116],"tags":[],"staff":[],"editorial_format":[],"serie":[],"audience":[],"geo":[1917],"class_list":["post-297080","post","type-post","status-publish","format-standard","hentry","category-la-guerre-en-ukraine-au-jour-le-jour","geo-europe"],"acf":{"open_in_webview":false,"accent":false,"_thumbnail_id":297084,"excerpt":"Au total, 10 429 drones Shahed ont \u00e9t\u00e9 tir\u00e9s sur l\u2019Ukraine par l\u2019arm\u00e9e russe au cours des mois de juillet-ao\u00fbt 2025, soit plus qu\u2019en 2024 (10 167).\r\n\r\nLes questions des d\u00e9fenses anti-a\u00e9riennes ukrainiennes ainsi que du soutien occidental \u00e0 Kiev devraient dominer les discussions lors de la r\u00e9union en format Ramstein pr\u00e9vue aujourd\u2019hui, mardi 9 septembre, \u00e0 Londres.","display_date":"","new_abstract":true},"yoast_head":"<!-- This site is optimized with the Yoast SEO plugin v26.1.1 - https:\/\/yoast.com\/wordpress\/plugins\/seo\/ -->\n<title>Moscou a frapp\u00e9 l\u2019Ukraine avec plus de Shahed cet \u00e9t\u00e9 qu&#039;en 2024<\/title>\n<meta name=\"robots\" content=\"index, follow, max-snippet:-1, max-image-preview:large, max-video-preview:-1\" \/>\n<link rel=\"canonical\" href=\"https:\/\/legrandcontinent.eu\/fr\/2025\/09\/09\/la-russie-a-frappe-lukraine-avec-plus-de-drones-shahed-au-cours-de-lete-2025-que-durant-toute-lannee-derniere\/\" \/>\n<meta property=\"og:locale\" content=\"fr_FR\" \/>\n<meta property=\"og:type\" content=\"article\" \/>\n<meta property=\"og:title\" content=\"Moscou a frapp\u00e9 l\u2019Ukraine avec plus de Shahed cet \u00e9t\u00e9 qu&#039;en 2024\" \/>\n<meta property=\"og:description\" content=\"Au total, 10 429 drones Shahed ont \u00e9t\u00e9 tir\u00e9s sur l\u2019Ukraine par l\u2019arm\u00e9e russe au cours des mois de juillet-ao\u00fbt 2025, soit plus qu\u2019en 2024 (10 167).  Les questions des d\u00e9fenses anti-a\u00e9riennes ukrainiennes ainsi que du soutien occidental \u00e0 Kiev devraient dominer les discussions lors de la r\u00e9union en format Ramstein pr\u00e9vue aujourd\u2019hui, mardi 9 septembre, \u00e0 Londres.\" \/>\n<meta property=\"og:url\" content=\"https:\/\/legrandcontinent.eu\/fr\/2025\/09\/09\/la-russie-a-frappe-lukraine-avec-plus-de-drones-shahed-au-cours-de-lete-2025-que-durant-toute-lannee-derniere\/\" \/>\n<meta property=\"og:site_name\" content=\"Le Grand Continent\" \/>\n<meta property=\"article:published_time\" content=\"2025-09-09T04:30:00+00:00\" \/>\n<meta property=\"article:modified_time\" content=\"2025-09-09T07:22:11+00:00\" \/>\n<meta property=\"og:image\" content=\"https:\/\/legrandcontinent.eu\/fr\/wp-content\/uploads\/sites\/2\/2025\/09\/gc-share-cd-sahed-ete-2025-24.png\" \/>\n\t<meta property=\"og:image:width\" content=\"1902\" \/>\n\t<meta property=\"og:image:height\" content=\"1066\" \/>\n\t<meta property=\"og:image:type\" content=\"image\/png\" \/>\n<meta name=\"author\" content=\"Marin Saillofest\" \/>\n<meta name=\"twitter:card\" content=\"summary_large_image\" \/>\n<meta name=\"twitter:image\" content=\"https:\/\/legrandcontinent.eu\/fr\/wp-content\/uploads\/sites\/2\/2025\/09\/gc-share-cd-sahed-ete-2025-24.png\" \/>\n<meta name=\"twitter:label1\" content=\"\u00c9crit par\" \/>\n\t<meta name=\"twitter:data1\" content=\"Marin Saillofest\" \/>\n\t<meta name=\"twitter:label2\" content=\"Dur\u00e9e de lecture estim\u00e9e\" \/>\n\t<meta name=\"twitter:data2\" content=\"3 minutes\" \/>\n<script type=\"application\/ld+json\" class=\"yoast-schema-graph\">{\"@context\":\"https:\/\/schema.org\",\"@graph\":[{\"@type\":\"WebPage\",\"@id\":\"https:\/\/legrandcontinent.eu\/fr\/2025\/09\/09\/la-russie-a-frappe-lukraine-avec-plus-de-drones-shahed-au-cours-de-lete-2025-que-durant-toute-lannee-derniere\/\",\"url\":\"https:\/\/legrandcontinent.eu\/fr\/2025\/09\/09\/la-russie-a-frappe-lukraine-avec-plus-de-drones-shahed-au-cours-de-lete-2025-que-durant-toute-lannee-derniere\/\",\"name\":\"Moscou a frapp\u00e9 l\u2019Ukraine avec plus de Shahed cet \u00e9t\u00e9 qu'en 2024\",\"isPartOf\":{\"@id\":\"https:\/\/legrandcontinent.eu\/fr\/#website\"},\"primaryImageOfPage\":{\"@id\":\"https:\/\/legrandcontinent.eu\/fr\/2025\/09\/09\/la-russie-a-frappe-lukraine-avec-plus-de-drones-shahed-au-cours-de-lete-2025-que-durant-toute-lannee-derniere\/#primaryimage\"},\"image\":{\"@id\":\"https:\/\/legrandcontinent.eu\/fr\/2025\/09\/09\/la-russie-a-frappe-lukraine-avec-plus-de-drones-shahed-au-cours-de-lete-2025-que-durant-toute-lannee-derniere\/#primaryimage\"},\"thumbnailUrl\":\"https:\/\/legrandcontinent.eu\/fr\/wp-content\/uploads\/sites\/2\/2025\/09\/gc-cd-sahed-ete-2025-24.png\",\"datePublished\":\"2025-09-09T04:30:00+00:00\",\"dateModified\":\"2025-09-09T07:22:11+00:00\",\"author\":{\"@id\":\"https:\/\/legrandcontinent.eu\/fr\/#\/schema\/person\/e4f85f52220fc7b4cc3cfdb86d88e833\"},\"breadcrumb\":{\"@id\":\"https:\/\/legrandcontinent.eu\/fr\/2025\/09\/09\/la-russie-a-frappe-lukraine-avec-plus-de-drones-shahed-au-cours-de-lete-2025-que-durant-toute-lannee-derniere\/#breadcrumb\"},\"inLanguage\":\"fr-FR\",\"potentialAction\":[{\"@type\":\"ReadAction\",\"target\":[\"https:\/\/legrandcontinent.eu\/fr\/2025\/09\/09\/la-russie-a-frappe-lukraine-avec-plus-de-drones-shahed-au-cours-de-lete-2025-que-durant-toute-lannee-derniere\/\"]}]},{\"@type\":\"ImageObject\",\"inLanguage\":\"fr-FR\",\"@id\":\"https:\/\/legrandcontinent.eu\/fr\/2025\/09\/09\/la-russie-a-frappe-lukraine-avec-plus-de-drones-shahed-au-cours-de-lete-2025-que-durant-toute-lannee-derniere\/#primaryimage\",\"url\":\"https:\/\/legrandcontinent.eu\/fr\/wp-content\/uploads\/sites\/2\/2025\/09\/gc-cd-sahed-ete-2025-24.png\",\"contentUrl\":\"https:\/\/legrandcontinent.eu\/fr\/wp-content\/uploads\/sites\/2\/2025\/09\/gc-cd-sahed-ete-2025-24.png\",\"width\":1890,\"height\":1050},{\"@type\":\"BreadcrumbList\",\"@id\":\"https:\/\/legrandcontinent.eu\/fr\/2025\/09\/09\/la-russie-a-frappe-lukraine-avec-plus-de-drones-shahed-au-cours-de-lete-2025-que-durant-toute-lannee-derniere\/#breadcrumb\",\"itemListElement\":[{\"@type\":\"ListItem\",\"position\":1,\"name\":\"Accueil\",\"item\":\"https:\/\/legrandcontinent.eu\/fr\/\"},{\"@type\":\"ListItem\",\"position\":2,\"name\":\"La Russie a frapp\u00e9 l\u2019Ukraine avec plus de drones Shahed au cours de l\u2019\u00e9t\u00e9 2025 que durant toute l\u2019ann\u00e9e derni\u00e8re\"}]},{\"@type\":\"WebSite\",\"@id\":\"https:\/\/legrandcontinent.eu\/fr\/#website\",\"url\":\"https:\/\/legrandcontinent.eu\/fr\/\",\"name\":\"Le Grand Continent\",\"description\":\"L&#039;\u00e9chelle pertinente\",\"potentialAction\":[{\"@type\":\"SearchAction\",\"target\":{\"@type\":\"EntryPoint\",\"urlTemplate\":\"https:\/\/legrandcontinent.eu\/fr\/?s={search_term_string}\"},\"query-input\":{\"@type\":\"PropertyValueSpecification\",\"valueRequired\":true,\"valueName\":\"search_term_string\"}}],\"inLanguage\":\"fr-FR\"},{\"@type\":\"Person\",\"@id\":\"https:\/\/legrandcontinent.eu\/fr\/#\/schema\/person\/e4f85f52220fc7b4cc3cfdb86d88e833\",\"name\":\"Marin Saillofest\",\"image\":{\"@type\":\"ImageObject\",\"inLanguage\":\"fr-FR\",\"@id\":\"https:\/\/legrandcontinent.eu\/fr\/#\/schema\/person\/image\/\",\"url\":\"https:\/\/secure.gravatar.com\/avatar\/87088698b4d967390c49ae6d4f1aa459?s=96&d=mm&r=g\",\"contentUrl\":\"https:\/\/secure.gravatar.com\/avatar\/87088698b4d967390c49ae6d4f1aa459?s=96&d=mm&r=g\",\"caption\":\"Marin Saillofest\"}}]}<\/script>\n<!-- \/ Yoast SEO plugin. -->","yoast_head_json":{"title":"Moscou a frapp\u00e9 l\u2019Ukraine avec plus de Shahed cet \u00e9t\u00e9 qu'en 2024","robots":{"index":"index","follow":"follow","max-snippet":"max-snippet:-1","max-image-preview":"max-image-preview:large","max-video-preview":"max-video-preview:-1"},"canonical":"https:\/\/legrandcontinent.eu\/fr\/2025\/09\/09\/la-russie-a-frappe-lukraine-avec-plus-de-drones-shahed-au-cours-de-lete-2025-que-durant-toute-lannee-derniere\/","og_locale":"fr_FR","og_type":"article","og_title":"Moscou a frapp\u00e9 l\u2019Ukraine avec plus de Shahed cet \u00e9t\u00e9 qu'en 2024","og_description":"Au total, 10 429 drones Shahed ont \u00e9t\u00e9 tir\u00e9s sur l\u2019Ukraine par l\u2019arm\u00e9e russe au cours des mois de juillet-ao\u00fbt 2025, soit plus qu\u2019en 2024 (10 167).  Les questions des d\u00e9fenses anti-a\u00e9riennes ukrainiennes ainsi que du soutien occidental \u00e0 Kiev devraient dominer les discussions lors de la r\u00e9union en format Ramstein pr\u00e9vue aujourd\u2019hui, mardi 9 septembre, \u00e0 Londres.","og_url":"https:\/\/legrandcontinent.eu\/fr\/2025\/09\/09\/la-russie-a-frappe-lukraine-avec-plus-de-drones-shahed-au-cours-de-lete-2025-que-durant-toute-lannee-derniere\/","og_site_name":"Le Grand Continent","article_published_time":"2025-09-09T04:30:00+00:00","article_modified_time":"2025-09-09T07:22:11+00:00","og_image":[{"width":1902,"height":1066,"url":"https:\/\/legrandcontinent.eu\/fr\/wp-content\/uploads\/sites\/2\/2025\/09\/gc-share-cd-sahed-ete-2025-24.png","type":"image\/png"}],"author":"Marin Saillofest","twitter_card":"summary_large_image","twitter_image":"https:\/\/legrandcontinent.eu\/fr\/wp-content\/uploads\/sites\/2\/2025\/09\/gc-share-cd-sahed-ete-2025-24.png","twitter_misc":{"\u00c9crit par":"Marin Saillofest","Dur\u00e9e de lecture estim\u00e9e":"3 minutes"},"schema":{"@context":"https:\/\/schema.org","@graph":[{"@type":"WebPage","@id":"https:\/\/legrandcontinent.eu\/fr\/2025\/09\/09\/la-russie-a-frappe-lukraine-avec-plus-de-drones-shahed-au-cours-de-lete-2025-que-durant-toute-lannee-derniere\/","url":"https:\/\/legrandcontinent.eu\/fr\/2025\/09\/09\/la-russie-a-frappe-lukraine-avec-plus-de-drones-shahed-au-cours-de-lete-2025-que-durant-toute-lannee-derniere\/","name":"Moscou a frapp\u00e9 l\u2019Ukraine avec plus de Shahed cet \u00e9t\u00e9 qu'en 2024","isPartOf":{"@id":"https:\/\/legrandcontinent.eu\/fr\/#website"},"primaryImageOfPage":{"@id":"https:\/\/legrandcontinent.eu\/fr\/2025\/09\/09\/la-russie-a-frappe-lukraine-avec-plus-de-drones-shahed-au-cours-de-lete-2025-que-durant-toute-lannee-derniere\/#primaryimage"},"image":{"@id":"https:\/\/legrandcontinent.eu\/fr\/2025\/09\/09\/la-russie-a-frappe-lukraine-avec-plus-de-drones-shahed-au-cours-de-lete-2025-que-durant-toute-lannee-derniere\/#primaryimage"},"thumbnailUrl":"https:\/\/legrandcontinent.eu\/fr\/wp-content\/uploads\/sites\/2\/2025\/09\/gc-cd-sahed-ete-2025-24.png","datePublished":"2025-09-09T04:30:00+00:00","dateModified":"2025-09-09T07:22:11+00:00","author":{"@id":"https:\/\/legrandcontinent.eu\/fr\/#\/schema\/person\/e4f85f52220fc7b4cc3cfdb86d88e833"},"breadcrumb":{"@id":"https:\/\/legrandcontinent.eu\/fr\/2025\/09\/09\/la-russie-a-frappe-lukraine-avec-plus-de-drones-shahed-au-cours-de-lete-2025-que-durant-toute-lannee-derniere\/#breadcrumb"},"inLanguage":"fr-FR","potentialAction":[{"@type":"ReadAction","target":["https:\/\/legrandcontinent.eu\/fr\/2025\/09\/09\/la-russie-a-frappe-lukraine-avec-plus-de-drones-shahed-au-cours-de-lete-2025-que-durant-toute-lannee-derniere\/"]}]},{"@type":"ImageObject","inLanguage":"fr-FR","@id":"https:\/\/legrandcontinent.eu\/fr\/2025\/09\/09\/la-russie-a-frappe-lukraine-avec-plus-de-drones-shahed-au-cours-de-lete-2025-que-durant-toute-lannee-derniere\/#primaryimage","url":"https:\/\/legrandcontinent.eu\/fr\/wp-content\/uploads\/sites\/2\/2025\/09\/gc-cd-sahed-ete-2025-24.png","contentUrl":"https:\/\/legrandcontinent.eu\/fr\/wp-content\/uploads\/sites\/2\/2025\/09\/gc-cd-sahed-ete-2025-24.png","width":1890,"height":1050},{"@type":"BreadcrumbList","@id":"https:\/\/legrandcontinent.eu\/fr\/2025\/09\/09\/la-russie-a-frappe-lukraine-avec-plus-de-drones-shahed-au-cours-de-lete-2025-que-durant-toute-lannee-derniere\/#breadcrumb","itemListElement":[{"@type":"ListItem","position":1,"name":"Accueil","item":"https:\/\/legrandcontinent.eu\/fr\/"},{"@type":"ListItem","position":2,"name":"La Russie a frapp\u00e9 l\u2019Ukraine avec plus de drones Shahed au cours de l\u2019\u00e9t\u00e9 2025 que durant toute l\u2019ann\u00e9e derni\u00e8re"}]},{"@type":"WebSite","@id":"https:\/\/legrandcontinent.eu\/fr\/#website","url":"https:\/\/legrandcontinent.eu\/fr\/","name":"Le Grand Continent","description":"L&#039;\u00e9chelle pertinente","potentialAction":[{"@type":"SearchAction","target":{"@type":"EntryPoint","urlTemplate":"https:\/\/legrandcontinent.eu\/fr\/?s={search_term_string}"},"query-input":{"@type":"PropertyValueSpecification","valueRequired":true,"valueName":"search_term_string"}}],"inLanguage":"fr-FR"},{"@type":"Person","@id":"https:\/\/legrandcontinent.eu\/fr\/#\/schema\/person\/e4f85f52220fc7b4cc3cfdb86d88e833","name":"Marin Saillofest","image":{"@type":"ImageObject","inLanguage":"fr-FR","@id":"https:\/\/legrandcontinent.eu\/fr\/#\/schema\/person\/image\/","url":"https:\/\/secure.gravatar.com\/avatar\/87088698b4d967390c49ae6d4f1aa459?s=96&d=mm&r=g","contentUrl":"https:\/\/secure.gravatar.com\/avatar\/87088698b4d967390c49ae6d4f1aa459?s=96&d=mm&r=g","caption":"Marin Saillofest"}}]}},"lgc_categories":[{"id":3116,"name":"La guerre en Ukraine au jour le jour","slug":"la-guerre-en-ukraine-au-jour-le-jour"}],"lgc_author":null,"feature_image_summary":{"url":"https:\/\/legrandcontinent.eu\/fr\/wp-content\/uploads\/sites\/2\/2025\/09\/gc-cd-sahed-ete-2025-24.png","width":1890,"height":1050,"alt":""},"feature_image_cover":null,"term_position_data":null,"_links":{"self":[{"href":"https:\/\/legrandcontinent.eu\/fr\/wp-json\/wp\/v2\/posts\/297080","targetHints":{"allow":["GET"]}}],"collection":[{"href":"https:\/\/legrandcontinent.eu\/fr\/wp-json\/wp\/v2\/posts"}],"about":[{"href":"https:\/\/legrandcontinent.eu\/fr\/wp-json\/wp\/v2\/types\/post"}],"author":[{"embeddable":true,"href":"https:\/\/legrandcontinent.eu\/fr\/wp-json\/wp\/v2\/users\/2622"}],"replies":[{"embeddable":true,"href":"https:\/\/legrandcontinent.eu\/fr\/wp-json\/wp\/v2\/comments?post=297080"}],"version-history":[{"count":0,"href":"https:\/\/legrandcontinent.eu\/fr\/wp-json\/wp\/v2\/posts\/297080\/revisions"}],"wp:featuredmedia":[{"embeddable":true,"href":"https:\/\/legrandcontinent.eu\/fr\/wp-json\/wp\/v2\/media\/297084"}],"wp:attachment":[{"href":"https:\/\/legrandcontinent.eu\/fr\/wp-json\/wp\/v2\/media?parent=297080"}],"wp:term":[{"taxonomy":"category","embeddable":true,"href":"https:\/\/legrandcontinent.eu\/fr\/wp-json\/wp\/v2\/categories?post=297080"},{"taxonomy":"post_tag","embeddable":true,"href":"https:\/\/legrandcontinent.eu\/fr\/wp-json\/wp\/v2\/tags?post=297080"},{"taxonomy":"staff","embeddable":true,"href":"https:\/\/legrandcontinent.eu\/fr\/wp-json\/wp\/v2\/staff?post=297080"},{"taxonomy":"editorial_format","embeddable":true,"href":"https:\/\/legrandcontinent.eu\/fr\/wp-json\/wp\/v2\/editorial_format?post=297080"},{"taxonomy":"serie","embeddable":true,"href":"https:\/\/legrandcontinent.eu\/fr\/wp-json\/wp\/v2\/serie?post=297080"},{"taxonomy":"audience","embeddable":true,"href":"https:\/\/legrandcontinent.eu\/fr\/wp-json\/wp\/v2\/audience?post=297080"},{"taxonomy":"geo","embeddable":true,"href":"https:\/\/legrandcontinent.eu\/fr\/wp-json\/wp\/v2\/geo?post=297080"}],"curies":[{"name":"wp","href":"https:\/\/api.w.org\/{rel}","templated":true}]}}