{"id":297048,"date":"2025-09-08T19:18:47","date_gmt":"2025-09-08T17:18:47","guid":{"rendered":"https:\/\/legrandcontinent.eu\/fr\/?p=297048"},"modified":"2025-09-08T19:26:03","modified_gmt":"2025-09-08T17:26:03","slug":"le-gouvernement-bayrou-est-tombe-que-se-passe-t-il-maintenant","status":"publish","type":"post","link":"https:\/\/legrandcontinent.eu\/fr\/2025\/09\/08\/le-gouvernement-bayrou-est-tombe-que-se-passe-t-il-maintenant\/","title":{"rendered":"Le gouvernement Bayrou est tomb\u00e9&#160;: que se passe-t-il maintenant&#160;?"},"content":{"rendered":"\n<p>Fran\u00e7ois Bayrou a perdu le vote de confiance de l\u2019Assembl\u00e9e nationale aujourd\u2019hui, lundi 8 septembre, avec 364 voix contre et 194 voix pour, \u00e0 l\u2019issue d\u2019une session de quatre heures ouverte par un discours de politique g\u00e9n\u00e9rale du Premier ministre. Une majorit\u00e9 de 280 voix \u00e9tait requise.<\/p>\n\n\n\n<ul class=\"wp-block-list\">\n<li>Le PCF, LFI, les \u00c9cologistes, le PS, l\u2019Union des droites pour la R\u00e9publique et le Rassemblement national avaient d\u00e9j\u00e0 annonc\u00e9 qu\u2019ils voteraient contre la confiance au gouvernement.<\/li>\n\n\n\n<li>Ensemble, ils regroupent 330 voix, ce qui signifie que plus d&rsquo;une trentaine de d\u00e9put\u00e9s suppl\u00e9mentaires les ont rejoints.<\/li>\n<\/ul>\n\n\n\n<p>Fran\u00e7ois Bayrou doit d\u00e9sormais pr\u00e9senter sa d\u00e9mission \u00e0 Emmanuel Macron, et devrait continuer temporairement d\u2019assurer ses fonctions \u00e0 la t\u00eate d\u2019un gouvernement d\u2019affaires courantes.<\/p>\n\n\n\n<ul class=\"wp-block-list\">\n<li>Selon des sources proches de l\u2019\u00c9lys\u00e9e, le pr\u00e9sident fran\u00e7ais voudra \u00ab&#160;aller vite&#160;\u00bb en nommant un nouveau Premier ministre au cours des prochaines jours.<\/li>\n\n\n\n<li>Cet agenda pourrait n\u00e9anmoins \u00eatre perturb\u00e9 par l\u2019appel \u00e0 un mouvement de blocage national mercredi 10 septembre.<\/li>\n\n\n\n<li>En d\u00e9cembre 2024, Michel Barnier \u00e9tait rest\u00e9 \u00e0 la t\u00eate du gouvernement pendant huit jours suite \u00e0 sa d\u00e9mission le 5 d\u00e9cembre, jusqu\u2019\u00e0 la nomination de Fran\u00e7ois Bayrou le 13.<\/li>\n\n\n\n<li>Gabriel Attal avait quant \u00e0 lui g\u00e9r\u00e9 les \u00ab&#160;affaires courantes&#160;\u00bb durant 67 jours, soit une dur\u00e9e in\u00e9dite au cours de la Cinqui\u00e8me R\u00e9publique.<\/li>\n<\/ul>\n\n\n\n<div class=\"iframe-container wp-block-image wp-block-image-medium  iframe-dw\">\n\t<div>\n\t\t<iframe class=\"absolute w-full h-full pin-t pin-l\" title=\"titolo\" aria-label=\"Interactive line chart\" src=\"\/\/datawrapper.dwcdn.net\/1TzBH\" scrolling=\"no\" frameborder=\"0\"><\/iframe>\n\t<\/div>\n<\/div>\n\n\n\n<p>Le calendrier politique est n\u00e9anmoins contraint par le budget pour l\u2019ann\u00e9e 2026.<\/p>\n\n\n\n<ul class=\"wp-block-list\">\n<li>La loi organique relative aux lois de finances (LOLF) indique que le projet de loi de finances de l\u2019ann\u00e9e doit \u00eatre d\u00e9pos\u00e9 \u00e0 l\u2019Assembl\u00e9e nationale au plus tard le premier mardi du mois d\u2019octobre soit le 7 octobre.<\/li>\n\n\n\n<li>Avant le vote d\u2019aujourd\u2019hui, celui-ci devait \u00eatre pr\u00e9sent\u00e9 \u00e0 l\u2019Assembl\u00e9e le 14 octobre et au S\u00e9nat le 24 novembre, et celui de la S\u00e9curit\u00e9 sociale le 21 octobre et le 10 novembre.<\/li>\n\n\n\n<li>Le budget de l\u2019\u00c9tat doit \u00eatre adopt\u00e9 avant le 31 d\u00e9cembre sans quoi le gouvernement doit recourir \u00e0 des d\u00e9crets.<\/li>\n\n\n\n<li>Ce calendrier est d\u00e9sormais d\u00e9pendant du pr\u00e9sident de la R\u00e9publique.<\/li>\n<\/ul>\n\n\n\n<p>Plusieurs sc\u00e9narios peuvent se concr\u00e9tiser, et le pr\u00e9sident pourrait \u00e9galement d\u00e9cider de dissoudre l\u2019Assembl\u00e9e nationale.<\/p>\n\n\n\n<ul class=\"wp-block-list\">\n<li>Le Parlement fran\u00e7ais avait \u00e9t\u00e9 dissout pour la derni\u00e8re fois le 9 juin 2024, dans la foul\u00e9e de la publication des r\u00e9sultats des \u00e9lections europ\u00e9ennes, qui avaient vu le Rassemblement National arriver en t\u00eate avec 31&#160;% des voix.<\/li>\n\n\n\n<li>Le deuxi\u00e8me tour des l\u00e9gislatives ayant eu lieu les 6 et 7 juillet 2024, Macron est \u00e0 nouveau en droit de dissoudre l\u2019Assembl\u00e9e depuis le 8 juillet.&nbsp;<\/li>\n\n\n\n<li>Une deuxi\u00e8me dissolution en l\u2019espace de moins de deux ans pourrait n\u00e9anmoins constituer un risque pour le pr\u00e9sident fran\u00e7ais et son camp, qui avait perdu 95 si\u00e8ges \u00e0 l\u2019Assembl\u00e9e par rapport \u00e0 2022, suite \u00e0 sa r\u00e9\u00e9lection.<\/li>\n<\/ul>\n","protected":false},"excerpt":{"rendered":"<p>Le Premier ministre fran\u00e7ais Fran\u00e7ois Bayrou vient de perdre aujourd\u2019hui, lundi 8 septembre, le vote de confiance de l\u2019Assembl\u00e9e nationale demand\u00e9 le 25 ao\u00fbt&#160;&#160;: 364 d\u00e9put\u00e9s s\u2019y sont oppos\u00e9s, tandis que 194 l\u2019ont soutenu. Une majorit\u00e9 de 280 voix \u00e9tait requise.<\/p>\n","protected":false},"author":2622,"featured_media":297049,"comment_status":"closed","ping_status":"closed","sticky":false,"template":"templates\/post-briefings.php","format":"standard","meta":{"_acf_changed":false,"_trash_the_other_posts":false,"_yoast_wpseo_estimated-reading-time-minutes":3,"footnotes":""},"categories":[1731],"tags":[],"staff":[],"editorial_format":[],"serie":[],"audience":[],"geo":[1917],"class_list":["post-297048","post","type-post","status-publish","format-standard","hentry","category-politique","geo-europe"],"acf":{"open_in_webview":false,"accent":false,"_thumbnail_id":297049,"excerpt":"Le Premier ministre fran\u00e7ais Fran\u00e7ois Bayrou vient de perdre aujourd\u2019hui, lundi 8 septembre, le vote de confiance de l\u2019Assembl\u00e9e nationale demand\u00e9 le 25 ao\u00fbt : 364 d\u00e9put\u00e9s s\u2019y sont oppos\u00e9s, tandis que 194 l\u2019ont soutenu. Une majorit\u00e9 de 280 voix \u00e9tait requise.","display_date":"","new_abstract":true},"yoast_head":"<!-- This site is optimized with the Yoast SEO plugin v26.1.1 - https:\/\/yoast.com\/wordpress\/plugins\/seo\/ -->\n<title>Le gouvernement Bayrou est tomb\u00e9: que se passe-t-il maintenant ?<\/title>\n<meta name=\"robots\" content=\"index, follow, max-snippet:-1, max-image-preview:large, max-video-preview:-1\" \/>\n<link rel=\"canonical\" href=\"https:\/\/legrandcontinent.eu\/fr\/2025\/09\/08\/le-gouvernement-bayrou-est-tombe-que-se-passe-t-il-maintenant\/\" \/>\n<meta property=\"og:locale\" content=\"fr_FR\" \/>\n<meta property=\"og:type\" content=\"article\" \/>\n<meta property=\"og:title\" content=\"Le gouvernement Bayrou est tomb\u00e9: que se passe-t-il maintenant ?\" \/>\n<meta property=\"og:description\" content=\"Le Premier ministre fran\u00e7ais Fran\u00e7ois Bayrou vient de perdre aujourd\u2019hui, lundi 8 septembre, le vote de confiance de l\u2019Assembl\u00e9e nationale demand\u00e9 le 25 ao\u00fbt&#160;: 364 d\u00e9put\u00e9s s\u2019y sont oppos\u00e9s, tandis que 194 l\u2019ont soutenu. Une majorit\u00e9 de 280 voix \u00e9tait requise.\" \/>\n<meta property=\"og:url\" content=\"https:\/\/legrandcontinent.eu\/fr\/2025\/09\/08\/le-gouvernement-bayrou-est-tombe-que-se-passe-t-il-maintenant\/\" \/>\n<meta property=\"og:site_name\" content=\"Le Grand Continent\" \/>\n<meta property=\"article:published_time\" content=\"2025-09-08T17:18:47+00:00\" \/>\n<meta property=\"article:modified_time\" content=\"2025-09-08T17:26:03+00:00\" \/>\n<meta property=\"og:image\" content=\"https:\/\/legrandcontinent.eu\/fr\/wp-content\/uploads\/sites\/2\/2025\/09\/gc-share-bayrou-vote-confiance2.png\" \/>\n\t<meta property=\"og:image:width\" content=\"1904\" \/>\n\t<meta property=\"og:image:height\" content=\"1068\" \/>\n\t<meta property=\"og:image:type\" content=\"image\/png\" \/>\n<meta name=\"author\" content=\"Marin Saillofest\" \/>\n<meta name=\"twitter:card\" content=\"summary_large_image\" \/>\n<meta name=\"twitter:image\" content=\"https:\/\/legrandcontinent.eu\/fr\/wp-content\/uploads\/sites\/2\/2025\/09\/gc-share-bayrou-vote-confiance2.png\" \/>\n<meta name=\"twitter:label1\" content=\"\u00c9crit par\" \/>\n\t<meta name=\"twitter:data1\" content=\"Marin Saillofest\" \/>\n\t<meta name=\"twitter:label2\" content=\"Dur\u00e9e de lecture estim\u00e9e\" \/>\n\t<meta name=\"twitter:data2\" content=\"3 minutes\" \/>\n<script type=\"application\/ld+json\" class=\"yoast-schema-graph\">{\"@context\":\"https:\/\/schema.org\",\"@graph\":[{\"@type\":\"WebPage\",\"@id\":\"https:\/\/legrandcontinent.eu\/fr\/2025\/09\/08\/le-gouvernement-bayrou-est-tombe-que-se-passe-t-il-maintenant\/\",\"url\":\"https:\/\/legrandcontinent.eu\/fr\/2025\/09\/08\/le-gouvernement-bayrou-est-tombe-que-se-passe-t-il-maintenant\/\",\"name\":\"Le gouvernement Bayrou est tomb\u00e9: que se passe-t-il maintenant ?\",\"isPartOf\":{\"@id\":\"https:\/\/legrandcontinent.eu\/fr\/#website\"},\"primaryImageOfPage\":{\"@id\":\"https:\/\/legrandcontinent.eu\/fr\/2025\/09\/08\/le-gouvernement-bayrou-est-tombe-que-se-passe-t-il-maintenant\/#primaryimage\"},\"image\":{\"@id\":\"https:\/\/legrandcontinent.eu\/fr\/2025\/09\/08\/le-gouvernement-bayrou-est-tombe-que-se-passe-t-il-maintenant\/#primaryimage\"},\"thumbnailUrl\":\"https:\/\/legrandcontinent.eu\/fr\/wp-content\/uploads\/sites\/2\/2025\/09\/SIPA_01229669_000040-scaled.jpg\",\"datePublished\":\"2025-09-08T17:18:47+00:00\",\"dateModified\":\"2025-09-08T17:26:03+00:00\",\"author\":{\"@id\":\"https:\/\/legrandcontinent.eu\/fr\/#\/schema\/person\/e4f85f52220fc7b4cc3cfdb86d88e833\"},\"breadcrumb\":{\"@id\":\"https:\/\/legrandcontinent.eu\/fr\/2025\/09\/08\/le-gouvernement-bayrou-est-tombe-que-se-passe-t-il-maintenant\/#breadcrumb\"},\"inLanguage\":\"fr-FR\",\"potentialAction\":[{\"@type\":\"ReadAction\",\"target\":[\"https:\/\/legrandcontinent.eu\/fr\/2025\/09\/08\/le-gouvernement-bayrou-est-tombe-que-se-passe-t-il-maintenant\/\"]}]},{\"@type\":\"ImageObject\",\"inLanguage\":\"fr-FR\",\"@id\":\"https:\/\/legrandcontinent.eu\/fr\/2025\/09\/08\/le-gouvernement-bayrou-est-tombe-que-se-passe-t-il-maintenant\/#primaryimage\",\"url\":\"https:\/\/legrandcontinent.eu\/fr\/wp-content\/uploads\/sites\/2\/2025\/09\/SIPA_01229669_000040-scaled.jpg\",\"contentUrl\":\"https:\/\/legrandcontinent.eu\/fr\/wp-content\/uploads\/sites\/2\/2025\/09\/SIPA_01229669_000040-scaled.jpg\",\"width\":2560,\"height\":1707,\"caption\":\"French Prime Minister Francois Bayrou delivers a speech and seeks a vote of confidence this Monday at the National Assembly in order to pass a budget including 44 billion euros in spending cuts. Monday, September 8, 2025. National Assembly, Paris, France.\/\/01ACCORSINIJEANNE_16210017\/Credit:JEANNE ACCORSINI\/SIPA\/2509081713\"},{\"@type\":\"BreadcrumbList\",\"@id\":\"https:\/\/legrandcontinent.eu\/fr\/2025\/09\/08\/le-gouvernement-bayrou-est-tombe-que-se-passe-t-il-maintenant\/#breadcrumb\",\"itemListElement\":[{\"@type\":\"ListItem\",\"position\":1,\"name\":\"Accueil\",\"item\":\"https:\/\/legrandcontinent.eu\/fr\/\"},{\"@type\":\"ListItem\",\"position\":2,\"name\":\"Le gouvernement Bayrou est tomb\u00e9&#160;: que se passe-t-il maintenant&#160;?\"}]},{\"@type\":\"WebSite\",\"@id\":\"https:\/\/legrandcontinent.eu\/fr\/#website\",\"url\":\"https:\/\/legrandcontinent.eu\/fr\/\",\"name\":\"Le Grand Continent\",\"description\":\"L&#039;\u00e9chelle pertinente\",\"potentialAction\":[{\"@type\":\"SearchAction\",\"target\":{\"@type\":\"EntryPoint\",\"urlTemplate\":\"https:\/\/legrandcontinent.eu\/fr\/?s={search_term_string}\"},\"query-input\":{\"@type\":\"PropertyValueSpecification\",\"valueRequired\":true,\"valueName\":\"search_term_string\"}}],\"inLanguage\":\"fr-FR\"},{\"@type\":\"Person\",\"@id\":\"https:\/\/legrandcontinent.eu\/fr\/#\/schema\/person\/e4f85f52220fc7b4cc3cfdb86d88e833\",\"name\":\"Marin Saillofest\",\"image\":{\"@type\":\"ImageObject\",\"inLanguage\":\"fr-FR\",\"@id\":\"https:\/\/legrandcontinent.eu\/fr\/#\/schema\/person\/image\/\",\"url\":\"https:\/\/secure.gravatar.com\/avatar\/87088698b4d967390c49ae6d4f1aa459?s=96&d=mm&r=g\",\"contentUrl\":\"https:\/\/secure.gravatar.com\/avatar\/87088698b4d967390c49ae6d4f1aa459?s=96&d=mm&r=g\",\"caption\":\"Marin Saillofest\"}}]}<\/script>\n<!-- \/ Yoast SEO plugin. -->","yoast_head_json":{"title":"Le gouvernement Bayrou est tomb\u00e9: que se passe-t-il maintenant ?","robots":{"index":"index","follow":"follow","max-snippet":"max-snippet:-1","max-image-preview":"max-image-preview:large","max-video-preview":"max-video-preview:-1"},"canonical":"https:\/\/legrandcontinent.eu\/fr\/2025\/09\/08\/le-gouvernement-bayrou-est-tombe-que-se-passe-t-il-maintenant\/","og_locale":"fr_FR","og_type":"article","og_title":"Le gouvernement Bayrou est tomb\u00e9: que se passe-t-il maintenant ?","og_description":"Le Premier ministre fran\u00e7ais Fran\u00e7ois Bayrou vient de perdre aujourd\u2019hui, lundi 8 septembre, le vote de confiance de l\u2019Assembl\u00e9e nationale demand\u00e9 le 25 ao\u00fbt&#160;: 364 d\u00e9put\u00e9s s\u2019y sont oppos\u00e9s, tandis que 194 l\u2019ont soutenu. Une majorit\u00e9 de 280 voix \u00e9tait requise.","og_url":"https:\/\/legrandcontinent.eu\/fr\/2025\/09\/08\/le-gouvernement-bayrou-est-tombe-que-se-passe-t-il-maintenant\/","og_site_name":"Le Grand Continent","article_published_time":"2025-09-08T17:18:47+00:00","article_modified_time":"2025-09-08T17:26:03+00:00","og_image":[{"width":1904,"height":1068,"url":"https:\/\/legrandcontinent.eu\/fr\/wp-content\/uploads\/sites\/2\/2025\/09\/gc-share-bayrou-vote-confiance2.png","type":"image\/png"}],"author":"Marin Saillofest","twitter_card":"summary_large_image","twitter_image":"https:\/\/legrandcontinent.eu\/fr\/wp-content\/uploads\/sites\/2\/2025\/09\/gc-share-bayrou-vote-confiance2.png","twitter_misc":{"\u00c9crit par":"Marin Saillofest","Dur\u00e9e de lecture estim\u00e9e":"3 minutes"},"schema":{"@context":"https:\/\/schema.org","@graph":[{"@type":"WebPage","@id":"https:\/\/legrandcontinent.eu\/fr\/2025\/09\/08\/le-gouvernement-bayrou-est-tombe-que-se-passe-t-il-maintenant\/","url":"https:\/\/legrandcontinent.eu\/fr\/2025\/09\/08\/le-gouvernement-bayrou-est-tombe-que-se-passe-t-il-maintenant\/","name":"Le gouvernement Bayrou est tomb\u00e9: que se passe-t-il maintenant ?","isPartOf":{"@id":"https:\/\/legrandcontinent.eu\/fr\/#website"},"primaryImageOfPage":{"@id":"https:\/\/legrandcontinent.eu\/fr\/2025\/09\/08\/le-gouvernement-bayrou-est-tombe-que-se-passe-t-il-maintenant\/#primaryimage"},"image":{"@id":"https:\/\/legrandcontinent.eu\/fr\/2025\/09\/08\/le-gouvernement-bayrou-est-tombe-que-se-passe-t-il-maintenant\/#primaryimage"},"thumbnailUrl":"https:\/\/legrandcontinent.eu\/fr\/wp-content\/uploads\/sites\/2\/2025\/09\/SIPA_01229669_000040-scaled.jpg","datePublished":"2025-09-08T17:18:47+00:00","dateModified":"2025-09-08T17:26:03+00:00","author":{"@id":"https:\/\/legrandcontinent.eu\/fr\/#\/schema\/person\/e4f85f52220fc7b4cc3cfdb86d88e833"},"breadcrumb":{"@id":"https:\/\/legrandcontinent.eu\/fr\/2025\/09\/08\/le-gouvernement-bayrou-est-tombe-que-se-passe-t-il-maintenant\/#breadcrumb"},"inLanguage":"fr-FR","potentialAction":[{"@type":"ReadAction","target":["https:\/\/legrandcontinent.eu\/fr\/2025\/09\/08\/le-gouvernement-bayrou-est-tombe-que-se-passe-t-il-maintenant\/"]}]},{"@type":"ImageObject","inLanguage":"fr-FR","@id":"https:\/\/legrandcontinent.eu\/fr\/2025\/09\/08\/le-gouvernement-bayrou-est-tombe-que-se-passe-t-il-maintenant\/#primaryimage","url":"https:\/\/legrandcontinent.eu\/fr\/wp-content\/uploads\/sites\/2\/2025\/09\/SIPA_01229669_000040-scaled.jpg","contentUrl":"https:\/\/legrandcontinent.eu\/fr\/wp-content\/uploads\/sites\/2\/2025\/09\/SIPA_01229669_000040-scaled.jpg","width":2560,"height":1707,"caption":"French Prime Minister Francois Bayrou delivers a speech and seeks a vote of confidence this Monday at the National Assembly in order to pass a budget including 44 billion euros in spending cuts. Monday, September 8, 2025. National Assembly, Paris, France.\/\/01ACCORSINIJEANNE_16210017\/Credit:JEANNE ACCORSINI\/SIPA\/2509081713"},{"@type":"BreadcrumbList","@id":"https:\/\/legrandcontinent.eu\/fr\/2025\/09\/08\/le-gouvernement-bayrou-est-tombe-que-se-passe-t-il-maintenant\/#breadcrumb","itemListElement":[{"@type":"ListItem","position":1,"name":"Accueil","item":"https:\/\/legrandcontinent.eu\/fr\/"},{"@type":"ListItem","position":2,"name":"Le gouvernement Bayrou est tomb\u00e9&#160;: que se passe-t-il maintenant&#160;?"}]},{"@type":"WebSite","@id":"https:\/\/legrandcontinent.eu\/fr\/#website","url":"https:\/\/legrandcontinent.eu\/fr\/","name":"Le Grand Continent","description":"L&#039;\u00e9chelle pertinente","potentialAction":[{"@type":"SearchAction","target":{"@type":"EntryPoint","urlTemplate":"https:\/\/legrandcontinent.eu\/fr\/?s={search_term_string}"},"query-input":{"@type":"PropertyValueSpecification","valueRequired":true,"valueName":"search_term_string"}}],"inLanguage":"fr-FR"},{"@type":"Person","@id":"https:\/\/legrandcontinent.eu\/fr\/#\/schema\/person\/e4f85f52220fc7b4cc3cfdb86d88e833","name":"Marin Saillofest","image":{"@type":"ImageObject","inLanguage":"fr-FR","@id":"https:\/\/legrandcontinent.eu\/fr\/#\/schema\/person\/image\/","url":"https:\/\/secure.gravatar.com\/avatar\/87088698b4d967390c49ae6d4f1aa459?s=96&d=mm&r=g","contentUrl":"https:\/\/secure.gravatar.com\/avatar\/87088698b4d967390c49ae6d4f1aa459?s=96&d=mm&r=g","caption":"Marin Saillofest"}}]}},"lgc_categories":[{"id":1731,"name":"Politique","slug":"politique"}],"lgc_author":null,"feature_image_summary":{"url":"https:\/\/legrandcontinent.eu\/fr\/wp-content\/uploads\/sites\/2\/2025\/09\/SIPA_01229669_000040-scaled.jpg","width":2560,"height":1707,"alt":""},"feature_image_cover":null,"term_position_data":null,"_links":{"self":[{"href":"https:\/\/legrandcontinent.eu\/fr\/wp-json\/wp\/v2\/posts\/297048","targetHints":{"allow":["GET"]}}],"collection":[{"href":"https:\/\/legrandcontinent.eu\/fr\/wp-json\/wp\/v2\/posts"}],"about":[{"href":"https:\/\/legrandcontinent.eu\/fr\/wp-json\/wp\/v2\/types\/post"}],"author":[{"embeddable":true,"href":"https:\/\/legrandcontinent.eu\/fr\/wp-json\/wp\/v2\/users\/2622"}],"replies":[{"embeddable":true,"href":"https:\/\/legrandcontinent.eu\/fr\/wp-json\/wp\/v2\/comments?post=297048"}],"version-history":[{"count":0,"href":"https:\/\/legrandcontinent.eu\/fr\/wp-json\/wp\/v2\/posts\/297048\/revisions"}],"wp:featuredmedia":[{"embeddable":true,"href":"https:\/\/legrandcontinent.eu\/fr\/wp-json\/wp\/v2\/media\/297049"}],"wp:attachment":[{"href":"https:\/\/legrandcontinent.eu\/fr\/wp-json\/wp\/v2\/media?parent=297048"}],"wp:term":[{"taxonomy":"category","embeddable":true,"href":"https:\/\/legrandcontinent.eu\/fr\/wp-json\/wp\/v2\/categories?post=297048"},{"taxonomy":"post_tag","embeddable":true,"href":"https:\/\/legrandcontinent.eu\/fr\/wp-json\/wp\/v2\/tags?post=297048"},{"taxonomy":"staff","embeddable":true,"href":"https:\/\/legrandcontinent.eu\/fr\/wp-json\/wp\/v2\/staff?post=297048"},{"taxonomy":"editorial_format","embeddable":true,"href":"https:\/\/legrandcontinent.eu\/fr\/wp-json\/wp\/v2\/editorial_format?post=297048"},{"taxonomy":"serie","embeddable":true,"href":"https:\/\/legrandcontinent.eu\/fr\/wp-json\/wp\/v2\/serie?post=297048"},{"taxonomy":"audience","embeddable":true,"href":"https:\/\/legrandcontinent.eu\/fr\/wp-json\/wp\/v2\/audience?post=297048"},{"taxonomy":"geo","embeddable":true,"href":"https:\/\/legrandcontinent.eu\/fr\/wp-json\/wp\/v2\/geo?post=297048"}],"curies":[{"name":"wp","href":"https:\/\/api.w.org\/{rel}","templated":true}]}}