{"id":296966,"date":"2025-09-08T07:00:00","date_gmt":"2025-09-08T05:00:00","guid":{"rendered":"https:\/\/legrandcontinent.eu\/fr\/?p=296966"},"modified":"2025-09-07T21:18:36","modified_gmt":"2025-09-07T19:18:36","slug":"francois-bayrou-face-au-vote-de-confiance-programme-de-la-journee-et-scenarios","status":"publish","type":"post","link":"https:\/\/legrandcontinent.eu\/fr\/2025\/09\/08\/francois-bayrou-face-au-vote-de-confiance-programme-de-la-journee-et-scenarios\/","title":{"rendered":"Fran\u00e7ois Bayrou face au vote de confiance&#160;: programme de la journ\u00e9e et sc\u00e9narios\u00a0"},"content":{"rendered":"\n<p>Le 25 ao\u00fbt, le Premier ministre fran\u00e7ais, Fran\u00e7ois Bayrou, avait annonc\u00e9 qu&rsquo;il convoquerait un vote de confiance le 8 septembre, en vertu de l&rsquo;article 49.1 de la Constitution.&nbsp;<\/p>\n\n\n\n<p>Cette d\u00e9cision, \u00e9tonnante puisque Bayrou, qui ne disposait pas de majorit\u00e9 absolue, n&rsquo;avait pas sollicit\u00e9 de vote de confiance lors de sa nomination, devrait, sauf grande surprise, mener \u00e0 la censure du gouvernement.&nbsp;<\/p>\n\n\n\n<ul class=\"wp-block-list\">\n<li>La s\u00e9ance \u00e0 l&rsquo;Assembl\u00e9e devrait d\u00e9buter \u00e0 15h, et le Premier ministre prononcera un discours similaire \u00e0 une d\u00e9claration de politique g\u00e9n\u00e9rale, mais ax\u00e9 sur la situation budg\u00e9taire du pays.\u00a0<\/li>\n\n\n\n<li>Chaque pr\u00e9sident de groupe prendra ensuite la parole, puis le Premier ministre pourra r\u00e9pondre. Puis, le vote aura lieu \u2014 pour ne pas \u00eatre censur\u00e9, le gouvernement a besoin de la majorit\u00e9 des suffrages exprim\u00e9s.\u00a0<\/li>\n\n\n\n<li>Le vote sera public et les r\u00e9sultats devraient \u00eatre connus aux alentours de 19h.\u00a0<\/li>\n<\/ul>\n\n\n\n<div class=\"iframe-container wp-block-image wp-block-image-medium  iframe-dw\">\n\t<div>\n\t\t<iframe class=\"absolute w-full h-full pin-t pin-l\" title=\"titolo\" aria-label=\"Interactive line chart\" src=\"\/\/datawrapper.dwcdn.net\/iYa3E\" scrolling=\"no\" frameborder=\"0\"><\/iframe>\n\t<\/div>\n<\/div>\n\n\n\n<p>L\u2019issue du vote \u00e0 la majorit\u00e9 des pr\u00e9sents semble scell\u00e9e.&nbsp;<\/p>\n\n\n\n<p>Trois hypoth\u00e8ses principales se dessinent pour la suite&#160;:&nbsp;<\/p>\n\n\n\n<ul class=\"wp-block-list\">\n<li><em>Une nouvelle dissolution de l\u2019Assembl\u00e9e nationale aux issues incertaines<\/em>. Selon un sondage d\u2019opinion Toluna Harris Interactive pour Challenges publi\u00e9 hier, 7 septembre, le Rassemblement national et ses alli\u00e9s arriveraient largement en t\u00eate du premier tour avec 33&#160;% des voix, devant la gauche (une alliance PS-PCF-\u00c9cologistes recueillerait 19&#160;% des voix, et La France insoumise 10&#160;%) et le camp pr\u00e9sidentiel (15&#160;%)&nbsp;<span class='whitespace-nowrap'><span id='easy-footnote-1-296966' class='easy-footnote-margin-adjust'><\/span><span class='easy-footnote'><a href='https:\/\/legrandcontinent.eu\/fr\/2025\/09\/08\/francois-bayrou-face-au-vote-de-confiance-programme-de-la-journee-et-scenarios\/#easy-footnote-bottom-1-296966' title='&lt;a href=&quot;https:\/\/www.challenges.fr\/politique\/sondage-legislatives-le-rn-largement-en-tete-devant-la-gauche-en-cas-de-nouvelle-dissolution-les-macronistes-en-grande-difficulte_623760&quot;&gt;SONDAGE &amp;#8211; L\u00e9gislatives&amp;#160;: le RN largement en t\u00eate devant la gauche en cas de nouvelle dissolution, les macronistes en grande difficult\u00e9&lt;\/a&gt;, &lt;em&gt;Challenges&lt;\/em&gt;, 7 septembre 2025.'><sup>1<\/sup><\/a><\/span><\/span>.<\/li>\n\n\n\n<li><em>Poursuite de la configuration actuelle avec un nouveau Premier ministre<\/em>. Mais pour que ce sc\u00e9nario se r\u00e9alise, le bloc central devra faire des concessions substantielles sur la fiscalit\u00e9 des plus ais\u00e9s, l\u2019assurance ch\u00f4mage, l\u2019environnement ou encore l\u2019\u00e9ducation.\u00a0Ce contexte politique rappellerait celui du d\u00e9but de l&rsquo;ann\u00e9e, lorsque Fran\u00e7ois Bayrou avait \u00e9chapp\u00e9 \u00e0 la censure gr\u00e2ce au soutien du PS.\u00a0<\/li>\n\n\n\n<li><em>Un changement d&rsquo;orientation du gouvernement avec un compromis entre le bloc central et une partie de la gauche<\/em>. Bruno Retailleau a d\u00e9j\u00e0 pr\u00e9venu hier&#160;: \u00ab&#160;Il est hors de question&#160;\u00bb que la droite accepte la nomination d&rsquo;un Premier ministre socialiste, alors que le secr\u00e9taire g\u00e9n\u00e9ral du PS, Olivier Faure, se disait pr\u00eat \u00e0 discuter avec le pr\u00e9sident Emmanuel Macron des conditions d&rsquo;une entr\u00e9e au gouvernement.\u00a0<\/li>\n<\/ul>\n\n\n\n<p>La premi\u00e8re t\u00e2che d\u2019un nouveau gouvernement sera d&rsquo;engager les n\u00e9gociations sur le budget 2026.&nbsp;<\/p>\n\n\n\n<ul class=\"wp-block-list\">\n<li>Selon le calendrier annonc\u00e9 avant le vote de confiance d\u2019aujourd\u2019hui, le budget 2026 devait \u00eatre pr\u00e9sent\u00e9 \u00e0 l\u2019Assembl\u00e9e le 14 octobre et au S\u00e9nat le 24 novembre, et celui de la S\u00e9curit\u00e9 sociale le 21 octobre et le 10 novembre.<\/li>\n\n\n\n<li>Le budget de Bayrou vise \u00e0 ramener le d\u00e9ficit public \u00e0 4,6&#160;% en 2026, contre 5,4&#160;% cette ann\u00e9e et 5,8&#160;% en 2024.\u00a0<\/li>\n\n\n\n<li>Il est peu probable qu&rsquo;un futur gouvernement suive les m\u00eames grandes lignes et les march\u00e9s s&rsquo;attendent \u00e0 ce qu&rsquo;un compromis politique futur conduise plut\u00f4t \u00e0 un d\u00e9ficit proche de 5&#160;% en 2026.\u00a0<\/li>\n\n\n\n<li>Le spread France-Allemagne a atteint 79 points de base, tandis que le spread France-Italie n\u2019est plus que de 8bp.\u00a0<\/li>\n<\/ul>\n","protected":false},"excerpt":{"rendered":"<p>Aujourd\u2019hui, 8 septembre,  l\u2019Assembl\u00e9e nationale votera \u2014 \u00e0 moins de grande surprise \u2014 la censure du gouvernement Bayrou. <\/p>\n<p>Le programme d\u2019une journ\u00e9e particuli\u00e8rement intense et les trois sc\u00e9narios les plus probables.<\/p>\n","protected":false},"author":40,"featured_media":296968,"comment_status":"closed","ping_status":"closed","sticky":false,"template":"templates\/post-briefings.php","format":"standard","meta":{"_acf_changed":true,"_trash_the_other_posts":false,"_yoast_wpseo_estimated-reading-time-minutes":3,"footnotes":""},"categories":[1731],"tags":[],"staff":[],"editorial_format":[],"serie":[],"audience":[],"geo":[1917],"class_list":["post-296966","post","type-post","status-publish","format-standard","hentry","category-politique","geo-europe"],"acf":{"open_in_webview":false,"accent":false,"_thumbnail_id":296968,"excerpt":"Aujourd\u2019hui, 8 septembre,  l\u2019Assembl\u00e9e nationale votera \u2014 \u00e0 moins de grande surprise \u2014 la censure du gouvernement Bayrou. \r\n\r\nLe programme d\u2019une journ\u00e9e particuli\u00e8rement intense et les trois sc\u00e9narios les plus probables.","display_date":"","new_abstract":true},"yoast_head":"<!-- This site is optimized with the Yoast SEO plugin v26.1.1 - https:\/\/yoast.com\/wordpress\/plugins\/seo\/ -->\n<title>Fran\u00e7ois Bayrou face au vote de confiance : programme de la journ\u00e9e et sc\u00e9narios\u00a0 | Le Grand Continent<\/title>\n<meta name=\"robots\" content=\"index, follow, max-snippet:-1, max-image-preview:large, max-video-preview:-1\" \/>\n<link rel=\"canonical\" href=\"https:\/\/legrandcontinent.eu\/fr\/2025\/09\/08\/francois-bayrou-face-au-vote-de-confiance-programme-de-la-journee-et-scenarios\/\" \/>\n<meta property=\"og:locale\" content=\"fr_FR\" \/>\n<meta property=\"og:type\" content=\"article\" \/>\n<meta property=\"og:title\" content=\"Fran\u00e7ois Bayrou face au vote de confiance : programme de la journ\u00e9e et sc\u00e9narios\u00a0 | Le Grand Continent\" \/>\n<meta property=\"og:description\" content=\"Aujourd\u2019hui, 8 septembre, l\u2019Assembl\u00e9e nationale votera \u2014 \u00e0 moins de grande surprise \u2014 la censure du gouvernement Bayrou.   Le programme d\u2019une journ\u00e9e particuli\u00e8rement intense et les trois sc\u00e9narios les plus probables.\" \/>\n<meta property=\"og:url\" content=\"https:\/\/legrandcontinent.eu\/fr\/2025\/09\/08\/francois-bayrou-face-au-vote-de-confiance-programme-de-la-journee-et-scenarios\/\" \/>\n<meta property=\"og:site_name\" content=\"Le Grand Continent\" \/>\n<meta property=\"article:published_time\" content=\"2025-09-08T05:00:00+00:00\" \/>\n<meta property=\"og:image\" content=\"https:\/\/legrandcontinent.eu\/fr\/wp-content\/uploads\/sites\/2\/2025\/09\/Sans-titre-4.jpg\" \/>\n\t<meta property=\"og:image:width\" content=\"1958\" \/>\n\t<meta property=\"og:image:height\" content=\"1106\" \/>\n\t<meta property=\"og:image:type\" content=\"image\/jpeg\" \/>\n<meta name=\"author\" content=\"Ramona Bloj\" \/>\n<meta name=\"twitter:card\" content=\"summary_large_image\" \/>\n<meta name=\"twitter:image\" content=\"https:\/\/legrandcontinent.eu\/fr\/wp-content\/uploads\/sites\/2\/2025\/09\/Sans-titre-4.jpg\" \/>\n<meta name=\"twitter:label1\" content=\"\u00c9crit par\" \/>\n\t<meta name=\"twitter:data1\" content=\"Ramona Bloj\" \/>\n\t<meta name=\"twitter:label2\" content=\"Dur\u00e9e de lecture estim\u00e9e\" \/>\n\t<meta name=\"twitter:data2\" content=\"3 minutes\" \/>\n<script type=\"application\/ld+json\" class=\"yoast-schema-graph\">{\"@context\":\"https:\/\/schema.org\",\"@graph\":[{\"@type\":\"WebPage\",\"@id\":\"https:\/\/legrandcontinent.eu\/fr\/2025\/09\/08\/francois-bayrou-face-au-vote-de-confiance-programme-de-la-journee-et-scenarios\/\",\"url\":\"https:\/\/legrandcontinent.eu\/fr\/2025\/09\/08\/francois-bayrou-face-au-vote-de-confiance-programme-de-la-journee-et-scenarios\/\",\"name\":\"Fran\u00e7ois Bayrou face au vote de confiance : programme de la journ\u00e9e et sc\u00e9narios\u00a0 | Le Grand Continent\",\"isPartOf\":{\"@id\":\"https:\/\/legrandcontinent.eu\/fr\/#website\"},\"primaryImageOfPage\":{\"@id\":\"https:\/\/legrandcontinent.eu\/fr\/2025\/09\/08\/francois-bayrou-face-au-vote-de-confiance-programme-de-la-journee-et-scenarios\/#primaryimage\"},\"image\":{\"@id\":\"https:\/\/legrandcontinent.eu\/fr\/2025\/09\/08\/francois-bayrou-face-au-vote-de-confiance-programme-de-la-journee-et-scenarios\/#primaryimage\"},\"thumbnailUrl\":\"https:\/\/legrandcontinent.eu\/fr\/wp-content\/uploads\/sites\/2\/2025\/09\/Repartition-des-groupes-politiques-dans-lhemicycle.jpg\",\"datePublished\":\"2025-09-08T05:00:00+00:00\",\"author\":{\"@id\":\"https:\/\/legrandcontinent.eu\/fr\/#\/schema\/person\/bee86896b403754f76b6b1515ff0b697\"},\"breadcrumb\":{\"@id\":\"https:\/\/legrandcontinent.eu\/fr\/2025\/09\/08\/francois-bayrou-face-au-vote-de-confiance-programme-de-la-journee-et-scenarios\/#breadcrumb\"},\"inLanguage\":\"fr-FR\",\"potentialAction\":[{\"@type\":\"ReadAction\",\"target\":[\"https:\/\/legrandcontinent.eu\/fr\/2025\/09\/08\/francois-bayrou-face-au-vote-de-confiance-programme-de-la-journee-et-scenarios\/\"]}]},{\"@type\":\"ImageObject\",\"inLanguage\":\"fr-FR\",\"@id\":\"https:\/\/legrandcontinent.eu\/fr\/2025\/09\/08\/francois-bayrou-face-au-vote-de-confiance-programme-de-la-journee-et-scenarios\/#primaryimage\",\"url\":\"https:\/\/legrandcontinent.eu\/fr\/wp-content\/uploads\/sites\/2\/2025\/09\/Repartition-des-groupes-politiques-dans-lhemicycle.jpg\",\"contentUrl\":\"https:\/\/legrandcontinent.eu\/fr\/wp-content\/uploads\/sites\/2\/2025\/09\/Repartition-des-groupes-politiques-dans-lhemicycle.jpg\",\"width\":1966,\"height\":1098,\"caption\":\"Screenshot\"},{\"@type\":\"BreadcrumbList\",\"@id\":\"https:\/\/legrandcontinent.eu\/fr\/2025\/09\/08\/francois-bayrou-face-au-vote-de-confiance-programme-de-la-journee-et-scenarios\/#breadcrumb\",\"itemListElement\":[{\"@type\":\"ListItem\",\"position\":1,\"name\":\"Accueil\",\"item\":\"https:\/\/legrandcontinent.eu\/fr\/\"},{\"@type\":\"ListItem\",\"position\":2,\"name\":\"Fran\u00e7ois Bayrou face au vote de confiance&#160;: programme de la journ\u00e9e et sc\u00e9narios\u00a0\"}]},{\"@type\":\"WebSite\",\"@id\":\"https:\/\/legrandcontinent.eu\/fr\/#website\",\"url\":\"https:\/\/legrandcontinent.eu\/fr\/\",\"name\":\"Le Grand Continent\",\"description\":\"L&#039;\u00e9chelle pertinente\",\"potentialAction\":[{\"@type\":\"SearchAction\",\"target\":{\"@type\":\"EntryPoint\",\"urlTemplate\":\"https:\/\/legrandcontinent.eu\/fr\/?s={search_term_string}\"},\"query-input\":{\"@type\":\"PropertyValueSpecification\",\"valueRequired\":true,\"valueName\":\"search_term_string\"}}],\"inLanguage\":\"fr-FR\"},{\"@type\":\"Person\",\"@id\":\"https:\/\/legrandcontinent.eu\/fr\/#\/schema\/person\/bee86896b403754f76b6b1515ff0b697\",\"name\":\"Ramona Bloj\",\"image\":{\"@type\":\"ImageObject\",\"inLanguage\":\"fr-FR\",\"@id\":\"https:\/\/legrandcontinent.eu\/fr\/#\/schema\/person\/image\/\",\"url\":\"https:\/\/secure.gravatar.com\/avatar\/c1d91adb7c4c1eed266b81c0f9915707?s=96&d=mm&r=g\",\"contentUrl\":\"https:\/\/secure.gravatar.com\/avatar\/c1d91adb7c4c1eed266b81c0f9915707?s=96&d=mm&r=g\",\"caption\":\"Ramona Bloj\"}}]}<\/script>\n<!-- \/ Yoast SEO plugin. -->","yoast_head_json":{"title":"Fran\u00e7ois Bayrou face au vote de confiance : programme de la journ\u00e9e et sc\u00e9narios\u00a0 | Le Grand Continent","robots":{"index":"index","follow":"follow","max-snippet":"max-snippet:-1","max-image-preview":"max-image-preview:large","max-video-preview":"max-video-preview:-1"},"canonical":"https:\/\/legrandcontinent.eu\/fr\/2025\/09\/08\/francois-bayrou-face-au-vote-de-confiance-programme-de-la-journee-et-scenarios\/","og_locale":"fr_FR","og_type":"article","og_title":"Fran\u00e7ois Bayrou face au vote de confiance : programme de la journ\u00e9e et sc\u00e9narios\u00a0 | Le Grand Continent","og_description":"Aujourd\u2019hui, 8 septembre, l\u2019Assembl\u00e9e nationale votera \u2014 \u00e0 moins de grande surprise \u2014 la censure du gouvernement Bayrou.   Le programme d\u2019une journ\u00e9e particuli\u00e8rement intense et les trois sc\u00e9narios les plus probables.","og_url":"https:\/\/legrandcontinent.eu\/fr\/2025\/09\/08\/francois-bayrou-face-au-vote-de-confiance-programme-de-la-journee-et-scenarios\/","og_site_name":"Le Grand Continent","article_published_time":"2025-09-08T05:00:00+00:00","og_image":[{"width":1958,"height":1106,"url":"https:\/\/legrandcontinent.eu\/fr\/wp-content\/uploads\/sites\/2\/2025\/09\/Sans-titre-4.jpg","type":"image\/jpeg"}],"author":"Ramona Bloj","twitter_card":"summary_large_image","twitter_image":"https:\/\/legrandcontinent.eu\/fr\/wp-content\/uploads\/sites\/2\/2025\/09\/Sans-titre-4.jpg","twitter_misc":{"\u00c9crit par":"Ramona Bloj","Dur\u00e9e de lecture estim\u00e9e":"3 minutes"},"schema":{"@context":"https:\/\/schema.org","@graph":[{"@type":"WebPage","@id":"https:\/\/legrandcontinent.eu\/fr\/2025\/09\/08\/francois-bayrou-face-au-vote-de-confiance-programme-de-la-journee-et-scenarios\/","url":"https:\/\/legrandcontinent.eu\/fr\/2025\/09\/08\/francois-bayrou-face-au-vote-de-confiance-programme-de-la-journee-et-scenarios\/","name":"Fran\u00e7ois Bayrou face au vote de confiance : programme de la journ\u00e9e et sc\u00e9narios\u00a0 | Le Grand Continent","isPartOf":{"@id":"https:\/\/legrandcontinent.eu\/fr\/#website"},"primaryImageOfPage":{"@id":"https:\/\/legrandcontinent.eu\/fr\/2025\/09\/08\/francois-bayrou-face-au-vote-de-confiance-programme-de-la-journee-et-scenarios\/#primaryimage"},"image":{"@id":"https:\/\/legrandcontinent.eu\/fr\/2025\/09\/08\/francois-bayrou-face-au-vote-de-confiance-programme-de-la-journee-et-scenarios\/#primaryimage"},"thumbnailUrl":"https:\/\/legrandcontinent.eu\/fr\/wp-content\/uploads\/sites\/2\/2025\/09\/Repartition-des-groupes-politiques-dans-lhemicycle.jpg","datePublished":"2025-09-08T05:00:00+00:00","author":{"@id":"https:\/\/legrandcontinent.eu\/fr\/#\/schema\/person\/bee86896b403754f76b6b1515ff0b697"},"breadcrumb":{"@id":"https:\/\/legrandcontinent.eu\/fr\/2025\/09\/08\/francois-bayrou-face-au-vote-de-confiance-programme-de-la-journee-et-scenarios\/#breadcrumb"},"inLanguage":"fr-FR","potentialAction":[{"@type":"ReadAction","target":["https:\/\/legrandcontinent.eu\/fr\/2025\/09\/08\/francois-bayrou-face-au-vote-de-confiance-programme-de-la-journee-et-scenarios\/"]}]},{"@type":"ImageObject","inLanguage":"fr-FR","@id":"https:\/\/legrandcontinent.eu\/fr\/2025\/09\/08\/francois-bayrou-face-au-vote-de-confiance-programme-de-la-journee-et-scenarios\/#primaryimage","url":"https:\/\/legrandcontinent.eu\/fr\/wp-content\/uploads\/sites\/2\/2025\/09\/Repartition-des-groupes-politiques-dans-lhemicycle.jpg","contentUrl":"https:\/\/legrandcontinent.eu\/fr\/wp-content\/uploads\/sites\/2\/2025\/09\/Repartition-des-groupes-politiques-dans-lhemicycle.jpg","width":1966,"height":1098,"caption":"Screenshot"},{"@type":"BreadcrumbList","@id":"https:\/\/legrandcontinent.eu\/fr\/2025\/09\/08\/francois-bayrou-face-au-vote-de-confiance-programme-de-la-journee-et-scenarios\/#breadcrumb","itemListElement":[{"@type":"ListItem","position":1,"name":"Accueil","item":"https:\/\/legrandcontinent.eu\/fr\/"},{"@type":"ListItem","position":2,"name":"Fran\u00e7ois Bayrou face au vote de confiance&#160;: programme de la journ\u00e9e et sc\u00e9narios\u00a0"}]},{"@type":"WebSite","@id":"https:\/\/legrandcontinent.eu\/fr\/#website","url":"https:\/\/legrandcontinent.eu\/fr\/","name":"Le Grand Continent","description":"L&#039;\u00e9chelle pertinente","potentialAction":[{"@type":"SearchAction","target":{"@type":"EntryPoint","urlTemplate":"https:\/\/legrandcontinent.eu\/fr\/?s={search_term_string}"},"query-input":{"@type":"PropertyValueSpecification","valueRequired":true,"valueName":"search_term_string"}}],"inLanguage":"fr-FR"},{"@type":"Person","@id":"https:\/\/legrandcontinent.eu\/fr\/#\/schema\/person\/bee86896b403754f76b6b1515ff0b697","name":"Ramona Bloj","image":{"@type":"ImageObject","inLanguage":"fr-FR","@id":"https:\/\/legrandcontinent.eu\/fr\/#\/schema\/person\/image\/","url":"https:\/\/secure.gravatar.com\/avatar\/c1d91adb7c4c1eed266b81c0f9915707?s=96&d=mm&r=g","contentUrl":"https:\/\/secure.gravatar.com\/avatar\/c1d91adb7c4c1eed266b81c0f9915707?s=96&d=mm&r=g","caption":"Ramona Bloj"}}]}},"lgc_categories":[{"id":1731,"name":"Politique","slug":"politique"}],"lgc_author":null,"feature_image_summary":{"url":"https:\/\/legrandcontinent.eu\/fr\/wp-content\/uploads\/sites\/2\/2025\/09\/Repartition-des-groupes-politiques-dans-lhemicycle.jpg","width":1966,"height":1098,"alt":""},"feature_image_cover":null,"term_position_data":null,"_links":{"self":[{"href":"https:\/\/legrandcontinent.eu\/fr\/wp-json\/wp\/v2\/posts\/296966","targetHints":{"allow":["GET"]}}],"collection":[{"href":"https:\/\/legrandcontinent.eu\/fr\/wp-json\/wp\/v2\/posts"}],"about":[{"href":"https:\/\/legrandcontinent.eu\/fr\/wp-json\/wp\/v2\/types\/post"}],"author":[{"embeddable":true,"href":"https:\/\/legrandcontinent.eu\/fr\/wp-json\/wp\/v2\/users\/40"}],"replies":[{"embeddable":true,"href":"https:\/\/legrandcontinent.eu\/fr\/wp-json\/wp\/v2\/comments?post=296966"}],"version-history":[{"count":0,"href":"https:\/\/legrandcontinent.eu\/fr\/wp-json\/wp\/v2\/posts\/296966\/revisions"}],"wp:featuredmedia":[{"embeddable":true,"href":"https:\/\/legrandcontinent.eu\/fr\/wp-json\/wp\/v2\/media\/296968"}],"wp:attachment":[{"href":"https:\/\/legrandcontinent.eu\/fr\/wp-json\/wp\/v2\/media?parent=296966"}],"wp:term":[{"taxonomy":"category","embeddable":true,"href":"https:\/\/legrandcontinent.eu\/fr\/wp-json\/wp\/v2\/categories?post=296966"},{"taxonomy":"post_tag","embeddable":true,"href":"https:\/\/legrandcontinent.eu\/fr\/wp-json\/wp\/v2\/tags?post=296966"},{"taxonomy":"staff","embeddable":true,"href":"https:\/\/legrandcontinent.eu\/fr\/wp-json\/wp\/v2\/staff?post=296966"},{"taxonomy":"editorial_format","embeddable":true,"href":"https:\/\/legrandcontinent.eu\/fr\/wp-json\/wp\/v2\/editorial_format?post=296966"},{"taxonomy":"serie","embeddable":true,"href":"https:\/\/legrandcontinent.eu\/fr\/wp-json\/wp\/v2\/serie?post=296966"},{"taxonomy":"audience","embeddable":true,"href":"https:\/\/legrandcontinent.eu\/fr\/wp-json\/wp\/v2\/audience?post=296966"},{"taxonomy":"geo","embeddable":true,"href":"https:\/\/legrandcontinent.eu\/fr\/wp-json\/wp\/v2\/geo?post=296966"}],"curies":[{"name":"wp","href":"https:\/\/api.w.org\/{rel}","templated":true}]}}