{"id":296259,"date":"2025-09-03T06:30:00","date_gmt":"2025-09-03T04:30:00","guid":{"rendered":"https:\/\/legrandcontinent.eu\/fr\/?p=296259"},"modified":"2025-09-02T21:23:58","modified_gmt":"2025-09-02T19:23:58","slug":"nawrocki-a-washington-qui-dirige-la-pologne","status":"publish","type":"post","link":"https:\/\/legrandcontinent.eu\/fr\/2025\/09\/03\/nawrocki-a-washington-qui-dirige-la-pologne\/","title":{"rendered":"Nawrocki \u00e0 Washington&#160;: qui dirige la Pologne&#160;?"},"content":{"rendered":"\n<p>Aujourd&rsquo;hui, mercredi 3 septembre, le pr\u00e9sident polonais Karol Nawrocki est re\u00e7u \u00e0 Washington par Donald Trump. Cette rencontre s\u2019inscrit dans le cadre d&rsquo;un rapprochement progressif entre les deux hommes depuis le printemps, lorsque l\u2019administration am\u00e9ricaine avait choisi de soutenir l\u2019historien nationaliste, alors candidat du PiS, devenu pr\u00e9sident de la R\u00e9publique polonaise le 6 ao\u00fbt.<\/p>\n\n\n\n<ul class=\"wp-block-list\">\n<li><a href=\"https:\/\/legrandcontinent.eu\/fr\/2025\/06\/01\/qui-est-karol-nawrocki-historien-hooligan-et-anti-avortement-le-candidat-du-pis-a-la-presidentielle-polonaise-en-10-phrases-clefs\/\">Durant la campagne<\/a>, Nawrocki avait d\u00e9j\u00e0 \u00e9t\u00e9 re\u00e7u par Trump \u00e0 la Maison-Blanche et avait indiqu\u00e9 que le pr\u00e9sident am\u00e9ricain lui aurait souffl\u00e9&#160;: \u00ab&#160;Vous allez gagner&#160;\u00bb. Lors de la CPAC de Varsovie au mois de mai, <a href=\"https:\/\/legrandcontinent.eu\/fr\/2025\/01\/15\/kristi-noem-la-conservatrice-des-prairies-de-donald-trump\/\">la secr\u00e9taire am\u00e9ricaine \u00e0 la S\u00e9curit\u00e9 int\u00e9rieure, Kristi Noem<\/a>, l\u2019avait officiellement soutenu.<\/li>\n\n\n\n<li>Le 9 ao\u00fbt, soit trois jours apr\u00e8s sa prestation de serment, la chancellerie pr\u00e9sidentielle a annonc\u00e9 une invitation formelle de Trump \u00e0 Nawrocki pour une visite de travail le 3 septembre \u00e0 Washington, qui sera le premier d\u00e9placement \u00e0 l&rsquo;\u00e9tranger du nouveau chef de l&rsquo;\u00c9tat.<\/li>\n\n\n\n<li>Ce dernier a indiqu\u00e9 qu&rsquo;il abordera bien s\u00fbr la question de l&rsquo;Ukraine, mais qu&rsquo;il se concentrera surtout sur les questions li\u00e9es \u00e0 la d\u00e9fense de la Pologne.<\/li>\n<\/ul>\n\n\n\n<div class=\"iframe-container wp-block-image wp-block-image-medium  iframe-dw\">\n\t<div>\n\t\t<iframe class=\"absolute w-full h-full pin-t pin-l\" title=\"titolo\" aria-label=\"Interactive line chart\" src=\"\/\/datawrapper.dwcdn.net\/gogaa\" scrolling=\"no\" frameborder=\"0\"><\/iframe>\n\t<\/div>\n<\/div>\n\n\n\n<p><em>Outsider<\/em> inconnu du grand public avant que son <a href=\"https:\/\/legrandcontinent.eu\/fr\/2025\/06\/01\/qui-est-karol-nawrocki-historien-hooligan-et-anti-avortement-le-candidat-du-pis-a-la-presidentielle-polonaise-en-10-phrases-clefs\/\">pass\u00e9 de hooligan<\/a> ne soit d\u00e9voil\u00e9 au cours de la campagne pr\u00e9sidentielle, ainsi que ses positions ambigu\u00ebs sur le soutien \u00e0 l\u2019Ukraine, Nawrocki a d\u00e9j\u00e0 rompu avec la tradition polonaise depuis son investiture&#160;: au lieu d\u2019une pr\u00e9sidence protocolaire, il impose une hyper-pr\u00e9sidence offensive.<\/p>\n\n\n\n<p>Il ne s\u2019agit ainsi pas du simple remplacement d\u2019un pr\u00e9sident pro-PiS, Andrzej Duda, par un autre.<\/p>\n\n\n\n<ul class=\"wp-block-list\">\n<li>Le d\u00e9placement de Nawrocki \u00e0 Washington arrive apr\u00e8s une s\u00e9rie d\u2019\u00e9v\u00e9nements au cours desquels celui-ci a progressivement tent\u00e9 de repr\u00e9senter la Pologne \u00e0 l\u2019\u00e9tranger.<\/li>\n\n\n\n<li>Selon la Constitution polonaise, la diplomatie rel\u00e8ve du domaine du gouvernement, incarn\u00e9 par les figures du Premier ministre Donald Tusk et du ministre des Affaires \u00e9trang\u00e8res Rados\u0142aw Sikorski, qui ne cesse de le rappeler \u00e0 la chancellerie pr\u00e9sidentielle, sans succ\u00e8s.<\/li>\n<\/ul>\n\n\n\n<p>Lors du briefing du 13 ao\u00fbt, qui visait \u00e0 coordonner la position des Am\u00e9ricains et des Europ\u00e9ens en amont de la rencontre entre Poutine et Trump, c&rsquo;est Nawrocki qui a \u00e9t\u00e9 invit\u00e9 par le pr\u00e9sident Trump, et non Tusk. Cet \u00e9v\u00e9nement, d\u00e9voil\u00e9 au dernier moment, a surpris la classe politique polonaise.<\/p>\n\n\n\n<ul class=\"wp-block-list\">\n<li>Pourtant, le lendemain, lors de la r\u00e9union de la \u00ab&#160;coalition des volontaires&#160;\u00bb, c\u2019est bien le ministre des Affaires \u00e9trang\u00e8res Sikorsk qui \u00e9tait pr\u00e9sent.<\/li>\n\n\n\n<li>Ces man\u0153uvres ont entra\u00een\u00e9 leur lot de tensions entre les deux hommes, si bien que, le 18 ao\u00fbt, alors que la Pologne est l&rsquo;un des principaux soutiens de l&rsquo;Ukraine, le pays n&rsquo;\u00e9tait pas repr\u00e9sent\u00e9 dans le Bureau ovale, o\u00f9 \u00e9taient r\u00e9unis plusieurs dirigeants europ\u00e9ens et le pr\u00e9sident Zelensky.<\/li>\n\n\n\n<li>\u00c0 l\u2019approche de la visite de Nawrocki \u00e0 Washington, le minist\u00e8re des Affaires \u00e9trang\u00e8res polonais a transmis \u00e0 la pr\u00e9sidence un document synth\u00e9tique r\u00e9sumant la position diplomatique que la Pologne devrait adopter vis-\u00e0-vis des \u00c9tats-Unis, ce que le porte-parole de la pr\u00e9sidence a qualifi\u00e9 de \u00ab&#160;blague&#160;\u00bb.<\/li>\n<\/ul>\n\n\n\n<p>Apr\u00e8s l\u2019\u00e9lection pr\u00e9sidentielle, certains ont pu penser que le fait que Nawrocki entretienne des relations avec la Maison-Blanche et le mouvement MAGA \u00e9tait une bonne nouvelle, celle-ci permettant d\u2019avoir une relation atlantique privil\u00e9gi\u00e9e, comme lors du pr\u00e9c\u00e9dent mandat d&rsquo;Andrzej Duda.<\/p>\n\n\n\n<ul class=\"wp-block-list\">\n<li>En effet, les relations entre Trump et Tusk sont mauvaises depuis 2017-2019, p\u00e9riode durant laquelle ce dernier \u00e9tait pr\u00e9sident du Conseil europ\u00e9en.<\/li>\n\n\n\n<li>Pour autant, la bataille qui oppose la pr\u00e9sidence et le gouvernement sur la personnalit\u00e9 qui incarne le mieux l&rsquo;image internationale de la Pologne ternit le \u00ab&#160;<a href=\"https:\/\/legrandcontinent.eu\/fr\/2025\/01\/01\/europe-geopolitique-le-moment-polonais\/\">moment polonais<\/a>&#160;\u00bb, au cours duquel Varsovie pr\u00e9sidait le Conseil de l&rsquo;Union et si\u00e9geait avec Paris et Berlin dans un triangle de Weimar renforc\u00e9.<\/li>\n<\/ul>\n\n\n\n\n\n<figure class=\"wp-block-image wp-block-image-medium\"\n    data-shadow=\"false\"\n    data-use-original-file=\"false\">\n    <a\n        data-pswp-src=\"https:\/\/legrandcontinent.eu\/fr\/wp-content\/uploads\/sites\/2\/2025\/09\/tusk_waiting2.jpeg\"\n        class=\"inline-block gallery-item no-underline \"\n        data-pswp-width=\"960\"\n        data-pswp-height=\"608\">\n                                        <picture>\r\n                    <source\r\n                srcset=\"https:\/\/legrandcontinent.eu\/fr\/wp-content\/uploads\/sites\/2\/2025\/09\/tusk_waiting2-330x209.jpeg\"\r\n                media=\"(max-width:  374px)\" \/>\r\n                    <source\r\n                srcset=\"https:\/\/legrandcontinent.eu\/fr\/wp-content\/uploads\/sites\/2\/2025\/09\/tusk_waiting2-690x437.jpeg\"\r\n                media=\"(max-width:  989px)\" \/>\r\n                    <source\r\n                srcset=\"https:\/\/legrandcontinent.eu\/fr\/wp-content\/uploads\/sites\/2\/2025\/09\/tusk_waiting2.jpeg\"\r\n                media=\"(max-width: 1319px)\" \/>\r\n                    <source\r\n                srcset=\"https:\/\/legrandcontinent.eu\/fr\/wp-content\/uploads\/sites\/2\/2025\/09\/tusk_waiting2-690x437.jpeg\"\r\n                media=\"(max-width: 1599px)\" \/>\r\n                    <source\r\n                srcset=\"https:\/\/legrandcontinent.eu\/fr\/wp-content\/uploads\/sites\/2\/2025\/09\/tusk_waiting2.jpeg\"\r\n                media=\"(min-width: 1600px)\" \/>\r\n                <img decoding=\"async\" src=\"https:\/\/legrandcontinent.eu\/fr\/wp-content\/uploads\/sites\/2\/2025\/09\/tusk_waiting2-125x79.jpeg\" \/>\r\n        <\/picture>\r\n                            \n                    <figcaption class=\"pswp-caption-content \">\u00a9 PAP\/Pawe\u0142 Supernak<\/figcaption>\n            <\/a>\n<\/figure>\n\n\n<p>Au-del\u00e0 de cette cacophonie diplomatique, le conflit entre les deux hommes, qui se d\u00e9testent cordialement, est \u00e9galement pr\u00e9sent dans la politique int\u00e9rieure.<\/p>\n\n\n\n<ul class=\"wp-block-list\">\n<li>Apr\u00e8s l&rsquo;imbroglio concernant la participation de Nawrocki \u00e0 la r\u00e9union avec Trump le 13 ao\u00fbt, une explication a eu lieu le lendemain au palais de la pr\u00e9sidence.<\/li>\n\n\n\n<li>Avant celle-ci, Nawrocki a d\u00e9lib\u00e9r\u00e9ment laiss\u00e9 attendre Tusk pour simuler une sup\u00e9riorit\u00e9 devant les cam\u00e9ras.<\/li>\n\n\n\n<li>La discussion n\u2019a rien donn\u00e9, Tusk ayant tweet\u00e9 que le seul point d\u2019accord entre les deux hommes est \u00ab&#160;que nous avons de belles familles et des enfants fantastiques&#160;\u00bb.<\/li>\n<\/ul>\n\n\n\n<figure class=\"wp-block-embed is-type-rich is-provider-twitter wp-block-embed-twitter\"><div class=\"wp-block-embed__wrapper\">\n<blockquote class=\"twitter-tweet\" data-width=\"550\" data-dnt=\"true\"><p lang=\"pl\" dir=\"ltr\">W jednym byli\u015bmy z Panem Prezydentem zgodni w stu procentach&#160;: \u017ce mamy kochane rodziny i fantastyczne dzieci&#160;!\ud83d\ude00<\/p>&mdash; Donald Tusk (@donaldtusk) <a href=\"https:\/\/twitter.com\/donaldtusk\/status\/1955954543516123626?ref_src=twsrc%5Etfw\">August 14, 2025<\/a><\/blockquote><script async src=\"https:\/\/platform.twitter.com\/widgets.js\" charset=\"utf-8\"><\/script>\n<\/div><\/figure>\n\n\n\n<ul class=\"wp-block-list\">\n<li>Nawrocki a \u00e9galement convoqu\u00e9 un Conseil des ministres le 27 ao\u00fbt et a lanc\u00e9 une salve de critiques contre Tusk et son gouvernement, leur reprochant notamment un d\u00e9ficit record, des retards dans le m\u00e9ga-projet d\u2019a\u00e9roport CPK et une protection insuffisante de l\u2019agriculture polonaise.<\/li>\n<\/ul>\n\n\n\n<p>De fa\u00e7on plus concr\u00e8te, en quatre semaines \u00e0 la t\u00eate de l&rsquo;\u00c9tat, Nawrocki a oppos\u00e9 son veto \u00e0 de nombreux projets de loi propos\u00e9s par le gouvernement et adopt\u00e9s par la Di\u00e8te, domin\u00e9e par la coalition de Tusk, dans \u00e0 peu pr\u00e8s tous les domaines.<\/p>\n\n\n\n<ul class=\"wp-block-list\">\n<li>Dans l\u2019\u00e9nergie, \u00e0 une loi assouplissant les r\u00e8gles d\u2019implantation des \u00e9oliennes, jumel\u00e9e \u00e0 une prolongation du gel des tarifs pour les m\u00e9nages&#160;;<\/li>\n\n\n\n<li>Dans la politique sociale et d\u2019immigration, \u00e0 une loi visant \u00e0 prolonger les aides sociales aux Ukrainiens pr\u00e9sents en Pologne&#160;;<\/li>\n\n\n\n<li>Dans le soutien plus sp\u00e9cifique \u00e0 Kiev, \u00e0 une loi sur le financement par la Pologne du r\u00e9seau Starlink utilis\u00e9 en Ukraine.<\/li>\n<\/ul>\n\n\n\n<p>Au total, on compte sept v\u00e9tos en un mois, soit \u00e0 peu pr\u00e8s autant que ceux du pr\u00e9c\u00e9dent pr\u00e9sident Duda en deux ans.<\/p>\n\n\n\n<ul class=\"wp-block-list\">\n<li>Pour renverser ces v\u00e9tos, il faut atteindre une majorit\u00e9 des trois cinqui\u00e8mes \u00e0 la Di\u00e8te, ce qui semble tr\u00e8s improbable dans la mesure o\u00f9 le PiS dispose de deux cinqui\u00e8mes des si\u00e8ges +1, auxquels il faut ajouter ceux des autres formations d\u2019opposition (28), la principale \u00e9tant le parti d\u2019extr\u00eame-droite Conf\u00e9d\u00e9ration.&nbsp;<\/li>\n<\/ul>\n\n\n\n<p>Les dossiers risquent de rester sur la table du pr\u00e9sident.<\/p>\n\n\n\n<ul class=\"wp-block-list\">\n<li>Sur la plupart des sujets, Nawrocki a propos\u00e9 de nouveaux projets de loi au Parlement, m\u00eame si ses soutiens directs n\u2019y ont de fait pas de majorit\u00e9.&nbsp;<\/li>\n\n\n\n<li>Il est possible que certains compromis soient trouv\u00e9s, certains projets de Nawrocki reprenant partiellement les propositions du gouvernement en omettant les aspects plus conflictuels.<\/li>\n\n\n\n<li>Le gouvernement peut \u00e9galement jouer sur des m\u00e9canismes extra-parlementaires pour proposer des ajustements \u00e0 l\u2019\u00e9tat des choses, comme il l\u2019a d\u00e9j\u00e0 fait sur l\u2019administration de la pilule du lendemain sans ordonnance, un projet bloqu\u00e9 par le pr\u00e9sident Duda et que Nawrocki n\u2019a aucune intention de faire progresser.<\/li>\n<\/ul>\n\n\n\n<div class=\"iframe-container wp-block-image wp-block-image-medium  iframe-dw\">\n\t<div>\n\t\t<iframe class=\"absolute w-full h-full pin-t pin-l\" title=\"titolo\" aria-label=\"Interactive line chart\" src=\"\/\/datawrapper.dwcdn.net\/eBkyf\" scrolling=\"no\" frameborder=\"0\"><\/iframe>\n\t<\/div>\n<\/div>\n\n\n\n<p>Pour autant, le moindre sujet devient l\u2019objet d\u2019une confrontation directe qui ne laisse pas le temps aux commissions parlementaires de faire leur travail de r\u00e9conciliation \u2014 et c\u2019est bien l\u2019horizon d\u2019un conflit permanent qui se dessine.<\/p>\n\n\n\n<ul class=\"wp-block-list\">\n<li>Dans les sondages, le PiS et la Coalition civique sont au coude \u00e0 coude, avec environ 30&#160;% des intentions de vote.<\/li>\n\n\n\n<li>Les prochaines \u00e9lections l\u00e9gislatives sont pr\u00e9vues \u00e0 l\u2019automne 2027, et les marges de man\u0153uvre de la Coalition civique et de ses alli\u00e9s sont minces d\u2019ici l\u00e0, m\u00eame si la somme de leurs voix reste majoritaire.<\/li>\n\n\n\n<li>Nawrocki restera pr\u00e9sident jusqu\u2019en 2030.<\/li>\n<\/ul>\n\n\n\n<p>Dans un contexte o\u00f9 il faut aller chercher des voix \u00e0 droite, on assiste parfois \u00e0 une \u00ab&#160;nawrockisation&#160;\u00bb de la vie politique polonaise.<\/p>\n\n\n\n<ul class=\"wp-block-list\">\n<li>Nawrocki consid\u00e8re que la question des massacres de Volhynie pendant la Seconde Guerre mondiale est le point principal des tensions entre la Pologne et l&rsquo;Ukraine&nbsp;<span class='whitespace-nowrap'><span id='easy-footnote-1-296259' class='easy-footnote-margin-adjust'><\/span><span class='easy-footnote'><a href='https:\/\/legrandcontinent.eu\/fr\/2025\/09\/03\/nawrocki-a-washington-qui-dirige-la-pologne\/#easy-footnote-bottom-1-296259' title='Il s\u2019agit de l\u2019assassinat de pr\u00e8s de 100 000 Polonais par l\u2019Arm\u00e9e insurrectionnelle ukrainienne (UPA), de 1942 \u00e0 1944, que la Pologne qualifie de g\u00e9nocide. Depuis la guerre en 2022, la reconnaissance de ces massacres par l\u2019Ukraine a progress\u00e9&amp;#160;; \u00e0 la mi-janvier 2025, Zelensky a officiellement annonc\u00e9 qu\u2019il commencerait l\u2019exhumation des victimes \u00e0 partir du printemps, r\u00e9pondant \u00e0 une attente de familles polonaises qui dure depuis maintenant 80 ans.'><sup>1<\/sup><\/a><\/span><\/span>.<\/li>\n\n\n\n<li>Jouant sur la corde m\u00e9morielle, le ministre de la D\u00e9fense, membre de la coalition gouvernementale de Tusk mais appartenant au PSL (un parti paysan plus conservateur que la Coalition civique), a d\u00e9clar\u00e9 que la Pologne ne soutiendrait pas l\u2019adh\u00e9sion de l\u2019Ukraine \u00e0 l\u2019Union europ\u00e9enne tant que les conflits m\u00e9moriels relatifs \u00e0 ces massacres ne seraient pas r\u00e9solus.<\/li>\n\n\n\n<li>Pour tenter de pr\u00e9server la place de la Pologne sur la sc\u00e8ne internationale malgr\u00e9 les tensions, Tusk poursuit sa diplomatie parall\u00e8le, comme en t\u00e9moigne sa visite en Moldavie avec le pr\u00e9sident fran\u00e7ais Macron et le chancelier Merz.<\/li>\n\n\n\n<li>Parall\u00e8lement, Nawrocki met en place ses propres initiatives, comme un sommet la semaine derni\u00e8re \u00e0 Varsovie avec les pays baltes et le Danemark, qui a donn\u00e9 lieu \u00e0 une visioconf\u00e9rence avec le pr\u00e9sident Zelensky.<\/li>\n\n\n\n<li>Hier encore, en amont de la rencontre entre Nawrocki et Trump, le ministre des Affaires \u00e9trang\u00e8res, Sikorski, a mis en sc\u00e8ne sa rencontre \u00e0 Miami avec le secr\u00e9taire d\u2019\u00c9tat am\u00e9ricain, Marco Rubio, afin d\u2019attribuer le prix Solidarno\u015b\u0107 \u00e0 la dissidente cubaine Berta Soler.<\/li>\n<\/ul>\n","protected":false},"excerpt":{"rendered":"<p>Le pr\u00e9sident polonais, Karol Nawrocki, est re\u00e7u aujourd&rsquo;hui, mercredi 3 septembre, par le pr\u00e9sident am\u00e9ricain Donald Trump \u00e0 Washington.<\/p>\n<p>Depuis sa prestation de serment le 6 ao\u00fbt, il y a presque un mois, Nawrocki a choisi de mener une pr\u00e9sidence offensive contre le gouvernement de Donald Tusk, plongeant la Pologne dans une nouvelle querelle institutionnelle \u2014 qui n&rsquo;est pas sans cons\u00e9quence sur son image \u00e0 l&rsquo;international.<\/p>\n","protected":false},"author":2622,"featured_media":296261,"comment_status":"closed","ping_status":"closed","sticky":false,"template":"templates\/post-briefings.php","format":"standard","meta":{"_acf_changed":true,"_trash_the_other_posts":false,"_yoast_wpseo_estimated-reading-time-minutes":8,"footnotes":""},"categories":[1731],"tags":[],"staff":[1560],"editorial_format":[],"serie":[],"audience":[],"geo":[525],"class_list":["post-296259","post","type-post","status-publish","format-standard","hentry","category-politique","staff-olivier-lenoir","geo-ameriques"],"acf":{"open_in_webview":false,"accent":false},"yoast_head":"<!-- This site is optimized with the Yoast SEO plugin v26.1.1 - https:\/\/yoast.com\/wordpress\/plugins\/seo\/ -->\n<title>Nawrocki \u00e0 Washington : qui dirige la Pologne ?<\/title>\n<meta name=\"robots\" content=\"index, follow, max-snippet:-1, max-image-preview:large, max-video-preview:-1\" \/>\n<link rel=\"canonical\" href=\"https:\/\/legrandcontinent.eu\/fr\/2025\/09\/03\/nawrocki-a-washington-qui-dirige-la-pologne\/\" \/>\n<meta property=\"og:locale\" content=\"fr_FR\" \/>\n<meta property=\"og:type\" content=\"article\" \/>\n<meta property=\"og:title\" content=\"Nawrocki \u00e0 Washington : qui dirige la Pologne ?\" \/>\n<meta property=\"og:description\" content=\"Le pr\u00e9sident polonais, Karol Nawrocki, est re\u00e7u aujourd&#039;hui, mercredi 3 septembre, par le pr\u00e9sident am\u00e9ricain Donald Trump \u00e0 Washington.  Depuis sa prestation de serment le 6 ao\u00fbt, il y a presque un mois, Nawrocki a choisi de mener une pr\u00e9sidence offensive contre le gouvernement de Donald Tusk, plongeant la Pologne dans une nouvelle querelle institutionnelle \u2014 qui n&#039;est pas sans cons\u00e9quence sur son image \u00e0 l&#039;international.\" \/>\n<meta property=\"og:url\" content=\"https:\/\/legrandcontinent.eu\/fr\/2025\/09\/03\/nawrocki-a-washington-qui-dirige-la-pologne\/\" \/>\n<meta property=\"og:site_name\" content=\"Le Grand Continent\" \/>\n<meta property=\"article:published_time\" content=\"2025-09-03T04:30:00+00:00\" \/>\n<meta property=\"og:image\" content=\"https:\/\/legrandcontinent.eu\/fr\/wp-content\/uploads\/sites\/2\/2025\/09\/gc-share-rencontre-nawrocki-trump-2.png\" \/>\n\t<meta property=\"og:image:width\" content=\"1904\" \/>\n\t<meta property=\"og:image:height\" content=\"1066\" \/>\n\t<meta property=\"og:image:type\" content=\"image\/png\" \/>\n<meta name=\"author\" content=\"Marin Saillofest\" \/>\n<meta name=\"twitter:card\" content=\"summary_large_image\" \/>\n<meta name=\"twitter:image\" content=\"https:\/\/legrandcontinent.eu\/fr\/wp-content\/uploads\/sites\/2\/2025\/09\/gc-share-rencontre-nawrocki-trump-2.png\" \/>\n<meta name=\"twitter:label1\" content=\"\u00c9crit par\" \/>\n\t<meta name=\"twitter:data1\" content=\"Marin Saillofest\" \/>\n\t<meta name=\"twitter:label2\" content=\"Dur\u00e9e de lecture estim\u00e9e\" \/>\n\t<meta name=\"twitter:data2\" content=\"8 minutes\" \/>\n<script type=\"application\/ld+json\" class=\"yoast-schema-graph\">{\"@context\":\"https:\/\/schema.org\",\"@graph\":[{\"@type\":\"WebPage\",\"@id\":\"https:\/\/legrandcontinent.eu\/fr\/2025\/09\/03\/nawrocki-a-washington-qui-dirige-la-pologne\/\",\"url\":\"https:\/\/legrandcontinent.eu\/fr\/2025\/09\/03\/nawrocki-a-washington-qui-dirige-la-pologne\/\",\"name\":\"Nawrocki \u00e0 Washington : qui dirige la Pologne ?\",\"isPartOf\":{\"@id\":\"https:\/\/legrandcontinent.eu\/fr\/#website\"},\"primaryImageOfPage\":{\"@id\":\"https:\/\/legrandcontinent.eu\/fr\/2025\/09\/03\/nawrocki-a-washington-qui-dirige-la-pologne\/#primaryimage\"},\"image\":{\"@id\":\"https:\/\/legrandcontinent.eu\/fr\/2025\/09\/03\/nawrocki-a-washington-qui-dirige-la-pologne\/#primaryimage\"},\"thumbnailUrl\":\"https:\/\/legrandcontinent.eu\/fr\/wp-content\/uploads\/sites\/2\/2025\/09\/SIPA_sipausa30492796_000008-scaled.jpg\",\"datePublished\":\"2025-09-03T04:30:00+00:00\",\"author\":{\"@id\":\"https:\/\/legrandcontinent.eu\/fr\/#\/schema\/person\/e4f85f52220fc7b4cc3cfdb86d88e833\"},\"breadcrumb\":{\"@id\":\"https:\/\/legrandcontinent.eu\/fr\/2025\/09\/03\/nawrocki-a-washington-qui-dirige-la-pologne\/#breadcrumb\"},\"inLanguage\":\"fr-FR\",\"potentialAction\":[{\"@type\":\"ReadAction\",\"target\":[\"https:\/\/legrandcontinent.eu\/fr\/2025\/09\/03\/nawrocki-a-washington-qui-dirige-la-pologne\/\"]}]},{\"@type\":\"ImageObject\",\"inLanguage\":\"fr-FR\",\"@id\":\"https:\/\/legrandcontinent.eu\/fr\/2025\/09\/03\/nawrocki-a-washington-qui-dirige-la-pologne\/#primaryimage\",\"url\":\"https:\/\/legrandcontinent.eu\/fr\/wp-content\/uploads\/sites\/2\/2025\/09\/SIPA_sipausa30492796_000008-scaled.jpg\",\"contentUrl\":\"https:\/\/legrandcontinent.eu\/fr\/wp-content\/uploads\/sites\/2\/2025\/09\/SIPA_sipausa30492796_000008-scaled.jpg\",\"width\":2560,\"height\":1706,\"caption\":\"President elect Karol Nawrocki greets fans and supporters after his certification ceremony at the Royal Castle Square in Warsaw, Poland on 11 June, 2025. (Photo by Jaap Arriens \/ Sipa USA)\/62144507\/Jaap Arriens\/2506131136\"},{\"@type\":\"BreadcrumbList\",\"@id\":\"https:\/\/legrandcontinent.eu\/fr\/2025\/09\/03\/nawrocki-a-washington-qui-dirige-la-pologne\/#breadcrumb\",\"itemListElement\":[{\"@type\":\"ListItem\",\"position\":1,\"name\":\"Accueil\",\"item\":\"https:\/\/legrandcontinent.eu\/fr\/\"},{\"@type\":\"ListItem\",\"position\":2,\"name\":\"Nawrocki \u00e0 Washington&#160;: qui dirige la Pologne&#160;?\"}]},{\"@type\":\"WebSite\",\"@id\":\"https:\/\/legrandcontinent.eu\/fr\/#website\",\"url\":\"https:\/\/legrandcontinent.eu\/fr\/\",\"name\":\"Le Grand Continent\",\"description\":\"L&#039;\u00e9chelle pertinente\",\"potentialAction\":[{\"@type\":\"SearchAction\",\"target\":{\"@type\":\"EntryPoint\",\"urlTemplate\":\"https:\/\/legrandcontinent.eu\/fr\/?s={search_term_string}\"},\"query-input\":{\"@type\":\"PropertyValueSpecification\",\"valueRequired\":true,\"valueName\":\"search_term_string\"}}],\"inLanguage\":\"fr-FR\"},{\"@type\":\"Person\",\"@id\":\"https:\/\/legrandcontinent.eu\/fr\/#\/schema\/person\/e4f85f52220fc7b4cc3cfdb86d88e833\",\"name\":\"Marin Saillofest\",\"image\":{\"@type\":\"ImageObject\",\"inLanguage\":\"fr-FR\",\"@id\":\"https:\/\/legrandcontinent.eu\/fr\/#\/schema\/person\/image\/\",\"url\":\"https:\/\/secure.gravatar.com\/avatar\/87088698b4d967390c49ae6d4f1aa459?s=96&d=mm&r=g\",\"contentUrl\":\"https:\/\/secure.gravatar.com\/avatar\/87088698b4d967390c49ae6d4f1aa459?s=96&d=mm&r=g\",\"caption\":\"Marin Saillofest\"}}]}<\/script>\n<!-- \/ Yoast SEO plugin. -->","yoast_head_json":{"title":"Nawrocki \u00e0 Washington : qui dirige la Pologne ?","robots":{"index":"index","follow":"follow","max-snippet":"max-snippet:-1","max-image-preview":"max-image-preview:large","max-video-preview":"max-video-preview:-1"},"canonical":"https:\/\/legrandcontinent.eu\/fr\/2025\/09\/03\/nawrocki-a-washington-qui-dirige-la-pologne\/","og_locale":"fr_FR","og_type":"article","og_title":"Nawrocki \u00e0 Washington : qui dirige la Pologne ?","og_description":"Le pr\u00e9sident polonais, Karol Nawrocki, est re\u00e7u aujourd'hui, mercredi 3 septembre, par le pr\u00e9sident am\u00e9ricain Donald Trump \u00e0 Washington.  Depuis sa prestation de serment le 6 ao\u00fbt, il y a presque un mois, Nawrocki a choisi de mener une pr\u00e9sidence offensive contre le gouvernement de Donald Tusk, plongeant la Pologne dans une nouvelle querelle institutionnelle \u2014 qui n'est pas sans cons\u00e9quence sur son image \u00e0 l'international.","og_url":"https:\/\/legrandcontinent.eu\/fr\/2025\/09\/03\/nawrocki-a-washington-qui-dirige-la-pologne\/","og_site_name":"Le Grand Continent","article_published_time":"2025-09-03T04:30:00+00:00","og_image":[{"width":1904,"height":1066,"url":"https:\/\/legrandcontinent.eu\/fr\/wp-content\/uploads\/sites\/2\/2025\/09\/gc-share-rencontre-nawrocki-trump-2.png","type":"image\/png"}],"author":"Marin Saillofest","twitter_card":"summary_large_image","twitter_image":"https:\/\/legrandcontinent.eu\/fr\/wp-content\/uploads\/sites\/2\/2025\/09\/gc-share-rencontre-nawrocki-trump-2.png","twitter_misc":{"\u00c9crit par":"Marin Saillofest","Dur\u00e9e de lecture estim\u00e9e":"8 minutes"},"schema":{"@context":"https:\/\/schema.org","@graph":[{"@type":"WebPage","@id":"https:\/\/legrandcontinent.eu\/fr\/2025\/09\/03\/nawrocki-a-washington-qui-dirige-la-pologne\/","url":"https:\/\/legrandcontinent.eu\/fr\/2025\/09\/03\/nawrocki-a-washington-qui-dirige-la-pologne\/","name":"Nawrocki \u00e0 Washington : qui dirige la Pologne ?","isPartOf":{"@id":"https:\/\/legrandcontinent.eu\/fr\/#website"},"primaryImageOfPage":{"@id":"https:\/\/legrandcontinent.eu\/fr\/2025\/09\/03\/nawrocki-a-washington-qui-dirige-la-pologne\/#primaryimage"},"image":{"@id":"https:\/\/legrandcontinent.eu\/fr\/2025\/09\/03\/nawrocki-a-washington-qui-dirige-la-pologne\/#primaryimage"},"thumbnailUrl":"https:\/\/legrandcontinent.eu\/fr\/wp-content\/uploads\/sites\/2\/2025\/09\/SIPA_sipausa30492796_000008-scaled.jpg","datePublished":"2025-09-03T04:30:00+00:00","author":{"@id":"https:\/\/legrandcontinent.eu\/fr\/#\/schema\/person\/e4f85f52220fc7b4cc3cfdb86d88e833"},"breadcrumb":{"@id":"https:\/\/legrandcontinent.eu\/fr\/2025\/09\/03\/nawrocki-a-washington-qui-dirige-la-pologne\/#breadcrumb"},"inLanguage":"fr-FR","potentialAction":[{"@type":"ReadAction","target":["https:\/\/legrandcontinent.eu\/fr\/2025\/09\/03\/nawrocki-a-washington-qui-dirige-la-pologne\/"]}]},{"@type":"ImageObject","inLanguage":"fr-FR","@id":"https:\/\/legrandcontinent.eu\/fr\/2025\/09\/03\/nawrocki-a-washington-qui-dirige-la-pologne\/#primaryimage","url":"https:\/\/legrandcontinent.eu\/fr\/wp-content\/uploads\/sites\/2\/2025\/09\/SIPA_sipausa30492796_000008-scaled.jpg","contentUrl":"https:\/\/legrandcontinent.eu\/fr\/wp-content\/uploads\/sites\/2\/2025\/09\/SIPA_sipausa30492796_000008-scaled.jpg","width":2560,"height":1706,"caption":"President elect Karol Nawrocki greets fans and supporters after his certification ceremony at the Royal Castle Square in Warsaw, Poland on 11 June, 2025. (Photo by Jaap Arriens \/ Sipa USA)\/62144507\/Jaap Arriens\/2506131136"},{"@type":"BreadcrumbList","@id":"https:\/\/legrandcontinent.eu\/fr\/2025\/09\/03\/nawrocki-a-washington-qui-dirige-la-pologne\/#breadcrumb","itemListElement":[{"@type":"ListItem","position":1,"name":"Accueil","item":"https:\/\/legrandcontinent.eu\/fr\/"},{"@type":"ListItem","position":2,"name":"Nawrocki \u00e0 Washington&#160;: qui dirige la Pologne&#160;?"}]},{"@type":"WebSite","@id":"https:\/\/legrandcontinent.eu\/fr\/#website","url":"https:\/\/legrandcontinent.eu\/fr\/","name":"Le Grand Continent","description":"L&#039;\u00e9chelle pertinente","potentialAction":[{"@type":"SearchAction","target":{"@type":"EntryPoint","urlTemplate":"https:\/\/legrandcontinent.eu\/fr\/?s={search_term_string}"},"query-input":{"@type":"PropertyValueSpecification","valueRequired":true,"valueName":"search_term_string"}}],"inLanguage":"fr-FR"},{"@type":"Person","@id":"https:\/\/legrandcontinent.eu\/fr\/#\/schema\/person\/e4f85f52220fc7b4cc3cfdb86d88e833","name":"Marin Saillofest","image":{"@type":"ImageObject","inLanguage":"fr-FR","@id":"https:\/\/legrandcontinent.eu\/fr\/#\/schema\/person\/image\/","url":"https:\/\/secure.gravatar.com\/avatar\/87088698b4d967390c49ae6d4f1aa459?s=96&d=mm&r=g","contentUrl":"https:\/\/secure.gravatar.com\/avatar\/87088698b4d967390c49ae6d4f1aa459?s=96&d=mm&r=g","caption":"Marin Saillofest"}}]}},"lgc_categories":[{"id":1731,"name":"Politique","slug":"politique"}],"lgc_author":{"id":1560,"name":"Olivier Lenoir","slug":"olivier-lenoir","first_name":"Olivier","last_name":"Lenoir","picture":{"url":"https:\/\/legrandcontinent.eu\/fr\/wp-content\/uploads\/sites\/2\/2023\/03\/Olivier-Lenoir.png","width":270,"height":263,"alt":""}},"feature_image_summary":{"url":"https:\/\/legrandcontinent.eu\/fr\/wp-content\/uploads\/sites\/2\/2025\/09\/SIPA_sipausa30492796_000008-scaled.jpg","width":2560,"height":1706,"alt":""},"feature_image_cover":null,"term_position_data":null,"_links":{"self":[{"href":"https:\/\/legrandcontinent.eu\/fr\/wp-json\/wp\/v2\/posts\/296259","targetHints":{"allow":["GET"]}}],"collection":[{"href":"https:\/\/legrandcontinent.eu\/fr\/wp-json\/wp\/v2\/posts"}],"about":[{"href":"https:\/\/legrandcontinent.eu\/fr\/wp-json\/wp\/v2\/types\/post"}],"author":[{"embeddable":true,"href":"https:\/\/legrandcontinent.eu\/fr\/wp-json\/wp\/v2\/users\/2622"}],"replies":[{"embeddable":true,"href":"https:\/\/legrandcontinent.eu\/fr\/wp-json\/wp\/v2\/comments?post=296259"}],"version-history":[{"count":0,"href":"https:\/\/legrandcontinent.eu\/fr\/wp-json\/wp\/v2\/posts\/296259\/revisions"}],"wp:featuredmedia":[{"embeddable":true,"href":"https:\/\/legrandcontinent.eu\/fr\/wp-json\/wp\/v2\/media\/296261"}],"wp:attachment":[{"href":"https:\/\/legrandcontinent.eu\/fr\/wp-json\/wp\/v2\/media?parent=296259"}],"wp:term":[{"taxonomy":"category","embeddable":true,"href":"https:\/\/legrandcontinent.eu\/fr\/wp-json\/wp\/v2\/categories?post=296259"},{"taxonomy":"post_tag","embeddable":true,"href":"https:\/\/legrandcontinent.eu\/fr\/wp-json\/wp\/v2\/tags?post=296259"},{"taxonomy":"staff","embeddable":true,"href":"https:\/\/legrandcontinent.eu\/fr\/wp-json\/wp\/v2\/staff?post=296259"},{"taxonomy":"editorial_format","embeddable":true,"href":"https:\/\/legrandcontinent.eu\/fr\/wp-json\/wp\/v2\/editorial_format?post=296259"},{"taxonomy":"serie","embeddable":true,"href":"https:\/\/legrandcontinent.eu\/fr\/wp-json\/wp\/v2\/serie?post=296259"},{"taxonomy":"audience","embeddable":true,"href":"https:\/\/legrandcontinent.eu\/fr\/wp-json\/wp\/v2\/audience?post=296259"},{"taxonomy":"geo","embeddable":true,"href":"https:\/\/legrandcontinent.eu\/fr\/wp-json\/wp\/v2\/geo?post=296259"}],"curies":[{"name":"wp","href":"https:\/\/api.w.org\/{rel}","templated":true}]}}