{"id":295102,"date":"2025-08-29T09:00:00","date_gmt":"2025-08-29T07:00:00","guid":{"rendered":"https:\/\/legrandcontinent.eu\/fr\/?p=295102"},"modified":"2025-09-04T14:34:10","modified_gmt":"2025-09-04T12:34:10","slug":"nouveau-consensus-europeen-contretemps-francais","status":"publish","type":"post","link":"https:\/\/legrandcontinent.eu\/fr\/2025\/08\/29\/nouveau-consensus-europeen-contretemps-francais\/","title":{"rendered":"Le Nouveau Consensus europ\u00e9en et le contretemps fran\u00e7ais"},"content":{"rendered":"\n<p class=\"non-subscribers-only\"><em>Pour soutenir une r\u00e9daction ind\u00e9pendante, <a href=\"https:\/\/legrandcontinent.eu\/fr\/offre-abonnement\/\" target=\"_blank\" rel=\"noreferrer noopener\">d\u00e9couvrez nos offres d&rsquo;abonnement<\/a><\/em><\/p>\n\n\n\n<p class=\"has-text-align-right\">\u00ab&#160;<em>Il sera toujours trop tard. Heureusement&#160;!<\/em>&#160;\u00bb<br>Albert Camus<\/p>\n\n\n\n<p class=\"has-drop-cap\">Notre point de d\u00e9part tient en quelques mots&#160;: vingt ans trop t\u00f4t en Europe, vingt ans trop tard en France&nbsp;<span class='whitespace-nowrap'><span id='easy-footnote-1-295102' class='easy-footnote-margin-adjust'><\/span><span class='easy-footnote'><a href='https:\/\/legrandcontinent.eu\/fr\/2025\/08\/29\/nouveau-consensus-europeen-contretemps-francais\/#easy-footnote-bottom-1-295102' title='Chaque proposition exprim\u00e9e ici n\u2019engage pas chacun des auteurs.'><sup>1<\/sup><\/a><\/span><\/span>.&nbsp;Le mod\u00e8le d\u2019\u00c9tat strat\u00e8ge et de politique industrielle forte, promu de longue date par les gouvernements fran\u00e7ais successifs au sein d\u2019une Europe pens\u00e9e autour du libre-\u00e9change et de la paix, est devenu l\u2019horizon de travail de pays europ\u00e9ens bouscul\u00e9s par la pand\u00e9mie, la guerre en Ukraine, la deuxi\u00e8me pr\u00e9sidence Trump et la strat\u00e9gie de pr\u00e9dation industrielle chinoise. Mais si nos voisins et l\u2019Union europ\u00e9enne elle-m\u00eame peuvent envisager une telle bascule politique, c\u2019est qu\u2019ils ont men\u00e9, depuis trente ans, les r\u00e9formes structurelles et les r\u00e9orientations budg\u00e9taires n\u00e9cessaires au financement de leur industrie et de leur d\u00e9fense.&nbsp;<\/p>\n\n\n\n<p>Notre pays est ainsi \u00e0 l\u2019origine d\u2019une politique \u00e9conomique qui fait aujourd\u2019hui consensus en Europe mais qu\u2019il ne peut plus poursuivre faute d\u2019avoir agi \u00e0 temps. En appelant \u00e0 la fin de la na\u00efvet\u00e9 europ\u00e9enne, la France a eu raison vingt ans avant ses partenaires, c\u2019est-\u00e0-dire trop t\u00f4t&#160;; en n\u2019adoptant pas leur gestion raisonnable de ses finances publiques, elle prend conscience trop tard que les choix d\u2019aujourd\u2019hui se pr\u00e9paraient il y a vingt ans. R\u00e9sultat de cette politique \u00e0 contretemps&#160;: nous regardons avec envie une Allemagne qui annonce des centaines de milliards d\u2019euros d\u2019investissement dans ses arm\u00e9es et ses infrastructures, et une Union europ\u00e9enne qui \u00e9volue, \u00e0 pas compt\u00e9s, sur les positions fran\u00e7aises historiques, sans que nous ne puissions y prendre, nous aussi, une part active.&nbsp;<\/p>\n\n\n\n<p>Notre parti pris tient ainsi \u00e9galement en quelques mots&#160;: maintenant que l\u2019Europe \u00ab&#160;francise&#160;\u00bb sa politique strat\u00e9gique et industrielle, la France doit \u00ab&#160;europ\u00e9aniser&#160;\u00bb sa politique \u00e9conomique et budg\u00e9taire. S\u2019il n\u2019y a jamais eu d&rsquo;exceptionnalisme \u00e9conomique fran\u00e7ais, celui-ci joue d\u00e9sormais contre l\u2019int\u00e9r\u00eat \u00e9conomique du pays&#160;: admettons que nos voisins peuvent servir d\u2019exemples qu\u2019il s\u2019agisse d\u2019affronter le d\u00e9fi de finances publiques d\u00e9grad\u00e9es, comme au Portugal, ou celui de la r\u00e9novation de son mod\u00e8le social, comme au Danemark.&nbsp;<\/p>\n\n\n\n<p>En croisant les travaux r\u00e9cents de la recherche et les bonnes pratiques de nos partenaires europ\u00e9ens, cette pi\u00e8ce de doctrine entend ouvrir une voie pour faire passer notre pays d\u2019une \u00e9conomie de rattrapage \u00e0 une \u00e9conomie d\u2019innovation, et contribuer ainsi utilement au d\u00e9bat public \u00e9conomique. Apr\u00e8s tout, s\u2019il est trop tard pour \u00eatre en avance, il ne l\u2019est pas pour agir.<\/p>\n\n\n\n<h3 class=\"wp-block-heading\">Vingt ans d\u2019alerte&nbsp;<\/h3>\n\n\n\n<p>Les constats sont connus depuis le tournant des ann\u00e9es 2000, qui furent lanc\u00e9es par le passage \u00e0 l\u2019euro et l\u2019accession de la Chine \u00e0 l\u2019OMC. Ce n\u2019est pas \u00e0 dire que la France n\u2019est pas, ou ne se pense pas, en crise depuis bien avant cette p\u00e9riode. Mais les bornes d\u2019analyse de notre situation \u00e9conomique \u00e9taient d\u00e9j\u00e0 en place. Consid\u00e9rons ainsi quelques-uns des principaux rapports publi\u00e9s ces vingt derni\u00e8res ann\u00e9es, et qui ont rythm\u00e9 le d\u00e9bat public fran\u00e7ais.&nbsp;<\/p>\n\n\n\n<blockquote class=\"wp-block-quote is-layout-flow wp-block-quote-is-layout-flow\">\n<p>\u00ab&#160;<em>Nous sommes subrepticement engag\u00e9s dans un processus de d\u00e9crochage qui peut nous conduire, si rien n\u2019est fait, \u00e0 une situation, \u00e0 terme d\u2019une dizaine d\u2019ann\u00e9es, difficilement r\u00e9versible. Les raisons [\u2026] r\u00e9sultent de nos choix collectifs et de politiques conduites depuis des d\u00e9cennies, beaucoup plus que d\u2019une contrainte ext\u00e9rieure que nous sommes souvent tent\u00e9s de retenir comme seule explication de nos maux.<\/em>&#160;\u00bb&nbsp;<span class='whitespace-nowrap'><span id='easy-footnote-2-295102' class='easy-footnote-margin-adjust'><\/span><span class='easy-footnote'><a href='https:\/\/legrandcontinent.eu\/fr\/2025\/08\/29\/nouveau-consensus-europeen-contretemps-francais\/#easy-footnote-bottom-2-295102' title='Rapport Camdessus 1, \u00ab&amp;#160;Le sursaut&amp;#160;: Vers une nouvelle croissance pour la France&amp;#160;\u00bb, 2004.'><sup>2<\/sup><\/a><\/span><\/span><\/p>\n<\/blockquote>\n\n\n\n<p>Anticipant (\u00e0 juste titre) une croissance qui glisserait sans r\u00e9forme de 2&#160;% \u00e0 1&#160;% en moyenne en l\u2019espace de 10 ans, le premier rapport Camdessus de 2004 appelait ainsi \u00e0 mettre fin au \u00ab&#160;d\u00e9ficit de travail&#160;\u00bb et \u00e0 \u00ab&#160;l\u2019inefficacit\u00e9 financi\u00e8re&nbsp;de la sph\u00e8re publique&#160;\u00bb par un vaste ensemble de r\u00e9formes&#160;: la cr\u00e9ation d&rsquo;un pacte de stabilit\u00e9 avec les collectivit\u00e9s locales, l\u2019autonomie des universit\u00e9s la limitation du nombre de minist\u00e8res \u00e0 15, la cr\u00e9ation de p\u00f4les de recherche forts, l\u2019autorisation sans restriction du cumul d\u2019un emploi r\u00e9mun\u00e9r\u00e9 et de la retraite, etc.<\/p>\n\n\n\n<blockquote class=\"wp-block-quote is-layout-flow wp-block-quote-is-layout-flow\">\n<p><em>\u00ab&#160;En 2005, avec environ 1&nbsp;117&nbsp;milliards d&rsquo;euros de dette (pr\u00e8s de 66&nbsp;&#160;% du PIB), la seule dette financi\u00e8re de la France n\u2019a cess\u00e9 d\u2019augmenter depuis 25&nbsp;ans. [\u2026] Un objectif devrait d\u00e9sormais nous guider&#160;: remettre en ordre nos finances publiques en cinq ans, en r\u00e9orientant r\u00e9solument nos d\u00e9penses vers les secteurs les plus utiles \u00e0 la croissance, \u00e0 la pr\u00e9paration de notre avenir et \u00e0 la coh\u00e9sion sociale<\/em>.&#160;\u00bb &nbsp;<span class='whitespace-nowrap'><span id='easy-footnote-3-295102' class='easy-footnote-margin-adjust'><\/span><span class='easy-footnote'><a href='https:\/\/legrandcontinent.eu\/fr\/2025\/08\/29\/nouveau-consensus-europeen-contretemps-francais\/#easy-footnote-bottom-3-295102' title='Rapport P\u00e9bereau, \u00ab&amp;#160;Rompre avec la facilit\u00e9 de la dette publique&amp;#160;\u00bb, 2005.'><sup>3<\/sup><\/a><\/span><\/span><\/p>\n<\/blockquote>\n\n\n\n<p>Le rapport P\u00e9bereau&nbsp;de 2005 recommandait ainsi le retour \u00e0 l\u2019\u00e9quilibre budg\u00e9taire en 5 ans, par un gel des d\u00e9penses publiques et des dotations de l\u2019\u00c9tat aux collectivit\u00e9s territoriales, des r\u00e9formes des retraites, une revue exhaustive des d\u00e9penses de l\u2019\u00c9tat, et une \u00e9valuation sous trois ans de chaque texte adopt\u00e9 \u2014 et sa suspension en l\u2019absence de r\u00e9sultats. Il pointait \u00e9galement les conventions comptables relatives aux retraites des agents publics, par lesquelles des centaines de milliards d\u2019euros de compensations aux pensions vers\u00e9es sont pr\u00e9sent\u00e9es comme des d\u00e9penses <em>aujourd\u2019hui<\/em> de personnel de sant\u00e9, d\u2019\u00e9ducation, de d\u00e9fense, etc.<\/p>\n\n\n\n<blockquote class=\"wp-block-quote is-layout-flow wp-block-quote-is-layout-flow\">\n<p>\u00ab&#160;<em>Une double conviction&#160;: d\u2019une part, les Fran\u00e7ais ont les moyens de retrouver la voie d\u2019une croissance forte, financi\u00e8rement saine, socialement juste et \u00e9cologiquement positive. D\u2019autre part, tout ce qui ne sera pas entrepris d\u00e8s maintenant ne pourra bient\u00f4t plus l\u2019\u00eatre [\u2026] Au total, 316 d\u00e9cisions, qui constituent autant de r\u00e9formes majeures, devront \u00eatre mises en \u0153uvre. Toutes sont critiques pour le succ\u00e8s de l\u2019ensemble&#160;\u00bb<\/em>.&nbsp;<span class='whitespace-nowrap'><span id='easy-footnote-4-295102' class='easy-footnote-margin-adjust'><\/span><span class='easy-footnote'><a href='https:\/\/legrandcontinent.eu\/fr\/2025\/08\/29\/nouveau-consensus-europeen-contretemps-francais\/#easy-footnote-bottom-4-295102' title='Rapport Attali 1, \u00ab&amp;#160;Commission pour la lib\u00e9ration de la croissance fran\u00e7aise&amp;#160;\u00bb, 2008.'><sup>4<\/sup><\/a><\/span><\/span><\/p>\n<\/blockquote>\n\n\n\n<p>Parmi les 316 propositions du premier rapport Attali&nbsp;de 2008, retenons \u00e0 titre d\u2019exemples la suppression du d\u00e9partement, la lib\u00e9ralisation des secteurs r\u00e9glement\u00e9s, la cr\u00e9ation de dix grands p\u00f4les universitaires d\u2019excellence, la r\u00e9vision du principe de pr\u00e9caution, la mise en place d\u2019une flexis\u00e9curit\u00e9 \u00e0 la fran\u00e7aise, ou la r\u00e9duction de 1 point de PIB par an des d\u00e9penses publiques.<\/p>\n\n\n\n<blockquote class=\"wp-block-quote is-layout-flow wp-block-quote-is-layout-flow\">\n<p><em>\u00ab&#160;La crise \u00e9conomique que traverse notre pays est certes une crise mondiale, mais elle affecte d\u2019autant plus fortement nos finances publiques qu\u2019elles \u00e9taient d\u00e9j\u00e0 fragilis\u00e9es par plus de trente ann\u00e9es de d\u00e9ficit ininterrompu [\u2026] Nul ne doute que de tels objectifs [de consolidation budg\u00e9taire] vont requ\u00e9rir des changements d\u2019habitudes, une discipline plus ferme et des efforts pers\u00e9v\u00e9rants sur une longue p\u00e9riode.&#160;\u00bb\u200b<\/em>&nbsp;<span class='whitespace-nowrap'><span id='easy-footnote-5-295102' class='easy-footnote-margin-adjust'><\/span><span class='easy-footnote'><a href='https:\/\/legrandcontinent.eu\/fr\/2025\/08\/29\/nouveau-consensus-europeen-contretemps-francais\/#easy-footnote-bottom-5-295102' title='Rapport Camdessus 2, \u00ab&amp;#160;R\u00e9aliser l\u2019objectif constitutionnel d\u2019\u00e9quilibre des finances publiques&amp;#160;\u00bb, 2010.'><sup>5<\/sup><\/a><\/span><\/span><\/p>\n<\/blockquote>\n\n\n\n<p>Le second rapport Camdessus de 2010&nbsp;appelait ainsi<strong> <\/strong>\u00e0 mettre en place une gestion pluriannuelle des finances publiques, avec un plafond du niveau des d\u00e9penses de l\u2019\u00c9tat et de la S\u00e9curit\u00e9 sociale, et le plancher des recettes de l\u2019\u00c9tat et de la S\u00e9curit\u00e9 sociale.<\/p>\n\n\n\n<blockquote class=\"wp-block-quote is-layout-flow wp-block-quote-is-layout-flow\">\n<p>\u00ab&#160;<em>La France se trouve dans une situation tr\u00e8s difficile&#160;: comp\u00e9titivit\u00e9 en baisse&#160;; difficult\u00e9 \u00e0 retenir jeunes, chercheurs et entrepreneurs&#160;; dette, ch\u00f4mage et pr\u00e9carit\u00e9 [\u2026] La France est capable d\u2019atteindre une croissance \u00e9conomique moyenne d\u2019au moins 2,5&#160;% du PIB chaque ann\u00e9e \u00e0 l\u2019horizon 2020. Cela suppose des gains de productivit\u00e9 de 2&#160;% par an et se traduira par une r\u00e9duction du ch\u00f4mage structurel \u00e0 4,5&#160;% de la population active. L\u2019exp\u00e9rience engag\u00e9e par plusieurs de nos voisins montre que cela est possible<\/em>.&#160;\u00bb\u200b&nbsp;<span class='whitespace-nowrap'><span id='easy-footnote-6-295102' class='easy-footnote-margin-adjust'><\/span><span class='easy-footnote'><a href='https:\/\/legrandcontinent.eu\/fr\/2025\/08\/29\/nouveau-consensus-europeen-contretemps-francais\/#easy-footnote-bottom-6-295102' title='Rapport Attali 2, \u00ab&amp;#160;Une ambition pour dix ans&amp;#160;\u00bb, 2012'><sup>6<\/sup><\/a><\/span><\/span><\/p>\n<\/blockquote>\n\n\n\n<p>De ce second rapport Attali de 2012 se d\u00e9gagent l\u2019urgence d\u2019un plan d\u2019\u00e9conomies de 75 milliards d\u2019euros en 3 ans, l\u2019\u00e9valuation des politiques publiques, la cr\u00e9ation d\u2019agences pour la mise en \u0153uvre des politiques sociales, le lancement d\u2019eurobonds, le remplacement d\u2019une partie des cotisations sociales par de la TVA, ou l\u2019autonomie des universit\u00e9s.<\/p>\n\n\n\n<blockquote class=\"wp-block-quote is-layout-flow wp-block-quote-is-layout-flow\">\n<p>\u00ab&#160;<em>Tous les indicateurs le confirment&#160;: la comp\u00e9titivit\u00e9 de l\u2019industrie fran\u00e7aise r\u00e9gresse depuis 10 ans et le mouvement semble s\u2019acc\u00e9l\u00e9rer. La diminution du poids de l\u2019industrie dans le PIB fran\u00e7ais est plus rapide que dans presque tous les autres pays europ\u00e9ens. [\u2026] Pour reconqu\u00e9rir sa comp\u00e9titivit\u00e9, la France devra accomplir des efforts, manifester une grande pers\u00e9v\u00e9rance dans l\u2019action<\/em>.&#160;\u00bb&nbsp;<span class='whitespace-nowrap'><span id='easy-footnote-7-295102' class='easy-footnote-margin-adjust'><\/span><span class='easy-footnote'><a href='https:\/\/legrandcontinent.eu\/fr\/2025\/08\/29\/nouveau-consensus-europeen-contretemps-francais\/#easy-footnote-bottom-7-295102' title='Rapport Gallois, \u00ab&amp;#160;Pacte pour la comp\u00e9titivit\u00e9 de l\u2019industrie fran\u00e7aise&amp;#160;\u00bb, 2012.'><sup>7<\/sup><\/a><\/span><\/span><\/p>\n<\/blockquote>\n\n\n\n<p>Le rapport Gallois de 2012 recommandait un environnement fiscal et r\u00e9glementaire stabilis\u00e9, un choc de comp\u00e9titivit\u00e9 de 30 milliards d\u2019euros en transf\u00e9rant une partie des charges sociales vers la fiscalit\u00e9 et la r\u00e9duction des d\u00e9penses publiques, la sanctuarisation du budget de la recherche, et la priorit\u00e9 donn\u00e9e \u00e0 la formation de la main d\u2019\u0153uvre fran\u00e7aise, en doublant le nombre d\u2019alternants et en cr\u00e9ant un compte individuel de formation.<\/p>\n\n\n\n<p class=\"has-text-align-center\">***<\/p>\n\n\n\n<p>Des rapports de m\u00eame nature ont \u00e9t\u00e9 publi\u00e9s tout au long des ann\u00e9es 2010 \u2014 jusqu\u2019\u00e0 celui de la \u00ab&#160;Commission pour l\u2019avenir des finances publiques&#160;\u00bb de Jean Arthuis en 2021. Si certaines de leurs recommandations ont \u00e9t\u00e9 prises en compte par les gouvernements successifs, force est de constater que les actions les plus structurelles n\u2019ont pas \u00e9t\u00e9 men\u00e9es.<\/p>\n\n\n\n<p>R\u00e9sultat, m\u00eame au regard du d\u00e9crochage g\u00e9n\u00e9ral de l\u2019Europe vis-\u00e0-vis des \u00c9tats-Unis, la France se singularise depuis vingt ans&#160;:<\/p>\n\n\n\n<ul class=\"wp-block-list\">\n<li>si elle est encore la 7<sup>e<\/sup> puissance mondiale, son PIB par habitant est pass\u00e9 du 12<sup>e<\/sup> au 25<sup>e<\/sup> rang. Pour revenir \u00e0 cette place, occup\u00e9e par l\u2019Autriche, elle devrait augmenter son PIB de 30&#160;%&#160;;<\/li>\n\n\n\n<li>elle se classe 25<sup>e<\/sup> sur les 27 pays de l\u2019Union europ\u00e9enne pour son d\u00e9ficit public, son endettement public, et son niveau de pr\u00e9l\u00e8vements obligatoires&nbsp;<span class='whitespace-nowrap'><span id='easy-footnote-8-295102' class='easy-footnote-margin-adjust'><\/span><span class='easy-footnote'><a href='https:\/\/legrandcontinent.eu\/fr\/2025\/08\/29\/nouveau-consensus-europeen-contretemps-francais\/#easy-footnote-bottom-8-295102' title='Eurostat, &lt;a href=&quot;https:\/\/ec.europa.eu\/eurostat\/statistics-explained\/index.php?title=Government_finance_statistics&quot; target=&quot;_blank&quot; rel=&quot;noreferrer noopener&quot;&gt;\u00ab&amp;#160;Government Finance Statistics&amp;#160;\u00bb&lt;\/a&gt;, 22 avril 2025.'><sup>8<\/sup><\/a><\/span><\/span>, tout en \u00e9tant 23<sup>e<\/sup> sur 27 pour le niveau de satisfaction procur\u00e9 par les services publics&nbsp;<span class='whitespace-nowrap'><span id='easy-footnote-9-295102' class='easy-footnote-margin-adjust'><\/span><span class='easy-footnote'><a href='https:\/\/legrandcontinent.eu\/fr\/2025\/08\/29\/nouveau-consensus-europeen-contretemps-francais\/#easy-footnote-bottom-9-295102' title='&lt;a href=&quot;https:\/\/europa.eu\/eurobarometer\/surveys\/detail\/3216&quot; target=&quot;_blank&quot; rel=&quot;noreferrer noopener&quot;&gt;Eurobarom\u00e8tre&lt;\/a&gt;, printemps 2024.'><sup>9<\/sup><\/a><\/span><\/span>&#160;;<\/li>\n\n\n\n<li>sa productivit\u00e9 du travail a recul\u00e9 de pr\u00e8s de 3,5 points depuis 2019, contre une augmentation de 0,5 \u00e0 0,6&#160;% par an entre 2011 et 2019. S\u2019il avait \u00e9volu\u00e9 comme sa tendance ant\u00e9rieure, le PIB fran\u00e7ais serait aujourd\u2019hui 5,5 points plus \u00e9lev\u00e9 qu\u2019il ne l\u2019est&#160;;&nbsp;<\/li>\n\n\n\n<li>plus grave pour l\u2019avenir et en d\u00e9pit de d\u00e9penses sup\u00e9rieures dans ces domaines, la France est l\u2019un des pays de l\u2019Union europ\u00e9enne \u00e0 combiner de faibles r\u00e9sultats de son syst\u00e8me \u00e9ducatif et un faible niveau de qualification des adultes (Figure 1).<\/li>\n<\/ul>\n\n\n\n<div class=\"iframe-container wp-block-image wp-block-image-medium  iframe-dw\">\n\t<div>\n\t\t<iframe class=\"absolute w-full h-full pin-t pin-l\" title=\"titolo\" aria-label=\"Interactive line chart\" src=\"\/\/datawrapper.dwcdn.net\/zGP1b\/\" scrolling=\"no\" frameborder=\"0\"><\/iframe>\n\t<\/div>\n<\/div>\n\n\n\n<p>Si des raisons l\u00e9gitimes expliquent que les r\u00e9formes n\u2019ont pas \u00e9t\u00e9 men\u00e9es comme il \u00e9tait recommand\u00e9 \u2014 une \u00e9lection \u00e0 venir, une crise \u00e0 g\u00e9rer, une situation internationale pr\u00e9occupante \u2014, elles ne sont pas propres \u00e0 la France. D\u2019autres pays, face \u00e0 des circonstances similaires, y sont parvenus.<\/p>\n\n\n\n<p>Pour envisager des solutions \u00e0 la situation \u00e9conomique actuelle, il faut comprendre \u00e0 la fois pourquoi notre pays n\u2019a pas r\u00e9ussi \u00e0 se r\u00e9former en vingt ans et pourquoi, quand il l\u2019a fait, cela n\u2019a \u00e9t\u00e9 que de mani\u00e8re partielle et timor\u00e9e. Songeons ainsi aux six r\u00e9formes du syst\u00e8me de retraites entreprises depuis trente ans, avec les m\u00eames promesses d\u2019une solution d\u00e9finitive, \u00e9dulcor\u00e9es au gr\u00e9 des compromis, aboutissant \u00e0 une \u00ab&#160;fatigue&#160;\u00bb de la r\u00e9forme voire \u00e0 l\u2019expression de formes de rejet plus radicales.<\/p>\n\n\n\n<figure class=\"wp-block-pullquote\"><blockquote><p>Le projet europ\u00e9en s&rsquo;est construit autour d&rsquo;un consensus incarn\u00e9 par Bruxelles, centr\u00e9 sur l\u2019harmonisation par les normes d\u2019une part, et la libre concurrence d\u2019autre part. Ce consensus n\u2019est plus.<\/p><\/blockquote><\/figure>\n\n\n\n<h3 class=\"wp-block-heading\">Parenth\u00e8se th\u00e9orique&#160;: les trois \u00ab&#160;i&#160;\u00bb, id\u00e9es, int\u00e9r\u00eats et institutions<\/h3>\n\n\n\n<p>Il existe de nombreuses mani\u00e8res et autant de th\u00e9ories pour expliquer les raisons d\u2019une d\u00e9cision politique ou d\u2019un ph\u00e9nom\u00e8ne \u00e9conomique (ou leur absence). En dehors d\u2019un cadre id\u00e9ologique exclusif, nous prenons ici le parti de la simplicit\u00e9, en posant trois grands domaines qui interagissent les uns avec les autres&nbsp;<span class='whitespace-nowrap'><span id='easy-footnote-10-295102' class='easy-footnote-margin-adjust'><\/span><span class='easy-footnote'><a href='https:\/\/legrandcontinent.eu\/fr\/2025\/08\/29\/nouveau-consensus-europeen-contretemps-francais\/#easy-footnote-bottom-10-295102' title='Bruno Palier et&amp;nbsp;Yves Surel, \u00ab&amp;#160;&lt;a href=&quot;https:\/\/shs.cairn.info\/revue-francaise-de-science-politique-2005-1-page-7?lang=fr#re4no4&quot; target=&quot;_blank&quot; rel=&quot;noreferrer noopener&quot;&gt;Les &amp;lsquo;trois I&amp;rsquo; et l&amp;rsquo;analyse de l&amp;rsquo;\u00c9tat en action&lt;\/a&gt;&amp;#160;\u00bb,&amp;nbsp;&lt;em&gt;Revue fran\u00e7aise de science politique&lt;\/em&gt;, 55(1), 7-32, 2005.'><sup>10<\/sup><\/a><\/span><\/span>&#160;:<\/p>\n\n\n\n<ul class=\"wp-block-list\">\n<li><strong>Les id\u00e9es<\/strong>, qui bornent les possibles d\u2019une action donn\u00e9e. Comptent en particulier celles de la majorit\u00e9, dont on peut estimer en d\u00e9mocratie qu\u2019elles sont davantage appliqu\u00e9es, et celles des figures politiques, \u00e9conomiques, culturelles, intellectuelles, susceptibles d\u2019exercer une influence sur le d\u00e9bat public.<\/li>\n\n\n\n<li><strong>Les int\u00e9r\u00eats<\/strong>, ou plut\u00f4t la perception qu\u2019ont les Fran\u00e7ais, notamment les entreprises, des avantages et des d\u00e9savantages qu\u2019ils tirent de leur situation \u00e9conomique dans le statu quo.<\/li>\n\n\n\n<li><strong>Les institutions<\/strong>, qui encadrent ce qui est possible ou non de faire, selon que le pouvoir ex\u00e9cutif (le Pr\u00e9sident et\/ou le Gouvernement) soit align\u00e9 ou non avec le l\u00e9gislatif (le Parlement), et avec les autres acteurs publics qui peuvent faciliter ou freiner un programme d\u2019action (autorit\u00e9s europ\u00e9ennes, collectivit\u00e9s territoriales, partenaires sociaux, repr\u00e9sentants de la soci\u00e9t\u00e9 civile, etc.).<\/li>\n<\/ul>\n\n\n\n<p>Appliqu\u00e9 \u00e0 la situation \u00e9conomique de la France depuis vingt ans, ce cadre d\u2019analyse simple permet d\u2019apporter un \u00e9clairage utile, sinon d\u00e9finitif, sur la difficult\u00e9 fran\u00e7aise de se r\u00e9former.<\/p>\n\n\n\n<p><strong>Id\u00e9es<\/strong>. Le d\u00e9bat \u00e9conomique fran\u00e7ais est rest\u00e9 marqu\u00e9 par une tradition fond\u00e9e sur un r\u00e9flexe favorable \u00e0 une action centralis\u00e9e et normative, un appel \u00e0 l\u2019intervention de l\u2019\u00c9tat dans la sph\u00e8re \u00e9conomique, et des logiques corporatistes. Il est \u00e9galement assis sur une repr\u00e9sentation tenace selon laquelle le monde \u00e9conomique serait l\u2019expression d\u2019une lutte entre les diff\u00e9rents acteurs et non de logiques de coop\u00e9ration. Cela s\u2019est par exemple traduit, tout au long des ann\u00e9es 2000 et 2010, par des r\u00e9ticences \u00e0 mener autant de r\u00e9formes syst\u00e9miques ou \u00e0 s\u2019ouvrir autant \u00e0 la concurrence que d\u2019autres pays europ\u00e9ens.&nbsp;<\/p>\n\n\n\n<p><strong>Int\u00e9r\u00eats<\/strong>. Une partie des Fran\u00e7ais continue de percevoir son int\u00e9r\u00eat \u00e9conomique dans la pr\u00e9servation d\u2019un mod\u00e8le protecteur, fond\u00e9 sur la redistribution, la stabilit\u00e9 des revenus et la pr\u00e9visibilit\u00e9 des parcours de vie. Le taux \u00e9lev\u00e9 de propri\u00e9taires, l\u2019acc\u00e8s relativement bon march\u00e9 aux services publics (sant\u00e9, \u00e9ducation, transports), le taux \u00e9lev\u00e9 de retrait\u00e9s ou de fonctionnaires contribuent \u00e0 entretenir une demande de protection plut\u00f4t que de transformation, de rentes plut\u00f4t que de risque, jusqu\u2019\u00e0 former une client\u00e8le politique majoritaire. Ainsi, des r\u00e9formes m\u00eame modestes ou des tentatives de r\u00e9duction des d\u00e9penses publiques rencontrent une r\u00e9sistance. Le mouvement des Gilets Jaunes l\u2019a bien montr\u00e9&#160;: en parall\u00e8le des d\u00e9terminants politiques, la hausse acc\u00e9l\u00e9r\u00e9e de la fiscalit\u00e9 \u00e9cologique a \u00e9t\u00e9 per\u00e7ue non pas comme un investissement collectif dans la transition \u00e9nerg\u00e9tique, mais comme un effort impossible.<\/p>\n\n\n\n<p><strong>Institutions<\/strong>. L\u2019int\u00e9gration \u00e9conomique europ\u00e9enne, qui s\u2019est pleinement d\u00e9ploy\u00e9e \u00e0 partir des ann\u00e9es 1990 et 2000, a permis \u00e0 la France de b\u00e9n\u00e9ficier de la stabilit\u00e9 mon\u00e9taire de la zone euro, d\u2019un \u00e9largissement de son espace \u00e9conomique avec le march\u00e9 unique et d\u2019un acc\u00e8s \u00e0 des financements \u00e0 co\u00fbt mod\u00e9r\u00e9 en raison de taux d\u2019int\u00e9r\u00eats ancr\u00e9s sur ceux de l\u2019Allemagne. Ce qui, en retour, a mis notre pays dans une forme de \u00ab&#160;d\u00e9crochage sous anesth\u00e9sie&#160;\u00bb, identifi\u00e9 d\u00e8s le rapport Camdessus en 2004. Si les d\u00e9valuations des ann\u00e9es 1970 et 1980 n\u2019ont plus cours, ce sont les march\u00e9s et les pr\u00eateurs qui jouent d\u00e9sormais les cordes de rappel, comme en Gr\u00e8ce ou au Portugal au d\u00e9but des ann\u00e9es 2010. La France se d\u00e9marque enfin par un mod\u00e8le de d\u00e9mocratie sociale o\u00f9 l\u2019\u00c9tat garantit les ressources d\u2019un syst\u00e8me social dont les co\u00fbts (pr\u00e8s de 800&nbsp;milliards d\u2019euros, soit les deux cinqui\u00e8mes de la d\u00e9pense publique) sont d\u00e9termin\u00e9s de mani\u00e8re paritaire par les partenaires sociaux.<\/p>\n\n\n\n<p>Dit simplement&#160;: la pr\u00e9f\u00e9rence fran\u00e7aise de&nbsp;l\u2019apr\u00e8s-guerre pour une vie de travail courte, une retraite longue, une grande r\u00e9partition des richesses, et une extension du domaine d\u2019intervention de la puissance publique au motif de protection universelle, correspondait \u00e0 la fois aux grandes bornes du d\u00e9bat public et aux positions de tous les partis politiques. Mais cet \u00e9tat de fait n\u2019est plus le n\u00f4tre&#160;: il a bascul\u00e9.<\/p>\n\n\n\n<h3 class=\"wp-block-heading\">Deux ans pour une bascule<\/h3>\n\n\n\n<p>L\u2019application de ce paradigme th\u00e9orique simple nous permet de conjecturer une bascule fran\u00e7aise voire europ\u00e9enne dont la date exacte n\u2019est pas identifiable, mais qui aurait pu avoir lieu entre le d\u00e9clenchement de l\u2019agression russe en Ukraine en f\u00e9vrier 2022 et l\u2019\u00e9lection de Donald J. Trump en novembre 2024 \u2014 la pand\u00e9mie de Covid en 2020 comptant comme des pr\u00e9mices.&nbsp;<\/p>\n\n\n\n<h4 class=\"wp-block-heading\">Id\u00e9es&#160;: le \u00ab&#160;Nouveau Consensus Europ\u00e9en&#160;\u00bb<\/h4>\n\n\n\n<p>Le projet europ\u00e9en s&rsquo;est construit autour d&rsquo;un consensus incarn\u00e9 par Bruxelles, centr\u00e9 sur l\u2019harmonisation par les normes d\u2019une part, et la libre concurrence d\u2019autre part. Ce consensus n\u2019est plus&#160;: la guerre en Ukraine, la stagnation \u00e9conomique et les pressions g\u00e9opolitiques ont mis \u00e0 mal ce mod\u00e8le. <a href=\"https:\/\/legrandcontinent.eu\/fr\/themes\/economie\/rapport-draghi-un-debat-europeen\/\">Le rapport Draghi, et son influence sur le d\u00e9bat public europ\u00e9en<\/a>, en t\u00e9moigne.<\/p>\n\n\n\n<p>Il n\u2019est pas question ici de revenir en d\u00e9tail sur ce travail, largement comment\u00e9 et salu\u00e9, au diapason des positions fran\u00e7aises depuis le discours de la Sorbonne au moins. Il nous suffit de constater, d\u2019une part, que son point de d\u00e9part (que l\u2019on peut r\u00e9sumer ainsi&#160;: \u00ab&#160;l\u2019Europe d\u00e9croche vis-\u00e0-vis des \u00c9tats-Unis&#160;\u00bb) comme ses recommandations (\u00ab&#160;l\u2019Europe doit investir massivement, y compris par l\u2019\u00e9mission d\u2019un nouvel emprunt&#160;\u00bb&#160;; \u00ab&#160;la politique de concurrence doit \u00eatre revue&#160;\u00bb&#160;; \u00ab&#160;l\u2019Europe doit se doter d\u2019une strat\u00e9gie \u00e9conomique internationale et ne plus d\u00e9pendre de puissances ext\u00e9rieures dans certains domaines critiques&#160;\u00bb&#160;; \u00ab&#160;l\u2019Europe doit s\u2019engager davantage dans les questions de d\u00e9fense&#160;\u00bb), correspondent pour l\u2019essentiel aux positions fran\u00e7aises historiques&#160;; d\u2019autre part, que ce travail sert d\u00e9sormais de boussole \u00e0 la pr\u00e9sidence de la Commission europ\u00e9enne et au Conseil europ\u00e9en (qui en a adopt\u00e9 les grandes lignes au sommet informel de Budapest en novembre 2024).&nbsp;<\/p>\n\n\n\n<p>Ce consensus des mots prend forme dans les faits, n\u00e9cessairement plus lentement et non sans heurts s\u00e9rieux \u2014 en t\u00e9moigne le \u00ab&#160;Turnberry deal&#160;\u00bb de juillet. Il s\u2019incarne n\u00e9anmoins dans des \u00e9volutions impensables il y a encore deux ans. Le Chancelier Merz engage ainsi des centaines milliards d\u2019euros dans la d\u00e9fense du pays&#160;; le Danemark, jusque-l\u00e0 chef de file des \u00ab&#160;frugaux&#160;\u00bb, appelle \u00e0 assouplir les r\u00e8gles budg\u00e9taires europ\u00e9ennes et \u00e0 faire de la d\u00e9fense la \u00ab&#160;priorit\u00e9 num\u00e9ro 1&#160;\u00bb&nbsp;de l\u2019Europe&#160;; la Su\u00e8de et la Finlande sont d\u00e9sormais membres de l\u2019OTAN avec des budgets de d\u00e9fense en hausse \u2014 \u00e0 l\u2019image de la quasi-totalit\u00e9 des pays europ\u00e9ens. C\u2019est en \u00ab&#160;front uni&#160;\u00bb encore que les Europ\u00e9ens se sont pr\u00e9sent\u00e9s \u00e0 Washington aux c\u00f4t\u00e9s de Volodymyr Zelensky et dessinent une coalition des volontaires&nbsp;pour fournir \u00e0 l\u2019Ukraine des garanties de s\u00e9curit\u00e9, pendant que l\u2019Union adopte plusieurs plans de r\u00e9armement. Tout cela est encore insuffisant. Mais ces actes doivent \u00eatre mesur\u00e9s \u00e0 l\u2019aune d\u2019une Histoire qui laissait jusque-l\u00e0 peu de place \u00e0 la souverainet\u00e9.<\/p>\n\n\n\n<p>Par analogie avec le \u00ab&#160;consensus de Washington&#160;\u00bb de la deuxi\u00e8me partie du XXe si\u00e8cle, ce nouveau consensus en formation aurait pu \u00eatre nomm\u00e9 le \u00ab&#160;consensus de Berlin&#160;\u00bb si l&rsquo;Allemagne ne s\u2019\u00e9tait pas tant mystifi\u00e9e sur ses d\u00e9pendances \u00e0 la Russie et \u00e0 la Chine et les vuln\u00e9rabilit\u00e9s \u00e9nerg\u00e9tiques et militaires du mod\u00e8le europ\u00e9en. Il aurait pu \u00eatre d\u00e9fini comme le \u00ab&#160;consensus de Paris&#160;\u00bb, si la France avait adopt\u00e9 les r\u00e9formes \u00e9conomiques n\u00e9cessaires pour porter une parole cr\u00e9dible en Europe aujourd\u2019hui. \u00c0 d\u00e9faut, appelons donc \u00ab&#160;Nouveau Consensus europ\u00e9en&#160;\u00bb&nbsp;ce mod\u00e8le qui combine r\u00e9formes \u00e9conomiques structurelles \u00e0 l\u2019int\u00e9rieur des fronti\u00e8res et actions plus r\u00e9solues vis-\u00e0-vis des puissances concurrentes \u00e0 l\u2019ext\u00e9rieur \u2014 que ce soit sur les questions de d\u00e9fense, d\u2019\u00e9nergie, ou d\u2019ind\u00e9pendance \u00e9conomique.&nbsp;<\/p>\n\n\n\n<p>Ce nouveau consensus, incarn\u00e9 par un rapport \u00e9crit par un Europ\u00e9en pour les Europ\u00e9ens, a \u00e9t\u00e9 d\u2019autant mieux accept\u00e9 en Europe qu\u2019il faisait \u00e9cho \u00e0 la \u00ab&#160;nouvelle politique de l\u2019offre&#160;\u00bb men\u00e9e aux \u00c9tats-Unis. Que cette politique ait \u00e9t\u00e9 bruyamment abandonn\u00e9e par l\u2019administration Trump n\u2019a que peu d\u2019importance dans les faits. D\u2019une part, parce que cette nouvelle administration reprend plusieurs des priorit\u00e9s de la pr\u00e9c\u00e9dente&#160;: d\u00e9velopper l\u2019industrie nationale, s\u2019assurer des cha\u00eenes d\u2019approvisionnement fiables (ou un r\u00e9seau de pays d\u00e9pendants), \u00e9riger des protections suppl\u00e9mentaires vis-\u00e0-vis de concurrents per\u00e7us comme hostiles. D\u2019autre part et surtout, parce que le maelstr\u00f6m d\u2019annonces du pr\u00e9sident am\u00e9ricain a servi d\u2019\u00e9lectrochoc \u00e0 de nombreux dirigeants europ\u00e9ens, que ce soit vis-\u00e0-vis des imp\u00e9ratifs de souverainet\u00e9, de comp\u00e9titivit\u00e9 et de r\u00e9industrialisation de l\u2019Europe.&nbsp;<\/p>\n\n\n\n<h4 class=\"wp-block-heading\">Int\u00e9r\u00eats&#160;: la France bloqu\u00e9e<\/h4>\n\n\n\n<p>Alors que 9 Fran\u00e7ais sur 10 n\u00e9s en 1940 disposaient d\u2019un revenu plus important que leurs parents au m\u00eame \u00e2ge, ils ne sont plus que 60&#160;% parmi ceux n\u00e9s dans les ann\u00e9es 1980 \u00e0 pouvoir en dire autant. On sait aussi que la mobilit\u00e9 des revenus est plus faible en France qu\u2019aux \u00c9tats-Unis&nbsp;<span class='whitespace-nowrap'><span id='easy-footnote-11-295102' class='easy-footnote-margin-adjust'><\/span><span class='easy-footnote'><a href='https:\/\/legrandcontinent.eu\/fr\/2025\/08\/29\/nouveau-consensus-europeen-contretemps-francais\/#easy-footnote-bottom-11-295102' title='Tristan Loisel et Micha\u00ebl Sicsic, &lt;a href=&quot;https:\/\/www.insee.fr\/fr\/statistiques\/7668944&quot; target=&quot;_blank&quot; rel=&quot;noreferrer noopener&quot;&gt;\u00ab&amp;#160;La mobilit\u00e9 des individus le long de l\u2019\u00e9chelle des revenus en France sur la p\u00e9riode 2003-2020&amp;#160;\u00bb&lt;\/a&gt;, Insee, 2023.'><sup>11<\/sup><\/a><\/span><\/span>. Le plafond de verre n\u2019est pas seulement \u00e9conomique. Il est social, puisque la moiti\u00e9 des enfants de cadres deviennent cadres \u00e0 leur tour, alors que 10&#160;% des enfants d\u2019ouvriers peuvent en esp\u00e9rer autant&nbsp;<span class='whitespace-nowrap'><span id='easy-footnote-12-295102' class='easy-footnote-margin-adjust'><\/span><span class='easy-footnote'><a href='https:\/\/legrandcontinent.eu\/fr\/2025\/08\/29\/nouveau-consensus-europeen-contretemps-francais\/#easy-footnote-bottom-12-295102' title='Ga\u00eblle Dabet, Dominique \u00c9piphane et Elsa Personnaz, \u00ab&amp;#160;&lt;a href=&quot;https:\/\/www.cereq.fr\/sites\/default\/files\/2024-11\/C%C3%A9req%20Bref%20452.pdf&quot; target=&quot;_blank&quot; rel=&quot;noreferrer noopener&quot;&gt;Origine sociale, dipl\u00f4me et insertion&amp;#160;: la force des liens&lt;\/a&gt;&amp;#160;\u00bb, C\u00e9req, 2024.'><sup>12<\/sup><\/a><\/span><\/span>. Il est immobilier, puisque si les locataires consacraient 6,3&#160;% de leurs revenus au loyer en 1963, ce taux d\u2019effort est de 26&#160;% aujourd\u2019hui&nbsp;<span class='whitespace-nowrap'><span id='easy-footnote-13-295102' class='easy-footnote-margin-adjust'><\/span><span class='easy-footnote'><a href='https:\/\/legrandcontinent.eu\/fr\/2025\/08\/29\/nouveau-consensus-europeen-contretemps-francais\/#easy-footnote-bottom-13-295102' title='Assembl\u00e9e nationale, &lt;a href=&quot;https:\/\/www.assemblee-nationale.fr\/dyn\/15\/rapports\/cion-eco\/l15b4817_rapport-information.pdf&quot;&gt;Rapport d&amp;rsquo;information n\u00b04817&lt;\/a&gt;, 2021.'><sup>13<\/sup><\/a><\/span><\/span>. Il est h\u00e9rit\u00e9, puisque si le patrimoine en euros constants a doubl\u00e9 entre 1998 et 2021 pour les 10&#160;% les plus riches, il a diminu\u00e9 de plus de 50&#160;% pour les 10&#160;% les moins dot\u00e9s&nbsp;<span class='whitespace-nowrap'><span id='easy-footnote-14-295102' class='easy-footnote-margin-adjust'><\/span><span class='easy-footnote'><a href='https:\/\/legrandcontinent.eu\/fr\/2025\/08\/29\/nouveau-consensus-europeen-contretemps-francais\/#easy-footnote-bottom-14-295102' title='\u00ab&amp;#160;&lt;a href=&quot;https:\/\/www.insee.fr\/fr\/statistiques\/7941439?sommaire=7941491#titre-bloc-7&quot; target=&quot;_blank&quot; rel=&quot;noreferrer noopener&quot;&gt;Les revenus et le patrimoine des m\u00e9nages&lt;\/a&gt;&amp;#160;\u00bb, Insee, 2024.'><sup>14<\/sup><\/a><\/span><\/span>.<\/p>\n\n\n\n<figure class=\"wp-block-pullquote\"><blockquote><p>Nous appelons \u00ab&#160;Nouveau Consensus europ\u00e9en&#160;\u00bb&nbsp;ce mod\u00e8le qui combine r\u00e9formes \u00e9conomiques structurelles \u00e0 l\u2019int\u00e9rieur des fronti\u00e8res et actions plus r\u00e9solues vis-\u00e0-vis des puissances concurrentes \u00e0 l\u2019ext\u00e9rieur.<\/p><\/blockquote><\/figure>\n\n\n\n<p>Il est possible de se rassurer en rappelant que les autres grandes \u00e9conomies partagent ces m\u00eames sympt\u00f4mes. La chute a m\u00eame \u00e9t\u00e9 encore plus brutale aux \u00c9tats-Unis o\u00f9 seul un quarantenaire sur deux gagne mieux sa vie que ses parents. La situation n\u2019est pas meilleure ailleurs en Europe&#160;: \u00e0 titre d\u2019illustration, les Italiens retrouvent \u00e0 peine leur niveau de revenus d\u2019avant la crise de 2008&nbsp;<span class='whitespace-nowrap'><span id='easy-footnote-15-295102' class='easy-footnote-margin-adjust'><\/span><span class='easy-footnote'><a href='https:\/\/legrandcontinent.eu\/fr\/2025\/08\/29\/nouveau-consensus-europeen-contretemps-francais\/#easy-footnote-bottom-15-295102' title='Carlos Vacas\u2011Soriano, \u00ab&amp;#160;&lt;a href=&quot;https:\/\/www.eurofound.europa.eu\/fr\/publications\/2024\/evolution-des-inegalites-de-revenus-et-de-la-classe-moyenne-dans-lue&quot; target=&quot;_blank&quot; rel=&quot;noreferrer noopener&quot;&gt;\u00c9volution des in\u00e9galit\u00e9s de revenus et de la classe moyenne dans l\u2019UE&lt;\/a&gt;&amp;#160;\u00bb, Eurofound, 12 juillet 2024'><sup>15<\/sup><\/a><\/span><\/span>.<\/p>\n\n\n\n<p>Mais on ne se rassure pas en se comparant. Les Fran\u00e7ais ne s\u2019y trompent pas&#160;: ils sont plus de 80&#160;% \u00e0 d\u00e9clarer que leurs enfants seront moins riches qu\u2019eux&nbsp;<span class='whitespace-nowrap'><span id='easy-footnote-16-295102' class='easy-footnote-margin-adjust'><\/span><span class='easy-footnote'><a href='https:\/\/legrandcontinent.eu\/fr\/2025\/08\/29\/nouveau-consensus-europeen-contretemps-francais\/#easy-footnote-bottom-16-295102' title='\u00ab&amp;#160;&lt;a href=&quot;https:\/\/www.pewresearch.org\/global\/2025\/01\/09\/economic-inequality-seen-as-major-challenge-around-the-world\/&quot; target=&quot;_blank&quot; rel=&quot;noreferrer noopener&quot;&gt;Economic Inequality Seen as Major Challenge Around the World&lt;\/a&gt;&amp;#160;\u00bb, Pew Research Centre, 9 janvier 2024.'><sup>16<\/sup><\/a><\/span><\/span>, ce qui en fait les plus pessimistes du monde.&nbsp;Ces blocages sont sources d\u2019un sentiment d\u2019appauvrissement&#160;: alors que le taux de pauvret\u00e9 est rest\u00e9 globalement stable autour de 14&#160;%, le taux de pauvret\u00e9 \u00ab&#160;subjectif&#160;\u00bb, ressenti par les Fran\u00e7ais, a fortement augment\u00e9, de 12,5&#160;% en 2017 \u00e0 pr\u00e8s de 19&#160;% en 2022&nbsp;<span class='whitespace-nowrap'><span id='easy-footnote-17-295102' class='easy-footnote-margin-adjust'><\/span><span class='easy-footnote'><a href='https:\/\/legrandcontinent.eu\/fr\/2025\/08\/29\/nouveau-consensus-europeen-contretemps-francais\/#easy-footnote-bottom-17-295102' title='\u00ab&amp;#160;&lt;a href=&quot;https:\/\/solidarites.gouv.fr\/sites\/solidarite\/files\/2025-05\/Panorama-pauvrete-et-exclusion-entre-2015-et-2022-04-2025.pdf&quot;&gt;Analyse de l\u2019\u00e9volution de la pauvret\u00e9 et de l\u2019exclusion sociale entre 2015 et 2022&lt;\/a&gt;&amp;#160;\u00bb, CNLE, 2025.'><sup>17<\/sup><\/a><\/span><\/span>.<\/p>\n\n\n\n<p>Il est difficile de mesurer si ces tendances sont accentu\u00e9es durant les vingt derni\u00e8res ann\u00e9es. Mais il est certain que cette situation, d\u00e9j\u00e0 jug\u00e9e difficile, le sera d\u2019autant plus avec les efforts budg\u00e9taires attendus dans les ann\u00e9es \u00e0 venir.&nbsp;<\/p>\n\n\n\n<h4 class=\"wp-block-heading\">Institutions&#160;: le dernier verrou<\/h4>\n\n\n\n<p>C\u2019est tout l\u2019objet de cet essai&#160;: contribuer au d\u00e9bat d\u2019id\u00e9es en France, donner \u00e0 voir aux Fran\u00e7ais l\u2019int\u00e9r\u00eat de faire \u00e9voluer ce <em>statu quo<\/em> et, de cette fa\u00e7on, amener institutions et dirigeants \u00e0 consid\u00e9rer de plus pr\u00e8s les solutions \u00e0 la port\u00e9e de notre pays et les exp\u00e9riences de nos voisins, quand elles sont r\u00e9ussies. Ce moment charni\u00e8re pour l\u2019Europe est \u00e9galement une opportunit\u00e9 pour envisager une r\u00e9forme de la d\u00e9mocratie sociale et la rendre paisible et constructive.<\/p>\n\n\n\n<h3 class=\"wp-block-heading\">Les trois renversements&#160;: production, mobilisation, r\u00e9allocation<\/h3>\n\n\n\n<p>Ni la France, ni les Fran\u00e7ais n\u2019ont int\u00e9r\u00eat au <em>statu quo<\/em> \u00e9conomique sauf \u00e0 se r\u00e9signer au d\u00e9classement et \u00e0 se tenir \u00e0 l\u2019\u00e9cart du \u00ab&#160;Nouveau Consensus europ\u00e9en&#160;\u00bb. Tant que notre pays pouvait se financer \u00e0 cr\u00e9dit, l&rsquo;\u00e9quilibre d\u2019une croissance ralentie, d\u2019une mobilisation incompl\u00e8te du travail, d\u2019une fiscalit\u00e9 parmi les plus \u00e9lev\u00e9es d\u2019Europe et de d\u00e9penses sociales sup\u00e9rieures \u00e0 toutes les \u00e9conomies \u00e9quivalentes \u00e9tait pr\u00e9caire, inefficace, et injuste pour les futures g\u00e9n\u00e9rations mais il pouvait durer \u2014 tr\u00e8s artificiellement. Notre ratio d\u2019endettement et le diff\u00e9rentiel de richesse par habitant qui se creuse avec nos partenaires, ont fini de rendre cet \u00e9quilibre impossible. Ce d\u00e9sajustement alimente un cercle vicieux entre croissance affaiblie, pr\u00e9l\u00e8vements accrus et d\u00e9crochage durable.<\/p>\n\n\n\n<p>Trois options se dessinent. La premi\u00e8re consiste \u00e0 r\u00e9duire de mani\u00e8re significative le p\u00e9rim\u00e8tre et le volume de notre protection sociale. Si des \u00e9conomies s\u00e9rieuses sont imp\u00e9ratives, une telle r\u00e9vision men\u00e9e sans autre r\u00e9forme structurelle serait sous-optimale et impopulaire. La seconde repose sur une augmentation suppl\u00e9mentaire et continue des pr\u00e9l\u00e8vements, qui m\u00e8nerait au d\u00e9crochage d\u00e9finitif de l\u2019activit\u00e9, de l\u2019investissement et des revenus. La troisi\u00e8me consiste \u00e0 \u00e9lever durablement notre richesse par habitant. C\u2019est celle-ci que nous privil\u00e9gions.&nbsp;<\/p>\n\n\n\n<p>Pour cela, trois renversements sont \u00e0 mener par rapport aux politiques \u00e9conomiques mises en place depuis vingt ans au moins&#160;:<\/p>\n\n\n\n<p>Le premier est celui de la production et de son efficacit\u00e9. Il suppose un environnement propice aux entreprises et \u00e0 l\u2019innovation, \u00e0 un effort accru de r\u00e9industrialisation, et \u00e0 une allocation plus efficiente des facteurs de production. Passer d\u2019une \u00e9conomie de rattrapage \u00e0 une \u00e9conomie de l\u2019innovation demande du temps et implique d\u2019investir dans l\u2019\u00e9ducation, une fiscalit\u00e9 des entreprises comp\u00e9titive, une simplification normative, et d&rsquo;utiliser des leviers europ\u00e9ens quand ils existent.<\/p>\n\n\n\n<p>Le deuxi\u00e8me renversement est celui de l\u2019\u00e9l\u00e9vation du taux d\u2019emploi. En p\u00e9riode de faibles gains de productivit\u00e9, l\u2019\u00e9conomie fran\u00e7aise ne pourra ni financer son niveau de d\u00e9penses, ni assurer des revenus plus \u00e9lev\u00e9s, sans une participation accrue au march\u00e9 du travail. Trois segments de population doivent faire l\u2019objet d\u2019une attention particuli\u00e8re&#160;: les seniors, dont le taux d\u2019emploi reste tr\u00e8s inf\u00e9rieur \u00e0 la moyenne europ\u00e9enne&#160;; les jeunes, trop nombreux \u00e0 conna\u00eetre des d\u00e9buts de parcours discontinus&#160;; et les personnes faiblement qualifi\u00e9es, souvent exclues durablement de l\u2019emploi faute d\u2019accompagnement adapt\u00e9 ou d\u2019exigences explicites en mati\u00e8re de r\u00e9insertion.<\/p>\n\n\n\n<p>Le troisi\u00e8me renversement est celui de la consolidation des finances publiques. Dans un contexte o\u00f9 les besoins de financement li\u00e9s \u00e0 la transition \u00e9nerg\u00e9tique, \u00e0 la souverainet\u00e9 industrielle ou \u00e0 la d\u00e9fense sont appel\u00e9s \u00e0 cro\u00eetre, il est imp\u00e9ratif de reprioriser l\u2019action publique et de retrouver des marges budg\u00e9taires sans d\u00e9lai. Cela suppose une r\u00e9duction massive et s\u00e9lective de la d\u00e9pense, cibl\u00e9e en particulier sur les postes o\u00f9 l\u2019\u00e9cart avec les standards europ\u00e9ens est le plus marqu\u00e9 \u2014 y compris pour les red\u00e9ployer en partie l\u00e0 o\u00f9 l\u2019investissement productif est n\u00e9cessaire.&nbsp;<\/p>\n\n\n\n<p>C\u2019est par ces trois renversements \u2014 production, mobilisation du travail, r\u00e9allocation budg\u00e9taire \u2014 que la France s\u2019inscrira dans le \u00ab&#160;Nouveau Consensus Europ\u00e9en&#160;\u00bb et sortira de son contretemps \u00e9conomique.<\/p>\n\n\n\n\n\n<figure class=\"wp-block-image wp-block-image-medium\"\n    data-shadow=\"false\"\n    data-use-original-file=\"false\">\n    <a\n        data-pswp-src=\"https:\/\/legrandcontinent.eu\/fr\/wp-content\/uploads\/sites\/2\/2025\/08\/Massinissa-Selmani-maquette-N2.jpg\"\n        class=\"inline-block gallery-item no-underline \"\n        data-pswp-width=\"1000\"\n        data-pswp-height=\"1208\">\n                                        <picture>\r\n                    <source\r\n                srcset=\"https:\/\/legrandcontinent.eu\/fr\/wp-content\/uploads\/sites\/2\/2025\/08\/Massinissa-Selmani-maquette-N2-330x399.jpg\"\r\n                media=\"(max-width:  374px)\" \/>\r\n                    <source\r\n                srcset=\"https:\/\/legrandcontinent.eu\/fr\/wp-content\/uploads\/sites\/2\/2025\/08\/Massinissa-Selmani-maquette-N2-690x834.jpg\"\r\n                media=\"(max-width:  989px)\" \/>\r\n                    <source\r\n                srcset=\"https:\/\/legrandcontinent.eu\/fr\/wp-content\/uploads\/sites\/2\/2025\/08\/Massinissa-Selmani-maquette-N2-990x1196.jpg\"\r\n                media=\"(max-width: 1319px)\" \/>\r\n                    <source\r\n                srcset=\"https:\/\/legrandcontinent.eu\/fr\/wp-content\/uploads\/sites\/2\/2025\/08\/Massinissa-Selmani-maquette-N2-690x834.jpg\"\r\n                media=\"(max-width: 1599px)\" \/>\r\n                    <source\r\n                srcset=\"https:\/\/legrandcontinent.eu\/fr\/wp-content\/uploads\/sites\/2\/2025\/08\/Massinissa-Selmani-maquette-N2-990x1196.jpg\"\r\n                media=\"(min-width: 1600px)\" \/>\r\n                <img decoding=\"async\" src=\"https:\/\/legrandcontinent.eu\/fr\/wp-content\/uploads\/sites\/2\/2025\/08\/Massinissa-Selmani-maquette-N2-125x151.jpg\" \/>\r\n        <\/picture>\r\n                            \n                    <figcaption class=\"pswp-caption-content \">\u00ab&#160;&#160;La France dispose d\u2019une \u00e9lectricit\u00e9 parmi les moins ch\u00e8res et les moins carbon\u00e9es d\u2019Europe gr\u00e2ce \u00e0 la fili\u00e8re nucl\u00e9aire, et d\u2019un potentiel de d\u00e9veloppement de toutes les \u00e9nergies renouvelables. Cet avantage comparatif doit devenir la pierre angulaire de notre strat\u00e9gie de r\u00e9industrialisation et de d\u00e9carbonation.&#160;&#160;\u00bb Image&#160;&#160;: Massinissa Selmani, Serie Maquettes, 2015 &#8211; 2016. Courtesy de l&rsquo;artiste et Selma Feriani Gallery (Tunis \/ Londres). \u00a9 ADAGP Paris. <\/figcaption>\n            <\/a>\n<\/figure>\n\n\n<h2 class=\"wp-block-heading\">1 \u2014 Premier renversement&#160;: produire et innover plus<\/h2>\n\n\n\n<p>Dans une d\u00e9composition n\u00e9oclassique usuelle, la cr\u00e9ation de richesses, hors effets conjoncturels, d\u00e9pend des facteurs de production&#160;: main d\u2019\u0153uvre, capital physique, capital humain, et technologie. Pour un sursaut structurel de croissance, il faut ainsi d\u00e9bloquer l\u2019accumulation de ces facteurs, c\u2019est-\u00e0-dire stimuler l\u2019investissement, l\u2019innovation, l\u2019\u00e9ducation, et le taux d\u2019emploi (voir partie 2).<\/p>\n\n\n\n<h3 class=\"wp-block-heading\">1.1 \u2014 Assurer les bases d\u2019un choc de production et d\u2019innovation<\/h3>\n\n\n\n<div class=\"wp-block-lgc-keypoints key-block\"><div class=\"keys\"><h6 class=\"font-bold text-sm uppercase\">Constats et chiffres<\/h6>\n<ul class=\"wp-block-list\">\n<li><strong>\u00c9ducation&#160;: <\/strong>depuis la premi\u00e8re \u00e9tude PISA en 2003 et parmi les pays europ\u00e9ens, seuls la Belgique, la Finlande et les Pays-Bas ont connu une d\u00e9gradation de leurs r\u00e9sultats plus marqu\u00e9e que la France, mais leurs r\u00e9sultats demeurent meilleurs.<\/li>\n\n\n<li><strong>Immigration&#160;:<\/strong> sans immigration, l\u2019Europe devrait perdre 10&#160;% de sa population d\u2019ici 2050. En comparaison, le \u00ab&#160;trou d\u2019air d\u00e9mographique&#160;\u00bb cons\u00e9cutif \u00e0 la Premi\u00e8re Guerre mondiale avait \u00e9t\u00e9 de 3&#160;% en France.<\/li>\n\n\n\n<li><strong>D\u00e9mographie&#160;:<\/strong> le rapport entre le nombre de cotisants et de pensionn\u00e9s \u00e9tait sup\u00e9rieur \u00e0 4 en 1960. Il \u00e9tait de 2,8 en 1980, 2,1 en 2000, 1,7 en 2020, et est projet\u00e9 \u00e0 3 cotisants pour 2 retrait\u00e9s dans 50 ans.<\/li>\n<\/ul>\n<\/div><\/div>\n\n\n\n<figure class=\"wp-block-table\"><table class=\"has-fixed-layout\"><tbody><tr><td class=\"has-text-align-center\" data-align=\"center\">Recommandation principale 1&#160;: Tirer parti de nos 20 ans de retard pour mettre en \u0153uvre un \u00ab&#160;choc TIMSS&#160;\u00bb pour l\u2019\u00e9ducation, inspir\u00e9 de l\u2019Angleterre et du Portugal et des recommandations scientifiques les plus r\u00e9centes.<\/td><\/tr><\/tbody><\/table><\/figure>\n\n\n\n<p><\/p>\n\n\n\n<p>En raison des dynamiques d\u00e9mographiques, le syst\u00e8me scolaire fran\u00e7ais accueillera 500&nbsp;000 \u00e9l\u00e8ves de moins en 2027 par rapport \u00e0 2022&#160;: m\u00eame \u00e0 budget constant, il est donc possible d\u2019allouer diff\u00e9remment les ressources publiques pour pr\u00e9parer un \u00ab&#160;choc PISA&#160;\u00bb \u2014 ou un \u00ab&#160;choc TIMSS&#160;\u00bb, en r\u00e9f\u00e9rence \u00e0 cette \u00e9tude qui compare le niveau de connaissance en math\u00e9matiques et en sciences d\u2019\u00e9l\u00e8ves de 66 pays.&nbsp;<\/p>\n\n\n\n<p>En effet, contrairement aux id\u00e9es re\u00e7ues, ce n\u2019est ni l\u2019Allemagne ni la Finlande, dont les r\u00e9sultats r\u00e9gressent depuis les premi\u00e8res enqu\u00eates, qui constituent des mod\u00e8les, mais l\u2019Angleterre, dont la d\u00e9marche rigoureuse d\u2019exp\u00e9rimentation et d\u2019\u00e9valuation des programmes, des enseignements et des m\u00e9thodes a fait passer le pays de la 25<sup>e<\/sup> place dans l\u2019enqu\u00eate math\u00e9matiques TIMSS en 1995 \u00e0 la 3<sup>e<\/sup> aujourd\u2019hui (quand la France glissait de la 13<sup>e<\/sup> \u00e0 la 26<sup>e<\/sup> place), et le Portugal, dont la culture de l\u2019\u00e9valuation, l\u2019autonomie des \u00e9tablissements, et la valorisation des enseignants ont permis des r\u00e9sultats \u00e9quivalents.<\/p>\n\n\n\n<p>En France, sur ces mod\u00e8les, une conf\u00e9rence de pilotage r\u00e9unissant les acteurs de la communaut\u00e9 \u00e9ducative et des chercheurs fixerait des objectifs \u00e0 1, 5 et 10 ans selon l\u2019expertise scientifique la plus r\u00e9cente et les meilleures pratiques internationales et \u00e9valuerait scientifiquement les r\u00e9sultats pour ajuster les m\u00e9thodes appliqu\u00e9es. En retour, ces \u00e9valuations deviendraient un dispositif de mesure de la performance de chaque \u00e9tablissement. Cette conf\u00e9rence d\u00e9tacherait ainsi la politique d\u2019\u00e9ducation des cycles \u00e9lectoraux, des changements de ministres, de l\u2019inertie de l\u2019\u00c9ducation nationale, et des d\u00e9bats id\u00e9ologiques et m\u00e9diatiques d\u00e9connect\u00e9s d\u2019exp\u00e9rimentation.<\/p>\n\n\n\n<p>L\u2019\u00e9valuation des politiques \u00e9ducatives actuelles selon leur co\u00fbt et leurs effets men\u00e9s par le CAE&nbsp;<span class='whitespace-nowrap'><span id='easy-footnote-18-295102' class='easy-footnote-margin-adjust'><\/span><span class='easy-footnote'><a href='https:\/\/legrandcontinent.eu\/fr\/2025\/08\/29\/nouveau-consensus-europeen-contretemps-francais\/#easy-footnote-bottom-18-295102' title='\u00ab&amp;#160;&lt;a href=&quot;https:\/\/cae-eco.fr\/static\/pdf\/focus-114-sources-250514.pdf&quot;&gt;Efficacit\u00e9 des politiques \u00e9ducatives. Sources et hypoth\u00e8ses de calcul&lt;\/a&gt;&amp;#160;\u00bb, CAE, &lt;em&gt;Focus n\u00b0114&lt;\/em&gt;, 2025.'><sup>18<\/sup><\/a><\/span><\/span> pourrait servir de base \u00e0 cette premi\u00e8re conf\u00e9rence en faveur d\u2019un \u00ab&#160;choc TIMSS&#160;\u00bb. Elle concluait&nbsp;que la r\u00e9duction de la taille des classes au primaire, les internats d\u2019excellence au lyc\u00e9e, le tutorat (par des professionnels, des retrait\u00e9s, etc.), une formation continue des enseignants plus intense et centr\u00e9e sur une discipline, et des inspections plus fr\u00e9quentes donnent des r\u00e9sultats probants, \u00e0 l\u2019inverse du redoublement, des groupes de niveau, et du num\u00e9rique quand l\u2019accompagnement est insuffisant.&nbsp;<\/p>\n\n\n\n<p><strong>Impact&#160;:<\/strong> Les travaux du CAE&nbsp;<span class='whitespace-nowrap'><span id='easy-footnote-19-295102' class='easy-footnote-margin-adjust'><\/span><span class='easy-footnote'><a href='https:\/\/legrandcontinent.eu\/fr\/2025\/08\/29\/nouveau-consensus-europeen-contretemps-francais\/#easy-footnote-bottom-19-295102' title='\u00ab&amp;#160;&lt;a href=&quot;https:\/\/cae-eco.fr\/static\/pdf\/cae_Note075(3).pdf&quot;&gt;Cap sur le capital humain pour renouer avec la croissance de la productivit\u00e9&lt;\/a&gt;&amp;#160;\u00bb, CAE, &lt;em&gt;Les notes du conseil d\u2019analyse \u00e9conomique&lt;\/em&gt;, n\u00b0 75, septembre 2022.'><sup>19<\/sup><\/a><\/span><\/span> permettent d\u2019\u00e9valuer le gain pour l\u2019\u00e9conomie \u00e0 3 points de PIB sur 15 ans.<\/p>\n\n\n\n<p><\/p>\n\n\n\n<figure class=\"wp-block-table\"><table class=\"has-fixed-layout\"><tbody><tr><td class=\"has-text-align-center\" data-align=\"center\">Recommandation 2&#160;: R\u00e9viser la politique familiale en faveur du premier enfant et d\u2019une garantie de place d\u2019accueil.<\/td><\/tr><\/tbody><\/table><\/figure>\n\n\n\n<p><\/p>\n\n\n\n<p>La France fait encore davantage d\u2019enfants que les autres pays occidentaux, mais moins que dans le pass\u00e9 \u2014 et la tendance s\u2019acc\u00e9l\u00e8re brutalement. Les cons\u00e9quences sociales et \u00e9conomiques de cette d\u00e9natalit\u00e9 sont nombreuses, d\u00e9stabilisant au fil des ans les grands \u00e9quilibres \u00e9conomiques et sociaux, du nombre de classes de maternelle \u00e0 celui des cotisants par rapport aux retrait\u00e9s.&nbsp;<\/p>\n\n\n\n<p>Aucun pays ne semble avoir trouv\u00e9 de solution d\u00e9finitive \u00e0 la baisse g\u00e9n\u00e9rale de la natalit\u00e9. Il reste n\u00e9anmoins un ensemble de dimensions et de pistes \u00e0 envisager, en particulier en faveur d\u2019un \u00ab&#160;virage politique vers le premier enfant&#160;\u00bb (Julien Damon). S\u2019il semblait en effet autrefois plus judicieux de soutenir le passage des familles \u00e0 deux puis trois enfants, il importe d\u00e9sormais d\u2019agir de fa\u00e7on \u00e0 permettre aux m\u00e9nages qui le souhaitent d\u2019avoir leur premier enfant.<\/p>\n\n\n\n<p>De mani\u00e8re structurelle, ce virage passe d\u2019abord par une augmentation du niveau de vie des jeunes (voir partie 2), par l\u2019acc\u00e8s \u00e0 un logement ad\u00e9quat (voir recommandation 27), et par une r\u00e9allocation d\u2019une partie des d\u00e9penses publiques vers les jeunes g\u00e9n\u00e9rations (voir partie 3).&nbsp;Ces pr\u00e9requis peuvent \u00eatre compl\u00e9t\u00e9s par des politiques consacr\u00e9es sp\u00e9cifiquement \u00e0 l\u2019enjeu de la natalit\u00e9.&nbsp;<\/p>\n\n\n\n<figure class=\"wp-block-pullquote\"><blockquote><p>Ni la France, ni les Fran\u00e7ais n\u2019ont int\u00e9r\u00eat au <em>statu quo<\/em> \u00e9conomique \u2014 sauf \u00e0 se r\u00e9signer au d\u00e9classement et \u00e0 se tenir \u00e0 l\u2019\u00e9cart du \u00ab&#160;Nouveau Consensus europ\u00e9en&#160;\u00bb.<\/p><\/blockquote><\/figure>\n\n\n\n<p>Parmi celles-ci, verser les allocations familiales d\u00e8s le 1<sup>er<\/sup> enfant replacerait la France dans la norme des pays europ\u00e9ens, pour un co\u00fbt \u00e9valu\u00e9 \u00e0 3 milliards d&rsquo;euros \u2014 moins que celui de l\u2019abattement de 10&#160;% d\u2019imp\u00f4t sur le revenu pour frais professionnels dont b\u00e9n\u00e9ficient les retrait\u00e9s. Ce co\u00fbt pourrait \u00eatre r\u00e9duit par des r\u00e9visions plus g\u00e9n\u00e9rales du syst\u00e8me des allocations familiales et du quotient familial, par exemple en forfaitisant le montant des allocations vers\u00e9es pour chaque enfant.<\/p>\n\n\n\n<p>Le co\u00fbt et la disponibilit\u00e9 des modes de garde comptent \u00e9galement parmi les premi\u00e8res raisons avanc\u00e9es par les jeunes Fran\u00e7ais en couple pour expliquer l\u2019absence d\u2019enfant, devant les difficult\u00e9s budg\u00e9taires, le logement ou la crise climatique. Si les 200 000 places de cr\u00e8ches annonc\u00e9es par le Gouvernement pour 2030 vont dans le bon sens, elles n\u00e9cessiteront l\u2019embauche de 70 000 personnels suppl\u00e9mentaires. Une solution originale consisterait \u00e0 faire appel aux 18 millions de retrait\u00e9s&#160;: en contrepartie d\u2019une formation acc\u00e9l\u00e9r\u00e9e sur les bases du CAP petite enfance et d\u2019une r\u00e9mun\u00e9ration sans perdre leurs droits \u00e0 la retraite, les volontaires pourraient rejoindre \u00e0 temps partiel des maisons d\u2019assistants maternels pour \u00e9pauler le personnel qualifi\u00e9. Alors que se d\u00e9ploie le projet de Service public de la petite enfance (SPPE), il importe ainsi d\u2019aller jusqu\u2019au bout de l\u2019ambition et de garantir aux futurs parents une solution pour l\u2019accueil de leur enfant.&nbsp;<\/p>\n\n\n\n<p><strong>Impact&#160;:<\/strong> Environ 3&#160;% des personnes de 25-49 ans n\u2019occupent pas d\u2019emploi en raison du besoin de garder un enfant ou un proche, soit 600 000 personnes. Si un quart d\u2019entre elles retrouvait un emploi gr\u00e2ce \u00e0 des solutions de mode de garde, cela augmenterait l\u2019emploi de 0,5 point et le PIB de 0,25 point, pour un co\u00fbt maximum de 2,5 milliards d&rsquo;euros (prix unitaire d\u2019une place en cr\u00e8che de l\u2019ordre de 16&nbsp;000 \u20ac\/an).<\/p>\n\n\n\n<p><\/p>\n\n\n\n<figure class=\"wp-block-table\"><table class=\"has-fixed-layout\"><tbody><tr><td class=\"has-text-align-center\" data-align=\"center\">Recommandation 3&#160;: D\u00e9finir des programmes d\u2019immigration avec les pays d\u2019origine des travailleurs en fonction des besoins annuels de l\u2019\u00e9conomie.<\/td><\/tr><\/tbody><\/table><\/figure>\n\n\n\n<p><\/p>\n\n\n\n<p>Au-del\u00e0 de la question de son acceptabilit\u00e9 soci\u00e9tale et de l\u2019int\u00e9gration, l\u2019immigration doit int\u00e9resser la France qui fait face \u00e0 la fois \u00e0 un d\u00e9clin d\u00e9mographique, une forte concurrence pour attirer les talents \u00e9trangers, des secteurs souffrant de p\u00e9nuries de main d\u2019\u0153uvre (sant\u00e9, d\u00e9pendance, b\u00e2timent, industrie, et nouvelles technologies), mais aussi \u00e0 des d\u00e9parts en nombre croissant de sa population la plus jeune et la plus qualifi\u00e9e.&nbsp;<\/p>\n\n\n\n<p>L\u2019immigration z\u00e9ro n\u2019est en effet pas une politique efficiente, \u00e0 l\u2019inverse d\u2019une immigration choisie, n\u00e9cessaire \u00e0 une \u00e9conomie innovante&nbsp;<span class='whitespace-nowrap'><span id='easy-footnote-20-295102' class='easy-footnote-margin-adjust'><\/span><span class='easy-footnote'><a href='https:\/\/legrandcontinent.eu\/fr\/2025\/08\/29\/nouveau-consensus-europeen-contretemps-francais\/#easy-footnote-bottom-20-295102' title='\u00ab&amp;#160;&lt;a href=&quot;https:\/\/cae-eco.fr\/limmigration-qualifiee-un-visa-pour-la-croissance&quot; target=&quot;_blank&quot; rel=&quot;noreferrer noopener&quot;&gt;L\u2019immigration qualifi\u00e9e&amp;#160;: un visa pour la croissance&lt;\/a&gt;&amp;#160;\u00bb, CAE, 2021.'><sup>20<\/sup><\/a><\/span><\/span>. Une approche \u00e9conomique de la politique d\u2019immigration devrait ainsi se d\u00e9ployer autour de trois axes principaux&#160;: le pilotage de programmes d\u2019immigration avec les pays d\u2019origine des travailleurs bas\u00e9s sur la mise \u00e0 jour annuelle des besoins r\u00e9ciproques (venue de travailleurs pour les secteurs en d\u00e9ficit de main d\u2019\u0153uvre et formation des \u00e9tudiants qualifi\u00e9s \u00e9trangers en France), l&rsquo;obtention de permis de travail facilit\u00e9e via des guichets uniques, et la d\u00e9centralisation des programmes migratoires et de la proc\u00e9dure des m\u00e9tiers en tension.&nbsp;<\/p>\n\n\n\n<p><strong>Impact&#160;:<\/strong> En supposant que cette politique migratoire mieux d\u00e9finie permettrait de combler le d\u00e9ficit de 20 points du taux d\u2019emploi des personnes immigr\u00e9es par rapport \u00e0 la moyenne, mais ne changerait pas la volum\u00e9trie des flux (100 000 immigrants\/an), les 200 000 emplois suppl\u00e9mentaires en 10 ans g\u00e9n\u00e9reraient une augmentation de 0,3 point du PIB. De mani\u00e8re plus prudente, on peut estimer que seulement deux tiers du d\u00e9ficit d\u2019emploi serait r\u00e9sorb\u00e9, soit une hausse de l\u2019emploi de 0,5 point et du PIB de 0,2 point.<\/p>\n\n\n\n<p><\/p>\n\n\n\n<figure class=\"wp-block-table\"><table class=\"has-fixed-layout\"><tbody><tr><td class=\"has-text-align-center\" data-align=\"center\">Recommandation 4&#160;: D\u00e9ployer l\u2019IA dans le tissu \u00e9conomique fran\u00e7ais, en formant 300&nbsp;000 personnes par an.&nbsp;<\/td><\/tr><\/tbody><\/table><\/figure>\n\n\n\n<p><\/p>\n\n\n\n<p>En 2023, les \u00c9tats-Unis investissaient 9 fois plus dans l\u2019IA que la Chine, 18 fois plus que l\u2019Europe et 40 fois plus que la France. R\u00e9sultat&#160;: on y d\u00e9nombrait 61 mod\u00e8les d\u2019IA de pointe, contre 21 en Europe et 15 en Chine. En parall\u00e8le, seules 23&#160;% des PME fran\u00e7aises utilisent des outils d&rsquo;IA contre 45&#160;% en Allemagne et 38&#160;% aux \u00c9tats-Unis (\u00e9tude BCG, 2024), et 67&#160;% de leurs dirigeants d\u00e9clarent manquer de comp\u00e9tences internes (Bpifrance, 2024)<\/p>\n\n\n\n<p>Il est possible de former 100&nbsp;000 jeunes chaque ann\u00e9e, en y sensibilisant les \u00e9l\u00e8ves d\u00e8s la classe de 6e et en orientant coll\u00e9giens et lyc\u00e9ens vers des parcours scientifiques (mentorat, \u00ab&#160;1\/2 journ\u00e9e avenir&#160;\u00bb) et 100&nbsp;000 experts \u00e0 travers de nouvelles fili\u00e8res universitaires et des modules de formation \u00e0 l\u2019IA int\u00e9gr\u00e9s dans tous les parcours de l\u2019enseignement sup\u00e9rieur. 100&nbsp;000 salari\u00e9s pourraient \u00eatre \u00e9galement form\u00e9s par des \u00ab&#160;<em>Tech Academies<\/em>&#160;\u00bb adoss\u00e9es aux CCI et aux p\u00f4les de comp\u00e9titivit\u00e9, proposant des mont\u00e9es en comp\u00e9tences, du mentorat, et des formations de dirigeants aux applications concr\u00e8tes de l\u2019IA.<\/p>\n\n\n\n<p><strong>Impact&#160;:<\/strong> En supposant que la formation \u00e0 l\u2019IA permette d\u2019augmenter la productivit\u00e9 du travail de 20&nbsp;&#160;% pour les 300 000 personnes qui en b\u00e9n\u00e9ficieraient chaque ann\u00e9e (soit 10&nbsp;&#160;% des personnes en emploi au bout de 10 ans), le PIB serait relev\u00e9 de 2 points \u00e0 moyen terme, pour un co\u00fbt indicatif de 1,5 milliard d&rsquo;euros\/an (pour un co\u00fbt de 5 000\u20ac par personne form\u00e9e).<\/p>\n\n\n\n<h3 class=\"wp-block-heading\">1.2 \u2014 Aligner la fiscalit\u00e9 et la r\u00e8glementation sur la moyenne europ\u00e9enne<\/h3>\n\n\n\n<div class=\"wp-block-lgc-keypoints key-block\"><div class=\"keys\"><h6 class=\"font-bold text-sm uppercase\">Constats et chiffres<\/h6>\n<ul class=\"wp-block-list\">\n<li><strong>Imp\u00f4ts&#160;:<\/strong> Si les entreprises fran\u00e7aises s\u2019acquittaient du taux de pr\u00e9l\u00e8vement allemand, leur imposition serait diminu\u00e9e de 125 milliards d&rsquo;euros&nbsp;<span class='whitespace-nowrap'><span id='easy-footnote-21-295102' class='easy-footnote-margin-adjust'><\/span><span class='easy-footnote'><a href='https:\/\/legrandcontinent.eu\/fr\/2025\/08\/29\/nouveau-consensus-europeen-contretemps-francais\/#easy-footnote-bottom-21-295102' title='&lt;a href=&quot;https:\/\/www.rexecode.fr\/l-institut\/rencontres-et-debats\/rexecode-dans-les-medias\/malgre-les-aides-publiques-les-prelevements-sur-les-entreprises-restent-excessifs-en-france&quot;&gt;Rexecode, 2023&lt;\/a&gt;'><sup>21<\/sup><\/a><\/span><\/span>.&nbsp;<\/li>\n\n<li><strong>Syst\u00e8me fiscal&nbsp;&#160;:<\/strong> \u00e0 structure \u00e9gale, une entreprise paie 66 taxes en France, contre 17 en Allemagne et 5 au Royaume-Uni&nbsp;<span class='whitespace-nowrap'><span id='easy-footnote-22-295102' class='easy-footnote-margin-adjust'><\/span><span class='easy-footnote'><a href='https:\/\/legrandcontinent.eu\/fr\/2025\/08\/29\/nouveau-consensus-europeen-contretemps-francais\/#easy-footnote-bottom-22-295102' title='&lt;a href=&quot;https:\/\/www.institutmontaigne.org\/ressources\/pdfs\/publications\/taxes-de-production-preservons-les-entreprises-dans-les-territoires-etude.pdf&quot;&gt;Institut Montaigne, 2019&lt;\/a&gt;'><sup>22<\/sup><\/a><\/span><\/span><\/li>\n\n<li><strong>Normes&nbsp;&#160;:<\/strong> leur co\u00fbt agr\u00e9g\u00e9 est \u00e9valu\u00e9 pour la France \u00e0 pr\u00e8s de 4 points de PIB \u2014 de quatre \u00e0 quarante fois celui des six autres pays europ\u00e9ens \u00e9valu\u00e9s&nbsp;<span class='whitespace-nowrap'><span id='easy-footnote-23-295102' class='easy-footnote-margin-adjust'><\/span><span class='easy-footnote'><a href='https:\/\/legrandcontinent.eu\/fr\/2025\/08\/29\/nouveau-consensus-europeen-contretemps-francais\/#easy-footnote-bottom-23-295102' title='&lt;a href=&quot;https:\/\/papers.ssrn.com\/sol3\/papers.cfm?abstract_id=4593370&quot;&gt;Pellegrino &amp;amp; Zheng, 2023&lt;\/a&gt;'><sup>23<\/sup><\/a><\/span><\/span>.<\/li>\n<\/ul>\n<\/div><\/div>\n\n\n\n<figure class=\"wp-block-table\"><table class=\"has-fixed-layout\"><tbody><tr><td class=\"has-text-align-center\" data-align=\"center\">Recommandation principale 5&#160;: Cr\u00e9er un choc fiscal avec les \u00ab&#160;effacements parall\u00e8les&#160;\u00bb&#160;: r\u00e9duire massivement les imp\u00f4ts de production en contrepartie d\u2019une suppression des dispositifs fiscaux les moins efficaces pour les entreprises.&nbsp;<\/td><\/tr><\/tbody><\/table><\/figure>\n\n\n\n<p><\/p>\n\n\n\n<p>Il existe un \u00ab&#160;paradoxe fran\u00e7ais&#160;\u00bb document\u00e9&#160;: les entreprises fran\u00e7aises comptent \u00e0 la fois parmi les plus tax\u00e9es du monde et les plus aid\u00e9es. Ce paradoxe engendre une complexit\u00e9 co\u00fbteuse et d\u00e9sincitative, une allocation inefficace des ressources, et une d\u00e9pendance des entreprises vis-\u00e0-vis de la puissance publique. D\u2019autant que, m\u00eame apr\u00e8s en avoir d\u00e9duit les d\u00e9penses fiscales et autres aides aux entreprises, les imp\u00f4ts sur les entreprises sont plus \u00e9lev\u00e9s en France que dans la plupart des pays comparables.<\/p>\n\n\n\n<p>\u00c0 4,6&#160;% du PIB et pour 130 milliards d&rsquo;euros&nbsp;<span class='whitespace-nowrap'><span id='easy-footnote-24-295102' class='easy-footnote-margin-adjust'><\/span><span class='easy-footnote'><a href='https:\/\/legrandcontinent.eu\/fr\/2025\/08\/29\/nouveau-consensus-europeen-contretemps-francais\/#easy-footnote-bottom-24-295102' title='&lt;a href=&quot;https:\/\/www.fipeco.fr\/fiche\/Les-imp%C3%B4ts-sur-la-production&quot; target=&quot;_blank&quot; rel=&quot;noreferrer noopener&quot;&gt;Fipeco&lt;\/a&gt;, 2024.'><sup>24<\/sup><\/a><\/span><\/span>, les seuls imp\u00f4ts de production sont pr\u00e8s de deux fois plus \u00e9lev\u00e9s que la moyenne europ\u00e9enne \u2014 sans m\u00eame \u00e9voquer tout le reste de la fiscalit\u00e9 appliqu\u00e9e aux entreprises \u2014 en d\u00e9pit de leur caract\u00e8re particuli\u00e8rement \u00ab&#160;nocif&#160;\u00bb&nbsp;<span class='whitespace-nowrap'><span id='easy-footnote-25-295102' class='easy-footnote-margin-adjust'><\/span><span class='easy-footnote'><a href='https:\/\/legrandcontinent.eu\/fr\/2025\/08\/29\/nouveau-consensus-europeen-contretemps-francais\/#easy-footnote-bottom-25-295102' title='Philippe Martin et Alain Trannoy, \u00ab&amp;#160;&lt;a href=&quot;https:\/\/cae-eco.fr\/Les-impots-sur-ou-contre-la-production&quot; target=&quot;_blank&quot; rel=&quot;noreferrer noopener&quot;&gt;Les imp\u00f4ts sur (ou contre) la production&lt;\/a&gt;&amp;#160;\u00bb, CAE, 2019.'><sup>25<\/sup><\/a><\/span><\/span>. En parall\u00e8le, les aides aux entreprises repr\u00e9sentent de 108&nbsp;<span class='whitespace-nowrap'><span id='easy-footnote-26-295102' class='easy-footnote-margin-adjust'><\/span><span class='easy-footnote'><a href='https:\/\/legrandcontinent.eu\/fr\/2025\/08\/29\/nouveau-consensus-europeen-contretemps-francais\/#easy-footnote-bottom-26-295102' title='S\u00e9nat, \u00ab&amp;#160;&lt;a href=&quot;https:\/\/www.senat.fr\/salle-de-presse\/dernieres-conferences-de-presse\/page-de-detail-2\/aides-publiques-conclusions-de-la-commission-denquete-5548.html&quot; target=&quot;_blank&quot; rel=&quot;noreferrer noopener&quot;&gt;Aides publiques&amp;#160;: conclusions de la commission d&amp;rsquo;enqu\u00eate&lt;\/a&gt;&amp;#160;\u00bb, 8 juillet 2025.'><sup>26<\/sup><\/a><\/span><\/span> \u00e0 112 milliards d&rsquo;euros&nbsp;<span class='whitespace-nowrap'><span id='easy-footnote-27-295102' class='easy-footnote-margin-adjust'><\/span><span class='easy-footnote'><a href='https:\/\/legrandcontinent.eu\/fr\/2025\/08\/29\/nouveau-consensus-europeen-contretemps-francais\/#easy-footnote-bottom-27-295102' title='\u00ab&amp;#160;&lt;a href=&quot;https:\/\/www.strategie-plan.gouv.fr\/publications\/les-aides-aux-entreprises-en-france-de-quoi-parle-t&quot; target=&quot;_blank&quot; rel=&quot;noreferrer noopener&quot;&gt;Les aides aux entreprises en France&amp;#160;: de quoi parle-t-on&amp;#160;?&lt;\/a&gt;&amp;#160;\u00bb, Haut-Commissariat \u00e0 la Strat\u00e9gie et au Plan, 17 juillet 2025.'><sup>27<\/sup><\/a><\/span><\/span> au sens strict.&nbsp;<\/p>\n\n\n\n<p>Mener une revue compl\u00e8te des dispositifs fiscaux et ne garder que ceux qui ont une efficacit\u00e9 d\u00e9montr\u00e9e, en contrepartie de la suppression concomitante des imp\u00f4ts de production et des taxes anti-\u00e9conomiques, permettrait \u00e0 notre pays de s\u2019approcher de la moyenne europ\u00e9enne des taux de pr\u00e9l\u00e8vement sur les entreprises tout en supprimant des dispositifs qui cr\u00e9ent de mauvaises incitations \u00e9conomiques et de la complexit\u00e9 administrative.&nbsp;<\/p>\n\n\n\n<p>Sur la base des projections de la baisse des imp\u00f4ts de production dans le cadre de France Relance&nbsp;<span class='whitespace-nowrap'><span id='easy-footnote-28-295102' class='easy-footnote-margin-adjust'><\/span><span class='easy-footnote'><a href='https:\/\/legrandcontinent.eu\/fr\/2025\/08\/29\/nouveau-consensus-europeen-contretemps-francais\/#easy-footnote-bottom-28-295102' title='France Strat\u00e9gie, \u00ab&amp;#160;&lt;a href=&quot;https:\/\/www.strategie-plan.gouv.fr\/files\/files\/Publications\/Rapport\/fs-2024-rapport-france_relance_vol_ii_13_impots-production_0.pdf&quot; target=&quot;_blank&quot; rel=&quot;noreferrer noopener&quot;&gt;Comit\u00e9 d&amp;rsquo;\u00e9valuation du plan France relance. Rapport final&lt;\/a&gt;&amp;#160;\u00bb 2024'><sup>28<\/sup><\/a><\/span><\/span>, l\u2019effet attendu serait un rebond de comp\u00e9titivit\u00e9 tr\u00e8s sup\u00e9rieur au CICE, en plus simple, plus p\u00e9renne, et en moins p\u00e9nalisant pour les finances publiques. Si certains secteurs devraient \u00eatre n\u00e9gativement impact\u00e9s au total, des m\u00e9canismes de compensation sectoriels temporaires peuvent \u00eatre imagin\u00e9s, \u00e0 partir du surcro\u00eet d\u2019imp\u00f4t sur les soci\u00e9t\u00e9s collect\u00e9.<\/p>\n\n\n\n<p><strong>Impact&#160;:<\/strong> Un effort d\u2019effacement de 2 points de PIB sur 10 ans (0,2 point par an) aurait un impact positif sur le PIB de 2 points. Si une telle baisse de taxes non efficientes conduisait en effet \u00e0 une hausse de 3 points de l\u2019activit\u00e9, ce gain serait partiellement compens\u00e9 par les effets n\u00e9gatifs des baisses d\u2019aides.<\/p>\n\n\n\n<p><\/p>\n\n\n\n<figure class=\"wp-block-table\"><table class=\"has-fixed-layout\"><tbody><tr><td class=\"has-text-align-center\" data-align=\"center\">Recommandation 6&#160;: Remplacer les milliers de normes applicables aux entreprises par un socle de principes lisibles.<\/td><\/tr><\/tbody><\/table><\/figure>\n\n\n\n<p><\/p>\n\n\n\n<p>L\u2019enchev\u00eatrement de r\u00e8gles techniques et sectorielles dans les diff\u00e9rents codes constitue une charge administrative et juridique majeure pour les entreprises, et une source d\u2019ins\u00e9curit\u00e9 juridique pr\u00e9judiciable \u00e0 l\u2019activit\u00e9 \u00e9conomique.&nbsp;<\/p>\n\n\n\n<p>Le rapport Badinter et Lyon-Caen&nbsp;<span class='whitespace-nowrap'><span id='easy-footnote-29-295102' class='easy-footnote-margin-adjust'><\/span><span class='easy-footnote'><a href='https:\/\/legrandcontinent.eu\/fr\/2025\/08\/29\/nouveau-consensus-europeen-contretemps-francais\/#easy-footnote-bottom-29-295102' title='Comit\u00e9 charg\u00e9 de d\u00e9finir les principes essentiels du droit du travail, &lt;a href=&quot;https:\/\/www.vie-publique.fr\/files\/rapport\/pdf\/164000072.pdf&quot; target=&quot;_blank&quot; rel=&quot;noreferrer noopener&quot;&gt;Rapport au Premier ministre&lt;\/a&gt;, 2016.'><sup>29<\/sup><\/a><\/span><\/span> visait \u00e0 simplifier le droit du travail en l\u2019articulant autour d\u2019une soixantaine de principes essentiels. De m\u00eame, il est possible de formaliser les grands principes g\u00e9n\u00e9raux contenus dans chaque code applicable aux entreprises, qui deviendraient la norme de r\u00e9f\u00e9rence, en lieu et place de la multitude de dispositions techniques \u2014 exception faite de celles express\u00e9ment requises pour des motifs d&rsquo;ordre et de sant\u00e9 publics. Il ne s\u2019agirait pas d\u2019un effacement du droit, mais d\u2019une r\u00e9\u00e9criture autour d\u2019un socle de principes intelligibles et op\u00e9rants, \u00e0 partir d\u2019un travail d\u2019inventaire confi\u00e9 \u00e0 des magistrats, universitaires, et praticiens, et exprim\u00e9 dans une loi de simplification g\u00e9n\u00e9rale.<\/p>\n\n\n\n<p>\u00c0 titre d\u2019illustration&#160;: quand le droit du travail suisse compte pr\u00e8s de 200 pages, la seule r\u00e9glementation fran\u00e7aise sur la s\u00e9curit\u00e9 comporte la partie 4 du Code du travail (de 800 \u00e0 1 100 pages), les circulaires aff\u00e9rentes, les normes AFNOR, fiches INRS et des centaines de prescriptions techniques (port des EPI, signalisation, distances, formations obligatoires par poste, temp\u00e9rature, bruit, \u00e9clairage, produits chimiques\u2026), certaines datant de textes des ann\u00e9es 1970. \u00c0 l\u2019inverse, l\u2019article 39 du rapport Badinter et Lyon-Caen pr\u00e9voyait que&#160;: \u00ab&#160;<em>L\u2019employeur doit assurer la s\u00e9curit\u00e9 et prot\u00e9ger la sant\u00e9 des salari\u00e9s dans tous les domaines li\u00e9s au travail. Il prend les mesures n\u00e9cessaires pour pr\u00e9venir les risques, informer et former les salari\u00e9s<\/em>.&#160;\u00bb \u00c9rig\u00e9 en principe normatif, il maintiendrait la responsabilit\u00e9 de l\u2019employeur (y compris p\u00e9nale), tout en lui donnant l\u2019autonomie pour prendre des mesures adapt\u00e9es au contexte et \u00e0 l\u2019\u00e9quipement en place, avec les repr\u00e9sentants du personnel. Pour \u00e9viter les abus, le principe de \u00ab&#160;l\u2019abus manifeste de droit&#160;\u00bb serait appliqu\u00e9, sanctionnant s\u00e9v\u00e8rement et de mani\u00e8re dissuasive les actions manifestement non conformes aux principes.<\/p>\n\n\n\n<p>Ce travail de reformulation du droit pourrait aller de pair avec un travail sur le flux, qui peut prendre la forme d\u2019un plafond de normes pluriannuel par minist\u00e8re (comme au Portugal), ou de la r\u00e8gle du \u00ab&#160;1 euro pour 1 euro&#160;\u00bb pour chaque norme cr\u00e9\u00e9e (comme au Royaume-Uni).<\/p>\n\n\n\n<p><strong>Impact&#160;:<\/strong> Les estimations du co\u00fbt des normes varient de 1 \u00e0 8 points de PIB&nbsp;<span class='whitespace-nowrap'><span id='easy-footnote-30-295102' class='easy-footnote-margin-adjust'><\/span><span class='easy-footnote'><a href='https:\/\/legrandcontinent.eu\/fr\/2025\/08\/29\/nouveau-consensus-europeen-contretemps-francais\/#easy-footnote-bottom-30-295102' title='S\u00e9nat, \u00ab&amp;#160;&lt;a href=&quot;https:\/\/www.senat.fr\/rap\/r22-743\/r22-7433.html&quot; target=&quot;_blank&quot; rel=&quot;noreferrer noopener&quot;&gt;La sobri\u00e9t\u00e9 normative pour renforcer la comp\u00e9titivit\u00e9 des entreprises&lt;\/a&gt;&amp;#160;\u00bb, Rapport d&amp;rsquo;information n\u00b0&amp;nbsp;743&amp;nbsp;(2022-2023), d\u00e9pos\u00e9 le&amp;nbsp;15 juin 2023.'><sup>30<\/sup><\/a><\/span><\/span>. Par cons\u00e9quent, un quantum de 1-2 points de PIB semble un ordre de grandeur raisonnable du gain \u00e0 attendre d\u2019une optimisation de l\u2019appareil normatif.<\/p>\n\n\n\n<p><\/p>\n\n\n\n<figure class=\"wp-block-table\"><table class=\"has-fixed-layout\"><tbody><tr><td class=\"has-text-align-center\" data-align=\"center\">Recommandation 7&#160;: D\u00e9centraliser partiellement la fiscalit\u00e9 des entreprises en permettant aux collectivit\u00e9s territoriales de fixer une partie du taux d\u2019IS.<\/td><\/tr><\/tbody><\/table><\/figure>\n\n\n\n<p><\/p>\n\n\n\n<p>En France, les collectivit\u00e9s territoriales ne se sentent int\u00e9ress\u00e9es qu\u2019avec distance au r\u00e9sultat des entreprises pr\u00e9sentes sur leur territoire, \u00e0 l\u2019inverse de la Suisse ou de l\u2019Allemagne. Les cantons suisses disposent en effet d\u2019une large autonomie pour fixer leurs taux et exon\u00e9rations, cr\u00e9ant ainsi une concurrence fiscale interne, quand, en Allemagne, la taxe communale sur le commerce est modulable, permettant aux municipalit\u00e9s d\u2019ajuster leur fiscalit\u00e9 pour attirer ou retenir les entreprises. Le mod\u00e8le centralis\u00e9 et redistributif de la fiscalit\u00e9 en France ne laisse ainsi pas de place \u00e0 l\u2019enjeu de comp\u00e9titivit\u00e9.&nbsp;<\/p>\n\n\n\n<p>Dans cet esprit, les r\u00e9gions en France pourraient par exemple ajuster le taux de l\u2019imp\u00f4t sur les soci\u00e9t\u00e9s dans une fourchette d\u00e9finie entre 20&nbsp;&#160;% et 25&nbsp;&#160;%, en fonction de leurs priorit\u00e9s \u00e9conomiques. Cette mesure permettrait d\u2019attirer des investissements locaux et de dynamiser les territoires en difficult\u00e9, et d\u2019int\u00e9resser davantage les r\u00e9gions au succ\u00e8s \u00e9conomique des entreprises implant\u00e9es dans leurs circonscriptions.<\/p>\n\n\n\n<p><strong>Impact&#160;:<\/strong> Un chiffrage pr\u00e9cis n\u00e9cessiterait de pr\u00e9ciser les param\u00e8tres&#160;: n\u00e9anmoins, en admettant que le taux normal d\u2019IS actuel constitue la borne haute de la fourchette \u00e0 la main des collectivit\u00e9s territoriales, l\u2019impact serait positif, de mani\u00e8re agr\u00e9g\u00e9e et dans les territoires adoptant des taux moindres, sur l\u2019activit\u00e9, l\u2019investissement, et l\u2019emploi&nbsp;<span class='whitespace-nowrap'><span id='easy-footnote-31-295102' class='easy-footnote-margin-adjust'><\/span><span class='easy-footnote'><a href='https:\/\/legrandcontinent.eu\/fr\/2025\/08\/29\/nouveau-consensus-europeen-contretemps-francais\/#easy-footnote-bottom-31-295102' title='CESE, \u00ab&amp;#160;&lt;a href=&quot;https:\/\/www.eesc.europa.eu\/fr\/news-media\/press-releases\/selon-une-etude-la-reduction-de-limpot-sur-les-societes-serait-benefique&quot;&gt;The Role of Taxes on Investment to Increase Jobs in the EU \u2013 An Assessment of Recent Policy Developments in the Field of Corporate Taxes&lt;\/a&gt;&amp;#160;\u00bb, 2019.'><sup>31<\/sup><\/a><\/span><\/span>.&nbsp;<\/p>\n\n\n\n<h3 class=\"wp-block-heading\">1.3 \u2014 Refaire de la France un leader europ\u00e9en de l\u2019innovation<\/h3>\n\n\n\n<div class=\"wp-block-lgc-keypoints key-block\"><div class=\"keys\"><h6 class=\"font-bold text-sm uppercase\">Constats et chiffres<\/h6>\n<ul class=\"wp-block-list\">\n<li><strong>R&amp;D&nbsp;&#160;: <\/strong>Les d\u00e9penses en recherche et d\u00e9veloppement repr\u00e9sentent 2,3&#160;% du PIB en Europe, 2,4&#160;% en Chine et 3,5&#160;% aux \u00c9tats-Unis. 15 pays de l\u2019Union restent en dessous de 2&#160;% du PIB, la France \u00e9margeant \u00e0 peine plus haut (2,2&#160;%).<\/li>\n\n<li><strong>Influence&nbsp;&#160;: <\/strong>Les brevets am\u00e9ricains sont pr\u00e8s de deux fois plus repris par une autre r\u00e9gion que les brevets europ\u00e9ens&nbsp;<span class='whitespace-nowrap'><span id='easy-footnote-32-295102' class='easy-footnote-margin-adjust'><\/span><span class='easy-footnote'><a href='https:\/\/legrandcontinent.eu\/fr\/2025\/08\/29\/nouveau-consensus-europeen-contretemps-francais\/#easy-footnote-bottom-32-295102' title='&lt;a href=&quot;https:\/\/www.zew.de\/publikationen\/global-influence-of-inventions-and-technology-sovereignty-1&quot;&gt;ZEW, 2024&lt;\/a&gt;'><sup>32<\/sup><\/a><\/span><\/span>.<\/li>\n\n<li><strong>Atouts&nbsp;&#160;:<\/strong> l\u2019Europe compte davantage de chercheurs que les \u00c9tats-Unis ou la Chine (23,5&#160;% des chercheurs dans le monde y travaillent, contre 18,1&#160;% aux \u00c9tats-Unis et 21,2&#160;% en Chine) et d\u00e9pose davantage de brevets de rupture ou triadiques (US, Japon, UE) que la Chine&nbsp;<span class='whitespace-nowrap'><span id='easy-footnote-33-295102' class='easy-footnote-margin-adjust'><\/span><span class='easy-footnote'><a href='https:\/\/legrandcontinent.eu\/fr\/2025\/08\/29\/nouveau-consensus-europeen-contretemps-francais\/#easy-footnote-bottom-33-295102' title='&lt;a href=&quot;https:\/\/api.ossiam.net\/front.file\/Flash%20Economie%2032%20-%20FR\/FR&quot;&gt;Artus&lt;\/a&gt;'><sup>33<\/sup><\/a><\/span><\/span>. Mais seulement 10&#160;% des brevets sont d\u00e9pos\u00e9s par des femmes en France.<\/li>\n<\/ul>\n<\/div><\/div>\n\n\n\n<figure class=\"wp-block-table\"><table class=\"has-fixed-layout\"><tbody><tr><td class=\"has-text-align-center\" data-align=\"center\">Recommandation principale 8&#160;: Former 50 000 femmes scientifiques, ing\u00e9nieures ou techniciennes suppl\u00e9mentaires chaque ann\u00e9e.<\/td><\/tr><\/tbody><\/table><\/figure>\n\n\n\n<p><\/p>\n\n\n\n<p>La France forme deux fois moins de jeunes aux sciences ou aux techniques que l\u2019Allemagne et 8 fois moins que les \u00c9tats-Unis \u2014 bien au-del\u00e0 des ratios de population. Le nombre limit\u00e9 de femmes dans ces formations, de 25 \u00e0 30&#160;% du nombre total, explique en partie cet \u00e9cart.&nbsp;<\/p>\n\n\n\n<p>Atteindre la parit\u00e9 hommes-femmes dans l\u2019innovation ferait passer le taux de croissance annuel de la productivit\u00e9 de 1,0&#160;% \u00e0 1,8&#160;%, soit un gain de 22&nbsp;milliards d&rsquo;euros de PIB par an et 10&nbsp;milliards d&rsquo;euros de recettes fiscales&nbsp;<span class='whitespace-nowrap'><span id='easy-footnote-34-295102' class='easy-footnote-margin-adjust'><\/span><span class='easy-footnote'><a href='https:\/\/legrandcontinent.eu\/fr\/2025\/08\/29\/nouveau-consensus-europeen-contretemps-francais\/#easy-footnote-bottom-34-295102' title='Xavier Jaravel, &lt;em&gt;Marie Curie habite dans le Morbihan. D\u00e9mocratiser l&amp;rsquo;innovation&lt;\/em&gt;, Seuil, 2023.'><sup>34<\/sup><\/a><\/span><\/span> \u2014 soit, en 10 ans, un montant \u00e9quivalent aux d\u00e9penses de retraites. Concentrer les efforts pour orienter les jeunes filles vers ces m\u00e9tiers appara\u00eet ainsi comme la politique publique la plus efficiente pour augmenter le niveau de productivit\u00e9, du taux d\u2019emploi et des capacit\u00e9s d\u2019innovation, notamment dans l\u2019industrie.<\/p>\n\n\n\n<p>Pour atteindre la parit\u00e9 dans toutes les fili\u00e8res scientifiques (\u00e9coles d\u2019ing\u00e9nieurs, cycle universitaire et IUT, CPGE scientifiques), il faudrait int\u00e9grer en STEM 75 000 femmes chaque ann\u00e9e, soit trois fois plus qu\u2019aujourd\u2019hui. En parall\u00e8le des nombreux dispositifs, l\u2019\u00c9ducation nationale pourrait notamment g\u00e9n\u00e9raliser la pr\u00e9sentation, par des femmes scientifiques ou ing\u00e9nieures, de leurs carri\u00e8res et leurs \u00e9tudes lors de visites en classe de coll\u00e8ge ou de lyc\u00e9e. Sur ce mod\u00e8le et avec 150 ambassadrices, le programme de la Fondation L\u2019Or\u00e9al a ainsi touch\u00e9 54 000 lyc\u00e9ennes en 5 ans, et dont la part de celles aux bons r\u00e9sultats en math\u00e9matiques s\u2019orientant en classe pr\u00e9paratoire aux grandes \u00e9coles d\u2019ing\u00e9nieurs est pass\u00e9e de 25 \u00e0 40&#160;%&nbsp;<span class='whitespace-nowrap'><span id='easy-footnote-35-295102' class='easy-footnote-margin-adjust'><\/span><span class='easy-footnote'><a href='https:\/\/legrandcontinent.eu\/fr\/2025\/08\/29\/nouveau-consensus-europeen-contretemps-francais\/#easy-footnote-bottom-35-295102' title='\u00ab&amp;#160;&lt;a href=&quot;https:\/\/cae-eco.fr\/pour-une-strategie-nationale-dinnovation-par-tous&quot; target=&quot;_blank&quot; rel=&quot;noreferrer noopener&quot;&gt;Pour une strat\u00e9gie nationale d\u2019innovation par tous&lt;\/a&gt;&amp;#160;\u00bb, CAE, 2022'><sup>35<\/sup><\/a><\/span><\/span>.<\/p>\n\n\n\n<p><strong>Impact&#160;:<\/strong> En supposant que ces 500 000 femmes form\u00e9es au bout de 10 ans (soit 1,7&#160;% de l\u2019emploi total) augmenteraient leur productivit\u00e9 de 50&nbsp;&#160;%, la mesure stimulerait le PIB \u00e0 hauteur de 0,8 point.<\/p>\n\n\n\n<p><\/p>\n\n\n\n<figure class=\"wp-block-table\"><table class=\"has-fixed-layout\"><tbody><tr><td class=\"has-text-align-center\" data-align=\"center\">Recommandation 9&#160;: Faire de l\u2019\u00e9valuation scientifique le levier central d&rsquo;une nouvelle strat\u00e9gie de recherche publique.&nbsp;<\/td><\/tr><\/tbody><\/table><\/figure>\n\n\n\n<p><\/p>\n\n\n\n<p>La recherche fran\u00e7aise souffre d\u2019un d\u00e9ficit de strat\u00e9gie. Ainsi, aucun financement pluriannuel n\u2019est adopt\u00e9, entravant la coh\u00e9rence et la stabilit\u00e9&#160;; les interlocuteurs et guichets sont multiples et dispers\u00e9s (exemple&#160;: 105 pour le seul secteur de la Mer)&#160;; le Conseil strat\u00e9gique de la recherche cr\u00e9\u00e9 en 2013 ne s\u2019est pas r\u00e9uni depuis 8 ans&#160;; l\u2019appareil d\u2019\u00c9tat souffre d\u2019un manque historique d\u2019expertise technique et d\u2019exp\u00e9rience industrielle&#160;; et la pr\u00e9conisation du rapport Gillet de cr\u00e9er un \u00ab&#160;<em>Chief Scientific Advisor<\/em>&#160;\u00bb comme en Grande-Bretagne n\u2019a pas \u00e9t\u00e9 suivie.<\/p>\n\n\n\n<p>Les projets soutenus par des financements publics doivent pouvoir s\u2019appuyer sur un plan strat\u00e9gique int\u00e9gr\u00e9, avec une gouvernance confi\u00e9e en priorit\u00e9 \u00e0 des scientifiques et des entrepreneurs, un fonctionnement interne permettant de se r\u00e9orienter rapidement sur des sujets \u00e9mergents, et la fermeture de la plupart des guichets administratifs.<\/p>\n\n\n\n<figure class=\"wp-block-pullquote\"><blockquote><p>Il existe un \u00ab&#160;paradoxe fran\u00e7ais&#160;\u00bb document\u00e9&#160;: les entreprises fran\u00e7aises comptent \u00e0 la fois parmi les plus tax\u00e9es du monde et les plus aid\u00e9es.<\/p><\/blockquote><\/figure>\n\n\n\n<p>Comme pour la DAPRA am\u00e9ricaine, l\u2019essentiel r\u00e9side d\u2019abord dans l\u2019\u00e9valuation des projets, avec l\u2019objectif de d\u00e9brancher t\u00f4t les laur\u00e9ats les moins performants pour renforcer les plus prometteurs&#160;: 30&#160;% des montants pourraient ainsi et de mani\u00e8re obligatoire \u00eatre r\u00e9allou\u00e9s au bout de cinq ans, sur la base des \u00e9valuations. La continuit\u00e9 de l\u2019action publique et priv\u00e9e entre recherche, d\u00e9veloppement et industrialisation doit aussi \u00eatre significativement renforc\u00e9e.&nbsp;Ceci s\u2019entend d\u00e8s l\u2019amont jusqu\u2019\u00e0 la commercialisation avec une approche fili\u00e8re, car la fragmentation de l\u2019action emp\u00eache nombre d\u2019innovations d\u2019arriver au niveau de maturit\u00e9 n\u00e9cessaire pour cr\u00e9er de l\u2019emploi et de la croissance \u00e9conomique.&nbsp;<\/p>\n\n\n\n<p><strong>Impact&#160;:<\/strong> La Cour des comptes&nbsp;<span class='whitespace-nowrap'><span id='easy-footnote-36-295102' class='easy-footnote-margin-adjust'><\/span><span class='easy-footnote'><a href='https:\/\/legrandcontinent.eu\/fr\/2025\/08\/29\/nouveau-consensus-europeen-contretemps-francais\/#easy-footnote-bottom-36-295102' title='Voir ses &lt;a href=&quot;https:\/\/www.ccomptes.fr\/sites\/default\/files\/2025-03\/20250325-S2025-0193-CNRS.pdf&quot;&gt;Observations&lt;\/a&gt; sur le CNRS en date de 2025.'><sup>36<\/sup><\/a><\/span><\/span> \u00e9value que le fardeau administratif consomme 20 \u00e0 30&nbsp;&#160;% du temps des chercheurs du CNRS. En extrapolant \u00e0 l\u2019ensemble de la recherche publique, on peut estimer l\u2019\u00e9conomie de ressources li\u00e9e aux gains d\u2019efficience de l\u2019ordre de 10&nbsp;&#160;% (soit 2 milliards d&rsquo;euros), qui pourrait \u00eatre r\u00e9allou\u00e9e \u00e0 la recherche publique et \u00e0 l\u2019innovation.<\/p>\n\n\n\n<p><\/p>\n\n\n\n<figure class=\"wp-block-table\"><table class=\"has-fixed-layout\"><tbody><tr><td class=\"has-text-align-center\" data-align=\"center\">Recommandation 10&#160;: \u00c9tablir des Agences pour les projets de recherche avanc\u00e9e (ou \u00ab&#160;APRA&#160;\u00bb) dans quelques domaines clefs&#160;: IA, d\u00e9fense, sant\u00e9, et transition \u00e9cologique.<\/td><\/tr><\/tbody><\/table><\/figure>\n\n\n\n<p><\/p>\n\n\n\n<p>La DARPA am\u00e9ricaine, d&rsquo;un montant de 4 milliards de dollars, joue un r\u00f4le central dans le soutien \u00e0 l&rsquo;innovation de rupture aux \u00c9tats-Unis&nbsp;<span class='whitespace-nowrap'><span id='easy-footnote-37-295102' class='easy-footnote-margin-adjust'><\/span><span class='easy-footnote'><a href='https:\/\/legrandcontinent.eu\/fr\/2025\/08\/29\/nouveau-consensus-europeen-contretemps-francais\/#easy-footnote-bottom-37-295102' title='Commission internationale pr\u00e9sid\u00e9e par Olivier Blanchard et Jean Tirole, \u00ab&amp;#160;&lt;a href=&quot;https:\/\/www.strategie-plan.gouv.fr\/files\/files\/Publications\/2021\/0623\/fs-2021-rapport-les_grands_defis_economiques-juin_0.pdf&quot;&gt;Les grands d\u00e9fis \u00e9conomiques&lt;\/a&gt;&amp;#160;\u00bb, juin 2021.'><sup>37<\/sup><\/a><\/span><\/span>, comme la Homeland Security-ARPA, Intelligence-ARPA, ARPA, ARPA-Health et la plus r\u00e9cente ARPA-Infrastructure \u2014 au budget total de 7 milliards de dollars. Bien que le Conseil europ\u00e9en de l&rsquo;innovation (CEI), d\u2019un budget de 10 milliards d&rsquo;euros, ait constitu\u00e9 une premi\u00e8re \u00e9tape bienvenue, il n&rsquo;a pas obtenu de r\u00e9sultats similaires en raison de son budget limit\u00e9 pour l&rsquo;innovation de pointe (470 millions d\u2019euros) et de sa lourdeur d&rsquo;organisation.<\/p>\n\n\n\n<p>Le CEI devrait \u00eatre rapidement transform\u00e9 en une ou plusieurs ARPA, dot\u00e9e d&rsquo;un budget substantiel, donnant la priorit\u00e9 aux projets de recherche \u00e0 haut risque et \u00e0 haut rendement, g\u00e9r\u00e9e par des chefs de projet et des scientifiques autonomes \u2014 \u00e9ventuellement dans un premier temps ouverte \u00e0 la contribution volontaire des pays europ\u00e9ens. Jean Tirole et ses coauteurs&nbsp;<span class='whitespace-nowrap'><span id='easy-footnote-38-295102' class='easy-footnote-margin-adjust'><\/span><span class='easy-footnote'><a href='https:\/\/legrandcontinent.eu\/fr\/2025\/08\/29\/nouveau-consensus-europeen-contretemps-francais\/#easy-footnote-bottom-38-295102' title='Clemens Fuest, Daniel Gros, Philipp-Leo Mengel, Giorgio Presidente et Jean Tirole, \u00ab&amp;#160;&lt;a href=&quot;https:\/\/www.ifo.de\/DocDL\/EconPol-PolicyReport_50-Innovation-Policy.pdf&quot;&gt;EU Innovation Policy&amp;#160;: How to Escape the Middle Technology Trap&lt;\/a&gt;&amp;#160;\u00bb, Working Paper, EconPol, 2024.'><sup>38<\/sup><\/a><\/span><\/span> sugg\u00e8rent ainsi de r\u00e9affecter 1 milliard d\u2019euros par an du CEI vers des ARPA \u00e9nergie et sant\u00e9, et d\u2019y consacrer une partie du Fonds pour l\u2019innovation \u2014 portant leur budget \u00e0 des montants analogues aux ARPA \u00e9tats-uniennes.<\/p>\n\n\n\n<p>\u00c0 ce titre, l\u2019annonce de la Pr\u00e9sidente de la Commission europ\u00e9enne, reprenant en partie la proposition d\u2019Anne Bouverot, \u00e9voquant un \u00ab&#160;CERN de l\u2019IA&#160;\u00bb, rassemblant les scientifiques de r\u00e9f\u00e9rence et les ressources europ\u00e9ennes, et permettant d&rsquo;atteindre l&rsquo;\u00e9chelle de calcul requise, est \u00e0 saluer.<\/p>\n\n\n\n<p><strong>Impact&#160;:<\/strong> Le chiffrage des recommandations 10 \u00e0 13 peut \u00eatre fait en supposant qu\u2019elles participeraient \u00e0 une strat\u00e9gie globale d\u2019innovation qui r\u00e9sorberait le diff\u00e9rentiel de croissance de la productivit\u00e9 globale des facteurs entre la France et les \u00c9tats-Unis (0,5 point de PIB par an selon la note du CAE&nbsp;<span class='whitespace-nowrap'><span id='easy-footnote-39-295102' class='easy-footnote-margin-adjust'><\/span><span class='easy-footnote'><a href='https:\/\/legrandcontinent.eu\/fr\/2025\/08\/29\/nouveau-consensus-europeen-contretemps-francais\/#easy-footnote-bottom-39-295102' title='\u00ab&amp;#160;&lt;a href=&quot;https:\/\/cae-eco.fr\/static\/pdf\/cae_Note075(3).pdf&quot;&gt;Cap sur le capital humain pour renouer avec la croissance de la productivit\u00e9&lt;\/a&gt;&amp;#160;\u00bb, CAE, &lt;em&gt;Les notes du conseil d\u2019analyse \u00e9conomique&lt;\/em&gt;, n\u00b0 75, septembre 2022.'><sup>39<\/sup><\/a><\/span><\/span>). Ces mesures permettraient ainsi de combler environ la moiti\u00e9 de la diff\u00e9rence de croissance de la productivit\u00e9 avec les \u00c9tats-Unis, soit un gain de 2 points de PIB au bout de 10 ans.<\/p>\n\n\n\n<p><\/p>\n\n\n\n<figure class=\"wp-block-table\"><table class=\"has-fixed-layout\"><tbody><tr><td class=\"has-text-align-center\" data-align=\"center\">Recommandation 11&#160;: Compl\u00e9ter le CIR d\u2019un nouveau programme de Laboratoires d\u2019Excellence (LabEx) pour atteindre les 20&nbsp;000 brevets fran\u00e7ais d\u00e9pos\u00e9s par an.&nbsp;<\/td><\/tr><\/tbody><\/table><\/figure>\n\n\n\n<p><\/p>\n\n\n\n<p>L\u2019investissement total de notre pays dans la R&amp;D stagne et est loin d\u2019atteindre l\u2019objectif europ\u00e9en de 3&nbsp;&#160;% du PIB. Il est indispensable que cela demeure une priorit\u00e9 \u00e9conomique, alors m\u00eame que de nombreux dispositifs pourtant efficients sont inqui\u00e9t\u00e9s (instituts Carnot, SATT, IRT, CIFRE).<\/p>\n\n\n\n<p>La collaboration entre les entreprises et les universit\u00e9s doit \u00eatre encourag\u00e9e&#160;: \u00e0 cette fin, le programme des Laboratoires d\u2019Excellence (\u00ab&#160;LabEx&#160;\u00bb) devrait en devenir un \u00e9l\u00e9ment majeur. Mis en place en 2010 avec 1,5&nbsp;milliard d&rsquo;euros, il a b\u00e9n\u00e9fici\u00e9 \u00e0 170 groupements universitaires \u2014 des clusters de plusieurs \u00e9quipes universitaires travaillant sur des recherches de pointe. Par les contrats entre laboratoires et entreprises (sous-traitance, achat de brevets, etc.), les transferts de salari\u00e9s des premiers vers les secondes (y compris par la cr\u00e9ation de start-ups par des chercheurs), et l\u2019interface informelle favorisant les \u00e9changes, chaque euro investi dans les LabEx a entra\u00een\u00e9 0,78&nbsp;\u20ac suppl\u00e9mentaire de d\u00e9penses priv\u00e9es en R&amp;D, et la production de brevets de pointe des entreprises concern\u00e9es a \u00e9t\u00e9 substantiellement stimul\u00e9e&nbsp;<span class='whitespace-nowrap'><span id='easy-footnote-40-295102' class='easy-footnote-margin-adjust'><\/span><span class='easy-footnote'><a href='https:\/\/legrandcontinent.eu\/fr\/2025\/08\/29\/nouveau-consensus-europeen-contretemps-francais\/#easy-footnote-bottom-40-295102' title='Antonin Bergeaud &lt;em&gt;et al.&lt;\/em&gt;, \u00ab&amp;#160;&lt;a href=&quot;https:\/\/www.ipp.eu\/wp-content\/uploads\/2023\/01\/Note_IPP___LabEx-1.pdf&quot;&gt;La recherche publique a-t-elle des retomb\u00e9es positives sur la R&amp;amp;D des entreprises&amp;#160;? Le cas de la politique des LabEx&lt;\/a&gt;&amp;#160;\u00bb, Institut des politiques publiques, 2013.'><sup>40<\/sup><\/a><\/span><\/span>.<\/p>\n\n\n\n<p>En fonction du niveau de financement, et en parall\u00e8le des programmes mentionn\u00e9s ci-dessus, il est possible d\u2019esp\u00e9rer jusqu\u2019\u00e0 5&nbsp;000 brevets suppl\u00e9mentaires d\u00e9pos\u00e9s chaque ann\u00e9e (sur une base de 15&nbsp;458 \u00e0 l\u2019INPI et \u00e0 l&rsquo;Office europ\u00e9en des brevets en 2024&nbsp;<span class='whitespace-nowrap'><span id='easy-footnote-41-295102' class='easy-footnote-margin-adjust'><\/span><span class='easy-footnote'><a href='https:\/\/legrandcontinent.eu\/fr\/2025\/08\/29\/nouveau-consensus-europeen-contretemps-francais\/#easy-footnote-bottom-41-295102' title='\u00ab&amp;#160;&lt;a href=&quot;https:\/\/www.inpi.fr\/a-la-une\/le-palmares-2024-des-deposants-de-brevets-est-en-ligne&quot; target=&quot;_blank&quot; rel=&quot;noreferrer noopener&quot;&gt;Palmar\u00e8s 2024 des brevets&lt;\/a&gt;&amp;#160;\u00bb, INPI, 2024.'><sup>41<\/sup><\/a><\/span><\/span>).<\/p>\n\n\n\n<p><\/p>\n\n\n\n<figure class=\"wp-block-table\"><table class=\"has-fixed-layout\"><tbody><tr><td class=\"has-text-align-center\" data-align=\"center\">Recommandation 12&#160;: Cr\u00e9er un guichet unique prioritaire pour les talents \u00e9trangers strat\u00e9giques, avec r\u00e9gime fiscal d\u2019impatriation.&nbsp;<\/td><\/tr><\/tbody><\/table><\/figure>\n\n\n\n<p><\/p>\n\n\n\n<p>Ce guichet unique regrouperait les diff\u00e9rents titres de s\u00e9jour existants (Passeport Talent, French Tech Visa\u2026) sous une banni\u00e8re plus lisible et plus avantageuse. Tout \u00e9tranger tr\u00e8s qualifi\u00e9 (ing\u00e9nieur, entrepreneur disposant de financements, expert dans un domaine en tension, expert climatique, etc.) obtiendrait sous 2 semaines un visa de travail de 4 ans renouvelables, pour lui et sa famille, via une proc\u00e9dure simplifi\u00e9e en ligne, sans exigence de contrat de travail pr\u00e9alable. Cette proc\u00e9dure irait de pair avec un \u00ab&#160;pack d\u2019accueil&#160;\u00bb attractif&#160;: accompagnement pour un logement, scolarisation des enfants, apprentissage du fran\u00e7ais, et extension du r\u00e9gime fiscal d\u2019impatriation.&nbsp;<\/p>\n\n\n\n<p>Ce visa serait promu <em>via<\/em> les ambassades, les Alliances fran\u00e7aises et des campagnes cibl\u00e9es (ex&#160;: 5&nbsp;000 d\u00e9veloppeurs d\u2019Afrique francophone et de pays francophones). L\u2019objectif serait de doubler \u00e0 20&nbsp;000 le nombre de Passeports Talents d\u00e9livr\u00e9s chaque ann\u00e9e, ainsi que la part d\u2019\u00e9tudiants \u00e9trangers rest\u00e9s en emploi en France 2 ans apr\u00e8s dipl\u00f4me \u00e0 50&#160;%.<\/p>\n\n\n\n<p><\/p>\n\n\n\n<figure class=\"wp-block-table\"><table class=\"has-fixed-layout\"><tbody><tr><td class=\"has-text-align-center\" data-align=\"center\">Recommandation 13&#160;: \u00c9tablir le \u00ab&#160;Paris Data Exchange&#160;\u00bb comme premi\u00e8re bourse europ\u00e9enne de donn\u00e9es.<\/td><\/tr><\/tbody><\/table><\/figure>\n\n\n\n<p><\/p>\n\n\n\n<p>L&rsquo;\u00e9conomie de la donn\u00e9e conna\u00eet une r\u00e9volution avec l&rsquo;\u00e9mergence de bourses de donn\u00e9es, \u00e0 l&rsquo;image du Shanghai Data Exchange, lanc\u00e9e en 2021 avec 20 produits de donn\u00e9es et visant d\u00e9sormais 5 000 produits list\u00e9s d&rsquo;ici 2030 pour un march\u00e9 estim\u00e9 \u00e0 69&nbsp;milliards de dollars. Les entreprises europ\u00e9ennes poss\u00e8dent en effet des gisements de donn\u00e9es sous-exploit\u00e9s, d\u2019EDF qui pourrait mon\u00e9tiser ses donn\u00e9es de consommation \u00e9nerg\u00e9tique, \u00e0 SNCF celles de ses flux de mobilit\u00e9, et Orange celles de g\u00e9olocalisation anonymis\u00e9es. Se faisant, elles basculeraient de simples consommatrices d\u2019IA \u00e0 fournisseuses de donn\u00e9es pour les mod\u00e8les, et l\u2019activit\u00e9 et l\u2019innovation occasionn\u00e9es seraient consid\u00e9rables&#160;: des assurances pourraient par exemple croiser donn\u00e9es agricoles et m\u00e9t\u00e9o pour de nouveaux produits, et la grande distribution associer donn\u00e9es de mobilit\u00e9 et de consommation pour optimiser sa <em>supply chain<\/em>.<\/p>\n\n\n\n<p>Une telle bourse de donn\u00e9es, financ\u00e9e par des investissements publics et priv\u00e9s et visant 100 produits en ann\u00e9e 1 avec l\u2019objectif de g\u00e9n\u00e9rer&nbsp;500&nbsp;millions d\u2019euros de transactions annuelles d&rsquo;ici 2030, donnerait \u00e0 la France un avantage comp\u00e9titif important, en plus d\u2019un cadre souverain pour la ma\u00eetrise de nos donn\u00e9es, permettant de surcro\u00eet leur certification, standardisation et protection (la bourse de Shanghai a \u00e9tabli le principe selon lequel \u00ab&#160;aucune transaction ne s&rsquo;effectue si l&rsquo;acheteur ne peut expliquer le sc\u00e9nario d&rsquo;usage exact&#160;\u00bb).<\/p>\n\n\n\n\n\n<figure class=\"wp-block-image wp-block-image-medium\"\n    data-shadow=\"false\"\n    data-use-original-file=\"false\">\n    <a\n        data-pswp-src=\"https:\/\/legrandcontinent.eu\/fr\/wp-content\/uploads\/sites\/2\/2025\/08\/Massinissa-Selmani-Maquette-N3.jpg\"\n        class=\"inline-block gallery-item no-underline \"\n        data-pswp-width=\"1000\"\n        data-pswp-height=\"1167\">\n                                        <picture>\r\n                    <source\r\n                srcset=\"https:\/\/legrandcontinent.eu\/fr\/wp-content\/uploads\/sites\/2\/2025\/08\/Massinissa-Selmani-Maquette-N3-330x385.jpg\"\r\n                media=\"(max-width:  374px)\" \/>\r\n                    <source\r\n                srcset=\"https:\/\/legrandcontinent.eu\/fr\/wp-content\/uploads\/sites\/2\/2025\/08\/Massinissa-Selmani-Maquette-N3-690x805.jpg\"\r\n                media=\"(max-width:  989px)\" \/>\r\n                    <source\r\n                srcset=\"https:\/\/legrandcontinent.eu\/fr\/wp-content\/uploads\/sites\/2\/2025\/08\/Massinissa-Selmani-Maquette-N3-990x1155.jpg\"\r\n                media=\"(max-width: 1319px)\" \/>\r\n                    <source\r\n                srcset=\"https:\/\/legrandcontinent.eu\/fr\/wp-content\/uploads\/sites\/2\/2025\/08\/Massinissa-Selmani-Maquette-N3-690x805.jpg\"\r\n                media=\"(max-width: 1599px)\" \/>\r\n                    <source\r\n                srcset=\"https:\/\/legrandcontinent.eu\/fr\/wp-content\/uploads\/sites\/2\/2025\/08\/Massinissa-Selmani-Maquette-N3-990x1155.jpg\"\r\n                media=\"(min-width: 1600px)\" \/>\r\n                <img decoding=\"async\" src=\"https:\/\/legrandcontinent.eu\/fr\/wp-content\/uploads\/sites\/2\/2025\/08\/Massinissa-Selmani-Maquette-N3-125x146.jpg\" \/>\r\n        <\/picture>\r\n                            \n                    <figcaption class=\"pswp-caption-content \">\u00ab&#160;&#160;La crise du logement\u00a0se r\u00e9sume en quelques chiffres&#160;&#160;: la France est pass\u00e9e de 496\u00a0000 constructions autoris\u00e9es en 2017 \u00e0 295\u00a0000 en 2023, pendant que la part du loyer dans le revenu repr\u00e9sente 4 fois ce qu\u2019il comptait en 1963.&#160;&#160;\u00bb Image&#160;&#160;: Massinissa Selmani, Serie Maquettes, 2015 &#8211; 2016. Courtesy de l&rsquo;artiste et Selma Feriani Gallery (Tunis \/ Londres). \u00a9 ADAGP Paris. <\/figcaption>\n            <\/a>\n<\/figure>\n\n\n<h3 class=\"wp-block-heading\">1.4 \u2014 Assumer la puissance \u00e9conomique europ\u00e9enne<\/h3>\n\n\n\n<div class=\"wp-block-lgc-keypoints key-block\"><div class=\"keys\"><h6 class=\"font-bold text-sm uppercase\">Constats et chiffres<\/h6>\n<ul class=\"wp-block-list\">\n<li><strong>Investissements industriels&#160;:<\/strong> Entre 2016 et 2023, l\u2019Union europ\u00e9enne n\u2019a repr\u00e9sent\u00e9 que 6,5&#160;% des investissements industriels annonc\u00e9s dans le monde,&nbsp;contre 17&#160;% pour les \u00c9tats-Unis et 19&#160;% pour la Chine&nbsp;<span class='whitespace-nowrap'><span id='easy-footnote-42-295102' class='easy-footnote-margin-adjust'><\/span><span class='easy-footnote'><a href='https:\/\/legrandcontinent.eu\/fr\/2025\/08\/29\/nouveau-consensus-europeen-contretemps-francais\/#easy-footnote-bottom-42-295102' title='&lt;a href=&quot;https:\/\/www.cepii.fr\/BLOG\/bi\/post.asp?IDcommunique=1027&quot;&gt;Trendeo&lt;\/a&gt;'><sup>42<\/sup><\/a><\/span><\/span>.<\/li>\n\n<li><strong>Normes&#160;:<\/strong> Entre 2019 et 2024, l\u2019Union a adopt\u00e9 13&nbsp;942 actes l\u00e9gislatifs, contre 3 725 lois et 2&nbsp;202 r\u00e9solutions aux \u00c9tats-Unis selon le rapport Draghi.<\/li>\n\n<li><strong>Co\u00fbt des barri\u00e8res internes \u00e0 l\u2019Europe&#160;:<\/strong> les barri\u00e8res internes au sein de l\u2019Union sont \u00e9quivalentes \u00e0 des droits de douane de 45&#160;% pour l\u2019industrie manufacturi\u00e8re \u2014 soit trois fois plus qu\u2019aux \u00c9tats-Unis \u2014 et de 110&#160;% pour les services, selon le rapport Draghi.<\/li>\n<\/ul>\n<\/div><\/div>\n\n\n\n<figure class=\"wp-block-table\"><table class=\"has-fixed-layout\"><tbody><tr><td class=\"has-text-align-center\" data-align=\"center\">Recommandation principale 14&#160;: Construire une nouvelle Union de libre-\u00e9change avec le Mercosur, l\u2019Australie, le Canada, l\u2019Inde, et l&rsquo;ASEAN.<\/td><\/tr><\/tbody><\/table><\/figure>\n\n\n\n<p><\/p>\n\n\n\n<p>L\u2019Union a d\u00e9j\u00e0 conclu plus de 40 accords commerciaux avec plus de 70 pays et r\u00e9gions du monde. Le plus r\u00e9cent, le CETA, monte des r\u00e9sultats tr\u00e8s en faveur des entreprises et salari\u00e9s europ\u00e9ens.&nbsp;<\/p>\n\n\n\n<p>Pour une vingtaine d&rsquo;autres partenaires, les n\u00e9gociations sont finalis\u00e9es, mais les proc\u00e9dures d\u2019adoption et de ratification demeurent en cours. Par ailleurs, plusieurs accords additionnels sont actuellement en phase de n\u00e9gociation. Dans un contexte marqu\u00e9 par des tensions commerciales accrues, notamment avec les \u00c9tats-Unis, il appara\u00eet essentiel pour l\u2019Union de diversifier ses d\u00e9bouch\u00e9s \u00e0 l\u2019exportation ainsi que ses sources d\u2019approvisionnement.<\/p>\n\n\n\n<p><strong>Impact&#160;:<\/strong> Les gains \u00e0 attendre d\u2019accords de libre-\u00e9change sont bien document\u00e9s&#160;: les \u00e9conomistes conviennent en effet que la mondialisation fait des gagnants et des perdants, mais que les gains associ\u00e9s au libre-\u00e9change sont suffisants pour \u00eatre redistribu\u00e9s de mani\u00e8re efficace entre tous les agents \u00e9conomiques. Une analyse de Lionel Fontagn\u00e9 et ses co-auteurs&nbsp;<span class='whitespace-nowrap'><span id='easy-footnote-43-295102' class='easy-footnote-margin-adjust'><\/span><span class='easy-footnote'><a href='https:\/\/legrandcontinent.eu\/fr\/2025\/08\/29\/nouveau-consensus-europeen-contretemps-francais\/#easy-footnote-bottom-43-295102' title='Lionel Fontagn\u00e9, Nadia Rocha, Michele Ruta, Gianluca Santoni, \u00ab&amp;#160;&lt;a href=&quot;https:\/\/documents1.worldbank.org\/curated\/en\/099852112072356621\/pdf\/IDU08c28b7f7087b1049a90b17e07c110a7ee6c4.pdf&quot; target=&quot;_blank&quot; rel=&quot;noreferrer noopener&quot;&gt;The Economic Impact of Deepening Trade Agreements&lt;\/a&gt;&amp;#160;\u00bb, World Bank Economic Review, 2023, 37 (3), pp.366-388.'><sup>43<\/sup><\/a><\/span><\/span> aboutit \u00e0 une estimation de l\u2019ordre de 0,72 point de PIB de gain \u00e0 attendre maximum pour l\u2019Union des accords de libre-\u00e9change. Le Parlement europ\u00e9en&nbsp;<span class='whitespace-nowrap'><span id='easy-footnote-44-295102' class='easy-footnote-margin-adjust'><\/span><span class='easy-footnote'><a href='https:\/\/legrandcontinent.eu\/fr\/2025\/08\/29\/nouveau-consensus-europeen-contretemps-francais\/#easy-footnote-bottom-44-295102' title='Jan Hagemajer &lt;em&gt;et al.&lt;\/em&gt;, \u00ab&amp;#160;&lt;a href=&quot;https:\/\/www.europarl.europa.eu\/RegData\/etudes\/STUD\/2025\/754476\/EXPO_STU%282025%29754476_EN.pdf?utm_source=chatgpt.com&quot;&gt;An update on the economic, sustainability and regulatory effects of the trade part of the EU-Mercosur Partnership Agreement&lt;\/a&gt;&amp;#160;\u00bb, \u00c9tude pour le Parlement europ\u00e9en, 2025.'><sup>44<\/sup><\/a><\/span><\/span> avait chiffr\u00e9 \u00e0 0,1 point le gain de PIB europ\u00e9en pour le seul accord avec le Mercosur.<\/p>\n\n\n\n<p><\/p>\n\n\n\n<figure class=\"wp-block-table\"><table class=\"has-fixed-layout\"><tbody><tr><td class=\"has-text-align-center\" data-align=\"center\">Recommandation 15&#160;: Instaurer un partenariat tactique vis-\u00e0-vis de la Chine&#160;: durcir nos r\u00e8gles, pour que celle-ci accepte des partenariats strat\u00e9giques dans certains secteurs cl\u00e9s.<\/td><\/tr><\/tbody><\/table><\/figure>\n\n\n\n<p><\/p>\n\n\n\n<p>L\u2019exc\u00e9dent commercial chinois avec l\u2019Union a doubl\u00e9 en 5 ans. Si la Chine dispose d\u2019une avance technologique incontest\u00e9e dans certains domaines comme les v\u00e9hicules \u00e9lectriques, o\u00f9 les constructeurs b\u00e9n\u00e9ficient de subventions repr\u00e9sentant jusqu\u2019\u00e0 21&#160;% de leur chiffre d&rsquo;affaires, l\u2019acc\u00e8s au march\u00e9 europ\u00e9en lui est particuli\u00e8rement critique dans un contexte de tensions commerciales avec les \u00c9tats-Unis et de croissance atone sur son march\u00e9 int\u00e9rieur.&nbsp;Cela constitue une opportunit\u00e9 pour l\u2019Union europ\u00e9enne.&nbsp;<\/p>\n\n\n\n<p>Celle-ci doit assumer une position forte de n\u00e9gociation&#160;: en mobilisant d\u2019une part ses instruments de d\u00e9fense commerciale (anti-dumping, antisubventions) au travers de taxes compensatoires dans l\u2019automobile voire d\u2019autres secteurs, et en ouvrant d\u2019autre part la possibilit\u00e9 d\u2019un acc\u00e8s au march\u00e9 europ\u00e9en sous la forme de quotas d\u00e9di\u00e9s, elle peut inciter la Chine \u00e0 ajuster ses politiques et \u00e0 accepter des partenariats strat\u00e9giques UE-Chine dans certains domaines cl\u00e9s o\u00f9 l\u2019Europe est d\u00e9sormais en retard (dont automobile). Ces partenariats devront respecter certains crit\u00e8res pr\u00e9d\u00e9finis&#160;: investissements directs sur le sol europ\u00e9en avec transfert de technologie obligatoire, actionnariat partag\u00e9 \u00e0 51\/49, formation de la main d\u2019\u0153uvre en Europe, syst\u00e8me de contr\u00f4le public du respect des obligations avec comme sanction la fermeture de l\u2019acc\u00e8s au march\u00e9 europ\u00e9en.<\/p>\n\n\n\n<p><strong>Impact&#160;:<\/strong> La strat\u00e9gie de croissance par l\u2019investissement direct \u00e9tranger est davantage \u00e9tudi\u00e9e pour des pays en voie de d\u00e9veloppement. Pegkas&nbsp;<span class='whitespace-nowrap'><span id='easy-footnote-45-295102' class='easy-footnote-margin-adjust'><\/span><span class='easy-footnote'><a href='https:\/\/legrandcontinent.eu\/fr\/2025\/08\/29\/nouveau-consensus-europeen-contretemps-francais\/#easy-footnote-bottom-45-295102' title='Panagiotis Pegkas, \u00ab&amp;#160;&lt;a href=&quot;https:\/\/www.sciencedirect.com\/science\/article\/abs\/pii\/S1703494915200126&quot; target=&quot;_blank&quot; rel=&quot;noreferrer noopener&quot;&gt;The impact of FDI on economic growth in Eurozone countries&lt;\/a&gt;&amp;#160;\u00bb, &lt;em&gt;The Journal of Economic Asymmetries&lt;\/em&gt;, Volume 12, Issue 2, 2015, pp. 124-132, 2015.'><sup>45<\/sup><\/a><\/span><\/span> estime toutefois que l&rsquo;\u00e9lasticit\u00e9 est relativement faible pour les pays europ\u00e9ens&#160;: une augmentation de 1 point de PIB des IDE en France serait associ\u00e9e \u00e0 un gain de PIB de l\u2019ordre de 0,2-0,4 point. En supposant que les partenariats visent des secteurs particuli\u00e8rement strat\u00e9giques, permettant des effets d\u2019entra\u00eenement importants dans l\u2019\u00e9conomie, le gain pourrait \u00eatre plus important.<\/p>\n\n\n\n<p><\/p>\n\n\n\n<figure class=\"wp-block-table\"><table class=\"has-fixed-layout\"><tbody><tr><td class=\"has-text-align-center\" data-align=\"center\">Recommandation 16&#160;: Finaliser plusieurs des chantiers n\u00e9cessaires \u00e0 la comp\u00e9titivit\u00e9 europ\u00e9enne&#160;: un march\u00e9 des biens et services d\u2019ici 2030 (\u00e9ventuellement avec un premier cercle de pays volontaires)&#160;; des \u00e9quivalents europ\u00e9ens du NASDAQ, des ARPA et LabEx&#160;; la fin des r\u00e8glementations non efficientes&#160;; des PIIEC suppl\u00e9mentaires, une politique de concurrence ajust\u00e9e&#160;; et l\u2019Erasmus universel.&nbsp;<\/td><\/tr><\/tbody><\/table><\/figure>\n\n\n\n<p><\/p>\n\n\n\n<p>Le rapport Draghi n\u2019a fait que r\u00e9v\u00e9ler avec force des constats dress\u00e9s depuis des d\u00e9cennies&#160;: un march\u00e9 int\u00e9rieur incomplet, des normes nombreuses et complexes, des concurrents g\u00e9opolitiques hostiles, etc.&nbsp;<\/p>\n\n\n\n<p>Si les solutions sont difficiles \u00e0 mettre en \u0153uvre, elles sont connues et travaill\u00e9es aussi depuis longtemps, souvent reprises dans le rapport Draghi&#160;: le march\u00e9 int\u00e9rieur doit \u00eatre approfondi, si besoin par une premi\u00e8re coop\u00e9ration d\u2019\u00c9tats membres volontaires, et l\u2019Union de l\u2019\u00e9pargne et des investissements \u00eatre achev\u00e9e y compris pour faire \u00e9merger des march\u00e9s d\u2019actions europ\u00e9ens \u00e0 l\u2019image du Nasdaq&#160;; les obligations de <em>reporting<\/em> trop lourdes doivent \u00eatre lev\u00e9es sans d\u00e9lai&nbsp;et un code europ\u00e9en des affaires adopt\u00e9&#160;; les PIIEC doivent \u00eatre acc\u00e9l\u00e9r\u00e9s&#160;; l\u2019achat de mat\u00e9riaux critiques doit \u00eatre davantage n\u00e9goci\u00e9 en commun&#160;; le Conseil europ\u00e9en doit pouvoir autoriser une op\u00e9ration interdite par la politique de concurrence, sur le fondement d\u2019un int\u00e9r\u00eat g\u00e9n\u00e9ral (souverainet\u00e9, r\u00e9silience, etc.)&#160;; l\u2019Union doit se doter d\u2019ARPA et de LabEx (voir la proposition 10)&#160;; et le programme Erasmus + doit s\u2019ouvrir \u00e0 tous les jeunes, en particulier les apprentis.<\/p>\n\n\n\n<p><strong>Impact&#160;:<\/strong> Les travaux du FMI&nbsp;<span class='whitespace-nowrap'><span id='easy-footnote-46-295102' class='easy-footnote-margin-adjust'><\/span><span class='easy-footnote'><a href='https:\/\/legrandcontinent.eu\/fr\/2025\/08\/29\/nouveau-consensus-europeen-contretemps-francais\/#easy-footnote-bottom-46-295102' title='Nathaniel G Arnold, Allan Dizioli, Alexandra Fotiou, Jan-Martin Frie, Burcu Hacibedel, Tara Iyer, Huidan Huidan Lin, Malhar S. Nabar, Hui Tong et Frederik G. Toscani, \u00ab&amp;#160;&lt;a href=&quot;https:\/\/www.imf.org\/en\/Publications\/WP\/Issues\/2025\/06\/13\/Lifting-Binding-Constraints-on-Growth-in-Europe-Actionable-Priorities-to-Deepen-the-Single-567610&quot; target=&quot;_blank&quot; rel=&quot;noreferrer noopener&quot;&gt;Lifting Binding Constraints on Growth in Europe&amp;#160;: Actionable Priorities to Deepen the Single Market&lt;\/a&gt;&amp;#160;\u00bb,&amp;nbsp;&lt;em&gt;IMF Working Papers&lt;\/em&gt;&amp;nbsp;2025, 113, 2025.'><sup>46<\/sup><\/a><\/span><\/span> sugg\u00e8rent un gain potentiel de 7 points de productivit\u00e9 \u00e0 attendre d\u2019un approfondissement du march\u00e9 europ\u00e9en, et d\u2019au moins 3 points de PIB.<\/p>\n\n\n\n<h3 class=\"wp-block-heading\">1.5 \u2014 Faire de la d\u00e9carbonation une opportunit\u00e9<\/h3>\n\n\n\n<div class=\"wp-block-lgc-keypoints key-block\"><div class=\"keys\"><h6 class=\"font-bold text-sm uppercase\">Constats et chiffres<\/h6>\n<ul class=\"wp-block-list\">\n<li><strong>\u00c9missions&#160;: <\/strong>Compar\u00e9 \u00e0 1990, l\u2019Europe et les \u00c9tats-Unis ont r\u00e9duit leurs \u00e9missions de GES de respectivement 35&#160;% et 5&#160;%, contre une augmentation de 320&#160;% en Chine. L\u2019instauration de la tarification carbone compte pour beaucoup dans le r\u00e9sultat europ\u00e9en&nbsp;<span class='whitespace-nowrap'><span id='easy-footnote-47-295102' class='easy-footnote-margin-adjust'><\/span><span class='easy-footnote'><a href='https:\/\/legrandcontinent.eu\/fr\/2025\/08\/29\/nouveau-consensus-europeen-contretemps-francais\/#easy-footnote-bottom-47-295102' title='&lt;a href=&quot;https:\/\/www.nowpublishers.com\/article\/Details\/IRERE-172&quot;&gt;van den Bergh &amp;amp; Botzen, 2024&lt;\/a&gt;'><sup>47<\/sup><\/a><\/span><\/span>.<\/li>\n\n<li><strong>Investissements pour r\u00e9ussir la transition \u00e9nerg\u00e9tique&#160;: <\/strong>entre<strong> <\/strong>60 et 80 milliards d&rsquo;euros suppl\u00e9mentaires par an&nbsp;<span class='whitespace-nowrap'><span id='easy-footnote-48-295102' class='easy-footnote-margin-adjust'><\/span><span class='easy-footnote'><a href='https:\/\/legrandcontinent.eu\/fr\/2025\/08\/29\/nouveau-consensus-europeen-contretemps-francais\/#easy-footnote-bottom-48-295102' title='&lt;a href=&quot;https:\/\/www.rexecode.fr\/media\/documents\/document-de-travail\/reperes\/reperes-14-pour-une-nouvelle-philosophie-des-politiques-publiques-de-decarbonation-mars-2025&quot;&gt;Rexecode, 2025&lt;\/a&gt;'><sup>48<\/sup><\/a><\/span><\/span>.<\/li>\n\n<li><strong>Action publique&#160;: <\/strong>200 politiques et mesures de d\u00e9carbonation sont recens\u00e9es pour 34 milliards d&rsquo;euros, mais elles demeurent tr\u00e8s disparates&nbsp;<span class='whitespace-nowrap'><span id='easy-footnote-49-295102' class='easy-footnote-margin-adjust'><\/span><span class='easy-footnote'><a href='https:\/\/legrandcontinent.eu\/fr\/2025\/08\/29\/nouveau-consensus-europeen-contretemps-francais\/#easy-footnote-bottom-49-295102' title='&lt;a href=&quot;https:\/\/www.rexecode.fr\/media\/documents\/document-de-travail\/reperes\/reperes-14-pour-une-nouvelle-philosophie-des-politiques-publiques-de-decarbonation-mars-2025&quot;&gt;Rexecode, 2025&lt;\/a&gt;'><sup>49<\/sup><\/a><\/span><\/span>.<\/li>\n<\/ul>\n<\/div><\/div>\n\n\n\n<p>Le \u00ab&#160;Nouveau Consensus Europ\u00e9en&#160;\u00bb trouve dans la transition \u00e9cologique un de ses d\u00e9fis les plus redoutables. La n\u00e9cessit\u00e9 de d\u00e9carboner nos \u00e9conomies n\u2019est plus un sujet de d\u00e9bat, mais un imp\u00e9ratif moral qui vient s\u2019inscrire dans le \u00ab&#160;contretemps fran\u00e7ais&#160;\u00bb, voire l\u2019amplifier. Car si la France a, l\u00e0 aussi, eu raison trop t\u00f4t en misant sur une \u00e9lectricit\u00e9 bas-carbone gr\u00e2ce au nucl\u00e9aire, elle risque d\u2019avoir tort pendant longtemps en abordant cette transformation historique avec les m\u00eames faiblesses qui minent sa trajectoire \u00e9conomique depuis vingt ans.<\/p>\n\n\n\n<p>Parmi ces faiblesses, une politique qui oublie d\u2019assortir le soutien de la demande par une politique d\u2019offre. L\u2019essentiel de l\u2019effort public, dispers\u00e9 dans plus de 200 dispositifs, se concentre sur l\u2019incitation \u00e0 l\u2019adoption de solutions d\u00e9carbon\u00e9es (achat de v\u00e9hicules \u00e9lectriques, r\u00e9novation des logements, usage des \u00e9nergies renouvelables etc.). Cette approche n&rsquo;est pas syst\u00e9matiquement assortie de m\u00e9canismes visant \u00e0 stimuler la production de ces m\u00eames solutions en France. Il en r\u00e9sulte un soutien indirect aux importations, avec un impact sur la balance commerciale, la d\u00e9pendance industrielle et, paradoxalement, une aggravation de l\u2019empreinte carbone de notre consommation. Cette approche inflationniste, qui p\u00e8se sur nos finances publiques sans renforcer notre base productive, contraste avec les strat\u00e9gies offensives men\u00e9es par les \u00c9tats-Unis avec l\u2019Inflation Reduction Act ou par la Chine, qui a conquis une position dominante sur les march\u00e9s de la plupart des technologies vertes.<\/p>\n\n\n\n<p>Deuxi\u00e8mement, l\u2019action publique est co\u00fbteuse et son efficacit\u00e9 encore mal \u00e9valu\u00e9e. Toute politique climatique doit tenter d\u2019atteindre l\u2019ambition climatique d\u00e9mocratiquement d\u00e9termin\u00e9e au moindre co\u00fbt pour les citoyens, en tenant compte des objectifs de r\u00e9industrialisation et d\u2019ind\u00e9pendance strat\u00e9gique. La dispersion des aides s\u2019accompagne d\u2019un insuffisant pilotage par l\u2019analyse co\u00fbts-b\u00e9n\u00e9fices des subventions et des normes. Le co\u00fbt pour la collectivit\u00e9 d\u2019une tonne de CO\u2082 \u00e9vit\u00e9e varie consid\u00e9rablement d\u2019une mesure \u00e0 l\u2019autre, sans que cette information ne semble constituer un crit\u00e8re directeur dans les choix politiques. Le refus par l\u2019\u00c9tat de rechercher la politique de transition de moindre impact soci\u00e9tal pose la question de son acceptabilit\u00e9 sociale au moment m\u00eame o\u00f9 les citoyens constatent les sacrifices de pouvoir d\u2019achat et d\u2019inconfort qui leur sont demand\u00e9s pour le climat.<\/p>\n\n\n\n<p>Enfin et d\u2019une mani\u00e8re g\u00e9n\u00e9rale, la politique de d\u00e9carbonation n\u2019est pas suffisamment articul\u00e9e avec la strat\u00e9gie \u00e9conomique d\u2019ensemble. Les trajectoires d\u00e9finies dans la Strat\u00e9gie Nationale Bas-Carbone (SNBC) et la Programmation pluriannuelle de l\u2019\u00e9nergie (PPE) sont le r\u00e9sultat d\u2019un exercice technique d\u00e9taill\u00e9 mais largement d\u00e9sincarn\u00e9 des r\u00e9alit\u00e9s micro- et macro-\u00e9conomiques. Les questions de soutenabilit\u00e9 budg\u00e9taire, de l\u2019impact sur l\u2019inflation et la comp\u00e9titivit\u00e9, et de l\u2019articulation avec les strat\u00e9gies de nos partenaires et concurrents ne sont quasiment pas trait\u00e9es ou de mani\u00e8re tr\u00e8s incompl\u00e8te. Les outils europ\u00e9ens comme le M\u00e9canisme d\u2019ajustement carbone aux fronti\u00e8res (MACF), bien qu\u2019indispensables dans leur principe, s\u2019av\u00e8rent dans leur forme actuelle trop limit\u00e9s et complexes pour prot\u00e9ger efficacement notre industrie, mena\u00e7ant m\u00eame de fragiliser les cha\u00eenes de valeur en aval et notre comp\u00e9titivit\u00e9 \u00e0 l\u2019export, alors que nous souhaitons l\u2019encourager.<\/p>\n\n\n\n<p>La question n\u2019est donc plus de savoir s\u2019il faut d\u00e9carboner ou non, mais comment le faire sans aggraver notre d\u00e9classement et nos in\u00e9galit\u00e9s. Aborder cet enjeu comme un simple fardeau, une contrainte \u00e0 subir, serait la chronique d\u2019un \u00e9chec annonc\u00e9. La France et l\u2019Europe doivent au contraire le transformer en un levier de comp\u00e9titivit\u00e9, de r\u00e9industrialisation et de croissance.<\/p>\n\n\n\n<p><\/p>\n\n\n\n<figure class=\"wp-block-table\"><table class=\"has-fixed-layout\"><tbody><tr><td class=\"has-text-align-center\" data-align=\"center\">Recommandation&nbsp;17&#160;: Repenser la politique climatique avec un prix du carbone, une politique industrielle et l\u2019ajustement aux fronti\u00e8res r\u00e9ellement incitatifs.<\/td><\/tr><\/tbody><\/table><\/figure>\n\n\n\n<p><\/p>\n\n\n\n<p>\u00c0 l\u2019inverse des interdictions ou des normes mal calibr\u00e9es ou changeantes, la politique de tarification du carbone \u00e9vite \u00e0 la sph\u00e8re politique d\u2019intervenir dans les d\u00e9cisions strat\u00e9giques des entreprises. Elle laisse la primaut\u00e9 \u00e0 l\u2019\u00e9conomie de march\u00e9 pour allouer efficacement la myriade d\u2019efforts n\u00e9cessaires \u00e0 l\u2019atteinte de l\u2019objectif collectif au moindre co\u00fbt, tout en cr\u00e9ant un revenu fiscal permettant de r\u00e9duire les in\u00e9galit\u00e9s si le pouvoir politique le d\u00e9sire. Elle doit donc \u00eatre soutenue avec vigueur.<\/p>\n\n\n\n<p>La plupart des actions de d\u00e9carbonation \u00e9tant des investissements de long terme (\u00e9olien, solaire, nucl\u00e9aire, v\u00e9hicule \u00e9lectrique, isolation, etc.), les tergiversations politiques instaurent une incertitude et r\u00e9duisent les incitations \u00e0 investir. Des outils existent pour renforcer la cr\u00e9dibilit\u00e9 et la pr\u00e9visibilit\u00e9 des incitations&#160;: les contrats pour diff\u00e9rence (\u00ab&#160;<em>contract for difference<\/em>&#160;\u00bb), la fixation d\u2019un prix minimum du permis d\u2019\u00e9mission (<em>via<\/em> un prix de r\u00e9serve aux ench\u00e8res par exemple) ou la cr\u00e9ation d\u2019une banque centrale du carbone.<\/p>\n\n\n\n<p>En d\u00e9pit de son r\u00f4le premier, la tarification carbone ne suffit pas pour r\u00e9orienter les entreprises d\u2019innovations carbon\u00e9es vers de la recherche dans le secteur vert&nbsp;<span class='whitespace-nowrap'><span id='easy-footnote-50-295102' class='easy-footnote-margin-adjust'><\/span><span class='easy-footnote'><a href='https:\/\/legrandcontinent.eu\/fr\/2025\/08\/29\/nouveau-consensus-europeen-contretemps-francais\/#easy-footnote-bottom-50-295102' title='Christian Gollier, &lt;em&gt;Le\u00e7on inaugurale au Coll\u00e8ge de France&lt;\/em&gt;, 2021'><sup>50<\/sup><\/a><\/span><\/span>&#160;: une politique industrielle incitative constitue une indispensable politique compl\u00e9mentaire, en particulier pour impulser l\u2019innovation du secteur priv\u00e9. L\u00e0 aussi, une ARPA europ\u00e9enne, qui financerait des recherches \u00e0 haut risque et \u00e0 haut rendement de technologies vertes selon des crit\u00e8res scientifiques et \u00e9conomiques, permettrait d\u2019\u00e9viter les errements du politique, qui peut subventionner des entreprises ou des secteurs par facilit\u00e9, selon des informations lacunaires ou des suggestions de lobbies&nbsp;<span class='whitespace-nowrap'><span id='easy-footnote-51-295102' class='easy-footnote-margin-adjust'><\/span><span class='easy-footnote'><a href='https:\/\/legrandcontinent.eu\/fr\/2025\/08\/29\/nouveau-consensus-europeen-contretemps-francais\/#easy-footnote-bottom-51-295102' title='Olivier Blanchard,&amp;nbsp;Christian Gollier et Jean Tirole, \u00ab&amp;#160;&lt;a href=&quot;https:\/\/www.annualreviews.org\/content\/journals\/10.1146\/annurev-economics-051520-015113&quot; target=&quot;_blank&quot; rel=&quot;noreferrer noopener&quot;&gt;The Portfolio of Economic Policies Needed to Fight Climate Change&lt;\/a&gt;&amp;#160;\u00bb, &lt;em&gt;Annual Review of Economics&lt;\/em&gt;, 2023.'><sup>51<\/sup><\/a><\/span><\/span>.<\/p>\n\n\n\n<p>En parall\u00e8le, la sortie des \u00c9tats-Unis des Accords de Paris nous oblige \u00e0 construire des instruments r\u00e9tablissant une juste comp\u00e9tition internationale emp\u00eachant les pays moins disant de profiter industriellement de notre volontarisme climatique. Cela passe par une r\u00e9forme ambitieuse du MACF pour en \u00e9largir le champ sectoriel et corriger ses d\u00e9fauts, la cr\u00e9ation d\u2019un \u00ab&#160;<em>rebate<\/em>&#160;\u00bb \u00e0 l\u2019export pour ne pas p\u00e9naliser nos entreprises sur les march\u00e9s mondiaux, et la construction d\u2019une \u00ab&#160;Coalition des Volontaires&#160;\u00bb avec nos principaux partenaires \u00e9conomiques pour aboutir \u00e0 terme \u00e0 un march\u00e9 du carbone pertinent \u00e0 l\u2019\u00e9chelle internationale.<\/p>\n\n\n\n<p><\/p>\n\n\n\n<figure class=\"wp-block-table\"><table class=\"has-fixed-layout\"><tbody><tr><td class=\"has-text-align-center\" data-align=\"center\">Recommandation 18&#160;: Capitaliser sur nos atouts \u00e9nerg\u00e9tiques.<\/td><\/tr><\/tbody><\/table><\/figure>\n\n\n\n<p><\/p>\n\n\n\n<p>La France dispose d\u2019une \u00e9lectricit\u00e9 parmi les moins ch\u00e8res et les moins carbon\u00e9es d\u2019Europe gr\u00e2ce \u00e0 la fili\u00e8re nucl\u00e9aire, et d\u2019un potentiel de d\u00e9veloppement de toutes les \u00e9nergies renouvelables. Cet avantage comparatif doit devenir la pierre angulaire de notre strat\u00e9gie de r\u00e9industrialisation et de d\u00e9carbonation.&nbsp;<\/p>\n\n\n\n<p>Il faut favoriser activement l\u2019\u00e9lectrification, en particulier de l\u2019industrie, et la production de solutions de d\u00e9carbonation en Europe par des mesures de r\u00e9ciprocit\u00e9 et \u00e9ventuellement de contenu local, en utilisant cet atout pour attirer les industries d\u2019avenir (on peut penser par exemple, aux \u00ab&#160;<em>datacenters<\/em> bas-carbone&#160;\u00bb, au recyclage etc.), sans oublier de mobiliser les sources d\u2019\u00e9nergie d\u00e9carbon\u00e9e de proximit\u00e9 (chaleur renouvelable et de r\u00e9cup\u00e9ration, biogaz, biocarburants\u2026).<\/p>\n\n\n\n<p><\/p>\n\n\n\n<figure class=\"wp-block-table\"><table class=\"has-fixed-layout\"><tbody><tr><td class=\"has-text-align-center\" data-align=\"center\">Recommandation 19&#160;: Optimiser l\u2019action publique par l\u2019analyse co\u00fbt-b\u00e9n\u00e9fice.<\/td><\/tr><\/tbody><\/table><\/figure>\n\n\n\n<p><\/p>\n\n\n\n<p>L\u2019efficacit\u00e9 de chaque euro public d\u00e9pens\u00e9 doit devenir un crit\u00e8re de pilotage de l\u2019action publique. Il est fondamental de g\u00e9n\u00e9raliser l\u2019estimation du co\u00fbt par tonne de CO\u2082 \u00e9vit\u00e9e afin d\u2019arbitrer entre les diff\u00e9rents dispositifs, d\u2019effectuer des \u00e9tudes d\u2019impact pr\u00e9alables \u00e0 l\u2019adoption de nouvelles politiques, et d\u2019\u00e9viter les surtranspositions de r\u00e9glementations europ\u00e9ennes. Il y a l\u00e0 mati\u00e8re \u00e0 r\u00e9duire davantage d\u2019\u00e9missions pour le m\u00eame co\u00fbt, ou autant d\u2019\u00e9missions pour un co\u00fbt moindre.<\/p>\n\n\n\n<p>\u00c0 titre d\u2019exemple&#160;: certaines op\u00e9rations d\u2019isolation thermique des logements peuvent co\u00fbter plus de 350 \u20ac\/tCO2, alors que d\u2019autres actions, comme le remplacement d\u2019une chaudi\u00e8re au fioul par une pompe \u00e0 chaleur, peuvent \u00eatre beaucoup moins on\u00e9reuses, de l\u2019ordre de 50 \u20ac\/tCO2. De leur c\u00f4t\u00e9, la r\u00e9duction du thermostat en hiver, l\u2019usage des transports en commun ou du v\u00e9lo, ou la consommation de productions locales n\u2019ont pas fait l\u2019objet de telles \u00e9valuations&nbsp;<span class='whitespace-nowrap'><span id='easy-footnote-52-295102' class='easy-footnote-margin-adjust'><\/span><span class='easy-footnote'><a href='https:\/\/legrandcontinent.eu\/fr\/2025\/08\/29\/nouveau-consensus-europeen-contretemps-francais\/#easy-footnote-bottom-52-295102' title='Xavier Timbeau (dir.), \u00ab&amp;#160;&lt;a href=&quot;https:\/\/www.strategie-plan.gouv.fr\/files\/files\/Publications\/Rapport\/fs-2023-les_incidences_economiques_de_laction_pour_le_climati-thematique-dommages.pdf&quot; target=&quot;_blank&quot; rel=&quot;noreferrer noopener&quot;&gt;Les incidences \u00e9conomiques de l&amp;rsquo;action pour le climat&lt;\/a&gt;&amp;#160;\u00bb, Rapport th\u00e9matique, France Strat\u00e9gie, 2023.'><sup>52<\/sup><\/a><\/span><\/span>. Il existe ainsi un potentiel d\u2019optimisation \u00e0 mobiliser au sein de chaque secteur et entre les secteurs.&nbsp;<\/p>\n\n\n\n<p><\/p>\n\n\n\n<figure class=\"wp-block-table\"><table class=\"has-fixed-layout\"><tbody><tr><td class=\"has-text-align-center\" data-align=\"center\">Recommandation 20. Orienter davantage de financements vers l\u2019investissement productif vert en mobilisant l\u2019\u00e9pargne priv\u00e9e.&nbsp;<\/td><\/tr><\/tbody><\/table><\/figure>\n\n\n\n<p><\/p>\n\n\n\n<p>Avec pr\u00e8s de 3&nbsp;000 milliards d&rsquo;euros de placements en assurance-vie, en \u00e9pargne r\u00e9glement\u00e9e, et en actions, la France a les moyens de financer sa transition en mobilisant l\u2019\u00e9pargne priv\u00e9e. Cela requiert en premier lieu d\u2019am\u00e9liorer le ratio rendement\/risque des actifs verts (notamment par une tarification du carbone), qui est un crit\u00e8re d\u00e9terminant de l\u2019allocation de l\u2019\u00e9pargne, et ainsi de d\u00e9-risquer les projets, d\u2019assurer \u00e0 minima leur \u00e9quilibre \u00e9conomique et d\u2019identifier clairement les activit\u00e9s relevant de la transition.&nbsp;<\/p>\n\n\n\n<figure class=\"wp-block-pullquote\"><blockquote><p>Le rapport Draghi n\u2019a fait que r\u00e9v\u00e9ler avec force des constats dress\u00e9s depuis des d\u00e9cennies.<\/p><\/blockquote><\/figure>\n\n\n\n<p>Cela passe \u00e9galement par des outils comme des labels cr\u00e9dibles, l\u2019acc\u00e9l\u00e9ration des dispositifs de soutien et de garantie pour les investissements des entreprises (en particulier des PME\/ETI), et le soutien \u00e0 de nouveaux investisseurs institutionnels, fonds de pension collectifs ou fonds sur le mod\u00e8le de l\u2019initiative Tibi dont l\u2019action peut davantage s\u2019inscrire sur du long terme&nbsp;<span class='whitespace-nowrap'><span id='easy-footnote-53-295102' class='easy-footnote-margin-adjust'><\/span><span class='easy-footnote'><a href='https:\/\/legrandcontinent.eu\/fr\/2025\/08\/29\/nouveau-consensus-europeen-contretemps-francais\/#easy-footnote-bottom-53-295102' title='Christian Gollier, \u00ab&amp;#160;&lt;a href=&quot;https:\/\/www.cor-retraites.fr\/sites\/default\/files\/2019-06\/doc-4153.pdf&quot; target=&quot;_blank&quot; rel=&quot;noreferrer noopener&quot;&gt;\u00c9pargne de long terme&amp;#160;: le cas de l\u2019assurance-vie en France&lt;\/a&gt;&amp;#160;\u00bb, &lt;em&gt;Revue de la stabilit\u00e9 financi\u00e8re&lt;\/em&gt;, 2015, avril, n\u00b019, p. 139-147'><sup>53<\/sup><\/a><\/span><\/span>.<\/p>\n\n\n\n<p><strong>Impact&#160;:<\/strong> Avec 600 milliards d&rsquo;euros d\u2019\u00e9pargne (soit 10&#160;% du stock national) de plus investie dans du capital productif (soit une hausse de 4&#160;% du capital net), la hausse du PIB \u00e0 attendre serait d\u2019au moins 2 points, m\u00eame en tenant compte de la productivit\u00e9 marginale d\u00e9croissante du capital.&nbsp;<\/p>\n\n\n\n\n\n<figure class=\"wp-block-image wp-block-image-medium\"\n    data-shadow=\"false\"\n    data-use-original-file=\"false\">\n    <a\n        data-pswp-src=\"https:\/\/legrandcontinent.eu\/fr\/wp-content\/uploads\/sites\/2\/2025\/08\/Massinissa-Selmani-Maquette-N5.jpg\"\n        class=\"inline-block gallery-item no-underline \"\n        data-pswp-width=\"1000\"\n        data-pswp-height=\"1188\">\n                                        <picture>\r\n                    <source\r\n                srcset=\"https:\/\/legrandcontinent.eu\/fr\/wp-content\/uploads\/sites\/2\/2025\/08\/Massinissa-Selmani-Maquette-N5-330x392.jpg\"\r\n                media=\"(max-width:  374px)\" \/>\r\n                    <source\r\n                srcset=\"https:\/\/legrandcontinent.eu\/fr\/wp-content\/uploads\/sites\/2\/2025\/08\/Massinissa-Selmani-Maquette-N5-690x820.jpg\"\r\n                media=\"(max-width:  989px)\" \/>\r\n                    <source\r\n                srcset=\"https:\/\/legrandcontinent.eu\/fr\/wp-content\/uploads\/sites\/2\/2025\/08\/Massinissa-Selmani-Maquette-N5-990x1176.jpg\"\r\n                media=\"(max-width: 1319px)\" \/>\r\n                    <source\r\n                srcset=\"https:\/\/legrandcontinent.eu\/fr\/wp-content\/uploads\/sites\/2\/2025\/08\/Massinissa-Selmani-Maquette-N5-690x820.jpg\"\r\n                media=\"(max-width: 1599px)\" \/>\r\n                    <source\r\n                srcset=\"https:\/\/legrandcontinent.eu\/fr\/wp-content\/uploads\/sites\/2\/2025\/08\/Massinissa-Selmani-Maquette-N5-990x1176.jpg\"\r\n                media=\"(min-width: 1600px)\" \/>\r\n                <img decoding=\"async\" src=\"https:\/\/legrandcontinent.eu\/fr\/wp-content\/uploads\/sites\/2\/2025\/08\/Massinissa-Selmani-Maquette-N5-125x149.jpg\" \/>\r\n        <\/picture>\r\n                            \n                    <figcaption class=\"pswp-caption-content \">\u00ab&#160;&#160;La sortie des \u00c9tats-Unis des Accords de Paris nous oblige \u00e0 construire des instruments r\u00e9tablissant une juste comp\u00e9tition internationale emp\u00eachant les pays moins disant de profiter industriellement de notre volontarisme climatique.&#160;&#160;\u00bb Image&#160;&#160;: Massinissa Selmani, Serie Maquettes, 2015 &#8211; 2016. Courtesy de l&rsquo;artiste et Selma Feriani Gallery (Tunis \/ Londres). \u00a9 ADAGP Paris. <\/figcaption>\n            <\/a>\n<\/figure>\n\n\n<h2 class=\"wp-block-heading\">2 \u2014 Deuxi\u00e8me renversement&#160;: travailler davantage et \u00eatre davantage \u00e0 travailler<\/h2>\n\n\n\n<p>Le besoin de travail est un imp\u00e9ratif \u00e9conomique et social. Travailler davantage, et \u00eatre davantage \u00e0 travailler, permet \u00e0 la fois d\u2019\u00e9lever le PIB par habitant, d\u2019am\u00e9liorer les finances publiques, et de restituer du pouvoir d\u2019achat, dans une p\u00e9riode o\u00f9 les gains de productivit\u00e9 sont faibles.&nbsp;<\/p>\n\n\n\n<h3 class=\"wp-block-heading\">2.1 \u2014 Augmenter le taux d\u2019emploi et la dur\u00e9e du travail<\/h3>\n\n\n\n<div class=\"wp-block-lgc-keypoints key-block\"><div class=\"keys\"><h6 class=\"font-bold text-sm uppercase\">Constats et chiffres<\/h6>\n<ul class=\"wp-block-list\">\n<li><strong>Taux d\u2019emploi&#160;: <\/strong>la France a le 7<sup>e<\/sup> taux d\u2019emploi le plus faible des 27 \u00e9tats europ\u00e9ens &nbsp;<span class='whitespace-nowrap'><span id='easy-footnote-54-295102' class='easy-footnote-margin-adjust'><\/span><span class='easy-footnote'><a href='https:\/\/legrandcontinent.eu\/fr\/2025\/08\/29\/nouveau-consensus-europeen-contretemps-francais\/#easy-footnote-bottom-54-295102' title='&lt;a href=&quot;https:\/\/www.insee.fr\/fr\/statistiques\/2412084#tableau-figure1&quot;&gt;INSEE, 2025&lt;\/a&gt;'><sup>54<\/sup><\/a><\/span><\/span>, en raison d\u2019un \u00e9cart consid\u00e9rable parmi les 55-64 ans (60,4 contre 65,2&#160;% en moyenne) et plus faible parmi les 15-24 ans (34,6 contre 35&#160;%). A l\u2019inverse, la France a un taux d\u2019emploi sup\u00e9rieur pour les 25-54 ans (83 contre 82,5&#160;%).<\/li>\n\n<li><strong>Dit autrement&#160;: <\/strong>Si la France alignait son taux d\u2019emploi sur celui de l\u2019Allemagne, elle compterait 1,5 M d\u2019emplois suppl\u00e9mentaires, 3,2&#160;% de PIB en plus, et 20 milliards d&rsquo;euros pour le financement de la protection sociale &nbsp;<span class='whitespace-nowrap'><span id='easy-footnote-55-295102' class='easy-footnote-margin-adjust'><\/span><span class='easy-footnote'><a href='https:\/\/legrandcontinent.eu\/fr\/2025\/08\/29\/nouveau-consensus-europeen-contretemps-francais\/#easy-footnote-bottom-55-295102' title='&lt;a href=&quot;https:\/\/www.strategie-plan.gouv.fr\/files\/2025-01\/20240807_annexe_emploi_fr_all_vf.pdf&quot;&gt;DG Tr\u00e9sor, 2025&lt;\/a&gt;'><sup>55<\/sup><\/a><\/span><\/span><\/li>\n\n<li><strong>Part des retraites dans le PIB&#160;:<\/strong> 5&#160;% en 1960, 10&#160;% en 1990 et 14&#160;% en 2023, soit un quart des d\u00e9penses publiques.<\/li>\n\n<li><strong>Dur\u00e9e effective du travail <\/strong>&#160;: la troisi\u00e8me plus basse de l\u2019Union \u00e0 1673 heures pour les salari\u00e9s \u00e0 temps complet par an contre 1790 en moyenne europ\u00e9enne.<\/li>\n<\/ul>\n<\/div><\/div>\n\n\n\n<figure class=\"wp-block-table\"><table class=\"has-fixed-layout\"><tbody><tr><td class=\"has-text-align-center\" data-align=\"center\">Recommandation 21&#160;:&nbsp;Travailler jusqu\u2019\u00e0 64 ans et au-del\u00e0, avec l\u2019introduction d\u2019un \u00e2ge pivot variable.<\/td><\/tr><\/tbody><\/table><\/figure>\n\n\n\n<p><\/p>\n\n\n\n<p>L\u2019\u00e2ge effectif de d\u00e9part \u00e0 la retraite est de 62,4 ans en France, 1 an et demi de moins qu\u2019en zone euro.&nbsp;Les cons\u00e9quences sont multiples&#160;: d\u00e9ficit d\u2019heures travaill\u00e9es pour l\u2019\u00e9conomie, surcro\u00eet de d\u00e9penses publiques de 2,5 points de PIB \u00e0 celui relev\u00e9 en zone euro, surcro\u00eet de pr\u00e9l\u00e8vements sur les salaires pour financer celles-ci, etc. Il n\u2019est \u00e9conomiquement pas raisonnable de revenir sur la hausse de l\u2019\u00e2ge d\u2019ouverture des droits \u00e0 64&nbsp;ans, dont le co\u00fbt pour les finances publiques a \u00e9t\u00e9 chiffr\u00e9 \u00e0 13 milliards d&rsquo;euros en 2035 par la Cour des Comptes&nbsp;<span class='whitespace-nowrap'><span id='easy-footnote-56-295102' class='easy-footnote-margin-adjust'><\/span><span class='easy-footnote'><a href='https:\/\/legrandcontinent.eu\/fr\/2025\/08\/29\/nouveau-consensus-europeen-contretemps-francais\/#easy-footnote-bottom-56-295102' title='Cour des Comptes, \u00ab&amp;#160;&lt;a href=&quot;https:\/\/www.ccomptes.fr\/sites\/default\/files\/2025-03\/20250220-Situation-financiere-et-perspectives-du-systeme-de%20retraites.pdf&quot; target=&quot;_blank&quot; rel=&quot;noreferrer noopener&quot;&gt;Situation financi\u00e8re et perspectives du syst\u00e8me de retraites&lt;\/a&gt;&amp;#160;\u00bb, Communication au Premier ministre, f\u00e9vrier 2025.'><sup>56<\/sup><\/a><\/span><\/span>.<\/p>\n\n\n\n<p>Encourager un report de l\u2019\u00e2ge de liquidation des droits apr\u00e8s 64 ans au minimum doit plut\u00f4t devenir une priorit\u00e9. 65 ans fait en effet figure de moyenne pour l\u2019\u00e2ge l\u00e9gal de d\u00e9part \u00e0 la retraite dans l\u2019Union europ\u00e9enne&nbsp;<span class='whitespace-nowrap'><span id='easy-footnote-57-295102' class='easy-footnote-margin-adjust'><\/span><span class='easy-footnote'><a href='https:\/\/legrandcontinent.eu\/fr\/2025\/08\/29\/nouveau-consensus-europeen-contretemps-francais\/#easy-footnote-bottom-57-295102' title='Commission europ\u00e9enne, \u00ab&amp;#160;&lt;a href=&quot;https:\/\/economy-finance.ec.europa.eu\/document\/download\/971dd209-41c2-425d-94f8-e3c3c3459af9_en?filename=ip279_en.pdf&quot; target=&quot;_blank&quot; rel=&quot;noreferrer noopener&quot;&gt;2024 Ageing Report&lt;\/a&gt;&amp;#160;\u00bb, avril 2024.'><sup>57<\/sup><\/a><\/span><\/span>.<\/p>\n\n\n\n<p>Cela peut d\u2019abord passer par l\u2019introduction d\u2019un \u00e2ge-pivot variable, dans un premier temps fix\u00e9 \u00e0 64 ans, qui augmenterait graduellement en fonction de l\u2019esp\u00e9rance de vie et de l\u2019\u00e9quilibre financier du syst\u00e8me. Comme c&rsquo;est la r\u00e8gle chez la plupart de nos voisins, une personne qui accepterait une d\u00e9cote d\u2019\u00e2ge pourrait liquider sa pension par anticipation (sous r\u00e9serve que sa pension ne soit pas trop faible). Les d\u00e9cotes ont le d\u00e9faut de r\u00e9duire le rendement macro\u00e9conomique des mesures d\u2019\u00e2ge puisque le taux d\u2019emploi augmentera moins fortement&#160;; \u00e0 terme, l\u2019\u00e2ge l\u00e9gal et l&rsquo;\u00e2ge d\u2019un d\u00e9part anticip\u00e9 pourraient augmenter en parall\u00e8le. L\u2019application de ces d\u00e9cotes permettrait par ailleurs d\u2019acc\u00e9l\u00e9rer la hausse du taux d\u2019emploi permise par la r\u00e9forme actuelle.<\/p>\n\n\n\n<p>Cela passerait ensuite par une limitation du ch\u00f4mage comme pr\u00e9retraite. La d\u00e9gressivit\u00e9 des allocations apr\u00e8s six mois pourrait s\u2019appliquer aux seniors, aujourd\u2019hui exempt\u00e9s. Il faut \u00e9galement mettre fin au \u00ab&#160;maintien des droits&#160;\u00bb entre l\u2019\u00e2ge d\u2019ouverture des droits et l\u2019\u00e2ge de d\u00e9part \u00e0 taux plein qui n\u2019incite nullement \u00e0 la reprise d\u2019un emploi. Les indemnit\u00e9s de licenciement, d\u00e9fiscalisables jusqu\u2019\u00e0 deux ans de salaire, devraient aussi \u00eatre fiscalis\u00e9es, tant pour les seniors que pour les autres salari\u00e9s.<\/p>\n\n\n\n<p>Rendre moins g\u00e9n\u00e9reux le dispositif de retraite progressive, en \u00e9tendant n\u00e9anmoins sa dur\u00e9e, doit \u00e9galement \u00eatre envisag\u00e9. Un salari\u00e9 qui per\u00e7oit une partie de sa pension d\u00e8s 62 ans tout en travaillant \u00e0 temps partiel ne devrait pas b\u00e9n\u00e9ficier des m\u00eames droits qu\u2019un salari\u00e9 rest\u00e9 \u00e0 temps plein jusqu\u2019\u00e0 son d\u00e9part d\u00e9finitif. Sa pension finale pourrait \u00eatre ajust\u00e9e \u00e0 la baisse, sauf en cas de probl\u00e8me m\u00e9dical. En contrepartie, le dispositif pourrait \u00eatre \u00e9tendu d\u00e8s 60 ans si son co\u00fbt pour les finances publiques est neutralis\u00e9, avec la possibilit\u00e9 pour les branches ou les entreprises de le bonifier via des accords.&nbsp;<\/p>\n\n\n\n<p>Il faut enfin recentrer les dispositifs de carri\u00e8res longues, d\u2019usure et de d\u00e9parts anticip\u00e9s pour limiter les effets d\u2019aubaine. Cela suppose de mieux prendre en compte la dur\u00e9e r\u00e9ellement cotis\u00e9e, en \u00e9tendant le crit\u00e8re de 43 \u00e0 45 ans et en limitant les trimestres valid\u00e9s sans cotisations effectives, et de renforcer les d\u00e9parts pour inaptitude ou incapacit\u00e9 av\u00e9r\u00e9e. Un meilleur suivi m\u00e9dical \u00e0 partir de 50 ou 55 ans permettrait d\u2019anticiper les situations de fragilit\u00e9.<\/p>\n\n\n\n<p><strong>Impact&#160;:<\/strong> Par rapport aux pays europ\u00e9ens \u00e0 haut taux d\u2019emploi des s\u00e9niors, la France a un d\u00e9ficit de l\u2019ordre de 1,0-1,3 millions d\u2019emplois entre 60 et 64 ans, et de 0,4-0,7 millions entre 65 et 69 ans. Ce potentiel de hausse de 6&#160;% de l\u2019emploi total entrainerait une hausse du PIB de l\u2019ordre de 3&#160;% sur un horizon de 10-15 ans (sous l\u2019hypoth\u00e8se d\u2019une moindre productivit\u00e9 marginale des emplois maintenus). En parall\u00e8le, les finances publiques b\u00e9n\u00e9ficieraient des moindres d\u00e9penses de pensions.<\/p>\n\n\n\n<p><\/p>\n\n\n\n<figure class=\"wp-block-table\"><table class=\"has-fixed-layout\"><tbody><tr><td class=\"has-text-align-center\" data-align=\"center\">Recommandation 22&#160;: En parall\u00e8le de ces efforts demand\u00e9s aux actifs, r\u00e9duire d\u00e8s maintenant les besoins de financement du syst\u00e8me de retraites.<\/td><\/tr><\/tbody><\/table><\/figure>\n\n\n\n<p><\/p>\n\n\n\n<p>Si les prestations retraites \u00e9taient historiquement faibles et vers\u00e9es \u00e0 partir d\u2019un \u00e2ge \u00e9lev\u00e9 et proche de l\u2019esp\u00e9rance de vie d\u2019alors (65 ans), le syst\u00e8me a \u00e9t\u00e9 rendu plus g\u00e9n\u00e9reux au fil d\u2019une d\u00e9mographie plus favorable, jusqu\u2019\u00e0 la retraite \u00e0 60 ans en 1983. En d\u00e9pit du durcissement des r\u00e8gles \u00e0 partir de 1993, le poids des retraites dans le PIB a explos\u00e9, du fait de la d\u00e9mographie et d\u2019indexations automatiques. R\u00e9sultat&#160;: il n\u2019est plus possible d\u2019assurer \u00e0 la fois un \u00e2ge de d\u00e9part pr\u00e9coce et des pensions \u00e9lev\u00e9es.<\/p>\n\n\n\n<p>Ce choix de soci\u00e9t\u00e9 p\u00e8se sur le pouvoir d\u2019achat, le co\u00fbt du travail et la capacit\u00e9 \u00e0 financer d\u2019autres d\u00e9penses publiques et sociales, par effet d\u2019\u00e9viction de l\u2019imp\u00f4t. Ce choix est financ\u00e9 par l\u2019argent public&#160;: l\u2019effet des cotisations retraite sur le co\u00fbt du travail oblige \u00e0 de lourdes exon\u00e9rations sur les bas salaires, que l\u2019\u00c9tat rembourse aux caisses de retraite, et de nombreuses d\u00e9penses dites de solidarit\u00e9 sont prises en charge par les Fonds de solidarit\u00e9 vieillesse et les branches famille, ch\u00f4mage ou maladie. Enfin, le d\u00e9s\u00e9quilibre des r\u00e9gimes de retraite de la fonction publique est pris en charge par les employeurs sous forme de cotisations exorbitantes, d\u00e9corr\u00e9l\u00e9es des droits futurs des agents.&nbsp;<\/p>\n\n\n\n<p>R\u00e9duire les besoins de financement du syst\u00e8me de retraites pourrait permettre de baisser les cotisations support\u00e9es par les salari\u00e9s et leurs employeurs, ou bien de financer l\u2019amor\u00e7age d\u2019un fonds de capitalisation. Plusieurs leviers sont actionnables&#160;:<\/p>\n\n\n\n<ul class=\"wp-block-list\">\n<li>R\u00e9duire la g\u00e9n\u00e9rosit\u00e9 intrins\u00e8que du syst\u00e8me et aligner la fiscalit\u00e9 des retrait\u00e9s sur celle des actifs. Un premier levier serait de ne plus calculer la pension du r\u00e9gime g\u00e9n\u00e9ral sur les \u00ab&#160;25 meilleures ann\u00e9es&#160;\u00bb mais sur 30 ou 35, ce qui diminuerait le taux de remplacement. De m\u00eame le d\u00e9sormais tr\u00e8s connu abattement \u00e0 l\u2019IR sur les pensions de retraite pourrait \u00eatre supprim\u00e9, et le taux de CSG sur les pensions \u00eatre progressivement align\u00e9 sur celui des actifs, voire davantage, pour financer les d\u00e9penses de sant\u00e9 \u00e9lev\u00e9es des seniors.&nbsp;<\/li>\n\n\n\n<li>Revoir certains dispositifs de solidarit\u00e9 mal cibl\u00e9s. La DREES&nbsp;<span class='whitespace-nowrap'><span id='easy-footnote-58-295102' class='easy-footnote-margin-adjust'><\/span><span class='easy-footnote'><a href='https:\/\/legrandcontinent.eu\/fr\/2025\/08\/29\/nouveau-consensus-europeen-contretemps-francais\/#easy-footnote-bottom-58-295102' title='Martin Chopard, Romain Guirriec, Serge Herbillon-Leprince et Arthur Katossky, \u00ab&amp;#160;&lt;a href=&quot;https:\/\/drees.solidarites-sante.gouv.fr\/publications-communique-de-presse\/les-dossiers-de-la-drees\/250410_DD_dispositifs-de-solidarite-fin-2020&quot; target=&quot;_blank&quot; rel=&quot;noreferrer noopener&quot;&gt;Fin 2020, les dispositifs de solidarit\u00e9 repr\u00e9sentent 20&amp;#160;% des d\u00e9penses de retraite&lt;\/a&gt;&amp;#160;\u00bb, DREES, 10 avril 2025.'><sup>58<\/sup><\/a><\/span><\/span> chiffre ainsi \u00e0 20&nbsp;milliards d&rsquo;euros les d\u00e9penses de solidarit\u00e9 b\u00e9n\u00e9ficiant aux 25&#160;% de retrait\u00e9s les plus ais\u00e9s.&nbsp;<\/li>\n\n\n\n<li>R\u00e9former l\u2019indexation des pensions. Comme le rel\u00e8vent les organisations internationales, les indexations quasi-automatiques sont n\u00e9fastes \u00e0 la bonne gestion des finances publiques, en ce qu\u2019elles alourdissent automatiquement chaque ann\u00e9e les d\u00e9penses sans pouvoir assurer \u00e0 l\u2019avance qu\u2019elles seront finan\u00e7ables. Un gel des pensions pendant plusieurs ann\u00e9es permettrait ainsi un redressement des comptes en demandant un effort aux retrait\u00e9s actuels \u2014 qui n\u2019ont pas \u00e9t\u00e9 concern\u00e9s par la r\u00e9forme de 2023 \u2014 tandis qu\u2019une indexation minor\u00e9e stabiliserait les d\u00e9penses \u00e0 terme. Un comit\u00e9 d\u2019experts pourrait d\u00e9cider de la revalorisation des pensions en fonction de la situation courante et pr\u00e9vue des comptes (sans descendre au-dessous d\u2019un certain plancher, par exemple 85&nbsp;&#160;% du niveau de vie des actifs).<\/li>\n<\/ul>\n\n\n\n<p><strong>Impact&#160;:<\/strong> Le potentiel d\u2019\u00e9conomies\/hausses de pr\u00e9l\u00e8vements est de l\u2019ordre de 1 point de PIB au bout de 10 ans, avec un effet sur l\u2019activit\u00e9 r\u00e9cessif \u00e0 court terme, mais neutre voire positif \u00e0 moyen terme.<\/p>\n\n\n\n<p><\/p>\n\n\n\n<figure class=\"wp-block-table\"><table class=\"has-fixed-layout\"><tbody><tr><td class=\"has-text-align-center\" data-align=\"center\">Recommandation 23&#160;: Permettre \u00e0 chacun de se constituer un \u00ab&#160;patrimoine retraite&#160;\u00bb en \u00e9tendant la capitalisation.<\/td><\/tr><\/tbody><\/table><\/figure>\n\n\n\n<p><\/p>\n\n\n\n<p>Le mod\u00e8le par r\u00e9partition a l\u2019avantage b\u00e9n\u00e9ficier aux affili\u00e9s du r\u00e9gime de la croissance \u00e9conomique du pays, qui est d\u00e9termin\u00e9e par sa d\u00e9mographie et sa productivit\u00e9. Il a aussi eu l\u2019avantage historique de permettre le versement des prestations imm\u00e9diatement \u00e0 partir des cotisations collect\u00e9es, et de permettre aux Fran\u00e7ais de participer au capital des entreprises fran\u00e7aises. Son principal inconv\u00e9nient est qu\u2019il ne permet pas de diversifier le risque macro\u00e9conomique et d\u00e9mographique fran\u00e7ais, alors que son taux de rendement interne se d\u00e9grade fortement.<\/p>\n\n\n\n<p>Introduire une dose de capitalisation permettrait de faire b\u00e9n\u00e9ficier les salari\u00e9s d\u2019un surcro\u00eet de rendement, qui correspond essentiellement au diff\u00e9rentiel positif entre la croissance mondiale et la croissance fran\u00e7aise. Cette introduction peut se faire en suivant deux approches non exclusives l\u2019une de l\u2019autre&#160;:&nbsp;<\/p>\n\n\n\n<ul class=\"wp-block-list\">\n<li>\u00e9tendre les dispositifs permettant de constituer une retraite additionnelle par capitalisation&#160;: par exemple, d\u00e8s que l\u2019entreprise en a les moyens, en fl\u00e9chant 50&#160;% de l\u2019int\u00e9ressement et de la participation sur des plans de retraite collectifs ou l\u2019exon\u00e9ration d\u2019imp\u00f4t sur le revenu lors du d\u00e9part \u00e0 la retraite du PER individuel ou collectif si l\u2019exon\u00e9ration n\u2019a pas eu lieu \u00e0 l\u2019entr\u00e9e)&#160;;<\/li>\n\n\n\n<li>engager une substitution progressive d\u2019une part de la retraite par r\u00e9partition, par de la capitalisation&#160;: cela <em>via<\/em> un fonds de capitalisation, qui g\u00e9n\u00e9rerait des rendements du capital suffisants pour baisser les taux de cotisations en maintenant le niveau des pensions. Il n\u00e9cessiterait n\u00e9anmoins une phase d\u2019amor\u00e7age importante, qui pourrait \u00eatre financ\u00e9e par une r\u00e9duction de la d\u00e9pense de retraite actuelle \u00e9voqu\u00e9e dans la recommandation 22).<\/li>\n<\/ul>\n\n\n\n<p><strong>Impact&#160;:<\/strong> La constitution d\u2019\u00e9pargne retraite de capitalisation, plac\u00e9e dans des fonds b\u00e9n\u00e9ficiant de la performance de l\u2019\u00e9conomie mondiale, augmenterait le revenu national de l\u2019\u00e9cart de taux d\u2019int\u00e9r\u00eat nominal entre la France et le reste du monde, soit environ 3&nbsp;points de pourcentage. Ainsi un fonds de capitalisation calibr\u00e9 \u00e0 100 milliards d&rsquo;euros, \u00e9quivalent aux PER collect\u00e9s depuis 2018, apporterait 3 milliards d&rsquo;euros par an, soit 0,1&#160;% du PIB \u00e0 horizon de 10-15 ans. Les bienfaits de cette mesure ne seraient sensibles qu\u2019\u00e0 bien plus long terme.<\/p>\n\n\n\n<p><\/p>\n\n\n\n<figure class=\"wp-block-table\"><table class=\"has-fixed-layout\"><tbody><tr><td class=\"has-text-align-center\" data-align=\"center\">Recommandation 24&#160;: Recentrer l\u2019enseignement sup\u00e9rieur sur des parcours lisibles et favorables \u00e0 l\u2019insertion professionnelle, notamment en modulant les financements publics en fonction des d\u00e9bouch\u00e9s effectifs.<\/td><\/tr><\/tbody><\/table><\/figure>\n\n\n\n<p><\/p>\n\n\n\n<p>Le taux d\u2019emploi des jeunes (16-29 ans) est tr\u00e8s inf\u00e9rieur \u00e0 celui d\u2019autres pays comparables, avec un \u00e9cart de plus de 10 points avec l\u2019Allemagne ou le Royaume-Uni. Les \u00ab&#160;NEETs&#160;\u00bb est ainsi, pour la France, un sujet \u00e9thique, \u00e9conomique et social majeur.<\/p>\n\n\n\n<p>La premi\u00e8re solution passe par la refondation de la formation initiale (voir Recommandation 1). D\u2019autres, essentielles mais subs\u00e9quentes, rel\u00e8vent de la capacit\u00e9 des entreprises \u00e0 \u00eatre comp\u00e9titives et donc embaucher (voir Partie 1), du logement (voir Recommandation 27) \u2014 ainsi que de l\u2019apprentissage, la formation continue, etc.<\/p>\n\n\n\n<p>Le syst\u00e8me d\u2019enseignement sup\u00e9rieur, avec son grand nombre de formations mal orient\u00e9es, conduisant \u00e0 des parcours longs, peu coh\u00e9rents avec les besoins \u00e9conomiques et d\u00e9bouchant sur des insertions tardives ou d\u00e9cevantes, fragilise \u00e9galement leur entr\u00e9e sur le march\u00e9 du travail et alimente la frustration des \u00e9tudiants.<\/p>\n\n\n\n<figure class=\"wp-block-pullquote\"><blockquote><p>Apr\u00e8s les crises r\u00e9centes, les d\u00e9penses fran\u00e7aises, loin de se normaliser, continuent de cro\u00eetre plus vite que l\u2019activit\u00e9 et les revenus, m\u00eame hors int\u00e9r\u00eats de la dette.<\/p><\/blockquote><\/figure>\n\n\n\n<p>Il est d\u2019abord n\u00e9cessaire de valoriser les formations assurant un d\u00e9bouch\u00e9 professionnel, y compris celles plus courtes, y compris en instituant des passerelles entre formations g\u00e9n\u00e9rales et professionnelles comme en Suisse. Ainsi, les fonds publics aux formations ou aux structures devraient pouvoir \u00eatre modul\u00e9s et d\u00e9pendre du taux de r\u00e9ussite au dipl\u00f4me et d\u2019insertion professionnelle (mesur\u00e9e, par exemple, \u00e0 12 mois et sup\u00e9rieure \u00e0 50&#160;% sur les deux derni\u00e8res promotions hors poursuite et abandon).&nbsp;<\/p>\n\n\n\n<p>Dans un second temps, une refonte des formations pourrait \u00eatre engag\u00e9e, \u00e0 partir de la transparence totale des r\u00e9sultats (taux de r\u00e9ussite, taux d\u2019abandon, taux d\u2019insertion \u00e0 6 et 12 mois), des donn\u00e9es des branches sur l\u2019\u00e9volution des m\u00e9tiers, et un m\u00e9canisme de co-responsabilit\u00e9 entre les branches professionnelles et les certificateurs publics et priv\u00e9s pour d\u00e9cider de r\u00e9f\u00e9rentiels d\u2019activit\u00e9 et de comp\u00e9tences, d\u2019\u00e9valuation et de formation.<\/p>\n\n\n\n<p>L\u2019enseignement professionnel doit de son c\u00f4t\u00e9 \u00e9galement se rapprocher de l\u2019entreprise. Si des r\u00e9formes volontaristes ont fait passer le nombre d\u2019apprentis de 250\u2009000 \u00e0 800\u2009000 entre 2017 et 2025, les lyc\u00e9es professionnels en ont en effet \u00e9t\u00e9 largement exclus, en d\u00e9pit de leurs 650\u2009000 \u00e9l\u00e8ves et d\u2019un taux de d\u00e9crochage trois \u00e0 quatre fois sup\u00e9rieur \u00e0 celui de l\u2019enseignement g\u00e9n\u00e9ral pour un co\u00fbt de 20 milliards d&rsquo;euros. En parall\u00e8le d\u2019une mobilisation des pouvoirs publics \u00e0 la suite de la r\u00e9forme de 2023, les entreprises devraient \u00eatre encore davantage repr\u00e9sent\u00e9es dans les conseils d\u2019administration des lyc\u00e9es professionnels et dans la transition \u00ab&#160;formation-emploi&#160;\u00bb de la derni\u00e8re ann\u00e9e d\u2019\u00e9tudes.<\/p>\n\n\n\n<p><strong>Impact&#160;:<\/strong> L\u2019impact est en partie pris en compte dans les recommandations sur la formation et sur l\u2019innovation.<\/p>\n\n\n\n<p><\/p>\n\n\n\n<figure class=\"wp-block-table\"><table class=\"has-fixed-layout\"><tbody><tr><td class=\"has-text-align-center\" data-align=\"center\">Recommandation 25&#160;: Augmenter la dur\u00e9e du travail des personnes en emploi par un choc d\u2019heures suppl\u00e9mentaires et compl\u00e9mentaires.<\/td><\/tr><\/tbody><\/table><\/figure>\n\n\n\n<p><\/p>\n\n\n\n<p>La r\u00e9glementation relativement rigide du temps de travail en France et limite les marges de man\u0153uvre pour adapter les horaires aux besoins r\u00e9els de l\u2019activit\u00e9 et aux souhaits des salari\u00e9s. Si des accords collectifs ont introduit des souplesses, une partie des salari\u00e9s \u00e0 temps partiel ne peut travailler davantage, d\u2019autant que les dispositifs d\u2019exon\u00e9ration sur les heures suppl\u00e9mentaires n\u2019incitent pas les employeurs \u00e0 y recourir en raison des modalit\u00e9s de calcul.<\/p>\n\n\n\n<p>Dans ce contexte, plut\u00f4t qu\u2019une \u00e9volution de la dur\u00e9e l\u00e9gale du travail, c\u2019est la lev\u00e9e des freins existants qui doit permettre une augmentation effective du volume d\u2019heures travaill\u00e9es.&nbsp;<\/p>\n\n\n\n<p>Il conviendrait d\u2019abord de renforcer la capacit\u00e9 des entreprises \u00e0 adapter le temps de travail \u00e0 leurs besoins, en leur permettant par accord de d\u00e9finir leurs seuils de d\u00e9clenchement des heures suppl\u00e9mentaires, qu\u2019il s\u2019agisse du volume hebdomadaire (35 heures) ou annuel (1607 heures), ainsi que pour les forfaits en jours (218 jours). Il pourrait \u00eatre \u00e9galement pertinent d\u2019abroger le principe du contingent d\u2019heures suppl\u00e9mentaires qui impose de consulter le CSE et d\u2019accorder des repos compensateurs suppl\u00e9mentaires, d\u2019introduire pour les salari\u00e9s un \u00ab&#160;droit aux heures suppl\u00e9mentaires,&nbsp;qui ne serait pas opposable, mais obligerait l\u2019employeur \u00e0 motiver le refus (sur le mod\u00e8le du temps partiel) \u2014 mais aussi de transformer par accord des jours f\u00e9ri\u00e9s en temps travaill\u00e9 et r\u00e9mun\u00e9r\u00e9.<\/p>\n\n\n\n<p>D\u2019autres mesures techniques peuvent \u00eatre \u00e9galement appliqu\u00e9es, qu\u2019elles permettent de sortir les heures suppl\u00e9mentaires de l\u2019assiette de r\u00e9mun\u00e9ration servant au calcul du taux de cotisations employeur et de la prime d\u2019activit\u00e9 et encore de r\u00e9duire les effets de bord pour l\u2019employeur du passage de temps partiel \u00e0 temps plein.&nbsp;<\/p>\n\n\n\n<p><strong>Impact&#160;:<\/strong> Le potentiel de hausse d\u2019heures travaill\u00e9es par les personnes en emploi salari\u00e9 \u00e0 temps complet est de l\u2019ordre de 8&#160;%&nbsp;<span class='whitespace-nowrap'><span id='easy-footnote-59-295102' class='easy-footnote-margin-adjust'><\/span><span class='easy-footnote'><a href='https:\/\/legrandcontinent.eu\/fr\/2025\/08\/29\/nouveau-consensus-europeen-contretemps-francais\/#easy-footnote-bottom-59-295102' title='Olivier Redoul\u00e8s, \u00ab&amp;#160;&lt;a href=&quot;https:\/\/www.rexecode.fr\/media\/documents\/document-de-travail\/2024\/duree-effective-du-travail-en-france-et-en-europe-2023-et-la-quantite-de-travail-dans-l-economie-document-de-travail-n.92-dec.-2024&quot; target=&quot;_blank&quot; rel=&quot;noreferrer noopener&quot;&gt;La dur\u00e9e effective du travail en France et en Europe en 2023,&lt;br&gt;et la quantit\u00e9 de travail dans l\u2019\u00e9conomie&lt;\/a&gt;&amp;#160;\u00bb, Rexecode, 2024.'><sup>59<\/sup><\/a><\/span><\/span>. Sous l\u2019hypoth\u00e8se d\u2019une moindre productivit\u00e9 des heures suppl\u00e9mentaires, l\u2019impact positif \u00e0 attendre sur le PIB serait de 2,5&nbsp;points.<\/p>\n\n\n\n\n\n<figure class=\"wp-block-image wp-block-image-medium\"\n    data-shadow=\"false\"\n    data-use-original-file=\"false\">\n    <a\n        data-pswp-src=\"https:\/\/legrandcontinent.eu\/fr\/wp-content\/uploads\/sites\/2\/2025\/08\/Maquette-6-JPEG-Web.jpg\"\n        class=\"inline-block gallery-item no-underline \"\n        data-pswp-width=\"752\"\n        data-pswp-height=\"1021\">\n                                        <picture>\r\n                    <source\r\n                srcset=\"https:\/\/legrandcontinent.eu\/fr\/wp-content\/uploads\/sites\/2\/2025\/08\/Maquette-6-JPEG-Web-330x448.jpg\"\r\n                media=\"(max-width:  374px)\" \/>\r\n                    <source\r\n                srcset=\"https:\/\/legrandcontinent.eu\/fr\/wp-content\/uploads\/sites\/2\/2025\/08\/Maquette-6-JPEG-Web-690x937.jpg\"\r\n                media=\"(max-width:  989px)\" \/>\r\n                    <source\r\n                srcset=\"https:\/\/legrandcontinent.eu\/fr\/wp-content\/uploads\/sites\/2\/2025\/08\/Maquette-6-JPEG-Web.jpg\"\r\n                media=\"(max-width: 1319px)\" \/>\r\n                    <source\r\n                srcset=\"https:\/\/legrandcontinent.eu\/fr\/wp-content\/uploads\/sites\/2\/2025\/08\/Maquette-6-JPEG-Web-690x937.jpg\"\r\n                media=\"(max-width: 1599px)\" \/>\r\n                    <source\r\n                srcset=\"https:\/\/legrandcontinent.eu\/fr\/wp-content\/uploads\/sites\/2\/2025\/08\/Maquette-6-JPEG-Web.jpg\"\r\n                media=\"(min-width: 1600px)\" \/>\r\n                <img decoding=\"async\" src=\"https:\/\/legrandcontinent.eu\/fr\/wp-content\/uploads\/sites\/2\/2025\/08\/Maquette-6-JPEG-Web-125x170.jpg\" \/>\r\n        <\/picture>\r\n                            \n                    <figcaption class=\"pswp-caption-content \">\u00ab&#160;&#160;Parce que notre pays ne peut pas se tenir \u00e0 l\u2019\u00e9cart d\u2019un consensus europ\u00e9en favorable \u00e0 la r\u00e9allocation des ressources en faveur de l\u2019innovation et de la production et, in fine, \u00e0 l\u2019int\u00e9r\u00eat des Fran\u00e7ais, nous les pensons pr\u00eats \u00e0 suivre cette nouvelle politique \u00e9conomique.&#160;&#160;\u00bb Image&#160;&#160;: Massinissa Selmani, Serie Maquettes, 2015 &#8211; 2016. Courtesy de l&rsquo;artiste et Selma Feriani Gallery (Tunis \/ Londres). \u00a9 ADAGP Paris. <\/figcaption>\n            <\/a>\n<\/figure>\n\n\n<h3 class=\"wp-block-heading\">2.2 \u2014&nbsp;Revaloriser le travail<\/h3>\n\n\n\n<p>Les pr\u00e9l\u00e8vements sociaux et fiscaux obligatoires portant sur le salaire sont plus \u00e9lev\u00e9s en France que dans les pays comparables. Si une partie des pr\u00e9l\u00e8vements sur le travail apporte au salari\u00e9 des droits au ch\u00f4mage ou d\u2019assurance vieillesse, le restant (imp\u00f4t sur le revenu, CSG, cotisation maladie et cotisation famille) finance des prestations et services publics b\u00e9n\u00e9ficiant \u00e0 toute la population. Cet imp\u00f4t sur le travail est n\u00e9gatif au niveau du SMIC (du fait de l\u2019addition de la prime d\u2019activit\u00e9 et des all\u00e8gements de cotisation), fortement croissant jusqu\u2019\u00e0 1,6 SMIC, et atteint plusieurs dizaines de points de salaire brut au-del\u00e0 de 3,5 SMIC, un niveau plus \u00e9lev\u00e9 que dans les pays comparables. Cette distorsion induite par la courbe d\u00e9croissante des all\u00e9gements g\u00e9n\u00e9raux g\u00e9n\u00e8re une trappe \u00e0 bas salaires au niveau du SMIC.&nbsp;<\/p>\n\n\n\n<p>Cette imposition du travail a deux effets pervers&#160;: d\u2019une part, elle augmente le co\u00fbt du travail pour les entreprises, notamment celui du travail qualifi\u00e9, ce qui va \u00e0 rebours de l\u2019objectif de promotion de l\u2019innovation et de la mont\u00e9e en gamme des activit\u00e9s. D\u2019autre part, elle r\u00e9duit le gain mon\u00e9taire au travail pour les actifs, et le gain \u00e0 l\u2019acquisition de comp\u00e9tences.<\/p>\n\n\n\n<p><\/p>\n\n\n\n<figure class=\"wp-block-table\"><table class=\"has-fixed-layout\"><tbody><tr><td class=\"has-text-align-center\" data-align=\"center\">Recommandation 26&#160;: Basculer vers la TVA plusieurs points de pr\u00e9l\u00e8vements acquitt\u00e9s par les employeurs sur le travail.<\/td><\/tr><\/tbody><\/table><\/figure>\n\n\n\n<p><\/p>\n\n\n\n<p>\u00ab&#160;Basculer&#160;\u00bb certains pr\u00e9l\u00e8vements qui s\u2019appliquent au salaire vers d\u2019autres assiettes permettrait de d\u00e9gager de 30 \u00e0 50 milliards d&rsquo;euros en faveur des actifs. Cette baisse porterait pr\u00e9f\u00e9rablement sur les cotisations famille (35 milliards d&rsquo;euros) ou maladie (78&nbsp;milliards d&rsquo;euros), qui sont \u00e0 la fois progressives et acquitt\u00e9es par l\u2019employeur. L\u2019assiette fiscale qui pourrait se substituer au travail serait la consommation, \u00e0 travers la TVA,<strong> <\/strong>la France ayant l\u2019un des taux effectifs de TVA parmi les plus faibles d\u2019Europe (9,7&#160;% en 2019).&nbsp;<\/p>\n\n\n\n<p>La baisse des taux de cotisations pourrait \u00eatre uniforme sur toute l\u2019\u00e9chelle des salaires, ou porter davantage sur la tranche de salaires o\u00f9 les pr\u00e9l\u00e8vements sont davantage progressifs, entre 1 et 3,5 SMIC.&nbsp;<\/p>\n\n\n\n<p>La bascule cotisations-TVA devrait s\u2019accompagner d\u2019un cycle de n\u00e9gociations salariales obligatoires dans les branches et entreprises afin de r\u00e9partir la baisse de la fiscalit\u00e9 sur le travail entre employeur et salari\u00e9 en fonction de la situation \u00e9conomique des entreprises. Les employ\u00e9s verraient ainsi leur pouvoir d\u2019achat renforc\u00e9.<\/p>\n\n\n\n<p><strong>Impact&#160;:<\/strong> un point de PIB de TVA sociale (ou de CSG sociale) augmenterait le PIB de 0,5&#160;% et cr\u00e9erait 250 000 emplois au bout de 10 ans, avec toutefois un effet r\u00e9cessif \u00e0 court terme (DGTr\u00e9sor, mod\u00e8le M\u00e9sange).<\/p>\n\n\n\n<p><\/p>\n\n\n\n<figure class=\"wp-block-table\"><table class=\"has-fixed-layout\"><tbody><tr><td class=\"has-text-align-center\" data-align=\"center\">Recommandation principale 27&#160;:&nbsp;Revenir \u00e0 une moyenne de 500&nbsp;000 constructions de logements par an et encourager la location avec un \u00ab&#160;bail 100&#160;% flexible&#160;\u00bb.<\/td><\/tr><\/tbody><\/table><\/figure>\n\n\n\n<p><\/p>\n\n\n\n<p>Particuli\u00e8rement p\u00e9nalisante pour les salari\u00e9s, la crise du logement&nbsp;se r\u00e9sume en quelques chiffres&#160;: la France est pass\u00e9e de 496&nbsp;000 constructions autoris\u00e9es en 2017 \u00e0 295&nbsp;000 en 2023, pendant que la part du loyer dans le revenu repr\u00e9sente 4 fois ce qu\u2019il comptait en 1963&#160;; en parall\u00e8le, notre pays d\u00e9pense 40 milliards d&rsquo;euros pour le logement, soit 15 de plus que l\u2019Allemagne.&nbsp;<\/p>\n\n\n\n<p>D\u00e9verrouiller ce secteur est devenu une urgence \u00e9conomique et sociale. La recherche permet d\u2019esquisser deux pistes&#160;: certaines politiques publiques, centrales dans l\u2019organisation actuelle du syst\u00e8me, ont des effets contreproductifs \u2014 \u00e0 commencer par l\u2019encadrement des loyers, qui favorise la p\u00e9nurie et la d\u00e9t\u00e9rioration de la qualit\u00e9 des logements et la r\u00e9duction de la mobilit\u00e9&nbsp;<span class='whitespace-nowrap'><span id='easy-footnote-60-295102' class='easy-footnote-margin-adjust'><\/span><span class='easy-footnote'><a href='https:\/\/legrandcontinent.eu\/fr\/2025\/08\/29\/nouveau-consensus-europeen-contretemps-francais\/#easy-footnote-bottom-60-295102' title='Konstantin A.&amp;nbsp;Kholodilin, \u00ab&amp;#160;&lt;a href=&quot;https:\/\/www.sciencedirect.com\/science\/article\/pii\/S1051137724000020?via%3Dihub&quot;&gt;Rent control effects through the lens of empirical research&amp;#160;: An almost complete review of the literature&lt;\/a&gt;&amp;#160;\u00bb, &lt;em&gt;Journal of Housing Economics&lt;\/em&gt;, vol. 63, mars 2024.'><sup>60<\/sup><\/a><\/span><\/span>, et les aides aux logements, qui b\u00e9n\u00e9ficient pour l\u2019essentiel aux propri\u00e9taires&nbsp;<span class='whitespace-nowrap'><span id='easy-footnote-61-295102' class='easy-footnote-margin-adjust'><\/span><span class='easy-footnote'><a href='https:\/\/legrandcontinent.eu\/fr\/2025\/08\/29\/nouveau-consensus-europeen-contretemps-francais\/#easy-footnote-bottom-61-295102' title='\u00ab&amp;#160;&lt;a href=&quot;https:\/\/www.ipp.eu\/wp-content\/uploads\/2015\/06\/reformer-aides-logement-IPP-juin2015.pdf&quot; target=&quot;_blank&quot; rel=&quot;noreferrer noopener&quot;&gt;R\u00e9former les aides personnelles&lt;br&gt;au logement&lt;\/a&gt;&amp;#160;\u00bb, Rapport IPP n\u00b010, juin 2015.'><sup>61<\/sup><\/a><\/span><\/span>&#160;; en miroir, construire davantage, m\u00eame des logements destin\u00e9s aux d\u00e9ciles sup\u00e9rieurs, permet de baisser les loyers, y compris des moins ais\u00e9s&nbsp;<span class='whitespace-nowrap'><span id='easy-footnote-62-295102' class='easy-footnote-margin-adjust'><\/span><span class='easy-footnote'><a href='https:\/\/legrandcontinent.eu\/fr\/2025\/08\/29\/nouveau-consensus-europeen-contretemps-francais\/#easy-footnote-bottom-62-295102' title='Andreas Mense, \u00ab&amp;#160;&lt;a href=&quot;https:\/\/www.journals.uchicago.edu\/doi\/10.1086\/733977&quot; target=&quot;_blank&quot; rel=&quot;noreferrer noopener&quot;&gt;The Impact of New Housing Supply on the Distribution of Rents&lt;\/a&gt;&amp;#160;\u00bb, &lt;em&gt;Journal of Political Economy&lt;\/em&gt;, vol. 3, n. 1, mars 2025.'><sup>62<\/sup><\/a><\/span><\/span>.<\/p>\n\n\n\n<p>En partant de ces constats, plusieurs pistes peuvent \u00eatre envisag\u00e9es en faveur de la construction&#160;: dans un premier temps, des incitations fiscales ou financi\u00e8res pour les communes engag\u00e9es dans un objectif de densification, voire la modulation d\u2019une partie de la dotation globale de fonctionnement en fonction des permis de construire d\u00e9livr\u00e9s, ainsi que la d\u00e9livrance automatique des permis de construire sous trois mois dans les zones tendues. Il semble aussi indispensable de r\u00e9\u00e9valuer l\u2019impact des normes adopt\u00e9es depuis dix ans. Inspir\u00e9e et prolongeant les politiques de provinces canadiennes, la cr\u00e9ation d&rsquo;un \u00ab&#160;bail 100&#160;% flexible&#160;\u00bb permettrait aux bailleurs et locataires de choisir librement la dur\u00e9e et les modalit\u00e9s de sortie, afin d\u2019ajuster offre et demande. L\u2019achat par les locataires de leur logement social doit \u00eatre encourag\u00e9, y compris en modulant une partie des subventions aux bailleurs selon le taux de vente et une partie du loyer en fonction des revenus. Enfin, une fois le march\u00e9 d\u00e9verrouill\u00e9, limiter et fusionner les aides au logement dans une allocation sociale unifi\u00e9e (logement, famille, minima) sera \u00e0 la fois plus lisible et plus juste.&nbsp;<\/p>\n\n\n\n<p><strong>Impact&#160;:<\/strong> Le chiffrage est difficile, non pas tant pour les gains directs pour la fili\u00e8re que pour les gains indirects (meilleure allocation des emplois et des comp\u00e9tences, recettes fiscales aff\u00e9rentes, consommation moins contrainte, r\u00e9duction du sentiment de d\u00e9classement, etc.). \u00c0 partir de chiffres de la FFB, le MEDEF&nbsp;<span class='whitespace-nowrap'><span id='easy-footnote-63-295102' class='easy-footnote-margin-adjust'><\/span><span class='easy-footnote'><a href='https:\/\/legrandcontinent.eu\/fr\/2025\/08\/29\/nouveau-consensus-europeen-contretemps-francais\/#easy-footnote-bottom-63-295102' title='MEDEF, &lt;em&gt;&lt;a href=&quot;https:\/\/www.medef.com\/content\/livre-blanc-pour-le-logement&quot;&gt;Livre blanc pour le logement&lt;\/a&gt;&lt;\/em&gt;, 25 mars 2015.'><sup>63<\/sup><\/a><\/span><\/span> \u00e9valuait \u00e0 1 point de PIB le gain li\u00e9 \u00e0 la construction de 500 000 logements et la r\u00e9novation de 500 000 autres.<\/p>\n\n\n\n<p><\/p>\n\n\n\n<figure class=\"wp-block-table\"><table class=\"has-fixed-layout\"><tbody><tr><td class=\"has-text-align-center\" data-align=\"center\">Recommandation 28&#160;: Favoriser la d\u00e9tention d\u2019actions par les salari\u00e9s.<\/td><\/tr><\/tbody><\/table><\/figure>\n\n\n\n<p><\/p>\n\n\n\n<p>Le pouvoir d\u2019achat demeure une source d\u2019un vif sentiment d\u2019insatisfaction, en d\u00e9pit d\u2019un partage de la valeur ajout\u00e9e plus \u00e9quilibr\u00e9 en France que dans les autres pays. C\u2019est pourquoi il convient d\u2019encourager la d\u00e9tention d\u2019actions sur la dur\u00e9e, permettant aux classes moyennes de tirer parti de la croissance mondiale. En parall\u00e8le, les entreprises et l\u2019innovation fran\u00e7aises b\u00e9n\u00e9ficient de financements sous-optimaux&#160;: la moiti\u00e9 des sommes vers\u00e9es au titre du partage de la valeur font l\u2019objet d\u2019un d\u00e9blocage imm\u00e9diat, l\u2019autre moiti\u00e9 \u00e9tant essentiellement plac\u00e9e dans des comptes trop liquides pour b\u00e9n\u00e9ficier d\u2019un rendement actionnarial.&nbsp;<\/p>\n\n\n\n<p>Afin de renforcer la d\u00e9tention d\u2019actions par les salari\u00e9s, plusieurs leviers peuvent \u00eatre activ\u00e9s&#160;: fl\u00e9cher au moins 50&#160;% de l\u2019int\u00e9ressement et de la participation vers de l\u2019\u00e9pargne longue (bloqu\u00e9e au moins 8 ans, contre 5 ans aujourd\u2019hui), inciter les entreprises via leurs PEE et PERCO, \u00e0 allouer par d\u00e9faut au moins 50&#160;% des versements en actions.<\/p>\n\n\n\n<p><strong>Impact&#160;:<\/strong> un impact macro\u00e9conomique positif appara\u00eetrait dans la dur\u00e9e, du fait du changement de gouvernance et de l\u2019am\u00e9lioration de la productivit\u00e9.<\/p>\n\n\n\n\n\n<figure class=\"wp-block-image wp-block-image-medium\"\n    data-shadow=\"false\"\n    data-use-original-file=\"false\">\n    <a\n        data-pswp-src=\"https:\/\/legrandcontinent.eu\/fr\/wp-content\/uploads\/sites\/2\/2025\/08\/Massinissa-Selmani-Maquette-7.jpg\"\n        class=\"inline-block gallery-item no-underline \"\n        data-pswp-width=\"1000\"\n        data-pswp-height=\"1351\">\n                                        <picture>\r\n                    <source\r\n                srcset=\"https:\/\/legrandcontinent.eu\/fr\/wp-content\/uploads\/sites\/2\/2025\/08\/Massinissa-Selmani-Maquette-7-330x446.jpg\"\r\n                media=\"(max-width:  374px)\" \/>\r\n                    <source\r\n                srcset=\"https:\/\/legrandcontinent.eu\/fr\/wp-content\/uploads\/sites\/2\/2025\/08\/Massinissa-Selmani-Maquette-7-690x932.jpg\"\r\n                media=\"(max-width:  989px)\" \/>\r\n                    <source\r\n                srcset=\"https:\/\/legrandcontinent.eu\/fr\/wp-content\/uploads\/sites\/2\/2025\/08\/Massinissa-Selmani-Maquette-7-990x1337.jpg\"\r\n                media=\"(max-width: 1319px)\" \/>\r\n                    <source\r\n                srcset=\"https:\/\/legrandcontinent.eu\/fr\/wp-content\/uploads\/sites\/2\/2025\/08\/Massinissa-Selmani-Maquette-7-690x932.jpg\"\r\n                media=\"(max-width: 1599px)\" \/>\r\n                    <source\r\n                srcset=\"https:\/\/legrandcontinent.eu\/fr\/wp-content\/uploads\/sites\/2\/2025\/08\/Massinissa-Selmani-Maquette-7-990x1337.jpg\"\r\n                media=\"(min-width: 1600px)\" \/>\r\n                <img decoding=\"async\" src=\"https:\/\/legrandcontinent.eu\/fr\/wp-content\/uploads\/sites\/2\/2025\/08\/Massinissa-Selmani-Maquette-7-125x169.jpg\" \/>\r\n        <\/picture>\r\n                            \n                    <figcaption class=\"pswp-caption-content \">\u00ab&#160;&#160;Il est \u00e9galement possible d\u2019ouvrir un droit d\u2019exp\u00e9rimentation, en laissant aux territoires la possibilit\u00e9 d\u2019adapter leur fonctionnement collectif aux contextes locaux.&#160;&#160;\u00bb Image&#160;&#160;: Massinissa Selmani, Serie Maquettes, 2015 &#8211; 2016. Courtesy de l&rsquo;artiste et Selma Feriani Gallery (Tunis \/ Londres). \u00a9 ADAGP Paris. <\/figcaption>\n            <\/a>\n<\/figure>\n\n\n<h2 class=\"wp-block-heading\">3 \u2014&nbsp;Troisi\u00e8me renversement&#160;: mettre la puissance publique au service de l&rsquo;\u00e9conomie<\/h2>\n\n\n\n<h3 class=\"wp-block-heading\">3.1 \u2014&nbsp;Aligner l\u2019efficacit\u00e9 de la puissance publique sur la moyenne europ\u00e9enne<\/h3>\n\n\n\n<div class=\"wp-block-lgc-keypoints key-block\"><div class=\"keys\"><h6 class=\"font-bold text-sm uppercase\">Constats et chiffres<\/h6>\n<ul class=\"wp-block-list\">\n<li><strong>D\u00e9ficits&#160;:<\/strong> la France est le seul pays d\u2019Europe \u00e0&nbsp;ne pas avoir r\u00e9ussi \u00e0 diminuer une seule fois ses d\u00e9penses publiques&nbsp;de mani\u00e8re structurelle (de 2 \u00e0 3 points de PIB sur cinq ans)&nbsp;<span class='whitespace-nowrap'><span id='easy-footnote-64-295102' class='easy-footnote-margin-adjust'><\/span><span class='easy-footnote'><a href='https:\/\/legrandcontinent.eu\/fr\/2025\/08\/29\/nouveau-consensus-europeen-contretemps-francais\/#easy-footnote-bottom-64-295102' title='&lt;a href=&quot;https:\/\/www.strategie-plan.gouv.fr\/files\/files\/Publications\/Rapport\/na67_depenses_publiques_23052018.pdf&quot;&gt;France Strat\u00e9gie, 2018&lt;\/a&gt; \u2014 et calculs des auteurs'><sup>64<\/sup><\/a><\/span><\/span>.<\/li>\n<\/ul>\n<\/div><\/div>\n\n\n\n<p>Il ne peut \u00eatre question ici de s\u2019engager dans le d\u00e9bat id\u00e9ologique \u00ab&#160;plus d\u2019\u00c9tat \/ moins d\u2019\u00c9tat&#160;\u00bb. Il ne peut pas \u00eatre non plus question de rentrer dans le d\u00e9tail des 80 missions de l\u2019\u00c9tat telles que cat\u00e9goris\u00e9es par Eurostat.&nbsp;<\/p>\n\n\n\n<p>Notre parti pris ici est simple&#160;: en posant \u00e0 plat les chiffres, comparer la structure de d\u00e9penses publiques de la France avec la moyenne de l\u2019Union europ\u00e9enne et isoler les \u00e9carts les plus importants.<\/p>\n\n\n\n<div class=\"iframe-container wp-block-image wp-block-image-medium  iframe-dw\">\n\t<div>\n\t\t<iframe class=\"absolute w-full h-full pin-t pin-l\" title=\"titolo\" aria-label=\"Interactive line chart\" src=\"\/\/datawrapper.dwcdn.net\/RxOn3\" scrolling=\"no\" frameborder=\"0\"><\/iframe>\n\t<\/div>\n<\/div>\n\n\n\n<p>L\u2019\u00e9cart entre la France et la moyenne europ\u00e9enne est particuli\u00e8rement important&#160;:<\/p>\n\n\n\n<ul class=\"wp-block-list\">\n<li>Positivement, pour les fonctions retraites, sant\u00e9 et ch\u00f4mage (les \u00ab&#160;&nbsp;affaires \u00e9conomiques&nbsp;&#160;\u00bb int\u00e9grant des politiques tr\u00e8s disparates). Toutes choses \u00e9gales par ailleurs, les r\u00e9formes et efforts budg\u00e9taires doivent y \u00eatre concentr\u00e9s en priorit\u00e9. Cela justifie en particulier nos propositions relatives aux retraites (recommandations 21 \u00e0 23), au logement (27), et \u00e0 la sant\u00e9 (32).<\/li>\n\n\n\n<li>N\u00e9gativement, pour les fonctions transports et la recherche. Toutes choses \u00e9gales par ailleurs, des investissements suppl\u00e9mentaires doivent y \u00eatre engag\u00e9s en priorit\u00e9. Cela justifie en particulier nos propositions relatives au \u00ab&#160;choc TIMSS&#160;\u00bb (recommandation 1), \u00e0 la recherche (8 \u00e0 13) et \u00e0 la d\u00e9carbonation (17).<\/li>\n<\/ul>\n\n\n\n<p>En parall\u00e8le, il est possible de comparer \u00e0 grands traits les structures administratives fran\u00e7aises \u00e0 celles de nos voisins, \u00e0 commencer par la part de l\u2019emploi public.<\/p>\n\n\n\n<div class=\"iframe-container wp-block-image wp-block-image-medium  iframe-dw\">\n\t<div>\n\t\t<iframe class=\"absolute w-full h-full pin-t pin-l\" title=\"titolo\" aria-label=\"Interactive line chart\" src=\"\/\/datawrapper.dwcdn.net\/2zgVk\" scrolling=\"no\" frameborder=\"0\"><\/iframe>\n\t<\/div>\n<\/div>\n\n\n\n<p>Si ces donn\u00e9es doivent \u00eatre prises avec prudence, au regard de l\u2019h\u00e9t\u00e9rog\u00e9n\u00e9it\u00e9 des syst\u00e8mes, elles constituent n\u00e9anmoins une approche pertinente pour comparer les pays europ\u00e9ens. Cet \u00e9cart fran\u00e7ais s\u2019applique \u00e9galement en haut de la pyramide administrative et politique.<\/p>\n\n\n\n<div class=\"iframe-container wp-block-image wp-block-image-medium  iframe-dw\">\n\t<div>\n\t\t<iframe class=\"absolute w-full h-full pin-t pin-l\" title=\"titolo\" aria-label=\"Interactive line chart\" src=\"\/\/datawrapper.dwcdn.net\/A59c0\/\" scrolling=\"no\" frameborder=\"0\"><\/iframe>\n\t<\/div>\n<\/div>\n\n\n\n<p>Enfin, la France est \u00e0 la fois le pays qui compte le plus de communes en Europe (34&nbsp;956 en 2022, soit 37&#160;% du total), le 3<sup>e<\/sup> plus grand nombre de d\u00e9partements ou \u00e9quivalent apr\u00e8s l\u2019Allemagne et l\u2019Italie (101, contre 401 et 115), et le 2<sup>e<\/sup> plus grand nombre de r\u00e9gions apr\u00e8s l\u2019Allemagne (14 contre 16). Rapport\u00e9 au nombre d\u2019habitants, notre pays a le nombre de collectivit\u00e9s le plus \u00e9lev\u00e9 apr\u00e8s la Slovaquie, la Tch\u00e9quie, la Gr\u00e8ce et Chypre. Ce grand nombre de parties prenantes rend l\u2019action peu lisible et peu efficiente.<\/p>\n\n\n\n<div class=\"iframe-container wp-block-image wp-block-image-medium  iframe-dw\">\n\t<div>\n\t\t<iframe class=\"absolute w-full h-full pin-t pin-l\" title=\"titolo\" aria-label=\"Interactive line chart\" src=\"\/\/datawrapper.dwcdn.net\/9UwS6\" scrolling=\"no\" frameborder=\"0\"><\/iframe>\n\t<\/div>\n<\/div>\n\n\n\n<p>Ces \u00e9carts avec les moyennes europ\u00e9ennes pourraient se justifier si elles conduisaient, parall\u00e8lement \u00e0 de r\u00e9sultats \u00e9conomiques meilleurs, \u00e0 une qualit\u00e9 de service nettement sup\u00e9rieure \u00e0 celle de nos voisins. Cependant, les Fran\u00e7ais font partie des Europ\u00e9ens les moins satisfaits de leurs services publics&nbsp;<span class='whitespace-nowrap'><span id='easy-footnote-65-295102' class='easy-footnote-margin-adjust'><\/span><span class='easy-footnote'><a href='https:\/\/legrandcontinent.eu\/fr\/2025\/08\/29\/nouveau-consensus-europeen-contretemps-francais\/#easy-footnote-bottom-65-295102' title='&lt;a href=&quot;https:\/\/europa.eu\/eurobarometer\/surveys\/detail\/3216&quot; target=&quot;_blank&quot; rel=&quot;noreferrer noopener&quot;&gt;Eurobarom\u00e8tre, printemps 2024&lt;\/a&gt;.'><sup>65<\/sup><\/a><\/span><\/span>.<\/p>\n\n\n\n<p><\/p>\n\n\n\n<figure class=\"wp-block-table\"><table class=\"has-fixed-layout\"><tbody><tr><td class=\"has-text-align-center\" data-align=\"center\">Recommandation principale 29&#160;: Aligner la structure des d\u00e9penses publiques, et les nombres d\u2019agents publics, de fonctions gouvernementales, et de collectivit\u00e9s sur les moyennes europ\u00e9ennes.&nbsp;<\/td><\/tr><\/tbody><\/table><\/figure>\n\n\n\n<p><\/p>\n\n\n\n<p>En th\u00e9orie et pour se ranger dans les moyennes europ\u00e9ennes, cela sugg\u00e8re de viser&#160;:&nbsp;<\/p>\n\n\n\n<ul class=\"wp-block-list\">\n<li>une r\u00e9duction des d\u00e9penses publiques de 8 points de PIB (partie 3.2.)&#160;;<\/li>\n\n\n\n<li>une r\u00e9allocation des d\u00e9penses publiques des retraites, du logement et de la sant\u00e9 vers la recherche, les transports et l\u2019enseignement&#160;;&nbsp;<\/li>\n\n\n\n<li>une r\u00e9duction du nombre d\u2019agents publics d\u2019environ 1,5 million&#160;;<\/li>\n\n\n\n<li>une r\u00e9duction du nombre de ministres de 12&#160;;<\/li>\n\n\n\n<li>une r\u00e9duction du nombre des collectivit\u00e9s de 20&nbsp;385 (essentiellement des communes)&#160;;<\/li>\n\n\n\n<li>une hausse de la satisfaction des usagers de 7 points, mesur\u00e9e dans l\u2019Eurobarom\u00e8tre.<\/li>\n<\/ul>\n\n\n\n<p>Les recommandations suivantes peuvent contribuer \u00e0 ce r\u00e9alignement de la France sur les moyennes europ\u00e9ennes.<\/p>\n\n\n\n<p><strong>Impact&#160;:<\/strong> Les recommandations 29 et 30 procureraient des gains d&rsquo;efficience permettant de maintenir la production de services publics inchang\u00e9e, en diminuant de 10&#160;% les effectifs des agents. 600 000 emplois seraient ainsi susceptibles d\u2019\u00eatre cr\u00e9\u00e9s ailleurs&#160;: m\u00eame en supposant une moindre productivit\u00e9 pour ces emplois, cela repr\u00e9senterait un potentiel de hausse de l\u2019activit\u00e9 d\u2019au moins 1&nbsp;point de PIB. Du c\u00f4t\u00e9 des finances publiques, un tel effort conduirait \u00e0 une \u00e9conomie de 10&#160;% de la masse salariale, soit 25&nbsp;milliards d&rsquo;euros ou 0,9 point de PIB (hors pensions publiques).<\/p>\n\n\n\n<p><\/p>\n\n\n\n<figure class=\"wp-block-table\"><table class=\"has-fixed-layout\"><tbody><tr><td class=\"has-text-align-center\" data-align=\"center\">Recommandation 30&#160;: Concentrer la garantie d\u2019emploi \u00e0 vie sur les missions r\u00e9galiennes.&nbsp;<\/td><\/tr><\/tbody><\/table><\/figure>\n\n\n\n<p><\/p>\n\n\n\n<p>Le statut g\u00e9n\u00e9ral de la fonction publique demeure ferm\u00e9 et relativement uniforme, malgr\u00e9 la loi de transformation de 2019. En d\u00e9pit de ces \u00e9volutions, le poids des agents contractuels dans la fonction publique fran\u00e7aise (22&#160;%) reste tr\u00e8s en de\u00e7\u00e0 du taux allemand (60&#160;% en 2020), italien (85&#160;%) ou espagnol (47&#160;%).&nbsp;<\/p>\n\n\n\n<p>Sans casser ce statut, une solution pourrait \u00eatre de le modulariser&#160;: comme en Su\u00e8de dans les ann\u00e9es 1970, en Suisse dans les ann\u00e9es 1990, au Portugal \u00e0 partir de 2006, concentrer la garantie d\u2019emploi \u00e0 vie sur les missions r\u00e9galiennes ou sensibles, et introduire ailleurs davantage de flexibilit\u00e9 par l\u2019embauche en CDD ou en CDI de droit priv\u00e9. Ce qui permet, en retour, des r\u00e9mun\u00e9rations et une progression en coh\u00e9rence avec la performance \u00e9valu\u00e9e, et de remplacer la logique de corps par celle du m\u00e9tier.<\/p>\n\n\n\n<p>Le mod\u00e8le espagnol peut \u00e9galement servir d\u2019inspiration&#160;: la loi de finances publiques y fixe annuellement et pour l\u2019ensemble des administrations le taux de remplacement des contrats d\u2019emploi public arriv\u00e9s \u00e0 \u00e9ch\u00e9ance et le seuil maximal de cr\u00e9ations d\u2019emplois publics&nbsp;<span class='whitespace-nowrap'><span id='easy-footnote-66-295102' class='easy-footnote-margin-adjust'><\/span><span class='easy-footnote'><a href='https:\/\/legrandcontinent.eu\/fr\/2025\/08\/29\/nouveau-consensus-europeen-contretemps-francais\/#easy-footnote-bottom-66-295102' title='Cour des Comptes, \u00ab&amp;#160;&lt;a href=&quot;https:\/\/www.ccomptes.fr\/sites\/default\/files\/2017-06\/20170629-RSPFP.pdf&quot; target=&quot;_blank&quot; rel=&quot;noreferrer noopener&quot;&gt;La situation et les perspectives des finances publiques&lt;\/a&gt;&amp;#160;\u00bb, juin 2017.'><sup>66<\/sup><\/a><\/span><\/span>. De cette mani\u00e8re, 50&#160;% des nouveaux recrutements d\u2019ici 2030 pourraient \u00eatre effectu\u00e9s en contrat ou sous nouveau statut, contre environ 20&#160;% aujourd\u2019hui.<\/p>\n\n\n\n<p><\/p>\n\n\n\n<figure class=\"wp-block-table\"><table class=\"has-fixed-layout\"><tbody><tr><td class=\"has-text-align-center\" data-align=\"center\">Recommandation 31&#160;: R\u00e9unir des collectivit\u00e9s territoriales et leurs responsabilit\u00e9s.<\/td><\/tr><\/tbody><\/table><\/figure>\n\n\n\n<p><\/p>\n\n\n\n<p>Sans revenir sur les m\u00e9rites et les limites des nombreux rapports et travaux traitant de l\u2019organisation territoriale publique, citons parmi les propositions les plus r\u00e9centes et par degr\u00e9 de radicalit\u00e9&#160;: la clarification des comp\u00e9tences (rapports Woerth), la suppression des d\u00e9partements urbains au profit des m\u00e9tropoles&nbsp;<span class='whitespace-nowrap'><span id='easy-footnote-67-295102' class='easy-footnote-margin-adjust'><\/span><span class='easy-footnote'><a href='https:\/\/legrandcontinent.eu\/fr\/2025\/08\/29\/nouveau-consensus-europeen-contretemps-francais\/#easy-footnote-bottom-67-295102' title='Jean Viard, \u00ab&amp;#160;&lt;a href=&quot;https:\/\/www.jean-jaures.org\/publication\/pour-une-politique-disruptive-du-territoire-vers-un-nouveau-pacte-territorial-national\/?utm_source=chatgpt.com&quot; target=&quot;_blank&quot; rel=&quot;noreferrer noopener&quot;&gt;Pour une politique disruptive du territoire&amp;#160;: vers un nouveau pacte territorial national&lt;\/a&gt;&amp;#160;\u00bb, Fondation Jean Jaur\u00e8s, 16 mai 2018.'><sup>67<\/sup><\/a><\/span><\/span>, la fusion des r\u00e9gions et des d\u00e9partements&nbsp;<span class='whitespace-nowrap'><span id='easy-footnote-68-295102' class='easy-footnote-margin-adjust'><\/span><span class='easy-footnote'><a href='https:\/\/legrandcontinent.eu\/fr\/2025\/08\/29\/nouveau-consensus-europeen-contretemps-francais\/#easy-footnote-bottom-68-295102' title='Assembl\u00e9e nationale, &lt;a href=&quot;https:\/\/www.assemblee-nationale.fr\/dyn\/15\/rapports\/cion_lois\/l15b4987_rapport-information&quot; target=&quot;_blank&quot; rel=&quot;noreferrer noopener&quot;&gt;Rapport d&amp;rsquo;information n\u00b04987 d\u00e9pos\u00e9 le 2 f\u00e9vrier 2022&lt;\/a&gt;.'><sup>68<\/sup><\/a><\/span><\/span>, ou la cr\u00e9ation de 900 \u00ab&#160;bassins de vie&#160;\u00bb \u00e0 la place de 46 000 structures locales&nbsp;<span class='whitespace-nowrap'><span id='easy-footnote-69-295102' class='easy-footnote-margin-adjust'><\/span><span class='easy-footnote'><a href='https:\/\/legrandcontinent.eu\/fr\/2025\/08\/29\/nouveau-consensus-europeen-contretemps-francais\/#easy-footnote-bottom-69-295102' title='Jean Coldefy et Jacques L\u00e9vy, \u00ab&amp;#160;&lt;a href=&quot;https:\/\/institut-terram.org\/wp-content\/uploads\/2024\/04\/IT_00001_COLDEFY_2024-04-11_w.pdf&quot;&gt;R\u00e9forme territoriale&amp;#160;: pour une d\u00e9mocratie locale \u00e0 l\u2019\u00e9chelle des bassins de vie&lt;\/a&gt;&amp;#160;\u00bb, Institut Terram, avril 2024.'><sup>69<\/sup><\/a><\/span><\/span>.&nbsp;<\/p>\n\n\n\n<figure class=\"wp-block-pullquote\"><blockquote><p>L\u2019Europe change. La France, ses gouvernants comme les \u00e9lecteurs, n\u2019ont pas choisi cette voie.<\/p><\/blockquote><\/figure>\n\n\n\n<p>De mani\u00e8re moins radicale, il est \u00e9galement possible d\u2019ouvrir un droit d\u2019exp\u00e9rimentation, en laissant aux territoires la possibilit\u00e9 d\u2019adapter leur fonctionnement collectif aux contextes locaux \u2014 et de nommer par exemple des chefs de file institutionnels charg\u00e9s de piloter l\u2019action publique sur tel ou tel projet.&nbsp;<\/p>\n\n\n\n<p><strong>Impact&#160;:<\/strong> Le rapport Ravignon&nbsp;<span class='whitespace-nowrap'><span id='easy-footnote-70-295102' class='easy-footnote-margin-adjust'><\/span><span class='easy-footnote'><a href='https:\/\/legrandcontinent.eu\/fr\/2025\/08\/29\/nouveau-consensus-europeen-contretemps-francais\/#easy-footnote-bottom-70-295102' title='Boris Ravignon et \u00c9mile Blaison (dir.), &lt;em&gt;Co\u00fbts des normes et de l&amp;rsquo;enchev\u00eatrement des comp\u00e9tences entre l&amp;rsquo;\u00c9tat et les collectivit\u00e9s&amp;#160;: \u00e9valuation, constats et propositions&lt;\/em&gt;, 29 mai 2024.'><sup>70<\/sup><\/a><\/span><\/span> chiffre \u00e0 7,5 milliards d&rsquo;euros le co\u00fbt de l\u2019enchev\u00eatrement des comp\u00e9tences. Une am\u00e9lioration d\u2019au moins 20&#160;% semble raisonnable, ce qui permettrait d\u2019\u00e9conomiser 1,5 milliard d&rsquo;euros pour les finances publiques \u2014 et davantage encore si des vraies r\u00e9allocations \u00e9taient faites, comme le retour au nombre d\u2019agents des collectivit\u00e9s territoriales au niveau des ann\u00e9es 2010, soit 100 000 agents de moins pour 4,1 milliards d&rsquo;euros par an&nbsp;<span class='whitespace-nowrap'><span id='easy-footnote-71-295102' class='easy-footnote-margin-adjust'><\/span><span class='easy-footnote'><a href='https:\/\/legrandcontinent.eu\/fr\/2025\/08\/29\/nouveau-consensus-europeen-contretemps-francais\/#easy-footnote-bottom-71-295102' title='Cour des Comptes, &lt;em&gt;Les finances publiques locales 2024&lt;\/em&gt;, \u00ab&amp;#160;&lt;a href=&quot;https:\/\/www.ccomptes.fr\/fr\/publications\/les-finances-publiques-locales-2024-fascicule-2&quot; target=&quot;_blank&quot; rel=&quot;noreferrer noopener&quot;&gt;Fascicule 2&lt;\/a&gt;&amp;#160;\u00bb, 2 octobre 2024.'><sup>71<\/sup><\/a><\/span><\/span>. L\u2019effet sur l\u2019activit\u00e9 \u00e9conomique recoupe de son c\u00f4t\u00e9 celui donn\u00e9 \u00e0 la recommandation 6.<\/p>\n\n\n\n<p><\/p>\n\n\n\n<figure class=\"wp-block-table\"><table class=\"has-fixed-layout\"><tbody><tr><td class=\"has-text-align-center\" data-align=\"center\">Recommandation 32&#160;: Piloter le syst\u00e8me de sant\u00e9 (aussi) par des chiffres.<\/td><\/tr><\/tbody><\/table><\/figure>\n\n\n\n<p><\/p>\n\n\n\n<p>La part que la France consacre \u00e0 la sant\u00e9 se place au troisi\u00e8me rang des pays de l\u2019OCDE. En parall\u00e8le, le reste \u00e0 charge des m\u00e9nages y est le plus faible des m\u00eames pays. Le vieillissement d\u00e9mographique devrait encore peser sur ce syst\u00e8me&#160;: en 2030, 1 prise en charge sur 3 devrait \u00eatre consacr\u00e9e aux a\u00een\u00e9s, avec des co\u00fbts aff\u00e9rents en forte hausse.&nbsp;<\/p>\n\n\n\n<p>Si tout l\u2019organisation de la sant\u00e9 en France ne peut \u00eatre couverte ici, quelques pistes sont \u00e0 consid\u00e9rer&#160;:&nbsp;<\/p>\n\n\n\n<ul class=\"wp-block-list\">\n<li>Ajuster les politiques publiques aux statistiques m\u00e9dicales&#160;: les bases de donn\u00e9es concernant les hospitalisations et les remboursements de l\u2019Assurance Maladie, \u00e0 l\u2019h\u00f4pital comme en ville, sont d\u00e9sormais accessibles. Elles doivent ainsi permettre d\u2019appliquer finement une partie des quelques 20&nbsp;milliards d&rsquo;euros de recommandations de la Cour des Comptes&nbsp;<span class='whitespace-nowrap'><span id='easy-footnote-72-295102' class='easy-footnote-margin-adjust'><\/span><span class='easy-footnote'><a href='https:\/\/legrandcontinent.eu\/fr\/2025\/08\/29\/nouveau-consensus-europeen-contretemps-francais\/#easy-footnote-bottom-72-295102' title='Cour des Comptes, &lt;em&gt;&lt;a href=&quot;https:\/\/www.ccomptes.fr\/sites\/default\/files\/2025-04\/20250414-Lobjectif-national-de-depenses-dassurance-maladie-Ondam.pdf&quot; target=&quot;_blank&quot; rel=&quot;noreferrer noopener&quot;&gt;L&amp;rsquo;objectif national de d\u00e9penses d&amp;rsquo;assurance maladie (ONDAM). Ma\u00eetriser sa progression en veillant \u00e0 la qualit\u00e9 des soins&lt;\/a&gt;&lt;\/em&gt;, Note de synth\u00e8se, avril 2025.'><sup>72<\/sup><\/a><\/span><\/span>, sur la lutte contre les fraudes, la g\u00e9n\u00e9ralisation des m\u00e9dicaments g\u00e9n\u00e9riques, la r\u00e9duction du transport sanitaire, la prise en charge des dialyses, etc. mais aussi d\u2019identifier les cas o\u00f9 le reste \u00e0 charge pourrait s\u2019approcher de la moyenne europ\u00e9enne (de 9,2 \u00e0 14,2&nbsp;&#160;%) par un syst\u00e8me de franchise.&nbsp;<\/li>\n\n\n\n<li>Appliquer \u00ab&#160;l\u2019indice d\u2019efficacit\u00e9 de la d\u00e9pense publique&#160;\u00bb&#160;: chaque euro allou\u00e9 doit l\u2019\u00eatre selon son meilleur impact. Plusieurs politiques peuvent \u00eatre appliqu\u00e9es \u00e0 cette fin&#160;: le paiement \u00e0 la capitation (au forfait plut\u00f4t qu\u2019\u00e0 l\u2019acte) propos\u00e9 aux g\u00e9n\u00e9ralistes baisserait les prescriptions de 30&nbsp;&#160;%, soit 15&nbsp;milliards d&rsquo;euros&#160;; la ma\u00eetrise de l\u2019organisation interne rendue aux h\u00f4pitaux, et la suppression d\u2019une partie des 300 structures \u00e0 l\u2019activit\u00e9 trop faible et donc plus risqu\u00e9e, permettrait \u00e9galement de red\u00e9ployer 10&nbsp;milliards d&rsquo;euros.<\/li>\n<\/ul>\n\n\n\n<p><strong>Impact&#160;:<\/strong> si les effets attendus d\u2019un tel changement de gouvernance seraient une baisse des d\u00e9penses publiques (\u00e0 qualit\u00e9 de soin inchang\u00e9e) et une am\u00e9lioration des services publics de sant\u00e9 (avec un effet sur la productivit\u00e9), aucun chiffrage pr\u00e9cis ne peut \u00eatre donn\u00e9 en raison du grand nombre de param\u00e8tres.<\/p>\n\n\n\n<h3 class=\"wp-block-heading\">3.2 \u2014 Se donner de nouvelles marges de man\u0153uvre<\/h3>\n\n\n\n<div class=\"wp-block-lgc-keypoints key-block\"><div class=\"keys\"><h6 class=\"font-bold text-sm uppercase\">Constats et chiffres<\/h6>\n<ul class=\"wp-block-list\">\n<li><strong>Dette&#160;:&nbsp;<\/strong>1994&nbsp;&#160;: 14e pays le moins endett\u00e9 sur les 15 de l\u2019Union europ\u00e9enne&#160;; 2004&nbsp;&#160;: 5<sup>e<\/sup> pays le plus endett\u00e9 sur 15&#160;; 2024&nbsp;&#160;: 3<sup>e<\/sup> pays le plus endett\u00e9 sur 27.<\/li>\n\n<li><strong>D\u00e9penses publiques&nbsp;&#160;: <\/strong>57&#160;% du PIB en 2024, 8 points de plus que pour la moyenne des pays de l\u2019Union, 8,5 de plus que dans la zone euro.<\/li>\n\n<li><strong>Seuil de d\u00e9ficit public en de\u00e7\u00e0 duquel le ratio d\u2019endettement cesse d\u2019augmenter&#160;: <\/strong>2,5&#160;% (en prenant une croissance de 1&nbsp;&#160;%, une inflation de 1,5&nbsp;&#160;%, et une dette initiale de 113&#160;% du PIB).<\/li>\n<\/ul>\n<\/div><\/div>\n\n\n\n<p>Apr\u00e8s les crises r\u00e9centes, les d\u00e9penses fran\u00e7aises, loin de se normaliser, continuent de cro\u00eetre plus vite que l\u2019activit\u00e9 et les revenus, m\u00eame hors int\u00e9r\u00eats de la dette. Une partie importante des d\u00e9penses est en effet rigide, gag\u00e9e par des engagements pluriannuels, des m\u00e9canismes d\u2019indexation, ou des facteurs d\u00e9mographiques. Par contraste, les revenus fiscaux s\u2019\u00e9rodent avec les indexations des bar\u00e8mes sur l\u2019inflation et le jeu des niches fiscales, conduisant tendanciellement \u00e0 un creusement du d\u00e9ficit. Et les bonnes surprises sur les recettes, bien que temporaires, ont t\u00f4t fait d\u2019\u00eatre consomm\u00e9es par des hausses p\u00e9rennes de d\u00e9pense.<\/p>\n\n\n\n<p>La France n\u2019est ainsi jamais parvenue, au contraire de pays comparables, \u00e0 stabiliser ses d\u00e9penses. Ce \u00ab&#160;mal fran\u00e7ais&#160;\u00bb n\u2019est pas seulement un enjeu budg\u00e9taire ou de risque financier&#160;: si les Pays-Bas visent une croissance 2 fois plus \u00e9lev\u00e9e que la France en 2025, le Portugal 3 fois plus, la Gr\u00e8ce 4 fois et le Danemark 6 fois, c\u2019est <em>aussi<\/em> qu\u2019ils ont baiss\u00e9 leurs d\u00e9penses publiques de 5 \u00e0 10 points en 15 ans.<\/p>\n\n\n\n<p><\/p>\n\n\n\n<figure class=\"wp-block-table\"><table class=\"has-fixed-layout\"><tbody><tr><td class=\"has-text-align-center\" data-align=\"center\">Recommandation principale 33&#160;: Inscrire un plafond chiffr\u00e9 des d\u00e9penses de l\u2019ensemble des administrations publiques dans la loi de programmation des finances publiques et le rendre contraignant.<\/td><\/tr><\/tbody><\/table><\/figure>\n\n\n\n<p><\/p>\n\n\n\n<p>Inscrire un plafond chiffr\u00e9 des d\u00e9penses publiques dans la loi de programmation des finances publiques, et non plus seulement des limites partielles sur des agr\u00e9gats restreints (PDE, ONDAM), obligerait les pouvoirs publics \u00e0 planifier conjointement leurs politiques dans le respect d\u2019une enveloppe pr\u00e9d\u00e9finie \u2014 par exemple, un certain pourcentage en dessous de la croissance potentielle. Ce cadre serait consolid\u00e9 par une r\u00e8gle organique imposant une correction automatique en cas de d\u00e9passement.&nbsp;<\/p>\n\n\n\n<p>De nombreux pays ont adopt\u00e9 des r\u00e8gles de d\u00e9pense de ce type (la Su\u00e8de et son plafond de d\u00e9pense, la Suisse et son frein \u00e0 l\u2019endettement). De cette fa\u00e7on, il peut \u00eatre esp\u00e9r\u00e9 une croissance annuelle des d\u00e9penses publiques primaires inf\u00e9rieure \u00e0 celle de la croissance nominale du PIB.&nbsp;<\/p>\n\n\n\n<p>La loi de programmation des d\u00e9penses pourrait avoir une port\u00e9e plus imp\u00e9rative, quand le Parlement peut encore voter aujourd\u2019hui des budgets annuels non conformes aux trajectoires pluriannuelles&#160;: ainsi tout projet de loi de finances devrait justifier sa conformit\u00e9 aux plafonds fix\u00e9s, et le Haut Conseil des finances publiques disposerait d\u2019un pouvoir d\u2019alerte en cas d\u2019\u00e9cart. En ex\u00e9cution, des cr\u00e9dits seraient mis en r\u00e9serve en d\u00e9but d\u2019ann\u00e9e afin de garantir le respect du plafond en fin d\u2019exercice, avec possibilit\u00e9 d\u2019annulation en cas de menace de d\u00e9passement.&nbsp;<\/p>\n\n\n\n<p><strong>Impact&#160;:<\/strong> Une consolidation budg\u00e9taire de 1&nbsp;point de PIB am\u00e9liore le taux d\u2019int\u00e9r\u00eat souverain d\u2019environ 20 points de base selon le FMI \u2014 ce qui a pour cons\u00e9quence de faire diminuer la charge d\u2019int\u00e9r\u00eat et d&rsquo;am\u00e9liorer les conditions de financement du secteur priv\u00e9. Mais le gain des recommandations 33 et 34 est surtout de restaurer la cr\u00e9dibilit\u00e9 budg\u00e9taire et de r\u00e9duire le risque de crise&#160;: compte tenu de l\u2019exp\u00e9rience de la crise de la zone euro, les taux d\u2019int\u00e9r\u00eat fran\u00e7ais pourraient en effet augmenter d\u2019environ 200 points de base, rendant la dette insoutenable.&nbsp;<\/p>\n\n\n\n<p><\/p>\n\n\n\n<figure class=\"wp-block-table\"><table class=\"has-fixed-layout\"><tbody><tr><td class=\"has-text-align-center\" data-align=\"center\">Recommandation 34&#160;: R\u00e9\u00e9quilibrer sans d\u00e9lai et de mani\u00e8re p\u00e9renne les comptes de l\u2019\u00c9tat, des r\u00e9gimes sociaux et des collectivit\u00e9s territoriales.<\/td><\/tr><\/tbody><\/table><\/figure>\n\n\n\n<p><\/p>\n\n\n\n<p>Cet \u00e9quilibre ne pourra \u00eatre atteint que par un effort collectif port\u00e9 comme une priorit\u00e9 politique, doubl\u00e9 d\u2019engagements publics contraignants. Par exemple&#160;: de la part du Gouvernement, ne plus acter de d\u00e9pense nouvelle sans en supprimer d\u2019anciennes&#160;; du Parlement&#160;: consacrer deux fois plus de temps dans le calendrier parlementaire \u00e0 l\u2019analyse des r\u00e9sultats qu\u2019au vote du budget).<\/p>\n\n\n\n<p>Concernant l\u2019effort budg\u00e9taire, compl\u00e9mentaire des r\u00e9formes de structure pr\u00e9sent\u00e9es dans ce document, et sans les reprendre n\u00e9cessairement \u00e0 notre compte, plusieurs propositions de rapports r\u00e9cents permettent d\u2019identifier plus de 50 milliards d&rsquo;euros d\u2019\u00e9conomie (Tableau 1) \u2014 soit 1,7 point de PIB permettant de se rapprocher de mani\u00e8re cr\u00e9dible et p\u00e9renne de la cible de 3&#160;% de d\u00e9ficit.<\/p>\n\n\n\n<div class=\"iframe-container wp-block-image wp-block-image-medium  iframe-dw\">\n\t<div>\n\t\t<iframe class=\"absolute w-full h-full pin-t pin-l\" title=\"titolo\" aria-label=\"Interactive line chart\" src=\"\/\/datawrapper.dwcdn.net\/A6zOU\" scrolling=\"no\" frameborder=\"0\"><\/iframe>\n\t<\/div>\n<\/div>\n\n\n\n<p>Dans cette perspective de r\u00e9duction des d\u00e9penses, il est indispensable d\u2019associer les agents. Plusieurs solutions sont envisageables&#160;:<strong> <\/strong>un objectif d\u2019\u00e9conomies par minist\u00e8re et administration et une prime d\u2019int\u00e9ressement vers\u00e9e aux agents quand l\u2019objectif est tenu&#160;; l\u2019int\u00e9gration de crit\u00e8res d\u2019efficience et de r\u00e9sultats atteints dans l\u2019\u00e9valuation annuelle des agents et une part de la r\u00e9mun\u00e9ration variable des managers, sous condition de maintenir la qualit\u00e9 du service.<\/p>\n\n\n\n<p><\/p>\n\n\n\n<figure class=\"wp-block-table\"><table class=\"has-fixed-layout\"><tbody><tr><td class=\"has-text-align-center\" data-align=\"center\">Recommandation 35&#160;: \u00c9valuer d\u2019ici 2030 au moins 80&#160;% des normes et appliquer une clause d\u2019extinction \u00e0 chaque nouveau texte adopt\u00e9.&nbsp;<\/td><\/tr><\/tbody><\/table><\/figure>\n\n\n\n<p><\/p>\n\n\n\n<p>\u00c0 l\u2019inverse du Canada, o\u00f9 les minist\u00e8res et organismes f\u00e9d\u00e9raux doivent \u00e9valuer la totalit\u00e9 de leurs d\u00e9penses de programmes selon un cycle quinquennal, ou du Royaume-Uni, o\u00f9 des <em>Comprehensive Spending Reviews<\/em> sont men\u00e9es tous les 3 \u00e0 5 ans pour d\u00e9terminer les priorit\u00e9s de la d\u00e9pense publique, la France se distingue par une \u00e9valuation des politiques publiques \u00ab&#160;insuffisante&#160;\u00bb (Cour des Comptes, 2022).&nbsp;<\/p>\n\n\n\n<p>Notre pays gagnerait \u00e0 se doter d\u2019une structure d\u2019\u00e9valuation disposant d\u2019\u00e9quipes d\u00e9di\u00e9es \u00e0 l\u2019examen de la performance des programmes publics, sur le mod\u00e8le du National Audit Office britannique ou du Conseil du Tr\u00e9sor du Canada. Une telle instance pourrait \u00eatre plac\u00e9e sous l\u2019autorit\u00e9 du Premier ministre, du Parlement, ou \u00eatre ind\u00e9pendante avec l\u2019appui de la Cour des comptes et des inspections g\u00e9n\u00e9rales. En parall\u00e8le, une r\u00e9forme du R\u00e8glement de l\u2019Assembl\u00e9e nationale pourrait \u00e9galement utilement obliger \u00e0 joindre des clauses d\u2019extinction ou de r\u00e9examen (\u00ab&#160;<em>sunset clause<\/em>&#160;\u00bb) pour les dispositifs cr\u00e9\u00e9s ou prolong\u00e9s&#160;: en l\u2019absence d\u2019\u00e9valuation positive apr\u00e8s une p\u00e9riode donn\u00e9e, la norme est automatiquement abandonn\u00e9e et le financement aff\u00e9rent red\u00e9ploy\u00e9. Au moins 80&#160;% des politiques seraient ainsi r\u00e9\u00e9valu\u00e9es d\u2019ici 2030.<\/p>\n\n\n\n<p><strong>Impact&#160;:<\/strong> Le gain de croissance recoupe \u00e0 terme la recommandation 6.<\/p>\n\n\n\n<p class=\"has-text-align-center\">*<\/p>\n\n\n\n<p>L\u2019Europe change. Des dizaines de pays europ\u00e9ens, de <a href=\"https:\/\/legrandcontinent.eu\/fr\/2025\/07\/24\/comment-sort-on-dune-crise-budgetaire-les-lecons-de-la-suede-et-du-canada\/\">la Su\u00e8de dans les ann\u00e9es 1990<\/a> au Portugal dans les ann\u00e9es 2010, en passant par l\u2019Allemagne au d\u00e9but du si\u00e8cle et au Danemark de mani\u00e8re r\u00e9p\u00e9t\u00e9e, ont tous profond\u00e9ment transform\u00e9 leurs mod\u00e8les \u00e9conomiques et sociaux pour les rendre plus efficaces. Se faisant, ils se sont donn\u00e9 les moyens, sans le pr\u00e9voir, de faire face au mur d\u2019investissements qui se dresse devant l\u2019Europe.&nbsp;<\/p>\n\n\n\n<p>La France, ses gouvernants comme les \u00e9lecteurs, n\u2019ont pas choisi cette voie. Mais parce que chacun y a int\u00e9r\u00eat, et parce que notre pays ne peut pas se tenir \u00e0 l\u2019\u00e9cart d\u2019un consensus europ\u00e9en favorable \u00e0 la r\u00e9allocation des ressources en faveur de l\u2019innovation et de la production et, <em>in fine<\/em>, \u00e0 l\u2019int\u00e9r\u00eat des Fran\u00e7ais, nous les pensons pr\u00eats \u00e0 suivre cette nouvelle politique \u00e9conomique. Ces quelques propositions contribuent ainsi, modestement, \u00e0 mettre un terme \u00e0 ce contretemps fran\u00e7ais.&nbsp;<\/p>\n\n\n\n<p class=\"has-text-align-right\"><em>\u00ab&#160;Tout est pr\u00eat. Les pires conditions mat\u00e9rielles sont excellentes.&#160;\u00bb<\/em><br>Andr\u00e9 Breton<\/p>\n","protected":false},"excerpt":{"rendered":"<p>Apr\u00e8s plusieurs mois de travail, une centaine d&rsquo;experts, d\u2019universitaires et de dirigeants d\u2019entreprise proposent une pi\u00e8ce de doctrine pour provoquer un sursaut.<\/p>\n<p>Les 35 recommandations du Front \u00e9conomique pour en finir avec \u00ab&#160;&#160;le contretemps fran\u00e7ais&#160;&#160;\u00bb.<\/p>\n","protected":false},"author":10,"featured_media":295340,"comment_status":"closed","ping_status":"closed","sticky":false,"template":"templates\/post-editorials.php","format":"standard","meta":{"_acf_changed":true,"_trash_the_other_posts":false,"_yoast_wpseo_estimated-reading-time-minutes":89,"footnotes":""},"categories":[1727],"tags":[],"staff":[4565,4568,4598,4587,4548,4596,4577,4584,4573,4555,4571,4576,2118,4567,4552,4556,4594,4550,4575,4579,4564,4586,4553,3373,4588,4559,4566,4574,4560,4562,4580,4599,4557,4569,4549,4558,4572,4593,4591,4547,4578,4582,4583,2938,4600,4561,3170,4595,4592,4563,4585,4603,4590,4551,2154,4570,4226,4589,4581,4554],"editorial_format":[],"serie":[],"audience":[],"geo":[1917],"class_list":["post-295102","post","type-post","status-publish","format-standard","hentry","category-economie","staff-alain-durre","staff-angeles-garcia-poveda","staff-anne-sophie-alsif","staff-anthony-morlet-lavidalie","staff-antonin-bergeaud","staff-arnaud-vaissie","staff-arthur-jurus","staff-bertrand-martinot","staff-camille-guezennec","staff-charles-henri-colombier","staff-christian-gollier","staff-christine-hennion","staff-david-djaiz","staff-denis-ferrand","staff-dominique-calmels","staff-emmanuel-combe","staff-erell-thevenon","staff-eric-bismuth","staff-eric-hazan-2","staff-erwan-le-noan","staff-flora-donsimoni","staff-franck-morel","staff-francois-candelon","staff-francois-ecalle","staff-francois-xavier-oliveau","staff-godefroy-de-bentzmann","staff-hakim-el-karoui","staff-herve-guillou","staff-hubert-de-boisredon","staff-jean-luc-demarty","staff-jean-pierre-letartre","staff-joel-alexis-bialkiewicz","staff-julien-damon","staff-laurent-giovachini","staff-lorenzo-bini-smaghi","staff-marc-de-basquiat","staff-marc-gomes","staff-maxime-sbaihi","staff-olivier-redoules","staff-patrick-artus","staff-patrick-koller","staff-patrick-levy-waitz","staff-patrick-martin","staff-philippe-aghion-nobel-economie","staff-philippe-varin","staff-pierre-andre-de-chalendar","staff-ramon-fernandez","staff-raphael-trotignon","staff-robin-rivaton","staff-rodolphe-desbordes","staff-ross-mcinnes","staff-simon-bunel","staff-simon-ray","staff-sophie-boissard","staff-thierry-chopin","staff-thomas-grjebine","staff-thomas-philippon","staff-thomas-rapp","staff-victor-lequillerier","staff-vincent-charlet","geo-europe"],"acf":{"open_in_webview":false,"accent":false,"_thumbnail_id":295340,"excerpt":"Apr\u00e8s plusieurs mois de travail, une centaine d'experts, d\u2019universitaires et de dirigeants d\u2019entreprise proposent une pi\u00e8ce de doctrine pour provoquer un sursaut.\r\n\r\nLes 35 recommandations du Front \u00e9conomique pour en finir avec \u00able contretemps fran\u00e7ais\u00bb.","display_date":"","new_abstract":true},"yoast_head":"<!-- This site is optimized with the Yoast SEO plugin v26.1.1 - https:\/\/yoast.com\/wordpress\/plugins\/seo\/ -->\n<title>Le Nouveau Consensus europ\u00e9en et le contretemps fran\u00e7ais<\/title>\n<meta name=\"robots\" content=\"index, follow, max-snippet:-1, max-image-preview:large, max-video-preview:-1\" \/>\n<link rel=\"canonical\" href=\"https:\/\/legrandcontinent.eu\/fr\/2025\/08\/29\/nouveau-consensus-europeen-contretemps-francais\/\" \/>\n<meta property=\"og:locale\" content=\"fr_FR\" \/>\n<meta property=\"og:type\" content=\"article\" \/>\n<meta property=\"og:title\" content=\"Le Nouveau Consensus europ\u00e9en et le contretemps fran\u00e7ais\" \/>\n<meta property=\"og:description\" content=\"Apr\u00e8s plusieurs mois de travail, une centaine d&#039;experts, d\u2019universitaires et de dirigeants d\u2019entreprise proposent une pi\u00e8ce de doctrine pour provoquer un sursaut.  Les 35 recommandations du Front \u00e9conomique pour en finir avec \u00ab&#160;le contretemps fran\u00e7ais&#160;\u00bb.\" \/>\n<meta property=\"og:url\" content=\"https:\/\/legrandcontinent.eu\/fr\/2025\/08\/29\/nouveau-consensus-europeen-contretemps-francais\/\" \/>\n<meta property=\"og:site_name\" content=\"Le Grand Continent\" \/>\n<meta property=\"article:published_time\" content=\"2025-08-29T07:00:00+00:00\" \/>\n<meta property=\"article:modified_time\" content=\"2025-09-04T12:34:10+00:00\" \/>\n<meta property=\"og:image\" content=\"https:\/\/legrandcontinent.eu\/fr\/wp-content\/uploads\/sites\/2\/2025\/08\/gc-selmani-scaled.jpg\" \/>\n\t<meta property=\"og:image:width\" content=\"2560\" \/>\n\t<meta property=\"og:image:height\" content=\"1440\" \/>\n\t<meta property=\"og:image:type\" content=\"image\/jpeg\" \/>\n<meta name=\"author\" content=\"Matheo Malik\" \/>\n<meta name=\"twitter:card\" content=\"summary_large_image\" \/>\n<meta name=\"twitter:image\" content=\"https:\/\/legrandcontinent.eu\/fr\/wp-content\/uploads\/sites\/2\/2025\/08\/gc-selmani-scaled.jpg\" \/>\n<meta name=\"twitter:label1\" content=\"\u00c9crit par\" \/>\n\t<meta name=\"twitter:data1\" content=\"Matheo Malik\" \/>\n\t<meta name=\"twitter:label2\" content=\"Dur\u00e9e de lecture estim\u00e9e\" \/>\n\t<meta name=\"twitter:data2\" content=\"89 minutes\" \/>\n<script type=\"application\/ld+json\" class=\"yoast-schema-graph\">{\"@context\":\"https:\/\/schema.org\",\"@graph\":[{\"@type\":\"WebPage\",\"@id\":\"https:\/\/legrandcontinent.eu\/fr\/2025\/08\/29\/nouveau-consensus-europeen-contretemps-francais\/\",\"url\":\"https:\/\/legrandcontinent.eu\/fr\/2025\/08\/29\/nouveau-consensus-europeen-contretemps-francais\/\",\"name\":\"Le Nouveau Consensus europ\u00e9en et le contretemps fran\u00e7ais\",\"isPartOf\":{\"@id\":\"https:\/\/legrandcontinent.eu\/fr\/#website\"},\"primaryImageOfPage\":{\"@id\":\"https:\/\/legrandcontinent.eu\/fr\/2025\/08\/29\/nouveau-consensus-europeen-contretemps-francais\/#primaryimage\"},\"image\":{\"@id\":\"https:\/\/legrandcontinent.eu\/fr\/2025\/08\/29\/nouveau-consensus-europeen-contretemps-francais\/#primaryimage\"},\"thumbnailUrl\":\"https:\/\/legrandcontinent.eu\/fr\/wp-content\/uploads\/sites\/2\/2025\/08\/Massinissa-Selmani-Maquette-N4.jpg\",\"datePublished\":\"2025-08-29T07:00:00+00:00\",\"dateModified\":\"2025-09-04T12:34:10+00:00\",\"author\":{\"@id\":\"https:\/\/legrandcontinent.eu\/fr\/#\/schema\/person\/a1c2123a1ef5abd663fcde8f63063d45\"},\"breadcrumb\":{\"@id\":\"https:\/\/legrandcontinent.eu\/fr\/2025\/08\/29\/nouveau-consensus-europeen-contretemps-francais\/#breadcrumb\"},\"inLanguage\":\"fr-FR\",\"potentialAction\":[{\"@type\":\"ReadAction\",\"target\":[\"https:\/\/legrandcontinent.eu\/fr\/2025\/08\/29\/nouveau-consensus-europeen-contretemps-francais\/\"]}]},{\"@type\":\"ImageObject\",\"inLanguage\":\"fr-FR\",\"@id\":\"https:\/\/legrandcontinent.eu\/fr\/2025\/08\/29\/nouveau-consensus-europeen-contretemps-francais\/#primaryimage\",\"url\":\"https:\/\/legrandcontinent.eu\/fr\/wp-content\/uploads\/sites\/2\/2025\/08\/Massinissa-Selmani-Maquette-N4.jpg\",\"contentUrl\":\"https:\/\/legrandcontinent.eu\/fr\/wp-content\/uploads\/sites\/2\/2025\/08\/Massinissa-Selmani-Maquette-N4.jpg\",\"width\":1000,\"height\":1208,\"caption\":\"Massinissa Selmani Serie Maquettes, 2015 - 2016 Courtesy de l'artiste et Selma Feriani Gallery (Tunis \/ Londres). \u00a9 ADAGP Paris.\"},{\"@type\":\"BreadcrumbList\",\"@id\":\"https:\/\/legrandcontinent.eu\/fr\/2025\/08\/29\/nouveau-consensus-europeen-contretemps-francais\/#breadcrumb\",\"itemListElement\":[{\"@type\":\"ListItem\",\"position\":1,\"name\":\"Accueil\",\"item\":\"https:\/\/legrandcontinent.eu\/fr\/\"},{\"@type\":\"ListItem\",\"position\":2,\"name\":\"Le Nouveau Consensus europ\u00e9en et le contretemps fran\u00e7ais\"}]},{\"@type\":\"WebSite\",\"@id\":\"https:\/\/legrandcontinent.eu\/fr\/#website\",\"url\":\"https:\/\/legrandcontinent.eu\/fr\/\",\"name\":\"Le Grand Continent\",\"description\":\"L&#039;\u00e9chelle pertinente\",\"potentialAction\":[{\"@type\":\"SearchAction\",\"target\":{\"@type\":\"EntryPoint\",\"urlTemplate\":\"https:\/\/legrandcontinent.eu\/fr\/?s={search_term_string}\"},\"query-input\":{\"@type\":\"PropertyValueSpecification\",\"valueRequired\":true,\"valueName\":\"search_term_string\"}}],\"inLanguage\":\"fr-FR\"},{\"@type\":\"Person\",\"@id\":\"https:\/\/legrandcontinent.eu\/fr\/#\/schema\/person\/a1c2123a1ef5abd663fcde8f63063d45\",\"name\":\"Matheo Malik\",\"image\":{\"@type\":\"ImageObject\",\"inLanguage\":\"fr-FR\",\"@id\":\"https:\/\/legrandcontinent.eu\/fr\/#\/schema\/person\/image\/\",\"url\":\"https:\/\/secure.gravatar.com\/avatar\/62cbadb9f7f0804282928747d8d2051d?s=96&d=mm&r=g\",\"contentUrl\":\"https:\/\/secure.gravatar.com\/avatar\/62cbadb9f7f0804282928747d8d2051d?s=96&d=mm&r=g\",\"caption\":\"Matheo Malik\"}}]}<\/script>\n<!-- \/ Yoast SEO plugin. -->","yoast_head_json":{"title":"Le Nouveau Consensus europ\u00e9en et le contretemps fran\u00e7ais","robots":{"index":"index","follow":"follow","max-snippet":"max-snippet:-1","max-image-preview":"max-image-preview:large","max-video-preview":"max-video-preview:-1"},"canonical":"https:\/\/legrandcontinent.eu\/fr\/2025\/08\/29\/nouveau-consensus-europeen-contretemps-francais\/","og_locale":"fr_FR","og_type":"article","og_title":"Le Nouveau Consensus europ\u00e9en et le contretemps fran\u00e7ais","og_description":"Apr\u00e8s plusieurs mois de travail, une centaine d'experts, d\u2019universitaires et de dirigeants d\u2019entreprise proposent une pi\u00e8ce de doctrine pour provoquer un sursaut.  Les 35 recommandations du Front \u00e9conomique pour en finir avec \u00ab&#160;le contretemps fran\u00e7ais&#160;\u00bb.","og_url":"https:\/\/legrandcontinent.eu\/fr\/2025\/08\/29\/nouveau-consensus-europeen-contretemps-francais\/","og_site_name":"Le Grand Continent","article_published_time":"2025-08-29T07:00:00+00:00","article_modified_time":"2025-09-04T12:34:10+00:00","og_image":[{"width":2560,"height":1440,"url":"https:\/\/legrandcontinent.eu\/fr\/wp-content\/uploads\/sites\/2\/2025\/08\/gc-selmani-scaled.jpg","type":"image\/jpeg"}],"author":"Matheo Malik","twitter_card":"summary_large_image","twitter_image":"https:\/\/legrandcontinent.eu\/fr\/wp-content\/uploads\/sites\/2\/2025\/08\/gc-selmani-scaled.jpg","twitter_misc":{"\u00c9crit par":"Matheo Malik","Dur\u00e9e de lecture estim\u00e9e":"89 minutes"},"schema":{"@context":"https:\/\/schema.org","@graph":[{"@type":"WebPage","@id":"https:\/\/legrandcontinent.eu\/fr\/2025\/08\/29\/nouveau-consensus-europeen-contretemps-francais\/","url":"https:\/\/legrandcontinent.eu\/fr\/2025\/08\/29\/nouveau-consensus-europeen-contretemps-francais\/","name":"Le Nouveau Consensus europ\u00e9en et le contretemps fran\u00e7ais","isPartOf":{"@id":"https:\/\/legrandcontinent.eu\/fr\/#website"},"primaryImageOfPage":{"@id":"https:\/\/legrandcontinent.eu\/fr\/2025\/08\/29\/nouveau-consensus-europeen-contretemps-francais\/#primaryimage"},"image":{"@id":"https:\/\/legrandcontinent.eu\/fr\/2025\/08\/29\/nouveau-consensus-europeen-contretemps-francais\/#primaryimage"},"thumbnailUrl":"https:\/\/legrandcontinent.eu\/fr\/wp-content\/uploads\/sites\/2\/2025\/08\/Massinissa-Selmani-Maquette-N4.jpg","datePublished":"2025-08-29T07:00:00+00:00","dateModified":"2025-09-04T12:34:10+00:00","author":{"@id":"https:\/\/legrandcontinent.eu\/fr\/#\/schema\/person\/a1c2123a1ef5abd663fcde8f63063d45"},"breadcrumb":{"@id":"https:\/\/legrandcontinent.eu\/fr\/2025\/08\/29\/nouveau-consensus-europeen-contretemps-francais\/#breadcrumb"},"inLanguage":"fr-FR","potentialAction":[{"@type":"ReadAction","target":["https:\/\/legrandcontinent.eu\/fr\/2025\/08\/29\/nouveau-consensus-europeen-contretemps-francais\/"]}]},{"@type":"ImageObject","inLanguage":"fr-FR","@id":"https:\/\/legrandcontinent.eu\/fr\/2025\/08\/29\/nouveau-consensus-europeen-contretemps-francais\/#primaryimage","url":"https:\/\/legrandcontinent.eu\/fr\/wp-content\/uploads\/sites\/2\/2025\/08\/Massinissa-Selmani-Maquette-N4.jpg","contentUrl":"https:\/\/legrandcontinent.eu\/fr\/wp-content\/uploads\/sites\/2\/2025\/08\/Massinissa-Selmani-Maquette-N4.jpg","width":1000,"height":1208,"caption":"Massinissa Selmani Serie Maquettes, 2015 - 2016 Courtesy de l'artiste et Selma Feriani Gallery (Tunis \/ Londres). \u00a9 ADAGP Paris."},{"@type":"BreadcrumbList","@id":"https:\/\/legrandcontinent.eu\/fr\/2025\/08\/29\/nouveau-consensus-europeen-contretemps-francais\/#breadcrumb","itemListElement":[{"@type":"ListItem","position":1,"name":"Accueil","item":"https:\/\/legrandcontinent.eu\/fr\/"},{"@type":"ListItem","position":2,"name":"Le Nouveau Consensus europ\u00e9en et le contretemps fran\u00e7ais"}]},{"@type":"WebSite","@id":"https:\/\/legrandcontinent.eu\/fr\/#website","url":"https:\/\/legrandcontinent.eu\/fr\/","name":"Le Grand Continent","description":"L&#039;\u00e9chelle pertinente","potentialAction":[{"@type":"SearchAction","target":{"@type":"EntryPoint","urlTemplate":"https:\/\/legrandcontinent.eu\/fr\/?s={search_term_string}"},"query-input":{"@type":"PropertyValueSpecification","valueRequired":true,"valueName":"search_term_string"}}],"inLanguage":"fr-FR"},{"@type":"Person","@id":"https:\/\/legrandcontinent.eu\/fr\/#\/schema\/person\/a1c2123a1ef5abd663fcde8f63063d45","name":"Matheo Malik","image":{"@type":"ImageObject","inLanguage":"fr-FR","@id":"https:\/\/legrandcontinent.eu\/fr\/#\/schema\/person\/image\/","url":"https:\/\/secure.gravatar.com\/avatar\/62cbadb9f7f0804282928747d8d2051d?s=96&d=mm&r=g","contentUrl":"https:\/\/secure.gravatar.com\/avatar\/62cbadb9f7f0804282928747d8d2051d?s=96&d=mm&r=g","caption":"Matheo Malik"}}]}},"lgc_categories":[{"id":1727,"name":"\u00c9conomie","slug":"economie"}],"lgc_author":{"id":4565,"name":"Alain Durr\u00e9","slug":"alain-durre","description":null,"first_name":"Alain ","last_name":"Durr\u00e9","picture":{"url":"https:\/\/legrandcontinent.eu\/fr\/wp-content\/uploads\/sites\/2\/2025\/08\/view.png","width":236,"height":244,"alt":""}},"feature_image_summary":{"url":"https:\/\/legrandcontinent.eu\/fr\/wp-content\/uploads\/sites\/2\/2025\/08\/Massinissa-Selmani-Maquette-N4.jpg","width":1000,"height":1208,"alt":""},"feature_image_cover":{"url":"https:\/\/legrandcontinent.eu\/fr\/wp-content\/uploads\/sites\/2\/2025\/08\/Massinissa-Selmani-Maquette-N4.jpg","width":1000,"height":1208,"alt":""},"term_position_data":null,"_links":{"self":[{"href":"https:\/\/legrandcontinent.eu\/fr\/wp-json\/wp\/v2\/posts\/295102","targetHints":{"allow":["GET"]}}],"collection":[{"href":"https:\/\/legrandcontinent.eu\/fr\/wp-json\/wp\/v2\/posts"}],"about":[{"href":"https:\/\/legrandcontinent.eu\/fr\/wp-json\/wp\/v2\/types\/post"}],"author":[{"embeddable":true,"href":"https:\/\/legrandcontinent.eu\/fr\/wp-json\/wp\/v2\/users\/10"}],"replies":[{"embeddable":true,"href":"https:\/\/legrandcontinent.eu\/fr\/wp-json\/wp\/v2\/comments?post=295102"}],"version-history":[{"count":0,"href":"https:\/\/legrandcontinent.eu\/fr\/wp-json\/wp\/v2\/posts\/295102\/revisions"}],"wp:featuredmedia":[{"embeddable":true,"href":"https:\/\/legrandcontinent.eu\/fr\/wp-json\/wp\/v2\/media\/295340"}],"wp:attachment":[{"href":"https:\/\/legrandcontinent.eu\/fr\/wp-json\/wp\/v2\/media?parent=295102"}],"wp:term":[{"taxonomy":"category","embeddable":true,"href":"https:\/\/legrandcontinent.eu\/fr\/wp-json\/wp\/v2\/categories?post=295102"},{"taxonomy":"post_tag","embeddable":true,"href":"https:\/\/legrandcontinent.eu\/fr\/wp-json\/wp\/v2\/tags?post=295102"},{"taxonomy":"staff","embeddable":true,"href":"https:\/\/legrandcontinent.eu\/fr\/wp-json\/wp\/v2\/staff?post=295102"},{"taxonomy":"editorial_format","embeddable":true,"href":"https:\/\/legrandcontinent.eu\/fr\/wp-json\/wp\/v2\/editorial_format?post=295102"},{"taxonomy":"serie","embeddable":true,"href":"https:\/\/legrandcontinent.eu\/fr\/wp-json\/wp\/v2\/serie?post=295102"},{"taxonomy":"audience","embeddable":true,"href":"https:\/\/legrandcontinent.eu\/fr\/wp-json\/wp\/v2\/audience?post=295102"},{"taxonomy":"geo","embeddable":true,"href":"https:\/\/legrandcontinent.eu\/fr\/wp-json\/wp\/v2\/geo?post=295102"}],"curies":[{"name":"wp","href":"https:\/\/api.w.org\/{rel}","templated":true}]}}