{"id":294315,"date":"2025-08-22T07:20:43","date_gmt":"2025-08-22T05:20:43","guid":{"rendered":"https:\/\/legrandcontinent.eu\/fr\/?p=294315"},"modified":"2025-08-22T17:48:56","modified_gmt":"2025-08-22T15:48:56","slug":"le-nouveau-moment-grotius","status":"publish","type":"post","link":"https:\/\/legrandcontinent.eu\/fr\/2025\/08\/22\/le-nouveau-moment-grotius\/","title":{"rendered":"Le Nouveau Moment Grotius"},"content":{"rendered":"\n<p class=\"non-subscribers-only\"><em>Pour comprendre les grandes transformations g\u00e9opolitiques en cours et identifier de nouvelles tendances, profitez de notre <a href=\"https:\/\/legrandcontinent.eu\/fr\/offre-abonnement\/\" target=\"_blank\" rel=\"noreferrer noopener\">offre d\u00e9couverte \u00e0 8 euros par mois<\/a><\/em><\/p>\n\n\n\n<p class=\"has-drop-cap\">La r\u00e9volution num\u00e9rique ne date pas d\u2019hier. Son histoire a commenc\u00e9 il y a un peu plus de soixante-quinze ans, mais son rythme a chang\u00e9, en s&rsquo;acc\u00e9l\u00e9rant. L\u2019ampleur des innovations technologiques, tout autant que l\u2019\u00e9tendue de leurs r\u00e9percussions ont fini par transformer la structure de l\u2019ordre international, en disloquant sa pierre angulaire&#160;: l\u2019\u00c9tat-nation.<\/p>\n\n\n\n<p>Constater cet effondrement ne saurait suffire. Les pr\u00e9mices d\u2019un ordre nouveau apparaissent. Pour comprendre ce changement, deux \u00e9l\u00e9ments sont d\u00e9terminants. Il s&rsquo;agit d&rsquo;abord d&rsquo;identifier les indicateurs d\u00e9j\u00e0 visibles, puis d&rsquo;analyser la dynamique de ces mutations \u00e0 la lumi\u00e8re de transitions analogues dans le pass\u00e9 afin d&rsquo;appr\u00e9hender ceux qui ne le sont pas encore.&nbsp;<\/p>\n\n\n\n<p>Comme le r\u00e9sumait Mark Twain, \u00ab&#160;l\u2019histoire ne se r\u00e9p\u00e8te pas, mais elle rime&#160;\u00bb. M\u00eame dans les p\u00e9riodes de bouleversements radicaux, les forces profondes \u00e0 l\u2019\u0153uvre pr\u00e9sentent souvent une \u00e9tonnante continuit\u00e9 d\u2019une r\u00e9volution \u00e0 l\u2019autre.&nbsp;<\/p>\n\n\n\n<figure class=\"wp-block-pullquote\"><blockquote><p>L\u2019ampleur des innovations technologiques, tout autant que l\u2019\u00e9tendue de leurs r\u00e9percussions ont fini par transformer la structure de l\u2019ordre international, en disloquant sa pierre angulaire&#160;: l\u2019\u00c9tat-nation.<\/p><cite>Paul Saffo<\/cite><\/blockquote><\/figure>\n\n\n\n<h2 class=\"wp-block-heading\">Entre la guerre et la paix<\/h2>\n\n\n\n<p>Ce moment pr\u00e9sente en effet une ressemblance frappante avec les \u00e9v\u00e8nements qui ont suivi une autre r\u00e9volution technique et m\u00e9diatique, correspondant \u00e0 l\u2019essor de l\u2019imprimerie entre le XVI\u1d49 et le XVII\u1d49 si\u00e8cles.<\/p>\n\n\n\n<p>Pour comprendre comment ces innovations m\u00e9diatiques ont boulevers\u00e9 l\u2019ordre international, une figure s\u2019impose&#160;: Hugo Grotius.<\/p>\n\n\n\n<p>N\u00e9 \u00e0 Delft en 1582 et mort \u00e0 Rostock en 1645, Hugo de Groot \u2014 dit Grotius \u2014 a travers\u00e9 une p\u00e9riode historique de transformations vertigineuses qui n\u2019est pas sans rappeler celle dans laquelle nous nous trouvons.&nbsp;<\/p>\n\n\n\n<p>Au cours de sa longue vie, cet humaniste et juriste n\u00e9erlandais a connu la r\u00e9volution de l\u2019imprimerie, la r\u00e9volution copernicienne, la guerre de Trente Ans, et surtout la paix de Westphalie, ce trait\u00e9 fondateur de l\u2019ordre international bas\u00e9 sur l\u2019\u00c9tat-nation moderne.<\/p>\n\n\n\n<figure class=\"wp-block-pullquote\"><blockquote><p>Nous pouvons consid\u00e9rer que nous traversons aujourd\u2019hui un <em>nouveau moment Grotius<\/em>, port\u00e9 par l\u2019\u00e9mergence des m\u00e9dias num\u00e9riques de la m\u00eame mani\u00e8re que l\u2019imprimerie avait boulevers\u00e9 l\u2019Europe au XVI\u1d49 si\u00e8cle.<\/p><cite>Paul Saffo<\/cite><\/blockquote><\/figure>\n\n\n\n<p>Grotius est \u00e0 juste titre consid\u00e9r\u00e9 comme le p\u00e8re du droit international public. Constatant l\u2019\u00e9rosion \u2014 aliment\u00e9e par l\u2019imprimerie et le commerce \u2014 de l\u2019ordre monarchique, il \u00e9labora une th\u00e9orie de l\u2019\u00c9tat et posa les fondements d\u2019un syst\u00e8me destin\u00e9 \u00e0 organiser leurs relations.&nbsp;<\/p>\n\n\n\n<p>Le professeur am\u00e9ricain de droit international Richard Falk a parl\u00e9 de \u00ab&#160;moment grotien&#160;\u00bb&nbsp;<span class='whitespace-nowrap'><span id='easy-footnote-1-294315' class='easy-footnote-margin-adjust'><\/span><span class='easy-footnote'><a href='https:\/\/legrandcontinent.eu\/fr\/2025\/08\/22\/le-nouveau-moment-grotius\/#easy-footnote-bottom-1-294315' title='Richard Falk, &lt;em&gt;et al&lt;\/em&gt;.,&amp;nbsp; \u00ab&amp;#160;The Grotian Moment in International Law&amp;#160;: A Contemporary Perspective&amp;#160;\u00bb, &lt;em&gt;Jurisprudence for a Solidarist World&amp;#160;: Richard Falk\u2019s Grotian Moment, &lt;\/em&gt;1985.'><sup>1<\/sup><\/a><\/span><\/span> pour d\u00e9crire une p\u00e9riode de bouleversement paradigmatique, au cours de laquelle de nouvelles r\u00e8gles et doctrines du droit international coutumier \u00e9mergent avec une rapidit\u00e9 inhabituelle.<\/p>\n\n\n\n<p>Nous pouvons consid\u00e9rer que nous traversons aujourd\u2019hui un <em>nouveau moment Grotius<\/em>, port\u00e9 par l\u2019\u00e9mergence des m\u00e9dias num\u00e9riques de la m\u00eame mani\u00e8re que l\u2019imprimerie avait boulevers\u00e9 l\u2019Europe au XVI\u1d49 si\u00e8cle. Les parall\u00e8les entre ces deux r\u00e9volutions sont frappants. Toutefois, ce qui caract\u00e9rise ce nouveau moment est un facteur d\u00e9cisif qui, \u00e0 lui seul, permet d\u2019expliquer l\u2019\u00e9rosion de l\u2019ordre international aujourd\u2019hui.<\/p>\n\n\n\n<p>Sur Internet, la distance entre deux points est r\u00e9duite \u00e0 n\u00e9ant. Vous pouvez \u00eatre \u00e0 l\u2019autre bout du monde par rapport \u00e0 une personne, mais, num\u00e9riquement, vous n\u2019\u00eates s\u00e9par\u00e9s que d\u2019un clic. Deux interlocuteurs peuvent partager le m\u00eame espace virtuel, qu&rsquo;ils soient extr\u00eamement \u00e9loign\u00e9s ou proches. La fin de la notion de distance est cruciale. Elle bouleverse de mille mani\u00e8res directes et indirectes des notions autrefois stables&#160;: souverainet\u00e9, s\u00e9curit\u00e9, citoyennet\u00e9, identit\u00e9 nationale, ainsi que la fronti\u00e8re entre sph\u00e8re int\u00e9rieure et internationale.<\/p>\n\n\n\n<p>Les t\u00e9l\u00e9communications ont cess\u00e9 d\u2019\u00eatre seulement un moyen de relier des lieux physiques pour devenir une destination en soi. Cet espace est d\u00e9sormais celui o\u00f9 nous passons une part croissante de notre existence \u2014 pour travailler, jouer ou r\u00eaver. C\u2019est un espace social en expansion constante, sans fronti\u00e8res ni distances, o\u00f9 les tentatives des gouvernements de contr\u00f4ler les interactions apparaissent moins comme des limites r\u00e9elles que comme des obstacles appel\u00e9s \u00e0 \u00eatre contourn\u00e9s.<\/p>\n\n\n\n<p>\u202fIl en r\u00e9sulte que, tout comme l\u2019Europe du XVI\u1d49 si\u00e8cle a r\u00e9organis\u00e9 l\u2019ordre international autour de la diffusion de l\u2019imprimerie et du commerce, nous r\u00e9organisons aujourd\u2019hui le monde autour de l\u2019expansion de cet espace num\u00e9rique.&nbsp;<\/p>\n\n\n\n<p>Et nous pouvons faire l\u2019hypoth\u00e8se que, dans les ruptures de nos ann\u00e9es Vingt, nous nous rapprochons rapidement d\u2019un moment de transformation profonde, o\u00f9 le consensus actuel des relations internationales entre \u00c9tats-nations sera boulevers\u00e9, \u00e0 l\u2019image de celui qui, \u00e0 l\u2019\u00e9poque de Hugo Grotius, a vu na\u00eetre les th\u00e9ories fondatrices du droit international encore en vigueur aujourd\u2019hui.<\/p>\n\n\n\n\n\n<figure class=\"wp-block-image wp-block-image-medium\"\n    data-shadow=\"false\"\n    data-use-original-file=\"false\">\n    <a\n        data-pswp-src=\"https:\/\/legrandcontinent.eu\/fr\/wp-content\/uploads\/sites\/2\/2025\/08\/Mars-Planum-Australe.png\"\n        class=\"inline-block gallery-item no-underline \"\n        data-pswp-width=\"1794\"\n        data-pswp-height=\"1964\">\n                                        <picture>\r\n                    <source\r\n                srcset=\"https:\/\/legrandcontinent.eu\/fr\/wp-content\/uploads\/sites\/2\/2025\/08\/Mars-Planum-Australe-330x361.png\"\r\n                media=\"(max-width:  374px)\" \/>\r\n                    <source\r\n                srcset=\"https:\/\/legrandcontinent.eu\/fr\/wp-content\/uploads\/sites\/2\/2025\/08\/Mars-Planum-Australe-690x755.png\"\r\n                media=\"(max-width:  989px)\" \/>\r\n                    <source\r\n                srcset=\"https:\/\/legrandcontinent.eu\/fr\/wp-content\/uploads\/sites\/2\/2025\/08\/Mars-Planum-Australe-990x1084.png\"\r\n                media=\"(max-width: 1319px)\" \/>\r\n                    <source\r\n                srcset=\"https:\/\/legrandcontinent.eu\/fr\/wp-content\/uploads\/sites\/2\/2025\/08\/Mars-Planum-Australe-690x755.png\"\r\n                media=\"(max-width: 1599px)\" \/>\r\n                    <source\r\n                srcset=\"https:\/\/legrandcontinent.eu\/fr\/wp-content\/uploads\/sites\/2\/2025\/08\/Mars-Planum-Australe-990x1084.png\"\r\n                media=\"(min-width: 1600px)\" \/>\r\n                <img decoding=\"async\" src=\"https:\/\/legrandcontinent.eu\/fr\/wp-content\/uploads\/sites\/2\/2025\/08\/Mars-Planum-Australe-125x137.png\" \/>\r\n        <\/picture>\r\n                            \n                    <figcaption class=\"pswp-caption-content \">Carte du p\u00f4le Sud de Mars (Planum Australe), projection polaire st\u00e9r\u00e9ographique r\u00e9alis\u00e9e par le D\u00e9partement de l\u2019Int\u00e9rieur des \u00c9tats-Unis \u2013 Service g\u00e9ologique des \u00c9tats-Unis<\/figcaption>\n            <\/a>\n<\/figure>\n\n\n<h2 class=\"wp-block-heading\">Un monde peupl\u00e9 de nouveaux acteurs synth\u00e9tiques\u202f<\/h2>\n\n\n\n<p>Les humains ne sont d\u00e9j\u00e0 plus seuls dans l\u2019espace num\u00e9rique&#160;: nous le partageons avec des entit\u00e9s \u00e0 la puissance souvent inconnue et dont l\u2019identit\u00e9 r\u00e9elle nous \u00e9chappe, correspondant grosso modo \u00e0 ce que les Grecs auraient appel\u00e9 un <em>daim\u00f4n<\/em>&#160;: fragments de logiciels auto-ex\u00e9cutables allant de simples programmes accomplissant des t\u00e2ches domestiques \u00e0 des intelligences artificielles de plus en plus sophistiqu\u00e9es, capables d\u2019interagir directement avec les internautes.<\/p>\n\n\n\n<p>Dans la mythologie grecque, le <em>daim\u00f4n<\/em> d\u00e9signe un esprit interm\u00e9diaire, parfois utile, souvent capricieux et ambigu, capable aussi bien de servir les desseins des humains que de leur jouer des tours. C\u2019est ce terme, anglicis\u00e9 en <em>daemon<\/em>, que les ing\u00e9nieurs Unix reprennent dans les ann\u00e9es 1960 pour qualifier une cat\u00e9gorie de programmes d\u2019arri\u00e8re-plan charg\u00e9s d\u2019assurer des fonctions essentielles du syst\u00e8me.<\/p>\n\n\n\n<figure class=\"wp-block-pullquote\"><blockquote><p>Les humains ne sont d\u00e9j\u00e0 plus les seuls \u00e0 se trouver dans cet espace num\u00e9rique&#160;: nous le partageons constamment avec des <em>daemons<\/em>.<\/p><cite>Paul Saffo<\/cite><\/blockquote><\/figure>\n\n\n\n<p>Hors de toute m\u00e9taphore, nous cohabitons d\u00e9j\u00e0 dans l\u2019espace num\u00e9rique avec ces <em>daemons<\/em>, qui ont aujourd\u2019hui pris une nouvelle dimension. Les progr\u00e8s rapides de l\u2019intelligence artificielle ont transform\u00e9 ces anciens programmes en une prolif\u00e9ration d\u2019entit\u00e9s toujours plus brillantes et autonomes&#160;: de v\u00e9ritables habitants natifs du cyberespace, de plus en plus nombreux.&nbsp;<\/p>\n\n\n\n<p>La question de savoir s\u2019ils d\u00e9passeront un jour l\u2019intelligence humaine <a href=\"https:\/\/legrandcontinent.eu\/fr\/2025\/08\/13\/ia-le-pari-de-sam-altman-est-il-voue-a-lechec\/\">reste ouverte<\/a>, mais au rythme actuel, leur omnipr\u00e9sence dans l\u2019ensemble de nos syst\u00e8mes para\u00eet acquise bien avant le milieu du si\u00e8cle. Ces agents autonomes op\u00e8rent le plus souvent dans l\u2019ombre, jusqu\u2019au moment o\u00f9, en exc\u00e9dant leur autorit\u00e9, ils provoquent une erreur qui attire l\u2019attention des op\u00e9rateurs humains.<\/p>\n\n\n\n<p>L\u2019explosion d\u00e9mographique des agents autonomes constitue un risque majeur. L\u2019histoire des conflits montre que les guerres peuvent na\u00eetre d\u2019une erreur d\u2019interpr\u00e9tation ou de protocole. Rien n\u2019exclut que la prochaine puisse \u00eatre d\u00e9clench\u00e9e par une faute commise par un agent d\u2019IA, entra\u00eenant une cascade de catastrophes \u00e0 la vitesse num\u00e9rique.<\/p>\n\n\n\n<h2 class=\"wp-block-heading\">Le miroir du contemporain<\/h2>\n\n\n\n<p>Grotius a v\u00e9cu \u00e0 une \u00e9poque marqu\u00e9e par la r\u00e9volution de l\u2019imprimerie, l\u2019\u00e9mergence de syst\u00e8mes financiers complexes et les progr\u00e8s spectaculaires des technologies maritimes, qui ont permis l\u2019essor des r\u00e9seaux oc\u00e9aniques. Faisant \u00e9cho \u00e0 la pr\u00e9diction de S\u00e9n\u00e8que dans <em>M\u00e9d\u00e9e<\/em>, les oc\u00e9ans ont desserr\u00e9 les liens du monde, passant de simples barri\u00e8res \u00e0 de vastes autoroutes commerciales et culturelles. Les id\u00e9es ont fleuri, le commerce a explos\u00e9, de nouvelles institutions ont \u00e9merg\u00e9, et les anciennes ont vacill\u00e9. Il n\u2019est pas \u00e9tonnant que Grotius ait consacr\u00e9 une grande partie de son \u0153uvre au droit de la mer, \u00e9tablissant le principe fondamental du <em>Mare Liberum<\/em>, la libert\u00e9 des mers.<\/p>\n\n\n\n<p>Tout cela rappelle \u00e9trangement notre \u00e9poque. Le cyberespace est la nouvelle autoroute oc\u00e9anique, et la finance num\u00e9rique offre des instruments commerciaux in\u00e9dits, pour le meilleur ou pour le pire.&nbsp;<\/p>\n\n\n\n<p>L\u00e0 o\u00f9 ils avaient la construction navale, nous avons la robotique, l\u2019IA et l\u2019exploration spatiale. L\u00e0 o\u00f9 ils tissaient de nouveaux r\u00e9seaux, nous construisons les n\u00f4tres. L\u00e0 o\u00f9 la diffusion de l&rsquo;imprimerie d\u00e9clenchait des troubles sociaux, les m\u00e9dias num\u00e9riques catalysent aujourd\u2019hui des bouleversements profonds et rapides.<\/p>\n\n\n\n<p>\u00c0 l&rsquo;\u00e9poque, l&rsquo;imprimerie \u2014 sous la forme des premi\u00e8res indulgences papales puis des tracts de Luther \u2014 a entra\u00een\u00e9 la R\u00e9forme protestante. Rome a perdu son monopole lorsque le christianisme s&rsquo;est diversifi\u00e9 en d&rsquo;innombrables nouvelles formes religieuses. Aujourd&rsquo;hui, les m\u00e9dias num\u00e9riques \u2014 et d\u00e9sormais l&rsquo;IA \u2014 sont devenus un puissant outil de pros\u00e9lytisme religieux, mais ce n&rsquo;est qu&rsquo;un d\u00e9but.&nbsp;<\/p>\n\n\n\n<p>Grotius a \u00e9t\u00e9 t\u00e9moin du d\u00e9clin des monarchies et des mutations de la souverainet\u00e9.<\/p>\n\n\n\n<p>Aujourd&rsquo;hui \u2014 d\u2019une mani\u00e8re paradoxale \u2014 nous assistons au d\u00e9clin de l&rsquo;\u00c9tat-nation dans sa forme westphalienne, mais le d\u00e9bat sur ce qui va suivre n&rsquo;en est qu&rsquo;\u00e0 ses d\u00e9buts.&nbsp;<\/p>\n\n\n\n<p>Un nouveau Grotius pour notre \u00e9poque doit encore \u00e9merger, mais tout comme les monarchies ont autrefois perdu leur monopole sur le pouvoir \u00e9tatique, les \u00c9tats-nations connaissent paradoxalement aujourd&rsquo;hui un d\u00e9clin similaire de l&rsquo;exclusivit\u00e9 de leur pouvoir.<\/p>\n\n\n\n<p>En r\u00e9alit\u00e9, le d\u00e9clin de l&rsquo;\u00c9tat-nation a commenc\u00e9 il y a huit d\u00e9cennies.&nbsp;<\/p>\n\n\n\n<figure class=\"wp-block-pullquote\"><blockquote><p>Une entit\u00e9 souveraine nationale peut-elle exister v\u00e9ritablement dans l\u2019espace num\u00e9rique&#160;?&nbsp;<\/p><cite>Paul Saffo<\/cite><\/blockquote><\/figure>\n\n\n\n<p>L&rsquo;\u00c9tat-nation classique se d\u00e9finit avant tout par deux qualit\u00e9s&#160;: l&rsquo;exclusivit\u00e9 et l&rsquo;int\u00e9grit\u00e9 territoriale.&nbsp;<\/p>\n\n\n\n<p>Avant la Seconde Guerre mondiale, l\u2019exclusivit\u00e9 dont jouissaient les \u00c9tats-nations en tant que \u00ab&#160;personne&#160;\u00bb au yeux du droit international \u00e9tait \u00e9vidente. Cette exclusivit\u00e9 a toutefois pris fin en 1948 avec la D\u00e9claration universelle des droits de l&rsquo;homme, qui a ouvert la porte \u00e0 la reconnaissance d\u2019entit\u00e9s non \u00e9tatiques en droit international. Depuis, leur place n\u2019a fait que cro\u00eetre.&nbsp;<\/p>\n\n\n\n<p>L&rsquo;int\u00e9grit\u00e9 territoriale v\u00e9ritable a pris fin moins d&rsquo;une d\u00e9cennie plus tard avec l&rsquo;arriv\u00e9e des premiers missiles balistiques intercontinentaux et des armes thermonucl\u00e9aires. La capacit\u00e9 d\u2019un missile balistique \u00e0 t\u00eate nucl\u00e9aire \u00e0 rejoindre n\u2019importe quel endroit sur la plan\u00e8te en quelques minutes rendait impossible la revendication d\u2019une souverainet\u00e9 territoriale totale par les \u00c9tats, et encore moins une s\u00e9curit\u00e9 absolue.<\/p>\n\n\n\n<p>Cette \u00e9rosion de l&rsquo;ordre mondial classique a \u00e9t\u00e9 accentu\u00e9e par l&rsquo;omnipr\u00e9sence sans fronti\u00e8res des m\u00e9dias num\u00e9riques.&nbsp;<\/p>\n\n\n\n<p>Mais il y a plus encore&#160;: l&rsquo;\u00e9mergence du cyberespace en tant que destination virtuelle \u00e0 part enti\u00e8re cr\u00e9e une nouvelle dynamique territoriale \u00e9trange. Une entit\u00e9 souveraine nationale peut-elle exister v\u00e9ritablement dans l\u2019espace num\u00e9rique&#160;?&nbsp;<\/p>\n\n\n\n<p>La question se pose avec plus d\u2019urgence encore, car le cyberespace s&rsquo;appr\u00eate \u00e0 devenir le point de d\u00e9part de la formation des nouvelles entit\u00e9s souveraines \u00e0 venir.<\/p>\n\n\n\n<p>C\u2019est l\u00e0 l\u2019essence du nouveau moment \u00ab&#160;grotien&#160;\u00bb&#160;: l\u2019ancien ordre se dissout tandis que son successeur \u00e9merge du chaudron bouillonnant des technologies exponentielles et de la diffusion continue des m\u00e9dias num\u00e9riques au c\u0153ur de la soci\u00e9t\u00e9 mondiale. Moment prot\u00e9iforme, dont la forme finale reste ind\u00e9termin\u00e9e, il sera fa\u00e7onn\u00e9 au cours de la prochaine d\u00e9cennie, \u00e0 l\u2019instar de l\u2019ordre qu\u2019\u00e9labor\u00e8rent Grotius et ses contemporains au XVII\u1d49 si\u00e8cle.<\/p>\n\n\n\n\n\n<figure class=\"wp-block-image wp-block-image-large\"\n    data-shadow=\"false\"\n    data-use-original-file=\"false\">\n    <a\n        data-pswp-src=\"https:\/\/legrandcontinent.eu\/fr\/wp-content\/uploads\/sites\/2\/2025\/08\/Mars-.png\"\n        class=\"inline-block gallery-item no-underline \"\n        data-pswp-width=\"3392\"\n        data-pswp-height=\"1520\">\n                                        <picture>\r\n                    <source\r\n                srcset=\"https:\/\/legrandcontinent.eu\/fr\/wp-content\/uploads\/sites\/2\/2025\/08\/Mars--330x148.png\"\r\n                media=\"(max-width: 374px)\" \/>\r\n                    <source\r\n                srcset=\"https:\/\/legrandcontinent.eu\/fr\/wp-content\/uploads\/sites\/2\/2025\/08\/Mars--690x309.png\"\r\n                media=\"(max-width: 989px)\" \/>\r\n                    <source\r\n                srcset=\"https:\/\/legrandcontinent.eu\/fr\/wp-content\/uploads\/sites\/2\/2025\/08\/Mars--1340x600.png\"\r\n                media=\"(min-width: 990px)\" \/>\r\n                <img decoding=\"async\" src=\"https:\/\/legrandcontinent.eu\/fr\/wp-content\/uploads\/sites\/2\/2025\/08\/Mars--125x56.png\" \/>\r\n        <\/picture>\r\n                            \n                    <figcaption class=\"pswp-caption-content \">Carte globale de Mars, projection de Mercator, montrant les principaux reliefs (Hellas, Tharsis, Valles Marineris, Syrtis Major, etc.) r\u00e9alis\u00e9e par le D\u00e9partement de l\u2019Int\u00e9rieur des \u00c9tats-Unis \u2013 Service g\u00e9ologique des \u00c9tats-Unis<\/figcaption>\n            <\/a>\n<\/figure>\n\n\n<h2 class=\"wp-block-heading\">Reconna\u00eetre les lieux de pouvoir<\/h2>\n\n\n\n<p>La route qui m\u00e8ne de l\u2019\u00e9poque de Grotius \u00e0 nos jours est jalonn\u00e9e d\u2019une succession de basculements du pouvoir. Et chacun de ces basculements se lit assez clairement&#160;: il suffit de regarder quel est le plus grand b\u00e2timent au centre de la ville.<\/p>\n\n\n\n<p>Au XIII\u1d49 si\u00e8cle, la cath\u00e9drale remplace le ch\u00e2teau. Le basculement se poursuit au XV\u1d49 si\u00e8cle. \u00c0 la fin du si\u00e8cle, la cath\u00e9drale partage d\u00e9sormais le centre avec les \u00e9difices du pouvoir civil et du commerce. Ainsi, \u00e0 Venise, le palais des Doges <em>occupe<\/em> la place Saint-Marc aux c\u00f4t\u00e9s de la basilique. Le pr\u00eatre, le prince et le marchand coexistent dans une symbiose productive, mais n\u00e9anmoins fragile.<\/p>\n\n\n\n<p>Au d\u00e9but du XVI\u1d49 si\u00e8cle, juste avant la naissance de Grotius, cette nouvelle structure administrative continue d\u2019\u00e9voluer, m\u00ealant plus \u00e9troitement commerce et gouvernement. Un bon exemple en est le <em>Stadhuis<\/em> de Middelburg, aux Pays-Bas, qui prend toute son importance apr\u00e8s les ann\u00e9es 1520. Soulignant le lien entre gouvernement et commerce, il comprenait \u00e0 l\u2019origine une halle aux viandes \u00e0 l\u2019int\u00e9rieur m\u00eame de ses murs.<\/p>\n\n\n\n<p>Fin XVI\u1d49 si\u00e8cle, un nouvel \u00e9difice occupe la place centrale&#160;: le parlement. Aux Pays-Bas, ce fut le <em>Binnenhof<\/em> qui, en 1584, devint le si\u00e8ge du pouvoir de la R\u00e9publique n\u00e9erlandaise.<\/p>\n\n\n\n<p>Faisons un saut jusqu\u2019au XX\u1d49 si\u00e8cle&#160;: le pouvoir bascule encore. Les capitales nationales s\u2019ornent de vastes b\u00e2timents comme symboles de puissance, mais un nouvel acteur vient contester cette supr\u00e9matie&#160;: le si\u00e8ge social d\u2019entreprise.&nbsp;<\/p>\n\n\n\n<p>Symbole de ce tournant&#160;: l\u2019Union Carbide Building, premier v\u00e9ritable gratte-ciel con\u00e7u comme si\u00e8ge d\u2019une multinationale, \u00e9rig\u00e9 \u00e0 Manhattan en 1960. La multinationale \u00e9tait n\u00e9e, et avec elle une nouvelle symbiose \u2014 fragile mais durable \u2014 entre pouvoir national et pouvoir priv\u00e9. Charles Wilson, PDG de General Motors, en donnait d\u00e9j\u00e0 la formule devant le Congr\u00e8s en 1953, peu avant le lancement du chantier&#160;: \u00ab&#160;Ce qui est bon pour General Motors est bon pour le pays.&#160;\u00bb<\/p>\n\n\n\n<h2 class=\"wp-block-heading\">L\u2019\u00e9chelle urbaine et le mod\u00e8le de la cit\u00e9-\u00c9tat<\/h2>\n\n\n\n<p>Nous avons assist\u00e9 \u00e0 une progression s\u00e9culaire, du ch\u00e2teau \u00e0 la corporation puis au Capitole, en passant par des phases successivement religieuses, civiques, politiques et \u00e9conomiques. La question est d\u00e9sormais la suivante&#160;: quelle sera la prochaine forme dominante&#160;?<\/p>\n\n\n\n<p>Une hypoth\u00e8se \u00e9vidente est celle de <a href=\"https:\/\/legrandcontinent.eu\/fr\/2017\/11\/17\/apres-letat-nation\/\">l\u2019essor des cit\u00e9s-\u00c9tats <\/a>\u2014 une forme de \u00ab&#160;d\u00e9volution&#160;\u00bb quasi naturelle de l\u2019ordre westphalien des \u00c9tats-nations. L\u2019id\u00e9e n\u2019est pas nouvelle&#160;: Kenichi Ohmae en proposait d\u00e9j\u00e0 une articulation dans les ann\u00e9es 1990, et, de fait, les cit\u00e9s-\u00c9tats, comme mod\u00e8le de gouvernance, ont pr\u00e9c\u00e9d\u00e9 l\u2019av\u00e8nement des \u00c9tats-nations&nbsp;<span class='whitespace-nowrap'><span id='easy-footnote-2-294315' class='easy-footnote-margin-adjust'><\/span><span class='easy-footnote'><a href='https:\/\/legrandcontinent.eu\/fr\/2025\/08\/22\/le-nouveau-moment-grotius\/#easy-footnote-bottom-2-294315' title='Kenichi Ohmae, &lt;em&gt;The End of the Nation-State&amp;#160;: The Rise of Regional Economies&lt;\/em&gt;, New\u202fYork, Simon &amp;amp;\u202fSchuster, 1995.'><sup>2<\/sup><\/a><\/span><\/span>.<\/p>\n\n\n\n<figure class=\"wp-block-pullquote\"><blockquote><p>La puissance des cit\u00e9s-\u00c9tats ne r\u00e9side pas seulement dans leur force \u00e9conomique&#160;: elle tient surtout \u00e0 l\u2019\u00e9chelle.<\/p><cite>Paul Saffo<\/cite><\/blockquote><\/figure>\n\n\n\n<p>Les cit\u00e9s-\u00e9tats existantes aujourd\u2019hui se r\u00e9partissent en deux cat\u00e9gories&#160;: les cit\u00e9s-\u00c9tats souveraines <em>de jure,<\/em> comme Singapour, qui dispose d\u2019un si\u00e8ge \u00e0 l\u2019ONU&#160;; et les cit\u00e9s-\u00e9tats <em>de facto<\/em>, entit\u00e9s qui existent au sein d\u2019un \u00c9tat-nation sans statut international ind\u00e9pendant, mais qui exercent n\u00e9anmoins un pouvoir \u00e9conomique, culturel et politique consid\u00e9rable. Ainsi, si la r\u00e9gion de la baie de San Francisco \u00e9tait un pays ind\u00e9pendant, elle serait la dix-huiti\u00e8me \u00e9conomie mondiale&nbsp;<span class='whitespace-nowrap'><span id='easy-footnote-3-294315' class='easy-footnote-margin-adjust'><\/span><span class='easy-footnote'><a href='https:\/\/legrandcontinent.eu\/fr\/2025\/08\/22\/le-nouveau-moment-grotius\/#easy-footnote-bottom-3-294315' title='\u00ab&amp;#160;Bay Area GDP Surges in 2017, Now World\u2019s 18th Largest Economy&amp;#160;\u00bb, Bay Area Council Economic Institute, 2017.'><sup>3<\/sup><\/a><\/span><\/span>.<\/p>\n\n\n\n<p>Mais la puissance des cit\u00e9s-\u00c9tats ne r\u00e9side pas seulement dans leur force \u00e9conomique&#160;: elle tient surtout \u00e0 l\u2019\u00e9chelle. Elles sont efficaces parce qu\u2019elles sont assez puissantes pour exercer une influence \u00e9conomique et culturelle mondiale, tout en restant suffisamment compactes pour que leur population conserve une identit\u00e9 sociale coh\u00e9rente. Il n\u2019est donc pas surprenant que les cit\u00e9s-\u00c9tats de facto soient aujourd\u2019hui les principaux moteurs \u00e9conomiques des nations.<\/p>\n\n\n\n<p>Les r\u00e9gions urbaines \u2014 les fameuses \u00ab&#160;m\u00e9ga-r\u00e9gions&#160;\u00bb \u2014 constituent d\u00e9sormais des contributeurs majeurs au pouvoir et \u00e0 l\u2019identit\u00e9 nationale. Mais elles sont aussi une source de tensions, car leur mont\u00e9e en influence fragilise la stabilit\u00e9 de l\u2019ordre \u00e9tatique \u00e0 mesure qu\u2019elles cherchent \u00e0 accro\u00eetre leur poids politique et \u00e9conomique au sein m\u00eame de leur \u00c9tat.&nbsp;<\/p>\n\n\n\n<p>Aux \u00c9tats-Unis, une grande partie des fractures actuelles oppose les populations urbaines, lib\u00e9rales et concentr\u00e9es dans des m\u00e9ga-r\u00e9gions hautement productives, aux populations rurales plus dispers\u00e9es, mais dot\u00e9es d\u2019un grand pouvoir politique en raison des sp\u00e9cificit\u00e9s du syst\u00e8me bicam\u00e9ral et du coll\u00e8ge \u00e9lectoral<\/p>\n\n\n\n<p>Les m\u00e9ga-r\u00e9gions aux \u00c9tats-Unis ont longtemps cherch\u00e9 \u00e0 accro\u00eetre leur ind\u00e9pendance de Washington.<\/p>\n\n\n\n<p>Le r\u00e9cent protocole d\u2019accord sign\u00e9 entre l\u2019\u00c9tat de l\u2019Illinois et le Royaume-Uni, sous l\u2019impulsion du gouverneur Pritzker, en est un excellent exemple&nbsp;<span class='whitespace-nowrap'><span id='easy-footnote-4-294315' class='easy-footnote-margin-adjust'><\/span><span class='easy-footnote'><a href='https:\/\/legrandcontinent.eu\/fr\/2025\/08\/22\/le-nouveau-moment-grotius\/#easy-footnote-bottom-4-294315' title='\u00ab&amp;#160;Gov. Pritzker Signs Memorandum of Understanding Between Illinois and the United Kingdom&amp;#160;\u00bb,&lt;em&gt; The State of Illinois Newsroom&lt;\/em&gt;, 8 avril 2025.'><sup>4<\/sup><\/a><\/span><\/span>. L\u2019on pourrait aussi consid\u00e9rer les d\u00e9marches engag\u00e9es par le gouverneur de Californie, Gavin Newsom, visant \u00e0 conclure des accords avec d\u2019autres nations \u00e0 l\u2019\u00e9tranger&nbsp;<span class='whitespace-nowrap'><span id='easy-footnote-5-294315' class='easy-footnote-margin-adjust'><\/span><span class='easy-footnote'><a href='https:\/\/legrandcontinent.eu\/fr\/2025\/08\/22\/le-nouveau-moment-grotius\/#easy-footnote-bottom-5-294315' title='Laurel Rosenhall, \u00ab&amp;#160;Newsom Will Seek Trade Deals That Spare California From Retaliatory Tariffs&amp;#160;\u00bb, &lt;em&gt;The New York Times&lt;\/em&gt;, 4 avril 2025.'><sup>5<\/sup><\/a><\/span><\/span>. Il ne s\u2019agit ni d\u2019une nouveaut\u00e9, ni d\u2019un acte de r\u00e9bellion politique. Il y a plus de quinze ans, le gouverneur r\u00e9publicain de Californie, Arnold Schwarzenegger, avait d\u00e9j\u00e0 conclu des accords avec le Japon&nbsp;<span class='whitespace-nowrap'><span id='easy-footnote-6-294315' class='easy-footnote-margin-adjust'><\/span><span class='easy-footnote'><a href='https:\/\/legrandcontinent.eu\/fr\/2025\/08\/22\/le-nouveau-moment-grotius\/#easy-footnote-bottom-6-294315' title='Jack Dolan,&lt;strong&gt; &lt;\/strong&gt;\u00ab&amp;#160;Schwarzenegger leads group on trade mission to Asia&amp;#160;\u00bb, &lt;em&gt;Los Angeles Times&lt;\/em&gt;, 9 septembre 2010.'><sup>6<\/sup><\/a><\/span><\/span> et d\u2019autres pays, en opposition directe avec le pr\u00e9sident Bush.<\/p>\n\n\n\n<p>La Californie est r\u00e9v\u00e9latrice \u00e0 un autre \u00e9gard&#160;: plus de deux cents tentatives ont \u00e9t\u00e9 men\u00e9es pour scinder cet \u00c9tat en deux, voire en plusieurs entit\u00e9s distinctes. Toutes ont rapidement \u00e9chou\u00e9, \u00e0 l\u2019exception d\u2019une en 1915, qui avait failli aboutir avant d\u2019\u00eatre contrecarr\u00e9e par l\u2019ach\u00e8vement de la Ridge Route, reliant le nord et le sud de l\u2019\u00c9tat. Or, ces vell\u00e9it\u00e9s de partition n\u2019ont pas disparu. Dans le climat politique actuel, certains groupes m\u00e9contents, en Californie comme dans d\u2019autres \u00c9tats, vont jusqu\u2019\u00e0 envisager la s\u00e9cession pure et simple des \u00c9tats-Unis.<\/p>\n\n\n\n<p>Aucune de ces initiatives n\u2019est susceptible de r\u00e9ussir \u00e0 court terme, mais la technologie num\u00e9rique renforce la cr\u00e9dibilit\u00e9 de l\u2019id\u00e9e. Qu\u2019elles deviennent ou non le mod\u00e8le d\u2019un nouvel ordre international, les cit\u00e9s-\u00c9tats contribuent ind\u00e9niablement \u00e0 <a href=\"https:\/\/legrandcontinent.eu\/fr\/2017\/11\/17\/apres-letat-nation\/\">l\u2019\u00e9rosion de la coh\u00e9rence des \u00c9tats-nations<\/a>.<\/p>\n\n\n\n<h2 class=\"wp-block-heading\">Le paradigme du <em>Network State <\/em>dans le nouvel ordre mondial<\/h2>\n\n\n\n<p>Je travaille sur le futur et j\u2019ai appris \u00e0 pr\u00eater une attention particuli\u00e8re aux curiosit\u00e9s apparemment mineures, aux anomalies qui, parce qu\u2019elles semblent d\u00e9plac\u00e9es, peuvent indiquer de profonds changements se profilant \u00e0 l\u2019horizon.<\/p>\n\n\n\n<p>Par exemple, personne ne lit jamais les clauses des contrats imprim\u00e9s en tout petit sur les bo\u00eetes de logiciels ou celles auxquelles on adh\u00e8re dans le cadre de l\u2019achat d\u2019un nouveau t\u00e9l\u00e9phone mobile.&nbsp;<\/p>\n\n\n\n<p>Pourtant, m\u00eame si vous n\u2019utilisez pas le service Starlink d\u2019Elon Musk, lire les petits caract\u00e8res est \u00e9clairant.&nbsp;<\/p>\n\n\n\n<p>Voici l\u2019article 11 d\u2019un contrat type de Starlink, valable en France&nbsp;<span class='whitespace-nowrap'><span id='easy-footnote-7-294315' class='easy-footnote-margin-adjust'><\/span><span class='easy-footnote'><a href='https:\/\/legrandcontinent.eu\/fr\/2025\/08\/22\/le-nouveau-moment-grotius\/#easy-footnote-bottom-7-294315' title='Starlink Internet Services Limited, &lt;em&gt;Starlink Terms of Service (France)&lt;\/em&gt;, document n\u00b0DOC-1042-35310-55, consult\u00e9 sur le site Starlink, r\u00e9gion France.'><sup>7<\/sup><\/a><\/span><\/span>&#160;:<\/p>\n\n\n\n<blockquote class=\"wp-block-quote is-layout-flow wp-block-quote-is-layout-flow\">\n<p><strong><em>DROIT APPLICABLE ET LITIGES<br><\/em><\/strong><em>Pour les Services fournis \u00e0, sur ou en orbite autour de la plan\u00e8te Terre ou la Lune, le pr\u00e9sent Contrat et tout litige relatif au pr\u00e9sent Contrat, (les \u00ab&#160;Litiges&#160;\u00bb) seront r\u00e9gis et interpr\u00e9t\u00e9s conform\u00e9ment aux lois fran\u00e7aises, et soumis \u00e0 la comp\u00e9tence exclusive des tribunaux fran\u00e7ais. Pour les Services fournis sur Mars ou en transit vers Mars via Starship ou un autre engin spatial, les parties reconnaissent Mars comme une plan\u00e8te libre et conviennent qu\u2019aucun gouvernement terrestre n\u2019a d\u2019autorit\u00e9 ou de souverainet\u00e9 sur les activit\u00e9s martiennes. En cons\u00e9quence, les litiges seront r\u00e9gl\u00e9s par le biais de principes autonomes, \u00e9tablis de bonne foi, au moment de l\u2019\u00e9tablissement de la colonie martienne.<\/em><\/p>\n<\/blockquote>\n\n\n\n<p>Ceci constitue, bien s\u00fbr, un signe manifeste que Musk prend au s\u00e9rieux son projet de colonisation de Mars. Mais ce n\u2019est l\u00e0 qu\u2019une facette de l\u2019histoire et, pour l\u2019avenir de l\u2019ordre international, sans doute la moins d\u00e9terminante. Car Elon Musk nourrit aussi d\u2019immenses ambitions en mati\u00e8re de gouvernance terrestre \u2014 et il n\u2019est pas le seul.<\/p>\n\n\n\n<figure class=\"wp-block-pullquote\"><blockquote><p>Un <em>Network State<\/em> pourrait f\u00e9d\u00e9rer les partisans de la vie \u00e9ternelle, un autre les passionn\u00e9s de crypto-monnaies, un autre encore les amateurs de films Disney \u2014 ou tout autre centre d\u2019int\u00e9r\u00eat imaginable.\u00a0<\/p><cite>Paul Saffo<\/cite><\/blockquote><\/figure>\n\n\n\n<p>La notion de \u00ab&#160;<em>Network State<\/em>&#160;\u00bb \u2014 un hybride entre cyberespace et territoire physique \u2014 circule depuis pr\u00e8s de vingt ans.&nbsp;<\/p>\n\n\n\n<p>Ses partisans la d\u00e9finissent de la mani\u00e8re suivante&#160;: \u00ab&#160;Un <em>Network State<\/em> est une entit\u00e9 g\u00e9ographiquement d\u00e9centralis\u00e9e, reli\u00e9e par Internet, con\u00e7ue comme un archipel mondial de territoires physiques. Sa croissance repose sur un pl\u00e9biscite permanent, attirant des migrants unis par une communaut\u00e9 d\u2019id\u00e9es et de valeurs.&#160;\u00bb&nbsp;<span class='whitespace-nowrap'><span id='easy-footnote-8-294315' class='easy-footnote-margin-adjust'><\/span><span class='easy-footnote'><a href='https:\/\/legrandcontinent.eu\/fr\/2025\/08\/22\/le-nouveau-moment-grotius\/#easy-footnote-bottom-8-294315' title='Balaji Srinivasan, &lt;em&gt;The Network State&amp;#160;: How To Start a New Country&lt;\/em&gt; (auto-\u00e9dit\u00e9), 2022.'><sup>8<\/sup><\/a><\/span><\/span><\/p>\n\n\n\n<p>Autrement dit, un <em>Network State<\/em> existe simultan\u00e9ment comme entit\u00e9 unitaire dans l\u2019espace num\u00e9rique et comme pr\u00e9sence physique sur la surface de la plan\u00e8te sous la forme de multiples territoires physiques non contigus.<\/p>\n\n\n\n<p>Il convient de souligner qu\u2019il ne s\u2019agit pas d\u2019une vision unique&#160;: il pourrait y avoir des dizaines, voire des centaines de <em>Network States<\/em>, chacun centr\u00e9 sur un th\u00e8me ou un objectif commun.&nbsp;<\/p>\n\n\n\n<p>Ainsi, un <em>Network State<\/em> pourrait f\u00e9d\u00e9rer les partisans de la vie \u00e9ternelle, un autre les passionn\u00e9s de crypto-monnaies, un autre encore les amateurs de films Disney \u2014 ou tout autre centre d\u2019int\u00e9r\u00eat imaginable.&nbsp;<\/p>\n\n\n\n<p>Puisque le cyberespace est potentiellement infini et que certains promoteurs des <em>Network States<\/em> envisagent d\u00e9j\u00e0 de peupler des stations spatiales, d\u2019explorer la Lune ou de coloniser Mars, il y aurait, en th\u00e9orie, suffisamment d\u2019espace pour donner corps aux r\u00eaves de chacun.<\/p>\n\n\n\n<p>Cette id\u00e9e a longtemps sembl\u00e9 si farfelue qu\u2019elle a suscit\u00e9 peu ou pas d\u2019attention en dehors d\u2019une petite communaut\u00e9 d\u2019adeptes. Pourtant, elle b\u00e9n\u00e9ficie depuis longtemps du soutien de personnalit\u00e9s riches et influentes de la Silicon Valley, notamment <a href=\"https:\/\/legrandcontinent.eu\/fr\/2025\/01\/30\/la-conjuration-des-batisseurs-musk-thiel-trump-et-lavenir-des-etats-unis\/\">Elon Musk<\/a> et <a href=\"https:\/\/legrandcontinent.eu\/fr\/2025\/07\/03\/le-transhumanisme-selon-peter-thiel-lia-mars-et-la-geopolitique\/\">Peter Thiel<\/a>. Ce dernier a consacr\u00e9 d\u2019importantes ressources au d\u00e9veloppement du concept de <em>Network State<\/em> et \u00e0 sa promotion comme proposition s\u00e9rieuse.<\/p>\n\n\n\n<figure class=\"wp-block-pullquote\"><blockquote><p>\u00c0 l\u2019origine, l\u2019ambition affich\u00e9e par Musk et Thiel \u00e9tait bien plus radicale&#160;: \u00ab&#160;cr\u00e9er une monnaie Internet pour remplacer le dollar&#160;\u00bb<\/p><cite>Paul Saffo<\/cite><\/blockquote><\/figure>\n\n\n\n<p>En particulier, Thiel a soutenu <a href=\"https:\/\/legrandcontinent.eu\/fr\/2025\/04\/05\/curtis-yarvin-grand-entretien-1\/\">Curtis Yarvin<\/a>, philosophe autodidacte au regard obscur, dont les id\u00e9es radicales s\u00e9duisent \u00e9tonnement les libertariens technophiles qui investissent massivement dans la Silicon Valley. Parmi ses convictions, Yarvin estime que la d\u00e9mocratie est condamn\u00e9e en raison de son inefficacit\u00e9 et qu\u2019elle devrait \u00eatre remplac\u00e9e par une \u00ab&#160;<a href=\"https:\/\/legrandcontinent.eu\/fr\/2025\/01\/21\/se-preparer-a-lempire-curtis-yarvin-prophete-des-lumieres-noires\/\">monarchie \u00e9clair\u00e9e<\/a>&#160;\u00bb profond\u00e9ment anti-d\u00e9mocratique.<\/p>\n\n\n\n<p>Elon Musk et Peter Thiel ont une longue histoire commune, marqu\u00e9e par la cofondation de PayPal au tournant des ann\u00e9es 2000. Aujourd\u2019hui, le service appara\u00eet comme un outil anodin, permettant notamment d\u2019acheter facilement des objets d\u2019occasion sur eBay. Mais, \u00e0 l\u2019origine, l\u2019ambition affich\u00e9e par Musk et Thiel \u00e9tait bien plus radicale&#160;: \u00ab&#160;cr\u00e9er une monnaie Internet pour remplacer le dollar&#160;\u00bb&nbsp;<span class='whitespace-nowrap'><span id='easy-footnote-9-294315' class='easy-footnote-margin-adjust'><\/span><span class='easy-footnote'><a href='https:\/\/legrandcontinent.eu\/fr\/2025\/08\/22\/le-nouveau-moment-grotius\/#easy-footnote-bottom-9-294315' title='Julian Guthrie, \u00ab&amp;#160;Entrepreneur Peter Thiel talks &amp;lsquo;Zero to One\u2019&amp;#160;\u00bb, &lt;em&gt;SFGATE&lt;\/em&gt;, 21 septembre 2014.'><sup>9<\/sup><\/a><\/span><\/span>.<\/p>\n\n\n\n<p>Lorsqu\u2019on examine leurs activit\u00e9s r\u00e9centes, on constate que des projets apparemment disparates et sans lien s\u2019inscrivent en r\u00e9alit\u00e9 dans un puzzle radical, orient\u00e9 vers la cr\u00e9ation d\u2019un <em>Network State<\/em>.&nbsp;<\/p>\n\n\n\n<p>Musk a par exemple \u0153uvr\u00e9 pour que les \u00c9tats-Unis se retirent de tous les trait\u00e9s spatiaux auxquels ils ont adh\u00e9r\u00e9 \u2014 y compris le Trait\u00e9 sur l\u2019espace extra-atmosph\u00e9rique et les trait\u00e9s relatifs aux missiles balistiques. Il souhaite \u00e9galement que les \u00c9tats-Unis se retirent de la Convention des Nations unies sur le droit de la mer&nbsp;<span class='whitespace-nowrap'><span id='easy-footnote-10-294315' class='easy-footnote-margin-adjust'><\/span><span class='easy-footnote'><a href='https:\/\/legrandcontinent.eu\/fr\/2025\/08\/22\/le-nouveau-moment-grotius\/#easy-footnote-bottom-10-294315' title='Kelly Weinersmith et Zach Weinersmith, \u00ab&amp;#160;Mars Attacks&amp;#160;: How Elon Musk\u2019s plans for Mars threaten Earth&amp;#160;\u00bb, &lt;em&gt;Bulletin of the Atomic Scientists&lt;\/em&gt;, 20 mars 2025.'><sup>10<\/sup><\/a><\/span><\/span>.<\/p>\n\n\n\n<p>L\u2019id\u00e9e consiste \u00e0 remplacer l\u2019ordre international institutionnel par un ordre libertarien radical, centr\u00e9 sur les individus et les entit\u00e9s priv\u00e9es. Il s\u2019agit d\u2019un bouleversement profond, visant rien de moins que la disparition compl\u00e8te de l\u2019ordre international d\u2019apr\u00e8s-guerre tel qu\u2019il avait \u00e9t\u00e9 con\u00e7u \u00e0 Bretton Woods.<\/p>\n\n\n\n<p>Peter Thiel nourrit des visions tout aussi radicales, qu\u2019il a d\u00e9j\u00e0 tent\u00e9 de concr\u00e9tiser avec des succ\u00e8s variables. Il y a deux d\u00e9cennies, il a financ\u00e9 le <a href=\"https:\/\/legrandcontinent.eu\/fr\/2019\/02\/16\/par-dela-la-democratie\/\">Seasteading Institute<\/a>, qui proposait de cr\u00e9er un paradis libertarien pour programmeurs sur un navire de croisi\u00e8re situ\u00e9 hors de toute juridiction nationale, au large de la Californie. Les exp\u00e9rimentateurs ont rapidement d\u00e9couvert que m\u00eame les libertariens souffrent du mal de mer. N\u00e9anmoins, le Seasteading Institute reste actif et se concentre d\u00e9sormais sur la recherche de partenariats juridiques avec de petits \u00c9tats du Pacifique. Si cette approche r\u00e9ussit, ces enclaves physiques pourraient devenir des composantes d\u2019un <em>Network State<\/em>.<\/p>\n\n\n\n<p>Par ailleurs, il ne faut pas oublier le plus grand succ\u00e8s de Thiel, la soci\u00e9t\u00e9 de surveillance et d\u2019exploitation de donn\u00e9es <a href=\"https:\/\/legrandcontinent.eu\/fr\/2025\/08\/06\/palantir-ontologie\/\">Palantir<\/a>. Avec l\u2019ambition affich\u00e9e de devenir \u00ab&#160;le syst\u00e8me d\u2019exploitation de l\u2019Am\u00e9rique&#160;\u00bb et ses liens \u00e9troits avec l\u2019administration Trump, il n\u2019est pas difficile d\u2019imaginer o\u00f9 elle pourrait s\u2019ins\u00e9rer dans une tentative de construire un nouvel ordre mondial bas\u00e9 sur le <em>Network State<\/em>.<\/p>\n\n\n\n<figure class=\"wp-block-pullquote\"><blockquote><p>L\u2019id\u00e9e consiste \u00e0 remplacer l\u2019ordre international institutionnel par un ordre libertarien radical, centr\u00e9 sur les individus et les entit\u00e9s priv\u00e9es.<\/p><cite>Paul Saffo<\/cite><\/blockquote><\/figure>\n\n\n\n<h2 class=\"wp-block-heading\">La longue dur\u00e9e du <em>Network State<\/em><\/h2>\n\n\n\n<p>Ce n\u2019est pas la premi\u00e8re fois que de petits groupes tentent de fonder des micronations ind\u00e9pendantes des \u00c9tats-nations dominants.<\/p>\n\n\n\n<p>On peut citer quelques unes des tentatives les plus c\u00e9l\u00e8bres&#160;:<\/p>\n\n\n\n<h4 class=\"wp-block-heading\">\u2014 La R\u00e9publique de Minerva<\/h4>\n\n\n\n<p>Proclam\u00e9e en 1971 comme nation ind\u00e9pendante dans une zone recul\u00e9e du Pacifique, ses fondateurs avaient tent\u00e9 d\u2019\u00e9tablir une pr\u00e9sence sur les r\u00e9cifs Minerva, dans le sud-ouest du Pacifique, mais ont \u00e9t\u00e9 rapidement stopp\u00e9s par les Tonga, dont l\u2019arm\u00e9e avait chass\u00e9 les colons potentiels. Les r\u00e9cifs Minerva ont depuis presque totalement disparu, victimes de la mont\u00e9e du niveau de la mer.<\/p>\n\n\n\n<h4 class=\"wp-block-heading\">\u2014 La Principaut\u00e9 de Sealand<\/h4>\n\n\n\n<p>Micronation non reconnue install\u00e9e sur un ancien fort maritime de la Seconde Guerre mondiale au large de l\u2019Angleterre, elle a surv\u00e9cu plus longtemps que la R\u00e9publique de Minerva, notamment comme station de radio pirate b\u00e9n\u00e9ficiant d\u2019un public fid\u00e8le. Elle existe toujours comme micronation autoproclam\u00e9e, mais constitue plus une curiosit\u00e9 qu\u2019une v\u00e9ritable entit\u00e9 publique.&nbsp;<\/p>\n\n\n\n<h4 class=\"wp-block-heading\">\u2014 La Monarchie constitutionnelle d\u2019Abalonia&nbsp;<\/h4>\n\n\n\n<p>Elle fut l\u2019une des deux tentatives visant \u00e0 \u00e9tablir une micronation ind\u00e9pendante sur le Cortes Bank, un banc de sable immerg\u00e9 \u00e0 2,5 m\u00e8tres sous le niveau de la mer au large de la Californie, \u00e0 150 kilom\u00e8tres \u00e0 l\u2019ouest de San Diego. Les conditions m\u00e9t\u00e9orologiques extr\u00eames et les fortes vagues dans la zone ont d\u00e9truit toutes les tentatives de construction d\u2019une structure permanente \u2014 une barge en b\u00e9ton aujourd\u2019hui coul\u00e9e \u2014 sur le banc&nbsp;<span class='whitespace-nowrap'><span id='easy-footnote-11-294315' class='easy-footnote-margin-adjust'><\/span><span class='easy-footnote'><a href='https:\/\/legrandcontinent.eu\/fr\/2025\/08\/22\/le-nouveau-moment-grotius\/#easy-footnote-bottom-11-294315' title='Hal D. Stewart, \u00ab&amp;#160;Pair Planning Island Nation off San Diego&amp;#160;\u00bb, &lt;em&gt;The Pasadena Independent&lt;\/em&gt;, 31 octobre 1966.'><sup>11<\/sup><\/a><\/span><\/span>.<\/p>\n\n\n\n<p>Au regard de ces tentatives \u2014 et de tant d\u2019autres \u2014 de cr\u00e9ation de micronations \u00e9chou\u00e9es, l\u2019id\u00e9e de b\u00e2tir un <em>Network State<\/em> dot\u00e9 d\u2019un territoire physique pourrait para\u00eetre chim\u00e9rique.<\/p>\n\n\n\n<p>Mais cette fois, la situation semble diff\u00e9rente&#160;: l\u2019acc\u00e9l\u00e9ration num\u00e9rique pourrait bien changer la donne. Les r\u00e9seaux num\u00e9riques offrent en effet le socle potentiel d\u2019un <em>Network State<\/em>, et Starlink \u2014 infrastructure cl\u00e9 des communications globales, construite et contr\u00f4l\u00e9e par Elon Musk \u2014 pourrait en devenir une pi\u00e8ce ma\u00eetresse. Plus largement, la technologie num\u00e9rique ouvre la possibilit\u00e9 d\u2019un amplificateur de puissance sans pr\u00e9c\u00e9dent pour de petits groupes d\u00e9cid\u00e9s \u00e0 se s\u00e9parer du reste.<\/p>\n\n\n\n\n\n<figure class=\"wp-block-image wp-block-image-medium\"\n    data-shadow=\"false\"\n    data-use-original-file=\"false\">\n    <a\n        data-pswp-src=\"https:\/\/legrandcontinent.eu\/fr\/wp-content\/uploads\/sites\/2\/2025\/08\/Mars-Planum-Boreum.png\"\n        class=\"inline-block gallery-item no-underline \"\n        data-pswp-width=\"1834\"\n        data-pswp-height=\"2002\">\n                                        <picture>\r\n                    <source\r\n                srcset=\"https:\/\/legrandcontinent.eu\/fr\/wp-content\/uploads\/sites\/2\/2025\/08\/Mars-Planum-Boreum-330x360.png\"\r\n                media=\"(max-width:  374px)\" \/>\r\n                    <source\r\n                srcset=\"https:\/\/legrandcontinent.eu\/fr\/wp-content\/uploads\/sites\/2\/2025\/08\/Mars-Planum-Boreum-690x753.png\"\r\n                media=\"(max-width:  989px)\" \/>\r\n                    <source\r\n                srcset=\"https:\/\/legrandcontinent.eu\/fr\/wp-content\/uploads\/sites\/2\/2025\/08\/Mars-Planum-Boreum-990x1081.png\"\r\n                media=\"(max-width: 1319px)\" \/>\r\n                    <source\r\n                srcset=\"https:\/\/legrandcontinent.eu\/fr\/wp-content\/uploads\/sites\/2\/2025\/08\/Mars-Planum-Boreum-690x753.png\"\r\n                media=\"(max-width: 1599px)\" \/>\r\n                    <source\r\n                srcset=\"https:\/\/legrandcontinent.eu\/fr\/wp-content\/uploads\/sites\/2\/2025\/08\/Mars-Planum-Boreum-990x1081.png\"\r\n                media=\"(min-width: 1600px)\" \/>\r\n                <img decoding=\"async\" src=\"https:\/\/legrandcontinent.eu\/fr\/wp-content\/uploads\/sites\/2\/2025\/08\/Mars-Planum-Boreum-125x136.png\" \/>\r\n        <\/picture>\r\n                            \n                    <figcaption class=\"pswp-caption-content \">Carte du p\u00f4le Nord de Mars (Planum Boreum), projection polaire st\u00e9r\u00e9ographique r\u00e9alis\u00e9e par le D\u00e9partement de l\u2019Int\u00e9rieur des \u00c9tats-Unis \u2013 Service g\u00e9ologique des \u00c9tats-Unis<\/figcaption>\n            <\/a>\n<\/figure>\n\n\n<h2 class=\"wp-block-heading\">Les \u00ab&#160;<em>Freedom Cities<\/em>&#160;\u00bb&#160;: le cheval de Trump du <em>Network State<\/em>&#160;?<\/h2>\n\n\n\n<p>Les citoyens d\u2019un Network State peuvent laisser leur c\u0153ur dans le cyberespace, mais ils doivent tout de m\u00eame dormir quelque part, et au moins jusqu\u2019\u00e0 ce que Musk colonise Mars ou construise une station spatiale. Cela implique des biens immobiliers quelque part sur la surface de la Terre.<\/p>\n\n\n\n<p>C\u2019est l\u00e0 qu\u2019interviennent les \u00ab&#160;Freedom Cities&#160;\u00bb \u2014 une id\u00e9e d\u00e9fendue par le pr\u00e9sident Trump lors de sa campagne l\u2019an dernier&nbsp;<span class='whitespace-nowrap'><span id='easy-footnote-12-294315' class='easy-footnote-margin-adjust'><\/span><span class='easy-footnote'><a href='https:\/\/legrandcontinent.eu\/fr\/2025\/08\/22\/le-nouveau-moment-grotius\/#easy-footnote-bottom-12-294315' title='J.J. Anselmi, \u00ab&amp;#160;Trump\u2019s \u2018Freedom Cities\u2019 Are a Devious Scam&amp;#160;\u00bb, &lt;em&gt;The New Republic&lt;\/em&gt;, 26 mars 2025.'><sup>12<\/sup><\/a><\/span><\/span>.&nbsp;<\/p>\n\n\n\n<p>L\u2019id\u00e9e est de cr\u00e9er des zones semi-autonomes exemptes de r\u00e9gulations \u00e9tatiques et f\u00e9d\u00e9rales qui, selon leurs promoteurs, deviendraient des centres de cr\u00e9ativit\u00e9 et d\u2019innovation.<\/p>\n\n\n\n<p>Il se trouve que plusieurs tentatives pour cr\u00e9er ces zones autonomes \u00e9taient d\u00e9j\u00e0 en cours plusieurs ann\u00e9es avant l\u2019int\u00e9r\u00eat exprim\u00e9 par Trump pour le concept.&nbsp;<\/p>\n\n\n\n<p>En Californie, juste au nord de San Francisco, un groupe \u00e9nigmatique se faisant appeler \u00ab&#160;California Forever&#160;\u00bb, soutenu par des milliardaires de la Silicon Valley, il a achet\u00e9 80 000 acres dans le comt\u00e9 rural de Solano&nbsp;<span class='whitespace-nowrap'><span id='easy-footnote-13-294315' class='easy-footnote-margin-adjust'><\/span><span class='easy-footnote'><a href='https:\/\/legrandcontinent.eu\/fr\/2025\/08\/22\/le-nouveau-moment-grotius\/#easy-footnote-bottom-13-294315' title='Katie Dowd, \u00ab&amp;#160;In shock move, California Forever pulls measure to build Bay Area city&amp;#160;\u00bb, &lt;em&gt;SFGATE&lt;\/em&gt;, 22 juillet 2024.'><sup>13<\/sup><\/a><\/span><\/span>. Le projet consiste \u00e0 b\u00e2tir une vaste nouvelle communaut\u00e9 qui, \u00e0 la lecture entre les lignes de leurs documents promotionnels, ressemble beaucoup \u00e0 une <em>Freedom City<\/em>.<\/p>\n\n\n\n<figure class=\"wp-block-pullquote\"><blockquote><p>Lorsqu\u2019on l\u2019examine \u00e0 travers le prisme du <em>Network State\/Freedom City<\/em>, une grande partie de ce qui semble \u00eatre des actions al\u00e9atoires de l\u2019administration Trump s\u2019inscrit dans un sch\u00e9ma inqui\u00e9tant.&nbsp;<\/p><cite>Paul Saffo<\/cite><\/blockquote><\/figure>\n\n\n\n<p>Ailleurs, l\u2019administration Trump a propos\u00e9 de retirer le Presidio de San Francisco du syst\u00e8me des parcs nationaux et de le confier \u00e0 des investisseurs priv\u00e9s afin de cr\u00e9er une nouvelle ville \u00e0 la limite du Golden Gate&nbsp;<span class='whitespace-nowrap'><span id='easy-footnote-14-294315' class='easy-footnote-margin-adjust'><\/span><span class='easy-footnote'><a href='https:\/\/legrandcontinent.eu\/fr\/2025\/08\/22\/le-nouveau-moment-grotius\/#easy-footnote-bottom-14-294315' title='Tara Nugga, Nora Mishanec, \u00ab&amp;#160;What Trump\u2019s executive order to gut the Presidio Trust means for the national park&amp;#160;\u00bb, &lt;em&gt;San Francisco Chronicle&lt;\/em&gt;, 20 f\u00e9vrier 2025.'><sup>14<\/sup><\/a><\/span><\/span>.<\/p>\n\n\n\n<p>Mais le candidat le plus \u00e9vident pour devenir une Trump Freedom City reste Washington elle-m\u00eame \u2014 le District de Columbia \u2014 qui, en raison de son statut particulier de district gouvern\u00e9 par le Congr\u00e8s, est particuli\u00e8rement susceptible de voir son statut modifi\u00e9 unilat\u00e9ralement pour devenir une entit\u00e9 quasi-ind\u00e9pendante&nbsp;<span class='whitespace-nowrap'><span id='easy-footnote-15-294315' class='easy-footnote-margin-adjust'><\/span><span class='easy-footnote'><a href='https:\/\/legrandcontinent.eu\/fr\/2025\/08\/22\/le-nouveau-moment-grotius\/#easy-footnote-bottom-15-294315' title='Caroline Haskins, Vittoria Elliott, \u00ab&amp;#160;\u2018Startup City\u2019 Groups Say They\u2019re Meeting Trump Officials to Push for Deregulated \u2018Freedom Cities\u2019&amp;#160;\u00bb, &lt;em&gt;Wired&lt;\/em&gt;, 7 mars 2025.'><sup>15<\/sup><\/a><\/span><\/span>.<\/p>\n\n\n\n<p>En r\u00e9alit\u00e9, lorsqu\u2019on l\u2019examine \u00e0 travers le prisme du <em>Network State\/Freedom City<\/em>, une grande partie de ce qui semble \u00eatre des actions al\u00e9atoires de l\u2019administration Trump s\u2019inscrit dans un sch\u00e9ma inqui\u00e9tant.&nbsp;<\/p>\n\n\n\n<p>Pour cr\u00e9er avec succ\u00e8s un nouvel ordre mondial de <em>Network State<\/em>, la premi\u00e8re t\u00e2che doit \u00eatre d\u2019affaiblir les nations les plus puissantes, celles qui sont les plus susceptibles de g\u00eaner la cr\u00e9ation de ces <em>Network States<\/em>.&nbsp;<\/p>\n\n\n\n<p>\u00c0 cet \u00e9gard, la droite conservatrice am\u00e9ricaine s\u2019est align\u00e9e sur cet objectif depuis tr\u00e8s longtemps. En 2001, l\u2019activiste conservateur Grover Norquist d\u00e9clarait d\u00e9j\u00e0&#160;: \u00ab&#160;Je ne veux pas abolir le gouvernement. Je veux simplement le r\u00e9duire \u00e0 une taille o\u00f9 je peux le tra\u00eener dans la salle de bain et le noyer dans la baignoire&#160;\u00bb&nbsp;<span class='whitespace-nowrap'><span id='easy-footnote-16-294315' class='easy-footnote-margin-adjust'><\/span><span class='easy-footnote'><a href='https:\/\/legrandcontinent.eu\/fr\/2025\/08\/22\/le-nouveau-moment-grotius\/#easy-footnote-bottom-16-294315' title='Mara Liasson, \u00ab&amp;#160;Conservative Advocate&amp;#160;\u00bb, &lt;em&gt;NPR&lt;\/em&gt;, 25 mai 2001.'><sup>16<\/sup><\/a><\/span><\/span>.<\/p>\n\n\n\n<h2 class=\"wp-block-heading\">Les <em>Network States<\/em> ne sont pas une fatalit\u00e9 \u2014&nbsp;mais une tendance et un sympt\u00f4me<\/h2>\n\n\n\n<p>Les partisans des <em>Network States<\/em>, tels que Yarvin, Thiel ou Musk, cherchent \u00e0 nous persuader que leur vision est la seule voie possible.&nbsp;<\/p>\n\n\n\n<p>Mais rien n\u2019est plus dangereux que quelqu\u2019un capable de rep\u00e9rer avec justesse les tendances tout en laissant ses enthousiasmes personnels obscurcir sa perception de l\u2019\u00e9ventail complet des possibles.<\/p>\n\n\n\n<p>La vision du <em>Network State<\/em> n\u2019est rendue possible que par la brutalit\u00e9 de bouleversement d\u2019un ordre international centr\u00e9 sur les \u00c9tats-nations et autrefois stabilis\u00e9 par la r\u00e9volution num\u00e9rique et ses cons\u00e9quences \u2014 de la cr\u00e9ation du cyberspace aux effets des technologies exponentielles acc\u00e9l\u00e9r\u00e9es. En r\u00e9sulte une s\u00e9quence prot\u00e9iforme o\u00f9 toutes les parties de l\u2019ancien ordre subsistent, mais o\u00f9 la matrice reliant ces \u00e9l\u00e9ments en un ordre coh\u00e9rent se dissout.<\/p>\n\n\n\n<figure class=\"wp-block-pullquote\"><blockquote><p>Nous devons envisager la perspective d\u2019un futur <em>Network State<\/em> non pas comme une fatalit\u00e9, mais comme un indicateur de l\u2019ampleur des transformations en cours.<\/p><cite>Paul Saffo<\/cite><\/blockquote><\/figure>\n\n\n\n<p>Hugo Grotius aurait imm\u00e9diatement reconnu ce moment comme analogue \u00e0 celui o\u00f9 il repensa l\u2019organisation du monde, alors que la r\u00e9volution de l\u2019imprimerie et la myriade d\u2019innovations technologiques et commerciales de la fin du XVI\u1d49 si\u00e8cle transformaient le visage de l\u2019Europe et, bient\u00f4t, celui du monde entier.<\/p>\n\n\n\n<p>Nous devons envisager la perspective d\u2019un futur <em>Network State<\/em> non pas comme une fatalit\u00e9, mais comme un indicateur de l\u2019ampleur des transformations en cours. C\u2019est un moment o\u00f9 il nous faut r\u00e9fl\u00e9chir de mani\u00e8re syst\u00e9matique \u00e0 l\u2019ensemble des mondes possibles susceptibles d\u2019\u00e9merger de ces incertitudes. Il s\u2019agit ensuite d\u2019identifier et de d\u00e9fendre le nouveau cadre international qui permettra \u00e0 l\u2019humanit\u00e9 de r\u00e9aliser ses aspirations les plus \u00e9lev\u00e9es et de b\u00e2tir un monde que nous souhaiterions l\u00e9guer \u00e0 nos enfants et petits-enfants.<\/p>\n\n\n\n<p>Peut-\u00eatre verra-t-on \u00e9merger un nouveau Grotius du XXI\u1d49 si\u00e8cle, capable de nous guider \u00e0 travers les brumes de ce nouveau territoire cybern\u00e9tique, \u00e0 l\u2019instar de ce qu\u2019Hugo de Groot, humaniste, \u00e9rudit et juriste, avait accompli il y a quatre si\u00e8cles.<\/p>\n","protected":false},"excerpt":{"rendered":"<p>La dislocation de l\u2019ordre international pourrait n&rsquo;avoir qu&rsquo;une cause aussi simple que profonde&#160;&#160;: les \u00c9tats-nations ne tiennent pas dans l\u2019espace num\u00e9rique.<\/p>\n<p>De la plan\u00e8te Mars \u00e0 Westphalie, en passant par Thiel et Trump, l\u2019un des intellectuels les plus originaux de la Silicon Valley dresse une nouvelle carte de la Terre \u00e0 l\u2019\u00e8re de l\u2019intelligence artificielle.<\/p>\n","protected":false},"author":7,"featured_media":294316,"comment_status":"closed","ping_status":"closed","sticky":false,"template":"templates\/post-editorials.php","format":"standard","meta":{"_acf_changed":false,"_trash_the_other_posts":false,"_yoast_wpseo_estimated-reading-time-minutes":24,"footnotes":""},"categories":[3412],"tags":[],"staff":[4545],"editorial_format":[],"serie":[],"audience":[],"geo":[2163],"class_list":["post-294315","post","type-post","status-publish","format-standard","hentry","category-puissances-de-lia","staff-paul-saffo","geo-monde"],"acf":{"open_in_webview":false,"accent":false},"yoast_head":"<!-- This site is optimized with the Yoast SEO plugin v26.1.1 - https:\/\/yoast.com\/wordpress\/plugins\/seo\/ -->\n<title>Le Nouveau Moment Grotius | Le Grand Continent<\/title>\n<meta name=\"robots\" content=\"index, follow, max-snippet:-1, max-image-preview:large, max-video-preview:-1\" \/>\n<link rel=\"canonical\" href=\"https:\/\/legrandcontinent.eu\/fr\/2025\/08\/22\/le-nouveau-moment-grotius\/\" \/>\n<meta property=\"og:locale\" content=\"fr_FR\" \/>\n<meta property=\"og:type\" content=\"article\" \/>\n<meta property=\"og:title\" content=\"Le Nouveau Moment Grotius | Le Grand Continent\" \/>\n<meta property=\"og:description\" content=\"La dislocation de l\u2019ordre international pourrait n&#039;avoir qu&#039;une cause aussi simple que profonde&#160;: les \u00c9tats-nations ne tiennent pas dans l\u2019espace num\u00e9rique.  De la plan\u00e8te Mars \u00e0 Westphalie, en passant par Thiel et Trump, l\u2019un des intellectuels les plus originaux de la Silicon Valley dresse une nouvelle carte de la Terre \u00e0 l\u2019\u00e8re de l\u2019intelligence artificielle.\" \/>\n<meta property=\"og:url\" content=\"https:\/\/legrandcontinent.eu\/fr\/2025\/08\/22\/le-nouveau-moment-grotius\/\" \/>\n<meta property=\"og:site_name\" content=\"Le Grand Continent\" \/>\n<meta property=\"article:published_time\" content=\"2025-08-22T05:20:43+00:00\" \/>\n<meta property=\"article:modified_time\" content=\"2025-08-22T15:48:56+00:00\" \/>\n<meta property=\"og:image\" content=\"https:\/\/legrandcontinent.eu\/fr\/wp-content\/uploads\/sites\/2\/2025\/08\/Le-Moment-Grotius.png\" \/>\n\t<meta property=\"og:image:width\" content=\"948\" \/>\n\t<meta property=\"og:image:height\" content=\"532\" \/>\n\t<meta property=\"og:image:type\" content=\"image\/png\" \/>\n<meta name=\"author\" content=\"Gilles Gressani\" \/>\n<meta name=\"twitter:card\" content=\"summary_large_image\" \/>\n<meta name=\"twitter:image\" content=\"https:\/\/legrandcontinent.eu\/fr\/wp-content\/uploads\/sites\/2\/2025\/08\/Le-Moment-Grotius.png\" \/>\n<meta name=\"twitter:label1\" content=\"\u00c9crit par\" \/>\n\t<meta name=\"twitter:data1\" content=\"Gilles Gressani\" \/>\n\t<meta name=\"twitter:label2\" content=\"Dur\u00e9e de lecture estim\u00e9e\" \/>\n\t<meta name=\"twitter:data2\" content=\"24 minutes\" \/>\n<script type=\"application\/ld+json\" class=\"yoast-schema-graph\">{\"@context\":\"https:\/\/schema.org\",\"@graph\":[{\"@type\":\"WebPage\",\"@id\":\"https:\/\/legrandcontinent.eu\/fr\/2025\/08\/22\/le-nouveau-moment-grotius\/\",\"url\":\"https:\/\/legrandcontinent.eu\/fr\/2025\/08\/22\/le-nouveau-moment-grotius\/\",\"name\":\"Le Nouveau Moment Grotius | Le Grand Continent\",\"isPartOf\":{\"@id\":\"https:\/\/legrandcontinent.eu\/fr\/#website\"},\"primaryImageOfPage\":{\"@id\":\"https:\/\/legrandcontinent.eu\/fr\/2025\/08\/22\/le-nouveau-moment-grotius\/#primaryimage\"},\"image\":{\"@id\":\"https:\/\/legrandcontinent.eu\/fr\/2025\/08\/22\/le-nouveau-moment-grotius\/#primaryimage\"},\"thumbnailUrl\":\"https:\/\/legrandcontinent.eu\/fr\/wp-content\/uploads\/sites\/2\/2025\/08\/Grotius-sur-mars-scaled.jpg\",\"datePublished\":\"2025-08-22T05:20:43+00:00\",\"dateModified\":\"2025-08-22T15:48:56+00:00\",\"author\":{\"@id\":\"https:\/\/legrandcontinent.eu\/fr\/#\/schema\/person\/cf5b9f219cfb8e49b2923ff0e192682b\"},\"breadcrumb\":{\"@id\":\"https:\/\/legrandcontinent.eu\/fr\/2025\/08\/22\/le-nouveau-moment-grotius\/#breadcrumb\"},\"inLanguage\":\"fr-FR\",\"potentialAction\":[{\"@type\":\"ReadAction\",\"target\":[\"https:\/\/legrandcontinent.eu\/fr\/2025\/08\/22\/le-nouveau-moment-grotius\/\"]}]},{\"@type\":\"ImageObject\",\"inLanguage\":\"fr-FR\",\"@id\":\"https:\/\/legrandcontinent.eu\/fr\/2025\/08\/22\/le-nouveau-moment-grotius\/#primaryimage\",\"url\":\"https:\/\/legrandcontinent.eu\/fr\/wp-content\/uploads\/sites\/2\/2025\/08\/Grotius-sur-mars-scaled.jpg\",\"contentUrl\":\"https:\/\/legrandcontinent.eu\/fr\/wp-content\/uploads\/sites\/2\/2025\/08\/Grotius-sur-mars-scaled.jpg\",\"width\":1728,\"height\":2560,\"caption\":\"Reproduction historique num\u00e9riquement transform\u00e9e d'un portrait original du XIXe si\u00e8cle d'Hugo Grotius. Auteur inconnu.\"},{\"@type\":\"BreadcrumbList\",\"@id\":\"https:\/\/legrandcontinent.eu\/fr\/2025\/08\/22\/le-nouveau-moment-grotius\/#breadcrumb\",\"itemListElement\":[{\"@type\":\"ListItem\",\"position\":1,\"name\":\"Accueil\",\"item\":\"https:\/\/legrandcontinent.eu\/fr\/\"},{\"@type\":\"ListItem\",\"position\":2,\"name\":\"Le Nouveau Moment Grotius\"}]},{\"@type\":\"WebSite\",\"@id\":\"https:\/\/legrandcontinent.eu\/fr\/#website\",\"url\":\"https:\/\/legrandcontinent.eu\/fr\/\",\"name\":\"Le Grand Continent\",\"description\":\"L&#039;\u00e9chelle pertinente\",\"potentialAction\":[{\"@type\":\"SearchAction\",\"target\":{\"@type\":\"EntryPoint\",\"urlTemplate\":\"https:\/\/legrandcontinent.eu\/fr\/?s={search_term_string}\"},\"query-input\":{\"@type\":\"PropertyValueSpecification\",\"valueRequired\":true,\"valueName\":\"search_term_string\"}}],\"inLanguage\":\"fr-FR\"},{\"@type\":\"Person\",\"@id\":\"https:\/\/legrandcontinent.eu\/fr\/#\/schema\/person\/cf5b9f219cfb8e49b2923ff0e192682b\",\"name\":\"Gilles Gressani\",\"image\":{\"@type\":\"ImageObject\",\"inLanguage\":\"fr-FR\",\"@id\":\"https:\/\/legrandcontinent.eu\/fr\/#\/schema\/person\/image\/\",\"url\":\"https:\/\/secure.gravatar.com\/avatar\/ca9dca3417a297a024262b1a2d6d035a?s=96&d=mm&r=g\",\"contentUrl\":\"https:\/\/secure.gravatar.com\/avatar\/ca9dca3417a297a024262b1a2d6d035a?s=96&d=mm&r=g\",\"caption\":\"Gilles Gressani\"}}]}<\/script>\n<!-- \/ Yoast SEO plugin. -->","yoast_head_json":{"title":"Le Nouveau Moment Grotius | Le Grand Continent","robots":{"index":"index","follow":"follow","max-snippet":"max-snippet:-1","max-image-preview":"max-image-preview:large","max-video-preview":"max-video-preview:-1"},"canonical":"https:\/\/legrandcontinent.eu\/fr\/2025\/08\/22\/le-nouveau-moment-grotius\/","og_locale":"fr_FR","og_type":"article","og_title":"Le Nouveau Moment Grotius | Le Grand Continent","og_description":"La dislocation de l\u2019ordre international pourrait n'avoir qu'une cause aussi simple que profonde&#160;: les \u00c9tats-nations ne tiennent pas dans l\u2019espace num\u00e9rique.  De la plan\u00e8te Mars \u00e0 Westphalie, en passant par Thiel et Trump, l\u2019un des intellectuels les plus originaux de la Silicon Valley dresse une nouvelle carte de la Terre \u00e0 l\u2019\u00e8re de l\u2019intelligence artificielle.","og_url":"https:\/\/legrandcontinent.eu\/fr\/2025\/08\/22\/le-nouveau-moment-grotius\/","og_site_name":"Le Grand Continent","article_published_time":"2025-08-22T05:20:43+00:00","article_modified_time":"2025-08-22T15:48:56+00:00","og_image":[{"width":948,"height":532,"url":"https:\/\/legrandcontinent.eu\/fr\/wp-content\/uploads\/sites\/2\/2025\/08\/Le-Moment-Grotius.png","type":"image\/png"}],"author":"Gilles Gressani","twitter_card":"summary_large_image","twitter_image":"https:\/\/legrandcontinent.eu\/fr\/wp-content\/uploads\/sites\/2\/2025\/08\/Le-Moment-Grotius.png","twitter_misc":{"\u00c9crit par":"Gilles Gressani","Dur\u00e9e de lecture estim\u00e9e":"24 minutes"},"schema":{"@context":"https:\/\/schema.org","@graph":[{"@type":"WebPage","@id":"https:\/\/legrandcontinent.eu\/fr\/2025\/08\/22\/le-nouveau-moment-grotius\/","url":"https:\/\/legrandcontinent.eu\/fr\/2025\/08\/22\/le-nouveau-moment-grotius\/","name":"Le Nouveau Moment Grotius | Le Grand Continent","isPartOf":{"@id":"https:\/\/legrandcontinent.eu\/fr\/#website"},"primaryImageOfPage":{"@id":"https:\/\/legrandcontinent.eu\/fr\/2025\/08\/22\/le-nouveau-moment-grotius\/#primaryimage"},"image":{"@id":"https:\/\/legrandcontinent.eu\/fr\/2025\/08\/22\/le-nouveau-moment-grotius\/#primaryimage"},"thumbnailUrl":"https:\/\/legrandcontinent.eu\/fr\/wp-content\/uploads\/sites\/2\/2025\/08\/Grotius-sur-mars-scaled.jpg","datePublished":"2025-08-22T05:20:43+00:00","dateModified":"2025-08-22T15:48:56+00:00","author":{"@id":"https:\/\/legrandcontinent.eu\/fr\/#\/schema\/person\/cf5b9f219cfb8e49b2923ff0e192682b"},"breadcrumb":{"@id":"https:\/\/legrandcontinent.eu\/fr\/2025\/08\/22\/le-nouveau-moment-grotius\/#breadcrumb"},"inLanguage":"fr-FR","potentialAction":[{"@type":"ReadAction","target":["https:\/\/legrandcontinent.eu\/fr\/2025\/08\/22\/le-nouveau-moment-grotius\/"]}]},{"@type":"ImageObject","inLanguage":"fr-FR","@id":"https:\/\/legrandcontinent.eu\/fr\/2025\/08\/22\/le-nouveau-moment-grotius\/#primaryimage","url":"https:\/\/legrandcontinent.eu\/fr\/wp-content\/uploads\/sites\/2\/2025\/08\/Grotius-sur-mars-scaled.jpg","contentUrl":"https:\/\/legrandcontinent.eu\/fr\/wp-content\/uploads\/sites\/2\/2025\/08\/Grotius-sur-mars-scaled.jpg","width":1728,"height":2560,"caption":"Reproduction historique num\u00e9riquement transform\u00e9e d'un portrait original du XIXe si\u00e8cle d'Hugo Grotius. Auteur inconnu."},{"@type":"BreadcrumbList","@id":"https:\/\/legrandcontinent.eu\/fr\/2025\/08\/22\/le-nouveau-moment-grotius\/#breadcrumb","itemListElement":[{"@type":"ListItem","position":1,"name":"Accueil","item":"https:\/\/legrandcontinent.eu\/fr\/"},{"@type":"ListItem","position":2,"name":"Le Nouveau Moment Grotius"}]},{"@type":"WebSite","@id":"https:\/\/legrandcontinent.eu\/fr\/#website","url":"https:\/\/legrandcontinent.eu\/fr\/","name":"Le Grand Continent","description":"L&#039;\u00e9chelle pertinente","potentialAction":[{"@type":"SearchAction","target":{"@type":"EntryPoint","urlTemplate":"https:\/\/legrandcontinent.eu\/fr\/?s={search_term_string}"},"query-input":{"@type":"PropertyValueSpecification","valueRequired":true,"valueName":"search_term_string"}}],"inLanguage":"fr-FR"},{"@type":"Person","@id":"https:\/\/legrandcontinent.eu\/fr\/#\/schema\/person\/cf5b9f219cfb8e49b2923ff0e192682b","name":"Gilles Gressani","image":{"@type":"ImageObject","inLanguage":"fr-FR","@id":"https:\/\/legrandcontinent.eu\/fr\/#\/schema\/person\/image\/","url":"https:\/\/secure.gravatar.com\/avatar\/ca9dca3417a297a024262b1a2d6d035a?s=96&d=mm&r=g","contentUrl":"https:\/\/secure.gravatar.com\/avatar\/ca9dca3417a297a024262b1a2d6d035a?s=96&d=mm&r=g","caption":"Gilles Gressani"}}]}},"lgc_categories":[{"id":3412,"name":"Puissances de l'IA","slug":"puissances-de-lia"}],"lgc_author":{"id":4545,"name":"Paul Saffo","slug":"paul-saffo"},"feature_image_summary":{"url":"https:\/\/legrandcontinent.eu\/fr\/wp-content\/uploads\/sites\/2\/2025\/08\/Grotius-sur-mars-scaled.jpg","width":1728,"height":2560,"alt":""},"feature_image_cover":{"url":"https:\/\/legrandcontinent.eu\/fr\/wp-content\/uploads\/sites\/2\/2025\/08\/Grotius-sur-mars-scaled.jpg","width":1728,"height":2560,"alt":""},"term_position_data":null,"_links":{"self":[{"href":"https:\/\/legrandcontinent.eu\/fr\/wp-json\/wp\/v2\/posts\/294315","targetHints":{"allow":["GET"]}}],"collection":[{"href":"https:\/\/legrandcontinent.eu\/fr\/wp-json\/wp\/v2\/posts"}],"about":[{"href":"https:\/\/legrandcontinent.eu\/fr\/wp-json\/wp\/v2\/types\/post"}],"author":[{"embeddable":true,"href":"https:\/\/legrandcontinent.eu\/fr\/wp-json\/wp\/v2\/users\/7"}],"replies":[{"embeddable":true,"href":"https:\/\/legrandcontinent.eu\/fr\/wp-json\/wp\/v2\/comments?post=294315"}],"version-history":[{"count":0,"href":"https:\/\/legrandcontinent.eu\/fr\/wp-json\/wp\/v2\/posts\/294315\/revisions"}],"wp:featuredmedia":[{"embeddable":true,"href":"https:\/\/legrandcontinent.eu\/fr\/wp-json\/wp\/v2\/media\/294316"}],"wp:attachment":[{"href":"https:\/\/legrandcontinent.eu\/fr\/wp-json\/wp\/v2\/media?parent=294315"}],"wp:term":[{"taxonomy":"category","embeddable":true,"href":"https:\/\/legrandcontinent.eu\/fr\/wp-json\/wp\/v2\/categories?post=294315"},{"taxonomy":"post_tag","embeddable":true,"href":"https:\/\/legrandcontinent.eu\/fr\/wp-json\/wp\/v2\/tags?post=294315"},{"taxonomy":"staff","embeddable":true,"href":"https:\/\/legrandcontinent.eu\/fr\/wp-json\/wp\/v2\/staff?post=294315"},{"taxonomy":"editorial_format","embeddable":true,"href":"https:\/\/legrandcontinent.eu\/fr\/wp-json\/wp\/v2\/editorial_format?post=294315"},{"taxonomy":"serie","embeddable":true,"href":"https:\/\/legrandcontinent.eu\/fr\/wp-json\/wp\/v2\/serie?post=294315"},{"taxonomy":"audience","embeddable":true,"href":"https:\/\/legrandcontinent.eu\/fr\/wp-json\/wp\/v2\/audience?post=294315"},{"taxonomy":"geo","embeddable":true,"href":"https:\/\/legrandcontinent.eu\/fr\/wp-json\/wp\/v2\/geo?post=294315"}],"curies":[{"name":"wp","href":"https:\/\/api.w.org\/{rel}","templated":true}]}}