{"id":292004,"date":"2025-08-09T07:30:00","date_gmt":"2025-08-09T05:30:00","guid":{"rendered":"https:\/\/legrandcontinent.eu\/fr\/?p=292004"},"modified":"2025-08-08T22:55:06","modified_gmt":"2025-08-08T20:55:06","slug":"quelles-sont-les-destinations-preferees-des-europeens-pour-les-vacances","status":"publish","type":"post","link":"https:\/\/legrandcontinent.eu\/fr\/2025\/08\/09\/quelles-sont-les-destinations-preferees-des-europeens-pour-les-vacances\/","title":{"rendered":"Quelles sont les destinations pr\u00e9f\u00e9r\u00e9es des Europ\u00e9ens pour les vacances&#160;?"},"content":{"rendered":"\n<p>Selon les donn\u00e9es de la Commission europ\u00e9enne pour l\u2019ann\u00e9e 2023, l\u2019Italie (30,8 millions de touristes), l\u2019Espagne (30,4 millions) et la France (21,8 millions) sont les trois destinations pr\u00e9f\u00e9r\u00e9es des touristes europ\u00e9ens.<\/p>\n\n\n\n<ul class=\"wp-block-list\">\n<li>Les Allemands sont de loin les Europ\u00e9ens qui partent le plus en vacances \u00e0 l\u2019\u00e9tranger chaque ann\u00e9e&#160;: 70,1 millions de nuits ont \u00e9t\u00e9 pass\u00e9es dans un autre pays europ\u00e9en en 2022, pour une population totale de 83,5 millions d&rsquo;habitants&nbsp;<span class='whitespace-nowrap'><span id='easy-footnote-1-292004' class='easy-footnote-margin-adjust'><\/span><span class='easy-footnote'><a href='https:\/\/legrandcontinent.eu\/fr\/2025\/08\/09\/quelles-sont-les-destinations-preferees-des-europeens-pour-les-vacances\/#easy-footnote-bottom-1-292004' title='Ce chiffre ne correspond pas au nombre d&amp;rsquo;Allemands partis \u00e0 l&amp;rsquo;\u00e9tranger. Il concerne les voyages \u00e0 l\u2019\u00e9tranger ayant inclus au moins une nuit.'><sup>1<\/sup><\/a><\/span><\/span>.<\/li>\n\n\n\n<li>Le pays n&rsquo;a accueilli que 19,1 millions de touristes europ\u00e9ens en 2023, dont 4,6 millions de N\u00e9erlandais, 2,9 millions d&rsquo;Autrichiens, 2,6 millions de Polonais et 2,3 millions de Fran\u00e7ais.<\/li>\n<\/ul>\n\n\n\n<div class=\"iframe-container wp-block-image wp-block-image-large \">\n\t<div>\n\t\t<iframe class=\"absolute w-full h-full pin-t pin-l\" title=\"titolo\" aria-label=\"Interactive line chart\" src=\"\/\/flo.uri.sh\/visualisation\/24356297\/embed\" scrolling=\"no\" frameborder=\"0\"><\/iframe>\n\t<\/div>\n<\/div>\n\n\n\n<p>Dans l\u2019Union, les touristes fran\u00e7ais sont ceux qui voyagent le plus \u00e0 l\u2019int\u00e9rieur de leur propre pays (territoire m\u00e9tropolitain et d\u2019outre-mer compris)&#160;: en 2023, 56&#160;% de la population s\u2019est rendue en vacances en France au moins pour une nuit.&nbsp;<\/p>\n\n\n\n<ul class=\"wp-block-list\">\n<li>Ils sont suivis par l\u2019Espagne (45&#160;%), la Pologne (44&#160;%) et la Su\u00e8de (39&#160;%). Les Belges (7&#160;%), les Maltais (8&#160;%) et les Slov\u00e8nes (11&#160;%) sont quant \u00e0 eux ceux qui voyagent le moins \u00e0 l\u2019int\u00e9rieur de leur pays.<\/li>\n<\/ul>\n\n\n\n<p>Si la France est la principale destination touristique au monde (entre 80 et 140 millions, selon les sources et les indicateurs), elle est n\u00e9anmoins beaucoup moins populaire aupr\u00e8s des touristes europ\u00e9ens.<\/p>\n\n\n\n<ul class=\"wp-block-list\">\n<li>En juin 2024, un rapport de Deloitte estimait que l\u2019Espagne devrait d\u00e9tr\u00f4ner l&rsquo;Hexagone d\u2019ici 2040 avec 110 millions de visiteurs annuels, contre 105 pour la France&nbsp;<span class='whitespace-nowrap'><span id='easy-footnote-2-292004' class='easy-footnote-margin-adjust'><\/span><span class='easy-footnote'><a href='https:\/\/legrandcontinent.eu\/fr\/2025\/08\/09\/quelles-sont-les-destinations-preferees-des-europeens-pour-les-vacances\/#easy-footnote-bottom-2-292004' title='&lt;a href=&quot;https:\/\/perspectivas.deloitte.com\/l\/915781\/2024-06-11\/t9wxj\/915781\/1718097063p7fpDKlS\/20240305_NextGen_Travellers_Destinations_Google_ENG.pdf&quot;&gt;NextGen travellers and destinations&lt;\/a&gt;, Google &amp;amp; Deloitte, juin 2024.'><sup>2<\/sup><\/a><\/span><\/span>.<\/li>\n\n\n\n<li>\u00c0 l\u2019\u00e9chelle mondiale, ce sont les pays d\u2019Afrique et du Moyen-Orient qui devraient conna\u00eetre la croissance annuelle la plus forte du nombre d\u2019arriv\u00e9es de touristes, avec respectivement + 3,5&#160;% et + 5&#160;%.<\/li>\n\n\n\n<li>L\u2019Europe devrait n\u00e9anmoins rester le continent le plus visit\u00e9, avec 38&#160;% du nombre total de touristes internationaux.<\/li>\n<\/ul>\n","protected":false},"excerpt":{"rendered":"<p>Les Europ\u00e9ens voyagent avant tout dans leur propre pays et dans les autres pays de l\u2019Union pendant les vacances. En 2023, ont \u00e9t\u00e9 recens\u00e9s pr\u00e8s de 230 millions de s\u00e9jours touristiques intra-europ\u00e9ens d&rsquo;une dur\u00e9e sup\u00e9rieure \u00e0 une nuit.<\/p>\n<p>L\u2019Italie \u00e9tait la destination la plus populaire pour les Europ\u00e9ens en 2023, suivie par l\u2019Espagne puis la France.<\/p>\n","protected":false},"author":40,"featured_media":292006,"comment_status":"closed","ping_status":"closed","sticky":false,"template":"templates\/post-briefings.php","format":"standard","meta":{"_acf_changed":true,"_trash_the_other_posts":false,"_yoast_wpseo_estimated-reading-time-minutes":2,"footnotes":""},"categories":[3468],"tags":[],"staff":[],"editorial_format":[],"serie":[],"audience":[],"geo":[1917],"class_list":["post-292004","post","type-post","status-publish","format-standard","hentry","category-donnees-qui-changent-la-donne","geo-europe"],"acf":{"open_in_webview":false,"accent":false,"_thumbnail_id":292006,"excerpt":"Les Europ\u00e9ens voyagent avant tout dans leur propre pays et dans les autres pays de l\u2019Union pendant les vacances. En 2023, ont \u00e9t\u00e9 recens\u00e9s pr\u00e8s de 230 millions de s\u00e9jours touristiques intra-europ\u00e9ens d'une dur\u00e9e sup\u00e9rieure \u00e0 une nuit.\r\n\r\nL\u2019Italie \u00e9tait la destination la plus populaire pour les Europ\u00e9ens en 2023, suivie par l\u2019Espagne puis la France.","display_date":"","new_abstract":true},"yoast_head":"<!-- This site is optimized with the Yoast SEO plugin v26.1.1 - https:\/\/yoast.com\/wordpress\/plugins\/seo\/ -->\n<title>Quelles sont les destinations pr\u00e9f\u00e9r\u00e9es des Europ\u00e9ens pour les vacances ?<\/title>\n<meta name=\"robots\" content=\"index, follow, max-snippet:-1, max-image-preview:large, max-video-preview:-1\" \/>\n<link rel=\"canonical\" href=\"https:\/\/legrandcontinent.eu\/fr\/2025\/08\/09\/quelles-sont-les-destinations-preferees-des-europeens-pour-les-vacances\/\" \/>\n<meta property=\"og:locale\" content=\"fr_FR\" \/>\n<meta property=\"og:type\" content=\"article\" \/>\n<meta property=\"og:title\" content=\"Quelles sont les destinations pr\u00e9f\u00e9r\u00e9es des Europ\u00e9ens pour les vacances ?\" \/>\n<meta property=\"og:description\" content=\"Les Europ\u00e9ens voyagent avant tout dans leur propre pays et dans les autres pays de l\u2019Union pendant les vacances. En 2023, ont \u00e9t\u00e9 recens\u00e9s pr\u00e8s de 230 millions de s\u00e9jours touristiques intra-europ\u00e9ens d&#039;une dur\u00e9e sup\u00e9rieure \u00e0 une nuit.  L\u2019Italie \u00e9tait la destination la plus populaire pour les Europ\u00e9ens en 2023, suivie par l\u2019Espagne puis la France.\" \/>\n<meta property=\"og:url\" content=\"https:\/\/legrandcontinent.eu\/fr\/2025\/08\/09\/quelles-sont-les-destinations-preferees-des-europeens-pour-les-vacances\/\" \/>\n<meta property=\"og:site_name\" content=\"Le Grand Continent\" \/>\n<meta property=\"article:published_time\" content=\"2025-08-09T05:30:00+00:00\" \/>\n<meta property=\"og:image\" content=\"https:\/\/legrandcontinent.eu\/fr\/wp-content\/uploads\/sites\/2\/2025\/08\/Capture-decran-2025-08-08-a-22.52.24.png\" \/>\n\t<meta property=\"og:image:width\" content=\"1822\" \/>\n\t<meta property=\"og:image:height\" content=\"1028\" \/>\n\t<meta property=\"og:image:type\" content=\"image\/png\" \/>\n<meta name=\"author\" content=\"Ramona Bloj\" \/>\n<meta name=\"twitter:card\" content=\"summary_large_image\" \/>\n<meta name=\"twitter:image\" content=\"https:\/\/legrandcontinent.eu\/fr\/wp-content\/uploads\/sites\/2\/2025\/08\/Capture-decran-2025-08-08-a-22.52.24.png\" \/>\n<meta name=\"twitter:label1\" content=\"\u00c9crit par\" \/>\n\t<meta name=\"twitter:data1\" content=\"Ramona Bloj\" \/>\n\t<meta name=\"twitter:label2\" content=\"Dur\u00e9e de lecture estim\u00e9e\" \/>\n\t<meta name=\"twitter:data2\" content=\"2 minutes\" \/>\n<script type=\"application\/ld+json\" class=\"yoast-schema-graph\">{\"@context\":\"https:\/\/schema.org\",\"@graph\":[{\"@type\":\"WebPage\",\"@id\":\"https:\/\/legrandcontinent.eu\/fr\/2025\/08\/09\/quelles-sont-les-destinations-preferees-des-europeens-pour-les-vacances\/\",\"url\":\"https:\/\/legrandcontinent.eu\/fr\/2025\/08\/09\/quelles-sont-les-destinations-preferees-des-europeens-pour-les-vacances\/\",\"name\":\"Quelles sont les destinations pr\u00e9f\u00e9r\u00e9es des Europ\u00e9ens pour les vacances ?\",\"isPartOf\":{\"@id\":\"https:\/\/legrandcontinent.eu\/fr\/#website\"},\"primaryImageOfPage\":{\"@id\":\"https:\/\/legrandcontinent.eu\/fr\/2025\/08\/09\/quelles-sont-les-destinations-preferees-des-europeens-pour-les-vacances\/#primaryimage\"},\"image\":{\"@id\":\"https:\/\/legrandcontinent.eu\/fr\/2025\/08\/09\/quelles-sont-les-destinations-preferees-des-europeens-pour-les-vacances\/#primaryimage\"},\"thumbnailUrl\":\"https:\/\/legrandcontinent.eu\/fr\/wp-content\/uploads\/sites\/2\/2025\/08\/Capture-decran-2025-08-08-a-22.52.54.png\",\"datePublished\":\"2025-08-09T05:30:00+00:00\",\"author\":{\"@id\":\"https:\/\/legrandcontinent.eu\/fr\/#\/schema\/person\/bee86896b403754f76b6b1515ff0b697\"},\"breadcrumb\":{\"@id\":\"https:\/\/legrandcontinent.eu\/fr\/2025\/08\/09\/quelles-sont-les-destinations-preferees-des-europeens-pour-les-vacances\/#breadcrumb\"},\"inLanguage\":\"fr-FR\",\"potentialAction\":[{\"@type\":\"ReadAction\",\"target\":[\"https:\/\/legrandcontinent.eu\/fr\/2025\/08\/09\/quelles-sont-les-destinations-preferees-des-europeens-pour-les-vacances\/\"]}]},{\"@type\":\"ImageObject\",\"inLanguage\":\"fr-FR\",\"@id\":\"https:\/\/legrandcontinent.eu\/fr\/2025\/08\/09\/quelles-sont-les-destinations-preferees-des-europeens-pour-les-vacances\/#primaryimage\",\"url\":\"https:\/\/legrandcontinent.eu\/fr\/wp-content\/uploads\/sites\/2\/2025\/08\/Capture-decran-2025-08-08-a-22.52.54.png\",\"contentUrl\":\"https:\/\/legrandcontinent.eu\/fr\/wp-content\/uploads\/sites\/2\/2025\/08\/Capture-decran-2025-08-08-a-22.52.54.png\",\"width\":1822,\"height\":1018,\"caption\":\"Flux intra-europ\u00e9en de touristes, en 2023 Les Europ\u00e9ens voyagent avant tout dans leur propre pays et dans les autres pays de l\u2019Union pendant les vacances. En 2023, ont \u00e9t\u00e9 recens\u00e9s pr\u00e8s de 230 millions de s\u00e9jours touristiques intra-europ\u00e9ens d'une dur\u00e9e sup\u00e9rieure \u00e0 une nuit.\"},{\"@type\":\"BreadcrumbList\",\"@id\":\"https:\/\/legrandcontinent.eu\/fr\/2025\/08\/09\/quelles-sont-les-destinations-preferees-des-europeens-pour-les-vacances\/#breadcrumb\",\"itemListElement\":[{\"@type\":\"ListItem\",\"position\":1,\"name\":\"Accueil\",\"item\":\"https:\/\/legrandcontinent.eu\/fr\/\"},{\"@type\":\"ListItem\",\"position\":2,\"name\":\"Quelles sont les destinations pr\u00e9f\u00e9r\u00e9es des Europ\u00e9ens pour les vacances&#160;?\"}]},{\"@type\":\"WebSite\",\"@id\":\"https:\/\/legrandcontinent.eu\/fr\/#website\",\"url\":\"https:\/\/legrandcontinent.eu\/fr\/\",\"name\":\"Le Grand Continent\",\"description\":\"L&#039;\u00e9chelle pertinente\",\"potentialAction\":[{\"@type\":\"SearchAction\",\"target\":{\"@type\":\"EntryPoint\",\"urlTemplate\":\"https:\/\/legrandcontinent.eu\/fr\/?s={search_term_string}\"},\"query-input\":{\"@type\":\"PropertyValueSpecification\",\"valueRequired\":true,\"valueName\":\"search_term_string\"}}],\"inLanguage\":\"fr-FR\"},{\"@type\":\"Person\",\"@id\":\"https:\/\/legrandcontinent.eu\/fr\/#\/schema\/person\/bee86896b403754f76b6b1515ff0b697\",\"name\":\"Ramona Bloj\",\"image\":{\"@type\":\"ImageObject\",\"inLanguage\":\"fr-FR\",\"@id\":\"https:\/\/legrandcontinent.eu\/fr\/#\/schema\/person\/image\/\",\"url\":\"https:\/\/secure.gravatar.com\/avatar\/c1d91adb7c4c1eed266b81c0f9915707?s=96&d=mm&r=g\",\"contentUrl\":\"https:\/\/secure.gravatar.com\/avatar\/c1d91adb7c4c1eed266b81c0f9915707?s=96&d=mm&r=g\",\"caption\":\"Ramona Bloj\"}}]}<\/script>\n<!-- \/ Yoast SEO plugin. -->","yoast_head_json":{"title":"Quelles sont les destinations pr\u00e9f\u00e9r\u00e9es des Europ\u00e9ens pour les vacances ?","robots":{"index":"index","follow":"follow","max-snippet":"max-snippet:-1","max-image-preview":"max-image-preview:large","max-video-preview":"max-video-preview:-1"},"canonical":"https:\/\/legrandcontinent.eu\/fr\/2025\/08\/09\/quelles-sont-les-destinations-preferees-des-europeens-pour-les-vacances\/","og_locale":"fr_FR","og_type":"article","og_title":"Quelles sont les destinations pr\u00e9f\u00e9r\u00e9es des Europ\u00e9ens pour les vacances ?","og_description":"Les Europ\u00e9ens voyagent avant tout dans leur propre pays et dans les autres pays de l\u2019Union pendant les vacances. En 2023, ont \u00e9t\u00e9 recens\u00e9s pr\u00e8s de 230 millions de s\u00e9jours touristiques intra-europ\u00e9ens d'une dur\u00e9e sup\u00e9rieure \u00e0 une nuit.  L\u2019Italie \u00e9tait la destination la plus populaire pour les Europ\u00e9ens en 2023, suivie par l\u2019Espagne puis la France.","og_url":"https:\/\/legrandcontinent.eu\/fr\/2025\/08\/09\/quelles-sont-les-destinations-preferees-des-europeens-pour-les-vacances\/","og_site_name":"Le Grand Continent","article_published_time":"2025-08-09T05:30:00+00:00","og_image":[{"width":1822,"height":1028,"url":"https:\/\/legrandcontinent.eu\/fr\/wp-content\/uploads\/sites\/2\/2025\/08\/Capture-decran-2025-08-08-a-22.52.24.png","type":"image\/png"}],"author":"Ramona Bloj","twitter_card":"summary_large_image","twitter_image":"https:\/\/legrandcontinent.eu\/fr\/wp-content\/uploads\/sites\/2\/2025\/08\/Capture-decran-2025-08-08-a-22.52.24.png","twitter_misc":{"\u00c9crit par":"Ramona Bloj","Dur\u00e9e de lecture estim\u00e9e":"2 minutes"},"schema":{"@context":"https:\/\/schema.org","@graph":[{"@type":"WebPage","@id":"https:\/\/legrandcontinent.eu\/fr\/2025\/08\/09\/quelles-sont-les-destinations-preferees-des-europeens-pour-les-vacances\/","url":"https:\/\/legrandcontinent.eu\/fr\/2025\/08\/09\/quelles-sont-les-destinations-preferees-des-europeens-pour-les-vacances\/","name":"Quelles sont les destinations pr\u00e9f\u00e9r\u00e9es des Europ\u00e9ens pour les vacances ?","isPartOf":{"@id":"https:\/\/legrandcontinent.eu\/fr\/#website"},"primaryImageOfPage":{"@id":"https:\/\/legrandcontinent.eu\/fr\/2025\/08\/09\/quelles-sont-les-destinations-preferees-des-europeens-pour-les-vacances\/#primaryimage"},"image":{"@id":"https:\/\/legrandcontinent.eu\/fr\/2025\/08\/09\/quelles-sont-les-destinations-preferees-des-europeens-pour-les-vacances\/#primaryimage"},"thumbnailUrl":"https:\/\/legrandcontinent.eu\/fr\/wp-content\/uploads\/sites\/2\/2025\/08\/Capture-decran-2025-08-08-a-22.52.54.png","datePublished":"2025-08-09T05:30:00+00:00","author":{"@id":"https:\/\/legrandcontinent.eu\/fr\/#\/schema\/person\/bee86896b403754f76b6b1515ff0b697"},"breadcrumb":{"@id":"https:\/\/legrandcontinent.eu\/fr\/2025\/08\/09\/quelles-sont-les-destinations-preferees-des-europeens-pour-les-vacances\/#breadcrumb"},"inLanguage":"fr-FR","potentialAction":[{"@type":"ReadAction","target":["https:\/\/legrandcontinent.eu\/fr\/2025\/08\/09\/quelles-sont-les-destinations-preferees-des-europeens-pour-les-vacances\/"]}]},{"@type":"ImageObject","inLanguage":"fr-FR","@id":"https:\/\/legrandcontinent.eu\/fr\/2025\/08\/09\/quelles-sont-les-destinations-preferees-des-europeens-pour-les-vacances\/#primaryimage","url":"https:\/\/legrandcontinent.eu\/fr\/wp-content\/uploads\/sites\/2\/2025\/08\/Capture-decran-2025-08-08-a-22.52.54.png","contentUrl":"https:\/\/legrandcontinent.eu\/fr\/wp-content\/uploads\/sites\/2\/2025\/08\/Capture-decran-2025-08-08-a-22.52.54.png","width":1822,"height":1018,"caption":"Flux intra-europ\u00e9en de touristes, en 2023 Les Europ\u00e9ens voyagent avant tout dans leur propre pays et dans les autres pays de l\u2019Union pendant les vacances. En 2023, ont \u00e9t\u00e9 recens\u00e9s pr\u00e8s de 230 millions de s\u00e9jours touristiques intra-europ\u00e9ens d'une dur\u00e9e sup\u00e9rieure \u00e0 une nuit."},{"@type":"BreadcrumbList","@id":"https:\/\/legrandcontinent.eu\/fr\/2025\/08\/09\/quelles-sont-les-destinations-preferees-des-europeens-pour-les-vacances\/#breadcrumb","itemListElement":[{"@type":"ListItem","position":1,"name":"Accueil","item":"https:\/\/legrandcontinent.eu\/fr\/"},{"@type":"ListItem","position":2,"name":"Quelles sont les destinations pr\u00e9f\u00e9r\u00e9es des Europ\u00e9ens pour les vacances&#160;?"}]},{"@type":"WebSite","@id":"https:\/\/legrandcontinent.eu\/fr\/#website","url":"https:\/\/legrandcontinent.eu\/fr\/","name":"Le Grand Continent","description":"L&#039;\u00e9chelle pertinente","potentialAction":[{"@type":"SearchAction","target":{"@type":"EntryPoint","urlTemplate":"https:\/\/legrandcontinent.eu\/fr\/?s={search_term_string}"},"query-input":{"@type":"PropertyValueSpecification","valueRequired":true,"valueName":"search_term_string"}}],"inLanguage":"fr-FR"},{"@type":"Person","@id":"https:\/\/legrandcontinent.eu\/fr\/#\/schema\/person\/bee86896b403754f76b6b1515ff0b697","name":"Ramona Bloj","image":{"@type":"ImageObject","inLanguage":"fr-FR","@id":"https:\/\/legrandcontinent.eu\/fr\/#\/schema\/person\/image\/","url":"https:\/\/secure.gravatar.com\/avatar\/c1d91adb7c4c1eed266b81c0f9915707?s=96&d=mm&r=g","contentUrl":"https:\/\/secure.gravatar.com\/avatar\/c1d91adb7c4c1eed266b81c0f9915707?s=96&d=mm&r=g","caption":"Ramona Bloj"}}]}},"lgc_categories":[{"id":3468,"name":"Donn\u00e9es qui changent la donne","slug":"donnees-qui-changent-la-donne"}],"lgc_author":null,"feature_image_summary":{"url":"https:\/\/legrandcontinent.eu\/fr\/wp-content\/uploads\/sites\/2\/2025\/08\/Capture-decran-2025-08-08-a-22.52.54.png","width":1822,"height":1018,"alt":""},"feature_image_cover":null,"term_position_data":null,"_links":{"self":[{"href":"https:\/\/legrandcontinent.eu\/fr\/wp-json\/wp\/v2\/posts\/292004","targetHints":{"allow":["GET"]}}],"collection":[{"href":"https:\/\/legrandcontinent.eu\/fr\/wp-json\/wp\/v2\/posts"}],"about":[{"href":"https:\/\/legrandcontinent.eu\/fr\/wp-json\/wp\/v2\/types\/post"}],"author":[{"embeddable":true,"href":"https:\/\/legrandcontinent.eu\/fr\/wp-json\/wp\/v2\/users\/40"}],"replies":[{"embeddable":true,"href":"https:\/\/legrandcontinent.eu\/fr\/wp-json\/wp\/v2\/comments?post=292004"}],"version-history":[{"count":0,"href":"https:\/\/legrandcontinent.eu\/fr\/wp-json\/wp\/v2\/posts\/292004\/revisions"}],"wp:featuredmedia":[{"embeddable":true,"href":"https:\/\/legrandcontinent.eu\/fr\/wp-json\/wp\/v2\/media\/292006"}],"wp:attachment":[{"href":"https:\/\/legrandcontinent.eu\/fr\/wp-json\/wp\/v2\/media?parent=292004"}],"wp:term":[{"taxonomy":"category","embeddable":true,"href":"https:\/\/legrandcontinent.eu\/fr\/wp-json\/wp\/v2\/categories?post=292004"},{"taxonomy":"post_tag","embeddable":true,"href":"https:\/\/legrandcontinent.eu\/fr\/wp-json\/wp\/v2\/tags?post=292004"},{"taxonomy":"staff","embeddable":true,"href":"https:\/\/legrandcontinent.eu\/fr\/wp-json\/wp\/v2\/staff?post=292004"},{"taxonomy":"editorial_format","embeddable":true,"href":"https:\/\/legrandcontinent.eu\/fr\/wp-json\/wp\/v2\/editorial_format?post=292004"},{"taxonomy":"serie","embeddable":true,"href":"https:\/\/legrandcontinent.eu\/fr\/wp-json\/wp\/v2\/serie?post=292004"},{"taxonomy":"audience","embeddable":true,"href":"https:\/\/legrandcontinent.eu\/fr\/wp-json\/wp\/v2\/audience?post=292004"},{"taxonomy":"geo","embeddable":true,"href":"https:\/\/legrandcontinent.eu\/fr\/wp-json\/wp\/v2\/geo?post=292004"}],"curies":[{"name":"wp","href":"https:\/\/api.w.org\/{rel}","templated":true}]}}