{"id":287104,"date":"2025-07-10T15:40:33","date_gmt":"2025-07-10T13:40:33","guid":{"rendered":"https:\/\/legrandcontinent.eu\/fr\/?p=287104"},"modified":"2025-07-10T18:31:45","modified_gmt":"2025-07-10T16:31:45","slug":"louest-de-leurope-a-connu-le-mois-de-juin-le-plus-chaud-depuis-au-moins-1979","status":"publish","type":"post","link":"https:\/\/legrandcontinent.eu\/fr\/2025\/07\/10\/louest-de-leurope-a-connu-le-mois-de-juin-le-plus-chaud-depuis-au-moins-1979\/","title":{"rendered":"L\u2019Ouest de l\u2019Europe a connu le mois de juin le plus chaud depuis au moins 1979"},"content":{"rendered":"\n<p>Selon le service europ\u00e9en Copernicus, qui compile et analyse des donn\u00e9es climatiques et m\u00e9t\u00e9orologiques \u00e0 l\u2019\u00e9chelle continentale, le mois de juin 2025 a \u00e9t\u00e9 le plus chaud en Europe occidentale par rapport \u00e0 la moyenne 1991\u20132020 depuis au moins 1979, ann\u00e9e pour laquelle les premi\u00e8res temp\u00e9ratures sont disponibles&nbsp;<span class='whitespace-nowrap'><span id='easy-footnote-1-287104' class='easy-footnote-margin-adjust'><\/span><span class='easy-footnote'><a href='https:\/\/legrandcontinent.eu\/fr\/2025\/07\/10\/louest-de-leurope-a-connu-le-mois-de-juin-le-plus-chaud-depuis-au-moins-1979\/#easy-footnote-bottom-1-287104' title='&lt;a href=&quot;https:\/\/climate.copernicus.eu\/heatwaves-contribute-warmest-june-record-western-europe&quot;&gt;Heatwaves contribute to the warmest June on record in western Europe&lt;\/a&gt;, Copernicus, 8 juillet 2025.'><sup>1<\/sup><\/a><\/span><\/span>.<\/p>\n\n\n\n<ul class=\"wp-block-list\">\n<li>Dans l\u2019ouest du continent, la temp\u00e9rature moyenne a atteint 20,49\u00b0C en juin, d\u00e9passant ainsi le pr\u00e9c\u00e9dent record remontant \u00e0 2003.<\/li>\n\n\n\n<li>L\u2019Europe occidentale a connu deux vagues de chaleur le mois dernier&#160;: une premi\u00e8re entre le 17 et le 22 juin, et <a href=\"https:\/\/legrandcontinent.eu\/fr\/2025\/06\/30\/espagne-italie-france-leurope-fait-face-a-sa-premiere-grande-vague-de-chaleur-de-lete-2025\/\">une deuxi\u00e8me \u00e0 la fin du mois<\/a>, qui a dur\u00e9 du 30 juin jusqu\u2019au 2 juillet.<\/li>\n\n\n\n<li>Le mercure a d\u00e9pass\u00e9 par endroits les 46\u00b0C \u00e0 la fin du mois dans la p\u00e9ninsule ib\u00e9rique.<\/li>\n\n\n\n<li>Certaines parties de l\u2019Espagne ont connu 24 nuits tropicales (au cours desquelles la temp\u00e9rature demeure sup\u00e9rieure \u00e0 20\u00b0C) le mois dernier, soit 18 de plus que la moyenne.<\/li>\n<\/ul>\n\n\n\n<figure class=\"wp-block-video\"><video autoplay controls loop muted preload=\"auto\" src=\"https:\/\/legrandcontinent.eu\/fr\/wp-content\/uploads\/sites\/2\/2025\/07\/ERA5_june-Eur.mp4\" playsinline><\/video><\/figure>\n\n\n\n<p><em>Temp\u00e9ratures \u00e0 2 m\u00e8tres enregistr\u00e9es chaque jour \u00e0 17h.<\/em><\/p>\n\n\n\n<p>Ces deux vagues de chaleur \u00e9taient li\u00e9es \u00e0 des \u00ab&#160;<a href=\"https:\/\/legrandcontinent.eu\/fr\/2025\/06\/30\/espagne-italie-france-leurope-fait-face-a-sa-premiere-grande-vague-de-chaleur-de-lete-2025\/\">d\u00f4mes de chaleur<\/a>&#160;\u00bb, des ph\u00e9nom\u00e8nes m\u00e9t\u00e9orologiques qui pi\u00e8gent l\u2019air chaud dans les basses couches de l\u2019atmosph\u00e8re. L\u2019ouest du continent a ainsi connu un nombre de jours de \u00ab&#160;stress thermique&#160;\u00bb \u2014 qui se traduit par une exposition prolong\u00e9e \u00e0 des temp\u00e9ratures \u00e9lev\u00e9es \u2014 sup\u00e9rieur \u00e0 la moyenne, notamment en Espagne, en Italie, en France, au Portugal et dans les Balkans.<\/p>\n\n\n\n<ul class=\"wp-block-list\">\n<li>Selon une \u00e9tude scientifique publi\u00e9e le 2 juillet, 2 300 d\u00e9c\u00e8s li\u00e9s \u00e0 la chaleur ont \u00e9t\u00e9 enregistr\u00e9s dans 12 villes europ\u00e9ennes entre le 23 juin et le 2 juillet.<\/li>\n\n\n\n<li>Si ces vagues de chaleur n\u2019avaient pas \u00e9t\u00e9 renforc\u00e9es par les effets du changement climatique, 1 500 d\u00e9c\u00e8s auraient pu \u00eatre \u00e9vit\u00e9s&nbsp;<span class='whitespace-nowrap'><span id='easy-footnote-2-287104' class='easy-footnote-margin-adjust'><\/span><span class='easy-footnote'><a href='https:\/\/legrandcontinent.eu\/fr\/2025\/07\/10\/louest-de-leurope-a-connu-le-mois-de-juin-le-plus-chaud-depuis-au-moins-1979\/#easy-footnote-bottom-2-287104' title='&lt;a href=&quot;https:\/\/www.imperial.ac.uk\/media\/imperial-college\/grantham-institute\/public\/publications\/institute-reports-and-analytical-notes\/Climate-change-tripled-heat-related-deaths-in-early-summer-European-heatwave.pdf&quot;&gt;Climate change tripled heat-related deaths in early summer European heatwave&lt;\/a&gt;, Grantham Institute, 2 juillet 2025.'><sup>2<\/sup><\/a><\/span><\/span>.<\/li>\n\n\n\n<li>Au cours de l\u2019\u00e9t\u00e9 2022, plus de 60 000 d\u00e9c\u00e8s ont \u00e9t\u00e9 recens\u00e9s en Europe en raison de la chaleur extr\u00eame.<\/li>\n<\/ul>\n\n\n\n<div class=\"iframe-container wp-block-image wp-block-image-medium  iframe-dw\">\n\t<div>\n\t\t<iframe class=\"absolute w-full h-full pin-t pin-l\" title=\"titolo\" aria-label=\"Interactive line chart\" src=\"\/\/datawrapper.dwcdn.net\/usGkl\" scrolling=\"no\" frameborder=\"0\"><\/iframe>\n\t<\/div>\n<\/div>\n\n\n\n<p>La temp\u00e9rature moyenne quotidienne de la surface de la mer la plus \u00e9lev\u00e9e pour un mois de juin a \u00e9galement \u00e9t\u00e9 atteinte en M\u00e9diterran\u00e9e au cours du mois pr\u00e9c\u00e9dent&#160;: 27\u00b0C, soit 3,7\u00b0C au-dessus de la moyenne.<\/p>\n","protected":false},"excerpt":{"rendered":"<p>L\u2019Europe occidentale a connu une temp\u00e9rature moyenne de 20,49\u00b0C au cours du mois de juin 2025, soit 0,06\u00b0C de plus qu\u2019en juin 2003, qui constituait le record jusqu\u2019\u00e0 pr\u00e9sent. Certaines parties de l\u2019Espagne ont connu 24 nuits tropicales (au cours desquelles la temp\u00e9rature demeure sup\u00e9rieure \u00e0 20\u00b0C) en juin, soit 18 de plus que la moyenne.<\/p>\n","protected":false},"author":2622,"featured_media":287113,"comment_status":"closed","ping_status":"closed","sticky":false,"template":"templates\/post-briefings.php","format":"standard","meta":{"_acf_changed":true,"_trash_the_other_posts":false,"_yoast_wpseo_estimated-reading-time-minutes":3,"footnotes":""},"categories":[1730],"tags":[],"staff":[],"editorial_format":[],"serie":[],"audience":[],"geo":[1917],"class_list":["post-287104","post","type-post","status-publish","format-standard","hentry","category-energie-et-environnement","geo-europe"],"acf":{"open_in_webview":false,"accent":false,"_thumbnail_id":287113,"excerpt":"L\u2019Europe occidentale a connu une temp\u00e9rature moyenne de 20,49\u00b0C au cours du mois de juin 2025, soit 0,06\u00b0C de plus qu\u2019en juin 2003, qui constituait le record jusqu\u2019\u00e0 pr\u00e9sent. Certaines parties de l\u2019Espagne ont connu 24 nuits tropicales (au cours desquelles la temp\u00e9rature demeure sup\u00e9rieure \u00e0 20\u00b0C) en juin, soit 18 de plus que la moyenne.","display_date":"","new_abstract":true},"yoast_head":"<!-- This site is optimized with the Yoast SEO plugin v26.1.1 - https:\/\/yoast.com\/wordpress\/plugins\/seo\/ -->\n<title>L\u2019Ouest de l\u2019Europe a connu le mois de juin le plus chaud<\/title>\n<meta name=\"robots\" content=\"index, follow, max-snippet:-1, max-image-preview:large, max-video-preview:-1\" \/>\n<link rel=\"canonical\" href=\"https:\/\/legrandcontinent.eu\/fr\/2025\/07\/10\/louest-de-leurope-a-connu-le-mois-de-juin-le-plus-chaud-depuis-au-moins-1979\/\" \/>\n<meta property=\"og:locale\" content=\"fr_FR\" \/>\n<meta property=\"og:type\" content=\"article\" \/>\n<meta property=\"og:title\" content=\"L\u2019Ouest de l\u2019Europe a connu le mois de juin le plus chaud\" \/>\n<meta property=\"og:description\" content=\"L\u2019Europe occidentale a connu une temp\u00e9rature moyenne de 20,49\u00b0C au cours du mois de juin 2025, soit 0,06\u00b0C de plus qu\u2019en juin 2003, qui constituait le record jusqu\u2019\u00e0 pr\u00e9sent. Certaines parties de l\u2019Espagne ont connu 24 nuits tropicales (au cours desquelles la temp\u00e9rature demeure sup\u00e9rieure \u00e0 20\u00b0C) en juin, soit 18 de plus que la moyenne.\" \/>\n<meta property=\"og:url\" content=\"https:\/\/legrandcontinent.eu\/fr\/2025\/07\/10\/louest-de-leurope-a-connu-le-mois-de-juin-le-plus-chaud-depuis-au-moins-1979\/\" \/>\n<meta property=\"og:site_name\" content=\"Le Grand Continent\" \/>\n<meta property=\"article:published_time\" content=\"2025-07-10T13:40:33+00:00\" \/>\n<meta property=\"article:modified_time\" content=\"2025-07-10T16:31:45+00:00\" \/>\n<meta property=\"og:image\" content=\"https:\/\/legrandcontinent.eu\/fr\/wp-content\/uploads\/sites\/2\/2025\/07\/gc-share-mois-juin-plus-chaud-europe.png\" \/>\n\t<meta property=\"og:image:width\" content=\"1898\" \/>\n\t<meta property=\"og:image:height\" content=\"1054\" \/>\n\t<meta property=\"og:image:type\" content=\"image\/png\" \/>\n<meta name=\"author\" content=\"Marin Saillofest\" \/>\n<meta name=\"twitter:card\" content=\"summary_large_image\" \/>\n<meta name=\"twitter:image\" content=\"https:\/\/legrandcontinent.eu\/fr\/wp-content\/uploads\/sites\/2\/2025\/07\/gc-share-mois-juin-plus-chaud-europe.png\" \/>\n<meta name=\"twitter:label1\" content=\"\u00c9crit par\" \/>\n\t<meta name=\"twitter:data1\" content=\"Marin Saillofest\" \/>\n\t<meta name=\"twitter:label2\" content=\"Dur\u00e9e de lecture estim\u00e9e\" \/>\n\t<meta name=\"twitter:data2\" content=\"3 minutes\" \/>\n<script type=\"application\/ld+json\" class=\"yoast-schema-graph\">{\"@context\":\"https:\/\/schema.org\",\"@graph\":[{\"@type\":\"WebPage\",\"@id\":\"https:\/\/legrandcontinent.eu\/fr\/2025\/07\/10\/louest-de-leurope-a-connu-le-mois-de-juin-le-plus-chaud-depuis-au-moins-1979\/\",\"url\":\"https:\/\/legrandcontinent.eu\/fr\/2025\/07\/10\/louest-de-leurope-a-connu-le-mois-de-juin-le-plus-chaud-depuis-au-moins-1979\/\",\"name\":\"L\u2019Ouest de l\u2019Europe a connu le mois de juin le plus chaud\",\"isPartOf\":{\"@id\":\"https:\/\/legrandcontinent.eu\/fr\/#website\"},\"primaryImageOfPage\":{\"@id\":\"https:\/\/legrandcontinent.eu\/fr\/2025\/07\/10\/louest-de-leurope-a-connu-le-mois-de-juin-le-plus-chaud-depuis-au-moins-1979\/#primaryimage\"},\"image\":{\"@id\":\"https:\/\/legrandcontinent.eu\/fr\/2025\/07\/10\/louest-de-leurope-a-connu-le-mois-de-juin-le-plus-chaud-depuis-au-moins-1979\/#primaryimage\"},\"thumbnailUrl\":\"https:\/\/legrandcontinent.eu\/fr\/wp-content\/uploads\/sites\/2\/2025\/07\/gc-mois-juin-plus-chaud-europe.png\",\"datePublished\":\"2025-07-10T13:40:33+00:00\",\"dateModified\":\"2025-07-10T16:31:45+00:00\",\"author\":{\"@id\":\"https:\/\/legrandcontinent.eu\/fr\/#\/schema\/person\/e4f85f52220fc7b4cc3cfdb86d88e833\"},\"breadcrumb\":{\"@id\":\"https:\/\/legrandcontinent.eu\/fr\/2025\/07\/10\/louest-de-leurope-a-connu-le-mois-de-juin-le-plus-chaud-depuis-au-moins-1979\/#breadcrumb\"},\"inLanguage\":\"fr-FR\",\"potentialAction\":[{\"@type\":\"ReadAction\",\"target\":[\"https:\/\/legrandcontinent.eu\/fr\/2025\/07\/10\/louest-de-leurope-a-connu-le-mois-de-juin-le-plus-chaud-depuis-au-moins-1979\/\"]}]},{\"@type\":\"ImageObject\",\"inLanguage\":\"fr-FR\",\"@id\":\"https:\/\/legrandcontinent.eu\/fr\/2025\/07\/10\/louest-de-leurope-a-connu-le-mois-de-juin-le-plus-chaud-depuis-au-moins-1979\/#primaryimage\",\"url\":\"https:\/\/legrandcontinent.eu\/fr\/wp-content\/uploads\/sites\/2\/2025\/07\/gc-mois-juin-plus-chaud-europe.png\",\"contentUrl\":\"https:\/\/legrandcontinent.eu\/fr\/wp-content\/uploads\/sites\/2\/2025\/07\/gc-mois-juin-plus-chaud-europe.png\",\"width\":1892,\"height\":1050},{\"@type\":\"BreadcrumbList\",\"@id\":\"https:\/\/legrandcontinent.eu\/fr\/2025\/07\/10\/louest-de-leurope-a-connu-le-mois-de-juin-le-plus-chaud-depuis-au-moins-1979\/#breadcrumb\",\"itemListElement\":[{\"@type\":\"ListItem\",\"position\":1,\"name\":\"Accueil\",\"item\":\"https:\/\/legrandcontinent.eu\/fr\/\"},{\"@type\":\"ListItem\",\"position\":2,\"name\":\"L\u2019Ouest de l\u2019Europe a connu le mois de juin le plus chaud depuis au moins 1979\"}]},{\"@type\":\"WebSite\",\"@id\":\"https:\/\/legrandcontinent.eu\/fr\/#website\",\"url\":\"https:\/\/legrandcontinent.eu\/fr\/\",\"name\":\"Le Grand Continent\",\"description\":\"L&#039;\u00e9chelle pertinente\",\"potentialAction\":[{\"@type\":\"SearchAction\",\"target\":{\"@type\":\"EntryPoint\",\"urlTemplate\":\"https:\/\/legrandcontinent.eu\/fr\/?s={search_term_string}\"},\"query-input\":{\"@type\":\"PropertyValueSpecification\",\"valueRequired\":true,\"valueName\":\"search_term_string\"}}],\"inLanguage\":\"fr-FR\"},{\"@type\":\"Person\",\"@id\":\"https:\/\/legrandcontinent.eu\/fr\/#\/schema\/person\/e4f85f52220fc7b4cc3cfdb86d88e833\",\"name\":\"Marin Saillofest\",\"image\":{\"@type\":\"ImageObject\",\"inLanguage\":\"fr-FR\",\"@id\":\"https:\/\/legrandcontinent.eu\/fr\/#\/schema\/person\/image\/\",\"url\":\"https:\/\/secure.gravatar.com\/avatar\/87088698b4d967390c49ae6d4f1aa459?s=96&d=mm&r=g\",\"contentUrl\":\"https:\/\/secure.gravatar.com\/avatar\/87088698b4d967390c49ae6d4f1aa459?s=96&d=mm&r=g\",\"caption\":\"Marin Saillofest\"}}]}<\/script>\n<!-- \/ Yoast SEO plugin. -->","yoast_head_json":{"title":"L\u2019Ouest de l\u2019Europe a connu le mois de juin le plus chaud","robots":{"index":"index","follow":"follow","max-snippet":"max-snippet:-1","max-image-preview":"max-image-preview:large","max-video-preview":"max-video-preview:-1"},"canonical":"https:\/\/legrandcontinent.eu\/fr\/2025\/07\/10\/louest-de-leurope-a-connu-le-mois-de-juin-le-plus-chaud-depuis-au-moins-1979\/","og_locale":"fr_FR","og_type":"article","og_title":"L\u2019Ouest de l\u2019Europe a connu le mois de juin le plus chaud","og_description":"L\u2019Europe occidentale a connu une temp\u00e9rature moyenne de 20,49\u00b0C au cours du mois de juin 2025, soit 0,06\u00b0C de plus qu\u2019en juin 2003, qui constituait le record jusqu\u2019\u00e0 pr\u00e9sent. Certaines parties de l\u2019Espagne ont connu 24 nuits tropicales (au cours desquelles la temp\u00e9rature demeure sup\u00e9rieure \u00e0 20\u00b0C) en juin, soit 18 de plus que la moyenne.","og_url":"https:\/\/legrandcontinent.eu\/fr\/2025\/07\/10\/louest-de-leurope-a-connu-le-mois-de-juin-le-plus-chaud-depuis-au-moins-1979\/","og_site_name":"Le Grand Continent","article_published_time":"2025-07-10T13:40:33+00:00","article_modified_time":"2025-07-10T16:31:45+00:00","og_image":[{"width":1898,"height":1054,"url":"https:\/\/legrandcontinent.eu\/fr\/wp-content\/uploads\/sites\/2\/2025\/07\/gc-share-mois-juin-plus-chaud-europe.png","type":"image\/png"}],"author":"Marin Saillofest","twitter_card":"summary_large_image","twitter_image":"https:\/\/legrandcontinent.eu\/fr\/wp-content\/uploads\/sites\/2\/2025\/07\/gc-share-mois-juin-plus-chaud-europe.png","twitter_misc":{"\u00c9crit par":"Marin Saillofest","Dur\u00e9e de lecture estim\u00e9e":"3 minutes"},"schema":{"@context":"https:\/\/schema.org","@graph":[{"@type":"WebPage","@id":"https:\/\/legrandcontinent.eu\/fr\/2025\/07\/10\/louest-de-leurope-a-connu-le-mois-de-juin-le-plus-chaud-depuis-au-moins-1979\/","url":"https:\/\/legrandcontinent.eu\/fr\/2025\/07\/10\/louest-de-leurope-a-connu-le-mois-de-juin-le-plus-chaud-depuis-au-moins-1979\/","name":"L\u2019Ouest de l\u2019Europe a connu le mois de juin le plus chaud","isPartOf":{"@id":"https:\/\/legrandcontinent.eu\/fr\/#website"},"primaryImageOfPage":{"@id":"https:\/\/legrandcontinent.eu\/fr\/2025\/07\/10\/louest-de-leurope-a-connu-le-mois-de-juin-le-plus-chaud-depuis-au-moins-1979\/#primaryimage"},"image":{"@id":"https:\/\/legrandcontinent.eu\/fr\/2025\/07\/10\/louest-de-leurope-a-connu-le-mois-de-juin-le-plus-chaud-depuis-au-moins-1979\/#primaryimage"},"thumbnailUrl":"https:\/\/legrandcontinent.eu\/fr\/wp-content\/uploads\/sites\/2\/2025\/07\/gc-mois-juin-plus-chaud-europe.png","datePublished":"2025-07-10T13:40:33+00:00","dateModified":"2025-07-10T16:31:45+00:00","author":{"@id":"https:\/\/legrandcontinent.eu\/fr\/#\/schema\/person\/e4f85f52220fc7b4cc3cfdb86d88e833"},"breadcrumb":{"@id":"https:\/\/legrandcontinent.eu\/fr\/2025\/07\/10\/louest-de-leurope-a-connu-le-mois-de-juin-le-plus-chaud-depuis-au-moins-1979\/#breadcrumb"},"inLanguage":"fr-FR","potentialAction":[{"@type":"ReadAction","target":["https:\/\/legrandcontinent.eu\/fr\/2025\/07\/10\/louest-de-leurope-a-connu-le-mois-de-juin-le-plus-chaud-depuis-au-moins-1979\/"]}]},{"@type":"ImageObject","inLanguage":"fr-FR","@id":"https:\/\/legrandcontinent.eu\/fr\/2025\/07\/10\/louest-de-leurope-a-connu-le-mois-de-juin-le-plus-chaud-depuis-au-moins-1979\/#primaryimage","url":"https:\/\/legrandcontinent.eu\/fr\/wp-content\/uploads\/sites\/2\/2025\/07\/gc-mois-juin-plus-chaud-europe.png","contentUrl":"https:\/\/legrandcontinent.eu\/fr\/wp-content\/uploads\/sites\/2\/2025\/07\/gc-mois-juin-plus-chaud-europe.png","width":1892,"height":1050},{"@type":"BreadcrumbList","@id":"https:\/\/legrandcontinent.eu\/fr\/2025\/07\/10\/louest-de-leurope-a-connu-le-mois-de-juin-le-plus-chaud-depuis-au-moins-1979\/#breadcrumb","itemListElement":[{"@type":"ListItem","position":1,"name":"Accueil","item":"https:\/\/legrandcontinent.eu\/fr\/"},{"@type":"ListItem","position":2,"name":"L\u2019Ouest de l\u2019Europe a connu le mois de juin le plus chaud depuis au moins 1979"}]},{"@type":"WebSite","@id":"https:\/\/legrandcontinent.eu\/fr\/#website","url":"https:\/\/legrandcontinent.eu\/fr\/","name":"Le Grand Continent","description":"L&#039;\u00e9chelle pertinente","potentialAction":[{"@type":"SearchAction","target":{"@type":"EntryPoint","urlTemplate":"https:\/\/legrandcontinent.eu\/fr\/?s={search_term_string}"},"query-input":{"@type":"PropertyValueSpecification","valueRequired":true,"valueName":"search_term_string"}}],"inLanguage":"fr-FR"},{"@type":"Person","@id":"https:\/\/legrandcontinent.eu\/fr\/#\/schema\/person\/e4f85f52220fc7b4cc3cfdb86d88e833","name":"Marin Saillofest","image":{"@type":"ImageObject","inLanguage":"fr-FR","@id":"https:\/\/legrandcontinent.eu\/fr\/#\/schema\/person\/image\/","url":"https:\/\/secure.gravatar.com\/avatar\/87088698b4d967390c49ae6d4f1aa459?s=96&d=mm&r=g","contentUrl":"https:\/\/secure.gravatar.com\/avatar\/87088698b4d967390c49ae6d4f1aa459?s=96&d=mm&r=g","caption":"Marin Saillofest"}}]}},"lgc_categories":[{"id":1730,"name":"\u00c9nergie et environnement","slug":"energie-et-environnement"}],"lgc_author":null,"feature_image_summary":{"url":"https:\/\/legrandcontinent.eu\/fr\/wp-content\/uploads\/sites\/2\/2025\/07\/gc-mois-juin-plus-chaud-europe.png","width":1892,"height":1050,"alt":""},"feature_image_cover":null,"term_position_data":null,"_links":{"self":[{"href":"https:\/\/legrandcontinent.eu\/fr\/wp-json\/wp\/v2\/posts\/287104","targetHints":{"allow":["GET"]}}],"collection":[{"href":"https:\/\/legrandcontinent.eu\/fr\/wp-json\/wp\/v2\/posts"}],"about":[{"href":"https:\/\/legrandcontinent.eu\/fr\/wp-json\/wp\/v2\/types\/post"}],"author":[{"embeddable":true,"href":"https:\/\/legrandcontinent.eu\/fr\/wp-json\/wp\/v2\/users\/2622"}],"replies":[{"embeddable":true,"href":"https:\/\/legrandcontinent.eu\/fr\/wp-json\/wp\/v2\/comments?post=287104"}],"version-history":[{"count":0,"href":"https:\/\/legrandcontinent.eu\/fr\/wp-json\/wp\/v2\/posts\/287104\/revisions"}],"wp:featuredmedia":[{"embeddable":true,"href":"https:\/\/legrandcontinent.eu\/fr\/wp-json\/wp\/v2\/media\/287113"}],"wp:attachment":[{"href":"https:\/\/legrandcontinent.eu\/fr\/wp-json\/wp\/v2\/media?parent=287104"}],"wp:term":[{"taxonomy":"category","embeddable":true,"href":"https:\/\/legrandcontinent.eu\/fr\/wp-json\/wp\/v2\/categories?post=287104"},{"taxonomy":"post_tag","embeddable":true,"href":"https:\/\/legrandcontinent.eu\/fr\/wp-json\/wp\/v2\/tags?post=287104"},{"taxonomy":"staff","embeddable":true,"href":"https:\/\/legrandcontinent.eu\/fr\/wp-json\/wp\/v2\/staff?post=287104"},{"taxonomy":"editorial_format","embeddable":true,"href":"https:\/\/legrandcontinent.eu\/fr\/wp-json\/wp\/v2\/editorial_format?post=287104"},{"taxonomy":"serie","embeddable":true,"href":"https:\/\/legrandcontinent.eu\/fr\/wp-json\/wp\/v2\/serie?post=287104"},{"taxonomy":"audience","embeddable":true,"href":"https:\/\/legrandcontinent.eu\/fr\/wp-json\/wp\/v2\/audience?post=287104"},{"taxonomy":"geo","embeddable":true,"href":"https:\/\/legrandcontinent.eu\/fr\/wp-json\/wp\/v2\/geo?post=287104"}],"curies":[{"name":"wp","href":"https:\/\/api.w.org\/{rel}","templated":true}]}}