{"id":286768,"date":"2025-07-06T10:31:01","date_gmt":"2025-07-06T08:31:01","guid":{"rendered":"https:\/\/legrandcontinent.eu\/fr\/?p=286768"},"modified":"2025-07-06T10:31:05","modified_gmt":"2025-07-06T08:31:05","slug":"ouverture-du-sommet-des-brics-a-rio-sans-xi-ni-poutine","status":"publish","type":"post","link":"https:\/\/legrandcontinent.eu\/fr\/2025\/07\/06\/ouverture-du-sommet-des-brics-a-rio-sans-xi-ni-poutine\/","title":{"rendered":"Ouverture du sommet des BRICS \u00e0 Rio, sans Xi ni Poutine"},"content":{"rendered":"\n<p>Si Poutine ne peut pas se rendre \u00e0 Rio en raison du mandat d\u2019arr\u00eat de la Cour p\u00e9nale internationale, qui l\u2019avait d\u00e9j\u00e0 emp\u00each\u00e9 de participer au sommet de Johannesburg en 2023, P\u00e9kin a seulement invoqu\u00e9 un \u00ab&#160;conflit d\u2019agenda&#160;\u00bb pour expliquer l\u2019absence de Xi Jinping, qui sera remplac\u00e9 par son Premier ministre Li Qiang.&nbsp;<\/p>\n\n\n\n<ul class=\"wp-block-list\">\n<li>Le pr\u00e9sident russe prendra part aux discussions par visioconf\u00e9rence.<\/li>\n\n\n\n<li>Il s\u2019agit de la premi\u00e8re fois que le pr\u00e9sident chinois manque un sommet des BRICS depuis son arriv\u00e9e au pouvoir en 2013.<\/li>\n\n\n\n<li>C\u2019est ainsi le dirigeant indien Modi qui devrait concentrer l\u2019attention, celui-ci ayant inscrit le sommet dans le cadre d\u2019une tourn\u00e9e internationale de dix jours. Il devrait rencontrer le pr\u00e9sident iranien Masoud Pezeshkian en marge du sommet.<\/li>\n<\/ul>\n\n\n\n<p>Suite au <a href=\"https:\/\/legrandcontinent.eu\/fr\/2023\/08\/26\/nous-pays-des-brics-le-discours-de-xi-jinping-a-johannesburg\/\">sommet de Johannesburg<\/a> de 2023, les BRICS ont accueilli quatre nouveaux membres&#160;: Iran, \u00c9gypte, \u00c9thiopie et \u00c9mirats arabes unis. Si l\u2019Argentine s\u2019\u00e9tait d\u00e9sist\u00e9e et l\u2019Arabie saoudite n\u2019a toujours pas donn\u00e9 suite \u00e0 l\u2019invitation&nbsp;<span class='whitespace-nowrap'><span id='easy-footnote-1-286768' class='easy-footnote-margin-adjust'><\/span><span class='easy-footnote'><a href='https:\/\/legrandcontinent.eu\/fr\/2025\/07\/06\/ouverture-du-sommet-des-brics-a-rio-sans-xi-ni-poutine\/#easy-footnote-bottom-1-286768' title='Le site des BRICS indique l\u2019Arabie saoudite comme \u00c9tat membre, mais le pays n\u2019a pas officiellement rejoint le groupe. Voir Pesha Magid, Maha El Dahan, Manya Saini, &lt;a href=&quot;https:\/\/www.reuters.com\/world\/middle-east\/saudi-arabia-sits-fence-over-brics-with-eye-vital-ties-with-us-2025-05-08\/&quot;&gt;Saudi Arabia sits on fence over BRICS with eye on vital ties with US&lt;\/a&gt;, &lt;em&gt;Reuters&lt;\/em&gt;, 8 mai 2025.'><sup>1<\/sup><\/a><\/span><\/span>, l&rsquo;Indon\u00e9sie a formellement rejoint le groupe en janvier cette ann\u00e9e.\u00a0<\/p>\n\n\n\n<div class=\"iframe-container wp-block-image wp-block-image-medium  iframe-dw\">\n\t<div>\n\t\t<iframe class=\"absolute w-full h-full pin-t pin-l\" title=\"titolo\" aria-label=\"Interactive line chart\" src=\"\/\/datawrapper.dwcdn.net\/exm3y\" scrolling=\"no\" frameborder=\"0\"><\/iframe>\n\t<\/div>\n<\/div>\n\n\n\n<ul class=\"wp-block-list\">\n<li>En 2024, <a href=\"https:\/\/legrandcontinent.eu\/fr\/2024\/10\/23\/sommet-de-kazan-les-brics-representent-36-du-pib-et-45-de-la-population-mondiale\/\">\u00e0 Kazan<\/a>, la cr\u00e9ation d\u2019une nouvelle cat\u00e9gorie d\u2019\u00c9tats partenaires \u2013 qui regroupe aujourd\u2019hui 10 pays (B\u00e9larus, Bolivie, Cuba, Kazakhstan, Malaisie, Nigeria, Tha\u00eflande, Ouganda, Ouzb\u00e9kistan et Vietnam) \u2013 renfor\u00e7ait la volont\u00e9 affich\u00e9e de l\u2019Alliance de reconstruire un ordre en opposition \u00e0 celui incarn\u00e9 par les pays occidentaux.\u00a0<\/li>\n\n\n\n<li>Le groupe repr\u00e9sente d\u00e9sormais pr\u00e8s de <a href=\"https:\/\/legrandcontinent.eu\/fr\/2024\/10\/23\/sommet-de-kazan-les-brics-representent-36-du-pib-et-45-de-la-population-mondiale\/\">36&#160;% du PIB mondial<\/a>, contre 29&#160;% pour le G7.<\/li>\n<\/ul>\n\n\n\n<div class=\"iframe-container wp-block-image wp-block-image-medium  iframe-dw\">\n\t<div>\n\t\t<iframe class=\"absolute w-full h-full pin-t pin-l\" title=\"titolo\" aria-label=\"Interactive line chart\" src=\"\/\/datawrapper.dwcdn.net\/7iA8g\" scrolling=\"no\" frameborder=\"0\"><\/iframe>\n\t<\/div>\n<\/div>\n\n\n\n<p>Le projet de d\u00e9claration consult\u00e9 par <em>Bloomberg,<\/em> que les BRICS devraient adopter \u00e0 l&rsquo;issue du sommet, met en \u00e9vidence une position commune de plus en plus critique \u00e0 l&rsquo;\u00e9gard de la politique am\u00e9ricaine, notamment sur les sujets commerciaux, militaires et g\u00e9opolitiques. Toutefois, le texte, qui peut encore \u00e9voluer, ne mentionne pas explicitement Donald Trump.<\/p>\n\n\n\n<ul class=\"wp-block-list\">\n<li>Les BRICS devraient ainsi exprimer leurs \u00ab&#160;s\u00e9rieuses inqui\u00e9tudes&#160;\u00bb face \u00e0 la prolif\u00e9ration des mesures tarifaires et non tarifaires unilat\u00e9rales, qu\u2019ils estiment \u00ab&#160;fausser le commerce et contrevenir aux r\u00e8gles de l\u2019OMC&#160;\u00bb.<\/li>\n\n\n\n<li>Ils devraient condamner \u00ab&#160;l\u2019imposition de mesures coercitives unilat\u00e9rales contraires au droit international&#160;\u00bb, une r\u00e9f\u00e9rence aux sanctions internationales \u2013 la Russie et l&rsquo;Iran \u00e9tant actuellement les pays les plus sanctionn\u00e9s au monde.<\/li>\n<\/ul>\n\n\n\n<div class=\"iframe-container wp-block-image wp-block-image-medium  iframe-dw\">\n\t<div>\n\t\t<iframe class=\"absolute w-full h-full pin-t pin-l\" title=\"titolo\" aria-label=\"Interactive line chart\" src=\"\/\/datawrapper.dwcdn.net\/EDzW3\" scrolling=\"no\" frameborder=\"0\"><\/iframe>\n\t<\/div>\n<\/div>\n\n\n\n<ul class=\"wp-block-list\">\n<li>Dans une victoire diplomatique pour T\u00e9h\u00e9ran, les BRICS devraient condamner les frappes militaires contre le pays estimant qu\u2019elles \u00ab&#160;constituent une violation du droit international et de la Charte des Nations unies&#160;\u00bb et exprimer leur \u00ab&#160;profonde pr\u00e9occupation&#160;\u00bb face \u00e0 la situation \u00e0 Gaza, tout en appelant au retrait total des forces isra\u00e9liennes de l&rsquo;enclave.<\/li>\n<\/ul>\n\n\n\n<div class=\"iframe-container wp-block-image wp-block-image-medium  iframe-dw\">\n\t<div>\n\t\t<iframe class=\"absolute w-full h-full pin-t pin-l\" title=\"titolo\" aria-label=\"Interactive line chart\" src=\"\/\/datawrapper.dwcdn.net\/O2vsl\" scrolling=\"no\" frameborder=\"0\"><\/iframe>\n\t<\/div>\n<\/div>\n\n\n\n<ul class=\"wp-block-list\">\n<li>Les BRICS devrait aussi expriment leur \u00ab&#160;inqui\u00e9tude&#160;\u00bb face \u00e0 l&rsquo;augmentation marqu\u00e9e des d\u00e9penses militaires, une critique de la nouvelle cible de 5&#160;% du PIB <a href=\"https:\/\/legrandcontinent.eu\/fr\/2025\/06\/25\/otan-communique-la-haye\/\">d\u00e9cid\u00e9e par l&rsquo;OTAN \u00e0 La Haye fin juin<\/a>&nbsp;<span class='whitespace-nowrap'><span id='easy-footnote-2-286768' class='easy-footnote-margin-adjust'><\/span><span class='easy-footnote'><a href='https:\/\/legrandcontinent.eu\/fr\/2025\/07\/06\/ouverture-du-sommet-des-brics-a-rio-sans-xi-ni-poutine\/#easy-footnote-bottom-2-286768' title='Mirette Magdy, S&amp;rsquo;thembile Cele, &lt;a href=&quot;https:\/\/www.bloomberg.com\/news\/articles\/2025-07-04\/brics-set-to-condemn-coercive-tariffs-draft-statement-shows&quot;&gt;BRICS Set to Condemn Trade-Distorting Tariffs in Swipe at Trump&lt;\/a&gt;, &lt;em&gt;Bloomberg&lt;\/em&gt;, 4 juillet 2025.'><sup>2<\/sup><\/a><\/span><\/span>.<\/li>\n<\/ul>\n\n\n\n<p>Les pays qui esp\u00e8rent conclure un accord commercial avec la Maison Blanche avant la date butoir du 9 juillet, dont l\u2019Inde, vis\u00e9e par des droits de douane \u00ab&#160;r\u00e9ciproques&#160;\u00bb de 26&#160;%, tenteront de trouver un \u00e9quilibre sans s\u2019attirer l\u2019ire de l\u2019administration Trump.<\/p>\n\n\n\n<ul class=\"wp-block-list\">\n<li>Le Br\u00e9sil, qui accueille le sommet, a principalement inscrit \u00e0 l\u2019ordre du jour la coop\u00e9ration en mati\u00e8re de climat et de sant\u00e9.\u00a0<\/li>\n\n\n\n<li>Toutefois, Washington s&rsquo;int\u00e9ressera de pr\u00e8s \u00e0 toute discussion concernant la cr\u00e9ation d&rsquo;une monnaie commune, un projet dont l&rsquo;importance pour certains pays membres a pris de l&rsquo;ampleur depuis l&rsquo;imposition de sanctions contre la Russie, et qui pourrait \u00eatre mis en avant par P\u00e9kin et Moscou lors des discussions.<\/li>\n\n\n\n<li>Trump avait d\u00e9j\u00e0 menac\u00e9 les BRICS de droits de douane de 100&#160;% pour toute initiative susceptible de menacer la position du dollar.<\/li>\n<\/ul>\n","protected":false},"excerpt":{"rendered":"<p>Aujourd\u2019hui et demain, les 6 et 7 juillet, le Br\u00e9sil accueille le 17e sommet des dirigeants des BRICS.<\/p>\n<p>Pour la premi\u00e8re fois depuis son arriv\u00e9e au pouvoir, Xi Jinping sera absent de la r\u00e9union \u2014 tout comme Poutine.<\/p>\n","protected":false},"author":40,"featured_media":286770,"comment_status":"closed","ping_status":"closed","sticky":false,"template":"templates\/post-briefings.php","format":"standard","meta":{"_acf_changed":true,"_trash_the_other_posts":false,"_yoast_wpseo_estimated-reading-time-minutes":4,"footnotes":""},"categories":[1],"tags":[],"staff":[],"editorial_format":[],"serie":[],"audience":[],"geo":[525],"class_list":["post-286768","post","type-post","status-publish","format-standard","hentry","category-uncategorised","geo-ameriques"],"acf":{"open_in_webview":false,"accent":false},"yoast_head":"<!-- This site is optimized with the Yoast SEO plugin v26.1.1 - https:\/\/yoast.com\/wordpress\/plugins\/seo\/ -->\n<title>Ouverture du sommet des BRICS \u00e0 Rio, sans Xi ni Poutine<\/title>\n<meta name=\"robots\" content=\"index, follow, max-snippet:-1, max-image-preview:large, max-video-preview:-1\" \/>\n<link rel=\"canonical\" href=\"https:\/\/legrandcontinent.eu\/fr\/2025\/07\/06\/ouverture-du-sommet-des-brics-a-rio-sans-xi-ni-poutine\/\" \/>\n<meta property=\"og:locale\" content=\"fr_FR\" \/>\n<meta property=\"og:type\" content=\"article\" \/>\n<meta property=\"og:title\" content=\"Ouverture du sommet des BRICS \u00e0 Rio, sans Xi ni Poutine\" \/>\n<meta property=\"og:description\" content=\"Aujourd\u2019hui et demain, les 6 et 7 juillet, le Br\u00e9sil accueille le 17e sommet des dirigeants des BRICS.  Pour la premi\u00e8re fois depuis son arriv\u00e9e au pouvoir, Xi Jinping sera absent de la r\u00e9union \u2014 tout comme Poutine.\" \/>\n<meta property=\"og:url\" content=\"https:\/\/legrandcontinent.eu\/fr\/2025\/07\/06\/ouverture-du-sommet-des-brics-a-rio-sans-xi-ni-poutine\/\" \/>\n<meta property=\"og:site_name\" content=\"Le Grand Continent\" \/>\n<meta property=\"article:published_time\" content=\"2025-07-06T08:31:01+00:00\" \/>\n<meta property=\"article:modified_time\" content=\"2025-07-06T08:31:05+00:00\" \/>\n<meta property=\"og:image\" content=\"https:\/\/legrandcontinent.eu\/fr\/wp-content\/uploads\/sites\/2\/2025\/07\/Capture-decran-2025-07-06-a-10.29.36.png\" \/>\n\t<meta property=\"og:image:width\" content=\"1822\" \/>\n\t<meta property=\"og:image:height\" content=\"1024\" \/>\n\t<meta property=\"og:image:type\" content=\"image\/png\" \/>\n<meta name=\"author\" content=\"Ramona Bloj\" \/>\n<meta name=\"twitter:card\" content=\"summary_large_image\" \/>\n<meta name=\"twitter:image\" content=\"https:\/\/legrandcontinent.eu\/fr\/wp-content\/uploads\/sites\/2\/2025\/07\/Capture-decran-2025-07-06-a-10.29.36.png\" \/>\n<meta name=\"twitter:label1\" content=\"\u00c9crit par\" \/>\n\t<meta name=\"twitter:data1\" content=\"Ramona Bloj\" \/>\n\t<meta name=\"twitter:label2\" content=\"Dur\u00e9e de lecture estim\u00e9e\" \/>\n\t<meta name=\"twitter:data2\" content=\"4 minutes\" \/>\n<script type=\"application\/ld+json\" class=\"yoast-schema-graph\">{\"@context\":\"https:\/\/schema.org\",\"@graph\":[{\"@type\":\"WebPage\",\"@id\":\"https:\/\/legrandcontinent.eu\/fr\/2025\/07\/06\/ouverture-du-sommet-des-brics-a-rio-sans-xi-ni-poutine\/\",\"url\":\"https:\/\/legrandcontinent.eu\/fr\/2025\/07\/06\/ouverture-du-sommet-des-brics-a-rio-sans-xi-ni-poutine\/\",\"name\":\"Ouverture du sommet des BRICS \u00e0 Rio, sans Xi ni Poutine\",\"isPartOf\":{\"@id\":\"https:\/\/legrandcontinent.eu\/fr\/#website\"},\"primaryImageOfPage\":{\"@id\":\"https:\/\/legrandcontinent.eu\/fr\/2025\/07\/06\/ouverture-du-sommet-des-brics-a-rio-sans-xi-ni-poutine\/#primaryimage\"},\"image\":{\"@id\":\"https:\/\/legrandcontinent.eu\/fr\/2025\/07\/06\/ouverture-du-sommet-des-brics-a-rio-sans-xi-ni-poutine\/#primaryimage\"},\"thumbnailUrl\":\"https:\/\/legrandcontinent.eu\/fr\/wp-content\/uploads\/sites\/2\/2025\/07\/Capture-decran-2025-07-06-a-10.30.04.png\",\"datePublished\":\"2025-07-06T08:31:01+00:00\",\"dateModified\":\"2025-07-06T08:31:05+00:00\",\"author\":{\"@id\":\"https:\/\/legrandcontinent.eu\/fr\/#\/schema\/person\/bee86896b403754f76b6b1515ff0b697\"},\"breadcrumb\":{\"@id\":\"https:\/\/legrandcontinent.eu\/fr\/2025\/07\/06\/ouverture-du-sommet-des-brics-a-rio-sans-xi-ni-poutine\/#breadcrumb\"},\"inLanguage\":\"fr-FR\",\"potentialAction\":[{\"@type\":\"ReadAction\",\"target\":[\"https:\/\/legrandcontinent.eu\/fr\/2025\/07\/06\/ouverture-du-sommet-des-brics-a-rio-sans-xi-ni-poutine\/\"]}]},{\"@type\":\"ImageObject\",\"inLanguage\":\"fr-FR\",\"@id\":\"https:\/\/legrandcontinent.eu\/fr\/2025\/07\/06\/ouverture-du-sommet-des-brics-a-rio-sans-xi-ni-poutine\/#primaryimage\",\"url\":\"https:\/\/legrandcontinent.eu\/fr\/wp-content\/uploads\/sites\/2\/2025\/07\/Capture-decran-2025-07-06-a-10.30.04.png\",\"contentUrl\":\"https:\/\/legrandcontinent.eu\/fr\/wp-content\/uploads\/sites\/2\/2025\/07\/Capture-decran-2025-07-06-a-10.30.04.png\",\"width\":1828,\"height\":1026},{\"@type\":\"BreadcrumbList\",\"@id\":\"https:\/\/legrandcontinent.eu\/fr\/2025\/07\/06\/ouverture-du-sommet-des-brics-a-rio-sans-xi-ni-poutine\/#breadcrumb\",\"itemListElement\":[{\"@type\":\"ListItem\",\"position\":1,\"name\":\"Accueil\",\"item\":\"https:\/\/legrandcontinent.eu\/fr\/\"},{\"@type\":\"ListItem\",\"position\":2,\"name\":\"Ouverture du sommet des BRICS \u00e0 Rio, sans Xi ni Poutine\"}]},{\"@type\":\"WebSite\",\"@id\":\"https:\/\/legrandcontinent.eu\/fr\/#website\",\"url\":\"https:\/\/legrandcontinent.eu\/fr\/\",\"name\":\"Le Grand Continent\",\"description\":\"L&#039;\u00e9chelle pertinente\",\"potentialAction\":[{\"@type\":\"SearchAction\",\"target\":{\"@type\":\"EntryPoint\",\"urlTemplate\":\"https:\/\/legrandcontinent.eu\/fr\/?s={search_term_string}\"},\"query-input\":{\"@type\":\"PropertyValueSpecification\",\"valueRequired\":true,\"valueName\":\"search_term_string\"}}],\"inLanguage\":\"fr-FR\"},{\"@type\":\"Person\",\"@id\":\"https:\/\/legrandcontinent.eu\/fr\/#\/schema\/person\/bee86896b403754f76b6b1515ff0b697\",\"name\":\"Ramona Bloj\",\"image\":{\"@type\":\"ImageObject\",\"inLanguage\":\"fr-FR\",\"@id\":\"https:\/\/legrandcontinent.eu\/fr\/#\/schema\/person\/image\/\",\"url\":\"https:\/\/secure.gravatar.com\/avatar\/c1d91adb7c4c1eed266b81c0f9915707?s=96&d=mm&r=g\",\"contentUrl\":\"https:\/\/secure.gravatar.com\/avatar\/c1d91adb7c4c1eed266b81c0f9915707?s=96&d=mm&r=g\",\"caption\":\"Ramona Bloj\"}}]}<\/script>\n<!-- \/ Yoast SEO plugin. -->","yoast_head_json":{"title":"Ouverture du sommet des BRICS \u00e0 Rio, sans Xi ni Poutine","robots":{"index":"index","follow":"follow","max-snippet":"max-snippet:-1","max-image-preview":"max-image-preview:large","max-video-preview":"max-video-preview:-1"},"canonical":"https:\/\/legrandcontinent.eu\/fr\/2025\/07\/06\/ouverture-du-sommet-des-brics-a-rio-sans-xi-ni-poutine\/","og_locale":"fr_FR","og_type":"article","og_title":"Ouverture du sommet des BRICS \u00e0 Rio, sans Xi ni Poutine","og_description":"Aujourd\u2019hui et demain, les 6 et 7 juillet, le Br\u00e9sil accueille le 17e sommet des dirigeants des BRICS.  Pour la premi\u00e8re fois depuis son arriv\u00e9e au pouvoir, Xi Jinping sera absent de la r\u00e9union \u2014 tout comme Poutine.","og_url":"https:\/\/legrandcontinent.eu\/fr\/2025\/07\/06\/ouverture-du-sommet-des-brics-a-rio-sans-xi-ni-poutine\/","og_site_name":"Le Grand Continent","article_published_time":"2025-07-06T08:31:01+00:00","article_modified_time":"2025-07-06T08:31:05+00:00","og_image":[{"width":1822,"height":1024,"url":"https:\/\/legrandcontinent.eu\/fr\/wp-content\/uploads\/sites\/2\/2025\/07\/Capture-decran-2025-07-06-a-10.29.36.png","type":"image\/png"}],"author":"Ramona Bloj","twitter_card":"summary_large_image","twitter_image":"https:\/\/legrandcontinent.eu\/fr\/wp-content\/uploads\/sites\/2\/2025\/07\/Capture-decran-2025-07-06-a-10.29.36.png","twitter_misc":{"\u00c9crit par":"Ramona Bloj","Dur\u00e9e de lecture estim\u00e9e":"4 minutes"},"schema":{"@context":"https:\/\/schema.org","@graph":[{"@type":"WebPage","@id":"https:\/\/legrandcontinent.eu\/fr\/2025\/07\/06\/ouverture-du-sommet-des-brics-a-rio-sans-xi-ni-poutine\/","url":"https:\/\/legrandcontinent.eu\/fr\/2025\/07\/06\/ouverture-du-sommet-des-brics-a-rio-sans-xi-ni-poutine\/","name":"Ouverture du sommet des BRICS \u00e0 Rio, sans Xi ni Poutine","isPartOf":{"@id":"https:\/\/legrandcontinent.eu\/fr\/#website"},"primaryImageOfPage":{"@id":"https:\/\/legrandcontinent.eu\/fr\/2025\/07\/06\/ouverture-du-sommet-des-brics-a-rio-sans-xi-ni-poutine\/#primaryimage"},"image":{"@id":"https:\/\/legrandcontinent.eu\/fr\/2025\/07\/06\/ouverture-du-sommet-des-brics-a-rio-sans-xi-ni-poutine\/#primaryimage"},"thumbnailUrl":"https:\/\/legrandcontinent.eu\/fr\/wp-content\/uploads\/sites\/2\/2025\/07\/Capture-decran-2025-07-06-a-10.30.04.png","datePublished":"2025-07-06T08:31:01+00:00","dateModified":"2025-07-06T08:31:05+00:00","author":{"@id":"https:\/\/legrandcontinent.eu\/fr\/#\/schema\/person\/bee86896b403754f76b6b1515ff0b697"},"breadcrumb":{"@id":"https:\/\/legrandcontinent.eu\/fr\/2025\/07\/06\/ouverture-du-sommet-des-brics-a-rio-sans-xi-ni-poutine\/#breadcrumb"},"inLanguage":"fr-FR","potentialAction":[{"@type":"ReadAction","target":["https:\/\/legrandcontinent.eu\/fr\/2025\/07\/06\/ouverture-du-sommet-des-brics-a-rio-sans-xi-ni-poutine\/"]}]},{"@type":"ImageObject","inLanguage":"fr-FR","@id":"https:\/\/legrandcontinent.eu\/fr\/2025\/07\/06\/ouverture-du-sommet-des-brics-a-rio-sans-xi-ni-poutine\/#primaryimage","url":"https:\/\/legrandcontinent.eu\/fr\/wp-content\/uploads\/sites\/2\/2025\/07\/Capture-decran-2025-07-06-a-10.30.04.png","contentUrl":"https:\/\/legrandcontinent.eu\/fr\/wp-content\/uploads\/sites\/2\/2025\/07\/Capture-decran-2025-07-06-a-10.30.04.png","width":1828,"height":1026},{"@type":"BreadcrumbList","@id":"https:\/\/legrandcontinent.eu\/fr\/2025\/07\/06\/ouverture-du-sommet-des-brics-a-rio-sans-xi-ni-poutine\/#breadcrumb","itemListElement":[{"@type":"ListItem","position":1,"name":"Accueil","item":"https:\/\/legrandcontinent.eu\/fr\/"},{"@type":"ListItem","position":2,"name":"Ouverture du sommet des BRICS \u00e0 Rio, sans Xi ni Poutine"}]},{"@type":"WebSite","@id":"https:\/\/legrandcontinent.eu\/fr\/#website","url":"https:\/\/legrandcontinent.eu\/fr\/","name":"Le Grand Continent","description":"L&#039;\u00e9chelle pertinente","potentialAction":[{"@type":"SearchAction","target":{"@type":"EntryPoint","urlTemplate":"https:\/\/legrandcontinent.eu\/fr\/?s={search_term_string}"},"query-input":{"@type":"PropertyValueSpecification","valueRequired":true,"valueName":"search_term_string"}}],"inLanguage":"fr-FR"},{"@type":"Person","@id":"https:\/\/legrandcontinent.eu\/fr\/#\/schema\/person\/bee86896b403754f76b6b1515ff0b697","name":"Ramona Bloj","image":{"@type":"ImageObject","inLanguage":"fr-FR","@id":"https:\/\/legrandcontinent.eu\/fr\/#\/schema\/person\/image\/","url":"https:\/\/secure.gravatar.com\/avatar\/c1d91adb7c4c1eed266b81c0f9915707?s=96&d=mm&r=g","contentUrl":"https:\/\/secure.gravatar.com\/avatar\/c1d91adb7c4c1eed266b81c0f9915707?s=96&d=mm&r=g","caption":"Ramona Bloj"}}]}},"lgc_categories":[{"id":1,"name":"Uncategorised","slug":"uncategorised"}],"lgc_author":null,"feature_image_summary":{"url":"https:\/\/legrandcontinent.eu\/fr\/wp-content\/uploads\/sites\/2\/2025\/07\/Capture-decran-2025-07-06-a-10.30.04.png","width":1828,"height":1026,"alt":""},"feature_image_cover":null,"term_position_data":null,"_links":{"self":[{"href":"https:\/\/legrandcontinent.eu\/fr\/wp-json\/wp\/v2\/posts\/286768","targetHints":{"allow":["GET"]}}],"collection":[{"href":"https:\/\/legrandcontinent.eu\/fr\/wp-json\/wp\/v2\/posts"}],"about":[{"href":"https:\/\/legrandcontinent.eu\/fr\/wp-json\/wp\/v2\/types\/post"}],"author":[{"embeddable":true,"href":"https:\/\/legrandcontinent.eu\/fr\/wp-json\/wp\/v2\/users\/40"}],"replies":[{"embeddable":true,"href":"https:\/\/legrandcontinent.eu\/fr\/wp-json\/wp\/v2\/comments?post=286768"}],"version-history":[{"count":0,"href":"https:\/\/legrandcontinent.eu\/fr\/wp-json\/wp\/v2\/posts\/286768\/revisions"}],"wp:featuredmedia":[{"embeddable":true,"href":"https:\/\/legrandcontinent.eu\/fr\/wp-json\/wp\/v2\/media\/286770"}],"wp:attachment":[{"href":"https:\/\/legrandcontinent.eu\/fr\/wp-json\/wp\/v2\/media?parent=286768"}],"wp:term":[{"taxonomy":"category","embeddable":true,"href":"https:\/\/legrandcontinent.eu\/fr\/wp-json\/wp\/v2\/categories?post=286768"},{"taxonomy":"post_tag","embeddable":true,"href":"https:\/\/legrandcontinent.eu\/fr\/wp-json\/wp\/v2\/tags?post=286768"},{"taxonomy":"staff","embeddable":true,"href":"https:\/\/legrandcontinent.eu\/fr\/wp-json\/wp\/v2\/staff?post=286768"},{"taxonomy":"editorial_format","embeddable":true,"href":"https:\/\/legrandcontinent.eu\/fr\/wp-json\/wp\/v2\/editorial_format?post=286768"},{"taxonomy":"serie","embeddable":true,"href":"https:\/\/legrandcontinent.eu\/fr\/wp-json\/wp\/v2\/serie?post=286768"},{"taxonomy":"audience","embeddable":true,"href":"https:\/\/legrandcontinent.eu\/fr\/wp-json\/wp\/v2\/audience?post=286768"},{"taxonomy":"geo","embeddable":true,"href":"https:\/\/legrandcontinent.eu\/fr\/wp-json\/wp\/v2\/geo?post=286768"}],"curies":[{"name":"wp","href":"https:\/\/api.w.org\/{rel}","templated":true}]}}