{"id":286553,"date":"2025-07-04T16:37:07","date_gmt":"2025-07-04T14:37:07","guid":{"rendered":"https:\/\/legrandcontinent.eu\/fr\/?p=286553"},"modified":"2025-07-04T16:37:46","modified_gmt":"2025-07-04T14:37:46","slug":"en-europe-les-fortes-chaleurs-menacent-la-production-delectricite","status":"publish","type":"post","link":"https:\/\/legrandcontinent.eu\/fr\/2025\/07\/04\/en-europe-les-fortes-chaleurs-menacent-la-production-delectricite\/","title":{"rendered":"En Europe, les fortes chaleurs menacent la production d\u2019\u00e9lectricit\u00e9"},"content":{"rendered":"\n<p>Chaque \u00e9t\u00e9, lorsque les thermom\u00e8tres d\u00e9passent un certain seuil au cours d\u2019\u00e9pisodes de fortes chaleurs \u2014 comme <a href=\"https:\/\/legrandcontinent.eu\/fr\/2025\/06\/30\/espagne-italie-france-leurope-fait-face-a-sa-premiere-grande-vague-de-chaleur-de-lete-2025\/\">celle ayant frapp\u00e9 le sud du continent<\/a> en d\u00e9but de semaine \u2014, les centrales nucl\u00e9aires sont contraintes d\u2019\u00eatre mises \u00e0 l\u2019arr\u00eat en raison d\u2019une temp\u00e9rature trop \u00e9lev\u00e9e des eaux.<\/p>\n\n\n\n<ul class=\"wp-block-list\">\n<li>La plupart du temps, ces arr\u00eats sont dict\u00e9s par une temp\u00e9rature trop haute de l\u2019eau pr\u00e9lev\u00e9e dans les fleuves, cours d\u2019eau, ou dans la mer pour refroidir les r\u00e9acteurs ainsi que les piscines de stockage de combustible.<\/li>\n\n\n\n<li>Dans certains cas, comme on a pu le voir en France ces derniers jours \u00e0 la centrale de Golfech, ce sont des mesures de protection de l\u2019environnement qui conduisent \u00e0 la mise en pause de certains r\u00e9acteurs.\u00a0<\/li>\n\n\n\n<li>Les centrales ayant des obligations en mati\u00e8re de temp\u00e9rature des eaux rejet\u00e9es afin de ne pas impacter n\u00e9gativement la biodiversit\u00e9 aquatique \u2014 une eau plus chaude contenant moins d\u2019oxyg\u00e8ne \u2014, les exploitants peuvent \u00eatre contraints de cesser momentan\u00e9ment la production.<\/li>\n\n\n\n<li>En 2022, en raison de la canicule, les centrales fran\u00e7aises avaient obtenu 24 jours de d\u00e9rogation \u00e0 ces r\u00e8gles&nbsp;<span class='whitespace-nowrap'><span id='easy-footnote-1-286553' class='easy-footnote-margin-adjust'><\/span><span class='easy-footnote'><a href='https:\/\/legrandcontinent.eu\/fr\/2025\/07\/04\/en-europe-les-fortes-chaleurs-menacent-la-production-delectricite\/#easy-footnote-bottom-1-286553' title='\u00ab&amp;#160;&lt;a href=&quot;https:\/\/www.challenges.fr\/entreprise\/energie\/rejets-d-eau-chaude-24-jours-de-derogations-pour-les-centrales-nucleaires-en-2022_858516&quot;&gt;Rejets d&amp;rsquo;eau chaude&amp;#160;: 24 jours de d\u00e9rogations pour les centrales nucl\u00e9aires en 2022&lt;\/a&gt;&amp;#160;\u00bb, &lt;em&gt;Challenges&lt;\/em&gt;, 13 juin 2023.'><sup>1<\/sup><\/a><\/span><\/span>.<\/li>\n<\/ul>\n\n\n\n<div class=\"iframe-container wp-block-image wp-block-image-medium  iframe-dw\">\n\t<div>\n\t\t<iframe class=\"absolute w-full h-full pin-t pin-l\" title=\"titolo\" aria-label=\"Interactive line chart\" src=\"\/\/datawrapper.dwcdn.net\/g6C34\" scrolling=\"no\" frameborder=\"0\"><\/iframe>\n\t<\/div>\n<\/div>\n\n\n\n<p>En Europe, les 128 r\u00e9acteurs en activit\u00e9 (dont 28 se trouvent en-dehors de l\u2019Union, en Ukraine, au Royaume-Uni et en Suisse) ont en grande partie \u00e9t\u00e9 construits pendant les ann\u00e9es 1960 et 1970 et sont aujourd\u2019hui largement inadapt\u00e9s pour faire face \u00e0 des hausses de temp\u00e9rature, qui sont de plus en plus fr\u00e9quentes.<\/p>\n\n\n\n<ul class=\"wp-block-list\">\n<li>Avec ses 56 r\u00e9acteurs en activit\u00e9, r\u00e9partis sur un total de 18 centrales, la France est le pays europ\u00e9en dont la production nucl\u00e9aire est la plus impact\u00e9e par le changement climatique.<\/li>\n\n\n\n<li>Selon la Cour des comptes, les pertes de production sont pour l\u2019heure relativement faibles, et s\u2019\u00e9tablissaient \u00e0 0,18&#160;% du total de la production \u00e9lectrique en 2022&nbsp;<span class='whitespace-nowrap'><span id='easy-footnote-2-286553' class='easy-footnote-margin-adjust'><\/span><span class='easy-footnote'><a href='https:\/\/legrandcontinent.eu\/fr\/2025\/07\/04\/en-europe-les-fortes-chaleurs-menacent-la-production-delectricite\/#easy-footnote-bottom-2-286553' title='&lt;a href=&quot;https:\/\/www.ccomptes.fr\/sites\/default\/files\/2024-03\/20240312-RPA-2024-CDVI-adaptation-parcs-nucleaire-hydro-electrique.pdf&quot;&gt;L\u2019adaptation des parcs nucl\u00e9aire et hydro-\u00e9lectrique au changement climatique&lt;\/a&gt;, Cour des comptes, 2024.'><sup>2<\/sup><\/a><\/span><\/span>.<\/li>\n\n\n\n<li>Toutefois, des estimations r\u00e9alis\u00e9es par EDF indiquent que ce taux d\u2019indisponibilit\u00e9 pourrait \u00eatre multipli\u00e9 par trois voire quatre d\u2019ici 2050.<\/li>\n<\/ul>\n\n\n\n<div class=\"iframe-container wp-block-image wp-block-image-medium  iframe-dw\">\n\t<div>\n\t\t<iframe class=\"absolute w-full h-full pin-t pin-l\" title=\"titolo\" aria-label=\"Interactive line chart\" src=\"\/\/datawrapper.dwcdn.net\/JiL6U\" scrolling=\"no\" frameborder=\"0\"><\/iframe>\n\t<\/div>\n<\/div>\n\n\n\n<p>Les centrales nucl\u00e9aires ne sont pas les seules impact\u00e9es par le r\u00e9chauffement climatique.&nbsp;<\/p>\n\n\n\n<ul class=\"wp-block-list\">\n<li>Plusieurs centrales \u00e9lectriques au charbon fonctionnent avec un syst\u00e8me de refroidissement ouvert qui, sur le m\u00eame mod\u00e8le que les centrales nucl\u00e9aires, puisent de l\u2019eau depuis des cours d\u2019eau ou des lacs.<\/li>\n\n\n\n<li>En Pologne, lors de la derni\u00e8re vague de chaleur, le 2 juillet, le gouvernement de Donald Tusk a approuv\u00e9 un paquet de mesures \u00ab&#160;anti-blackout&#160;\u00bb pr\u00e9sent\u00e9 par l\u2019entreprise \u00e9nerg\u00e9tique PSE.<\/li>\n\n\n\n<li>Varsovie veut notamment \u00e9viter des sc\u00e9narios similaires \u00e0 <a href=\"https:\/\/legrandcontinent.eu\/fr\/2025\/04\/30\/black-out-que-sest-il-passe-en-espagne-7-points-sur-les-causes-de-la-mega-coupure\/\">la coupure de courant<\/a> qui a touch\u00e9 l\u2019Espagne et le Portugal \u00e0 la fin du mois d\u2019avril.\u00a0<\/li>\n<\/ul>\n\n\n\n<div class=\"iframe-container wp-block-image wp-block-image-medium  iframe-dw\">\n\t<div>\n\t\t<iframe class=\"absolute w-full h-full pin-t pin-l\" title=\"titolo\" aria-label=\"Interactive line chart\" src=\"\/\/datawrapper.dwcdn.net\/vtHFG\" scrolling=\"no\" frameborder=\"0\"><\/iframe>\n\t<\/div>\n<\/div>\n\n\n\n<p>Si le charbon demeure la premi\u00e8re source de production d\u2019\u00e9lectricit\u00e9 en Pologne, le pays a consid\u00e9rablement investi dans le renouvelable ces derni\u00e8res ann\u00e9es. Au cours du mois de juin, la production d\u2019\u00e9lectricit\u00e9 renouvelable a d\u00e9pass\u00e9 le charbon pour la premi\u00e8re fois. \u00c0 l\u2019\u00e9chelle globale, la consommation de charbon a toutefois doubl\u00e9 depuis 2000, soutenue en grande partie par la Chine.<\/p>\n","protected":false},"excerpt":{"rendered":"<p>En France et en Suisse, la hausse des temp\u00e9ratures a contraint plusieurs centrales nucl\u00e9aires \u00e0 r\u00e9duire voire mettre en pause leur production d\u2019\u00e9lectricit\u00e9, un sc\u00e9nario qui risque de se r\u00e9p\u00e9ter durant l\u2019\u00e9t\u00e9.<\/p>\n<p>Les centrales nucl\u00e9aires ne sont pas les seules expos\u00e9es au changement climatique&#160;&#160;: en Pologne, les centrales au charbon ont elles aussi besoin d\u2019eau pour fonctionner, et sont ainsi particuli\u00e8rement sensibles aux s\u00e9cheresses.<\/p>\n","protected":false},"author":2622,"featured_media":286557,"comment_status":"closed","ping_status":"closed","sticky":false,"template":"templates\/post-briefings.php","format":"standard","meta":{"_acf_changed":true,"_trash_the_other_posts":false,"_yoast_wpseo_estimated-reading-time-minutes":3,"footnotes":""},"categories":[1730],"tags":[],"staff":[],"editorial_format":[],"serie":[],"audience":[],"geo":[1917],"class_list":["post-286553","post","type-post","status-publish","format-standard","hentry","category-energie-et-environnement","geo-europe"],"acf":{"open_in_webview":false,"accent":false,"_thumbnail_id":286557,"excerpt":"En France et en Suisse, la hausse des temp\u00e9ratures a contraint plusieurs centrales nucl\u00e9aires \u00e0 r\u00e9duire voire mettre en pause leur production d\u2019\u00e9lectricit\u00e9, un sc\u00e9nario qui risque de se r\u00e9p\u00e9ter durant l\u2019\u00e9t\u00e9.\r\n\r\nLes centrales nucl\u00e9aires ne sont pas les seules expos\u00e9es au changement climatique : en Pologne, les centrales au charbon ont elles aussi besoin d\u2019eau pour fonctionner, et sont ainsi particuli\u00e8rement sensibles aux s\u00e9cheresses.","display_date":"","new_abstract":true},"yoast_head":"<!-- This site is optimized with the Yoast SEO plugin v26.1.1 - https:\/\/yoast.com\/wordpress\/plugins\/seo\/ -->\n<title>En Europe, les fortes chaleurs menacent la production d&#039;\u00e9lectricit\u00e9<\/title>\n<meta name=\"robots\" content=\"index, follow, max-snippet:-1, max-image-preview:large, max-video-preview:-1\" \/>\n<link rel=\"canonical\" href=\"https:\/\/legrandcontinent.eu\/fr\/2025\/07\/04\/en-europe-les-fortes-chaleurs-menacent-la-production-delectricite\/\" \/>\n<meta property=\"og:locale\" content=\"fr_FR\" \/>\n<meta property=\"og:type\" content=\"article\" \/>\n<meta property=\"og:title\" content=\"En Europe, les fortes chaleurs menacent la production d&#039;\u00e9lectricit\u00e9\" \/>\n<meta property=\"og:description\" content=\"En France et en Suisse, la hausse des temp\u00e9ratures a contraint plusieurs centrales nucl\u00e9aires \u00e0 r\u00e9duire voire mettre en pause leur production d\u2019\u00e9lectricit\u00e9, un sc\u00e9nario qui risque de se r\u00e9p\u00e9ter durant l\u2019\u00e9t\u00e9.  Les centrales nucl\u00e9aires ne sont pas les seules expos\u00e9es au changement climatique&#160;: en Pologne, les centrales au charbon ont elles aussi besoin d\u2019eau pour fonctionner, et sont ainsi particuli\u00e8rement sensibles aux s\u00e9cheresses.\" \/>\n<meta property=\"og:url\" content=\"https:\/\/legrandcontinent.eu\/fr\/2025\/07\/04\/en-europe-les-fortes-chaleurs-menacent-la-production-delectricite\/\" \/>\n<meta property=\"og:site_name\" content=\"Le Grand Continent\" \/>\n<meta property=\"article:published_time\" content=\"2025-07-04T14:37:07+00:00\" \/>\n<meta property=\"article:modified_time\" content=\"2025-07-04T14:37:46+00:00\" \/>\n<meta property=\"og:image\" content=\"https:\/\/legrandcontinent.eu\/fr\/wp-content\/uploads\/sites\/2\/2025\/07\/gc-share-nucleaire-chaleur-europe.png\" \/>\n\t<meta property=\"og:image:width\" content=\"1900\" \/>\n\t<meta property=\"og:image:height\" content=\"1060\" \/>\n\t<meta property=\"og:image:type\" content=\"image\/png\" \/>\n<meta name=\"author\" content=\"Marin Saillofest\" \/>\n<meta name=\"twitter:card\" content=\"summary_large_image\" \/>\n<meta name=\"twitter:image\" content=\"https:\/\/legrandcontinent.eu\/fr\/wp-content\/uploads\/sites\/2\/2025\/07\/gc-share-nucleaire-chaleur-europe.png\" \/>\n<meta name=\"twitter:label1\" content=\"\u00c9crit par\" \/>\n\t<meta name=\"twitter:data1\" content=\"Marin Saillofest\" \/>\n\t<meta name=\"twitter:label2\" content=\"Dur\u00e9e de lecture estim\u00e9e\" \/>\n\t<meta name=\"twitter:data2\" content=\"3 minutes\" \/>\n<script type=\"application\/ld+json\" class=\"yoast-schema-graph\">{\"@context\":\"https:\/\/schema.org\",\"@graph\":[{\"@type\":\"WebPage\",\"@id\":\"https:\/\/legrandcontinent.eu\/fr\/2025\/07\/04\/en-europe-les-fortes-chaleurs-menacent-la-production-delectricite\/\",\"url\":\"https:\/\/legrandcontinent.eu\/fr\/2025\/07\/04\/en-europe-les-fortes-chaleurs-menacent-la-production-delectricite\/\",\"name\":\"En Europe, les fortes chaleurs menacent la production d'\u00e9lectricit\u00e9\",\"isPartOf\":{\"@id\":\"https:\/\/legrandcontinent.eu\/fr\/#website\"},\"primaryImageOfPage\":{\"@id\":\"https:\/\/legrandcontinent.eu\/fr\/2025\/07\/04\/en-europe-les-fortes-chaleurs-menacent-la-production-delectricite\/#primaryimage\"},\"image\":{\"@id\":\"https:\/\/legrandcontinent.eu\/fr\/2025\/07\/04\/en-europe-les-fortes-chaleurs-menacent-la-production-delectricite\/#primaryimage\"},\"thumbnailUrl\":\"https:\/\/legrandcontinent.eu\/fr\/wp-content\/uploads\/sites\/2\/2025\/07\/gc-nucleaire-chaleur-europe.png\",\"datePublished\":\"2025-07-04T14:37:07+00:00\",\"dateModified\":\"2025-07-04T14:37:46+00:00\",\"author\":{\"@id\":\"https:\/\/legrandcontinent.eu\/fr\/#\/schema\/person\/e4f85f52220fc7b4cc3cfdb86d88e833\"},\"breadcrumb\":{\"@id\":\"https:\/\/legrandcontinent.eu\/fr\/2025\/07\/04\/en-europe-les-fortes-chaleurs-menacent-la-production-delectricite\/#breadcrumb\"},\"inLanguage\":\"fr-FR\",\"potentialAction\":[{\"@type\":\"ReadAction\",\"target\":[\"https:\/\/legrandcontinent.eu\/fr\/2025\/07\/04\/en-europe-les-fortes-chaleurs-menacent-la-production-delectricite\/\"]}]},{\"@type\":\"ImageObject\",\"inLanguage\":\"fr-FR\",\"@id\":\"https:\/\/legrandcontinent.eu\/fr\/2025\/07\/04\/en-europe-les-fortes-chaleurs-menacent-la-production-delectricite\/#primaryimage\",\"url\":\"https:\/\/legrandcontinent.eu\/fr\/wp-content\/uploads\/sites\/2\/2025\/07\/gc-nucleaire-chaleur-europe.png\",\"contentUrl\":\"https:\/\/legrandcontinent.eu\/fr\/wp-content\/uploads\/sites\/2\/2025\/07\/gc-nucleaire-chaleur-europe.png\",\"width\":1888,\"height\":1056},{\"@type\":\"BreadcrumbList\",\"@id\":\"https:\/\/legrandcontinent.eu\/fr\/2025\/07\/04\/en-europe-les-fortes-chaleurs-menacent-la-production-delectricite\/#breadcrumb\",\"itemListElement\":[{\"@type\":\"ListItem\",\"position\":1,\"name\":\"Accueil\",\"item\":\"https:\/\/legrandcontinent.eu\/fr\/\"},{\"@type\":\"ListItem\",\"position\":2,\"name\":\"En Europe, les fortes chaleurs menacent la production d\u2019\u00e9lectricit\u00e9\"}]},{\"@type\":\"WebSite\",\"@id\":\"https:\/\/legrandcontinent.eu\/fr\/#website\",\"url\":\"https:\/\/legrandcontinent.eu\/fr\/\",\"name\":\"Le Grand Continent\",\"description\":\"L&#039;\u00e9chelle pertinente\",\"potentialAction\":[{\"@type\":\"SearchAction\",\"target\":{\"@type\":\"EntryPoint\",\"urlTemplate\":\"https:\/\/legrandcontinent.eu\/fr\/?s={search_term_string}\"},\"query-input\":{\"@type\":\"PropertyValueSpecification\",\"valueRequired\":true,\"valueName\":\"search_term_string\"}}],\"inLanguage\":\"fr-FR\"},{\"@type\":\"Person\",\"@id\":\"https:\/\/legrandcontinent.eu\/fr\/#\/schema\/person\/e4f85f52220fc7b4cc3cfdb86d88e833\",\"name\":\"Marin Saillofest\",\"image\":{\"@type\":\"ImageObject\",\"inLanguage\":\"fr-FR\",\"@id\":\"https:\/\/legrandcontinent.eu\/fr\/#\/schema\/person\/image\/\",\"url\":\"https:\/\/secure.gravatar.com\/avatar\/87088698b4d967390c49ae6d4f1aa459?s=96&d=mm&r=g\",\"contentUrl\":\"https:\/\/secure.gravatar.com\/avatar\/87088698b4d967390c49ae6d4f1aa459?s=96&d=mm&r=g\",\"caption\":\"Marin Saillofest\"}}]}<\/script>\n<!-- \/ Yoast SEO plugin. -->","yoast_head_json":{"title":"En Europe, les fortes chaleurs menacent la production d'\u00e9lectricit\u00e9","robots":{"index":"index","follow":"follow","max-snippet":"max-snippet:-1","max-image-preview":"max-image-preview:large","max-video-preview":"max-video-preview:-1"},"canonical":"https:\/\/legrandcontinent.eu\/fr\/2025\/07\/04\/en-europe-les-fortes-chaleurs-menacent-la-production-delectricite\/","og_locale":"fr_FR","og_type":"article","og_title":"En Europe, les fortes chaleurs menacent la production d'\u00e9lectricit\u00e9","og_description":"En France et en Suisse, la hausse des temp\u00e9ratures a contraint plusieurs centrales nucl\u00e9aires \u00e0 r\u00e9duire voire mettre en pause leur production d\u2019\u00e9lectricit\u00e9, un sc\u00e9nario qui risque de se r\u00e9p\u00e9ter durant l\u2019\u00e9t\u00e9.  Les centrales nucl\u00e9aires ne sont pas les seules expos\u00e9es au changement climatique&#160;: en Pologne, les centrales au charbon ont elles aussi besoin d\u2019eau pour fonctionner, et sont ainsi particuli\u00e8rement sensibles aux s\u00e9cheresses.","og_url":"https:\/\/legrandcontinent.eu\/fr\/2025\/07\/04\/en-europe-les-fortes-chaleurs-menacent-la-production-delectricite\/","og_site_name":"Le Grand Continent","article_published_time":"2025-07-04T14:37:07+00:00","article_modified_time":"2025-07-04T14:37:46+00:00","og_image":[{"width":1900,"height":1060,"url":"https:\/\/legrandcontinent.eu\/fr\/wp-content\/uploads\/sites\/2\/2025\/07\/gc-share-nucleaire-chaleur-europe.png","type":"image\/png"}],"author":"Marin Saillofest","twitter_card":"summary_large_image","twitter_image":"https:\/\/legrandcontinent.eu\/fr\/wp-content\/uploads\/sites\/2\/2025\/07\/gc-share-nucleaire-chaleur-europe.png","twitter_misc":{"\u00c9crit par":"Marin Saillofest","Dur\u00e9e de lecture estim\u00e9e":"3 minutes"},"schema":{"@context":"https:\/\/schema.org","@graph":[{"@type":"WebPage","@id":"https:\/\/legrandcontinent.eu\/fr\/2025\/07\/04\/en-europe-les-fortes-chaleurs-menacent-la-production-delectricite\/","url":"https:\/\/legrandcontinent.eu\/fr\/2025\/07\/04\/en-europe-les-fortes-chaleurs-menacent-la-production-delectricite\/","name":"En Europe, les fortes chaleurs menacent la production d'\u00e9lectricit\u00e9","isPartOf":{"@id":"https:\/\/legrandcontinent.eu\/fr\/#website"},"primaryImageOfPage":{"@id":"https:\/\/legrandcontinent.eu\/fr\/2025\/07\/04\/en-europe-les-fortes-chaleurs-menacent-la-production-delectricite\/#primaryimage"},"image":{"@id":"https:\/\/legrandcontinent.eu\/fr\/2025\/07\/04\/en-europe-les-fortes-chaleurs-menacent-la-production-delectricite\/#primaryimage"},"thumbnailUrl":"https:\/\/legrandcontinent.eu\/fr\/wp-content\/uploads\/sites\/2\/2025\/07\/gc-nucleaire-chaleur-europe.png","datePublished":"2025-07-04T14:37:07+00:00","dateModified":"2025-07-04T14:37:46+00:00","author":{"@id":"https:\/\/legrandcontinent.eu\/fr\/#\/schema\/person\/e4f85f52220fc7b4cc3cfdb86d88e833"},"breadcrumb":{"@id":"https:\/\/legrandcontinent.eu\/fr\/2025\/07\/04\/en-europe-les-fortes-chaleurs-menacent-la-production-delectricite\/#breadcrumb"},"inLanguage":"fr-FR","potentialAction":[{"@type":"ReadAction","target":["https:\/\/legrandcontinent.eu\/fr\/2025\/07\/04\/en-europe-les-fortes-chaleurs-menacent-la-production-delectricite\/"]}]},{"@type":"ImageObject","inLanguage":"fr-FR","@id":"https:\/\/legrandcontinent.eu\/fr\/2025\/07\/04\/en-europe-les-fortes-chaleurs-menacent-la-production-delectricite\/#primaryimage","url":"https:\/\/legrandcontinent.eu\/fr\/wp-content\/uploads\/sites\/2\/2025\/07\/gc-nucleaire-chaleur-europe.png","contentUrl":"https:\/\/legrandcontinent.eu\/fr\/wp-content\/uploads\/sites\/2\/2025\/07\/gc-nucleaire-chaleur-europe.png","width":1888,"height":1056},{"@type":"BreadcrumbList","@id":"https:\/\/legrandcontinent.eu\/fr\/2025\/07\/04\/en-europe-les-fortes-chaleurs-menacent-la-production-delectricite\/#breadcrumb","itemListElement":[{"@type":"ListItem","position":1,"name":"Accueil","item":"https:\/\/legrandcontinent.eu\/fr\/"},{"@type":"ListItem","position":2,"name":"En Europe, les fortes chaleurs menacent la production d\u2019\u00e9lectricit\u00e9"}]},{"@type":"WebSite","@id":"https:\/\/legrandcontinent.eu\/fr\/#website","url":"https:\/\/legrandcontinent.eu\/fr\/","name":"Le Grand Continent","description":"L&#039;\u00e9chelle pertinente","potentialAction":[{"@type":"SearchAction","target":{"@type":"EntryPoint","urlTemplate":"https:\/\/legrandcontinent.eu\/fr\/?s={search_term_string}"},"query-input":{"@type":"PropertyValueSpecification","valueRequired":true,"valueName":"search_term_string"}}],"inLanguage":"fr-FR"},{"@type":"Person","@id":"https:\/\/legrandcontinent.eu\/fr\/#\/schema\/person\/e4f85f52220fc7b4cc3cfdb86d88e833","name":"Marin Saillofest","image":{"@type":"ImageObject","inLanguage":"fr-FR","@id":"https:\/\/legrandcontinent.eu\/fr\/#\/schema\/person\/image\/","url":"https:\/\/secure.gravatar.com\/avatar\/87088698b4d967390c49ae6d4f1aa459?s=96&d=mm&r=g","contentUrl":"https:\/\/secure.gravatar.com\/avatar\/87088698b4d967390c49ae6d4f1aa459?s=96&d=mm&r=g","caption":"Marin Saillofest"}}]}},"lgc_categories":[{"id":1730,"name":"\u00c9nergie et environnement","slug":"energie-et-environnement"}],"lgc_author":null,"feature_image_summary":{"url":"https:\/\/legrandcontinent.eu\/fr\/wp-content\/uploads\/sites\/2\/2025\/07\/gc-nucleaire-chaleur-europe.png","width":1888,"height":1056,"alt":""},"feature_image_cover":null,"term_position_data":null,"_links":{"self":[{"href":"https:\/\/legrandcontinent.eu\/fr\/wp-json\/wp\/v2\/posts\/286553","targetHints":{"allow":["GET"]}}],"collection":[{"href":"https:\/\/legrandcontinent.eu\/fr\/wp-json\/wp\/v2\/posts"}],"about":[{"href":"https:\/\/legrandcontinent.eu\/fr\/wp-json\/wp\/v2\/types\/post"}],"author":[{"embeddable":true,"href":"https:\/\/legrandcontinent.eu\/fr\/wp-json\/wp\/v2\/users\/2622"}],"replies":[{"embeddable":true,"href":"https:\/\/legrandcontinent.eu\/fr\/wp-json\/wp\/v2\/comments?post=286553"}],"version-history":[{"count":0,"href":"https:\/\/legrandcontinent.eu\/fr\/wp-json\/wp\/v2\/posts\/286553\/revisions"}],"wp:featuredmedia":[{"embeddable":true,"href":"https:\/\/legrandcontinent.eu\/fr\/wp-json\/wp\/v2\/media\/286557"}],"wp:attachment":[{"href":"https:\/\/legrandcontinent.eu\/fr\/wp-json\/wp\/v2\/media?parent=286553"}],"wp:term":[{"taxonomy":"category","embeddable":true,"href":"https:\/\/legrandcontinent.eu\/fr\/wp-json\/wp\/v2\/categories?post=286553"},{"taxonomy":"post_tag","embeddable":true,"href":"https:\/\/legrandcontinent.eu\/fr\/wp-json\/wp\/v2\/tags?post=286553"},{"taxonomy":"staff","embeddable":true,"href":"https:\/\/legrandcontinent.eu\/fr\/wp-json\/wp\/v2\/staff?post=286553"},{"taxonomy":"editorial_format","embeddable":true,"href":"https:\/\/legrandcontinent.eu\/fr\/wp-json\/wp\/v2\/editorial_format?post=286553"},{"taxonomy":"serie","embeddable":true,"href":"https:\/\/legrandcontinent.eu\/fr\/wp-json\/wp\/v2\/serie?post=286553"},{"taxonomy":"audience","embeddable":true,"href":"https:\/\/legrandcontinent.eu\/fr\/wp-json\/wp\/v2\/audience?post=286553"},{"taxonomy":"geo","embeddable":true,"href":"https:\/\/legrandcontinent.eu\/fr\/wp-json\/wp\/v2\/geo?post=286553"}],"curies":[{"name":"wp","href":"https:\/\/api.w.org\/{rel}","templated":true}]}}