{"id":284784,"date":"2025-06-23T18:07:47","date_gmt":"2025-06-23T16:07:47","guid":{"rendered":"https:\/\/legrandcontinent.eu\/fr\/?p=284784"},"modified":"2025-06-23T18:07:49","modified_gmt":"2025-06-23T16:07:49","slug":"entre-appels-a-la-desescalade-et-soutien-a-lobjectif-strategique-de-loperation-les-reactions-des-etats-membres-de-lunion-a-lattaque-americaine-contre-lir","status":"publish","type":"post","link":"https:\/\/legrandcontinent.eu\/fr\/2025\/06\/23\/entre-appels-a-la-desescalade-et-soutien-a-lobjectif-strategique-de-loperation-les-reactions-des-etats-membres-de-lunion-a-lattaque-americaine-contre-lir\/","title":{"rendered":"Entre appels \u00e0 la d\u00e9sescalade et soutien \u00e0 l\u2019objectif strat\u00e9gique de l\u2019op\u00e9ration&#160;: les r\u00e9actions des \u00c9tats membres de l\u2019Union \u00e0 l\u2019attaque am\u00e9ricaine contre l\u2019Iran sont divis\u00e9es"},"content":{"rendered":"\n<p>Un seul membre de l\u2019Union europ\u00e9enne, la Slovaquie, a condamn\u00e9 les frappes am\u00e9ricaines sur les infrastructures nucl\u00e9aires iraniennes dans la nuit du 21 au 22 juin.&nbsp;<\/p>\n\n\n\n<p>Les deux-tiers des membres (19 \u00c9tats sur 27) ont apport\u00e9 un soutien implicite \u00e0 l\u2019op\u00e9ration am\u00e9ricaine en affirmant qu\u2019ils partageaient le m\u00eame objectif que Washington, \u00e0 savoir emp\u00eacher T\u00e9h\u00e9ran d\u2019obtenir l\u2019arme nucl\u00e9aire.<\/p>\n\n\n\n<ul class=\"wp-block-list\">\n<li>Les minist\u00e8res des Affaires \u00e9trang\u00e8res estonien et roumain ont rappel\u00e9 la \u00ab&#160;menace&#160;\u00bb que fait peser l\u2019Iran en cherchant \u00e0 acqu\u00e9rir la bombe atomique.<\/li>\n\n\n\n<li>Le ministre des Affaires \u00e9trang\u00e8res lituanien K\u0119stutis Budrys a quant \u00e0 lui d\u00e9clar\u00e9 que \u00ab&#160;les actions fortes des \u00c9tats-Unis ont fait na\u00eetre l\u2019opportunit\u00e9 de revenir \u00e0 la table des n\u00e9gociations et de relancer les discussions&#160;\u00bb, et exhorte l\u2019Iran \u00e0 \u00ab&#160;choisir la paix plut\u00f4t que la guerre&#160;\u00bb&nbsp;<span class='whitespace-nowrap'><span id='easy-footnote-1-284784' class='easy-footnote-margin-adjust'><\/span><span class='easy-footnote'><a href='https:\/\/legrandcontinent.eu\/fr\/2025\/06\/23\/entre-appels-a-la-desescalade-et-soutien-a-lobjectif-strategique-de-loperation-les-reactions-des-etats-membres-de-lunion-a-lattaque-americaine-contre-lir\/#easy-footnote-bottom-1-284784' title='&lt;a href=&quot;https:\/\/x.com\/BudrysKestutis\/status\/1936797395347808664&quot;&gt;Publication de K\u0119stutis Budrys sur X&lt;\/a&gt;, 22 juin 2025.'><sup>1<\/sup><\/a><\/span><\/span>.<\/li>\n\n\n\n<li>Le Danemark et la Lettonie ont pour leur part affirm\u00e9 que les \u00c9tats-Unis avaient agi pour \u00ab&#160;faire face \u00e0 la menace&#160;\u00bb que repr\u00e9sente le programme nucl\u00e9aire iranien, tandis que la Tch\u00e9quie affirme \u00ab&#160;comprendre les enjeux s\u00e9curitaires&#160;\u00bb ayant pouss\u00e9 les \u00c9tats-Unis \u00e0 l\u2019action&nbsp;<span class='whitespace-nowrap'><span id='easy-footnote-2-284784' class='easy-footnote-margin-adjust'><\/span><span class='easy-footnote'><a href='https:\/\/legrandcontinent.eu\/fr\/2025\/06\/23\/entre-appels-a-la-desescalade-et-soutien-a-lobjectif-strategique-de-loperation-les-reactions-des-etats-membres-de-lunion-a-lattaque-americaine-contre-lir\/#easy-footnote-bottom-2-284784' title='&lt;a href=&quot;https:\/\/x.com\/JanLipavsky\/status\/1936699112105116152&quot;&gt;Publication de Jan Lipavsk\u00fd sur X&lt;\/a&gt;, 22 juin 2025.'><sup>2<\/sup><\/a><\/span><\/span>.<\/li>\n\n\n\n<li>Bien que ces d\u00e9clarations ne constituent pas un soutien direct \u00e0 l\u2019op\u00e9ration, <a href=\"https:\/\/legrandcontinent.eu\/fr\/2025\/06\/22\/frappes-americaines-sur-liran-cartographier-les-reactions-internationales-apres-loperation-midnight-hammer-2\/\">comme c\u2019est le cas de l\u2019Argentine, de l\u2019Ukraine ou d\u2019Isra\u00ebl notamment<\/a>, elles contribuent n\u00e9anmoins \u00e0 pr\u00e9senter l\u2019op\u00e9ration comme un recours \u00e0 la force \u00ab&#160;n\u00e9cessaire&#160;\u00bb.<\/li>\n<\/ul>\n\n\n\n<div class=\"iframe-container wp-block-image wp-block-image-medium  iframe-dw\">\n\t<div>\n\t\t<iframe class=\"absolute w-full h-full pin-t pin-l\" title=\"titolo\" aria-label=\"Interactive line chart\" src=\"\/\/datawrapper.dwcdn.net\/0wPH9\" scrolling=\"no\" frameborder=\"0\"><\/iframe>\n\t<\/div>\n<\/div>\n\n\n\n<p>Dans d\u2019autres d\u00e9clarations, la majeure partie des membres de l\u2019Union rappelle son souhait de ne pas voir l\u2019Iran dot\u00e9 d\u2019une arme nucl\u00e9aire mais insiste davantage sur l\u2019importance de privil\u00e9gier la voie diplomatique.<\/p>\n\n\n\n<ul class=\"wp-block-list\">\n<li>Dans des d\u00e9clarations au ton tr\u00e8s similaire, l\u2019Autriche, la Belgique, la Finlande, le Portugal et la Su\u00e8de notamment affirment que l\u2019Iran ne doit pas \u00ab&#160;\u00eatre autoris\u00e9 \u00e0 acc\u00e9der \u00e0 des armes nucl\u00e9aires&#160;\u00bb, qui repr\u00e9senteraient \u00ab&#160;une menace pour la s\u00e9curit\u00e9 internationale&#160;\u00bb, avant d&rsquo;appeler \u00e0 un \u00ab&#160;retour \u00e0 la table des n\u00e9gociations&#160;\u00bb.<\/li>\n\n\n\n<li>La diplomatie n\u00e9erlandaise affirme quant \u00e0 elle que \u00ab&#160;l&rsquo;Iran ne peut jamais \u00eatre autoris\u00e9 \u00e0 poss\u00e9der une arme nucl\u00e9aire&#160;\u00bb, avant d\u2019ajouter&#160;: \u00ab&#160;pour les Pays-Bas, les n\u00e9gociations sont le seul moyen de parvenir \u00e0 une solution durable&#160;\u00bb&nbsp;<span class='whitespace-nowrap'><span id='easy-footnote-3-284784' class='easy-footnote-margin-adjust'><\/span><span class='easy-footnote'><a href='https:\/\/legrandcontinent.eu\/fr\/2025\/06\/23\/entre-appels-a-la-desescalade-et-soutien-a-lobjectif-strategique-de-loperation-les-reactions-des-etats-membres-de-lunion-a-lattaque-americaine-contre-lir\/#easy-footnote-bottom-3-284784' title='&lt;a href=&quot;https:\/\/x.com\/ministerBZ\/status\/1936839417240670572&quot;&gt;Publication de Caspar Veldkamp sur X&lt;\/a&gt;, 22 juin 2025.'><sup>3<\/sup><\/a><\/span><\/span>.<\/li>\n\n\n\n<li>De la m\u00eame mani\u00e8re, la Bulgarie, la Croatie, l\u2019Irlande, l\u2019Italie et le Luxembourg insistent sur le risque de d\u00e9stabilisation r\u00e9gionale et la n\u00e9cessit\u00e9 de mettre fin \u00e0 l\u2019escalade.<\/li>\n<\/ul>\n\n\n\n<p>La France et l\u2019Allemagne, les deux membres de l\u2019Union qui font \u00e9galement partie de l\u2019E3 aux c\u00f4t\u00e9s du Royaume-Uni, insistent ainsi sur les efforts diplomatiques \u00e0 mener.<\/p>\n\n\n\n<ul class=\"wp-block-list\">\n<li>Les trois ont men\u00e9 des n\u00e9gociations avec l\u2019Iran \u00e0 la veille des frappes. Dans leurs premiers communiqu\u00e9s, ils insistent sur le fait que l\u2019Iran ne peut pas se doter de l\u2019arme nucl\u00e9aire.<\/li>\n\n\n\n<li>Le ministre des Affaires \u00e9trang\u00e8res fran\u00e7ais Jean-No\u00ebl Barrot pr\u00e9cise que la France \u00ab&#160;n\u2019a particip\u00e9 ni \u00e0 ces frappes ni \u00e0 leur planification&#160;\u00bb, et que Paris est pr\u00eat \u00e0 contribuer \u00e0 l\u2019\u00e9laboration d\u2019une \u00ab&#160;solution n\u00e9goci\u00e9e dans le cadre du Trait\u00e9 de non-prolif\u00e9ration sur les armes nucl\u00e9aires&#160;\u00bb qui appara\u00eet comme la seule voie pour un \u00ab&#160;r\u00e8glement durable&#160;\u00bb de ce conflit&nbsp;<span class='whitespace-nowrap'><span id='easy-footnote-4-284784' class='easy-footnote-margin-adjust'><\/span><span class='easy-footnote'><a href='https:\/\/legrandcontinent.eu\/fr\/2025\/06\/23\/entre-appels-a-la-desescalade-et-soutien-a-lobjectif-strategique-de-loperation-les-reactions-des-etats-membres-de-lunion-a-lattaque-americaine-contre-lir\/#easy-footnote-bottom-4-284784' title='\u00a0&lt;a href=&quot;https:\/\/x.com\/jnbarrot\/status\/1936725256233709875&quot;&gt;Publication de Jean-No\u00ebl Barrot sur X&lt;\/a&gt;, 22 juin 2025.'><sup>4<\/sup><\/a><\/span><\/span>.<\/li>\n\n\n\n<li>Le chancelier allemand Friedrich Merz mentionne pour sa part un engagement conjoint entre l\u2019Allemagne, la France et le Royaume-Uni \u00e0 limiter l\u2019escalade et mettre en \u0153uvre de nouvelles n\u00e9gociations.<\/li>\n<\/ul>\n\n\n\n<div class=\"iframe-container wp-block-image wp-block-image-medium  iframe-dw\">\n\t<div>\n\t\t<iframe class=\"absolute w-full h-full pin-t pin-l\" title=\"titolo\" aria-label=\"Interactive line chart\" src=\"\/\/datawrapper.dwcdn.net\/M7Fkx\" scrolling=\"no\" frameborder=\"0\"><\/iframe>\n\t<\/div>\n<\/div>\n\n\n\n<ul class=\"wp-block-list\">\n<li>Dans un communiqu\u00e9 commun publi\u00e9 le 22 juin dans la soir\u00e9e, les trois notent&#160;: \u00ab&#160;Nous r\u00e9affirmons notre soutien \u00e0 la s\u00e9curit\u00e9 d\u2019Isra\u00ebl. Nous avons toujours \u00e9t\u00e9 clairs&#160;: l\u2019Iran ne doit jamais pouvoir se doter de l\u2019arme nucl\u00e9aire et ne doit plus repr\u00e9senter une menace pour la s\u00e9curit\u00e9 r\u00e9gionale&#160;\u00bb&nbsp;<span class='whitespace-nowrap'><span id='easy-footnote-5-284784' class='easy-footnote-margin-adjust'><\/span><span class='easy-footnote'><a href='https:\/\/legrandcontinent.eu\/fr\/2025\/06\/23\/entre-appels-a-la-desescalade-et-soutien-a-lobjectif-strategique-de-loperation-les-reactions-des-etats-membres-de-lunion-a-lattaque-americaine-contre-lir\/#easy-footnote-bottom-5-284784' title='&lt;a href=&quot;https:\/\/www.bundesregierung.de\/breg-de\/aktuelles\/gemeinsames-statement-der-e3-staaten-zu-den-entwicklungen-im-iran-2355872&quot;&gt;Gemeinsames Statement der E3-Staaten zu den Entwicklungen im Iran&lt;\/a&gt;, Presse- und Informationsamt der Bundesregierung, 22 juin 2025.'><sup>5<\/sup><\/a><\/span><\/span>.<\/li>\n<\/ul>\n\n\n\n<p>Seuls quelques membres de l\u2019Union ne mentionnent pas le programme nucl\u00e9aire iranien dans leurs d\u00e9clarations, insistant avant tout sur la menace s\u00e9curitaire que constitue l\u2019attaque.<\/p>\n\n\n\n<ul class=\"wp-block-list\">\n<li>Dans un communiqu\u00e9 du gouvernement, l\u2019Espagne r\u00e9it\u00e8re ainsi \u00ab&#160;son appel \u00e0 la retenue et au respect du droit international&#160;\u00bb&nbsp;<span class='whitespace-nowrap'><span id='easy-footnote-6-284784' class='easy-footnote-margin-adjust'><\/span><span class='easy-footnote'><a href='https:\/\/legrandcontinent.eu\/fr\/2025\/06\/23\/entre-appels-a-la-desescalade-et-soutien-a-lobjectif-strategique-de-loperation-les-reactions-des-etats-membres-de-lunion-a-lattaque-americaine-contre-lir\/#easy-footnote-bottom-6-284784' title='&lt;a href=&quot;https:\/\/www.exteriores.gob.es\/es\/Comunicacion\/Comunicados\/Paginas\/2025_COMUNICADOS\/El-Gobierno-de-Espana-expresa-su-maxima-preocupacion-por-la-situacion-en-Oriente-Medio.aspx&quot;&gt;El Gobierno de Espa\u00f1a expresa su m\u00e1xima preocupaci\u00f3n por la situaci\u00f3n en Oriente Medio&lt;\/a&gt;, Ministerio de Asuntos Exteriores, Uni\u00f3n Europea y Cooperaci\u00f3n, 22 juin 2025.'><sup>6<\/sup><\/a><\/span><\/span>.<\/li>\n\n\n\n<li>La Slov\u00e9nie comme la Slovaquie rappellent l\u2019importance du respect de la charte des Nations unies.<\/li>\n\n\n\n<li>La Hongrie d\u00e9clare qu\u2019il est dans son int\u00e9r\u00eat \u00ab&#160;d&#8217;emp\u00eacher l&rsquo;\u00e9mergence de nouveaux arsenaux nucl\u00e9aires dans le monde&#160;\u00bb, mais insiste sur la n\u00e9cessit\u00e9 d\u2019\u00e9viter l\u2019escalade puisque la situation a \u00ab&#160;un impact direct sur la s\u00e9curit\u00e9 de l&rsquo;Europe&#160;\u00bb&nbsp;<span class='whitespace-nowrap'><span id='easy-footnote-7-284784' class='easy-footnote-margin-adjust'><\/span><span class='easy-footnote'><a href='https:\/\/legrandcontinent.eu\/fr\/2025\/06\/23\/entre-appels-a-la-desescalade-et-soutien-a-lobjectif-strategique-de-loperation-les-reactions-des-etats-membres-de-lunion-a-lattaque-americaine-contre-lir\/#easy-footnote-bottom-7-284784' title='&lt;a href=&quot;https:\/\/x.com\/FM_Szijjarto\/status\/1936811487655231882&quot;&gt;Publication de P\u00e9ter Szijj\u00e1rt\u00f3 sur X&lt;\/a&gt;, 22 juin 2025.'><sup>7<\/sup><\/a><\/span><\/span>.<\/li>\n\n\n\n<li>Enfin, la Gr\u00e8ce et Chypre estiment qu\u2019il est essentiel de prioriser la stabilit\u00e9 et la s\u00e9curit\u00e9 r\u00e9gionale.<\/li>\n<\/ul>\n\n\n\n<p>Malte et la Pologne n\u2019ont pour l\u2019heure pas publi\u00e9 de communiqu\u00e9 officiel, mais le ministre des Affaires \u00e9trang\u00e8res polonais Rados\u0142aw Sikorski a exprim\u00e9 sa crainte que le conflit au Moyen-Orient fasse passer la guerre en Ukraine au second plan&nbsp;<span class='whitespace-nowrap'><span id='easy-footnote-8-284784' class='easy-footnote-margin-adjust'><\/span><span class='easy-footnote'><a href='https:\/\/legrandcontinent.eu\/fr\/2025\/06\/23\/entre-appels-a-la-desescalade-et-soutien-a-lobjectif-strategique-de-loperation-les-reactions-des-etats-membres-de-lunion-a-lattaque-americaine-contre-lir\/#easy-footnote-bottom-8-284784' title='Micha\u0142 Blus, \u00ab&amp;#160;&lt;a href=&quot;https:\/\/wydarzenia.interia.pl\/bliski-wschod\/news-chore-ambicje-przywodcow-dosadne-slowa-radoslawa-sikorskiego,nId,21843296&quot;&gt;\u00ab&amp;#160;Chore ambicje przyw\u00f3dc\u00f3w&amp;#160;\u00bb. Dosadne s\u0142owa Rados\u0142awa Sikorskiego&lt;\/a&gt;&amp;#160;\u00bb, &lt;em&gt;Wydarzenia&lt;\/em&gt;, 23 juin 2025.'><sup>8<\/sup><\/a><\/span><\/span>.<\/p>\n","protected":false},"excerpt":{"rendered":"<p>Plus de 24 heures apr\u00e8s le bombardement par les \u00c9tats-Unis des trois principaux sites nucl\u00e9aires iraniens, la quasi-totalit\u00e9 des membres de l\u2019Union \u2014 \u00e0 l\u2019exception de la Pologne et de Malte \u2014 a r\u00e9agi. <\/p>\n<p>Impliqu\u00e9s depuis plus de vingt ans dans la diplomatie sur le nucl\u00e9aire iranien, les Europ\u00e9ens semblent aujourd\u2019hui se retrouver dans une position d\u00e9licate, contraints de renier l\u2019un des points clefs qui avaient guid\u00e9 leur action&#160;&#160;: l\u2019opposition \u00e0 l\u2019option militaire pour la destruction du programme nucl\u00e9aire de T\u00e9h\u00e9ran.<\/p>\n","protected":false},"author":2622,"featured_media":284789,"comment_status":"closed","ping_status":"closed","sticky":false,"template":"templates\/post-briefings.php","format":"standard","meta":{"_acf_changed":false,"_trash_the_other_posts":false,"_yoast_wpseo_estimated-reading-time-minutes":5,"footnotes":""},"categories":[1732],"tags":[],"staff":[],"editorial_format":[],"serie":[],"audience":[],"geo":[1917],"class_list":["post-284784","post","type-post","status-publish","format-standard","hentry","category-guerre","geo-europe"],"acf":{"open_in_webview":false,"accent":false},"yoast_head":"<!-- This site is optimized with the Yoast SEO plugin v26.1.1 - https:\/\/yoast.com\/wordpress\/plugins\/seo\/ -->\n<title>La division des Europ\u00e9ens face \u00e0 l&#039;attaque am\u00e9ricaine sur l&#039;Iran<\/title>\n<meta name=\"robots\" content=\"index, follow, max-snippet:-1, max-image-preview:large, max-video-preview:-1\" \/>\n<link rel=\"canonical\" href=\"https:\/\/legrandcontinent.eu\/fr\/2025\/06\/23\/entre-appels-a-la-desescalade-et-soutien-a-lobjectif-strategique-de-loperation-les-reactions-des-etats-membres-de-lunion-a-lattaque-americaine-contre-lir\/\" \/>\n<meta property=\"og:locale\" content=\"fr_FR\" \/>\n<meta property=\"og:type\" content=\"article\" \/>\n<meta property=\"og:title\" content=\"La division des Europ\u00e9ens face \u00e0 l&#039;attaque am\u00e9ricaine sur l&#039;Iran\" \/>\n<meta property=\"og:description\" content=\"Plus de 24 heures apr\u00e8s le bombardement par les \u00c9tats-Unis des trois principaux sites nucl\u00e9aires iraniens, la quasi-totalit\u00e9 des membres de l\u2019Union \u2014 \u00e0 l\u2019exception de la Pologne et de Malte \u2014 a r\u00e9agi.   Impliqu\u00e9s depuis plus de vingt ans dans la diplomatie sur le nucl\u00e9aire iranien, les Europ\u00e9ens semblent aujourd\u2019hui se retrouver dans une position d\u00e9licate, contraints de renier l\u2019un des points clefs qui avaient guid\u00e9 leur action&#160;: l\u2019opposition \u00e0 l\u2019option militaire pour la destruction du programme nucl\u00e9aire de T\u00e9h\u00e9ran.\" \/>\n<meta property=\"og:url\" content=\"https:\/\/legrandcontinent.eu\/fr\/2025\/06\/23\/entre-appels-a-la-desescalade-et-soutien-a-lobjectif-strategique-de-loperation-les-reactions-des-etats-membres-de-lunion-a-lattaque-americaine-contre-lir\/\" \/>\n<meta property=\"og:site_name\" content=\"Le Grand Continent\" \/>\n<meta property=\"article:published_time\" content=\"2025-06-23T16:07:47+00:00\" \/>\n<meta property=\"article:modified_time\" content=\"2025-06-23T16:07:49+00:00\" \/>\n<meta property=\"og:image\" content=\"https:\/\/legrandcontinent.eu\/fr\/wp-content\/uploads\/sites\/2\/2025\/06\/gc-share-positions-europens-midnight-hammer.png\" \/>\n\t<meta property=\"og:image:width\" content=\"1888\" \/>\n\t<meta property=\"og:image:height\" content=\"1060\" \/>\n\t<meta property=\"og:image:type\" content=\"image\/png\" \/>\n<meta name=\"author\" content=\"Marin Saillofest\" \/>\n<meta name=\"twitter:card\" content=\"summary_large_image\" \/>\n<meta name=\"twitter:image\" content=\"https:\/\/legrandcontinent.eu\/fr\/wp-content\/uploads\/sites\/2\/2025\/06\/gc-share-positions-europens-midnight-hammer.png\" \/>\n<meta name=\"twitter:label1\" content=\"\u00c9crit par\" \/>\n\t<meta name=\"twitter:data1\" content=\"Marin Saillofest\" \/>\n\t<meta name=\"twitter:label2\" content=\"Dur\u00e9e de lecture estim\u00e9e\" \/>\n\t<meta name=\"twitter:data2\" content=\"5 minutes\" \/>\n<script type=\"application\/ld+json\" class=\"yoast-schema-graph\">{\"@context\":\"https:\/\/schema.org\",\"@graph\":[{\"@type\":\"WebPage\",\"@id\":\"https:\/\/legrandcontinent.eu\/fr\/2025\/06\/23\/entre-appels-a-la-desescalade-et-soutien-a-lobjectif-strategique-de-loperation-les-reactions-des-etats-membres-de-lunion-a-lattaque-americaine-contre-lir\/\",\"url\":\"https:\/\/legrandcontinent.eu\/fr\/2025\/06\/23\/entre-appels-a-la-desescalade-et-soutien-a-lobjectif-strategique-de-loperation-les-reactions-des-etats-membres-de-lunion-a-lattaque-americaine-contre-lir\/\",\"name\":\"La division des Europ\u00e9ens face \u00e0 l'attaque am\u00e9ricaine sur l'Iran\",\"isPartOf\":{\"@id\":\"https:\/\/legrandcontinent.eu\/fr\/#website\"},\"primaryImageOfPage\":{\"@id\":\"https:\/\/legrandcontinent.eu\/fr\/2025\/06\/23\/entre-appels-a-la-desescalade-et-soutien-a-lobjectif-strategique-de-loperation-les-reactions-des-etats-membres-de-lunion-a-lattaque-americaine-contre-lir\/#primaryimage\"},\"image\":{\"@id\":\"https:\/\/legrandcontinent.eu\/fr\/2025\/06\/23\/entre-appels-a-la-desescalade-et-soutien-a-lobjectif-strategique-de-loperation-les-reactions-des-etats-membres-de-lunion-a-lattaque-americaine-contre-lir\/#primaryimage\"},\"thumbnailUrl\":\"https:\/\/legrandcontinent.eu\/fr\/wp-content\/uploads\/sites\/2\/2025\/06\/gc-positions-europens-midnight-hammer.png\",\"datePublished\":\"2025-06-23T16:07:47+00:00\",\"dateModified\":\"2025-06-23T16:07:49+00:00\",\"author\":{\"@id\":\"https:\/\/legrandcontinent.eu\/fr\/#\/schema\/person\/e4f85f52220fc7b4cc3cfdb86d88e833\"},\"breadcrumb\":{\"@id\":\"https:\/\/legrandcontinent.eu\/fr\/2025\/06\/23\/entre-appels-a-la-desescalade-et-soutien-a-lobjectif-strategique-de-loperation-les-reactions-des-etats-membres-de-lunion-a-lattaque-americaine-contre-lir\/#breadcrumb\"},\"inLanguage\":\"fr-FR\",\"potentialAction\":[{\"@type\":\"ReadAction\",\"target\":[\"https:\/\/legrandcontinent.eu\/fr\/2025\/06\/23\/entre-appels-a-la-desescalade-et-soutien-a-lobjectif-strategique-de-loperation-les-reactions-des-etats-membres-de-lunion-a-lattaque-americaine-contre-lir\/\"]}]},{\"@type\":\"ImageObject\",\"inLanguage\":\"fr-FR\",\"@id\":\"https:\/\/legrandcontinent.eu\/fr\/2025\/06\/23\/entre-appels-a-la-desescalade-et-soutien-a-lobjectif-strategique-de-loperation-les-reactions-des-etats-membres-de-lunion-a-lattaque-americaine-contre-lir\/#primaryimage\",\"url\":\"https:\/\/legrandcontinent.eu\/fr\/wp-content\/uploads\/sites\/2\/2025\/06\/gc-positions-europens-midnight-hammer.png\",\"contentUrl\":\"https:\/\/legrandcontinent.eu\/fr\/wp-content\/uploads\/sites\/2\/2025\/06\/gc-positions-europens-midnight-hammer.png\",\"width\":1892,\"height\":1062},{\"@type\":\"BreadcrumbList\",\"@id\":\"https:\/\/legrandcontinent.eu\/fr\/2025\/06\/23\/entre-appels-a-la-desescalade-et-soutien-a-lobjectif-strategique-de-loperation-les-reactions-des-etats-membres-de-lunion-a-lattaque-americaine-contre-lir\/#breadcrumb\",\"itemListElement\":[{\"@type\":\"ListItem\",\"position\":1,\"name\":\"Accueil\",\"item\":\"https:\/\/legrandcontinent.eu\/fr\/\"},{\"@type\":\"ListItem\",\"position\":2,\"name\":\"Entre appels \u00e0 la d\u00e9sescalade et soutien \u00e0 l\u2019objectif strat\u00e9gique de l\u2019op\u00e9ration&#160;: les r\u00e9actions des \u00c9tats membres de l\u2019Union \u00e0 l\u2019attaque am\u00e9ricaine contre l\u2019Iran sont divis\u00e9es\"}]},{\"@type\":\"WebSite\",\"@id\":\"https:\/\/legrandcontinent.eu\/fr\/#website\",\"url\":\"https:\/\/legrandcontinent.eu\/fr\/\",\"name\":\"Le Grand Continent\",\"description\":\"L&#039;\u00e9chelle pertinente\",\"potentialAction\":[{\"@type\":\"SearchAction\",\"target\":{\"@type\":\"EntryPoint\",\"urlTemplate\":\"https:\/\/legrandcontinent.eu\/fr\/?s={search_term_string}\"},\"query-input\":{\"@type\":\"PropertyValueSpecification\",\"valueRequired\":true,\"valueName\":\"search_term_string\"}}],\"inLanguage\":\"fr-FR\"},{\"@type\":\"Person\",\"@id\":\"https:\/\/legrandcontinent.eu\/fr\/#\/schema\/person\/e4f85f52220fc7b4cc3cfdb86d88e833\",\"name\":\"Marin Saillofest\",\"image\":{\"@type\":\"ImageObject\",\"inLanguage\":\"fr-FR\",\"@id\":\"https:\/\/legrandcontinent.eu\/fr\/#\/schema\/person\/image\/\",\"url\":\"https:\/\/secure.gravatar.com\/avatar\/87088698b4d967390c49ae6d4f1aa459?s=96&d=mm&r=g\",\"contentUrl\":\"https:\/\/secure.gravatar.com\/avatar\/87088698b4d967390c49ae6d4f1aa459?s=96&d=mm&r=g\",\"caption\":\"Marin Saillofest\"}}]}<\/script>\n<!-- \/ Yoast SEO plugin. -->","yoast_head_json":{"title":"La division des Europ\u00e9ens face \u00e0 l'attaque am\u00e9ricaine sur l'Iran","robots":{"index":"index","follow":"follow","max-snippet":"max-snippet:-1","max-image-preview":"max-image-preview:large","max-video-preview":"max-video-preview:-1"},"canonical":"https:\/\/legrandcontinent.eu\/fr\/2025\/06\/23\/entre-appels-a-la-desescalade-et-soutien-a-lobjectif-strategique-de-loperation-les-reactions-des-etats-membres-de-lunion-a-lattaque-americaine-contre-lir\/","og_locale":"fr_FR","og_type":"article","og_title":"La division des Europ\u00e9ens face \u00e0 l'attaque am\u00e9ricaine sur l'Iran","og_description":"Plus de 24 heures apr\u00e8s le bombardement par les \u00c9tats-Unis des trois principaux sites nucl\u00e9aires iraniens, la quasi-totalit\u00e9 des membres de l\u2019Union \u2014 \u00e0 l\u2019exception de la Pologne et de Malte \u2014 a r\u00e9agi.   Impliqu\u00e9s depuis plus de vingt ans dans la diplomatie sur le nucl\u00e9aire iranien, les Europ\u00e9ens semblent aujourd\u2019hui se retrouver dans une position d\u00e9licate, contraints de renier l\u2019un des points clefs qui avaient guid\u00e9 leur action&#160;: l\u2019opposition \u00e0 l\u2019option militaire pour la destruction du programme nucl\u00e9aire de T\u00e9h\u00e9ran.","og_url":"https:\/\/legrandcontinent.eu\/fr\/2025\/06\/23\/entre-appels-a-la-desescalade-et-soutien-a-lobjectif-strategique-de-loperation-les-reactions-des-etats-membres-de-lunion-a-lattaque-americaine-contre-lir\/","og_site_name":"Le Grand Continent","article_published_time":"2025-06-23T16:07:47+00:00","article_modified_time":"2025-06-23T16:07:49+00:00","og_image":[{"width":1888,"height":1060,"url":"https:\/\/legrandcontinent.eu\/fr\/wp-content\/uploads\/sites\/2\/2025\/06\/gc-share-positions-europens-midnight-hammer.png","type":"image\/png"}],"author":"Marin Saillofest","twitter_card":"summary_large_image","twitter_image":"https:\/\/legrandcontinent.eu\/fr\/wp-content\/uploads\/sites\/2\/2025\/06\/gc-share-positions-europens-midnight-hammer.png","twitter_misc":{"\u00c9crit par":"Marin Saillofest","Dur\u00e9e de lecture estim\u00e9e":"5 minutes"},"schema":{"@context":"https:\/\/schema.org","@graph":[{"@type":"WebPage","@id":"https:\/\/legrandcontinent.eu\/fr\/2025\/06\/23\/entre-appels-a-la-desescalade-et-soutien-a-lobjectif-strategique-de-loperation-les-reactions-des-etats-membres-de-lunion-a-lattaque-americaine-contre-lir\/","url":"https:\/\/legrandcontinent.eu\/fr\/2025\/06\/23\/entre-appels-a-la-desescalade-et-soutien-a-lobjectif-strategique-de-loperation-les-reactions-des-etats-membres-de-lunion-a-lattaque-americaine-contre-lir\/","name":"La division des Europ\u00e9ens face \u00e0 l'attaque am\u00e9ricaine sur l'Iran","isPartOf":{"@id":"https:\/\/legrandcontinent.eu\/fr\/#website"},"primaryImageOfPage":{"@id":"https:\/\/legrandcontinent.eu\/fr\/2025\/06\/23\/entre-appels-a-la-desescalade-et-soutien-a-lobjectif-strategique-de-loperation-les-reactions-des-etats-membres-de-lunion-a-lattaque-americaine-contre-lir\/#primaryimage"},"image":{"@id":"https:\/\/legrandcontinent.eu\/fr\/2025\/06\/23\/entre-appels-a-la-desescalade-et-soutien-a-lobjectif-strategique-de-loperation-les-reactions-des-etats-membres-de-lunion-a-lattaque-americaine-contre-lir\/#primaryimage"},"thumbnailUrl":"https:\/\/legrandcontinent.eu\/fr\/wp-content\/uploads\/sites\/2\/2025\/06\/gc-positions-europens-midnight-hammer.png","datePublished":"2025-06-23T16:07:47+00:00","dateModified":"2025-06-23T16:07:49+00:00","author":{"@id":"https:\/\/legrandcontinent.eu\/fr\/#\/schema\/person\/e4f85f52220fc7b4cc3cfdb86d88e833"},"breadcrumb":{"@id":"https:\/\/legrandcontinent.eu\/fr\/2025\/06\/23\/entre-appels-a-la-desescalade-et-soutien-a-lobjectif-strategique-de-loperation-les-reactions-des-etats-membres-de-lunion-a-lattaque-americaine-contre-lir\/#breadcrumb"},"inLanguage":"fr-FR","potentialAction":[{"@type":"ReadAction","target":["https:\/\/legrandcontinent.eu\/fr\/2025\/06\/23\/entre-appels-a-la-desescalade-et-soutien-a-lobjectif-strategique-de-loperation-les-reactions-des-etats-membres-de-lunion-a-lattaque-americaine-contre-lir\/"]}]},{"@type":"ImageObject","inLanguage":"fr-FR","@id":"https:\/\/legrandcontinent.eu\/fr\/2025\/06\/23\/entre-appels-a-la-desescalade-et-soutien-a-lobjectif-strategique-de-loperation-les-reactions-des-etats-membres-de-lunion-a-lattaque-americaine-contre-lir\/#primaryimage","url":"https:\/\/legrandcontinent.eu\/fr\/wp-content\/uploads\/sites\/2\/2025\/06\/gc-positions-europens-midnight-hammer.png","contentUrl":"https:\/\/legrandcontinent.eu\/fr\/wp-content\/uploads\/sites\/2\/2025\/06\/gc-positions-europens-midnight-hammer.png","width":1892,"height":1062},{"@type":"BreadcrumbList","@id":"https:\/\/legrandcontinent.eu\/fr\/2025\/06\/23\/entre-appels-a-la-desescalade-et-soutien-a-lobjectif-strategique-de-loperation-les-reactions-des-etats-membres-de-lunion-a-lattaque-americaine-contre-lir\/#breadcrumb","itemListElement":[{"@type":"ListItem","position":1,"name":"Accueil","item":"https:\/\/legrandcontinent.eu\/fr\/"},{"@type":"ListItem","position":2,"name":"Entre appels \u00e0 la d\u00e9sescalade et soutien \u00e0 l\u2019objectif strat\u00e9gique de l\u2019op\u00e9ration&#160;: les r\u00e9actions des \u00c9tats membres de l\u2019Union \u00e0 l\u2019attaque am\u00e9ricaine contre l\u2019Iran sont divis\u00e9es"}]},{"@type":"WebSite","@id":"https:\/\/legrandcontinent.eu\/fr\/#website","url":"https:\/\/legrandcontinent.eu\/fr\/","name":"Le Grand Continent","description":"L&#039;\u00e9chelle pertinente","potentialAction":[{"@type":"SearchAction","target":{"@type":"EntryPoint","urlTemplate":"https:\/\/legrandcontinent.eu\/fr\/?s={search_term_string}"},"query-input":{"@type":"PropertyValueSpecification","valueRequired":true,"valueName":"search_term_string"}}],"inLanguage":"fr-FR"},{"@type":"Person","@id":"https:\/\/legrandcontinent.eu\/fr\/#\/schema\/person\/e4f85f52220fc7b4cc3cfdb86d88e833","name":"Marin Saillofest","image":{"@type":"ImageObject","inLanguage":"fr-FR","@id":"https:\/\/legrandcontinent.eu\/fr\/#\/schema\/person\/image\/","url":"https:\/\/secure.gravatar.com\/avatar\/87088698b4d967390c49ae6d4f1aa459?s=96&d=mm&r=g","contentUrl":"https:\/\/secure.gravatar.com\/avatar\/87088698b4d967390c49ae6d4f1aa459?s=96&d=mm&r=g","caption":"Marin Saillofest"}}]}},"lgc_categories":[{"id":1732,"name":"Guerre","slug":"guerre"}],"lgc_author":null,"feature_image_summary":{"url":"https:\/\/legrandcontinent.eu\/fr\/wp-content\/uploads\/sites\/2\/2025\/06\/gc-positions-europens-midnight-hammer.png","width":1892,"height":1062,"alt":""},"feature_image_cover":null,"term_position_data":null,"_links":{"self":[{"href":"https:\/\/legrandcontinent.eu\/fr\/wp-json\/wp\/v2\/posts\/284784","targetHints":{"allow":["GET"]}}],"collection":[{"href":"https:\/\/legrandcontinent.eu\/fr\/wp-json\/wp\/v2\/posts"}],"about":[{"href":"https:\/\/legrandcontinent.eu\/fr\/wp-json\/wp\/v2\/types\/post"}],"author":[{"embeddable":true,"href":"https:\/\/legrandcontinent.eu\/fr\/wp-json\/wp\/v2\/users\/2622"}],"replies":[{"embeddable":true,"href":"https:\/\/legrandcontinent.eu\/fr\/wp-json\/wp\/v2\/comments?post=284784"}],"version-history":[{"count":0,"href":"https:\/\/legrandcontinent.eu\/fr\/wp-json\/wp\/v2\/posts\/284784\/revisions"}],"wp:featuredmedia":[{"embeddable":true,"href":"https:\/\/legrandcontinent.eu\/fr\/wp-json\/wp\/v2\/media\/284789"}],"wp:attachment":[{"href":"https:\/\/legrandcontinent.eu\/fr\/wp-json\/wp\/v2\/media?parent=284784"}],"wp:term":[{"taxonomy":"category","embeddable":true,"href":"https:\/\/legrandcontinent.eu\/fr\/wp-json\/wp\/v2\/categories?post=284784"},{"taxonomy":"post_tag","embeddable":true,"href":"https:\/\/legrandcontinent.eu\/fr\/wp-json\/wp\/v2\/tags?post=284784"},{"taxonomy":"staff","embeddable":true,"href":"https:\/\/legrandcontinent.eu\/fr\/wp-json\/wp\/v2\/staff?post=284784"},{"taxonomy":"editorial_format","embeddable":true,"href":"https:\/\/legrandcontinent.eu\/fr\/wp-json\/wp\/v2\/editorial_format?post=284784"},{"taxonomy":"serie","embeddable":true,"href":"https:\/\/legrandcontinent.eu\/fr\/wp-json\/wp\/v2\/serie?post=284784"},{"taxonomy":"audience","embeddable":true,"href":"https:\/\/legrandcontinent.eu\/fr\/wp-json\/wp\/v2\/audience?post=284784"},{"taxonomy":"geo","embeddable":true,"href":"https:\/\/legrandcontinent.eu\/fr\/wp-json\/wp\/v2\/geo?post=284784"}],"curies":[{"name":"wp","href":"https:\/\/api.w.org\/{rel}","templated":true}]}}