{"id":282911,"date":"2025-06-11T19:43:56","date_gmt":"2025-06-11T17:43:56","guid":{"rendered":"https:\/\/legrandcontinent.eu\/fr\/?p=282911"},"modified":"2025-06-12T09:33:39","modified_gmt":"2025-06-12T07:33:39","slug":"trump-serait-sur-le-point-denvoyer-des-citoyens-europeens-a-la-prison-militaire-de-guantanamo","status":"publish","type":"post","link":"https:\/\/legrandcontinent.eu\/fr\/2025\/06\/11\/trump-serait-sur-le-point-denvoyer-des-citoyens-europeens-a-la-prison-militaire-de-guantanamo\/","title":{"rendered":"Trump serait sur le point d\u2019envoyer des citoyens europ\u00e9ens \u00e0 la prison militaire de Guant\u00e1namo"},"content":{"rendered":"\n<p>Les documents internes \u00e0 l\u2019administration Trump obtenus par <em>Politico <\/em>indiquent que la Maison-Blanche a commenc\u00e9 \u00e0 examiner plus de 9 000 personnes pr\u00e9sentes ill\u00e9galement sur le territoire am\u00e9ricain et actuellement en d\u00e9tention en amont d\u2019un transfert pr\u00e9vu \u00e0 partir de cette semaine vers la prison militaire de Guant\u00e1namo, dans le sud-est de l\u2019\u00eele de Cuba&nbsp;<span class='whitespace-nowrap'><span id='easy-footnote-1-282911' class='easy-footnote-margin-adjust'><\/span><span class='easy-footnote'><a href='https:\/\/legrandcontinent.eu\/fr\/2025\/06\/11\/trump-serait-sur-le-point-denvoyer-des-citoyens-europeens-a-la-prison-militaire-de-guantanamo\/#easy-footnote-bottom-1-282911' title='\u00a0Nahal Toosi et Myah Ward, \u00ab&amp;#160;&lt;a href=&quot;https:\/\/www.politico.com\/news\/2025\/06\/10\/trump-plans-migrants-guantanamo-bay-00396673&quot;&gt;Trump team plans to send thousands of migrants to Guantanamo starting as soon as this week&lt;\/a&gt;&amp;#160;\u00bb, &lt;em&gt;Politico,&lt;\/em&gt; 10 juin 2025.'><sup>1<\/sup><\/a><\/span><\/span>.<\/p>\n\n\n\n<ul class=\"wp-block-list\">\n<li>Au moins 800 Europ\u00e9ens, dont 100 ressortissants roumains et un autrichien, figureraient sur cette liste. Si des citoyens fran\u00e7ais, britanniques, belges ou un espagnol notamment ont \u00e9t\u00e9 d\u00e9tenus \u00e0 Guant\u00e1namo au d\u00e9but des ann\u00e9es 2000, ces derniers constituaient des cas isol\u00e9s.<\/li>\n\n\n\n<li>La prison militaire, dont la pr\u00e9sence sur le sol cubain est contest\u00e9e par La Havane depuis la prise de pouvoir de Fidel Castro en 1959, ne comptait au 14 mai que 15 d\u00e9tenus, dont 9 inculp\u00e9s pour crimes de guerre.<\/li>\n\n\n\n<li>Depuis son retour au pouvoir en janvier, Trump a toutefois exprim\u00e9 \u00e0 plusieurs reprises son d\u00e9sir d\u2019y d\u00e9tenir jusqu\u2019\u00e0 30 000 personnes \u2014 soit un chiffre bien sup\u00e9rieur \u00e0 sa capacit\u00e9 maximale, estim\u00e9e \u00e0 environ 800 places.<\/li>\n<\/ul>\n\n\n\n<div class=\"iframe-container wp-block-image wp-block-image-medium  iframe-dw\">\n\t<div>\n\t\t<iframe class=\"absolute w-full h-full pin-t pin-l\" title=\"titolo\" aria-label=\"Interactive line chart\" src=\"\/\/datawrapper.dwcdn.net\/3Rh19\" scrolling=\"no\" frameborder=\"0\"><\/iframe>\n\t<\/div>\n<\/div>\n\n\n\n<p>Dans son \u00e9tat actuel, la prison de Guant\u00e1namo n\u2019est pas en mesure d\u2019accueillir plusieurs milliers de prisonniers dans des conditions d\u00e9centes. Les transferts de prisonniers depuis les \u00c9tats-Unis vers l\u2019\u00eele de Cuba ainsi que la construction de nouvelles infrastructures devraient par ailleurs co\u00fbter plusieurs millions voire dizaines de millions de dollars \u00e0 Washington \u2014 qui dispose de places suffisantes dans le pays.<\/p>\n\n\n\n<ul class=\"wp-block-list\">\n<li>Au d\u00e9but du mois, l\u2019Union am\u00e9ricaine pour les libert\u00e9s civiles notait dans une plainte d\u00e9pos\u00e9e contre la secr\u00e9taire \u00e0 la S\u00e9curit\u00e9 int\u00e9rieure Kristi Noem que la politique de d\u00e9tention de migrants dans la prison de Guant\u00e1namo visait \u00e0 faire endurer des \u00ab&#160;conditions punitives&#160;\u00bb aux d\u00e9tenus&nbsp;<span class='whitespace-nowrap'><span id='easy-footnote-2-282911' class='easy-footnote-margin-adjust'><\/span><span class='easy-footnote'><a href='https:\/\/legrandcontinent.eu\/fr\/2025\/06\/11\/trump-serait-sur-le-point-denvoyer-des-citoyens-europeens-a-la-prison-militaire-de-guantanamo\/#easy-footnote-bottom-2-282911' title='&lt;a href=&quot;https:\/\/storage.courtlistener.com\/recap\/gov.uscourts.dcd.281278\/gov.uscourts.dcd.281278.4.0.pdf&quot;&gt;YAMIL LUNA GUTIERREZ vs. KRISTI NOEM&lt;\/a&gt;, U.S. District Court For The District Of Columbia, 4 juin 2025.'><sup>2<\/sup><\/a><\/span><\/span>.<\/li>\n\n\n\n<li>Un responsable am\u00e9ricain du d\u00e9partement d\u2019\u00c9tat a d\u00e9clar\u00e9 que l\u2019administration Trump voulait envoyer un message destin\u00e9 \u00e0 \u00ab&#160;choquer et \u00e0 horrifier les gens, \u00e0 les bouleverser&#160;\u00bb.<\/li>\n\n\n\n<li>En mars, des agents du d\u00e9partement de la S\u00e9curit\u00e9 int\u00e9rieure avaient rapatri\u00e9 des d\u00e9tenus envoy\u00e9s quelques semaines auparavant \u00e0 Guant\u00e1namo sans apporter de justification&nbsp;<span class='whitespace-nowrap'><span id='easy-footnote-3-282911' class='easy-footnote-margin-adjust'><\/span><span class='easy-footnote'><a href='https:\/\/legrandcontinent.eu\/fr\/2025\/06\/11\/trump-serait-sur-le-point-denvoyer-des-citoyens-europeens-a-la-prison-militaire-de-guantanamo\/#easy-footnote-bottom-3-282911' title='Bernd Debusmann Jr, \u00ab&amp;#160;&lt;a href=&quot;https:\/\/www.bbc.com\/news\/articles\/cjw21y5043yo&quot;&gt;Migrants held at Guantanamo transferred to US&lt;\/a&gt;&amp;#160;\u00bb, &lt;em&gt;BBC&lt;\/em&gt;, 13 mars 2025.'><sup>3<\/sup><\/a><\/span><\/span>.<\/li>\n<\/ul>\n\n\n\n<div class=\"iframe-container wp-block-image wp-block-image-medium  iframe-dw\">\n\t<div>\n\t\t<iframe class=\"absolute w-full h-full pin-t pin-l\" title=\"titolo\" aria-label=\"Interactive line chart\" src=\"\/\/datawrapper.dwcdn.net\/MtDly\" scrolling=\"no\" frameborder=\"0\"><\/iframe>\n\t<\/div>\n<\/div>\n\n\n\n<p>La porte-parole de la Maison-Blanche, Karoline Leavitt, a qualifi\u00e9 de \u00ab&#160;Fake News&#160;\u00bb un article du <em>Washington Post<\/em> reprenant l\u2019information de <em>Politico<\/em>&nbsp;<span class='whitespace-nowrap'><span id='easy-footnote-4-282911' class='easy-footnote-margin-adjust'><\/span><span class='easy-footnote'><a href='https:\/\/legrandcontinent.eu\/fr\/2025\/06\/11\/trump-serait-sur-le-point-denvoyer-des-citoyens-europeens-a-la-prison-militaire-de-guantanamo\/#easy-footnote-bottom-4-282911' title='&lt;a href=&quot;https:\/\/x.com\/PressSec\/status\/1932759627571060790&quot;&gt;Publication de Karoline Leavitt sur X&lt;\/a&gt;, 11 juin 2025.'><sup>4<\/sup><\/a><\/span><\/span>. Toutefois, quelques heures auparavant, la porte-parole du d\u00e9partement d\u2019\u00c9tat Tammy Bruce reconnaissait en creux au cours d\u2019un point presse que cette op\u00e9ration \u00e9tait bien en pr\u00e9paration, et ajoutait que le transfert de ces personnes vers Guant\u00e1namo \u00e9tait temporaire, avant que ces derniers ne soient renvoy\u00e9s vers leur pays&nbsp;<span class='whitespace-nowrap'><span id='easy-footnote-5-282911' class='easy-footnote-margin-adjust'><\/span><span class='easy-footnote'><a href='https:\/\/legrandcontinent.eu\/fr\/2025\/06\/11\/trump-serait-sur-le-point-denvoyer-des-citoyens-europeens-a-la-prison-militaire-de-guantanamo\/#easy-footnote-bottom-5-282911' title='&lt;a href=&quot;https:\/\/www.state.gov\/briefings\/department-press-briefing-june-10-2025\/&quot;&gt;Department Press Briefing \u2013 June 10, 2025&lt;\/a&gt;, D\u00e9partement d\u2019\u00c9tat am\u00e9ricain, 10 juin 2025.'><sup>5<\/sup><\/a><\/span><\/span>.<\/p>\n\n\n\n<ul class=\"wp-block-list\">\n<li>La prison militaire de Guant\u00e1namo a \u00e9t\u00e9 mise en service suite aux attentats du 11 septembre par l\u2019administration Bush. Elle a principalement servi \u00e0 d\u00e9tenir et torturer des terroristes, en violation de la convention de Gen\u00e8ve de 1949.<\/li>\n\n\n\n<li>Son utilisation pour y incarc\u00e9rer en grand nombre des ressortissants \u00e9trangers qui ne sont <em>a priori <\/em>pas coupables d\u2019avoir commis des actes terroristes ou des crime de guerre semble principalement destin\u00e9e \u00e0 dissuader les potentiels migrants de se rendre ill\u00e9galement aux \u00c9tats-Unis.<\/li>\n\n\n\n<li>Le ministre italien des Affaires \u00e9trang\u00e8res, Antonio Tajani, a d\u00e9clar\u00e9 mercredi 11 juin que Rome \u00e9tait pr\u00eat \u00e0 rapatrier ses ressortissants arr\u00eat\u00e9s afin qu\u2019ils ne soient pas transf\u00e9r\u00e9s \u00e0 Guant\u00e1namo&nbsp;<span class='whitespace-nowrap'><span id='easy-footnote-6-282911' class='easy-footnote-margin-adjust'><\/span><span class='easy-footnote'><a href='https:\/\/legrandcontinent.eu\/fr\/2025\/06\/11\/trump-serait-sur-le-point-denvoyer-des-citoyens-europeens-a-la-prison-militaire-de-guantanamo\/#easy-footnote-bottom-6-282911' title='\u00ab&amp;#160;&lt;a href=&quot;https:\/\/www.ansa.it\/sito\/notizie\/mondo\/nordamerica\/2025\/06\/11\/la-casa-bianca-migranti-europei-deportati-e-una-fake-news.-tajani-nessuno_29dad22e-d1e0-46d6-9f1f-aa6e4d8bcc26.html&quot;&gt;La Casa Bianca&amp;#160;: &amp;lsquo;Migranti europei deportati \u00e8 una fake news&amp;rsquo;. Tajani&amp;#160;: &amp;lsquo;Nessuno andr\u00e0 a Guantanamo&amp;rsquo;&lt;\/a&gt;&amp;#160;\u00bb, &lt;em&gt;Ansa&lt;\/em&gt;, 11 juin 2025.'><sup>6<\/sup><\/a><\/span><\/span>.<\/li>\n<\/ul>\n","protected":false},"excerpt":{"rendered":"<p>Selon des documents officiels vus par <em>Politico<\/em>, l\u2019administration r\u00e9publicaine s\u2019appr\u00eaterait \u00e0 autoriser le transfert vers la prison de Guant\u00e1namo d\u2019au moins 9 000 personnes pr\u00e9sentes ill\u00e9galement sur le sol am\u00e9ricain, parmi lesquelles se trouvent environ 800 Europ\u00e9ens. Ni\u00e9e par la Maison-Blanche, cette strat\u00e9gie semble destin\u00e9e \u00e0 dissuader la migration ill\u00e9gale vers les \u00c9tats-Unis.<\/p>\n","protected":false},"author":2622,"featured_media":282917,"comment_status":"closed","ping_status":"closed","sticky":false,"template":"templates\/post-briefings.php","format":"standard","meta":{"_acf_changed":false,"_trash_the_other_posts":false,"_yoast_wpseo_estimated-reading-time-minutes":4,"footnotes":""},"categories":[1731],"tags":[],"staff":[],"editorial_format":[],"serie":[],"audience":[],"geo":[525],"class_list":["post-282911","post","type-post","status-publish","format-standard","hentry","category-politique","geo-ameriques"],"acf":{"open_in_webview":false,"accent":false},"yoast_head":"<!-- This site is optimized with the Yoast SEO plugin v26.1.1 - https:\/\/yoast.com\/wordpress\/plugins\/seo\/ -->\n<title>Am\u00e9riques : Trump serait sur le point d\u2019envoyer des citoyens europ\u00e9ens \u00e0 la prison militaire de Guant\u00e1namo<\/title>\n<meta name=\"robots\" content=\"index, follow, max-snippet:-1, max-image-preview:large, max-video-preview:-1\" \/>\n<link rel=\"canonical\" href=\"https:\/\/legrandcontinent.eu\/fr\/2025\/06\/11\/trump-serait-sur-le-point-denvoyer-des-citoyens-europeens-a-la-prison-militaire-de-guantanamo\/\" \/>\n<meta property=\"og:locale\" content=\"fr_FR\" \/>\n<meta property=\"og:type\" content=\"article\" \/>\n<meta property=\"og:title\" content=\"Am\u00e9riques : Trump serait sur le point d\u2019envoyer des citoyens europ\u00e9ens \u00e0 la prison militaire de Guant\u00e1namo\" \/>\n<meta property=\"og:description\" content=\"Selon des documents officiels vus par Politico, l\u2019administration r\u00e9publicaine s\u2019appr\u00eaterait \u00e0 autoriser le transfert vers la prison de Guant\u00e1namo d\u2019au moins 9 000 personnes pr\u00e9sentes ill\u00e9galement sur le sol am\u00e9ricain, parmi lesquelles se trouvent environ 800 Europ\u00e9ens. Ni\u00e9e par la Maison-Blanche, cette strat\u00e9gie semble destin\u00e9e \u00e0 dissuader la migration ill\u00e9gale vers les \u00c9tats-Unis.\" \/>\n<meta property=\"og:url\" content=\"https:\/\/legrandcontinent.eu\/fr\/2025\/06\/11\/trump-serait-sur-le-point-denvoyer-des-citoyens-europeens-a-la-prison-militaire-de-guantanamo\/\" \/>\n<meta property=\"og:site_name\" content=\"Le Grand Continent\" \/>\n<meta property=\"article:published_time\" content=\"2025-06-11T17:43:56+00:00\" \/>\n<meta property=\"article:modified_time\" content=\"2025-06-12T07:33:39+00:00\" \/>\n<meta property=\"og:image\" content=\"https:\/\/legrandcontinent.eu\/fr\/wp-content\/uploads\/sites\/2\/2025\/06\/gc-share-trump-europens-guantanamo.png\" \/>\n\t<meta property=\"og:image:width\" content=\"1886\" \/>\n\t<meta property=\"og:image:height\" content=\"1054\" \/>\n\t<meta property=\"og:image:type\" content=\"image\/png\" \/>\n<meta name=\"author\" content=\"Marin Saillofest\" \/>\n<meta name=\"twitter:card\" content=\"summary_large_image\" \/>\n<meta name=\"twitter:image\" content=\"https:\/\/legrandcontinent.eu\/fr\/wp-content\/uploads\/sites\/2\/2025\/06\/gc-share-trump-europens-guantanamo.png\" \/>\n<meta name=\"twitter:label1\" content=\"\u00c9crit par\" \/>\n\t<meta name=\"twitter:data1\" content=\"Marin Saillofest\" \/>\n\t<meta name=\"twitter:label2\" content=\"Dur\u00e9e de lecture estim\u00e9e\" \/>\n\t<meta name=\"twitter:data2\" content=\"4 minutes\" \/>\n<script type=\"application\/ld+json\" class=\"yoast-schema-graph\">{\"@context\":\"https:\/\/schema.org\",\"@graph\":[{\"@type\":\"WebPage\",\"@id\":\"https:\/\/legrandcontinent.eu\/fr\/2025\/06\/11\/trump-serait-sur-le-point-denvoyer-des-citoyens-europeens-a-la-prison-militaire-de-guantanamo\/\",\"url\":\"https:\/\/legrandcontinent.eu\/fr\/2025\/06\/11\/trump-serait-sur-le-point-denvoyer-des-citoyens-europeens-a-la-prison-militaire-de-guantanamo\/\",\"name\":\"Am\u00e9riques : Trump serait sur le point d\u2019envoyer des citoyens europ\u00e9ens \u00e0 la prison militaire de Guant\u00e1namo\",\"isPartOf\":{\"@id\":\"https:\/\/legrandcontinent.eu\/fr\/#website\"},\"primaryImageOfPage\":{\"@id\":\"https:\/\/legrandcontinent.eu\/fr\/2025\/06\/11\/trump-serait-sur-le-point-denvoyer-des-citoyens-europeens-a-la-prison-militaire-de-guantanamo\/#primaryimage\"},\"image\":{\"@id\":\"https:\/\/legrandcontinent.eu\/fr\/2025\/06\/11\/trump-serait-sur-le-point-denvoyer-des-citoyens-europeens-a-la-prison-militaire-de-guantanamo\/#primaryimage\"},\"thumbnailUrl\":\"https:\/\/legrandcontinent.eu\/fr\/wp-content\/uploads\/sites\/2\/2025\/06\/gc-trump-europens-guantanamo.png\",\"datePublished\":\"2025-06-11T17:43:56+00:00\",\"dateModified\":\"2025-06-12T07:33:39+00:00\",\"author\":{\"@id\":\"https:\/\/legrandcontinent.eu\/fr\/#\/schema\/person\/e4f85f52220fc7b4cc3cfdb86d88e833\"},\"breadcrumb\":{\"@id\":\"https:\/\/legrandcontinent.eu\/fr\/2025\/06\/11\/trump-serait-sur-le-point-denvoyer-des-citoyens-europeens-a-la-prison-militaire-de-guantanamo\/#breadcrumb\"},\"inLanguage\":\"fr-FR\",\"potentialAction\":[{\"@type\":\"ReadAction\",\"target\":[\"https:\/\/legrandcontinent.eu\/fr\/2025\/06\/11\/trump-serait-sur-le-point-denvoyer-des-citoyens-europeens-a-la-prison-militaire-de-guantanamo\/\"]}]},{\"@type\":\"ImageObject\",\"inLanguage\":\"fr-FR\",\"@id\":\"https:\/\/legrandcontinent.eu\/fr\/2025\/06\/11\/trump-serait-sur-le-point-denvoyer-des-citoyens-europeens-a-la-prison-militaire-de-guantanamo\/#primaryimage\",\"url\":\"https:\/\/legrandcontinent.eu\/fr\/wp-content\/uploads\/sites\/2\/2025\/06\/gc-trump-europens-guantanamo.png\",\"contentUrl\":\"https:\/\/legrandcontinent.eu\/fr\/wp-content\/uploads\/sites\/2\/2025\/06\/gc-trump-europens-guantanamo.png\",\"width\":1884,\"height\":1048},{\"@type\":\"BreadcrumbList\",\"@id\":\"https:\/\/legrandcontinent.eu\/fr\/2025\/06\/11\/trump-serait-sur-le-point-denvoyer-des-citoyens-europeens-a-la-prison-militaire-de-guantanamo\/#breadcrumb\",\"itemListElement\":[{\"@type\":\"ListItem\",\"position\":1,\"name\":\"Accueil\",\"item\":\"https:\/\/legrandcontinent.eu\/fr\/\"},{\"@type\":\"ListItem\",\"position\":2,\"name\":\"Trump serait sur le point d\u2019envoyer des citoyens europ\u00e9ens \u00e0 la prison militaire de Guant\u00e1namo\"}]},{\"@type\":\"WebSite\",\"@id\":\"https:\/\/legrandcontinent.eu\/fr\/#website\",\"url\":\"https:\/\/legrandcontinent.eu\/fr\/\",\"name\":\"Le Grand Continent\",\"description\":\"L&#039;\u00e9chelle pertinente\",\"potentialAction\":[{\"@type\":\"SearchAction\",\"target\":{\"@type\":\"EntryPoint\",\"urlTemplate\":\"https:\/\/legrandcontinent.eu\/fr\/?s={search_term_string}\"},\"query-input\":{\"@type\":\"PropertyValueSpecification\",\"valueRequired\":true,\"valueName\":\"search_term_string\"}}],\"inLanguage\":\"fr-FR\"},{\"@type\":\"Person\",\"@id\":\"https:\/\/legrandcontinent.eu\/fr\/#\/schema\/person\/e4f85f52220fc7b4cc3cfdb86d88e833\",\"name\":\"Marin Saillofest\",\"image\":{\"@type\":\"ImageObject\",\"inLanguage\":\"fr-FR\",\"@id\":\"https:\/\/legrandcontinent.eu\/fr\/#\/schema\/person\/image\/\",\"url\":\"https:\/\/secure.gravatar.com\/avatar\/87088698b4d967390c49ae6d4f1aa459?s=96&d=mm&r=g\",\"contentUrl\":\"https:\/\/secure.gravatar.com\/avatar\/87088698b4d967390c49ae6d4f1aa459?s=96&d=mm&r=g\",\"caption\":\"Marin Saillofest\"}}]}<\/script>\n<!-- \/ Yoast SEO plugin. -->","yoast_head_json":{"title":"Am\u00e9riques : Trump serait sur le point d\u2019envoyer des citoyens europ\u00e9ens \u00e0 la prison militaire de Guant\u00e1namo","robots":{"index":"index","follow":"follow","max-snippet":"max-snippet:-1","max-image-preview":"max-image-preview:large","max-video-preview":"max-video-preview:-1"},"canonical":"https:\/\/legrandcontinent.eu\/fr\/2025\/06\/11\/trump-serait-sur-le-point-denvoyer-des-citoyens-europeens-a-la-prison-militaire-de-guantanamo\/","og_locale":"fr_FR","og_type":"article","og_title":"Am\u00e9riques : Trump serait sur le point d\u2019envoyer des citoyens europ\u00e9ens \u00e0 la prison militaire de Guant\u00e1namo","og_description":"Selon des documents officiels vus par Politico, l\u2019administration r\u00e9publicaine s\u2019appr\u00eaterait \u00e0 autoriser le transfert vers la prison de Guant\u00e1namo d\u2019au moins 9 000 personnes pr\u00e9sentes ill\u00e9galement sur le sol am\u00e9ricain, parmi lesquelles se trouvent environ 800 Europ\u00e9ens. Ni\u00e9e par la Maison-Blanche, cette strat\u00e9gie semble destin\u00e9e \u00e0 dissuader la migration ill\u00e9gale vers les \u00c9tats-Unis.","og_url":"https:\/\/legrandcontinent.eu\/fr\/2025\/06\/11\/trump-serait-sur-le-point-denvoyer-des-citoyens-europeens-a-la-prison-militaire-de-guantanamo\/","og_site_name":"Le Grand Continent","article_published_time":"2025-06-11T17:43:56+00:00","article_modified_time":"2025-06-12T07:33:39+00:00","og_image":[{"width":1886,"height":1054,"url":"https:\/\/legrandcontinent.eu\/fr\/wp-content\/uploads\/sites\/2\/2025\/06\/gc-share-trump-europens-guantanamo.png","type":"image\/png"}],"author":"Marin Saillofest","twitter_card":"summary_large_image","twitter_image":"https:\/\/legrandcontinent.eu\/fr\/wp-content\/uploads\/sites\/2\/2025\/06\/gc-share-trump-europens-guantanamo.png","twitter_misc":{"\u00c9crit par":"Marin Saillofest","Dur\u00e9e de lecture estim\u00e9e":"4 minutes"},"schema":{"@context":"https:\/\/schema.org","@graph":[{"@type":"WebPage","@id":"https:\/\/legrandcontinent.eu\/fr\/2025\/06\/11\/trump-serait-sur-le-point-denvoyer-des-citoyens-europeens-a-la-prison-militaire-de-guantanamo\/","url":"https:\/\/legrandcontinent.eu\/fr\/2025\/06\/11\/trump-serait-sur-le-point-denvoyer-des-citoyens-europeens-a-la-prison-militaire-de-guantanamo\/","name":"Am\u00e9riques : Trump serait sur le point d\u2019envoyer des citoyens europ\u00e9ens \u00e0 la prison militaire de Guant\u00e1namo","isPartOf":{"@id":"https:\/\/legrandcontinent.eu\/fr\/#website"},"primaryImageOfPage":{"@id":"https:\/\/legrandcontinent.eu\/fr\/2025\/06\/11\/trump-serait-sur-le-point-denvoyer-des-citoyens-europeens-a-la-prison-militaire-de-guantanamo\/#primaryimage"},"image":{"@id":"https:\/\/legrandcontinent.eu\/fr\/2025\/06\/11\/trump-serait-sur-le-point-denvoyer-des-citoyens-europeens-a-la-prison-militaire-de-guantanamo\/#primaryimage"},"thumbnailUrl":"https:\/\/legrandcontinent.eu\/fr\/wp-content\/uploads\/sites\/2\/2025\/06\/gc-trump-europens-guantanamo.png","datePublished":"2025-06-11T17:43:56+00:00","dateModified":"2025-06-12T07:33:39+00:00","author":{"@id":"https:\/\/legrandcontinent.eu\/fr\/#\/schema\/person\/e4f85f52220fc7b4cc3cfdb86d88e833"},"breadcrumb":{"@id":"https:\/\/legrandcontinent.eu\/fr\/2025\/06\/11\/trump-serait-sur-le-point-denvoyer-des-citoyens-europeens-a-la-prison-militaire-de-guantanamo\/#breadcrumb"},"inLanguage":"fr-FR","potentialAction":[{"@type":"ReadAction","target":["https:\/\/legrandcontinent.eu\/fr\/2025\/06\/11\/trump-serait-sur-le-point-denvoyer-des-citoyens-europeens-a-la-prison-militaire-de-guantanamo\/"]}]},{"@type":"ImageObject","inLanguage":"fr-FR","@id":"https:\/\/legrandcontinent.eu\/fr\/2025\/06\/11\/trump-serait-sur-le-point-denvoyer-des-citoyens-europeens-a-la-prison-militaire-de-guantanamo\/#primaryimage","url":"https:\/\/legrandcontinent.eu\/fr\/wp-content\/uploads\/sites\/2\/2025\/06\/gc-trump-europens-guantanamo.png","contentUrl":"https:\/\/legrandcontinent.eu\/fr\/wp-content\/uploads\/sites\/2\/2025\/06\/gc-trump-europens-guantanamo.png","width":1884,"height":1048},{"@type":"BreadcrumbList","@id":"https:\/\/legrandcontinent.eu\/fr\/2025\/06\/11\/trump-serait-sur-le-point-denvoyer-des-citoyens-europeens-a-la-prison-militaire-de-guantanamo\/#breadcrumb","itemListElement":[{"@type":"ListItem","position":1,"name":"Accueil","item":"https:\/\/legrandcontinent.eu\/fr\/"},{"@type":"ListItem","position":2,"name":"Trump serait sur le point d\u2019envoyer des citoyens europ\u00e9ens \u00e0 la prison militaire de Guant\u00e1namo"}]},{"@type":"WebSite","@id":"https:\/\/legrandcontinent.eu\/fr\/#website","url":"https:\/\/legrandcontinent.eu\/fr\/","name":"Le Grand Continent","description":"L&#039;\u00e9chelle pertinente","potentialAction":[{"@type":"SearchAction","target":{"@type":"EntryPoint","urlTemplate":"https:\/\/legrandcontinent.eu\/fr\/?s={search_term_string}"},"query-input":{"@type":"PropertyValueSpecification","valueRequired":true,"valueName":"search_term_string"}}],"inLanguage":"fr-FR"},{"@type":"Person","@id":"https:\/\/legrandcontinent.eu\/fr\/#\/schema\/person\/e4f85f52220fc7b4cc3cfdb86d88e833","name":"Marin Saillofest","image":{"@type":"ImageObject","inLanguage":"fr-FR","@id":"https:\/\/legrandcontinent.eu\/fr\/#\/schema\/person\/image\/","url":"https:\/\/secure.gravatar.com\/avatar\/87088698b4d967390c49ae6d4f1aa459?s=96&d=mm&r=g","contentUrl":"https:\/\/secure.gravatar.com\/avatar\/87088698b4d967390c49ae6d4f1aa459?s=96&d=mm&r=g","caption":"Marin Saillofest"}}]}},"lgc_categories":[{"id":1731,"name":"Politique","slug":"politique"}],"lgc_author":null,"feature_image_summary":{"url":"https:\/\/legrandcontinent.eu\/fr\/wp-content\/uploads\/sites\/2\/2025\/06\/gc-trump-europens-guantanamo.png","width":1884,"height":1048,"alt":""},"feature_image_cover":null,"term_position_data":null,"_links":{"self":[{"href":"https:\/\/legrandcontinent.eu\/fr\/wp-json\/wp\/v2\/posts\/282911","targetHints":{"allow":["GET"]}}],"collection":[{"href":"https:\/\/legrandcontinent.eu\/fr\/wp-json\/wp\/v2\/posts"}],"about":[{"href":"https:\/\/legrandcontinent.eu\/fr\/wp-json\/wp\/v2\/types\/post"}],"author":[{"embeddable":true,"href":"https:\/\/legrandcontinent.eu\/fr\/wp-json\/wp\/v2\/users\/2622"}],"replies":[{"embeddable":true,"href":"https:\/\/legrandcontinent.eu\/fr\/wp-json\/wp\/v2\/comments?post=282911"}],"version-history":[{"count":0,"href":"https:\/\/legrandcontinent.eu\/fr\/wp-json\/wp\/v2\/posts\/282911\/revisions"}],"wp:featuredmedia":[{"embeddable":true,"href":"https:\/\/legrandcontinent.eu\/fr\/wp-json\/wp\/v2\/media\/282917"}],"wp:attachment":[{"href":"https:\/\/legrandcontinent.eu\/fr\/wp-json\/wp\/v2\/media?parent=282911"}],"wp:term":[{"taxonomy":"category","embeddable":true,"href":"https:\/\/legrandcontinent.eu\/fr\/wp-json\/wp\/v2\/categories?post=282911"},{"taxonomy":"post_tag","embeddable":true,"href":"https:\/\/legrandcontinent.eu\/fr\/wp-json\/wp\/v2\/tags?post=282911"},{"taxonomy":"staff","embeddable":true,"href":"https:\/\/legrandcontinent.eu\/fr\/wp-json\/wp\/v2\/staff?post=282911"},{"taxonomy":"editorial_format","embeddable":true,"href":"https:\/\/legrandcontinent.eu\/fr\/wp-json\/wp\/v2\/editorial_format?post=282911"},{"taxonomy":"serie","embeddable":true,"href":"https:\/\/legrandcontinent.eu\/fr\/wp-json\/wp\/v2\/serie?post=282911"},{"taxonomy":"audience","embeddable":true,"href":"https:\/\/legrandcontinent.eu\/fr\/wp-json\/wp\/v2\/audience?post=282911"},{"taxonomy":"geo","embeddable":true,"href":"https:\/\/legrandcontinent.eu\/fr\/wp-json\/wp\/v2\/geo?post=282911"}],"curies":[{"name":"wp","href":"https:\/\/api.w.org\/{rel}","templated":true}]}}