{"id":282714,"date":"2025-06-11T06:00:00","date_gmt":"2025-06-11T04:00:00","guid":{"rendered":"https:\/\/legrandcontinent.eu\/fr\/?p=282714"},"modified":"2025-06-11T16:19:21","modified_gmt":"2025-06-11T14:19:21","slug":"le-siecle-chinois-de-donald-trump-en-sabotant-les-etats-unis-la-maison-blanche-renforce-la-chine-de-xi","status":"publish","type":"post","link":"https:\/\/legrandcontinent.eu\/fr\/2025\/06\/11\/le-siecle-chinois-de-donald-trump-en-sabotant-les-etats-unis-la-maison-blanche-renforce-la-chine-de-xi\/","title":{"rendered":"Le si\u00e8cle chinois de Donald Trump&#160;: en sabotant les \u00c9tats-Unis, la Maison-Blanche renforce la Chine de Xi"},"content":{"rendered":"\n<h3 class=\"wp-block-heading\">Vous avez r\u00e9cemment publi\u00e9 une tribune dans le <em>New York Times<\/em>&nbsp;<span class='whitespace-nowrap'><span id='easy-footnote-1-282714' class='easy-footnote-margin-adjust'><\/span><span class='easy-footnote'><a href='https:\/\/legrandcontinent.eu\/fr\/2025\/06\/11\/le-siecle-chinois-de-donald-trump-en-sabotant-les-etats-unis-la-maison-blanche-renforce-la-chine-de-xi\/#easy-footnote-bottom-1-282714' title='Kyle Chan, \u00ab&amp;#160;&lt;a href=&quot;https:\/\/www.nytimes.com\/2025\/05\/19\/opinion\/china-us-trade-tariffs.html&quot; target=&quot;_blank&quot; rel=&quot;noreferrer noopener&quot;&gt;In the Future, China Will Be Dominant. The U.S. Will Be Irrelevant.&lt;\/a&gt;&amp;#160;\u00bb, Opinion, &lt;em&gt;The New York Times&lt;\/em&gt;, 19 mai 2025.'><sup>1<\/sup><\/a><\/span><\/span> dans laquelle vous expliquez que de nombreuses mesures prises par l&rsquo;administration Trump pourraient nuire aux int\u00e9r\u00eats politiques et \u00e9conomiques \u00e0 long terme des \u00c9tats-Unis et ouvrir la voie \u00e0 un \u00ab&#160;si\u00e8cle chinois&#160;\u00bb. Parmi la multitude de mesures et de d\u00e9crets mis en \u0153uvre depuis le 20 janvier, lesquels retenez-vous&#160;?<\/h3>\n\n\n\n<p>Je me contenterai de souligner celles qui ont \u00e9t\u00e9 prises dans trois domaines au c\u0153ur de ce qui a historiquement fait la puissance des \u00c9tats-Unis et que j\u2019estime que l&rsquo;administration Trump a r\u00e9cemment sap\u00e9.<\/p>\n\n\n\n<p>Le premier domaine est celui de l&rsquo;investissement dans la recherche et le d\u00e9veloppement publics.<\/p>\n\n\n\n<p>Il comprend le financement d&rsquo;agences et d&rsquo;institutions telles que la <em>National Science Foundation<\/em>, les <em>National Institutes of Health<\/em>, le D\u00e9partement de l&rsquo;\u00c9nergie, ainsi que des universit\u00e9s et d\u2019une partie du secteur priv\u00e9 qui participent \u00e0 cr\u00e9er un \u00e9cosyst\u00e8me de chercheurs scientifiques de pointe.<\/p>\n\n\n\n<p>Ces m\u00e9canismes sous-tendent tout ce que les \u00c9tats-Unis ont construit au cours du si\u00e8cle dernier. Aujourd&rsquo;hui, les gens se focalisent davantage sur les grandes entreprises comme Nvidia ou Google, ou mettent en avant certains entrepreneurs, mais toutes ces r\u00e9ussites existent gr\u00e2ce aux fondements scientifiques que les \u00c9tats-Unis ont d\u00e9velopp\u00e9s pendant une longue p\u00e9riode. L&rsquo;administration Trump est en train de r\u00e9duire les financements dans ces domaines, ce qui compromet gravement la recherche scientifique \u00e0 long terme.&nbsp;<\/p>\n\n\n\n<p>Il faut aussi noter que les effets ne seront pas visibles imm\u00e9diatement. Nous ferons \u00e9videmment face \u00e0 des chercheurs contrari\u00e9s de ne pas pouvoir faire leur travail dans l\u2019imm\u00e9diat mais l&rsquo;impact sur l\u2019ensemble des \u00c9tats-Unis appara\u00eetra au bout d\u2019un certain temps et sera bien plus important que ce que l&rsquo;on imagine aujourd&rsquo;hui.<\/p>\n\n\n\n<figure class=\"wp-block-pullquote\"><blockquote><p>L&rsquo;impact des mesures prises par l&rsquo;administration Trump sur l\u2019ensemble des \u00c9tats-Unis appara\u00eetra au bout d\u2019un certain temps et sera bien plus important que ce que l&rsquo;on imagine aujourd&rsquo;hui.<\/p><cite>Kyle Chan<\/cite><\/blockquote><\/figure>\n\n\n\n<p>Le deuxi\u00e8me domaine est celui de l&rsquo;immigration.&nbsp;<\/p>\n\n\n\n<p>Les \u00c9tats-Unis ont un avantage de longue date sur de nombreux autres pays dans ce domaine, en particulier face \u00e0 la Chine, dans la \u00ab&#160;guerre des talents&#160;\u00bb o\u00f9 ils tentent d&rsquo;attirer les personnes les plus brillantes et les plus qualifi\u00e9es du monde.&nbsp;<\/p>\n\n\n\n<p>Or aujourd\u2019hui, l&rsquo;administration Trump fait fuir les \u00e9trangers, y compris les chercheurs et les entrepreneurs, qui sont ceux qui pourraient cr\u00e9er la prochaine entreprise de haute technologie aux \u00c9tats-Unis, ou mener des travaux pionniers dans le domaine de la technologie quantique par exemple. Ces talents pourraient alors envisager d&rsquo;autres destinations qui leur semblent moins hostiles aux \u00e9trangers.<\/p>\n\n\n\n<p>L&rsquo;incertitude quant au statut des visas aux \u00c9tats-Unis, y compris pour les personnes titulaires d&rsquo;un permis de s\u00e9jour qui constituait auparavant une cat\u00e9gorie tr\u00e8s stable et prot\u00e9g\u00e9e par la loi, am\u00e8ne aussi certains \u00e0 reconsid\u00e9rer leurs projets de voyage \u00e0 l&rsquo;\u00e9tranger. Je connais personnellement de nombreuses personnes qui craignent d\u00e9sormais de ne pas pouvoir revenir aux \u00c9tats-Unis si elles partent pour une conf\u00e9rence au Royaume-Uni ou ailleurs dans le monde. Tout cela s\u00e8me la peur dans toute la communaut\u00e9 des \u00e9trangers aux \u00c9tats-Unis \u2014 une communaut\u00e9 qui a jou\u00e9 un r\u00f4le crucial sur beaucoup de plans pour l&rsquo;industrie et la recherche.<\/p>\n\n\n\n<p>Le dernier \u00e9l\u00e9ment d\u00e9cisif concerne les droits de douane.<\/p>\n\n\n\n<h3 class=\"wp-block-heading\">Quel est votre sentiment concernant les droits de douane mis en \u0153uvre par Trump&#160;?<\/h3>\n\n\n\n<p>Il y a une place pour les droits de douane, \u00e0 condition qu\u2019ils soient cibl\u00e9s de mani\u00e8re s\u00e9lective et appliqu\u00e9s avec prudence. Mais ce n&rsquo;est pas ce que fait l&rsquo;administration Trump. Elle n&rsquo;a pas de strat\u00e9gie ni de plan. Elle change constamment d&rsquo;avis \u2014 par \u00ab&#160;elle&#160;\u00bb, j&rsquo;entends plut\u00f4t \u00ab&#160;lui&#160;\u00bb, car c&rsquo;est Trump lui-m\u00eame qui prend ces d\u00e9cisions.&nbsp;<\/p>\n\n\n\n<p>En r\u00e9alit\u00e9, ces mesures nuisent \u00e0 la comp\u00e9titivit\u00e9 des industries am\u00e9ricaines. Elles vont \u00e0 l&rsquo;encontre de l&rsquo;objectif m\u00eame que Trump tente d&rsquo;atteindre, \u00e0 savoir relancer l&rsquo;industrie manufacturi\u00e8re et rendre les \u00c9tats-Unis \u00e0 nouveau comp\u00e9titifs dans certains domaines&#160;: de la sid\u00e9rurgie et la construction navale aux industries de haute technologie.&nbsp;<\/p>\n\n\n\n<p>Les droits de douane rendent beaucoup plus difficile l&rsquo;achat de mati\u00e8res premi\u00e8res et l&rsquo;importation de machines et d&rsquo;\u00e9quipements provenant d&rsquo;autres r\u00e9gions du monde, en particulier d&rsquo;Europe, de Chine et d&rsquo;autres pays d&rsquo;Asie. Ironiquement, le retour de l&rsquo;industrie manufacturi\u00e8re aux \u00c9tats-Unis n\u00e9cessiterait de prendre de nombreuses mesures qui sont tout \u00e0 fait oppos\u00e9es \u00e0 celles actuellement mises en \u0153uvre par l&rsquo;administration Trump.<\/p>\n\n\n\n<figure class=\"wp-block-pullquote\"><blockquote><p>Il y a une place pour les droits de douane, \u00e0 condition qu\u2019ils soient cibl\u00e9s de mani\u00e8re s\u00e9lective et appliqu\u00e9s avec prudence. Mais ce n&rsquo;est pas ce que fait l&rsquo;administration Trump, qui n\u2019a ni strat\u00e9gie ni plan.<\/p><cite>Kyle Chan<\/cite><\/blockquote><\/figure>\n\n\n\n<p>Dans l&rsquo;ensemble, je pense que cela cr\u00e9e malheureusement une situation id\u00e9ale pour saper le leadership am\u00e9ricain dans de nombreux secteurs.<\/p>\n\n\n\n<h3 class=\"wp-block-heading\">On peut penser aussi \u00e0 un quatri\u00e8me domaine dans lequel le gouvernement am\u00e9ricain actuel sape un pilier essentiel de la prosp\u00e9rit\u00e9 des \u00c9tats-Unis&#160;: <a href=\"https:\/\/legrandcontinent.eu\/fr\/2025\/04\/28\/amerique-faillite\/\" target=\"_blank\" rel=\"noreferrer noopener\">l&rsquo;\u00c9tat de droit<\/a>. Ne pensez-vous pas que cela pourrait avoir un fort impact, peut-\u00eatre m\u00eame plus que les autres enjeux&#160;?<\/h3>\n\n\n\n<p>Absolument. On pourrait dire que l&rsquo;\u00c9tat de droit est \u00ab&#160;le pilier des piliers&#160;\u00bb, un \u00e9l\u00e9ment encore plus d\u00e9cisif que les autres.&nbsp;<\/p>\n\n\n\n<p>L\u2019\u00c9tat de droit est l&rsquo;aspect le plus fondamental \u2014 avec la d\u00e9mocratie elle-m\u00eame \u2014 des \u00c9tats-Unis. Il est au c\u0153ur non seulement de la puissance am\u00e9ricaine, mais aussi des valeurs et de l&rsquo;identit\u00e9 des \u00c9tats-Unis en tant que nation. Les attaques contre l&rsquo;\u00c9tat de droit, le syst\u00e8me judiciaire, ou les cabinets d&rsquo;avocats contribuent r\u00e9ellement \u00e0 saper l&rsquo;un des piliers les plus importants de la prosp\u00e9rit\u00e9 am\u00e9ricaine.&nbsp;<\/p>\n\n\n\n<p>Il en va de m\u00eame pour les man\u0153uvres de l&rsquo;administration Trump, qui tente de se rapprocher des zones grises du droit, voire de les outrepasser, puis pr\u00e9tend qu&rsquo;elle ne faisait rien fait de mal.<\/p>\n\n\n\n<h3 class=\"wp-block-heading\">Les \u00c9tats-Unis sont-ils en train de ressembler \u00e0 leur principal rival, la Chine&#160;?<\/h3>\n\n\n\n<p>Pour pousser l&rsquo;analogie un cran plus loin, on pourrait dire que les \u00c9tats-Unis se rapprochent de la Chine dans la mesure o\u00f9 l&rsquo;influence d&rsquo;un seul individu sur l&rsquo;\u00e9conomie politique et le poids que l&rsquo;\u00c9tat peut exercer sur les entreprises priv\u00e9es et les citoyens augmentent.&nbsp;<\/p>\n\n\n\n<p>Trump ne peut pas faire arr\u00eater tous les juges et tous les avocats, mais il peut exercer une pression \u00e9norme en utilisant les pouvoirs du gouvernement f\u00e9d\u00e9ral. Il peut par exemple interdire l&rsquo;acc\u00e8s des cabinets d&rsquo;avocats aux b\u00e2timents f\u00e9d\u00e9raux \u2014 c\u2019est une mesure qui peut sembler triviale par sa simplicit\u00e9, mais cela emp\u00eache compl\u00e8tement un cabinet d&rsquo;avocats de pouvoir faire son travail.&nbsp;<\/p>\n\n\n\n<p>Ce type de levier est familier \u00e0 tous ceux qui connaissent la Chine et la mani\u00e8re dont l&rsquo;\u00c9tat exerce tout son pouvoir sur le secteur priv\u00e9.<\/p>\n\n\n\n<p>Pour autant, dans l&rsquo;ensemble, en Chine aujourd&rsquo;hui, le syst\u00e8me est plus stable qu\u2019aux \u00c9tats-Unis en mati\u00e8re de politique \u00e9conomique et d&rsquo;orientation g\u00e9n\u00e9rale des priorit\u00e9s politiques. Je ne pense pas que les droits des entreprises priv\u00e9es soient n\u00e9cessairement mieux prot\u00e9g\u00e9s en Chine \u2014 certainement pas. Mais je pense que ce type de stabilit\u00e9 offre de nombreux avantages.&nbsp;<\/p>\n\n\n\n<figure class=\"wp-block-pullquote\"><blockquote><p>Dans l&rsquo;ensemble, en Chine aujourd&rsquo;hui, le syst\u00e8me est plus stable qu\u2019aux \u00c9tats-Unis.&nbsp;<\/p><cite>Kyle Chan<\/cite><\/blockquote><\/figure>\n\n\n\n<p>Les r\u00f4les \u00e9taient autrefois bien distincts&#160;: \u00c9tat de droit aux \u00c9tats-Unis, \u00ab&#160;\u00c9tat par le droit&#160;\u00bb en Chine. Aujourd&rsquo;hui, Washington semble de plus en plus gouvern\u00e9 au gr\u00e9 des \u00e9tats d&rsquo;\u00e2me et des lubies du Pr\u00e9sident.<\/p>\n\n\n\n<h3 class=\"wp-block-heading\">Selon vous, quel pourrait \u00eatre l&rsquo;impact \u00e0 long terme des mesures de l\u2019administration Trump sur les \u00c9tats-Unis&#160;?<\/h3>\n\n\n\n<p>Les cons\u00e9quences restent difficiles \u00e0 imaginer aujourd&rsquo;hui, car nous sommes habitu\u00e9s \u00e0 un monde dans lequel les \u00c9tats-Unis dominent de nombreux secteurs \u2014 notamment la recherche scientifique et m\u00e9dicale \u2014 et o\u00f9 un grand nombre de leurs entreprises sont des marques mondialement reconnues.&nbsp;<\/p>\n\n\n\n<p>Pourtant, je consid\u00e8re que si l&rsquo;on r\u00e9alisait une projection en prenant en compte les trajectoires actuelles des deux pays \u2014 une Chine qui double la mise sur l\u2019industrie manufacturi\u00e8re, la politique industrielle et les industries de haute technologie, face \u00e0 des \u00c9tats-Unis qui, dans le m\u00eame temps, se sabotent eux-m\u00eames \u2014 la possibilit\u00e9 d\u2019un \u00ab&#160;si\u00e8cle chinois&#160;\u00bb devient de plus en plus cr\u00e9dible.<\/p>\n\n\n\n<p>Certains de ces effets ne se feront pas sentir avant une d\u00e9cennie ou deux. Mais d&rsquo;ici l\u00e0, il sera trop tard pour inverser la tendance.&nbsp;<\/p>\n\n\n\n<p>Si l\u2019on prend l&rsquo;exemple des investissements dans la recherche scientifique, on sait que les traitements contre le cancer, ou les rem\u00e8des miracles de demain, sont dores et d\u00e9j\u00e0 \u00e0 l&rsquo;\u00e9tude dans les laboratoires. Les projets de recherche qui pourraient d\u00e9boucher sur des traitements m\u00e9dicaux dans plusieurs d\u00e9cennies doivent \u00eatre lanc\u00e9s d\u00e8s aujourd&rsquo;hui.<\/p>\n\n\n\n<h3 class=\"wp-block-heading\">Comment comprendre que ces attaques contre les piliers de la prosp\u00e9rit\u00e9 am\u00e9ricaine soient possibles sur le plan politique&#160;?<\/h3>\n\n\n\n<p>Tout se passe comme si nous faisions face \u00e0 une r\u00e9action compl\u00e8tement excessive \u00e0 des revendications qui pr\u00e9occupent depuis un certain temps diff\u00e9rentes franges de l&rsquo;\u00e9lectorat am\u00e9ricain.<\/p>\n\n\n\n<p>Aujourd&rsquo;hui, les personnes qui ont vot\u00e9 pour Trump constatent que son administration a enfin donn\u00e9 suite \u00e0 ces revendications, mais qu&rsquo;elle est all\u00e9e bien au-del\u00e0 de ce que certains de ses \u00e9lecteurs souhaitaient.<\/p>\n\n\n\n<p>Les attaques contre les universit\u00e9s en sont un exemple.<\/p>\n\n\n\n<p>Diverses questions sociales suscitaient d\u00e9j\u00e0 des inqui\u00e9tudes, qu&rsquo;il s&rsquo;agisse des manifestations sur les campus ou des probl\u00e8mes li\u00e9s \u00e0 la diversit\u00e9, au recrutement et \u00e0 l&rsquo;admission des \u00e9tudiants. Certaines de ces questions faisaient l&rsquo;objet de d\u00e9bats de longue date. Mais l&rsquo;administration Trump s&rsquo;attaque aujourd\u2019hui \u00e0 ces questions sans r\u00e9fl\u00e9chir aux cons\u00e9quences plus larges que cela pourrait avoir \u2014 au d\u00e9triment de l&rsquo;\u00e9conomie et des institutions am\u00e9ricaines.&nbsp;<\/p>\n\n\n\n<p>Cette attitude est en grande partie motiv\u00e9e par le d\u00e9sir de \u00ab&#160;punir&#160;\u00bb les universit\u00e9s et une \u00e9lite lib\u00e9rale que les \u00e9lecteurs de Trump consid\u00e8rent comme indiff\u00e9rente \u00e0 leurs pr\u00e9occupations ou incapable d&rsquo;y r\u00e9pondre de mani\u00e8re ad\u00e9quate. En essayant d&rsquo;interpr\u00e9ter tout cela de la mani\u00e8re la plus charitable possible, on pourrait y voir une forme de \u00ab&#160;revanche&#160;\u00bb contre des institutions dont les gens se sentaient exclus ou qu&rsquo;ils ne pouvaient pas contr\u00f4ler directement.&nbsp;<\/p>\n\n\n\n<figure class=\"wp-block-pullquote\"><blockquote><p>L&rsquo;administration Trump s&rsquo;attaque \u00e0 la question des universit\u00e9s sans r\u00e9fl\u00e9chir aux cons\u00e9quences plus larges que cela pourrait avoir \u2014 au d\u00e9triment de l&rsquo;\u00e9conomie et des institutions am\u00e9ricaines.&nbsp;<\/p><cite>Kyle Chan<\/cite><\/blockquote><\/figure>\n\n\n\n<p>Certaines de ces tendances sont mondiales.<\/p>\n\n\n\n<p>Nous assistons par exemple \u00e0 la mont\u00e9e de l&rsquo;extr\u00eame droite populiste dans certains pays d&rsquo;Europe, ou \u00e0 un tr\u00e8s fort mouvement de r\u00e9action antif\u00e9ministe dans certaines r\u00e9gions d&rsquo;Asie. Il ne s&rsquo;agit donc pas d&rsquo;un ph\u00e9nom\u00e8ne uniquement am\u00e9ricain, m\u00eame si Trump repr\u00e9sente peut-\u00eatre une forme d\u2019aboutissement de cette tendance.<\/p>\n\n\n\n<h3 class=\"wp-block-heading\">Cela semble compr\u00e9hensible du point de vue des \u00e9lecteurs trumpistes, mais plus difficilement entendable s\u2019agissant <a href=\"https:\/\/legrandcontinent.eu\/fr\/2025\/01\/20\/de-musk-a-trump-comment-loligarchie-techno-cesariste-veut-renverser-la-democratie-en-amerique\/\" target=\"_blank\" rel=\"noreferrer noopener\">de l\u2019\u00e9lite techno-c\u00e9sariste qui joue aujourd\u2019hui un r\u00f4le central \u00e0 Washington<\/a>. Alors que Trump prend des mesures d\u00e9favorables \u00e0 l\u2019\u00e9cosyst\u00e8me de la Silicon Valley, notamment la r\u00e9duction des fonds allou\u00e9s \u00e0 la recherche scientifique, comment expliquer la faiblesse des r\u00e9actions&#160;?<\/h3>\n\n\n\n<p>Je pense qu&rsquo;une partie du \u00ab&#160;talent&#160;\u00bb politique de Trump \u2014 faute d&rsquo;un meilleur terme \u2014 r\u00e9side dans sa capacit\u00e9 \u00e0 faire croire que chaque personne et chaque groupe d&rsquo;int\u00e9r\u00eat peut trouver son compte dans ses politiques.&nbsp;<\/p>\n\n\n\n<p>On pourrait croire que les financiers de Wall Street voudraient en th\u00e9orie que les march\u00e9s financiers soient stables et qu\u2019ils seraient donc oppos\u00e9s \u00e0 une s\u00e9rie de droits de douane.&nbsp;<\/p>\n\n\n\n<p>Mais ils ont choisi de minimiser cette possibilit\u00e9 \u2014 ils ont consid\u00e9r\u00e9 que Trump ne prenait pas les droits de douane au s\u00e9rieux et qu&rsquo;il voulait les utiliser comme un outil de n\u00e9gociation. Ils se sont concentr\u00e9s sur ce qu&rsquo;ils voulaient voir&#160;: une d\u00e9r\u00e9glementation et des r\u00e8gles plus souples pour le secteur bancaire.&nbsp;<\/p>\n\n\n\n<figure class=\"wp-block-pullquote\"><blockquote><p>Une partie du \u00ab&#160;talent&#160;\u00bb politique de Trump r\u00e9side dans sa capacit\u00e9 \u00e0 faire croire que chaque personne et chaque groupe d&rsquo;int\u00e9r\u00eat peut trouver son compte dans ses politiques.<\/p><cite>Kyle Chan<\/cite><\/blockquote><\/figure>\n\n\n\n<p>Ce qui se passe avec la Silicon Valley est similaire.<\/p>\n\n\n\n<p>Il y a eu un d\u00e9bat int\u00e9ressant au sein du Parti r\u00e9publicain au sujet des personnes \u00e9trang\u00e8res hautement qualifi\u00e9es. La Silicon Valley est favorable \u00e0 l&rsquo;arriv\u00e9e d&rsquo;un plus grand nombre d&rsquo;immigr\u00e9s hautement qualifi\u00e9s \u2014 elle veut gagner la \u00ab&#160;guerre des talents&#160;\u00bb et disposer d&rsquo;informaticiens capables de cr\u00e9er des mod\u00e8les d&rsquo;IA qui l&rsquo;aideront \u00e0 triompher. Elle voyait en Trump quelqu&rsquo;un qui l&rsquo;aiderait \u00e0 construire des centres de donn\u00e9es, \u00e0 r\u00e9duire les formalit\u00e9s administratives et \u00e0 all\u00e9ger la r\u00e9glementation, en particulier pour les entreprises des Big Tech. C&rsquo;est pour cette raison que tous les PDG \u00e9taient pr\u00e9sents \u00e0 son investiture, payant chacun un million de dollars pour y assister. Ils ont choisi de minimiser la probabilit\u00e9 que Trump fasse toutes les autres choses qu&rsquo;ils ne soutiennent pas n\u00e9cessairement.<\/p>\n\n\n\n<p>Dans les politiques trumpiennes, chaque groupe d\u2019int\u00e9r\u00eat a vu uniquement ce qu&rsquo;il voulait voir et ignor\u00e9 ce qu&rsquo;il n&rsquo;aimait pas.<\/p>\n\n\n\n<p>Pendant ce temps, Trump a fait ce qu&rsquo;il voulait avec une direction changeant d&rsquo;un jour \u00e0 l&rsquo;autre et ne correspondant en d\u00e9finitive aux attentes d&rsquo;aucun groupe.<\/p>\n\n\n\n\n<div class=\"double-picture my-12 lg:my-20\" \n    data-images-sizes=\"half\"\n    data-same-height=\"true\"\n    data-reference-image=\"left\"\n>    <!-- Images -->\n    <div class=\"lg:flex\">\n        <div class=\"relative lg:pr-2 mb-7 lg:mb-0 lg:w-1\/2\">\n                            <a \n                    href=\"#\"\n                    data-pswp-src=\"https:\/\/legrandcontinent.eu\/fr\/wp-content\/uploads\/sites\/2\/2025\/06\/SIPA_ap22949787_000007-scaled.jpg\" \n                    class=\"gallery-item no-underline  \" \n                    data-pswp-width=\"2560\" \n                    data-pswp-height=\"1706\"\n                >\n                    <figure class=\"wp-block-image h-full -mx-2 lg:mx-0 !my-0\">\n                        <picture class=\"block h-full\">\n                            <img decoding=\"async\" src=\"https:\/\/legrandcontinent.eu\/fr\/wp-content\/uploads\/sites\/2\/2025\/06\/SIPA_ap22949787_000007-scaled.jpg\" alt=\"\u00abDans le cadre du programme \u00abDix villes, mille v\u00e9hicules\u00bb, plusieurs villes ont \u00e9t\u00e9 s\u00e9lectionn\u00e9es pour tester diff\u00e9rentes mesures. Ces derni\u00e8res comprenaient des subventions pour l'achat de v\u00e9hicules \u00e9lectriques, l'installation de bornes de recharge dans les immeubles, les parkings et au bord des routes, mais aussi des strat\u00e9gies d'achat public. La municipalit\u00e9 de Shenzhen a par exemple achet\u00e9 des bus \u00e9lectriques BYD pour la flotte de bus publics, ou des voitures \u00e9lectriques BYD pour la flotte de taxis qui \u00e9tait contr\u00f4l\u00e9e par les autorit\u00e9s locales.\u00bb\" >\n                        <\/picture>\n                        <figcaption class=\"lg:hidden pswp-caption-content\">\u00ab&#160;Dans le cadre du programme \u00ab&#160;Dix villes, mille v\u00e9hicules&#160;\u00bb, plusieurs villes ont \u00e9t\u00e9 s\u00e9lectionn\u00e9es pour tester diff\u00e9rentes mesures. Ces derni\u00e8res comprenaient des subventions pour l&rsquo;achat de v\u00e9hicules \u00e9lectriques, l&rsquo;installation de bornes de recharge dans les immeubles, les parkings et au bord des routes, mais aussi des strat\u00e9gies d&rsquo;achat public. La municipalit\u00e9 de Shenzhen a par exemple achet\u00e9 des bus \u00e9lectriques BYD pour la flotte de bus publics, ou des voitures \u00e9lectriques BYD pour la flotte de taxis qui \u00e9tait contr\u00f4l\u00e9e par les autorit\u00e9s locales.&#160;\u00bb<\/figcaption>                    <\/figure>\n                <\/a>\n                    \n        <\/div>\n        <div class=\"relative lg:pl-2 lg:w-1\/2\">\n                            <a\n                    href=\"#\"\n                    data-pswp-src=\"https:\/\/legrandcontinent.eu\/fr\/wp-content\/uploads\/sites\/2\/2025\/06\/SIPA_ap22949787_000011-scaled.jpg\" \n                    class=\"gallery-item no-underline  lg:!absolute lg:h-full lg:right-0 lg:left-2 overflow-hidden\" \n                    data-pswp-width=\"2560\" \n                    data-pswp-height=\"1706\"\n                >\n                    <figure class=\"wp-block-image h-full -mx-2 lg:mx-0 !my-0\">\n                        <picture class=\"block h-full\">\n                            <img decoding=\"async\" src=\"https:\/\/legrandcontinent.eu\/fr\/wp-content\/uploads\/sites\/2\/2025\/06\/SIPA_ap22949787_000011-scaled.jpg\" alt=\"\u00abLa Chine tente de pr\u00e9server certaines industries auxquelles elle est associ\u00e9e depuis vingt ou trente ans \u2014 voire cinquante ans \u2014 comme le textile et les appareils m\u00e9nagers. Mais dans le m\u00eame temps, beaucoup de gens n'ont pas pris conscience que la Chine avait remont\u00e9 les \u00e9chelons de la cha\u00eene de valeur pour se lancer dans des industries de haute technologie.\u00bb\" class=\"lg:!h-full object-cover\">\n                        <\/picture>\n                        <figcaption class=\"lg:hidden pswp-caption-content\">\u00ab&#160;La Chine tente de pr\u00e9server certaines industries auxquelles elle est associ\u00e9e depuis vingt ou trente ans \u2014 voire cinquante ans \u2014 comme le textile et les appareils m\u00e9nagers. Mais dans le m\u00eame temps, beaucoup de gens n&rsquo;ont pas pris conscience que la Chine avait remont\u00e9 les \u00e9chelons de la cha\u00eene de valeur pour se lancer dans des industries de haute technologie.&#160;\u00bb<\/figcaption>                    <\/figure>\n                <\/a>\n                    <\/div>\n    <\/div>\n    <!-- Captions -->\n    <div class=\"hidden lg:flex\">\n        <div class=\"relative lg:pr-2 mb-7 lg:mb-0 lg:w-1\/2\">\n                            <figure class=\"wp-block-image -mx-2 lg:mx-0 !my-0\">\n                    <figcaption>\u00ab&#160;Dans le cadre du programme \u00ab&#160;Dix villes, mille v\u00e9hicules&#160;\u00bb, plusieurs villes ont \u00e9t\u00e9 s\u00e9lectionn\u00e9es pour tester diff\u00e9rentes mesures. Ces derni\u00e8res comprenaient des subventions pour l&rsquo;achat de v\u00e9hicules \u00e9lectriques, l&rsquo;installation de bornes de recharge dans les immeubles, les parkings et au bord des routes, mais aussi des strat\u00e9gies d&rsquo;achat public. La municipalit\u00e9 de Shenzhen a par exemple achet\u00e9 des bus \u00e9lectriques BYD pour la flotte de bus publics, ou des voitures \u00e9lectriques BYD pour la flotte de taxis qui \u00e9tait contr\u00f4l\u00e9e par les autorit\u00e9s locales.&#160;\u00bb<\/figcaption>                <\/figure>\n                    \n        <\/div>\n        <div class=\"relative lg:pl-2 lg:w-1\/2\">\n                            <figure class=\"wp-block-image -mx-2 lg:mx-0 !my-0\">   \n                    <figcaption>\u00ab&#160;La Chine tente de pr\u00e9server certaines industries auxquelles elle est associ\u00e9e depuis vingt ou trente ans \u2014 voire cinquante ans \u2014 comme le textile et les appareils m\u00e9nagers. Mais dans le m\u00eame temps, beaucoup de gens n&rsquo;ont pas pris conscience que la Chine avait remont\u00e9 les \u00e9chelons de la cha\u00eene de valeur pour se lancer dans des industries de haute technologie.&#160;\u00bb<\/figcaption>                <\/figure>\n                    <\/div>\n    <\/div>\n<\/div>\n\n\n\n<h3 class=\"wp-block-heading\">Vous opposez la ligne de conduite de l&rsquo;administration Trump \u00e0 celle de la Chine. \u00c0 vous lire, il semblerait que la Chine soit capable de mener son \u00e9conomie dans la bonne direction. Comment cela fonctionne-t-il&#160;? S\u2019agit-il d\u2019un syst\u00e8me d\u00e9cisionnaire purement centralis\u00e9, dans lequel les politiques \u00e9conomiques sont mises en \u0153uvre sans la contribution des gouvernements locaux ou des entreprises&#160;?<\/h3>\n\n\n\n<p>C&rsquo;est plus complexe que cela.&nbsp;<\/p>\n\n\n\n<p>Il ne s&rsquo;agit pas simplement d&rsquo;une structure <em>top-down<\/em>. Le mod\u00e8le \u00e9conomique chinois s&rsquo;est \u00e9loign\u00e9 de la structure ancienne et assez basique de l\u2019\u00e9conomie planifi\u00e9e. Apr\u00e8s avoir essay\u00e9 ce syst\u00e8me, les Chinois se sont rendu compte que cela ne leur permettait pas d\u2019atteindre des objectifs comme l&rsquo;augmentation de la production ou le d\u00e9veloppement d&rsquo;industries strat\u00e9giques.<\/p>\n\n\n\n<p>Aujourd&rsquo;hui, le mod\u00e8le \u00e9conomique chinois repose donc sur plusieurs \u00e9l\u00e9ments.&nbsp;<\/p>\n\n\n\n<p>Il existe un programme industriel, comprenant diff\u00e9rentes politiques, qui visent \u00e0 encourager et \u00e0 soutenir le d\u00e9veloppement des gouvernements locaux et des entreprises. Au sommet de la hi\u00e9rarchie, il y a un signal, ou un plan, voire simplement une liste de souhaits, sur l\u2019orientation g\u00e9n\u00e9rale de l\u2019\u00e9conomie souhait\u00e9e par P\u00e9kin \u2014 avec des plans comme le <em>Made in China 2025<\/em>. Mais les d\u00e9tails de la mise en \u0153uvre incombent aux gouvernements locaux, aux gouvernements provinciaux et aux instituts de recherche individuels qui cherchent \u00e0 concr\u00e9tiser ces plans dans leur dimension scientifique et technologique.&nbsp;<\/p>\n\n\n\n<p>Les objectifs g\u00e9n\u00e9raux restent donc assez centralis\u00e9s. Il y a une vision de ce \u00e0 quoi devrait ressembler la Chine dans dix ans, dans vingt ans, voire dans plusieurs d\u00e9cennies&#160;: une \u00e9conomie <em>high-tech<\/em> et ax\u00e9e sur l&rsquo;industrie manufacturi\u00e8re. Mais la plupart des d\u00e9tails de mise en \u0153uvre sont laiss\u00e9s \u00e0 la discr\u00e9tion des autres acteurs du syst\u00e8me.<\/p>\n\n\n\n<p>C\u2019est ainsi que je d\u00e9crirais la situation en Chine&#160;: un m\u00e9lange de contr\u00f4le centralis\u00e9 et de mise en \u0153uvre d\u00e9centralis\u00e9e.&nbsp;<\/p>\n\n\n\n<h3 class=\"wp-block-heading\">Pourriez-vous illustrer le fonctionnement de ce syst\u00e8me&#160;?<\/h3>\n\n\n\n<p>La politique en mati\u00e8re de v\u00e9hicules \u00e9lectriques en est un bon exemple.&nbsp;<\/p>\n\n\n\n<p>La Chine tente depuis longtemps de d\u00e9velopper son industrie automobile. Elle a essay\u00e9 de former des partenariats avec des entreprises \u00e9trang\u00e8res telles que Volkswagen, General Motors et Toyota afin de produire des voitures en Chine pour le march\u00e9 chinois. Cela a bien fonctionn\u00e9 pendant un certain temps, mais beaucoup l&rsquo;ont vu comme un \u00e9chec, dans la mesure o\u00f9 cette politique n&rsquo;a pas permis \u00e0 la Chine de devenir un acteur v\u00e9ritablement international mais seulement de produire des voitures pour le march\u00e9 local.&nbsp;<\/p>\n\n\n\n<p>Un changement majeur a eu lieu lorsque l&rsquo;accent a \u00e9t\u00e9 mis sur les v\u00e9hicules \u00e9lectriques \u2014 qui incluent les v\u00e9hicules \u00e0 batterie \u00e9lectrique, hybrides et \u00e0 pile \u00e0 combustible \u00e0 hydrog\u00e8ne. Alors que l\u2019industrie chinoise ne parvenait pas \u00e0 battre directement les acteurs industriels existants, les dirigeants chinois ont pris conscience que P\u00e9kin pourrait peut-\u00eatre y parvenir en adoptant une nouvelle technologie.&nbsp;&nbsp;<\/p>\n\n\n\n<figure class=\"wp-block-pullquote\"><blockquote><p>Au sommet de la hi\u00e9rarchie, il y a un signal, ou un plan, voire simplement une liste de souhaits, sur l\u2019orientation g\u00e9n\u00e9rale de l\u2019\u00e9conomie souhait\u00e9e par P\u00e9kin \u2014 mais les d\u00e9tails de la mise en \u0153uvre incombent aux autres acteurs du syst\u00e8me.<\/p><cite>Kyle Chan<\/cite><\/blockquote><\/figure>\n\n\n\n<p>Si cet objectif global \u00e9tait celui du gouvernement central, de nombreux d\u00e9tails ont \u00e9t\u00e9 laiss\u00e9s \u00e0 l&rsquo;appr\u00e9ciation des gouvernements locaux, qui ont exp\u00e9riment\u00e9 diff\u00e9rentes politiques.&nbsp;<\/p>\n\n\n\n<p>Dans le cadre du programme \u00ab&#160;<em>Dix villes, mille v\u00e9hicules<\/em>&#160;\u00bb, plusieurs villes ont \u00e9t\u00e9 s\u00e9lectionn\u00e9es pour tester diff\u00e9rentes mesures. Ces derni\u00e8res comprenaient des subventions pour l&rsquo;achat de v\u00e9hicules \u00e9lectriques, l&rsquo;installation de bornes de recharge dans les immeubles, les parkings et au bord des routes, mais aussi des strat\u00e9gies d&rsquo;achat public. La municipalit\u00e9 de Shenzhen a par exemple achet\u00e9 des bus \u00e9lectriques BYD pour la flotte de bus publics, ou des voitures \u00e9lectriques BYD pour la flotte de taxis qui \u00e9tait contr\u00f4l\u00e9e par les autorit\u00e9s locales.&nbsp;<\/p>\n\n\n\n<p>La mesure la plus connue est sans doute l\u2019utilisation de la politique de restriction des plaques d&rsquo;immatriculation, initialement destin\u00e9e \u00e0 lutter contre les embouteillages et la pollution atmosph\u00e9rique. Il a \u00e9t\u00e9 d\u00e9cid\u00e9 que cette mesure r\u00e9glementait strictement l&rsquo;acc\u00e8s \u00e0 la ville, sauf pour les v\u00e9hicules \u00e9lectriques, qui rendaient alors possible de contourner un obstacle tr\u00e8s co\u00fbteux \u00e0 l&rsquo;achat d&rsquo;une voiture en ville. Cela a incit\u00e9 les citadins \u00e0 revenus moyens et \u00e9lev\u00e9s \u00e0 acheter des voitures \u00e9lectriques.<\/p>\n\n\n\n<p>Certaines mesures exp\u00e9riment\u00e9es au niveau local ont \u00e9t\u00e9 \u00e9tendues \u00e0 l&rsquo;\u00e9chelle nationale. La politique relative aux plaques d&rsquo;immatriculation, d&rsquo;abord \u00e9t\u00e9 mise en place dans des villes comme P\u00e9kin et Shanghai, a ainsi \u00e9t\u00e9 diffus\u00e9e dans de nombreuses autres villes.&nbsp;<\/p>\n\n\n\n<p>Ce type de mesure s&rsquo;accompagne \u00e9galement d&rsquo;<a href=\"https:\/\/legrandcontinent.eu\/fr\/2023\/08\/30\/byd-et-catl-dans-la-tete-des-promethees-chinois-de-lelectricite\/\">un financement de la recherche sur les batteries \u00e9lectriques<\/a> et d\u2019une mise en \u0153uvre de droits de douane ou de barri\u00e8res commerciales \u00e0 l&rsquo;encontre des fabricants de batteries japonais et cor\u00e9ens afin de prot\u00e9ger le march\u00e9 \u2014 du moins \u00e0 court terme.<\/p>\n\n\n\n<h3 class=\"wp-block-heading\">Diriez-vous que les Europ\u00e9ens et les Am\u00e9ricains n\u2019ont pas pris la mesure du progr\u00e8s technologique de la Chine&#160;?<\/h3>\n\n\n\n<p>De nombreuses personnes en Occident ont encore une image de la Chine comme celle d\u2019un fabricant <em>low-cost <\/em>de produits <em>low-tech<\/em>. C\u2019est ce dont t\u00e9moigne selon moi la d\u00e9claration de Trump sur le fait que les Am\u00e9ricains n\u2019ont pas besoin d&rsquo;acheter autant de poup\u00e9es ou de jouets en provenance de Chine. Cela traduit l&rsquo;id\u00e9e selon laquelle nous n&rsquo;aurions pas besoin des produits chinois parce qu&rsquo;ils seraient bon march\u00e9 et de mauvaise qualit\u00e9.&nbsp;<\/p>\n\n\n\n<p>C\u2019est \u00e9videmment faux \u2014 mais pas totalement toutefois<\/p>\n\n\n\n<p>La Chine tente de pr\u00e9server certaines industries auxquelles elle est associ\u00e9e depuis vingt ou trente ans \u2014 <a href=\"https:\/\/legrandcontinent.eu\/fr\/2024\/03\/20\/naissance-dun-behemoth-les-origines-de-la-puissance-manufacturiere-chinoise\/\">voire cinquante ans<\/a> \u2014 comme le textile et les appareils m\u00e9nagers. Mais dans le m\u00eame temps, beaucoup de gens n&rsquo;ont pas pris conscience que la Chine avait remont\u00e9 les \u00e9chelons de la cha\u00eene de valeur pour se lancer dans des industries de haute technologie.\u00a0<\/p>\n\n\n\n<h3 class=\"wp-block-heading\">Auriez-vous un exemple&#160;?<\/h3>\n\n\n\n<p>Dans l\u2019industrie des smartphones, cette mont\u00e9e en gamme est criante.<\/p>\n\n\n\n<p>La Chine a commenc\u00e9 au bas de la cha\u00eene, par assembler des iPhones. Une arm\u00e9e d&rsquo;un million de travailleurs effectue le type de travail que Trump a promis de ramener aux \u00c9tats-Unis.&nbsp;<\/p>\n\n\n\n<p>Au fil du temps, les entreprises chinoises ont commenc\u00e9 \u00e0 s&rsquo;introduire dans certaines parties de la cha\u00eene de valeur et sont devenues des fournisseurs de diff\u00e9rentes pi\u00e8ces. Elles ont commenc\u00e9 par les composants bas de gamme, puis se sont orient\u00e9es vers les composants haut de gamme \u2014 notamment les bo\u00eetiers d&rsquo;objectifs, certains capteurs et modules d&rsquo;appareils photo, les batteries et, finalement, les puces elles-m\u00eames, en particulier les puces m\u00e9moire.&nbsp;<\/p>\n\n\n\n<figure class=\"wp-block-pullquote\"><blockquote><p>Beaucoup de gens n&rsquo;ont pas pris conscience que la Chine avait remont\u00e9 les \u00e9chelons de la cha\u00eene de valeur pour se lancer dans des industries de haute technologie.&nbsp;<\/p><cite>Kyle Chan<\/cite><\/blockquote><\/figure>\n\n\n\n<p>Il s&rsquo;agissait d&rsquo;une strat\u00e9gie d\u00e9lib\u00e9r\u00e9e du gouvernement chinois&#160;: le r\u00e9cent ouvrage <em>Apple in China<\/em>&nbsp;<span class='whitespace-nowrap'><span id='easy-footnote-2-282714' class='easy-footnote-margin-adjust'><\/span><span class='easy-footnote'><a href='https:\/\/legrandcontinent.eu\/fr\/2025\/06\/11\/le-siecle-chinois-de-donald-trump-en-sabotant-les-etats-unis-la-maison-blanche-renforce-la-chine-de-xi\/#easy-footnote-bottom-2-282714' title='Patrick McGee, &lt;a href=&quot;https:\/\/www.simonandschuster.com\/books\/Apple-in-China\/Patrick-McGee\/9781668053379&quot; target=&quot;_blank&quot; rel=&quot;noreferrer noopener&quot;&gt;&lt;em&gt;Apple in China&lt;\/em&gt;&lt;\/a&gt;, Simon &amp;amp; Schuster, mai 2025.'><sup>2<\/sup><\/a><\/span><\/span> traite de ce sujet. C\u2019est un volume tr\u00e8s document\u00e9 qui montre \u00e0 quel point la Chine cherchait d\u00e9lib\u00e9r\u00e9ment \u00e0 obtenir de plus en plus de valeur et de technologie sur son propre territoire.&nbsp;<\/p>\n\n\n\n<p>Ce type de strat\u00e9gie est sans cesse d\u00e9clin\u00e9 d&rsquo;un secteur \u00e0 l&rsquo;autre \u2014 qu&rsquo;il s&rsquo;agisse des trains \u00e0 grande vitesse, des avions commerciaux ou des \u00e9quipements m\u00e9dicaux.<\/p>\n\n\n\n<p>Il en va de m\u00eame pour les \u00e9quipements de t\u00e9l\u00e9communications et l&rsquo;essor de Huawei. Au fil du temps, la Chine a progress\u00e9 secteur par secteur et<a href=\"https:\/\/legrandcontinent.eu\/fr\/2025\/01\/28\/laffaire-deepseek-et-le-futur-de-lia-une-conversation-avec-gary-marcus\/\" target=\"_blank\" rel=\"noreferrer noopener\"> Deep Seek a probablement \u00e9t\u00e9 le moment qui a permis \u00e0 beaucoup de gens en dehors de la Chine, qui ne suivent pas habituellement ce ph\u00e9nom\u00e8ne, d\u2019en prendre conscience<\/a>.<\/p>\n\n\n\n<h3 class=\"wp-block-heading\">Cet essor de la Chine semble d\u2019autant plus accentu\u00e9 qu\u2019on a l\u2019impression que les \u00c9tats-Unis sont en train de se saborder\u2026 Consid\u00e9rez-vous cependant que certains obstacles pourraient entraver cette perc\u00e9e chinoise&#160;?<\/h3>\n\n\n\n<p>Absolument, car la Chine fait face \u00e0 de nombreux d\u00e9fis.<\/p>\n\n\n\n<p>L&rsquo;un d&rsquo;eux est celui des exportations.<\/p>\n\n\n\n<p>La Chine est confront\u00e9e \u00e0 des r\u00e9actions n\u00e9gatives de la part de l&rsquo;Europe, des \u00c9tats-Unis, du Br\u00e9sil et de l&rsquo;Inde \u2014 beaucoup de ses principaux partenaires commerciaux. Ces pays ne voient pas d&rsquo;un bon \u0153il l&rsquo;afflux de produits chinois, en particulier lorsqu&rsquo;ils concurrencent des industries qui sont au c\u0153ur de leur \u00e9conomie.&nbsp;<\/p>\n\n\n\n<p>Le meilleur exemple est encore une fois celui de l&rsquo;industrie automobile et de l&rsquo;essor des v\u00e9hicules \u00e9lectriques chinois. Dans certains cas, des droits de douane et autres mesures sont pris pour tenter de faire face \u00e0 cette situation et pr\u00e9server les emplois par crainte d&rsquo;un \u00e9ventuel \u00ab&#160;Choc chinois 2.0&#160;\u00bb.<\/p>\n\n\n\n<p>C&rsquo;est un domaine dans lequel la Chine commence d\u00e9j\u00e0 \u00e0 modifier sa strat\u00e9gie et o\u00f9 les entreprises chinoises tentent d&rsquo;investir localement. BYD en est un exemple classique&#160;: l&rsquo;entreprise construit des usines au Br\u00e9sil, en Hongrie, en Turquie, en Tha\u00eflande et en Indon\u00e9sie afin de continuer \u00e0 acc\u00e9der \u00e0 ces march\u00e9s et de r\u00e9pondre aux inqui\u00e9tudes concernant un mod\u00e8le purement exportateur.<\/p>\n\n\n\n<h3 class=\"wp-block-heading\">Les relations avec les entreprises \u00e9trang\u00e8res et les technologies \u00e9trang\u00e8res constituent un autre d\u00e9fi majeur pour P\u00e9kin\u2026<\/h3>\n\n\n\n<p>En effet, ce serait une erreur de prendre les messages de P\u00e9kin au pied de la lettre et de croire que la Chine est autosuffisante et n&rsquo;a pas besoin des technologies d&rsquo;autres pays. La Chine reste tr\u00e8s d\u00e9pendante des entreprises \u00e9trang\u00e8res et des collaborations universitaires internationales, dont elle tire de nombreux avantages. De nombreuses entreprises occidentales telles que Bosch ou Nvidia<em> <\/em>ont des centres de R&amp;D en Chine \u2014 et la R\u00e9publique populaire en tire grand profit.&nbsp;<\/p>\n\n\n\n<p>Si les relations avec les \u00c9tats-Unis, ou l&rsquo;Occident en g\u00e9n\u00e9ral, se d\u00e9t\u00e9riorent, cela pourrait rendre l&rsquo;acc\u00e8s aux technologies de pointe plus difficile et entra\u00eener une fragmentation du march\u00e9.<\/p>\n\n\n\n<h3 class=\"wp-block-heading\">Y a-t-il dans cette configuration une place \u00e0 prendre pour l\u2019Europe&#160;?&nbsp;<\/h3>\n\n\n\n<p>On per\u00e7oit beaucoup d&rsquo;inqui\u00e9tude et d&rsquo;angoisse en Europe.<\/p>\n\n\n\n<p>Entre les \u00c9tats-Unis d&rsquo;un c\u00f4t\u00e9 et la Chine de l&rsquo;autre, l\u2019Union s\u2019interroge sur la place qu\u2019elle peut prendre dans un monde domin\u00e9 par ces deux puissances.&nbsp;<\/p>\n\n\n\n<p>Je pense pourtant que ce moment repr\u00e9sente une incroyable opportunit\u00e9 pour ce continent.&nbsp;<\/p>\n\n\n\n<p>Alors que les \u00c9tats-Unis se tirent une balle dans le pied et que certains pays h\u00e9sitent \u00e0 davantage se rapprocher de la Chine tout en cherchant d\u2019autres partenaires, l&rsquo;Europe pourrait prendre davantage de place sur la sc\u00e8ne internationale.<\/p>\n\n\n\n<p>En mati\u00e8re de recherche scientifique et de technologie, elle poss\u00e8de de nombreuses caract\u00e9ristiques similaires aux \u00c9tats-Unis&#160;: des universit\u00e9s, des instituts de recherche de pointe \u2014 certains publics et d&rsquo;autres priv\u00e9s. Des personnes en Europe, que je connais personnellement, travaillent sur la technologie quantique, la fusion nucl\u00e9aire et d&rsquo;autres technologies de nouvelle g\u00e9n\u00e9ration dans lesquelles l&rsquo;Europe est \u00e0 la pointe.<\/p>\n\n\n\n<figure class=\"wp-block-pullquote\"><blockquote><p>En mati\u00e8re de recherche scientifique et de technologie, l&rsquo;Europe poss\u00e8de de nombreux atouts similaires \u00e0 ceux des \u00c9tats-Unis.<\/p><cite>Kyle Chan<\/cite><\/blockquote><\/figure>\n\n\n\n<p>En outre, l&rsquo;Europe dispose d&rsquo;une excellente base industrielle manufacturi\u00e8re en mati\u00e8re d&rsquo;\u00e9quipements de pointe. Cela vaut pour une grande partie de l&rsquo;Europe, bien plus que ce que l&rsquo;on pense g\u00e9n\u00e9ralement \u2014 avec les fabricants de machines en Italie, le secteur automobile en Espagne, l&rsquo;a\u00e9rospatiale et le nucl\u00e9aire en France. Tous les secteurs peuvent \u00eatre couverts en Europe.&nbsp;<\/p>\n\n\n\n<p>Elle dispose donc d\u00e9j\u00e0 d&rsquo;un riche r\u00e9servoir scientifique d\u2019une part et de capacit\u00e9s de production d\u2019autre part.&nbsp;<\/p>\n\n\n\n<h3 class=\"wp-block-heading\">Reste \u00e0 savoir comment les mobiliser\u2026<\/h3>\n\n\n\n<p>Le facteur le plus important pour ce faire est probablement l\u2019ach\u00e8vement du march\u00e9 unique.<\/p>\n\n\n\n<p>La question se posera \u00e9galement de savoir comment prot\u00e9ger ou du moins mettre \u00e0 l&rsquo;abri les industries europ\u00e9ennes de la concurrence chinoise et am\u00e9ricaine de mani\u00e8re \u00e0 leur donner la possibilit\u00e9 de se d\u00e9velopper et d&rsquo;\u00eatre comp\u00e9titives.<\/p>\n\n\n\n<p>Certains pointent du doigt l&rsquo;\u00e9chec de <a href=\"https:\/\/legrandcontinent.eu\/fr\/2022\/10\/19\/la-guerre-des-batteries-a-commence-une-conversation-avec-paolo-cerruti-co-fondateur-de-northvolt\/\">Northvolt<\/a> en en faisant le centre d\u2019une d\u00e9monstration selon laquelle l&rsquo;Europe ne pourrait pas r\u00e9ussir. C\u2019est un raisonnement trompeur&#160;: en Chine, il y a probablement des milliers d&rsquo;\u00e9checs. Dans le secteur des v\u00e9hicules \u00e9lectriques, une entreprise fait probablement faillite chaque semaine en Chine \u2014 mais ce n&rsquo;est pas ce qui retient l&rsquo;attention. On se concentre sur les r\u00e9ussites chinoises en oubliant que c\u2019est une vaste \u00e9conomie confront\u00e9e aussi \u00e0 des \u00e9checs cuisants.<\/p>\n\n\n\n<p>Les Europ\u00e9ens auraient tout int\u00e9r\u00eat \u00e0 adopter une vision plus large et \u00e0 ne pas se focaliser sur un seul secteur. Northvolt repr\u00e9sente un \u00e9chec tr\u00e8s m\u00e9diatis\u00e9, et c\u2019\u00e9tait regrettable, mais les fondements pour faire \u00e9merger des entreprises comp\u00e9titives existent en Europe.<\/p>\n\n\n\n<p>Dans d&rsquo;autres domaines \u2014 comme l&rsquo;IA \u2014 l\u2019Europe compte beaucoup de talents et de nombreux mod\u00e8les innovants y voient le jour. La France est clairement en t\u00eate \u00e0 l&rsquo;heure actuelle. Dans ce domaine, les \u00c9tats-Unis sont loin d\u2019avoir l\u2019avance consid\u00e9rable dont ils b\u00e9n\u00e9ficient dans d&rsquo;autres. C\u2019est un champ enti\u00e8rement nouveau, un territoire \u00e0 prendre dans lequel aucun pays ne dispose n\u00e9cessairement d&rsquo;un avantage naturel. C&rsquo;est la raison pour laquelle, en mati\u00e8re d\u2019IA, on a l\u2019impression que les gagnants et les perdants changent constamment.<\/p>\n\n\n\n<p>Il y a donc des raisons d&rsquo;\u00eatre optimiste. Mais la question est de savoir s&rsquo;il existe une volont\u00e9 politique de s&rsquo;unir \u2014 que ce soit face aux d\u00e9fis pos\u00e9s par la Russie ou pour devenir l&rsquo;un des leaders de la lutte contre le changement climatique apr\u00e8s le retrait des \u00c9tats-Unis.<\/p>\n\n\n\n<h3 class=\"wp-block-heading\"><a href=\"https:\/\/legrandcontinent.eu\/fr\/2024\/09\/09\/le-rapport-draghi\/\">En mati\u00e8re de politique \u00e9conomique europ\u00e9enne, le rapport Draghi est actuellement la principale r\u00e9f\u00e9rence<\/a> \u2014&nbsp;comment \u00e9valuez-vous son impact&#160;?<\/h3>\n\n\n\n<p>Il est r\u00e9el mais insuffisant&#160;: or si Mario Draghi ne parvient pas \u00e0 r\u00e9veiller l\u2019Europe, on se demande qui le pourra&#160;!<\/p>\n\n\n\n<h3 class=\"wp-block-heading\">Pour quelle raison selon vous&#160;?<\/h3>\n\n\n\n<p>En Inde, o\u00f9 j\u2019ai longtemps travaill\u00e9, j&rsquo;ai remarqu\u00e9 qu&rsquo;il y avait souvent d\u2019excellents rapports sectoriels qui pr\u00e9conisaient des r\u00e9formes. Lorsqu\u2019on parle avec des gens de la mani\u00e8re de r\u00e9former le secteur ferroviaire ou le droit du travail, par exemple, on constate un large consensus parmi les experts et les bureaucrates qui travaillaient dans ces domaines.&nbsp;<\/p>\n\n\n\n<figure class=\"wp-block-pullquote\"><blockquote><p>J&rsquo;aime parfois dire que j&rsquo;essaie de r\u00e9veiller l&rsquo;Europe face aux d\u00e9fis auxquels elle est confront\u00e9e. Mais si Mario Draghi n&rsquo;y parvient pas, personne ne le pourra.&nbsp;<\/p><cite>Kyle Chan<\/cite><\/blockquote><\/figure>\n\n\n\n<p>Il est difficile de lire le rapport Draghi sans \u00eatre d&rsquo;accord. Bon nombre de ses points semblent tr\u00e8s pertinents. Mais le plus difficile, dans ce genre de cas, est de les rendre politiquement acceptables pour assurer leur mise en \u0153uvre.<\/p>\n\n\n\n<h3 class=\"wp-block-heading\">Non pas ce qu\u2019il faut faire \u2014 mais comment le faire&#160;?<\/h3>\n\n\n\n<p>Nous aurions besoin de quelqu\u2019un qui soit profond\u00e9ment ancr\u00e9 dans l&rsquo;\u00e9conomie politique europ\u00e9enne et nationale pour comprendre ce qui pourrait rendre ces politiques non seulement r\u00e9alisables, mais aussi politiquement souhaitables.<\/p>\n\n\n\n<p>Autrement dit&#160;: comprendre l\u2019articulation qui fait que le rapport Draghi pourrait vous faire gagner une \u00e9lection.<\/p>\n","protected":false},"excerpt":{"rendered":"<p>Par ses actions erratiques, l\u2019administration Trump semble mettre tout en \u0153uvre pour pr\u00e9parer l\u2019av\u00e8nement d\u2019un si\u00e8cle chinois.<\/p>\n<p>En sabotant les piliers m\u00eames qui ont fait la prosp\u00e9rit\u00e9 \u00e9conomique am\u00e9ricaine \u2014 recherche scientifique de pointe, inclusion dans l\u2019\u00e9conomie mondialis\u00e9e, attractivit\u00e9 internationale, \u00c9tat de droit \u2014 les politiques trumpiennes encouragent un essor chinois dont nous avons encore du mal \u00e0 prendre la mesure.<\/p>\n<p>Le travail de Kyle Chan documente ce grand renversement, nous le rencontrons.<\/p>\n","protected":false},"author":36974,"featured_media":282732,"comment_status":"closed","ping_status":"closed","sticky":false,"template":"templates\/post-interviews.php","format":"standard","meta":{"_acf_changed":false,"_trash_the_other_posts":false,"_yoast_wpseo_estimated-reading-time-minutes":22,"footnotes":""},"categories":[3331],"tags":[],"staff":[2929],"editorial_format":[],"serie":[],"audience":[],"geo":[],"class_list":["post-282714","post","type-post","status-publish","format-standard","hentry","category-capitalismes-politiques-en-guerre","staff-louis-de-catheu"],"acf":{"open_in_webview":false,"accent":false},"yoast_head":"<!-- This site is optimized with the Yoast SEO plugin v26.1.1 - https:\/\/yoast.com\/wordpress\/plugins\/seo\/ -->\n<title>Le si\u00e8cle chinois de Donald Trump: en sabotant les \u00c9tats-Unis, la Maison-Blanche renforce la Chine de Xi | Le Grand Continent<\/title>\n<meta name=\"robots\" content=\"index, follow, max-snippet:-1, max-image-preview:large, max-video-preview:-1\" \/>\n<link rel=\"canonical\" href=\"https:\/\/legrandcontinent.eu\/fr\/2025\/06\/11\/le-siecle-chinois-de-donald-trump-en-sabotant-les-etats-unis-la-maison-blanche-renforce-la-chine-de-xi\/\" \/>\n<meta property=\"og:locale\" content=\"fr_FR\" \/>\n<meta property=\"og:type\" content=\"article\" \/>\n<meta property=\"og:title\" content=\"Le si\u00e8cle chinois de Donald Trump: en sabotant les \u00c9tats-Unis, la Maison-Blanche renforce la Chine de Xi | Le Grand Continent\" \/>\n<meta property=\"og:description\" content=\"Par ses actions erratiques, l\u2019administration Trump semble mettre tout en \u0153uvre pour pr\u00e9parer l\u2019av\u00e8nement d\u2019un si\u00e8cle chinois.  En sabotant les piliers m\u00eames qui ont fait la prosp\u00e9rit\u00e9 \u00e9conomique am\u00e9ricaine \u2014 recherche scientifique de pointe, inclusion dans l\u2019\u00e9conomie mondialis\u00e9e, attractivit\u00e9 internationale, \u00c9tat de droit \u2014 les politiques trumpiennes encouragent un essor chinois dont nous avons encore du mal \u00e0 prendre la mesure.  Le travail de Kyle Chan documente ce grand renversement, nous le rencontrons.\" \/>\n<meta property=\"og:url\" content=\"https:\/\/legrandcontinent.eu\/fr\/2025\/06\/11\/le-siecle-chinois-de-donald-trump-en-sabotant-les-etats-unis-la-maison-blanche-renforce-la-chine-de-xi\/\" \/>\n<meta property=\"og:site_name\" content=\"Le Grand Continent\" \/>\n<meta property=\"article:published_time\" content=\"2025-06-11T04:00:00+00:00\" \/>\n<meta property=\"article:modified_time\" content=\"2025-06-11T14:19:21+00:00\" \/>\n<meta property=\"og:image\" content=\"https:\/\/legrandcontinent.eu\/fr\/wp-content\/uploads\/sites\/2\/2025\/06\/gc-xijinping-scaled.jpg\" \/>\n\t<meta property=\"og:image:width\" content=\"2560\" \/>\n\t<meta property=\"og:image:height\" content=\"1440\" \/>\n\t<meta property=\"og:image:type\" content=\"image\/jpeg\" \/>\n<meta name=\"author\" content=\"zelief\" \/>\n<meta name=\"twitter:card\" content=\"summary_large_image\" \/>\n<meta name=\"twitter:image\" content=\"https:\/\/legrandcontinent.eu\/fr\/wp-content\/uploads\/sites\/2\/2025\/06\/gc-xijinping-scaled.jpg\" \/>\n<meta name=\"twitter:label1\" content=\"\u00c9crit par\" \/>\n\t<meta name=\"twitter:data1\" content=\"zelief\" \/>\n\t<meta name=\"twitter:label2\" content=\"Dur\u00e9e de lecture estim\u00e9e\" \/>\n\t<meta name=\"twitter:data2\" content=\"22 minutes\" \/>\n<script type=\"application\/ld+json\" class=\"yoast-schema-graph\">{\"@context\":\"https:\/\/schema.org\",\"@graph\":[{\"@type\":\"WebPage\",\"@id\":\"https:\/\/legrandcontinent.eu\/fr\/2025\/06\/11\/le-siecle-chinois-de-donald-trump-en-sabotant-les-etats-unis-la-maison-blanche-renforce-la-chine-de-xi\/\",\"url\":\"https:\/\/legrandcontinent.eu\/fr\/2025\/06\/11\/le-siecle-chinois-de-donald-trump-en-sabotant-les-etats-unis-la-maison-blanche-renforce-la-chine-de-xi\/\",\"name\":\"Le si\u00e8cle chinois de Donald Trump: en sabotant les \u00c9tats-Unis, la Maison-Blanche renforce la Chine de Xi | Le Grand Continent\",\"isPartOf\":{\"@id\":\"https:\/\/legrandcontinent.eu\/fr\/#website\"},\"primaryImageOfPage\":{\"@id\":\"https:\/\/legrandcontinent.eu\/fr\/2025\/06\/11\/le-siecle-chinois-de-donald-trump-en-sabotant-les-etats-unis-la-maison-blanche-renforce-la-chine-de-xi\/#primaryimage\"},\"image\":{\"@id\":\"https:\/\/legrandcontinent.eu\/fr\/2025\/06\/11\/le-siecle-chinois-de-donald-trump-en-sabotant-les-etats-unis-la-maison-blanche-renforce-la-chine-de-xi\/#primaryimage\"},\"thumbnailUrl\":\"https:\/\/legrandcontinent.eu\/fr\/wp-content\/uploads\/sites\/2\/2025\/06\/SIPA_01023093_000003-scaled.jpg\",\"datePublished\":\"2025-06-11T04:00:00+00:00\",\"dateModified\":\"2025-06-11T14:19:21+00:00\",\"author\":{\"@id\":\"https:\/\/legrandcontinent.eu\/fr\/#\/schema\/person\/97de4c53b1269600dc2fed829ae3db38\"},\"breadcrumb\":{\"@id\":\"https:\/\/legrandcontinent.eu\/fr\/2025\/06\/11\/le-siecle-chinois-de-donald-trump-en-sabotant-les-etats-unis-la-maison-blanche-renforce-la-chine-de-xi\/#breadcrumb\"},\"inLanguage\":\"fr-FR\",\"potentialAction\":[{\"@type\":\"ReadAction\",\"target\":[\"https:\/\/legrandcontinent.eu\/fr\/2025\/06\/11\/le-siecle-chinois-de-donald-trump-en-sabotant-les-etats-unis-la-maison-blanche-renforce-la-chine-de-xi\/\"]}]},{\"@type\":\"ImageObject\",\"inLanguage\":\"fr-FR\",\"@id\":\"https:\/\/legrandcontinent.eu\/fr\/2025\/06\/11\/le-siecle-chinois-de-donald-trump-en-sabotant-les-etats-unis-la-maison-blanche-renforce-la-chine-de-xi\/#primaryimage\",\"url\":\"https:\/\/legrandcontinent.eu\/fr\/wp-content\/uploads\/sites\/2\/2025\/06\/SIPA_01023093_000003-scaled.jpg\",\"contentUrl\":\"https:\/\/legrandcontinent.eu\/fr\/wp-content\/uploads\/sites\/2\/2025\/06\/SIPA_01023093_000003-scaled.jpg\",\"width\":2560,\"height\":1830,\"caption\":\"\u00a9 Xinhua\/Xie Huanchi\"},{\"@type\":\"BreadcrumbList\",\"@id\":\"https:\/\/legrandcontinent.eu\/fr\/2025\/06\/11\/le-siecle-chinois-de-donald-trump-en-sabotant-les-etats-unis-la-maison-blanche-renforce-la-chine-de-xi\/#breadcrumb\",\"itemListElement\":[{\"@type\":\"ListItem\",\"position\":1,\"name\":\"Accueil\",\"item\":\"https:\/\/legrandcontinent.eu\/fr\/\"},{\"@type\":\"ListItem\",\"position\":2,\"name\":\"Le si\u00e8cle chinois de Donald Trump&#160;: en sabotant les \u00c9tats-Unis, la Maison-Blanche renforce la Chine de Xi\"}]},{\"@type\":\"WebSite\",\"@id\":\"https:\/\/legrandcontinent.eu\/fr\/#website\",\"url\":\"https:\/\/legrandcontinent.eu\/fr\/\",\"name\":\"Le Grand Continent\",\"description\":\"L&#039;\u00e9chelle pertinente\",\"potentialAction\":[{\"@type\":\"SearchAction\",\"target\":{\"@type\":\"EntryPoint\",\"urlTemplate\":\"https:\/\/legrandcontinent.eu\/fr\/?s={search_term_string}\"},\"query-input\":{\"@type\":\"PropertyValueSpecification\",\"valueRequired\":true,\"valueName\":\"search_term_string\"}}],\"inLanguage\":\"fr-FR\"},{\"@type\":\"Person\",\"@id\":\"https:\/\/legrandcontinent.eu\/fr\/#\/schema\/person\/97de4c53b1269600dc2fed829ae3db38\",\"name\":\"zelief\",\"image\":{\"@type\":\"ImageObject\",\"inLanguage\":\"fr-FR\",\"@id\":\"https:\/\/legrandcontinent.eu\/fr\/#\/schema\/person\/image\/\",\"url\":\"https:\/\/secure.gravatar.com\/avatar\/3a59c963eac7257350708fa43658e859?s=96&d=mm&r=g\",\"contentUrl\":\"https:\/\/secure.gravatar.com\/avatar\/3a59c963eac7257350708fa43658e859?s=96&d=mm&r=g\",\"caption\":\"zelief\"}}]}<\/script>\n<!-- \/ Yoast SEO plugin. -->","yoast_head_json":{"title":"Le si\u00e8cle chinois de Donald Trump: en sabotant les \u00c9tats-Unis, la Maison-Blanche renforce la Chine de Xi | Le Grand Continent","robots":{"index":"index","follow":"follow","max-snippet":"max-snippet:-1","max-image-preview":"max-image-preview:large","max-video-preview":"max-video-preview:-1"},"canonical":"https:\/\/legrandcontinent.eu\/fr\/2025\/06\/11\/le-siecle-chinois-de-donald-trump-en-sabotant-les-etats-unis-la-maison-blanche-renforce-la-chine-de-xi\/","og_locale":"fr_FR","og_type":"article","og_title":"Le si\u00e8cle chinois de Donald Trump: en sabotant les \u00c9tats-Unis, la Maison-Blanche renforce la Chine de Xi | Le Grand Continent","og_description":"Par ses actions erratiques, l\u2019administration Trump semble mettre tout en \u0153uvre pour pr\u00e9parer l\u2019av\u00e8nement d\u2019un si\u00e8cle chinois.  En sabotant les piliers m\u00eames qui ont fait la prosp\u00e9rit\u00e9 \u00e9conomique am\u00e9ricaine \u2014 recherche scientifique de pointe, inclusion dans l\u2019\u00e9conomie mondialis\u00e9e, attractivit\u00e9 internationale, \u00c9tat de droit \u2014 les politiques trumpiennes encouragent un essor chinois dont nous avons encore du mal \u00e0 prendre la mesure.  Le travail de Kyle Chan documente ce grand renversement, nous le rencontrons.","og_url":"https:\/\/legrandcontinent.eu\/fr\/2025\/06\/11\/le-siecle-chinois-de-donald-trump-en-sabotant-les-etats-unis-la-maison-blanche-renforce-la-chine-de-xi\/","og_site_name":"Le Grand Continent","article_published_time":"2025-06-11T04:00:00+00:00","article_modified_time":"2025-06-11T14:19:21+00:00","og_image":[{"width":2560,"height":1440,"url":"https:\/\/legrandcontinent.eu\/fr\/wp-content\/uploads\/sites\/2\/2025\/06\/gc-xijinping-scaled.jpg","type":"image\/jpeg"}],"author":"zelief","twitter_card":"summary_large_image","twitter_image":"https:\/\/legrandcontinent.eu\/fr\/wp-content\/uploads\/sites\/2\/2025\/06\/gc-xijinping-scaled.jpg","twitter_misc":{"\u00c9crit par":"zelief","Dur\u00e9e de lecture estim\u00e9e":"22 minutes"},"schema":{"@context":"https:\/\/schema.org","@graph":[{"@type":"WebPage","@id":"https:\/\/legrandcontinent.eu\/fr\/2025\/06\/11\/le-siecle-chinois-de-donald-trump-en-sabotant-les-etats-unis-la-maison-blanche-renforce-la-chine-de-xi\/","url":"https:\/\/legrandcontinent.eu\/fr\/2025\/06\/11\/le-siecle-chinois-de-donald-trump-en-sabotant-les-etats-unis-la-maison-blanche-renforce-la-chine-de-xi\/","name":"Le si\u00e8cle chinois de Donald Trump: en sabotant les \u00c9tats-Unis, la Maison-Blanche renforce la Chine de Xi | Le Grand Continent","isPartOf":{"@id":"https:\/\/legrandcontinent.eu\/fr\/#website"},"primaryImageOfPage":{"@id":"https:\/\/legrandcontinent.eu\/fr\/2025\/06\/11\/le-siecle-chinois-de-donald-trump-en-sabotant-les-etats-unis-la-maison-blanche-renforce-la-chine-de-xi\/#primaryimage"},"image":{"@id":"https:\/\/legrandcontinent.eu\/fr\/2025\/06\/11\/le-siecle-chinois-de-donald-trump-en-sabotant-les-etats-unis-la-maison-blanche-renforce-la-chine-de-xi\/#primaryimage"},"thumbnailUrl":"https:\/\/legrandcontinent.eu\/fr\/wp-content\/uploads\/sites\/2\/2025\/06\/SIPA_01023093_000003-scaled.jpg","datePublished":"2025-06-11T04:00:00+00:00","dateModified":"2025-06-11T14:19:21+00:00","author":{"@id":"https:\/\/legrandcontinent.eu\/fr\/#\/schema\/person\/97de4c53b1269600dc2fed829ae3db38"},"breadcrumb":{"@id":"https:\/\/legrandcontinent.eu\/fr\/2025\/06\/11\/le-siecle-chinois-de-donald-trump-en-sabotant-les-etats-unis-la-maison-blanche-renforce-la-chine-de-xi\/#breadcrumb"},"inLanguage":"fr-FR","potentialAction":[{"@type":"ReadAction","target":["https:\/\/legrandcontinent.eu\/fr\/2025\/06\/11\/le-siecle-chinois-de-donald-trump-en-sabotant-les-etats-unis-la-maison-blanche-renforce-la-chine-de-xi\/"]}]},{"@type":"ImageObject","inLanguage":"fr-FR","@id":"https:\/\/legrandcontinent.eu\/fr\/2025\/06\/11\/le-siecle-chinois-de-donald-trump-en-sabotant-les-etats-unis-la-maison-blanche-renforce-la-chine-de-xi\/#primaryimage","url":"https:\/\/legrandcontinent.eu\/fr\/wp-content\/uploads\/sites\/2\/2025\/06\/SIPA_01023093_000003-scaled.jpg","contentUrl":"https:\/\/legrandcontinent.eu\/fr\/wp-content\/uploads\/sites\/2\/2025\/06\/SIPA_01023093_000003-scaled.jpg","width":2560,"height":1830,"caption":"\u00a9 Xinhua\/Xie Huanchi"},{"@type":"BreadcrumbList","@id":"https:\/\/legrandcontinent.eu\/fr\/2025\/06\/11\/le-siecle-chinois-de-donald-trump-en-sabotant-les-etats-unis-la-maison-blanche-renforce-la-chine-de-xi\/#breadcrumb","itemListElement":[{"@type":"ListItem","position":1,"name":"Accueil","item":"https:\/\/legrandcontinent.eu\/fr\/"},{"@type":"ListItem","position":2,"name":"Le si\u00e8cle chinois de Donald Trump&#160;: en sabotant les \u00c9tats-Unis, la Maison-Blanche renforce la Chine de Xi"}]},{"@type":"WebSite","@id":"https:\/\/legrandcontinent.eu\/fr\/#website","url":"https:\/\/legrandcontinent.eu\/fr\/","name":"Le Grand Continent","description":"L&#039;\u00e9chelle pertinente","potentialAction":[{"@type":"SearchAction","target":{"@type":"EntryPoint","urlTemplate":"https:\/\/legrandcontinent.eu\/fr\/?s={search_term_string}"},"query-input":{"@type":"PropertyValueSpecification","valueRequired":true,"valueName":"search_term_string"}}],"inLanguage":"fr-FR"},{"@type":"Person","@id":"https:\/\/legrandcontinent.eu\/fr\/#\/schema\/person\/97de4c53b1269600dc2fed829ae3db38","name":"zelief","image":{"@type":"ImageObject","inLanguage":"fr-FR","@id":"https:\/\/legrandcontinent.eu\/fr\/#\/schema\/person\/image\/","url":"https:\/\/secure.gravatar.com\/avatar\/3a59c963eac7257350708fa43658e859?s=96&d=mm&r=g","contentUrl":"https:\/\/secure.gravatar.com\/avatar\/3a59c963eac7257350708fa43658e859?s=96&d=mm&r=g","caption":"zelief"}}]}},"lgc_categories":[{"id":3331,"name":"Capitalismes politiques en guerre","slug":"capitalismes-politiques-en-guerre"}],"lgc_author":{"id":2929,"name":"Louis de Catheu","slug":"louis-de-catheu","first_name":null,"last_name":null,"picture":{"url":"https:\/\/legrandcontinent.eu\/fr\/wp-content\/uploads\/sites\/2\/2023\/01\/Louis-de-Catheu.png","width":846,"height":850,"alt":""}},"feature_image_summary":{"url":"https:\/\/legrandcontinent.eu\/fr\/wp-content\/uploads\/sites\/2\/2025\/06\/SIPA_01023093_000003-scaled.jpg","width":2560,"height":1830,"alt":""},"feature_image_cover":{"url":"https:\/\/legrandcontinent.eu\/fr\/wp-content\/uploads\/sites\/2\/2025\/06\/SIPA_01023093_000003-scaled.jpg","width":2560,"height":1830,"alt":""},"term_position_data":null,"_links":{"self":[{"href":"https:\/\/legrandcontinent.eu\/fr\/wp-json\/wp\/v2\/posts\/282714","targetHints":{"allow":["GET"]}}],"collection":[{"href":"https:\/\/legrandcontinent.eu\/fr\/wp-json\/wp\/v2\/posts"}],"about":[{"href":"https:\/\/legrandcontinent.eu\/fr\/wp-json\/wp\/v2\/types\/post"}],"author":[{"embeddable":true,"href":"https:\/\/legrandcontinent.eu\/fr\/wp-json\/wp\/v2\/users\/36974"}],"replies":[{"embeddable":true,"href":"https:\/\/legrandcontinent.eu\/fr\/wp-json\/wp\/v2\/comments?post=282714"}],"version-history":[{"count":0,"href":"https:\/\/legrandcontinent.eu\/fr\/wp-json\/wp\/v2\/posts\/282714\/revisions"}],"wp:featuredmedia":[{"embeddable":true,"href":"https:\/\/legrandcontinent.eu\/fr\/wp-json\/wp\/v2\/media\/282732"}],"wp:attachment":[{"href":"https:\/\/legrandcontinent.eu\/fr\/wp-json\/wp\/v2\/media?parent=282714"}],"wp:term":[{"taxonomy":"category","embeddable":true,"href":"https:\/\/legrandcontinent.eu\/fr\/wp-json\/wp\/v2\/categories?post=282714"},{"taxonomy":"post_tag","embeddable":true,"href":"https:\/\/legrandcontinent.eu\/fr\/wp-json\/wp\/v2\/tags?post=282714"},{"taxonomy":"staff","embeddable":true,"href":"https:\/\/legrandcontinent.eu\/fr\/wp-json\/wp\/v2\/staff?post=282714"},{"taxonomy":"editorial_format","embeddable":true,"href":"https:\/\/legrandcontinent.eu\/fr\/wp-json\/wp\/v2\/editorial_format?post=282714"},{"taxonomy":"serie","embeddable":true,"href":"https:\/\/legrandcontinent.eu\/fr\/wp-json\/wp\/v2\/serie?post=282714"},{"taxonomy":"audience","embeddable":true,"href":"https:\/\/legrandcontinent.eu\/fr\/wp-json\/wp\/v2\/audience?post=282714"},{"taxonomy":"geo","embeddable":true,"href":"https:\/\/legrandcontinent.eu\/fr\/wp-json\/wp\/v2\/geo?post=282714"}],"curies":[{"name":"wp","href":"https:\/\/api.w.org\/{rel}","templated":true}]}}