{"id":281367,"date":"2025-05-31T19:12:58","date_gmt":"2025-05-31T17:12:58","guid":{"rendered":"https:\/\/legrandcontinent.eu\/fr\/?p=281367"},"modified":"2025-05-31T23:29:14","modified_gmt":"2025-05-31T21:29:14","slug":"strategie-tactique-et-geopolitique-de-la-finale-de-la-ligue-des-champions-psg-inter-milan-6-points-pour-se-preparer-au-match","status":"publish","type":"post","link":"https:\/\/legrandcontinent.eu\/fr\/2025\/05\/31\/strategie-tactique-et-geopolitique-de-la-finale-de-la-ligue-des-champions-psg-inter-milan-6-points-pour-se-preparer-au-match\/","title":{"rendered":"La finale de la Ligue des champions PSG-Inter Milan&#160;: strat\u00e9gie, tactique et g\u00e9opolitique"},"content":{"rendered":"\n<h2 class=\"wp-block-heading\">1 \u2014 Inter contre PSG dans la longue dur\u00e9e<\/h2>\n\n\n\n<p>Le PSG dispute ce soir la deuxi\u00e8me finale de Ligue des champions de son histoire \u2014 les Parisiens avaient perdu la premi\u00e8re en 2020 en pleine pand\u00e9mie contre le Bayern \u2014, tandis que l\u2019Inter joue de son c\u00f4t\u00e9 sa septi\u00e8me, apr\u00e8s trois victoires \u2014 en 1964, en 1965 et en 2010, sous la direction d\u2019orchestre de Jos\u00e9 Mourinho \u2014 et une r\u00e9cente d\u00e9faite en 2023 contre Manchester City.<\/p>\n\n\n\n<div class=\"iframe-container wp-block-image wp-block-image-large  iframe-dw\">\n\t<div>\n\t\t<iframe class=\"absolute w-full h-full pin-t pin-l\" title=\"titolo\" aria-label=\"Interactive line chart\" src=\"\/\/datawrapper.dwcdn.net\/MdNr6\" scrolling=\"no\" frameborder=\"0\"><\/iframe>\n\t<\/div>\n<\/div>\n\n\n\n<p>Ces chiffres s&rsquo;expliquent par l\u2019histoire des deux clubs.<\/p>\n\n\n\n<p>Fond\u00e9 en 1908 \u00e0 Milan, le Football Club Internazionale \u2014 commun\u00e9ment appel\u00e9 Inter et \u00e0 ne pas confondre avec son adversaire l\u2019AC Milan \u2014 fait partie des doyens du football italien et europ\u00e9en. N\u00e9e une d\u00e9cennie apr\u00e8s la Juventus de Turin \u2014 l\u2019\u00e9quipe la plus prestigieuse de la p\u00e9ninsule qui a disput\u00e9 9 finales de Ligue des Champions et gagn\u00e9 plus de 36 championnats \u2014, l\u2019Inter a ainsi gagn\u00e9 la plupart de ses finales de Ligue des Champions avant m\u00eame la naissance du PSG.<\/p>\n\n\n\n<p>Le PSG est en effet l\u2019une des plus jeunes \u00e9quipes de haut niveau du football europ\u00e9en. Fond\u00e9e en 1970 pour r\u00e9pondre \u00e0 une anomalie&#160;: une capitale \u00e9conomique et politique de la taille de Paris n&rsquo;avait pas d&rsquo;\u00e9quipe de football capable de rivaliser \u00e0 l\u2019\u00e9chelle nationale et continentale.<\/p>\n\n\n\n<p>Ce n\u2019est toutefois qu\u2019avec le rachat \u00e0 l\u2019\u00e9t\u00e9 2011 par la Qatar Investment Authority que le Paris Saint-Germain change de dimension&#160;: si en une quarantaine d\u2019ann\u00e9es le club n\u2019avait emport\u00e9 que deux Ligues 1 (en 1984\/85 et 1993\/94), depuis 2011 le club parisien a remport\u00e9 11 fois le championnat.<\/p>\n\n\n\n<figure class=\"wp-block-pullquote\"><blockquote><p>L\u2019Inter a gagn\u00e9 la plupart de ses finales de Ligue des Champions avant m\u00eame la naissance du PSG.<\/p><\/blockquote><\/figure>\n\n\n\n<p>Stablement en t\u00eate en France, le PSG reste en qu\u00eate d\u2019un succ\u00e8s international qui lui permettrait d\u2019effectuer pour la premi\u00e8re fois de son histoire un tripl\u00e9, apr\u00e8s avoir remport\u00e9 le titre de Ligue 1 et la Coupe de France le week-end dernier.<\/p>\n\n\n\n<h2 class=\"wp-block-heading\">2 \u2014 Munich et le jeu des sym\u00e9tries structurelles<\/h2>\n\n\n\n<p>Le match de ce soir se d\u00e9roule sur terrain neutre.&nbsp;<\/p>\n\n\n\n<p>C\u2019est la Fu\u00dfball Arena de Munich qui accueille la finale. Cette co\u00efncidence g\u00e9ographique est particuli\u00e8rement frappante. Car la deuxi\u00e8me finale dans l\u2019histoire entre une \u00e9quipe fran\u00e7aise et italienne en Ligue des Champions se d\u00e9roule pour la deuxi\u00e8me fois \u00e0 Munich.&nbsp;<\/p>\n\n\n\n<p>La premi\u00e8re fois o\u00f9 un club fran\u00e7ais a remport\u00e9 la comp\u00e9tition est aussi la seule. L\u2019Olympique de Marseille, club rival de Paris, avait battu l\u2019AC Milan, club ennemi de l&rsquo;Inter, toujours \u00e0 Munich en 1993 (1-0) sur un coup de t\u00eate de Basile Boli.<\/p>\n\n\n\n<p>Le match de ce soir propose donc une structure presque pure&#160;: deux \u00e9quipes adversaires du m\u00eame espace national s\u2019affrontent dans le m\u00eame lieu. Il reste \u00e0 savoir si avec les permutations de l\u2019histoire, un sch\u00e9ma permettra d&rsquo;aboutir \u00e0 la m\u00eame issue.<\/p>\n\n\n\n<h2 class=\"wp-block-heading\">3 \u2014 France contre Italie&#160;: les braises d\u2019une rivalit\u00e9<\/h2>\n\n\n\n<p>Sans revenir \u00e0 2006 et \u00e0 la rivalit\u00e9 entre les deux \u00e9quipes nationales, ce match pourrait r\u00e9activer une rivalit\u00e9 profonde dans le football mondial, dans la semaine qui verra une rencontre tr\u00e8s attendue entre Emmanuel Macron (qui dit \u00eatre un supporter de l\u2019Olympique de Marseille) et Giorgia Meloni (qui semble osciller entre un soutien \u00e0 la Lazio et \u00e0 ses adversaires de la Roma).<\/p>\n\n\n\n<p>Il est \u00e9galement possible que des joueurs fran\u00e7ais et italiens \u00e9voluant respectivement \u00e0 l\u2019Inter et au PSG se r\u00e9v\u00e8lent d\u00e9cisifs pour le club du pays oppos\u00e9.&nbsp;<\/p>\n\n\n\n<p>Avec 47 buts, Marcus Thuram est le deuxi\u00e8me meilleur marqueur de l\u2019Inter cette saison. Le risque du but d\u2019un Fran\u00e7ais de l\u2019Inter contre le PSG est donc particuli\u00e8rement \u00e9lev\u00e9. Ce serait une r\u00e9p\u00e9tition de la finale du PSG, perdue contre le Bayern par un but de Kingsley Coman, par ailleurs ancien joueur parisien.<\/p>\n\n\n\n<p>L\u2019actuel gardien du PSG, Gianluigi Donnarumma est un ancien de l\u2019AC Milan \u2014 l\u2019\u00e9quipe adversaire de l\u2019Inter \u2014, pourrait \u00e9galement jouer un r\u00f4le clef dans la finale.<\/p>\n\n\n\n<figure class=\"wp-block-pullquote\"><blockquote><p>Avec 47 buts, Marcus Thuram est le deuxi\u00e8me meilleur marqueur de l\u2019Inter cette saison. Le risque du but d\u2019un Fran\u00e7ais de l\u2019Inter contre le PSG est donc particuli\u00e8rement \u00e9lev\u00e9.<\/p><\/blockquote><\/figure>\n\n\n\n<p>\u00c0 noter&#160;: depuis la naissance de la Ligue des champions, un quart des finales a vu un club italien perdre. Toutefois le championnat de France n&rsquo;est pas vraiment plus efficace puisque ses clubs ont perdu 86&#160;% de ses finales \u2014 ce qui constitue aussi un record parmi les championnats comptant au moins deux finales.<\/p>\n\n\n\n<h2 class=\"wp-block-heading\">4 \u2014 Tactique d\u2019Inter contre PSG&#160;: la pr\u00e9dominance \u00e0 l&rsquo;attaque ou \u00e0 la d\u00e9fense&#160;?<\/h2>\n\n\n\n<p>L\u2019Inter de Simone Inzaghi est une \u00e9quipe particuli\u00e8rement coriace qui fait de la phase d\u00e9fensive la clef de sa force. Dans les 1 395 minutes de football disput\u00e9es en Ligue des champions cette saison, elle n&rsquo;a \u00e9t\u00e9 men\u00e9e au score que pendant 17 minutes au total.<\/p>\n\n\n\n<p>\u00c0 noter&#160;: son gardien, l\u2019international suisse Yann Sommer, affiche \u00e9galement le meilleur pourcentage d&rsquo;arr\u00eats (81,4&#160;%) parmi les gardiens ayant disput\u00e9 au moins huit matchs en Ligue des champions, et il d\u00e9tient \u00e9galement le record de matchs sans encaisser de but (sept). Il est aussi un gardien sp\u00e9cialiste des s\u00e9ances de tir aux buts \u2014 c\u2019est lui d\u2019ailleurs qui avait arr\u00eat\u00e9 le tir au but de Kylian Mbapp\u00e9 et \u00e9limin\u00e9 ainsi la France de l\u2019Euro 2021&nbsp;<span class='whitespace-nowrap'><span id='easy-footnote-1-281367' class='easy-footnote-margin-adjust'><\/span><span class='easy-footnote'><a href='https:\/\/legrandcontinent.eu\/fr\/2025\/05\/31\/strategie-tactique-et-geopolitique-de-la-finale-de-la-ligue-des-champions-psg-inter-milan-6-points-pour-se-preparer-au-match\/#easy-footnote-bottom-1-281367' title='Kylian Mbapp\u00e9 qui avait quitt\u00e9 le PSG il y a un an notamment pour essayer de gagner la Ligue des Champions avec le Real Madrid regardera le match de ses anciens co\u00e9quipiers derri\u00e8re sa t\u00e9l\u00e9\u2026'><sup>1<\/sup><\/a><\/span><\/span>.<\/p>\n\n\n\n<p>De son c\u00f4t\u00e9, le PSG joue un football plus agressif. L&rsquo;\u00e9quipe de Luis Enrique pratique un <em>juego de posici\u00f3n<\/em> particuli\u00e8rement brillant qui en phase de possession se structure avec trois joueurs en retrait et deux en largeur.&nbsp;<\/p>\n\n\n\n<p>L&rsquo;\u00e9quipe de Luis Enrique affiche une moyenne de 62,2&#160;% de possession dans ses matchs europ\u00e9ens cette saison, soit le quatri\u00e8me meilleur total de la comp\u00e9tition, tandis que seul le Bayern Munich (645) a tent\u00e9 plus de passes par match que le PSG (632). Parmi les \u00e9quipes des cinq meilleurs championnats europ\u00e9ens, seule Barcelone (174) a marqu\u00e9 plus de buts que le PSG (147) toutes comp\u00e9titions confondues.<\/p>\n\n\n\n<p>La clef du match pourrait se situer dans un affrontement structurel&#160;: dans le duel tactique entre le 3-5-2 de l\u2019Inter et la d\u00e9fense \u00e0 trois du PSG, l\u2019enjeu pour les Milanais sera d\u2019emp\u00eacher les Parisiens de convertir leur sup\u00e9riorit\u00e9 num\u00e9rique en une s\u00e9rie d\u2019avantages positionnels dans les zones avanc\u00e9es du terrain&nbsp;<span class='whitespace-nowrap'><span id='easy-footnote-2-281367' class='easy-footnote-margin-adjust'><\/span><span class='easy-footnote'><a href='https:\/\/legrandcontinent.eu\/fr\/2025\/05\/31\/strategie-tactique-et-geopolitique-de-la-finale-de-la-ligue-des-champions-psg-inter-milan-6-points-pour-se-preparer-au-match\/#easy-footnote-bottom-2-281367' title='Fabio Barcellona, \u201cCosa deve fare l&amp;rsquo;Inter contro il PSG\u201d, &lt;a href=&quot;https:\/\/www.ultimouomo.com\/psg-inter-cosa-aspettarsi-finale-champions-league-2025-temi-tattici-analisi&quot;&gt;Ultimo Uomo&lt;\/a&gt;, 9 mai 2025.'><sup>2<\/sup><\/a><\/span><\/span>.<\/p>\n\n\n\n<figure class=\"wp-block-pullquote\"><blockquote><p>Dans les 1 395 minutes de football disput\u00e9es en Ligue des champions cette saison, l\u2019Inter n&rsquo;a \u00e9t\u00e9 men\u00e9e au score que pendant 17 minutes au total.<\/p><\/blockquote><\/figure>\n\n\n\n<h2 class=\"wp-block-heading\">5 \u2014 <em>Soft power<\/em> contre puissance sp\u00e9culative&#160;: g\u00e9o\u00e9conomie du football contemporain&nbsp;<\/h2>\n\n\n\n<p>L\u2019affiche PSG-Inter met aux prises deux mod\u00e8les de propri\u00e9taires oppos\u00e9s.<\/p>\n\n\n\n<p>D\u2019un c\u00f4t\u00e9, un \u00c9tat p\u00e9trolier qui finance le PSG pour le prestige et l\u2019influence, sans exigence de rentabilit\u00e9 financi\u00e8re imm\u00e9diate, car le club lui sert d\u2019outil diplomatique et d\u2019image \u2014 au point qu\u2019on a pu accuser le Qatar de <em>sportswashing<\/em>&nbsp;<span class='whitespace-nowrap'><span id='easy-footnote-3-281367' class='easy-footnote-margin-adjust'><\/span><span class='easy-footnote'><a href='https:\/\/legrandcontinent.eu\/fr\/2025\/05\/31\/strategie-tactique-et-geopolitique-de-la-finale-de-la-ligue-des-champions-psg-inter-milan-6-points-pour-se-preparer-au-match\/#easy-footnote-bottom-3-281367' title='Fruh K, Archer A, Wojtowicz J. Sportswashing&amp;#160;: Complicity and Corruption. Sport, Ethics and Philosophy. 2023 Jan 2;17(1):101-118.'><sup>3<\/sup><\/a><\/span><\/span>. De l\u2019autre, un fonds d\u2019investissement, Oaktree, qui g\u00e8re l\u2019Inter avec une logique de rentabilit\u00e9 \u2014 \u00e0 l\u2019image du fonds Elliott ayant revendu l\u2019AC Milan pour 1,2\u202fmilliard d\u2019euros apr\u00e8s l\u2019avoir redress\u00e9&nbsp;<span class='whitespace-nowrap'><span id='easy-footnote-4-281367' class='easy-footnote-margin-adjust'><\/span><span class='easy-footnote'><a href='https:\/\/legrandcontinent.eu\/fr\/2025\/05\/31\/strategie-tactique-et-geopolitique-de-la-finale-de-la-ligue-des-champions-psg-inter-milan-6-points-pour-se-preparer-au-match\/#easy-footnote-bottom-4-281367' title='\u00ab&amp;#160;&lt;a href=&quot;https:\/\/www.reuters.com\/sports\/soccer\/soccer-oaktree-says-it-has-taken-ownership-inter-milan-after-missed-payment-2024-05-22\/&quot; target=&quot;_blank&quot; rel=&quot;noreferrer noopener&quot;&gt;Oaktree takes over Inter Milan after Chinese owner missed payment&lt;\/a&gt;&amp;#160;\u00bb, &lt;em&gt;Reuters&lt;\/em&gt;, 22 mai 2022.'><sup>4<\/sup><\/a><\/span><\/span>.<\/p>\n\n\n\n<p>Depuis le rachat du PSG en 2011 par Qatar Sports Investments, les propri\u00e9taires qataris ont investi plus de 1,5 milliard d\u2019euros dans les transferts de joueurs, propulsant le budget du club parmi les plus importants d\u2019Europe.<\/p>\n\n\n\n<div class=\"iframe-container wp-block-image wp-block-image-large  iframe-dw\">\n\t<div>\n\t\t<iframe class=\"absolute w-full h-full pin-t pin-l\" title=\"titolo\" aria-label=\"Interactive line chart\" src=\"\/\/datawrapper.dwcdn.net\/VcTVs\" scrolling=\"no\" frameborder=\"0\"><\/iframe>\n\t<\/div>\n<\/div>\n\n\n\n<p>Face \u00e0 la profondeur des capitaux du football contemporain, la S\u00e9rie A italienne \u2014 historiquement port\u00e9es par des capitaines d&rsquo;industries \u00e0 l\u2019image de Silvio Berlusconi ou de la dynastie Agnelli \u2014 a vu progressivement ses clubs passer sous contr\u00f4le d\u2019acteurs internationaux.&nbsp;<\/p>\n\n\n\n<p>Aujourd\u2019hui, plus de la moiti\u00e9 des clubs de Serie A \u2014 dont des grands noms comme l\u2019AC Milan, l\u2019AS Roma, la Fiorentina ou l\u2019Atalanta \u2014 sont d\u00e9tenus par des capitaux \u00e9trangers, principalement nord-am\u00e9ricains. Il y a environ un an, l\u2019Inter est devenue le 14\u1d49 club italien contr\u00f4l\u00e9 par des int\u00e9r\u00eats am\u00e9ricains. Si ces investissements apportent de l\u2019argent frais et une gestion plus structur\u00e9e \u00e0 une Serie A en difficult\u00e9, ils posent aussi la question de l\u2019autonomie et de l\u2019identit\u00e9 des clubs dans la p\u00e9ninsule.<\/p>\n\n\n\n<h2 class=\"wp-block-heading\">6 \u2014 G\u00e9opolitique de l\u2019Inter&#160;: la rivalit\u00e9 sino-am\u00e9ricaine structure le football<\/h2>\n\n\n\n<p>L\u2019histoire r\u00e9cente de l\u2019Inter illustre de mani\u00e8re plastique les grandes tendances de la g\u00e9opolitique mondiale \u00e0 travers le prisme du football.<\/p>\n\n\n\n<p>En 2016, le conglom\u00e9rat chinois Suning rach\u00e8te le club lombard et y injecte des centaines de millions d\u2019euros, avec l\u2019ambition de briser l\u2019h\u00e9g\u00e9monie nationale de la Juventus \u2014 alors championne d\u2019Italie neuf fois d\u2019affil\u00e9e entre 2011 et 2020. Ce mouvement s\u2019inscrit dans une vague plus large d\u2019investissements chinois dans le sport europ\u00e9en, dans un contexte o\u00f9 P\u00e9kin cherche \u00e0 accro\u00eetre son influence globale <em>via<\/em> des leviers non traditionnels, comme le football.<\/p>\n\n\n\n<p>Le contexte politique italien joue \u00e9galement un r\u00f4le d\u00e9terminant dans cette s\u00e9quence.<\/p>\n\n\n\n<p>\u00c0 partir de 2018, Rome conna\u00eet un basculement diplomatique&#160;: le premier gouvernement Conte (coalition entre le Mouvement 5 \u00c9toiles de Beppe Grillo et la Ligue de Matteo Salvini) marque une prise de distance vis-\u00e0-vis des \u00c9tats-Unis. Ce r\u00e9alignement culminera en 2019 avec la signature, par l\u2019Italie \u2014 seule nation du G7 \u00e0 le faire \u2014, du m\u00e9morandum d\u2019adh\u00e9sion aux \u00ab&#160;Nouvelles Routes de la Soie&#160;\u00bb.<\/p>\n\n\n\n<figure class=\"wp-block-pullquote\"><blockquote><p>Aujourd\u2019hui, plus de la moiti\u00e9 des clubs de Serie A \u2014 dont des grands noms comme l\u2019AC Milan, l\u2019AS Roma, la Fiorentina ou l\u2019Atalanta \u2014 sont d\u00e9tenus par des capitaux \u00e9trangers, principalement nord-am\u00e9ricains.<\/p><\/blockquote><\/figure>\n\n\n\n<p>Cette convergence se referme brutalement avec la chute du gouvernement Conte et, surtout, lorsque P\u00e9kin impose, \u00e0 partir de 2020, des restrictions aux investissements \u00e0 l\u2019\u00e9tranger. Suning se retrouve \u00e0 court de liquidit\u00e9s, et l\u2019Inter traverse une grave crise&#160;: avec un d\u00e9ficit de plus de 100 \u202fmillions d\u2019euros, des retards dans le versement des salaires et une impossibilit\u00e9 d\u2019injecter de nouveaux fonds.<\/p>\n\n\n\n<p>En 2021, le fonds am\u00e9ricain Oaktree accorde un pr\u00eat de 275\u202f millions d&rsquo;euros aux propri\u00e9taires chinois, avec les actions du club en garantie. Faute de remboursement, Oaktree prend le contr\u00f4le de l\u2019Inter en mai 2024.&nbsp;<\/p>\n\n\n\n<p>En quelques ann\u00e9es, un fleuron italien est pass\u00e9 de la superpuissance chinoise \u00e0 un fonds de Wall Street \u2014 <a href=\"https:\/\/legrandcontinent.eu\/fr\/2023\/07\/09\/le-casse-tete-chinois-de-meloni-enquete-au-coeur-de-litalie-des-nouvelles-routes-de-la-soie\/\">le gouvernement Meloni sortant des Routes de la Soie en 2023<\/a> \u2014, au gr\u00e9 des rapports de force mondiaux.<\/p>\n\n\n\n<h2 class=\"wp-block-heading\">7 \u2014 L\u2019\u00e9chelle plan\u00e9taire d\u2019une finale de Champions League<\/h2>\n\n\n\n<p>La finale de la Ligue des champions est l\u2019un des \u00e9v\u00e9nements sportifs annuels les plus suivis \u00e0 l\u2019\u00e9chelle mondiale.&nbsp;Seul le <em>superbowl<\/em> am\u00e9ricain peut rivaliser avec ces audiences \u2014 mais il n&rsquo;est regard\u00e9 pratiquement que dans un seul pays.<\/p>\n\n\n\n<p>Pour l\u2019\u00e9dition 2025, l\u2019audience t\u00e9l\u00e9vis\u00e9e mondiale devrait atteindre plus d&rsquo;une centaine de millions de t\u00e9l\u00e9spectateurs.<\/p>\n\n\n\n<p>En 2024, la finale avait rassembl\u00e9 environ 145 millions de personnes en direct selon l\u2019UEFA&nbsp;<span class='whitespace-nowrap'><span id='easy-footnote-5-281367' class='easy-footnote-margin-adjust'><\/span><span class='easy-footnote'><a href='https:\/\/legrandcontinent.eu\/fr\/2025\/05\/31\/strategie-tactique-et-geopolitique-de-la-finale-de-la-ligue-des-champions-psg-inter-milan-6-points-pour-se-preparer-au-match\/#easy-footnote-bottom-5-281367' title='Ce chiffre comprend les personnes qui regardent les retransmissions \u00e0 domicile, sur des plateformes de streaming en direct, ainsi que les fans qui suivent les matchs dans des lieux publics tels que les bars, les restaurants et les fan zones.'><sup>5<\/sup><\/a><\/span><\/span>.<\/p>\n\n\n\n<p>Il s\u2019agit d\u2019une augmentation significative par rapport aux derni\u00e8res ann\u00e9es&#160;: entre 2016 et 2021, l\u2019audience a fluctu\u00e9 entre 49 millions et 106 millions, avec des chiffres de 88 millions (2016), 106 millions (2017), 59 millions (2018), 79 millions (2019) et 49 millions (2021) respectivement.<\/p>\n\n\n\n<p>Elle sera diffus\u00e9e dans la plupart des pays du monde et le principal diffuseur en Afrique du Nord et au Moyen-Orient sera beIN sport, propri\u00e9t\u00e9 du Qatar.<\/p>\n\n\n\n<h2 class=\"wp-block-heading\">8 \u2014 L&rsquo;exposition plan\u00e9taire de la marque Qatar&nbsp;<\/h2>\n\n\n\n<p>La finale sera une vitrine in\u00e9dite pour la \u00ab&#160;marque Qatar&#160;\u00bb avec un effet d\u00e9multiplicateur pour ce petit pays de 2,6 millions d\u2019habitants.<\/p>\n\n\n\n<p>Le PSG arbore sur son maillot le logo de Qatar Airways, la compagnie nationale qatarie, devenue sponsor principal du club en 2022 et puissant instrument de <em>soft power<\/em> de Doha.<\/p>\n\n\n\n<p>D\u2019autre part la cha\u00eene beIN Sports retransmettra l\u2019\u00e9v\u00e9nement au Moyen-Orient, en Afrique du Nord et en Asie du Sud-Est, assurant au Qatar une visibilit\u00e9 maximale.<\/p>\n\n\n\n<p>Dans un contexte r\u00e9gional marqu\u00e9 par une comp\u00e9tition avec les \u00c9mirats arabes unis et l\u2019Arabie saoudite, le Qatar consolide ainsi sa stature de puissance d\u2019influence par le sport, un levier strat\u00e9gique dans sa diplomatie post-blocus.<\/p>\n\n\n\n<h2 class=\"wp-block-heading\">9 \u2014 PSG contre Inter&#160;: qui a le plus de supporters&#160;?<\/h2>\n\n\n\n<p>Le PSG se distingue comme l\u2019un des clubs les plus suivis au monde sur les r\u00e9seaux sociaux, avec 173,5 millions d\u2019abonn\u00e9s au total.<\/p>\n\n\n\n<p>Il est notamment port\u00e9 par sa forte pr\u00e9sence sur Instagram (63,7 millions) et TikTok (42,7 millions), reflet de sa strat\u00e9gie ax\u00e9e sur une image globale et jeune, renforc\u00e9e par les stars pass\u00e9es comme Messi, Neymar ou Mbapp\u00e9.<\/p>\n\n\n\n<div class=\"iframe-container wp-block-image wp-block-image-large  iframe-dw\">\n\t<div>\n\t\t<iframe class=\"absolute w-full h-full pin-t pin-l\" title=\"titolo\" aria-label=\"Interactive line chart\" src=\"\/\/datawrapper.dwcdn.net\/Q7HnY\/\" scrolling=\"no\" frameborder=\"0\"><\/iframe>\n\t<\/div>\n<\/div>\n\n\n\n<p>\u00c0 l\u2019inverse, l\u2019Inter Milan, malgr\u00e9 sa longue histoire, affiche une pr\u00e9sence beaucoup plus modeste avec 64,7 millions d\u2019abonn\u00e9s, ce qui lui vaut la 13e place.<\/p>\n\n\n\n<p>Son audience est principalement concentr\u00e9e sur Facebook (33 millions d&rsquo;abonn\u00e9s) et est nettement inf\u00e9rieure sur les autres r\u00e9seaux sociaux, ce qui souligne un rayonnement num\u00e9rique plus limit\u00e9. Cela refl\u00e8te \u00e0 la fois des choix de communication diff\u00e9rents et un rayonnement moindre de l&rsquo;\u00e9quipe hors d\u2019Italie ces derni\u00e8res ann\u00e9es.<\/p>\n","protected":false},"excerpt":{"rendered":"<p>Le Paris Saint-Germain a remport\u00e9 une victoire \u00e9crasante 5-0 contre l&rsquo;Inter de Milan \u00e0 Munich.<\/p>\n<p>Anecdotes, signaux faibles, tendances lourdes \u2014 nous avons r\u00e9uni neuf points cl\u00e9s pour comprendre le contexte de cette finale historique.<\/p>\n","protected":false},"author":10,"featured_media":281427,"comment_status":"closed","ping_status":"closed","sticky":false,"template":"templates\/post-studies.php","format":"standard","meta":{"_acf_changed":true,"_trash_the_other_posts":false,"_yoast_wpseo_estimated-reading-time-minutes":11,"footnotes":""},"categories":[2188],"tags":[],"staff":[1780],"editorial_format":[],"serie":[],"audience":[],"geo":[1917],"class_list":["post-281367","post","type-post","status-publish","format-standard","hentry","category-sport","staff-le-grand-continent","geo-europe"],"acf":{"open_in_webview":false,"accent":false,"_thumbnail_id":281427,"excerpt":"Le Paris Saint-Germain a remport\u00e9 une victoire \u00e9crasante 5-0 contre l'Inter de Milan \u00e0 Munich.\r\n\r\nAnecdotes, signaux faibles, tendances lourdes \u2014 nous avons r\u00e9uni neuf points cl\u00e9s pour comprendre le contexte de cette finale historique.","display_date":"","new_abstract":true},"yoast_head":"<!-- This site is optimized with the Yoast SEO plugin v26.1.1 - https:\/\/yoast.com\/wordpress\/plugins\/seo\/ -->\n<title>La finale de la Ligue des champions PSG-Inter Milan : strat\u00e9gie, tactique et g\u00e9opolitique | Le Grand Continent<\/title>\n<meta name=\"robots\" content=\"index, follow, max-snippet:-1, max-image-preview:large, max-video-preview:-1\" \/>\n<link rel=\"canonical\" href=\"https:\/\/legrandcontinent.eu\/fr\/2025\/05\/31\/strategie-tactique-et-geopolitique-de-la-finale-de-la-ligue-des-champions-psg-inter-milan-6-points-pour-se-preparer-au-match\/\" \/>\n<meta property=\"og:locale\" content=\"fr_FR\" \/>\n<meta property=\"og:type\" content=\"article\" \/>\n<meta property=\"og:title\" content=\"La finale de la Ligue des champions PSG-Inter Milan : strat\u00e9gie, tactique et g\u00e9opolitique | Le Grand Continent\" \/>\n<meta property=\"og:description\" content=\"Le Paris Saint-Germain a remport\u00e9 une victoire \u00e9crasante 5-0 contre l&#039;Inter de Milan \u00e0 Munich.  Anecdotes, signaux faibles, tendances lourdes \u2014 nous avons r\u00e9uni neuf points cl\u00e9s pour comprendre le contexte de cette finale historique.\" \/>\n<meta property=\"og:url\" content=\"https:\/\/legrandcontinent.eu\/fr\/2025\/05\/31\/strategie-tactique-et-geopolitique-de-la-finale-de-la-ligue-des-champions-psg-inter-milan-6-points-pour-se-preparer-au-match\/\" \/>\n<meta property=\"og:site_name\" content=\"Le Grand Continent\" \/>\n<meta property=\"article:published_time\" content=\"2025-05-31T17:12:58+00:00\" \/>\n<meta property=\"article:modified_time\" content=\"2025-05-31T21:29:14+00:00\" \/>\n<meta property=\"og:image\" content=\"https:\/\/legrandcontinent.eu\/fr\/wp-content\/uploads\/sites\/2\/2025\/05\/gc-eufa-scaled.jpg\" \/>\n\t<meta property=\"og:image:width\" content=\"2560\" \/>\n\t<meta property=\"og:image:height\" content=\"1440\" \/>\n\t<meta property=\"og:image:type\" content=\"image\/jpeg\" \/>\n<meta name=\"author\" content=\"Matheo Malik\" \/>\n<meta name=\"twitter:card\" content=\"summary_large_image\" \/>\n<meta name=\"twitter:image\" content=\"https:\/\/legrandcontinent.eu\/fr\/wp-content\/uploads\/sites\/2\/2025\/05\/gc-eufa-scaled.jpg\" \/>\n<meta name=\"twitter:label1\" content=\"\u00c9crit par\" \/>\n\t<meta name=\"twitter:data1\" content=\"Matheo Malik\" \/>\n\t<meta name=\"twitter:label2\" content=\"Dur\u00e9e de lecture estim\u00e9e\" \/>\n\t<meta name=\"twitter:data2\" content=\"11 minutes\" \/>\n<script type=\"application\/ld+json\" class=\"yoast-schema-graph\">{\"@context\":\"https:\/\/schema.org\",\"@graph\":[{\"@type\":\"WebPage\",\"@id\":\"https:\/\/legrandcontinent.eu\/fr\/2025\/05\/31\/strategie-tactique-et-geopolitique-de-la-finale-de-la-ligue-des-champions-psg-inter-milan-6-points-pour-se-preparer-au-match\/\",\"url\":\"https:\/\/legrandcontinent.eu\/fr\/2025\/05\/31\/strategie-tactique-et-geopolitique-de-la-finale-de-la-ligue-des-champions-psg-inter-milan-6-points-pour-se-preparer-au-match\/\",\"name\":\"La finale de la Ligue des champions PSG-Inter Milan : strat\u00e9gie, tactique et g\u00e9opolitique | Le Grand Continent\",\"isPartOf\":{\"@id\":\"https:\/\/legrandcontinent.eu\/fr\/#website\"},\"primaryImageOfPage\":{\"@id\":\"https:\/\/legrandcontinent.eu\/fr\/2025\/05\/31\/strategie-tactique-et-geopolitique-de-la-finale-de-la-ligue-des-champions-psg-inter-milan-6-points-pour-se-preparer-au-match\/#primaryimage\"},\"image\":{\"@id\":\"https:\/\/legrandcontinent.eu\/fr\/2025\/05\/31\/strategie-tactique-et-geopolitique-de-la-finale-de-la-ligue-des-champions-psg-inter-milan-6-points-pour-se-preparer-au-match\/#primaryimage\"},\"thumbnailUrl\":\"https:\/\/legrandcontinent.eu\/fr\/wp-content\/uploads\/sites\/2\/2025\/05\/SIPA_ap22961425_000475-scaled.jpg\",\"datePublished\":\"2025-05-31T17:12:58+00:00\",\"dateModified\":\"2025-05-31T21:29:14+00:00\",\"author\":{\"@id\":\"https:\/\/legrandcontinent.eu\/fr\/#\/schema\/person\/a1c2123a1ef5abd663fcde8f63063d45\"},\"breadcrumb\":{\"@id\":\"https:\/\/legrandcontinent.eu\/fr\/2025\/05\/31\/strategie-tactique-et-geopolitique-de-la-finale-de-la-ligue-des-champions-psg-inter-milan-6-points-pour-se-preparer-au-match\/#breadcrumb\"},\"inLanguage\":\"fr-FR\",\"potentialAction\":[{\"@type\":\"ReadAction\",\"target\":[\"https:\/\/legrandcontinent.eu\/fr\/2025\/05\/31\/strategie-tactique-et-geopolitique-de-la-finale-de-la-ligue-des-champions-psg-inter-milan-6-points-pour-se-preparer-au-match\/\"]}]},{\"@type\":\"ImageObject\",\"inLanguage\":\"fr-FR\",\"@id\":\"https:\/\/legrandcontinent.eu\/fr\/2025\/05\/31\/strategie-tactique-et-geopolitique-de-la-finale-de-la-ligue-des-champions-psg-inter-milan-6-points-pour-se-preparer-au-match\/#primaryimage\",\"url\":\"https:\/\/legrandcontinent.eu\/fr\/wp-content\/uploads\/sites\/2\/2025\/05\/SIPA_ap22961425_000475-scaled.jpg\",\"contentUrl\":\"https:\/\/legrandcontinent.eu\/fr\/wp-content\/uploads\/sites\/2\/2025\/05\/SIPA_ap22961425_000475-scaled.jpg\",\"width\":2560,\"height\":1707,\"caption\":\"L'entra\u00eeneur du PSG, Luis Enrique, brandit le troph\u00e9e alors qu'il c\u00e9l\u00e8bre avec ses joueurs apr\u00e8s avoir remport\u00e9 la finale de la Ligue des champions de football entre le Paris Saint-Germain et l'Inter Milan \u00e0 l'Allianz Arena de Munich, en Allemagne, le samedi 31 mai 2025. (AP Photo\/Martin Meissner)\"},{\"@type\":\"BreadcrumbList\",\"@id\":\"https:\/\/legrandcontinent.eu\/fr\/2025\/05\/31\/strategie-tactique-et-geopolitique-de-la-finale-de-la-ligue-des-champions-psg-inter-milan-6-points-pour-se-preparer-au-match\/#breadcrumb\",\"itemListElement\":[{\"@type\":\"ListItem\",\"position\":1,\"name\":\"Accueil\",\"item\":\"https:\/\/legrandcontinent.eu\/fr\/\"},{\"@type\":\"ListItem\",\"position\":2,\"name\":\"La finale de la Ligue des champions PSG-Inter Milan&#160;: strat\u00e9gie, tactique et g\u00e9opolitique\"}]},{\"@type\":\"WebSite\",\"@id\":\"https:\/\/legrandcontinent.eu\/fr\/#website\",\"url\":\"https:\/\/legrandcontinent.eu\/fr\/\",\"name\":\"Le Grand Continent\",\"description\":\"L&#039;\u00e9chelle pertinente\",\"potentialAction\":[{\"@type\":\"SearchAction\",\"target\":{\"@type\":\"EntryPoint\",\"urlTemplate\":\"https:\/\/legrandcontinent.eu\/fr\/?s={search_term_string}\"},\"query-input\":{\"@type\":\"PropertyValueSpecification\",\"valueRequired\":true,\"valueName\":\"search_term_string\"}}],\"inLanguage\":\"fr-FR\"},{\"@type\":\"Person\",\"@id\":\"https:\/\/legrandcontinent.eu\/fr\/#\/schema\/person\/a1c2123a1ef5abd663fcde8f63063d45\",\"name\":\"Matheo Malik\",\"image\":{\"@type\":\"ImageObject\",\"inLanguage\":\"fr-FR\",\"@id\":\"https:\/\/legrandcontinent.eu\/fr\/#\/schema\/person\/image\/\",\"url\":\"https:\/\/secure.gravatar.com\/avatar\/62cbadb9f7f0804282928747d8d2051d?s=96&d=mm&r=g\",\"contentUrl\":\"https:\/\/secure.gravatar.com\/avatar\/62cbadb9f7f0804282928747d8d2051d?s=96&d=mm&r=g\",\"caption\":\"Matheo Malik\"}}]}<\/script>\n<!-- \/ Yoast SEO plugin. -->","yoast_head_json":{"title":"La finale de la Ligue des champions PSG-Inter Milan : strat\u00e9gie, tactique et g\u00e9opolitique | Le Grand Continent","robots":{"index":"index","follow":"follow","max-snippet":"max-snippet:-1","max-image-preview":"max-image-preview:large","max-video-preview":"max-video-preview:-1"},"canonical":"https:\/\/legrandcontinent.eu\/fr\/2025\/05\/31\/strategie-tactique-et-geopolitique-de-la-finale-de-la-ligue-des-champions-psg-inter-milan-6-points-pour-se-preparer-au-match\/","og_locale":"fr_FR","og_type":"article","og_title":"La finale de la Ligue des champions PSG-Inter Milan : strat\u00e9gie, tactique et g\u00e9opolitique | Le Grand Continent","og_description":"Le Paris Saint-Germain a remport\u00e9 une victoire \u00e9crasante 5-0 contre l'Inter de Milan \u00e0 Munich.  Anecdotes, signaux faibles, tendances lourdes \u2014 nous avons r\u00e9uni neuf points cl\u00e9s pour comprendre le contexte de cette finale historique.","og_url":"https:\/\/legrandcontinent.eu\/fr\/2025\/05\/31\/strategie-tactique-et-geopolitique-de-la-finale-de-la-ligue-des-champions-psg-inter-milan-6-points-pour-se-preparer-au-match\/","og_site_name":"Le Grand Continent","article_published_time":"2025-05-31T17:12:58+00:00","article_modified_time":"2025-05-31T21:29:14+00:00","og_image":[{"width":2560,"height":1440,"url":"https:\/\/legrandcontinent.eu\/fr\/wp-content\/uploads\/sites\/2\/2025\/05\/gc-eufa-scaled.jpg","type":"image\/jpeg"}],"author":"Matheo Malik","twitter_card":"summary_large_image","twitter_image":"https:\/\/legrandcontinent.eu\/fr\/wp-content\/uploads\/sites\/2\/2025\/05\/gc-eufa-scaled.jpg","twitter_misc":{"\u00c9crit par":"Matheo Malik","Dur\u00e9e de lecture estim\u00e9e":"11 minutes"},"schema":{"@context":"https:\/\/schema.org","@graph":[{"@type":"WebPage","@id":"https:\/\/legrandcontinent.eu\/fr\/2025\/05\/31\/strategie-tactique-et-geopolitique-de-la-finale-de-la-ligue-des-champions-psg-inter-milan-6-points-pour-se-preparer-au-match\/","url":"https:\/\/legrandcontinent.eu\/fr\/2025\/05\/31\/strategie-tactique-et-geopolitique-de-la-finale-de-la-ligue-des-champions-psg-inter-milan-6-points-pour-se-preparer-au-match\/","name":"La finale de la Ligue des champions PSG-Inter Milan : strat\u00e9gie, tactique et g\u00e9opolitique | Le Grand Continent","isPartOf":{"@id":"https:\/\/legrandcontinent.eu\/fr\/#website"},"primaryImageOfPage":{"@id":"https:\/\/legrandcontinent.eu\/fr\/2025\/05\/31\/strategie-tactique-et-geopolitique-de-la-finale-de-la-ligue-des-champions-psg-inter-milan-6-points-pour-se-preparer-au-match\/#primaryimage"},"image":{"@id":"https:\/\/legrandcontinent.eu\/fr\/2025\/05\/31\/strategie-tactique-et-geopolitique-de-la-finale-de-la-ligue-des-champions-psg-inter-milan-6-points-pour-se-preparer-au-match\/#primaryimage"},"thumbnailUrl":"https:\/\/legrandcontinent.eu\/fr\/wp-content\/uploads\/sites\/2\/2025\/05\/SIPA_ap22961425_000475-scaled.jpg","datePublished":"2025-05-31T17:12:58+00:00","dateModified":"2025-05-31T21:29:14+00:00","author":{"@id":"https:\/\/legrandcontinent.eu\/fr\/#\/schema\/person\/a1c2123a1ef5abd663fcde8f63063d45"},"breadcrumb":{"@id":"https:\/\/legrandcontinent.eu\/fr\/2025\/05\/31\/strategie-tactique-et-geopolitique-de-la-finale-de-la-ligue-des-champions-psg-inter-milan-6-points-pour-se-preparer-au-match\/#breadcrumb"},"inLanguage":"fr-FR","potentialAction":[{"@type":"ReadAction","target":["https:\/\/legrandcontinent.eu\/fr\/2025\/05\/31\/strategie-tactique-et-geopolitique-de-la-finale-de-la-ligue-des-champions-psg-inter-milan-6-points-pour-se-preparer-au-match\/"]}]},{"@type":"ImageObject","inLanguage":"fr-FR","@id":"https:\/\/legrandcontinent.eu\/fr\/2025\/05\/31\/strategie-tactique-et-geopolitique-de-la-finale-de-la-ligue-des-champions-psg-inter-milan-6-points-pour-se-preparer-au-match\/#primaryimage","url":"https:\/\/legrandcontinent.eu\/fr\/wp-content\/uploads\/sites\/2\/2025\/05\/SIPA_ap22961425_000475-scaled.jpg","contentUrl":"https:\/\/legrandcontinent.eu\/fr\/wp-content\/uploads\/sites\/2\/2025\/05\/SIPA_ap22961425_000475-scaled.jpg","width":2560,"height":1707,"caption":"L'entra\u00eeneur du PSG, Luis Enrique, brandit le troph\u00e9e alors qu'il c\u00e9l\u00e8bre avec ses joueurs apr\u00e8s avoir remport\u00e9 la finale de la Ligue des champions de football entre le Paris Saint-Germain et l'Inter Milan \u00e0 l'Allianz Arena de Munich, en Allemagne, le samedi 31 mai 2025. (AP Photo\/Martin Meissner)"},{"@type":"BreadcrumbList","@id":"https:\/\/legrandcontinent.eu\/fr\/2025\/05\/31\/strategie-tactique-et-geopolitique-de-la-finale-de-la-ligue-des-champions-psg-inter-milan-6-points-pour-se-preparer-au-match\/#breadcrumb","itemListElement":[{"@type":"ListItem","position":1,"name":"Accueil","item":"https:\/\/legrandcontinent.eu\/fr\/"},{"@type":"ListItem","position":2,"name":"La finale de la Ligue des champions PSG-Inter Milan&#160;: strat\u00e9gie, tactique et g\u00e9opolitique"}]},{"@type":"WebSite","@id":"https:\/\/legrandcontinent.eu\/fr\/#website","url":"https:\/\/legrandcontinent.eu\/fr\/","name":"Le Grand Continent","description":"L&#039;\u00e9chelle pertinente","potentialAction":[{"@type":"SearchAction","target":{"@type":"EntryPoint","urlTemplate":"https:\/\/legrandcontinent.eu\/fr\/?s={search_term_string}"},"query-input":{"@type":"PropertyValueSpecification","valueRequired":true,"valueName":"search_term_string"}}],"inLanguage":"fr-FR"},{"@type":"Person","@id":"https:\/\/legrandcontinent.eu\/fr\/#\/schema\/person\/a1c2123a1ef5abd663fcde8f63063d45","name":"Matheo Malik","image":{"@type":"ImageObject","inLanguage":"fr-FR","@id":"https:\/\/legrandcontinent.eu\/fr\/#\/schema\/person\/image\/","url":"https:\/\/secure.gravatar.com\/avatar\/62cbadb9f7f0804282928747d8d2051d?s=96&d=mm&r=g","contentUrl":"https:\/\/secure.gravatar.com\/avatar\/62cbadb9f7f0804282928747d8d2051d?s=96&d=mm&r=g","caption":"Matheo Malik"}}]}},"lgc_categories":[{"id":2188,"name":"Sport","slug":"sport"}],"lgc_author":{"id":1780,"name":"Le Grand Continent","slug":"le-grand-continent","description":null,"first_name":null,"last_name":null,"picture":null},"feature_image_summary":{"url":"https:\/\/legrandcontinent.eu\/fr\/wp-content\/uploads\/sites\/2\/2025\/05\/SIPA_ap22961425_000475-scaled.jpg","width":2560,"height":1707,"alt":""},"feature_image_cover":{"url":"https:\/\/legrandcontinent.eu\/fr\/wp-content\/uploads\/sites\/2\/2025\/05\/SIPA_ap22961425_000475-scaled.jpg","width":2560,"height":1707,"alt":""},"term_position_data":null,"_links":{"self":[{"href":"https:\/\/legrandcontinent.eu\/fr\/wp-json\/wp\/v2\/posts\/281367","targetHints":{"allow":["GET"]}}],"collection":[{"href":"https:\/\/legrandcontinent.eu\/fr\/wp-json\/wp\/v2\/posts"}],"about":[{"href":"https:\/\/legrandcontinent.eu\/fr\/wp-json\/wp\/v2\/types\/post"}],"author":[{"embeddable":true,"href":"https:\/\/legrandcontinent.eu\/fr\/wp-json\/wp\/v2\/users\/10"}],"replies":[{"embeddable":true,"href":"https:\/\/legrandcontinent.eu\/fr\/wp-json\/wp\/v2\/comments?post=281367"}],"version-history":[{"count":0,"href":"https:\/\/legrandcontinent.eu\/fr\/wp-json\/wp\/v2\/posts\/281367\/revisions"}],"wp:featuredmedia":[{"embeddable":true,"href":"https:\/\/legrandcontinent.eu\/fr\/wp-json\/wp\/v2\/media\/281427"}],"wp:attachment":[{"href":"https:\/\/legrandcontinent.eu\/fr\/wp-json\/wp\/v2\/media?parent=281367"}],"wp:term":[{"taxonomy":"category","embeddable":true,"href":"https:\/\/legrandcontinent.eu\/fr\/wp-json\/wp\/v2\/categories?post=281367"},{"taxonomy":"post_tag","embeddable":true,"href":"https:\/\/legrandcontinent.eu\/fr\/wp-json\/wp\/v2\/tags?post=281367"},{"taxonomy":"staff","embeddable":true,"href":"https:\/\/legrandcontinent.eu\/fr\/wp-json\/wp\/v2\/staff?post=281367"},{"taxonomy":"editorial_format","embeddable":true,"href":"https:\/\/legrandcontinent.eu\/fr\/wp-json\/wp\/v2\/editorial_format?post=281367"},{"taxonomy":"serie","embeddable":true,"href":"https:\/\/legrandcontinent.eu\/fr\/wp-json\/wp\/v2\/serie?post=281367"},{"taxonomy":"audience","embeddable":true,"href":"https:\/\/legrandcontinent.eu\/fr\/wp-json\/wp\/v2\/audience?post=281367"},{"taxonomy":"geo","embeddable":true,"href":"https:\/\/legrandcontinent.eu\/fr\/wp-json\/wp\/v2\/geo?post=281367"}],"curies":[{"name":"wp","href":"https:\/\/api.w.org\/{rel}","templated":true}]}}