{"id":281348,"date":"2025-06-01T07:00:00","date_gmt":"2025-06-01T05:00:00","guid":{"rendered":"https:\/\/legrandcontinent.eu\/fr\/?p=281348"},"modified":"2025-06-01T21:17:52","modified_gmt":"2025-06-01T19:17:52","slug":"lextreme-droite-remportera-t-elle-le-scrutin-presidentiel-en-pologne","status":"publish","type":"post","link":"https:\/\/legrandcontinent.eu\/fr\/2025\/06\/01\/lextreme-droite-remportera-t-elle-le-scrutin-presidentiel-en-pologne\/","title":{"rendered":"L&rsquo;extr\u00eame-droite remportera-t-elle le scrutin pr\u00e9sidentiel en Pologne&#160;?"},"content":{"rendered":"\n<p><em>Selon les premiers sondages de sortie des urnes (<a href=\"https:\/\/legrandcontinent.eu\/fr\/2025\/06\/01\/exit-poll-en-pologne-le-liberal-rafal-trzaskowski-donne-gagnant-dans-un-sondage-de-sortie-des-urnes-mais-dans-la-marge-derreur\/\">exit poll<\/a>), le lib\u00e9ral Rafa\u0142 Trzaskowski est l\u00e9g\u00e8rement en t\u00eate \u2014 pour suivre notre analyse \u00e0 chaud <a href=\"https:\/\/legrandcontinent.eu\/fr\/2025\/06\/01\/exit-poll-en-pologne-le-liberal-rafal-trzaskowski-donne-gagnant-dans-un-sondage-de-sortie-des-urnes-mais-dans-la-marge-derreur\/\" target=\"_blank\" rel=\"noreferrer noopener\">cliquez ici<\/a><\/em><\/p>\n\n\n\n<p>Le <a href=\"https:\/\/legrandcontinent.eu\/fr\/2025\/05\/19\/pologne-le-second-tour-opposera-trzaskowski-ko-a-nawrocki-pis-selon-les-resultats-definitifs\/\">premier tour<\/a> du 18 mai dernier a plac\u00e9 en t\u00eate Rafa\u0142 Trzaskowski, maire lib\u00e9ral de Varsovie et membre de la Coalition civique du Premier ministre Tusk, avec 31,4&#160;% des voix. Il affrontera aujourd\u2019hui, 1er juin, Karol Nawrocki, le candidat du parti national-conservateur Droit et justice (PiS), qui a obtenu 29,5&#160;% des voix au premier tour.&nbsp;<\/p>\n\n\n\n<div class=\"iframe-container wp-block-image wp-block-image-medium  iframe-dw\">\n\t<div>\n\t\t<iframe class=\"absolute w-full h-full pin-t pin-l\" title=\"titolo\" aria-label=\"Interactive line chart\" src=\"\/\/datawrapper.dwcdn.net\/Hlg4k\" scrolling=\"no\" frameborder=\"0\"><\/iframe>\n\t<\/div>\n<\/div>\n\n\n\n<ul class=\"wp-block-list\">\n<li>Trzaskowski a fait toute la campagne en t\u00eate, mais le r\u00e9sultat du premier tour a montr\u00e9 combien Nawrocki a creus\u00e9 l\u2019\u00e9cart.&nbsp;<\/li>\n\n\n\n<li>Les sondages pour le second tour donnaient toujours Trzaskowski gagnant jusqu\u2019\u00e0 la mi-mai. Un total de 25 sondages a \u00e9t\u00e9 recens\u00e9 depuis le premier tour&#160;: 17 donnaient Trzaskowski gagnant, 7 consacraient Nawrocki et 1 les mettait \u00e0 \u00e9galit\u00e9. L\u2019\u00e9cart maximal entre les deux candidats \u00e9tait de 2,5 points&#160;; la grande majorit\u00e9 des sondages tablaient plut\u00f4t sur un \u00e9cart inf\u00e9rieur ou \u00e9gal \u00e0 1 point.<\/li>\n\n\n\n<li>Vendredi, \u00e0 la date de la cl\u00f4ture de la campagne, l\u2019agr\u00e9gateur de sondages eWybory.eu donnait Nawrocki gagnant avec 50,1&#160;% des voix&nbsp;<span class='whitespace-nowrap'><span id='easy-footnote-1-281348' class='easy-footnote-margin-adjust'><\/span><span class='easy-footnote'><a href='https:\/\/legrandcontinent.eu\/fr\/2025\/06\/01\/lextreme-droite-remportera-t-elle-le-scrutin-presidentiel-en-pologne\/#easy-footnote-bottom-1-281348' title='&lt;a href=&quot;https:\/\/ewybory.eu\/wybory-prezydenckie-2025-polska\/sondaze-prezydenckie\/&quot;&gt;&lt;\/a&gt;&lt;a href=&quot;https:\/\/ewybory.eu\/wybory-prezydenckie-2025-polska\/sondaze-prezydenckie\/&quot;&gt;Sonda\u017ce prezydenckie, eWboryEU&lt;\/a&gt;.'><sup>1<\/sup><\/a><\/span><\/span>, tandis que le politologue Ben Stanley tablait sur une victoire de Trzaskowski avec 50,6&#160;% des voix&nbsp;<span class='whitespace-nowrap'><span id='easy-footnote-2-281348' class='easy-footnote-margin-adjust'><\/span><span class='easy-footnote'><a href='https:\/\/legrandcontinent.eu\/fr\/2025\/06\/01\/lextreme-droite-remportera-t-elle-le-scrutin-presidentiel-en-pologne\/#easy-footnote-bottom-2-281348' title='&lt;a href=&quot;https:\/\/bsky.app\/profile\/benstanley.eu\/post\/3lqga4tkb4k24&quot;&gt;Ben Stanley, post sur Bluesky&lt;\/a&gt;.'><sup>2<\/sup><\/a><\/span><\/span>.<\/li>\n<\/ul>\n\n\n\n<div class=\"iframe-container wp-block-image wp-block-image-medium  iframe-dw\">\n\t<div>\n\t\t<iframe class=\"absolute w-full h-full pin-t pin-l\" title=\"titolo\" aria-label=\"Interactive line chart\" src=\"\/\/datawrapper.dwcdn.net\/tcmo3\" scrolling=\"no\" frameborder=\"0\"><\/iframe>\n\t<\/div>\n<\/div>\n\n\n\n<p>Le report de voix sera clef.&nbsp;&nbsp;<\/p>\n\n\n\n<ul class=\"wp-block-list\">\n<li>Le premier tour a consacr\u00e9 le duopole PiS-KO, qui gouverne la Pologne depuis 2005. Mais avec seulement 61&#160;% des voix, il ne r\u00e9pond pas \u00e0 plus d\u2019un tiers des \u00e9lecteurs.&nbsp;<\/li>\n\n\n\n<li>Si Trzaskowski devrait attirer la plupart des \u00e9lecteurs de gauche (environ 10&#160;% de l\u2019\u00e9lectorat), les principales r\u00e9serves de voix se trouvent \u00e0 l\u2019extr\u00eame-droite, chez ceux qui ont vot\u00e9 pour le leader libertarien-nationaliste de Conf\u00e9d\u00e9ration Mentzen (15&#160;%) ou pour l\u2019antis\u00e9mite monarchiste Grzegorz Braun (6&#160;%).<\/li>\n\n\n\n<li>Trzaskowski et Nawrocki ont tent\u00e9 pendant toute la semaine \u00e9coul\u00e9e de s\u00e9duire l\u2019\u00e9lectorat de Mentzen.&nbsp;<\/li>\n\n\n\n<li>En 2020, les \u00e9lecteurs de Conf\u00e9d\u00e9ration s\u2019\u00e9taient report\u00e9s \u00e0 quasi-\u00e9galit\u00e9 entre le PiS et la KO au second tour.&nbsp;<\/li>\n\n\n\n<li>Les deux candidats ont particip\u00e9 s\u00e9par\u00e9ment \u00e0 un \u00e9v\u00e9nement sur la cha\u00eene Youtube de Mentzen&#160;: Nawrocki s\u2019est d\u00e9clar\u00e9 en accord avec les 8 points que Mentzen soumettait \u00e0 discussion, tandis que Trzaskowski a donn\u00e9 son accord sur 4 points, refusant par exemple de bloquer l\u2019entr\u00e9e de l\u2019Ukraine dans l\u2019OTAN.&nbsp;<\/li>\n<\/ul>\n\n\n\n<p>La mobilisation, d\u00e9j\u00e0 \u00e0 67,31&#160;% lors du premier tour, devrait compter pour le r\u00e9sultat final. La plupart des analystes semblent indiquer qu\u2019un surcro\u00eet de participation devrait b\u00e9n\u00e9ficier \u00e0 Trzaskowski.<\/p>\n\n\n\n<ul class=\"wp-block-list\">\n<li>Les deux candidats ont organis\u00e9 des marches massives \u00e0 Varsovie lors du dernier weekend de la campagne, le dimanche 25 mai.&nbsp;&nbsp;<\/li>\n\n\n\n<li>La \u00ab&#160;grande marche des patriotes&#160;\u00bb de Trzaskowski a eu lieu en pr\u00e9sence notamment de Tusk et du nouveau pr\u00e9sident roumain \u00e9lu Nicu\u0219or Dan. \u00c0 quelques rues, Nawrocki avait r\u00e9uni ses soutiens pour \u00ab&#160;la marche pour la Pologne&#160;\u00bb.&nbsp;<\/li>\n\n\n\n<li>Selon les services de la ville de Varsovie, 140 000 personnes auraient particip\u00e9 \u00e0 la marche de la Coalition civique et 50 000 \u00e0 celle du PiS.&nbsp;<\/li>\n\n\n\n<li>Ces chiffres ne sont pourtant pas illustratifs du rapport des forces, notamment parce que ce n\u2019est pas dans la capitale que se recrute l\u2019\u00e9lectorat national-conservateur.<\/li>\n<\/ul>\n\n\n\n<p>L&rsquo;\u00e9lection sera un test clef pour les forces d&rsquo;extr\u00eame droite en Europe et la mani\u00e8re dont elles b\u00e9n\u00e9ficient du soutien de Trump et d\u2019un rapprochement avec le mouvement MAGA. Apr\u00e8s l&rsquo;Allemagne et le Canada, la vague trumpiste a connu un nouveau coup d&rsquo;arr\u00eat en Roumanie avec la d\u00e9faite de George Simion le 18 mai. Nawrocki avait rencontr\u00e9 le pr\u00e9sident am\u00e9ricain dans le bureau ovale le 2 mai et, lors de la CPAC qui s\u2019est tenue en Pologne jeudi dernier, il a re\u00e7u le soutien officiel de la secr\u00e9taire \u00e0 la s\u00e9curit\u00e9 int\u00e9rieure des \u00c9tats-Unis, Kristi Noem, \u00ab&#160;en accord&#160;\u00bb avec le pr\u00e9sident.<\/p>\n","protected":false},"excerpt":{"rendered":"<p>Aujourd\u2019hui, dimanche 1er juin, les Polonais se rendent aux urnes pour le deuxi\u00e8me tour de l\u2019\u00e9lection pr\u00e9sidentielle. Les derniers sondages d&rsquo;opinion placent les deux candidats presque \u00e0 \u00e9galit\u00e9.<\/p>\n","protected":false},"author":40,"featured_media":281350,"comment_status":"closed","ping_status":"closed","sticky":false,"template":"templates\/post-briefings.php","format":"standard","meta":{"_acf_changed":false,"_trash_the_other_posts":false,"_yoast_wpseo_estimated-reading-time-minutes":4,"footnotes":""},"categories":[2980],"tags":[],"staff":[],"editorial_format":[],"serie":[],"audience":[],"geo":[1917],"class_list":["post-281348","post","type-post","status-publish","format-standard","hentry","category-elections","geo-europe"],"acf":{"open_in_webview":false,"accent":false},"yoast_head":"<!-- This site is optimized with the Yoast SEO plugin v26.1.1 - https:\/\/yoast.com\/wordpress\/plugins\/seo\/ -->\n<title>L&#039;extr\u00eame-droite remportera-t-elle le scrutin pr\u00e9sidentiel en Pologne ? | Le Grand Continent<\/title>\n<meta name=\"robots\" content=\"index, follow, max-snippet:-1, max-image-preview:large, max-video-preview:-1\" \/>\n<link rel=\"canonical\" href=\"https:\/\/legrandcontinent.eu\/fr\/2025\/06\/01\/lextreme-droite-remportera-t-elle-le-scrutin-presidentiel-en-pologne\/\" \/>\n<meta property=\"og:locale\" content=\"fr_FR\" \/>\n<meta property=\"og:type\" content=\"article\" \/>\n<meta property=\"og:title\" content=\"L&#039;extr\u00eame-droite remportera-t-elle le scrutin pr\u00e9sidentiel en Pologne ? | Le Grand Continent\" \/>\n<meta property=\"og:description\" content=\"Aujourd\u2019hui, dimanche 1er juin, les Polonais se rendent aux urnes pour le deuxi\u00e8me tour de l\u2019\u00e9lection pr\u00e9sidentielle. Les derniers sondages d&#039;opinion placent les deux candidats presque \u00e0 \u00e9galit\u00e9.\" \/>\n<meta property=\"og:url\" content=\"https:\/\/legrandcontinent.eu\/fr\/2025\/06\/01\/lextreme-droite-remportera-t-elle-le-scrutin-presidentiel-en-pologne\/\" \/>\n<meta property=\"og:site_name\" content=\"Le Grand Continent\" \/>\n<meta property=\"article:published_time\" content=\"2025-06-01T05:00:00+00:00\" \/>\n<meta property=\"article:modified_time\" content=\"2025-06-01T19:17:52+00:00\" \/>\n<meta property=\"og:image\" content=\"https:\/\/legrandcontinent.eu\/fr\/wp-content\/uploads\/sites\/2\/2025\/05\/Sans-titre-19.png\" \/>\n\t<meta property=\"og:image:width\" content=\"1996\" \/>\n\t<meta property=\"og:image:height\" content=\"1104\" \/>\n\t<meta property=\"og:image:type\" content=\"image\/png\" \/>\n<meta name=\"author\" content=\"Ramona Bloj\" \/>\n<meta name=\"twitter:card\" content=\"summary_large_image\" \/>\n<meta name=\"twitter:image\" content=\"https:\/\/legrandcontinent.eu\/fr\/wp-content\/uploads\/sites\/2\/2025\/05\/Sans-titre-19.png\" \/>\n<meta name=\"twitter:label1\" content=\"\u00c9crit par\" \/>\n\t<meta name=\"twitter:data1\" content=\"Ramona Bloj\" \/>\n\t<meta name=\"twitter:label2\" content=\"Dur\u00e9e de lecture estim\u00e9e\" \/>\n\t<meta name=\"twitter:data2\" content=\"4 minutes\" \/>\n<script type=\"application\/ld+json\" class=\"yoast-schema-graph\">{\"@context\":\"https:\/\/schema.org\",\"@graph\":[{\"@type\":\"WebPage\",\"@id\":\"https:\/\/legrandcontinent.eu\/fr\/2025\/06\/01\/lextreme-droite-remportera-t-elle-le-scrutin-presidentiel-en-pologne\/\",\"url\":\"https:\/\/legrandcontinent.eu\/fr\/2025\/06\/01\/lextreme-droite-remportera-t-elle-le-scrutin-presidentiel-en-pologne\/\",\"name\":\"L'extr\u00eame-droite remportera-t-elle le scrutin pr\u00e9sidentiel en Pologne ? | Le Grand Continent\",\"isPartOf\":{\"@id\":\"https:\/\/legrandcontinent.eu\/fr\/#website\"},\"primaryImageOfPage\":{\"@id\":\"https:\/\/legrandcontinent.eu\/fr\/2025\/06\/01\/lextreme-droite-remportera-t-elle-le-scrutin-presidentiel-en-pologne\/#primaryimage\"},\"image\":{\"@id\":\"https:\/\/legrandcontinent.eu\/fr\/2025\/06\/01\/lextreme-droite-remportera-t-elle-le-scrutin-presidentiel-en-pologne\/#primaryimage\"},\"thumbnailUrl\":\"https:\/\/legrandcontinent.eu\/fr\/wp-content\/uploads\/sites\/2\/2025\/05\/Sans-titre-20.png\",\"datePublished\":\"2025-06-01T05:00:00+00:00\",\"dateModified\":\"2025-06-01T19:17:52+00:00\",\"author\":{\"@id\":\"https:\/\/legrandcontinent.eu\/fr\/#\/schema\/person\/bee86896b403754f76b6b1515ff0b697\"},\"breadcrumb\":{\"@id\":\"https:\/\/legrandcontinent.eu\/fr\/2025\/06\/01\/lextreme-droite-remportera-t-elle-le-scrutin-presidentiel-en-pologne\/#breadcrumb\"},\"inLanguage\":\"fr-FR\",\"potentialAction\":[{\"@type\":\"ReadAction\",\"target\":[\"https:\/\/legrandcontinent.eu\/fr\/2025\/06\/01\/lextreme-droite-remportera-t-elle-le-scrutin-presidentiel-en-pologne\/\"]}]},{\"@type\":\"ImageObject\",\"inLanguage\":\"fr-FR\",\"@id\":\"https:\/\/legrandcontinent.eu\/fr\/2025\/06\/01\/lextreme-droite-remportera-t-elle-le-scrutin-presidentiel-en-pologne\/#primaryimage\",\"url\":\"https:\/\/legrandcontinent.eu\/fr\/wp-content\/uploads\/sites\/2\/2025\/05\/Sans-titre-20.png\",\"contentUrl\":\"https:\/\/legrandcontinent.eu\/fr\/wp-content\/uploads\/sites\/2\/2025\/05\/Sans-titre-20.png\",\"width\":2000,\"height\":1112},{\"@type\":\"BreadcrumbList\",\"@id\":\"https:\/\/legrandcontinent.eu\/fr\/2025\/06\/01\/lextreme-droite-remportera-t-elle-le-scrutin-presidentiel-en-pologne\/#breadcrumb\",\"itemListElement\":[{\"@type\":\"ListItem\",\"position\":1,\"name\":\"Accueil\",\"item\":\"https:\/\/legrandcontinent.eu\/fr\/\"},{\"@type\":\"ListItem\",\"position\":2,\"name\":\"L&rsquo;extr\u00eame-droite remportera-t-elle le scrutin pr\u00e9sidentiel en Pologne&#160;?\"}]},{\"@type\":\"WebSite\",\"@id\":\"https:\/\/legrandcontinent.eu\/fr\/#website\",\"url\":\"https:\/\/legrandcontinent.eu\/fr\/\",\"name\":\"Le Grand Continent\",\"description\":\"L&#039;\u00e9chelle pertinente\",\"potentialAction\":[{\"@type\":\"SearchAction\",\"target\":{\"@type\":\"EntryPoint\",\"urlTemplate\":\"https:\/\/legrandcontinent.eu\/fr\/?s={search_term_string}\"},\"query-input\":{\"@type\":\"PropertyValueSpecification\",\"valueRequired\":true,\"valueName\":\"search_term_string\"}}],\"inLanguage\":\"fr-FR\"},{\"@type\":\"Person\",\"@id\":\"https:\/\/legrandcontinent.eu\/fr\/#\/schema\/person\/bee86896b403754f76b6b1515ff0b697\",\"name\":\"Ramona Bloj\",\"image\":{\"@type\":\"ImageObject\",\"inLanguage\":\"fr-FR\",\"@id\":\"https:\/\/legrandcontinent.eu\/fr\/#\/schema\/person\/image\/\",\"url\":\"https:\/\/secure.gravatar.com\/avatar\/c1d91adb7c4c1eed266b81c0f9915707?s=96&d=mm&r=g\",\"contentUrl\":\"https:\/\/secure.gravatar.com\/avatar\/c1d91adb7c4c1eed266b81c0f9915707?s=96&d=mm&r=g\",\"caption\":\"Ramona Bloj\"}}]}<\/script>\n<!-- \/ Yoast SEO plugin. -->","yoast_head_json":{"title":"L'extr\u00eame-droite remportera-t-elle le scrutin pr\u00e9sidentiel en Pologne ? | Le Grand Continent","robots":{"index":"index","follow":"follow","max-snippet":"max-snippet:-1","max-image-preview":"max-image-preview:large","max-video-preview":"max-video-preview:-1"},"canonical":"https:\/\/legrandcontinent.eu\/fr\/2025\/06\/01\/lextreme-droite-remportera-t-elle-le-scrutin-presidentiel-en-pologne\/","og_locale":"fr_FR","og_type":"article","og_title":"L'extr\u00eame-droite remportera-t-elle le scrutin pr\u00e9sidentiel en Pologne ? | Le Grand Continent","og_description":"Aujourd\u2019hui, dimanche 1er juin, les Polonais se rendent aux urnes pour le deuxi\u00e8me tour de l\u2019\u00e9lection pr\u00e9sidentielle. Les derniers sondages d'opinion placent les deux candidats presque \u00e0 \u00e9galit\u00e9.","og_url":"https:\/\/legrandcontinent.eu\/fr\/2025\/06\/01\/lextreme-droite-remportera-t-elle-le-scrutin-presidentiel-en-pologne\/","og_site_name":"Le Grand Continent","article_published_time":"2025-06-01T05:00:00+00:00","article_modified_time":"2025-06-01T19:17:52+00:00","og_image":[{"width":1996,"height":1104,"url":"https:\/\/legrandcontinent.eu\/fr\/wp-content\/uploads\/sites\/2\/2025\/05\/Sans-titre-19.png","type":"image\/png"}],"author":"Ramona Bloj","twitter_card":"summary_large_image","twitter_image":"https:\/\/legrandcontinent.eu\/fr\/wp-content\/uploads\/sites\/2\/2025\/05\/Sans-titre-19.png","twitter_misc":{"\u00c9crit par":"Ramona Bloj","Dur\u00e9e de lecture estim\u00e9e":"4 minutes"},"schema":{"@context":"https:\/\/schema.org","@graph":[{"@type":"WebPage","@id":"https:\/\/legrandcontinent.eu\/fr\/2025\/06\/01\/lextreme-droite-remportera-t-elle-le-scrutin-presidentiel-en-pologne\/","url":"https:\/\/legrandcontinent.eu\/fr\/2025\/06\/01\/lextreme-droite-remportera-t-elle-le-scrutin-presidentiel-en-pologne\/","name":"L'extr\u00eame-droite remportera-t-elle le scrutin pr\u00e9sidentiel en Pologne ? | Le Grand Continent","isPartOf":{"@id":"https:\/\/legrandcontinent.eu\/fr\/#website"},"primaryImageOfPage":{"@id":"https:\/\/legrandcontinent.eu\/fr\/2025\/06\/01\/lextreme-droite-remportera-t-elle-le-scrutin-presidentiel-en-pologne\/#primaryimage"},"image":{"@id":"https:\/\/legrandcontinent.eu\/fr\/2025\/06\/01\/lextreme-droite-remportera-t-elle-le-scrutin-presidentiel-en-pologne\/#primaryimage"},"thumbnailUrl":"https:\/\/legrandcontinent.eu\/fr\/wp-content\/uploads\/sites\/2\/2025\/05\/Sans-titre-20.png","datePublished":"2025-06-01T05:00:00+00:00","dateModified":"2025-06-01T19:17:52+00:00","author":{"@id":"https:\/\/legrandcontinent.eu\/fr\/#\/schema\/person\/bee86896b403754f76b6b1515ff0b697"},"breadcrumb":{"@id":"https:\/\/legrandcontinent.eu\/fr\/2025\/06\/01\/lextreme-droite-remportera-t-elle-le-scrutin-presidentiel-en-pologne\/#breadcrumb"},"inLanguage":"fr-FR","potentialAction":[{"@type":"ReadAction","target":["https:\/\/legrandcontinent.eu\/fr\/2025\/06\/01\/lextreme-droite-remportera-t-elle-le-scrutin-presidentiel-en-pologne\/"]}]},{"@type":"ImageObject","inLanguage":"fr-FR","@id":"https:\/\/legrandcontinent.eu\/fr\/2025\/06\/01\/lextreme-droite-remportera-t-elle-le-scrutin-presidentiel-en-pologne\/#primaryimage","url":"https:\/\/legrandcontinent.eu\/fr\/wp-content\/uploads\/sites\/2\/2025\/05\/Sans-titre-20.png","contentUrl":"https:\/\/legrandcontinent.eu\/fr\/wp-content\/uploads\/sites\/2\/2025\/05\/Sans-titre-20.png","width":2000,"height":1112},{"@type":"BreadcrumbList","@id":"https:\/\/legrandcontinent.eu\/fr\/2025\/06\/01\/lextreme-droite-remportera-t-elle-le-scrutin-presidentiel-en-pologne\/#breadcrumb","itemListElement":[{"@type":"ListItem","position":1,"name":"Accueil","item":"https:\/\/legrandcontinent.eu\/fr\/"},{"@type":"ListItem","position":2,"name":"L&rsquo;extr\u00eame-droite remportera-t-elle le scrutin pr\u00e9sidentiel en Pologne&#160;?"}]},{"@type":"WebSite","@id":"https:\/\/legrandcontinent.eu\/fr\/#website","url":"https:\/\/legrandcontinent.eu\/fr\/","name":"Le Grand Continent","description":"L&#039;\u00e9chelle pertinente","potentialAction":[{"@type":"SearchAction","target":{"@type":"EntryPoint","urlTemplate":"https:\/\/legrandcontinent.eu\/fr\/?s={search_term_string}"},"query-input":{"@type":"PropertyValueSpecification","valueRequired":true,"valueName":"search_term_string"}}],"inLanguage":"fr-FR"},{"@type":"Person","@id":"https:\/\/legrandcontinent.eu\/fr\/#\/schema\/person\/bee86896b403754f76b6b1515ff0b697","name":"Ramona Bloj","image":{"@type":"ImageObject","inLanguage":"fr-FR","@id":"https:\/\/legrandcontinent.eu\/fr\/#\/schema\/person\/image\/","url":"https:\/\/secure.gravatar.com\/avatar\/c1d91adb7c4c1eed266b81c0f9915707?s=96&d=mm&r=g","contentUrl":"https:\/\/secure.gravatar.com\/avatar\/c1d91adb7c4c1eed266b81c0f9915707?s=96&d=mm&r=g","caption":"Ramona Bloj"}}]}},"lgc_categories":[{"id":2980,"name":"\u00c9lections","slug":"elections"}],"lgc_author":null,"feature_image_summary":{"url":"https:\/\/legrandcontinent.eu\/fr\/wp-content\/uploads\/sites\/2\/2025\/05\/Sans-titre-20.png","width":2000,"height":1112,"alt":""},"feature_image_cover":null,"term_position_data":null,"_links":{"self":[{"href":"https:\/\/legrandcontinent.eu\/fr\/wp-json\/wp\/v2\/posts\/281348","targetHints":{"allow":["GET"]}}],"collection":[{"href":"https:\/\/legrandcontinent.eu\/fr\/wp-json\/wp\/v2\/posts"}],"about":[{"href":"https:\/\/legrandcontinent.eu\/fr\/wp-json\/wp\/v2\/types\/post"}],"author":[{"embeddable":true,"href":"https:\/\/legrandcontinent.eu\/fr\/wp-json\/wp\/v2\/users\/40"}],"replies":[{"embeddable":true,"href":"https:\/\/legrandcontinent.eu\/fr\/wp-json\/wp\/v2\/comments?post=281348"}],"version-history":[{"count":0,"href":"https:\/\/legrandcontinent.eu\/fr\/wp-json\/wp\/v2\/posts\/281348\/revisions"}],"wp:featuredmedia":[{"embeddable":true,"href":"https:\/\/legrandcontinent.eu\/fr\/wp-json\/wp\/v2\/media\/281350"}],"wp:attachment":[{"href":"https:\/\/legrandcontinent.eu\/fr\/wp-json\/wp\/v2\/media?parent=281348"}],"wp:term":[{"taxonomy":"category","embeddable":true,"href":"https:\/\/legrandcontinent.eu\/fr\/wp-json\/wp\/v2\/categories?post=281348"},{"taxonomy":"post_tag","embeddable":true,"href":"https:\/\/legrandcontinent.eu\/fr\/wp-json\/wp\/v2\/tags?post=281348"},{"taxonomy":"staff","embeddable":true,"href":"https:\/\/legrandcontinent.eu\/fr\/wp-json\/wp\/v2\/staff?post=281348"},{"taxonomy":"editorial_format","embeddable":true,"href":"https:\/\/legrandcontinent.eu\/fr\/wp-json\/wp\/v2\/editorial_format?post=281348"},{"taxonomy":"serie","embeddable":true,"href":"https:\/\/legrandcontinent.eu\/fr\/wp-json\/wp\/v2\/serie?post=281348"},{"taxonomy":"audience","embeddable":true,"href":"https:\/\/legrandcontinent.eu\/fr\/wp-json\/wp\/v2\/audience?post=281348"},{"taxonomy":"geo","embeddable":true,"href":"https:\/\/legrandcontinent.eu\/fr\/wp-json\/wp\/v2\/geo?post=281348"}],"curies":[{"name":"wp","href":"https:\/\/api.w.org\/{rel}","templated":true}]}}