{"id":279655,"date":"2025-05-16T20:48:26","date_gmt":"2025-05-16T18:48:26","guid":{"rendered":"https:\/\/legrandcontinent.eu\/fr\/?p=279655"},"modified":"2025-05-16T20:48:28","modified_gmt":"2025-05-16T18:48:28","slug":"que-retenir-des-negociations-entre-lukraine-et-la-russie-a-istanbul","status":"publish","type":"post","link":"https:\/\/legrandcontinent.eu\/fr\/2025\/05\/16\/que-retenir-des-negociations-entre-lukraine-et-la-russie-a-istanbul\/","title":{"rendered":"Que retenir des n\u00e9gociations entre l\u2019Ukraine et la Russie \u00e0 Istanbul&#160;?"},"content":{"rendered":"\n<p>Les n\u00e9gociations entre Russes et Ukrainiens \u2014 les premi\u00e8res depuis le printemps 2022 \u2014 ont commenc\u00e9 avec 24 heures de retard, les deux dirigeants ayant attendu la derni\u00e8re minute pour annoncer la composition de leurs d\u00e9l\u00e9gations.<\/p>\n\n\n\n<ul class=\"wp-block-list\">\n<li>En d\u00e9placement \u00e0 Ankara jeudi 15 mai o\u00f9 il s\u2019est entretenu avec son homologue turc Recep Tayyip Erdo\u011fan, Zelensky avait critiqu\u00e9 le faible niveau de repr\u00e9sentation de la d\u00e9l\u00e9gation russe, men\u00e9e par le conseiller de Poutine Vladimir Medinsky. La d\u00e9l\u00e9gation ukrainienne \u00e9tait quant \u00e0 elle dirig\u00e9e par le ministre de la D\u00e9fense Roustem Oumierov.<\/li>\n\n\n\n<li>Pendant la r\u00e9union, la Turquie accueillait en parall\u00e8le une r\u00e9union informelle des ministres des Affaires \u00e9trang\u00e8res de l\u2019OTAN.<\/li>\n\n\n\n<li>Avant les discussions avec la partie russe, la d\u00e9l\u00e9gation ukrainienne s\u2019est entretenue avec des repr\u00e9sentants turcs et am\u00e9ricains dont le secr\u00e9taire d\u2019\u00c9tat Marco Rubio et l\u2019envoy\u00e9 sp\u00e9cial de Trump pour l\u2019Ukraine Keith Kellogg.<\/li>\n\n\n\n<li>Moscou aurait refus\u00e9 que des repr\u00e9sentants am\u00e9ricains soient pr\u00e9sents dans la salle durant les discussions, selon des informations ukrainiennes.<\/li>\n\n\n\n<li>En tant qu\u2019h\u00f4te, le ministre des Affaires \u00e9trang\u00e8res turc Hakan Fidan a pr\u00e9sid\u00e9 les discussions.<\/li>\n<\/ul>\n\n\n\n<div class=\"iframe-container wp-block-image wp-block-image-medium  iframe-dw\">\n\t<div>\n\t\t<iframe class=\"absolute w-full h-full pin-t pin-l\" title=\"titolo\" aria-label=\"Interactive line chart\" src=\"\/\/datawrapper.dwcdn.net\/ZChXG\/\" scrolling=\"no\" frameborder=\"0\"><\/iframe>\n\t<\/div>\n<\/div>\n\n\n\n<p>La rencontre, qui aura dur\u00e9 moins de deux heures, n\u2019a d\u00e9bouch\u00e9 sur aucune avanc\u00e9e majeure ni communiqu\u00e9 commun. <a href=\"https:\/\/legrandcontinent.eu\/fr\/2025\/05\/15\/a-istanbul-lukraine-et-la-russie-entament-des-negociations-directes-pour-la-premiere-fois-depuis-2022\/\">Comme anticip\u00e9<\/a>, les n\u00e9gociateurs russes ont r\u00e9it\u00e9r\u00e9 leurs demandes maximalistes formul\u00e9es d\u00e8s 2022, exigeant de l\u2019Ukraine qu\u2019elle retire ses troupes des quatre oblasts partiellement occup\u00e9s par l\u2019arm\u00e9e russe dans l\u2019est et le sud de l\u2019Ukraine (Donetsk, Louhansk, Zaporijia et Kherson) comme condition pr\u00e9alable \u00e0 un cessez-le-feu. Sans les citer, le porte-parole du minist\u00e8re des Affaires \u00e9trang\u00e8res ukrainien Heorhii Tykhyi a d\u00e9clar\u00e9 que d\u2019autres demandes jug\u00e9es \u00ab&#160;inacceptables&#160;\u00bb avaient \u00e9t\u00e9 formul\u00e9es&nbsp;<span class='whitespace-nowrap'><span id='easy-footnote-1-279655' class='easy-footnote-margin-adjust'><\/span><span class='easy-footnote'><a href='https:\/\/legrandcontinent.eu\/fr\/2025\/05\/16\/que-retenir-des-negociations-entre-lukraine-et-la-russie-a-istanbul\/#easy-footnote-bottom-1-279655' title='Oleg Pavlyuk et Tetyana Oliynyk, \u00ab&amp;#160;&lt;a href=&quot;https:\/\/www.pravda.com.ua\/news\/2025\/05\/16\/7512597\/&quot;&gt;\u0423 \u041c\u0417\u0421 \u0423\u043a\u0440\u0430\u0457\u043d\u0438 \u043f\u0456\u0434\u0442\u0432\u0435\u0440\u0434\u0438\u043b\u0438, \u0449\u043e \u0432\u0456\u0434 \u0420\u043e\u0441\u0456\u0457 \u043d\u0430 \u043f\u0435\u0440\u0435\u043c\u043e\u0432\u0438\u043d\u0430\u0445 \u043b\u0443\u043d\u0430\u043b\u0438 \u043d\u0435\u043f\u0440\u0438\u0439\u043d\u044f\u0442\u043d\u0456 \u0432\u0438\u043c\u043e\u0433\u0438&lt;\/a&gt;&amp;#160;\u00bb, &lt;em&gt;\u0423\u043a\u0440\u0430\u0457\u043d\u0441\u044c\u043a\u0430 \u043f\u0440\u0430\u0432\u0434\u0430&lt;\/em&gt;, 16 mai 2025.'><sup>1<\/sup><\/a><\/span><\/span>.<\/p>\n\n\n\n<ul class=\"wp-block-list\">\n<li>Les deux d\u00e9l\u00e9gations sont toutefois parvenues \u00e0 se mettre d\u2019accord sur un \u00e9change de 1 000 prisonniers russes contre 1 000 prisonniers ukrainiens. Celui-ci devrait avoir lieu \u00ab&#160;dans les prochains jours&#160;\u00bb.<\/li>\n\n\n\n<li>Un \u00ab&#160;accord de principe&#160;\u00bb aurait \u00e9galement \u00e9t\u00e9 conclu pour \u00ab&#160;\u00e9changer des plans de cessez-le-feu&#160;\u00bb, mais aucun calendrier n\u2019a \u00e9t\u00e9 fix\u00e9.\u00a0<\/li>\n\n\n\n<li>Un responsable turc a d\u00e9clar\u00e9 \u00e0 la fin de la r\u00e9union que les discussions avaient \u00e9t\u00e9 \u00ab&#160;plus positives que pr\u00e9vu&#160;\u00bb, ajoutant&#160;: \u00ab&#160;ils n&rsquo;ont pas utilis\u00e9 de langage accusateur&#160;\u00bb.<\/li>\n\n\n\n<li>Le ministre ukrainien de la D\u00e9fense a d\u00e9clar\u00e9 qu\u2019une rencontre entre Zelensky et Poutine \u00e9tait le prochain objectif.<\/li>\n<\/ul>\n\n\n\n<p>Le contenu des \u00e9changes a \u00e9t\u00e9 partag\u00e9 par Zelensky avec ses homologues europ\u00e9ens lors du <a href=\"https:\/\/legrandcontinent.eu\/fr\/2025\/05\/16\/lalbanie-reunit-47-dirigeants-europeens-pour-le-sommet-de-la-communaute-politique-europeenne-a-tirana\/\">sommet de la Communaut\u00e9 politique europ\u00e9enne<\/a>, qui a r\u00e9uni aujourd\u2019hui 47 dirigeants \u00e0 Tirana. Donald Trump a \u00e9galement pris part \u00e0 un appel avec Macron, Merz, Starmer et Tusk. Les quatre ont qualifi\u00e9 la position russe de \u00ab&#160;clairement inacceptable&#160;\u00bb dans un communiqu\u00e9 commun.<\/p>\n\n\n\n<ul class=\"wp-block-list\">\n<li>La r\u00e9union a marqu\u00e9 la fin d\u2019une semaine de diplomatie intense, durant laquelle la Russie comme l\u2019Ukraine ont tout fait pour ne pas appara\u00eetre comme les obstacles \u00e0 la paix face au pr\u00e9sident am\u00e9ricain&#160;: en r\u00e9ponse \u00e0 <a href=\"https:\/\/legrandcontinent.eu\/fr\/2025\/05\/10\/avec-le-soutien-des-pays-europeens-et-des-etats-unis-lukraine-pose-un-ultimatum-a-poutine-et-exige-un-cessez-le-feu-de-30-jours\/\">l\u2019ultimatum<\/a> lanc\u00e9 le 10 mars pour un cessez-le-feu, Poutine a propos\u00e9 des pourparlers directs \u00e0 Istanbul. Zelensky avait imm\u00e9diatement r\u00e9agi en annon\u00e7ant qu\u2019il attendrait Poutine en personne en Turquie et Trump avait \u00e0 plusieurs reprises laiss\u00e9 entendre qu\u2019il pourrait modifier le programme de sa tourn\u00e9e au Moyen-Orient pour participer aux n\u00e9gociations. Mais le Kremlin s\u2019est content\u00e9 d\u2019envoyer une d\u00e9l\u00e9gation dont la <a href=\"https:\/\/legrandcontinent.eu\/fr\/2025\/05\/15\/a-istanbul-lukraine-et-la-russie-entament-des-negociations-directes-pour-la-premiere-fois-depuis-2022\/\">composition<\/a> n\u2019a \u00e9t\u00e9 r\u00e9v\u00e9l\u00e9e qu\u2019\u00e0 la derni\u00e8re minute.\u00a0<\/li>\n\n\n\n<li>Toute attente de progr\u00e8s avait pris fin lorsque Trump a d\u00e9clar\u00e9 le 15 mai que \u00ab&#160;rien ne se passera&#160;\u00bb sur l\u2019Ukraine avant qu&rsquo;il n&rsquo;ait lui-m\u00eame rencontr\u00e9 Vladimir Poutine.<\/li>\n<\/ul>\n","protected":false},"excerpt":{"rendered":"<p>Aujourd\u2019hui, vendredi 16 mai, des repr\u00e9sentants ukrainiens et russes se sont rencontr\u00e9s pour la premi\u00e8re fois depuis le printemps 2022 \u00e0 Istanbul. Les discussions, initialement pr\u00e9vues jeudi 15 mai, n&rsquo;ont pas permis d\u2019avanc\u00e9es majeures, Poutine ayant indiqu\u00e9 par le choix m\u00eame de sa d\u00e9l\u00e9gation qu\u2019aucune concession majeure n\u2019\u00e9tait \u00e0 l\u2019ordre du jour.<\/p>\n","protected":false},"author":40,"featured_media":279642,"comment_status":"closed","ping_status":"closed","sticky":false,"template":"templates\/post-briefings.php","format":"standard","meta":{"_acf_changed":true,"_trash_the_other_posts":false,"_yoast_wpseo_estimated-reading-time-minutes":3,"footnotes":""},"categories":[3116],"tags":[],"staff":[],"editorial_format":[],"serie":[],"audience":[],"geo":[1917],"class_list":["post-279655","post","type-post","status-publish","format-standard","hentry","category-la-guerre-en-ukraine-au-jour-le-jour","geo-europe"],"acf":{"open_in_webview":false,"accent":false},"yoast_head":"<!-- This site is optimized with the Yoast SEO plugin v26.1.1 - https:\/\/yoast.com\/wordpress\/plugins\/seo\/ -->\n<title>Que retenir des n\u00e9gociations entre l\u2019Ukraine et la Russie \u00e0 Istanbul ? | Le Grand Continent<\/title>\n<meta name=\"robots\" content=\"index, follow, max-snippet:-1, max-image-preview:large, max-video-preview:-1\" \/>\n<link rel=\"canonical\" href=\"https:\/\/legrandcontinent.eu\/fr\/2025\/05\/16\/que-retenir-des-negociations-entre-lukraine-et-la-russie-a-istanbul\/\" \/>\n<meta property=\"og:locale\" content=\"fr_FR\" \/>\n<meta property=\"og:type\" content=\"article\" \/>\n<meta property=\"og:title\" content=\"Que retenir des n\u00e9gociations entre l\u2019Ukraine et la Russie \u00e0 Istanbul ? | Le Grand Continent\" \/>\n<meta property=\"og:description\" content=\"Aujourd\u2019hui, vendredi 16 mai, des repr\u00e9sentants ukrainiens et russes se sont rencontr\u00e9s pour la premi\u00e8re fois depuis le printemps 2022 \u00e0 Istanbul. Les discussions, initialement pr\u00e9vues jeudi 15 mai, n&#039;ont pas permis d\u2019avanc\u00e9es majeures, Poutine ayant indiqu\u00e9 par le choix m\u00eame de sa d\u00e9l\u00e9gation qu\u2019aucune concession majeure n\u2019\u00e9tait \u00e0 l\u2019ordre du jour.\" \/>\n<meta property=\"og:url\" content=\"https:\/\/legrandcontinent.eu\/fr\/2025\/05\/16\/que-retenir-des-negociations-entre-lukraine-et-la-russie-a-istanbul\/\" \/>\n<meta property=\"og:site_name\" content=\"Le Grand Continent\" \/>\n<meta property=\"article:published_time\" content=\"2025-05-16T18:48:26+00:00\" \/>\n<meta property=\"article:modified_time\" content=\"2025-05-16T18:48:28+00:00\" \/>\n<meta property=\"og:image\" content=\"https:\/\/legrandcontinent.eu\/fr\/wp-content\/uploads\/sites\/2\/2025\/05\/gc-share-que-retenir-istanbul.png\" \/>\n\t<meta property=\"og:image:width\" content=\"1908\" \/>\n\t<meta property=\"og:image:height\" content=\"1068\" \/>\n\t<meta property=\"og:image:type\" content=\"image\/png\" \/>\n<meta name=\"author\" content=\"Ramona Bloj\" \/>\n<meta name=\"twitter:card\" content=\"summary_large_image\" \/>\n<meta name=\"twitter:image\" content=\"https:\/\/legrandcontinent.eu\/fr\/wp-content\/uploads\/sites\/2\/2025\/05\/gc-share-que-retenir-istanbul.png\" \/>\n<meta name=\"twitter:label1\" content=\"\u00c9crit par\" \/>\n\t<meta name=\"twitter:data1\" content=\"Ramona Bloj\" \/>\n\t<meta name=\"twitter:label2\" content=\"Dur\u00e9e de lecture estim\u00e9e\" \/>\n\t<meta name=\"twitter:data2\" content=\"3 minutes\" \/>\n<script type=\"application\/ld+json\" class=\"yoast-schema-graph\">{\"@context\":\"https:\/\/schema.org\",\"@graph\":[{\"@type\":\"WebPage\",\"@id\":\"https:\/\/legrandcontinent.eu\/fr\/2025\/05\/16\/que-retenir-des-negociations-entre-lukraine-et-la-russie-a-istanbul\/\",\"url\":\"https:\/\/legrandcontinent.eu\/fr\/2025\/05\/16\/que-retenir-des-negociations-entre-lukraine-et-la-russie-a-istanbul\/\",\"name\":\"Que retenir des n\u00e9gociations entre l\u2019Ukraine et la Russie \u00e0 Istanbul ? | Le Grand Continent\",\"isPartOf\":{\"@id\":\"https:\/\/legrandcontinent.eu\/fr\/#website\"},\"primaryImageOfPage\":{\"@id\":\"https:\/\/legrandcontinent.eu\/fr\/2025\/05\/16\/que-retenir-des-negociations-entre-lukraine-et-la-russie-a-istanbul\/#primaryimage\"},\"image\":{\"@id\":\"https:\/\/legrandcontinent.eu\/fr\/2025\/05\/16\/que-retenir-des-negociations-entre-lukraine-et-la-russie-a-istanbul\/#primaryimage\"},\"thumbnailUrl\":\"https:\/\/legrandcontinent.eu\/fr\/wp-content\/uploads\/sites\/2\/2025\/05\/gc-que-retenir-istanbul.png\",\"datePublished\":\"2025-05-16T18:48:26+00:00\",\"dateModified\":\"2025-05-16T18:48:28+00:00\",\"author\":{\"@id\":\"https:\/\/legrandcontinent.eu\/fr\/#\/schema\/person\/bee86896b403754f76b6b1515ff0b697\"},\"breadcrumb\":{\"@id\":\"https:\/\/legrandcontinent.eu\/fr\/2025\/05\/16\/que-retenir-des-negociations-entre-lukraine-et-la-russie-a-istanbul\/#breadcrumb\"},\"inLanguage\":\"fr-FR\",\"potentialAction\":[{\"@type\":\"ReadAction\",\"target\":[\"https:\/\/legrandcontinent.eu\/fr\/2025\/05\/16\/que-retenir-des-negociations-entre-lukraine-et-la-russie-a-istanbul\/\"]}]},{\"@type\":\"ImageObject\",\"inLanguage\":\"fr-FR\",\"@id\":\"https:\/\/legrandcontinent.eu\/fr\/2025\/05\/16\/que-retenir-des-negociations-entre-lukraine-et-la-russie-a-istanbul\/#primaryimage\",\"url\":\"https:\/\/legrandcontinent.eu\/fr\/wp-content\/uploads\/sites\/2\/2025\/05\/gc-que-retenir-istanbul.png\",\"contentUrl\":\"https:\/\/legrandcontinent.eu\/fr\/wp-content\/uploads\/sites\/2\/2025\/05\/gc-que-retenir-istanbul.png\",\"width\":1896,\"height\":1068},{\"@type\":\"BreadcrumbList\",\"@id\":\"https:\/\/legrandcontinent.eu\/fr\/2025\/05\/16\/que-retenir-des-negociations-entre-lukraine-et-la-russie-a-istanbul\/#breadcrumb\",\"itemListElement\":[{\"@type\":\"ListItem\",\"position\":1,\"name\":\"Accueil\",\"item\":\"https:\/\/legrandcontinent.eu\/fr\/\"},{\"@type\":\"ListItem\",\"position\":2,\"name\":\"Que retenir des n\u00e9gociations entre l\u2019Ukraine et la Russie \u00e0 Istanbul&#160;?\"}]},{\"@type\":\"WebSite\",\"@id\":\"https:\/\/legrandcontinent.eu\/fr\/#website\",\"url\":\"https:\/\/legrandcontinent.eu\/fr\/\",\"name\":\"Le Grand Continent\",\"description\":\"L&#039;\u00e9chelle pertinente\",\"potentialAction\":[{\"@type\":\"SearchAction\",\"target\":{\"@type\":\"EntryPoint\",\"urlTemplate\":\"https:\/\/legrandcontinent.eu\/fr\/?s={search_term_string}\"},\"query-input\":{\"@type\":\"PropertyValueSpecification\",\"valueRequired\":true,\"valueName\":\"search_term_string\"}}],\"inLanguage\":\"fr-FR\"},{\"@type\":\"Person\",\"@id\":\"https:\/\/legrandcontinent.eu\/fr\/#\/schema\/person\/bee86896b403754f76b6b1515ff0b697\",\"name\":\"Ramona Bloj\",\"image\":{\"@type\":\"ImageObject\",\"inLanguage\":\"fr-FR\",\"@id\":\"https:\/\/legrandcontinent.eu\/fr\/#\/schema\/person\/image\/\",\"url\":\"https:\/\/secure.gravatar.com\/avatar\/c1d91adb7c4c1eed266b81c0f9915707?s=96&d=mm&r=g\",\"contentUrl\":\"https:\/\/secure.gravatar.com\/avatar\/c1d91adb7c4c1eed266b81c0f9915707?s=96&d=mm&r=g\",\"caption\":\"Ramona Bloj\"}}]}<\/script>\n<!-- \/ Yoast SEO plugin. -->","yoast_head_json":{"title":"Que retenir des n\u00e9gociations entre l\u2019Ukraine et la Russie \u00e0 Istanbul ? | Le Grand Continent","robots":{"index":"index","follow":"follow","max-snippet":"max-snippet:-1","max-image-preview":"max-image-preview:large","max-video-preview":"max-video-preview:-1"},"canonical":"https:\/\/legrandcontinent.eu\/fr\/2025\/05\/16\/que-retenir-des-negociations-entre-lukraine-et-la-russie-a-istanbul\/","og_locale":"fr_FR","og_type":"article","og_title":"Que retenir des n\u00e9gociations entre l\u2019Ukraine et la Russie \u00e0 Istanbul ? | Le Grand Continent","og_description":"Aujourd\u2019hui, vendredi 16 mai, des repr\u00e9sentants ukrainiens et russes se sont rencontr\u00e9s pour la premi\u00e8re fois depuis le printemps 2022 \u00e0 Istanbul. Les discussions, initialement pr\u00e9vues jeudi 15 mai, n'ont pas permis d\u2019avanc\u00e9es majeures, Poutine ayant indiqu\u00e9 par le choix m\u00eame de sa d\u00e9l\u00e9gation qu\u2019aucune concession majeure n\u2019\u00e9tait \u00e0 l\u2019ordre du jour.","og_url":"https:\/\/legrandcontinent.eu\/fr\/2025\/05\/16\/que-retenir-des-negociations-entre-lukraine-et-la-russie-a-istanbul\/","og_site_name":"Le Grand Continent","article_published_time":"2025-05-16T18:48:26+00:00","article_modified_time":"2025-05-16T18:48:28+00:00","og_image":[{"width":1908,"height":1068,"url":"https:\/\/legrandcontinent.eu\/fr\/wp-content\/uploads\/sites\/2\/2025\/05\/gc-share-que-retenir-istanbul.png","type":"image\/png"}],"author":"Ramona Bloj","twitter_card":"summary_large_image","twitter_image":"https:\/\/legrandcontinent.eu\/fr\/wp-content\/uploads\/sites\/2\/2025\/05\/gc-share-que-retenir-istanbul.png","twitter_misc":{"\u00c9crit par":"Ramona Bloj","Dur\u00e9e de lecture estim\u00e9e":"3 minutes"},"schema":{"@context":"https:\/\/schema.org","@graph":[{"@type":"WebPage","@id":"https:\/\/legrandcontinent.eu\/fr\/2025\/05\/16\/que-retenir-des-negociations-entre-lukraine-et-la-russie-a-istanbul\/","url":"https:\/\/legrandcontinent.eu\/fr\/2025\/05\/16\/que-retenir-des-negociations-entre-lukraine-et-la-russie-a-istanbul\/","name":"Que retenir des n\u00e9gociations entre l\u2019Ukraine et la Russie \u00e0 Istanbul ? | Le Grand Continent","isPartOf":{"@id":"https:\/\/legrandcontinent.eu\/fr\/#website"},"primaryImageOfPage":{"@id":"https:\/\/legrandcontinent.eu\/fr\/2025\/05\/16\/que-retenir-des-negociations-entre-lukraine-et-la-russie-a-istanbul\/#primaryimage"},"image":{"@id":"https:\/\/legrandcontinent.eu\/fr\/2025\/05\/16\/que-retenir-des-negociations-entre-lukraine-et-la-russie-a-istanbul\/#primaryimage"},"thumbnailUrl":"https:\/\/legrandcontinent.eu\/fr\/wp-content\/uploads\/sites\/2\/2025\/05\/gc-que-retenir-istanbul.png","datePublished":"2025-05-16T18:48:26+00:00","dateModified":"2025-05-16T18:48:28+00:00","author":{"@id":"https:\/\/legrandcontinent.eu\/fr\/#\/schema\/person\/bee86896b403754f76b6b1515ff0b697"},"breadcrumb":{"@id":"https:\/\/legrandcontinent.eu\/fr\/2025\/05\/16\/que-retenir-des-negociations-entre-lukraine-et-la-russie-a-istanbul\/#breadcrumb"},"inLanguage":"fr-FR","potentialAction":[{"@type":"ReadAction","target":["https:\/\/legrandcontinent.eu\/fr\/2025\/05\/16\/que-retenir-des-negociations-entre-lukraine-et-la-russie-a-istanbul\/"]}]},{"@type":"ImageObject","inLanguage":"fr-FR","@id":"https:\/\/legrandcontinent.eu\/fr\/2025\/05\/16\/que-retenir-des-negociations-entre-lukraine-et-la-russie-a-istanbul\/#primaryimage","url":"https:\/\/legrandcontinent.eu\/fr\/wp-content\/uploads\/sites\/2\/2025\/05\/gc-que-retenir-istanbul.png","contentUrl":"https:\/\/legrandcontinent.eu\/fr\/wp-content\/uploads\/sites\/2\/2025\/05\/gc-que-retenir-istanbul.png","width":1896,"height":1068},{"@type":"BreadcrumbList","@id":"https:\/\/legrandcontinent.eu\/fr\/2025\/05\/16\/que-retenir-des-negociations-entre-lukraine-et-la-russie-a-istanbul\/#breadcrumb","itemListElement":[{"@type":"ListItem","position":1,"name":"Accueil","item":"https:\/\/legrandcontinent.eu\/fr\/"},{"@type":"ListItem","position":2,"name":"Que retenir des n\u00e9gociations entre l\u2019Ukraine et la Russie \u00e0 Istanbul&#160;?"}]},{"@type":"WebSite","@id":"https:\/\/legrandcontinent.eu\/fr\/#website","url":"https:\/\/legrandcontinent.eu\/fr\/","name":"Le Grand Continent","description":"L&#039;\u00e9chelle pertinente","potentialAction":[{"@type":"SearchAction","target":{"@type":"EntryPoint","urlTemplate":"https:\/\/legrandcontinent.eu\/fr\/?s={search_term_string}"},"query-input":{"@type":"PropertyValueSpecification","valueRequired":true,"valueName":"search_term_string"}}],"inLanguage":"fr-FR"},{"@type":"Person","@id":"https:\/\/legrandcontinent.eu\/fr\/#\/schema\/person\/bee86896b403754f76b6b1515ff0b697","name":"Ramona Bloj","image":{"@type":"ImageObject","inLanguage":"fr-FR","@id":"https:\/\/legrandcontinent.eu\/fr\/#\/schema\/person\/image\/","url":"https:\/\/secure.gravatar.com\/avatar\/c1d91adb7c4c1eed266b81c0f9915707?s=96&d=mm&r=g","contentUrl":"https:\/\/secure.gravatar.com\/avatar\/c1d91adb7c4c1eed266b81c0f9915707?s=96&d=mm&r=g","caption":"Ramona Bloj"}}]}},"lgc_categories":[{"id":3116,"name":"La guerre en Ukraine au jour le jour","slug":"la-guerre-en-ukraine-au-jour-le-jour"}],"lgc_author":null,"feature_image_summary":{"url":"https:\/\/legrandcontinent.eu\/fr\/wp-content\/uploads\/sites\/2\/2025\/05\/gc-que-retenir-istanbul.png","width":1896,"height":1068,"alt":""},"feature_image_cover":null,"term_position_data":null,"_links":{"self":[{"href":"https:\/\/legrandcontinent.eu\/fr\/wp-json\/wp\/v2\/posts\/279655","targetHints":{"allow":["GET"]}}],"collection":[{"href":"https:\/\/legrandcontinent.eu\/fr\/wp-json\/wp\/v2\/posts"}],"about":[{"href":"https:\/\/legrandcontinent.eu\/fr\/wp-json\/wp\/v2\/types\/post"}],"author":[{"embeddable":true,"href":"https:\/\/legrandcontinent.eu\/fr\/wp-json\/wp\/v2\/users\/40"}],"replies":[{"embeddable":true,"href":"https:\/\/legrandcontinent.eu\/fr\/wp-json\/wp\/v2\/comments?post=279655"}],"version-history":[{"count":0,"href":"https:\/\/legrandcontinent.eu\/fr\/wp-json\/wp\/v2\/posts\/279655\/revisions"}],"wp:featuredmedia":[{"embeddable":true,"href":"https:\/\/legrandcontinent.eu\/fr\/wp-json\/wp\/v2\/media\/279642"}],"wp:attachment":[{"href":"https:\/\/legrandcontinent.eu\/fr\/wp-json\/wp\/v2\/media?parent=279655"}],"wp:term":[{"taxonomy":"category","embeddable":true,"href":"https:\/\/legrandcontinent.eu\/fr\/wp-json\/wp\/v2\/categories?post=279655"},{"taxonomy":"post_tag","embeddable":true,"href":"https:\/\/legrandcontinent.eu\/fr\/wp-json\/wp\/v2\/tags?post=279655"},{"taxonomy":"staff","embeddable":true,"href":"https:\/\/legrandcontinent.eu\/fr\/wp-json\/wp\/v2\/staff?post=279655"},{"taxonomy":"editorial_format","embeddable":true,"href":"https:\/\/legrandcontinent.eu\/fr\/wp-json\/wp\/v2\/editorial_format?post=279655"},{"taxonomy":"serie","embeddable":true,"href":"https:\/\/legrandcontinent.eu\/fr\/wp-json\/wp\/v2\/serie?post=279655"},{"taxonomy":"audience","embeddable":true,"href":"https:\/\/legrandcontinent.eu\/fr\/wp-json\/wp\/v2\/audience?post=279655"},{"taxonomy":"geo","embeddable":true,"href":"https:\/\/legrandcontinent.eu\/fr\/wp-json\/wp\/v2\/geo?post=279655"}],"curies":[{"name":"wp","href":"https:\/\/api.w.org\/{rel}","templated":true}]}}