{"id":279428,"date":"2025-05-16T06:30:00","date_gmt":"2025-05-16T04:30:00","guid":{"rendered":"https:\/\/legrandcontinent.eu\/fr\/?p=279428"},"modified":"2025-05-15T23:49:46","modified_gmt":"2025-05-15T21:49:46","slug":"lalbanie-reunit-47-dirigeants-europeens-pour-le-sommet-de-la-communaute-politique-europeenne-a-tirana","status":"publish","type":"post","link":"https:\/\/legrandcontinent.eu\/fr\/2025\/05\/16\/lalbanie-reunit-47-dirigeants-europeens-pour-le-sommet-de-la-communaute-politique-europeenne-a-tirana\/","title":{"rendered":"L\u2019Albanie r\u00e9unit 47 dirigeants europ\u00e9ens pour le sommet de la Communaut\u00e9 politique europ\u00e9enne \u00e0 Tirana"},"content":{"rendered":"\n<p><br>Trois ans apr\u00e8s sa cr\u00e9ation, la Communaut\u00e9 politique europ\u00e9enne (CPE) tient aujourd\u2019hui son sixi\u00e8me sommet \u00e0 Tirana, en Albanie. Il s\u2019agit de la premi\u00e8re fois que les 47 dirigeants europ\u00e9ens invit\u00e9s se r\u00e9unissent dans les Balkans, et ce quelques jours seulement apr\u00e8s la victoire du Premier ministre sortant Edi Rama aux \u00e9lections l\u00e9gislatives du 11 mai.<\/p>\n\n\n\n<p>Cr\u00e9\u00e9e en r\u00e9ponse \u00e0 l\u2019invasion russe \u00e0 grande \u00e9chelle de l\u2019Ukraine en f\u00e9vrier 2022, la CPE est plut\u00f4t un symbole de l&rsquo;unit\u00e9 europ\u00e9enne au-del\u00e0 des fronti\u00e8res de l\u2019Union, et les attentes quant aux r\u00e9sultats produits sont modestes.<\/p>\n\n\n\n<ul class=\"wp-block-list\">\n<li>Contrairement aux sommets de l\u2019OTAN ou de l\u2019Union, la CPE fournit un cadre relativement ouvert permettant aux dirigeants d\u2019interagir et de discuter sans protocole strict ni surabondance de conseillers et assistants&nbsp;<span class='whitespace-nowrap'><span id='easy-footnote-1-279428' class='easy-footnote-margin-adjust'><\/span><span class='easy-footnote'><a href='https:\/\/legrandcontinent.eu\/fr\/2025\/05\/16\/lalbanie-reunit-47-dirigeants-europeens-pour-le-sommet-de-la-communaute-politique-europeenne-a-tirana\/#easy-footnote-bottom-1-279428' title='Rikard Jozwiak, \u00ab&amp;#160;&lt;a href=&quot;https:\/\/www.rferl.org\/a\/epc-summit-eu-macron-security-ukraine-\/33411469.html&quot;&gt;At More Informal EPC Summit In Tirana, EU Leaders Can &amp;lsquo;Get Creative&amp;rsquo; On Ukraine&lt;\/a&gt;&amp;#160;\u00bb, &lt;em&gt;Radio Free Europe&lt;\/em&gt;, 13 mai 2025.'><sup>1<\/sup><\/a><\/span><\/span>.<\/li>\n\n\n\n<li>L\u2019absence de d\u00e9claration commune \u00e0 l\u2019issue du sommet vise \u00e0 e<a href=\"https:\/\/legrandcontinent.eu\/fr\/2023\/05\/29\/la-communaute-politique-europeenne-avenir-dune-intuition\/\">ncourager les \u00e0 participer<\/a>, la principale \u00ab&#160;marque&#160;\u00bb de la r\u00e9union \u00e9tant la photo de groupe sur laquelle figure l&rsquo;ensemble des chefs d\u2019\u00c9tat et de gouvernement pr\u00e9sents.<\/li>\n<\/ul>\n\n\n\n<div class=\"iframe-container wp-block-image wp-block-image-medium  iframe-dw\">\n\t<div>\n\t\t<iframe class=\"absolute w-full h-full pin-t pin-l\" title=\"titolo\" aria-label=\"Interactive line chart\" src=\"\/\/datawrapper.dwcdn.net\/Y0ktv\" scrolling=\"no\" frameborder=\"0\"><\/iframe>\n\t<\/div>\n<\/div>\n\n\n\n<p>La th\u00e9matique du sommet est&#160;: \u00ab&#160;Une nouvelle Europe dans un nouveau monde&#160;: unit\u00e9 &#8211; coop\u00e9ration &#8211; action commune&#160;\u00bb. Trois tables-rondes seront organis\u00e9es portant sur la s\u00e9curisation de l\u2019Europe et le renforcement de la r\u00e9silience d\u00e9mocratique, la stimulation de la comp\u00e9titivit\u00e9 et de la s\u00e9curit\u00e9 europ\u00e9ennes par l&rsquo;innovation et la r\u00e9silience, et enfin sur la mobilit\u00e9 et l\u2019autonomisation des jeunes.<\/p>\n\n\n\n<ul class=\"wp-block-list\">\n<li>Sur le continent europ\u00e9en, seuls trois pays ne re\u00e7oivent pas d\u2019invitation \u00e0 participer au sommet&#160;: la Russie, le B\u00e9larus et le Vatican. Depuis le deuxi\u00e8me sommet, trois micro-\u00c9tats europ\u00e9ens sont syst\u00e9matiquement invit\u00e9s&#160;: Monaco, Andorre et Saint-Marin.<\/li>\n\n\n\n<li>Plusieurs dirigeants proches du pr\u00e9sident russe seront toutefois pr\u00e9sents, comme le Premier ministre hongrois Viktor Orb\u00e1n, le Premier ministre slovaque Robert Fico ou encore le pr\u00e9sident serbe Aleksandar Vu\u010di\u0107 \u2014 ces deux derniers ayant pris part au <a href=\"https:\/\/legrandcontinent.eu\/fr\/2025\/05\/09\/defile-du-9-mai-le-discours-integral-de-poutine-a-moscou\/\">d\u00e9fil\u00e9 militaire du 9 mai<\/a> sur la place Rouge, aux c\u00f4t\u00e9s de Poutine.<\/li>\n\n\n\n<li>Volodymyr Zelensky se rendra quant \u00e0 lui \u00e0 Tirana en compagnie du pr\u00e9sident turc Recep Tayyip Erdo\u011fan, apr\u00e8s une rencontre entre les deux dirigeants hier, jeudi 15 mai, \u00e0 Ankara.<\/li>\n\n\n\n<li>Le sommet constituera \u00e9galement la premi\u00e8re grande rencontre multilat\u00e9rale du nouveau chancelier allemand Friedrich Merz.<\/li>\n<\/ul>\n\n\n\n<p>Les sommets de la CPE fournissent au pr\u00e9sident ukrainien une occasion suppl\u00e9mentaire d\u2019\u00e9changer avec ses homologues europ\u00e9ens. La question des sanctions suppl\u00e9mentaires sur la Russie et des n\u00e9gociations de paix seront tr\u00e8s certainement abord\u00e9es, apr\u00e8s le <a href=\"https:\/\/legrandcontinent.eu\/fr\/2025\/05\/15\/a-istanbul-lukraine-et-la-russie-entament-des-negociations-directes-pour-la-premiere-fois-depuis-2022\/\">d\u00e9but des n\u00e9gociations directes entre la Russie et l\u2019Ukraine<\/a> hier, jeudi 15 mai.<\/p>\n","protected":false},"excerpt":{"rendered":"<p>Aujourd\u2019hui, vendredi 16 mai, s\u2019ouvre \u00e0 Tirana, en Albanie, le sixi\u00e8me sommet de la Communaut\u00e9 politique europ\u00e9enne, une structure cr\u00e9\u00e9e en 2022 qui regroupe les 27 \u00c9tats membres de l\u2019Union ainsi que 20 pays europ\u00e9ens. <\/p>\n","protected":false},"author":40,"featured_media":279474,"comment_status":"closed","ping_status":"closed","sticky":false,"template":"templates\/post-briefings.php","format":"standard","meta":{"_acf_changed":true,"_trash_the_other_posts":false,"_yoast_wpseo_estimated-reading-time-minutes":3,"footnotes":""},"categories":[3622],"tags":[],"staff":[],"editorial_format":[],"serie":[],"audience":[],"geo":[1917],"class_list":["post-279428","post","type-post","status-publish","format-standard","hentry","category-communaute-politique-europeenne","geo-europe"],"acf":{"open_in_webview":false,"accent":false},"yoast_head":"<!-- This site is optimized with the Yoast SEO plugin v26.1.1 - https:\/\/yoast.com\/wordpress\/plugins\/seo\/ -->\n<title>L\u2019Albanie r\u00e9unit 47 dirigeants europ\u00e9ens pour le sommet de la Communaut\u00e9 politique europ\u00e9enne \u00e0 Tirana | Le Grand Continent<\/title>\n<meta name=\"robots\" content=\"index, follow, max-snippet:-1, max-image-preview:large, max-video-preview:-1\" \/>\n<link rel=\"canonical\" href=\"https:\/\/legrandcontinent.eu\/fr\/2025\/05\/16\/lalbanie-reunit-47-dirigeants-europeens-pour-le-sommet-de-la-communaute-politique-europeenne-a-tirana\/\" \/>\n<meta property=\"og:locale\" content=\"fr_FR\" \/>\n<meta property=\"og:type\" content=\"article\" \/>\n<meta property=\"og:title\" content=\"L\u2019Albanie r\u00e9unit 47 dirigeants europ\u00e9ens pour le sommet de la Communaut\u00e9 politique europ\u00e9enne \u00e0 Tirana | Le Grand Continent\" \/>\n<meta property=\"og:description\" content=\"Aujourd\u2019hui, vendredi 16 mai, s\u2019ouvre \u00e0 Tirana, en Albanie, le sixi\u00e8me sommet de la Communaut\u00e9 politique europ\u00e9enne, une structure cr\u00e9\u00e9e en 2022 qui regroupe les 27 \u00c9tats membres de l\u2019Union ainsi que 20 pays europ\u00e9ens.\" \/>\n<meta property=\"og:url\" content=\"https:\/\/legrandcontinent.eu\/fr\/2025\/05\/16\/lalbanie-reunit-47-dirigeants-europeens-pour-le-sommet-de-la-communaute-politique-europeenne-a-tirana\/\" \/>\n<meta property=\"og:site_name\" content=\"Le Grand Continent\" \/>\n<meta property=\"article:published_time\" content=\"2025-05-16T04:30:00+00:00\" \/>\n<meta property=\"og:image\" content=\"https:\/\/legrandcontinent.eu\/fr\/wp-content\/uploads\/sites\/2\/2025\/05\/Capture-decran-2025-05-15-a-23.47.37.png\" \/>\n\t<meta property=\"og:image:width\" content=\"1688\" \/>\n\t<meta property=\"og:image:height\" content=\"946\" \/>\n\t<meta property=\"og:image:type\" content=\"image\/png\" \/>\n<meta name=\"author\" content=\"Ramona Bloj\" \/>\n<meta name=\"twitter:card\" content=\"summary_large_image\" \/>\n<meta name=\"twitter:image\" content=\"https:\/\/legrandcontinent.eu\/fr\/wp-content\/uploads\/sites\/2\/2025\/05\/Capture-decran-2025-05-15-a-23.47.37.png\" \/>\n<meta name=\"twitter:label1\" content=\"\u00c9crit par\" \/>\n\t<meta name=\"twitter:data1\" content=\"Ramona Bloj\" \/>\n\t<meta name=\"twitter:label2\" content=\"Dur\u00e9e de lecture estim\u00e9e\" \/>\n\t<meta name=\"twitter:data2\" content=\"3 minutes\" \/>\n<script type=\"application\/ld+json\" class=\"yoast-schema-graph\">{\"@context\":\"https:\/\/schema.org\",\"@graph\":[{\"@type\":\"WebPage\",\"@id\":\"https:\/\/legrandcontinent.eu\/fr\/2025\/05\/16\/lalbanie-reunit-47-dirigeants-europeens-pour-le-sommet-de-la-communaute-politique-europeenne-a-tirana\/\",\"url\":\"https:\/\/legrandcontinent.eu\/fr\/2025\/05\/16\/lalbanie-reunit-47-dirigeants-europeens-pour-le-sommet-de-la-communaute-politique-europeenne-a-tirana\/\",\"name\":\"L\u2019Albanie r\u00e9unit 47 dirigeants europ\u00e9ens pour le sommet de la Communaut\u00e9 politique europ\u00e9enne \u00e0 Tirana | Le Grand Continent\",\"isPartOf\":{\"@id\":\"https:\/\/legrandcontinent.eu\/fr\/#website\"},\"primaryImageOfPage\":{\"@id\":\"https:\/\/legrandcontinent.eu\/fr\/2025\/05\/16\/lalbanie-reunit-47-dirigeants-europeens-pour-le-sommet-de-la-communaute-politique-europeenne-a-tirana\/#primaryimage\"},\"image\":{\"@id\":\"https:\/\/legrandcontinent.eu\/fr\/2025\/05\/16\/lalbanie-reunit-47-dirigeants-europeens-pour-le-sommet-de-la-communaute-politique-europeenne-a-tirana\/#primaryimage\"},\"thumbnailUrl\":\"https:\/\/legrandcontinent.eu\/fr\/wp-content\/uploads\/sites\/2\/2025\/05\/Capture-decran-2025-05-15-a-23.48.49.png\",\"datePublished\":\"2025-05-16T04:30:00+00:00\",\"author\":{\"@id\":\"https:\/\/legrandcontinent.eu\/fr\/#\/schema\/person\/bee86896b403754f76b6b1515ff0b697\"},\"breadcrumb\":{\"@id\":\"https:\/\/legrandcontinent.eu\/fr\/2025\/05\/16\/lalbanie-reunit-47-dirigeants-europeens-pour-le-sommet-de-la-communaute-politique-europeenne-a-tirana\/#breadcrumb\"},\"inLanguage\":\"fr-FR\",\"potentialAction\":[{\"@type\":\"ReadAction\",\"target\":[\"https:\/\/legrandcontinent.eu\/fr\/2025\/05\/16\/lalbanie-reunit-47-dirigeants-europeens-pour-le-sommet-de-la-communaute-politique-europeenne-a-tirana\/\"]}]},{\"@type\":\"ImageObject\",\"inLanguage\":\"fr-FR\",\"@id\":\"https:\/\/legrandcontinent.eu\/fr\/2025\/05\/16\/lalbanie-reunit-47-dirigeants-europeens-pour-le-sommet-de-la-communaute-politique-europeenne-a-tirana\/#primaryimage\",\"url\":\"https:\/\/legrandcontinent.eu\/fr\/wp-content\/uploads\/sites\/2\/2025\/05\/Capture-decran-2025-05-15-a-23.48.49.png\",\"contentUrl\":\"https:\/\/legrandcontinent.eu\/fr\/wp-content\/uploads\/sites\/2\/2025\/05\/Capture-decran-2025-05-15-a-23.48.49.png\",\"width\":1678,\"height\":938},{\"@type\":\"BreadcrumbList\",\"@id\":\"https:\/\/legrandcontinent.eu\/fr\/2025\/05\/16\/lalbanie-reunit-47-dirigeants-europeens-pour-le-sommet-de-la-communaute-politique-europeenne-a-tirana\/#breadcrumb\",\"itemListElement\":[{\"@type\":\"ListItem\",\"position\":1,\"name\":\"Accueil\",\"item\":\"https:\/\/legrandcontinent.eu\/fr\/\"},{\"@type\":\"ListItem\",\"position\":2,\"name\":\"L\u2019Albanie r\u00e9unit 47 dirigeants europ\u00e9ens pour le sommet de la Communaut\u00e9 politique europ\u00e9enne \u00e0 Tirana\"}]},{\"@type\":\"WebSite\",\"@id\":\"https:\/\/legrandcontinent.eu\/fr\/#website\",\"url\":\"https:\/\/legrandcontinent.eu\/fr\/\",\"name\":\"Le Grand Continent\",\"description\":\"L&#039;\u00e9chelle pertinente\",\"potentialAction\":[{\"@type\":\"SearchAction\",\"target\":{\"@type\":\"EntryPoint\",\"urlTemplate\":\"https:\/\/legrandcontinent.eu\/fr\/?s={search_term_string}\"},\"query-input\":{\"@type\":\"PropertyValueSpecification\",\"valueRequired\":true,\"valueName\":\"search_term_string\"}}],\"inLanguage\":\"fr-FR\"},{\"@type\":\"Person\",\"@id\":\"https:\/\/legrandcontinent.eu\/fr\/#\/schema\/person\/bee86896b403754f76b6b1515ff0b697\",\"name\":\"Ramona Bloj\",\"image\":{\"@type\":\"ImageObject\",\"inLanguage\":\"fr-FR\",\"@id\":\"https:\/\/legrandcontinent.eu\/fr\/#\/schema\/person\/image\/\",\"url\":\"https:\/\/secure.gravatar.com\/avatar\/c1d91adb7c4c1eed266b81c0f9915707?s=96&d=mm&r=g\",\"contentUrl\":\"https:\/\/secure.gravatar.com\/avatar\/c1d91adb7c4c1eed266b81c0f9915707?s=96&d=mm&r=g\",\"caption\":\"Ramona Bloj\"}}]}<\/script>\n<!-- \/ Yoast SEO plugin. -->","yoast_head_json":{"title":"L\u2019Albanie r\u00e9unit 47 dirigeants europ\u00e9ens pour le sommet de la Communaut\u00e9 politique europ\u00e9enne \u00e0 Tirana | Le Grand Continent","robots":{"index":"index","follow":"follow","max-snippet":"max-snippet:-1","max-image-preview":"max-image-preview:large","max-video-preview":"max-video-preview:-1"},"canonical":"https:\/\/legrandcontinent.eu\/fr\/2025\/05\/16\/lalbanie-reunit-47-dirigeants-europeens-pour-le-sommet-de-la-communaute-politique-europeenne-a-tirana\/","og_locale":"fr_FR","og_type":"article","og_title":"L\u2019Albanie r\u00e9unit 47 dirigeants europ\u00e9ens pour le sommet de la Communaut\u00e9 politique europ\u00e9enne \u00e0 Tirana | Le Grand Continent","og_description":"Aujourd\u2019hui, vendredi 16 mai, s\u2019ouvre \u00e0 Tirana, en Albanie, le sixi\u00e8me sommet de la Communaut\u00e9 politique europ\u00e9enne, une structure cr\u00e9\u00e9e en 2022 qui regroupe les 27 \u00c9tats membres de l\u2019Union ainsi que 20 pays europ\u00e9ens.","og_url":"https:\/\/legrandcontinent.eu\/fr\/2025\/05\/16\/lalbanie-reunit-47-dirigeants-europeens-pour-le-sommet-de-la-communaute-politique-europeenne-a-tirana\/","og_site_name":"Le Grand Continent","article_published_time":"2025-05-16T04:30:00+00:00","og_image":[{"width":1688,"height":946,"url":"https:\/\/legrandcontinent.eu\/fr\/wp-content\/uploads\/sites\/2\/2025\/05\/Capture-decran-2025-05-15-a-23.47.37.png","type":"image\/png"}],"author":"Ramona Bloj","twitter_card":"summary_large_image","twitter_image":"https:\/\/legrandcontinent.eu\/fr\/wp-content\/uploads\/sites\/2\/2025\/05\/Capture-decran-2025-05-15-a-23.47.37.png","twitter_misc":{"\u00c9crit par":"Ramona Bloj","Dur\u00e9e de lecture estim\u00e9e":"3 minutes"},"schema":{"@context":"https:\/\/schema.org","@graph":[{"@type":"WebPage","@id":"https:\/\/legrandcontinent.eu\/fr\/2025\/05\/16\/lalbanie-reunit-47-dirigeants-europeens-pour-le-sommet-de-la-communaute-politique-europeenne-a-tirana\/","url":"https:\/\/legrandcontinent.eu\/fr\/2025\/05\/16\/lalbanie-reunit-47-dirigeants-europeens-pour-le-sommet-de-la-communaute-politique-europeenne-a-tirana\/","name":"L\u2019Albanie r\u00e9unit 47 dirigeants europ\u00e9ens pour le sommet de la Communaut\u00e9 politique europ\u00e9enne \u00e0 Tirana | Le Grand Continent","isPartOf":{"@id":"https:\/\/legrandcontinent.eu\/fr\/#website"},"primaryImageOfPage":{"@id":"https:\/\/legrandcontinent.eu\/fr\/2025\/05\/16\/lalbanie-reunit-47-dirigeants-europeens-pour-le-sommet-de-la-communaute-politique-europeenne-a-tirana\/#primaryimage"},"image":{"@id":"https:\/\/legrandcontinent.eu\/fr\/2025\/05\/16\/lalbanie-reunit-47-dirigeants-europeens-pour-le-sommet-de-la-communaute-politique-europeenne-a-tirana\/#primaryimage"},"thumbnailUrl":"https:\/\/legrandcontinent.eu\/fr\/wp-content\/uploads\/sites\/2\/2025\/05\/Capture-decran-2025-05-15-a-23.48.49.png","datePublished":"2025-05-16T04:30:00+00:00","author":{"@id":"https:\/\/legrandcontinent.eu\/fr\/#\/schema\/person\/bee86896b403754f76b6b1515ff0b697"},"breadcrumb":{"@id":"https:\/\/legrandcontinent.eu\/fr\/2025\/05\/16\/lalbanie-reunit-47-dirigeants-europeens-pour-le-sommet-de-la-communaute-politique-europeenne-a-tirana\/#breadcrumb"},"inLanguage":"fr-FR","potentialAction":[{"@type":"ReadAction","target":["https:\/\/legrandcontinent.eu\/fr\/2025\/05\/16\/lalbanie-reunit-47-dirigeants-europeens-pour-le-sommet-de-la-communaute-politique-europeenne-a-tirana\/"]}]},{"@type":"ImageObject","inLanguage":"fr-FR","@id":"https:\/\/legrandcontinent.eu\/fr\/2025\/05\/16\/lalbanie-reunit-47-dirigeants-europeens-pour-le-sommet-de-la-communaute-politique-europeenne-a-tirana\/#primaryimage","url":"https:\/\/legrandcontinent.eu\/fr\/wp-content\/uploads\/sites\/2\/2025\/05\/Capture-decran-2025-05-15-a-23.48.49.png","contentUrl":"https:\/\/legrandcontinent.eu\/fr\/wp-content\/uploads\/sites\/2\/2025\/05\/Capture-decran-2025-05-15-a-23.48.49.png","width":1678,"height":938},{"@type":"BreadcrumbList","@id":"https:\/\/legrandcontinent.eu\/fr\/2025\/05\/16\/lalbanie-reunit-47-dirigeants-europeens-pour-le-sommet-de-la-communaute-politique-europeenne-a-tirana\/#breadcrumb","itemListElement":[{"@type":"ListItem","position":1,"name":"Accueil","item":"https:\/\/legrandcontinent.eu\/fr\/"},{"@type":"ListItem","position":2,"name":"L\u2019Albanie r\u00e9unit 47 dirigeants europ\u00e9ens pour le sommet de la Communaut\u00e9 politique europ\u00e9enne \u00e0 Tirana"}]},{"@type":"WebSite","@id":"https:\/\/legrandcontinent.eu\/fr\/#website","url":"https:\/\/legrandcontinent.eu\/fr\/","name":"Le Grand Continent","description":"L&#039;\u00e9chelle pertinente","potentialAction":[{"@type":"SearchAction","target":{"@type":"EntryPoint","urlTemplate":"https:\/\/legrandcontinent.eu\/fr\/?s={search_term_string}"},"query-input":{"@type":"PropertyValueSpecification","valueRequired":true,"valueName":"search_term_string"}}],"inLanguage":"fr-FR"},{"@type":"Person","@id":"https:\/\/legrandcontinent.eu\/fr\/#\/schema\/person\/bee86896b403754f76b6b1515ff0b697","name":"Ramona Bloj","image":{"@type":"ImageObject","inLanguage":"fr-FR","@id":"https:\/\/legrandcontinent.eu\/fr\/#\/schema\/person\/image\/","url":"https:\/\/secure.gravatar.com\/avatar\/c1d91adb7c4c1eed266b81c0f9915707?s=96&d=mm&r=g","contentUrl":"https:\/\/secure.gravatar.com\/avatar\/c1d91adb7c4c1eed266b81c0f9915707?s=96&d=mm&r=g","caption":"Ramona Bloj"}}]}},"lgc_categories":[{"id":3622,"name":"Communaut\u00e9 politique europ\u00e9enne","slug":"communaute-politique-europeenne"}],"lgc_author":null,"feature_image_summary":{"url":"https:\/\/legrandcontinent.eu\/fr\/wp-content\/uploads\/sites\/2\/2025\/05\/Capture-decran-2025-05-15-a-23.48.49.png","width":1678,"height":938,"alt":""},"feature_image_cover":null,"term_position_data":null,"_links":{"self":[{"href":"https:\/\/legrandcontinent.eu\/fr\/wp-json\/wp\/v2\/posts\/279428","targetHints":{"allow":["GET"]}}],"collection":[{"href":"https:\/\/legrandcontinent.eu\/fr\/wp-json\/wp\/v2\/posts"}],"about":[{"href":"https:\/\/legrandcontinent.eu\/fr\/wp-json\/wp\/v2\/types\/post"}],"author":[{"embeddable":true,"href":"https:\/\/legrandcontinent.eu\/fr\/wp-json\/wp\/v2\/users\/40"}],"replies":[{"embeddable":true,"href":"https:\/\/legrandcontinent.eu\/fr\/wp-json\/wp\/v2\/comments?post=279428"}],"version-history":[{"count":0,"href":"https:\/\/legrandcontinent.eu\/fr\/wp-json\/wp\/v2\/posts\/279428\/revisions"}],"wp:featuredmedia":[{"embeddable":true,"href":"https:\/\/legrandcontinent.eu\/fr\/wp-json\/wp\/v2\/media\/279474"}],"wp:attachment":[{"href":"https:\/\/legrandcontinent.eu\/fr\/wp-json\/wp\/v2\/media?parent=279428"}],"wp:term":[{"taxonomy":"category","embeddable":true,"href":"https:\/\/legrandcontinent.eu\/fr\/wp-json\/wp\/v2\/categories?post=279428"},{"taxonomy":"post_tag","embeddable":true,"href":"https:\/\/legrandcontinent.eu\/fr\/wp-json\/wp\/v2\/tags?post=279428"},{"taxonomy":"staff","embeddable":true,"href":"https:\/\/legrandcontinent.eu\/fr\/wp-json\/wp\/v2\/staff?post=279428"},{"taxonomy":"editorial_format","embeddable":true,"href":"https:\/\/legrandcontinent.eu\/fr\/wp-json\/wp\/v2\/editorial_format?post=279428"},{"taxonomy":"serie","embeddable":true,"href":"https:\/\/legrandcontinent.eu\/fr\/wp-json\/wp\/v2\/serie?post=279428"},{"taxonomy":"audience","embeddable":true,"href":"https:\/\/legrandcontinent.eu\/fr\/wp-json\/wp\/v2\/audience?post=279428"},{"taxonomy":"geo","embeddable":true,"href":"https:\/\/legrandcontinent.eu\/fr\/wp-json\/wp\/v2\/geo?post=279428"}],"curies":[{"name":"wp","href":"https:\/\/api.w.org\/{rel}","templated":true}]}}