{"id":276523,"date":"2025-05-05T15:03:32","date_gmt":"2025-05-05T13:03:32","guid":{"rendered":"https:\/\/legrandcontinent.eu\/fr\/?p=276523"},"modified":"2025-05-18T17:47:03","modified_gmt":"2025-05-18T15:47:03","slug":"qui-est-nicusor-dan-le-maire-liberal-de-bucarest-ancien-de-lecole-normale-superieure-sera-confronte-au-second-tour-a-george-simion","status":"publish","type":"post","link":"https:\/\/legrandcontinent.eu\/fr\/2025\/05\/05\/qui-est-nicusor-dan-le-maire-liberal-de-bucarest-ancien-de-lecole-normale-superieure-sera-confronte-au-second-tour-a-george-simion\/","title":{"rendered":"Qui est Nicu\u0219or Dan&#160;? Le maire lib\u00e9ral de Bucarest, ancien de l\u2019\u00c9cole normale sup\u00e9rieure sera confront\u00e9 au second tour \u00e0 George Simion"},"content":{"rendered":"\n<p><em>Apr\u00e8s <a href=\"https:\/\/legrandcontinent.eu\/fr\/2025\/05\/05\/qui-est-george-simion-du-complotisme-covid-19-a-la-nostalgie-de-ceausescu-10-phrases-choc-de-lhomme-fort-de-lextreme-droite-roumaine\/\">notre portrait de George Simion<\/a>, d\u00e9couvrez celui qui lui fera face au second tour de la pr\u00e9sidentielle en Roumanie. Avec le Grand Continent nous avons suivi de pr\u00e8s l\u2019\u00e9lection roumaine \u2014 l\u2019une des plus importantes de ce premier semestre \u2014 avec des&nbsp;<\/em><a href=\"https:\/\/legrandcontinent.eu\/fr\/2025\/03\/01\/les-hommes-de-georgescu-enquete-sur-le-changement-de-regime-en-roumanie\/\"><em>enqu\u00eates<\/em><\/a><em>, des&nbsp;<\/em><a href=\"https:\/\/legrandcontinent.eu\/fr\/2024\/11\/25\/qui-est-calin-georgescu-visage-tiktok-de-lextreme-droite-en-roumanie\/\"><em>profils<\/em><\/a><em>&nbsp;et des&nbsp;<\/em><a href=\"https:\/\/legrandcontinent.eu\/fr\/2025\/05\/05\/lextreme-droite-en-tete-au-premier-tour-de-lelections-presidentielles-en-roumanie-le-second-tour-verra-george-simion-sopposer-a-nicusor-dan\/\"><em>analyses \u00e0 chaud<\/em><\/a><em>. Pour recevoir l\u2019essentiel de nos publications ou pour soutenir notre travail vous pouvez vous&nbsp;<\/em><a href=\"https:\/\/legrandcontinent.eu\/fr\/offre-legc-x\/\" target=\"_blank\" rel=\"noreferrer noopener\"><em>abonner \u00e0 la revue<\/em><\/a><\/p>\n\n\n\n<h2 class=\"wp-block-heading\">1 \u2014 Une formation francophone, marqu\u00e9e par l\u2019excellence acad\u00e9mique<\/h2>\n\n\n\n<p>Nicu\u0219or Dan est n\u00e9 le 20 d\u00e9cembre 1969 \u00e0 F\u0103g\u0103ra\u0219, dans le d\u00e9partement de Bra\u0219ov&nbsp;<span class='whitespace-nowrap'><span id='easy-footnote-1-276523' class='easy-footnote-margin-adjust'><\/span><span class='easy-footnote'><a href='https:\/\/legrandcontinent.eu\/fr\/2025\/05\/05\/qui-est-nicusor-dan-le-maire-liberal-de-bucarest-ancien-de-lecole-normale-superieure-sera-confronte-au-second-tour-a-george-simion\/#easy-footnote-bottom-1-276523' title='\u201eNicu\u0219or Dan \u2013 Biografie\u201d, &lt;a href=&quot;https:\/\/nicusordan.ro\/biografie\/&quot; target=&quot;_blank&quot; rel=&quot;noreferrer noopener&quot;&gt;Site officiel de la campagne&lt;\/a&gt;.'><sup>1<\/sup><\/a><\/span><\/span>.<\/p>\n\n\n\n<p>\u00c9l\u00e8ve brillant, il remporte deux m\u00e9dailles d\u2019or aux Olympiades internationales de math\u00e9matiques en 1987 et 1988. Il int\u00e8gre la Facult\u00e9 de math\u00e9matiques de l\u2019Universit\u00e9 de Bucarest, puis part en 1992 en France poursuivre ses \u00e9tudes \u00e0 l\u2019\u00c9cole normale sup\u00e9rieure de la rue d\u2019Ulm. Il y obtient un DEA puis soutient en 1998 un doctorat en math\u00e9matiques \u00e0 l\u2019Universit\u00e9 Paris XIII (Sorbonne Paris Nord) sous la direction de Christophe Soul\u00e9&nbsp;<span class='whitespace-nowrap'><span id='easy-footnote-2-276523' class='easy-footnote-margin-adjust'><\/span><span class='easy-footnote'><a href='https:\/\/legrandcontinent.eu\/fr\/2025\/05\/05\/qui-est-nicusor-dan-le-maire-liberal-de-bucarest-ancien-de-lecole-normale-superieure-sera-confronte-au-second-tour-a-george-simion\/#easy-footnote-bottom-2-276523' title='\u201e&lt;a href=&quot;https:\/\/www.businessmagazin.ro\/actualitate\/ce-studii-are-de-fapt-nicusor-dan-candidatul-pnl-la-primaria-18923107?utm_source=chatgpt.com&quot; target=&quot;_blank&quot; rel=&quot;noreferrer noopener&quot;&gt;Ce studii are, de fapt, Nicu\u0219or Dan&lt;\/a&gt;\u201d, &lt;em&gt;Business Magazin&lt;\/em&gt;, 17 juin 2020.'><sup>2<\/sup><\/a><\/span><\/span>. Outre le roumain, Nicu\u0219or Dan parle couramment le fran\u00e7ais et l\u2019anglais, h\u00e9ritage de son parcours international.<\/p>\n\n\n\n<h2 class=\"wp-block-heading\">2 \u2014 Recherche en math\u00e9matique et fondation de l\u2019\u00c9cole normale sup\u00e9rieure de Bucarest&nbsp;<\/h2>\n\n\n\n<p>Sp\u00e9cialiste de math\u00e9matiques fondamentales, Nicu\u0219or Dan s\u2019est d\u2019abord consacr\u00e9 \u00e0 la recherche acad\u00e9mique. \u00c0 son retour en Roumanie en 1998, il devient chercheur et professeur de math\u00e9matiques \u00e0 l\u2019Institut de Math\u00e9matique de l\u2019Acad\u00e9mie Roumaine, poste qu\u2019il occupe jusqu\u2019en 2016. Il participe \u00e9galement \u00e0 la fondation de la \u0218coala Normal\u0103 Superioar\u0103 Bucure\u0219ti \u2014 une \u00ab&#160;\u00c9cole normale sup\u00e9rieure&#160;\u00bb locale, calqu\u00e9e sur le mod\u00e8le fran\u00e7ais \u2014 dont il sera le premier directeur administratif.<\/p>\n\n\n\n<h2 class=\"wp-block-heading\">3 \u2014 \u00ab&#160;Sauvez Bucarest&#160;!&#160;\u00bb&#160;: de l\u2019activisme civique \u00e0 la mairie<\/h2>\n\n\n\n<p>Nicu\u0219or Dan s\u2019engage d\u2019abord dans l&rsquo;activisme civique en se mobilisant pour la lutte contre la corruption de l\u2019urbanisme de la capitale roumaine. En 2006, indign\u00e9 par la d\u00e9molition de maisons patrimoniales et la r\u00e9duction des espaces verts \u00e0 Bucarest, il fonde l\u2019association Salva\u021bi Bucure\u0219tiul (\u00ab&#160;Sauvez Bucarest&#160;\u00bb). Par la voie juridique, il remporte des dizaines de proc\u00e8s pour bloquer les projets immobiliers ill\u00e9gaux.<\/p>\n\n\n\n\n<div class=\"double-picture my-12 lg:my-20\" \n    data-images-sizes=\"half\"\n    data-same-height=\"true\"\n    data-reference-image=\"left\"\n>    <!-- Images -->\n    <div class=\"lg:flex\">\n        <div class=\"relative lg:pr-2 mb-7 lg:mb-0 lg:w-1\/2\">\n                            <a \n                    href=\"#\"\n                    data-pswp-src=\"https:\/\/legrandcontinent.eu\/fr\/wp-content\/uploads\/sites\/2\/2025\/05\/SIPA_ap22955440_000006-scaled.jpg\" \n                    class=\"gallery-item no-underline  \" \n                    data-pswp-width=\"2560\" \n                    data-pswp-height=\"1707\"\n                >\n                    <figure class=\"wp-block-image h-full -mx-2 lg:mx-0 !my-0\">\n                        <picture class=\"block h-full\">\n                            <img decoding=\"async\" src=\"https:\/\/legrandcontinent.eu\/fr\/wp-content\/uploads\/sites\/2\/2025\/05\/SIPA_ap22955440_000006-scaled.jpg\" alt=\"Dans ses diff\u00e9rents proc\u00e8s et actions, suivies de plus en plus par les m\u00e9dias, il d\u00e9veloppe une rh\u00e9torique d\u00e9gagiste d\u00e9non\u00e7ant la \u00abmafia de l\u2019immobilier (mafia imobiliar\u0103)\u00bb et l\u2019inaction des autorit\u00e9s locales.\" >\n                        <\/picture>\n                        <figcaption class=\"lg:hidden pswp-caption-content\">Dans ses diff\u00e9rents proc\u00e8s et actions, suivies de plus en plus par les m\u00e9dias, il d\u00e9veloppe une rh\u00e9torique d\u00e9gagiste d\u00e9non\u00e7ant la \u00ab&#160;mafia de l\u2019immobilier (mafia imobiliar\u0103)&#160;\u00bb et l\u2019inaction des autorit\u00e9s locales.<\/figcaption>                    <\/figure>\n                <\/a>\n                    \n        <\/div>\n        <div class=\"relative lg:pl-2 lg:w-1\/2\">\n                            <a\n                    href=\"#\"\n                    data-pswp-src=\"https:\/\/legrandcontinent.eu\/fr\/wp-content\/uploads\/sites\/2\/2025\/05\/SIPA_shutterstock41163807_000002-scaled.jpg\" \n                    class=\"gallery-item no-underline  lg:!absolute lg:h-full lg:right-0 lg:left-2 overflow-hidden\" \n                    data-pswp-width=\"2560\" \n                    data-pswp-height=\"1707\"\n                >\n                    <figure class=\"wp-block-image h-full -mx-2 lg:mx-0 !my-0\">\n                        <picture class=\"block h-full\">\n                            <img decoding=\"async\" src=\"https:\/\/legrandcontinent.eu\/fr\/wp-content\/uploads\/sites\/2\/2025\/05\/SIPA_shutterstock41163807_000002-scaled.jpg\" alt=\"\u00c9l\u00e8ve brillant, il remporte deux m\u00e9dailles d\u2019or aux Olympiades internationales de math\u00e9matiques en 1987 et 1988. Il int\u00e8gre la Facult\u00e9 de math\u00e9matiques de l\u2019Universit\u00e9 de Bucarest, puis part en 1992 en France poursuivre ses \u00e9tudes \u00e0 l\u2019\u00c9cole normale sup\u00e9rieure de la rue d\u2019Ulm.\" class=\"lg:!h-full object-cover\">\n                        <\/picture>\n                        <figcaption class=\"lg:hidden pswp-caption-content\">\u00c9l\u00e8ve brillant, il remporte deux m\u00e9dailles d\u2019or aux Olympiades internationales de math\u00e9matiques en 1987 et 1988. Il int\u00e8gre la Facult\u00e9 de math\u00e9matiques de l\u2019Universit\u00e9 de Bucarest, puis part en 1992 en France poursuivre ses \u00e9tudes \u00e0 l\u2019\u00c9cole normale sup\u00e9rieure de la rue d\u2019Ulm.<\/figcaption>                    <\/figure>\n                <\/a>\n                    <\/div>\n    <\/div>\n    <!-- Captions -->\n    <div class=\"hidden lg:flex\">\n        <div class=\"relative lg:pr-2 mb-7 lg:mb-0 lg:w-1\/2\">\n                            <figure class=\"wp-block-image -mx-2 lg:mx-0 !my-0\">\n                    <figcaption>Dans ses diff\u00e9rents proc\u00e8s et actions, suivies de plus en plus par les m\u00e9dias, il d\u00e9veloppe une rh\u00e9torique d\u00e9gagiste d\u00e9non\u00e7ant la \u00ab&#160;mafia de l\u2019immobilier (mafia imobiliar\u0103)&#160;\u00bb et l\u2019inaction des autorit\u00e9s locales.<\/figcaption>                <\/figure>\n                    \n        <\/div>\n        <div class=\"relative lg:pl-2 lg:w-1\/2\">\n                            <figure class=\"wp-block-image -mx-2 lg:mx-0 !my-0\">   \n                    <figcaption>\u00c9l\u00e8ve brillant, il remporte deux m\u00e9dailles d\u2019or aux Olympiades internationales de math\u00e9matiques en 1987 et 1988. Il int\u00e8gre la Facult\u00e9 de math\u00e9matiques de l\u2019Universit\u00e9 de Bucarest, puis part en 1992 en France poursuivre ses \u00e9tudes \u00e0 l\u2019\u00c9cole normale sup\u00e9rieure de la rue d\u2019Ulm.<\/figcaption>                <\/figure>\n                    <\/div>\n    <\/div>\n<\/div>\n\n\n\n<p>Dans ses diff\u00e9rents proc\u00e8s et actions, suivies de plus en plus par les m\u00e9dias, il d\u00e9veloppe une rh\u00e9torique d\u00e9gagiste d\u00e9non\u00e7ant la \u00ab&#160;mafia de l\u2019immobilier (<em>mafia imobiliar\u0103<\/em>)&#160;\u00bb et l\u2019inaction des autorit\u00e9s locales&nbsp;<span class='whitespace-nowrap'><span id='easy-footnote-3-276523' class='easy-footnote-margin-adjust'><\/span><span class='easy-footnote'><a href='https:\/\/legrandcontinent.eu\/fr\/2025\/05\/05\/qui-est-nicusor-dan-le-maire-liberal-de-bucarest-ancien-de-lecole-normale-superieure-sera-confronte-au-second-tour-a-george-simion\/#easy-footnote-bottom-3-276523' title='\u201e&lt;a href=&quot;https:\/\/romania.europalibera.org\/a\/asociatia-salavati-bucurestiul-nicusor-dan-dizolvare\/32743266.html?utm_source=chatgpt.com&quot; target=&quot;_blank&quot; rel=&quot;noreferrer noopener&quot;&gt;Asocia\u021bia Salva\u021bi Bucure\u0219tiul, fondat\u0103 de primarul general Nicu\u0219or Dan, risc\u0103 s\u0103 fie desfiin\u021bat\u0103&lt;\/a&gt;\u201d, Europa Liber\u0103 Rom\u00e2nia, 22 d\u00e9cembre 2023.'><sup>3<\/sup><\/a><\/span><\/span>, en obtenant une large reconnaissance.<\/p>\n\n\n\n<p>En 2012, en candidat ind\u00e9pendant, il brigue la mairie de Bucarest sur un programme de transparence administrative et de protection du patrimoine urbain.&nbsp;<\/p>\n\n\n\n<p>Sans l\u2019appui d\u2019un parti, soutenu seulement par des b\u00e9n\u00e9voles et une campagne tr\u00e8s active en ligne, il cr\u00e9e la surprise en terminant troisi\u00e8me du scrutin municipal. \u00ab&#160;Nous voulons prolonger l\u2019effort du parquet anticorruption (DNA) pour nettoyer l\u2019administration publique de Bucarest, une administration profond\u00e9ment corrompue et incomp\u00e9tente&#160;\u00bb d\u00e9clare-t-il en 2015 lors du lancement de son mouvement. C\u2019est avec cette ligne qu\u2019il se repr\u00e9sente en 2016 (obtenant 30,5&#160;% des voix) puis en 2020 pour \u00eatre finalement \u00e9lu maire de Bucarest&nbsp;<span class='whitespace-nowrap'><span id='easy-footnote-4-276523' class='easy-footnote-margin-adjust'><\/span><span class='easy-footnote'><a href='https:\/\/legrandcontinent.eu\/fr\/2025\/05\/05\/qui-est-nicusor-dan-le-maire-liberal-de-bucarest-ancien-de-lecole-normale-superieure-sera-confronte-au-second-tour-a-george-simion\/#easy-footnote-bottom-4-276523' title='&lt;a href=&quot;https:\/\/www.bursa.ro\/nicusor-dan-si-a-facut-partid-uniunea-salvati-bucurestiul-03413720#:~:text=Nicu%C5%9For%20Dan%20a%20spus%3A%20,aberant%C4%83%20a%20banului%20public%2C%20ilegalitatea&quot; target=&quot;_blank&quot; rel=&quot;noreferrer noopener&quot;&gt;Nicu\u015for Dan \u015fi-a f\u0103cut partid &amp;#8211; Uniunea Salva\u0163i Bucure\u015ftiul&lt;\/a&gt;, &lt;em&gt;Bursa&lt;\/em&gt;, 2 juillet 2015.'><sup>4<\/sup><\/a><\/span><\/span>.<\/p>\n\n\n\n<div class=\"iframe-container wp-block-image wp-block-image-medium  iframe-dw\">\n\t<div>\n\t\t<iframe class=\"absolute w-full h-full pin-t pin-l\" title=\"titolo\" aria-label=\"Interactive line chart\" src=\"\/\/datawrapper.dwcdn.net\/92UJU\/\" scrolling=\"no\" frameborder=\"0\"><\/iframe>\n\t<\/div>\n<\/div>\n\n\n\n<h2 class=\"wp-block-heading\">4 \u2014&nbsp;L\u2019alternative propre et comp\u00e9tente&#160;: une trajectoire de l\u2019\u00e9chelle municipale \u00e0 l\u2019\u00e9chelle nationale&nbsp;<\/h2>\n\n\n\n<p>S\u2019il n\u2019avait fini que troisi\u00e8me alors, son score de 2012 \u00e0 Bucarest \u00e9tait inattendu&#160;: Nicu\u0219or Dan structure un mouvement politique en s\u2019appuyant sur la soci\u00e9t\u00e9 civile&nbsp;<span class='whitespace-nowrap'><span id='easy-footnote-5-276523' class='easy-footnote-margin-adjust'><\/span><span class='easy-footnote'><a href='https:\/\/legrandcontinent.eu\/fr\/2025\/05\/05\/qui-est-nicusor-dan-le-maire-liberal-de-bucarest-ancien-de-lecole-normale-superieure-sera-confronte-au-second-tour-a-george-simion\/#easy-footnote-bottom-5-276523' title='Aux c\u00f4t\u00e9s de Nicu\u0219or Dan lors de la fondation figurent des personnalit\u00e9s de la soci\u00e9t\u00e9 civile&amp;#160;: des architectes (Ioan Milo\u0219), des universitaires (Dan Podaru). Ce renouvellement des acteurs politiques va jusqu\u2019\u00e0 inclure plus tard des personnalit\u00e9s comme l\u2019ing\u00e9nieure franco-roumaine Clotilde Armand.'><sup>5<\/sup><\/a><\/span><\/span>. Le 1\u1d49\u02b3 juillet 2015, il annonce la cr\u00e9ation de l\u2019Uniunea Salva\u021bi Bucure\u0219tiul (USB) \u2014 l\u2019acronyme du nom est un clin d\u2019oeil <em>geek<\/em>. L\u2019USB devient en 2016, l\u2019Uniunea Salva\u021bi Rom\u00e2nia (USR), en passant \u00e0 l\u2019\u00e9chelle nationale.<\/p>\n\n\n\n\n<div class=\"double-picture my-12 lg:my-20\" \n    data-images-sizes=\"half\"\n    data-same-height=\"true\"\n    data-reference-image=\"left\"\n>    <!-- Images -->\n    <div class=\"lg:flex\">\n        <div class=\"relative lg:pr-2 mb-7 lg:mb-0 lg:w-1\/2\">\n                            <a \n                    href=\"#\"\n                    data-pswp-src=\"https:\/\/legrandcontinent.eu\/fr\/wp-content\/uploads\/sites\/2\/2025\/05\/Nicusor_Dan_on_bicycle-scaled.jpg\" \n                    class=\"gallery-item no-underline  \" \n                    data-pswp-width=\"2560\" \n                    data-pswp-height=\"1707\"\n                >\n                    <figure class=\"wp-block-image h-full -mx-2 lg:mx-0 !my-0\">\n                        <picture class=\"block h-full\">\n                            <img decoding=\"async\" src=\"https:\/\/legrandcontinent.eu\/fr\/wp-content\/uploads\/sites\/2\/2025\/05\/Nicusor_Dan_on_bicycle-scaled.jpg\" alt=\"Nicu\u0219or Dan s\u2019engage d\u2019abord dans l'activisme civique en se mobilisant pour la lutte contre la corruption de l\u2019urbanisme de la capitale roumaine.\" >\n                        <\/picture>\n                        <figcaption class=\"lg:hidden pswp-caption-content\">Nicu\u0219or Dan s\u2019engage d\u2019abord dans l&rsquo;activisme civique en se mobilisant pour la lutte contre la corruption de l\u2019urbanisme de la capitale roumaine.<\/figcaption>                    <\/figure>\n                <\/a>\n                    \n        <\/div>\n        <div class=\"relative lg:pl-2 lg:w-1\/2\">\n                            <a\n                    href=\"#\"\n                    data-pswp-src=\"https:\/\/legrandcontinent.eu\/fr\/wp-content\/uploads\/sites\/2\/2025\/05\/SIPA_ap22955440_000007-scaled.jpg\" \n                    class=\"gallery-item no-underline  lg:!absolute lg:h-full lg:right-0 lg:left-2 overflow-hidden\" \n                    data-pswp-width=\"2560\" \n                    data-pswp-height=\"1707\"\n                >\n                    <figure class=\"wp-block-image h-full -mx-2 lg:mx-0 !my-0\">\n                        <picture class=\"block h-full\">\n                            <img decoding=\"async\" src=\"https:\/\/legrandcontinent.eu\/fr\/wp-content\/uploads\/sites\/2\/2025\/05\/SIPA_ap22955440_000007-scaled.jpg\" alt=\"Dans une conf\u00e9rence de presse, il d\u00e9clarait : \u00abJe consid\u00e8re que le pire qui puisse arriver en Roumanie actuellement est que le d\u00e9bat principal ne porte plus sur qui vole ou non, mais sur qui d\u00e9fend ou non les traditions. Car ceux qui volent continueront de le faire en pr\u00e9tendant d\u00e9fendre les traditions, ce qui repr\u00e9sente un danger immense pour la Roumanie.\u00bb\" class=\"lg:!h-full object-cover\">\n                        <\/picture>\n                        <figcaption class=\"lg:hidden pswp-caption-content\">Dans une conf\u00e9rence de presse, il d\u00e9clarait&#160;: \u00ab&#160;Je consid\u00e8re que le pire qui puisse arriver en Roumanie actuellement est que le d\u00e9bat principal ne porte plus sur qui vole ou non, mais sur qui d\u00e9fend ou non les traditions. Car ceux qui volent continueront de le faire en pr\u00e9tendant d\u00e9fendre les traditions, ce qui repr\u00e9sente un danger immense pour la Roumanie.&#160;\u00bb<\/figcaption>                    <\/figure>\n                <\/a>\n                    <\/div>\n    <\/div>\n    <!-- Captions -->\n    <div class=\"hidden lg:flex\">\n        <div class=\"relative lg:pr-2 mb-7 lg:mb-0 lg:w-1\/2\">\n                            <figure class=\"wp-block-image -mx-2 lg:mx-0 !my-0\">\n                    <figcaption>Nicu\u0219or Dan s\u2019engage d\u2019abord dans l&rsquo;activisme civique en se mobilisant pour la lutte contre la corruption de l\u2019urbanisme de la capitale roumaine.<\/figcaption>                <\/figure>\n                    \n        <\/div>\n        <div class=\"relative lg:pl-2 lg:w-1\/2\">\n                            <figure class=\"wp-block-image -mx-2 lg:mx-0 !my-0\">   \n                    <figcaption>Dans une conf\u00e9rence de presse, il d\u00e9clarait&#160;: \u00ab&#160;Je consid\u00e8re que le pire qui puisse arriver en Roumanie actuellement est que le d\u00e9bat principal ne porte plus sur qui vole ou non, mais sur qui d\u00e9fend ou non les traditions. Car ceux qui volent continueront de le faire en pr\u00e9tendant d\u00e9fendre les traditions, ce qui repr\u00e9sente un danger immense pour la Roumanie.&#160;\u00bb<\/figcaption>                <\/figure>\n                    <\/div>\n    <\/div>\n<\/div>\n\n\n\n<p>Selon la vision de Dan, il faut que l\u2019USB \u00e9vite de se r\u00e9clamer d\u2019une id\u00e9ologie, en mettant l\u2019accent sur une gouvernance honn\u00eate, transparente et efficace plut\u00f4t que sur un positionnement partisan.<\/p>\n\n\n\n<p>Leader du parti, il d\u00e9missionne de l&rsquo;Union Sauvez la Roumanie (USR) le 1er juin 2017, en d\u00e9saccord avec la d\u00e9cision de s&rsquo;opposer \u00e0 la r\u00e9vision constitutionnelle visant \u00e0 d\u00e9finir le mariage exclusivement comme l&rsquo;union entre un homme et une femme. Il estimait que cette prise de position risquait de d\u00e9tourner l&rsquo;attention des priorit\u00e9s essentielles, notamment la lutte contre la corruption. Dans une conf\u00e9rence de presse, il d\u00e9clarait&#160;: \u00ab&#160;Je consid\u00e8re que le pire qui puisse arriver en Roumanie actuellement est que le d\u00e9bat principal ne porte plus sur qui vole ou non, mais sur qui d\u00e9fend ou non les traditions. Car ceux qui volent continueront de le faire en pr\u00e9tendant d\u00e9fendre les traditions, ce qui repr\u00e9sente un danger immense pour la Roumanie.&#160;\u00bb&nbsp;<span class='whitespace-nowrap'><span id='easy-footnote-6-276523' class='easy-footnote-margin-adjust'><\/span><span class='easy-footnote'><a href='https:\/\/legrandcontinent.eu\/fr\/2025\/05\/05\/qui-est-nicusor-dan-le-maire-liberal-de-bucarest-ancien-de-lecole-normale-superieure-sera-confronte-au-second-tour-a-george-simion\/#easy-footnote-bottom-6-276523' title='\u00ab&amp;#160;&lt;a href=&quot;https:\/\/www.romania-actualitati.ro\/stiri\/romania\/nicusor-dan-isi-anunta-demisia-din-usr-id97272.html?utm_source=chatgpt.com&quot; target=&quot;_blank&quot; rel=&quot;noreferrer noopener&quot;&gt;Nicu\u0219or Dan \u00ee\u0219i anun\u021b\u0103 demisia din USR&lt;\/a&gt;&amp;#160;\u00bb, &lt;em&gt;Radio Romania Actualitati&lt;\/em&gt;,1 juin 2017.'><sup>6<\/sup><\/a><\/span><\/span><\/p>\n\n\n\n<h2 class=\"wp-block-heading\">5 \u2014 Un candidat ind\u00e9pendant \u00e0 la pr\u00e9sidentielle&#160;: contre Poutine et contre Trump<\/h2>\n\n\n\n<p>Candidat ind\u00e9pendant \u00e0 l\u2019\u00e9lection pr\u00e9sidentielle de 2025, Nicu\u0219or Dan pr\u00e9sente un programme ax\u00e9 sur la modernisation de la Roumanie, tout en consolidant son ancrage occidental.<\/p>\n\n\n\n<p>Sur le plan interne, il met en avant la continuit\u00e9 de son combat anti-corruption et la r\u00e9forme de l\u2019\u00c9tat. Il pr\u00f4ne la transparence institutionnelle et le renforcement de l\u2019\u00c9tat de droit, souhaitant \u00e9tendre \u00e0 l\u2019\u00e9chelle nationale les principes de bonne gouvernance appliqu\u00e9s \u00e0 Bucarest. Il s\u2019inqui\u00e8te par exemple du fonctionnement opaque des services de renseignement roumains et milite pour un contr\u00f4le civil accru sur ces agences&nbsp;<span class='whitespace-nowrap'><span id='easy-footnote-7-276523' class='easy-footnote-margin-adjust'><\/span><span class='easy-footnote'><a href='https:\/\/legrandcontinent.eu\/fr\/2025\/05\/05\/qui-est-nicusor-dan-le-maire-liberal-de-bucarest-ancien-de-lecole-normale-superieure-sera-confronte-au-second-tour-a-george-simion\/#easy-footnote-bottom-7-276523' title='&lt;a href=&quot;https:\/\/www.digi24.ro\/stiri\/actualitate\/politica\/alegeri-prezidentiale-2025-nicusor-dan-independentul-care-vrea-sa-dea-la-schimb-primaria-capitalei-pe-palatul-cotroceni-3180957#:~:text=V%C4%83%20prezent%C4%83m%20c%C3%A2teva%20opinii%20ale,men%C8%9Bionate%20%C3%AEn%20direct%20la%20Digi24&quot; target=&quot;_blank&quot; rel=&quot;noreferrer noopener&quot;&gt;Digi24.ro&lt;\/a&gt;, 1er avril 2025.'><sup>7<\/sup><\/a><\/span><\/span>. Il entend r\u00e9pondre aux frustrations sociales qui ont aliment\u00e9 le populisme, en s\u2019attaquant aux causes de la col\u00e8re populaire \u2014 corruption end\u00e9mique, d\u00e9faillances de l\u2019administration, gaspillage du potentiel \u00e9conomique.<\/p>\n\n\n\n<p>Sur le plan international, Nicu\u0219or Dan adopte une ligne clairement pro-occidentale et pro-europ\u00e9enne&#160;: \u00ab&#160;Je m\u2019engage \u00e0 soutenir l\u2019Ukraine contre la Russie et \u00e0 pr\u00e9server les alliances occidentales de la Roumanie&#160;\u00bb&nbsp;<span class='whitespace-nowrap'><span id='easy-footnote-8-276523' class='easy-footnote-margin-adjust'><\/span><span class='easy-footnote'><a href='https:\/\/legrandcontinent.eu\/fr\/2025\/05\/05\/qui-est-nicusor-dan-le-maire-liberal-de-bucarest-ancien-de-lecole-normale-superieure-sera-confronte-au-second-tour-a-george-simion\/#easy-footnote-bottom-8-276523' title='\u00ab&amp;#160;&lt;a href=&quot;https:\/\/www.politico.eu\/article\/romania-vladimir-putin-us-president-donald-trump-west\/#:~:text=Dan%20commits%20himself%20to%20supporting,Andrei%20Popoviciu%20for%20POLITICO&quot; target=&quot;_blank&quot; rel=&quot;noreferrer noopener&quot;&gt;The Romanian mathematician trying to stop Putin and Trump wrecking the West&lt;\/a&gt;&amp;#160;\u00bb, &lt;em&gt;Politico&lt;\/em&gt;, 28 mars 2025.'><sup>8<\/sup><\/a><\/span><\/span>. Nicu\u0219or Dan a critiqu\u00e9 l\u2019attitude ambigu\u00eb du pr\u00e9sident am\u00e9ricain Donald Trump envers le Kremlin, estimant qu\u2019il aurait d\u00fb se montrer bien plus ferme face \u00e0 Vladimir Poutine. \u00c0 l\u2019inverse, Dan adopte une posture sans compromis vis-\u00e0-vis de Moscou&#160;: il soutient sans r\u00e9serve les sanctions contre la Russie et les efforts communs de l\u2019OTAN et de l\u2019Union pour contrer l\u2019agression russe.<\/p>\n\n\n\n\n<div class=\"double-picture my-12 lg:my-20\" \n    data-images-sizes=\"half\"\n    data-same-height=\"true\"\n    data-reference-image=\"left\"\n>    <!-- Images -->\n    <div class=\"lg:flex\">\n        <div class=\"relative lg:pr-2 mb-7 lg:mb-0 lg:w-1\/2\">\n                            <a \n                    href=\"#\"\n                    data-pswp-src=\"https:\/\/legrandcontinent.eu\/fr\/wp-content\/uploads\/sites\/2\/2025\/05\/SIPA_ap22955433_000032-scaled.jpg\" \n                    class=\"gallery-item no-underline  \" \n                    data-pswp-width=\"2560\" \n                    data-pswp-height=\"1707\"\n                >\n                    <figure class=\"wp-block-image h-full -mx-2 lg:mx-0 !my-0\">\n                        <picture class=\"block h-full\">\n                            <img decoding=\"async\" src=\"https:\/\/legrandcontinent.eu\/fr\/wp-content\/uploads\/sites\/2\/2025\/05\/SIPA_ap22955433_000032-scaled.jpg\" alt=\"Sur le plan international, Nicu\u0219or Dan adopte une ligne clairement pro-occidentale et pro-europ\u00e9enne : \u00abJe m\u2019engage \u00e0 soutenir l\u2019Ukraine contre la Russie et \u00e0 pr\u00e9server les alliances occidentales de la Roumanie\u00bb\" >\n                        <\/picture>\n                        <figcaption class=\"lg:hidden pswp-caption-content\">Sur le plan international, Nicu\u0219or Dan adopte une ligne clairement pro-occidentale et pro-europ\u00e9enne&#160;: \u00ab&#160;Je m\u2019engage \u00e0 soutenir l\u2019Ukraine contre la Russie et \u00e0 pr\u00e9server les alliances occidentales de la Roumanie&#160;\u00bb<\/figcaption>                    <\/figure>\n                <\/a>\n                    \n        <\/div>\n        <div class=\"relative lg:pl-2 lg:w-1\/2\">\n                            <a\n                    href=\"#\"\n                    data-pswp-src=\"https:\/\/legrandcontinent.eu\/fr\/wp-content\/uploads\/sites\/2\/2025\/05\/SIPA_ap22952092_000015-scaled.jpg\" \n                    class=\"gallery-item no-underline  lg:!absolute lg:h-full lg:right-0 lg:left-2 overflow-hidden\" \n                    data-pswp-width=\"2560\" \n                    data-pswp-height=\"1707\"\n                >\n                    <figure class=\"wp-block-image h-full -mx-2 lg:mx-0 !my-0\">\n                        <picture class=\"block h-full\">\n                            <img decoding=\"async\" src=\"https:\/\/legrandcontinent.eu\/fr\/wp-content\/uploads\/sites\/2\/2025\/05\/SIPA_ap22952092_000015-scaled.jpg\" alt=\"Sans une participation accrue dans les villes et une forte mobilisation de l\u2019\u00e9lectorat d\u00e9mocratique, Nicu\u0219or Dan pourrait ne pas avoir les r\u00e9serves de voix n\u00e9cessaires pour l\u2019emporter au second tour de la pr\u00e9sidentielle.\" class=\"lg:!h-full object-cover\">\n                        <\/picture>\n                        <figcaption class=\"lg:hidden pswp-caption-content\">Sans une participation accrue dans les villes et une forte mobilisation de l\u2019\u00e9lectorat d\u00e9mocratique, Nicu\u0219or Dan pourrait ne pas avoir les r\u00e9serves de voix n\u00e9cessaires pour l\u2019emporter au second tour de la pr\u00e9sidentielle.<\/figcaption>                    <\/figure>\n                <\/a>\n                    <\/div>\n    <\/div>\n    <!-- Captions -->\n    <div class=\"hidden lg:flex\">\n        <div class=\"relative lg:pr-2 mb-7 lg:mb-0 lg:w-1\/2\">\n                            <figure class=\"wp-block-image -mx-2 lg:mx-0 !my-0\">\n                    <figcaption>Sur le plan international, Nicu\u0219or Dan adopte une ligne clairement pro-occidentale et pro-europ\u00e9enne&#160;: \u00ab&#160;Je m\u2019engage \u00e0 soutenir l\u2019Ukraine contre la Russie et \u00e0 pr\u00e9server les alliances occidentales de la Roumanie&#160;\u00bb<\/figcaption>                <\/figure>\n                    \n        <\/div>\n        <div class=\"relative lg:pl-2 lg:w-1\/2\">\n                            <figure class=\"wp-block-image -mx-2 lg:mx-0 !my-0\">   \n                    <figcaption>Sans une participation accrue dans les villes et une forte mobilisation de l\u2019\u00e9lectorat d\u00e9mocratique, Nicu\u0219or Dan pourrait ne pas avoir les r\u00e9serves de voix n\u00e9cessaires pour l\u2019emporter au second tour de la pr\u00e9sidentielle.<\/figcaption>                <\/figure>\n                    <\/div>\n    <\/div>\n<\/div>\n\n\n\n<h2 class=\"wp-block-heading\">6 \u2014 Une g\u00e9ographie \u00e9lectorale potentiellement d\u00e9favorable<\/h2>\n\n\n\n<p>Le profil socio-g\u00e9ographique de l\u2019\u00e9lectorat de Nicu\u0219or Dan refl\u00e8te son image de r\u00e9formateur urbain. Ses soutiens se concentrent dans les grandes villes et parmi les cat\u00e9gories \u00e9duqu\u00e9es.<\/p>\n\n\n\n<ul class=\"wp-block-list\">\n<li>Bucarest, dont il est le maire, est bien entendu son fief&#160;: il y a recueilli environ 40&#160;% des voix au premier tour de la pr\u00e9sidentielle de 2025&nbsp;<span class='whitespace-nowrap'><span id='easy-footnote-9-276523' class='easy-footnote-margin-adjust'><\/span><span class='easy-footnote'><a href='https:\/\/legrandcontinent.eu\/fr\/2025\/05\/05\/qui-est-nicusor-dan-le-maire-liberal-de-bucarest-ancien-de-lecole-normale-superieure-sera-confronte-au-second-tour-a-george-simion\/#easy-footnote-bottom-9-276523' title='\u00ab&amp;#160;&lt;a href=&quot;https:\/\/www.stiridecluj.ro\/politic\/rezultate-alegeri-victorie-zdrobitoare-a-lui-george-simion-cu-peste-40-clujul-si-bucurestiul-l-au-dus-pe-nicusor-dan-in-turul-2&quot; target=&quot;_blank&quot; rel=&quot;noreferrer noopener&quot;&gt;REZULTATE ALEGERI Clujul \u0219i Bucure\u0219tiul l-au dus pe Nicu\u0219or Dan \u00een turul 2. Victorie zdrobitoare a lui George Simion, cu peste 40&amp;#160;%&amp;#160;!&lt;\/a&gt;&amp;#160;\u00bb, \u015etiri de Cluj, 5 mai 2025.'><sup>9<\/sup><\/a><\/span><\/span>.<\/li>\n\n\n\n<li>L\u2019autre bastion de Nicu\u0219or Dan est la Transylvanie urbaine et cosmopolite \u2013 notamment le d\u00e9partement de Cluj, seul autre endroit o\u00f9 il est arriv\u00e9 en t\u00eate au premier tour (avec plus de 35&#160;% des suffrages).&nbsp;<\/li>\n\n\n\n<li>De mani\u00e8re g\u00e9n\u00e9rale, il performe bien dans les centres urbains d\u00e9velopp\u00e9s (Timi\u0219oara, Bra\u0219ov, Ia\u0219i\u2026), aupr\u00e8s des jeunes dipl\u00f4m\u00e9s et des classes moyennes modernistes, alors que l\u2019\u00e9lectorat rural et les petites villes tendent \u00e0 lui pr\u00e9f\u00e9rer des candidats populistes ou traditionalistes.&nbsp;<\/li>\n<\/ul>\n\n\n\n<p>Sa base de partisans se distingue aussi par son \u00e2ge plus jeune et son caract\u00e8re connect\u00e9&#160;: le vote urbain du soir, constitu\u00e9 en grande partie de jeunes revenant de week-end, s\u2019est av\u00e9r\u00e9 massivement en sa faveur&nbsp;<span class='whitespace-nowrap'><span id='easy-footnote-10-276523' class='easy-footnote-margin-adjust'><\/span><span class='easy-footnote'><a href='https:\/\/legrandcontinent.eu\/fr\/2025\/05\/05\/qui-est-nicusor-dan-le-maire-liberal-de-bucarest-ancien-de-lecole-normale-superieure-sera-confronte-au-second-tour-a-george-simion\/#easy-footnote-bottom-10-276523' title='\u00ab&amp;#160;&lt;a href=&quot;https:\/\/hotnews.ro\/alegeri-prezidentiale-2025-dupa-rezultatele-exit-poll-nicusor-dan-e-pregatit-sa-ceara-reprezentantilor-usr-din-sectii-sa-pazeasca-numararea-fiecarui-vot-1964324&quot; target=&quot;_blank&quot; rel=&quot;noreferrer noopener&quot;&gt;Alegeri preziden\u021biale 2025. Dup\u0103 rezultatele exit-poll, Nicu\u0219or Dan e preg\u0103tit s\u0103 cear\u0103 reprezentan\u021bilor USR din sec\u021bii s\u0103 p\u0103zeasc\u0103 num\u0103rarea fiec\u0103rui vot&lt;\/a&gt;&amp;#160;\u00bb, &lt;em&gt;Hotnews.ro&lt;\/em&gt;, dimanche 4 mai 2025.'><sup>10<\/sup><\/a><\/span><\/span>.<\/p>\n\n\n\n<p>Enfin, Nicu\u0219or Dan b\u00e9n\u00e9ficie d\u2019un certain appui de la diaspora roumaine, m\u00eame si l\u2019\u00e9lectorat roumain r\u00e9sidant en Europe occidentale \u2014 cas relativement unique pour les pays d\u2019Europe centrale \u2014 reste favorable au candidat d\u2019extr\u00eame droite Simion.<\/p>\n\n\n\n<div class=\"iframe-container wp-block-image wp-block-image-large  iframe-dw\">\n\t<div>\n\t\t<iframe class=\"absolute w-full h-full pin-t pin-l\" title=\"titolo\" aria-label=\"Interactive line chart\" src=\"\/\/datawrapper.dwcdn.net\/H20fX\/\" scrolling=\"no\" frameborder=\"0\"><\/iframe>\n\t<\/div>\n<\/div>\n\n\n\n<ul class=\"wp-block-list\">\n<li>Il r\u00e9alise de tr\u00e8s bons scores parmi les expatri\u00e9s d\u2019Am\u00e9rique du Nord (par exemple pr\u00e8s de 48&#160;% des voix des Roumains aux \u00c9tats-Unis) et d\u2019Europe centrale et orientale.&nbsp;<\/li>\n\n\n\n<li>En revanche, dans la diaspora ouest-europ\u00e9enne, plus nombreuse, il est devanc\u00e9 par son adversaire nationaliste, notamment en Italie, Espagne ou France o\u00f9 le vote anti-syst\u00e8me l\u2019a emport\u00e9 au premier tour&nbsp;<span class='whitespace-nowrap'><span id='easy-footnote-11-276523' class='easy-footnote-margin-adjust'><\/span><span class='easy-footnote'><a href='https:\/\/legrandcontinent.eu\/fr\/2025\/05\/05\/qui-est-nicusor-dan-le-maire-liberal-de-bucarest-ancien-de-lecole-normale-superieure-sera-confronte-au-second-tour-a-george-simion\/#easy-footnote-bottom-11-276523' title='&lt;a href=&quot;https:\/\/www.digi24.ro\/alegeri-prezidentiale-2025\/rezultate-partiale-in-diaspora-george-simion-castiga-detasat-in-italia-spania-canada-si-rusia-nicusor-dan-pe-primul-loc-in-sua-3226357#:~:text=George%20Simion%20a%20fost%20votat,%C8%99i%20Fran%C8%9Ba%20%2861&quot; target=&quot;_blank&quot; rel=&quot;noreferrer noopener&quot;&gt;Digi24.ro&lt;\/a&gt;, 5 mai 2025.'><sup>11<\/sup><\/a><\/span><\/span>.<\/li>\n<\/ul>\n\n\n\n<p>Cette g\u00e9ographie \u00e9lectorale \u2014 villes contre campagnes, diaspora d\u2019outre-mer contre diaspora d\u2019Europe occidentale \u2014 illustre un clivage politique actuel en Roumanie et montre les fortes limites de sa candidature contre George Simion.<\/p>\n\n\n\n<p>Sans une participation accrue dans les villes et une forte mobilisation de l\u2019\u00e9lectorat d\u00e9mocratique, Nicu\u0219or Dan pourrait ne pas avoir les r\u00e9serves de voix n\u00e9cessaires pour l\u2019emporter au second tour de la pr\u00e9sidentielle.<\/p>\n","protected":false},"excerpt":{"rendered":"<p>\u00ab&#160;&#160;La Roumanie honn\u00eate&#160;&#160;\u00bb&#160;&#160;: la devise de la campagne de Nicu\u0219or Dan, r\u00e9sonne avec une rh\u00e9torique d\u00e9gagiste, oppos\u00e9e \u00e0 l\u2019<em>establishment<\/em> corrompu du pays \u2014 mais le maire de Bucarest pr\u00e9sente un profil unique et une strat\u00e9gie subtile.<\/p>\n<p>En \u00e9vitant de prendre parti sur des sujets de soci\u00e9t\u00e9 clivants, il propose de nettoyer la Roumanie \u00e0 l&rsquo;image de ce qu&rsquo;il cherche \u00e0 faire depuis plus de dix ans dans sa capitale.<\/p>\n<p>Ce brillant math\u00e9maticien francophone, ancien \u00e9l\u00e8ve de l&rsquo;\u00c9cole normale sup\u00e9rieure de la rue d&rsquo;Ulm \u2014 oppos\u00e9 \u00e0 Trump et \u00e0 Poutine \u2014 peut-il faire le poids face au complotisme sous st\u00e9ro\u00efdes de George Simion&#160;&#160;?<\/p>\n<p>Un portrait en six points.<\/p>\n","protected":false},"author":10,"featured_media":276537,"comment_status":"closed","ping_status":"closed","sticky":false,"template":"templates\/post-studies.php","format":"standard","meta":{"_acf_changed":false,"_trash_the_other_posts":false,"_yoast_wpseo_estimated-reading-time-minutes":8,"footnotes":""},"categories":[4462],"tags":[],"staff":[1780],"editorial_format":[],"serie":[],"audience":[],"geo":[1917],"class_list":["post-276523","post","type-post","status-publish","format-standard","hentry","category-election-presidentielle-en-roumanie","staff-le-grand-continent","geo-europe"],"acf":{"open_in_webview":false,"accent":false},"yoast_head":"<!-- This site is optimized with the Yoast SEO plugin v26.1.1 - https:\/\/yoast.com\/wordpress\/plugins\/seo\/ -->\n<title>Qui est Nicu\u0219or Dan ? Le maire lib\u00e9ral de Bucarest, ancien de l\u2019\u00c9cole normale sup\u00e9rieure sera confront\u00e9 au second tour \u00e0 George Simion | Le Grand Continent<\/title>\n<meta name=\"robots\" content=\"index, follow, max-snippet:-1, max-image-preview:large, max-video-preview:-1\" \/>\n<link rel=\"canonical\" href=\"https:\/\/legrandcontinent.eu\/fr\/2025\/05\/05\/qui-est-nicusor-dan-le-maire-liberal-de-bucarest-ancien-de-lecole-normale-superieure-sera-confronte-au-second-tour-a-george-simion\/\" \/>\n<meta property=\"og:locale\" content=\"fr_FR\" \/>\n<meta property=\"og:type\" content=\"article\" \/>\n<meta property=\"og:title\" content=\"Qui est Nicu\u0219or Dan ? Le maire lib\u00e9ral de Bucarest, ancien de l\u2019\u00c9cole normale sup\u00e9rieure sera confront\u00e9 au second tour \u00e0 George Simion | Le Grand Continent\" \/>\n<meta property=\"og:description\" content=\"\u00ab&#160;La Roumanie honn\u00eate&#160;\u00bb&#160;: la devise de la campagne de Nicu\u0219or Dan, r\u00e9sonne avec une rh\u00e9torique d\u00e9gagiste, oppos\u00e9e \u00e0 l\u2019establishment corrompu du pays \u2014 mais le maire de Bucarest pr\u00e9sente un profil unique et une strat\u00e9gie subtile.  En \u00e9vitant de prendre parti sur des sujets de soci\u00e9t\u00e9 clivants, il propose de nettoyer la Roumanie \u00e0 l&#039;image de ce qu&#039;il cherche \u00e0 faire depuis plus de dix ans dans sa capitale.  Ce brillant math\u00e9maticien francophone, ancien \u00e9l\u00e8ve de l&#039;\u00c9cole normale sup\u00e9rieure de la rue d&#039;Ulm \u2014 oppos\u00e9 \u00e0 Trump et \u00e0 Poutine \u2014 peut-il faire le poids face au complotisme sous st\u00e9ro\u00efdes de George Simion&#160;?  Un portrait en six points.\" \/>\n<meta property=\"og:url\" content=\"https:\/\/legrandcontinent.eu\/fr\/2025\/05\/05\/qui-est-nicusor-dan-le-maire-liberal-de-bucarest-ancien-de-lecole-normale-superieure-sera-confronte-au-second-tour-a-george-simion\/\" \/>\n<meta property=\"og:site_name\" content=\"Le Grand Continent\" \/>\n<meta property=\"article:published_time\" content=\"2025-05-05T13:03:32+00:00\" \/>\n<meta property=\"article:modified_time\" content=\"2025-05-18T15:47:03+00:00\" \/>\n<meta property=\"og:image\" content=\"https:\/\/legrandcontinent.eu\/fr\/wp-content\/uploads\/sites\/2\/2025\/05\/gc-dan-scaled.jpg\" \/>\n\t<meta property=\"og:image:width\" content=\"2560\" \/>\n\t<meta property=\"og:image:height\" content=\"1440\" \/>\n\t<meta property=\"og:image:type\" content=\"image\/jpeg\" \/>\n<meta name=\"author\" content=\"Matheo Malik\" \/>\n<meta name=\"twitter:card\" content=\"summary_large_image\" \/>\n<meta name=\"twitter:image\" content=\"https:\/\/legrandcontinent.eu\/fr\/wp-content\/uploads\/sites\/2\/2025\/05\/gc-dan-scaled.jpg\" \/>\n<meta name=\"twitter:label1\" content=\"\u00c9crit par\" \/>\n\t<meta name=\"twitter:data1\" content=\"Matheo Malik\" \/>\n\t<meta name=\"twitter:label2\" content=\"Dur\u00e9e de lecture estim\u00e9e\" \/>\n\t<meta name=\"twitter:data2\" content=\"8 minutes\" \/>\n<script type=\"application\/ld+json\" class=\"yoast-schema-graph\">{\"@context\":\"https:\/\/schema.org\",\"@graph\":[{\"@type\":\"WebPage\",\"@id\":\"https:\/\/legrandcontinent.eu\/fr\/2025\/05\/05\/qui-est-nicusor-dan-le-maire-liberal-de-bucarest-ancien-de-lecole-normale-superieure-sera-confronte-au-second-tour-a-george-simion\/\",\"url\":\"https:\/\/legrandcontinent.eu\/fr\/2025\/05\/05\/qui-est-nicusor-dan-le-maire-liberal-de-bucarest-ancien-de-lecole-normale-superieure-sera-confronte-au-second-tour-a-george-simion\/\",\"name\":\"Qui est Nicu\u0219or Dan ? Le maire lib\u00e9ral de Bucarest, ancien de l\u2019\u00c9cole normale sup\u00e9rieure sera confront\u00e9 au second tour \u00e0 George Simion | Le Grand Continent\",\"isPartOf\":{\"@id\":\"https:\/\/legrandcontinent.eu\/fr\/#website\"},\"primaryImageOfPage\":{\"@id\":\"https:\/\/legrandcontinent.eu\/fr\/2025\/05\/05\/qui-est-nicusor-dan-le-maire-liberal-de-bucarest-ancien-de-lecole-normale-superieure-sera-confronte-au-second-tour-a-george-simion\/#primaryimage\"},\"image\":{\"@id\":\"https:\/\/legrandcontinent.eu\/fr\/2025\/05\/05\/qui-est-nicusor-dan-le-maire-liberal-de-bucarest-ancien-de-lecole-normale-superieure-sera-confronte-au-second-tour-a-george-simion\/#primaryimage\"},\"thumbnailUrl\":\"https:\/\/legrandcontinent.eu\/fr\/wp-content\/uploads\/sites\/2\/2025\/05\/dandan.png\",\"datePublished\":\"2025-05-05T13:03:32+00:00\",\"dateModified\":\"2025-05-18T15:47:03+00:00\",\"author\":{\"@id\":\"https:\/\/legrandcontinent.eu\/fr\/#\/schema\/person\/a1c2123a1ef5abd663fcde8f63063d45\"},\"breadcrumb\":{\"@id\":\"https:\/\/legrandcontinent.eu\/fr\/2025\/05\/05\/qui-est-nicusor-dan-le-maire-liberal-de-bucarest-ancien-de-lecole-normale-superieure-sera-confronte-au-second-tour-a-george-simion\/#breadcrumb\"},\"inLanguage\":\"fr-FR\",\"potentialAction\":[{\"@type\":\"ReadAction\",\"target\":[\"https:\/\/legrandcontinent.eu\/fr\/2025\/05\/05\/qui-est-nicusor-dan-le-maire-liberal-de-bucarest-ancien-de-lecole-normale-superieure-sera-confronte-au-second-tour-a-george-simion\/\"]}]},{\"@type\":\"ImageObject\",\"inLanguage\":\"fr-FR\",\"@id\":\"https:\/\/legrandcontinent.eu\/fr\/2025\/05\/05\/qui-est-nicusor-dan-le-maire-liberal-de-bucarest-ancien-de-lecole-normale-superieure-sera-confronte-au-second-tour-a-george-simion\/#primaryimage\",\"url\":\"https:\/\/legrandcontinent.eu\/fr\/wp-content\/uploads\/sites\/2\/2025\/05\/dandan.png\",\"contentUrl\":\"https:\/\/legrandcontinent.eu\/fr\/wp-content\/uploads\/sites\/2\/2025\/05\/dandan.png\",\"width\":3510,\"height\":1972},{\"@type\":\"BreadcrumbList\",\"@id\":\"https:\/\/legrandcontinent.eu\/fr\/2025\/05\/05\/qui-est-nicusor-dan-le-maire-liberal-de-bucarest-ancien-de-lecole-normale-superieure-sera-confronte-au-second-tour-a-george-simion\/#breadcrumb\",\"itemListElement\":[{\"@type\":\"ListItem\",\"position\":1,\"name\":\"Accueil\",\"item\":\"https:\/\/legrandcontinent.eu\/fr\/\"},{\"@type\":\"ListItem\",\"position\":2,\"name\":\"Qui est Nicu\u0219or Dan&#160;? Le maire lib\u00e9ral de Bucarest, ancien de l\u2019\u00c9cole normale sup\u00e9rieure sera confront\u00e9 au second tour \u00e0 George Simion\"}]},{\"@type\":\"WebSite\",\"@id\":\"https:\/\/legrandcontinent.eu\/fr\/#website\",\"url\":\"https:\/\/legrandcontinent.eu\/fr\/\",\"name\":\"Le Grand Continent\",\"description\":\"L&#039;\u00e9chelle pertinente\",\"potentialAction\":[{\"@type\":\"SearchAction\",\"target\":{\"@type\":\"EntryPoint\",\"urlTemplate\":\"https:\/\/legrandcontinent.eu\/fr\/?s={search_term_string}\"},\"query-input\":{\"@type\":\"PropertyValueSpecification\",\"valueRequired\":true,\"valueName\":\"search_term_string\"}}],\"inLanguage\":\"fr-FR\"},{\"@type\":\"Person\",\"@id\":\"https:\/\/legrandcontinent.eu\/fr\/#\/schema\/person\/a1c2123a1ef5abd663fcde8f63063d45\",\"name\":\"Matheo Malik\",\"image\":{\"@type\":\"ImageObject\",\"inLanguage\":\"fr-FR\",\"@id\":\"https:\/\/legrandcontinent.eu\/fr\/#\/schema\/person\/image\/\",\"url\":\"https:\/\/secure.gravatar.com\/avatar\/62cbadb9f7f0804282928747d8d2051d?s=96&d=mm&r=g\",\"contentUrl\":\"https:\/\/secure.gravatar.com\/avatar\/62cbadb9f7f0804282928747d8d2051d?s=96&d=mm&r=g\",\"caption\":\"Matheo Malik\"}}]}<\/script>\n<!-- \/ Yoast SEO plugin. -->","yoast_head_json":{"title":"Qui est Nicu\u0219or Dan ? Le maire lib\u00e9ral de Bucarest, ancien de l\u2019\u00c9cole normale sup\u00e9rieure sera confront\u00e9 au second tour \u00e0 George Simion | Le Grand Continent","robots":{"index":"index","follow":"follow","max-snippet":"max-snippet:-1","max-image-preview":"max-image-preview:large","max-video-preview":"max-video-preview:-1"},"canonical":"https:\/\/legrandcontinent.eu\/fr\/2025\/05\/05\/qui-est-nicusor-dan-le-maire-liberal-de-bucarest-ancien-de-lecole-normale-superieure-sera-confronte-au-second-tour-a-george-simion\/","og_locale":"fr_FR","og_type":"article","og_title":"Qui est Nicu\u0219or Dan ? Le maire lib\u00e9ral de Bucarest, ancien de l\u2019\u00c9cole normale sup\u00e9rieure sera confront\u00e9 au second tour \u00e0 George Simion | Le Grand Continent","og_description":"\u00ab&#160;La Roumanie honn\u00eate&#160;\u00bb&#160;: la devise de la campagne de Nicu\u0219or Dan, r\u00e9sonne avec une rh\u00e9torique d\u00e9gagiste, oppos\u00e9e \u00e0 l\u2019establishment corrompu du pays \u2014 mais le maire de Bucarest pr\u00e9sente un profil unique et une strat\u00e9gie subtile.  En \u00e9vitant de prendre parti sur des sujets de soci\u00e9t\u00e9 clivants, il propose de nettoyer la Roumanie \u00e0 l'image de ce qu'il cherche \u00e0 faire depuis plus de dix ans dans sa capitale.  Ce brillant math\u00e9maticien francophone, ancien \u00e9l\u00e8ve de l'\u00c9cole normale sup\u00e9rieure de la rue d'Ulm \u2014 oppos\u00e9 \u00e0 Trump et \u00e0 Poutine \u2014 peut-il faire le poids face au complotisme sous st\u00e9ro\u00efdes de George Simion&#160;?  Un portrait en six points.","og_url":"https:\/\/legrandcontinent.eu\/fr\/2025\/05\/05\/qui-est-nicusor-dan-le-maire-liberal-de-bucarest-ancien-de-lecole-normale-superieure-sera-confronte-au-second-tour-a-george-simion\/","og_site_name":"Le Grand Continent","article_published_time":"2025-05-05T13:03:32+00:00","article_modified_time":"2025-05-18T15:47:03+00:00","og_image":[{"width":2560,"height":1440,"url":"https:\/\/legrandcontinent.eu\/fr\/wp-content\/uploads\/sites\/2\/2025\/05\/gc-dan-scaled.jpg","type":"image\/jpeg"}],"author":"Matheo Malik","twitter_card":"summary_large_image","twitter_image":"https:\/\/legrandcontinent.eu\/fr\/wp-content\/uploads\/sites\/2\/2025\/05\/gc-dan-scaled.jpg","twitter_misc":{"\u00c9crit par":"Matheo Malik","Dur\u00e9e de lecture estim\u00e9e":"8 minutes"},"schema":{"@context":"https:\/\/schema.org","@graph":[{"@type":"WebPage","@id":"https:\/\/legrandcontinent.eu\/fr\/2025\/05\/05\/qui-est-nicusor-dan-le-maire-liberal-de-bucarest-ancien-de-lecole-normale-superieure-sera-confronte-au-second-tour-a-george-simion\/","url":"https:\/\/legrandcontinent.eu\/fr\/2025\/05\/05\/qui-est-nicusor-dan-le-maire-liberal-de-bucarest-ancien-de-lecole-normale-superieure-sera-confronte-au-second-tour-a-george-simion\/","name":"Qui est Nicu\u0219or Dan ? Le maire lib\u00e9ral de Bucarest, ancien de l\u2019\u00c9cole normale sup\u00e9rieure sera confront\u00e9 au second tour \u00e0 George Simion | Le Grand Continent","isPartOf":{"@id":"https:\/\/legrandcontinent.eu\/fr\/#website"},"primaryImageOfPage":{"@id":"https:\/\/legrandcontinent.eu\/fr\/2025\/05\/05\/qui-est-nicusor-dan-le-maire-liberal-de-bucarest-ancien-de-lecole-normale-superieure-sera-confronte-au-second-tour-a-george-simion\/#primaryimage"},"image":{"@id":"https:\/\/legrandcontinent.eu\/fr\/2025\/05\/05\/qui-est-nicusor-dan-le-maire-liberal-de-bucarest-ancien-de-lecole-normale-superieure-sera-confronte-au-second-tour-a-george-simion\/#primaryimage"},"thumbnailUrl":"https:\/\/legrandcontinent.eu\/fr\/wp-content\/uploads\/sites\/2\/2025\/05\/dandan.png","datePublished":"2025-05-05T13:03:32+00:00","dateModified":"2025-05-18T15:47:03+00:00","author":{"@id":"https:\/\/legrandcontinent.eu\/fr\/#\/schema\/person\/a1c2123a1ef5abd663fcde8f63063d45"},"breadcrumb":{"@id":"https:\/\/legrandcontinent.eu\/fr\/2025\/05\/05\/qui-est-nicusor-dan-le-maire-liberal-de-bucarest-ancien-de-lecole-normale-superieure-sera-confronte-au-second-tour-a-george-simion\/#breadcrumb"},"inLanguage":"fr-FR","potentialAction":[{"@type":"ReadAction","target":["https:\/\/legrandcontinent.eu\/fr\/2025\/05\/05\/qui-est-nicusor-dan-le-maire-liberal-de-bucarest-ancien-de-lecole-normale-superieure-sera-confronte-au-second-tour-a-george-simion\/"]}]},{"@type":"ImageObject","inLanguage":"fr-FR","@id":"https:\/\/legrandcontinent.eu\/fr\/2025\/05\/05\/qui-est-nicusor-dan-le-maire-liberal-de-bucarest-ancien-de-lecole-normale-superieure-sera-confronte-au-second-tour-a-george-simion\/#primaryimage","url":"https:\/\/legrandcontinent.eu\/fr\/wp-content\/uploads\/sites\/2\/2025\/05\/dandan.png","contentUrl":"https:\/\/legrandcontinent.eu\/fr\/wp-content\/uploads\/sites\/2\/2025\/05\/dandan.png","width":3510,"height":1972},{"@type":"BreadcrumbList","@id":"https:\/\/legrandcontinent.eu\/fr\/2025\/05\/05\/qui-est-nicusor-dan-le-maire-liberal-de-bucarest-ancien-de-lecole-normale-superieure-sera-confronte-au-second-tour-a-george-simion\/#breadcrumb","itemListElement":[{"@type":"ListItem","position":1,"name":"Accueil","item":"https:\/\/legrandcontinent.eu\/fr\/"},{"@type":"ListItem","position":2,"name":"Qui est Nicu\u0219or Dan&#160;? Le maire lib\u00e9ral de Bucarest, ancien de l\u2019\u00c9cole normale sup\u00e9rieure sera confront\u00e9 au second tour \u00e0 George Simion"}]},{"@type":"WebSite","@id":"https:\/\/legrandcontinent.eu\/fr\/#website","url":"https:\/\/legrandcontinent.eu\/fr\/","name":"Le Grand Continent","description":"L&#039;\u00e9chelle pertinente","potentialAction":[{"@type":"SearchAction","target":{"@type":"EntryPoint","urlTemplate":"https:\/\/legrandcontinent.eu\/fr\/?s={search_term_string}"},"query-input":{"@type":"PropertyValueSpecification","valueRequired":true,"valueName":"search_term_string"}}],"inLanguage":"fr-FR"},{"@type":"Person","@id":"https:\/\/legrandcontinent.eu\/fr\/#\/schema\/person\/a1c2123a1ef5abd663fcde8f63063d45","name":"Matheo Malik","image":{"@type":"ImageObject","inLanguage":"fr-FR","@id":"https:\/\/legrandcontinent.eu\/fr\/#\/schema\/person\/image\/","url":"https:\/\/secure.gravatar.com\/avatar\/62cbadb9f7f0804282928747d8d2051d?s=96&d=mm&r=g","contentUrl":"https:\/\/secure.gravatar.com\/avatar\/62cbadb9f7f0804282928747d8d2051d?s=96&d=mm&r=g","caption":"Matheo Malik"}}]}},"lgc_categories":[{"id":4462,"name":"\u00c9lection pr\u00e9sidentielle en Roumanie","slug":"election-presidentielle-en-roumanie"}],"lgc_author":{"id":1780,"name":"Le Grand Continent","slug":"le-grand-continent","first_name":null,"last_name":null,"picture":null},"feature_image_summary":{"url":"https:\/\/legrandcontinent.eu\/fr\/wp-content\/uploads\/sites\/2\/2025\/05\/dandan.png","width":3510,"height":1972,"alt":""},"feature_image_cover":{"url":"https:\/\/legrandcontinent.eu\/fr\/wp-content\/uploads\/sites\/2\/2025\/05\/dandan.png","width":3510,"height":1972,"alt":""},"term_position_data":null,"_links":{"self":[{"href":"https:\/\/legrandcontinent.eu\/fr\/wp-json\/wp\/v2\/posts\/276523","targetHints":{"allow":["GET"]}}],"collection":[{"href":"https:\/\/legrandcontinent.eu\/fr\/wp-json\/wp\/v2\/posts"}],"about":[{"href":"https:\/\/legrandcontinent.eu\/fr\/wp-json\/wp\/v2\/types\/post"}],"author":[{"embeddable":true,"href":"https:\/\/legrandcontinent.eu\/fr\/wp-json\/wp\/v2\/users\/10"}],"replies":[{"embeddable":true,"href":"https:\/\/legrandcontinent.eu\/fr\/wp-json\/wp\/v2\/comments?post=276523"}],"version-history":[{"count":0,"href":"https:\/\/legrandcontinent.eu\/fr\/wp-json\/wp\/v2\/posts\/276523\/revisions"}],"wp:featuredmedia":[{"embeddable":true,"href":"https:\/\/legrandcontinent.eu\/fr\/wp-json\/wp\/v2\/media\/276537"}],"wp:attachment":[{"href":"https:\/\/legrandcontinent.eu\/fr\/wp-json\/wp\/v2\/media?parent=276523"}],"wp:term":[{"taxonomy":"category","embeddable":true,"href":"https:\/\/legrandcontinent.eu\/fr\/wp-json\/wp\/v2\/categories?post=276523"},{"taxonomy":"post_tag","embeddable":true,"href":"https:\/\/legrandcontinent.eu\/fr\/wp-json\/wp\/v2\/tags?post=276523"},{"taxonomy":"staff","embeddable":true,"href":"https:\/\/legrandcontinent.eu\/fr\/wp-json\/wp\/v2\/staff?post=276523"},{"taxonomy":"editorial_format","embeddable":true,"href":"https:\/\/legrandcontinent.eu\/fr\/wp-json\/wp\/v2\/editorial_format?post=276523"},{"taxonomy":"serie","embeddable":true,"href":"https:\/\/legrandcontinent.eu\/fr\/wp-json\/wp\/v2\/serie?post=276523"},{"taxonomy":"audience","embeddable":true,"href":"https:\/\/legrandcontinent.eu\/fr\/wp-json\/wp\/v2\/audience?post=276523"},{"taxonomy":"geo","embeddable":true,"href":"https:\/\/legrandcontinent.eu\/fr\/wp-json\/wp\/v2\/geo?post=276523"}],"curies":[{"name":"wp","href":"https:\/\/api.w.org\/{rel}","templated":true}]}}