{"id":274187,"date":"2025-04-23T06:30:00","date_gmt":"2025-04-23T04:30:00","guid":{"rendered":"https:\/\/legrandcontinent.eu\/fr\/?p=274187"},"modified":"2025-04-22T21:41:15","modified_gmt":"2025-04-22T19:41:15","slug":"les-constructeurs-automobiles-chinois-creusent-lecart-avec-leurs-concurrents-occidentaux","status":"publish","type":"post","link":"https:\/\/legrandcontinent.eu\/fr\/2025\/04\/23\/les-constructeurs-automobiles-chinois-creusent-lecart-avec-leurs-concurrents-occidentaux\/","title":{"rendered":"Les constructeurs automobiles chinois creusent l\u2019\u00e9cart avec leurs concurrents occidentaux"},"content":{"rendered":"\n<p>Le salon de l\u2019automobile de Shanghai, qui se tient tous les deux ans, est le principal \u00e9v\u00e9nement du march\u00e9 automobile asiatique. Si des constructeurs du monde entier y pr\u00e9senteront leurs nouveaux mod\u00e8les, toute l\u2019attention sera port\u00e9e sur les marques chinoises.<\/p>\n\n\n\n<div class=\"iframe-container wp-block-image wp-block-image-medium  iframe-dw\">\n\t<div>\n\t\t<iframe class=\"absolute w-full h-full pin-t pin-l\" title=\"titolo\" aria-label=\"Interactive line chart\" src=\"\/\/datawrapper.dwcdn.net\/Z5fKG\" scrolling=\"no\" frameborder=\"0\"><\/iframe>\n\t<\/div>\n<\/div>\n\n\n\n<ul class=\"wp-block-list\">\n<li>C\u2019est notamment en 2019 que le constructeur XPeng, bas\u00e9 \u00e0 Guangzhou, a d\u00e9voil\u00e9 \u00e0 Shanghai pour la premi\u00e8re fois son mod\u00e8le P7, une berline \u00e9lectrique dont la derni\u00e8re version lanc\u00e9e en novembre dernier est pr\u00e9sent\u00e9e comme le \u00ab&#160;premier v\u00e9hicule d\u00e9fini par l&rsquo;IA au monde&#160;\u00bb.<\/li>\n\n\n\n<li>Selon XPeng, la P7+ est la premi\u00e8re voiture int\u00e9grant un syst\u00e8me d\u2019aide \u00e0 la conduite (ADAS) aliment\u00e9 par l\u2019IA \u2014 et ce sans frais suppl\u00e9mentaires, contrairement aux voitures de Tesla notamment.<\/li>\n<\/ul>\n\n\n\n<p>Les constructeurs chinois consid\u00e8rent la conduite autonome comme la prochaine grande fronti\u00e8re de l\u2019automobile. En l\u2019attente de l\u2019autorisation pour la mise en circulation de voitures d\u00e9passant le \u00ab&#160;niveau 2&#160;\u00bb de l\u2019ADAS \u2014 \u00e0 savoir la possibilit\u00e9 pour le conducteur de ne plus avoir les mains sur le volant et les yeux sur la route \u2014 <a href=\"https:\/\/legrandcontinent.eu\/fr\/2024\/06\/14\/trois-fois-plus-loin-et-trois-fois-moins-cher-comment-le-constructeur-chinois-byd-revolutionne-le-marche-du-vehicule-hybride\/\">les marques continuent d\u2019innover<\/a>.<\/p>\n\n\n\n<ul class=\"wp-block-list\">\n<li>Ainsi, le SUV hybride U8 de la marque Yangwang, une filiale de BYD, propose une fonctionnalit\u00e9 permettant \u00e0 la voiture de pivoter sur place jusqu\u2019\u00e0 360\u00b0 et \u00e9galement la possibilit\u00e9 de flotter sur l\u2019eau \u00ab&#160;en cas d\u2019urgence&#160;\u00bb.<\/li>\n\n\n\n<li>En mars, le g\u00e9ant BYD a annonc\u00e9 une nouvelle gamme de voitures capables d\u2019effectuer une charge compl\u00e8te <a href=\"https:\/\/legrandcontinent.eu\/fr\/2025\/03\/19\/le-constructeur-chinois-de-voitures-electriques-byd-conforte-son-avance-technologique-sur-tesla\/\">en seulement 5 minutes<\/a> pour 400 km d\u2019autonomie, avec un prix d\u2019entr\u00e9e affich\u00e9 \u00e0 seulement 37 000 $ \u2014 soit une vitesse 4,5 fois plus rapide que celle propos\u00e9e par Tesla.<\/li>\n\n\n\n<li>Lundi 21 avril, <a href=\"https:\/\/legrandcontinent.eu\/fr\/2023\/08\/30\/byd-et-catl-dans-la-tete-des-promethees-chinois-de-lelectricite\/\">CATL, le plus grand fabricant mondial de batteries pour v\u00e9hicules \u00e9lectriques<\/a>, est all\u00e9 encore plus loin en d\u00e9voilant une nouvelle batterie (Shenxing) capable d\u2019obtenir une autonomie de 520 km au cours de la m\u00eame dur\u00e9e (pr\u00e8s de 6 fois plus rapide que Tesla).<\/li>\n<\/ul>\n\n\n\n<div class=\"iframe-container wp-block-image wp-block-image-medium  iframe-dw\">\n\t<div>\n\t\t<iframe class=\"absolute w-full h-full pin-t pin-l\" title=\"titolo\" aria-label=\"Interactive line chart\" src=\"\/\/datawrapper.dwcdn.net\/iVLCK\" scrolling=\"no\" frameborder=\"0\"><\/iframe>\n\t<\/div>\n<\/div>\n\n\n\n<ul class=\"wp-block-list\">\n<li>Renversement important de dynamique, les entreprises europ\u00e9ennes qui dominent encore une part importante du march\u00e9 global de l\u2019automobile (Volkswagen, Mercedes, BMW, Stellantis\u2026) signent aujourd\u2019hui des accords avec des marques chinoises afin de b\u00e9n\u00e9ficier d\u2019un transfert d\u2019expertise et technologie&nbsp;<span class='whitespace-nowrap'><span id='easy-footnote-1-274187' class='easy-footnote-margin-adjust'><\/span><span class='easy-footnote'><a href='https:\/\/legrandcontinent.eu\/fr\/2025\/04\/23\/les-constructeurs-automobiles-chinois-creusent-lecart-avec-leurs-concurrents-occidentaux\/#easy-footnote-bottom-1-274187' title='Kana Inagaki, Edward White et Patricia Nilsson, \u00ab&amp;#160;&lt;a href=&quot;https:\/\/www.ft.com\/content\/9de3f441-5288-4a0a-afed-09b811475d93&quot;&gt;Europe helped teach China to make cars. Now the tables are turning&lt;\/a&gt;&amp;#160;\u00bb, &lt;em&gt;Financial Times&lt;\/em&gt;, 16 avril 2025.'><sup>1<\/sup><\/a><\/span><\/span>.<\/li>\n\n\n\n<li>Dans un \u00ab&#160;plan d&rsquo;action&#160;\u00bb pour l&rsquo;industrie automobile publi\u00e9 le 5 mars, la Commission consid\u00e8re d\u2019ailleurs que l\u2019acc\u00e8s aux entreprises \u00e9trang\u00e8res au march\u00e9 europ\u00e9en pourrait \u00eatre conditionn\u00e9 \u00e0 la mise en place de joint-ventures avec des entreprises europ\u00e9ennes, ou des transferts de technologie et de propri\u00e9t\u00e9 intellectuelle&nbsp;<span class='whitespace-nowrap'><span id='easy-footnote-2-274187' class='easy-footnote-margin-adjust'><\/span><span class='easy-footnote'><a href='https:\/\/legrandcontinent.eu\/fr\/2025\/04\/23\/les-constructeurs-automobiles-chinois-creusent-lecart-avec-leurs-concurrents-occidentaux\/#easy-footnote-bottom-2-274187' title='&lt;a href=&quot;https:\/\/transport.ec.europa.eu\/document\/download\/89b3143e-09b6-4ae6-a826-932b90ed0816_en?filename=Communication%20-%20Action%20Plan.pdf&quot;&gt;Industrial Action Plan for the European automotive sector&lt;\/a&gt;,Commission europ\u00e9enne, 5 mars 2025.'><sup>2<\/sup><\/a><\/span><\/span>.<\/li>\n<\/ul>\n\n\n\n<p>Alors que la demande de v\u00e9hicules stagne en Europe, les constructeurs europ\u00e9ens perdent des parts de march\u00e9 en Chine, \u00e0 cause notamment du retard dans le d\u00e9veloppement de l\u2019\u00e9lectrique (et de l\u2019int\u00e9gration digitale) mais aussi de l&rsquo;absence d\u2019un mod\u00e8le d\u2019int\u00e9gration verticale, qui permet aux g\u00e9ants chinois comme BYD de produire \u00e0 moindres co\u00fbts.&nbsp;<\/p>\n\n\n\n<div class=\"iframe-container wp-block-image wp-block-image-medium  iframe-dw\">\n\t<div>\n\t\t<iframe class=\"absolute w-full h-full pin-t pin-l\" title=\"titolo\" aria-label=\"Interactive line chart\" src=\"\/\/datawrapper.dwcdn.net\/pCv4y\" scrolling=\"no\" frameborder=\"0\"><\/iframe>\n\t<\/div>\n<\/div>\n\n\n\n<p>L\u2019Allemagne, dont la r\u00e9ussite \u00e9conomique de ces derni\u00e8res d\u00e9cennies repose en partie sur ses exportations automobiles vers le march\u00e9 chinois, envoie d\u00e9sormais des centaines d\u2019ing\u00e9nieurs par an dans les usines chinoises afin qu\u2019ils b\u00e9n\u00e9ficient de l\u2019expertise de leurs homologues. En juillet 2023, Volkswagen a acquis une participation de 5&#160;% dans le capital du constructeur Xpeng pour un montant de 700 millions de dollars.<\/p>\n","protected":false},"excerpt":{"rendered":"<p>Aujourd\u2019hui, mercredi 23 avril, s\u2019ouvre le salon de l\u2019automobile de Shanghai, o\u00f9 des constructeurs du monde entier pr\u00e9senteront leurs nouveaux prototypes et v\u00e9hicules. Les principales nouveaut\u00e9s et innovations attendues viendront principalement des marques chinoises, qui ont annonc\u00e9 ces derni\u00e8res semaines des avanc\u00e9es consid\u00e9rables en termes de performance.<\/p>\n<p>La derni\u00e8re batterie d\u00e9voil\u00e9e lundi 21 avril par CATL devrait ainsi offrir une vitesse de recharge pr\u00e8s de 6 fois sup\u00e9rieure \u00e0 celle propos\u00e9e par le constructeur am\u00e9ricain Tesla.<\/p>\n","protected":false},"author":2622,"featured_media":274186,"comment_status":"closed","ping_status":"closed","sticky":false,"template":"templates\/post-briefings.php","format":"standard","meta":{"_acf_changed":false,"_trash_the_other_posts":false,"_yoast_wpseo_estimated-reading-time-minutes":3,"footnotes":""},"categories":[1727],"tags":[],"staff":[],"editorial_format":[],"serie":[],"audience":[],"geo":[531],"class_list":["post-274187","post","type-post","status-publish","format-standard","hentry","category-economie","geo-chine"],"acf":{"open_in_webview":false,"accent":false},"yoast_head":"<!-- This site is optimized with the Yoast SEO plugin v26.1.1 - https:\/\/yoast.com\/wordpress\/plugins\/seo\/ -->\n<title>Les constructeurs automobiles chinois creusent l\u2019\u00e9cart avec leurs concurrents occidentaux | Le Grand Continent<\/title>\n<meta name=\"robots\" content=\"index, follow, max-snippet:-1, max-image-preview:large, max-video-preview:-1\" \/>\n<link rel=\"canonical\" href=\"https:\/\/legrandcontinent.eu\/fr\/2025\/04\/23\/les-constructeurs-automobiles-chinois-creusent-lecart-avec-leurs-concurrents-occidentaux\/\" \/>\n<meta property=\"og:locale\" content=\"fr_FR\" \/>\n<meta property=\"og:type\" content=\"article\" \/>\n<meta property=\"og:title\" content=\"Les constructeurs automobiles chinois creusent l\u2019\u00e9cart avec leurs concurrents occidentaux | Le Grand Continent\" \/>\n<meta property=\"og:description\" content=\"Aujourd\u2019hui, mercredi 23 avril, s\u2019ouvre le salon de l\u2019automobile de Shanghai, o\u00f9 des constructeurs du monde entier pr\u00e9senteront leurs nouveaux prototypes et v\u00e9hicules. Les principales nouveaut\u00e9s et innovations attendues viendront principalement des marques chinoises, qui ont annonc\u00e9 ces derni\u00e8res semaines des avanc\u00e9es consid\u00e9rables en termes de performance.  La derni\u00e8re batterie d\u00e9voil\u00e9e lundi 21 avril par CATL devrait ainsi offrir une vitesse de recharge pr\u00e8s de 6 fois sup\u00e9rieure \u00e0 celle propos\u00e9e par le constructeur am\u00e9ricain Tesla.\" \/>\n<meta property=\"og:url\" content=\"https:\/\/legrandcontinent.eu\/fr\/2025\/04\/23\/les-constructeurs-automobiles-chinois-creusent-lecart-avec-leurs-concurrents-occidentaux\/\" \/>\n<meta property=\"og:site_name\" content=\"Le Grand Continent\" \/>\n<meta property=\"article:published_time\" content=\"2025-04-23T04:30:00+00:00\" \/>\n<meta property=\"og:image\" content=\"https:\/\/legrandcontinent.eu\/fr\/wp-content\/uploads\/sites\/2\/2025\/04\/gc-share-auto-shanghai-2025.png\" \/>\n\t<meta property=\"og:image:width\" content=\"1892\" \/>\n\t<meta property=\"og:image:height\" content=\"1058\" \/>\n\t<meta property=\"og:image:type\" content=\"image\/png\" \/>\n<meta name=\"author\" content=\"Marin Saillofest\" \/>\n<meta name=\"twitter:card\" content=\"summary_large_image\" \/>\n<meta name=\"twitter:image\" content=\"https:\/\/legrandcontinent.eu\/fr\/wp-content\/uploads\/sites\/2\/2025\/04\/gc-share-auto-shanghai-2025.png\" \/>\n<meta name=\"twitter:label1\" content=\"\u00c9crit par\" \/>\n\t<meta name=\"twitter:data1\" content=\"Marin Saillofest\" \/>\n\t<meta name=\"twitter:label2\" content=\"Dur\u00e9e de lecture estim\u00e9e\" \/>\n\t<meta name=\"twitter:data2\" content=\"3 minutes\" \/>\n<script type=\"application\/ld+json\" class=\"yoast-schema-graph\">{\"@context\":\"https:\/\/schema.org\",\"@graph\":[{\"@type\":\"WebPage\",\"@id\":\"https:\/\/legrandcontinent.eu\/fr\/2025\/04\/23\/les-constructeurs-automobiles-chinois-creusent-lecart-avec-leurs-concurrents-occidentaux\/\",\"url\":\"https:\/\/legrandcontinent.eu\/fr\/2025\/04\/23\/les-constructeurs-automobiles-chinois-creusent-lecart-avec-leurs-concurrents-occidentaux\/\",\"name\":\"Les constructeurs automobiles chinois creusent l\u2019\u00e9cart avec leurs concurrents occidentaux | Le Grand Continent\",\"isPartOf\":{\"@id\":\"https:\/\/legrandcontinent.eu\/fr\/#website\"},\"primaryImageOfPage\":{\"@id\":\"https:\/\/legrandcontinent.eu\/fr\/2025\/04\/23\/les-constructeurs-automobiles-chinois-creusent-lecart-avec-leurs-concurrents-occidentaux\/#primaryimage\"},\"image\":{\"@id\":\"https:\/\/legrandcontinent.eu\/fr\/2025\/04\/23\/les-constructeurs-automobiles-chinois-creusent-lecart-avec-leurs-concurrents-occidentaux\/#primaryimage\"},\"thumbnailUrl\":\"https:\/\/legrandcontinent.eu\/fr\/wp-content\/uploads\/sites\/2\/2025\/04\/gc-auto-shanghai-2025.png\",\"datePublished\":\"2025-04-23T04:30:00+00:00\",\"author\":{\"@id\":\"https:\/\/legrandcontinent.eu\/fr\/#\/schema\/person\/e4f85f52220fc7b4cc3cfdb86d88e833\"},\"breadcrumb\":{\"@id\":\"https:\/\/legrandcontinent.eu\/fr\/2025\/04\/23\/les-constructeurs-automobiles-chinois-creusent-lecart-avec-leurs-concurrents-occidentaux\/#breadcrumb\"},\"inLanguage\":\"fr-FR\",\"potentialAction\":[{\"@type\":\"ReadAction\",\"target\":[\"https:\/\/legrandcontinent.eu\/fr\/2025\/04\/23\/les-constructeurs-automobiles-chinois-creusent-lecart-avec-leurs-concurrents-occidentaux\/\"]}]},{\"@type\":\"ImageObject\",\"inLanguage\":\"fr-FR\",\"@id\":\"https:\/\/legrandcontinent.eu\/fr\/2025\/04\/23\/les-constructeurs-automobiles-chinois-creusent-lecart-avec-leurs-concurrents-occidentaux\/#primaryimage\",\"url\":\"https:\/\/legrandcontinent.eu\/fr\/wp-content\/uploads\/sites\/2\/2025\/04\/gc-auto-shanghai-2025.png\",\"contentUrl\":\"https:\/\/legrandcontinent.eu\/fr\/wp-content\/uploads\/sites\/2\/2025\/04\/gc-auto-shanghai-2025.png\",\"width\":1894,\"height\":1058},{\"@type\":\"BreadcrumbList\",\"@id\":\"https:\/\/legrandcontinent.eu\/fr\/2025\/04\/23\/les-constructeurs-automobiles-chinois-creusent-lecart-avec-leurs-concurrents-occidentaux\/#breadcrumb\",\"itemListElement\":[{\"@type\":\"ListItem\",\"position\":1,\"name\":\"Accueil\",\"item\":\"https:\/\/legrandcontinent.eu\/fr\/\"},{\"@type\":\"ListItem\",\"position\":2,\"name\":\"Les constructeurs automobiles chinois creusent l\u2019\u00e9cart avec leurs concurrents occidentaux\"}]},{\"@type\":\"WebSite\",\"@id\":\"https:\/\/legrandcontinent.eu\/fr\/#website\",\"url\":\"https:\/\/legrandcontinent.eu\/fr\/\",\"name\":\"Le Grand Continent\",\"description\":\"L&#039;\u00e9chelle pertinente\",\"potentialAction\":[{\"@type\":\"SearchAction\",\"target\":{\"@type\":\"EntryPoint\",\"urlTemplate\":\"https:\/\/legrandcontinent.eu\/fr\/?s={search_term_string}\"},\"query-input\":{\"@type\":\"PropertyValueSpecification\",\"valueRequired\":true,\"valueName\":\"search_term_string\"}}],\"inLanguage\":\"fr-FR\"},{\"@type\":\"Person\",\"@id\":\"https:\/\/legrandcontinent.eu\/fr\/#\/schema\/person\/e4f85f52220fc7b4cc3cfdb86d88e833\",\"name\":\"Marin Saillofest\",\"image\":{\"@type\":\"ImageObject\",\"inLanguage\":\"fr-FR\",\"@id\":\"https:\/\/legrandcontinent.eu\/fr\/#\/schema\/person\/image\/\",\"url\":\"https:\/\/secure.gravatar.com\/avatar\/87088698b4d967390c49ae6d4f1aa459?s=96&d=mm&r=g\",\"contentUrl\":\"https:\/\/secure.gravatar.com\/avatar\/87088698b4d967390c49ae6d4f1aa459?s=96&d=mm&r=g\",\"caption\":\"Marin Saillofest\"}}]}<\/script>\n<!-- \/ Yoast SEO plugin. -->","yoast_head_json":{"title":"Les constructeurs automobiles chinois creusent l\u2019\u00e9cart avec leurs concurrents occidentaux | Le Grand Continent","robots":{"index":"index","follow":"follow","max-snippet":"max-snippet:-1","max-image-preview":"max-image-preview:large","max-video-preview":"max-video-preview:-1"},"canonical":"https:\/\/legrandcontinent.eu\/fr\/2025\/04\/23\/les-constructeurs-automobiles-chinois-creusent-lecart-avec-leurs-concurrents-occidentaux\/","og_locale":"fr_FR","og_type":"article","og_title":"Les constructeurs automobiles chinois creusent l\u2019\u00e9cart avec leurs concurrents occidentaux | Le Grand Continent","og_description":"Aujourd\u2019hui, mercredi 23 avril, s\u2019ouvre le salon de l\u2019automobile de Shanghai, o\u00f9 des constructeurs du monde entier pr\u00e9senteront leurs nouveaux prototypes et v\u00e9hicules. Les principales nouveaut\u00e9s et innovations attendues viendront principalement des marques chinoises, qui ont annonc\u00e9 ces derni\u00e8res semaines des avanc\u00e9es consid\u00e9rables en termes de performance.  La derni\u00e8re batterie d\u00e9voil\u00e9e lundi 21 avril par CATL devrait ainsi offrir une vitesse de recharge pr\u00e8s de 6 fois sup\u00e9rieure \u00e0 celle propos\u00e9e par le constructeur am\u00e9ricain Tesla.","og_url":"https:\/\/legrandcontinent.eu\/fr\/2025\/04\/23\/les-constructeurs-automobiles-chinois-creusent-lecart-avec-leurs-concurrents-occidentaux\/","og_site_name":"Le Grand Continent","article_published_time":"2025-04-23T04:30:00+00:00","og_image":[{"width":1892,"height":1058,"url":"https:\/\/legrandcontinent.eu\/fr\/wp-content\/uploads\/sites\/2\/2025\/04\/gc-share-auto-shanghai-2025.png","type":"image\/png"}],"author":"Marin Saillofest","twitter_card":"summary_large_image","twitter_image":"https:\/\/legrandcontinent.eu\/fr\/wp-content\/uploads\/sites\/2\/2025\/04\/gc-share-auto-shanghai-2025.png","twitter_misc":{"\u00c9crit par":"Marin Saillofest","Dur\u00e9e de lecture estim\u00e9e":"3 minutes"},"schema":{"@context":"https:\/\/schema.org","@graph":[{"@type":"WebPage","@id":"https:\/\/legrandcontinent.eu\/fr\/2025\/04\/23\/les-constructeurs-automobiles-chinois-creusent-lecart-avec-leurs-concurrents-occidentaux\/","url":"https:\/\/legrandcontinent.eu\/fr\/2025\/04\/23\/les-constructeurs-automobiles-chinois-creusent-lecart-avec-leurs-concurrents-occidentaux\/","name":"Les constructeurs automobiles chinois creusent l\u2019\u00e9cart avec leurs concurrents occidentaux | Le Grand Continent","isPartOf":{"@id":"https:\/\/legrandcontinent.eu\/fr\/#website"},"primaryImageOfPage":{"@id":"https:\/\/legrandcontinent.eu\/fr\/2025\/04\/23\/les-constructeurs-automobiles-chinois-creusent-lecart-avec-leurs-concurrents-occidentaux\/#primaryimage"},"image":{"@id":"https:\/\/legrandcontinent.eu\/fr\/2025\/04\/23\/les-constructeurs-automobiles-chinois-creusent-lecart-avec-leurs-concurrents-occidentaux\/#primaryimage"},"thumbnailUrl":"https:\/\/legrandcontinent.eu\/fr\/wp-content\/uploads\/sites\/2\/2025\/04\/gc-auto-shanghai-2025.png","datePublished":"2025-04-23T04:30:00+00:00","author":{"@id":"https:\/\/legrandcontinent.eu\/fr\/#\/schema\/person\/e4f85f52220fc7b4cc3cfdb86d88e833"},"breadcrumb":{"@id":"https:\/\/legrandcontinent.eu\/fr\/2025\/04\/23\/les-constructeurs-automobiles-chinois-creusent-lecart-avec-leurs-concurrents-occidentaux\/#breadcrumb"},"inLanguage":"fr-FR","potentialAction":[{"@type":"ReadAction","target":["https:\/\/legrandcontinent.eu\/fr\/2025\/04\/23\/les-constructeurs-automobiles-chinois-creusent-lecart-avec-leurs-concurrents-occidentaux\/"]}]},{"@type":"ImageObject","inLanguage":"fr-FR","@id":"https:\/\/legrandcontinent.eu\/fr\/2025\/04\/23\/les-constructeurs-automobiles-chinois-creusent-lecart-avec-leurs-concurrents-occidentaux\/#primaryimage","url":"https:\/\/legrandcontinent.eu\/fr\/wp-content\/uploads\/sites\/2\/2025\/04\/gc-auto-shanghai-2025.png","contentUrl":"https:\/\/legrandcontinent.eu\/fr\/wp-content\/uploads\/sites\/2\/2025\/04\/gc-auto-shanghai-2025.png","width":1894,"height":1058},{"@type":"BreadcrumbList","@id":"https:\/\/legrandcontinent.eu\/fr\/2025\/04\/23\/les-constructeurs-automobiles-chinois-creusent-lecart-avec-leurs-concurrents-occidentaux\/#breadcrumb","itemListElement":[{"@type":"ListItem","position":1,"name":"Accueil","item":"https:\/\/legrandcontinent.eu\/fr\/"},{"@type":"ListItem","position":2,"name":"Les constructeurs automobiles chinois creusent l\u2019\u00e9cart avec leurs concurrents occidentaux"}]},{"@type":"WebSite","@id":"https:\/\/legrandcontinent.eu\/fr\/#website","url":"https:\/\/legrandcontinent.eu\/fr\/","name":"Le Grand Continent","description":"L&#039;\u00e9chelle pertinente","potentialAction":[{"@type":"SearchAction","target":{"@type":"EntryPoint","urlTemplate":"https:\/\/legrandcontinent.eu\/fr\/?s={search_term_string}"},"query-input":{"@type":"PropertyValueSpecification","valueRequired":true,"valueName":"search_term_string"}}],"inLanguage":"fr-FR"},{"@type":"Person","@id":"https:\/\/legrandcontinent.eu\/fr\/#\/schema\/person\/e4f85f52220fc7b4cc3cfdb86d88e833","name":"Marin Saillofest","image":{"@type":"ImageObject","inLanguage":"fr-FR","@id":"https:\/\/legrandcontinent.eu\/fr\/#\/schema\/person\/image\/","url":"https:\/\/secure.gravatar.com\/avatar\/87088698b4d967390c49ae6d4f1aa459?s=96&d=mm&r=g","contentUrl":"https:\/\/secure.gravatar.com\/avatar\/87088698b4d967390c49ae6d4f1aa459?s=96&d=mm&r=g","caption":"Marin Saillofest"}}]}},"lgc_categories":[{"id":1727,"name":"\u00c9conomie","slug":"economie"}],"lgc_author":null,"feature_image_summary":{"url":"https:\/\/legrandcontinent.eu\/fr\/wp-content\/uploads\/sites\/2\/2025\/04\/gc-auto-shanghai-2025.png","width":1894,"height":1058,"alt":""},"feature_image_cover":null,"term_position_data":null,"_links":{"self":[{"href":"https:\/\/legrandcontinent.eu\/fr\/wp-json\/wp\/v2\/posts\/274187","targetHints":{"allow":["GET"]}}],"collection":[{"href":"https:\/\/legrandcontinent.eu\/fr\/wp-json\/wp\/v2\/posts"}],"about":[{"href":"https:\/\/legrandcontinent.eu\/fr\/wp-json\/wp\/v2\/types\/post"}],"author":[{"embeddable":true,"href":"https:\/\/legrandcontinent.eu\/fr\/wp-json\/wp\/v2\/users\/2622"}],"replies":[{"embeddable":true,"href":"https:\/\/legrandcontinent.eu\/fr\/wp-json\/wp\/v2\/comments?post=274187"}],"version-history":[{"count":0,"href":"https:\/\/legrandcontinent.eu\/fr\/wp-json\/wp\/v2\/posts\/274187\/revisions"}],"wp:featuredmedia":[{"embeddable":true,"href":"https:\/\/legrandcontinent.eu\/fr\/wp-json\/wp\/v2\/media\/274186"}],"wp:attachment":[{"href":"https:\/\/legrandcontinent.eu\/fr\/wp-json\/wp\/v2\/media?parent=274187"}],"wp:term":[{"taxonomy":"category","embeddable":true,"href":"https:\/\/legrandcontinent.eu\/fr\/wp-json\/wp\/v2\/categories?post=274187"},{"taxonomy":"post_tag","embeddable":true,"href":"https:\/\/legrandcontinent.eu\/fr\/wp-json\/wp\/v2\/tags?post=274187"},{"taxonomy":"staff","embeddable":true,"href":"https:\/\/legrandcontinent.eu\/fr\/wp-json\/wp\/v2\/staff?post=274187"},{"taxonomy":"editorial_format","embeddable":true,"href":"https:\/\/legrandcontinent.eu\/fr\/wp-json\/wp\/v2\/editorial_format?post=274187"},{"taxonomy":"serie","embeddable":true,"href":"https:\/\/legrandcontinent.eu\/fr\/wp-json\/wp\/v2\/serie?post=274187"},{"taxonomy":"audience","embeddable":true,"href":"https:\/\/legrandcontinent.eu\/fr\/wp-json\/wp\/v2\/audience?post=274187"},{"taxonomy":"geo","embeddable":true,"href":"https:\/\/legrandcontinent.eu\/fr\/wp-json\/wp\/v2\/geo?post=274187"}],"curies":[{"name":"wp","href":"https:\/\/api.w.org\/{rel}","templated":true}]}}