{"id":273089,"date":"2025-04-16T18:16:48","date_gmt":"2025-04-16T16:16:48","guid":{"rendered":"https:\/\/legrandcontinent.eu\/fr\/?p=273089"},"modified":"2025-04-16T18:59:32","modified_gmt":"2025-04-16T16:59:32","slug":"sur-la-chine-lespagne-ne-fait-pas-cavalier-seul-une-conversation-avec-jose-manuel-albares","status":"publish","type":"post","link":"https:\/\/legrandcontinent.eu\/fr\/2025\/04\/16\/sur-la-chine-lespagne-ne-fait-pas-cavalier-seul-une-conversation-avec-jose-manuel-albares\/","title":{"rendered":"\u00ab&#160;Sur la Chine, l\u2019Espagne ne fait pas cavalier seul&#160;\u00bb, une conversation avec Jos\u00e9 Manuel Albares"},"content":{"rendered":"\n<h3 class=\"wp-block-heading\">La pause de 90 jours annonc\u00e9e par Donald Trump dans la mise en \u0153uvre des droits de douane \u00ab&#160;r\u00e9ciproques&#160;\u00bb dans le monde entier sauf en Chine a rassur\u00e9&nbsp;\u2014 mais elle ne garantit en rien qu\u2019un accord sera finalement trouv\u00e9 avec l\u2019Union. Quels sont les sc\u00e9narios envisag\u00e9s \u00e0 l&rsquo;heure actuelle&#160;?<\/h3>\n\n\n\n<p>Je ferais trois remarques.<\/p>\n\n\n\n<p>Premi\u00e8rement, l&rsquo;Espagne et l&rsquo;Union europ\u00e9enne croient au libre-\u00e9change, non seulement comme un \u00e9l\u00e9ment essentiel de la projection de l&rsquo;Europe dans le monde\u00a0mais aussi comme un pilier de sa propre construction en tant qu&rsquo;Union <a href=\"https:\/\/legrandcontinent.eu\/fr\/2024\/04\/18\/beaucoup-plus-quun-marche\/\">bas\u00e9e sur un march\u00e9 unique qui \u00e9limine les barri\u00e8res et produit de la stabilit\u00e9 et de la prosp\u00e9rit\u00e9<\/a>.<\/p>\n\n\n\n<p>Deuxi\u00e8mement, nous avons avec les \u00c9tats-Unis la relation commerciale la plus \u00e9tendue au monde et elle est mutuellement b\u00e9n\u00e9fique depuis des d\u00e9cennies \u2014 \u00e0 la fois pour les Europ\u00e9ens et pour les Nord-Am\u00e9ricains. Nous avons \u00e0 c\u0153ur que cela continue.<\/p>\n\n\n\n<p>Troisi\u00e8mement, une guerre commerciale ne fait jamais de gagnants, elle appauvrit tout le monde. Ces 90 jours doivent donc \u00eatre l&rsquo;occasion d&rsquo;entamer des n\u00e9gociations fond\u00e9es sur le dialogue en vue d&rsquo;un accord qui soit b\u00e9n\u00e9fique aux deux parties et qui pr\u00e9serve l&rsquo;esprit du libre-\u00e9change entre l&rsquo;Europe et les \u00c9tats-Unis.<\/p>\n\n\n\n<figure class=\"wp-block-pullquote\"><blockquote><p>Notre ligne rouge est \u00e9vidente&#160;: c\u2019est l&rsquo;int\u00e9grit\u00e9 du march\u00e9 unique et la d\u00e9fense de nos entreprises, de nos travailleurs, de nos agriculteurs et de nos consommateurs.<\/p><cite>Jos\u00e9 Manuel Albares<\/cite><\/blockquote><\/figure>\n\n\n\n<h3 class=\"wp-block-heading\">Vous ne dites pas pour autant que cet accord devrait se faire \u00e0 n&rsquo;importe quel prix&#160;: quelles sont vos lignes rouges dans les n\u00e9gociations avec les \u00c9tats-Unis de Donald Trump&#160;?<\/h3>\n\n\n\n<p>J&rsquo;insiste&#160;: nous croyons au libre-\u00e9change.<\/p>\n\n\n\n<p>Il y a une proposition sur la table, bas\u00e9e sur le principe de droits de douane \u00ab&#160;z\u00e9ro pour z\u00e9ro&#160;\u00bb, qui vise, au lieu de cr\u00e9er des barri\u00e8res, \u00e0 encourager la plus grande mobilit\u00e9 commerciale possible et le co\u00fbt le plus bas possible pour nos consommateurs. Comme l&rsquo;a d\u00e9j\u00e0 annonc\u00e9 la Commission, c&rsquo;est un bon point de d\u00e9part pour les n\u00e9gociations.<\/p>\n\n\n\n<p>Notre ligne rouge est \u00e9vidente&#160;: c\u2019est l&rsquo;int\u00e9grit\u00e9 du march\u00e9 unique et la d\u00e9fense de nos entreprises, de nos travailleurs, de nos agriculteurs et de nos consommateurs. Le monde entier doit en \u00eatre conscient.&nbsp;<\/p>\n\n\n\n<h3 class=\"wp-block-heading\">Dans la pr\u00e9paration de tous les sc\u00e9narios possibles, la Commission envisage \u00e9galement d&rsquo;utiliser son \u00ab&#160;bazooka&#160;\u00bb, l&rsquo;\u00ab&#160;instrument anti-coercition&#160;\u00bb. Cet outil offre un large \u00e9ventail de mesures in\u00e9dites en mati\u00e8re de commerce et de souverainet\u00e9. L&rsquo;Espagne serait-elle favorable \u00e0 son utilisation si aucun accord satisfaisant n&rsquo;\u00e9tait trouv\u00e9&#160;?<\/h3>\n\n\n\n<p>L&rsquo;Espagne est favorable \u00e0 des solutions n\u00e9goci\u00e9es et issues du dialogue. Si cela n&rsquo;\u00e9tait pas possible, nous devrions r\u00e9agir de mani\u00e8re proportionn\u00e9e, avec sang-froid et s\u00e9r\u00e9nit\u00e9 \u2014 mais avec beaucoup de fermet\u00e9.<\/p>\n\n\n\n<p>En Europe, nous disposons \u00e0 la fois des instruments et de la volont\u00e9 politique pour le faire.<\/p>\n\n\n\n<h3 class=\"wp-block-heading\">Cette volont\u00e9 inclurait-elle l&rsquo;instrument anti-coercition&#160;?<\/h3>\n\n\n\n<p>Je ne voudrais pas sp\u00e9culer au moment m\u00eame o\u00f9, pour 90 jours, une fen\u00eatre de n\u00e9gociation est ouverte.<\/p>\n\n\n\n<p>Mais que personne ne s&rsquo;y trompe&#160;: les instruments sont l\u00e0 et, si n\u00e9cessaire, la volont\u00e9 politique aussi.<\/p>\n\n\n\n<h3 class=\"wp-block-heading\">La pr\u00e9sidente du Conseil italienne Giorgia Meloni est \u00e0 Washington. Pensez-vous que ce voyage puisse \u00eatre utile et qu&rsquo;elle soit un interlocuteur valable&#160;?<\/h3>\n\n\n\n<p>Je n&rsquo;ai aucune information ni aucun d\u00e9tail sur les raisons ou le programme de ce voyage.<\/p>\n\n\n\n<p>Tout ce que je peux dire, c&rsquo;est que tout ce qui peut \u00eatre b\u00e9n\u00e9fique au march\u00e9 unique europ\u00e9en sera le bienvenu.&nbsp;<\/p>\n\n\n\n<h3 class=\"wp-block-heading\">La semaine derni\u00e8re, <a href=\"https:\/\/legrandcontinent.eu\/fr\/2025\/04\/11\/a-pekin-pedro-sanchez-appelle-a-un-renforcement-des-liens-entre-lunion-et-la-chine-ignorant-la-mise-en-garde-de-washington\/\">le pr\u00e9sident du gouvernement espagnol, Pedro S\u00e1nchez, s&rsquo;est rendu en Chine<\/a>. De son c\u00f4t\u00e9, le secr\u00e9taire am\u00e9ricain au Tr\u00e9sor, Scott Bessent, a averti qu&#8217;embrasser P\u00e9kin reviendrait \u00e0 \u00ab&#160;se trancher le cou&#160;\u00bb. C&rsquo;est une image violente. Y a-t-il actuellement un malentendu entre Madrid et Washington&#160;?<\/h3>\n\n\n\n<p>Aucun.<\/p>\n\n\n\n<p>Je voudrais rappeler que j&rsquo;ai moi-m\u00eame eu r\u00e9cemment une conversation t\u00e9l\u00e9phonique tr\u00e8s cordiale avec mon homologue Marco Rubio. Quant au ministre de l&rsquo;\u00c9conomie, Carlos Cuerpo, il s&rsquo;est rendu \u00e0 Washington cette semaine pour rencontrer Scott Bessent. Le pr\u00e9sident du gouvernement a \u00e9galement eu une conversation t\u00e9l\u00e9phonique tr\u00e8s cordiale avec le pr\u00e9sident Trump.<\/p>\n\n\n\n<p>L&rsquo;Espagne a une politique \u00e9trang\u00e8re qui lui est propre et qui d\u00e9fend ses int\u00e9r\u00eats comme ceux de l&rsquo;Europe. Mais cette politique \u00e9trang\u00e8re est globale, car l&rsquo;Espagne a une histoire, une langue et une vision du monde qui sont globales. Les \u00c9tats-Unis sont notre alli\u00e9 naturel et historique, ainsi que celui des Europ\u00e9ens, et nous avons un lien transatlantique absolument unique au monde \u2014 que l&rsquo;Espagne veut pr\u00e9server et maintenir. Cela n&#8217;emp\u00eache pas que nous nous tournions \u00e9galement vers d&rsquo;autres partenaires tels que le Mercosur, le continent africain, l&rsquo;Inde ou la Chine.&nbsp;<\/p>\n\n\n\n<h3 class=\"wp-block-heading\">Vous ne pensez pas que l&rsquo;Espagne soit aujourd&rsquo;hui dans le collimateur des \u00c9tats-Unis&#160;?<\/h3>\n\n\n\n<p>Pas du tout.<\/p>\n\n\n\n<p>Tous les contacts officiels que nous avons eus \u2014 dans mon cas avec Marco Rubio et le g\u00e9n\u00e9ral Kellogg \u2014 ont \u00e9t\u00e9 tr\u00e8s cordiaux. La relation est d&rsquo;une totale cordialit\u00e9.<\/p>\n\n\n\n<h3 class=\"wp-block-heading\">Comment d\u00e9finiriez-vous la relation entre l&rsquo;Espagne et la Chine&#160;? Pedro S\u00e1nchez est-il le point de contact des Chinois en Europe&#160;?<\/h3>\n\n\n\n<p>En ce moment, le monde a plus que jamais besoin de voix comme celle que repr\u00e9sente la politique \u00e9trang\u00e8re espagnole, \u00e0 la recherche de l&rsquo;\u00e9quilibre et du dialogue. Le monde ne peut pas aller vers de nouvelles guerres froides. Il doit aller vers un multilat\u00e9ralisme avanc\u00e9, serein, o\u00f9 tout diff\u00e9rend peut \u00eatre r\u00e9solu par le dialogue.<\/p>\n\n\n\n<p>Il existe actuellement une multipolarit\u00e9 tr\u00e8s agressive dans de nombreuses r\u00e9gions du monde, la guerre est revenue en force comme moyen de r\u00e9soudre les conflits entre les peuples et les \u00c9tats&#160;; nous le voyons \u00e0 Gaza et en Ukraine. La politique \u00e9trang\u00e8re de l&rsquo;Espagne repose sur le contraire.<\/p>\n\n\n\n<p>L&rsquo;Union doit \u00eatre une puissance mod\u00e9ratrice, une puissance d&rsquo;\u00e9quilibre, une puissance qui promeut la paix, le multilat\u00e9ralisme et les valeurs d\u00e9mocratiques. C&rsquo;est ainsi que l&rsquo;Espagne m\u00e8ne sa politique \u00e9trang\u00e8re avec sa propre identit\u00e9.&nbsp;<\/p>\n\n\n\n<figure class=\"wp-block-pullquote\"><blockquote><p>Le monde ne peut pas aller vers de nouvelles guerres froides.<\/p><cite>Jos\u00e9 Manuel Albares<\/cite><\/blockquote><\/figure>\n\n\n\n<h3 class=\"wp-block-heading\">Ne craignez-vous pas que la Chine voit en l&rsquo;Espagne un maillon faible de l&rsquo;Union&#160;?<\/h3>\n\n\n\n<p>Je puis vous assurer que ce n&rsquo;est pas le cas.<\/p>\n\n\n\n<h3 class=\"wp-block-heading\">Pourquoi avoir fait trois visites en Chine en deux ans&#160;?<\/h3>\n\n\n\n<p>L&rsquo;Espagne ne fait pas cavalier seul dans sa relation avec P\u00e9kin&#160;: vous noterez que la pr\u00e9sidente de la Commission et le pr\u00e9sident du Conseil se rendront en Chine en juin. De m\u00eame, les dirigeants fran\u00e7ais et allemand se sont rendus en Chine lors de voyages bilat\u00e9raux et je suis s\u00fbr qu&rsquo;ils y retourneront.<\/p>\n\n\n\n<p>L&rsquo;Espagne a une vision globale de sa politique \u00e9trang\u00e8re. C&rsquo;est pourquoi notre voix est entendue \u00e0 Washington comme \u00e0 P\u00e9kin et \u00e0 Bruxelles \u2014 parce que notre influence est mondiale et parce que le monde a actuellement besoin de dialogue&#160;: ceux qui consid\u00e8rent que l\u2019on pourrait mener une politique \u00e9trang\u00e8re globale sans parler \u00e0 la Chine,ou aux \u00c9tats-Unis, au Mercosur ou \u00e0 l&rsquo;Afrique, ou encore \u00e0 l&rsquo;Inde se trompent compl\u00e8tement.<\/p>\n\n\n\n<h3 class=\"wp-block-heading\">La Chine ne consid\u00e8re pas l&rsquo;Espagne comme un pays hostile&#160;: ne craignez-vous pas que cela ne soit per\u00e7u comme une faiblesse&#160;?<\/h3>\n\n\n\n<p>Pas du tout.<\/p>\n\n\n\n<p>Il ne s&rsquo;agit d\u2019ailleurs pas que de la Chine&#160;: l&rsquo;Espagne n&rsquo;est hostile \u00e0 aucun pays ni \u00e0 aucune r\u00e9gion du monde.<\/p>\n\n\n\n<p>Nous nous opposons \u00e0 ceux qui violent la Charte des Nations unies, \u00e0 ceux qui croient que la guerre est un instrument l\u00e9gitime pour atteindre leurs fins, \u00e0 ceux qui tentent de porter atteinte aux valeurs d\u00e9mocratiques auxquelles nous croyons.<\/p>\n\n\n\n<p>L&rsquo;Espagne d\u00e9fend partout les m\u00eames id\u00e9es et les m\u00eames valeurs, que ce soit \u00e0 Bruxelles, \u00e0 Kiev, \u00e0 Gaza, \u00e0 P\u00e9kin ou \u00e0 Washington. Notre politique \u00e9trang\u00e8re a son identit\u00e9 propre et sa coh\u00e9rence \u2014 et cela nous donne une pr\u00e9sence et un poids dans le monde.<\/p>\n\n\n\n<h3 class=\"wp-block-heading\">Vous \u00eates-vous coordonn\u00e9 avec la pr\u00e9sidente de la Commission avant le voyage \u00e0 P\u00e9kin&#160;?<\/h3>\n\n\n\n<p>M\u00eame si la politique \u00e9trang\u00e8re de chaque pays est d\u00e9termin\u00e9e par le pays lui-m\u00eame, nous avons bien s\u00fbr discut\u00e9 au pr\u00e9alable avec la pr\u00e9sidente de la Commission.&nbsp;<\/p>\n\n\n\n<figure class=\"wp-block-pullquote\"><blockquote><p>Vladimir Poutine ne donne \u00e9videmment aucun signe de vouloir un cessez-le-feu.<\/p><cite>Jos\u00e9 Manuel Albares<\/cite><\/blockquote><\/figure>\n\n\n\n<h3 class=\"wp-block-heading\">Lors de son voyage en Chine, le pr\u00e9sident du gouvernement espagnol a \u00e9voqu\u00e9 une relation fond\u00e9e sur le respect et le b\u00e9n\u00e9fice mutuel, chacun selon sa vision. Cependant, les derni\u00e8res donn\u00e9es \u00e9conomiques t\u00e9moignent du d\u00e9ficit commercial croissant entre la Chine et l&rsquo;Union \u2014&nbsp;dans une relation d\u00e9s\u00e9quilibr\u00e9e en faveur de la Chine. Assistera-t-on \u00e0 un r\u00e9\u00e9quilibrage dans les prochains trimestres&#160;?<\/h3>\n\n\n\n<p>Le dialogue avec la Chine se fait \u00e0 diff\u00e9rents niveaux.<\/p>\n\n\n\n<p>Nous \u00e9changeons aussi bien sur des questions globales telles que la lutte contre le changement climatique que sur les questions li\u00e9es au Conseil de s\u00e9curit\u00e9 et au maintien de la paix et de la stabilit\u00e9 mondiale. Mais je pr\u00e9cise qu\u2019il existe \u00e9galement un dialogue avec les autres pays d&rsquo;Asie du Sud-Est. Ce voyage en Chine s&rsquo;inscrivait d&rsquo;ailleurs dans le cadre d&rsquo;une tourn\u00e9e plus large avec le Vietnam qui s&rsquo;est \u00e9galement av\u00e9r\u00e9e tr\u00e8s productive.<\/p>\n\n\n\n<p>Il existe bien s\u00fbr des questions bilat\u00e9rales, notamment l&rsquo;obtention d&rsquo;une balance commerciale plus \u00e9quilibr\u00e9e et la capacit\u00e9 d&rsquo;ouvrir de nouveaux march\u00e9s pour les entreprises espagnoles et europ\u00e9ennes en Chine.&nbsp;<\/p>\n\n\n\n<h3 class=\"wp-block-heading\">Ce week-end, en Ukraine, <a href=\"https:\/\/legrandcontinent.eu\/fr\/2025\/04\/13\/lukraine-se-prepare-a-une-nouvelle-offensive-russe-en-direction-de-soumy-et-de-kharkiv\/\">la Russie a lanc\u00e9 une attaque particuli\u00e8rement meurtri\u00e8re contre des civils dans la ville de Soumy<\/a>. Peut-on encore parler de la perspective d&rsquo;un cessez-le-feu&#160;?<\/h3>\n\n\n\n<p>Vladimir Poutine ne donne \u00e9videmment aucun signe de vouloir ce cessez-le-feu.<\/p>\n\n\n\n<p>Cette terrible attaque a d\u00e9montr\u00e9 que la Russie maintient sa strat\u00e9gie de la terreur. Deux missiles balistiques tir\u00e9s contre une ville, en plein dimanche des Rameaux, faisant exclusivement des victimes civiles, ne font que d\u00e9montrer une cruaut\u00e9 sans pr\u00e9c\u00e9dent qui va \u00e9galement \u00e0 l&rsquo;encontre du droit international humanitaire.<\/p>\n\n\n\n<p>Si cela n&rsquo;\u00e9tait pas assez clair, nous voyons bien qui veut la paix et qui veut la guerre.<\/p>\n\n\n\n<p>Le pr\u00e9sident Zelensky, qui a mis sur la table un cessez-le-feu inconditionnel, veut la paix.<\/p>\n\n\n\n<p>Et celui qui veut la guerre est celui qui l&rsquo;a commenc\u00e9e, celui qui la poursuit et celui qui utilise des tactiques dilatoires pour ne pas accepter le cessez-le-feu&#160;: Vladimir Poutine.<\/p>\n\n\n\n<p>Ce que nous, les autres pays de la communaut\u00e9 internationale et tr\u00e8s clairement les Europ\u00e9ens, devons faire, c&rsquo;est utiliser toute notre force diplomatique pour obliger la Russie \u00e0 accepter ce cessez-le-feu, qui doit \u00eatre un premier pas vers une paix juste et durable.<\/p>\n\n\n\n<h3 class=\"wp-block-heading\">Le pr\u00e9sident Trump a qualifi\u00e9 l&rsquo;attaque de \u00ab&#160;terrible erreur&#160;\u00bb. S&rsquo;agit-il selon vous d&rsquo;un crime de guerre&#160;?<\/h3>\n\n\n\n<p>Sans aucun doute. C&rsquo;est une attaque directe contre des civils qui va totalement \u00e0 l&rsquo;encontre du droit international humanitaire.<\/p>\n\n\n\n<h3 class=\"wp-block-heading\">\u00c0 ce stade, il semble ne rester que deux moyens de forcer la Russie \u00e0 s&rsquo;asseoir \u00e0 la table des n\u00e9gociations&#160;: augmenter la pression sur le front et user des sanctions. L&rsquo;Espagne soutiendrait-elle un nouveau paquet de sanctions en mai&#160;?<\/h3>\n\n\n\n<p>L&rsquo;Espagne est favorable \u00e0 l&rsquo;augmentation continue des sanctions jusqu&rsquo;\u00e0 ce que la paix juste et durable soit atteinte. Nous soutiendrions sans h\u00e9siter un nouveau paquet de sanctions au niveau europ\u00e9en.<\/p>\n\n\n\n<h3 class=\"wp-block-heading\">L&rsquo;Espagne a reconnu la Palestine en tant qu&rsquo;\u00c9tat l&rsquo;ann\u00e9e derni\u00e8re et a adopt\u00e9 et maintenu une position critique envers le gouvernement isra\u00e9lien. O\u00f9 en est aujourd&rsquo;hui la solution des deux \u00c9tats&#160;?<\/h3>\n\n\n\n<p>Elle b\u00e9n\u00e9ficie de toute notre volont\u00e9 politique. Nous le manifesterons lors de la conf\u00e9rence des Nations unies pr\u00e9vue en juin, que l&rsquo;Espagne a contribu\u00e9 \u00e0 mettre en place et qui cherche une alliance mondiale autour de la solution \u00e0 deux \u00c9tats. C&rsquo;est toujours le moment. Nous ne devons pas attendre plus longtemps&#160;; comme je l\u2019ai \u00e9crit dans ces pages, <a href=\"https:\/\/legrandcontinent.eu\/fr\/2024\/07\/18\/la-priorite-du-realisme-progressiste-serait-de-reconnaitre-letat-palestinien\/\">il est temps de mettre en place un \u00c9tat palestinien viable<\/a>, aux c\u00f4t\u00e9s d&rsquo;Isra\u00ebl, de mani\u00e8re \u00e0 ce que les deux \u00c9tats se garantissent mutuellement la paix et la prosp\u00e9rit\u00e9.<\/p>\n\n\n\n<p>Nous connaissons d\u00e9j\u00e0 la bonne formule&#160;: un \u00c9tat palestinien comprenant Gaza et la Cisjordanie sous le contr\u00f4le d&rsquo;une Autorit\u00e9 nationale palestinienne unique, avec J\u00e9rusalem-Est pour capitale, en \u00e9change de la reconnaissance mutuelle d&rsquo;Isra\u00ebl et de la Palestine et de la reconnaissance d&rsquo;Isra\u00ebl par les tous autres pays arabes qui ne l&rsquo;ont pas encore fait.<\/p>\n\n\n\n<figure class=\"wp-block-pullquote\"><blockquote><p>Celui qui veut la guerre est celui qui l&rsquo;a commenc\u00e9e, celui qui la poursuit et celui qui utilise des tactiques dilatoires pour ne pas accepter le cessez-le-feu&#160;: Vladimir Poutine.<\/p><cite>Jos\u00e9 Manuel Albares<\/cite><\/blockquote><\/figure>\n\n\n\n<h3 class=\"wp-block-heading\">Mais alors que <a href=\"https:\/\/legrandcontinent.eu\/fr\/2025\/02\/07\/gaza-inc-linfluence-cachee-derriere-le-plan-de-trump\/\">Donald Trump a sugg\u00e9r\u00e9 de transformer Gaza en resort h\u00f4telier<\/a> et a r\u00e9cemment apport\u00e9 son soutien public au Premier ministre isra\u00e9lien Benjamin Netanyahou, pensez-vous que ces objectifs soient r\u00e9ellement cr\u00e9dibles&#160;?<\/h3>\n\n\n\n<p>Avant toute chose, je voudrais souligner que nous sommes face \u00e0 une terrible catastrophe humanitaire, qui est absolument contraire au droit international.<\/p>\n\n\n\n<p>Nous rejetons cat\u00e9goriquement le d\u00e9placement forc\u00e9 des Palestiniens de Gaza, qui serait l\u00e0 encore totalement contraire au droit international.<\/p>\n\n\n\n<p>Il y a des partenaires pour la paix des deux c\u00f4t\u00e9s. L&rsquo;Autorit\u00e9 nationale palestinienne est notre partenaire pour la paix en Palestine. Et je suis s\u00fbr que nous trouverons les bons interlocuteurs le moment venu.<\/p>\n\n\n\n<p>Je ne me r\u00e9signerai jamais \u00e0 ce que la guerre soit la forme naturelle des relations entre les peuples du Moyen-Orient.<\/p>\n\n\n\n<p>Je ne me r\u00e9signerai jamais \u00e0 ce que les Palestiniens soient, comme par l&rsquo;effet d&rsquo;une sorte de mal\u00e9diction divine, condamn\u00e9s \u00e0 \u00eatre \u00e9ternellement un peuple de r\u00e9fugi\u00e9s.<\/p>\n\n\n\n<p>Le travail continue, donc.&nbsp;<\/p>\n","protected":false},"excerpt":{"rendered":"<p>Alors que la \u00ab&#160;&#160;pause&#160;&#160;\u00bb dans la guerre commerciale de Trump \u00e9pargne \u2014 partiellement et temporairement \u2014 les Europ\u00e9ens, la visite de Pedro S\u00e1nchez a P\u00e9kin a beaucoup fait d\u00e9bat.<\/p>\n<p>L\u2019Espagne est-elle aux avant-postes d\u2019un changement de cap dans la politique chinoise de l\u2019Union&#160;&#160;?<\/p>\n<p>Nous avons interrog\u00e9 son ministre des Affaires \u00e9trang\u00e8res, Jos\u00e9 Manuel Albares.<\/p>\n","protected":false},"author":10,"featured_media":273094,"comment_status":"closed","ping_status":"closed","sticky":false,"template":"templates\/post-interviews.php","format":"standard","meta":{"_acf_changed":true,"_trash_the_other_posts":false,"_yoast_wpseo_estimated-reading-time-minutes":11,"footnotes":""},"categories":[1731],"tags":[],"staff":[2941],"editorial_format":[],"serie":[],"audience":[],"geo":[1917],"class_list":["post-273089","post","type-post","status-publish","format-standard","hentry","category-politique","staff-maria-tadeo-gc","geo-europe"],"acf":{"open_in_webview":false,"accent":false},"yoast_head":"<!-- This site is optimized with the Yoast SEO plugin v26.1.1 - https:\/\/yoast.com\/wordpress\/plugins\/seo\/ -->\n<title>\u00abSur la Chine, l\u2019Espagne ne fait pas cavalier seul\u00bb, une conversation avec Jos\u00e9 Manuel Albares | Le Grand Continent<\/title>\n<meta name=\"robots\" content=\"index, follow, max-snippet:-1, max-image-preview:large, max-video-preview:-1\" \/>\n<link rel=\"canonical\" href=\"https:\/\/legrandcontinent.eu\/fr\/2025\/04\/16\/sur-la-chine-lespagne-ne-fait-pas-cavalier-seul-une-conversation-avec-jose-manuel-albares\/\" \/>\n<meta property=\"og:locale\" content=\"fr_FR\" \/>\n<meta property=\"og:type\" content=\"article\" \/>\n<meta property=\"og:title\" content=\"\u00abSur la Chine, l\u2019Espagne ne fait pas cavalier seul\u00bb, une conversation avec Jos\u00e9 Manuel Albares | Le Grand Continent\" \/>\n<meta property=\"og:description\" content=\"Alors que la \u00ab&#160;pause&#160;\u00bb dans la guerre commerciale de Trump \u00e9pargne \u2014 partiellement et temporairement \u2014 les Europ\u00e9ens, la visite de Pedro S\u00e1nchez a P\u00e9kin a beaucoup fait d\u00e9bat.  L\u2019Espagne est-elle aux avant-postes d\u2019un changement de cap dans la politique chinoise de l\u2019Union&#160;?  Nous avons interrog\u00e9 son ministre des Affaires \u00e9trang\u00e8res, Jos\u00e9 Manuel Albares.\" \/>\n<meta property=\"og:url\" content=\"https:\/\/legrandcontinent.eu\/fr\/2025\/04\/16\/sur-la-chine-lespagne-ne-fait-pas-cavalier-seul-une-conversation-avec-jose-manuel-albares\/\" \/>\n<meta property=\"og:site_name\" content=\"Le Grand Continent\" \/>\n<meta property=\"article:published_time\" content=\"2025-04-16T16:16:48+00:00\" \/>\n<meta property=\"article:modified_time\" content=\"2025-04-16T16:59:32+00:00\" \/>\n<meta property=\"og:image\" content=\"https:\/\/legrandcontinent.eu\/fr\/wp-content\/uploads\/sites\/2\/2025\/04\/gc-jma-scaled.jpg\" \/>\n\t<meta property=\"og:image:width\" content=\"2560\" \/>\n\t<meta property=\"og:image:height\" content=\"1439\" \/>\n\t<meta property=\"og:image:type\" content=\"image\/jpeg\" \/>\n<meta name=\"author\" content=\"Matheo Malik\" \/>\n<meta name=\"twitter:card\" content=\"summary_large_image\" \/>\n<meta name=\"twitter:image\" content=\"https:\/\/legrandcontinent.eu\/fr\/wp-content\/uploads\/sites\/2\/2025\/04\/gc-jma-scaled.jpg\" \/>\n<meta name=\"twitter:label1\" content=\"\u00c9crit par\" \/>\n\t<meta name=\"twitter:data1\" content=\"Matheo Malik\" \/>\n\t<meta name=\"twitter:label2\" content=\"Dur\u00e9e de lecture estim\u00e9e\" \/>\n\t<meta name=\"twitter:data2\" content=\"11 minutes\" \/>\n<script type=\"application\/ld+json\" class=\"yoast-schema-graph\">{\"@context\":\"https:\/\/schema.org\",\"@graph\":[{\"@type\":\"WebPage\",\"@id\":\"https:\/\/legrandcontinent.eu\/fr\/2025\/04\/16\/sur-la-chine-lespagne-ne-fait-pas-cavalier-seul-une-conversation-avec-jose-manuel-albares\/\",\"url\":\"https:\/\/legrandcontinent.eu\/fr\/2025\/04\/16\/sur-la-chine-lespagne-ne-fait-pas-cavalier-seul-une-conversation-avec-jose-manuel-albares\/\",\"name\":\"\u00abSur la Chine, l\u2019Espagne ne fait pas cavalier seul\u00bb, une conversation avec Jos\u00e9 Manuel Albares | Le Grand Continent\",\"isPartOf\":{\"@id\":\"https:\/\/legrandcontinent.eu\/fr\/#website\"},\"primaryImageOfPage\":{\"@id\":\"https:\/\/legrandcontinent.eu\/fr\/2025\/04\/16\/sur-la-chine-lespagne-ne-fait-pas-cavalier-seul-une-conversation-avec-jose-manuel-albares\/#primaryimage\"},\"image\":{\"@id\":\"https:\/\/legrandcontinent.eu\/fr\/2025\/04\/16\/sur-la-chine-lespagne-ne-fait-pas-cavalier-seul-une-conversation-avec-jose-manuel-albares\/#primaryimage\"},\"thumbnailUrl\":\"https:\/\/legrandcontinent.eu\/fr\/wp-content\/uploads\/sites\/2\/2025\/04\/Albares-Jose-Emanuel-10-scaled.jpg\",\"datePublished\":\"2025-04-16T16:16:48+00:00\",\"dateModified\":\"2025-04-16T16:59:32+00:00\",\"author\":{\"@id\":\"https:\/\/legrandcontinent.eu\/fr\/#\/schema\/person\/a1c2123a1ef5abd663fcde8f63063d45\"},\"breadcrumb\":{\"@id\":\"https:\/\/legrandcontinent.eu\/fr\/2025\/04\/16\/sur-la-chine-lespagne-ne-fait-pas-cavalier-seul-une-conversation-avec-jose-manuel-albares\/#breadcrumb\"},\"inLanguage\":\"fr-FR\",\"potentialAction\":[{\"@type\":\"ReadAction\",\"target\":[\"https:\/\/legrandcontinent.eu\/fr\/2025\/04\/16\/sur-la-chine-lespagne-ne-fait-pas-cavalier-seul-une-conversation-avec-jose-manuel-albares\/\"]}]},{\"@type\":\"ImageObject\",\"inLanguage\":\"fr-FR\",\"@id\":\"https:\/\/legrandcontinent.eu\/fr\/2025\/04\/16\/sur-la-chine-lespagne-ne-fait-pas-cavalier-seul-une-conversation-avec-jose-manuel-albares\/#primaryimage\",\"url\":\"https:\/\/legrandcontinent.eu\/fr\/wp-content\/uploads\/sites\/2\/2025\/04\/Albares-Jose-Emanuel-10-scaled.jpg\",\"contentUrl\":\"https:\/\/legrandcontinent.eu\/fr\/wp-content\/uploads\/sites\/2\/2025\/04\/Albares-Jose-Emanuel-10-scaled.jpg\",\"width\":1707,\"height\":2560,\"caption\":\"\u00a9 Grand Continent Summit\/Groupe d'\u00e9tudes g\u00e9opolitiques\"},{\"@type\":\"BreadcrumbList\",\"@id\":\"https:\/\/legrandcontinent.eu\/fr\/2025\/04\/16\/sur-la-chine-lespagne-ne-fait-pas-cavalier-seul-une-conversation-avec-jose-manuel-albares\/#breadcrumb\",\"itemListElement\":[{\"@type\":\"ListItem\",\"position\":1,\"name\":\"Accueil\",\"item\":\"https:\/\/legrandcontinent.eu\/fr\/\"},{\"@type\":\"ListItem\",\"position\":2,\"name\":\"\u00ab&#160;Sur la Chine, l\u2019Espagne ne fait pas cavalier seul&#160;\u00bb, une conversation avec Jos\u00e9 Manuel Albares\"}]},{\"@type\":\"WebSite\",\"@id\":\"https:\/\/legrandcontinent.eu\/fr\/#website\",\"url\":\"https:\/\/legrandcontinent.eu\/fr\/\",\"name\":\"Le Grand Continent\",\"description\":\"L&#039;\u00e9chelle pertinente\",\"potentialAction\":[{\"@type\":\"SearchAction\",\"target\":{\"@type\":\"EntryPoint\",\"urlTemplate\":\"https:\/\/legrandcontinent.eu\/fr\/?s={search_term_string}\"},\"query-input\":{\"@type\":\"PropertyValueSpecification\",\"valueRequired\":true,\"valueName\":\"search_term_string\"}}],\"inLanguage\":\"fr-FR\"},{\"@type\":\"Person\",\"@id\":\"https:\/\/legrandcontinent.eu\/fr\/#\/schema\/person\/a1c2123a1ef5abd663fcde8f63063d45\",\"name\":\"Matheo Malik\",\"image\":{\"@type\":\"ImageObject\",\"inLanguage\":\"fr-FR\",\"@id\":\"https:\/\/legrandcontinent.eu\/fr\/#\/schema\/person\/image\/\",\"url\":\"https:\/\/secure.gravatar.com\/avatar\/62cbadb9f7f0804282928747d8d2051d?s=96&d=mm&r=g\",\"contentUrl\":\"https:\/\/secure.gravatar.com\/avatar\/62cbadb9f7f0804282928747d8d2051d?s=96&d=mm&r=g\",\"caption\":\"Matheo Malik\"}}]}<\/script>\n<!-- \/ Yoast SEO plugin. -->","yoast_head_json":{"title":"\u00abSur la Chine, l\u2019Espagne ne fait pas cavalier seul\u00bb, une conversation avec Jos\u00e9 Manuel Albares | Le Grand Continent","robots":{"index":"index","follow":"follow","max-snippet":"max-snippet:-1","max-image-preview":"max-image-preview:large","max-video-preview":"max-video-preview:-1"},"canonical":"https:\/\/legrandcontinent.eu\/fr\/2025\/04\/16\/sur-la-chine-lespagne-ne-fait-pas-cavalier-seul-une-conversation-avec-jose-manuel-albares\/","og_locale":"fr_FR","og_type":"article","og_title":"\u00abSur la Chine, l\u2019Espagne ne fait pas cavalier seul\u00bb, une conversation avec Jos\u00e9 Manuel Albares | Le Grand Continent","og_description":"Alors que la \u00ab&#160;pause&#160;\u00bb dans la guerre commerciale de Trump \u00e9pargne \u2014 partiellement et temporairement \u2014 les Europ\u00e9ens, la visite de Pedro S\u00e1nchez a P\u00e9kin a beaucoup fait d\u00e9bat.  L\u2019Espagne est-elle aux avant-postes d\u2019un changement de cap dans la politique chinoise de l\u2019Union&#160;?  Nous avons interrog\u00e9 son ministre des Affaires \u00e9trang\u00e8res, Jos\u00e9 Manuel Albares.","og_url":"https:\/\/legrandcontinent.eu\/fr\/2025\/04\/16\/sur-la-chine-lespagne-ne-fait-pas-cavalier-seul-une-conversation-avec-jose-manuel-albares\/","og_site_name":"Le Grand Continent","article_published_time":"2025-04-16T16:16:48+00:00","article_modified_time":"2025-04-16T16:59:32+00:00","og_image":[{"width":2560,"height":1439,"url":"https:\/\/legrandcontinent.eu\/fr\/wp-content\/uploads\/sites\/2\/2025\/04\/gc-jma-scaled.jpg","type":"image\/jpeg"}],"author":"Matheo Malik","twitter_card":"summary_large_image","twitter_image":"https:\/\/legrandcontinent.eu\/fr\/wp-content\/uploads\/sites\/2\/2025\/04\/gc-jma-scaled.jpg","twitter_misc":{"\u00c9crit par":"Matheo Malik","Dur\u00e9e de lecture estim\u00e9e":"11 minutes"},"schema":{"@context":"https:\/\/schema.org","@graph":[{"@type":"WebPage","@id":"https:\/\/legrandcontinent.eu\/fr\/2025\/04\/16\/sur-la-chine-lespagne-ne-fait-pas-cavalier-seul-une-conversation-avec-jose-manuel-albares\/","url":"https:\/\/legrandcontinent.eu\/fr\/2025\/04\/16\/sur-la-chine-lespagne-ne-fait-pas-cavalier-seul-une-conversation-avec-jose-manuel-albares\/","name":"\u00abSur la Chine, l\u2019Espagne ne fait pas cavalier seul\u00bb, une conversation avec Jos\u00e9 Manuel Albares | Le Grand Continent","isPartOf":{"@id":"https:\/\/legrandcontinent.eu\/fr\/#website"},"primaryImageOfPage":{"@id":"https:\/\/legrandcontinent.eu\/fr\/2025\/04\/16\/sur-la-chine-lespagne-ne-fait-pas-cavalier-seul-une-conversation-avec-jose-manuel-albares\/#primaryimage"},"image":{"@id":"https:\/\/legrandcontinent.eu\/fr\/2025\/04\/16\/sur-la-chine-lespagne-ne-fait-pas-cavalier-seul-une-conversation-avec-jose-manuel-albares\/#primaryimage"},"thumbnailUrl":"https:\/\/legrandcontinent.eu\/fr\/wp-content\/uploads\/sites\/2\/2025\/04\/Albares-Jose-Emanuel-10-scaled.jpg","datePublished":"2025-04-16T16:16:48+00:00","dateModified":"2025-04-16T16:59:32+00:00","author":{"@id":"https:\/\/legrandcontinent.eu\/fr\/#\/schema\/person\/a1c2123a1ef5abd663fcde8f63063d45"},"breadcrumb":{"@id":"https:\/\/legrandcontinent.eu\/fr\/2025\/04\/16\/sur-la-chine-lespagne-ne-fait-pas-cavalier-seul-une-conversation-avec-jose-manuel-albares\/#breadcrumb"},"inLanguage":"fr-FR","potentialAction":[{"@type":"ReadAction","target":["https:\/\/legrandcontinent.eu\/fr\/2025\/04\/16\/sur-la-chine-lespagne-ne-fait-pas-cavalier-seul-une-conversation-avec-jose-manuel-albares\/"]}]},{"@type":"ImageObject","inLanguage":"fr-FR","@id":"https:\/\/legrandcontinent.eu\/fr\/2025\/04\/16\/sur-la-chine-lespagne-ne-fait-pas-cavalier-seul-une-conversation-avec-jose-manuel-albares\/#primaryimage","url":"https:\/\/legrandcontinent.eu\/fr\/wp-content\/uploads\/sites\/2\/2025\/04\/Albares-Jose-Emanuel-10-scaled.jpg","contentUrl":"https:\/\/legrandcontinent.eu\/fr\/wp-content\/uploads\/sites\/2\/2025\/04\/Albares-Jose-Emanuel-10-scaled.jpg","width":1707,"height":2560,"caption":"\u00a9 Grand Continent Summit\/Groupe d'\u00e9tudes g\u00e9opolitiques"},{"@type":"BreadcrumbList","@id":"https:\/\/legrandcontinent.eu\/fr\/2025\/04\/16\/sur-la-chine-lespagne-ne-fait-pas-cavalier-seul-une-conversation-avec-jose-manuel-albares\/#breadcrumb","itemListElement":[{"@type":"ListItem","position":1,"name":"Accueil","item":"https:\/\/legrandcontinent.eu\/fr\/"},{"@type":"ListItem","position":2,"name":"\u00ab&#160;Sur la Chine, l\u2019Espagne ne fait pas cavalier seul&#160;\u00bb, une conversation avec Jos\u00e9 Manuel Albares"}]},{"@type":"WebSite","@id":"https:\/\/legrandcontinent.eu\/fr\/#website","url":"https:\/\/legrandcontinent.eu\/fr\/","name":"Le Grand Continent","description":"L&#039;\u00e9chelle pertinente","potentialAction":[{"@type":"SearchAction","target":{"@type":"EntryPoint","urlTemplate":"https:\/\/legrandcontinent.eu\/fr\/?s={search_term_string}"},"query-input":{"@type":"PropertyValueSpecification","valueRequired":true,"valueName":"search_term_string"}}],"inLanguage":"fr-FR"},{"@type":"Person","@id":"https:\/\/legrandcontinent.eu\/fr\/#\/schema\/person\/a1c2123a1ef5abd663fcde8f63063d45","name":"Matheo Malik","image":{"@type":"ImageObject","inLanguage":"fr-FR","@id":"https:\/\/legrandcontinent.eu\/fr\/#\/schema\/person\/image\/","url":"https:\/\/secure.gravatar.com\/avatar\/62cbadb9f7f0804282928747d8d2051d?s=96&d=mm&r=g","contentUrl":"https:\/\/secure.gravatar.com\/avatar\/62cbadb9f7f0804282928747d8d2051d?s=96&d=mm&r=g","caption":"Matheo Malik"}}]}},"lgc_categories":[{"id":1731,"name":"Politique","slug":"politique"}],"lgc_author":{"id":2941,"name":"Mar\u00eda Tadeo","slug":"maria-tadeo-gc"},"feature_image_summary":{"url":"https:\/\/legrandcontinent.eu\/fr\/wp-content\/uploads\/sites\/2\/2025\/04\/Albares-Jose-Emanuel-10-scaled.jpg","width":1707,"height":2560,"alt":""},"feature_image_cover":{"url":"https:\/\/legrandcontinent.eu\/fr\/wp-content\/uploads\/sites\/2\/2025\/04\/Albares-Jose-Emanuel-10-scaled.jpg","width":1707,"height":2560,"alt":""},"term_position_data":null,"_links":{"self":[{"href":"https:\/\/legrandcontinent.eu\/fr\/wp-json\/wp\/v2\/posts\/273089","targetHints":{"allow":["GET"]}}],"collection":[{"href":"https:\/\/legrandcontinent.eu\/fr\/wp-json\/wp\/v2\/posts"}],"about":[{"href":"https:\/\/legrandcontinent.eu\/fr\/wp-json\/wp\/v2\/types\/post"}],"author":[{"embeddable":true,"href":"https:\/\/legrandcontinent.eu\/fr\/wp-json\/wp\/v2\/users\/10"}],"replies":[{"embeddable":true,"href":"https:\/\/legrandcontinent.eu\/fr\/wp-json\/wp\/v2\/comments?post=273089"}],"version-history":[{"count":0,"href":"https:\/\/legrandcontinent.eu\/fr\/wp-json\/wp\/v2\/posts\/273089\/revisions"}],"wp:featuredmedia":[{"embeddable":true,"href":"https:\/\/legrandcontinent.eu\/fr\/wp-json\/wp\/v2\/media\/273094"}],"wp:attachment":[{"href":"https:\/\/legrandcontinent.eu\/fr\/wp-json\/wp\/v2\/media?parent=273089"}],"wp:term":[{"taxonomy":"category","embeddable":true,"href":"https:\/\/legrandcontinent.eu\/fr\/wp-json\/wp\/v2\/categories?post=273089"},{"taxonomy":"post_tag","embeddable":true,"href":"https:\/\/legrandcontinent.eu\/fr\/wp-json\/wp\/v2\/tags?post=273089"},{"taxonomy":"staff","embeddable":true,"href":"https:\/\/legrandcontinent.eu\/fr\/wp-json\/wp\/v2\/staff?post=273089"},{"taxonomy":"editorial_format","embeddable":true,"href":"https:\/\/legrandcontinent.eu\/fr\/wp-json\/wp\/v2\/editorial_format?post=273089"},{"taxonomy":"serie","embeddable":true,"href":"https:\/\/legrandcontinent.eu\/fr\/wp-json\/wp\/v2\/serie?post=273089"},{"taxonomy":"audience","embeddable":true,"href":"https:\/\/legrandcontinent.eu\/fr\/wp-json\/wp\/v2\/audience?post=273089"},{"taxonomy":"geo","embeddable":true,"href":"https:\/\/legrandcontinent.eu\/fr\/wp-json\/wp\/v2\/geo?post=273089"}],"curies":[{"name":"wp","href":"https:\/\/api.w.org\/{rel}","templated":true}]}}