{"id":272528,"date":"2025-04-11T17:41:58","date_gmt":"2025-04-11T15:41:58","guid":{"rendered":"https:\/\/legrandcontinent.eu\/fr\/?p=272528"},"modified":"2025-04-14T10:17:41","modified_gmt":"2025-04-14T08:17:41","slug":"nous-sommes-absolument-prets-a-mettre-fin-a-la-guerre-une-conversation-avec-le-premier-ministre-ukrainien-denys-chmyhal","status":"publish","type":"post","link":"https:\/\/legrandcontinent.eu\/fr\/2025\/04\/11\/nous-sommes-absolument-prets-a-mettre-fin-a-la-guerre-une-conversation-avec-le-premier-ministre-ukrainien-denys-chmyhal\/","title":{"rendered":"\u00ab&#160;Nous sommes absolument pr\u00eats \u00e0 mettre fin \u00e0 la guerre&#160;\u00bb, une conversation avec le Premier ministre ukrainien Denys Chmyhal"},"content":{"rendered":"\n<p><em><a href=\"https:\/\/geopolitique.eu\/en\/2025\/04\/11\/we-are-absolutely-ready-to-stop-the-war-a-conversation-with-denys-shmyhal-prime-minister-of-ukraine\/\" target=\"_blank\" rel=\"noreferrer noopener\">English version available at this link<\/a><\/em><\/p>\n\n\n\n<h3 class=\"wp-block-heading\">Le pr\u00e9sident fran\u00e7ais Emmanuel Macron et le Premier ministre britannique Keir Starmer ont coordonn\u00e9 et <a href=\"https:\/\/legrandcontinent.eu\/fr\/2025\/03\/27\/emmanuel-macron-reunit-a-paris-les-pays-membres-de-la-coalition-des-volontaires-pour-offrir-des-garanties-de-securite-a-lukraine\/\">intensifi\u00e9 ces derni\u00e8res semaines leurs efforts pour mettre sur pied une \u00ab&#160;coalition des volontaires&#160;\u00bb<\/a> qui pourrait jouer un r\u00f4le stabilisateur apr\u00e8s la fin des combats. Comment accueillez-vous ces efforts&#160;?<\/h3>\n\n\n\n<p>C&rsquo;est une initiative positive. Nous nous f\u00e9licitons de ces propositions de la part de certains de nos partenaires les plus proches car elles montrent qu&rsquo;ils travaillent \u00e0 chercher des garanties de s\u00e9curit\u00e9 s\u00e9rieuses, solides et durables. Si nous avons accept\u00e9 une proposition de cessez-le-feu \u2014 alors m\u00eame que la Russie continue de nous attaquer \u2014 l&rsquo;objectif final n&rsquo;est pas d&rsquo;arr\u00eater temporairement les combats. L&rsquo;objectif est de mettre un terme \u00e0 l&rsquo;agression de la Russie contre l&rsquo;Ukraine \u2014 pour toujours \u2014 et d&rsquo;instaurer une paix juste et p\u00e9renne.<\/p>\n\n\n\n<p>Notre position pour y parvenir \u00e9tait claire depuis longtemps&#160;: l&rsquo;adh\u00e9sion \u00e0 l&rsquo;OTAN aurait \u00e9t\u00e9 la garantie de s\u00e9curit\u00e9 la moins co\u00fbteuse et la plus efficace pour l&rsquo;Ukraine. Il n&rsquo;y aurait pas eu besoin de financement, de n\u00e9gociations ou de ressources suppl\u00e9mentaires au-del\u00e0 de notre rattachement \u00e0 l\u2019Alliance. Mais nous comprenons que la position des \u00c9tats-Unis et des autres alli\u00e9s \u00e0 l\u2019heure actuelle est que ce n&rsquo;est pas le bon moment, pr\u00e9cis\u00e9ment en raison des n\u00e9gociations possibles avec la Russie.<\/p>\n\n\n\n<p>Il faut toutefois dire que, sans l&rsquo;OTAN, nous aurons besoin de garanties de s\u00e9curit\u00e9 maximales pour dissuader la Russie pendant cette p\u00e9riode de transition. Autrement, l\u2019agression ne s&rsquo;arr\u00eatera pas. Les troupes russes feront une pause, se r\u00e9armeront, se recomposeront \u2014&nbsp;et elles recommenceront. Sans garanties de s\u00e9curit\u00e9, la menace contre l&rsquo;Ukraine, et plus largement contre l&rsquo;Europe, ne fera que s&rsquo;accro\u00eetre.<\/p>\n\n\n\n<p>La discussion autour de la pr\u00e9sence de forces militaires et de d\u00e9fense en Ukraine de la part des partenaires europ\u00e9ens pourrait \u00eatre l\u2019un des \u00e9l\u00e9ments clefs, gage d\u2019efficacit\u00e9, dans un ensemble de garanties plus larges. Nous sommes en n\u00e9gociations \u2014 et nous sommes reconnaissants que nos partenaires orientent les discussions dans cette direction. Nous constatons d&rsquo;ailleurs que les Europ\u00e9ens sont d\u00e9sormais ouverts \u00e0 l&rsquo;exploration d&rsquo;id\u00e9es qui auraient auparavant \u00e9t\u00e9 consid\u00e9r\u00e9es comme des lignes rouges.<\/p>\n\n\n\n<figure class=\"wp-block-pullquote\"><blockquote><p>Sans garanties de s\u00e9curit\u00e9, la menace contre l&rsquo;Ukraine, et plus largement contre l&rsquo;Europe, ne fera que s&rsquo;accro\u00eetre.<\/p><cite>Denys Chmyhal<\/cite><\/blockquote><\/figure>\n\n\n\n<h3 class=\"wp-block-heading\">\u00c0 cet \u00e9gard, l&rsquo;Allemagne joue d\u00e9sormais un r\u00f4le central. Quelles sont vos attentes vis-\u00e0-vis du prochain gouvernement allemand qui sera dirig\u00e9 par Friedrich Merz&#160;? Peut-il marquer un tournant pour l&rsquo;Ukraine dans cette nouvelle phase&#160;?<\/h3>\n\n\n\n<p>M\u00eame si le nouveau gouvernement n&rsquo;est pas encore officiellement en fonction, nous avons d\u00e9j\u00e0 commenc\u00e9 \u00e0 \u00e9tablir des contacts. L&rsquo;Allemagne est un partenaire absolument indispensable pour l&rsquo;Ukraine. Sous la direction du chancelier Scholz, nos relations \u00e9taient d\u00e9j\u00e0 tr\u00e8s \u00e9troites et approfondies.<\/p>\n\n\n\n<p>Je pense que l\u2019entr\u00e9e en fonction prochaine \u00e0 Berlin d\u2019un gouvernement qui laisse derri\u00e8re lui les \u00e9lections et la campagne apportera de la stabilit\u00e9 \u00e0 la prise de d\u00e9cision \u2014 et ce pour l\u2019ensemble de l&rsquo;Europe, y compris en Ukraine. Cela ne peut \u00eatre que positif.<\/p>\n\n\n\n<h3 class=\"wp-block-heading\">Vous r\u00e9clamez depuis longtemps la confiscation des avoirs gel\u00e9s de la Russie. Or il existe sur ce sujet une forme de blocage au sein de l&rsquo;Union&#160;: la Belgique, pays qui abrite ces avoirs, est sceptique quant \u00e0 la l\u00e9galit\u00e9 d\u2019une telle mesure. Comment voyez-vous la suite&#160;?<\/h3>\n\n\n\n<p>Nous continuons \u00e0 discuter et \u00e0 n\u00e9gocier avec la m\u00eame intensit\u00e9. De notre c\u00f4t\u00e9, nous continuerons \u00e0 faire pression sur le plan politique en faveur de la confiscation, car il s&rsquo;agit d&rsquo;une question fondamentale pour l&rsquo;Ukraine.<\/p>\n\n\n\n<p>Le sujet est en fait assez simple. Il n&rsquo;y a que deux destinations possibles pour ces avoirs gel\u00e9s&#160;: la Russie ou l&rsquo;Ukraine. C&rsquo;est donc une question politique, c&rsquo;est un choix politique. Je ne crois pas qu&rsquo;un seul pays europ\u00e9en voudrait donner 300 milliards d&rsquo;euros \u00e0 la Russie pour qu&rsquo;elle continue \u00e0 financer cette agression brutale. Pour beaucoup parmi nos alli\u00e9s et au sein de notre soci\u00e9t\u00e9, ce qui a du sens est donc d&rsquo;utiliser ces avoirs pour aider l&rsquo;Ukraine et faire payer l&rsquo;agresseur.<\/p>\n\n\n\n<p>Il y a plusieurs fa\u00e7ons de le faire&#160;: on pourrait imaginer la cr\u00e9ation d&rsquo;un fonds international, une entit\u00e9 <em>ad hoc<\/em>. Quand on nous dit qu&rsquo;il n&rsquo;y a pas de m\u00e9canismes juridiques pour confisquer ces actifs, notre r\u00e9ponse est toujours&#160;: trouvons-en un. Les trois derni\u00e8res ann\u00e9es ne nous ont-elles pas montr\u00e9 combien les lignes rouges peuvent changer rapidement&#160;?<\/p>\n\n\n\n<p>L&rsquo;utilisation des b\u00e9n\u00e9fices exceptionnels tir\u00e9s de ces actifs \u2014 ce que nous faisons actuellement \u2014 a \u00e9t\u00e9 difficile \u00e0 faire passer au d\u00e9but. Cela a n\u00e9cessit\u00e9 une d\u00e9cision politique.<\/p>\n\n\n\n<p>De m\u00eame, il faut prendre aujourd\u2019hui la d\u00e9cision politique de confisquer les avoirs russes gel\u00e9s \u2014 et le cadre juridique suivra.<\/p>\n\n\n\n<figure class=\"wp-block-pullquote\"><blockquote><p>Il n&rsquo;y a que deux destinations possibles pour ces avoirs gel\u00e9s&#160;: la Russie ou l&rsquo;Ukraine. C&rsquo;est donc une question politique, c&rsquo;est un choix politique.<\/p><cite>Denys Chmyhal<\/cite><\/blockquote><\/figure>\n\n\n\n<h3 class=\"wp-block-heading\">La pr\u00e9sidente de la Commission, Ursula von der Leyen, a sugg\u00e9r\u00e9 que, pour \u00eatre dissuasive, l&rsquo;Ukraine devait \u00eatre transform\u00e9e en v\u00e9ritable \u00ab&#160;porc-\u00e9pic d&rsquo;acier&#160;\u00bb (\u00ab&#160;<em>a steel porcupine<\/em>&#160;\u00bb) alors que l&rsquo;Union renforce ses capacit\u00e9s de d\u00e9fense. Quelles synergies voyez-vous&#160;?<\/h3>\n\n\n\n<p>Naturellement, l&rsquo;un des domaines sur lesquels nous nous concentrons est l&rsquo;innovation en mati\u00e8re de d\u00e9fense. Il est clair que l&rsquo;Europe, et pas seulement l&rsquo;Ukraine, devra veiller \u00e0 sa s\u00e9curit\u00e9. Nous pensons donc qu&rsquo;il existe de r\u00e9elles possibilit\u00e9s de coop\u00e9ration. Nous avons une grande arm\u00e9e, d\u00e9sormais tr\u00e8s exp\u00e9riment\u00e9e et nous avons beaucoup \u00e0 apprendre les uns des autres.<\/p>\n\n\n\n<p>La Commission a pr\u00e9vu 800 milliards d&rsquo;euros pour la d\u00e9fense au cours de la prochaine d\u00e9cennie, dont environ 650 milliards d&rsquo;euros proviendront des contributions nationales des \u00c9tats membres. L&rsquo;instrument de 150 milliards d&rsquo;euros destin\u00e9 \u00e0 l&rsquo;achat d&rsquo;armes serait ouvert \u00e0 l&rsquo;Ukraine en tant que pays candidat sur un pied d&rsquo;\u00e9galit\u00e9 et nous esp\u00e9rons y participer.<\/p>\n\n\n\n<p>Une partie des recettes de l&rsquo;imp\u00f4t sur les b\u00e9n\u00e9fices exceptionnels sur les avoirs russes gel\u00e9s, environ 2,1 milliards d&rsquo;euros, servira \u00e0 acheter des armes. Un milliard d&rsquo;euros sera consacr\u00e9 aux achats aupr\u00e8s de producteurs ukrainiens, le reste aux entreprises europ\u00e9ennes.<\/p>\n\n\n\n<h3 class=\"wp-block-heading\">Des n\u00e9gociations de cessez-le-feu sont en cours, sous l\u2019\u00e9gide des \u00c9tats-Unis \u2014 ont-elles une chance d&rsquo;aboutir \u00e0 la paix&#160;?<\/h3>\n\n\n\n<p>Je vais vous poser trois questions.<\/p>\n\n\n\n<p>Qui a d\u00e9clench\u00e9 cette guerre&#160;? La Russie.<\/p>\n\n\n\n<p>Qui voit mourir son peuple \u2014 comme encore r\u00e9cemment des enfants tu\u00e9s dans une cour d&rsquo;\u00e9cole par des missiles balistiques&#160;? L&rsquo;Ukraine.<\/p>\n\n\n\n<p>Qui veut la paix pour mettre fin \u00e0 ce g\u00e9nocide&#160;? L&rsquo;Ukraine.<\/p>\n\n\n\n<p>Nous ne sommes pas un pays agresseur. Quand quelqu&rsquo;un vous attaque, il est naturel de se prot\u00e9ger et de se battre pour sa vie. Quand arr\u00eatez-vous de vous prot\u00e9ger&#160;? Quand l&rsquo;agression cesse. C&rsquo;est une m\u00e9taphore tr\u00e8s simple, mais elle d\u00e9montre la r\u00e9flexion critique qui doit \u00eatre faite sur cette question. La guerre prendra fin quand la Russie arr\u00eatera d&rsquo;attaquer.<\/p>\n\n\n\n<p>Nous devons mettre Poutine dans une situation o\u00f9 il sera contraint de mettre fin \u00e0 la guerre et je ne vois pour cela que deux moyens pour orienter les n\u00e9gociations&#160;: faire pression sur le front et imposer des sanctions.&nbsp;<\/p>\n\n\n\n<p>Nous sommes, quant \u00e0 nous, absolument pr\u00eats \u00e0 mettre fin \u00e0 la guerre.<\/p>\n\n\n\n<p>Nous avons accept\u00e9 un cessez-le-feu. Mais que fait la Russie&#160;? Elle attaque l&rsquo;Ukraine chaque nuit \u00e0 l&rsquo;aide de missiles balistiques, de missiles de croisi\u00e8re et de drones iraniens. Le rythme de ces agressions s&rsquo;est consid\u00e9rablement acc\u00e9l\u00e9r\u00e9. En mars, 5 000 drones iraniens produits en Russie ont frapp\u00e9 l&rsquo;Ukraine. Chacun emportait pour 100 kilogrammes d&rsquo;explosifs.<\/p>\n\n\n\n<p>La Russie n&rsquo;a fait preuve d&rsquo;aucune bonne volont\u00e9 pour mettre fin \u00e0 la guerre, n\u00e9gocier ou m\u00eame cr\u00e9er les conditions pour le faire.<\/p>\n\n\n\n<h3 class=\"wp-block-heading\">L\u2019Union n\u2019a pas \u00e9t\u00e9 impliqu\u00e9e dans les discussions trilat\u00e9rales entre les \u00c9tats-Unis, l&rsquo;Ukraine et la Russie. Qui devrait repr\u00e9senter les Europ\u00e9ens&#160;?<\/h3>\n\n\n\n<p>Le pr\u00e9sident ukrainien a \u00e9t\u00e9 tr\u00e8s clair. De m\u00eame qu&rsquo;aucune discussion sur l&rsquo;Ukraine ne doit avoir lieu sans l&rsquo;Ukraine, de m\u00eame aucune discussion sur la s\u00e9curit\u00e9 de l&rsquo;Europe ne devrait avoir lieu sans l&rsquo;Europe.<\/p>\n\n\n\n<p>Il est donc tr\u00e8s important pour nous que nos partenaires europ\u00e9ens soient impliqu\u00e9s. Nous voulons qu&rsquo;ils le soient, c&rsquo;est naturel.<\/p>\n\n\n\n<p>Quant \u00e0 la question de savoir qui devrait repr\u00e9senter les Europ\u00e9ens \u2014 c&rsquo;est \u00e0 eux de d\u00e9cider.<\/p>\n\n\n\n<h3 class=\"wp-block-heading\">Vous vous \u00eates r\u00e9cemment rendu \u00e0 Bruxelles pour des entretiens de haut niveau visant \u00e0 acc\u00e9l\u00e9rer l&rsquo;adh\u00e9sion de l&rsquo;Ukraine \u00e0 l&rsquo;Union. Dans cette nouvelle phase, quelles possibilit\u00e9s y a-t-il pour une adh\u00e9sion rapide&#160;?<\/h3>\n\n\n\n<p>L&rsquo;adh\u00e9sion \u00e0 l&rsquo;Union est notre principale priorit\u00e9.<\/p>\n\n\n\n<p>Nous voulons devenir un \u00c9tat membre. C&rsquo;est inscrit dans notre Constitution et la soci\u00e9t\u00e9 ukrainienne est absolument unie autour de nos aspirations europ\u00e9ennes et de notre int\u00e9gration.<\/p>\n\n\n\n<p>Nous savons que notre avenir est dans l&rsquo;Union.<\/p>\n\n\n\n<figure class=\"wp-block-pullquote\"><blockquote><p>Je pense que l\u2019entr\u00e9e en fonction prochaine \u00e0 Berlin d\u2019un gouvernement qui laisse derri\u00e8re lui les \u00e9lections et la campagne apportera de la stabilit\u00e9 \u00e0 la prise de d\u00e9cision en Europe.<\/p><cite>Denys Chmyhal<\/cite><\/blockquote><\/figure>\n\n\n\n<p>Nous faisons de notre mieux pour \u00eatre efficaces et rapides \u2014 c&rsquo;est important \u2014 et nous esp\u00e9rons ouvrir six chapitres de n\u00e9gociations pour faire avancer le processus avec la Commission cette ann\u00e9e. C&rsquo;est tout \u00e0 fait possible. L&rsquo;Ukraine fera le n\u00e9cessaire, nous ferons notre part.<\/p>\n\n\n\n<p>D\u00e8s que la guerre sera termin\u00e9e, nous voulons ramener le sujet de notre adh\u00e9sion \u00e0 la table des n\u00e9gociations. Certaines r\u00e9formes \u00e9tant d\u00e9j\u00e0 achev\u00e9es, c&rsquo;est devenu une d\u00e9cision politique. Alors prenons la d\u00e9cision politique.<\/p>\n\n\n\n<p>Le monde a chang\u00e9.<\/p>\n\n\n\n<p>Il a chang\u00e9 lorsque la Russie a envahi l&rsquo;Ukraine. Nous voyons maintenant la r\u00e9action en cha\u00eene qu&rsquo;elle a produit sur le reste du monde, et pas seulement sur l&rsquo;Ukraine. Il est essentiel que nous restions unis, Europ\u00e9ens et Ukrainiens \u2014 et je suis encourag\u00e9 par ce que j&rsquo;ai vu lors de ma visite \u00e0 Bruxelles&#160;: les Europ\u00e9ens n&rsquo;ont jamais \u00e9t\u00e9 aussi unis.<\/p>\n\n\n\n<h3 class=\"wp-block-heading\">Vous mentionnez l&rsquo;ouverture de six chapitres \u2014 les \u00e9tapes que chaque candidat \u00e0 l\u2019adh\u00e9sion \u00e0 l\u2019Union doit franchir. Certains affirment que ces objectifs seraient trop ambitieux et que vous voudriez aller trop vite. Que leur r\u00e9pondez-vous&#160;?<\/h3>\n\n\n\n<p>Le 28 f\u00e9vrier 2022, au cinqui\u00e8me jour de la guerre d&rsquo;invasion \u00e0 grande \u00e9chelle, nous avons d\u00e9pos\u00e9 notre demande d&rsquo;adh\u00e9sion \u00e0 l&rsquo;Union. Certains de nos partenaires nous disaient que ce serait impossible mais nous l&rsquo;avons fait.<\/p>\n\n\n\n<p>En 120 jours, l&rsquo;Ukraine est devenue un pays candidat.<\/p>\n\n\n\n<p>Lorsque nous avons demand\u00e9 l&rsquo;ouverture des n\u00e9gociations, certains r\u00e9p\u00e9taient \u00e0 l\u2019envi que c&rsquo;\u00e9tait trop t\u00f4t. Nous avons r\u00e9ussi \u00e0 ouvrir les n\u00e9gociations.<\/p>\n\n\n\n<p>Nous aurons besoin de d\u00e9cisions politiques pour ouvrir effectivement ces chapitres bien s\u00fbr, mais, sur le plan technique, nous sommes pr\u00eats \u00e0 mettre en \u0153uvre toutes les directives, l\u00e9gislations et r\u00e9formes requises. Je crois \u2014 ou plut\u00f4t&#160;: je sais \u2014 que nous pouvons ouvrir le premier (sur les droits fondamentaux), le deuxi\u00e8me (sur le march\u00e9 int\u00e9rieur) et le sixi\u00e8me chapitre (sur les relations ext\u00e9rieures) au cours du premier semestre. Les trois autres pourraient \u00eatre ouverts au cours du second semestre, sous pr\u00e9sidence danoise du Conseil de l&rsquo;Union.<\/p>\n\n\n\n<h3 class=\"wp-block-heading\">L&rsquo;adh\u00e9sion \u00e0 l&rsquo;Union devra \u00eatre accept\u00e9e \u00e0 l&rsquo;unanimit\u00e9 par les 27 \u00c9tats membres. Or le Premier ministre hongrois Viktor Orb\u00e1n a d\u00e9clar\u00e9 \u00e0 de nombreuses reprises que l&rsquo;Ukraine \u00e9tait loin d&rsquo;\u00eatre pr\u00eate \u00e0 rejoindre l&rsquo;Union et que son pays s&rsquo;y opposerait. Comment r\u00e9soudre le probl\u00e8me Orb\u00e1n&#160;?<\/h3>\n\n\n\n<p>Nous sommes un pays candidat avec un processus de n\u00e9gociation ouvert et la Hongrie participe \u00e0 toutes ces \u00e9tapes, d&rsquo;une mani\u00e8re ou d&rsquo;une autre, avec parfois des d\u00e9fis et des discussions difficiles, mais nous en sommes l\u00e0.<\/p>\n\n\n\n<p>Nous faisons de notre mieux pour coop\u00e9rer avec les Hongrois sur les questions qu&rsquo;ils ont soulev\u00e9es et qui pourraient ralentir nos n\u00e9gociations, sachant qu&rsquo;ils ont aussi leurs propres int\u00e9r\u00eats. Le principal obstacle qu&rsquo;ils nous ont communiqu\u00e9 concerne le traitement des minorit\u00e9s nationales en Ukraine. Nous avons convenu de mettre en \u0153uvre les normes europ\u00e9ennes en la mati\u00e8re. Une \u00e9valuation ind\u00e9pendante sera publi\u00e9e prochainement et nous esp\u00e9rons que les r\u00e9sultats objectifs nous aideront \u00e0 \u00e9quilibrer nos relations avec nos pays voisins.<\/p>\n\n\n\n<p>Mais l&rsquo;adh\u00e9sion est \u00e9galement une question de valeurs communes \u2014&nbsp;et je ne dis pas cela \u00e0 la l\u00e9g\u00e8re.<\/p>\n\n\n\n<p>Si nous affirmons \u00eatre attach\u00e9s \u00e0 nos valeurs europ\u00e9ennes, nous devons les mettre en pratique. Le peuple ukrainien est pr\u00eat \u00e0 faire de grands efforts pour y parvenir, non seulement parce que nous pensons que l&rsquo;adh\u00e9sion est utile, mais aussi parce que nous croyons vraiment en une Europe unie. Malgr\u00e9 les diff\u00e9rences que nous pouvons avoir en mati\u00e8re de l\u00e9gislation, de droits de douane, voire de g\u00e9opolitique, nos valeurs europ\u00e9ennes communes sont les piliers de notre relation.<\/p>\n\n\n\n<figure class=\"wp-block-pullquote\"><blockquote><p>L\u2019adh\u00e9sion \u00e0 l\u2019Union est \u00e9galement une question de valeurs communes \u2014\u00a0et je ne dis pas cela \u00e0 la l\u00e9g\u00e8re.<\/p><cite>Denys Chmyhal<\/cite><\/blockquote><\/figure>\n\n\n\n<h3 class=\"wp-block-heading\">Vous \u00eates \u00e9galement en n\u00e9gociation pour conclure un accord sur les min\u00e9raux avec les \u00c9tats-Unis. Comment comptez-vous articuler cela avec l\u2019adh\u00e9sion \u00e0 l\u2019Union dans la mesure o\u00f9 certaines des demandes formul\u00e9es par les \u00c9tats-Unis sont consid\u00e9r\u00e9es comme contraires aux r\u00e8gles europ\u00e9ennes notamment sur la concurrence&#160;?<\/h3>\n\n\n\n<p>Nous poursuivons notre communication et notre coop\u00e9ration avec les \u00c9tats-Unis. Nous entretenons une relation pragmatique et professionnelle.<\/p>\n\n\n\n<p>C&rsquo;est ainsi que nous abordons nos \u00e9changes avec le D\u00e9partement d&rsquo;\u00c9tat, le Tr\u00e9sor am\u00e9ricain et l&rsquo;administration du Pr\u00e9sident. Il s&rsquo;agit d&rsquo;\u00e9changes professionnels, qui peuvent \u00eatre assez techniques, et qui impliquent des avocats et nos \u00e9quipes de n\u00e9gociation. Notre d\u00e9l\u00e9gation est d&rsquo;ailleurs en ce moment m\u00eame \u00e0 Washington pour poursuivre ces discussions.<\/p>\n\n\n\n<p>L&rsquo;un des param\u00e8tres que nous prendrons en compte est la compatibilit\u00e9 avec notre Accord d&rsquo;association.&nbsp;<\/p>\n\n\n\n<p>Tout sera rendu public, transparent et ne compromettra pas nos progr\u00e8s dans le processus d&rsquo;int\u00e9gration europ\u00e9enne. C&rsquo;est l&rsquo;objectif principal de notre gouvernement et du pr\u00e9sident de l&rsquo;Ukraine.<\/p>\n\n\n\n<h3 class=\"wp-block-heading\">Les tensions avec l&rsquo;administration am\u00e9ricaine se sont-elles apais\u00e9es depuis l&rsquo;\u00e9change entre Volodymyr Zelensky, Donald Trump et J. D. Vance dans le bureau ovale&#160;?<\/h3>\n\n\n\n<p>Oui, nos relations sont professionnelles et pragmatiques.<\/p>\n","protected":false},"excerpt":{"rendered":"<p>\u00c0 Moscou, Poutine et l\u2019envoy\u00e9 sp\u00e9cial de Trump Steve Witkoff discutent d\u2019une possible fin des combats en Ukraine.<\/p>\n<p>\u00c0 Bruxelles, les Ukrainiens d\u00e9fendent un objectif&#160;&#160;: adh\u00e9rer \u00e0 l\u2019Union rapidement \u2014 comme le souhaitent d\u2019ailleurs plus de la moiti\u00e9 des Europ\u00e9ens (56&#160;&#160;%) selon notre sondage Eurobazooka.<\/p>\n<p>Dans ce moment charni\u00e8re, nous rencontrons le chef du gouvernement ukrainien, Denys Chmyhal.<\/p>\n","protected":false},"author":10,"featured_media":272532,"comment_status":"closed","ping_status":"closed","sticky":false,"template":"templates\/post-interviews.php","format":"standard","meta":{"_acf_changed":true,"_trash_the_other_posts":false,"_yoast_wpseo_estimated-reading-time-minutes":12,"footnotes":""},"categories":[3116],"tags":[],"staff":[2941],"editorial_format":[],"serie":[],"audience":[],"geo":[1917],"class_list":["post-272528","post","type-post","status-publish","format-standard","hentry","category-la-guerre-en-ukraine-au-jour-le-jour","staff-maria-tadeo-gc","geo-europe"],"acf":{"open_in_webview":false,"accent":false},"yoast_head":"<!-- This site is optimized with the Yoast SEO plugin v26.1.1 - https:\/\/yoast.com\/wordpress\/plugins\/seo\/ -->\n<title>\u00abNous sommes absolument pr\u00eats \u00e0 mettre fin \u00e0 la guerre\u00bb, une conversation avec le Premier ministre ukrainien Denys Chmyhal | Le Grand Continent<\/title>\n<meta name=\"robots\" content=\"index, follow, max-snippet:-1, max-image-preview:large, max-video-preview:-1\" \/>\n<link rel=\"canonical\" href=\"https:\/\/legrandcontinent.eu\/fr\/2025\/04\/11\/nous-sommes-absolument-prets-a-mettre-fin-a-la-guerre-une-conversation-avec-le-premier-ministre-ukrainien-denys-chmyhal\/\" \/>\n<meta property=\"og:locale\" content=\"fr_FR\" \/>\n<meta property=\"og:type\" content=\"article\" \/>\n<meta property=\"og:title\" content=\"\u00abNous sommes absolument pr\u00eats \u00e0 mettre fin \u00e0 la guerre\u00bb, une conversation avec le Premier ministre ukrainien Denys Chmyhal | Le Grand Continent\" \/>\n<meta property=\"og:description\" content=\"\u00c0 Moscou, Poutine et l\u2019envoy\u00e9 sp\u00e9cial de Trump Steve Witkoff discutent d\u2019une possible fin des combats en Ukraine.  \u00c0 Bruxelles, les Ukrainiens d\u00e9fendent un objectif&#160;: adh\u00e9rer \u00e0 l\u2019Union rapidement \u2014 comme le souhaitent d\u2019ailleurs plus de la moiti\u00e9 des Europ\u00e9ens (56&#160;%) selon notre sondage Eurobazooka.  Dans ce moment charni\u00e8re, nous rencontrons le chef du gouvernement ukrainien, Denys Chmyhal.\" \/>\n<meta property=\"og:url\" content=\"https:\/\/legrandcontinent.eu\/fr\/2025\/04\/11\/nous-sommes-absolument-prets-a-mettre-fin-a-la-guerre-une-conversation-avec-le-premier-ministre-ukrainien-denys-chmyhal\/\" \/>\n<meta property=\"og:site_name\" content=\"Le Grand Continent\" \/>\n<meta property=\"article:published_time\" content=\"2025-04-11T15:41:58+00:00\" \/>\n<meta property=\"article:modified_time\" content=\"2025-04-14T08:17:41+00:00\" \/>\n<meta property=\"og:image\" content=\"https:\/\/legrandcontinent.eu\/fr\/wp-content\/uploads\/sites\/2\/2025\/04\/gc-chmyhal-scaled.jpg\" \/>\n\t<meta property=\"og:image:width\" content=\"2560\" \/>\n\t<meta property=\"og:image:height\" content=\"1440\" \/>\n\t<meta property=\"og:image:type\" content=\"image\/jpeg\" \/>\n<meta name=\"author\" content=\"Matheo Malik\" \/>\n<meta name=\"twitter:card\" content=\"summary_large_image\" \/>\n<meta name=\"twitter:image\" content=\"https:\/\/legrandcontinent.eu\/fr\/wp-content\/uploads\/sites\/2\/2025\/04\/gc-chmyhal-scaled.jpg\" \/>\n<meta name=\"twitter:label1\" content=\"\u00c9crit par\" \/>\n\t<meta name=\"twitter:data1\" content=\"Matheo Malik\" \/>\n\t<meta name=\"twitter:label2\" content=\"Dur\u00e9e de lecture estim\u00e9e\" \/>\n\t<meta name=\"twitter:data2\" content=\"12 minutes\" \/>\n<script type=\"application\/ld+json\" class=\"yoast-schema-graph\">{\"@context\":\"https:\/\/schema.org\",\"@graph\":[{\"@type\":\"WebPage\",\"@id\":\"https:\/\/legrandcontinent.eu\/fr\/2025\/04\/11\/nous-sommes-absolument-prets-a-mettre-fin-a-la-guerre-une-conversation-avec-le-premier-ministre-ukrainien-denys-chmyhal\/\",\"url\":\"https:\/\/legrandcontinent.eu\/fr\/2025\/04\/11\/nous-sommes-absolument-prets-a-mettre-fin-a-la-guerre-une-conversation-avec-le-premier-ministre-ukrainien-denys-chmyhal\/\",\"name\":\"\u00abNous sommes absolument pr\u00eats \u00e0 mettre fin \u00e0 la guerre\u00bb, une conversation avec le Premier ministre ukrainien Denys Chmyhal | Le Grand Continent\",\"isPartOf\":{\"@id\":\"https:\/\/legrandcontinent.eu\/fr\/#website\"},\"primaryImageOfPage\":{\"@id\":\"https:\/\/legrandcontinent.eu\/fr\/2025\/04\/11\/nous-sommes-absolument-prets-a-mettre-fin-a-la-guerre-une-conversation-avec-le-premier-ministre-ukrainien-denys-chmyhal\/#primaryimage\"},\"image\":{\"@id\":\"https:\/\/legrandcontinent.eu\/fr\/2025\/04\/11\/nous-sommes-absolument-prets-a-mettre-fin-a-la-guerre-une-conversation-avec-le-premier-ministre-ukrainien-denys-chmyhal\/#primaryimage\"},\"thumbnailUrl\":\"https:\/\/legrandcontinent.eu\/fr\/wp-content\/uploads\/sites\/2\/2025\/04\/SIPA_01180483_000006-2-scaled.jpg\",\"datePublished\":\"2025-04-11T15:41:58+00:00\",\"dateModified\":\"2025-04-14T08:17:41+00:00\",\"author\":{\"@id\":\"https:\/\/legrandcontinent.eu\/fr\/#\/schema\/person\/a1c2123a1ef5abd663fcde8f63063d45\"},\"breadcrumb\":{\"@id\":\"https:\/\/legrandcontinent.eu\/fr\/2025\/04\/11\/nous-sommes-absolument-prets-a-mettre-fin-a-la-guerre-une-conversation-avec-le-premier-ministre-ukrainien-denys-chmyhal\/#breadcrumb\"},\"inLanguage\":\"fr-FR\",\"potentialAction\":[{\"@type\":\"ReadAction\",\"target\":[\"https:\/\/legrandcontinent.eu\/fr\/2025\/04\/11\/nous-sommes-absolument-prets-a-mettre-fin-a-la-guerre-une-conversation-avec-le-premier-ministre-ukrainien-denys-chmyhal\/\"]}]},{\"@type\":\"ImageObject\",\"inLanguage\":\"fr-FR\",\"@id\":\"https:\/\/legrandcontinent.eu\/fr\/2025\/04\/11\/nous-sommes-absolument-prets-a-mettre-fin-a-la-guerre-une-conversation-avec-le-premier-ministre-ukrainien-denys-chmyhal\/#primaryimage\",\"url\":\"https:\/\/legrandcontinent.eu\/fr\/wp-content\/uploads\/sites\/2\/2025\/04\/SIPA_01180483_000006-2-scaled.jpg\",\"contentUrl\":\"https:\/\/legrandcontinent.eu\/fr\/wp-content\/uploads\/sites\/2\/2025\/04\/SIPA_01180483_000006-2-scaled.jpg\",\"width\":1707,\"height\":2560,\"caption\":\"\u00a9 Heikki Saukkomaa\/LEHTIKUV\/SIPA\/\"},{\"@type\":\"BreadcrumbList\",\"@id\":\"https:\/\/legrandcontinent.eu\/fr\/2025\/04\/11\/nous-sommes-absolument-prets-a-mettre-fin-a-la-guerre-une-conversation-avec-le-premier-ministre-ukrainien-denys-chmyhal\/#breadcrumb\",\"itemListElement\":[{\"@type\":\"ListItem\",\"position\":1,\"name\":\"Accueil\",\"item\":\"https:\/\/legrandcontinent.eu\/fr\/\"},{\"@type\":\"ListItem\",\"position\":2,\"name\":\"\u00ab&#160;Nous sommes absolument pr\u00eats \u00e0 mettre fin \u00e0 la guerre&#160;\u00bb, une conversation avec le Premier ministre ukrainien Denys Chmyhal\"}]},{\"@type\":\"WebSite\",\"@id\":\"https:\/\/legrandcontinent.eu\/fr\/#website\",\"url\":\"https:\/\/legrandcontinent.eu\/fr\/\",\"name\":\"Le Grand Continent\",\"description\":\"L&#039;\u00e9chelle pertinente\",\"potentialAction\":[{\"@type\":\"SearchAction\",\"target\":{\"@type\":\"EntryPoint\",\"urlTemplate\":\"https:\/\/legrandcontinent.eu\/fr\/?s={search_term_string}\"},\"query-input\":{\"@type\":\"PropertyValueSpecification\",\"valueRequired\":true,\"valueName\":\"search_term_string\"}}],\"inLanguage\":\"fr-FR\"},{\"@type\":\"Person\",\"@id\":\"https:\/\/legrandcontinent.eu\/fr\/#\/schema\/person\/a1c2123a1ef5abd663fcde8f63063d45\",\"name\":\"Matheo Malik\",\"image\":{\"@type\":\"ImageObject\",\"inLanguage\":\"fr-FR\",\"@id\":\"https:\/\/legrandcontinent.eu\/fr\/#\/schema\/person\/image\/\",\"url\":\"https:\/\/secure.gravatar.com\/avatar\/62cbadb9f7f0804282928747d8d2051d?s=96&d=mm&r=g\",\"contentUrl\":\"https:\/\/secure.gravatar.com\/avatar\/62cbadb9f7f0804282928747d8d2051d?s=96&d=mm&r=g\",\"caption\":\"Matheo Malik\"}}]}<\/script>\n<!-- \/ Yoast SEO plugin. -->","yoast_head_json":{"title":"\u00abNous sommes absolument pr\u00eats \u00e0 mettre fin \u00e0 la guerre\u00bb, une conversation avec le Premier ministre ukrainien Denys Chmyhal | Le Grand Continent","robots":{"index":"index","follow":"follow","max-snippet":"max-snippet:-1","max-image-preview":"max-image-preview:large","max-video-preview":"max-video-preview:-1"},"canonical":"https:\/\/legrandcontinent.eu\/fr\/2025\/04\/11\/nous-sommes-absolument-prets-a-mettre-fin-a-la-guerre-une-conversation-avec-le-premier-ministre-ukrainien-denys-chmyhal\/","og_locale":"fr_FR","og_type":"article","og_title":"\u00abNous sommes absolument pr\u00eats \u00e0 mettre fin \u00e0 la guerre\u00bb, une conversation avec le Premier ministre ukrainien Denys Chmyhal | Le Grand Continent","og_description":"\u00c0 Moscou, Poutine et l\u2019envoy\u00e9 sp\u00e9cial de Trump Steve Witkoff discutent d\u2019une possible fin des combats en Ukraine.  \u00c0 Bruxelles, les Ukrainiens d\u00e9fendent un objectif&#160;: adh\u00e9rer \u00e0 l\u2019Union rapidement \u2014 comme le souhaitent d\u2019ailleurs plus de la moiti\u00e9 des Europ\u00e9ens (56&#160;%) selon notre sondage Eurobazooka.  Dans ce moment charni\u00e8re, nous rencontrons le chef du gouvernement ukrainien, Denys Chmyhal.","og_url":"https:\/\/legrandcontinent.eu\/fr\/2025\/04\/11\/nous-sommes-absolument-prets-a-mettre-fin-a-la-guerre-une-conversation-avec-le-premier-ministre-ukrainien-denys-chmyhal\/","og_site_name":"Le Grand Continent","article_published_time":"2025-04-11T15:41:58+00:00","article_modified_time":"2025-04-14T08:17:41+00:00","og_image":[{"width":2560,"height":1440,"url":"https:\/\/legrandcontinent.eu\/fr\/wp-content\/uploads\/sites\/2\/2025\/04\/gc-chmyhal-scaled.jpg","type":"image\/jpeg"}],"author":"Matheo Malik","twitter_card":"summary_large_image","twitter_image":"https:\/\/legrandcontinent.eu\/fr\/wp-content\/uploads\/sites\/2\/2025\/04\/gc-chmyhal-scaled.jpg","twitter_misc":{"\u00c9crit par":"Matheo Malik","Dur\u00e9e de lecture estim\u00e9e":"12 minutes"},"schema":{"@context":"https:\/\/schema.org","@graph":[{"@type":"WebPage","@id":"https:\/\/legrandcontinent.eu\/fr\/2025\/04\/11\/nous-sommes-absolument-prets-a-mettre-fin-a-la-guerre-une-conversation-avec-le-premier-ministre-ukrainien-denys-chmyhal\/","url":"https:\/\/legrandcontinent.eu\/fr\/2025\/04\/11\/nous-sommes-absolument-prets-a-mettre-fin-a-la-guerre-une-conversation-avec-le-premier-ministre-ukrainien-denys-chmyhal\/","name":"\u00abNous sommes absolument pr\u00eats \u00e0 mettre fin \u00e0 la guerre\u00bb, une conversation avec le Premier ministre ukrainien Denys Chmyhal | Le Grand Continent","isPartOf":{"@id":"https:\/\/legrandcontinent.eu\/fr\/#website"},"primaryImageOfPage":{"@id":"https:\/\/legrandcontinent.eu\/fr\/2025\/04\/11\/nous-sommes-absolument-prets-a-mettre-fin-a-la-guerre-une-conversation-avec-le-premier-ministre-ukrainien-denys-chmyhal\/#primaryimage"},"image":{"@id":"https:\/\/legrandcontinent.eu\/fr\/2025\/04\/11\/nous-sommes-absolument-prets-a-mettre-fin-a-la-guerre-une-conversation-avec-le-premier-ministre-ukrainien-denys-chmyhal\/#primaryimage"},"thumbnailUrl":"https:\/\/legrandcontinent.eu\/fr\/wp-content\/uploads\/sites\/2\/2025\/04\/SIPA_01180483_000006-2-scaled.jpg","datePublished":"2025-04-11T15:41:58+00:00","dateModified":"2025-04-14T08:17:41+00:00","author":{"@id":"https:\/\/legrandcontinent.eu\/fr\/#\/schema\/person\/a1c2123a1ef5abd663fcde8f63063d45"},"breadcrumb":{"@id":"https:\/\/legrandcontinent.eu\/fr\/2025\/04\/11\/nous-sommes-absolument-prets-a-mettre-fin-a-la-guerre-une-conversation-avec-le-premier-ministre-ukrainien-denys-chmyhal\/#breadcrumb"},"inLanguage":"fr-FR","potentialAction":[{"@type":"ReadAction","target":["https:\/\/legrandcontinent.eu\/fr\/2025\/04\/11\/nous-sommes-absolument-prets-a-mettre-fin-a-la-guerre-une-conversation-avec-le-premier-ministre-ukrainien-denys-chmyhal\/"]}]},{"@type":"ImageObject","inLanguage":"fr-FR","@id":"https:\/\/legrandcontinent.eu\/fr\/2025\/04\/11\/nous-sommes-absolument-prets-a-mettre-fin-a-la-guerre-une-conversation-avec-le-premier-ministre-ukrainien-denys-chmyhal\/#primaryimage","url":"https:\/\/legrandcontinent.eu\/fr\/wp-content\/uploads\/sites\/2\/2025\/04\/SIPA_01180483_000006-2-scaled.jpg","contentUrl":"https:\/\/legrandcontinent.eu\/fr\/wp-content\/uploads\/sites\/2\/2025\/04\/SIPA_01180483_000006-2-scaled.jpg","width":1707,"height":2560,"caption":"\u00a9 Heikki Saukkomaa\/LEHTIKUV\/SIPA\/"},{"@type":"BreadcrumbList","@id":"https:\/\/legrandcontinent.eu\/fr\/2025\/04\/11\/nous-sommes-absolument-prets-a-mettre-fin-a-la-guerre-une-conversation-avec-le-premier-ministre-ukrainien-denys-chmyhal\/#breadcrumb","itemListElement":[{"@type":"ListItem","position":1,"name":"Accueil","item":"https:\/\/legrandcontinent.eu\/fr\/"},{"@type":"ListItem","position":2,"name":"\u00ab&#160;Nous sommes absolument pr\u00eats \u00e0 mettre fin \u00e0 la guerre&#160;\u00bb, une conversation avec le Premier ministre ukrainien Denys Chmyhal"}]},{"@type":"WebSite","@id":"https:\/\/legrandcontinent.eu\/fr\/#website","url":"https:\/\/legrandcontinent.eu\/fr\/","name":"Le Grand Continent","description":"L&#039;\u00e9chelle pertinente","potentialAction":[{"@type":"SearchAction","target":{"@type":"EntryPoint","urlTemplate":"https:\/\/legrandcontinent.eu\/fr\/?s={search_term_string}"},"query-input":{"@type":"PropertyValueSpecification","valueRequired":true,"valueName":"search_term_string"}}],"inLanguage":"fr-FR"},{"@type":"Person","@id":"https:\/\/legrandcontinent.eu\/fr\/#\/schema\/person\/a1c2123a1ef5abd663fcde8f63063d45","name":"Matheo Malik","image":{"@type":"ImageObject","inLanguage":"fr-FR","@id":"https:\/\/legrandcontinent.eu\/fr\/#\/schema\/person\/image\/","url":"https:\/\/secure.gravatar.com\/avatar\/62cbadb9f7f0804282928747d8d2051d?s=96&d=mm&r=g","contentUrl":"https:\/\/secure.gravatar.com\/avatar\/62cbadb9f7f0804282928747d8d2051d?s=96&d=mm&r=g","caption":"Matheo Malik"}}]}},"lgc_categories":[{"id":3116,"name":"La guerre en Ukraine au jour le jour","slug":"la-guerre-en-ukraine-au-jour-le-jour"}],"lgc_author":{"id":2941,"name":"Mar\u00eda Tadeo","slug":"maria-tadeo-gc","first_name":"Mar\u00eda","last_name":"Tadeo","picture":{"url":"https:\/\/legrandcontinent.eu\/fr\/wp-content\/uploads\/sites\/2\/2024\/09\/Maria-Tadeo.png","width":881,"height":915,"alt":""}},"feature_image_summary":{"url":"https:\/\/legrandcontinent.eu\/fr\/wp-content\/uploads\/sites\/2\/2025\/04\/SIPA_01180483_000006-2-scaled.jpg","width":1707,"height":2560,"alt":""},"feature_image_cover":{"url":"https:\/\/legrandcontinent.eu\/fr\/wp-content\/uploads\/sites\/2\/2025\/04\/SIPA_01180483_000006-2-scaled.jpg","width":1707,"height":2560,"alt":""},"term_position_data":null,"_links":{"self":[{"href":"https:\/\/legrandcontinent.eu\/fr\/wp-json\/wp\/v2\/posts\/272528","targetHints":{"allow":["GET"]}}],"collection":[{"href":"https:\/\/legrandcontinent.eu\/fr\/wp-json\/wp\/v2\/posts"}],"about":[{"href":"https:\/\/legrandcontinent.eu\/fr\/wp-json\/wp\/v2\/types\/post"}],"author":[{"embeddable":true,"href":"https:\/\/legrandcontinent.eu\/fr\/wp-json\/wp\/v2\/users\/10"}],"replies":[{"embeddable":true,"href":"https:\/\/legrandcontinent.eu\/fr\/wp-json\/wp\/v2\/comments?post=272528"}],"version-history":[{"count":0,"href":"https:\/\/legrandcontinent.eu\/fr\/wp-json\/wp\/v2\/posts\/272528\/revisions"}],"wp:featuredmedia":[{"embeddable":true,"href":"https:\/\/legrandcontinent.eu\/fr\/wp-json\/wp\/v2\/media\/272532"}],"wp:attachment":[{"href":"https:\/\/legrandcontinent.eu\/fr\/wp-json\/wp\/v2\/media?parent=272528"}],"wp:term":[{"taxonomy":"category","embeddable":true,"href":"https:\/\/legrandcontinent.eu\/fr\/wp-json\/wp\/v2\/categories?post=272528"},{"taxonomy":"post_tag","embeddable":true,"href":"https:\/\/legrandcontinent.eu\/fr\/wp-json\/wp\/v2\/tags?post=272528"},{"taxonomy":"staff","embeddable":true,"href":"https:\/\/legrandcontinent.eu\/fr\/wp-json\/wp\/v2\/staff?post=272528"},{"taxonomy":"editorial_format","embeddable":true,"href":"https:\/\/legrandcontinent.eu\/fr\/wp-json\/wp\/v2\/editorial_format?post=272528"},{"taxonomy":"serie","embeddable":true,"href":"https:\/\/legrandcontinent.eu\/fr\/wp-json\/wp\/v2\/serie?post=272528"},{"taxonomy":"audience","embeddable":true,"href":"https:\/\/legrandcontinent.eu\/fr\/wp-json\/wp\/v2\/audience?post=272528"},{"taxonomy":"geo","embeddable":true,"href":"https:\/\/legrandcontinent.eu\/fr\/wp-json\/wp\/v2\/geo?post=272528"}],"curies":[{"name":"wp","href":"https:\/\/api.w.org\/{rel}","templated":true}]}}