{"id":2704,"date":"2018-05-07T07:45:34","date_gmt":"2018-05-07T05:45:34","guid":{"rendered":"https:\/\/lldl.eu\/?p=2704"},"modified":"2019-05-31T13:55:16","modified_gmt":"2019-05-31T11:55:16","slug":"diplomatie-economique-et-mission-militaire-le-pivot-de-la-mediterranee-italienne","status":"publish","type":"post","link":"https:\/\/legrandcontinent.eu\/fr\/2018\/05\/07\/diplomatie-economique-et-mission-militaire-le-pivot-de-la-mediterranee-italienne\/","title":{"rendered":"Diplomatie \u00e9conomique et mission militaire&#160;: le pivot de la M\u00e9diterran\u00e9e italienne"},"content":{"rendered":"\n<p><em>Milan<\/em>. L\u2019objectif italien est de renforcer sa coop\u00e9ration avec l\u2019Afrique, dont les estimations de croissance pour 2020 d\u00e9passent les 24&#160;% du PIB, afin de lutter contre le terrorisme et de mieux g\u00e9rer les flux migratoires.<\/p>\n\n\n\n<p>Lors de la derni\u00e8re l\u00e9gislature, le gouvernement italien a \u0153uvr\u00e9 pour que le pivot m\u00e9diterran\u00e9en soit au centre de la politique \u00e9trang\u00e8re de l\u2019Italie, comme l\u2019a d\u00e9fini le pr\u00e9sident du conseil, Paolo Gentiloni, dans un texte publi\u00e9 par Foreign Affairs. La M\u00e9diterran\u00e9e est un domaine d&rsquo;int\u00e9r\u00eat strat\u00e9gique non seulement pour les opportunit\u00e9s \u00e9conomiques mais aussi pour la s\u00e9curit\u00e9 nationale. La diplomatie \u00e9conomique a \u00e9t\u00e9 le premier levier de cette strat\u00e9gie (<strong>1<\/strong>)&#160;: les \u00e9changes avec les pays de la Mena (Moyen-Orient et Afrique du Nord) ont atteint 70 milliards d\u2019euros en 2017 et les pr\u00e9visions pour 2018 approchent les 80 milliards, l\u2019\u00e9nergie et la logistique \u00e9tant les secteurs au plus fort potentiel de croissance. Mais la coop\u00e9ration \u00e9conomique ne saurait ignorer la stabilisation de la zone (<strong>2<\/strong>).<\/p>\n\n\n\n<p>Apr\u00e8s la France, l\u2019Italie est le deuxi\u00e8me pays europ\u00e9en ayant le plus de soldats engag\u00e9s hors des fronti\u00e8res nationales&#160;: plus de 5 000 en 2017, chiffre qui devrait atteindre les 6 690 en 2018 (l\u2019Allemagne en compte environ 4 000, l\u2019Espagne moins de 2 000) . En f\u00e9vrier, le gouvernement a d\u00e9cid\u00e9 de r\u00e9organiser la pr\u00e9sence militaire italienne \u00e0 l\u2019\u00e9tranger (<strong>3<\/strong>) et a r\u00e9duit sa contribution aux missions au Moyen-Orient &#8211; en Irak (Op\u00e9ration Prima Parthica) et en Afghanistan (Resolute Support) &#8211; pour se concentrer sur l\u2019Afrique du Nord &#8211; op\u00e9rations de contr\u00f4le des routes en M\u00e9diterran\u00e9e centrale en collaboration avec l&rsquo;OTAN (Sea Guardian) et l\u2019Union europ\u00e9enne (Sophia Eunavformed) &#8211; et accro\u00eetre son engagement militaire en Libye et dans le Sahel afin de lutter contre le trafic de migrants et le terrorisme.<\/p>\n\n\n\n<h4 class=\"wp-block-heading\"><strong>Perspectives&#160;:<\/strong><\/h4>\n\n\n\n<ul class=\"wp-block-list\"><li>22-24 novembre&#160;: <a href=\"https:\/\/med.ispionline.it\/\">Mediterranean Dialogues<\/a>, Rome .<\/li><li>Conf\u00e9rence annuelle EuroMescco 2018&#160;: \u201cTransformer les perspectives euro-m\u00e9diterran\u00e9ennes\u201d, Rabat, Maroc, juillet 2018<\/li><\/ul>\n\n\n\n<h4 class=\"wp-block-heading\"><strong>Sources&#160;:<\/strong><\/h4>\n\n\n\n<ol class=\"wp-block-list\"><li>Minist\u00e8re des Affaires \u00e9trang\u00e8rs, <a href=\"https:\/\/www.esteri.it\/mae\/resource\/doc\/2017\/12\/rapporto-med-maeci-ita.pdf\">La strat\u00e9gie italienne dans la Mediterrann\u00e9e<\/a>\n\n, 2017<\/li><li>Minist\u00e8re de la D\u00e9fense, <a href=\"http:\/\/www.analisidifesa.it\/wp-content\/uploads\/2015\/04\/Libro-Bianco-2015.pdf\">Libro bianco per la sicurezza internazionale e la Difesa<\/a>\n\n, 2015<\/li><li>Parlement italien, <a href=\"http:\/\/documenti.camera.it\/leg17\/dossier\/pdf\/DI0660.pdf\">Autorisation des missions militaires internationales<\/a><\/li><\/ol>\n","protected":false},"excerpt":{"rendered":"<p>L\u2019objectif italien est de renforcer sa coop\u00e9ration avec l\u2019Afrique, dont les estimations de croissance pour 2020 d\u00e9passent les 24&#160;&#160;% du PIB, afin de lutter contre le terrorisme et de mieux g\u00e9rer les flux migratoires.<\/p>\n","protected":false},"author":1,"featured_media":0,"comment_status":"closed","ping_status":"closed","sticky":false,"template":"templates\/post-briefings.php","format":"standard","meta":{"_acf_changed":false,"_trash_the_other_posts":false,"_yoast_wpseo_estimated-reading-time-minutes":0,"footnotes":""},"categories":[1731],"tags":[],"staff":[1640],"editorial_format":[],"serie":[],"audience":[],"geo":[543],"class_list":["post-2704","post","type-post","status-publish","format-standard","hentry","category-politique","staff-gabriella-colarusso","geo-mediterranee"],"acf":{"open_in_webview":false,"accent":false},"yoast_head":"<!-- This site is optimized with the Yoast SEO plugin v26.1.1 - https:\/\/yoast.com\/wordpress\/plugins\/seo\/ -->\n<title>Diplomatie \u00e9conomique et mission militaire : le pivot de la M\u00e9diterran\u00e9e italienne | Le Grand Continent<\/title>\n<meta name=\"robots\" content=\"index, follow, max-snippet:-1, max-image-preview:large, max-video-preview:-1\" \/>\n<link rel=\"canonical\" href=\"https:\/\/legrandcontinent.eu\/fr\/2018\/05\/07\/diplomatie-economique-et-mission-militaire-le-pivot-de-la-mediterranee-italienne\/\" \/>\n<meta property=\"og:locale\" content=\"fr_FR\" \/>\n<meta property=\"og:type\" content=\"article\" \/>\n<meta property=\"og:title\" content=\"Diplomatie \u00e9conomique et mission militaire : le pivot de la M\u00e9diterran\u00e9e italienne | Le Grand Continent\" \/>\n<meta property=\"og:description\" content=\"L\u2019objectif italien est de renforcer sa coop\u00e9ration avec l\u2019Afrique, dont les estimations de croissance pour 2020 d\u00e9passent les 24&#160;% du PIB, afin de lutter contre le terrorisme et de mieux g\u00e9rer les flux migratoires.\" \/>\n<meta property=\"og:url\" content=\"https:\/\/legrandcontinent.eu\/fr\/2018\/05\/07\/diplomatie-economique-et-mission-militaire-le-pivot-de-la-mediterranee-italienne\/\" \/>\n<meta property=\"og:site_name\" content=\"Le Grand Continent\" \/>\n<meta property=\"article:published_time\" content=\"2018-05-07T05:45:34+00:00\" \/>\n<meta property=\"article:modified_time\" content=\"2019-05-31T11:55:16+00:00\" \/>\n<meta name=\"twitter:card\" content=\"summary_large_image\" \/>\n<meta name=\"twitter:label1\" content=\"\u00c9crit par\" \/>\n\t<meta name=\"twitter:data1\" content=\"\" \/>\n\t<meta name=\"twitter:label2\" content=\"Dur\u00e9e de lecture estim\u00e9e\" \/>\n\t<meta name=\"twitter:data2\" content=\"2 minutes\" \/>\n<script type=\"application\/ld+json\" class=\"yoast-schema-graph\">{\"@context\":\"https:\/\/schema.org\",\"@graph\":[{\"@type\":\"WebPage\",\"@id\":\"https:\/\/legrandcontinent.eu\/fr\/2018\/05\/07\/diplomatie-economique-et-mission-militaire-le-pivot-de-la-mediterranee-italienne\/\",\"url\":\"https:\/\/legrandcontinent.eu\/fr\/2018\/05\/07\/diplomatie-economique-et-mission-militaire-le-pivot-de-la-mediterranee-italienne\/\",\"name\":\"Diplomatie \u00e9conomique et mission militaire : le pivot de la M\u00e9diterran\u00e9e italienne | Le Grand Continent\",\"isPartOf\":{\"@id\":\"https:\/\/legrandcontinent.eu\/fr\/#website\"},\"datePublished\":\"2018-05-07T05:45:34+00:00\",\"dateModified\":\"2019-05-31T11:55:16+00:00\",\"author\":{\"@id\":\"\"},\"breadcrumb\":{\"@id\":\"https:\/\/legrandcontinent.eu\/fr\/2018\/05\/07\/diplomatie-economique-et-mission-militaire-le-pivot-de-la-mediterranee-italienne\/#breadcrumb\"},\"inLanguage\":\"fr-FR\",\"potentialAction\":[{\"@type\":\"ReadAction\",\"target\":[\"https:\/\/legrandcontinent.eu\/fr\/2018\/05\/07\/diplomatie-economique-et-mission-militaire-le-pivot-de-la-mediterranee-italienne\/\"]}]},{\"@type\":\"BreadcrumbList\",\"@id\":\"https:\/\/legrandcontinent.eu\/fr\/2018\/05\/07\/diplomatie-economique-et-mission-militaire-le-pivot-de-la-mediterranee-italienne\/#breadcrumb\",\"itemListElement\":[{\"@type\":\"ListItem\",\"position\":1,\"name\":\"Accueil\",\"item\":\"https:\/\/legrandcontinent.eu\/fr\/\"},{\"@type\":\"ListItem\",\"position\":2,\"name\":\"Diplomatie \u00e9conomique et mission militaire&#160;: le pivot de la M\u00e9diterran\u00e9e italienne\"}]},{\"@type\":\"WebSite\",\"@id\":\"https:\/\/legrandcontinent.eu\/fr\/#website\",\"url\":\"https:\/\/legrandcontinent.eu\/fr\/\",\"name\":\"Le Grand Continent\",\"description\":\"L&#039;\u00e9chelle pertinente\",\"potentialAction\":[{\"@type\":\"SearchAction\",\"target\":{\"@type\":\"EntryPoint\",\"urlTemplate\":\"https:\/\/legrandcontinent.eu\/fr\/?s={search_term_string}\"},\"query-input\":{\"@type\":\"PropertyValueSpecification\",\"valueRequired\":true,\"valueName\":\"search_term_string\"}}],\"inLanguage\":\"fr-FR\"},{\"@type\":\"Person\",\"@id\":\"\"}]}<\/script>\n<!-- \/ Yoast SEO plugin. -->","yoast_head_json":{"title":"Diplomatie \u00e9conomique et mission militaire : le pivot de la M\u00e9diterran\u00e9e italienne | Le Grand Continent","robots":{"index":"index","follow":"follow","max-snippet":"max-snippet:-1","max-image-preview":"max-image-preview:large","max-video-preview":"max-video-preview:-1"},"canonical":"https:\/\/legrandcontinent.eu\/fr\/2018\/05\/07\/diplomatie-economique-et-mission-militaire-le-pivot-de-la-mediterranee-italienne\/","og_locale":"fr_FR","og_type":"article","og_title":"Diplomatie \u00e9conomique et mission militaire : le pivot de la M\u00e9diterran\u00e9e italienne | Le Grand Continent","og_description":"L\u2019objectif italien est de renforcer sa coop\u00e9ration avec l\u2019Afrique, dont les estimations de croissance pour 2020 d\u00e9passent les 24&#160;% du PIB, afin de lutter contre le terrorisme et de mieux g\u00e9rer les flux migratoires.","og_url":"https:\/\/legrandcontinent.eu\/fr\/2018\/05\/07\/diplomatie-economique-et-mission-militaire-le-pivot-de-la-mediterranee-italienne\/","og_site_name":"Le Grand Continent","article_published_time":"2018-05-07T05:45:34+00:00","article_modified_time":"2019-05-31T11:55:16+00:00","twitter_card":"summary_large_image","twitter_misc":{"\u00c9crit par":"","Dur\u00e9e de lecture estim\u00e9e":"2 minutes"},"schema":{"@context":"https:\/\/schema.org","@graph":[{"@type":"WebPage","@id":"https:\/\/legrandcontinent.eu\/fr\/2018\/05\/07\/diplomatie-economique-et-mission-militaire-le-pivot-de-la-mediterranee-italienne\/","url":"https:\/\/legrandcontinent.eu\/fr\/2018\/05\/07\/diplomatie-economique-et-mission-militaire-le-pivot-de-la-mediterranee-italienne\/","name":"Diplomatie \u00e9conomique et mission militaire : le pivot de la M\u00e9diterran\u00e9e italienne | Le Grand Continent","isPartOf":{"@id":"https:\/\/legrandcontinent.eu\/fr\/#website"},"datePublished":"2018-05-07T05:45:34+00:00","dateModified":"2019-05-31T11:55:16+00:00","author":{"@id":""},"breadcrumb":{"@id":"https:\/\/legrandcontinent.eu\/fr\/2018\/05\/07\/diplomatie-economique-et-mission-militaire-le-pivot-de-la-mediterranee-italienne\/#breadcrumb"},"inLanguage":"fr-FR","potentialAction":[{"@type":"ReadAction","target":["https:\/\/legrandcontinent.eu\/fr\/2018\/05\/07\/diplomatie-economique-et-mission-militaire-le-pivot-de-la-mediterranee-italienne\/"]}]},{"@type":"BreadcrumbList","@id":"https:\/\/legrandcontinent.eu\/fr\/2018\/05\/07\/diplomatie-economique-et-mission-militaire-le-pivot-de-la-mediterranee-italienne\/#breadcrumb","itemListElement":[{"@type":"ListItem","position":1,"name":"Accueil","item":"https:\/\/legrandcontinent.eu\/fr\/"},{"@type":"ListItem","position":2,"name":"Diplomatie \u00e9conomique et mission militaire&#160;: le pivot de la M\u00e9diterran\u00e9e italienne"}]},{"@type":"WebSite","@id":"https:\/\/legrandcontinent.eu\/fr\/#website","url":"https:\/\/legrandcontinent.eu\/fr\/","name":"Le Grand Continent","description":"L&#039;\u00e9chelle pertinente","potentialAction":[{"@type":"SearchAction","target":{"@type":"EntryPoint","urlTemplate":"https:\/\/legrandcontinent.eu\/fr\/?s={search_term_string}"},"query-input":{"@type":"PropertyValueSpecification","valueRequired":true,"valueName":"search_term_string"}}],"inLanguage":"fr-FR"},{"@type":"Person","@id":""}]}},"lgc_categories":[{"id":1731,"name":"Politique","slug":"politique"}],"lgc_author":{"id":1640,"name":"Gabriella Colarusso","slug":"gabriella-colarusso","first_name":null,"last_name":null,"picture":null},"feature_image_summary":null,"feature_image_cover":null,"term_position_data":null,"_links":{"self":[{"href":"https:\/\/legrandcontinent.eu\/fr\/wp-json\/wp\/v2\/posts\/2704","targetHints":{"allow":["GET"]}}],"collection":[{"href":"https:\/\/legrandcontinent.eu\/fr\/wp-json\/wp\/v2\/posts"}],"about":[{"href":"https:\/\/legrandcontinent.eu\/fr\/wp-json\/wp\/v2\/types\/post"}],"author":[{"embeddable":true,"href":"https:\/\/legrandcontinent.eu\/fr\/wp-json\/wp\/v2\/users\/1"}],"replies":[{"embeddable":true,"href":"https:\/\/legrandcontinent.eu\/fr\/wp-json\/wp\/v2\/comments?post=2704"}],"version-history":[{"count":0,"href":"https:\/\/legrandcontinent.eu\/fr\/wp-json\/wp\/v2\/posts\/2704\/revisions"}],"wp:attachment":[{"href":"https:\/\/legrandcontinent.eu\/fr\/wp-json\/wp\/v2\/media?parent=2704"}],"wp:term":[{"taxonomy":"category","embeddable":true,"href":"https:\/\/legrandcontinent.eu\/fr\/wp-json\/wp\/v2\/categories?post=2704"},{"taxonomy":"post_tag","embeddable":true,"href":"https:\/\/legrandcontinent.eu\/fr\/wp-json\/wp\/v2\/tags?post=2704"},{"taxonomy":"staff","embeddable":true,"href":"https:\/\/legrandcontinent.eu\/fr\/wp-json\/wp\/v2\/staff?post=2704"},{"taxonomy":"editorial_format","embeddable":true,"href":"https:\/\/legrandcontinent.eu\/fr\/wp-json\/wp\/v2\/editorial_format?post=2704"},{"taxonomy":"serie","embeddable":true,"href":"https:\/\/legrandcontinent.eu\/fr\/wp-json\/wp\/v2\/serie?post=2704"},{"taxonomy":"audience","embeddable":true,"href":"https:\/\/legrandcontinent.eu\/fr\/wp-json\/wp\/v2\/audience?post=2704"},{"taxonomy":"geo","embeddable":true,"href":"https:\/\/legrandcontinent.eu\/fr\/wp-json\/wp\/v2\/geo?post=2704"}],"curies":[{"name":"wp","href":"https:\/\/api.w.org\/{rel}","templated":true}]}}