{"id":269013,"date":"2025-03-25T13:57:33","date_gmt":"2025-03-25T12:57:33","guid":{"rendered":"https:\/\/legrandcontinent.eu\/fr\/?p=269013"},"modified":"2025-03-25T14:15:05","modified_gmt":"2025-03-25T13:15:05","slug":"les-deux-tiers-des-europeens-souhaitent-que-lunion-joue-un-role-plus-important-pour-leur-securite","status":"publish","type":"post","link":"https:\/\/legrandcontinent.eu\/fr\/2025\/03\/25\/les-deux-tiers-des-europeens-souhaitent-que-lunion-joue-un-role-plus-important-pour-leur-securite\/","title":{"rendered":"Les deux tiers des Europ\u00e9ens souhaitent que l\u2019Union joue un r\u00f4le plus important pour leur s\u00e9curit\u00e9"},"content":{"rendered":"\n<p>Selon la derni\u00e8re enqu\u00eate Eurobarom\u00e8tre r\u00e9alis\u00e9e par le Parlement europ\u00e9en dans les 27 \u00c9tats membres en janvier-f\u00e9vrier 2025, les deux tiers des citoyens europ\u00e9ens sont favorables \u00e0 ce que l\u2019Union joue un r\u00f4le plus actif pour les prot\u00e9ger face aux crises globales et aux risques s\u00e9curitaires&nbsp;<span class='whitespace-nowrap'><span id='easy-footnote-1-269013' class='easy-footnote-margin-adjust'><\/span><span class='easy-footnote'><a href='https:\/\/legrandcontinent.eu\/fr\/2025\/03\/25\/les-deux-tiers-des-europeens-souhaitent-que-lunion-joue-un-role-plus-important-pour-leur-securite\/#easy-footnote-bottom-1-269013' title='&lt;a href=&quot;https:\/\/europa.eu\/eurobarometer\/surveys\/detail\/3492&quot;&gt;EP Winter 2025 survey&lt;\/a&gt;, 25 mars 2025.'><sup>1<\/sup><\/a><\/span><\/span>.<\/p>\n\n\n\n<ul class=\"wp-block-list\">\n<li>Pour ce faire, plus des trois-quarts (76&#160;%) des sond\u00e9s disent que l\u2019Union a besoin de \u00ab&#160;plus de moyens&#160;\u00bb pour faire face \u00e0 ces d\u00e9fis.<\/li>\n\n\n\n<li>En Finlande, 92&#160;% sont en accord avec cette affirmation, 91&#160;% \u00e0 Chypre, 86&#160;% en Hongrie et en Gr\u00e8ce et 85&#160;% en Espagne et au Portugal.<\/li>\n<\/ul>\n\n\n\n<div class=\"iframe-container wp-block-image wp-block-image-medium  iframe-dw\">\n\t<div>\n\t\t<iframe class=\"absolute w-full h-full pin-t pin-l\" title=\"titolo\" aria-label=\"Interactive line chart\" src=\"\/\/datawrapper.dwcdn.net\/tMb6E\" scrolling=\"no\" frameborder=\"0\"><\/iframe>\n\t<\/div>\n<\/div>\n\n\n\n<ul class=\"wp-block-list\">\n<li>Les Europ\u00e9ens continuent de placer la d\u00e9fense et la s\u00e9curit\u00e9 en premi\u00e8re place parmi les domaines dans lesquels ils souhaitent que l\u2019Union se concentre afin de renforcer sa position dans le monde.<\/li>\n\n\n\n<li>La pr\u00e9occupation croissante des citoyens europ\u00e9ens quant \u00e0 la comp\u00e9titivit\u00e9 de l\u2019Union, son \u00e9conomie et son industrie (+5 points de pourcentage par rapport \u00e0 l\u2019an dernier) se fait au d\u00e9triment de l\u2019action climatique, qui enregistre une chute de 6 points (18&#160;% disent toujours que celle-ci devrait faire l\u2019objet d\u2019une attention plus prononc\u00e9e de l\u2019Union).<\/li>\n<\/ul>\n\n\n\n<div class=\"iframe-container wp-block-image wp-block-image-medium  iframe-dw\">\n\t<div>\n\t\t<iframe class=\"absolute w-full h-full pin-t pin-l\" title=\"titolo\" aria-label=\"Interactive line chart\" src=\"\/\/datawrapper.dwcdn.net\/pGLSX\" scrolling=\"no\" frameborder=\"0\"><\/iframe>\n\t<\/div>\n<\/div>\n\n\n\n<p>D\u2019une mani\u00e8re g\u00e9n\u00e9rale, les crises successives auxquelles l\u2019Union a fait face ces derni\u00e8res ann\u00e9es (la pand\u00e9mie de coronavirus, l\u2019invasion russe de l\u2019Ukraine, la hausse des co\u00fbts de l\u2019\u00e9nergie puis les menaces de l\u2019administration Trump vis-\u00e0-vis de l\u2019Europe) ont renforc\u00e9 l\u2019image de l\u2019Union aupr\u00e8s des citoyens europ\u00e9ens. Aujourd\u2019hui, 50&#160;% disent avoir une image \u00ab&#160;positive&#160;\u00bb de l\u2019Union europ\u00e9enne contre 40&#160;% fin 2019.&nbsp;<\/p>\n\n\n\n<div class=\"iframe-container wp-block-image wp-block-image-medium  iframe-dw\">\n\t<div>\n\t\t<iframe class=\"absolute w-full h-full pin-t pin-l\" title=\"titolo\" aria-label=\"Interactive line chart\" src=\"\/\/datawrapper.dwcdn.net\/uMAYA\" scrolling=\"no\" frameborder=\"0\"><\/iframe>\n\t<\/div>\n<\/div>\n\n\n\n<p>Les r\u00e9sultats de l\u2019enqu\u00eate, qui t\u00e9moignent d\u2019une volont\u00e9 des Europ\u00e9ens de voir une Union plus int\u00e9gr\u00e9e et dot\u00e9e de plus de comp\u00e9tences, notamment en mati\u00e8re de s\u00e9curit\u00e9 et de d\u00e9fense, s\u2019alignent sur les conclusions de <a href=\"https:\/\/legrandcontinent.eu\/fr\/eurobazooka-mars-2025\/\">notre sondage exclusif Eurobazooka<\/a>.<\/p>\n\n\n\n<ul class=\"wp-block-list\">\n<li>Selon cette \u00e9tude, r\u00e9alis\u00e9e pour le Grand Continent par l\u2019institut Cluster17, plus des deux-tiers des citoyens europ\u00e9ens \u2014 sond\u00e9s dans 9 \u00c9tats membres \u2014 consid\u00e8rent que <a href=\"https:\/\/legrandcontinent.eu\/fr\/2025\/03\/20\/les-europeens-face-a-la-guerre-et-trump-10-points-sur-un-sondage-exclusif\/\">l\u2019Union ne doit compter que sur ses propres forces pour assurer sa d\u00e9fense<\/a>. Ils sont seulement 10&#160;% \u00e0 dire que celle-ci peut compter sur les \u00c9tats-Unis de Donald Trump dans ce domaine.<\/li>\n\n\n\n<li>De la m\u00eame mani\u00e8re, 60&#160;% des Europ\u00e9ens sont favorables \u00e0 la cr\u00e9ation d\u2019une arm\u00e9e commune europ\u00e9enne pour assurer la d\u00e9fense de leurs pays. Cette tendance est particuli\u00e8rement marqu\u00e9e en Europe occidentale (74&#160;% en Belgique, 73&#160;% en Espagne), tandis que les pays d\u2019Europe de l\u2019est (46&#160;% en Roumanie et 37&#160;% en Pologne) y sont les moins favorables.<\/li>\n<\/ul>\n\n\n\n<div class=\"iframe-container wp-block-image wp-block-image-medium  iframe-dw\">\n\t<div>\n\t\t<iframe class=\"absolute w-full h-full pin-t pin-l\" title=\"titolo\" aria-label=\"Interactive line chart\" src=\"\/\/datawrapper.dwcdn.net\/GRfto\" scrolling=\"no\" frameborder=\"0\"><\/iframe>\n\t<\/div>\n<\/div>\n\n\n\n<p>Les Europ\u00e9ens sont mitig\u00e9s quant au r\u00f4le que l\u2019Union sera amen\u00e9 \u00e0 jouer dans les affaires du monde au cours des prochaines ann\u00e9es. Si 44&#160;% pensent que celle-ci jouera un r\u00f4le plus important, plus d\u2019un tiers (35&#160;%) consid\u00e8re que celui-ci restera \u00ab&#160;le m\u00eame&#160;\u00bb, et 18&#160;% pensent que son importance va diminuer.<\/p>\n","protected":false},"excerpt":{"rendered":"<p>Le dernier Eurobarom\u00e8tre publi\u00e9 aujourd\u2019hui, mardi 25 mars, par le Parlement europ\u00e9en indique que 66&#160;&#160;% des Europ\u00e9ens veulent que l\u2019Union europ\u00e9enne joue un r\u00f4le plus important pour les prot\u00e9ger face aux crises globales et aux risques s\u00e9curitaires. \u00c0 cet effet, plus des trois-quarts (76&#160;&#160;%) veulent fournir plus de moyens \u00e0 l\u2019Union pour faire face aux \u00ab&#160;&#160;d\u00e9fis globaux&#160;&#160;\u00bb.<\/p>\n","protected":false},"author":2622,"featured_media":269017,"comment_status":"closed","ping_status":"closed","sticky":false,"template":"templates\/post-briefings.php","format":"standard","meta":{"_acf_changed":false,"_trash_the_other_posts":false,"_yoast_wpseo_estimated-reading-time-minutes":3,"footnotes":""},"categories":[2345],"tags":[],"staff":[],"editorial_format":[],"serie":[],"audience":[],"geo":[1917],"class_list":["post-269013","post","type-post","status-publish","format-standard","hentry","category-securite","geo-europe"],"acf":{"open_in_webview":false,"accent":false,"_thumbnail_id":269017,"excerpt":"Le dernier Eurobarom\u00e8tre publi\u00e9 aujourd\u2019hui, mardi 25 mars, par le Parlement europ\u00e9en indique que 66 % des Europ\u00e9ens veulent que l\u2019Union europ\u00e9enne joue un r\u00f4le plus important pour les prot\u00e9ger face aux crises globales et aux risques s\u00e9curitaires. \u00c0 cet effet, plus des trois-quarts (76 %) veulent fournir plus de moyens \u00e0 l\u2019Union pour faire face aux \u00abd\u00e9fis globaux\u00bb.","display_date":"","new_abstract":true},"yoast_head":"<!-- This site is optimized with the Yoast SEO plugin v26.1.1 - https:\/\/yoast.com\/wordpress\/plugins\/seo\/ -->\n<title>Les deux tiers des Europ\u00e9ens souhaitent que l\u2019Union joue un r\u00f4le plus important pour leur s\u00e9curit\u00e9 | Le Grand Continent<\/title>\n<meta name=\"robots\" content=\"index, follow, max-snippet:-1, max-image-preview:large, max-video-preview:-1\" \/>\n<link rel=\"canonical\" href=\"https:\/\/legrandcontinent.eu\/fr\/2025\/03\/25\/les-deux-tiers-des-europeens-souhaitent-que-lunion-joue-un-role-plus-important-pour-leur-securite\/\" \/>\n<meta property=\"og:locale\" content=\"fr_FR\" \/>\n<meta property=\"og:type\" content=\"article\" \/>\n<meta property=\"og:title\" content=\"Les deux tiers des Europ\u00e9ens souhaitent que l\u2019Union joue un r\u00f4le plus important pour leur s\u00e9curit\u00e9 | Le Grand Continent\" \/>\n<meta property=\"og:description\" content=\"Le dernier Eurobarom\u00e8tre publi\u00e9 aujourd\u2019hui, mardi 25 mars, par le Parlement europ\u00e9en indique que 66&#160;% des Europ\u00e9ens veulent que l\u2019Union europ\u00e9enne joue un r\u00f4le plus important pour les prot\u00e9ger face aux crises globales et aux risques s\u00e9curitaires. \u00c0 cet effet, plus des trois-quarts (76&#160;%) veulent fournir plus de moyens \u00e0 l\u2019Union pour faire face aux \u00ab&#160;d\u00e9fis globaux&#160;\u00bb.\" \/>\n<meta property=\"og:url\" content=\"https:\/\/legrandcontinent.eu\/fr\/2025\/03\/25\/les-deux-tiers-des-europeens-souhaitent-que-lunion-joue-un-role-plus-important-pour-leur-securite\/\" \/>\n<meta property=\"og:site_name\" content=\"Le Grand Continent\" \/>\n<meta property=\"article:published_time\" content=\"2025-03-25T12:57:33+00:00\" \/>\n<meta property=\"article:modified_time\" content=\"2025-03-25T13:15:05+00:00\" \/>\n<meta property=\"og:image\" content=\"https:\/\/legrandcontinent.eu\/fr\/wp-content\/uploads\/sites\/2\/2025\/03\/gc-share-eurobarometre-mars-2025.png\" \/>\n\t<meta property=\"og:image:width\" content=\"1904\" \/>\n\t<meta property=\"og:image:height\" content=\"1062\" \/>\n\t<meta property=\"og:image:type\" content=\"image\/png\" \/>\n<meta name=\"author\" content=\"Marin Saillofest\" \/>\n<meta name=\"twitter:card\" content=\"summary_large_image\" \/>\n<meta name=\"twitter:image\" content=\"https:\/\/legrandcontinent.eu\/fr\/wp-content\/uploads\/sites\/2\/2025\/03\/gc-share-eurobarometre-mars-2025.png\" \/>\n<meta name=\"twitter:label1\" content=\"\u00c9crit par\" \/>\n\t<meta name=\"twitter:data1\" content=\"Marin Saillofest\" \/>\n\t<meta name=\"twitter:label2\" content=\"Dur\u00e9e de lecture estim\u00e9e\" \/>\n\t<meta name=\"twitter:data2\" content=\"3 minutes\" \/>\n<script type=\"application\/ld+json\" class=\"yoast-schema-graph\">{\"@context\":\"https:\/\/schema.org\",\"@graph\":[{\"@type\":\"WebPage\",\"@id\":\"https:\/\/legrandcontinent.eu\/fr\/2025\/03\/25\/les-deux-tiers-des-europeens-souhaitent-que-lunion-joue-un-role-plus-important-pour-leur-securite\/\",\"url\":\"https:\/\/legrandcontinent.eu\/fr\/2025\/03\/25\/les-deux-tiers-des-europeens-souhaitent-que-lunion-joue-un-role-plus-important-pour-leur-securite\/\",\"name\":\"Les deux tiers des Europ\u00e9ens souhaitent que l\u2019Union joue un r\u00f4le plus important pour leur s\u00e9curit\u00e9 | Le Grand Continent\",\"isPartOf\":{\"@id\":\"https:\/\/legrandcontinent.eu\/fr\/#website\"},\"primaryImageOfPage\":{\"@id\":\"https:\/\/legrandcontinent.eu\/fr\/2025\/03\/25\/les-deux-tiers-des-europeens-souhaitent-que-lunion-joue-un-role-plus-important-pour-leur-securite\/#primaryimage\"},\"image\":{\"@id\":\"https:\/\/legrandcontinent.eu\/fr\/2025\/03\/25\/les-deux-tiers-des-europeens-souhaitent-que-lunion-joue-un-role-plus-important-pour-leur-securite\/#primaryimage\"},\"thumbnailUrl\":\"https:\/\/legrandcontinent.eu\/fr\/wp-content\/uploads\/sites\/2\/2025\/03\/gc-eurobarometre-mars-2025.png\",\"datePublished\":\"2025-03-25T12:57:33+00:00\",\"dateModified\":\"2025-03-25T13:15:05+00:00\",\"author\":{\"@id\":\"https:\/\/legrandcontinent.eu\/fr\/#\/schema\/person\/e4f85f52220fc7b4cc3cfdb86d88e833\"},\"breadcrumb\":{\"@id\":\"https:\/\/legrandcontinent.eu\/fr\/2025\/03\/25\/les-deux-tiers-des-europeens-souhaitent-que-lunion-joue-un-role-plus-important-pour-leur-securite\/#breadcrumb\"},\"inLanguage\":\"fr-FR\",\"potentialAction\":[{\"@type\":\"ReadAction\",\"target\":[\"https:\/\/legrandcontinent.eu\/fr\/2025\/03\/25\/les-deux-tiers-des-europeens-souhaitent-que-lunion-joue-un-role-plus-important-pour-leur-securite\/\"]}]},{\"@type\":\"ImageObject\",\"inLanguage\":\"fr-FR\",\"@id\":\"https:\/\/legrandcontinent.eu\/fr\/2025\/03\/25\/les-deux-tiers-des-europeens-souhaitent-que-lunion-joue-un-role-plus-important-pour-leur-securite\/#primaryimage\",\"url\":\"https:\/\/legrandcontinent.eu\/fr\/wp-content\/uploads\/sites\/2\/2025\/03\/gc-eurobarometre-mars-2025.png\",\"contentUrl\":\"https:\/\/legrandcontinent.eu\/fr\/wp-content\/uploads\/sites\/2\/2025\/03\/gc-eurobarometre-mars-2025.png\",\"width\":1900,\"height\":1058},{\"@type\":\"BreadcrumbList\",\"@id\":\"https:\/\/legrandcontinent.eu\/fr\/2025\/03\/25\/les-deux-tiers-des-europeens-souhaitent-que-lunion-joue-un-role-plus-important-pour-leur-securite\/#breadcrumb\",\"itemListElement\":[{\"@type\":\"ListItem\",\"position\":1,\"name\":\"Accueil\",\"item\":\"https:\/\/legrandcontinent.eu\/fr\/\"},{\"@type\":\"ListItem\",\"position\":2,\"name\":\"Les deux tiers des Europ\u00e9ens souhaitent que l\u2019Union joue un r\u00f4le plus important pour leur s\u00e9curit\u00e9\"}]},{\"@type\":\"WebSite\",\"@id\":\"https:\/\/legrandcontinent.eu\/fr\/#website\",\"url\":\"https:\/\/legrandcontinent.eu\/fr\/\",\"name\":\"Le Grand Continent\",\"description\":\"L&#039;\u00e9chelle pertinente\",\"potentialAction\":[{\"@type\":\"SearchAction\",\"target\":{\"@type\":\"EntryPoint\",\"urlTemplate\":\"https:\/\/legrandcontinent.eu\/fr\/?s={search_term_string}\"},\"query-input\":{\"@type\":\"PropertyValueSpecification\",\"valueRequired\":true,\"valueName\":\"search_term_string\"}}],\"inLanguage\":\"fr-FR\"},{\"@type\":\"Person\",\"@id\":\"https:\/\/legrandcontinent.eu\/fr\/#\/schema\/person\/e4f85f52220fc7b4cc3cfdb86d88e833\",\"name\":\"Marin Saillofest\",\"image\":{\"@type\":\"ImageObject\",\"inLanguage\":\"fr-FR\",\"@id\":\"https:\/\/legrandcontinent.eu\/fr\/#\/schema\/person\/image\/\",\"url\":\"https:\/\/secure.gravatar.com\/avatar\/87088698b4d967390c49ae6d4f1aa459?s=96&d=mm&r=g\",\"contentUrl\":\"https:\/\/secure.gravatar.com\/avatar\/87088698b4d967390c49ae6d4f1aa459?s=96&d=mm&r=g\",\"caption\":\"Marin Saillofest\"}}]}<\/script>\n<!-- \/ Yoast SEO plugin. -->","yoast_head_json":{"title":"Les deux tiers des Europ\u00e9ens souhaitent que l\u2019Union joue un r\u00f4le plus important pour leur s\u00e9curit\u00e9 | Le Grand Continent","robots":{"index":"index","follow":"follow","max-snippet":"max-snippet:-1","max-image-preview":"max-image-preview:large","max-video-preview":"max-video-preview:-1"},"canonical":"https:\/\/legrandcontinent.eu\/fr\/2025\/03\/25\/les-deux-tiers-des-europeens-souhaitent-que-lunion-joue-un-role-plus-important-pour-leur-securite\/","og_locale":"fr_FR","og_type":"article","og_title":"Les deux tiers des Europ\u00e9ens souhaitent que l\u2019Union joue un r\u00f4le plus important pour leur s\u00e9curit\u00e9 | Le Grand Continent","og_description":"Le dernier Eurobarom\u00e8tre publi\u00e9 aujourd\u2019hui, mardi 25 mars, par le Parlement europ\u00e9en indique que 66&#160;% des Europ\u00e9ens veulent que l\u2019Union europ\u00e9enne joue un r\u00f4le plus important pour les prot\u00e9ger face aux crises globales et aux risques s\u00e9curitaires. \u00c0 cet effet, plus des trois-quarts (76&#160;%) veulent fournir plus de moyens \u00e0 l\u2019Union pour faire face aux \u00ab&#160;d\u00e9fis globaux&#160;\u00bb.","og_url":"https:\/\/legrandcontinent.eu\/fr\/2025\/03\/25\/les-deux-tiers-des-europeens-souhaitent-que-lunion-joue-un-role-plus-important-pour-leur-securite\/","og_site_name":"Le Grand Continent","article_published_time":"2025-03-25T12:57:33+00:00","article_modified_time":"2025-03-25T13:15:05+00:00","og_image":[{"width":1904,"height":1062,"url":"https:\/\/legrandcontinent.eu\/fr\/wp-content\/uploads\/sites\/2\/2025\/03\/gc-share-eurobarometre-mars-2025.png","type":"image\/png"}],"author":"Marin Saillofest","twitter_card":"summary_large_image","twitter_image":"https:\/\/legrandcontinent.eu\/fr\/wp-content\/uploads\/sites\/2\/2025\/03\/gc-share-eurobarometre-mars-2025.png","twitter_misc":{"\u00c9crit par":"Marin Saillofest","Dur\u00e9e de lecture estim\u00e9e":"3 minutes"},"schema":{"@context":"https:\/\/schema.org","@graph":[{"@type":"WebPage","@id":"https:\/\/legrandcontinent.eu\/fr\/2025\/03\/25\/les-deux-tiers-des-europeens-souhaitent-que-lunion-joue-un-role-plus-important-pour-leur-securite\/","url":"https:\/\/legrandcontinent.eu\/fr\/2025\/03\/25\/les-deux-tiers-des-europeens-souhaitent-que-lunion-joue-un-role-plus-important-pour-leur-securite\/","name":"Les deux tiers des Europ\u00e9ens souhaitent que l\u2019Union joue un r\u00f4le plus important pour leur s\u00e9curit\u00e9 | Le Grand Continent","isPartOf":{"@id":"https:\/\/legrandcontinent.eu\/fr\/#website"},"primaryImageOfPage":{"@id":"https:\/\/legrandcontinent.eu\/fr\/2025\/03\/25\/les-deux-tiers-des-europeens-souhaitent-que-lunion-joue-un-role-plus-important-pour-leur-securite\/#primaryimage"},"image":{"@id":"https:\/\/legrandcontinent.eu\/fr\/2025\/03\/25\/les-deux-tiers-des-europeens-souhaitent-que-lunion-joue-un-role-plus-important-pour-leur-securite\/#primaryimage"},"thumbnailUrl":"https:\/\/legrandcontinent.eu\/fr\/wp-content\/uploads\/sites\/2\/2025\/03\/gc-eurobarometre-mars-2025.png","datePublished":"2025-03-25T12:57:33+00:00","dateModified":"2025-03-25T13:15:05+00:00","author":{"@id":"https:\/\/legrandcontinent.eu\/fr\/#\/schema\/person\/e4f85f52220fc7b4cc3cfdb86d88e833"},"breadcrumb":{"@id":"https:\/\/legrandcontinent.eu\/fr\/2025\/03\/25\/les-deux-tiers-des-europeens-souhaitent-que-lunion-joue-un-role-plus-important-pour-leur-securite\/#breadcrumb"},"inLanguage":"fr-FR","potentialAction":[{"@type":"ReadAction","target":["https:\/\/legrandcontinent.eu\/fr\/2025\/03\/25\/les-deux-tiers-des-europeens-souhaitent-que-lunion-joue-un-role-plus-important-pour-leur-securite\/"]}]},{"@type":"ImageObject","inLanguage":"fr-FR","@id":"https:\/\/legrandcontinent.eu\/fr\/2025\/03\/25\/les-deux-tiers-des-europeens-souhaitent-que-lunion-joue-un-role-plus-important-pour-leur-securite\/#primaryimage","url":"https:\/\/legrandcontinent.eu\/fr\/wp-content\/uploads\/sites\/2\/2025\/03\/gc-eurobarometre-mars-2025.png","contentUrl":"https:\/\/legrandcontinent.eu\/fr\/wp-content\/uploads\/sites\/2\/2025\/03\/gc-eurobarometre-mars-2025.png","width":1900,"height":1058},{"@type":"BreadcrumbList","@id":"https:\/\/legrandcontinent.eu\/fr\/2025\/03\/25\/les-deux-tiers-des-europeens-souhaitent-que-lunion-joue-un-role-plus-important-pour-leur-securite\/#breadcrumb","itemListElement":[{"@type":"ListItem","position":1,"name":"Accueil","item":"https:\/\/legrandcontinent.eu\/fr\/"},{"@type":"ListItem","position":2,"name":"Les deux tiers des Europ\u00e9ens souhaitent que l\u2019Union joue un r\u00f4le plus important pour leur s\u00e9curit\u00e9"}]},{"@type":"WebSite","@id":"https:\/\/legrandcontinent.eu\/fr\/#website","url":"https:\/\/legrandcontinent.eu\/fr\/","name":"Le Grand Continent","description":"L&#039;\u00e9chelle pertinente","potentialAction":[{"@type":"SearchAction","target":{"@type":"EntryPoint","urlTemplate":"https:\/\/legrandcontinent.eu\/fr\/?s={search_term_string}"},"query-input":{"@type":"PropertyValueSpecification","valueRequired":true,"valueName":"search_term_string"}}],"inLanguage":"fr-FR"},{"@type":"Person","@id":"https:\/\/legrandcontinent.eu\/fr\/#\/schema\/person\/e4f85f52220fc7b4cc3cfdb86d88e833","name":"Marin Saillofest","image":{"@type":"ImageObject","inLanguage":"fr-FR","@id":"https:\/\/legrandcontinent.eu\/fr\/#\/schema\/person\/image\/","url":"https:\/\/secure.gravatar.com\/avatar\/87088698b4d967390c49ae6d4f1aa459?s=96&d=mm&r=g","contentUrl":"https:\/\/secure.gravatar.com\/avatar\/87088698b4d967390c49ae6d4f1aa459?s=96&d=mm&r=g","caption":"Marin Saillofest"}}]}},"lgc_categories":[{"id":2345,"name":"S\u00e9curit\u00e9","slug":"securite"}],"lgc_author":null,"feature_image_summary":{"url":"https:\/\/legrandcontinent.eu\/fr\/wp-content\/uploads\/sites\/2\/2025\/03\/gc-eurobarometre-mars-2025.png","width":1900,"height":1058,"alt":""},"feature_image_cover":null,"term_position_data":null,"_links":{"self":[{"href":"https:\/\/legrandcontinent.eu\/fr\/wp-json\/wp\/v2\/posts\/269013","targetHints":{"allow":["GET"]}}],"collection":[{"href":"https:\/\/legrandcontinent.eu\/fr\/wp-json\/wp\/v2\/posts"}],"about":[{"href":"https:\/\/legrandcontinent.eu\/fr\/wp-json\/wp\/v2\/types\/post"}],"author":[{"embeddable":true,"href":"https:\/\/legrandcontinent.eu\/fr\/wp-json\/wp\/v2\/users\/2622"}],"replies":[{"embeddable":true,"href":"https:\/\/legrandcontinent.eu\/fr\/wp-json\/wp\/v2\/comments?post=269013"}],"version-history":[{"count":0,"href":"https:\/\/legrandcontinent.eu\/fr\/wp-json\/wp\/v2\/posts\/269013\/revisions"}],"wp:featuredmedia":[{"embeddable":true,"href":"https:\/\/legrandcontinent.eu\/fr\/wp-json\/wp\/v2\/media\/269017"}],"wp:attachment":[{"href":"https:\/\/legrandcontinent.eu\/fr\/wp-json\/wp\/v2\/media?parent=269013"}],"wp:term":[{"taxonomy":"category","embeddable":true,"href":"https:\/\/legrandcontinent.eu\/fr\/wp-json\/wp\/v2\/categories?post=269013"},{"taxonomy":"post_tag","embeddable":true,"href":"https:\/\/legrandcontinent.eu\/fr\/wp-json\/wp\/v2\/tags?post=269013"},{"taxonomy":"staff","embeddable":true,"href":"https:\/\/legrandcontinent.eu\/fr\/wp-json\/wp\/v2\/staff?post=269013"},{"taxonomy":"editorial_format","embeddable":true,"href":"https:\/\/legrandcontinent.eu\/fr\/wp-json\/wp\/v2\/editorial_format?post=269013"},{"taxonomy":"serie","embeddable":true,"href":"https:\/\/legrandcontinent.eu\/fr\/wp-json\/wp\/v2\/serie?post=269013"},{"taxonomy":"audience","embeddable":true,"href":"https:\/\/legrandcontinent.eu\/fr\/wp-json\/wp\/v2\/audience?post=269013"},{"taxonomy":"geo","embeddable":true,"href":"https:\/\/legrandcontinent.eu\/fr\/wp-json\/wp\/v2\/geo?post=269013"}],"curies":[{"name":"wp","href":"https:\/\/api.w.org\/{rel}","templated":true}]}}