{"id":268606,"date":"2025-03-22T14:48:44","date_gmt":"2025-03-22T13:48:44","guid":{"rendered":"https:\/\/legrandcontinent.eu\/fr\/?p=268606"},"modified":"2025-03-22T14:48:46","modified_gmt":"2025-03-22T13:48:46","slug":"guerre-commerciale-cartographier-les-tarifs-reciproques-de-donald-trump","status":"publish","type":"post","link":"https:\/\/legrandcontinent.eu\/fr\/2025\/03\/22\/guerre-commerciale-cartographier-les-tarifs-reciproques-de-donald-trump\/","title":{"rendered":"Guerre commerciale&#160;: cartographier les tarifs r\u00e9ciproques de Donald Trump"},"content":{"rendered":"\n<p>\u00c0 ce jour, apr\u00e8s plusieurs annonces et revirements, l\u2019administration Trump a instaur\u00e9 des droits de douane suppl\u00e9mentaires de 20&#160;% sur les produits chinois \u2014 10&#160;% appliqu\u00e9s depuis le 4 f\u00e9vrier et 10&#160;% suppl\u00e9mentaires depuis le 4 mars. Des droits de douane globaux de 25&#160;% sur l\u2019acier et l\u2019aluminium sont \u00e9galement en vigueur depuis le 12 mars.<\/p>\n\n\n\n<ul class=\"wp-block-list\">\n<li>Les droits de douane de 25&#160;% visant le Canada ont \u00e9t\u00e9 suspendus \u00e0 deux reprises, la derni\u00e8re fois le 6 mars.<\/li>\n\n\n\n<li>Sauf nouveau report, ils devraient entrer en vigueur le mercredi 2 avril.<\/li>\n<\/ul>\n\n\n\n<p>Le 13 f\u00e9vrier, l\u2019administration Trump a annonc\u00e9 la mise en place prochaine de droits de douane r\u00e9ciproques, ce qui signifierait que les \u00c9tats-Unis aligneraient leurs tarifs sur ceux appliqu\u00e9s par leurs partenaires commerciaux.<\/p>\n\n\n\n<ul class=\"wp-block-list\">\n<li>Trump a qualifi\u00e9 ce nouveau r\u00e9gime tarifaire, qui sera d\u00e9voil\u00e9 le 2 avril, de \u00ab&#160;the big one&#160;\u00bb. Il a averti qu\u2019une \u00ab&#160;p\u00e9riode d\u2019ajustement&#160;\u00bb sera n\u00e9cessaire pour l\u2019\u00e9conomie, et <a href=\"https:\/\/legrandcontinent.eu\/fr\/2025\/03\/10\/trump-nexclut-pas-une-recession-les-politiques-commerciales-de-ladministration-provoquent-la-chute-du-marche-boursier-americain\/\">n\u2019a pas exclu la possibilit\u00e9 d\u2019une r\u00e9cession<\/a> aux \u00c9tats-Unis.<\/li>\n\n\n\n<li>La R\u00e9serve f\u00e9d\u00e9rale anticipe d\u00e9sormais une inflation plus \u00e9lev\u00e9e et un ralentissement de la croissance.<\/li>\n<\/ul>\n\n\n\n<p>Les d\u00e9clarations faites jusqu\u2019\u00e0 pr\u00e9sent, ainsi que le m\u00e9morandum du 13 f\u00e9vrier \u00ab&#160;Fair and Reciprocal Plan&#160;\u00bb&nbsp;<span class='whitespace-nowrap'><span id='easy-footnote-1-268606' class='easy-footnote-margin-adjust'><\/span><span class='easy-footnote'><a href='https:\/\/legrandcontinent.eu\/fr\/2025\/03\/22\/guerre-commerciale-cartographier-les-tarifs-reciproques-de-donald-trump\/#easy-footnote-bottom-1-268606' title='&lt;a href=&quot;https:\/\/www.whitehouse.gov\/fact-sheets\/2025\/02\/fact-sheet-president-donald-j-trump-announces-fair-and-reciprocal-plan-on-trade\/&quot;&gt;Fact Sheet&amp;#160;: President Donald J. Trump Announces \u201cFair and Reciprocal Plan\u201d on Trade&lt;\/a&gt;, Maison-Blanche, 13 f\u00e9vrier 2025.'><sup>1<\/sup><\/a><\/span><\/span>, offrent un aper\u00e7u des pays les plus concern\u00e9s, qui devraient correspondre \u00e0 plusieurs crit\u00e8res&#160;:<\/p>\n\n\n\n<ul class=\"wp-block-list\">\n<li>Afficher un exc\u00e9dent commercial avec les \u00c9tats-Unis&#160;: l\u2019un des reproches les plus r\u00e9currents de Trump consiste \u00e0 dire que les pays qui exportent davantage vers les \u00c9tats-Unis qu\u2019ils n\u2019importent profitent de l\u2019\u00e9conomie am\u00e9ricaine.<\/li>\n<\/ul>\n\n\n\n<div class=\"iframe-container wp-block-image wp-block-image-medium  iframe-dw\">\n\t<div>\n\t\t<iframe class=\"absolute w-full h-full pin-t pin-l\" title=\"titolo\" aria-label=\"Interactive line chart\" src=\"\/\/datawrapper.dwcdn.net\/4WLji\" scrolling=\"no\" frameborder=\"0\"><\/iframe>\n\t<\/div>\n<\/div>\n\n\n\n<ul class=\"wp-block-list\">\n<li>Pr\u00e9senter des \u00e9carts tarifaires, m\u00eame s\u2019ils ne concernent que certains secteurs ou produits sp\u00e9cifiques&#160;: Trump cite souvent l\u2019exemple des droits de douane de 10&#160;% appliqu\u00e9s par l\u2019Union europ\u00e9enne sur les voitures import\u00e9es des \u00c9tats-Unis, contre seulement 2,5&#160;% c\u00f4t\u00e9 am\u00e9ricain.<\/li>\n\n\n\n<li>Pourtant, en moyenne, les niveaux de droits de douane entre les deux blocs sont relativement similaires. Pond\u00e9r\u00e9s par le volume des \u00e9changes, les droits appliqu\u00e9s par l\u2019Union sur les produits am\u00e9ricains s\u2019\u00e9l\u00e8vent \u00e0 4,2&#160;% pour les produits agricoles et \u00e0 0,9&#160;% pour les produits non agricoles.<\/li>\n\n\n\n<li>Du c\u00f4t\u00e9 am\u00e9ricain, ces taux sont respectivement de 2,5&#160;% et 1,5&#160;%.<\/li>\n<\/ul>\n\n\n\n<div class=\"iframe-container wp-block-image wp-block-image-medium  iframe-dw\">\n\t<div>\n\t\t<iframe class=\"absolute w-full h-full pin-t pin-l\" title=\"titolo\" aria-label=\"Interactive line chart\" src=\"\/\/datawrapper.dwcdn.net\/CXfGI\" scrolling=\"no\" frameborder=\"0\"><\/iframe>\n\t<\/div>\n<\/div>\n\n\n\n<ul class=\"wp-block-list\">\n<li>Mettre en place d\u2019autres politiques per\u00e7ues par la nouvelle administration comme des \u00ab&#160;pratiques commerciales d\u00e9loyales&#160;\u00bb&#160;: le m\u00e9morandum du 13 f\u00e9vrier identifie plusieurs mesures susceptibles de fausser le libre \u00e9change, telles que la manipulation des taux de change ou encore la TVA \u2014 pourtant en vigueur dans la majorit\u00e9 des pays, et qui n\u2019est g\u00e9n\u00e9ralement pas consid\u00e9r\u00e9e comme une barri\u00e8re commerciale.<\/li>\n\n\n\n<li>D\u2019autres politiques pourraient \u00e9galement \u00eatre vis\u00e9es, comme les taxes sur les services num\u00e9riques, les r\u00e9glementations sanitaires et de s\u00e9curit\u00e9 alimentaire, ou encore les r\u00e9gulations num\u00e9riques de l\u2019Union europ\u00e9enne telles que le <em>Digital Markets Act<\/em> et le <em>Digital Services Act<\/em>.<\/li>\n<\/ul>\n\n\n\n<div class=\"iframe-container wp-block-image wp-block-image-medium  iframe-dw\">\n\t<div>\n\t\t<iframe class=\"absolute w-full h-full pin-t pin-l\" title=\"titolo\" aria-label=\"Interactive line chart\" src=\"\/\/datawrapper.dwcdn.net\/SfPKn\" scrolling=\"no\" frameborder=\"0\"><\/iframe>\n\t<\/div>\n<\/div>\n\n\n\n<p>Au regard de ces crit\u00e8res, les \u00c9tats membres de l\u2019Union europ\u00e9enne figurent parmi les plus expos\u00e9s.<\/p>\n\n\n\n<ul class=\"wp-block-list\">\n<li>En 2024, l\u2019exc\u00e9dent commercial de l\u2019Union sur les biens avec les \u00c9tats-Unis a atteint 198 milliards d\u2019euros&nbsp;<span class='whitespace-nowrap'><span id='easy-footnote-2-268606' class='easy-footnote-margin-adjust'><\/span><span class='easy-footnote'><a href='https:\/\/legrandcontinent.eu\/fr\/2025\/03\/22\/guerre-commerciale-cartographier-les-tarifs-reciproques-de-donald-trump\/#easy-footnote-bottom-2-268606' title='&lt;a href=&quot;https:\/\/ec.europa.eu\/eurostat\/fr\/web\/products-eurostat-news\/w\/ddn-20250311-1#:~:text=In%202024%2C%20the%20EU%20exported,while%20imports%20declined%20by%204.0%25.&quot;&gt;Trade in goods with the United States in 2024&lt;\/a&gt;, Eurostat, 11 mars 2025.'><sup>2<\/sup><\/a><\/span><\/span>.<\/li>\n\n\n\n<li>\u00c0 elle seule, l\u2019Allemagne affiche un exc\u00e9dent de 69,9 milliards d\u2019euros avec les \u00c9tats-Unis&nbsp;<span class='whitespace-nowrap'><span id='easy-footnote-3-268606' class='easy-footnote-margin-adjust'><\/span><span class='easy-footnote'><a href='https:\/\/legrandcontinent.eu\/fr\/2025\/03\/22\/guerre-commerciale-cartographier-les-tarifs-reciproques-de-donald-trump\/#easy-footnote-bottom-3-268606' title='Helen Chandler-Wilde, \u00ab&amp;#160;&lt;a href=&quot;https:\/\/www.bloomberg.com\/news\/newsletters\/2025-02-07\/germany-posts-record-trade-surplus-with-us&quot;&gt;Germany Posts Record Trade Surplus With US&lt;\/a&gt;&amp;#160;\u00bb, &lt;em&gt;Bloomberg&lt;\/em&gt;, 7 f\u00e9vrier 2025.'><sup>3<\/sup><\/a><\/span><\/span>.<\/li>\n<\/ul>\n\n\n\n<div class=\"iframe-container wp-block-image wp-block-image-medium  iframe-dw\">\n\t<div>\n\t\t<iframe class=\"absolute w-full h-full pin-t pin-l\" title=\"titolo\" aria-label=\"Interactive line chart\" src=\"\/\/datawrapper.dwcdn.net\/XiPCr\" scrolling=\"no\" frameborder=\"0\"><\/iframe>\n\t<\/div>\n<\/div>\n\n\n\n<ul class=\"wp-block-list\">\n<li>Tous les \u00c9tats membres de l\u2019Union europ\u00e9enne appliquent une TVA, avec des taux variant de 17&#160;% au Luxembourg \u00e0 27&#160;% en Hongrie.<\/li>\n\n\n\n<li>Les \u00c9tats-Unis enregistrent leurs plus importants d\u00e9ficits commerciaux dans quelques secteurs clefs, dont les machines et \u00e9quipements \u00e9lectriques, les v\u00e9hicules ainsi que les produits pharmaceutiques.<\/li>\n\n\n\n<li>Pour les deux premiers secteurs, l\u2019Allemagne est le pays de l\u2019Union le plus expos\u00e9, tandis que pour les produits pharmaceutiques, ce sont le Danemark et l\u2019Irlande qui sont en premi\u00e8re ligne.<\/li>\n<\/ul>\n\n\n\n<p>Selon le secr\u00e9taire au Tr\u00e9sor Scott Bessent, le 2 avril \u00ab&#160;chaque pays recevra un chiffre qui, selon nous, repr\u00e9sente le niveau de ses tarifs douaniers. Pour certains, ce chiffre pourrait \u00eatre assez bas. Pour d\u2019autres, il pourrait \u00eatre tr\u00e8s \u00e9lev\u00e9. Nous allons aller les voir en leur disant&#160;: \u00e9coutez, voici o\u00f9 nous estimons se situer le niveau des droits de douane, des barri\u00e8res non tarifaires, de la manipulation mon\u00e9taire, des subventions d\u00e9loyales et de la compression des salaires. Si vous y mettez fin, nous n\u2019\u00e9rigerons pas de mur tarifaire&#160;\u00bb.<\/p>\n\n\n\n<ul class=\"wp-block-list\">\n<li>Il a ajout\u00e9&#160;: \u00ab&#160;certains tarifs pourraient ne pas \u00eatre appliqu\u00e9s parce qu\u2019un accord aura \u00e9t\u00e9 n\u00e9goci\u00e9 en amont, ou bien, une fois que les pays recevront leur chiffre de tarif r\u00e9ciproque, ils viendront imm\u00e9diatement vers nous pour tenter de le n\u00e9gocier \u00e0 la baisse&#160;\u00bb.<\/li>\n\n\n\n<li>Bessent a \u00e9galement soulign\u00e9 qu\u2019il y avait une cat\u00e9gorie \u00e0 part, sur laquelle l\u2019administration se concentre, les \u00ab&#160;dirty 15&#160;\u00bb, qui appliqueraient des tarifs substantiels&nbsp;<span class='whitespace-nowrap'><span id='easy-footnote-4-268606' class='easy-footnote-margin-adjust'><\/span><span class='easy-footnote'><a href='https:\/\/legrandcontinent.eu\/fr\/2025\/03\/22\/guerre-commerciale-cartographier-les-tarifs-reciproques-de-donald-trump\/#easy-footnote-bottom-4-268606' title='Andrea Shalal, David Lawder, \u00ab&amp;#160;&lt;a href=&quot;https:\/\/www.reuters.com\/world\/us\/countries-can-avoid-trumps-april-tariffs-by-cutting-trade-barriers-bessent-says-2025-03-18\/&quot;&gt;Trump still intends for reciprocal tariffs to kick in on April 2, White House says&lt;\/a&gt;&amp;#160;\u00bb, &lt;em&gt;Reuters&lt;\/em&gt;, 19 mars 2025.'><sup>4<\/sup><\/a><\/span><\/span> et qui ont d&rsquo;importants volumes d&rsquo;\u00e9changes avec les \u00c9tats-Unis.<\/li>\n\n\n\n<li>L\u2019Union europ\u00e9enne, en charge de la politique commerciale des 27, semble esp\u00e9rer pouvoir n\u00e9gocier un accord avec l\u2019administration r\u00e9publicaine. Elle a ainsi annonc\u00e9, le 20 mars, reporter jusqu\u2019\u00e0 la mi-avril l\u2019entr\u00e9e en vigueur des tarifs r\u00e9ciproques europ\u00e9ens initialement pr\u00e9vus pour le 1er avril en r\u00e9ponse aux droits de douane am\u00e9ricains de 25&#160;% sur l\u2019acier et l\u2019aluminium&nbsp;<span class='whitespace-nowrap'><span id='easy-footnote-5-268606' class='easy-footnote-margin-adjust'><\/span><span class='easy-footnote'><a href='https:\/\/legrandcontinent.eu\/fr\/2025\/03\/22\/guerre-commerciale-cartographier-les-tarifs-reciproques-de-donald-trump\/#easy-footnote-bottom-5-268606' title='Philip Blenkinsop, \u00ab&amp;#160;&lt;a href=&quot;https:\/\/www.reuters.com\/markets\/europe\/eu-may-delay-first-set-counter-tariffs-against-us-mid-april-2025-03-20\/&quot;&gt;EU delays first tariffs against U.S. to mid-April&lt;\/a&gt;&amp;#160;\u00bb, &lt;em&gt;Reuters&lt;\/em&gt;, 20 mars 2025.'><sup>5<\/sup><\/a><\/span><\/span>.<\/li>\n\n\n\n<li>Mais si l\u2019administration r\u00e9publicaine int\u00e8gre la TVA dans ses calculs, la marge de n\u00e9gociation pourrait se r\u00e9duire consid\u00e9rablement. Pour les pays europ\u00e9ens, la TVA rel\u00e8ve de la politique fiscale et est largement consid\u00e9r\u00e9e comme neutre sur le plan commercial.<\/li>\n<\/ul>\n\n\n\n<p>Si les \u00c9tats-Unis n\u2019appliquent pas de taxe sur la consommation au niveau f\u00e9d\u00e9ral, chaque \u00c9tat applique une taxe sur les ventes (\u00ab&#160;sales tax&#160;\u00bb), pr\u00e9lev\u00e9e uniquement au moment de l\u2019achat final, sur le prix total. Il s\u2019agit l\u00e0 de la principale diff\u00e9rence avec la TVA qui est quant \u00e0 elle pr\u00e9lev\u00e9e \u00e0 chaque \u00e9tape de la production, sur la valeur ajout\u00e9e&nbsp;<span class='whitespace-nowrap'><span id='easy-footnote-6-268606' class='easy-footnote-margin-adjust'><\/span><span class='easy-footnote'><a href='https:\/\/legrandcontinent.eu\/fr\/2025\/03\/22\/guerre-commerciale-cartographier-les-tarifs-reciproques-de-donald-trump\/#easy-footnote-bottom-6-268606' title='Sean Bray, Jared Walczak et Erica York, &lt;a href=&quot;https:\/\/taxfoundation.org\/blog\/trump-reciprocal-tariffs-eu-vat-discriminatory\/&quot;&gt;The European VAT is Not a Discriminatory Tax Against US Exports&lt;\/a&gt;, Tax Foundation, 12 f\u00e9vrier 2025.'><sup>6<\/sup><\/a><\/span><\/span>.<\/p>\n","protected":false},"excerpt":{"rendered":"<p>Donald Trump a surnomm\u00e9 le 2 avril le \u00ab&#160;&#160;Liberation Day&#160;&#160;\u00bb, le Jour de la Lib\u00e9ration \u2014 date annonc\u00e9e pour l\u2019entr\u00e9e en vigueur des tarifs douaniers r\u00e9ciproques am\u00e9ricains. Pour la Maison-Blanche, ces mesures devraient marquer un tournant dans la politique commerciale de la nouvelle administration.<\/p>\n","protected":false},"author":2622,"featured_media":268610,"comment_status":"closed","ping_status":"closed","sticky":false,"template":"templates\/post-briefings.php","format":"standard","meta":{"_acf_changed":false,"_trash_the_other_posts":false,"_yoast_wpseo_estimated-reading-time-minutes":6,"footnotes":""},"categories":[1727],"tags":[],"staff":[],"editorial_format":[],"serie":[],"audience":[],"geo":[525],"class_list":["post-268606","post","type-post","status-publish","format-standard","hentry","category-economie","geo-ameriques"],"acf":{"open_in_webview":false,"accent":false},"yoast_head":"<!-- This site is optimized with the Yoast SEO plugin v26.1.1 - https:\/\/yoast.com\/wordpress\/plugins\/seo\/ -->\n<title>Guerre commerciale : cartographier les tarifs r\u00e9ciproques de Donald Trump | Le Grand Continent<\/title>\n<meta name=\"robots\" content=\"index, follow, max-snippet:-1, max-image-preview:large, max-video-preview:-1\" \/>\n<link rel=\"canonical\" href=\"https:\/\/legrandcontinent.eu\/fr\/2025\/03\/22\/guerre-commerciale-cartographier-les-tarifs-reciproques-de-donald-trump\/\" \/>\n<meta property=\"og:locale\" content=\"fr_FR\" \/>\n<meta property=\"og:type\" content=\"article\" \/>\n<meta property=\"og:title\" content=\"Guerre commerciale : cartographier les tarifs r\u00e9ciproques de Donald Trump | Le Grand Continent\" \/>\n<meta property=\"og:description\" content=\"Donald Trump a surnomm\u00e9 le 2 avril le \u00ab&#160;Liberation Day&#160;\u00bb, le Jour de la Lib\u00e9ration \u2014 date annonc\u00e9e pour l\u2019entr\u00e9e en vigueur des tarifs douaniers r\u00e9ciproques am\u00e9ricains. Pour la Maison-Blanche, ces mesures devraient marquer un tournant dans la politique commerciale de la nouvelle administration.\" \/>\n<meta property=\"og:url\" content=\"https:\/\/legrandcontinent.eu\/fr\/2025\/03\/22\/guerre-commerciale-cartographier-les-tarifs-reciproques-de-donald-trump\/\" \/>\n<meta property=\"og:site_name\" content=\"Le Grand Continent\" \/>\n<meta property=\"article:published_time\" content=\"2025-03-22T13:48:44+00:00\" \/>\n<meta property=\"article:modified_time\" content=\"2025-03-22T13:48:46+00:00\" \/>\n<meta property=\"og:image\" content=\"https:\/\/legrandcontinent.eu\/fr\/wp-content\/uploads\/sites\/2\/2025\/03\/gc-share-cartographie-tarifs-reciproques-trump.jpg\" \/>\n\t<meta property=\"og:image:width\" content=\"1900\" \/>\n\t<meta property=\"og:image:height\" content=\"1064\" \/>\n\t<meta property=\"og:image:type\" content=\"image\/jpeg\" \/>\n<meta name=\"author\" content=\"Marin Saillofest\" \/>\n<meta name=\"twitter:card\" content=\"summary_large_image\" \/>\n<meta name=\"twitter:image\" content=\"https:\/\/legrandcontinent.eu\/fr\/wp-content\/uploads\/sites\/2\/2025\/03\/gc-share-cartographie-tarifs-reciproques-trump.jpg\" \/>\n<meta name=\"twitter:label1\" content=\"\u00c9crit par\" \/>\n\t<meta name=\"twitter:data1\" content=\"Marin Saillofest\" \/>\n\t<meta name=\"twitter:label2\" content=\"Dur\u00e9e de lecture estim\u00e9e\" \/>\n\t<meta name=\"twitter:data2\" content=\"6 minutes\" \/>\n<script type=\"application\/ld+json\" class=\"yoast-schema-graph\">{\"@context\":\"https:\/\/schema.org\",\"@graph\":[{\"@type\":\"WebPage\",\"@id\":\"https:\/\/legrandcontinent.eu\/fr\/2025\/03\/22\/guerre-commerciale-cartographier-les-tarifs-reciproques-de-donald-trump\/\",\"url\":\"https:\/\/legrandcontinent.eu\/fr\/2025\/03\/22\/guerre-commerciale-cartographier-les-tarifs-reciproques-de-donald-trump\/\",\"name\":\"Guerre commerciale : cartographier les tarifs r\u00e9ciproques de Donald Trump | Le Grand Continent\",\"isPartOf\":{\"@id\":\"https:\/\/legrandcontinent.eu\/fr\/#website\"},\"primaryImageOfPage\":{\"@id\":\"https:\/\/legrandcontinent.eu\/fr\/2025\/03\/22\/guerre-commerciale-cartographier-les-tarifs-reciproques-de-donald-trump\/#primaryimage\"},\"image\":{\"@id\":\"https:\/\/legrandcontinent.eu\/fr\/2025\/03\/22\/guerre-commerciale-cartographier-les-tarifs-reciproques-de-donald-trump\/#primaryimage\"},\"thumbnailUrl\":\"https:\/\/legrandcontinent.eu\/fr\/wp-content\/uploads\/sites\/2\/2025\/03\/gc-cartographie-tarifs-reciproques-trump.jpg\",\"datePublished\":\"2025-03-22T13:48:44+00:00\",\"dateModified\":\"2025-03-22T13:48:46+00:00\",\"author\":{\"@id\":\"https:\/\/legrandcontinent.eu\/fr\/#\/schema\/person\/e4f85f52220fc7b4cc3cfdb86d88e833\"},\"breadcrumb\":{\"@id\":\"https:\/\/legrandcontinent.eu\/fr\/2025\/03\/22\/guerre-commerciale-cartographier-les-tarifs-reciproques-de-donald-trump\/#breadcrumb\"},\"inLanguage\":\"fr-FR\",\"potentialAction\":[{\"@type\":\"ReadAction\",\"target\":[\"https:\/\/legrandcontinent.eu\/fr\/2025\/03\/22\/guerre-commerciale-cartographier-les-tarifs-reciproques-de-donald-trump\/\"]}]},{\"@type\":\"ImageObject\",\"inLanguage\":\"fr-FR\",\"@id\":\"https:\/\/legrandcontinent.eu\/fr\/2025\/03\/22\/guerre-commerciale-cartographier-les-tarifs-reciproques-de-donald-trump\/#primaryimage\",\"url\":\"https:\/\/legrandcontinent.eu\/fr\/wp-content\/uploads\/sites\/2\/2025\/03\/gc-cartographie-tarifs-reciproques-trump.jpg\",\"contentUrl\":\"https:\/\/legrandcontinent.eu\/fr\/wp-content\/uploads\/sites\/2\/2025\/03\/gc-cartographie-tarifs-reciproques-trump.jpg\",\"width\":1894,\"height\":1062,\"caption\":\"Screenshot\"},{\"@type\":\"BreadcrumbList\",\"@id\":\"https:\/\/legrandcontinent.eu\/fr\/2025\/03\/22\/guerre-commerciale-cartographier-les-tarifs-reciproques-de-donald-trump\/#breadcrumb\",\"itemListElement\":[{\"@type\":\"ListItem\",\"position\":1,\"name\":\"Accueil\",\"item\":\"https:\/\/legrandcontinent.eu\/fr\/\"},{\"@type\":\"ListItem\",\"position\":2,\"name\":\"Guerre commerciale&#160;: cartographier les tarifs r\u00e9ciproques de Donald Trump\"}]},{\"@type\":\"WebSite\",\"@id\":\"https:\/\/legrandcontinent.eu\/fr\/#website\",\"url\":\"https:\/\/legrandcontinent.eu\/fr\/\",\"name\":\"Le Grand Continent\",\"description\":\"L&#039;\u00e9chelle pertinente\",\"potentialAction\":[{\"@type\":\"SearchAction\",\"target\":{\"@type\":\"EntryPoint\",\"urlTemplate\":\"https:\/\/legrandcontinent.eu\/fr\/?s={search_term_string}\"},\"query-input\":{\"@type\":\"PropertyValueSpecification\",\"valueRequired\":true,\"valueName\":\"search_term_string\"}}],\"inLanguage\":\"fr-FR\"},{\"@type\":\"Person\",\"@id\":\"https:\/\/legrandcontinent.eu\/fr\/#\/schema\/person\/e4f85f52220fc7b4cc3cfdb86d88e833\",\"name\":\"Marin Saillofest\",\"image\":{\"@type\":\"ImageObject\",\"inLanguage\":\"fr-FR\",\"@id\":\"https:\/\/legrandcontinent.eu\/fr\/#\/schema\/person\/image\/\",\"url\":\"https:\/\/secure.gravatar.com\/avatar\/87088698b4d967390c49ae6d4f1aa459?s=96&d=mm&r=g\",\"contentUrl\":\"https:\/\/secure.gravatar.com\/avatar\/87088698b4d967390c49ae6d4f1aa459?s=96&d=mm&r=g\",\"caption\":\"Marin Saillofest\"}}]}<\/script>\n<!-- \/ Yoast SEO plugin. -->","yoast_head_json":{"title":"Guerre commerciale : cartographier les tarifs r\u00e9ciproques de Donald Trump | Le Grand Continent","robots":{"index":"index","follow":"follow","max-snippet":"max-snippet:-1","max-image-preview":"max-image-preview:large","max-video-preview":"max-video-preview:-1"},"canonical":"https:\/\/legrandcontinent.eu\/fr\/2025\/03\/22\/guerre-commerciale-cartographier-les-tarifs-reciproques-de-donald-trump\/","og_locale":"fr_FR","og_type":"article","og_title":"Guerre commerciale : cartographier les tarifs r\u00e9ciproques de Donald Trump | Le Grand Continent","og_description":"Donald Trump a surnomm\u00e9 le 2 avril le \u00ab&#160;Liberation Day&#160;\u00bb, le Jour de la Lib\u00e9ration \u2014 date annonc\u00e9e pour l\u2019entr\u00e9e en vigueur des tarifs douaniers r\u00e9ciproques am\u00e9ricains. Pour la Maison-Blanche, ces mesures devraient marquer un tournant dans la politique commerciale de la nouvelle administration.","og_url":"https:\/\/legrandcontinent.eu\/fr\/2025\/03\/22\/guerre-commerciale-cartographier-les-tarifs-reciproques-de-donald-trump\/","og_site_name":"Le Grand Continent","article_published_time":"2025-03-22T13:48:44+00:00","article_modified_time":"2025-03-22T13:48:46+00:00","og_image":[{"width":1900,"height":1064,"url":"https:\/\/legrandcontinent.eu\/fr\/wp-content\/uploads\/sites\/2\/2025\/03\/gc-share-cartographie-tarifs-reciproques-trump.jpg","type":"image\/jpeg"}],"author":"Marin Saillofest","twitter_card":"summary_large_image","twitter_image":"https:\/\/legrandcontinent.eu\/fr\/wp-content\/uploads\/sites\/2\/2025\/03\/gc-share-cartographie-tarifs-reciproques-trump.jpg","twitter_misc":{"\u00c9crit par":"Marin Saillofest","Dur\u00e9e de lecture estim\u00e9e":"6 minutes"},"schema":{"@context":"https:\/\/schema.org","@graph":[{"@type":"WebPage","@id":"https:\/\/legrandcontinent.eu\/fr\/2025\/03\/22\/guerre-commerciale-cartographier-les-tarifs-reciproques-de-donald-trump\/","url":"https:\/\/legrandcontinent.eu\/fr\/2025\/03\/22\/guerre-commerciale-cartographier-les-tarifs-reciproques-de-donald-trump\/","name":"Guerre commerciale : cartographier les tarifs r\u00e9ciproques de Donald Trump | Le Grand Continent","isPartOf":{"@id":"https:\/\/legrandcontinent.eu\/fr\/#website"},"primaryImageOfPage":{"@id":"https:\/\/legrandcontinent.eu\/fr\/2025\/03\/22\/guerre-commerciale-cartographier-les-tarifs-reciproques-de-donald-trump\/#primaryimage"},"image":{"@id":"https:\/\/legrandcontinent.eu\/fr\/2025\/03\/22\/guerre-commerciale-cartographier-les-tarifs-reciproques-de-donald-trump\/#primaryimage"},"thumbnailUrl":"https:\/\/legrandcontinent.eu\/fr\/wp-content\/uploads\/sites\/2\/2025\/03\/gc-cartographie-tarifs-reciproques-trump.jpg","datePublished":"2025-03-22T13:48:44+00:00","dateModified":"2025-03-22T13:48:46+00:00","author":{"@id":"https:\/\/legrandcontinent.eu\/fr\/#\/schema\/person\/e4f85f52220fc7b4cc3cfdb86d88e833"},"breadcrumb":{"@id":"https:\/\/legrandcontinent.eu\/fr\/2025\/03\/22\/guerre-commerciale-cartographier-les-tarifs-reciproques-de-donald-trump\/#breadcrumb"},"inLanguage":"fr-FR","potentialAction":[{"@type":"ReadAction","target":["https:\/\/legrandcontinent.eu\/fr\/2025\/03\/22\/guerre-commerciale-cartographier-les-tarifs-reciproques-de-donald-trump\/"]}]},{"@type":"ImageObject","inLanguage":"fr-FR","@id":"https:\/\/legrandcontinent.eu\/fr\/2025\/03\/22\/guerre-commerciale-cartographier-les-tarifs-reciproques-de-donald-trump\/#primaryimage","url":"https:\/\/legrandcontinent.eu\/fr\/wp-content\/uploads\/sites\/2\/2025\/03\/gc-cartographie-tarifs-reciproques-trump.jpg","contentUrl":"https:\/\/legrandcontinent.eu\/fr\/wp-content\/uploads\/sites\/2\/2025\/03\/gc-cartographie-tarifs-reciproques-trump.jpg","width":1894,"height":1062,"caption":"Screenshot"},{"@type":"BreadcrumbList","@id":"https:\/\/legrandcontinent.eu\/fr\/2025\/03\/22\/guerre-commerciale-cartographier-les-tarifs-reciproques-de-donald-trump\/#breadcrumb","itemListElement":[{"@type":"ListItem","position":1,"name":"Accueil","item":"https:\/\/legrandcontinent.eu\/fr\/"},{"@type":"ListItem","position":2,"name":"Guerre commerciale&#160;: cartographier les tarifs r\u00e9ciproques de Donald Trump"}]},{"@type":"WebSite","@id":"https:\/\/legrandcontinent.eu\/fr\/#website","url":"https:\/\/legrandcontinent.eu\/fr\/","name":"Le Grand Continent","description":"L&#039;\u00e9chelle pertinente","potentialAction":[{"@type":"SearchAction","target":{"@type":"EntryPoint","urlTemplate":"https:\/\/legrandcontinent.eu\/fr\/?s={search_term_string}"},"query-input":{"@type":"PropertyValueSpecification","valueRequired":true,"valueName":"search_term_string"}}],"inLanguage":"fr-FR"},{"@type":"Person","@id":"https:\/\/legrandcontinent.eu\/fr\/#\/schema\/person\/e4f85f52220fc7b4cc3cfdb86d88e833","name":"Marin Saillofest","image":{"@type":"ImageObject","inLanguage":"fr-FR","@id":"https:\/\/legrandcontinent.eu\/fr\/#\/schema\/person\/image\/","url":"https:\/\/secure.gravatar.com\/avatar\/87088698b4d967390c49ae6d4f1aa459?s=96&d=mm&r=g","contentUrl":"https:\/\/secure.gravatar.com\/avatar\/87088698b4d967390c49ae6d4f1aa459?s=96&d=mm&r=g","caption":"Marin Saillofest"}}]}},"lgc_categories":[{"id":1727,"name":"\u00c9conomie","slug":"economie"}],"lgc_author":null,"feature_image_summary":{"url":"https:\/\/legrandcontinent.eu\/fr\/wp-content\/uploads\/sites\/2\/2025\/03\/gc-cartographie-tarifs-reciproques-trump.jpg","width":1894,"height":1062,"alt":""},"feature_image_cover":null,"term_position_data":null,"_links":{"self":[{"href":"https:\/\/legrandcontinent.eu\/fr\/wp-json\/wp\/v2\/posts\/268606","targetHints":{"allow":["GET"]}}],"collection":[{"href":"https:\/\/legrandcontinent.eu\/fr\/wp-json\/wp\/v2\/posts"}],"about":[{"href":"https:\/\/legrandcontinent.eu\/fr\/wp-json\/wp\/v2\/types\/post"}],"author":[{"embeddable":true,"href":"https:\/\/legrandcontinent.eu\/fr\/wp-json\/wp\/v2\/users\/2622"}],"replies":[{"embeddable":true,"href":"https:\/\/legrandcontinent.eu\/fr\/wp-json\/wp\/v2\/comments?post=268606"}],"version-history":[{"count":0,"href":"https:\/\/legrandcontinent.eu\/fr\/wp-json\/wp\/v2\/posts\/268606\/revisions"}],"wp:featuredmedia":[{"embeddable":true,"href":"https:\/\/legrandcontinent.eu\/fr\/wp-json\/wp\/v2\/media\/268610"}],"wp:attachment":[{"href":"https:\/\/legrandcontinent.eu\/fr\/wp-json\/wp\/v2\/media?parent=268606"}],"wp:term":[{"taxonomy":"category","embeddable":true,"href":"https:\/\/legrandcontinent.eu\/fr\/wp-json\/wp\/v2\/categories?post=268606"},{"taxonomy":"post_tag","embeddable":true,"href":"https:\/\/legrandcontinent.eu\/fr\/wp-json\/wp\/v2\/tags?post=268606"},{"taxonomy":"staff","embeddable":true,"href":"https:\/\/legrandcontinent.eu\/fr\/wp-json\/wp\/v2\/staff?post=268606"},{"taxonomy":"editorial_format","embeddable":true,"href":"https:\/\/legrandcontinent.eu\/fr\/wp-json\/wp\/v2\/editorial_format?post=268606"},{"taxonomy":"serie","embeddable":true,"href":"https:\/\/legrandcontinent.eu\/fr\/wp-json\/wp\/v2\/serie?post=268606"},{"taxonomy":"audience","embeddable":true,"href":"https:\/\/legrandcontinent.eu\/fr\/wp-json\/wp\/v2\/audience?post=268606"},{"taxonomy":"geo","embeddable":true,"href":"https:\/\/legrandcontinent.eu\/fr\/wp-json\/wp\/v2\/geo?post=268606"}],"curies":[{"name":"wp","href":"https:\/\/api.w.org\/{rel}","templated":true}]}}