{"id":267451,"date":"2025-03-12T19:30:00","date_gmt":"2025-03-12T18:30:00","guid":{"rendered":"https:\/\/legrandcontinent.eu\/fr\/?p=267451"},"modified":"2025-03-12T18:56:55","modified_gmt":"2025-03-12T17:56:55","slug":"comment-deux-instituts-hongrois-et-polonais-veulent-demanteler-lunion-europeenne-de-linterieur-avec-laide-de-la-heritage-foundation","status":"publish","type":"post","link":"https:\/\/legrandcontinent.eu\/fr\/2025\/03\/12\/comment-deux-instituts-hongrois-et-polonais-veulent-demanteler-lunion-europeenne-de-linterieur-avec-laide-de-la-heritage-foundation\/","title":{"rendered":"Comment deux instituts hongrois et polonais veulent d\u00e9manteler l\u2019Union europ\u00e9enne de l\u2019int\u00e9rieur avec l\u2019aide de la Heritage Foundation"},"content":{"rendered":"\n<p>Depuis 2024, la Heritage Foundation, le principal laboratoire d\u2019id\u00e9es <a href=\"https:\/\/legrandcontinent.eu\/fr\/2025\/02\/18\/trump-a-mis-en-oeuvre-un-tiers-des-mesures-du-projet-2025-allant-parfois-plus-loin-que-les-recommandations-de-la-heritage-foundation\/\">ayant contribu\u00e9 \u00e0 l\u2019\u00e9laboration du programme de Donald Trump<\/a> au cours de la campagne, a multipli\u00e9 les contacts avec des think-tanks et divers groupes europ\u00e9ens souverainistes. En septembre, le conseiller du pr\u00e9sident de la Heritage Kevin Roberts, James Carafano, a particip\u00e9 \u00e0 une conf\u00e9rence co-organis\u00e9e \u00e0 Varsovie avec le lobby conservateur Ordo Iuris Institute for Legal Culture, au cours de laquelle \u00ab&#160;la n\u00e9cessit\u00e9 d&rsquo;un projet de r\u00e9forme de l&rsquo;Union a \u00e9t\u00e9 soulign\u00e9e&#160;\u00bb&nbsp;<span class='whitespace-nowrap'><span id='easy-footnote-1-267451' class='easy-footnote-margin-adjust'><\/span><span class='easy-footnote'><a href='https:\/\/legrandcontinent.eu\/fr\/2025\/03\/12\/comment-deux-instituts-hongrois-et-polonais-veulent-demanteler-lunion-europeenne-de-linterieur-avec-laide-de-la-heritage-foundation\/#easy-footnote-bottom-1-267451' title='&lt;a href=&quot;https:\/\/x.com\/OrdoIuris_Int\/status\/1899359895951950286&quot;&gt;Publication d\u2019Ordo Iuris International sur X&lt;\/a&gt;, 11 mars 2025.'><sup>1<\/sup><\/a><\/span><\/span>.<\/p>\n\n\n\n<ul class=\"wp-block-list\">\n<li>La conf\u00e9rence visait \u00e0 discuter d\u2019id\u00e9es \u00ab&#160;alternatives&#160;\u00bb \u00e0 la r\u00e9solution vot\u00e9e par le Parlement europ\u00e9en sur les projets tendant \u00e0 la r\u00e9vision des trait\u00e9s de l\u2019Union. Dans un pr\u00e9c\u00e9dent rapport publi\u00e9 plus t\u00f4t dans l\u2019ann\u00e9e, l\u2019Ordo Iuris d\u00e9non\u00e7ait \u00ab&#160;l\u2019abandon de la souverainet\u00e9 nationale&#160;\u00bb des \u00c9tats membres qu\u2019impliquerait cet effort&nbsp;<span class='whitespace-nowrap'><span id='easy-footnote-2-267451' class='easy-footnote-margin-adjust'><\/span><span class='easy-footnote'><a href='https:\/\/legrandcontinent.eu\/fr\/2025\/03\/12\/comment-deux-instituts-hongrois-et-polonais-veulent-demanteler-lunion-europeenne-de-linterieur-avec-laide-de-la-heritage-foundation\/#easy-footnote-bottom-2-267451' title='&lt;a href=&quot;https:\/\/en.ordoiuris.pl\/sites\/default\/files\/inline-files\/Why_do_we_need_sovereignty_report_4.pdf&quot;&gt;Why Do We Need Sovereignty&amp;#160;? Ten areas of the proposed surrender of national sovereignty in light of the European Parliament\u2019s resolution on proposals for the amending of the Treaties&lt;\/a&gt;, Ordo Iuris Institute for Legal Culture, 2024.'><sup>2<\/sup><\/a><\/span><\/span>.<\/li>\n\n\n\n<li>Le lobby souverainiste polonais s\u2019est associ\u00e9 au Mathias Corvinus Collegium (MCC), une institution d\u2019enseignement priv\u00e9e financ\u00e9e par l\u2019\u00c9tat hongrois et \u00e9troitement li\u00e9e au gouvernement Orb\u00e1n, pour \u00e9laborer un rapport pr\u00e9sentant un contre-projet de r\u00e9forme de l\u2019Union europ\u00e9enne qui vise \u00e0 \u00ab&#160;restaurer la d\u00e9mocratie et la souverainet\u00e9 nationale au centre de la coop\u00e9ration de l&rsquo;Union et \u00e0 rendre \u00e0 l&rsquo;Europe sa grandeur&#160;\u00bb.<\/li>\n\n\n\n<li>C\u2019est ce rapport qui a \u00e9t\u00e9 pr\u00e9sent\u00e9 hier, mardi 11 mars, \u00e0 huis-clos \u00e0 la Heritage Foundation, \u00e0 Washington. Des membres de plusieurs think-tanks europ\u00e9ens et am\u00e9ricains d\u2019extr\u00eame-droite ont pris part \u00e0 la r\u00e9union.<\/li>\n<\/ul>\n\n\n\n<div class=\"iframe-container wp-block-image wp-block-image-medium  iframe-dw\">\n\t<div>\n\t\t<iframe class=\"absolute w-full h-full pin-t pin-l\" title=\"titolo\" aria-label=\"Interactive line chart\" src=\"\/\/datawrapper.dwcdn.net\/GbaMZ\" scrolling=\"no\" frameborder=\"0\"><\/iframe>\n\t<\/div>\n<\/div>\n\n\n\n<p>Le rapport dresse, \u00e0 l\u2019image du <a href=\"https:\/\/legrandcontinent.eu\/fr\/2024\/03\/06\/trump-a-un-plan-10-points-sur-la-doctrine-du-deuxieme-mandat\/\">Projet 2025 \u2014 \u00e9labor\u00e9 par la Heritage Foundation<\/a> \u00e0 l\u2019attention de la future administration r\u00e9publicaine \u2014, une liste de recommandations allant de la suppression des symboles europ\u00e9ens (drapeau, devise, monnaie, hymne) \u00e0 la transformation de la Commission en une structure strictement technique. Afin de lutter contre \u00ab&#160;l\u2019activisme juridique&#160;\u00bb, les deux think-tanks recommandent la suppression de la Cour de justice de l\u2019Union, la r\u00e9duction du poids l\u00e9gislatif du Parlement europ\u00e9en ou encore de renommer l\u2019Union europ\u00e9enne \u00ab&#160;Communaut\u00e9 europ\u00e9enne des nations (ECN)&#160;\u00bb.<\/p>\n\n\n\n<p>La ligne directrice du rapport est la restauration de la souverainet\u00e9 des \u00c9tats ainsi que le maintien et l\u2019affirmation des \u00ab&#160;identit\u00e9s culturelles et historiques&#160;\u00bb des membres de l\u2019Union.<\/p>\n\n\n\n<ul class=\"wp-block-list\">\n<li>L\u2019influence des priorit\u00e9s mises en avant par la Heritage Foundation, <a href=\"https:\/\/legrandcontinent.eu\/fr\/2025\/01\/21\/trump-met-le-projet-2025-en-action-les-26-premiers-decrets-du-president-des-etats-unis\/\">d\u00e9j\u00e0 en partie mises en place par l\u2019administration Trump<\/a>, appara\u00eet tout au long du rapport&#160;: la lutte contre la \u00ab&#160;bureaucratisation excessive&#160;\u00bb, la suppos\u00e9e \u00ab&#160;dilution&#160;\u00bb des identit\u00e9s, la d\u00e9nonciation de \u00ab&#160;concepts banals et n\u00e9buleux comme la diversit\u00e9, le respect de la libert\u00e9, des droits et de la dignit\u00e9, l&rsquo;\u00c9tat de droit, l&rsquo;\u00e9galit\u00e9, le pluralisme politique, la s\u00e9paration des pouvoirs, la d\u00e9mocratie, la protection des minorit\u00e9s et le respect de la soci\u00e9t\u00e9 civile&#160;\u00bb.<\/li>\n\n\n\n<li>Les auteurs du rapport reprennent \u00e9galement plusieurs \u00e9l\u00e9ments largement mobilis\u00e9s par Elon Musk et J.D. Vance, au cours de <a href=\"https:\/\/legrandcontinent.eu\/fr\/2025\/02\/14\/changement-de-regime-le-discours-integral-de-j-d-vance-a-munich\/\">son discours de Munich<\/a>, comme le \u00ab&#160;syst\u00e8me complet de surveillance et de censure des m\u00e9dias ainsi que des plateformes de r\u00e9seaux sociaux mondiaux&#160;\u00bb suppos\u00e9ment mis en place par la Commission europ\u00e9enne.<\/li>\n\n\n\n<li>Le propri\u00e9taire du r\u00e9seau social X s\u2019en est pris \u00e0 plusieurs reprises \u00e0 la Commission et au Digital Services Act par l&rsquo;interm\u00e9diaire de l\u2019ex-commissaire europ\u00e9en au March\u00e9 int\u00e9rieur, Thierry Breton, l\u2019un des architectes clefs du DSA. D\u2019une mani\u00e8re plus g\u00e9n\u00e9rale, <a href=\"https:\/\/legrandcontinent.eu\/fr\/2025\/02\/03\/techno-droite-et-securite-imperiale-aux-racines-du-lebensraum-algorithmique-dans-lamerique-de-trump\/\">la techno-droite am\u00e9ricaine voit comme \u00ab&#160;une menace, une d\u00e9rive hostile&#160;\u00bb<\/a> les nouveaux outils d\u00e9velopp\u00e9s par l\u2019Union pour r\u00e9guler l\u2019espace num\u00e9rique europ\u00e9en.<\/li>\n<\/ul>\n\n\n\n<p>L\u2019Ordo Iuris et le Mathias Corvinus Collegium entretiennent \u00e9galement tous deux des liens avec le Kremlin&#160;: le lobby polonais par l\u2019interm\u00e9diaire de groupes comme Agenda Europe et le World Congress of Families (li\u00e9 \u00e0 l\u2019oligarque russe proche de Poutine Konstantin Malofe\u00efev), et l\u2019institution hongroise par le biais de l\u2019entreprise p\u00e9troli\u00e8re MOL, qui vend du p\u00e9trole russe&nbsp;<span class='whitespace-nowrap'><span id='easy-footnote-3-267451' class='easy-footnote-margin-adjust'><\/span><span class='easy-footnote'><a href='https:\/\/legrandcontinent.eu\/fr\/2025\/03\/12\/comment-deux-instituts-hongrois-et-polonais-veulent-demanteler-lunion-europeenne-de-linterieur-avec-laide-de-la-heritage-foundation\/#easy-footnote-bottom-3-267451' title='Szabolcs Panyi, \u00ab&amp;#160;&lt;a href=&quot;https:\/\/vsquare.org\/heritage-foundation-mcc-ordo-iuris-russia-european-union-european-court-of-justice\/&quot;&gt;Renaming the EU, Dismantling the Commission&amp;#160;: For What Polish and Hungarian Illiberals Seek U.S. Backing&lt;\/a&gt;&amp;#160;\u00bb, &lt;em&gt;VSquare&lt;\/em&gt;, 10 mars 2025.'><sup>3<\/sup><\/a><\/span><\/span>. En f\u00e9vrier, une enqu\u00eate du m\u00e9dia allemand <em>T-online <\/em>r\u00e9v\u00e9lait que la publication en ligne du MCC, <em>The European Conservative<\/em>,<em> <\/em>avait employ\u00e9 un journaliste de l\u2019organe de d\u00e9sinformation du Kremlin \u00ab&#160;Voice of Europe&#160;\u00bb, d\u00e9mantel\u00e9 en 2024&nbsp;<span class='whitespace-nowrap'><span id='easy-footnote-4-267451' class='easy-footnote-margin-adjust'><\/span><span class='easy-footnote'><a href='https:\/\/legrandcontinent.eu\/fr\/2025\/03\/12\/comment-deux-instituts-hongrois-et-polonais-veulent-demanteler-lunion-europeenne-de-linterieur-avec-laide-de-la-heritage-foundation\/#easy-footnote-bottom-4-267451' title='onas Mueller-T\u00f6we, \u00ab&amp;#160;&lt;a href=&quot;https:\/\/www.t-online.de\/nachrichten\/deutschland\/innenpolitik\/id_100566742\/russische-einflussoperation-voice-of-europe-spuren-fuehren-nach-ungarn.html&quot;&gt;Hand in Hand mit Russland&lt;\/a&gt;&amp;#160;\u00bb, &lt;em&gt;T-online&lt;\/em&gt;, 9 f\u00e9vrier 2025.'><sup>4<\/sup><\/a><\/span><\/span>.<\/p>\n","protected":false},"excerpt":{"rendered":"<p>Hier, mardi 11 mars, deux think-tank souverainistes et ultra-conservateurs hongrois et polonais, le Mathias Corvinus Collegium (MCC) et l\u2019Ordo Iuris Institute for Legal Culture, ont pr\u00e9sent\u00e9 \u00e0 la Heritage Foundation, le principal laboratoire trumpiste \u00e0 Washington, un rapport intitul\u00e9 \u00ab&#160;&#160;La Grande R\u00e9initialisation&#160;&#160;: R\u00e9tablir la souverainet\u00e9 des \u00c9tats membres au XXIe si\u00e8cle&#160;&#160;\u00bb. Ce document, \u00e0 l\u2019image du Projet 2025, dresse une feuille de route pour d\u00e9manteler l\u2019Union europ\u00e9enne de l\u2019int\u00e9rieur \u2014 exau\u00e7ant ainsi le souhait de Trump.<\/p>\n","protected":false},"author":2622,"featured_media":267463,"comment_status":"closed","ping_status":"closed","sticky":false,"template":"templates\/post-briefings.php","format":"standard","meta":{"_acf_changed":false,"_trash_the_other_posts":false,"_yoast_wpseo_estimated-reading-time-minutes":4,"footnotes":""},"categories":[1731],"tags":[],"staff":[],"editorial_format":[],"serie":[],"audience":[],"geo":[1917],"class_list":["post-267451","post","type-post","status-publish","format-standard","hentry","category-politique","geo-europe"],"acf":{"open_in_webview":false,"accent":false},"yoast_head":"<!-- This site is optimized with the Yoast SEO plugin v26.1.1 - https:\/\/yoast.com\/wordpress\/plugins\/seo\/ -->\n<title>Comment deux instituts hongrois et polonais veulent d\u00e9manteler l\u2019Union europ\u00e9enne de l\u2019int\u00e9rieur avec l\u2019aide de la Heritage Foundation | Le Grand Continent<\/title>\n<meta name=\"robots\" content=\"index, follow, max-snippet:-1, max-image-preview:large, max-video-preview:-1\" \/>\n<link rel=\"canonical\" href=\"https:\/\/legrandcontinent.eu\/fr\/2025\/03\/12\/comment-deux-instituts-hongrois-et-polonais-veulent-demanteler-lunion-europeenne-de-linterieur-avec-laide-de-la-heritage-foundation\/\" \/>\n<meta property=\"og:locale\" content=\"fr_FR\" \/>\n<meta property=\"og:type\" content=\"article\" \/>\n<meta property=\"og:title\" content=\"Comment deux instituts hongrois et polonais veulent d\u00e9manteler l\u2019Union europ\u00e9enne de l\u2019int\u00e9rieur avec l\u2019aide de la Heritage Foundation | Le Grand Continent\" \/>\n<meta property=\"og:description\" content=\"Hier, mardi 11 mars, deux think-tank souverainistes et ultra-conservateurs hongrois et polonais, le Mathias Corvinus Collegium (MCC) et l\u2019Ordo Iuris Institute for Legal Culture, ont pr\u00e9sent\u00e9 \u00e0 la Heritage Foundation, le principal laboratoire trumpiste \u00e0 Washington, un rapport intitul\u00e9 \u00ab&#160;La Grande R\u00e9initialisation&#160;: R\u00e9tablir la souverainet\u00e9 des \u00c9tats membres au XXIe si\u00e8cle&#160;\u00bb. Ce document, \u00e0 l\u2019image du Projet 2025, dresse une feuille de route pour d\u00e9manteler l\u2019Union europ\u00e9enne de l\u2019int\u00e9rieur \u2014 exau\u00e7ant ainsi le souhait de Trump.\" \/>\n<meta property=\"og:url\" content=\"https:\/\/legrandcontinent.eu\/fr\/2025\/03\/12\/comment-deux-instituts-hongrois-et-polonais-veulent-demanteler-lunion-europeenne-de-linterieur-avec-laide-de-la-heritage-foundation\/\" \/>\n<meta property=\"og:site_name\" content=\"Le Grand Continent\" \/>\n<meta property=\"article:published_time\" content=\"2025-03-12T18:30:00+00:00\" \/>\n<meta property=\"og:image\" content=\"https:\/\/legrandcontinent.eu\/fr\/wp-content\/uploads\/sites\/2\/2025\/03\/gc-share-heritage-ordo-iuris-mcc.jpg\" \/>\n\t<meta property=\"og:image:width\" content=\"1898\" \/>\n\t<meta property=\"og:image:height\" content=\"1068\" \/>\n\t<meta property=\"og:image:type\" content=\"image\/jpeg\" \/>\n<meta name=\"author\" content=\"Marin Saillofest\" \/>\n<meta name=\"twitter:card\" content=\"summary_large_image\" \/>\n<meta name=\"twitter:image\" content=\"https:\/\/legrandcontinent.eu\/fr\/wp-content\/uploads\/sites\/2\/2025\/03\/gc-share-heritage-ordo-iuris-mcc.jpg\" \/>\n<meta name=\"twitter:label1\" content=\"\u00c9crit par\" \/>\n\t<meta name=\"twitter:data1\" content=\"Marin Saillofest\" \/>\n\t<meta name=\"twitter:label2\" content=\"Dur\u00e9e de lecture estim\u00e9e\" \/>\n\t<meta name=\"twitter:data2\" content=\"4 minutes\" \/>\n<script type=\"application\/ld+json\" class=\"yoast-schema-graph\">{\"@context\":\"https:\/\/schema.org\",\"@graph\":[{\"@type\":\"WebPage\",\"@id\":\"https:\/\/legrandcontinent.eu\/fr\/2025\/03\/12\/comment-deux-instituts-hongrois-et-polonais-veulent-demanteler-lunion-europeenne-de-linterieur-avec-laide-de-la-heritage-foundation\/\",\"url\":\"https:\/\/legrandcontinent.eu\/fr\/2025\/03\/12\/comment-deux-instituts-hongrois-et-polonais-veulent-demanteler-lunion-europeenne-de-linterieur-avec-laide-de-la-heritage-foundation\/\",\"name\":\"Comment deux instituts hongrois et polonais veulent d\u00e9manteler l\u2019Union europ\u00e9enne de l\u2019int\u00e9rieur avec l\u2019aide de la Heritage Foundation | Le Grand Continent\",\"isPartOf\":{\"@id\":\"https:\/\/legrandcontinent.eu\/fr\/#website\"},\"primaryImageOfPage\":{\"@id\":\"https:\/\/legrandcontinent.eu\/fr\/2025\/03\/12\/comment-deux-instituts-hongrois-et-polonais-veulent-demanteler-lunion-europeenne-de-linterieur-avec-laide-de-la-heritage-foundation\/#primaryimage\"},\"image\":{\"@id\":\"https:\/\/legrandcontinent.eu\/fr\/2025\/03\/12\/comment-deux-instituts-hongrois-et-polonais-veulent-demanteler-lunion-europeenne-de-linterieur-avec-laide-de-la-heritage-foundation\/#primaryimage\"},\"thumbnailUrl\":\"https:\/\/legrandcontinent.eu\/fr\/wp-content\/uploads\/sites\/2\/2025\/03\/gc-heritage-ordo-iuris-mcc.jpg\",\"datePublished\":\"2025-03-12T18:30:00+00:00\",\"author\":{\"@id\":\"https:\/\/legrandcontinent.eu\/fr\/#\/schema\/person\/e4f85f52220fc7b4cc3cfdb86d88e833\"},\"breadcrumb\":{\"@id\":\"https:\/\/legrandcontinent.eu\/fr\/2025\/03\/12\/comment-deux-instituts-hongrois-et-polonais-veulent-demanteler-lunion-europeenne-de-linterieur-avec-laide-de-la-heritage-foundation\/#breadcrumb\"},\"inLanguage\":\"fr-FR\",\"potentialAction\":[{\"@type\":\"ReadAction\",\"target\":[\"https:\/\/legrandcontinent.eu\/fr\/2025\/03\/12\/comment-deux-instituts-hongrois-et-polonais-veulent-demanteler-lunion-europeenne-de-linterieur-avec-laide-de-la-heritage-foundation\/\"]}]},{\"@type\":\"ImageObject\",\"inLanguage\":\"fr-FR\",\"@id\":\"https:\/\/legrandcontinent.eu\/fr\/2025\/03\/12\/comment-deux-instituts-hongrois-et-polonais-veulent-demanteler-lunion-europeenne-de-linterieur-avec-laide-de-la-heritage-foundation\/#primaryimage\",\"url\":\"https:\/\/legrandcontinent.eu\/fr\/wp-content\/uploads\/sites\/2\/2025\/03\/gc-heritage-ordo-iuris-mcc.jpg\",\"contentUrl\":\"https:\/\/legrandcontinent.eu\/fr\/wp-content\/uploads\/sites\/2\/2025\/03\/gc-heritage-ordo-iuris-mcc.jpg\",\"width\":1900,\"height\":1064,\"caption\":\"Screenshot\"},{\"@type\":\"BreadcrumbList\",\"@id\":\"https:\/\/legrandcontinent.eu\/fr\/2025\/03\/12\/comment-deux-instituts-hongrois-et-polonais-veulent-demanteler-lunion-europeenne-de-linterieur-avec-laide-de-la-heritage-foundation\/#breadcrumb\",\"itemListElement\":[{\"@type\":\"ListItem\",\"position\":1,\"name\":\"Accueil\",\"item\":\"https:\/\/legrandcontinent.eu\/fr\/\"},{\"@type\":\"ListItem\",\"position\":2,\"name\":\"Comment deux instituts hongrois et polonais veulent d\u00e9manteler l\u2019Union europ\u00e9enne de l\u2019int\u00e9rieur avec l\u2019aide de la Heritage Foundation\"}]},{\"@type\":\"WebSite\",\"@id\":\"https:\/\/legrandcontinent.eu\/fr\/#website\",\"url\":\"https:\/\/legrandcontinent.eu\/fr\/\",\"name\":\"Le Grand Continent\",\"description\":\"L&#039;\u00e9chelle pertinente\",\"potentialAction\":[{\"@type\":\"SearchAction\",\"target\":{\"@type\":\"EntryPoint\",\"urlTemplate\":\"https:\/\/legrandcontinent.eu\/fr\/?s={search_term_string}\"},\"query-input\":{\"@type\":\"PropertyValueSpecification\",\"valueRequired\":true,\"valueName\":\"search_term_string\"}}],\"inLanguage\":\"fr-FR\"},{\"@type\":\"Person\",\"@id\":\"https:\/\/legrandcontinent.eu\/fr\/#\/schema\/person\/e4f85f52220fc7b4cc3cfdb86d88e833\",\"name\":\"Marin Saillofest\",\"image\":{\"@type\":\"ImageObject\",\"inLanguage\":\"fr-FR\",\"@id\":\"https:\/\/legrandcontinent.eu\/fr\/#\/schema\/person\/image\/\",\"url\":\"https:\/\/secure.gravatar.com\/avatar\/87088698b4d967390c49ae6d4f1aa459?s=96&d=mm&r=g\",\"contentUrl\":\"https:\/\/secure.gravatar.com\/avatar\/87088698b4d967390c49ae6d4f1aa459?s=96&d=mm&r=g\",\"caption\":\"Marin Saillofest\"}}]}<\/script>\n<!-- \/ Yoast SEO plugin. -->","yoast_head_json":{"title":"Comment deux instituts hongrois et polonais veulent d\u00e9manteler l\u2019Union europ\u00e9enne de l\u2019int\u00e9rieur avec l\u2019aide de la Heritage Foundation | Le Grand Continent","robots":{"index":"index","follow":"follow","max-snippet":"max-snippet:-1","max-image-preview":"max-image-preview:large","max-video-preview":"max-video-preview:-1"},"canonical":"https:\/\/legrandcontinent.eu\/fr\/2025\/03\/12\/comment-deux-instituts-hongrois-et-polonais-veulent-demanteler-lunion-europeenne-de-linterieur-avec-laide-de-la-heritage-foundation\/","og_locale":"fr_FR","og_type":"article","og_title":"Comment deux instituts hongrois et polonais veulent d\u00e9manteler l\u2019Union europ\u00e9enne de l\u2019int\u00e9rieur avec l\u2019aide de la Heritage Foundation | Le Grand Continent","og_description":"Hier, mardi 11 mars, deux think-tank souverainistes et ultra-conservateurs hongrois et polonais, le Mathias Corvinus Collegium (MCC) et l\u2019Ordo Iuris Institute for Legal Culture, ont pr\u00e9sent\u00e9 \u00e0 la Heritage Foundation, le principal laboratoire trumpiste \u00e0 Washington, un rapport intitul\u00e9 \u00ab&#160;La Grande R\u00e9initialisation&#160;: R\u00e9tablir la souverainet\u00e9 des \u00c9tats membres au XXIe si\u00e8cle&#160;\u00bb. Ce document, \u00e0 l\u2019image du Projet 2025, dresse une feuille de route pour d\u00e9manteler l\u2019Union europ\u00e9enne de l\u2019int\u00e9rieur \u2014 exau\u00e7ant ainsi le souhait de Trump.","og_url":"https:\/\/legrandcontinent.eu\/fr\/2025\/03\/12\/comment-deux-instituts-hongrois-et-polonais-veulent-demanteler-lunion-europeenne-de-linterieur-avec-laide-de-la-heritage-foundation\/","og_site_name":"Le Grand Continent","article_published_time":"2025-03-12T18:30:00+00:00","og_image":[{"width":1898,"height":1068,"url":"https:\/\/legrandcontinent.eu\/fr\/wp-content\/uploads\/sites\/2\/2025\/03\/gc-share-heritage-ordo-iuris-mcc.jpg","type":"image\/jpeg"}],"author":"Marin Saillofest","twitter_card":"summary_large_image","twitter_image":"https:\/\/legrandcontinent.eu\/fr\/wp-content\/uploads\/sites\/2\/2025\/03\/gc-share-heritage-ordo-iuris-mcc.jpg","twitter_misc":{"\u00c9crit par":"Marin Saillofest","Dur\u00e9e de lecture estim\u00e9e":"4 minutes"},"schema":{"@context":"https:\/\/schema.org","@graph":[{"@type":"WebPage","@id":"https:\/\/legrandcontinent.eu\/fr\/2025\/03\/12\/comment-deux-instituts-hongrois-et-polonais-veulent-demanteler-lunion-europeenne-de-linterieur-avec-laide-de-la-heritage-foundation\/","url":"https:\/\/legrandcontinent.eu\/fr\/2025\/03\/12\/comment-deux-instituts-hongrois-et-polonais-veulent-demanteler-lunion-europeenne-de-linterieur-avec-laide-de-la-heritage-foundation\/","name":"Comment deux instituts hongrois et polonais veulent d\u00e9manteler l\u2019Union europ\u00e9enne de l\u2019int\u00e9rieur avec l\u2019aide de la Heritage Foundation | Le Grand Continent","isPartOf":{"@id":"https:\/\/legrandcontinent.eu\/fr\/#website"},"primaryImageOfPage":{"@id":"https:\/\/legrandcontinent.eu\/fr\/2025\/03\/12\/comment-deux-instituts-hongrois-et-polonais-veulent-demanteler-lunion-europeenne-de-linterieur-avec-laide-de-la-heritage-foundation\/#primaryimage"},"image":{"@id":"https:\/\/legrandcontinent.eu\/fr\/2025\/03\/12\/comment-deux-instituts-hongrois-et-polonais-veulent-demanteler-lunion-europeenne-de-linterieur-avec-laide-de-la-heritage-foundation\/#primaryimage"},"thumbnailUrl":"https:\/\/legrandcontinent.eu\/fr\/wp-content\/uploads\/sites\/2\/2025\/03\/gc-heritage-ordo-iuris-mcc.jpg","datePublished":"2025-03-12T18:30:00+00:00","author":{"@id":"https:\/\/legrandcontinent.eu\/fr\/#\/schema\/person\/e4f85f52220fc7b4cc3cfdb86d88e833"},"breadcrumb":{"@id":"https:\/\/legrandcontinent.eu\/fr\/2025\/03\/12\/comment-deux-instituts-hongrois-et-polonais-veulent-demanteler-lunion-europeenne-de-linterieur-avec-laide-de-la-heritage-foundation\/#breadcrumb"},"inLanguage":"fr-FR","potentialAction":[{"@type":"ReadAction","target":["https:\/\/legrandcontinent.eu\/fr\/2025\/03\/12\/comment-deux-instituts-hongrois-et-polonais-veulent-demanteler-lunion-europeenne-de-linterieur-avec-laide-de-la-heritage-foundation\/"]}]},{"@type":"ImageObject","inLanguage":"fr-FR","@id":"https:\/\/legrandcontinent.eu\/fr\/2025\/03\/12\/comment-deux-instituts-hongrois-et-polonais-veulent-demanteler-lunion-europeenne-de-linterieur-avec-laide-de-la-heritage-foundation\/#primaryimage","url":"https:\/\/legrandcontinent.eu\/fr\/wp-content\/uploads\/sites\/2\/2025\/03\/gc-heritage-ordo-iuris-mcc.jpg","contentUrl":"https:\/\/legrandcontinent.eu\/fr\/wp-content\/uploads\/sites\/2\/2025\/03\/gc-heritage-ordo-iuris-mcc.jpg","width":1900,"height":1064,"caption":"Screenshot"},{"@type":"BreadcrumbList","@id":"https:\/\/legrandcontinent.eu\/fr\/2025\/03\/12\/comment-deux-instituts-hongrois-et-polonais-veulent-demanteler-lunion-europeenne-de-linterieur-avec-laide-de-la-heritage-foundation\/#breadcrumb","itemListElement":[{"@type":"ListItem","position":1,"name":"Accueil","item":"https:\/\/legrandcontinent.eu\/fr\/"},{"@type":"ListItem","position":2,"name":"Comment deux instituts hongrois et polonais veulent d\u00e9manteler l\u2019Union europ\u00e9enne de l\u2019int\u00e9rieur avec l\u2019aide de la Heritage Foundation"}]},{"@type":"WebSite","@id":"https:\/\/legrandcontinent.eu\/fr\/#website","url":"https:\/\/legrandcontinent.eu\/fr\/","name":"Le Grand Continent","description":"L&#039;\u00e9chelle pertinente","potentialAction":[{"@type":"SearchAction","target":{"@type":"EntryPoint","urlTemplate":"https:\/\/legrandcontinent.eu\/fr\/?s={search_term_string}"},"query-input":{"@type":"PropertyValueSpecification","valueRequired":true,"valueName":"search_term_string"}}],"inLanguage":"fr-FR"},{"@type":"Person","@id":"https:\/\/legrandcontinent.eu\/fr\/#\/schema\/person\/e4f85f52220fc7b4cc3cfdb86d88e833","name":"Marin Saillofest","image":{"@type":"ImageObject","inLanguage":"fr-FR","@id":"https:\/\/legrandcontinent.eu\/fr\/#\/schema\/person\/image\/","url":"https:\/\/secure.gravatar.com\/avatar\/87088698b4d967390c49ae6d4f1aa459?s=96&d=mm&r=g","contentUrl":"https:\/\/secure.gravatar.com\/avatar\/87088698b4d967390c49ae6d4f1aa459?s=96&d=mm&r=g","caption":"Marin Saillofest"}}]}},"lgc_categories":[{"id":1731,"name":"Politique","slug":"politique"}],"lgc_author":null,"feature_image_summary":{"url":"https:\/\/legrandcontinent.eu\/fr\/wp-content\/uploads\/sites\/2\/2025\/03\/gc-heritage-ordo-iuris-mcc.jpg","width":1900,"height":1064,"alt":""},"feature_image_cover":null,"term_position_data":null,"_links":{"self":[{"href":"https:\/\/legrandcontinent.eu\/fr\/wp-json\/wp\/v2\/posts\/267451","targetHints":{"allow":["GET"]}}],"collection":[{"href":"https:\/\/legrandcontinent.eu\/fr\/wp-json\/wp\/v2\/posts"}],"about":[{"href":"https:\/\/legrandcontinent.eu\/fr\/wp-json\/wp\/v2\/types\/post"}],"author":[{"embeddable":true,"href":"https:\/\/legrandcontinent.eu\/fr\/wp-json\/wp\/v2\/users\/2622"}],"replies":[{"embeddable":true,"href":"https:\/\/legrandcontinent.eu\/fr\/wp-json\/wp\/v2\/comments?post=267451"}],"version-history":[{"count":0,"href":"https:\/\/legrandcontinent.eu\/fr\/wp-json\/wp\/v2\/posts\/267451\/revisions"}],"wp:featuredmedia":[{"embeddable":true,"href":"https:\/\/legrandcontinent.eu\/fr\/wp-json\/wp\/v2\/media\/267463"}],"wp:attachment":[{"href":"https:\/\/legrandcontinent.eu\/fr\/wp-json\/wp\/v2\/media?parent=267451"}],"wp:term":[{"taxonomy":"category","embeddable":true,"href":"https:\/\/legrandcontinent.eu\/fr\/wp-json\/wp\/v2\/categories?post=267451"},{"taxonomy":"post_tag","embeddable":true,"href":"https:\/\/legrandcontinent.eu\/fr\/wp-json\/wp\/v2\/tags?post=267451"},{"taxonomy":"staff","embeddable":true,"href":"https:\/\/legrandcontinent.eu\/fr\/wp-json\/wp\/v2\/staff?post=267451"},{"taxonomy":"editorial_format","embeddable":true,"href":"https:\/\/legrandcontinent.eu\/fr\/wp-json\/wp\/v2\/editorial_format?post=267451"},{"taxonomy":"serie","embeddable":true,"href":"https:\/\/legrandcontinent.eu\/fr\/wp-json\/wp\/v2\/serie?post=267451"},{"taxonomy":"audience","embeddable":true,"href":"https:\/\/legrandcontinent.eu\/fr\/wp-json\/wp\/v2\/audience?post=267451"},{"taxonomy":"geo","embeddable":true,"href":"https:\/\/legrandcontinent.eu\/fr\/wp-json\/wp\/v2\/geo?post=267451"}],"curies":[{"name":"wp","href":"https:\/\/api.w.org\/{rel}","templated":true}]}}