{"id":262562,"date":"2025-02-14T17:36:41","date_gmt":"2025-02-14T16:36:41","guid":{"rendered":"https:\/\/legrandcontinent.eu\/fr\/?p=262562"},"modified":"2025-02-14T20:30:11","modified_gmt":"2025-02-14T19:30:11","slug":"changement-de-regime-le-discours-integral-de-j-d-vance-a-munich","status":"publish","type":"post","link":"https:\/\/legrandcontinent.eu\/fr\/2025\/02\/14\/changement-de-regime-le-discours-integral-de-j-d-vance-a-munich\/","title":{"rendered":"Changement de r\u00e9gime&#160;: le discours int\u00e9gral de J.D. Vance \u00e0 Munich"},"content":{"rendered":"\n<p class=\"intro\">\u00c0 la suite de <a href=\"https:\/\/legrandcontinent.eu\/fr\/2025\/02\/12\/trump-appelle-poutine-la-negociation-sur-la-fin-de-la-guerre-en-ukraine-a-commence-leurope-semble-a-ce-jour-totalement-exclue\/\">l\u2019appel t\u00e9l\u00e9phonique entre Vladimir Poutine et Donald Trump<\/a> de ce mercredi et des <a href=\"https:\/\/legrandcontinent.eu\/fr\/2025\/02\/12\/sur-lotan-et-lukraine-les-nouvelles-lignes-rouges-americaines-le-discours-integral-de-pete-hegseth-a-bruxelles\/\">d\u00e9clarations de Pete Hegseth \u00e0 Bruxelles<\/a>, et alors que les n\u00e9gociations directes entre Washington et Moscou pour la fin de la guerre ont officiellement commenc\u00e9 en laissant totalement de c\u00f4t\u00e9 les Europ\u00e9ens, J.D. Vance aurait pu parler d\u2019Ukraine.&nbsp;<\/p>\n\n\n\n<p class=\"intro\">\u00c0 la place, il a tenu un discours essentiellement identitaire et politique, confirmant implicitement une ligne qui se d\u00e9gage de mani\u00e8re de plus en plus \u00e9vidente&#160;: l\u2019Europe \u2014 qui a pourtant d\u00e9pens\u00e9 nettement plus pour soutenir Kiev que les \u00c9tats-Unis \u2014&nbsp;<a href=\"https:\/\/legrandcontinent.eu\/fr\/2025\/02\/13\/apres-lappel-entre-trump-et-poutine-lunion-se-trouve-evincee-des-negociations-sur-lukraine\/\">ne pourra pas avoir son mot \u00e0 dire dans les discussions sur l\u2019avenir de l\u2019Ukraine<\/a>.<\/p>\n\n\n\n<p class=\"intro\">Pendant vingt minutes, \u00e0 l\u2019une des tribunes les plus visibles de la diplomatie mondiale et dans un moment particuli\u00e8rement critique, le vice-pr\u00e9sident des \u00c9tats-Unis a choisi de se focaliser sur ce qu\u2019il consid\u00e8re comme une d\u00e9rive des \u00e9lites europ\u00e9ennes&#160;: du cas d\u2019un citoyen britannique condamn\u00e9 pour une pri\u00e8re silencieuse \u00e0 c\u00f4t\u00e9 d\u2019un centre de soin pratiquant l\u2019avortement \u00e0 celui des \u00e9lections en Roumanie, J.D. Vance n\u2019a fait qu\u2019effleurer les priorit\u00e9s strat\u00e9giques des \u00c9tats-Unis. Le c\u0153ur de son intervention s\u2019est concentr\u00e9 sur la d\u00e9fense des \u00ab&#160;valeurs communes&#160;\u00bb qui seraient, selon le vice-pr\u00e9sident des \u00c9tats-Unis, bafou\u00e9es par les Europ\u00e9ens eux-m\u00eames.<\/p>\n\n\n\n<p class=\"intro\">Une ing\u00e9rence qui para\u00eet in\u00e9dite tout en demeurant coh\u00e9rente avec une tendance que nous analysons depuis plusieurs semaines&#160;: le tournant imp\u00e9rial trumpiste s\u2019accompagne d\u2019une tentative de vassalisation europ\u00e9enne.<\/p>\n\n\n\n<p class=\"intro\">\u00c0 quelques jours \u00e0 peine du scrutin en Allemagne qui se tiendra le 23 f\u00e9vrier, le vice-pr\u00e9sident am\u00e9ricain a explicitement affirm\u00e9 la volont\u00e9 de la Maison-Blanche d&rsquo;imposer sa ligne, au risque de compliquer les relations avec les gouvernements issus des partis traditionnels de droite et de gauche. Il a d\u00e9fendu \u00e0 Munich les prises de position d\u2019Elon Musk qui, malgr\u00e9 ses fonctions au sein du D.O.G.E et son omnipr\u00e9sence aux c\u00f4t\u00e9s de Trump \u00e0 la Maison Blanche, <a href=\"https:\/\/legrandcontinent.eu\/fr\/2025\/01\/09\/que-veut-elon-musk-en-allemagne\/\">n\u2019a pas h\u00e9sit\u00e9 \u00e0 interf\u00e9rer directement dans l\u2019\u00e9lection allemande en offrant une plateforme \u00e0 la leader de l\u2019AfD Alice Weidel<\/a>. Selon Vance, pour qui \u00ab&#160;exprimer ses opinions n&rsquo;est pas une ing\u00e9rence \u00e9lectorale, m\u00eame lorsque les gens expriment des opinions en dehors de votre propre pays, et m\u00eame lorsque ces personnes sont tr\u00e8s influentes&#160;\u00bb il ne s\u2019agit l\u00e0 que de l\u2019usage de la libert\u00e9 d\u2019expression par un citoyen particuli\u00e8rement influent&#160;: \u00ab&#160;si les Am\u00e9ricains ont surv\u00e9cu \u00e0 dix ans de Greta Thunberg, vous survivrez bien \u00e0 quelques mois d\u2019Elon Musk&#160;\u00bb.<\/p>\n\n\n\n<p class=\"intro\">Le vice-pr\u00e9sident des \u00c9tats-Unis est all\u00e9 plus loin. En affirmant qu\u2019il n\u2019y avait \u00ab&#160;pas de place en d\u00e9mocratie pour les cordons sanitaires&#160;\u00bb, il a clairement fait r\u00e9f\u00e9rence au contexte \u00e9lectoral allemand et \u00e0 la possibilit\u00e9 d\u2019une entr\u00e9e de l\u2019AfD au gouvernement avec la CDU \u2014 une union des droites qui semble peu probable au niveau f\u00e9d\u00e9ral mais qui <a href=\"https:\/\/legrandcontinent.eu\/fr\/2025\/01\/29\/lunion-des-droites-en-allemagne-sur-limmigration-cartographie-et-contexte-dun-possible-effet-domino\/\">aurait des cons\u00e9quences pour tout le paysage politique allemand si elle se concr\u00e9tisait au niveau des L\u00e4nder<\/a>. Sur X, Alice Weidel a salu\u00e9 le clin d\u2019\u0153il de J.D. Vance&nbsp;<span class='whitespace-nowrap'><span id='easy-footnote-1-262562' class='easy-footnote-margin-adjust'><\/span><span class='easy-footnote'><a href='https:\/\/legrandcontinent.eu\/fr\/2025\/02\/14\/changement-de-regime-le-discours-integral-de-j-d-vance-a-munich\/#easy-footnote-bottom-1-262562' title='Alice Weidel, &lt;a href=&quot;https:\/\/x.com\/Alice_Weidel\/status\/1890410206967812292&quot;&gt;publication sur X du 14 f\u00e9vrier 2025&lt;\/a&gt;.'><sup>1<\/sup><\/a><\/span><\/span>.<\/p>\n\n\n\n<p class=\"intro\">Dans un discours confrontationnel, aux accents \u00e9minemment identitaires, il s\u2019en est pris \u00e0 la principale menace pour l\u2019Europe \u2014 le danger de l\u2019int\u00e9rieur \u2014 et critiqu\u00e9 comme \u00ab&#160;le probl\u00e8me le plus urgent de ce temps&#160;\u00bb la migration de masse, en faisant directement le lien entre celle-ci et l\u2019attentat ayant eu lieu \u00e0 Munich la veille de son discours. Du Royaume-Uni \u00e0 la Su\u00e8de en passant par l\u2019\u00c9cosse, l\u2019Allemagne et la Roumanie, le vice-pr\u00e9sident am\u00e9ricain a attaqu\u00e9 ce qu\u2019il consid\u00e8re comme une d\u00e9rive syst\u00e9mique du continent&#160;: un recul pr\u00e9tendu de la libert\u00e9 d\u2019expression. Empruntant aux th\u00e8mes de ce que l\u2019id\u00e9ologue poutinien Alexandre Douguine a appel\u00e9 <a href=\"https:\/\/legrandcontinent.eu\/fr\/2025\/01\/23\/lere-du-wokisme-de-droite-genealogie-de-larc-douguine-musk\/\">le \u00ab&#160;wokisme de droite&#160;\u00bb<\/a>, il a fustig\u00e9 une \u00e9lite europ\u00e9enne consid\u00e9r\u00e9e comme vieillissante \u2014 reprenant l\u2019image d\u2019une forteresse Davos d\u00e9connect\u00e9e des citoyens \u2014 et s\u2019appuyant sur \u00ab&#160;des mots hideux de l&rsquo;\u00e8re sovi\u00e9tique tels que d\u00e9sinformation et m\u00e9sinformation&#160;\u00bb \u2014 avant de qualifier les Commissaires europ\u00e9ens de <em>Commissars<\/em>. Dans la droite ligne du mouvement MAGA qui a conduit \u00e0 l\u2019insurrection du 6 janvier 2021, Vance appelle les Europ\u00e9ens \u00e0 respecter leurs peuples et la \u00ab&#160;d\u00e9mocratie&#160;\u00bb \u2014 en pr\u00e9cisant explicitement que celle-ci peut tr\u00e8s bien se passer des \u00ab&#160;grandes institutions que nous avons construites&#160;\u00bb.<\/p>\n\n\n\n<p>Merci \u00e0 tous les d\u00e9l\u00e9gu\u00e9s, sommit\u00e9s et professionnels des m\u00e9dias rassembl\u00e9s, et merci tout particuli\u00e8rement \u00e0 notre h\u00f4te de la Conf\u00e9rence de Munich sur la s\u00e9curit\u00e9 d&rsquo;avoir pu organiser un \u00e9v\u00e9nement aussi incroyable. Nous sommes, bien s\u00fbr, ravis d&rsquo;\u00eatre ici.<\/p>\n\n\n\n<p>L&rsquo;une des choses dont je voulais parler aujourd&rsquo;hui, ce sont bien s\u00fbr nos valeurs communes.<\/p>\n\n\n\n<p>C&rsquo;est formidable d&rsquo;\u00eatre de retour en Allemagne. <a href=\"https:\/\/legrandcontinent.eu\/fr\/2024\/02\/20\/trump-est-en-train-de-reveiller-leurope-j-d-vance-a-munich\/\">Comme vous l&rsquo;avez entendu tout \u00e0 l&rsquo;heure, j&rsquo;\u00e9tais ici l&rsquo;ann\u00e9e derni\u00e8re en tant que s\u00e9nateur des \u00c9tats-Unis<\/a>. J&rsquo;ai crois\u00e9 <a href=\"https:\/\/legrandcontinent.eu\/fr\/2024\/05\/06\/la-doctrine-lammy-une-conversation-avec-le-prochain-ministre-britannique-des-affaires-etrangeres\/\">le ministre britannique des Affaires \u00e9trang\u00e8res David Lammy<\/a> qui plaisantait en disant que nous avions tous les deux des postes diff\u00e9rents l&rsquo;ann\u00e9e derni\u00e8re de ceux que nous avons maintenant.<\/p>\n\n\n\n<p>Mais il est d\u00e9sormais temps, dans nos pays, pour tous ceux qui ont eu la chance de se voir confier un pouvoir politique par nos peuples respectifs, de l&rsquo;utiliser \u00e0 bon escient pour am\u00e9liorer leur vie. Et je tiens \u00e0 dire que j&rsquo;ai eu la chance, pendant mon s\u00e9jour ici, de passer un peu de temps en dehors des murs de cette conf\u00e9rence au cours des derni\u00e8res 24 heures. Et j&rsquo;ai \u00e9t\u00e9 tr\u00e8s impressionn\u00e9 par l&rsquo;hospitalit\u00e9 des gens alors qu&rsquo;ils sont encore sous le choc de l&rsquo;horrible attentat d&rsquo;hier. La premi\u00e8re fois que je suis venu \u00e0 Munich, c&rsquo;\u00e9tait avec ma femme, qui est ici avec moi aujourd&rsquo;hui pour un voyage personnel. J&rsquo;ai toujours aim\u00e9 la ville de Munich et j&rsquo;ai toujours aim\u00e9 ses habitants.<\/p>\n\n\n\n<p>Je tiens \u00e0 dire que nous sommes tr\u00e8s \u00e9mus et que nos pens\u00e9es et nos pri\u00e8res vont \u00e0 Munich et \u00e0 toutes les personnes touch\u00e9es par le mal qui a \u00e9t\u00e9 inflig\u00e9 \u00e0 cette belle communaut\u00e9. Nous pensons \u00e0 vous, nous prions pour vous et il va de soi que nous vous soutiendrons dans les jours et les semaines \u00e0 venir.&nbsp;<\/p>\n\n\n\n<p><em>(Applaudissements)<\/em><\/p>\n\n\n\n<p class=\"comment\">Notre correspondante pr\u00e9sente dans la salle rapporte qu\u2019il n\u2019y a eu que deux salves d\u2019applaudissements, br\u00e8ves et tr\u00e8s contenues. Le discours de J.D. Vance a laiss\u00e9 l\u2019assembl\u00e9e sans voix, suscitant bien moins d\u2019adh\u00e9sion que celle de la pr\u00e9sidente de la Commission europ\u00e9enne qui l\u2019a pr\u00e9c\u00e9d\u00e9e.<\/p>\n\n\n\n<p class=\"comment\">Selon un officiel europ\u00e9en assis dans les premiers rangs, le discours a d\u00e9\u00e7u la salle \u00e0 la fois sur la forme et sur le fond&#160;: \u00ab&#160;le vice-pr\u00e9sident aux \u00c9tats-Unis s\u2019est attel\u00e9 \u00e0 faire la le\u00e7ons aux Europ\u00e9ens \u2014&nbsp;la semaine dans laquelle son gouvernement a parl\u00e9 \u00e0 Poutine, fait machine arri\u00e8re sur l\u2019OTAN et sugg\u00e9r\u00e9 que la Russie rejoigne le G7 \u2014 tout en ne parvenant pas \u00e0 articuler une seule id\u00e9e \u00e0 part attaquer ses alli\u00e9s.&#160;\u00bb<\/p>\n\n\n\n<p>J&rsquo;esp\u00e8re que ce n&rsquo;est pas la derni\u00e8re salve d\u2019applaudissements que je recevrai. Mais nous sommes r\u00e9unis \u00e0 cette conf\u00e9rence, bien s\u00fbr, pour discuter de s\u00e9curit\u00e9.<\/p>\n\n\n\n<p class=\"comment\">La veille de l\u2019ouverture de la Conf\u00e9rence de Munich sur la s\u00e9curit\u00e9, jeudi 13 f\u00e9vrier, un conducteur a percut\u00e9 volontairement un groupe de personnes dans la ville, faisant au moins une trentaine de bless\u00e9s. Selon les autorit\u00e9s allemandes, l\u2019auteur de l\u2019attentat aurait \u00e9t\u00e9 motiv\u00e9 par des revendications religieuses, criant \u00ab&#160;Allah Akhbar&#160;\u00bb \u00e0 la suite de son arrestation.<\/p>\n\n\n\n<p>Habituellement, nous parlons des menaces qui p\u00e8sent sur notre s\u00e9curit\u00e9 ext\u00e9rieure et je vois de nombreux haut grad\u00e9s r\u00e9unis ici aujourd&rsquo;hui. Mais alors que l&rsquo;administration Trump est tr\u00e8s pr\u00e9occup\u00e9e par la s\u00e9curit\u00e9 europ\u00e9enne et croit que nous pouvons parvenir \u00e0 un r\u00e8glement raisonnable entre la Russie et l&rsquo;Ukraine, nous pensons \u00e9galement qu&rsquo;il est important que l&rsquo;Europe prenne des mesures importantes dans les ann\u00e9es \u00e0 venir pour assurer sa propre d\u00e9fense.&nbsp;<\/p>\n\n\n\n<p>Car la menace qui m&rsquo;inqui\u00e8te le plus vis-\u00e0-vis de l&rsquo;Europe n&rsquo;est pas la Russie, ce n&rsquo;est pas la Chine, ce n&rsquo;est aucun autre acteur ext\u00e9rieur.<\/p>\n\n\n\n<p>Et ce qui m&rsquo;inqui\u00e8te, c&rsquo;est la menace de l&rsquo;int\u00e9rieur&#160;: le recul de l&rsquo;Europe sur certaines de ses valeurs les plus fondamentales. Des valeurs partag\u00e9es avec les \u00c9tats-Unis.&nbsp;<\/p>\n\n\n\n<p>Or j&rsquo;ai \u00e9t\u00e9 frapp\u00e9 qu&rsquo;un ancien commissaire europ\u00e9en puisse r\u00e9cemment s\u2019exprimer \u00e0 la t\u00e9l\u00e9vision pour se r\u00e9jouir que le gouvernement roumain annule une \u00e9lection pr\u00e9sidentielle. Il a averti que si les choses ne se d\u00e9roulaient pas comme pr\u00e9vu, la m\u00eame chose pourrait se produire en Allemagne \u00e9galement.<\/p>\n\n\n\n<p class=\"comment\">Le 4 d\u00e9cembre, apr\u00e8s avoir consult\u00e9 des documents \u00e9labor\u00e9s par les services roumains, la plus haute juridiction roumaine <a href=\"https:\/\/legrandcontinent.eu\/fr\/2024\/12\/09\/comment-poutine-attaque-la-roumanie-10-points-sur-larsenalisation-avec-tiktok-dune-democratie\/\">a annul\u00e9 les r\u00e9sultats du premier tour de l\u2019\u00e9lection pr\u00e9sidentielle<\/a>, en d\u00e9clarant que l\u2019ensemble du processus devait \u00eatre recommenc\u00e9.&nbsp;<\/p>\n\n\n\n<p class=\"comment\">Selon ces documents, auxquels la revue a eu acc\u00e8s, d\u00e8s novembre 2024 \u00ab&#160;plus de 100 influenceurs (totalisant 8 millions d\u2019abonn\u00e9s) ont \u00e9t\u00e9 manipul\u00e9s et mobilis\u00e9s pour promouvoir la figure de Georgescu&#160;\u00bb. Un financement ill\u00e9gal massif aurait \u00e9galement \u00e9t\u00e9 mis en \u0153uvre d\u2019une mani\u00e8re syst\u00e9matique et occulte pour soutenir la campagne de C\u0103lin Georgescu. Le m\u00eame document d\u00e9veloppe&#160;: \u00ab&#160;La Russie a inond\u00e9 l\u2019espace informationnel avec des r\u00e9cits divisifs et favorables \u00e0 des vecteurs (personnes ou formations politiques) partageant des vues proches du Kremlin (extr\u00e9mistes, nationalistes, populistes, figures politiques anti-syst\u00e8me, etc.)&#160;\u00bb<\/p>\n\n\n\n<p>Ces d\u00e9clarations cavali\u00e8res sont choquantes pour les oreilles am\u00e9ricaines.<\/p>\n\n\n\n<p>Pendant des ann\u00e9es, on nous a dit que tout ce que nous financions et soutenions l&rsquo;\u00e9tait au nom de nos valeurs d\u00e9mocratiques communes. Tout \u2014 de notre politique envers l&rsquo;Ukraine au num\u00e9rique \u2014 est pr\u00e9sent\u00e9 comme une d\u00e9fense de la d\u00e9mocratie.<\/p>\n\n\n\n<p>Mais lorsque nous voyons des tribunaux europ\u00e9ens annuler des \u00e9lections et de hauts fonctionnaires menacer d&rsquo;en annuler d&rsquo;autres, nous devons nous demander si nous nous imposons des normes suffisamment \u00e9lev\u00e9es. Et je dis \u00ab&#160;nous&#160;\u00bb parce que je crois fondamentalement que nous sommes dans la m\u00eame \u00e9quipe. Nous devons faire plus que parler de valeurs d\u00e9mocratiques. Nous devons les vivre maintenant, dans la m\u00e9moire vivante de beaucoup d&rsquo;entre vous dans cette salle.<\/p>\n\n\n\n<p class=\"comment\">Donald Trump, qui soutient \u00e0 tort depuis plus de quatre ans que Joe Biden aurait \u00ab&#160;vol\u00e9 l\u2019\u00e9lection&#160;\u00bb pr\u00e9sidentielle du 3 novembre 2020, a tent\u00e9 de changer artificiellement les r\u00e9sultats du scrutin en G\u00e9orgie afin de s\u2019attribuer la victoire. Deux mois plus tard, il a encourag\u00e9 une foule de partisans \u00e0 s\u2019introduire de force dans le Capitole. L\u2019objectif de celle-ci \u00e9tait d\u2019annuler la certification des r\u00e9sultats du coll\u00e8ge \u00e9lectoral, qui aurait officialis\u00e9 la victoire de Joe Biden.&nbsp;<\/p>\n\n\n\n<p class=\"comment\">Au cours d\u2019un entretien publi\u00e9 en juin 2024, Vance d\u00e9clarait&#160;: \u00ab&#160;Je pense que la contestation des \u00e9lections et de leur l\u00e9gitimit\u00e9 fait partie du processus d\u00e9mocratique&#160;\u00bb.<\/p>\n\n\n\n<p>La guerre froide a oppos\u00e9 les d\u00e9fenseurs de la d\u00e9mocratie \u00e0 des forces beaucoup plus tyranniques sur ce continent. Consid\u00e9rez le camp dans ce combat qui a censur\u00e9 les dissidents, qui a ferm\u00e9 les \u00e9glises, qui a annul\u00e9 les \u00e9lections&#160;: \u00e9taient-ils les gentils&#160;? Certainement pas. Et Dieu merci, ils ont perdu la Guerre froide. Ils ont perdu parce qu&rsquo;ils n&rsquo;ont ni appr\u00e9ci\u00e9 ni respect\u00e9 tous les bienfaits extraordinaires de la libert\u00e9. La libert\u00e9 de surprendre, de faire des erreurs, d&rsquo;inventer, de construire. Il s&rsquo;av\u00e8re que l&rsquo;on ne peut pas imposer l&rsquo;innovation ou la cr\u00e9ativit\u00e9, tout comme on ne peut pas forcer les gens \u00e0 penser, \u00e0 ressentir ou \u00e0 croire. Et ces deux choses sont sans aucun doute li\u00e9es. Malheureusement, quand je regarde l&rsquo;Europe aujourd&rsquo;hui, on ne sait pas toujours tr\u00e8s bien ce qui est arriv\u00e9 \u00e0 certains des vainqueurs de la Guerre froide.<\/p>\n\n\n\n<p>Je regarde Bruxelles, o\u00f9 des <em>commissars<\/em> europ\u00e9ens avertissent les citoyens qu&rsquo;ils ont l&rsquo;intention de fermer les r\u00e9seaux sociaux en p\u00e9riode de troubles civils d\u00e8s qu&rsquo;ils rep\u00e8rent ce qu&rsquo;ils ont jug\u00e9 \u00eatre, je cite, du \u00ab&#160;contenu haineux&#160;\u00bb.<\/p>\n\n\n\n<p class=\"comment\">Le terme anglais <em>commissar<\/em> est la translitt\u00e9ration du russe \u043a\u043e\u043c\u0438\u0441\u0441\u0430\u0301\u0440 (<em>komissar<\/em>) et signifie \u00ab&#160;commissaire&#160;\u00bb. Il d\u00e9signe les commissaires politiques sovi\u00e9tiques ou les commissaires du peuple (ministres). Emprunt\u00e9 au fran\u00e7ais \u00ab&#160;commissaire&#160;\u00bb, ce titre existe en Russie depuis Pierre le Grand. Ici le vice-pr\u00e9sident des \u00c9tats-Unis semble reprendre la rh\u00e9torique d\u00e9velopp\u00e9e par Orb\u00e1n et le PiS polonais qui voient dans Bruxelles la capitale d\u2019une nouvelle Union sovi\u00e9tique et dans les commissaires europ\u00e9ens de nouveaux agents imp\u00e9riaux.&nbsp;&nbsp;&nbsp;&nbsp;&nbsp;&nbsp;&nbsp;<\/p>\n\n\n\n<p>Ou bien dans ce pays m\u00eame, o\u00f9 la police a men\u00e9 des descentes contre des citoyens soup\u00e7onn\u00e9s d&rsquo;avoir post\u00e9 des commentaires antif\u00e9ministes en ligne dans le cadre, je cite toujours, de la lutte contre la misogynie sur Internet.<\/p>\n\n\n\n<p>Je me tourne vers la Su\u00e8de, o\u00f9 le gouvernement a condamn\u00e9 il y a deux semaines un activiste chr\u00e9tien pour avoir particip\u00e9 \u00e0 des incendies de Corans, qui ont entra\u00een\u00e9 le meurtre de son ami. Comme l&rsquo;a fait remarquer de mani\u00e8re effrayante le juge dans son affaire, les lois su\u00e9doises, cens\u00e9es prot\u00e9ger la libert\u00e9 d&rsquo;expression, n&rsquo;accordent pas, et je cite, \u00ab&#160;un laissez-passer&#160;\u00bb pour faire ou dire n&rsquo;importe quoi sans risquer d&rsquo;offenser le groupe qui d\u00e9tient cette croyance.<\/p>\n\n\n\n<p>Peut-\u00eatre plus inqui\u00e9tant encore, je me tourne vers nos tr\u00e8s chers amis du Royaume-Uni, o\u00f9 le recul des droits de conscience a mis en p\u00e9ril les libert\u00e9s fondamentales des Britanniques, en particulier des croyants. Il y a un peu plus de deux ans, le gouvernement britannique a accus\u00e9 Adam Smith Connor, un kin\u00e9sith\u00e9rapeute de 51 ans et ancien combattant, du crime odieux d&rsquo;avoir pri\u00e9 en silence pendant trois minutes \u00e0 50 m\u00e8tres d&rsquo;une clinique d&rsquo;avortement. Il n&rsquo;a g\u00ean\u00e9 personne, n&rsquo;a interagi avec personne&#160;; il a simplement pri\u00e9 en silence. Apr\u00e8s que les forces de l&rsquo;ordre britanniques l&rsquo;eurent rep\u00e9r\u00e9 et lui eurent demand\u00e9 pour quelle raison il priait, Adam a r\u00e9pondu simplement qu&rsquo;il priait pour le fils qu&rsquo;il aurait pu avoir avec son ex-petite amie et qu&rsquo;ils avaient fait avorter des ann\u00e9es auparavant.<\/p>\n\n\n\n<p>Les agents sont rest\u00e9s de marbre et Adam a \u00e9t\u00e9 reconnu coupable d&rsquo;avoir enfreint la nouvelle loi gouvernementale sur les \u00ab&#160;zones tampons&#160;\u00bb, qui criminalise la pri\u00e8re silencieuse et d&rsquo;autres actions susceptibles d&rsquo;influencer la d\u00e9cision d&rsquo;une personne dans un rayon de 200 m\u00e8tres autour d&rsquo;un centre d&rsquo;avortement. Il a \u00e9t\u00e9 condamn\u00e9 \u00e0 payer des milliers de livres de frais de justice \u00e0 l&rsquo;accusation.&nbsp;<\/p>\n\n\n\n<p>J&rsquo;aimerais pouvoir dire que c&rsquo;\u00e9tait un hasard, un exemple unique et fou d&rsquo;une loi mal \u00e9crite, promulgu\u00e9e contre une seule personne \u2014 mais non.<\/p>\n\n\n\n<p>En octobre dernier, il y a quelques mois \u00e0 peine, le gouvernement \u00e9cossais a commenc\u00e9 \u00e0 distribuer des lettres aux citoyens dont les maisons se trouvaient dans des zones dites \u00ab&#160;d&rsquo;acc\u00e8s s\u00e9curis\u00e9&#160;\u00bb, les avertissant que m\u00eame la pri\u00e8re priv\u00e9e chez eux pouvait constituer une infraction \u00e0 la loi. Naturellement, le gouvernement a exhort\u00e9 les lecteurs \u00e0 signaler tout citoyen soup\u00e7onn\u00e9 de crime d&rsquo;opinion en Grande-Bretagne et dans toute l&rsquo;Europe.&nbsp;<\/p>\n\n\n\n<p>La libert\u00e9 d&rsquo;expression, je le crains, est en recul.<\/p>\n\n\n\n<p>Et dans un souci d&rsquo;humour, chers amis, mais aussi dans un souci de v\u00e9rit\u00e9, je serai pr\u00eat \u00e0 admettre que parfois, les voix les plus fortes en faveur de la censure ne viennent pas d&rsquo;Europe mais de mon propre pays \u2014 o\u00f9 l&rsquo;administration pr\u00e9c\u00e9dente a menac\u00e9 et intimid\u00e9 les r\u00e9seaux sociaux pour qu&rsquo;ils censurent ce qu&rsquo;elle appelait la d\u00e9sinformation. La d\u00e9sinformation, comme par exemple l&rsquo;id\u00e9e que le coronavirus s&rsquo;\u00e9tait probablement \u00e9chapp\u00e9 d&rsquo;un laboratoire en Chine. Notre propre gouvernement a encourag\u00e9 les entreprises priv\u00e9es \u00e0 faire taire les personnes qui osaient dire ce qui s&rsquo;est av\u00e9r\u00e9 \u00eatre une v\u00e9rit\u00e9 \u00e9vidente.<\/p>\n\n\n\n<p class=\"comment\">Rien ne prouve \u00e0 ce jour que le coronavirus se serait \u00ab&#160;\u00e9chapp\u00e9&#160;\u00bb d\u2019un laboratoire en Chine. Vance fait ici certainement allusion \u00e0 un nouveau rapport pr\u00e9sent\u00e9 par la CIA le 25 janvier affirmant que le coronavirus est \u00ab&#160;plus susceptible&#160;\u00bb de s\u2019\u00eatre diffus\u00e9 depuis un laboratoire chinois que de provenir d&rsquo;animaux. L&rsquo;agence, d\u00e9sormais dirig\u00e9e par un fid\u00e8le alli\u00e9 de Trump et partisan de longue date de la th\u00e9orie d\u2019une \u00ab&#160;fuite chinoise&#160;\u00bb, John Ratcliffe, a toutefois pr\u00e9cis\u00e9 qu&rsquo;elle n&rsquo;avait qu&rsquo;une \u00ab&#160;faible confiance&#160;\u00bb dans cette conclusion.<\/p>\n\n\n\n<p>Je viens donc ici aujourd&rsquo;hui non seulement avec une observation, mais aussi avec une proposition. L&rsquo;administration Biden semblait pr\u00eate \u00e0 tout pour faire taire les gens qui exprimaient leur opinion&#160;: l&rsquo;administration Trump fera exactement le contraire. Et j&rsquo;esp\u00e8re que nous pourrons travailler ensemble \u00e0 Washington.<\/p>\n\n\n\n<p>Il y a un nouveau sh\u00e9rif en ville.&nbsp;<\/p>\n\n\n\n<p>Sous la direction de Donald Trump, nous pouvons \u00eatre en d\u00e9saccord avec vos opinions, mais nous nous battrons pour d\u00e9fendre votre droit de les exprimer sur la place publique. \u00cates-vous d&rsquo;accord&#160;? Nous en sommes au point o\u00f9 la situation est devenue si critique qu&rsquo;en d\u00e9cembre dernier, la Roumanie a carr\u00e9ment annul\u00e9 les r\u00e9sultats d&rsquo;une \u00e9lection pr\u00e9sidentielle sur la base des vagues soup\u00e7ons d&rsquo;une agence de renseignement et des \u00e9normes pressions de ses voisins continentaux.<\/p>\n\n\n\n<p>Si j&rsquo;ai bien compris, l&rsquo;argument \u00e9tait que la d\u00e9sinformation russe avait infect\u00e9 les \u00e9lections roumaines. Mais je demanderais \u00e0 mes amis europ\u00e9ens de prendre du recul&#160;: vous pouvez penser qu&rsquo;il est mal que la Russie ach\u00e8te des publicit\u00e9s sur les r\u00e9seaux sociaux pour influencer vos \u00e9lections. Nous le pensons \u00e9galement. Vous pouvez m\u00eame le condamner sur la sc\u00e8ne mondiale. Mais si votre d\u00e9mocratie peut \u00eatre d\u00e9truite avec quelques centaines de milliers de dollars de publicit\u00e9 num\u00e9rique provenant d&rsquo;un pays \u00e9tranger, alors c\u2019est qu\u2019elle n&rsquo;\u00e9tait pas tr\u00e8s solide au d\u00e9part.<\/p>\n\n\n\n<p>La bonne nouvelle, c&rsquo;est que je pense que vos d\u00e9mocraties sont nettement moins fragiles que ce que beaucoup de gens craignent apparemment.<\/p>\n\n\n\n<p>Et je pense fondamentalement que permettre \u00e0 nos citoyens d&rsquo;exprimer leur opinion les rendra encore plus forts.&nbsp;<\/p>\n\n\n\n<p>Ce qui, bien s\u00fbr, nous ram\u00e8ne \u00e0 Munich \u2014 o\u00f9 les organisateurs de cette conf\u00e9rence ont interdit aux l\u00e9gislateurs repr\u00e9sentant les partis populistes de gauche et de droite de participer \u00e0 ces conversations.&nbsp;<\/p>\n\n\n\n<p class=\"comment\">La candidate \u00e0 la chancellerie de l\u2019AfD, Alice Weidel, a imm\u00e9diatement salu\u00e9 le discours du vice-pr\u00e9sident am\u00e9ricain en reprenant la citation \u00ab&#160;<em>There&rsquo;s no room for firewalls&#160;!<\/em>&#160;\u00bb. Dans <a href=\"https:\/\/x.com\/Alice_Weidel\/status\/1890410206967812292\">un post sur X<\/a> elle a soulign\u00e9 l&rsquo;absence d\u2019applaudissement dans la salle aux mots de J.D. Vance de la part des partis traditionnels allemands (CDU, CSU, SPD, Verts) et a invit\u00e9 tous les Allemands \u00e0 visionner l\u2019allocution, en publiant une vid\u00e9o du discours avec des sous-titres en allemand \u00e0 15h13, soit quelques minutes apr\u00e8s sa fin \u2013 ce qui pourrait signifier qu\u2019ils disposaient du texte du discours en amont.&nbsp;&nbsp;&nbsp;&nbsp;&nbsp;&nbsp;&nbsp;&nbsp;<\/p>\n\n\n\n<figure class=\"wp-block-embed is-type-rich is-provider-twitter wp-block-embed-twitter comment\"><div class=\"wp-block-embed__wrapper\">\n<blockquote class=\"twitter-tweet\" data-width=\"550\" data-dnt=\"true\"><p lang=\"de\" dir=\"ltr\">Excellent speech&#160;! &quot;There&#39;s no room for firewalls&#160;!&quot;<br>Die beeindruckende Rede von <a href=\"https:\/\/twitter.com\/JDVance?ref_src=twsrc%5Etfw\">@JDVance<\/a> in M\u00fcnchen &#8211; nat\u00fcrlich ohne jeden Applaus von CDU, CSU, SPD &amp; Gr\u00fcnen &#8211; jetzt ansehen und anh\u00f6ren. Mit deutschen Untertiteln&#160;! <a href=\"https:\/\/twitter.com\/hashtag\/Sicherheitskonferenz?src=hash&amp;ref_src=twsrc%5Etfw\">#Sicherheitskonferenz<\/a> <a href=\"https:\/\/t.co\/UQ95r1JLf2\">pic.twitter.com\/UQ95r1JLf2<\/a><\/p>&mdash; Alice Weidel (@Alice_Weidel) <a href=\"https:\/\/twitter.com\/Alice_Weidel\/status\/1890410206967812292?ref_src=twsrc%5Etfw\">February 14, 2025<\/a><\/blockquote><script async src=\"https:\/\/platform.twitter.com\/widgets.js\" charset=\"utf-8\"><\/script>\n<\/div><\/figure>\n\n\n\n<p>Or l\u00e0 encore, nous ne sommes pas oblig\u00e9s d&rsquo;\u00eatre d&rsquo;accord avec tout ou partie de ce que les gens disent, mais lorsque des personnes, lorsque des dirigeants politiques repr\u00e9sentent une circonscription importante, il nous incombe au moins de dialoguer avec eux. Or pour beaucoup d&rsquo;entre nous, de l&rsquo;autre c\u00f4t\u00e9 de l&rsquo;Atlantique, tout cela ressemble de plus en plus \u00e0 de vieux int\u00e9r\u00eats bien \u00e9tablis qui se cachent derri\u00e8re des mots hideux de l&rsquo;\u00e8re sovi\u00e9tique tels que d\u00e9sinformation et m\u00e9sinformation, et qui n&rsquo;aiment tout simplement pas l&rsquo;id\u00e9e que quelqu&rsquo;un ayant un point de vue diff\u00e9rent puisse exprimer une opinion diff\u00e9rente ou, Dieu nous en pr\u00e9serve, voter diff\u00e9remment ou, pire encore, gagner une \u00e9lection.<\/p>\n\n\n\n<p class=\"comment\">Vance reprend ici <a href=\"https:\/\/legrandcontinent.eu\/fr\/2025\/01\/09\/que-veut-elon-musk-en-allemagne\/\">les arguments d\u2019Elon Musk<\/a> vis-\u00e0-vis du parti d\u2019extr\u00eame-droite Alternative f\u00fcr Deutschland (AfD).<\/p>\n\n\n\n<p class=\"comment\">Musk a pr\u00e9c\u00e9demment indiqu\u00e9 ne pas comprendre pourquoi l\u2019AfD \u00e9tait qualifi\u00e9e de parti d\u2019extr\u00eame-droite, et le message publi\u00e9 sur sa plateforme X \u00ab&#160;Only the AfD can save Germany&#160;\u00bb est un partage d\u2019une publication de l\u2019influenceuse d\u2019extr\u00eame-droite antis\u00e9mite Naomi Seibt, qui a tent\u00e9 \u00e0 plusieurs reprises de se faire une place sur la sc\u00e8ne n\u00e9o-nationaliste am\u00e9ricaine, participant notamment \u00e0 des conf\u00e9rences conservatrives (CPAC) ou interpellant des influenceurs MAGA.<\/p>\n\n\n\n<p class=\"comment\">Elon Musk, vraisemblablement comme Vance, \u00e9lude la dimension n\u00e9o-nazie de l\u2019AfD, parti plac\u00e9 sous observation de l\u2019office de protection de la Constitution, qui cherche \u00e0 minimiser la Shoah, et o\u00f9 <a href=\"https:\/\/legrandcontinent.eu\/fr\/2024\/03\/21\/en-allemagne-de-quoi-la-montee-de-lafd-est-elle-le-nom-une-conversation-avec-johann-chapoutot\/\">les partisans d\u2019une r\u00e9\u00e9valuation positive du IIIe Reich ont progressivement pris l\u2019ascendant<\/a>. Avec une certaine mauvaise foi, il utilise le fait que la co-pr\u00e9sidente et Spitzenkandidatin de l\u2019AfD, Alice Weidel, vive avec une femme pour rejeter les reproches de nazisme.<\/p>\n\n\n\n<p class=\"comment\">Dans une tribune publi\u00e9e dans <em>Die Welt<\/em>, Musk s\u2019est efforc\u00e9 de d\u00e9peindre l\u2019AfD comme un parti que l\u2019on qualifierait en allemand de \u00ab&#160;b\u00fcrgerlich&#160;\u00bb, selon une d\u00e9nomination signifiant un conservatisme classique et fr\u00e9quentable, partisan de baisses d\u2019imp\u00f4ts, d\u2019une plus grande s\u00e9curit\u00e9 et d\u2019une lib\u00e9ralisation des r\u00e9glementations.<\/p>\n\n\n\n<p>Nous sommes \u00e0 une conf\u00e9rence sur la s\u00e9curit\u00e9.&nbsp;<\/p>\n\n\n\n<p>Et je suis s\u00fbr que vous \u00eates tous venus ici pr\u00eats \u00e0 parler de la mani\u00e8re exacte dont vous comptez augmenter les d\u00e9penses de d\u00e9fense au cours des prochaines ann\u00e9es, conform\u00e9ment \u00e0 un nouvel objectif que vous vous \u00eates fix\u00e9. Et c&rsquo;est tr\u00e8s bien car, comme le pr\u00e9sident Trump l&rsquo;a clairement indiqu\u00e9, il estime que nos amis europ\u00e9ens doivent jouer un r\u00f4le plus important dans l&rsquo;avenir de ce continent.&nbsp;<\/p>\n\n\n\n<p>Nous ne pensons pas que vous entendiez bien ce terme de partage du fardeau \u2014 mais nous pensons qu&rsquo;il est important, dans le cadre d&rsquo;une alliance commune, que les Europ\u00e9ens prennent le relais pendant que l&rsquo;Am\u00e9rique se concentre sur les r\u00e9gions du monde qui sont en grand danger. Mais laissez-moi \u00e9galement vous demander comment vous allez m\u00eame commencer \u00e0 r\u00e9fl\u00e9chir aux questions budg\u00e9taires si nous ne savons pas ce que nous d\u00e9fendons en premier lieu&#160;?<\/p>\n\n\n\n<p>J&rsquo;ai eu de tr\u00e8s nombreuses conversations int\u00e9ressantes avec beaucoup de personnes r\u00e9unies ici dans cette salle. J&rsquo;ai beaucoup entendu parler de ce dont vous avez besoin pour vous d\u00e9fendre \u2014 et, bien s\u00fbr, c&rsquo;est important. Mais ce qui m&rsquo;a sembl\u00e9 un peu moins clair, et certainement \u00e0 de nombreux citoyens europ\u00e9ens, c&rsquo;est la raison exacte pour laquelle vous vous d\u00e9fendez&#160;: quelle est la vision positive qui anime ce pacte de s\u00e9curit\u00e9 partag\u00e9 que nous consid\u00e9rons tous comme si important&#160;? Or je crois profond\u00e9ment qu&rsquo;il n&rsquo;y a pas de s\u00e9curit\u00e9 si vous avez peur des voix, des opinions et de la conscience qui guident votre propre peuple.<\/p>\n\n\n\n<p>L&rsquo;Europe est confront\u00e9e \u00e0 de nombreux d\u00e9fis, mais la crise \u00e0 laquelle ce continent est actuellement confront\u00e9, la crise \u00e0 laquelle nous sommes tous confront\u00e9s ensemble, je crois, est une crise que nous avons nous-m\u00eames provoqu\u00e9e. Si vous craignez vos propres \u00e9lecteurs, l&rsquo;Am\u00e9rique ne peut rien faire pour vous. D&rsquo;ailleurs, vous ne pouvez rien faire non plus pour le peuple am\u00e9ricain qui m&rsquo;a \u00e9lu et qui a \u00e9lu le pr\u00e9sident Trump. Vous avez besoin de mandats d\u00e9mocratiques pour accomplir quoi que ce soit de valable dans les ann\u00e9es \u00e0 venir. N&rsquo;avons-nous rien appris&#160;? Que les mandats faibles produisent des r\u00e9sultats instables&#160;? Mais il y a tant de choses utiles qui peuvent \u00eatre accomplies avec le type de mandat d\u00e9mocratique qui, je pense, viendra d&rsquo;une plus grande \u00e9coute des voix de vos citoyens.<\/p>\n\n\n\n<p>Si vous voulez profiter d&rsquo;\u00e9conomies comp\u00e9titives, si vous voulez profiter d&rsquo;une \u00e9nergie abordable et de cha\u00eenes d&rsquo;approvisionnement s\u00fbres, alors vous avez besoin de mandats pour gouverner, car vous devez faire des choix difficiles pour profiter de toutes ces choses. Nous le savons tr\u00e8s bien en Am\u00e9rique&#160;: on ne peut pas obtenir un mandat d\u00e9mocratique en censurant ses adversaires ou en les mettant en prison, qu&rsquo;il s&rsquo;agisse du chef de l&rsquo;opposition, d&rsquo;un humble chr\u00e9tien en train de prier ou d&rsquo;un journaliste qui tente de rapporter l&rsquo;actualit\u00e9.<\/p>\n\n\n\n<p>On ne peut pas non plus en obtenir un en ignorant son \u00e9lectorat de base sur des questions aussi centrales que celle de savoir qui peut faire partie de notre soci\u00e9t\u00e9 commune.&nbsp;<\/p>\n\n\n\n<p>Et de tous les d\u00e9fis urgents auxquels sont confront\u00e9s les pays repr\u00e9sent\u00e9s ici, <a href=\"https:\/\/legrandcontinent.eu\/fr\/2025\/02\/13\/le-pape-francois-contre-donald-trump-la-lettre-aux-eveques-americains-et-la-theologie-de-la-condition-migratoire\/\">je crois qu&rsquo;il n&rsquo;y a rien de plus urgent que l\u2019immigration de masse<\/a>.&nbsp;<\/p>\n\n\n\n<p>Aujourd&rsquo;hui, pr\u00e8s d&rsquo;une personne sur cinq vivant dans ce pays est venue de l&rsquo;\u00e9tranger. C&rsquo;est bien s\u00fbr un record historique. C&rsquo;est un chiffre similaire, d&rsquo;ailleurs, aux \u00c9tats-Unis, \u00e9galement un record historique. Le nombre d&rsquo;immigr\u00e9s entr\u00e9s dans l&rsquo;Union en provenance de pays non membres de l&rsquo;Union a doubl\u00e9 rien qu&rsquo;entre 2021 et 2022. Et bien s\u00fbr, il a encore augment\u00e9 depuis.<\/p>\n\n\n\n<p class=\"comment\">Les chiffres de l\u2019agence Frontex indiquent en r\u00e9alit\u00e9 que les entr\u00e9es irr\u00e9guli\u00e8res dans l\u2019Union ont augment\u00e9 de 64&#160;% entre 2021 et 2022 \u2014 et non 100&#160;% \u2014 atteignant 330 000. L\u2019agence notait \u00e9galement en janvier 2025 que le nombre d\u2019entr\u00e9es a baiss\u00e9 de 38&#160;% l\u2019an dernier par rapport \u00e0 l\u2019ann\u00e9e pr\u00e9c\u00e9dente, des chiffres qui vont \u00e0 l\u2019encontre des affirmations de J. D. Vance.<\/p>\n\n\n\n<p>Et nous connaissons cette situation. Elle ne vient pas de nulle part. C&rsquo;est le r\u00e9sultat d&rsquo;une s\u00e9rie de d\u00e9cisions conscientes prises par des politiciens de tout le continent et d&rsquo;autres \u00e0 travers le monde sur une p\u00e9riode d&rsquo;une d\u00e9cennie. Nous avons vu les horreurs engendr\u00e9es par ces d\u00e9cisions hier dans cette ville m\u00eame. Je ne peux pas en parler sans penser aux terribles victimes qui ont vu une belle journ\u00e9e d&rsquo;hiver \u00e0 Munich g\u00e2ch\u00e9e. Nos pens\u00e9es et nos pri\u00e8res les accompagnent et les accompagneront toujours.<\/p>\n\n\n\n<p>Mais pourquoi cela s&rsquo;est-il produit&#160;? C&rsquo;est une histoire terrible, mais que nous avons entendue bien trop souvent en Europe et, malheureusement, bien trop souvent aussi aux \u00c9tats-Unis. Un demandeur d&rsquo;asile, souvent un jeune homme d&rsquo;une vingtaine d&rsquo;ann\u00e9es, d\u00e9j\u00e0 connu de la police, fonce dans une foule avec sa voiture et d\u00e9truit une communaut\u00e9. Combien de fois devrons-nous subir ces revers \u00e9pouvantables avant de changer de cap et de donner une nouvelle direction \u00e0 notre civilisation commune&#160;? Aucun \u00e9lecteur de ce continent n&rsquo;est all\u00e9 aux urnes pour ouvrir les vannes \u00e0 l\u2019entr\u00e9e non contr\u00f4l\u00e9e de millions d&rsquo;immigr\u00e9s.<\/p>\n\n\n\n<p>Les Anglais ont vot\u00e9 pour le Brexit. Que vous soyez d&rsquo;accord ou non, ils ont vot\u00e9 pour. Et de plus en plus, partout en Europe, les gens votent pour des dirigeants politiques qui promettent de mettre fin \u00e0 une immigration incontr\u00f4l\u00e9e. Il se trouve que je partage bon nombre de ces pr\u00e9occupations mais vous n&rsquo;\u00eates pas oblig\u00e9 d&rsquo;\u00eatre d&rsquo;accord avec moi. Je pense simplement que les gens se soucient de leur foyer, de leurs r\u00eaves, de leur s\u00e9curit\u00e9 et de leur capacit\u00e9 \u00e0 subvenir \u00e0 leurs besoins et \u00e0 ceux de leurs enfants.&nbsp;<\/p>\n\n\n\n<p class=\"comment\">Cinq ans apr\u00e8s le Brexit, 55&#160;% des Britanniques estiment que la sortie de l\u2019Union europ\u00e9enne <a href=\"https:\/\/legrandcontinent.eu\/fr\/2025\/01\/31\/cinq-ans-apres-55-des-britanniques-estiment-que-le-brexit-a-ete-une-erreur\/\">a \u00e9t\u00e9 une erreur<\/a>. Selon une enqu\u00eate YouGov conduite du 20 au 21 janvier 2025, les partisans du \u00ab&#160;Leave&#160;\u00bb sont 18&#160;% \u00e0 regretter leur choix, contre 7&#160;% pour ceux ayant vot\u00e9 \u00ab&#160;Remain&#160;\u00bb lors du r\u00e9f\u00e9rendum de 2016.<\/p>\n\n\n\n<p>Et ils sont intelligents. Je pense que c&rsquo;est l&rsquo;une des choses les plus importantes que j&rsquo;ai apprises au cours de mon bref passage en politique.<\/p>\n\n\n\n<p>Contrairement \u00e0 ce que l&rsquo;on peut entendre \u00e0 Davos, les citoyens de tous nos pays ne se consid\u00e8rent g\u00e9n\u00e9ralement pas comme des animaux \u00e9duqu\u00e9s ou comme des rouages interchangeables d&rsquo;une \u00e9conomie mondiale. Et il n&rsquo;est gu\u00e8re surprenant qu&rsquo;ils ne veuillent pas \u00eatre ballot\u00e9s ou impitoyablement ignor\u00e9s par leurs dirigeants. C&rsquo;est le r\u00f4le de la d\u00e9mocratie de trancher ces grandes questions par les urnes. Je crois que rejeter les gens, rejeter leurs pr\u00e9occupations ou, pire encore, fermer les m\u00e9dias, interrompre les \u00e9lections ou exclure les gens du processus politique ne prot\u00e8ge rien. En fait, c&rsquo;est le moyen le plus s\u00fbr de d\u00e9truire la d\u00e9mocratie. S&rsquo;exprimer et exprimer ses opinions n&rsquo;est pas une ing\u00e9rence \u00e9lectorale, m\u00eame lorsque les gens expriment des opinions en dehors de votre propre pays, et m\u00eame lorsque ces personnes sont tr\u00e8s influentes.<\/p>\n\n\n\n<p class=\"comment\">La critique de Vance contre \u00ab&#160;la fermeture des m\u00e9dias&#160;\u00bb et \u00ab&#160;l\u2019exclusion du processus politique&#160;\u00bb entre en dissonance avec les r\u00e9centes mesures de l\u2019administration Trump visant \u00e0 exclure les journalistes de l\u2019agence de presse Associated Press, une organisation non-partisane, des briefings de la Maison-Blanche en raison de l\u2019utilisation par celle-ci du nom \u00ab&#160;Golfe du Mexique&#160;\u00bb plut\u00f4t que \u00ab&#160;Golfe d\u2019Am\u00e9rique&#160;\u00bb.<\/p>\n\n\n\n<p class=\"comment\">Confront\u00e9e sur la question de l\u2019exclusion de journalistes, la porte-parole de la Maison-Blanche, Karoline Leavitt, avait d\u00e9clar\u00e9&#160;: \u00ab&#160;J&rsquo;ai \u00e9t\u00e9 tr\u00e8s clair dans mon briefing du premier jour&#160;: si nous estimons que des mensonges sont v\u00e9hicul\u00e9s par des organes de presse dans cette salle, nous les tiendrons pour responsables. C&rsquo;est un fait que l&rsquo;\u00e9tendue d&rsquo;eau au large de la Louisiane s&rsquo;appelle le golfe d&rsquo;Am\u00e9rique. Je ne sais pas pourquoi les m\u00e9dias ne veulent pas l&rsquo;appeler ainsi, mais c&rsquo;est ce qu&rsquo;il est&#160;\u00bb.<\/p>\n\n\n\n<p>Et croyez-moi, je dis cela avec humour, si la d\u00e9mocratie am\u00e9ricaine peut survivre \u00e0 dix ans de r\u00e9primandes de Greta Thunberg, vous pouvez survivre \u00e0 quelques mois d&rsquo;Elon Musk. Mais ce \u00e0 quoi aucune d\u00e9mocratie, qu&rsquo;elle soit allemande, am\u00e9ricaine ou europ\u00e9enne, ne survivra, c&rsquo;est de dire \u00e0 des millions d&rsquo;\u00e9lecteurs que leurs pens\u00e9es et leurs pr\u00e9occupations, leurs aspirations, leurs demandes d&rsquo;aide sont invalides ou ne m\u00e9ritent m\u00eame pas d&rsquo;\u00eatre prises en consid\u00e9ration. La d\u00e9mocratie repose sur le principe sacr\u00e9 que la voix du peuple compte. Il n&rsquo;y a pas de place pour les cordons sanitaires. Soit vous d\u00e9fendez le principe, soit vous ne le faites pas.&nbsp;<\/p>\n\n\n\n<p class=\"comment\">L\u2019utilisation du terme <em>firewall<\/em>, traduction de l\u2019allemand <em>\u200b\u200bBrandmauer<\/em>, est une allusion sans \u00e9quivoque \u00e0 la possibilit\u00e9 d\u2019une ouverture de la CDU \u00e0 l\u2019AfD et \u00e0 la rupture du cordon sanitaire de la droite allemande. \u00c0 Munich, Vance n\u2019a m\u00eame pas rencontr\u00e9 le chancelier SPD en fonction Olaf Scholz.<\/p>\n\n\n\n<p>Le peuple europ\u00e9en a une voix. Les dirigeants europ\u00e9ens ont le choix.&nbsp;<\/p>\n\n\n\n<p>Je suis fermement convaincu que nous n&rsquo;avons pas \u00e0 avoir peur de l&rsquo;avenir. Vous pouvez accepter ce que votre peuple vous dit, m\u00eame si c&rsquo;est surprenant, m\u00eame si vous n&rsquo;\u00eates pas d&rsquo;accord. Et si vous le faites, vous pouvez affronter l&rsquo;avenir avec certitude et confiance, en sachant que la nation vous soutient tous. C&rsquo;est l\u00e0, pour moi, que r\u00e9side la grande magie de la d\u00e9mocratie. Elle ne se trouve pas derri\u00e8re les murs en pierre \u00e9paisse de ces b\u00e2timents ou ces beaux h\u00f4tels. Elle ne se trouve m\u00eame pas dans les grandes institutions que nous avons construites ensemble en tant que soci\u00e9t\u00e9 partag\u00e9e.<\/p>\n\n\n\n<p>Croire en la d\u00e9mocratie, c&rsquo;est comprendre que chacun de nos citoyens a de la sagesse et une voix. Et si nous refusons d&rsquo;\u00e9couter cette voix, m\u00eame nos combats les plus fructueux n&rsquo;aboutiront \u00e0 rien. Comme l&rsquo;a dit un jour le pape Jean-Paul II, qui est \u00e0 mon avis l&rsquo;un des plus grands d\u00e9fenseurs de la d\u00e9mocratie sur ce continent ou ailleurs&#160;: n&rsquo;ayez pas peur. Nous ne devons pas avoir peur de notre peuple, m\u00eame lorsqu&rsquo;il exprime des opinions qui ne sont pas en accord avec ses dirigeants. Merci \u00e0 tous. Bonne chance \u00e0 vous tous. Que Dieu vous b\u00e9nisse.<\/p>\n","protected":false},"excerpt":{"rendered":"<p>\u00c0 Munich, cet apr\u00e8s-midi, le vice-pr\u00e9sident des \u00c9tats-Unis n\u2019a pas vraiment parl\u00e9 de s\u00e9curit\u00e9 \u2014 et n\u2019a \u00e9voqu\u00e9 l\u2019Ukraine, Poutine ou la Russie qu\u2019en passant. <\/p>\n<p>Persuad\u00e9 que \u00ab&#160;&#160;la principale menace [pour l\u2019Europe vienne] de l\u2019int\u00e9rieur&#160;&#160;\u00bb, ciblant les \u00e9lites politiques et souhaitant faire sauter les cordons sanitaires \u00e9rig\u00e9s contre l\u2019extr\u00eame droite en Allemagne, J. D. Vance a articul\u00e9 pour la premi\u00e8re fois la vision maximaliste de la Maison-Blanche de Donald Trump pour le continent&#160;&#160;: un changement de r\u00e9gime.<\/p>\n<p>Nous traduisons et commentons ce discours que tous les Europ\u00e9ens devraient lire.<\/p>\n","protected":false},"author":10,"featured_media":262564,"comment_status":"closed","ping_status":"closed","sticky":false,"template":"templates\/post-speeches.php","format":"standard","meta":{"_acf_changed":true,"_trash_the_other_posts":false,"_yoast_wpseo_estimated-reading-time-minutes":26,"footnotes":""},"categories":[4217,4080],"tags":[],"staff":[1780],"editorial_format":[],"serie":[],"audience":[],"geo":[1917],"class_list":["post-262562","post","type-post","status-publish","format-standard","hentry","category-geopolitique-de-donald-trump","category-j-d-vance","staff-le-grand-continent","geo-europe"],"acf":{"open_in_webview":false,"accent":false,"_thumbnail_id":262564,"excerpt":"\u00c0 Munich, cet apr\u00e8s-midi, le vice-pr\u00e9sident des \u00c9tats-Unis n\u2019a pas vraiment parl\u00e9 de s\u00e9curit\u00e9 \u2014 et n\u2019a \u00e9voqu\u00e9 l\u2019Ukraine, Poutine ou la Russie qu\u2019en passant. \r\n\r\nPersuad\u00e9 que \u00abla principale menace [pour l\u2019Europe vienne] de l\u2019int\u00e9rieur\u00bb, ciblant les \u00e9lites politiques et souhaitant faire sauter les cordons sanitaires \u00e9rig\u00e9s contre l\u2019extr\u00eame droite en Allemagne, J. D. Vance a articul\u00e9 pour la premi\u00e8re fois la vision maximaliste de la Maison-Blanche de Donald Trump pour le continent : un changement de r\u00e9gime.\r\n\r\nNous traduisons et commentons ce discours que tous les Europ\u00e9ens devraient lire.","display_date":"","new_abstract":true},"yoast_head":"<!-- This site is optimized with the Yoast SEO plugin v26.1.1 - https:\/\/yoast.com\/wordpress\/plugins\/seo\/ -->\n<title>Changement de r\u00e9gime: le discours int\u00e9gral de J.D. Vance \u00e0 Munich | Le Grand Continent<\/title>\n<meta name=\"robots\" content=\"index, follow, max-snippet:-1, max-image-preview:large, max-video-preview:-1\" \/>\n<link rel=\"canonical\" href=\"https:\/\/legrandcontinent.eu\/fr\/2025\/02\/14\/changement-de-regime-le-discours-integral-de-j-d-vance-a-munich\/\" \/>\n<meta property=\"og:locale\" content=\"fr_FR\" \/>\n<meta property=\"og:type\" content=\"article\" \/>\n<meta property=\"og:title\" content=\"Changement de r\u00e9gime: le discours int\u00e9gral de J.D. Vance \u00e0 Munich | Le Grand Continent\" \/>\n<meta property=\"og:description\" content=\"\u00c0 Munich, cet apr\u00e8s-midi, le vice-pr\u00e9sident des \u00c9tats-Unis n\u2019a pas vraiment parl\u00e9 de s\u00e9curit\u00e9 \u2014 et n\u2019a \u00e9voqu\u00e9 l\u2019Ukraine, Poutine ou la Russie qu\u2019en passant.   Persuad\u00e9 que \u00ab&#160;la principale menace [pour l\u2019Europe vienne] de l\u2019int\u00e9rieur&#160;\u00bb, ciblant les \u00e9lites politiques et souhaitant faire sauter les cordons sanitaires \u00e9rig\u00e9s contre l\u2019extr\u00eame droite en Allemagne, J. D. Vance a articul\u00e9 pour la premi\u00e8re fois la vision maximaliste de la Maison-Blanche de Donald Trump pour le continent&#160;: un changement de r\u00e9gime.  Nous traduisons et commentons ce discours que tous les Europ\u00e9ens devraient lire.\" \/>\n<meta property=\"og:url\" content=\"https:\/\/legrandcontinent.eu\/fr\/2025\/02\/14\/changement-de-regime-le-discours-integral-de-j-d-vance-a-munich\/\" \/>\n<meta property=\"og:site_name\" content=\"Le Grand Continent\" \/>\n<meta property=\"article:published_time\" content=\"2025-02-14T16:36:41+00:00\" \/>\n<meta property=\"article:modified_time\" content=\"2025-02-14T19:30:11+00:00\" \/>\n<meta property=\"og:image\" content=\"https:\/\/legrandcontinent.eu\/fr\/wp-content\/uploads\/sites\/2\/2025\/02\/gc-vancemunich-scaled.jpg\" \/>\n\t<meta property=\"og:image:width\" content=\"2560\" \/>\n\t<meta property=\"og:image:height\" content=\"1440\" \/>\n\t<meta property=\"og:image:type\" content=\"image\/jpeg\" \/>\n<meta name=\"author\" content=\"Matheo Malik\" \/>\n<meta name=\"twitter:card\" content=\"summary_large_image\" \/>\n<meta name=\"twitter:image\" content=\"https:\/\/legrandcontinent.eu\/fr\/wp-content\/uploads\/sites\/2\/2025\/02\/gc-vancemunich-scaled.jpg\" \/>\n<meta name=\"twitter:label1\" content=\"\u00c9crit par\" \/>\n\t<meta name=\"twitter:data1\" content=\"Matheo Malik\" \/>\n\t<meta name=\"twitter:label2\" content=\"Dur\u00e9e de lecture estim\u00e9e\" \/>\n\t<meta name=\"twitter:data2\" content=\"26 minutes\" \/>\n<script type=\"application\/ld+json\" class=\"yoast-schema-graph\">{\"@context\":\"https:\/\/schema.org\",\"@graph\":[{\"@type\":\"WebPage\",\"@id\":\"https:\/\/legrandcontinent.eu\/fr\/2025\/02\/14\/changement-de-regime-le-discours-integral-de-j-d-vance-a-munich\/\",\"url\":\"https:\/\/legrandcontinent.eu\/fr\/2025\/02\/14\/changement-de-regime-le-discours-integral-de-j-d-vance-a-munich\/\",\"name\":\"Changement de r\u00e9gime: le discours int\u00e9gral de J.D. Vance \u00e0 Munich | Le Grand Continent\",\"isPartOf\":{\"@id\":\"https:\/\/legrandcontinent.eu\/fr\/#website\"},\"primaryImageOfPage\":{\"@id\":\"https:\/\/legrandcontinent.eu\/fr\/2025\/02\/14\/changement-de-regime-le-discours-integral-de-j-d-vance-a-munich\/#primaryimage\"},\"image\":{\"@id\":\"https:\/\/legrandcontinent.eu\/fr\/2025\/02\/14\/changement-de-regime-le-discours-integral-de-j-d-vance-a-munich\/#primaryimage\"},\"thumbnailUrl\":\"https:\/\/legrandcontinent.eu\/fr\/wp-content\/uploads\/sites\/2\/2025\/02\/SIPA_shutterstock41260385_000021-scaled.jpg\",\"datePublished\":\"2025-02-14T16:36:41+00:00\",\"dateModified\":\"2025-02-14T19:30:11+00:00\",\"author\":{\"@id\":\"https:\/\/legrandcontinent.eu\/fr\/#\/schema\/person\/a1c2123a1ef5abd663fcde8f63063d45\"},\"breadcrumb\":{\"@id\":\"https:\/\/legrandcontinent.eu\/fr\/2025\/02\/14\/changement-de-regime-le-discours-integral-de-j-d-vance-a-munich\/#breadcrumb\"},\"inLanguage\":\"fr-FR\",\"potentialAction\":[{\"@type\":\"ReadAction\",\"target\":[\"https:\/\/legrandcontinent.eu\/fr\/2025\/02\/14\/changement-de-regime-le-discours-integral-de-j-d-vance-a-munich\/\"]}]},{\"@type\":\"ImageObject\",\"inLanguage\":\"fr-FR\",\"@id\":\"https:\/\/legrandcontinent.eu\/fr\/2025\/02\/14\/changement-de-regime-le-discours-integral-de-j-d-vance-a-munich\/#primaryimage\",\"url\":\"https:\/\/legrandcontinent.eu\/fr\/wp-content\/uploads\/sites\/2\/2025\/02\/SIPA_shutterstock41260385_000021-scaled.jpg\",\"contentUrl\":\"https:\/\/legrandcontinent.eu\/fr\/wp-content\/uploads\/sites\/2\/2025\/02\/SIPA_shutterstock41260385_000021-scaled.jpg\",\"width\":2560,\"height\":1707,\"caption\":\"\u00a9 DTS News Agency Germany\/Shutterstock\"},{\"@type\":\"BreadcrumbList\",\"@id\":\"https:\/\/legrandcontinent.eu\/fr\/2025\/02\/14\/changement-de-regime-le-discours-integral-de-j-d-vance-a-munich\/#breadcrumb\",\"itemListElement\":[{\"@type\":\"ListItem\",\"position\":1,\"name\":\"Accueil\",\"item\":\"https:\/\/legrandcontinent.eu\/fr\/\"},{\"@type\":\"ListItem\",\"position\":2,\"name\":\"Changement de r\u00e9gime&#160;: le discours int\u00e9gral de J.D. Vance \u00e0 Munich\"}]},{\"@type\":\"WebSite\",\"@id\":\"https:\/\/legrandcontinent.eu\/fr\/#website\",\"url\":\"https:\/\/legrandcontinent.eu\/fr\/\",\"name\":\"Le Grand Continent\",\"description\":\"L&#039;\u00e9chelle pertinente\",\"potentialAction\":[{\"@type\":\"SearchAction\",\"target\":{\"@type\":\"EntryPoint\",\"urlTemplate\":\"https:\/\/legrandcontinent.eu\/fr\/?s={search_term_string}\"},\"query-input\":{\"@type\":\"PropertyValueSpecification\",\"valueRequired\":true,\"valueName\":\"search_term_string\"}}],\"inLanguage\":\"fr-FR\"},{\"@type\":\"Person\",\"@id\":\"https:\/\/legrandcontinent.eu\/fr\/#\/schema\/person\/a1c2123a1ef5abd663fcde8f63063d45\",\"name\":\"Matheo Malik\",\"image\":{\"@type\":\"ImageObject\",\"inLanguage\":\"fr-FR\",\"@id\":\"https:\/\/legrandcontinent.eu\/fr\/#\/schema\/person\/image\/\",\"url\":\"https:\/\/secure.gravatar.com\/avatar\/62cbadb9f7f0804282928747d8d2051d?s=96&d=mm&r=g\",\"contentUrl\":\"https:\/\/secure.gravatar.com\/avatar\/62cbadb9f7f0804282928747d8d2051d?s=96&d=mm&r=g\",\"caption\":\"Matheo Malik\"}}]}<\/script>\n<!-- \/ Yoast SEO plugin. -->","yoast_head_json":{"title":"Changement de r\u00e9gime: le discours int\u00e9gral de J.D. Vance \u00e0 Munich | Le Grand Continent","robots":{"index":"index","follow":"follow","max-snippet":"max-snippet:-1","max-image-preview":"max-image-preview:large","max-video-preview":"max-video-preview:-1"},"canonical":"https:\/\/legrandcontinent.eu\/fr\/2025\/02\/14\/changement-de-regime-le-discours-integral-de-j-d-vance-a-munich\/","og_locale":"fr_FR","og_type":"article","og_title":"Changement de r\u00e9gime: le discours int\u00e9gral de J.D. Vance \u00e0 Munich | Le Grand Continent","og_description":"\u00c0 Munich, cet apr\u00e8s-midi, le vice-pr\u00e9sident des \u00c9tats-Unis n\u2019a pas vraiment parl\u00e9 de s\u00e9curit\u00e9 \u2014 et n\u2019a \u00e9voqu\u00e9 l\u2019Ukraine, Poutine ou la Russie qu\u2019en passant.   Persuad\u00e9 que \u00ab&#160;la principale menace [pour l\u2019Europe vienne] de l\u2019int\u00e9rieur&#160;\u00bb, ciblant les \u00e9lites politiques et souhaitant faire sauter les cordons sanitaires \u00e9rig\u00e9s contre l\u2019extr\u00eame droite en Allemagne, J. D. Vance a articul\u00e9 pour la premi\u00e8re fois la vision maximaliste de la Maison-Blanche de Donald Trump pour le continent&#160;: un changement de r\u00e9gime.  Nous traduisons et commentons ce discours que tous les Europ\u00e9ens devraient lire.","og_url":"https:\/\/legrandcontinent.eu\/fr\/2025\/02\/14\/changement-de-regime-le-discours-integral-de-j-d-vance-a-munich\/","og_site_name":"Le Grand Continent","article_published_time":"2025-02-14T16:36:41+00:00","article_modified_time":"2025-02-14T19:30:11+00:00","og_image":[{"width":2560,"height":1440,"url":"https:\/\/legrandcontinent.eu\/fr\/wp-content\/uploads\/sites\/2\/2025\/02\/gc-vancemunich-scaled.jpg","type":"image\/jpeg"}],"author":"Matheo Malik","twitter_card":"summary_large_image","twitter_image":"https:\/\/legrandcontinent.eu\/fr\/wp-content\/uploads\/sites\/2\/2025\/02\/gc-vancemunich-scaled.jpg","twitter_misc":{"\u00c9crit par":"Matheo Malik","Dur\u00e9e de lecture estim\u00e9e":"26 minutes"},"schema":{"@context":"https:\/\/schema.org","@graph":[{"@type":"WebPage","@id":"https:\/\/legrandcontinent.eu\/fr\/2025\/02\/14\/changement-de-regime-le-discours-integral-de-j-d-vance-a-munich\/","url":"https:\/\/legrandcontinent.eu\/fr\/2025\/02\/14\/changement-de-regime-le-discours-integral-de-j-d-vance-a-munich\/","name":"Changement de r\u00e9gime: le discours int\u00e9gral de J.D. Vance \u00e0 Munich | Le Grand Continent","isPartOf":{"@id":"https:\/\/legrandcontinent.eu\/fr\/#website"},"primaryImageOfPage":{"@id":"https:\/\/legrandcontinent.eu\/fr\/2025\/02\/14\/changement-de-regime-le-discours-integral-de-j-d-vance-a-munich\/#primaryimage"},"image":{"@id":"https:\/\/legrandcontinent.eu\/fr\/2025\/02\/14\/changement-de-regime-le-discours-integral-de-j-d-vance-a-munich\/#primaryimage"},"thumbnailUrl":"https:\/\/legrandcontinent.eu\/fr\/wp-content\/uploads\/sites\/2\/2025\/02\/SIPA_shutterstock41260385_000021-scaled.jpg","datePublished":"2025-02-14T16:36:41+00:00","dateModified":"2025-02-14T19:30:11+00:00","author":{"@id":"https:\/\/legrandcontinent.eu\/fr\/#\/schema\/person\/a1c2123a1ef5abd663fcde8f63063d45"},"breadcrumb":{"@id":"https:\/\/legrandcontinent.eu\/fr\/2025\/02\/14\/changement-de-regime-le-discours-integral-de-j-d-vance-a-munich\/#breadcrumb"},"inLanguage":"fr-FR","potentialAction":[{"@type":"ReadAction","target":["https:\/\/legrandcontinent.eu\/fr\/2025\/02\/14\/changement-de-regime-le-discours-integral-de-j-d-vance-a-munich\/"]}]},{"@type":"ImageObject","inLanguage":"fr-FR","@id":"https:\/\/legrandcontinent.eu\/fr\/2025\/02\/14\/changement-de-regime-le-discours-integral-de-j-d-vance-a-munich\/#primaryimage","url":"https:\/\/legrandcontinent.eu\/fr\/wp-content\/uploads\/sites\/2\/2025\/02\/SIPA_shutterstock41260385_000021-scaled.jpg","contentUrl":"https:\/\/legrandcontinent.eu\/fr\/wp-content\/uploads\/sites\/2\/2025\/02\/SIPA_shutterstock41260385_000021-scaled.jpg","width":2560,"height":1707,"caption":"\u00a9 DTS News Agency Germany\/Shutterstock"},{"@type":"BreadcrumbList","@id":"https:\/\/legrandcontinent.eu\/fr\/2025\/02\/14\/changement-de-regime-le-discours-integral-de-j-d-vance-a-munich\/#breadcrumb","itemListElement":[{"@type":"ListItem","position":1,"name":"Accueil","item":"https:\/\/legrandcontinent.eu\/fr\/"},{"@type":"ListItem","position":2,"name":"Changement de r\u00e9gime&#160;: le discours int\u00e9gral de J.D. Vance \u00e0 Munich"}]},{"@type":"WebSite","@id":"https:\/\/legrandcontinent.eu\/fr\/#website","url":"https:\/\/legrandcontinent.eu\/fr\/","name":"Le Grand Continent","description":"L&#039;\u00e9chelle pertinente","potentialAction":[{"@type":"SearchAction","target":{"@type":"EntryPoint","urlTemplate":"https:\/\/legrandcontinent.eu\/fr\/?s={search_term_string}"},"query-input":{"@type":"PropertyValueSpecification","valueRequired":true,"valueName":"search_term_string"}}],"inLanguage":"fr-FR"},{"@type":"Person","@id":"https:\/\/legrandcontinent.eu\/fr\/#\/schema\/person\/a1c2123a1ef5abd663fcde8f63063d45","name":"Matheo Malik","image":{"@type":"ImageObject","inLanguage":"fr-FR","@id":"https:\/\/legrandcontinent.eu\/fr\/#\/schema\/person\/image\/","url":"https:\/\/secure.gravatar.com\/avatar\/62cbadb9f7f0804282928747d8d2051d?s=96&d=mm&r=g","contentUrl":"https:\/\/secure.gravatar.com\/avatar\/62cbadb9f7f0804282928747d8d2051d?s=96&d=mm&r=g","caption":"Matheo Malik"}}]}},"lgc_categories":[{"id":4217,"name":"G\u00e9opolitique de Donald Trump","slug":"geopolitique-de-donald-trump"},{"id":4080,"name":"J. D. Vance","slug":"j-d-vance"}],"lgc_author":{"id":1780,"name":"Le Grand Continent","slug":"le-grand-continent","description":null,"first_name":null,"last_name":null,"picture":null},"feature_image_summary":{"url":"https:\/\/legrandcontinent.eu\/fr\/wp-content\/uploads\/sites\/2\/2025\/02\/SIPA_shutterstock41260385_000021-scaled.jpg","width":2560,"height":1707,"alt":""},"feature_image_cover":{"url":"https:\/\/legrandcontinent.eu\/fr\/wp-content\/uploads\/sites\/2\/2025\/02\/SIPA_shutterstock41260385_000021-scaled.jpg","width":2560,"height":1707,"alt":""},"term_position_data":null,"_links":{"self":[{"href":"https:\/\/legrandcontinent.eu\/fr\/wp-json\/wp\/v2\/posts\/262562","targetHints":{"allow":["GET"]}}],"collection":[{"href":"https:\/\/legrandcontinent.eu\/fr\/wp-json\/wp\/v2\/posts"}],"about":[{"href":"https:\/\/legrandcontinent.eu\/fr\/wp-json\/wp\/v2\/types\/post"}],"author":[{"embeddable":true,"href":"https:\/\/legrandcontinent.eu\/fr\/wp-json\/wp\/v2\/users\/10"}],"replies":[{"embeddable":true,"href":"https:\/\/legrandcontinent.eu\/fr\/wp-json\/wp\/v2\/comments?post=262562"}],"version-history":[{"count":0,"href":"https:\/\/legrandcontinent.eu\/fr\/wp-json\/wp\/v2\/posts\/262562\/revisions"}],"wp:featuredmedia":[{"embeddable":true,"href":"https:\/\/legrandcontinent.eu\/fr\/wp-json\/wp\/v2\/media\/262564"}],"wp:attachment":[{"href":"https:\/\/legrandcontinent.eu\/fr\/wp-json\/wp\/v2\/media?parent=262562"}],"wp:term":[{"taxonomy":"category","embeddable":true,"href":"https:\/\/legrandcontinent.eu\/fr\/wp-json\/wp\/v2\/categories?post=262562"},{"taxonomy":"post_tag","embeddable":true,"href":"https:\/\/legrandcontinent.eu\/fr\/wp-json\/wp\/v2\/tags?post=262562"},{"taxonomy":"staff","embeddable":true,"href":"https:\/\/legrandcontinent.eu\/fr\/wp-json\/wp\/v2\/staff?post=262562"},{"taxonomy":"editorial_format","embeddable":true,"href":"https:\/\/legrandcontinent.eu\/fr\/wp-json\/wp\/v2\/editorial_format?post=262562"},{"taxonomy":"serie","embeddable":true,"href":"https:\/\/legrandcontinent.eu\/fr\/wp-json\/wp\/v2\/serie?post=262562"},{"taxonomy":"audience","embeddable":true,"href":"https:\/\/legrandcontinent.eu\/fr\/wp-json\/wp\/v2\/audience?post=262562"},{"taxonomy":"geo","embeddable":true,"href":"https:\/\/legrandcontinent.eu\/fr\/wp-json\/wp\/v2\/geo?post=262562"}],"curies":[{"name":"wp","href":"https:\/\/api.w.org\/{rel}","templated":true}]}}