{"id":257266,"date":"2025-01-07T06:30:00","date_gmt":"2025-01-07T05:30:00","guid":{"rendered":"https:\/\/legrandcontinent.eu\/fr\/?p=257266"},"modified":"2025-01-07T10:12:06","modified_gmt":"2025-01-07T09:12:06","slug":"en-iran-le-regime-a-execute-1-000-personnes-en-2024","status":"publish","type":"post","link":"https:\/\/legrandcontinent.eu\/fr\/2025\/01\/07\/en-iran-le-regime-a-execute-1-000-personnes-en-2024\/","title":{"rendered":"Iran&#160;: le r\u00e9gime a ex\u00e9cut\u00e9 1 000 personnes en 2024"},"content":{"rendered":"\n<p>Selon un rapport du Conseil national de la r\u00e9sistance iranienne (CNRI), un groupe d\u2019opposition au r\u00e9gime en exil, au moins 1 000 prisonniers auraient \u00e9t\u00e9 tu\u00e9s l\u2019an dernier en Iran. Le premier jour de l\u2019ann\u00e9e 2025 aurait \u00e9galement \u00e9t\u00e9 marqu\u00e9 par 12 pendaisons, dont 5 dans la prison de Ghezel Hesar&nbsp;<span class='whitespace-nowrap'><span id='easy-footnote-1-257266' class='easy-footnote-margin-adjust'><\/span><span class='easy-footnote'><a href='https:\/\/legrandcontinent.eu\/fr\/2025\/01\/07\/en-iran-le-regime-a-execute-1-000-personnes-en-2024\/#easy-footnote-bottom-1-257266' title='&lt;a href=&quot;https:\/\/www.ncr-iran.org\/en\/ncri-statements\/statement-human-rights\/iran-khameneis-new-record-in-executions-and-crimes\/&quot;&gt;Iran&amp;#160;: Khamenei\u2019s New Record in Executions and Crimes&lt;\/a&gt;, National Council of Resistance of Iran, 2 janvier 2025'><sup>1<\/sup><\/a><\/span><\/span>.<\/p>\n\n\n\n<ul class=\"wp-block-list\">\n<li>Le chiffre avanc\u00e9 par le CNRI est cr\u00e9dible, bien qu\u2019il n\u2019ait pas encore \u00e9t\u00e9 confirm\u00e9 par les organisations de r\u00e9f\u00e9rence pour le d\u00e9compte des ex\u00e9cutions capitales dans le monde, comme Ensemble contre la peine de mort, qui publie chaque ann\u00e9e un rapport sur les ex\u00e9cutions en Iran en partenariat avec l\u2019ONG Human Rights Iran.<\/li>\n\n\n\n<li>Selon le dernier rapport de ces deux organisations, au moins 834 ex\u00e9cutions capitales ont eu lieu en Iran en 2023, soit une augmentation de 43&#160;% par rapport \u00e0 2022 (582 ex\u00e9cutions)&nbsp;<span class='whitespace-nowrap'><span id='easy-footnote-2-257266' class='easy-footnote-margin-adjust'><\/span><span class='easy-footnote'><a href='https:\/\/legrandcontinent.eu\/fr\/2025\/01\/07\/en-iran-le-regime-a-execute-1-000-personnes-en-2024\/#easy-footnote-bottom-2-257266' title='&lt;a href=&quot;https:\/\/www.ecpm.org\/app\/uploads\/2024\/03\/Full-Report-The-death-penalty-in-Iran-2023.pdf&quot;&gt;Annual Report On The Death Penalty In Iran 2023&lt;\/a&gt;, Ensemble contre la peine de mort (ECPM) et Human Rights Iran, mars 2024'><sup>2<\/sup><\/a><\/span><\/span>.<\/li>\n\n\n\n<li>Seulement 15&#160;% des ex\u00e9cutions sont annonc\u00e9es officiellement par les autorit\u00e9s iraniennes.<\/li>\n<\/ul>\n\n\n\n<div class=\"iframe-container wp-block-image wp-block-image-medium  iframe-dw\">\n\t<div>\n\t\t<iframe class=\"absolute w-full h-full pin-t pin-l\" title=\"titolo\" aria-label=\"Interactive line chart\" src=\"\/\/datawrapper.dwcdn.net\/pOF13\" scrolling=\"no\" frameborder=\"0\"><\/iframe>\n\t<\/div>\n<\/div>\n\n\n\n<p>Les chiffres sont le r\u00e9sultat d\u2019un travail de recherche de l\u2019ONG Human Rights Iran qui repose sur des t\u00e9moins directs des ex\u00e9cutions, des membres des familles, des avocats ainsi que des sources internes aux prisons iraniennes. Les chiffres annonc\u00e9s sont donc probablement inf\u00e9rieurs \u00e0 la r\u00e9alit\u00e9. Ainsi, 50 ex\u00e9cutions port\u00e9es \u00e0 l\u2019attention de l\u2019ONG n\u2019ont pas \u00e9t\u00e9 comptabilis\u00e9es dans le total, faute de t\u00e9moignages concordants suffisants pour les corroborer.<\/p>\n\n\n\n<p>Au moins 56&#160;% des ex\u00e9cutions sont li\u00e9es \u00e0 des condamnations pour trafic de stup\u00e9fiants.<\/p>\n\n\n\n<ul class=\"wp-block-list\">\n<li>L\u2019Iran est l&rsquo;un des pays les plus concern\u00e9s au monde par l\u2019addiction aux drogues dures, qui touche entre 2 et 7&#160;% de la population. Cette r\u00e9alit\u00e9 s\u2019explique en partie par la porosit\u00e9 de la fronti\u00e8re avec l\u2019Afghanistan, pays qui abrite l&rsquo;un des principaux producteurs d\u2019opiac\u00e9s au monde \u2014 malgr\u00e9 la baisse de la production depuis l\u2019arriv\u00e9e au pouvoir des talibans \u2014 dont les exportations transitent principalement par l\u2019Iran.<\/li>\n<\/ul>\n\n\n\n<ul class=\"wp-block-list\">\n<li>Un amendement apport\u00e9 \u00e0 la loi de lutte contre le trafic de drogue pass\u00e9 en 2017 avait contribu\u00e9 \u00e0 consid\u00e9rablement diminuer le nombre d\u2019ex\u00e9cutions en 2018-2021, avant que celui-ci ne soit supprim\u00e9.<\/li>\n\n\n\n<li>D\u2019apr\u00e8s Ensemble contre la peine de mort, la communaut\u00e9 internationale et notamment l\u2019Office des Nations unies contre la drogue et le crime exerceraient une pression insuffisante sur le gouvernement iranien et continueraient \u00e0 financer des projets de lutte contre le trafic de drogue malgr\u00e9 les m\u00e9thodes r\u00e9pressives du r\u00e9gime.<\/li>\n<\/ul>\n\n\n\n<div class=\"iframe-container wp-block-image wp-block-image-medium  iframe-dw\">\n\t<div>\n\t\t<iframe class=\"absolute w-full h-full pin-t pin-l\" title=\"titolo\" aria-label=\"Interactive line chart\" src=\"\/\/datawrapper.dwcdn.net\/OSkiT\" scrolling=\"no\" frameborder=\"0\"><\/iframe>\n\t<\/div>\n<\/div>\n\n\n\n<ul class=\"wp-block-list\">\n<li>Avec 853 ex\u00e9cutions sur 1 153, l\u2019Iran repr\u00e9sente les trois-quarts des ex\u00e9cutions capitales document\u00e9es dans le monde en 2023 par Amnesty International, sans compter les milliers d\u2019ex\u00e9cutions en R\u00e9publique populaire de Chine, dont le nombre exact n\u2019est pas connu.<\/li>\n<\/ul>\n\n\n\n<div class=\"iframe-container wp-block-image wp-block-image-medium  iframe-dw\">\n\t<div>\n\t\t<iframe class=\"absolute w-full h-full pin-t pin-l\" title=\"titolo\" aria-label=\"Interactive line chart\" src=\"\/\/datawrapper.dwcdn.net\/CZkHx\/\" scrolling=\"no\" frameborder=\"0\"><\/iframe>\n\t<\/div>\n<\/div>\n\n\n\n<p>L\u2019augmentation massive du nombre d\u2019ex\u00e9cutions en 2023 et 2024 est aussi en grand partie li\u00e9e \u00e0 l\u2019intensification de la r\u00e9pression du r\u00e9gime iranien en r\u00e9action au <a href=\"https:\/\/legrandcontinent.eu\/fr\/2023\/09\/17\/etre-une-femme-en-iran-un-an-apres-mahsa-jina-amini\/\">mouvement Femme, vie, libert\u00e9<\/a> de septembre-d\u00e9cembre 2022. <a href=\"https:\/\/legrandcontinent.eu\/fr\/2022\/11\/15\/iran-les-symboles-dune-revolte-une-conversation-avec-farhad-khosrokhavar\/\">Pour le chercheur Farhad Khosrokhavar<\/a>, le r\u00e9gime iranien est devenu progressivement une thanatocratie qui \u00ab&#160;remet en cause la l\u00e9gitimit\u00e9 du pouvoir dans la mesure o\u00f9 elle ne peut pas donner la vie, ne peut pas encourager la vie et ne peut abonder que dans le sens de la mort&#160;\u00bb.<\/p>\n","protected":false},"excerpt":{"rendered":"<p>Selon un rapport du Conseil national de la r\u00e9sistance iranienne, au moins 1 000 prisonniers auraient \u00e9t\u00e9 ex\u00e9cut\u00e9s dans les prisons iraniennes l\u2019an dernier \u2014 le chiffre le plus \u00e9lev\u00e9 depuis au moins 30 ans. L\u2019augmentation du nombre de mises \u00e0 mort est corr\u00e9l\u00e9e \u00e0 l\u2019intensification de la r\u00e9pression exerc\u00e9e par le r\u00e9gime en r\u00e9action au mouvement Femme, vie, libert\u00e9.<\/p>\n","protected":false},"author":2622,"featured_media":257273,"comment_status":"closed","ping_status":"closed","sticky":false,"template":"templates\/post-briefings.php","format":"standard","meta":{"_acf_changed":true,"_trash_the_other_posts":false,"_yoast_wpseo_estimated-reading-time-minutes":3,"footnotes":""},"categories":[1731],"tags":[],"staff":[],"editorial_format":[],"serie":[],"audience":[],"geo":[530],"class_list":["post-257266","post","type-post","status-publish","format-standard","hentry","category-politique","geo-asie-intermediaire"],"acf":{"open_in_webview":false,"accent":false},"yoast_head":"<!-- This site is optimized with the Yoast SEO plugin v26.1.1 - https:\/\/yoast.com\/wordpress\/plugins\/seo\/ -->\n<title>Iran : le r\u00e9gime a ex\u00e9cut\u00e9 1 000 personnes en 2024 | Le Grand Continent<\/title>\n<meta name=\"robots\" content=\"index, follow, max-snippet:-1, max-image-preview:large, max-video-preview:-1\" \/>\n<link rel=\"canonical\" href=\"https:\/\/legrandcontinent.eu\/fr\/2025\/01\/07\/en-iran-le-regime-a-execute-1-000-personnes-en-2024\/\" \/>\n<meta property=\"og:locale\" content=\"fr_FR\" \/>\n<meta property=\"og:type\" content=\"article\" \/>\n<meta property=\"og:title\" content=\"Iran : le r\u00e9gime a ex\u00e9cut\u00e9 1 000 personnes en 2024 | Le Grand Continent\" \/>\n<meta property=\"og:description\" content=\"Selon un rapport du Conseil national de la r\u00e9sistance iranienne, au moins 1 000 prisonniers auraient \u00e9t\u00e9 ex\u00e9cut\u00e9s dans les prisons iraniennes l\u2019an dernier \u2014 le chiffre le plus \u00e9lev\u00e9 depuis au moins 30 ans. L\u2019augmentation du nombre de mises \u00e0 mort est corr\u00e9l\u00e9e \u00e0 l\u2019intensification de la r\u00e9pression exerc\u00e9e par le r\u00e9gime en r\u00e9action au mouvement Femme, vie, libert\u00e9.\" \/>\n<meta property=\"og:url\" content=\"https:\/\/legrandcontinent.eu\/fr\/2025\/01\/07\/en-iran-le-regime-a-execute-1-000-personnes-en-2024\/\" \/>\n<meta property=\"og:site_name\" content=\"Le Grand Continent\" \/>\n<meta property=\"article:published_time\" content=\"2025-01-07T05:30:00+00:00\" \/>\n<meta property=\"article:modified_time\" content=\"2025-01-07T09:12:06+00:00\" \/>\n<meta property=\"og:image\" content=\"https:\/\/legrandcontinent.eu\/fr\/wp-content\/uploads\/sites\/2\/2025\/01\/gc-share-executions-Iran-2024.png\" \/>\n\t<meta property=\"og:image:width\" content=\"1908\" \/>\n\t<meta property=\"og:image:height\" content=\"1068\" \/>\n\t<meta property=\"og:image:type\" content=\"image\/png\" \/>\n<meta name=\"author\" content=\"Marin Saillofest\" \/>\n<meta name=\"twitter:card\" content=\"summary_large_image\" \/>\n<meta name=\"twitter:image\" content=\"https:\/\/legrandcontinent.eu\/fr\/wp-content\/uploads\/sites\/2\/2025\/01\/gc-share-executions-Iran-2024.png\" \/>\n<meta name=\"twitter:label1\" content=\"\u00c9crit par\" \/>\n\t<meta name=\"twitter:data1\" content=\"Marin Saillofest\" \/>\n\t<meta name=\"twitter:label2\" content=\"Dur\u00e9e de lecture estim\u00e9e\" \/>\n\t<meta name=\"twitter:data2\" content=\"3 minutes\" \/>\n<script type=\"application\/ld+json\" class=\"yoast-schema-graph\">{\"@context\":\"https:\/\/schema.org\",\"@graph\":[{\"@type\":\"WebPage\",\"@id\":\"https:\/\/legrandcontinent.eu\/fr\/2025\/01\/07\/en-iran-le-regime-a-execute-1-000-personnes-en-2024\/\",\"url\":\"https:\/\/legrandcontinent.eu\/fr\/2025\/01\/07\/en-iran-le-regime-a-execute-1-000-personnes-en-2024\/\",\"name\":\"Iran : le r\u00e9gime a ex\u00e9cut\u00e9 1 000 personnes en 2024 | Le Grand Continent\",\"isPartOf\":{\"@id\":\"https:\/\/legrandcontinent.eu\/fr\/#website\"},\"primaryImageOfPage\":{\"@id\":\"https:\/\/legrandcontinent.eu\/fr\/2025\/01\/07\/en-iran-le-regime-a-execute-1-000-personnes-en-2024\/#primaryimage\"},\"image\":{\"@id\":\"https:\/\/legrandcontinent.eu\/fr\/2025\/01\/07\/en-iran-le-regime-a-execute-1-000-personnes-en-2024\/#primaryimage\"},\"thumbnailUrl\":\"https:\/\/legrandcontinent.eu\/fr\/wp-content\/uploads\/sites\/2\/2025\/01\/gc-executions-Iran-2024.png\",\"datePublished\":\"2025-01-07T05:30:00+00:00\",\"dateModified\":\"2025-01-07T09:12:06+00:00\",\"author\":{\"@id\":\"https:\/\/legrandcontinent.eu\/fr\/#\/schema\/person\/e4f85f52220fc7b4cc3cfdb86d88e833\"},\"breadcrumb\":{\"@id\":\"https:\/\/legrandcontinent.eu\/fr\/2025\/01\/07\/en-iran-le-regime-a-execute-1-000-personnes-en-2024\/#breadcrumb\"},\"inLanguage\":\"fr-FR\",\"potentialAction\":[{\"@type\":\"ReadAction\",\"target\":[\"https:\/\/legrandcontinent.eu\/fr\/2025\/01\/07\/en-iran-le-regime-a-execute-1-000-personnes-en-2024\/\"]}]},{\"@type\":\"ImageObject\",\"inLanguage\":\"fr-FR\",\"@id\":\"https:\/\/legrandcontinent.eu\/fr\/2025\/01\/07\/en-iran-le-regime-a-execute-1-000-personnes-en-2024\/#primaryimage\",\"url\":\"https:\/\/legrandcontinent.eu\/fr\/wp-content\/uploads\/sites\/2\/2025\/01\/gc-executions-Iran-2024.png\",\"contentUrl\":\"https:\/\/legrandcontinent.eu\/fr\/wp-content\/uploads\/sites\/2\/2025\/01\/gc-executions-Iran-2024.png\",\"width\":1904,\"height\":1068},{\"@type\":\"BreadcrumbList\",\"@id\":\"https:\/\/legrandcontinent.eu\/fr\/2025\/01\/07\/en-iran-le-regime-a-execute-1-000-personnes-en-2024\/#breadcrumb\",\"itemListElement\":[{\"@type\":\"ListItem\",\"position\":1,\"name\":\"Accueil\",\"item\":\"https:\/\/legrandcontinent.eu\/fr\/\"},{\"@type\":\"ListItem\",\"position\":2,\"name\":\"Iran&#160;: le r\u00e9gime a ex\u00e9cut\u00e9 1 000 personnes en 2024\"}]},{\"@type\":\"WebSite\",\"@id\":\"https:\/\/legrandcontinent.eu\/fr\/#website\",\"url\":\"https:\/\/legrandcontinent.eu\/fr\/\",\"name\":\"Le Grand Continent\",\"description\":\"L&#039;\u00e9chelle pertinente\",\"potentialAction\":[{\"@type\":\"SearchAction\",\"target\":{\"@type\":\"EntryPoint\",\"urlTemplate\":\"https:\/\/legrandcontinent.eu\/fr\/?s={search_term_string}\"},\"query-input\":{\"@type\":\"PropertyValueSpecification\",\"valueRequired\":true,\"valueName\":\"search_term_string\"}}],\"inLanguage\":\"fr-FR\"},{\"@type\":\"Person\",\"@id\":\"https:\/\/legrandcontinent.eu\/fr\/#\/schema\/person\/e4f85f52220fc7b4cc3cfdb86d88e833\",\"name\":\"Marin Saillofest\",\"image\":{\"@type\":\"ImageObject\",\"inLanguage\":\"fr-FR\",\"@id\":\"https:\/\/legrandcontinent.eu\/fr\/#\/schema\/person\/image\/\",\"url\":\"https:\/\/secure.gravatar.com\/avatar\/87088698b4d967390c49ae6d4f1aa459?s=96&d=mm&r=g\",\"contentUrl\":\"https:\/\/secure.gravatar.com\/avatar\/87088698b4d967390c49ae6d4f1aa459?s=96&d=mm&r=g\",\"caption\":\"Marin Saillofest\"}}]}<\/script>\n<!-- \/ Yoast SEO plugin. -->","yoast_head_json":{"title":"Iran : le r\u00e9gime a ex\u00e9cut\u00e9 1 000 personnes en 2024 | Le Grand Continent","robots":{"index":"index","follow":"follow","max-snippet":"max-snippet:-1","max-image-preview":"max-image-preview:large","max-video-preview":"max-video-preview:-1"},"canonical":"https:\/\/legrandcontinent.eu\/fr\/2025\/01\/07\/en-iran-le-regime-a-execute-1-000-personnes-en-2024\/","og_locale":"fr_FR","og_type":"article","og_title":"Iran : le r\u00e9gime a ex\u00e9cut\u00e9 1 000 personnes en 2024 | Le Grand Continent","og_description":"Selon un rapport du Conseil national de la r\u00e9sistance iranienne, au moins 1 000 prisonniers auraient \u00e9t\u00e9 ex\u00e9cut\u00e9s dans les prisons iraniennes l\u2019an dernier \u2014 le chiffre le plus \u00e9lev\u00e9 depuis au moins 30 ans. L\u2019augmentation du nombre de mises \u00e0 mort est corr\u00e9l\u00e9e \u00e0 l\u2019intensification de la r\u00e9pression exerc\u00e9e par le r\u00e9gime en r\u00e9action au mouvement Femme, vie, libert\u00e9.","og_url":"https:\/\/legrandcontinent.eu\/fr\/2025\/01\/07\/en-iran-le-regime-a-execute-1-000-personnes-en-2024\/","og_site_name":"Le Grand Continent","article_published_time":"2025-01-07T05:30:00+00:00","article_modified_time":"2025-01-07T09:12:06+00:00","og_image":[{"width":1908,"height":1068,"url":"https:\/\/legrandcontinent.eu\/fr\/wp-content\/uploads\/sites\/2\/2025\/01\/gc-share-executions-Iran-2024.png","type":"image\/png"}],"author":"Marin Saillofest","twitter_card":"summary_large_image","twitter_image":"https:\/\/legrandcontinent.eu\/fr\/wp-content\/uploads\/sites\/2\/2025\/01\/gc-share-executions-Iran-2024.png","twitter_misc":{"\u00c9crit par":"Marin Saillofest","Dur\u00e9e de lecture estim\u00e9e":"3 minutes"},"schema":{"@context":"https:\/\/schema.org","@graph":[{"@type":"WebPage","@id":"https:\/\/legrandcontinent.eu\/fr\/2025\/01\/07\/en-iran-le-regime-a-execute-1-000-personnes-en-2024\/","url":"https:\/\/legrandcontinent.eu\/fr\/2025\/01\/07\/en-iran-le-regime-a-execute-1-000-personnes-en-2024\/","name":"Iran : le r\u00e9gime a ex\u00e9cut\u00e9 1 000 personnes en 2024 | Le Grand Continent","isPartOf":{"@id":"https:\/\/legrandcontinent.eu\/fr\/#website"},"primaryImageOfPage":{"@id":"https:\/\/legrandcontinent.eu\/fr\/2025\/01\/07\/en-iran-le-regime-a-execute-1-000-personnes-en-2024\/#primaryimage"},"image":{"@id":"https:\/\/legrandcontinent.eu\/fr\/2025\/01\/07\/en-iran-le-regime-a-execute-1-000-personnes-en-2024\/#primaryimage"},"thumbnailUrl":"https:\/\/legrandcontinent.eu\/fr\/wp-content\/uploads\/sites\/2\/2025\/01\/gc-executions-Iran-2024.png","datePublished":"2025-01-07T05:30:00+00:00","dateModified":"2025-01-07T09:12:06+00:00","author":{"@id":"https:\/\/legrandcontinent.eu\/fr\/#\/schema\/person\/e4f85f52220fc7b4cc3cfdb86d88e833"},"breadcrumb":{"@id":"https:\/\/legrandcontinent.eu\/fr\/2025\/01\/07\/en-iran-le-regime-a-execute-1-000-personnes-en-2024\/#breadcrumb"},"inLanguage":"fr-FR","potentialAction":[{"@type":"ReadAction","target":["https:\/\/legrandcontinent.eu\/fr\/2025\/01\/07\/en-iran-le-regime-a-execute-1-000-personnes-en-2024\/"]}]},{"@type":"ImageObject","inLanguage":"fr-FR","@id":"https:\/\/legrandcontinent.eu\/fr\/2025\/01\/07\/en-iran-le-regime-a-execute-1-000-personnes-en-2024\/#primaryimage","url":"https:\/\/legrandcontinent.eu\/fr\/wp-content\/uploads\/sites\/2\/2025\/01\/gc-executions-Iran-2024.png","contentUrl":"https:\/\/legrandcontinent.eu\/fr\/wp-content\/uploads\/sites\/2\/2025\/01\/gc-executions-Iran-2024.png","width":1904,"height":1068},{"@type":"BreadcrumbList","@id":"https:\/\/legrandcontinent.eu\/fr\/2025\/01\/07\/en-iran-le-regime-a-execute-1-000-personnes-en-2024\/#breadcrumb","itemListElement":[{"@type":"ListItem","position":1,"name":"Accueil","item":"https:\/\/legrandcontinent.eu\/fr\/"},{"@type":"ListItem","position":2,"name":"Iran&#160;: le r\u00e9gime a ex\u00e9cut\u00e9 1 000 personnes en 2024"}]},{"@type":"WebSite","@id":"https:\/\/legrandcontinent.eu\/fr\/#website","url":"https:\/\/legrandcontinent.eu\/fr\/","name":"Le Grand Continent","description":"L&#039;\u00e9chelle pertinente","potentialAction":[{"@type":"SearchAction","target":{"@type":"EntryPoint","urlTemplate":"https:\/\/legrandcontinent.eu\/fr\/?s={search_term_string}"},"query-input":{"@type":"PropertyValueSpecification","valueRequired":true,"valueName":"search_term_string"}}],"inLanguage":"fr-FR"},{"@type":"Person","@id":"https:\/\/legrandcontinent.eu\/fr\/#\/schema\/person\/e4f85f52220fc7b4cc3cfdb86d88e833","name":"Marin Saillofest","image":{"@type":"ImageObject","inLanguage":"fr-FR","@id":"https:\/\/legrandcontinent.eu\/fr\/#\/schema\/person\/image\/","url":"https:\/\/secure.gravatar.com\/avatar\/87088698b4d967390c49ae6d4f1aa459?s=96&d=mm&r=g","contentUrl":"https:\/\/secure.gravatar.com\/avatar\/87088698b4d967390c49ae6d4f1aa459?s=96&d=mm&r=g","caption":"Marin Saillofest"}}]}},"lgc_categories":[{"id":1731,"name":"Politique","slug":"politique"}],"lgc_author":null,"feature_image_summary":{"url":"https:\/\/legrandcontinent.eu\/fr\/wp-content\/uploads\/sites\/2\/2025\/01\/gc-executions-Iran-2024.png","width":1904,"height":1068,"alt":""},"feature_image_cover":null,"term_position_data":null,"_links":{"self":[{"href":"https:\/\/legrandcontinent.eu\/fr\/wp-json\/wp\/v2\/posts\/257266","targetHints":{"allow":["GET"]}}],"collection":[{"href":"https:\/\/legrandcontinent.eu\/fr\/wp-json\/wp\/v2\/posts"}],"about":[{"href":"https:\/\/legrandcontinent.eu\/fr\/wp-json\/wp\/v2\/types\/post"}],"author":[{"embeddable":true,"href":"https:\/\/legrandcontinent.eu\/fr\/wp-json\/wp\/v2\/users\/2622"}],"replies":[{"embeddable":true,"href":"https:\/\/legrandcontinent.eu\/fr\/wp-json\/wp\/v2\/comments?post=257266"}],"version-history":[{"count":0,"href":"https:\/\/legrandcontinent.eu\/fr\/wp-json\/wp\/v2\/posts\/257266\/revisions"}],"wp:featuredmedia":[{"embeddable":true,"href":"https:\/\/legrandcontinent.eu\/fr\/wp-json\/wp\/v2\/media\/257273"}],"wp:attachment":[{"href":"https:\/\/legrandcontinent.eu\/fr\/wp-json\/wp\/v2\/media?parent=257266"}],"wp:term":[{"taxonomy":"category","embeddable":true,"href":"https:\/\/legrandcontinent.eu\/fr\/wp-json\/wp\/v2\/categories?post=257266"},{"taxonomy":"post_tag","embeddable":true,"href":"https:\/\/legrandcontinent.eu\/fr\/wp-json\/wp\/v2\/tags?post=257266"},{"taxonomy":"staff","embeddable":true,"href":"https:\/\/legrandcontinent.eu\/fr\/wp-json\/wp\/v2\/staff?post=257266"},{"taxonomy":"editorial_format","embeddable":true,"href":"https:\/\/legrandcontinent.eu\/fr\/wp-json\/wp\/v2\/editorial_format?post=257266"},{"taxonomy":"serie","embeddable":true,"href":"https:\/\/legrandcontinent.eu\/fr\/wp-json\/wp\/v2\/serie?post=257266"},{"taxonomy":"audience","embeddable":true,"href":"https:\/\/legrandcontinent.eu\/fr\/wp-json\/wp\/v2\/audience?post=257266"},{"taxonomy":"geo","embeddable":true,"href":"https:\/\/legrandcontinent.eu\/fr\/wp-json\/wp\/v2\/geo?post=257266"}],"curies":[{"name":"wp","href":"https:\/\/api.w.org\/{rel}","templated":true}]}}