{"id":255636,"date":"2024-12-25T07:45:00","date_gmt":"2024-12-25T06:45:00","guid":{"rendered":"https:\/\/legrandcontinent.eu\/fr\/?p=255636"},"modified":"2024-12-23T16:11:05","modified_gmt":"2024-12-23T15:11:05","slug":"neigera-t-il-en-europe-a-noel","status":"publish","type":"post","link":"https:\/\/legrandcontinent.eu\/fr\/2024\/12\/25\/neigera-t-il-en-europe-a-noel\/","title":{"rendered":"Neigera-t-il en Europe \u00e0 No\u00ebl&#160;?"},"content":{"rendered":"\n<p>Il est de moins en moins probable qu\u2019il neige aujourd\u2019hui, peu importe o\u00f9 que vous soyez en Europe. Selon un rapport de Climate Central publi\u00e9 lundi 16 d\u00e9cembre, le r\u00e9chauffement climatique a contribu\u00e9 \u00e0 significativement r\u00e9duire le nombre de jours en-dessous de 0\u00b0C au cours de l\u2019hiver.<\/p>\n\n\n\n<ul class=\"wp-block-list\">\n<li>Dans tout l\u2019h\u00e9misph\u00e8re nord, l\u2019Europe et l\u2019Asie sont les r\u00e9gions les plus impact\u00e9es par le nombre de \u00ab&#160;jours d\u2019hiver perdus&#160;\u00bb en raison de la combustion d\u2019hydrocarbures et de l\u2019augmentation de la concentration de m\u00e9thane dans l&rsquo;atmosph\u00e8re.<\/li>\n\n\n\n<li>Le nord-est du continent est le plus touch\u00e9 par ce ph\u00e9nom\u00e8ne&#160;: dans les pays baltes, au Danemark et en Pologne, plus de 20 jours par hiver de temp\u00e9rature n\u00e9gative ont \u00e9t\u00e9 \u00ab&#160;perdus&#160;\u00bb au cours de la d\u00e9cennie 2014-2023.<\/li>\n\n\n\n<li>Seuls Chypre et Malte ne sont pas impact\u00e9s par cette diminution, les temp\u00e9ratures dans ces \u00c9tats membres ne descendant quasiment jamais en-dessous de 0\u00b0C \u2014 m\u00eame au c\u0153ur de l\u2019hiver&nbsp;<span class='whitespace-nowrap'><span id='easy-footnote-1-255636' class='easy-footnote-margin-adjust'><\/span><span class='easy-footnote'><a href='https:\/\/legrandcontinent.eu\/fr\/2024\/12\/25\/neigera-t-il-en-europe-a-noel\/#easy-footnote-bottom-1-255636' title='&lt;a href=&quot;https:\/\/assets.ctfassets.net\/cxgxgstp8r5d\/1DPWJzHf6bOX2ufv05mG9C\/098b0bc99b074bada0c6474bc56eb60d\/Climate_Central_Lost_Winter_Global_Report_December_2024.pdf&quot;&gt;Lost Winter Analysis&amp;#160;: Climate change adding more winter days above freezing \u2014 affecting snowfall, winter sports, ecosystems, and more&lt;\/a&gt;, Climate Central, 16 d\u00e9cembre 2024.'><sup>1<\/sup><\/a><\/span><\/span>.<\/li>\n<\/ul>\n\n\n\n<div class=\"iframe-container wp-block-image wp-block-image-medium  iframe-dw\">\n\t<div>\n\t\t<iframe class=\"absolute w-full h-full pin-t pin-l\" title=\"titolo\" aria-label=\"Interactive line chart\" src=\"\/\/datawrapper.dwcdn.net\/X4HUt\" scrolling=\"no\" frameborder=\"0\"><\/iframe>\n\t<\/div>\n<\/div>\n\n\n\n<p>Selon une r\u00e9cente \u00e9tude de l\u2019Agence europ\u00e9enne pour l&rsquo;environnement, l\u2019Europe est le continent qui se r\u00e9chauffe le plus rapidement au monde&nbsp;<span class='whitespace-nowrap'><span id='easy-footnote-2-255636' class='easy-footnote-margin-adjust'><\/span><span class='easy-footnote'><a href='https:\/\/legrandcontinent.eu\/fr\/2024\/12\/25\/neigera-t-il-en-europe-a-noel\/#easy-footnote-bottom-2-255636' title='&lt;a href=&quot;https:\/\/www.eea.europa.eu\/en\/analysis\/publications\/european-climate-risk-assessment&quot;&gt;European Climate Risk Assessment&lt;\/a&gt;, Agence europ\u00e9enne pour l&amp;rsquo;environnement, 11 mars 2024.'><sup>2<\/sup><\/a><\/span><\/span>. Les donn\u00e9es du programme europ\u00e9en Copernicus indiquent que l\u2019ann\u00e9e 2024 sera tr\u00e8s certainement l\u2019ann\u00e9e la plus chaude jamais enregistr\u00e9e. La temp\u00e9rature mondiale devra par ailleurs d\u00e9passer pour la premi\u00e8re fois les 1,5\u00b0C au-dessus de la moyenne pr\u00e9industrielle&nbsp;<span class='whitespace-nowrap'><span id='easy-footnote-3-255636' class='easy-footnote-margin-adjust'><\/span><span class='easy-footnote'><a href='https:\/\/legrandcontinent.eu\/fr\/2024\/12\/25\/neigera-t-il-en-europe-a-noel\/#easy-footnote-bottom-3-255636' title='&lt;a href=&quot;https:\/\/climate.copernicus.eu\/copernicus-second-warmest-november-globally-confirms-expectation-2024-warmest-year&quot;&gt;Copernicus&amp;#160;: Second-warmest November globally confirms expectation for 2024 as warmest year&lt;\/a&gt;, 9 d\u00e9cembre 2024.'><sup>3<\/sup><\/a><\/span><\/span>.<\/p>\n\n\n\n<div class=\"iframe-container wp-block-image wp-block-image-medium  iframe-dw\">\n\t<div>\n\t\t<iframe class=\"absolute w-full h-full pin-t pin-l\" title=\"titolo\" aria-label=\"Interactive line chart\" src=\"\/\/datawrapper.dwcdn.net\/53bRd\" scrolling=\"no\" frameborder=\"0\"><\/iframe>\n\t<\/div>\n<\/div>\n\n\n\n<p>Est-ce que les capitales europ\u00e9ennes verront de la neige pour No\u00ebl&#160;?<\/p>\n\n\n\n<ul class=\"wp-block-list\">\n<li>Probablement pas. Les pr\u00e9visions de l\u2019Organisation m\u00e9t\u00e9orologique mondiale indiquent que seulement cinq capitales auront des temp\u00e9ratures en-dessous de 0\u00b0C aujourd\u2019hui, mercredi 25 d\u00e9cembre&#160;: Varsovie (-3\u00b0C), Budapest, Ljubljana, Vilnius (-2) et Prague (-1). Aucune chute de neige n\u2019est pour l\u2019heure annonc\u00e9e.<\/li>\n\n\n\n<li>Dans le nord du continent, les capitales danoise, su\u00e9doise et finlandaise \u2014 qui font souvent face \u00e0 des hivers froids \u2014, l\u2019air devrait rester sup\u00e9rieur \u00e0 0\u00b0C m\u00eame au cours de la nuit.<\/li>\n\n\n\n<li>Ce n\u2019est pas dans les capitales m\u00e9diterran\u00e9ennes qu\u2019il devrait faire le plus chaud pour No\u00ebl, mais \u00e0 Dublin, o\u00f9 la temp\u00e9rature minimale ne devrait pas tomber en-dessous de 9\u00b0.<\/li>\n<\/ul>\n\n\n\n<div class=\"iframe-container wp-block-image wp-block-image-medium  iframe-dw\">\n\t<div>\n\t\t<iframe class=\"absolute w-full h-full pin-t pin-l\" title=\"titolo\" aria-label=\"Interactive line chart\" src=\"\/\/datawrapper.dwcdn.net\/vpsPn\" scrolling=\"no\" frameborder=\"0\"><\/iframe>\n\t<\/div>\n<\/div>\n\n\n\n<p>Pour trouver de la neige en Europe, il faudra se rendre dans les Alpes, o\u00f9 d\u2019importantes chutes de neige ont eu lieu au cours des derniers jours&#160;: les stations suisses de haute altitude ont vu jusqu\u2019\u00e0 un m\u00e8tre de neige fra\u00eeche au cours de la journ\u00e9e de lundi.<\/p>\n","protected":false},"excerpt":{"rendered":"<p>Le r\u00e9chauffement climatique a contribu\u00e9 \u00e0 drastiquement diminuer le nombre de jours d\u2019hiver au cours desquels la temp\u00e9rature est inf\u00e9rieure \u00e0 0\u00b0C en Europe&#160;&#160;: jusqu\u2019\u00e0 23 jours de moins en Lituanie. Les pr\u00e9visions m\u00e9t\u00e9orologiques indiquent que m\u00eame les pays scandinaves ne devraient pas voir de neige aujourd\u2019hui. Pour en trouver, il faudra se rendre dans les Alpes, o\u00f9 jusqu\u2019\u00e0 un m\u00e8tre de neige est tomb\u00e9 au cours des derniers jours.<\/p>\n","protected":false},"author":40,"featured_media":255639,"comment_status":"closed","ping_status":"closed","sticky":false,"template":"templates\/post-briefings.php","format":"standard","meta":{"_acf_changed":true,"_trash_the_other_posts":false,"_yoast_wpseo_estimated-reading-time-minutes":3,"footnotes":""},"categories":[1730],"tags":[],"staff":[],"editorial_format":[],"serie":[],"audience":[],"geo":[1917],"class_list":["post-255636","post","type-post","status-publish","format-standard","hentry","category-energie-et-environnement","geo-europe"],"acf":{"open_in_webview":false,"accent":false},"yoast_head":"<!-- This site is optimized with the Yoast SEO plugin v26.1.1 - https:\/\/yoast.com\/wordpress\/plugins\/seo\/ -->\n<title>Neigera-t-il en Europe \u00e0 No\u00ebl ? | Le Grand Continent<\/title>\n<meta name=\"robots\" content=\"index, follow, max-snippet:-1, max-image-preview:large, max-video-preview:-1\" \/>\n<link rel=\"canonical\" href=\"https:\/\/legrandcontinent.eu\/fr\/2024\/12\/25\/neigera-t-il-en-europe-a-noel\/\" \/>\n<meta property=\"og:locale\" content=\"fr_FR\" \/>\n<meta property=\"og:type\" content=\"article\" \/>\n<meta property=\"og:title\" content=\"Neigera-t-il en Europe \u00e0 No\u00ebl ? | Le Grand Continent\" \/>\n<meta property=\"og:description\" content=\"Le r\u00e9chauffement climatique a contribu\u00e9 \u00e0 drastiquement diminuer le nombre de jours d\u2019hiver au cours desquels la temp\u00e9rature est inf\u00e9rieure \u00e0 0\u00b0C en Europe&#160;: jusqu\u2019\u00e0 23 jours de moins en Lituanie. Les pr\u00e9visions m\u00e9t\u00e9orologiques indiquent que m\u00eame les pays scandinaves ne devraient pas voir de neige aujourd\u2019hui. Pour en trouver, il faudra se rendre dans les Alpes, o\u00f9 jusqu\u2019\u00e0 un m\u00e8tre de neige est tomb\u00e9 au cours des derniers jours.\" \/>\n<meta property=\"og:url\" content=\"https:\/\/legrandcontinent.eu\/fr\/2024\/12\/25\/neigera-t-il-en-europe-a-noel\/\" \/>\n<meta property=\"og:site_name\" content=\"Le Grand Continent\" \/>\n<meta property=\"article:published_time\" content=\"2024-12-25T06:45:00+00:00\" \/>\n<meta property=\"og:image\" content=\"https:\/\/legrandcontinent.eu\/fr\/wp-content\/uploads\/sites\/2\/2024\/12\/Capture-decran-2024-12-23-a-16.07.45.png\" \/>\n\t<meta property=\"og:image:width\" content=\"1822\" \/>\n\t<meta property=\"og:image:height\" content=\"1068\" \/>\n\t<meta property=\"og:image:type\" content=\"image\/png\" \/>\n<meta name=\"author\" content=\"Ramona Bloj\" \/>\n<meta name=\"twitter:card\" content=\"summary_large_image\" \/>\n<meta name=\"twitter:image\" content=\"https:\/\/legrandcontinent.eu\/fr\/wp-content\/uploads\/sites\/2\/2024\/12\/Capture-decran-2024-12-23-a-16.07.45.png\" \/>\n<meta name=\"twitter:label1\" content=\"\u00c9crit par\" \/>\n\t<meta name=\"twitter:data1\" content=\"Ramona Bloj\" \/>\n\t<meta name=\"twitter:label2\" content=\"Dur\u00e9e de lecture estim\u00e9e\" \/>\n\t<meta name=\"twitter:data2\" content=\"3 minutes\" \/>\n<script type=\"application\/ld+json\" class=\"yoast-schema-graph\">{\"@context\":\"https:\/\/schema.org\",\"@graph\":[{\"@type\":\"WebPage\",\"@id\":\"https:\/\/legrandcontinent.eu\/fr\/2024\/12\/25\/neigera-t-il-en-europe-a-noel\/\",\"url\":\"https:\/\/legrandcontinent.eu\/fr\/2024\/12\/25\/neigera-t-il-en-europe-a-noel\/\",\"name\":\"Neigera-t-il en Europe \u00e0 No\u00ebl ? | Le Grand Continent\",\"isPartOf\":{\"@id\":\"https:\/\/legrandcontinent.eu\/fr\/#website\"},\"primaryImageOfPage\":{\"@id\":\"https:\/\/legrandcontinent.eu\/fr\/2024\/12\/25\/neigera-t-il-en-europe-a-noel\/#primaryimage\"},\"image\":{\"@id\":\"https:\/\/legrandcontinent.eu\/fr\/2024\/12\/25\/neigera-t-il-en-europe-a-noel\/#primaryimage\"},\"thumbnailUrl\":\"https:\/\/legrandcontinent.eu\/fr\/wp-content\/uploads\/sites\/2\/2024\/12\/Capture-decran-2024-12-23-a-16.08.09.png\",\"datePublished\":\"2024-12-25T06:45:00+00:00\",\"author\":{\"@id\":\"https:\/\/legrandcontinent.eu\/fr\/#\/schema\/person\/bee86896b403754f76b6b1515ff0b697\"},\"breadcrumb\":{\"@id\":\"https:\/\/legrandcontinent.eu\/fr\/2024\/12\/25\/neigera-t-il-en-europe-a-noel\/#breadcrumb\"},\"inLanguage\":\"fr-FR\",\"potentialAction\":[{\"@type\":\"ReadAction\",\"target\":[\"https:\/\/legrandcontinent.eu\/fr\/2024\/12\/25\/neigera-t-il-en-europe-a-noel\/\"]}]},{\"@type\":\"ImageObject\",\"inLanguage\":\"fr-FR\",\"@id\":\"https:\/\/legrandcontinent.eu\/fr\/2024\/12\/25\/neigera-t-il-en-europe-a-noel\/#primaryimage\",\"url\":\"https:\/\/legrandcontinent.eu\/fr\/wp-content\/uploads\/sites\/2\/2024\/12\/Capture-decran-2024-12-23-a-16.08.09.png\",\"contentUrl\":\"https:\/\/legrandcontinent.eu\/fr\/wp-content\/uploads\/sites\/2\/2024\/12\/Capture-decran-2024-12-23-a-16.08.09.png\",\"width\":1810,\"height\":1038},{\"@type\":\"BreadcrumbList\",\"@id\":\"https:\/\/legrandcontinent.eu\/fr\/2024\/12\/25\/neigera-t-il-en-europe-a-noel\/#breadcrumb\",\"itemListElement\":[{\"@type\":\"ListItem\",\"position\":1,\"name\":\"Accueil\",\"item\":\"https:\/\/legrandcontinent.eu\/fr\/\"},{\"@type\":\"ListItem\",\"position\":2,\"name\":\"Neigera-t-il en Europe \u00e0 No\u00ebl&#160;?\"}]},{\"@type\":\"WebSite\",\"@id\":\"https:\/\/legrandcontinent.eu\/fr\/#website\",\"url\":\"https:\/\/legrandcontinent.eu\/fr\/\",\"name\":\"Le Grand Continent\",\"description\":\"L&#039;\u00e9chelle pertinente\",\"potentialAction\":[{\"@type\":\"SearchAction\",\"target\":{\"@type\":\"EntryPoint\",\"urlTemplate\":\"https:\/\/legrandcontinent.eu\/fr\/?s={search_term_string}\"},\"query-input\":{\"@type\":\"PropertyValueSpecification\",\"valueRequired\":true,\"valueName\":\"search_term_string\"}}],\"inLanguage\":\"fr-FR\"},{\"@type\":\"Person\",\"@id\":\"https:\/\/legrandcontinent.eu\/fr\/#\/schema\/person\/bee86896b403754f76b6b1515ff0b697\",\"name\":\"Ramona Bloj\",\"image\":{\"@type\":\"ImageObject\",\"inLanguage\":\"fr-FR\",\"@id\":\"https:\/\/legrandcontinent.eu\/fr\/#\/schema\/person\/image\/\",\"url\":\"https:\/\/secure.gravatar.com\/avatar\/c1d91adb7c4c1eed266b81c0f9915707?s=96&d=mm&r=g\",\"contentUrl\":\"https:\/\/secure.gravatar.com\/avatar\/c1d91adb7c4c1eed266b81c0f9915707?s=96&d=mm&r=g\",\"caption\":\"Ramona Bloj\"}}]}<\/script>\n<!-- \/ Yoast SEO plugin. -->","yoast_head_json":{"title":"Neigera-t-il en Europe \u00e0 No\u00ebl ? | Le Grand Continent","robots":{"index":"index","follow":"follow","max-snippet":"max-snippet:-1","max-image-preview":"max-image-preview:large","max-video-preview":"max-video-preview:-1"},"canonical":"https:\/\/legrandcontinent.eu\/fr\/2024\/12\/25\/neigera-t-il-en-europe-a-noel\/","og_locale":"fr_FR","og_type":"article","og_title":"Neigera-t-il en Europe \u00e0 No\u00ebl ? | Le Grand Continent","og_description":"Le r\u00e9chauffement climatique a contribu\u00e9 \u00e0 drastiquement diminuer le nombre de jours d\u2019hiver au cours desquels la temp\u00e9rature est inf\u00e9rieure \u00e0 0\u00b0C en Europe&#160;: jusqu\u2019\u00e0 23 jours de moins en Lituanie. Les pr\u00e9visions m\u00e9t\u00e9orologiques indiquent que m\u00eame les pays scandinaves ne devraient pas voir de neige aujourd\u2019hui. Pour en trouver, il faudra se rendre dans les Alpes, o\u00f9 jusqu\u2019\u00e0 un m\u00e8tre de neige est tomb\u00e9 au cours des derniers jours.","og_url":"https:\/\/legrandcontinent.eu\/fr\/2024\/12\/25\/neigera-t-il-en-europe-a-noel\/","og_site_name":"Le Grand Continent","article_published_time":"2024-12-25T06:45:00+00:00","og_image":[{"width":1822,"height":1068,"url":"https:\/\/legrandcontinent.eu\/fr\/wp-content\/uploads\/sites\/2\/2024\/12\/Capture-decran-2024-12-23-a-16.07.45.png","type":"image\/png"}],"author":"Ramona Bloj","twitter_card":"summary_large_image","twitter_image":"https:\/\/legrandcontinent.eu\/fr\/wp-content\/uploads\/sites\/2\/2024\/12\/Capture-decran-2024-12-23-a-16.07.45.png","twitter_misc":{"\u00c9crit par":"Ramona Bloj","Dur\u00e9e de lecture estim\u00e9e":"3 minutes"},"schema":{"@context":"https:\/\/schema.org","@graph":[{"@type":"WebPage","@id":"https:\/\/legrandcontinent.eu\/fr\/2024\/12\/25\/neigera-t-il-en-europe-a-noel\/","url":"https:\/\/legrandcontinent.eu\/fr\/2024\/12\/25\/neigera-t-il-en-europe-a-noel\/","name":"Neigera-t-il en Europe \u00e0 No\u00ebl ? | Le Grand Continent","isPartOf":{"@id":"https:\/\/legrandcontinent.eu\/fr\/#website"},"primaryImageOfPage":{"@id":"https:\/\/legrandcontinent.eu\/fr\/2024\/12\/25\/neigera-t-il-en-europe-a-noel\/#primaryimage"},"image":{"@id":"https:\/\/legrandcontinent.eu\/fr\/2024\/12\/25\/neigera-t-il-en-europe-a-noel\/#primaryimage"},"thumbnailUrl":"https:\/\/legrandcontinent.eu\/fr\/wp-content\/uploads\/sites\/2\/2024\/12\/Capture-decran-2024-12-23-a-16.08.09.png","datePublished":"2024-12-25T06:45:00+00:00","author":{"@id":"https:\/\/legrandcontinent.eu\/fr\/#\/schema\/person\/bee86896b403754f76b6b1515ff0b697"},"breadcrumb":{"@id":"https:\/\/legrandcontinent.eu\/fr\/2024\/12\/25\/neigera-t-il-en-europe-a-noel\/#breadcrumb"},"inLanguage":"fr-FR","potentialAction":[{"@type":"ReadAction","target":["https:\/\/legrandcontinent.eu\/fr\/2024\/12\/25\/neigera-t-il-en-europe-a-noel\/"]}]},{"@type":"ImageObject","inLanguage":"fr-FR","@id":"https:\/\/legrandcontinent.eu\/fr\/2024\/12\/25\/neigera-t-il-en-europe-a-noel\/#primaryimage","url":"https:\/\/legrandcontinent.eu\/fr\/wp-content\/uploads\/sites\/2\/2024\/12\/Capture-decran-2024-12-23-a-16.08.09.png","contentUrl":"https:\/\/legrandcontinent.eu\/fr\/wp-content\/uploads\/sites\/2\/2024\/12\/Capture-decran-2024-12-23-a-16.08.09.png","width":1810,"height":1038},{"@type":"BreadcrumbList","@id":"https:\/\/legrandcontinent.eu\/fr\/2024\/12\/25\/neigera-t-il-en-europe-a-noel\/#breadcrumb","itemListElement":[{"@type":"ListItem","position":1,"name":"Accueil","item":"https:\/\/legrandcontinent.eu\/fr\/"},{"@type":"ListItem","position":2,"name":"Neigera-t-il en Europe \u00e0 No\u00ebl&#160;?"}]},{"@type":"WebSite","@id":"https:\/\/legrandcontinent.eu\/fr\/#website","url":"https:\/\/legrandcontinent.eu\/fr\/","name":"Le Grand Continent","description":"L&#039;\u00e9chelle pertinente","potentialAction":[{"@type":"SearchAction","target":{"@type":"EntryPoint","urlTemplate":"https:\/\/legrandcontinent.eu\/fr\/?s={search_term_string}"},"query-input":{"@type":"PropertyValueSpecification","valueRequired":true,"valueName":"search_term_string"}}],"inLanguage":"fr-FR"},{"@type":"Person","@id":"https:\/\/legrandcontinent.eu\/fr\/#\/schema\/person\/bee86896b403754f76b6b1515ff0b697","name":"Ramona Bloj","image":{"@type":"ImageObject","inLanguage":"fr-FR","@id":"https:\/\/legrandcontinent.eu\/fr\/#\/schema\/person\/image\/","url":"https:\/\/secure.gravatar.com\/avatar\/c1d91adb7c4c1eed266b81c0f9915707?s=96&d=mm&r=g","contentUrl":"https:\/\/secure.gravatar.com\/avatar\/c1d91adb7c4c1eed266b81c0f9915707?s=96&d=mm&r=g","caption":"Ramona Bloj"}}]}},"lgc_categories":[{"id":1730,"name":"\u00c9nergie et environnement","slug":"energie-et-environnement"}],"lgc_author":null,"feature_image_summary":{"url":"https:\/\/legrandcontinent.eu\/fr\/wp-content\/uploads\/sites\/2\/2024\/12\/Capture-decran-2024-12-23-a-16.08.09.png","width":1810,"height":1038,"alt":""},"feature_image_cover":null,"term_position_data":null,"_links":{"self":[{"href":"https:\/\/legrandcontinent.eu\/fr\/wp-json\/wp\/v2\/posts\/255636","targetHints":{"allow":["GET"]}}],"collection":[{"href":"https:\/\/legrandcontinent.eu\/fr\/wp-json\/wp\/v2\/posts"}],"about":[{"href":"https:\/\/legrandcontinent.eu\/fr\/wp-json\/wp\/v2\/types\/post"}],"author":[{"embeddable":true,"href":"https:\/\/legrandcontinent.eu\/fr\/wp-json\/wp\/v2\/users\/40"}],"replies":[{"embeddable":true,"href":"https:\/\/legrandcontinent.eu\/fr\/wp-json\/wp\/v2\/comments?post=255636"}],"version-history":[{"count":0,"href":"https:\/\/legrandcontinent.eu\/fr\/wp-json\/wp\/v2\/posts\/255636\/revisions"}],"wp:featuredmedia":[{"embeddable":true,"href":"https:\/\/legrandcontinent.eu\/fr\/wp-json\/wp\/v2\/media\/255639"}],"wp:attachment":[{"href":"https:\/\/legrandcontinent.eu\/fr\/wp-json\/wp\/v2\/media?parent=255636"}],"wp:term":[{"taxonomy":"category","embeddable":true,"href":"https:\/\/legrandcontinent.eu\/fr\/wp-json\/wp\/v2\/categories?post=255636"},{"taxonomy":"post_tag","embeddable":true,"href":"https:\/\/legrandcontinent.eu\/fr\/wp-json\/wp\/v2\/tags?post=255636"},{"taxonomy":"staff","embeddable":true,"href":"https:\/\/legrandcontinent.eu\/fr\/wp-json\/wp\/v2\/staff?post=255636"},{"taxonomy":"editorial_format","embeddable":true,"href":"https:\/\/legrandcontinent.eu\/fr\/wp-json\/wp\/v2\/editorial_format?post=255636"},{"taxonomy":"serie","embeddable":true,"href":"https:\/\/legrandcontinent.eu\/fr\/wp-json\/wp\/v2\/serie?post=255636"},{"taxonomy":"audience","embeddable":true,"href":"https:\/\/legrandcontinent.eu\/fr\/wp-json\/wp\/v2\/audience?post=255636"},{"taxonomy":"geo","embeddable":true,"href":"https:\/\/legrandcontinent.eu\/fr\/wp-json\/wp\/v2\/geo?post=255636"}],"curies":[{"name":"wp","href":"https:\/\/api.w.org\/{rel}","templated":true}]}}