{"id":253904,"date":"2024-12-04T20:49:59","date_gmt":"2024-12-04T19:49:59","guid":{"rendered":"https:\/\/legrandcontinent.eu\/fr\/?p=253904"},"modified":"2024-12-04T20:52:25","modified_gmt":"2024-12-04T19:52:25","slug":"le-ministre-des-affaires-etrangeres-espagnol-declare-que-le-rejet-de-laccord-union-mercosur-serait-une-grave-erreur","status":"publish","type":"post","link":"https:\/\/legrandcontinent.eu\/fr\/2024\/12\/04\/le-ministre-des-affaires-etrangeres-espagnol-declare-que-le-rejet-de-laccord-union-mercosur-serait-une-grave-erreur\/","title":{"rendered":"Le ministre des Affaires \u00e9trang\u00e8res espagnol d\u00e9clare que le rejet de l&rsquo;accord Union-Mercosur serait une \u00ab&#160;grave erreur&#160;\u00bb"},"content":{"rendered":"\n<p>Le ministre espagnol des Affaires \u00e9trang\u00e8res, Jos\u00e9 Manuel Albares, a d\u00e9clar\u00e9 lors du Sommet annuel du Grand Continent que l&rsquo;approbation de l\u2019accord commercial avec le Mercosur \u00e9tait un imp\u00e9ratif g\u00e9opolitique \u00e0 un moment o\u00f9 l&rsquo;Union cherche \u00e0 \u00e9largir ses alliances et \u00e0 trouver de nouveaux march\u00e9s. Albares a d\u00e9clar\u00e9 qu&rsquo;un rejet de l&rsquo;accord constituerait une \u00ab&#160;grave erreur&#160;\u00bb et enverrait un signal n\u00e9gatif \u00e0 l&rsquo;Am\u00e9rique latine, qui consid\u00e8re le Mercosur comme le pilier d&rsquo;un partenariat renouvel\u00e9.<\/p>\n\n\n\n<ul class=\"wp-block-list\">\n<li>\u00ab&#160;Je dis toujours \u00e0 mes coll\u00e8gues de Bruxelles que l&rsquo;Am\u00e9rique latine ne consid\u00e8re pas le Mercosur comme un simple accord commercial&#160;: c&rsquo;est bien plus que cela. Nous attendons ce moment depuis plus de 20 ans. Le Mercosur doit se terminer (cette ann\u00e9e) par un accord&#160;\u00bb, a-t-il d\u00e9clar\u00e9 au Grand Continent lors d&rsquo;un entretien exclusif.<\/li>\n\n\n\n<li>Une source diplomatique proche du dossier a d\u00e9clar\u00e9 au Grand Continent qu&rsquo;un accord <a href=\"https:\/\/legrandcontinent.eu\/fr\/2024\/11\/26\/ou-en-sont-les-discussions-sur-laccord-de-libre-echange-union-mercosur\/\">d\u00e9pendrait certainement du gouvernement italien<\/a>&#160;: \u00ab&#160;Sa position sera un facteur d\u00e9cisif&#160;\u00bb.<\/li>\n<\/ul>\n\n\n\n    <div class='mux-player-wrapper' style=\"aspect-ratio:16\/9;\" data-gif-at=\"\">\n        <div\n            class='mux-player-placeholder' \n            style=\"background-image:url('https:\/\/image.mux.com\/uRDfBzfTzJ005QGVimQfwT1u02XAfzkLc6crWh0001UysJI\/thumbnail.png?width=800&#038;height=600&#038;time=');\"\n\n        >\n        <\/div>\n        <mux-player\n            playback-id=\"uRDfBzfTzJ005QGVimQfwT1u02XAfzkLc6crWh0001UysJI\"\n            accent-color=\"#dd203c\"\n            metadata-video-title=\"\"\n            metadata-viewer-user-id=\"user-wp\"\n            style=\"\" \n             \n                    >\n        <\/mux-player>\n    <\/div>\n\n\n\n<p>La France <a href=\"https:\/\/legrandcontinent.eu\/fr\/2024\/11\/26\/ou-en-sont-les-discussions-sur-laccord-de-libre-echange-union-mercosur\/\">a cherch\u00e9 \u00e0 monter une coalition de pays<\/a> contre l\u2019accord. Le Premier ministre polonais, Donald Tusk, a indiqu\u00e9 au d\u00e9but du mois que Varsovie ne l\u2019approuverait pas sous sa forme actuelle. Pour bloquer le passage de l\u2019accord en cas d&rsquo;accord technique, le camp des pays oppos\u00e9s devrait repr\u00e9senter au moins 35&#160;% de la population de l&rsquo;Union. Un diplomate a d\u00e9clar\u00e9 au Grand Continent au d\u00e9but du mois qu&rsquo;une coalition compos\u00e9e de la France, de l&rsquo;Italie et de la Pologne atteindrait probablement un seuil suffisant.<\/p>\n\n\n\n<ul class=\"wp-block-list\">\n<li>La pr\u00e9sidente du Conseil des ministres italien, Giorgia Meloni, n&rsquo;a pas encore exprim\u00e9 publiquement sa position.<\/li>\n\n\n\n<li>Son gouvernement est divis\u00e9 sur la question&#160;: une partie affirme que l\u2019accord serait \u00e9conomiquement b\u00e9n\u00e9fique pour les exportations italiennes, tandis qu\u2019une autre consid\u00e8re que son approbation d\u00e9clencherait une r\u00e9action brutale du secteur agricole italien.<\/li>\n\n\n\n<li>Lors des manifestations d&rsquo;agriculteurs en janvier et f\u00e9vrier, Meloni a d\u00e9clar\u00e9 qu&rsquo;elle comprenait les demandes des agriculteurs et que les objectifs \u00e9cologiques \u00ab&#160;id\u00e9ologiques&#160;\u00bb avaient appauvri les agriculteurs europ\u00e9ens.&nbsp;<\/li>\n<\/ul>\n\n\n\n<div class=\"iframe-container wp-block-image wp-block-image-medium  iframe-dw\">\n\t<div>\n\t\t<iframe class=\"absolute w-full h-full pin-t pin-l\" title=\"titolo\" aria-label=\"Interactive line chart\" src=\"\/\/datawrapper.dwcdn.net\/P3N2r\" scrolling=\"no\" frameborder=\"0\"><\/iframe>\n\t<\/div>\n<\/div>\n\n\n\n<p>Le prochain sommet des chefs d\u2019\u00c9tat du Mercosur s\u2019ouvre demain en Uruguay \u2014 <a href=\"https:\/\/legrandcontinent.eu\/fr\/2024\/11\/25\/qui-est-yamandu-orsi-le-nouveau-president-elu-de-luruguay\/\">qui a \u00e9lu un nouveau pr\u00e9sident<\/a> dimanche 24 novembre, Yamand\u00fa Orsi. La zone de libre-\u00e9change repr\u00e9senterait avec les habitants de l\u2019Union un march\u00e9 de 750 millions de consommateurs.<\/p>\n","protected":false},"excerpt":{"rendered":"<p>S\u2019exprimant dans un entretien \u00e0 l\u2019occasion du Sommet Grand Continent, qui se tient du 4 au 6 d\u00e9cembre en Vall\u00e9e d\u2019Aoste, le chef de la diplomatie espagnole Jos\u00e9 Manuel Albares a d\u00e9clar\u00e9 que le rejet de l\u2019accord commercial Union-Mercosur rel\u00e8verait d\u2019une \u00ab&#160;&#160;grave erreur&#160;&#160;\u00bb. Les n\u00e9gociations, qui sont entr\u00e9es dans leur phase finale, pourraient mettre fin \u00e0 un quart de si\u00e8cle de discussions entre les 27 et l\u2019Am\u00e9rique du Sud.<\/p>\n","protected":false},"author":2622,"featured_media":253908,"comment_status":"closed","ping_status":"closed","sticky":false,"template":"templates\/post-briefings.php","format":"standard","meta":{"_acf_changed":true,"_trash_the_other_posts":false,"_yoast_wpseo_estimated-reading-time-minutes":3,"footnotes":""},"categories":[1731],"tags":[],"staff":[],"editorial_format":[],"serie":[],"audience":[],"geo":[525,1917],"class_list":["post-253904","post","type-post","status-publish","format-standard","hentry","category-politique","geo-ameriques","geo-europe"],"acf":{"open_in_webview":false,"accent":false,"_thumbnail_id":253908,"excerpt":"S\u2019exprimant dans un entretien \u00e0 l\u2019occasion du Sommet Grand Continent, qui se tient du 4 au 6 d\u00e9cembre en Vall\u00e9e d\u2019Aoste, le chef de la diplomatie espagnole Jos\u00e9 Manuel Albares a d\u00e9clar\u00e9 que le rejet de l\u2019accord commercial Union-Mercosur rel\u00e8verait d\u2019une \u00abgrave erreur\u00bb. Les n\u00e9gociations, qui sont entr\u00e9es dans leur phase finale, pourraient mettre fin \u00e0 un quart de si\u00e8cle de discussions entre les 27 et l\u2019Am\u00e9rique du Sud.","display_date":"","new_abstract":true},"yoast_head":"<!-- This site is optimized with the Yoast SEO plugin v26.1.1 - https:\/\/yoast.com\/wordpress\/plugins\/seo\/ -->\n<title>Le ministre des Affaires \u00e9trang\u00e8res espagnol d\u00e9clare que le rejet de l&#039;accord Union-Mercosur serait une \u00abgrave erreur\u00bb | Le Grand Continent<\/title>\n<meta name=\"robots\" content=\"index, follow, max-snippet:-1, max-image-preview:large, max-video-preview:-1\" \/>\n<link rel=\"canonical\" href=\"https:\/\/legrandcontinent.eu\/fr\/2024\/12\/04\/le-ministre-des-affaires-etrangeres-espagnol-declare-que-le-rejet-de-laccord-union-mercosur-serait-une-grave-erreur\/\" \/>\n<meta property=\"og:locale\" content=\"fr_FR\" \/>\n<meta property=\"og:type\" content=\"article\" \/>\n<meta property=\"og:title\" content=\"Le ministre des Affaires \u00e9trang\u00e8res espagnol d\u00e9clare que le rejet de l&#039;accord Union-Mercosur serait une \u00abgrave erreur\u00bb | Le Grand Continent\" \/>\n<meta property=\"og:description\" content=\"S\u2019exprimant dans un entretien \u00e0 l\u2019occasion du Sommet Grand Continent, qui se tient du 4 au 6 d\u00e9cembre en Vall\u00e9e d\u2019Aoste, le chef de la diplomatie espagnole Jos\u00e9 Manuel Albares a d\u00e9clar\u00e9 que le rejet de l\u2019accord commercial Union-Mercosur rel\u00e8verait d\u2019une \u00ab&#160;grave erreur&#160;\u00bb. Les n\u00e9gociations, qui sont entr\u00e9es dans leur phase finale, pourraient mettre fin \u00e0 un quart de si\u00e8cle de discussions entre les 27 et l\u2019Am\u00e9rique du Sud.\" \/>\n<meta property=\"og:url\" content=\"https:\/\/legrandcontinent.eu\/fr\/2024\/12\/04\/le-ministre-des-affaires-etrangeres-espagnol-declare-que-le-rejet-de-laccord-union-mercosur-serait-une-grave-erreur\/\" \/>\n<meta property=\"og:site_name\" content=\"Le Grand Continent\" \/>\n<meta property=\"article:published_time\" content=\"2024-12-04T19:49:59+00:00\" \/>\n<meta property=\"article:modified_time\" content=\"2024-12-04T19:52:25+00:00\" \/>\n<meta property=\"og:image\" content=\"https:\/\/legrandcontinent.eu\/fr\/wp-content\/uploads\/sites\/2\/2024\/12\/gc-share-albares-mercosur-summit.png\" \/>\n\t<meta property=\"og:image:width\" content=\"1456\" \/>\n\t<meta property=\"og:image:height\" content=\"814\" \/>\n\t<meta property=\"og:image:type\" content=\"image\/png\" \/>\n<meta name=\"author\" content=\"Marin Saillofest\" \/>\n<meta name=\"twitter:card\" content=\"summary_large_image\" \/>\n<meta name=\"twitter:image\" content=\"https:\/\/legrandcontinent.eu\/fr\/wp-content\/uploads\/sites\/2\/2024\/12\/gc-share-albares-mercosur-summit.png\" \/>\n<meta name=\"twitter:label1\" content=\"\u00c9crit par\" \/>\n\t<meta name=\"twitter:data1\" content=\"Marin Saillofest\" \/>\n\t<meta name=\"twitter:label2\" content=\"Dur\u00e9e de lecture estim\u00e9e\" \/>\n\t<meta name=\"twitter:data2\" content=\"3 minutes\" \/>\n<script type=\"application\/ld+json\" class=\"yoast-schema-graph\">{\"@context\":\"https:\/\/schema.org\",\"@graph\":[{\"@type\":\"WebPage\",\"@id\":\"https:\/\/legrandcontinent.eu\/fr\/2024\/12\/04\/le-ministre-des-affaires-etrangeres-espagnol-declare-que-le-rejet-de-laccord-union-mercosur-serait-une-grave-erreur\/\",\"url\":\"https:\/\/legrandcontinent.eu\/fr\/2024\/12\/04\/le-ministre-des-affaires-etrangeres-espagnol-declare-que-le-rejet-de-laccord-union-mercosur-serait-une-grave-erreur\/\",\"name\":\"Le ministre des Affaires \u00e9trang\u00e8res espagnol d\u00e9clare que le rejet de l'accord Union-Mercosur serait une \u00abgrave erreur\u00bb | Le Grand Continent\",\"isPartOf\":{\"@id\":\"https:\/\/legrandcontinent.eu\/fr\/#website\"},\"primaryImageOfPage\":{\"@id\":\"https:\/\/legrandcontinent.eu\/fr\/2024\/12\/04\/le-ministre-des-affaires-etrangeres-espagnol-declare-que-le-rejet-de-laccord-union-mercosur-serait-une-grave-erreur\/#primaryimage\"},\"image\":{\"@id\":\"https:\/\/legrandcontinent.eu\/fr\/2024\/12\/04\/le-ministre-des-affaires-etrangeres-espagnol-declare-que-le-rejet-de-laccord-union-mercosur-serait-une-grave-erreur\/#primaryimage\"},\"thumbnailUrl\":\"https:\/\/legrandcontinent.eu\/fr\/wp-content\/uploads\/sites\/2\/2024\/12\/gc-albares-mercosur-summit.png\",\"datePublished\":\"2024-12-04T19:49:59+00:00\",\"dateModified\":\"2024-12-04T19:52:25+00:00\",\"author\":{\"@id\":\"https:\/\/legrandcontinent.eu\/fr\/#\/schema\/person\/e4f85f52220fc7b4cc3cfdb86d88e833\"},\"breadcrumb\":{\"@id\":\"https:\/\/legrandcontinent.eu\/fr\/2024\/12\/04\/le-ministre-des-affaires-etrangeres-espagnol-declare-que-le-rejet-de-laccord-union-mercosur-serait-une-grave-erreur\/#breadcrumb\"},\"inLanguage\":\"fr-FR\",\"potentialAction\":[{\"@type\":\"ReadAction\",\"target\":[\"https:\/\/legrandcontinent.eu\/fr\/2024\/12\/04\/le-ministre-des-affaires-etrangeres-espagnol-declare-que-le-rejet-de-laccord-union-mercosur-serait-une-grave-erreur\/\"]}]},{\"@type\":\"ImageObject\",\"inLanguage\":\"fr-FR\",\"@id\":\"https:\/\/legrandcontinent.eu\/fr\/2024\/12\/04\/le-ministre-des-affaires-etrangeres-espagnol-declare-que-le-rejet-de-laccord-union-mercosur-serait-une-grave-erreur\/#primaryimage\",\"url\":\"https:\/\/legrandcontinent.eu\/fr\/wp-content\/uploads\/sites\/2\/2024\/12\/gc-albares-mercosur-summit.png\",\"contentUrl\":\"https:\/\/legrandcontinent.eu\/fr\/wp-content\/uploads\/sites\/2\/2024\/12\/gc-albares-mercosur-summit.png\",\"width\":1452,\"height\":812},{\"@type\":\"BreadcrumbList\",\"@id\":\"https:\/\/legrandcontinent.eu\/fr\/2024\/12\/04\/le-ministre-des-affaires-etrangeres-espagnol-declare-que-le-rejet-de-laccord-union-mercosur-serait-une-grave-erreur\/#breadcrumb\",\"itemListElement\":[{\"@type\":\"ListItem\",\"position\":1,\"name\":\"Accueil\",\"item\":\"https:\/\/legrandcontinent.eu\/fr\/\"},{\"@type\":\"ListItem\",\"position\":2,\"name\":\"Le ministre des Affaires \u00e9trang\u00e8res espagnol d\u00e9clare que le rejet de l&rsquo;accord Union-Mercosur serait une \u00ab&#160;grave erreur&#160;\u00bb\"}]},{\"@type\":\"WebSite\",\"@id\":\"https:\/\/legrandcontinent.eu\/fr\/#website\",\"url\":\"https:\/\/legrandcontinent.eu\/fr\/\",\"name\":\"Le Grand Continent\",\"description\":\"L&#039;\u00e9chelle pertinente\",\"potentialAction\":[{\"@type\":\"SearchAction\",\"target\":{\"@type\":\"EntryPoint\",\"urlTemplate\":\"https:\/\/legrandcontinent.eu\/fr\/?s={search_term_string}\"},\"query-input\":{\"@type\":\"PropertyValueSpecification\",\"valueRequired\":true,\"valueName\":\"search_term_string\"}}],\"inLanguage\":\"fr-FR\"},{\"@type\":\"Person\",\"@id\":\"https:\/\/legrandcontinent.eu\/fr\/#\/schema\/person\/e4f85f52220fc7b4cc3cfdb86d88e833\",\"name\":\"Marin Saillofest\",\"image\":{\"@type\":\"ImageObject\",\"inLanguage\":\"fr-FR\",\"@id\":\"https:\/\/legrandcontinent.eu\/fr\/#\/schema\/person\/image\/\",\"url\":\"https:\/\/secure.gravatar.com\/avatar\/87088698b4d967390c49ae6d4f1aa459?s=96&d=mm&r=g\",\"contentUrl\":\"https:\/\/secure.gravatar.com\/avatar\/87088698b4d967390c49ae6d4f1aa459?s=96&d=mm&r=g\",\"caption\":\"Marin Saillofest\"}}]}<\/script>\n<!-- \/ Yoast SEO plugin. -->","yoast_head_json":{"title":"Le ministre des Affaires \u00e9trang\u00e8res espagnol d\u00e9clare que le rejet de l'accord Union-Mercosur serait une \u00abgrave erreur\u00bb | Le Grand Continent","robots":{"index":"index","follow":"follow","max-snippet":"max-snippet:-1","max-image-preview":"max-image-preview:large","max-video-preview":"max-video-preview:-1"},"canonical":"https:\/\/legrandcontinent.eu\/fr\/2024\/12\/04\/le-ministre-des-affaires-etrangeres-espagnol-declare-que-le-rejet-de-laccord-union-mercosur-serait-une-grave-erreur\/","og_locale":"fr_FR","og_type":"article","og_title":"Le ministre des Affaires \u00e9trang\u00e8res espagnol d\u00e9clare que le rejet de l'accord Union-Mercosur serait une \u00abgrave erreur\u00bb | Le Grand Continent","og_description":"S\u2019exprimant dans un entretien \u00e0 l\u2019occasion du Sommet Grand Continent, qui se tient du 4 au 6 d\u00e9cembre en Vall\u00e9e d\u2019Aoste, le chef de la diplomatie espagnole Jos\u00e9 Manuel Albares a d\u00e9clar\u00e9 que le rejet de l\u2019accord commercial Union-Mercosur rel\u00e8verait d\u2019une \u00ab&#160;grave erreur&#160;\u00bb. Les n\u00e9gociations, qui sont entr\u00e9es dans leur phase finale, pourraient mettre fin \u00e0 un quart de si\u00e8cle de discussions entre les 27 et l\u2019Am\u00e9rique du Sud.","og_url":"https:\/\/legrandcontinent.eu\/fr\/2024\/12\/04\/le-ministre-des-affaires-etrangeres-espagnol-declare-que-le-rejet-de-laccord-union-mercosur-serait-une-grave-erreur\/","og_site_name":"Le Grand Continent","article_published_time":"2024-12-04T19:49:59+00:00","article_modified_time":"2024-12-04T19:52:25+00:00","og_image":[{"width":1456,"height":814,"url":"https:\/\/legrandcontinent.eu\/fr\/wp-content\/uploads\/sites\/2\/2024\/12\/gc-share-albares-mercosur-summit.png","type":"image\/png"}],"author":"Marin Saillofest","twitter_card":"summary_large_image","twitter_image":"https:\/\/legrandcontinent.eu\/fr\/wp-content\/uploads\/sites\/2\/2024\/12\/gc-share-albares-mercosur-summit.png","twitter_misc":{"\u00c9crit par":"Marin Saillofest","Dur\u00e9e de lecture estim\u00e9e":"3 minutes"},"schema":{"@context":"https:\/\/schema.org","@graph":[{"@type":"WebPage","@id":"https:\/\/legrandcontinent.eu\/fr\/2024\/12\/04\/le-ministre-des-affaires-etrangeres-espagnol-declare-que-le-rejet-de-laccord-union-mercosur-serait-une-grave-erreur\/","url":"https:\/\/legrandcontinent.eu\/fr\/2024\/12\/04\/le-ministre-des-affaires-etrangeres-espagnol-declare-que-le-rejet-de-laccord-union-mercosur-serait-une-grave-erreur\/","name":"Le ministre des Affaires \u00e9trang\u00e8res espagnol d\u00e9clare que le rejet de l'accord Union-Mercosur serait une \u00abgrave erreur\u00bb | Le Grand Continent","isPartOf":{"@id":"https:\/\/legrandcontinent.eu\/fr\/#website"},"primaryImageOfPage":{"@id":"https:\/\/legrandcontinent.eu\/fr\/2024\/12\/04\/le-ministre-des-affaires-etrangeres-espagnol-declare-que-le-rejet-de-laccord-union-mercosur-serait-une-grave-erreur\/#primaryimage"},"image":{"@id":"https:\/\/legrandcontinent.eu\/fr\/2024\/12\/04\/le-ministre-des-affaires-etrangeres-espagnol-declare-que-le-rejet-de-laccord-union-mercosur-serait-une-grave-erreur\/#primaryimage"},"thumbnailUrl":"https:\/\/legrandcontinent.eu\/fr\/wp-content\/uploads\/sites\/2\/2024\/12\/gc-albares-mercosur-summit.png","datePublished":"2024-12-04T19:49:59+00:00","dateModified":"2024-12-04T19:52:25+00:00","author":{"@id":"https:\/\/legrandcontinent.eu\/fr\/#\/schema\/person\/e4f85f52220fc7b4cc3cfdb86d88e833"},"breadcrumb":{"@id":"https:\/\/legrandcontinent.eu\/fr\/2024\/12\/04\/le-ministre-des-affaires-etrangeres-espagnol-declare-que-le-rejet-de-laccord-union-mercosur-serait-une-grave-erreur\/#breadcrumb"},"inLanguage":"fr-FR","potentialAction":[{"@type":"ReadAction","target":["https:\/\/legrandcontinent.eu\/fr\/2024\/12\/04\/le-ministre-des-affaires-etrangeres-espagnol-declare-que-le-rejet-de-laccord-union-mercosur-serait-une-grave-erreur\/"]}]},{"@type":"ImageObject","inLanguage":"fr-FR","@id":"https:\/\/legrandcontinent.eu\/fr\/2024\/12\/04\/le-ministre-des-affaires-etrangeres-espagnol-declare-que-le-rejet-de-laccord-union-mercosur-serait-une-grave-erreur\/#primaryimage","url":"https:\/\/legrandcontinent.eu\/fr\/wp-content\/uploads\/sites\/2\/2024\/12\/gc-albares-mercosur-summit.png","contentUrl":"https:\/\/legrandcontinent.eu\/fr\/wp-content\/uploads\/sites\/2\/2024\/12\/gc-albares-mercosur-summit.png","width":1452,"height":812},{"@type":"BreadcrumbList","@id":"https:\/\/legrandcontinent.eu\/fr\/2024\/12\/04\/le-ministre-des-affaires-etrangeres-espagnol-declare-que-le-rejet-de-laccord-union-mercosur-serait-une-grave-erreur\/#breadcrumb","itemListElement":[{"@type":"ListItem","position":1,"name":"Accueil","item":"https:\/\/legrandcontinent.eu\/fr\/"},{"@type":"ListItem","position":2,"name":"Le ministre des Affaires \u00e9trang\u00e8res espagnol d\u00e9clare que le rejet de l&rsquo;accord Union-Mercosur serait une \u00ab&#160;grave erreur&#160;\u00bb"}]},{"@type":"WebSite","@id":"https:\/\/legrandcontinent.eu\/fr\/#website","url":"https:\/\/legrandcontinent.eu\/fr\/","name":"Le Grand Continent","description":"L&#039;\u00e9chelle pertinente","potentialAction":[{"@type":"SearchAction","target":{"@type":"EntryPoint","urlTemplate":"https:\/\/legrandcontinent.eu\/fr\/?s={search_term_string}"},"query-input":{"@type":"PropertyValueSpecification","valueRequired":true,"valueName":"search_term_string"}}],"inLanguage":"fr-FR"},{"@type":"Person","@id":"https:\/\/legrandcontinent.eu\/fr\/#\/schema\/person\/e4f85f52220fc7b4cc3cfdb86d88e833","name":"Marin Saillofest","image":{"@type":"ImageObject","inLanguage":"fr-FR","@id":"https:\/\/legrandcontinent.eu\/fr\/#\/schema\/person\/image\/","url":"https:\/\/secure.gravatar.com\/avatar\/87088698b4d967390c49ae6d4f1aa459?s=96&d=mm&r=g","contentUrl":"https:\/\/secure.gravatar.com\/avatar\/87088698b4d967390c49ae6d4f1aa459?s=96&d=mm&r=g","caption":"Marin Saillofest"}}]}},"lgc_categories":[{"id":1731,"name":"Politique","slug":"politique"}],"lgc_author":null,"feature_image_summary":{"url":"https:\/\/legrandcontinent.eu\/fr\/wp-content\/uploads\/sites\/2\/2024\/12\/gc-albares-mercosur-summit.png","width":1452,"height":812,"alt":""},"feature_image_cover":null,"term_position_data":null,"_links":{"self":[{"href":"https:\/\/legrandcontinent.eu\/fr\/wp-json\/wp\/v2\/posts\/253904","targetHints":{"allow":["GET"]}}],"collection":[{"href":"https:\/\/legrandcontinent.eu\/fr\/wp-json\/wp\/v2\/posts"}],"about":[{"href":"https:\/\/legrandcontinent.eu\/fr\/wp-json\/wp\/v2\/types\/post"}],"author":[{"embeddable":true,"href":"https:\/\/legrandcontinent.eu\/fr\/wp-json\/wp\/v2\/users\/2622"}],"replies":[{"embeddable":true,"href":"https:\/\/legrandcontinent.eu\/fr\/wp-json\/wp\/v2\/comments?post=253904"}],"version-history":[{"count":0,"href":"https:\/\/legrandcontinent.eu\/fr\/wp-json\/wp\/v2\/posts\/253904\/revisions"}],"wp:featuredmedia":[{"embeddable":true,"href":"https:\/\/legrandcontinent.eu\/fr\/wp-json\/wp\/v2\/media\/253908"}],"wp:attachment":[{"href":"https:\/\/legrandcontinent.eu\/fr\/wp-json\/wp\/v2\/media?parent=253904"}],"wp:term":[{"taxonomy":"category","embeddable":true,"href":"https:\/\/legrandcontinent.eu\/fr\/wp-json\/wp\/v2\/categories?post=253904"},{"taxonomy":"post_tag","embeddable":true,"href":"https:\/\/legrandcontinent.eu\/fr\/wp-json\/wp\/v2\/tags?post=253904"},{"taxonomy":"staff","embeddable":true,"href":"https:\/\/legrandcontinent.eu\/fr\/wp-json\/wp\/v2\/staff?post=253904"},{"taxonomy":"editorial_format","embeddable":true,"href":"https:\/\/legrandcontinent.eu\/fr\/wp-json\/wp\/v2\/editorial_format?post=253904"},{"taxonomy":"serie","embeddable":true,"href":"https:\/\/legrandcontinent.eu\/fr\/wp-json\/wp\/v2\/serie?post=253904"},{"taxonomy":"audience","embeddable":true,"href":"https:\/\/legrandcontinent.eu\/fr\/wp-json\/wp\/v2\/audience?post=253904"},{"taxonomy":"geo","embeddable":true,"href":"https:\/\/legrandcontinent.eu\/fr\/wp-json\/wp\/v2\/geo?post=253904"}],"curies":[{"name":"wp","href":"https:\/\/api.w.org\/{rel}","templated":true}]}}