{"id":249034,"date":"2024-10-21T18:25:22","date_gmt":"2024-10-21T16:25:22","guid":{"rendered":"https:\/\/legrandcontinent.eu\/fr\/?p=249034"},"modified":"2024-10-21T18:26:52","modified_gmt":"2024-10-21T16:26:52","slug":"ouverture-des-reunions-dautomne-des-institutions-financieres-internationales","status":"publish","type":"post","link":"https:\/\/legrandcontinent.eu\/fr\/2024\/10\/21\/ouverture-des-reunions-dautomne-des-institutions-financieres-internationales\/","title":{"rendered":"Ouverture des r\u00e9unions d\u2019automne des institutions financi\u00e8res internationales"},"content":{"rendered":"\n<p>Dans son aper\u00e7u de la teneur des \u00e9changes, la directrice g\u00e9n\u00e9rale du Fonds mon\u00e9taire international (FMI), Kristalina Georgieva, a insist\u00e9 sur le recul de l\u2019inflation \u00e0 l\u2019\u00e9chelle mondiale, d\u00fb notamment \u00e0 une combinaison de la politique mon\u00e9taire et \u00e0 l\u2019am\u00e9lioration des contraintes sur les cha\u00eenes d\u2019approvisionnement \u2014 la <a href=\"http:\/\/v\">Fed<\/a> et la <a href=\"https:\/\/legrandcontinent.eu\/fr\/2024\/10\/17\/la-bce-procede-a-une-troisieme-baisse-de-ses-taux-de-25-points-de-base\/\">BCE<\/a> ont entam\u00e9 une baisse de leurs taux d\u2019int\u00e9r\u00eats apr\u00e8s un cycle d\u2019une dizaine d\u2019augmentations successives entre 2022 et 2023.<\/p>\n\n\n\n<ul class=\"wp-block-list\">\n<li>Les discussions devraient porter notamment sur l\u2019impact du contexte g\u00e9opolitique sur les perspectives \u00e9conomiques mondiales et sur la \u00ab&#160;conjonction implacable de croissance faible et de dette \u00e9lev\u00e9e&#160;\u00bb.<\/li>\n\n\n\n<li>Selon un rapport du FMI publi\u00e9 le 15 octobre, la dette publique mondiale devrait atteindre le niveau record de 100 000 milliards de dollars d&rsquo;ici la fin de l\u2019ann\u00e9e, soit environ 93&#160;% du produit int\u00e9rieur brut mondial.<\/li>\n\n\n\n<li>L\u2019institution insiste sur le fait que la plupart des gouvernements doivent \u00e0 la fois r\u00e9duire leur endettement et reconstituer des marges de man\u0153uvre en vue du prochain choc, \u00ab&#160;qui se produira \u00e0 coup s\u00fbr, et peut-\u00eatre plus t\u00f4t que pr\u00e9vu&#160;\u00bb.<\/li>\n<\/ul>\n\n\n\n<div class=\"iframe-container wp-block-image wp-block-image-medium  iframe-dw\">\n\t<div>\n\t\t<iframe class=\"absolute w-full h-full pin-t pin-l\" title=\"titolo\" aria-label=\"Interactive line chart\" src=\"\/\/datawrapper.dwcdn.net\/v3lgk\" scrolling=\"no\" frameborder=\"0\"><\/iframe>\n\t<\/div>\n<\/div>\n\n\n\n<p>Dans le m\u00eame temps, dans la majorit\u00e9 des pays, la part des recettes publiques consacr\u00e9e aux paiements d&rsquo;int\u00e9r\u00eats ne cesse de cro\u00eetre, ce qui r\u00e9duit la marge de man\u0153uvre des gouvernements et la possibilit\u00e9 d\u2019investir dans des objectifs comme la transition \u00e9nerg\u00e9tique.&nbsp;<\/p>\n\n\n\n<ul class=\"wp-block-list\">\n<li>Au Canada, les int\u00e9r\u00eats de la dette f\u00e9d\u00e9rale absorbent pr\u00e8s d&rsquo;un quart des recettes de l&rsquo;imp\u00f4t sur le revenu en 2024&#160;;\u00a0<\/li>\n\n\n\n<li>Aux \u00c9tats-Unis, le gouvernement devrait <a href=\"https:\/\/legrandcontinent.eu\/fr\/2024\/09\/20\/a-partir-de-cette-annee-les-etats-unis-depensent-plus-pour-rembourser-leur-dette-que-pour-leur-defense\/\">d\u00e9penser cette ann\u00e9e plus pour payer ses int\u00e9r\u00eats que pour la d\u00e9fense<\/a>&#160;;<\/li>\n\n\n\n<li>En France, selon un rapport de la Commission des finances du S\u00e9nat, le remboursement des int\u00e9r\u00eats de la dette pourrait atteindre 72 milliards d&rsquo;euros en 2027, contre 46 milliards en 2024.<\/li>\n<\/ul>\n\n\n\n<div class=\"iframe-container wp-block-image wp-block-image-medium  iframe-dw\">\n\t<div>\n\t\t<iframe class=\"absolute w-full h-full pin-t pin-l\" title=\"titolo\" aria-label=\"Interactive line chart\" src=\"\/\/datawrapper.dwcdn.net\/Sc7XA\" scrolling=\"no\" frameborder=\"0\"><\/iframe>\n\t<\/div>\n<\/div>\n\n\n\n<p>Cette tendance touche particuli\u00e8rement les \u00e9conomies \u00e9mergentes&#160;: en 2023, 54 pays en d\u00e9veloppement ont d\u00e9pens\u00e9 10&#160;% ou plus de leur revenu total pour le service de la dette. Plus de 3 milliards de personnes vivent dans des pays o\u00f9 le service de la dette absorbe plus de ressources que l\u2019\u00e9ducation ou la sant\u00e9.<\/p>\n\n\n\n<div class=\"iframe-container wp-block-image wp-block-image-medium  iframe-dw\">\n\t<div>\n\t\t<iframe class=\"absolute w-full h-full pin-t pin-l\" title=\"titolo\" aria-label=\"Interactive line chart\" src=\"\/\/datawrapper.dwcdn.net\/okbdX\" scrolling=\"no\" frameborder=\"0\"><\/iframe>\n\t<\/div>\n<\/div>\n\n\n\n<ul class=\"wp-block-list\">\n<li>Alors que 67 pays ont d\u00e9j\u00e0 organis\u00e9 des \u00e9lections nationales en 2024 (un chiffre qui atteindra 76 d\u2019ici la fin de l\u2019ann\u00e9e), selon une \u00e9tude du FMI couvrant 65 pays, \u00ab&#160;les discours des responsables politiques privil\u00e9gient de plus en plus des orientations budg\u00e9taires expansionnistes&#160;\u00bb.<\/li>\n<\/ul>\n\n\n\n<p>Les pr\u00e9visions du FMI pour l\u2019\u00e9conomie mondiale seront publi\u00e9es demain, mardi 22 octobre. En juillet, le Fonds tablait sur une croissance de 3,2&#160;% en 2024 et de 3,3&#160;% en 2025.<\/p>\n","protected":false},"excerpt":{"rendered":"<p>\u00c0 partir d\u2019aujourd\u2019hui, lundi 21 octobre, et jusqu\u2019au samedi 26, se tiennent \u00e0 Washington les r\u00e9unions d\u2019automne de la Banque mondiale et du Fonds mon\u00e9taire international. Celles-ci r\u00e9uniront, dans un contexte \u00e9conomique fragile, rendu particuli\u00e8rement incertain par les \u00e9lections am\u00e9ricaines de novembre, des ministres des Finances, des gouverneurs de banques centrales et des repr\u00e9sentants de la soci\u00e9t\u00e9 civile du monde entier.<\/p>\n","protected":false},"author":2622,"featured_media":249039,"comment_status":"closed","ping_status":"closed","sticky":false,"template":"templates\/post-briefings.php","format":"standard","meta":{"_acf_changed":false,"_trash_the_other_posts":false,"_yoast_wpseo_estimated-reading-time-minutes":3,"footnotes":""},"categories":[1727],"tags":[],"staff":[],"editorial_format":[],"serie":[],"audience":[],"geo":[525],"class_list":["post-249034","post","type-post","status-publish","format-standard","hentry","category-economie","geo-ameriques"],"acf":{"open_in_webview":false,"accent":false},"yoast_head":"<!-- This site is optimized with the Yoast SEO plugin v26.1.1 - https:\/\/yoast.com\/wordpress\/plugins\/seo\/ -->\n<title>Ouverture des r\u00e9unions d\u2019automne des institutions financi\u00e8res internationales | Le Grand Continent<\/title>\n<meta name=\"robots\" content=\"index, follow, max-snippet:-1, max-image-preview:large, max-video-preview:-1\" \/>\n<link rel=\"canonical\" href=\"https:\/\/legrandcontinent.eu\/fr\/2024\/10\/21\/ouverture-des-reunions-dautomne-des-institutions-financieres-internationales\/\" \/>\n<meta property=\"og:locale\" content=\"fr_FR\" \/>\n<meta property=\"og:type\" content=\"article\" \/>\n<meta property=\"og:title\" content=\"Ouverture des r\u00e9unions d\u2019automne des institutions financi\u00e8res internationales | Le Grand Continent\" \/>\n<meta property=\"og:description\" content=\"\u00c0 partir d\u2019aujourd\u2019hui, lundi 21 octobre, et jusqu\u2019au samedi 26, se tiennent \u00e0 Washington les r\u00e9unions d\u2019automne de la Banque mondiale et du Fonds mon\u00e9taire international. Celles-ci r\u00e9uniront, dans un contexte \u00e9conomique fragile, rendu particuli\u00e8rement incertain par les \u00e9lections am\u00e9ricaines de novembre, des ministres des Finances, des gouverneurs de banques centrales et des repr\u00e9sentants de la soci\u00e9t\u00e9 civile du monde entier.\" \/>\n<meta property=\"og:url\" content=\"https:\/\/legrandcontinent.eu\/fr\/2024\/10\/21\/ouverture-des-reunions-dautomne-des-institutions-financieres-internationales\/\" \/>\n<meta property=\"og:site_name\" content=\"Le Grand Continent\" \/>\n<meta property=\"article:published_time\" content=\"2024-10-21T16:25:22+00:00\" \/>\n<meta property=\"article:modified_time\" content=\"2024-10-21T16:26:52+00:00\" \/>\n<meta property=\"og:image\" content=\"https:\/\/legrandcontinent.eu\/fr\/wp-content\/uploads\/sites\/2\/2024\/10\/gc-share-reunions-automne-FMI-BM.png\" \/>\n\t<meta property=\"og:image:width\" content=\"1754\" \/>\n\t<meta property=\"og:image:height\" content=\"980\" \/>\n\t<meta property=\"og:image:type\" content=\"image\/png\" \/>\n<meta name=\"author\" content=\"Marin Saillofest\" \/>\n<meta name=\"twitter:card\" content=\"summary_large_image\" \/>\n<meta name=\"twitter:image\" content=\"https:\/\/legrandcontinent.eu\/fr\/wp-content\/uploads\/sites\/2\/2024\/10\/gc-share-reunions-automne-FMI-BM.png\" \/>\n<meta name=\"twitter:label1\" content=\"\u00c9crit par\" \/>\n\t<meta name=\"twitter:data1\" content=\"Marin Saillofest\" \/>\n\t<meta name=\"twitter:label2\" content=\"Dur\u00e9e de lecture estim\u00e9e\" \/>\n\t<meta name=\"twitter:data2\" content=\"3 minutes\" \/>\n<script type=\"application\/ld+json\" class=\"yoast-schema-graph\">{\"@context\":\"https:\/\/schema.org\",\"@graph\":[{\"@type\":\"WebPage\",\"@id\":\"https:\/\/legrandcontinent.eu\/fr\/2024\/10\/21\/ouverture-des-reunions-dautomne-des-institutions-financieres-internationales\/\",\"url\":\"https:\/\/legrandcontinent.eu\/fr\/2024\/10\/21\/ouverture-des-reunions-dautomne-des-institutions-financieres-internationales\/\",\"name\":\"Ouverture des r\u00e9unions d\u2019automne des institutions financi\u00e8res internationales | Le Grand Continent\",\"isPartOf\":{\"@id\":\"https:\/\/legrandcontinent.eu\/fr\/#website\"},\"primaryImageOfPage\":{\"@id\":\"https:\/\/legrandcontinent.eu\/fr\/2024\/10\/21\/ouverture-des-reunions-dautomne-des-institutions-financieres-internationales\/#primaryimage\"},\"image\":{\"@id\":\"https:\/\/legrandcontinent.eu\/fr\/2024\/10\/21\/ouverture-des-reunions-dautomne-des-institutions-financieres-internationales\/#primaryimage\"},\"thumbnailUrl\":\"https:\/\/legrandcontinent.eu\/fr\/wp-content\/uploads\/sites\/2\/2024\/10\/gc-reunions-automne-FMI-BM.png\",\"datePublished\":\"2024-10-21T16:25:22+00:00\",\"dateModified\":\"2024-10-21T16:26:52+00:00\",\"author\":{\"@id\":\"https:\/\/legrandcontinent.eu\/fr\/#\/schema\/person\/e4f85f52220fc7b4cc3cfdb86d88e833\"},\"breadcrumb\":{\"@id\":\"https:\/\/legrandcontinent.eu\/fr\/2024\/10\/21\/ouverture-des-reunions-dautomne-des-institutions-financieres-internationales\/#breadcrumb\"},\"inLanguage\":\"fr-FR\",\"potentialAction\":[{\"@type\":\"ReadAction\",\"target\":[\"https:\/\/legrandcontinent.eu\/fr\/2024\/10\/21\/ouverture-des-reunions-dautomne-des-institutions-financieres-internationales\/\"]}]},{\"@type\":\"ImageObject\",\"inLanguage\":\"fr-FR\",\"@id\":\"https:\/\/legrandcontinent.eu\/fr\/2024\/10\/21\/ouverture-des-reunions-dautomne-des-institutions-financieres-internationales\/#primaryimage\",\"url\":\"https:\/\/legrandcontinent.eu\/fr\/wp-content\/uploads\/sites\/2\/2024\/10\/gc-reunions-automne-FMI-BM.png\",\"contentUrl\":\"https:\/\/legrandcontinent.eu\/fr\/wp-content\/uploads\/sites\/2\/2024\/10\/gc-reunions-automne-FMI-BM.png\",\"width\":1742,\"height\":978},{\"@type\":\"BreadcrumbList\",\"@id\":\"https:\/\/legrandcontinent.eu\/fr\/2024\/10\/21\/ouverture-des-reunions-dautomne-des-institutions-financieres-internationales\/#breadcrumb\",\"itemListElement\":[{\"@type\":\"ListItem\",\"position\":1,\"name\":\"Accueil\",\"item\":\"https:\/\/legrandcontinent.eu\/fr\/\"},{\"@type\":\"ListItem\",\"position\":2,\"name\":\"Ouverture des r\u00e9unions d\u2019automne des institutions financi\u00e8res internationales\"}]},{\"@type\":\"WebSite\",\"@id\":\"https:\/\/legrandcontinent.eu\/fr\/#website\",\"url\":\"https:\/\/legrandcontinent.eu\/fr\/\",\"name\":\"Le Grand Continent\",\"description\":\"L&#039;\u00e9chelle pertinente\",\"potentialAction\":[{\"@type\":\"SearchAction\",\"target\":{\"@type\":\"EntryPoint\",\"urlTemplate\":\"https:\/\/legrandcontinent.eu\/fr\/?s={search_term_string}\"},\"query-input\":{\"@type\":\"PropertyValueSpecification\",\"valueRequired\":true,\"valueName\":\"search_term_string\"}}],\"inLanguage\":\"fr-FR\"},{\"@type\":\"Person\",\"@id\":\"https:\/\/legrandcontinent.eu\/fr\/#\/schema\/person\/e4f85f52220fc7b4cc3cfdb86d88e833\",\"name\":\"Marin Saillofest\",\"image\":{\"@type\":\"ImageObject\",\"inLanguage\":\"fr-FR\",\"@id\":\"https:\/\/legrandcontinent.eu\/fr\/#\/schema\/person\/image\/\",\"url\":\"https:\/\/secure.gravatar.com\/avatar\/87088698b4d967390c49ae6d4f1aa459?s=96&d=mm&r=g\",\"contentUrl\":\"https:\/\/secure.gravatar.com\/avatar\/87088698b4d967390c49ae6d4f1aa459?s=96&d=mm&r=g\",\"caption\":\"Marin Saillofest\"}}]}<\/script>\n<!-- \/ Yoast SEO plugin. -->","yoast_head_json":{"title":"Ouverture des r\u00e9unions d\u2019automne des institutions financi\u00e8res internationales | Le Grand Continent","robots":{"index":"index","follow":"follow","max-snippet":"max-snippet:-1","max-image-preview":"max-image-preview:large","max-video-preview":"max-video-preview:-1"},"canonical":"https:\/\/legrandcontinent.eu\/fr\/2024\/10\/21\/ouverture-des-reunions-dautomne-des-institutions-financieres-internationales\/","og_locale":"fr_FR","og_type":"article","og_title":"Ouverture des r\u00e9unions d\u2019automne des institutions financi\u00e8res internationales | Le Grand Continent","og_description":"\u00c0 partir d\u2019aujourd\u2019hui, lundi 21 octobre, et jusqu\u2019au samedi 26, se tiennent \u00e0 Washington les r\u00e9unions d\u2019automne de la Banque mondiale et du Fonds mon\u00e9taire international. Celles-ci r\u00e9uniront, dans un contexte \u00e9conomique fragile, rendu particuli\u00e8rement incertain par les \u00e9lections am\u00e9ricaines de novembre, des ministres des Finances, des gouverneurs de banques centrales et des repr\u00e9sentants de la soci\u00e9t\u00e9 civile du monde entier.","og_url":"https:\/\/legrandcontinent.eu\/fr\/2024\/10\/21\/ouverture-des-reunions-dautomne-des-institutions-financieres-internationales\/","og_site_name":"Le Grand Continent","article_published_time":"2024-10-21T16:25:22+00:00","article_modified_time":"2024-10-21T16:26:52+00:00","og_image":[{"width":1754,"height":980,"url":"https:\/\/legrandcontinent.eu\/fr\/wp-content\/uploads\/sites\/2\/2024\/10\/gc-share-reunions-automne-FMI-BM.png","type":"image\/png"}],"author":"Marin Saillofest","twitter_card":"summary_large_image","twitter_image":"https:\/\/legrandcontinent.eu\/fr\/wp-content\/uploads\/sites\/2\/2024\/10\/gc-share-reunions-automne-FMI-BM.png","twitter_misc":{"\u00c9crit par":"Marin Saillofest","Dur\u00e9e de lecture estim\u00e9e":"3 minutes"},"schema":{"@context":"https:\/\/schema.org","@graph":[{"@type":"WebPage","@id":"https:\/\/legrandcontinent.eu\/fr\/2024\/10\/21\/ouverture-des-reunions-dautomne-des-institutions-financieres-internationales\/","url":"https:\/\/legrandcontinent.eu\/fr\/2024\/10\/21\/ouverture-des-reunions-dautomne-des-institutions-financieres-internationales\/","name":"Ouverture des r\u00e9unions d\u2019automne des institutions financi\u00e8res internationales | Le Grand Continent","isPartOf":{"@id":"https:\/\/legrandcontinent.eu\/fr\/#website"},"primaryImageOfPage":{"@id":"https:\/\/legrandcontinent.eu\/fr\/2024\/10\/21\/ouverture-des-reunions-dautomne-des-institutions-financieres-internationales\/#primaryimage"},"image":{"@id":"https:\/\/legrandcontinent.eu\/fr\/2024\/10\/21\/ouverture-des-reunions-dautomne-des-institutions-financieres-internationales\/#primaryimage"},"thumbnailUrl":"https:\/\/legrandcontinent.eu\/fr\/wp-content\/uploads\/sites\/2\/2024\/10\/gc-reunions-automne-FMI-BM.png","datePublished":"2024-10-21T16:25:22+00:00","dateModified":"2024-10-21T16:26:52+00:00","author":{"@id":"https:\/\/legrandcontinent.eu\/fr\/#\/schema\/person\/e4f85f52220fc7b4cc3cfdb86d88e833"},"breadcrumb":{"@id":"https:\/\/legrandcontinent.eu\/fr\/2024\/10\/21\/ouverture-des-reunions-dautomne-des-institutions-financieres-internationales\/#breadcrumb"},"inLanguage":"fr-FR","potentialAction":[{"@type":"ReadAction","target":["https:\/\/legrandcontinent.eu\/fr\/2024\/10\/21\/ouverture-des-reunions-dautomne-des-institutions-financieres-internationales\/"]}]},{"@type":"ImageObject","inLanguage":"fr-FR","@id":"https:\/\/legrandcontinent.eu\/fr\/2024\/10\/21\/ouverture-des-reunions-dautomne-des-institutions-financieres-internationales\/#primaryimage","url":"https:\/\/legrandcontinent.eu\/fr\/wp-content\/uploads\/sites\/2\/2024\/10\/gc-reunions-automne-FMI-BM.png","contentUrl":"https:\/\/legrandcontinent.eu\/fr\/wp-content\/uploads\/sites\/2\/2024\/10\/gc-reunions-automne-FMI-BM.png","width":1742,"height":978},{"@type":"BreadcrumbList","@id":"https:\/\/legrandcontinent.eu\/fr\/2024\/10\/21\/ouverture-des-reunions-dautomne-des-institutions-financieres-internationales\/#breadcrumb","itemListElement":[{"@type":"ListItem","position":1,"name":"Accueil","item":"https:\/\/legrandcontinent.eu\/fr\/"},{"@type":"ListItem","position":2,"name":"Ouverture des r\u00e9unions d\u2019automne des institutions financi\u00e8res internationales"}]},{"@type":"WebSite","@id":"https:\/\/legrandcontinent.eu\/fr\/#website","url":"https:\/\/legrandcontinent.eu\/fr\/","name":"Le Grand Continent","description":"L&#039;\u00e9chelle pertinente","potentialAction":[{"@type":"SearchAction","target":{"@type":"EntryPoint","urlTemplate":"https:\/\/legrandcontinent.eu\/fr\/?s={search_term_string}"},"query-input":{"@type":"PropertyValueSpecification","valueRequired":true,"valueName":"search_term_string"}}],"inLanguage":"fr-FR"},{"@type":"Person","@id":"https:\/\/legrandcontinent.eu\/fr\/#\/schema\/person\/e4f85f52220fc7b4cc3cfdb86d88e833","name":"Marin Saillofest","image":{"@type":"ImageObject","inLanguage":"fr-FR","@id":"https:\/\/legrandcontinent.eu\/fr\/#\/schema\/person\/image\/","url":"https:\/\/secure.gravatar.com\/avatar\/87088698b4d967390c49ae6d4f1aa459?s=96&d=mm&r=g","contentUrl":"https:\/\/secure.gravatar.com\/avatar\/87088698b4d967390c49ae6d4f1aa459?s=96&d=mm&r=g","caption":"Marin Saillofest"}}]}},"lgc_categories":[{"id":1727,"name":"\u00c9conomie","slug":"economie"}],"lgc_author":null,"feature_image_summary":{"url":"https:\/\/legrandcontinent.eu\/fr\/wp-content\/uploads\/sites\/2\/2024\/10\/gc-reunions-automne-FMI-BM.png","width":1742,"height":978,"alt":""},"feature_image_cover":null,"term_position_data":null,"_links":{"self":[{"href":"https:\/\/legrandcontinent.eu\/fr\/wp-json\/wp\/v2\/posts\/249034","targetHints":{"allow":["GET"]}}],"collection":[{"href":"https:\/\/legrandcontinent.eu\/fr\/wp-json\/wp\/v2\/posts"}],"about":[{"href":"https:\/\/legrandcontinent.eu\/fr\/wp-json\/wp\/v2\/types\/post"}],"author":[{"embeddable":true,"href":"https:\/\/legrandcontinent.eu\/fr\/wp-json\/wp\/v2\/users\/2622"}],"replies":[{"embeddable":true,"href":"https:\/\/legrandcontinent.eu\/fr\/wp-json\/wp\/v2\/comments?post=249034"}],"version-history":[{"count":0,"href":"https:\/\/legrandcontinent.eu\/fr\/wp-json\/wp\/v2\/posts\/249034\/revisions"}],"wp:featuredmedia":[{"embeddable":true,"href":"https:\/\/legrandcontinent.eu\/fr\/wp-json\/wp\/v2\/media\/249039"}],"wp:attachment":[{"href":"https:\/\/legrandcontinent.eu\/fr\/wp-json\/wp\/v2\/media?parent=249034"}],"wp:term":[{"taxonomy":"category","embeddable":true,"href":"https:\/\/legrandcontinent.eu\/fr\/wp-json\/wp\/v2\/categories?post=249034"},{"taxonomy":"post_tag","embeddable":true,"href":"https:\/\/legrandcontinent.eu\/fr\/wp-json\/wp\/v2\/tags?post=249034"},{"taxonomy":"staff","embeddable":true,"href":"https:\/\/legrandcontinent.eu\/fr\/wp-json\/wp\/v2\/staff?post=249034"},{"taxonomy":"editorial_format","embeddable":true,"href":"https:\/\/legrandcontinent.eu\/fr\/wp-json\/wp\/v2\/editorial_format?post=249034"},{"taxonomy":"serie","embeddable":true,"href":"https:\/\/legrandcontinent.eu\/fr\/wp-json\/wp\/v2\/serie?post=249034"},{"taxonomy":"audience","embeddable":true,"href":"https:\/\/legrandcontinent.eu\/fr\/wp-json\/wp\/v2\/audience?post=249034"},{"taxonomy":"geo","embeddable":true,"href":"https:\/\/legrandcontinent.eu\/fr\/wp-json\/wp\/v2\/geo?post=249034"}],"curies":[{"name":"wp","href":"https:\/\/api.w.org\/{rel}","templated":true}]}}